{"id":3988,"date":"2025-04-04T05:32:36","date_gmt":"2025-04-04T05:32:36","guid":{"rendered":"https:\/\/casaruralconperrosgirona.com\/tot-esta-be\/"},"modified":"2025-04-04T05:32:36","modified_gmt":"2025-04-04T05:32:36","slug":"tot-esta-be","status":"publish","type":"post","link":"https:\/\/mastorrencito.com\/cat\/tot-esta-be\/","title":{"rendered":"Tot est\u00e0 b\u00e9&#8230;????"},"content":{"rendered":"\n<h6 class=\"wp-block-heading\">Hi ha dies en qu\u00e8 un s&#8217;aixeca i pensa: <em>\u201cAix\u00f2 va de deb\u00f2 o m&#8217;estic despertant dins d&#8217;una broma c\u00f2smica molt mal explicada?\u201d<\/em> <\/h6>\n\n<p>Perqu\u00e8 darrerament, entre la saturaci\u00f3 de not\u00edcies, els preus absurds i la passivitat col\u00b7lectiva, tinc la sensaci\u00f3 d&#8217;estar veient el final d&#8217;una s\u00e8rie que va comen\u00e7ar com a com\u00e8dia i va acabar al thriller psicol\u00f2gic.<\/p>\n\n<p>Corrupci\u00f3 a l&#8217;estil b\u00e8stia, sense l\u00edmits, sense vergonya, i en tots els colors de l&#8217;espectre pol\u00edtic. Govern rere govern, cadascun amb la seva guerra bruta particular, com si ser m\u00e9s rastrer fos un \u00e8xit. Mentrestant, els delinq\u00fcents passegen lliures, tranquils, fins i tot amb aires d&#8217;influencers. I el sistema judicial\u2026 millor ni parlar-ne. Un desprop\u00f2sit tan descarat que fins i tot els mems es queden curts.    <\/p>\n\n<p>I despr\u00e9s hi ha els preus. Ai, els preus! Anar a comprar pa s&#8217;ha tornat un acte de valentia Arribes al s\u00faper, veus que queden dues barres, agafar\u00e0s una r\u00e0pida, com si fos or, i en caixa et deixen anar: <em>\u201c3,85\u20ac\u201d<\/em> Per un pa que est\u00e0 cruixent o justificar-lo.     <\/p>\n\n<p>Comprar un cotxe nou \u00e9s una altra lliga. Tot ha pujat m\u00ednim 6.000 euros i ning\u00fa no t&#8217;explica per qu\u00e8. \u00c9s simplement \u201cel que hi ha\u201d. I si no t&#8217;agrada, doncs mala sort, paga o camina.   <\/p>\n\n<p>Per\u00f2 el que ja frega el que \u00e9s absurd, el que realment em fa cridar en silenci per dins\u2026 \u00e9s que JO TINC QUATRE GOSSOS.<\/p>\n<figure class=\"wp-block-post-featured-image\"><img fetchpriority=\"high\" decoding=\"async\" width=\"1024\" height=\"1024\" src=\"https:\/\/mastorrencito.com\/cat\/wp-content\/uploads\/sites\/3\/desanimo.jpg\" class=\"attachment-post-thumbnail size-post-thumbnail wp-post-image\" alt=\"Esta todo bien? Yo creo que esta hecho una mierda by MasTorrencito\" style=\"object-fit:cover;\" srcset=\"https:\/\/mastorrencito.com\/cat\/wp-content\/uploads\/sites\/3\/desanimo.jpg 1024w, https:\/\/mastorrencito.com\/cat\/wp-content\/uploads\/sites\/3\/desanimo-300x300.jpg 300w, https:\/\/mastorrencito.com\/cat\/wp-content\/uploads\/sites\/3\/desanimo-150x150.jpg 150w, https:\/\/mastorrencito.com\/cat\/wp-content\/uploads\/sites\/3\/desanimo-768x768.jpg 768w\" sizes=\"(max-width: 1024px) 100vw, 1024px\" \/><\/figure>\n<p>S\u00ed, vas llegir b\u00e9: <strong>quatre<\/strong> . Quatre peluts bonics, lleials, adorables\u2026 i cadasc\u00fa amb el seu propi pressupost anual m\u00e9s alt que un estudiant universitari. Perqu\u00e8 ara tenir un gos no \u00e9s tenir una mascota: \u00e9s tenir una hipoteca amb potes.  <\/p>\n\n<p>Un exemple: <strong>una pastilla de Bravecto perqu\u00e8 no se&#8217;ls mengin les puces. Per<\/strong> <strong>gos<\/strong> <strong>.<\/strong> De deb\u00f2 les mascotes segueixen tenint el mateix tipus d&#8217;IVA que un rellotge de luxe? A qui se li acudeix?    <\/p>\n\n<p>I compte, que no parlo de capricis. No els estic comprant sabatilles Gucci ni collarets de diamants. Parlo de coses b\u00e0siques: desparasitaci\u00f3, pinso decent, una visita al veterinari sense que et caigui un rony\u00f3 de l&#8217;ensurt.  <\/p>\n\n<p>Mentrestant, els genis del m\u00f3n segueixen aqu\u00ed: Trump dient el que se li canta i Elon Musk jugant a ser Tony Stark per\u00f2 sense filtre ni edici\u00f3. Tot en una realitat cada vegada m\u00e9s rid\u00edcula, on el que \u00e9s l\u00f2gic \u00e9s el que \u00e9s estrany i el que \u00e9s absurd \u00e9s el que \u00e9s nou normal. <\/p>\n\n<p>I la gent\u2026 res. Callada. Aguantant. Com si tot aix\u00f2 fos part del pack de viure al segle XXI. Ning\u00fa protesta, ning\u00fa no aixeca la veu. Ens han ficat en una olla a foc lent i ja ni notem la calor.     <\/p>\n\n<p>Aix\u00ed que s\u00ed. Tot b\u00e9, tot correcte\u2026 <br \/><strong>I jo amb quatre gossos.<\/strong><\/p>\n\n<hr class=\"wp-block-separator has-alpha-channel-opacity\" \/>\n\n<p><\/p>\n\n<h2 class=\"wp-block-heading\">REFLEXIO<\/h2>\n\n<hr class=\"wp-block-separator has-alpha-channel-opacity\" \/>\n\n<p>Vivim en una societat que s&#8217;ha trencat per dins, per\u00f2 continua somrient per a les fotos.<\/p>\n\n<p>Ens han ensenyat a callar, a aguantar, a pagar sense dir ni piu. A empassar-nos la frustraci\u00f3 com si fos part del men\u00fa diari. A normalitzar all\u00f2 absurd: que una pastilla per al teu gos costi el mateix que un sopar decent. Que el pa sigui gaireb\u00e9 un luxe. Que tenir un sostre digne sembli un privilegi, no pas un dret.    <\/p>\n\n<p>Ens volen tranquils, entretinguts, amb el cap cot. Distrets amb pantalles mentre la realitat ens mossega els talons. I el pitjor \u00e9s que ho estan aconseguint.  <\/p>\n\n<p>Els preus pugen, l&#8217;empatia baixa. La corrupci\u00f3 \u00e9s descarada, la just\u00edcia \u00e9s selectiva. El sistema no protegeix, espremeu. I si protestes, ets un exagerat. Si et queixes, un rondinaire. Si penses, un problema.     <\/p>\n\n<p>Tenir un gos hauria de ser una alegria, no pas una c\u00e0rrega financera. Per\u00f2 fins i tot aix\u00f2 ho han contaminat. L&#8217;han convertit en un altre negoci, un altre impost, una altra manera de recordar-te que res no \u00e9s gratis, ni tan sols l&#8217;afecte.  <\/p>\n\n<p>I no obstant, seguim. Perqu\u00e8 els volem. Perqu\u00e8 no ens rendim del tot. Perqu\u00e8 encara hi ha coses \u2014i \u00e9ssers\u2014 pels quals val la pena bancar-s&#8217;ho una mica m\u00e9s.   <\/p>\n\n<p>Per\u00f2 no confonguem resist\u00e8ncia amb submissi\u00f3.<\/p>\n\n<p>Perqu\u00e8 callar no \u00e9s madurar. Aguantar no \u00e9s normal. I viure amb por al preu de la propera compra no \u00e9s vida.  <\/p>\n\n<p>Aix\u00f2 no \u00e9s sostenibilitat.<br \/> Aix\u00f2 \u00e9s ab\u00fas amb WiFi.<\/p>\n\n<p>I ja \u00e9s hora de deixar de fingir que est\u00e0 tot b\u00e9.<\/p>\n\n<hr class=\"wp-block-separator has-alpha-channel-opacity\" \/>\n\n<blockquote class=\"wp-block-quote is-layout-flow wp-block-quote-is-layout-flow\">\n<p>Des de MasTorrencito et desitgem un bon dia i que els teus gossos t&#8217;acompanyin!!<\/p>\n<\/blockquote>\n\n<p>\u2014\u2013<br \/> Si vols, pot veure els nostres <strong>bons per caps de setmana, bons jubilats<\/strong> , a un preu incre\u00efble.. entra a <a href=\"https:\/\/www.mastorrencito.com\/\">www.mastorrencito.com<\/a> o si vols podeu llegir m\u00e9s hist\u00f2ria i an\u00e8cdotes que ens <a href=\"https:\/\/mastorrencito.com\/es\/\">han<\/a> passat a MasTorrencito\u2026<\/p>\n","protected":false},"excerpt":{"rendered":"<p>Hi ha dies en qu\u00e8 un s&#8217;aixeca i pensa: \u201cAix\u00f2 va de deb\u00f2 o m&#8217;estic despertant dins d&#8217;una broma c\u00f2smica molt mal explicada?\u201d Perqu\u00e8 darrerament, entre la saturaci\u00f3 de not\u00edcies, els preus absurds i la passivitat col\u00b7lectiva, tinc la sensaci\u00f3 d&#8217;estar veient el final d&#8217;una s\u00e8rie que va comen\u00e7ar com a com\u00e8dia i va acabar [&hellip;]<\/p>\n","protected":false},"author":2,"featured_media":3984,"comment_status":"open","ping_status":"closed","sticky":false,"template":"","format":"standard","meta":{"_acf_changed":false,"footnotes":""},"categories":[35],"tags":[],"class_list":["post-3988","post","type-post","status-publish","format-standard","has-post-thumbnail","hentry","category-histories-mastorrencito"],"yoast_head":"<!-- This site is optimized with the Yoast SEO Premium plugin v27.3 (Yoast SEO v27.5) - https:\/\/yoast.com\/product\/yoast-seo-premium-wordpress\/ -->\n<title>Tot est\u00e0 b\u00e9...???? - Mas Torrencito CAT<\/title>\n<meta name=\"description\" content=\"Est\u00e0 tot b\u00e9, o per contra aquesta tot fet una merda? Jo crec que el segon... Per\u00f2 b\u00e9... ja es veur\u00e0....\" \/>\n<meta name=\"robots\" content=\"index, follow, max-snippet:-1, max-image-preview:large, max-video-preview:-1\" \/>\n<link rel=\"canonical\" href=\"https:\/\/mastorrencito.com\/cat\/tot-esta-be\/\" \/>\n<meta property=\"og:locale\" content=\"es_ES\" \/>\n<meta property=\"og:type\" content=\"article\" \/>\n<meta property=\"og:title\" content=\"Tot est\u00e0 b\u00e9...????\" \/>\n<meta property=\"og:description\" content=\"Est\u00e0 tot b\u00e9, o per contra aquesta tot fet una merda? Jo crec que el segon... Per\u00f2 b\u00e9... ja es veur\u00e0....\" \/>\n<meta property=\"og:url\" content=\"https:\/\/mastorrencito.com\/cat\/tot-esta-be\/\" \/>\n<meta property=\"og:site_name\" content=\"Mas Torrencito CAT\" \/>\n<meta property=\"article:published_time\" content=\"2025-04-04T05:32:36+00:00\" \/>\n<meta property=\"og:image\" content=\"https:\/\/mastorrencito.com\/cat\/wp-content\/uploads\/sites\/3\/desanimo.jpg\" \/>\n\t<meta property=\"og:image:width\" content=\"1024\" \/>\n\t<meta property=\"og:image:height\" content=\"1024\" \/>\n\t<meta property=\"og:image:type\" content=\"image\/jpeg\" \/>\n<meta name=\"author\" content=\"Mastorrencito\" \/>\n<meta name=\"twitter:card\" content=\"summary_large_image\" \/>\n<meta name=\"twitter:label1\" content=\"Escrito por\" \/>\n\t<meta name=\"twitter:data1\" content=\"Mastorrencito\" \/>\n\t<meta name=\"twitter:label2\" content=\"Tiempo de lectura\" \/>\n\t<meta name=\"twitter:data2\" content=\"4 minutos\" \/>\n<script type=\"application\/ld+json\" class=\"yoast-schema-graph\">{\"@context\":\"https:\\\/\\\/schema.org\",\"@graph\":[{\"@type\":\"Article\",\"@id\":\"https:\\\/\\\/mastorrencito.com\\\/cat\\\/tot-esta-be\\\/#article\",\"isPartOf\":{\"@id\":\"https:\\\/\\\/mastorrencito.com\\\/cat\\\/tot-esta-be\\\/\"},\"author\":{\"name\":\"Mastorrencito\",\"@id\":\"https:\\\/\\\/mastorrencito.com\\\/#\\\/schema\\\/person\\\/18c619be80d4ae2667c702911625f790\"},\"headline\":\"Tot est\u00e0 b\u00e9&#8230;????\",\"datePublished\":\"2025-04-04T05:32:36+00:00\",\"mainEntityOfPage\":{\"@id\":\"https:\\\/\\\/mastorrencito.com\\\/cat\\\/tot-esta-be\\\/\"},\"wordCount\":817,\"commentCount\":0,\"publisher\":{\"@id\":\"https:\\\/\\\/mastorrencito.com\\\/#organization\"},\"image\":{\"@id\":\"https:\\\/\\\/mastorrencito.com\\\/cat\\\/tot-esta-be\\\/#primaryimage\"},\"thumbnailUrl\":\"https:\\\/\\\/mastorrencito.com\\\/cat\\\/wp-content\\\/uploads\\\/sites\\\/3\\\/desanimo.jpg\",\"articleSection\":[\"Hist\u00f2ries Mastorrencito\"],\"inLanguage\":\"es\",\"potentialAction\":[{\"@type\":\"CommentAction\",\"name\":\"Comment\",\"target\":[\"https:\\\/\\\/mastorrencito.com\\\/cat\\\/tot-esta-be\\\/#respond\"]}]},{\"@type\":\"WebPage\",\"@id\":\"https:\\\/\\\/mastorrencito.com\\\/cat\\\/tot-esta-be\\\/\",\"url\":\"https:\\\/\\\/mastorrencito.com\\\/cat\\\/tot-esta-be\\\/\",\"name\":\"Tot est\u00e0 b\u00e9...???? - Mas Torrencito CAT\",\"isPartOf\":{\"@id\":\"https:\\\/\\\/mastorrencito.com\\\/#website\"},\"primaryImageOfPage\":{\"@id\":\"https:\\\/\\\/mastorrencito.com\\\/cat\\\/tot-esta-be\\\/#primaryimage\"},\"image\":{\"@id\":\"https:\\\/\\\/mastorrencito.com\\\/cat\\\/tot-esta-be\\\/#primaryimage\"},\"thumbnailUrl\":\"https:\\\/\\\/mastorrencito.com\\\/cat\\\/wp-content\\\/uploads\\\/sites\\\/3\\\/desanimo.jpg\",\"datePublished\":\"2025-04-04T05:32:36+00:00\",\"description\":\"Est\u00e0 tot b\u00e9, o per contra aquesta tot fet una merda? Jo crec que el segon... Per\u00f2 b\u00e9... ja es veur\u00e0....\",\"breadcrumb\":{\"@id\":\"https:\\\/\\\/mastorrencito.com\\\/cat\\\/tot-esta-be\\\/#breadcrumb\"},\"inLanguage\":\"es\",\"potentialAction\":[{\"@type\":\"ReadAction\",\"target\":[\"https:\\\/\\\/mastorrencito.com\\\/cat\\\/tot-esta-be\\\/\"]}]},{\"@type\":\"ImageObject\",\"inLanguage\":\"es\",\"@id\":\"https:\\\/\\\/mastorrencito.com\\\/cat\\\/tot-esta-be\\\/#primaryimage\",\"url\":\"https:\\\/\\\/mastorrencito.com\\\/cat\\\/wp-content\\\/uploads\\\/sites\\\/3\\\/desanimo.jpg\",\"contentUrl\":\"https:\\\/\\\/mastorrencito.com\\\/cat\\\/wp-content\\\/uploads\\\/sites\\\/3\\\/desanimo.jpg\",\"width\":1024,\"height\":1024,\"caption\":\"Esta todo bien? Yo creo que esta hecho una mierda by MasTorrencito\"},{\"@type\":\"BreadcrumbList\",\"@id\":\"https:\\\/\\\/mastorrencito.com\\\/cat\\\/tot-esta-be\\\/#breadcrumb\",\"itemListElement\":[{\"@type\":\"ListItem\",\"position\":1,\"name\":\"Portada\",\"item\":\"https:\\\/\\\/mastorrencito.com\\\/\"},{\"@type\":\"ListItem\",\"position\":2,\"name\":\"Tot est\u00e0 b\u00e9&#8230;????\"}]},{\"@type\":\"WebSite\",\"@id\":\"https:\\\/\\\/mastorrencito.com\\\/#website\",\"url\":\"https:\\\/\\\/mastorrencito.com\\\/\",\"name\":\"Mas Torrencito CAT\",\"description\":\"Casa rural pet friendly en Girona\",\"publisher\":{\"@id\":\"https:\\\/\\\/mastorrencito.com\\\/#organization\"},\"potentialAction\":[{\"@type\":\"SearchAction\",\"target\":{\"@type\":\"EntryPoint\",\"urlTemplate\":\"https:\\\/\\\/mastorrencito.com\\\/?s={search_term_string}\"},\"query-input\":{\"@type\":\"PropertyValueSpecification\",\"valueRequired\":true,\"valueName\":\"search_term_string\"}}],\"inLanguage\":\"es\"},{\"@type\":\"Organization\",\"@id\":\"https:\\\/\\\/mastorrencito.com\\\/#organization\",\"name\":\"Mas Torrencito CAT\",\"url\":\"https:\\\/\\\/mastorrencito.com\\\/\",\"logo\":{\"@type\":\"ImageObject\",\"inLanguage\":\"es\",\"@id\":\"https:\\\/\\\/mastorrencito.com\\\/#\\\/schema\\\/logo\\\/image\\\/\",\"url\":\"https:\\\/\\\/mastorrencito.com\\\/cat\\\/wp-content\\\/uploads\\\/sites\\\/3\\\/Logo-Mastorrencito-horizontal.webp\",\"contentUrl\":\"https:\\\/\\\/mastorrencito.com\\\/cat\\\/wp-content\\\/uploads\\\/sites\\\/3\\\/Logo-Mastorrencito-horizontal.webp\",\"width\":161,\"height\":54,\"caption\":\"Mas Torrencito CAT\"},\"image\":{\"@id\":\"https:\\\/\\\/mastorrencito.com\\\/#\\\/schema\\\/logo\\\/image\\\/\"}},{\"@type\":\"Person\",\"@id\":\"https:\\\/\\\/mastorrencito.com\\\/#\\\/schema\\\/person\\\/18c619be80d4ae2667c702911625f790\",\"name\":\"Mastorrencito\",\"image\":{\"@type\":\"ImageObject\",\"inLanguage\":\"es\",\"@id\":\"https:\\\/\\\/secure.gravatar.com\\\/avatar\\\/3ef55e0519f987a734c21caee1423b51df7b760b7d81a38ecd31cab0a5115f6d?s=96&d=mm&r=g\",\"url\":\"https:\\\/\\\/secure.gravatar.com\\\/avatar\\\/3ef55e0519f987a734c21caee1423b51df7b760b7d81a38ecd31cab0a5115f6d?s=96&d=mm&r=g\",\"contentUrl\":\"https:\\\/\\\/secure.gravatar.com\\\/avatar\\\/3ef55e0519f987a734c21caee1423b51df7b760b7d81a38ecd31cab0a5115f6d?s=96&d=mm&r=g\",\"caption\":\"Mastorrencito\"},\"url\":\"https:\\\/\\\/mastorrencito.com\\\/cat\\\/author\\\/mastorrencito\\\/\"}]}<\/script>\n<!-- \/ Yoast SEO Premium plugin. -->","yoast_head_json":{"title":"Tot est\u00e0 b\u00e9...???? - Mas Torrencito CAT","description":"Est\u00e0 tot b\u00e9, o per contra aquesta tot fet una merda? Jo crec que el segon... Per\u00f2 b\u00e9... ja es veur\u00e0....","robots":{"index":"index","follow":"follow","max-snippet":"max-snippet:-1","max-image-preview":"max-image-preview:large","max-video-preview":"max-video-preview:-1"},"canonical":"https:\/\/mastorrencito.com\/cat\/tot-esta-be\/","og_locale":"es_ES","og_type":"article","og_title":"Tot est\u00e0 b\u00e9...????","og_description":"Est\u00e0 tot b\u00e9, o per contra aquesta tot fet una merda? Jo crec que el segon... Per\u00f2 b\u00e9... ja es veur\u00e0....","og_url":"https:\/\/mastorrencito.com\/cat\/tot-esta-be\/","og_site_name":"Mas Torrencito CAT","article_published_time":"2025-04-04T05:32:36+00:00","og_image":[{"width":1024,"height":1024,"url":"https:\/\/mastorrencito.com\/cat\/wp-content\/uploads\/sites\/3\/desanimo.jpg","type":"image\/jpeg"}],"author":"Mastorrencito","twitter_card":"summary_large_image","twitter_misc":{"Escrito por":"Mastorrencito","Tiempo de lectura":"4 minutos"},"schema":{"@context":"https:\/\/schema.org","@graph":[{"@type":"Article","@id":"https:\/\/mastorrencito.com\/cat\/tot-esta-be\/#article","isPartOf":{"@id":"https:\/\/mastorrencito.com\/cat\/tot-esta-be\/"},"author":{"name":"Mastorrencito","@id":"https:\/\/mastorrencito.com\/#\/schema\/person\/18c619be80d4ae2667c702911625f790"},"headline":"Tot est\u00e0 b\u00e9&#8230;????","datePublished":"2025-04-04T05:32:36+00:00","mainEntityOfPage":{"@id":"https:\/\/mastorrencito.com\/cat\/tot-esta-be\/"},"wordCount":817,"commentCount":0,"publisher":{"@id":"https:\/\/mastorrencito.com\/#organization"},"image":{"@id":"https:\/\/mastorrencito.com\/cat\/tot-esta-be\/#primaryimage"},"thumbnailUrl":"https:\/\/mastorrencito.com\/cat\/wp-content\/uploads\/sites\/3\/desanimo.jpg","articleSection":["Hist\u00f2ries Mastorrencito"],"inLanguage":"es","potentialAction":[{"@type":"CommentAction","name":"Comment","target":["https:\/\/mastorrencito.com\/cat\/tot-esta-be\/#respond"]}]},{"@type":"WebPage","@id":"https:\/\/mastorrencito.com\/cat\/tot-esta-be\/","url":"https:\/\/mastorrencito.com\/cat\/tot-esta-be\/","name":"Tot est\u00e0 b\u00e9...???? - Mas Torrencito CAT","isPartOf":{"@id":"https:\/\/mastorrencito.com\/#website"},"primaryImageOfPage":{"@id":"https:\/\/mastorrencito.com\/cat\/tot-esta-be\/#primaryimage"},"image":{"@id":"https:\/\/mastorrencito.com\/cat\/tot-esta-be\/#primaryimage"},"thumbnailUrl":"https:\/\/mastorrencito.com\/cat\/wp-content\/uploads\/sites\/3\/desanimo.jpg","datePublished":"2025-04-04T05:32:36+00:00","description":"Est\u00e0 tot b\u00e9, o per contra aquesta tot fet una merda? Jo crec que el segon... Per\u00f2 b\u00e9... ja es veur\u00e0....","breadcrumb":{"@id":"https:\/\/mastorrencito.com\/cat\/tot-esta-be\/#breadcrumb"},"inLanguage":"es","potentialAction":[{"@type":"ReadAction","target":["https:\/\/mastorrencito.com\/cat\/tot-esta-be\/"]}]},{"@type":"ImageObject","inLanguage":"es","@id":"https:\/\/mastorrencito.com\/cat\/tot-esta-be\/#primaryimage","url":"https:\/\/mastorrencito.com\/cat\/wp-content\/uploads\/sites\/3\/desanimo.jpg","contentUrl":"https:\/\/mastorrencito.com\/cat\/wp-content\/uploads\/sites\/3\/desanimo.jpg","width":1024,"height":1024,"caption":"Esta todo bien? Yo creo que esta hecho una mierda by MasTorrencito"},{"@type":"BreadcrumbList","@id":"https:\/\/mastorrencito.com\/cat\/tot-esta-be\/#breadcrumb","itemListElement":[{"@type":"ListItem","position":1,"name":"Portada","item":"https:\/\/mastorrencito.com\/"},{"@type":"ListItem","position":2,"name":"Tot est\u00e0 b\u00e9&#8230;????"}]},{"@type":"WebSite","@id":"https:\/\/mastorrencito.com\/#website","url":"https:\/\/mastorrencito.com\/","name":"Mas Torrencito CAT","description":"Casa rural pet friendly en Girona","publisher":{"@id":"https:\/\/mastorrencito.com\/#organization"},"potentialAction":[{"@type":"SearchAction","target":{"@type":"EntryPoint","urlTemplate":"https:\/\/mastorrencito.com\/?s={search_term_string}"},"query-input":{"@type":"PropertyValueSpecification","valueRequired":true,"valueName":"search_term_string"}}],"inLanguage":"es"},{"@type":"Organization","@id":"https:\/\/mastorrencito.com\/#organization","name":"Mas Torrencito CAT","url":"https:\/\/mastorrencito.com\/","logo":{"@type":"ImageObject","inLanguage":"es","@id":"https:\/\/mastorrencito.com\/#\/schema\/logo\/image\/","url":"https:\/\/mastorrencito.com\/cat\/wp-content\/uploads\/sites\/3\/Logo-Mastorrencito-horizontal.webp","contentUrl":"https:\/\/mastorrencito.com\/cat\/wp-content\/uploads\/sites\/3\/Logo-Mastorrencito-horizontal.webp","width":161,"height":54,"caption":"Mas Torrencito CAT"},"image":{"@id":"https:\/\/mastorrencito.com\/#\/schema\/logo\/image\/"}},{"@type":"Person","@id":"https:\/\/mastorrencito.com\/#\/schema\/person\/18c619be80d4ae2667c702911625f790","name":"Mastorrencito","image":{"@type":"ImageObject","inLanguage":"es","@id":"https:\/\/secure.gravatar.com\/avatar\/3ef55e0519f987a734c21caee1423b51df7b760b7d81a38ecd31cab0a5115f6d?s=96&d=mm&r=g","url":"https:\/\/secure.gravatar.com\/avatar\/3ef55e0519f987a734c21caee1423b51df7b760b7d81a38ecd31cab0a5115f6d?s=96&d=mm&r=g","contentUrl":"https:\/\/secure.gravatar.com\/avatar\/3ef55e0519f987a734c21caee1423b51df7b760b7d81a38ecd31cab0a5115f6d?s=96&d=mm&r=g","caption":"Mastorrencito"},"url":"https:\/\/mastorrencito.com\/cat\/author\/mastorrencito\/"}]}},"acf":[],"_links":{"self":[{"href":"https:\/\/mastorrencito.com\/cat\/wp-json\/wp\/v2\/posts\/3988","targetHints":{"allow":["GET"]}}],"collection":[{"href":"https:\/\/mastorrencito.com\/cat\/wp-json\/wp\/v2\/posts"}],"about":[{"href":"https:\/\/mastorrencito.com\/cat\/wp-json\/wp\/v2\/types\/post"}],"author":[{"embeddable":true,"href":"https:\/\/mastorrencito.com\/cat\/wp-json\/wp\/v2\/users\/2"}],"replies":[{"embeddable":true,"href":"https:\/\/mastorrencito.com\/cat\/wp-json\/wp\/v2\/comments?post=3988"}],"version-history":[{"count":0,"href":"https:\/\/mastorrencito.com\/cat\/wp-json\/wp\/v2\/posts\/3988\/revisions"}],"wp:featuredmedia":[{"embeddable":true,"href":"https:\/\/mastorrencito.com\/cat\/wp-json\/wp\/v2\/media\/3984"}],"wp:attachment":[{"href":"https:\/\/mastorrencito.com\/cat\/wp-json\/wp\/v2\/media?parent=3988"}],"wp:term":[{"taxonomy":"category","embeddable":true,"href":"https:\/\/mastorrencito.com\/cat\/wp-json\/wp\/v2\/categories?post=3988"},{"taxonomy":"post_tag","embeddable":true,"href":"https:\/\/mastorrencito.com\/cat\/wp-json\/wp\/v2\/tags?post=3988"}],"curies":[{"name":"wp","href":"https:\/\/api.w.org\/{rel}","templated":true}]}}