{"id":3968,"date":"2025-04-01T06:06:51","date_gmt":"2025-04-01T06:06:51","guid":{"rendered":"https:\/\/casaruralconperrosgirona.com\/nomes-el-meu-els-altres-lligats\/"},"modified":"2025-04-01T06:06:51","modified_gmt":"2025-04-01T06:06:51","slug":"nomes-el-meu-els-altres-lligats","status":"publish","type":"post","link":"https:\/\/mastorrencito.com\/cat\/nomes-el-meu-els-altres-lligats\/","title":{"rendered":"\u00abNom\u00e9s el meu&#8230; els altres lligats\u00bb"},"content":{"rendered":"\n<h3 class=\"wp-block-heading\">\ud83c\udfe1 \ud83d\udc36 <strong>\u00abEl Gran Hotel Canino: Aventures amb Propietaris de Nivell \u00c8pic\u00bb<\/strong> \ud83c\udfad \ud83d\udc3e<\/h3>\n\n<p>Si hi ha alguna cosa que em sorpr\u00e8n cada dia m\u00e9s, no s\u00f3n els gossos\u2026 \u00a1sin\u00f3 els seus amos! \ud83e\udee0 \u00daltimament, la desfilada de personatges que apareix per aqu\u00ed sembla tret d&#8217;un reality xou. No s\u00e9 si \u00e9s la lluna plena \ud83c\udf15 la primavera \ud83c\udf38 que l&#8217;univers ha decidit enviar-me als amos m\u00e9s extravagants de la hist\u00f2ria, per\u00f2 cada dia visc una an\u00e8cdota nova.  <\/p>\n\n<h4 class=\"wp-block-heading\"><strong>\ud83d\ude97 Els Belgues a P\u00e0nic<\/strong><\/h4>\n\n<p>L&#8217;altre dia, arriben uns clients belgues \ud83c\udde7\ud83c\uddea amb els seus gossets, aparquen, miren al seu voltant\u2026 i es queden dins del cotxe. \u23f3 Minuts passen. Ells miren. Els gossos miren. Nosaltres mirem. I ning\u00fa no es mou. \ud83e\udd28<\/p>\n\n<p>M&#8217;hi apropo:<br \/> \u2014 <em>Tot b\u00e9?<\/em><br \/><em>\u2014\u00c9s que hi ha gossos\u2026<\/em><br \/> \u2014 <em>S\u00ed, \u00e9s clar, \u00e9s un lloc on hi ha gossos\u2026<\/em> \ud83e\udd37\u200d\u2642\ufe0f<br \/><em>\u2014\u00c9s que no sabem si baixar-los\u2026<\/em><br \/> \u2014 <em>\ud83e\udd28 I per qu\u00e8 no?<\/em><br \/> \u2014 <em>Perqu\u00e8 hi ha altres gossos\u2026<\/em><\/p>\n\n<p>I aix\u00ed vam estar en un bucle existencial fins que, despr\u00e9s de molta meditaci\u00f3, van decidir baixar. Per\u00f2 vaja, que van estar a res d&#8217;anar-se&#8217;n sense sortir del cotxe. NI QUE FORA JURASSIC PARK! \ud83e\udd96 \ud83d\udc15   <\/p>\n<figure class=\"wp-block-post-featured-image\"><img fetchpriority=\"high\" decoding=\"async\" width=\"1536\" height=\"2048\" src=\"https:\/\/mastorrencito.com\/cat\/wp-content\/uploads\/sites\/3\/manuela_mar.jpg\" class=\"attachment-post-thumbnail size-post-thumbnail wp-post-image\" alt=\"\" style=\"object-fit:cover;\" srcset=\"https:\/\/mastorrencito.com\/cat\/wp-content\/uploads\/sites\/3\/manuela_mar.jpg 1536w, https:\/\/mastorrencito.com\/cat\/wp-content\/uploads\/sites\/3\/manuela_mar-225x300.jpg 225w, https:\/\/mastorrencito.com\/cat\/wp-content\/uploads\/sites\/3\/manuela_mar-768x1024.jpg 768w, https:\/\/mastorrencito.com\/cat\/wp-content\/uploads\/sites\/3\/manuela_mar-1152x1536.jpg 1152w\" sizes=\"(max-width: 1536px) 100vw, 1536px\" \/><\/figure>\n<h4 class=\"wp-block-heading\"><strong>\ud83c\udfc3\u200d\u2642\ufe0f El Gos VIP<\/strong><\/h4>\n\n<p>Un altre dia arriba una senyora amb un gosset d&#8217;aquells que van m\u00e9s pentinats que la seva propiet\u00e0ria. \u2728 \ud83d\udc29<br \/> \u2014 <em>Pots tancar els altres gossos?<\/em><br \/><em>\u2014Eh?<\/em> \ud83e\udd28<br \/> \u2014 <em>S\u00ed, \u00e9s que el meu gosset vol c\u00f3rrer lliure, i \u00e9s clar, si hi ha altres gossos\u2026<\/em><br \/> \u2014 <em>\ud83e\udd26\u200d\u2642\ufe0f Senyora, aix\u00f2 no \u00e9s un parc privat per al seu gos.<\/em> <\/p>\n\n<p>Sens dubte, es va indignar, perqu\u00e8 \u00e9s clar, el seu gos \u00e9s d&#8217;una categoria superior i no pot compartir gespa amb els mortals. \ud83d\udc51 \ud83d\udc36 <\/p>\n\n<h4 class=\"wp-block-heading\"><strong>\ud83c\udfad HELP MEEEEEEE!<\/strong><\/h4>\n\n<p>Un dia qualsevol, tot tranquil, fins que de sobte\u2026 un crit! \ud83d\ude31<\/p>\n\n<p>\u2014 <em>HELP MEEEEEEE!<\/em><br \/> Surto corrent, imaginant-me una baralla de gossos, un atac de llops, una invasi\u00f3 alien\u00edgena\u2026 \ud83d\ude80<\/p>\n\n<p>Arribo al lloc i veig una noia paralitzada, amb cara de terror. El motiu? <strong>Mamas estava olorant el culet del seu gos.<\/strong> \ud83d\ude11<br \/><em>\u2014Est\u00e0 atacant el meu gos!<\/em> \ud83d\ude2d<br \/> \u2014No <em>senyora, nom\u00e9s l&#8217;est\u00e0 coneixent\u2026 \u00e9s aix\u00ed com es presenten\u2026<\/em><br \/> \u2014 <em>NOOOOO! Est\u00e0 intimidant-ho! \ud83d\ude2d<\/em><br \/> \u2014 <em>Senyora\u2026 \u00e9s un gos\u2026<\/em> \ud83e\udd26\u200d\u2642\ufe0f <\/p>\n\n<p>Per m\u00e9s que vaig intentar explicar-li que els gossos no tenen una secci\u00f3 de \u00abbiografia\u00bb en xarxes socials i que fer-se olor del darrere \u00e9s la seva manera de saludar-se, no hi va haver manera. Va marxar ofendid\u00edssima. <\/p>\n\n<h4 class=\"wp-block-heading\"><strong>\ud83c\udf7d\ufe0f El Sopar Rom\u00e0ntic\u2026 amb el seu Gos<\/strong><\/h4>\n\n<p>Per\u00f2 res no supera la senyora que baixa al menjador amb el sopar del seu gos. \ud83c\udf56 \ud83d\udc36<br \/> \u2014Em <em>sap greu, per\u00f2 els gossos no poden menjar aqu\u00ed.<\/em><br \/><em>\u2014Per\u00f2 ell SEMPRE sopa amb mi!<\/em> \ud83d\ude21<br \/><em>\u2014Doncs sopigueu junts a l&#8217;habitaci\u00f3.<\/em><br \/> \u2014 <em>Aix\u00f2 \u00e9s indignant!<\/em> <\/p>\n\n<p>Se&#8217;n va anar vermella de r\u00e0bia i crec que encara avui est\u00e0 explicant la seva trag\u00e8dia a tothom que la vulgui escoltar. \ud83d\ude05<\/p>\n\n<h4 class=\"wp-block-heading\"><strong>\ud83c\udfad Gran Final: El Drama de l&#8217;Habitaci\u00f3<\/strong><\/h4>\n\n<p>I per descomptat, hi ha els que volen una suite cinc estrelles per al seu gos. \u2b50 \u2b50 \u2b50 \u2b50 \u2b50 \ud83d\udc15 <\/p>\n\n<p>Un va arribar exigint:<br \/> \u2014El <em>meu gos necessita una habitaci\u00f3 privada.<\/em><br \/> \u2014 <em>Tenim habitacions amb espai suficient per a ell.<\/em><br \/> \u2014  <em>No, no, no. Ell necessita LA SEVA PR\u00d2PIA habitaci\u00f3, AMB LLIT. <\/em>  \ud83d\udecf\ufe0f<br \/> \u2014 <em>Per\u00f2\u2026<\/em><br \/><em>\u2014I una tele perqu\u00e8 s&#8217;avorreix!<\/em> \ud83d\udcfa<\/p>\n\n<p>Ja m&#8217;imagino el gos canviant de canal amb el comandament i criticant les not\u00edcies. \ud83d\udce1 \ud83d\udc36 <\/p>\n\n<hr class=\"wp-block-separator has-alpha-channel-opacity\" \/>\n\n<p>\ud83d\udcad <strong>Conclusi\u00f3:<\/strong> Cada dia aqu\u00ed \u00e9s una aventura. No s\u00e9 si la culpa \u00e9s dels amos, dels gossos o de l&#8217;alineament dels astres, per\u00f2 el que \u00e9s clar \u00e9s que aquest lloc s&#8217;ha convertit en un parc tem\u00e0tic d&#8217;excentricitats perrunes. \ud83d\ude02 \ud83d\udc15  <\/p>\n\n<p>Aix\u00f2 s\u00ed\u2026 el 95% dels clients s\u00f3n genials! Per\u00f2 aquest altre 5%\u2026 d\u00f3na per escriure un llibre. \ud83d\udcd6 \ud83d\ude06  <\/p>\n\n<hr class=\"wp-block-separator has-alpha-channel-opacity\" \/>\n\n<h3 class=\"wp-block-heading\"><strong>Reflexi\u00f3: Quan els propietaris s\u00f3n m\u00e9s complicats que els gossos<\/strong> \ud83d\udc36 \ud83e\udd2f<\/h3>\n\n<p>Tenir un gos hauria de ser una experi\u00e8ncia senzilla: \u00e9s un company de vida, un amic fidel i, en molts casos, gaireb\u00e9 un membre m\u00e9s de la fam\u00edlia. Per\u00f2 el que de vegades oblidem \u00e9s que els gossos segueixen sent gossos. Ells no demanen luxes, ni regles especials, ni espais VIP. Simplement volen c\u00f3rrer, jugar, olorar el darrere d&#8217;un altre gos (s\u00ed, aix\u00ed socialitzen) i seguir amb el seu dia.   <\/p>\n\n<p>El problema moltes vegades no s\u00f3n els gossos. <strong>S\u00f3n els amos.<\/strong> \ud83e\udee0<\/p>\n\n<h2 class=\"wp-block-heading\">REFLEXIO:<\/h2>\n\n<p>Vivim en una \u00e8poca en qu\u00e8 humanitzem tant els animals que alguns amos els converteixen en extensions de la seva pr\u00f2pia personalitat, oblidant que els gossos no tenen ego, ni capricis, ni ansietat social (almenys no de la manera com l&#8217;entenem). Un gos no necessita que tots els altres s?apartin perqu\u00e8 ell corri lliure, ni una habitaci\u00f3 d?hotel amb televisi\u00f3, ni que el protegeixin d?una simple interacci\u00f3 amb un altre gos. Aquestes s\u00f3n preocupacions humanes, no perrunes.  <\/p>\n\n<p>\u00c9s curi\u00f3s veure com, en el seu intent per \u201ccuidar\u201d els gossos, algunes persones els a\u00efllen, els transmeten les pors i els impedeixen ser el que s\u00f3n: animals sociables, juganers i adaptables. En lloc de deixar-los viure la seva naturalesa, els converteixen en petits emperadors amb normes absurdes que la resta del m\u00f3n hauria d&#8217;acatar. <\/p>\n\n<p>Per\u00f2 el m\u00e9s ir\u00f2nic \u00e9s que, malgrat totes aquestes excentricitats, el gos continua sent un gos. \u00c9s igual quant drama munti el seu amo, quant exigeixi privilegis o quant s&#8217;enfadi si li dius que no pot sopar amb ell en un restaurant\u2026 Al final, el gos nom\u00e9s vol el seu passeig, una mica de menjar i una bona migdiada. \ud83d\udc15 \ud83d\udca4  <\/p>\n\n<p>Potser la veritable lli\u00e7\u00f3 aqu\u00ed \u00e9s que, en comptes d&#8217;exigir que tot giri al seu voltant, alguns amos haurien d&#8217;aprendre una mica dels seus propis gossos: viure amb m\u00e9s simplicitat, socialitzar sense por i deixar de preocupar-se tant per petitons. Perqu\u00e8 al final del dia, els gossos gaudeixen la vida molt m\u00e9s que nosaltres, i sense tant drama. \ud83d\ude09 \ud83d\udc3e  <\/p>\n\n<blockquote class=\"wp-block-quote is-layout-flow wp-block-quote-is-layout-flow\">\n<p>Des de MasTorrencito et desitgem un bon dia i que els teus gossos t&#8217;acompanyin!!<\/p>\n<\/blockquote>\n\n<p>\u2014\u2013<br \/> Si vols, pot veure els nostres <strong>bons per caps de setmana, bons jubilats<\/strong> , a un preu incre\u00efble.. entra a <a href=\"https:\/\/www.mastorrencito.com\/\">www.mastorrencito.com<\/a> o si vols podeu llegir m\u00e9s hist\u00f2ria i an\u00e8cdotes que ens <a href=\"https:\/\/mastorrencito.com\/es\/\">han<\/a> passat a MasTorrencito\u2026<\/p>\n\n<p><\/p>\n","protected":false},"excerpt":{"rendered":"<p>\ud83c\udfe1 \ud83d\udc36 \u00abEl Gran Hotel Canino: Aventures amb Propietaris de Nivell \u00c8pic\u00bb \ud83c\udfad \ud83d\udc3e Si hi ha alguna cosa que em sorpr\u00e8n cada dia m\u00e9s, no s\u00f3n els gossos\u2026 \u00a1sin\u00f3 els seus amos! \ud83e\udee0 \u00daltimament, la desfilada de personatges que apareix per aqu\u00ed sembla tret d&#8217;un reality xou. No s\u00e9 si \u00e9s la lluna plena [&hellip;]<\/p>\n","protected":false},"author":2,"featured_media":2179,"comment_status":"open","ping_status":"closed","sticky":false,"template":"","format":"standard","meta":{"_acf_changed":false,"footnotes":""},"categories":[35],"tags":[],"class_list":["post-3968","post","type-post","status-publish","format-standard","has-post-thumbnail","hentry","category-histories-mastorrencito"],"yoast_head":"<!-- This site is optimized with the Yoast SEO Premium plugin v27.3 (Yoast SEO v27.5) - https:\/\/yoast.com\/product\/yoast-seo-premium-wordpress\/ -->\n<title>&quot;Nom\u00e9s el meu... els altres lligats&quot; - Mas Torrencito CAT<\/title>\n<meta name=\"description\" content=\"I \u00e9s que hi ha gent a qui nom\u00e9s els agrada el seu... i s\u00f3n &quot;del pitjor&quot;... &quot;Nom\u00e9s el meu... els altres lligats&quot;\" \/>\n<meta name=\"robots\" content=\"index, follow, max-snippet:-1, max-image-preview:large, max-video-preview:-1\" \/>\n<link rel=\"canonical\" href=\"https:\/\/mastorrencito.com\/cat\/nomes-el-meu-els-altres-lligats\/\" \/>\n<meta property=\"og:locale\" content=\"es_ES\" \/>\n<meta property=\"og:type\" content=\"article\" \/>\n<meta property=\"og:title\" content=\"&quot;Nom\u00e9s el meu... els altres lligats&quot;\" \/>\n<meta property=\"og:description\" content=\"I \u00e9s que hi ha gent a qui nom\u00e9s els agrada el seu... i s\u00f3n &quot;del pitjor&quot;... &quot;Nom\u00e9s el meu... els altres lligats&quot;\" \/>\n<meta property=\"og:url\" content=\"https:\/\/mastorrencito.com\/cat\/nomes-el-meu-els-altres-lligats\/\" \/>\n<meta property=\"og:site_name\" content=\"Mas Torrencito CAT\" \/>\n<meta property=\"article:published_time\" content=\"2025-04-01T06:06:51+00:00\" \/>\n<meta property=\"og:image\" content=\"https:\/\/mastorrencito.com\/cat\/wp-content\/uploads\/sites\/3\/manuela_mar.jpg\" \/>\n\t<meta property=\"og:image:width\" content=\"1536\" \/>\n\t<meta property=\"og:image:height\" content=\"2048\" \/>\n\t<meta property=\"og:image:type\" content=\"image\/jpeg\" \/>\n<meta name=\"author\" content=\"Mastorrencito\" \/>\n<meta name=\"twitter:card\" content=\"summary_large_image\" \/>\n<meta name=\"twitter:label1\" content=\"Escrito por\" \/>\n\t<meta name=\"twitter:data1\" content=\"Mastorrencito\" \/>\n\t<meta name=\"twitter:label2\" content=\"Tiempo de lectura\" \/>\n\t<meta name=\"twitter:data2\" content=\"5 minutos\" \/>\n<script type=\"application\/ld+json\" class=\"yoast-schema-graph\">{\"@context\":\"https:\\\/\\\/schema.org\",\"@graph\":[{\"@type\":\"Article\",\"@id\":\"https:\\\/\\\/mastorrencito.com\\\/cat\\\/nomes-el-meu-els-altres-lligats\\\/#article\",\"isPartOf\":{\"@id\":\"https:\\\/\\\/mastorrencito.com\\\/cat\\\/nomes-el-meu-els-altres-lligats\\\/\"},\"author\":{\"name\":\"Mastorrencito\",\"@id\":\"https:\\\/\\\/mastorrencito.com\\\/#\\\/schema\\\/person\\\/18c619be80d4ae2667c702911625f790\"},\"headline\":\"\u00abNom\u00e9s el meu&#8230; els altres lligats\u00bb\",\"datePublished\":\"2025-04-01T06:06:51+00:00\",\"mainEntityOfPage\":{\"@id\":\"https:\\\/\\\/mastorrencito.com\\\/cat\\\/nomes-el-meu-els-altres-lligats\\\/\"},\"wordCount\":1034,\"commentCount\":0,\"publisher\":{\"@id\":\"https:\\\/\\\/mastorrencito.com\\\/#organization\"},\"image\":{\"@id\":\"https:\\\/\\\/mastorrencito.com\\\/cat\\\/nomes-el-meu-els-altres-lligats\\\/#primaryimage\"},\"thumbnailUrl\":\"https:\\\/\\\/mastorrencito.com\\\/cat\\\/wp-content\\\/uploads\\\/sites\\\/3\\\/manuela_mar.jpg\",\"articleSection\":[\"Hist\u00f2ries Mastorrencito\"],\"inLanguage\":\"es\",\"potentialAction\":[{\"@type\":\"CommentAction\",\"name\":\"Comment\",\"target\":[\"https:\\\/\\\/mastorrencito.com\\\/cat\\\/nomes-el-meu-els-altres-lligats\\\/#respond\"]}]},{\"@type\":\"WebPage\",\"@id\":\"https:\\\/\\\/mastorrencito.com\\\/cat\\\/nomes-el-meu-els-altres-lligats\\\/\",\"url\":\"https:\\\/\\\/mastorrencito.com\\\/cat\\\/nomes-el-meu-els-altres-lligats\\\/\",\"name\":\"\\\"Nom\u00e9s el meu... els altres lligats\\\" - Mas Torrencito CAT\",\"isPartOf\":{\"@id\":\"https:\\\/\\\/mastorrencito.com\\\/#website\"},\"primaryImageOfPage\":{\"@id\":\"https:\\\/\\\/mastorrencito.com\\\/cat\\\/nomes-el-meu-els-altres-lligats\\\/#primaryimage\"},\"image\":{\"@id\":\"https:\\\/\\\/mastorrencito.com\\\/cat\\\/nomes-el-meu-els-altres-lligats\\\/#primaryimage\"},\"thumbnailUrl\":\"https:\\\/\\\/mastorrencito.com\\\/cat\\\/wp-content\\\/uploads\\\/sites\\\/3\\\/manuela_mar.jpg\",\"datePublished\":\"2025-04-01T06:06:51+00:00\",\"description\":\"I \u00e9s que hi ha gent a qui nom\u00e9s els agrada el seu... i s\u00f3n \\\"del pitjor\\\"... \\\"Nom\u00e9s el meu... els altres lligats\\\"\",\"breadcrumb\":{\"@id\":\"https:\\\/\\\/mastorrencito.com\\\/cat\\\/nomes-el-meu-els-altres-lligats\\\/#breadcrumb\"},\"inLanguage\":\"es\",\"potentialAction\":[{\"@type\":\"ReadAction\",\"target\":[\"https:\\\/\\\/mastorrencito.com\\\/cat\\\/nomes-el-meu-els-altres-lligats\\\/\"]}]},{\"@type\":\"ImageObject\",\"inLanguage\":\"es\",\"@id\":\"https:\\\/\\\/mastorrencito.com\\\/cat\\\/nomes-el-meu-els-altres-lligats\\\/#primaryimage\",\"url\":\"https:\\\/\\\/mastorrencito.com\\\/cat\\\/wp-content\\\/uploads\\\/sites\\\/3\\\/manuela_mar.jpg\",\"contentUrl\":\"https:\\\/\\\/mastorrencito.com\\\/cat\\\/wp-content\\\/uploads\\\/sites\\\/3\\\/manuela_mar.jpg\",\"width\":1536,\"height\":2048},{\"@type\":\"BreadcrumbList\",\"@id\":\"https:\\\/\\\/mastorrencito.com\\\/cat\\\/nomes-el-meu-els-altres-lligats\\\/#breadcrumb\",\"itemListElement\":[{\"@type\":\"ListItem\",\"position\":1,\"name\":\"Portada\",\"item\":\"https:\\\/\\\/mastorrencito.com\\\/\"},{\"@type\":\"ListItem\",\"position\":2,\"name\":\"\u00abNom\u00e9s el meu&#8230; els altres lligats\u00bb\"}]},{\"@type\":\"WebSite\",\"@id\":\"https:\\\/\\\/mastorrencito.com\\\/#website\",\"url\":\"https:\\\/\\\/mastorrencito.com\\\/\",\"name\":\"Mas Torrencito CAT\",\"description\":\"Casa rural pet friendly en Girona\",\"publisher\":{\"@id\":\"https:\\\/\\\/mastorrencito.com\\\/#organization\"},\"potentialAction\":[{\"@type\":\"SearchAction\",\"target\":{\"@type\":\"EntryPoint\",\"urlTemplate\":\"https:\\\/\\\/mastorrencito.com\\\/?s={search_term_string}\"},\"query-input\":{\"@type\":\"PropertyValueSpecification\",\"valueRequired\":true,\"valueName\":\"search_term_string\"}}],\"inLanguage\":\"es\"},{\"@type\":\"Organization\",\"@id\":\"https:\\\/\\\/mastorrencito.com\\\/#organization\",\"name\":\"Mas Torrencito CAT\",\"url\":\"https:\\\/\\\/mastorrencito.com\\\/\",\"logo\":{\"@type\":\"ImageObject\",\"inLanguage\":\"es\",\"@id\":\"https:\\\/\\\/mastorrencito.com\\\/#\\\/schema\\\/logo\\\/image\\\/\",\"url\":\"https:\\\/\\\/mastorrencito.com\\\/cat\\\/wp-content\\\/uploads\\\/sites\\\/3\\\/Logo-Mastorrencito-horizontal.webp\",\"contentUrl\":\"https:\\\/\\\/mastorrencito.com\\\/cat\\\/wp-content\\\/uploads\\\/sites\\\/3\\\/Logo-Mastorrencito-horizontal.webp\",\"width\":161,\"height\":54,\"caption\":\"Mas Torrencito CAT\"},\"image\":{\"@id\":\"https:\\\/\\\/mastorrencito.com\\\/#\\\/schema\\\/logo\\\/image\\\/\"}},{\"@type\":\"Person\",\"@id\":\"https:\\\/\\\/mastorrencito.com\\\/#\\\/schema\\\/person\\\/18c619be80d4ae2667c702911625f790\",\"name\":\"Mastorrencito\",\"image\":{\"@type\":\"ImageObject\",\"inLanguage\":\"es\",\"@id\":\"https:\\\/\\\/secure.gravatar.com\\\/avatar\\\/3ef55e0519f987a734c21caee1423b51df7b760b7d81a38ecd31cab0a5115f6d?s=96&d=mm&r=g\",\"url\":\"https:\\\/\\\/secure.gravatar.com\\\/avatar\\\/3ef55e0519f987a734c21caee1423b51df7b760b7d81a38ecd31cab0a5115f6d?s=96&d=mm&r=g\",\"contentUrl\":\"https:\\\/\\\/secure.gravatar.com\\\/avatar\\\/3ef55e0519f987a734c21caee1423b51df7b760b7d81a38ecd31cab0a5115f6d?s=96&d=mm&r=g\",\"caption\":\"Mastorrencito\"},\"url\":\"https:\\\/\\\/mastorrencito.com\\\/cat\\\/author\\\/mastorrencito\\\/\"}]}<\/script>\n<!-- \/ Yoast SEO Premium plugin. -->","yoast_head_json":{"title":"\"Nom\u00e9s el meu... els altres lligats\" - Mas Torrencito CAT","description":"I \u00e9s que hi ha gent a qui nom\u00e9s els agrada el seu... i s\u00f3n \"del pitjor\"... \"Nom\u00e9s el meu... els altres lligats\"","robots":{"index":"index","follow":"follow","max-snippet":"max-snippet:-1","max-image-preview":"max-image-preview:large","max-video-preview":"max-video-preview:-1"},"canonical":"https:\/\/mastorrencito.com\/cat\/nomes-el-meu-els-altres-lligats\/","og_locale":"es_ES","og_type":"article","og_title":"\"Nom\u00e9s el meu... els altres lligats\"","og_description":"I \u00e9s que hi ha gent a qui nom\u00e9s els agrada el seu... i s\u00f3n \"del pitjor\"... \"Nom\u00e9s el meu... els altres lligats\"","og_url":"https:\/\/mastorrencito.com\/cat\/nomes-el-meu-els-altres-lligats\/","og_site_name":"Mas Torrencito CAT","article_published_time":"2025-04-01T06:06:51+00:00","og_image":[{"width":1536,"height":2048,"url":"https:\/\/mastorrencito.com\/cat\/wp-content\/uploads\/sites\/3\/manuela_mar.jpg","type":"image\/jpeg"}],"author":"Mastorrencito","twitter_card":"summary_large_image","twitter_misc":{"Escrito por":"Mastorrencito","Tiempo de lectura":"5 minutos"},"schema":{"@context":"https:\/\/schema.org","@graph":[{"@type":"Article","@id":"https:\/\/mastorrencito.com\/cat\/nomes-el-meu-els-altres-lligats\/#article","isPartOf":{"@id":"https:\/\/mastorrencito.com\/cat\/nomes-el-meu-els-altres-lligats\/"},"author":{"name":"Mastorrencito","@id":"https:\/\/mastorrencito.com\/#\/schema\/person\/18c619be80d4ae2667c702911625f790"},"headline":"\u00abNom\u00e9s el meu&#8230; els altres lligats\u00bb","datePublished":"2025-04-01T06:06:51+00:00","mainEntityOfPage":{"@id":"https:\/\/mastorrencito.com\/cat\/nomes-el-meu-els-altres-lligats\/"},"wordCount":1034,"commentCount":0,"publisher":{"@id":"https:\/\/mastorrencito.com\/#organization"},"image":{"@id":"https:\/\/mastorrencito.com\/cat\/nomes-el-meu-els-altres-lligats\/#primaryimage"},"thumbnailUrl":"https:\/\/mastorrencito.com\/cat\/wp-content\/uploads\/sites\/3\/manuela_mar.jpg","articleSection":["Hist\u00f2ries Mastorrencito"],"inLanguage":"es","potentialAction":[{"@type":"CommentAction","name":"Comment","target":["https:\/\/mastorrencito.com\/cat\/nomes-el-meu-els-altres-lligats\/#respond"]}]},{"@type":"WebPage","@id":"https:\/\/mastorrencito.com\/cat\/nomes-el-meu-els-altres-lligats\/","url":"https:\/\/mastorrencito.com\/cat\/nomes-el-meu-els-altres-lligats\/","name":"\"Nom\u00e9s el meu... els altres lligats\" - Mas Torrencito CAT","isPartOf":{"@id":"https:\/\/mastorrencito.com\/#website"},"primaryImageOfPage":{"@id":"https:\/\/mastorrencito.com\/cat\/nomes-el-meu-els-altres-lligats\/#primaryimage"},"image":{"@id":"https:\/\/mastorrencito.com\/cat\/nomes-el-meu-els-altres-lligats\/#primaryimage"},"thumbnailUrl":"https:\/\/mastorrencito.com\/cat\/wp-content\/uploads\/sites\/3\/manuela_mar.jpg","datePublished":"2025-04-01T06:06:51+00:00","description":"I \u00e9s que hi ha gent a qui nom\u00e9s els agrada el seu... i s\u00f3n \"del pitjor\"... \"Nom\u00e9s el meu... els altres lligats\"","breadcrumb":{"@id":"https:\/\/mastorrencito.com\/cat\/nomes-el-meu-els-altres-lligats\/#breadcrumb"},"inLanguage":"es","potentialAction":[{"@type":"ReadAction","target":["https:\/\/mastorrencito.com\/cat\/nomes-el-meu-els-altres-lligats\/"]}]},{"@type":"ImageObject","inLanguage":"es","@id":"https:\/\/mastorrencito.com\/cat\/nomes-el-meu-els-altres-lligats\/#primaryimage","url":"https:\/\/mastorrencito.com\/cat\/wp-content\/uploads\/sites\/3\/manuela_mar.jpg","contentUrl":"https:\/\/mastorrencito.com\/cat\/wp-content\/uploads\/sites\/3\/manuela_mar.jpg","width":1536,"height":2048},{"@type":"BreadcrumbList","@id":"https:\/\/mastorrencito.com\/cat\/nomes-el-meu-els-altres-lligats\/#breadcrumb","itemListElement":[{"@type":"ListItem","position":1,"name":"Portada","item":"https:\/\/mastorrencito.com\/"},{"@type":"ListItem","position":2,"name":"\u00abNom\u00e9s el meu&#8230; els altres lligats\u00bb"}]},{"@type":"WebSite","@id":"https:\/\/mastorrencito.com\/#website","url":"https:\/\/mastorrencito.com\/","name":"Mas Torrencito CAT","description":"Casa rural pet friendly en Girona","publisher":{"@id":"https:\/\/mastorrencito.com\/#organization"},"potentialAction":[{"@type":"SearchAction","target":{"@type":"EntryPoint","urlTemplate":"https:\/\/mastorrencito.com\/?s={search_term_string}"},"query-input":{"@type":"PropertyValueSpecification","valueRequired":true,"valueName":"search_term_string"}}],"inLanguage":"es"},{"@type":"Organization","@id":"https:\/\/mastorrencito.com\/#organization","name":"Mas Torrencito CAT","url":"https:\/\/mastorrencito.com\/","logo":{"@type":"ImageObject","inLanguage":"es","@id":"https:\/\/mastorrencito.com\/#\/schema\/logo\/image\/","url":"https:\/\/mastorrencito.com\/cat\/wp-content\/uploads\/sites\/3\/Logo-Mastorrencito-horizontal.webp","contentUrl":"https:\/\/mastorrencito.com\/cat\/wp-content\/uploads\/sites\/3\/Logo-Mastorrencito-horizontal.webp","width":161,"height":54,"caption":"Mas Torrencito CAT"},"image":{"@id":"https:\/\/mastorrencito.com\/#\/schema\/logo\/image\/"}},{"@type":"Person","@id":"https:\/\/mastorrencito.com\/#\/schema\/person\/18c619be80d4ae2667c702911625f790","name":"Mastorrencito","image":{"@type":"ImageObject","inLanguage":"es","@id":"https:\/\/secure.gravatar.com\/avatar\/3ef55e0519f987a734c21caee1423b51df7b760b7d81a38ecd31cab0a5115f6d?s=96&d=mm&r=g","url":"https:\/\/secure.gravatar.com\/avatar\/3ef55e0519f987a734c21caee1423b51df7b760b7d81a38ecd31cab0a5115f6d?s=96&d=mm&r=g","contentUrl":"https:\/\/secure.gravatar.com\/avatar\/3ef55e0519f987a734c21caee1423b51df7b760b7d81a38ecd31cab0a5115f6d?s=96&d=mm&r=g","caption":"Mastorrencito"},"url":"https:\/\/mastorrencito.com\/cat\/author\/mastorrencito\/"}]}},"acf":[],"_links":{"self":[{"href":"https:\/\/mastorrencito.com\/cat\/wp-json\/wp\/v2\/posts\/3968","targetHints":{"allow":["GET"]}}],"collection":[{"href":"https:\/\/mastorrencito.com\/cat\/wp-json\/wp\/v2\/posts"}],"about":[{"href":"https:\/\/mastorrencito.com\/cat\/wp-json\/wp\/v2\/types\/post"}],"author":[{"embeddable":true,"href":"https:\/\/mastorrencito.com\/cat\/wp-json\/wp\/v2\/users\/2"}],"replies":[{"embeddable":true,"href":"https:\/\/mastorrencito.com\/cat\/wp-json\/wp\/v2\/comments?post=3968"}],"version-history":[{"count":0,"href":"https:\/\/mastorrencito.com\/cat\/wp-json\/wp\/v2\/posts\/3968\/revisions"}],"wp:featuredmedia":[{"embeddable":true,"href":"https:\/\/mastorrencito.com\/cat\/wp-json\/wp\/v2\/media\/2179"}],"wp:attachment":[{"href":"https:\/\/mastorrencito.com\/cat\/wp-json\/wp\/v2\/media?parent=3968"}],"wp:term":[{"taxonomy":"category","embeddable":true,"href":"https:\/\/mastorrencito.com\/cat\/wp-json\/wp\/v2\/categories?post=3968"},{"taxonomy":"post_tag","embeddable":true,"href":"https:\/\/mastorrencito.com\/cat\/wp-json\/wp\/v2\/tags?post=3968"}],"curies":[{"name":"wp","href":"https:\/\/api.w.org\/{rel}","templated":true}]}}