{"id":3930,"date":"2025-03-25T06:06:47","date_gmt":"2025-03-25T06:06:47","guid":{"rendered":"https:\/\/casaruralconperrosgirona.com\/per-que-deu-ser-que-testimo-tant\/"},"modified":"2025-03-25T06:06:47","modified_gmt":"2025-03-25T06:06:47","slug":"per-que-deu-ser-que-testimo-tant","status":"publish","type":"post","link":"https:\/\/mastorrencito.com\/cat\/per-que-deu-ser-que-testimo-tant\/","title":{"rendered":"Per qu\u00e8 deu ser que t&#8217;estimo tant?"},"content":{"rendered":"\n<hr class=\"wp-block-separator has-alpha-channel-opacity\" \/>\n\n<p><strong><em>Aquesta frase ens l&#8217;hem dit molts, mirant el nostre gos mentre dorm als peus del sof\u00e0, o quan ens rep com si torn\u00e9ssim d&#8217;una guerra\u2026 despr\u00e9s de baixar nom\u00e9s les escombraries.<\/em><\/strong><\/p>\n\n<p>I la resposta no t\u00e9 misteri, ni poesia rebuscada.<br \/> \u00c9s simple, directa, i brutalment certa:<br \/><strong>Perqu\u00e8 com que t&#8217;estima un gos, no t&#8217;estimar\u00e0 ning\u00fa.<\/strong><\/p>\n\n<p>Un gos no t\u00e9 doble fons. No menteix. No juga amb segones intencions.<br \/> No et fa afecte nom\u00e9s si et portes b\u00e9. Te&#8217;l d\u00f3na perqu\u00e8 s\u00ed. Perqu\u00e8 ets la teva persona.   <\/p>\n\n<p>Ho d\u00f3nes per fet al principi, per\u00f2 amb el temps t&#8217;adones:<br \/> Aquest amor que no demana res, que est\u00e0 sempre, que no se&#8217;n va ni encara que tinguis un mal dia, ni encara que no tinguis ganes, ni encara que la vida t&#8217;estigui donant la volta\u2026<br \/> aquest amor <strong>val or<\/strong> . I no ho trobes f\u00e0cilment entre humans. <\/p>\n\n<p>De vegades, mentre veiem passar hist\u00f2ries a Mastorrencito, riem (per no plorar) del contradictori que pot arribar a ser l&#8217;\u00e9sser hum\u00e0.<br \/> Gent que t\u00e9 gossos i t\u00e9 por.<br \/> Propietaris que els porten com si fossin un moble decoratiu.<br \/> Altres que diuen estimar-los, per\u00f2 no saben ni com es diu el seu.<\/p>\n<figure class=\"wp-block-post-featured-image\"><img fetchpriority=\"high\" decoding=\"async\" width=\"1244\" height=\"2560\" src=\"https:\/\/mastorrencito.com\/cat\/wp-content\/uploads\/sites\/3\/masto-scaled-1.jpg\" class=\"attachment-post-thumbnail size-post-thumbnail wp-post-image\" alt=\"Masto en MasTorrencito\" style=\"object-fit:cover;\" srcset=\"https:\/\/mastorrencito.com\/cat\/wp-content\/uploads\/sites\/3\/masto-scaled-1.jpg 1244w, https:\/\/mastorrencito.com\/cat\/wp-content\/uploads\/sites\/3\/masto-scaled-1-146x300.jpg 146w, https:\/\/mastorrencito.com\/cat\/wp-content\/uploads\/sites\/3\/masto-scaled-1-498x1024.jpg 498w, https:\/\/mastorrencito.com\/cat\/wp-content\/uploads\/sites\/3\/masto-scaled-1-768x1580.jpg 768w, https:\/\/mastorrencito.com\/cat\/wp-content\/uploads\/sites\/3\/masto-scaled-1-746x1536.jpg 746w, https:\/\/mastorrencito.com\/cat\/wp-content\/uploads\/sites\/3\/masto-scaled-1-995x2048.jpg 995w\" sizes=\"(max-width: 1244px) 100vw, 1244px\" \/><\/figure>\n<p>I no obstant, aqu\u00ed s\u00f3n ells. Els gossos. Fidels, nobles, aguantant les nostres neures, les nostres abs\u00e8ncies, les nostres poca tra\u00e7a.<br \/> Molts saben m\u00e9s d&#8217;emocions humanes que els humans.  <\/p>\n\n<p>I si no, que preguntin a <strong>Manuela<\/strong> .<\/p>\n\n<p>Ahhh\u2026 Manuela.<br \/> Aquesta gossa tenia un radar que ni la CIA.<br \/> Era incre\u00efble.<br \/> Tu la veies a la recepci\u00f3 i sabies, nom\u00e9s per com mirava un client que acabava d&#8217;arribar, si la cosa anava b\u00e9\u2026 o millor preparar el bot\u00f3 de \u201ccancel\u00b7lar reserva\u201d.<\/p>\n\n<p>\u2014Coneixes aquest?<br \/>\u2014No. Primera vegada que ve. Per\u00f2 gaireb\u00e9 segur que tamb\u00e9 ser\u00e0 la darrera. <br \/>\u2014I com ho saps?<br \/>\u2014Perqu\u00e8 la Manuela n&#8217;ha passat com de menjar fang.<\/p>\n\n<p>I al final, zas!, tot encaixava. No fallava mai.<br \/> Era com si digu\u00e9s: <em>\u00abamb aquest, no vull tracte\u00bb<\/em> , i al cap de poca estona ja sab\u00edem per qu\u00e8.<br \/> I \u00e9s que ells, els gossos, ho fan olor. Ho noten.<br \/> Veuen coses que nosaltres triguem setmanes a detectar.<br \/> I no ho fan amb odi, ni amb prejudicis. Ho fan amb instint. Amb aquesta saviesa peluda que tenen els que <strong>no parlen, per\u00f2 ho diuen tot.<\/strong>    <\/p>\n\n<p>I \u00e9s per aix\u00f2, justament per aix\u00f2, que ens fan mal tant les p\u00e8rdues, que ens marquen els records, que en seguim parlant anys despr\u00e9s com si acabessin de sortir per la porta.<br \/> Perqu\u00e8 van deixar empremta. De la bona. De la qual no se&#8217;n va.<br \/> Perqu\u00e8 el seu amor no t\u00e9 data de caducitat.  <\/p>\n\n<hr class=\"wp-block-separator has-alpha-channel-opacity\" \/>\n\n<p><strong>Reflexi\u00f3 final<\/strong><\/p>\n\n<p>Tenir un gos no \u00e9s cap moda, ni caprici. \u00c9s un comprom\u00eds emocional dels de deb\u00f2.<br \/> \u00c9s un vincle pur que nom\u00e9s t&#8217;exigeix \u200b\u200buna cosa: ser-hi. <\/p>\n\n<p>Aix\u00ed que si tens la sort de compartir la teva vida amb un, valora&#8217;l.<br \/> No com un \u00abanimal\u00bb, sin\u00f3 com aquest \u00e9sser que va triar estimar-te <strong>sense condicions<\/strong> , encara que tu no sempre estiguis a l&#8217;al\u00e7ada.<\/p>\n\n<p>I si no ho has tingut encara, no te&#8217;n compres un.<br \/> Guanya&#8217;t un.<\/p>\n\n<p>Perqu\u00e8 quan un gos et d\u00f3na el cor\u2026<br \/><strong>t&#8217;ho est\u00e0s jugant tot.<\/strong><br \/> I creu-me: val la pena.<\/p>\n\n<hr class=\"wp-block-separator has-alpha-channel-opacity\" \/>\n\n<blockquote class=\"wp-block-quote is-layout-flow wp-block-quote-is-layout-flow\">\n<p>Des de MasTorrencito et desitgem un bon dia i que els teus gossos t&#8217;acompanyin!!<\/p>\n<\/blockquote>\n\n<p>\u2014\u2013<br \/> Si vols, pot veure els nostres <strong>bons per caps de setmana, bons jubilats<\/strong> , a un preu incre\u00efble.. entra a <a href=\"https:\/\/www.mastorrencito.com\/\">www.mastorrencito.com<\/a> o si vols podeu llegir m\u00e9s hist\u00f2ria i an\u00e8cdotes que ens <a href=\"https:\/\/mastorrencito.com\/es\/\">han<\/a> passat a MasTorrencito\u2026<\/p>\n","protected":false},"excerpt":{"rendered":"<p>Aquesta frase ens l&#8217;hem dit molts, mirant el nostre gos mentre dorm als peus del sof\u00e0, o quan ens rep com si torn\u00e9ssim d&#8217;una guerra\u2026 despr\u00e9s de baixar nom\u00e9s les escombraries. I la resposta no t\u00e9 misteri, ni poesia rebuscada. \u00c9s simple, directa, i brutalment certa:Perqu\u00e8 com que t&#8217;estima un gos, no t&#8217;estimar\u00e0 ning\u00fa. Un [&hellip;]<\/p>\n","protected":false},"author":2,"featured_media":3926,"comment_status":"open","ping_status":"closed","sticky":false,"template":"","format":"standard","meta":{"_acf_changed":false,"footnotes":""},"categories":[35],"tags":[],"class_list":["post-3930","post","type-post","status-publish","format-standard","has-post-thumbnail","hentry","category-histories-mastorrencito"],"yoast_head":"<!-- This site is optimized with the Yoast SEO Premium plugin v27.3 (Yoast SEO v27.5) - https:\/\/yoast.com\/product\/yoast-seo-premium-wordpress\/ -->\n<title>Per qu\u00e8 deu ser que t&#039;estimo tant? - Mas Torrencito CAT<\/title>\n<meta name=\"description\" content=\"I \u00e9s que com vol un operro al seu amo... no hi ha res comparanble... ja li pot fer que... Per qu\u00e8 deu ser que t&#039;estimo tant?\" \/>\n<meta name=\"robots\" content=\"index, follow, max-snippet:-1, max-image-preview:large, max-video-preview:-1\" \/>\n<link rel=\"canonical\" href=\"https:\/\/mastorrencito.com\/cat\/per-que-deu-ser-que-testimo-tant\/\" \/>\n<meta property=\"og:locale\" content=\"es_ES\" \/>\n<meta property=\"og:type\" content=\"article\" \/>\n<meta property=\"og:title\" content=\"Per qu\u00e8 deu ser que t&#039;estimo tant?\" \/>\n<meta property=\"og:description\" content=\"I \u00e9s que com vol un operro al seu amo... no hi ha res comparanble... ja li pot fer que... Per qu\u00e8 deu ser que t&#039;estimo tant?\" \/>\n<meta property=\"og:url\" content=\"https:\/\/mastorrencito.com\/cat\/per-que-deu-ser-que-testimo-tant\/\" \/>\n<meta property=\"og:site_name\" content=\"Mas Torrencito CAT\" \/>\n<meta property=\"article:published_time\" content=\"2025-03-25T06:06:47+00:00\" \/>\n<meta property=\"og:image\" content=\"https:\/\/mastorrencito.com\/cat\/wp-content\/uploads\/sites\/3\/masto-scaled-1.jpg\" \/>\n\t<meta property=\"og:image:width\" content=\"1244\" \/>\n\t<meta property=\"og:image:height\" content=\"2560\" \/>\n\t<meta property=\"og:image:type\" content=\"image\/jpeg\" \/>\n<meta name=\"author\" content=\"Mastorrencito\" \/>\n<meta name=\"twitter:card\" content=\"summary_large_image\" \/>\n<meta name=\"twitter:label1\" content=\"Escrito por\" \/>\n\t<meta name=\"twitter:data1\" content=\"Mastorrencito\" \/>\n\t<meta name=\"twitter:label2\" content=\"Tiempo de lectura\" \/>\n\t<meta name=\"twitter:data2\" content=\"3 minutos\" \/>\n<script type=\"application\/ld+json\" class=\"yoast-schema-graph\">{\"@context\":\"https:\\\/\\\/schema.org\",\"@graph\":[{\"@type\":\"Article\",\"@id\":\"https:\\\/\\\/mastorrencito.com\\\/cat\\\/per-que-deu-ser-que-testimo-tant\\\/#article\",\"isPartOf\":{\"@id\":\"https:\\\/\\\/mastorrencito.com\\\/cat\\\/per-que-deu-ser-que-testimo-tant\\\/\"},\"author\":{\"name\":\"Mastorrencito\",\"@id\":\"https:\\\/\\\/mastorrencito.com\\\/#\\\/schema\\\/person\\\/18c619be80d4ae2667c702911625f790\"},\"headline\":\"Per qu\u00e8 deu ser que t&#8217;estimo tant?\",\"datePublished\":\"2025-03-25T06:06:47+00:00\",\"mainEntityOfPage\":{\"@id\":\"https:\\\/\\\/mastorrencito.com\\\/cat\\\/per-que-deu-ser-que-testimo-tant\\\/\"},\"wordCount\":631,\"commentCount\":0,\"publisher\":{\"@id\":\"https:\\\/\\\/mastorrencito.com\\\/#organization\"},\"image\":{\"@id\":\"https:\\\/\\\/mastorrencito.com\\\/cat\\\/per-que-deu-ser-que-testimo-tant\\\/#primaryimage\"},\"thumbnailUrl\":\"https:\\\/\\\/mastorrencito.com\\\/cat\\\/wp-content\\\/uploads\\\/sites\\\/3\\\/masto-scaled-1.jpg\",\"articleSection\":[\"Hist\u00f2ries Mastorrencito\"],\"inLanguage\":\"es\",\"potentialAction\":[{\"@type\":\"CommentAction\",\"name\":\"Comment\",\"target\":[\"https:\\\/\\\/mastorrencito.com\\\/cat\\\/per-que-deu-ser-que-testimo-tant\\\/#respond\"]}]},{\"@type\":\"WebPage\",\"@id\":\"https:\\\/\\\/mastorrencito.com\\\/cat\\\/per-que-deu-ser-que-testimo-tant\\\/\",\"url\":\"https:\\\/\\\/mastorrencito.com\\\/cat\\\/per-que-deu-ser-que-testimo-tant\\\/\",\"name\":\"Per qu\u00e8 deu ser que t'estimo tant? - Mas Torrencito CAT\",\"isPartOf\":{\"@id\":\"https:\\\/\\\/mastorrencito.com\\\/#website\"},\"primaryImageOfPage\":{\"@id\":\"https:\\\/\\\/mastorrencito.com\\\/cat\\\/per-que-deu-ser-que-testimo-tant\\\/#primaryimage\"},\"image\":{\"@id\":\"https:\\\/\\\/mastorrencito.com\\\/cat\\\/per-que-deu-ser-que-testimo-tant\\\/#primaryimage\"},\"thumbnailUrl\":\"https:\\\/\\\/mastorrencito.com\\\/cat\\\/wp-content\\\/uploads\\\/sites\\\/3\\\/masto-scaled-1.jpg\",\"datePublished\":\"2025-03-25T06:06:47+00:00\",\"description\":\"I \u00e9s que com vol un operro al seu amo... no hi ha res comparanble... ja li pot fer que... Per qu\u00e8 deu ser que t'estimo tant?\",\"breadcrumb\":{\"@id\":\"https:\\\/\\\/mastorrencito.com\\\/cat\\\/per-que-deu-ser-que-testimo-tant\\\/#breadcrumb\"},\"inLanguage\":\"es\",\"potentialAction\":[{\"@type\":\"ReadAction\",\"target\":[\"https:\\\/\\\/mastorrencito.com\\\/cat\\\/per-que-deu-ser-que-testimo-tant\\\/\"]}]},{\"@type\":\"ImageObject\",\"inLanguage\":\"es\",\"@id\":\"https:\\\/\\\/mastorrencito.com\\\/cat\\\/per-que-deu-ser-que-testimo-tant\\\/#primaryimage\",\"url\":\"https:\\\/\\\/mastorrencito.com\\\/cat\\\/wp-content\\\/uploads\\\/sites\\\/3\\\/masto-scaled-1.jpg\",\"contentUrl\":\"https:\\\/\\\/mastorrencito.com\\\/cat\\\/wp-content\\\/uploads\\\/sites\\\/3\\\/masto-scaled-1.jpg\",\"width\":1244,\"height\":2560,\"caption\":\"Masto en MasTorrencito\"},{\"@type\":\"BreadcrumbList\",\"@id\":\"https:\\\/\\\/mastorrencito.com\\\/cat\\\/per-que-deu-ser-que-testimo-tant\\\/#breadcrumb\",\"itemListElement\":[{\"@type\":\"ListItem\",\"position\":1,\"name\":\"Portada\",\"item\":\"https:\\\/\\\/mastorrencito.com\\\/\"},{\"@type\":\"ListItem\",\"position\":2,\"name\":\"Per qu\u00e8 deu ser que t&#8217;estimo tant?\"}]},{\"@type\":\"WebSite\",\"@id\":\"https:\\\/\\\/mastorrencito.com\\\/#website\",\"url\":\"https:\\\/\\\/mastorrencito.com\\\/\",\"name\":\"Mas Torrencito CAT\",\"description\":\"Casa rural pet friendly en Girona\",\"publisher\":{\"@id\":\"https:\\\/\\\/mastorrencito.com\\\/#organization\"},\"potentialAction\":[{\"@type\":\"SearchAction\",\"target\":{\"@type\":\"EntryPoint\",\"urlTemplate\":\"https:\\\/\\\/mastorrencito.com\\\/?s={search_term_string}\"},\"query-input\":{\"@type\":\"PropertyValueSpecification\",\"valueRequired\":true,\"valueName\":\"search_term_string\"}}],\"inLanguage\":\"es\"},{\"@type\":\"Organization\",\"@id\":\"https:\\\/\\\/mastorrencito.com\\\/#organization\",\"name\":\"Mas Torrencito CAT\",\"url\":\"https:\\\/\\\/mastorrencito.com\\\/\",\"logo\":{\"@type\":\"ImageObject\",\"inLanguage\":\"es\",\"@id\":\"https:\\\/\\\/mastorrencito.com\\\/#\\\/schema\\\/logo\\\/image\\\/\",\"url\":\"https:\\\/\\\/mastorrencito.com\\\/cat\\\/wp-content\\\/uploads\\\/sites\\\/3\\\/Logo-Mastorrencito-horizontal.webp\",\"contentUrl\":\"https:\\\/\\\/mastorrencito.com\\\/cat\\\/wp-content\\\/uploads\\\/sites\\\/3\\\/Logo-Mastorrencito-horizontal.webp\",\"width\":161,\"height\":54,\"caption\":\"Mas Torrencito CAT\"},\"image\":{\"@id\":\"https:\\\/\\\/mastorrencito.com\\\/#\\\/schema\\\/logo\\\/image\\\/\"}},{\"@type\":\"Person\",\"@id\":\"https:\\\/\\\/mastorrencito.com\\\/#\\\/schema\\\/person\\\/18c619be80d4ae2667c702911625f790\",\"name\":\"Mastorrencito\",\"image\":{\"@type\":\"ImageObject\",\"inLanguage\":\"es\",\"@id\":\"https:\\\/\\\/secure.gravatar.com\\\/avatar\\\/3ef55e0519f987a734c21caee1423b51df7b760b7d81a38ecd31cab0a5115f6d?s=96&d=mm&r=g\",\"url\":\"https:\\\/\\\/secure.gravatar.com\\\/avatar\\\/3ef55e0519f987a734c21caee1423b51df7b760b7d81a38ecd31cab0a5115f6d?s=96&d=mm&r=g\",\"contentUrl\":\"https:\\\/\\\/secure.gravatar.com\\\/avatar\\\/3ef55e0519f987a734c21caee1423b51df7b760b7d81a38ecd31cab0a5115f6d?s=96&d=mm&r=g\",\"caption\":\"Mastorrencito\"},\"url\":\"https:\\\/\\\/mastorrencito.com\\\/cat\\\/author\\\/mastorrencito\\\/\"}]}<\/script>\n<!-- \/ Yoast SEO Premium plugin. -->","yoast_head_json":{"title":"Per qu\u00e8 deu ser que t'estimo tant? - Mas Torrencito CAT","description":"I \u00e9s que com vol un operro al seu amo... no hi ha res comparanble... ja li pot fer que... Per qu\u00e8 deu ser que t'estimo tant?","robots":{"index":"index","follow":"follow","max-snippet":"max-snippet:-1","max-image-preview":"max-image-preview:large","max-video-preview":"max-video-preview:-1"},"canonical":"https:\/\/mastorrencito.com\/cat\/per-que-deu-ser-que-testimo-tant\/","og_locale":"es_ES","og_type":"article","og_title":"Per qu\u00e8 deu ser que t'estimo tant?","og_description":"I \u00e9s que com vol un operro al seu amo... no hi ha res comparanble... ja li pot fer que... Per qu\u00e8 deu ser que t'estimo tant?","og_url":"https:\/\/mastorrencito.com\/cat\/per-que-deu-ser-que-testimo-tant\/","og_site_name":"Mas Torrencito CAT","article_published_time":"2025-03-25T06:06:47+00:00","og_image":[{"width":1244,"height":2560,"url":"https:\/\/mastorrencito.com\/cat\/wp-content\/uploads\/sites\/3\/masto-scaled-1.jpg","type":"image\/jpeg"}],"author":"Mastorrencito","twitter_card":"summary_large_image","twitter_misc":{"Escrito por":"Mastorrencito","Tiempo de lectura":"3 minutos"},"schema":{"@context":"https:\/\/schema.org","@graph":[{"@type":"Article","@id":"https:\/\/mastorrencito.com\/cat\/per-que-deu-ser-que-testimo-tant\/#article","isPartOf":{"@id":"https:\/\/mastorrencito.com\/cat\/per-que-deu-ser-que-testimo-tant\/"},"author":{"name":"Mastorrencito","@id":"https:\/\/mastorrencito.com\/#\/schema\/person\/18c619be80d4ae2667c702911625f790"},"headline":"Per qu\u00e8 deu ser que t&#8217;estimo tant?","datePublished":"2025-03-25T06:06:47+00:00","mainEntityOfPage":{"@id":"https:\/\/mastorrencito.com\/cat\/per-que-deu-ser-que-testimo-tant\/"},"wordCount":631,"commentCount":0,"publisher":{"@id":"https:\/\/mastorrencito.com\/#organization"},"image":{"@id":"https:\/\/mastorrencito.com\/cat\/per-que-deu-ser-que-testimo-tant\/#primaryimage"},"thumbnailUrl":"https:\/\/mastorrencito.com\/cat\/wp-content\/uploads\/sites\/3\/masto-scaled-1.jpg","articleSection":["Hist\u00f2ries Mastorrencito"],"inLanguage":"es","potentialAction":[{"@type":"CommentAction","name":"Comment","target":["https:\/\/mastorrencito.com\/cat\/per-que-deu-ser-que-testimo-tant\/#respond"]}]},{"@type":"WebPage","@id":"https:\/\/mastorrencito.com\/cat\/per-que-deu-ser-que-testimo-tant\/","url":"https:\/\/mastorrencito.com\/cat\/per-que-deu-ser-que-testimo-tant\/","name":"Per qu\u00e8 deu ser que t'estimo tant? - Mas Torrencito CAT","isPartOf":{"@id":"https:\/\/mastorrencito.com\/#website"},"primaryImageOfPage":{"@id":"https:\/\/mastorrencito.com\/cat\/per-que-deu-ser-que-testimo-tant\/#primaryimage"},"image":{"@id":"https:\/\/mastorrencito.com\/cat\/per-que-deu-ser-que-testimo-tant\/#primaryimage"},"thumbnailUrl":"https:\/\/mastorrencito.com\/cat\/wp-content\/uploads\/sites\/3\/masto-scaled-1.jpg","datePublished":"2025-03-25T06:06:47+00:00","description":"I \u00e9s que com vol un operro al seu amo... no hi ha res comparanble... ja li pot fer que... Per qu\u00e8 deu ser que t'estimo tant?","breadcrumb":{"@id":"https:\/\/mastorrencito.com\/cat\/per-que-deu-ser-que-testimo-tant\/#breadcrumb"},"inLanguage":"es","potentialAction":[{"@type":"ReadAction","target":["https:\/\/mastorrencito.com\/cat\/per-que-deu-ser-que-testimo-tant\/"]}]},{"@type":"ImageObject","inLanguage":"es","@id":"https:\/\/mastorrencito.com\/cat\/per-que-deu-ser-que-testimo-tant\/#primaryimage","url":"https:\/\/mastorrencito.com\/cat\/wp-content\/uploads\/sites\/3\/masto-scaled-1.jpg","contentUrl":"https:\/\/mastorrencito.com\/cat\/wp-content\/uploads\/sites\/3\/masto-scaled-1.jpg","width":1244,"height":2560,"caption":"Masto en MasTorrencito"},{"@type":"BreadcrumbList","@id":"https:\/\/mastorrencito.com\/cat\/per-que-deu-ser-que-testimo-tant\/#breadcrumb","itemListElement":[{"@type":"ListItem","position":1,"name":"Portada","item":"https:\/\/mastorrencito.com\/"},{"@type":"ListItem","position":2,"name":"Per qu\u00e8 deu ser que t&#8217;estimo tant?"}]},{"@type":"WebSite","@id":"https:\/\/mastorrencito.com\/#website","url":"https:\/\/mastorrencito.com\/","name":"Mas Torrencito CAT","description":"Casa rural pet friendly en Girona","publisher":{"@id":"https:\/\/mastorrencito.com\/#organization"},"potentialAction":[{"@type":"SearchAction","target":{"@type":"EntryPoint","urlTemplate":"https:\/\/mastorrencito.com\/?s={search_term_string}"},"query-input":{"@type":"PropertyValueSpecification","valueRequired":true,"valueName":"search_term_string"}}],"inLanguage":"es"},{"@type":"Organization","@id":"https:\/\/mastorrencito.com\/#organization","name":"Mas Torrencito CAT","url":"https:\/\/mastorrencito.com\/","logo":{"@type":"ImageObject","inLanguage":"es","@id":"https:\/\/mastorrencito.com\/#\/schema\/logo\/image\/","url":"https:\/\/mastorrencito.com\/cat\/wp-content\/uploads\/sites\/3\/Logo-Mastorrencito-horizontal.webp","contentUrl":"https:\/\/mastorrencito.com\/cat\/wp-content\/uploads\/sites\/3\/Logo-Mastorrencito-horizontal.webp","width":161,"height":54,"caption":"Mas Torrencito CAT"},"image":{"@id":"https:\/\/mastorrencito.com\/#\/schema\/logo\/image\/"}},{"@type":"Person","@id":"https:\/\/mastorrencito.com\/#\/schema\/person\/18c619be80d4ae2667c702911625f790","name":"Mastorrencito","image":{"@type":"ImageObject","inLanguage":"es","@id":"https:\/\/secure.gravatar.com\/avatar\/3ef55e0519f987a734c21caee1423b51df7b760b7d81a38ecd31cab0a5115f6d?s=96&d=mm&r=g","url":"https:\/\/secure.gravatar.com\/avatar\/3ef55e0519f987a734c21caee1423b51df7b760b7d81a38ecd31cab0a5115f6d?s=96&d=mm&r=g","contentUrl":"https:\/\/secure.gravatar.com\/avatar\/3ef55e0519f987a734c21caee1423b51df7b760b7d81a38ecd31cab0a5115f6d?s=96&d=mm&r=g","caption":"Mastorrencito"},"url":"https:\/\/mastorrencito.com\/cat\/author\/mastorrencito\/"}]}},"acf":[],"_links":{"self":[{"href":"https:\/\/mastorrencito.com\/cat\/wp-json\/wp\/v2\/posts\/3930","targetHints":{"allow":["GET"]}}],"collection":[{"href":"https:\/\/mastorrencito.com\/cat\/wp-json\/wp\/v2\/posts"}],"about":[{"href":"https:\/\/mastorrencito.com\/cat\/wp-json\/wp\/v2\/types\/post"}],"author":[{"embeddable":true,"href":"https:\/\/mastorrencito.com\/cat\/wp-json\/wp\/v2\/users\/2"}],"replies":[{"embeddable":true,"href":"https:\/\/mastorrencito.com\/cat\/wp-json\/wp\/v2\/comments?post=3930"}],"version-history":[{"count":0,"href":"https:\/\/mastorrencito.com\/cat\/wp-json\/wp\/v2\/posts\/3930\/revisions"}],"wp:featuredmedia":[{"embeddable":true,"href":"https:\/\/mastorrencito.com\/cat\/wp-json\/wp\/v2\/media\/3926"}],"wp:attachment":[{"href":"https:\/\/mastorrencito.com\/cat\/wp-json\/wp\/v2\/media?parent=3930"}],"wp:term":[{"taxonomy":"category","embeddable":true,"href":"https:\/\/mastorrencito.com\/cat\/wp-json\/wp\/v2\/categories?post=3930"},{"taxonomy":"post_tag","embeddable":true,"href":"https:\/\/mastorrencito.com\/cat\/wp-json\/wp\/v2\/tags?post=3930"}],"curies":[{"name":"wp","href":"https:\/\/api.w.org\/{rel}","templated":true}]}}