{"id":3886,"date":"2025-03-18T05:54:54","date_gmt":"2025-03-18T05:54:54","guid":{"rendered":"https:\/\/casaruralconperrosgirona.com\/cronica-duns-dies-passats-per-aigua-i-fang-i-edredons-i-crocks-i-mastitwo\/"},"modified":"2025-03-18T05:54:54","modified_gmt":"2025-03-18T05:54:54","slug":"cronica-duns-dies-passats-per-aigua-i-fang-i-edredons-i-crocks-i-mastitwo","status":"publish","type":"post","link":"https:\/\/mastorrencito.com\/cat\/cronica-duns-dies-passats-per-aigua-i-fang-i-edredons-i-crocks-i-mastitwo\/","title":{"rendered":"Cr\u00f2nica d\u00b4uns dies passats per aigua i fang, i edredons, i crocks\u2026 i Mastitwo"},"content":{"rendered":"\n<p>\u2014 Quina tela, Mastitwo\u2026 quin dies portem, eh?<\/p>\n\n<p>Mastitwo aixeca el cap, badalla, i torna a posar-la sobre les potes. Aquest gest seu de \u201cjo aqu\u00ed nom\u00e9s observo, tu t&#8217;aclaparas sol\u201d. <\/p>\n\n<p>Jo que pensava que serien uns dies tranquils. Que la cosa fluiria. Que per una vegada, l&#8217;univers em deixaria en pau. Quin il\u00b7l\u00fas.<br \/> Perqu\u00e8 \u00e9s clar, comen\u00e7a a ploure\u2026 per\u00f2 no a ploure \u201cnormal\u201d. No. Pluja d&#8217;aquella de la qual fa soroll fins i tot dins de casa, que ressona, que colpeja finestres, teulades, canalons\u2026 pluja de la qual saps que portar\u00e0 problemes abans que els problemes arribin.     <\/p>\n\n<p>I aix\u00ed va ser. Perqu\u00e8 quan aqu\u00ed plou fort, el caos comen\u00e7a a desplegar-se. \u00c9s com una cadena de fitxes de d\u00f2mino. Si no salta un diferencial, en salta un altre. Si no \u00e9s la calefacci\u00f3, \u00e9s la llum. I, si no, \u00e9s l&#8217;aigua. Sempre hi ha alguna cosa que falla. Sempre.       <\/p>\n\n<p>\u2014Aix\u00f2 \u00e9s una guerra, Mastitwo. Jo contra la casa. A veure qui aguanta m\u00e9s.  <br \/>Ell em mira de re\u00fcll i es canvia de postura. Ni cas. \u00c9s clar, ell dorm igual encara que tot s&#8217;estigui enfonsant.  <\/p>\n\n<p>I per si no n&#8217;hi hagu\u00e9s prou\u2026 la bugaderia.<\/p>\n\n<p>Perqu\u00e8 clar, plou i tu, estimat perra, decideixes que \u00e9s bona idea rebolcar-te al fang. Una, dues, tres vegades. Surts a pixar, tornes amb mig camp enganxat a les potes. I \u00e9s clar, en una distracci\u00f3\u2026 zas! al llit. AL LLIT. I no a un cobrellit qualsevol, no. Als edredons grans, els de 2&#215;2, els grossos, els dhivern.      <\/p>\n\n<p>\u2014Per\u00f2 oncle\u2026 de deb\u00f2?<br \/>Mastitwo ni s&#8217;immuta. Es tira panxa enlaire. A sobre orgull\u00f3s.  <\/p>\n\n<p>I aqu\u00ed em tens el diumenge i el dilluns: rentadora va, rentadora ve. A banda de les habitacions normals, sis edredons gegants, plens d&#8217;empremtes de fang. I el fang, compte, que no se&#8217;n va aix\u00ed com aix\u00ed.<br \/> \u2014 Ni la sang costa tant, t&#8217;ho juro.<br \/> Li ho dic mentre intento treure una taca amb llevataques triple acci\u00f3, fregant com si estigu\u00e9s polit una porta.  <\/p>\n\n<figure class=\"wp-block-video\"><video height=\"848\" style=\"aspect-ratio: 480 \/ 848;\" width=\"480\" autoplay=\"\" controls=\"\" muted=\"\" poster=\"https:\/\/mastorrencito.com\/wp-content\/uploads\/MastiTWOx.jpg\" src=\"https:\/\/mastorrencito.com\/wp-content\/uploads\/mastitwoY.mp4\"><\/video><\/figure>\n<p>Les rentadores no han parat. Literal. Una darrere l&#8217;altra. Assecadores igual. Em faltava penjar una tovallola del coll i ja semblava l?encarregat d?una tintoreria industrial.    <br \/>\u2014 Pobres m\u00e0quines, ens denunciaran per explotaci\u00f3.<\/p>\n\n<p>I \u00e9s clar, com que aqu\u00ed les desgr\u00e0cies no v\u00e9nen soles, aix\u00f2 de l&#8217;aigua havia d&#8217;arribar.<br \/> Ahir. 4:30 del mat\u00ed. M&#8217;aixeco. Mig adormit, per\u00f2 amb el pilot autom\u00e0tic posat. Baix a la cuina. Aix\u00f2 de sempre: encenc la cafetera, obro el calaix, trec les pastilles.     <\/p>\n\n<p>\u2014Mira, Mastitwo. Cinc ja, tu t&#8217;ho pots creure? Cinc pastilles al dia. I jo amb \u00e0nima de noia de vint anys. Per\u00f2 el cos va per lliure, el cabr\u00f3.<br \/> Mastitwo badalla forta, per deixar clar que a ell l&#8217;edat no l&#8217;afecta.    <\/p>\n\n<p>I just quan em prendr\u00e9 el c\u00f2ctel farmac\u00e8utic\u2026 obro l&#8217;aixeta.<\/p>\n\n<p>Res.<\/p>\n\n<p>Silenci.<\/p>\n\n<p>Ni una gota.<\/p>\n\n<p>\u2014 NOOO! No em fotis! <br \/>I ja ho saps. Quan no hi ha aigua a aquesta hora\u2026 el cor se&#8217;m puja a la gola. Microinfart. Suor freda. Comen\u00e7o a repassar mentalment: les bombes? els dip\u00f2sits? s&#8217;haur\u00e0 fos alguna cosa?      <\/p>\n\n<p>Baix directe a la sala de dip\u00f2sits. Obro la tapa. Buits. 4.000 litres, desapareguts. Aigua: zero.    <\/p>\n\n<p>Comen\u00e7o a revisar-ho tot. Bombes internes: ok. El sensor que detecta quan cal omplir: funcionant. Quadre el\u00e8ctric de casa: tot correcte. Aleshores ja nom\u00e9s queda una cosa.    <\/p>\n\n<p>\u2014Anem al pou, Mastitwo.<br \/> Ni es mou. Ell sap qu\u00e8 ve. I que es mullar\u00e0, segur.  <\/p>\n\n<p>M&#8217;acosto a l&#8217;armari el\u00e8ctric del pou. Llums encesos, tot aparentment b\u00e9. <br \/>-Genial. Tant de bo hagu\u00e9s estat un diferencial.  Per\u00f2 no. Ha de ser la bomba. \u00c9s clar que s\u00ed. <\/p>\n\n<p>I aqu\u00ed comen\u00e7a el via crucis.<\/p>\n\n<p>S\u00f3n les cinc, continua plovent. Jo a crocks. Miro l&#8217;armari de les botes. Buit.   <\/p>\n\n<p>\u2014 On s\u00f3n les meves botes? Tu les has amagat, Mastitwo? <br \/>Ell ni parpelleja. De vegades penso que ho fa a prop\u00f2sit. <\/p>\n\n<p>Doncs res, sota aix\u00ed. Pendent relliscosa, crocks que no agafen res, fang per tot arreu. <br \/>\u2014Em matar\u00e9. Ho estic veient.<br \/> Resbaleu. Em salvo de miracle. Continuo baixant. Arribo al rierol. El creuo. I tot just trepitjar\u2026 flashsshhh! Crocks enterrades al fang. Una se&#8217;m queda atrapada. El peu se&#8217;m surt. Em quedo mig descal\u00e7 a l&#8217;aigua.          <\/p>\n\n<p>\u2014 Perfecte. Meravell\u00f3s. Aix\u00f2 ja \u00e9s c\u00f2mic.<br \/> Recupero la crock. Creuo com puc. Arribo al pou. Obre. I \u00e9s aqu\u00ed: la m\u00e0nega que connecta la bomba amb la canonada, deixa anar. La bomba cremada. Fosa. Morta. \ud83d\ude29  <\/p>\n\n<p>\u2014 Toca&#8217;t els collons!<br \/>No me&#8217;n queda cap altra. Pujo la bomba. La desmunto. Torno a casa. Agafo la de recanvi (perqu\u00e8 en aquesta vida, si no tens almenys dues bombes de tot, no sobrevius). Torno al pou. Instal\u00b7lo. Connecto. Torno al quadre el\u00e8ctric. Encenc.         <\/p>\n\n<p>Silenci.<\/p>\n\n<p>I de cop\u2026 el soroll glori\u00f3s de l&#8217;aigua. Aigua omplint els dip\u00f2sits. Aigua a mansalva. \ud83d\udca6<br \/> \u2014S\u00cd! VICT\u00d2RIA! <br \/>Miro Mastitwo. Ell em mira com si digu\u00e9s \u201cb\u00e9, ja era hora, no?\u201d <\/p>\n\n<p>Respir. S\u00f3n les 6:10. Tot solucionat. Ning\u00fa no se n&#8217;ha assabentat. Com si no hagu\u00e9s passat res.    <\/p>\n\n<p>Perqu\u00e8 \u00e9s clar\u2026 aquestes coses no passen quan la casa \u00e9s buida. No. Han de passar de matinada. Amb hostes. I pluja. Si no, no t\u00e9 gr\u00e0cia.     <\/p>\n\n<p>Mastitwo se sacseja el fang, es tomba al seu rac\u00f3, i jo em quedo aqu\u00ed, amb els peus mullats, mig tremolant, pensant nom\u00e9s una cosa:<\/p>\n\n<p>\u2014I encara em queda posar la rentadora del darrer edred\u00f3.<\/p>\n\n<hr class=\"wp-block-separator has-alpha-channel-opacity\" \/>\n\n<p><strong>Reflexi\u00f3 final<\/strong><\/p>\n\n<p>Suposo que tot aix\u00f2, al final, no \u00e9s m\u00e9s que un resum for\u00e7a clar del que significa viure aix\u00ed: al mig del camp, envoltat de natura, gestionant una casa viva que, de vegades, sembla tenir m\u00e9s car\u00e0cter que un mateix.<\/p>\n\n<p>I no, no \u00e9s aquesta vida id\u00edl\u00b7lica que alguns imaginen des de la ciutat, amb fotos de xemeneies enceses i esmorzars buc\u00f2lics. No. \u00c9s fang, \u00e9s humitat, s\u00f3n bombes que es cremen, crocks que s&#8217;enfonsen, edredons amb empremtes de gos i rentadores a la vora del col\u00b7lapse.  <\/p>\n\n<p>Per\u00f2 tamb\u00e9 \u00e9s aix\u00f2: saber reaccionar mig adormit, arreglar una avaria abans de l&#8217;alba i que ning\u00fa noti res. \u00c9s aquesta absurda sensaci\u00f3 d&#8217;orgull silenci\u00f3s per haver salvat el dia sense que ning\u00fa no ho s\u00e0piga. Perqu\u00e8 aqu\u00ed, o aprens a resoldre-ho tot sol, o la casa et passa per sobre.  <\/p>\n\n<p>I s\u00ed, de vegades et preguntes per qu\u00e8 ho fas. Per qu\u00e8 no vas anar a viure a un pis amb porter autom\u00e0tic i calefacci\u00f3 central. Per\u00f2 despr\u00e9s t&#8217;adones que, encara que sigui un caos, \u00e9s el teu caos. I que fins i tot amb fang fins a les celles i amb Mastitwo ple d&#8217;empremtes, aix\u00f2 tamb\u00e9 t\u00e9 sentit.   <\/p>\n\n<p>Potser no \u00e9s tranquil\u00b7litat all\u00f2 que hom busca\u2026 sin\u00f3 certa dignitat dins del desastre. I escolta, si almenys tens aigua calenta al final del dia, ja \u00e9s una vict\u00f2ria. <\/p>\n\n<blockquote class=\"wp-block-quote is-layout-flow wp-block-quote-is-layout-flow\">\n<p>Des de MasTorrencito et desitgem un bon dia i que els teus gossos t&#8217;acompanyin!!<\/p>\n<\/blockquote>\n\n<p>\u2014\u2013<br \/> Si vols, pot veure els nostres <strong>bons per caps de setmana, bons jubilats<\/strong> , a un preu incre\u00efble.. entra a <a href=\"https:\/\/www.mastorrencito.com\/\">www.mastorrencito.com<\/a> o si vols podeu llegir m\u00e9s hist\u00f2ria i an\u00e8cdotes que ens <a href=\"https:\/\/mastorrencito.com\/es\/\">han<\/a> passat a MasTorrencito\u2026<\/p>\n\n<p><\/p>\n","protected":false},"excerpt":{"rendered":"<p>\u2014 Quina tela, Mastitwo\u2026 quin dies portem, eh? Mastitwo aixeca el cap, badalla, i torna a posar-la sobre les potes. Aquest gest seu de \u201cjo aqu\u00ed nom\u00e9s observo, tu t&#8217;aclaparas sol\u201d. Jo que pensava que serien uns dies tranquils. Que la cosa fluiria. Que per una vegada, l&#8217;univers em deixaria en pau. Quin il\u00b7l\u00fas. Perqu\u00e8 [&hellip;]<\/p>\n","protected":false},"author":2,"featured_media":3881,"comment_status":"open","ping_status":"closed","sticky":false,"template":"","format":"standard","meta":{"_acf_changed":false,"footnotes":""},"categories":[35],"tags":[],"class_list":["post-3886","post","type-post","status-publish","format-standard","has-post-thumbnail","hentry","category-histories-mastorrencito"],"yoast_head":"<!-- This site is optimized with the Yoast SEO Premium plugin v27.3 (Yoast SEO v27.5) - https:\/\/yoast.com\/product\/yoast-seo-premium-wordpress\/ -->\n<title>Cr\u00f2nica d\u00b4uns dies passats per aigua i fang, i edredons, i crocks\u2026 i Mastitwo - Mas Torrencito CAT<\/title>\n<meta name=\"description\" content=\"Si \u00e9s que quan ha de passar les coses no va d&#039;un en un.. Cr\u00f2nica d&#039;uns dies passats per aigua i fang, i edredons, i crock...\" \/>\n<meta name=\"robots\" content=\"index, follow, max-snippet:-1, max-image-preview:large, max-video-preview:-1\" \/>\n<link rel=\"canonical\" href=\"https:\/\/mastorrencito.com\/cat\/cronica-duns-dies-passats-per-aigua-i-fang-i-edredons-i-crocks-i-mastitwo\/\" \/>\n<meta property=\"og:locale\" content=\"es_ES\" \/>\n<meta property=\"og:type\" content=\"article\" \/>\n<meta property=\"og:title\" content=\"Cr\u00f2nica d\u00b4uns dies passats per aigua i fang, i edredons, i crocks\u2026 i Mastitwo\" \/>\n<meta property=\"og:description\" content=\"Si \u00e9s que quan ha de passar les coses no va d&#039;un en un.. Cr\u00f2nica d&#039;uns dies passats per aigua i fang, i edredons, i crock...\" \/>\n<meta property=\"og:url\" content=\"https:\/\/mastorrencito.com\/cat\/cronica-duns-dies-passats-per-aigua-i-fang-i-edredons-i-crocks-i-mastitwo\/\" \/>\n<meta property=\"og:site_name\" content=\"Mas Torrencito CAT\" \/>\n<meta property=\"article:published_time\" content=\"2025-03-18T05:54:54+00:00\" \/>\n<meta property=\"og:image\" content=\"https:\/\/mastorrencito.com\/cat\/wp-content\/uploads\/sites\/3\/MastiTWOx.jpg\" \/>\n\t<meta property=\"og:image:width\" content=\"1536\" \/>\n\t<meta property=\"og:image:height\" content=\"2048\" \/>\n\t<meta property=\"og:image:type\" content=\"image\/jpeg\" \/>\n<meta name=\"author\" content=\"Mastorrencito\" \/>\n<meta name=\"twitter:card\" content=\"summary_large_image\" \/>\n<meta name=\"twitter:label1\" content=\"Escrito por\" \/>\n\t<meta name=\"twitter:data1\" content=\"Mastorrencito\" \/>\n\t<meta name=\"twitter:label2\" content=\"Tiempo de lectura\" \/>\n\t<meta name=\"twitter:data2\" content=\"6 minutos\" \/>\n<script type=\"application\/ld+json\" class=\"yoast-schema-graph\">{\"@context\":\"https:\\\/\\\/schema.org\",\"@graph\":[{\"@type\":\"Article\",\"@id\":\"https:\\\/\\\/mastorrencito.com\\\/cat\\\/cronica-duns-dies-passats-per-aigua-i-fang-i-edredons-i-crocks-i-mastitwo\\\/#article\",\"isPartOf\":{\"@id\":\"https:\\\/\\\/mastorrencito.com\\\/cat\\\/cronica-duns-dies-passats-per-aigua-i-fang-i-edredons-i-crocks-i-mastitwo\\\/\"},\"author\":{\"name\":\"Mastorrencito\",\"@id\":\"https:\\\/\\\/mastorrencito.com\\\/#\\\/schema\\\/person\\\/18c619be80d4ae2667c702911625f790\"},\"headline\":\"Cr\u00f2nica d\u00b4uns dies passats per aigua i fang, i edredons, i crocks\u2026 i Mastitwo\",\"datePublished\":\"2025-03-18T05:54:54+00:00\",\"mainEntityOfPage\":{\"@id\":\"https:\\\/\\\/mastorrencito.com\\\/cat\\\/cronica-duns-dies-passats-per-aigua-i-fang-i-edredons-i-crocks-i-mastitwo\\\/\"},\"wordCount\":1265,\"commentCount\":0,\"publisher\":{\"@id\":\"https:\\\/\\\/mastorrencito.com\\\/#organization\"},\"image\":{\"@id\":\"https:\\\/\\\/mastorrencito.com\\\/cat\\\/cronica-duns-dies-passats-per-aigua-i-fang-i-edredons-i-crocks-i-mastitwo\\\/#primaryimage\"},\"thumbnailUrl\":\"https:\\\/\\\/mastorrencito.com\\\/cat\\\/wp-content\\\/uploads\\\/sites\\\/3\\\/MastiTWOx.jpg\",\"articleSection\":[\"Hist\u00f2ries Mastorrencito\"],\"inLanguage\":\"es\",\"potentialAction\":[{\"@type\":\"CommentAction\",\"name\":\"Comment\",\"target\":[\"https:\\\/\\\/mastorrencito.com\\\/cat\\\/cronica-duns-dies-passats-per-aigua-i-fang-i-edredons-i-crocks-i-mastitwo\\\/#respond\"]}]},{\"@type\":\"WebPage\",\"@id\":\"https:\\\/\\\/mastorrencito.com\\\/cat\\\/cronica-duns-dies-passats-per-aigua-i-fang-i-edredons-i-crocks-i-mastitwo\\\/\",\"url\":\"https:\\\/\\\/mastorrencito.com\\\/cat\\\/cronica-duns-dies-passats-per-aigua-i-fang-i-edredons-i-crocks-i-mastitwo\\\/\",\"name\":\"Cr\u00f2nica d\u00b4uns dies passats per aigua i fang, i edredons, i crocks\u2026 i Mastitwo - Mas Torrencito CAT\",\"isPartOf\":{\"@id\":\"https:\\\/\\\/mastorrencito.com\\\/#website\"},\"primaryImageOfPage\":{\"@id\":\"https:\\\/\\\/mastorrencito.com\\\/cat\\\/cronica-duns-dies-passats-per-aigua-i-fang-i-edredons-i-crocks-i-mastitwo\\\/#primaryimage\"},\"image\":{\"@id\":\"https:\\\/\\\/mastorrencito.com\\\/cat\\\/cronica-duns-dies-passats-per-aigua-i-fang-i-edredons-i-crocks-i-mastitwo\\\/#primaryimage\"},\"thumbnailUrl\":\"https:\\\/\\\/mastorrencito.com\\\/cat\\\/wp-content\\\/uploads\\\/sites\\\/3\\\/MastiTWOx.jpg\",\"datePublished\":\"2025-03-18T05:54:54+00:00\",\"description\":\"Si \u00e9s que quan ha de passar les coses no va d'un en un.. Cr\u00f2nica d'uns dies passats per aigua i fang, i edredons, i crock...\",\"breadcrumb\":{\"@id\":\"https:\\\/\\\/mastorrencito.com\\\/cat\\\/cronica-duns-dies-passats-per-aigua-i-fang-i-edredons-i-crocks-i-mastitwo\\\/#breadcrumb\"},\"inLanguage\":\"es\",\"potentialAction\":[{\"@type\":\"ReadAction\",\"target\":[\"https:\\\/\\\/mastorrencito.com\\\/cat\\\/cronica-duns-dies-passats-per-aigua-i-fang-i-edredons-i-crocks-i-mastitwo\\\/\"]}]},{\"@type\":\"ImageObject\",\"inLanguage\":\"es\",\"@id\":\"https:\\\/\\\/mastorrencito.com\\\/cat\\\/cronica-duns-dies-passats-per-aigua-i-fang-i-edredons-i-crocks-i-mastitwo\\\/#primaryimage\",\"url\":\"https:\\\/\\\/mastorrencito.com\\\/cat\\\/wp-content\\\/uploads\\\/sites\\\/3\\\/MastiTWOx.jpg\",\"contentUrl\":\"https:\\\/\\\/mastorrencito.com\\\/cat\\\/wp-content\\\/uploads\\\/sites\\\/3\\\/MastiTWOx.jpg\",\"width\":1536,\"height\":2048,\"caption\":\"MastiTWO ayudante oficial de MasTorrencito\"},{\"@type\":\"BreadcrumbList\",\"@id\":\"https:\\\/\\\/mastorrencito.com\\\/cat\\\/cronica-duns-dies-passats-per-aigua-i-fang-i-edredons-i-crocks-i-mastitwo\\\/#breadcrumb\",\"itemListElement\":[{\"@type\":\"ListItem\",\"position\":1,\"name\":\"Portada\",\"item\":\"https:\\\/\\\/mastorrencito.com\\\/\"},{\"@type\":\"ListItem\",\"position\":2,\"name\":\"Cr\u00f2nica d\u00b4uns dies passats per aigua i fang, i edredons, i crocks\u2026 i Mastitwo\"}]},{\"@type\":\"WebSite\",\"@id\":\"https:\\\/\\\/mastorrencito.com\\\/#website\",\"url\":\"https:\\\/\\\/mastorrencito.com\\\/\",\"name\":\"Mas Torrencito CAT\",\"description\":\"Casa rural pet friendly en Girona\",\"publisher\":{\"@id\":\"https:\\\/\\\/mastorrencito.com\\\/#organization\"},\"potentialAction\":[{\"@type\":\"SearchAction\",\"target\":{\"@type\":\"EntryPoint\",\"urlTemplate\":\"https:\\\/\\\/mastorrencito.com\\\/?s={search_term_string}\"},\"query-input\":{\"@type\":\"PropertyValueSpecification\",\"valueRequired\":true,\"valueName\":\"search_term_string\"}}],\"inLanguage\":\"es\"},{\"@type\":\"Organization\",\"@id\":\"https:\\\/\\\/mastorrencito.com\\\/#organization\",\"name\":\"Mas Torrencito CAT\",\"url\":\"https:\\\/\\\/mastorrencito.com\\\/\",\"logo\":{\"@type\":\"ImageObject\",\"inLanguage\":\"es\",\"@id\":\"https:\\\/\\\/mastorrencito.com\\\/#\\\/schema\\\/logo\\\/image\\\/\",\"url\":\"https:\\\/\\\/mastorrencito.com\\\/cat\\\/wp-content\\\/uploads\\\/sites\\\/3\\\/Logo-Mastorrencito-horizontal.webp\",\"contentUrl\":\"https:\\\/\\\/mastorrencito.com\\\/cat\\\/wp-content\\\/uploads\\\/sites\\\/3\\\/Logo-Mastorrencito-horizontal.webp\",\"width\":161,\"height\":54,\"caption\":\"Mas Torrencito CAT\"},\"image\":{\"@id\":\"https:\\\/\\\/mastorrencito.com\\\/#\\\/schema\\\/logo\\\/image\\\/\"}},{\"@type\":\"Person\",\"@id\":\"https:\\\/\\\/mastorrencito.com\\\/#\\\/schema\\\/person\\\/18c619be80d4ae2667c702911625f790\",\"name\":\"Mastorrencito\",\"image\":{\"@type\":\"ImageObject\",\"inLanguage\":\"es\",\"@id\":\"https:\\\/\\\/secure.gravatar.com\\\/avatar\\\/3ef55e0519f987a734c21caee1423b51df7b760b7d81a38ecd31cab0a5115f6d?s=96&d=mm&r=g\",\"url\":\"https:\\\/\\\/secure.gravatar.com\\\/avatar\\\/3ef55e0519f987a734c21caee1423b51df7b760b7d81a38ecd31cab0a5115f6d?s=96&d=mm&r=g\",\"contentUrl\":\"https:\\\/\\\/secure.gravatar.com\\\/avatar\\\/3ef55e0519f987a734c21caee1423b51df7b760b7d81a38ecd31cab0a5115f6d?s=96&d=mm&r=g\",\"caption\":\"Mastorrencito\"},\"url\":\"https:\\\/\\\/mastorrencito.com\\\/cat\\\/author\\\/mastorrencito\\\/\"}]}<\/script>\n<!-- \/ Yoast SEO Premium plugin. -->","yoast_head_json":{"title":"Cr\u00f2nica d\u00b4uns dies passats per aigua i fang, i edredons, i crocks\u2026 i Mastitwo - Mas Torrencito CAT","description":"Si \u00e9s que quan ha de passar les coses no va d'un en un.. Cr\u00f2nica d'uns dies passats per aigua i fang, i edredons, i crock...","robots":{"index":"index","follow":"follow","max-snippet":"max-snippet:-1","max-image-preview":"max-image-preview:large","max-video-preview":"max-video-preview:-1"},"canonical":"https:\/\/mastorrencito.com\/cat\/cronica-duns-dies-passats-per-aigua-i-fang-i-edredons-i-crocks-i-mastitwo\/","og_locale":"es_ES","og_type":"article","og_title":"Cr\u00f2nica d\u00b4uns dies passats per aigua i fang, i edredons, i crocks\u2026 i Mastitwo","og_description":"Si \u00e9s que quan ha de passar les coses no va d'un en un.. Cr\u00f2nica d'uns dies passats per aigua i fang, i edredons, i crock...","og_url":"https:\/\/mastorrencito.com\/cat\/cronica-duns-dies-passats-per-aigua-i-fang-i-edredons-i-crocks-i-mastitwo\/","og_site_name":"Mas Torrencito CAT","article_published_time":"2025-03-18T05:54:54+00:00","og_image":[{"width":1536,"height":2048,"url":"https:\/\/mastorrencito.com\/cat\/wp-content\/uploads\/sites\/3\/MastiTWOx.jpg","type":"image\/jpeg"}],"author":"Mastorrencito","twitter_card":"summary_large_image","twitter_misc":{"Escrito por":"Mastorrencito","Tiempo de lectura":"6 minutos"},"schema":{"@context":"https:\/\/schema.org","@graph":[{"@type":"Article","@id":"https:\/\/mastorrencito.com\/cat\/cronica-duns-dies-passats-per-aigua-i-fang-i-edredons-i-crocks-i-mastitwo\/#article","isPartOf":{"@id":"https:\/\/mastorrencito.com\/cat\/cronica-duns-dies-passats-per-aigua-i-fang-i-edredons-i-crocks-i-mastitwo\/"},"author":{"name":"Mastorrencito","@id":"https:\/\/mastorrencito.com\/#\/schema\/person\/18c619be80d4ae2667c702911625f790"},"headline":"Cr\u00f2nica d\u00b4uns dies passats per aigua i fang, i edredons, i crocks\u2026 i Mastitwo","datePublished":"2025-03-18T05:54:54+00:00","mainEntityOfPage":{"@id":"https:\/\/mastorrencito.com\/cat\/cronica-duns-dies-passats-per-aigua-i-fang-i-edredons-i-crocks-i-mastitwo\/"},"wordCount":1265,"commentCount":0,"publisher":{"@id":"https:\/\/mastorrencito.com\/#organization"},"image":{"@id":"https:\/\/mastorrencito.com\/cat\/cronica-duns-dies-passats-per-aigua-i-fang-i-edredons-i-crocks-i-mastitwo\/#primaryimage"},"thumbnailUrl":"https:\/\/mastorrencito.com\/cat\/wp-content\/uploads\/sites\/3\/MastiTWOx.jpg","articleSection":["Hist\u00f2ries Mastorrencito"],"inLanguage":"es","potentialAction":[{"@type":"CommentAction","name":"Comment","target":["https:\/\/mastorrencito.com\/cat\/cronica-duns-dies-passats-per-aigua-i-fang-i-edredons-i-crocks-i-mastitwo\/#respond"]}]},{"@type":"WebPage","@id":"https:\/\/mastorrencito.com\/cat\/cronica-duns-dies-passats-per-aigua-i-fang-i-edredons-i-crocks-i-mastitwo\/","url":"https:\/\/mastorrencito.com\/cat\/cronica-duns-dies-passats-per-aigua-i-fang-i-edredons-i-crocks-i-mastitwo\/","name":"Cr\u00f2nica d\u00b4uns dies passats per aigua i fang, i edredons, i crocks\u2026 i Mastitwo - Mas Torrencito CAT","isPartOf":{"@id":"https:\/\/mastorrencito.com\/#website"},"primaryImageOfPage":{"@id":"https:\/\/mastorrencito.com\/cat\/cronica-duns-dies-passats-per-aigua-i-fang-i-edredons-i-crocks-i-mastitwo\/#primaryimage"},"image":{"@id":"https:\/\/mastorrencito.com\/cat\/cronica-duns-dies-passats-per-aigua-i-fang-i-edredons-i-crocks-i-mastitwo\/#primaryimage"},"thumbnailUrl":"https:\/\/mastorrencito.com\/cat\/wp-content\/uploads\/sites\/3\/MastiTWOx.jpg","datePublished":"2025-03-18T05:54:54+00:00","description":"Si \u00e9s que quan ha de passar les coses no va d'un en un.. Cr\u00f2nica d'uns dies passats per aigua i fang, i edredons, i crock...","breadcrumb":{"@id":"https:\/\/mastorrencito.com\/cat\/cronica-duns-dies-passats-per-aigua-i-fang-i-edredons-i-crocks-i-mastitwo\/#breadcrumb"},"inLanguage":"es","potentialAction":[{"@type":"ReadAction","target":["https:\/\/mastorrencito.com\/cat\/cronica-duns-dies-passats-per-aigua-i-fang-i-edredons-i-crocks-i-mastitwo\/"]}]},{"@type":"ImageObject","inLanguage":"es","@id":"https:\/\/mastorrencito.com\/cat\/cronica-duns-dies-passats-per-aigua-i-fang-i-edredons-i-crocks-i-mastitwo\/#primaryimage","url":"https:\/\/mastorrencito.com\/cat\/wp-content\/uploads\/sites\/3\/MastiTWOx.jpg","contentUrl":"https:\/\/mastorrencito.com\/cat\/wp-content\/uploads\/sites\/3\/MastiTWOx.jpg","width":1536,"height":2048,"caption":"MastiTWO ayudante oficial de MasTorrencito"},{"@type":"BreadcrumbList","@id":"https:\/\/mastorrencito.com\/cat\/cronica-duns-dies-passats-per-aigua-i-fang-i-edredons-i-crocks-i-mastitwo\/#breadcrumb","itemListElement":[{"@type":"ListItem","position":1,"name":"Portada","item":"https:\/\/mastorrencito.com\/"},{"@type":"ListItem","position":2,"name":"Cr\u00f2nica d\u00b4uns dies passats per aigua i fang, i edredons, i crocks\u2026 i Mastitwo"}]},{"@type":"WebSite","@id":"https:\/\/mastorrencito.com\/#website","url":"https:\/\/mastorrencito.com\/","name":"Mas Torrencito CAT","description":"Casa rural pet friendly en Girona","publisher":{"@id":"https:\/\/mastorrencito.com\/#organization"},"potentialAction":[{"@type":"SearchAction","target":{"@type":"EntryPoint","urlTemplate":"https:\/\/mastorrencito.com\/?s={search_term_string}"},"query-input":{"@type":"PropertyValueSpecification","valueRequired":true,"valueName":"search_term_string"}}],"inLanguage":"es"},{"@type":"Organization","@id":"https:\/\/mastorrencito.com\/#organization","name":"Mas Torrencito CAT","url":"https:\/\/mastorrencito.com\/","logo":{"@type":"ImageObject","inLanguage":"es","@id":"https:\/\/mastorrencito.com\/#\/schema\/logo\/image\/","url":"https:\/\/mastorrencito.com\/cat\/wp-content\/uploads\/sites\/3\/Logo-Mastorrencito-horizontal.webp","contentUrl":"https:\/\/mastorrencito.com\/cat\/wp-content\/uploads\/sites\/3\/Logo-Mastorrencito-horizontal.webp","width":161,"height":54,"caption":"Mas Torrencito CAT"},"image":{"@id":"https:\/\/mastorrencito.com\/#\/schema\/logo\/image\/"}},{"@type":"Person","@id":"https:\/\/mastorrencito.com\/#\/schema\/person\/18c619be80d4ae2667c702911625f790","name":"Mastorrencito","image":{"@type":"ImageObject","inLanguage":"es","@id":"https:\/\/secure.gravatar.com\/avatar\/3ef55e0519f987a734c21caee1423b51df7b760b7d81a38ecd31cab0a5115f6d?s=96&d=mm&r=g","url":"https:\/\/secure.gravatar.com\/avatar\/3ef55e0519f987a734c21caee1423b51df7b760b7d81a38ecd31cab0a5115f6d?s=96&d=mm&r=g","contentUrl":"https:\/\/secure.gravatar.com\/avatar\/3ef55e0519f987a734c21caee1423b51df7b760b7d81a38ecd31cab0a5115f6d?s=96&d=mm&r=g","caption":"Mastorrencito"},"url":"https:\/\/mastorrencito.com\/cat\/author\/mastorrencito\/"}]}},"acf":[],"_links":{"self":[{"href":"https:\/\/mastorrencito.com\/cat\/wp-json\/wp\/v2\/posts\/3886","targetHints":{"allow":["GET"]}}],"collection":[{"href":"https:\/\/mastorrencito.com\/cat\/wp-json\/wp\/v2\/posts"}],"about":[{"href":"https:\/\/mastorrencito.com\/cat\/wp-json\/wp\/v2\/types\/post"}],"author":[{"embeddable":true,"href":"https:\/\/mastorrencito.com\/cat\/wp-json\/wp\/v2\/users\/2"}],"replies":[{"embeddable":true,"href":"https:\/\/mastorrencito.com\/cat\/wp-json\/wp\/v2\/comments?post=3886"}],"version-history":[{"count":0,"href":"https:\/\/mastorrencito.com\/cat\/wp-json\/wp\/v2\/posts\/3886\/revisions"}],"wp:featuredmedia":[{"embeddable":true,"href":"https:\/\/mastorrencito.com\/cat\/wp-json\/wp\/v2\/media\/3881"}],"wp:attachment":[{"href":"https:\/\/mastorrencito.com\/cat\/wp-json\/wp\/v2\/media?parent=3886"}],"wp:term":[{"taxonomy":"category","embeddable":true,"href":"https:\/\/mastorrencito.com\/cat\/wp-json\/wp\/v2\/categories?post=3886"},{"taxonomy":"post_tag","embeddable":true,"href":"https:\/\/mastorrencito.com\/cat\/wp-json\/wp\/v2\/tags?post=3886"}],"curies":[{"name":"wp","href":"https:\/\/api.w.org\/{rel}","templated":true}]}}