{"id":3848,"date":"2025-03-13T06:08:28","date_gmt":"2025-03-13T06:08:28","guid":{"rendered":"https:\/\/casaruralconperrosgirona.com\/avui-fa-5-anys-%e2%98%a0%ef%b8%8f\/"},"modified":"2025-03-13T06:08:28","modified_gmt":"2025-03-13T06:08:28","slug":"avui-fa-5-anys-%e2%98%a0%ef%b8%8f","status":"publish","type":"post","link":"https:\/\/mastorrencito.com\/cat\/avui-fa-5-anys-%e2%98%a0%ef%b8%8f\/","title":{"rendered":"Avui fa 5 anys\u2026 \u2620\ufe0f"},"content":{"rendered":"\n<h4 class=\"wp-block-heading\"><br \/>Cinc anys ja del dia en qu\u00e8 tot se&#8217;n va anar al carall. El dia que passar\u00e0 a la hist\u00f2ria, almenys a la meva, com \u201cEl Dia en qu\u00e8 vaig haver de fer fora els clients de casa sense saber per qu\u00e8\u201d. \ud83d\udca3<\/h4>\n\n<p>S\u00ed, aix\u00ed de trist i surrealista va ser. Jo, amb el meu millor somriure professional, dient:<br \/> \u201cHo sento molt\u00edssim, per\u00f2 he de demanar-vos que marxeu&#8230; no s\u00e9 exactament qu\u00e8 est\u00e0 passant\u2026 per\u00f2 millor us aneu\u201d.<br \/> Tu saps com \u00e9s d&#8217;humiliant aix\u00f2? Tu saps qu\u00e8 \u00e9s mirar als ulls alg\u00fa que ve a passar un finde tranquil i dir-li: \u00abFins despr\u00e9s, Lluc\u00bb, sense saber ni per qu\u00e8? Doncs aix\u00f2. Un poema.    <\/p>\n\n<p>Nom\u00e9s va quedar una habitaci\u00f3 ocupada\u2026 <strong>la meva estimada Sarai<\/strong> , l&#8217;optimista del grup, que deia:<br \/> \u201cB\u00e9, no n&#8217;hi haur\u00e0 per tant\u2026 aix\u00f2 en uns dies s&#8217;arregla\u201d. \ud83e\udd21<br \/> Li va durar <strong>exactament un dia<\/strong> aquesta energia positiva. L&#8217;endem\u00e0 al mat\u00ed es va allargar. I aqu\u00ed va comen\u00e7ar el nostre calvari. Un descens lent, silenci\u00f3s i sense fre cap a la merda.   <\/p>\n\n<p>Perqu\u00e8 s\u00ed, aquell dia va ser l&#8217;inici del nostre tancament for\u00e7\u00f3s.<br \/><strong>\u201cQueda&#8217;t a casa\u201d<\/strong> , deien.<br \/><strong>\u201cTot anir\u00e0 b\u00e9\u201d<\/strong> , deien.<br \/> Mentida despr\u00e9s de mentida.<\/p>\n\n<p>Jo no vaig perdre cap familiar, i aix\u00f2 ja \u00e9s una loteria que agraeixo, per\u00f2 <strong>econ\u00f2micament ens van passar per sobre com una piconadora<\/strong> . Ens vam quedar sense ingressos, amb les factures arribant puntuals com un rellotge su\u00eds, i amb les \u201cajudes\u201d sent una llegenda urbana que nom\u00e9s sortia a telenot\u00edcies. <\/p>\n<figure class=\"wp-block-post-featured-image\"><img fetchpriority=\"high\" decoding=\"async\" width=\"679\" height=\"679\" src=\"https:\/\/mastorrencito.com\/cat\/wp-content\/uploads\/sites\/3\/miguel66.jpg\" class=\"attachment-post-thumbnail size-post-thumbnail wp-post-image\" alt=\"Miguel Chordi by MasTorrencito\" style=\"object-fit:cover;\" srcset=\"https:\/\/mastorrencito.com\/cat\/wp-content\/uploads\/sites\/3\/miguel66.jpg 679w, https:\/\/mastorrencito.com\/cat\/wp-content\/uploads\/sites\/3\/miguel66-300x300.jpg 300w, https:\/\/mastorrencito.com\/cat\/wp-content\/uploads\/sites\/3\/miguel66-150x150.jpg 150w\" sizes=\"(max-width: 679px) 100vw, 679px\" \/><\/figure>\n<p>El m\u00e9s graci\u00f3s (per dir alguna cosa) \u00e9s que ni tan sols ens van tancar per decret. NO. Va ser pitjor.<br \/> Ens van deixar <em>\u201coberts\u201d<\/em> \u2026 per\u00f2 amb aforaments rid\u00edculs, restriccions absurdes, tancaments comarcals, tancaments provincials, tancaments per regi\u00f3 sanit\u00e0ria, tancaments per fases de la lluna i alineacions planet\u00e0ries. \ud83c\udf1a \ud83c\udf15<br \/> Qui cony vindria a una casa rural amb aquest panorama? Ning\u00fa. ZERO. I els pocs que volien venir, li ho impedia alguna normativa escrita amb caf\u00e8 i sense criteri.      <\/p>\n\n<p>I sabeu qu\u00e8 \u00e9s el m\u00e9s sagnant? Que mentre nosaltres su\u00e0vem tinta per pagar una quota d&#8217;aut\u00f2nom <strong>INAMOVIBLE<\/strong> , hi havia gent <strong>repartint-se milions amb comissions per m\u00e0scares, contractes fantasmes, tests defectuosos i altres joietes<\/strong> .<br \/> Ho veies a la tele i se&#8217;t feia cara de ximple. <\/p>\n\n<p>\ud83d\udcac <em>\u201c500.000\u20ac per un lot de m\u00e0scares que no servien ni per colar caf\u00e8\u201d<\/em> .<br \/> \ud83d\udcac <em>\u201cComissions milion\u00e0ries per intermediar entre prove\u00efdors i administracions\u201d<\/em> .<br \/> \ud83d\udcac <em>\u201cEmpreses creades en una tarda gestionant contractes p\u00fablics com si fossin Zara\u201d<\/em> .<br \/> I tu, amb el teu compte en vermell, esperant una ajuda que mai no va arribar.<\/p>\n\n<p>I \u00e9s clar, despr\u00e9s veus que aquests mateixos que es van folrar segueixen lliures, donant entrevistes, fent negocis i presentant-se a eleccions. I mentrestant, a nosaltres, els de sempre, ens segueixen cobrant fins i tot per respirar. \ud83e\udd37\u200d\u2642\ufe0f  <\/p>\n\n<p><strong>Sabeu quant de temps vam estar sense clients? M\u00c9S DE 10 MESOS. <\/strong><br \/>Deu putos mesos. No tres setmanetes, ni tres mesets.<br \/> Deu mesos mirant el calendari i preguntant-nos si algun dia podr\u00edem tornar a aixecar el cap.<br \/> I el pitjor? No va ser per una ordre directa. Va ser una tortura lenta i ambigua. Ning\u00fa et tancava, per\u00f2 ning\u00fa no venia. I tu no sabies si plorar o encendre una bengala.     <\/p>\n\n<p>El meu amic Lluc, que t\u00e9 una casa rural a B\u00e8lgica (un pa\u00eds amb pol\u00edtics que no semblen trets d&#8217;un c\u00e0sting de pandereta), nom\u00e9s va haver de presentar la facturaci\u00f3 dels dos anys anteriors. Cada mes l&#8217;Estat li ingressava la mitjana. SENSE TRAMPES, SENSE LLETRA PETITA, SENSE RIURE&#8217;S A LA SEVA CARA. \ud83d\udcbc<br \/> Aqu\u00ed, en canvi, tu presentaves els papers, t&#8217;aprovaven una ajuda, i\u2026 sorpresa: <strong>no arribava mai o arribava quan ja havies venut la cafetera, el cotxe i l&#8217;\u00e0nima al diable.<\/strong><\/p>\n\n<p>I ni parlar dels ICOS\u2026 aquell altre estafa disfressat d&#8217;ajuda. T&#8217;ho van vendre com una soluci\u00f3. La realitat \u00e9s que signaves la teva sent\u00e8ncia a cadena perp\u00e8tua financera. Amortitzaci\u00f3 flexible? JA. Interessos baixos? JOES. Manca? S\u00cd, per\u00f2 nom\u00e9s de sentit com\u00fa per part del govern.        <\/p>\n\n<p>I \u00e9s clar, hom veu que aix\u00f2 no t\u00e9 soluci\u00f3. Perqu\u00e8 aqu\u00ed ning\u00fa dimiteix. Ning\u00fa no rendeix comptes. Ning\u00fa no assumeix errors. Aqu\u00ed roben amb corbata, ia tu t&#8217;embarguen per deure 60\u20ac d&#8217;IVA. \ud83d\ude21<\/p>\n\n<p>Portugal, per exemple, fa una moci\u00f3 de censura perqu\u00e8 el cos\u00ed del cunyat del ministre va fer un negoci estrany. Aqu\u00ed, aix\u00f2 s?aplaudeix. Aqu\u00ed, si no robes, sembles ximple.  <\/p>\n\n<p>I el pitjor: <strong>no sortim al carrer a protestar.<\/strong><br \/> Ens ho empassem tot. La corrupci\u00f3, la inoper\u00e0ncia, el menyspreu als petits negocis. Ens ho empassem amb patates i encara donem les gr\u00e0cies per les engrunes.  <\/p>\n\n<p>Acabo de preguntar a ChatGPT quants casos de corrupci\u00f3 hi ha hagut des de la pand\u00e8mia i s&#8217;ha quedat enxampat. Em diu que m\u00e9s de 5.000. I aquests s\u00f3n nom\u00e9s els que van enxampar\u2026 imagina els que ni treuen el cap.  <\/p>\n\n<p>Vivim en un pa\u00eds de xori\u00e7os. I el m\u00e9s tr\u00e0gic \u00e9s que <strong>ja ho assumim com a part del paisatge<\/strong> . Com les rotondes o els bars amb tovallons a terra.  <\/p>\n\n<p>Aix\u00ed que res\u2026<br \/><strong>Feli\u00e7 aniversari del daltabaix, de l&#8217;engany, de l&#8217;estafa institucionalitzada.<\/strong><br \/> Cinc anys despr\u00e9s, seguim aqu\u00ed. A rastres, per\u00f2 drets. Tot i que no s\u00e9 per quant de temps m\u00e9s.  <\/p>\n\n<p>\ud83e\udd42 Pels que resistim.<br \/>\ud83d\udca9 Pels que van robar.<br \/>\ud83d\udd2a I pels que ens van estr\u00e8nyer el coll mentre ens deien \u201ctranquils, que tot anir\u00e0 b\u00e9\u201d.<\/p>\n\n<hr class=\"wp-block-separator has-alpha-channel-opacity\" \/>\n\n<blockquote class=\"wp-block-quote is-layout-flow wp-block-quote-is-layout-flow\">\n<p>Des de MasTorrencito et desitgem un bon dia i que els teus gossos t&#8217;acompanyin!!<\/p>\n<\/blockquote>\n\n<p>\u2014\u2013<br \/> Si vols, pot veure els nostres <strong>bons per caps de setmana, bons jubilats<\/strong> , a un preu incre\u00efble.. entra a <a href=\"https:\/\/www.mastorrencito.com\/\">www.mastorrencito.com<\/a> o si vols podeu llegir m\u00e9s hist\u00f2ria i an\u00e8cdotes que ens <a href=\"https:\/\/mastorrencito.com\/\">han<\/a> passat a MasTorrencito\u2026<\/p>\n","protected":false},"excerpt":{"rendered":"<p>Cinc anys ja del dia en qu\u00e8 tot se&#8217;n va anar al carall. El dia que passar\u00e0 a la hist\u00f2ria, almenys a la meva, com \u201cEl Dia en qu\u00e8 vaig haver de fer fora els clients de casa sense saber per qu\u00e8\u201d. \ud83d\udca3 S\u00ed, aix\u00ed de trist i surrealista va ser. Jo, amb el meu [&hellip;]<\/p>\n","protected":false},"author":2,"featured_media":3838,"comment_status":"open","ping_status":"closed","sticky":false,"template":"","format":"standard","meta":{"_acf_changed":false,"footnotes":""},"categories":[35],"tags":[],"class_list":["post-3848","post","type-post","status-publish","format-standard","has-post-thumbnail","hentry","category-histories-mastorrencito"],"yoast_head":"<!-- This site is optimized with the Yoast SEO Premium plugin v27.3 (Yoast SEO v27.5) - https:\/\/yoast.com\/product\/yoast-seo-premium-wordpress\/ -->\n<title>Avui fa 5 anys\u2026 \u2620\ufe0f - Mas Torrencito CAT<\/title>\n<meta name=\"description\" content=\"I \u00e9s que sembla que no aprenem... i ens segueixen robant.. Avui fa 5 anys\u2026 es diu aviat by MasTorrencito\" \/>\n<meta name=\"robots\" content=\"index, follow, max-snippet:-1, max-image-preview:large, max-video-preview:-1\" \/>\n<link rel=\"canonical\" href=\"https:\/\/mastorrencito.com\/cat\/avui-fa-5-anys-\u2620\ufe0f\/\" \/>\n<meta property=\"og:locale\" content=\"es_ES\" \/>\n<meta property=\"og:type\" content=\"article\" \/>\n<meta property=\"og:title\" content=\"Avui fa 5 anys\u2026 \u2620\ufe0f\" \/>\n<meta property=\"og:description\" content=\"I \u00e9s que sembla que no aprenem... i ens segueixen robant.. Avui fa 5 anys\u2026 es diu aviat by MasTorrencito\" \/>\n<meta property=\"og:url\" content=\"https:\/\/mastorrencito.com\/cat\/avui-fa-5-anys-\u2620\ufe0f\/\" \/>\n<meta property=\"og:site_name\" content=\"Mas Torrencito CAT\" \/>\n<meta property=\"article:published_time\" content=\"2025-03-13T06:08:28+00:00\" \/>\n<meta property=\"og:image\" content=\"https:\/\/mastorrencito.com\/cat\/wp-content\/uploads\/sites\/3\/miguel66.jpg\" \/>\n\t<meta property=\"og:image:width\" content=\"679\" \/>\n\t<meta property=\"og:image:height\" content=\"679\" \/>\n\t<meta property=\"og:image:type\" content=\"image\/jpeg\" \/>\n<meta name=\"author\" content=\"Mastorrencito\" \/>\n<meta name=\"twitter:card\" content=\"summary_large_image\" \/>\n<meta name=\"twitter:label1\" content=\"Escrito por\" \/>\n\t<meta name=\"twitter:data1\" content=\"Mastorrencito\" \/>\n\t<meta name=\"twitter:label2\" content=\"Tiempo de lectura\" \/>\n\t<meta name=\"twitter:data2\" content=\"5 minutos\" \/>\n<script type=\"application\/ld+json\" class=\"yoast-schema-graph\">{\"@context\":\"https:\\\/\\\/schema.org\",\"@graph\":[{\"@type\":\"Article\",\"@id\":\"https:\\\/\\\/mastorrencito.com\\\/cat\\\/avui-fa-5-anys-%e2%98%a0%ef%b8%8f\\\/#article\",\"isPartOf\":{\"@id\":\"https:\\\/\\\/mastorrencito.com\\\/cat\\\/avui-fa-5-anys-%e2%98%a0%ef%b8%8f\\\/\"},\"author\":{\"name\":\"Mastorrencito\",\"@id\":\"https:\\\/\\\/mastorrencito.com\\\/#\\\/schema\\\/person\\\/18c619be80d4ae2667c702911625f790\"},\"headline\":\"Avui fa 5 anys\u2026 \u2620\ufe0f\",\"datePublished\":\"2025-03-13T06:08:28+00:00\",\"mainEntityOfPage\":{\"@id\":\"https:\\\/\\\/mastorrencito.com\\\/cat\\\/avui-fa-5-anys-%e2%98%a0%ef%b8%8f\\\/\"},\"wordCount\":999,\"commentCount\":0,\"publisher\":{\"@id\":\"https:\\\/\\\/mastorrencito.com\\\/#organization\"},\"image\":{\"@id\":\"https:\\\/\\\/mastorrencito.com\\\/cat\\\/avui-fa-5-anys-%e2%98%a0%ef%b8%8f\\\/#primaryimage\"},\"thumbnailUrl\":\"https:\\\/\\\/mastorrencito.com\\\/cat\\\/wp-content\\\/uploads\\\/sites\\\/3\\\/miguel66.jpg\",\"articleSection\":[\"Hist\u00f2ries Mastorrencito\"],\"inLanguage\":\"es\",\"potentialAction\":[{\"@type\":\"CommentAction\",\"name\":\"Comment\",\"target\":[\"https:\\\/\\\/mastorrencito.com\\\/cat\\\/avui-fa-5-anys-%e2%98%a0%ef%b8%8f\\\/#respond\"]}]},{\"@type\":\"WebPage\",\"@id\":\"https:\\\/\\\/mastorrencito.com\\\/cat\\\/avui-fa-5-anys-%e2%98%a0%ef%b8%8f\\\/\",\"url\":\"https:\\\/\\\/mastorrencito.com\\\/cat\\\/avui-fa-5-anys-%e2%98%a0%ef%b8%8f\\\/\",\"name\":\"Avui fa 5 anys\u2026 \u2620\ufe0f - Mas Torrencito CAT\",\"isPartOf\":{\"@id\":\"https:\\\/\\\/mastorrencito.com\\\/#website\"},\"primaryImageOfPage\":{\"@id\":\"https:\\\/\\\/mastorrencito.com\\\/cat\\\/avui-fa-5-anys-%e2%98%a0%ef%b8%8f\\\/#primaryimage\"},\"image\":{\"@id\":\"https:\\\/\\\/mastorrencito.com\\\/cat\\\/avui-fa-5-anys-%e2%98%a0%ef%b8%8f\\\/#primaryimage\"},\"thumbnailUrl\":\"https:\\\/\\\/mastorrencito.com\\\/cat\\\/wp-content\\\/uploads\\\/sites\\\/3\\\/miguel66.jpg\",\"datePublished\":\"2025-03-13T06:08:28+00:00\",\"description\":\"I \u00e9s que sembla que no aprenem... i ens segueixen robant.. Avui fa 5 anys\u2026 es diu aviat by MasTorrencito\",\"breadcrumb\":{\"@id\":\"https:\\\/\\\/mastorrencito.com\\\/cat\\\/avui-fa-5-anys-%e2%98%a0%ef%b8%8f\\\/#breadcrumb\"},\"inLanguage\":\"es\",\"potentialAction\":[{\"@type\":\"ReadAction\",\"target\":[\"https:\\\/\\\/mastorrencito.com\\\/cat\\\/avui-fa-5-anys-%e2%98%a0%ef%b8%8f\\\/\"]}]},{\"@type\":\"ImageObject\",\"inLanguage\":\"es\",\"@id\":\"https:\\\/\\\/mastorrencito.com\\\/cat\\\/avui-fa-5-anys-%e2%98%a0%ef%b8%8f\\\/#primaryimage\",\"url\":\"https:\\\/\\\/mastorrencito.com\\\/cat\\\/wp-content\\\/uploads\\\/sites\\\/3\\\/miguel66.jpg\",\"contentUrl\":\"https:\\\/\\\/mastorrencito.com\\\/cat\\\/wp-content\\\/uploads\\\/sites\\\/3\\\/miguel66.jpg\",\"width\":679,\"height\":679,\"caption\":\"Miguel Chordi by MasTorrencito\"},{\"@type\":\"BreadcrumbList\",\"@id\":\"https:\\\/\\\/mastorrencito.com\\\/cat\\\/avui-fa-5-anys-%e2%98%a0%ef%b8%8f\\\/#breadcrumb\",\"itemListElement\":[{\"@type\":\"ListItem\",\"position\":1,\"name\":\"Portada\",\"item\":\"https:\\\/\\\/mastorrencito.com\\\/\"},{\"@type\":\"ListItem\",\"position\":2,\"name\":\"Avui fa 5 anys\u2026 \u2620\ufe0f\"}]},{\"@type\":\"WebSite\",\"@id\":\"https:\\\/\\\/mastorrencito.com\\\/#website\",\"url\":\"https:\\\/\\\/mastorrencito.com\\\/\",\"name\":\"Mas Torrencito CAT\",\"description\":\"Casa rural pet friendly en Girona\",\"publisher\":{\"@id\":\"https:\\\/\\\/mastorrencito.com\\\/#organization\"},\"potentialAction\":[{\"@type\":\"SearchAction\",\"target\":{\"@type\":\"EntryPoint\",\"urlTemplate\":\"https:\\\/\\\/mastorrencito.com\\\/?s={search_term_string}\"},\"query-input\":{\"@type\":\"PropertyValueSpecification\",\"valueRequired\":true,\"valueName\":\"search_term_string\"}}],\"inLanguage\":\"es\"},{\"@type\":\"Organization\",\"@id\":\"https:\\\/\\\/mastorrencito.com\\\/#organization\",\"name\":\"Mas Torrencito CAT\",\"url\":\"https:\\\/\\\/mastorrencito.com\\\/\",\"logo\":{\"@type\":\"ImageObject\",\"inLanguage\":\"es\",\"@id\":\"https:\\\/\\\/mastorrencito.com\\\/#\\\/schema\\\/logo\\\/image\\\/\",\"url\":\"https:\\\/\\\/mastorrencito.com\\\/cat\\\/wp-content\\\/uploads\\\/sites\\\/3\\\/Logo-Mastorrencito-horizontal.webp\",\"contentUrl\":\"https:\\\/\\\/mastorrencito.com\\\/cat\\\/wp-content\\\/uploads\\\/sites\\\/3\\\/Logo-Mastorrencito-horizontal.webp\",\"width\":161,\"height\":54,\"caption\":\"Mas Torrencito CAT\"},\"image\":{\"@id\":\"https:\\\/\\\/mastorrencito.com\\\/#\\\/schema\\\/logo\\\/image\\\/\"}},{\"@type\":\"Person\",\"@id\":\"https:\\\/\\\/mastorrencito.com\\\/#\\\/schema\\\/person\\\/18c619be80d4ae2667c702911625f790\",\"name\":\"Mastorrencito\",\"image\":{\"@type\":\"ImageObject\",\"inLanguage\":\"es\",\"@id\":\"https:\\\/\\\/secure.gravatar.com\\\/avatar\\\/3ef55e0519f987a734c21caee1423b51df7b760b7d81a38ecd31cab0a5115f6d?s=96&d=mm&r=g\",\"url\":\"https:\\\/\\\/secure.gravatar.com\\\/avatar\\\/3ef55e0519f987a734c21caee1423b51df7b760b7d81a38ecd31cab0a5115f6d?s=96&d=mm&r=g\",\"contentUrl\":\"https:\\\/\\\/secure.gravatar.com\\\/avatar\\\/3ef55e0519f987a734c21caee1423b51df7b760b7d81a38ecd31cab0a5115f6d?s=96&d=mm&r=g\",\"caption\":\"Mastorrencito\"},\"url\":\"https:\\\/\\\/mastorrencito.com\\\/cat\\\/author\\\/mastorrencito\\\/\"}]}<\/script>\n<!-- \/ Yoast SEO Premium plugin. -->","yoast_head_json":{"title":"Avui fa 5 anys\u2026 \u2620\ufe0f - Mas Torrencito CAT","description":"I \u00e9s que sembla que no aprenem... i ens segueixen robant.. Avui fa 5 anys\u2026 es diu aviat by MasTorrencito","robots":{"index":"index","follow":"follow","max-snippet":"max-snippet:-1","max-image-preview":"max-image-preview:large","max-video-preview":"max-video-preview:-1"},"canonical":"https:\/\/mastorrencito.com\/cat\/avui-fa-5-anys-\u2620\ufe0f\/","og_locale":"es_ES","og_type":"article","og_title":"Avui fa 5 anys\u2026 \u2620\ufe0f","og_description":"I \u00e9s que sembla que no aprenem... i ens segueixen robant.. Avui fa 5 anys\u2026 es diu aviat by MasTorrencito","og_url":"https:\/\/mastorrencito.com\/cat\/avui-fa-5-anys-\u2620\ufe0f\/","og_site_name":"Mas Torrencito CAT","article_published_time":"2025-03-13T06:08:28+00:00","og_image":[{"width":679,"height":679,"url":"https:\/\/mastorrencito.com\/cat\/wp-content\/uploads\/sites\/3\/miguel66.jpg","type":"image\/jpeg"}],"author":"Mastorrencito","twitter_card":"summary_large_image","twitter_misc":{"Escrito por":"Mastorrencito","Tiempo de lectura":"5 minutos"},"schema":{"@context":"https:\/\/schema.org","@graph":[{"@type":"Article","@id":"https:\/\/mastorrencito.com\/cat\/avui-fa-5-anys-%e2%98%a0%ef%b8%8f\/#article","isPartOf":{"@id":"https:\/\/mastorrencito.com\/cat\/avui-fa-5-anys-%e2%98%a0%ef%b8%8f\/"},"author":{"name":"Mastorrencito","@id":"https:\/\/mastorrencito.com\/#\/schema\/person\/18c619be80d4ae2667c702911625f790"},"headline":"Avui fa 5 anys\u2026 \u2620\ufe0f","datePublished":"2025-03-13T06:08:28+00:00","mainEntityOfPage":{"@id":"https:\/\/mastorrencito.com\/cat\/avui-fa-5-anys-%e2%98%a0%ef%b8%8f\/"},"wordCount":999,"commentCount":0,"publisher":{"@id":"https:\/\/mastorrencito.com\/#organization"},"image":{"@id":"https:\/\/mastorrencito.com\/cat\/avui-fa-5-anys-%e2%98%a0%ef%b8%8f\/#primaryimage"},"thumbnailUrl":"https:\/\/mastorrencito.com\/cat\/wp-content\/uploads\/sites\/3\/miguel66.jpg","articleSection":["Hist\u00f2ries Mastorrencito"],"inLanguage":"es","potentialAction":[{"@type":"CommentAction","name":"Comment","target":["https:\/\/mastorrencito.com\/cat\/avui-fa-5-anys-%e2%98%a0%ef%b8%8f\/#respond"]}]},{"@type":"WebPage","@id":"https:\/\/mastorrencito.com\/cat\/avui-fa-5-anys-%e2%98%a0%ef%b8%8f\/","url":"https:\/\/mastorrencito.com\/cat\/avui-fa-5-anys-%e2%98%a0%ef%b8%8f\/","name":"Avui fa 5 anys\u2026 \u2620\ufe0f - Mas Torrencito CAT","isPartOf":{"@id":"https:\/\/mastorrencito.com\/#website"},"primaryImageOfPage":{"@id":"https:\/\/mastorrencito.com\/cat\/avui-fa-5-anys-%e2%98%a0%ef%b8%8f\/#primaryimage"},"image":{"@id":"https:\/\/mastorrencito.com\/cat\/avui-fa-5-anys-%e2%98%a0%ef%b8%8f\/#primaryimage"},"thumbnailUrl":"https:\/\/mastorrencito.com\/cat\/wp-content\/uploads\/sites\/3\/miguel66.jpg","datePublished":"2025-03-13T06:08:28+00:00","description":"I \u00e9s que sembla que no aprenem... i ens segueixen robant.. Avui fa 5 anys\u2026 es diu aviat by MasTorrencito","breadcrumb":{"@id":"https:\/\/mastorrencito.com\/cat\/avui-fa-5-anys-%e2%98%a0%ef%b8%8f\/#breadcrumb"},"inLanguage":"es","potentialAction":[{"@type":"ReadAction","target":["https:\/\/mastorrencito.com\/cat\/avui-fa-5-anys-%e2%98%a0%ef%b8%8f\/"]}]},{"@type":"ImageObject","inLanguage":"es","@id":"https:\/\/mastorrencito.com\/cat\/avui-fa-5-anys-%e2%98%a0%ef%b8%8f\/#primaryimage","url":"https:\/\/mastorrencito.com\/cat\/wp-content\/uploads\/sites\/3\/miguel66.jpg","contentUrl":"https:\/\/mastorrencito.com\/cat\/wp-content\/uploads\/sites\/3\/miguel66.jpg","width":679,"height":679,"caption":"Miguel Chordi by MasTorrencito"},{"@type":"BreadcrumbList","@id":"https:\/\/mastorrencito.com\/cat\/avui-fa-5-anys-%e2%98%a0%ef%b8%8f\/#breadcrumb","itemListElement":[{"@type":"ListItem","position":1,"name":"Portada","item":"https:\/\/mastorrencito.com\/"},{"@type":"ListItem","position":2,"name":"Avui fa 5 anys\u2026 \u2620\ufe0f"}]},{"@type":"WebSite","@id":"https:\/\/mastorrencito.com\/#website","url":"https:\/\/mastorrencito.com\/","name":"Mas Torrencito CAT","description":"Casa rural pet friendly en Girona","publisher":{"@id":"https:\/\/mastorrencito.com\/#organization"},"potentialAction":[{"@type":"SearchAction","target":{"@type":"EntryPoint","urlTemplate":"https:\/\/mastorrencito.com\/?s={search_term_string}"},"query-input":{"@type":"PropertyValueSpecification","valueRequired":true,"valueName":"search_term_string"}}],"inLanguage":"es"},{"@type":"Organization","@id":"https:\/\/mastorrencito.com\/#organization","name":"Mas Torrencito CAT","url":"https:\/\/mastorrencito.com\/","logo":{"@type":"ImageObject","inLanguage":"es","@id":"https:\/\/mastorrencito.com\/#\/schema\/logo\/image\/","url":"https:\/\/mastorrencito.com\/cat\/wp-content\/uploads\/sites\/3\/Logo-Mastorrencito-horizontal.webp","contentUrl":"https:\/\/mastorrencito.com\/cat\/wp-content\/uploads\/sites\/3\/Logo-Mastorrencito-horizontal.webp","width":161,"height":54,"caption":"Mas Torrencito CAT"},"image":{"@id":"https:\/\/mastorrencito.com\/#\/schema\/logo\/image\/"}},{"@type":"Person","@id":"https:\/\/mastorrencito.com\/#\/schema\/person\/18c619be80d4ae2667c702911625f790","name":"Mastorrencito","image":{"@type":"ImageObject","inLanguage":"es","@id":"https:\/\/secure.gravatar.com\/avatar\/3ef55e0519f987a734c21caee1423b51df7b760b7d81a38ecd31cab0a5115f6d?s=96&d=mm&r=g","url":"https:\/\/secure.gravatar.com\/avatar\/3ef55e0519f987a734c21caee1423b51df7b760b7d81a38ecd31cab0a5115f6d?s=96&d=mm&r=g","contentUrl":"https:\/\/secure.gravatar.com\/avatar\/3ef55e0519f987a734c21caee1423b51df7b760b7d81a38ecd31cab0a5115f6d?s=96&d=mm&r=g","caption":"Mastorrencito"},"url":"https:\/\/mastorrencito.com\/cat\/author\/mastorrencito\/"}]}},"acf":[],"_links":{"self":[{"href":"https:\/\/mastorrencito.com\/cat\/wp-json\/wp\/v2\/posts\/3848","targetHints":{"allow":["GET"]}}],"collection":[{"href":"https:\/\/mastorrencito.com\/cat\/wp-json\/wp\/v2\/posts"}],"about":[{"href":"https:\/\/mastorrencito.com\/cat\/wp-json\/wp\/v2\/types\/post"}],"author":[{"embeddable":true,"href":"https:\/\/mastorrencito.com\/cat\/wp-json\/wp\/v2\/users\/2"}],"replies":[{"embeddable":true,"href":"https:\/\/mastorrencito.com\/cat\/wp-json\/wp\/v2\/comments?post=3848"}],"version-history":[{"count":0,"href":"https:\/\/mastorrencito.com\/cat\/wp-json\/wp\/v2\/posts\/3848\/revisions"}],"wp:featuredmedia":[{"embeddable":true,"href":"https:\/\/mastorrencito.com\/cat\/wp-json\/wp\/v2\/media\/3838"}],"wp:attachment":[{"href":"https:\/\/mastorrencito.com\/cat\/wp-json\/wp\/v2\/media?parent=3848"}],"wp:term":[{"taxonomy":"category","embeddable":true,"href":"https:\/\/mastorrencito.com\/cat\/wp-json\/wp\/v2\/categories?post=3848"},{"taxonomy":"post_tag","embeddable":true,"href":"https:\/\/mastorrencito.com\/cat\/wp-json\/wp\/v2\/tags?post=3848"}],"curies":[{"name":"wp","href":"https:\/\/api.w.org\/{rel}","templated":true}]}}