{"id":3846,"date":"2025-03-13T06:11:41","date_gmt":"2025-03-13T06:11:41","guid":{"rendered":"https:\/\/casaruralconperrosgirona.com\/reflexio-cruelment-real-%f0%9f%91%87\/"},"modified":"2025-03-13T06:11:41","modified_gmt":"2025-03-13T06:11:41","slug":"reflexio-cruelment-real-%f0%9f%91%87","status":"publish","type":"post","link":"https:\/\/mastorrencito.com\/cat\/reflexio-cruelment-real-%f0%9f%91%87\/","title":{"rendered":"REFLEXI\u00d3 CRUELMENT REAL \ud83d\udc47"},"content":{"rendered":"\n<h4 class=\"wp-block-heading\">Aquest pa\u00eds no castiga el que roba. C\u00e0stig a qui penja. <\/h4>\n\n<p>Aqu\u00ed no triomfa el que matina, sin\u00f3 el que sap moure sobres, manipular licitacions i signar contractes amb la m\u00e0 esquerra mentre cobra comissions amb la dreta. I el que \u00e9s fotut \u00e9s que ja ni sorpr\u00e8n. Ens hem acostumat a l&#8217;estafa institucional. Al saqueig p\u00fablic disfressat de gesti\u00f3. A les rodes de premsa buides mentre per darrere es reparteixen el past\u00eds.    <\/p>\n\n<p>Durant la pand\u00e8mia, ens van dir que \u201csortir\u00edem m\u00e9s forts\u201d. Mentida. Van sortir m\u00e9s rics <strong>els de sempre<\/strong> . Nosaltres sortim amb deutes, ansietat i un negoci penjant un fil. Ells, amb patrimonis m\u00e9s voluminosos i comptes a paradisos fiscals.    <br \/><strong>\u201cTots al mateix vaixell\u201d<\/strong> , deien\u2026 \u00e9s clar, per\u00f2 alguns anaven en iot i altres nedant en oli bullint.<\/p>\n\n<p>I qu\u00e8 vam fer nosaltres? Aguantar. Pagar. Empassar. Callar. Perqu\u00e8 aqu\u00ed a qui protesta el titllen de radical, a qui exigeix \u200b\u200ben diuen ingrat, ia qui s&#8217;arru\u00efna ho acusen de no haver-se sabut reinventar. Que bonic que \u00e9s el conte quan el veus des d&#8217;un despatx.      <\/p>\n<figure class=\"wp-block-post-featured-image\"><img fetchpriority=\"high\" decoding=\"async\" width=\"1024\" height=\"1024\" src=\"https:\/\/mastorrencito.com\/cat\/wp-content\/uploads\/sites\/3\/5anysdeCOVID.jpg\" class=\"attachment-post-thumbnail size-post-thumbnail wp-post-image\" alt=\"reflexi\u00f3n `postCOVID by MasTorrencito\" style=\"object-fit:cover;\" srcset=\"https:\/\/mastorrencito.com\/cat\/wp-content\/uploads\/sites\/3\/5anysdeCOVID.jpg 1024w, https:\/\/mastorrencito.com\/cat\/wp-content\/uploads\/sites\/3\/5anysdeCOVID-300x300.jpg 300w, https:\/\/mastorrencito.com\/cat\/wp-content\/uploads\/sites\/3\/5anysdeCOVID-150x150.jpg 150w, https:\/\/mastorrencito.com\/cat\/wp-content\/uploads\/sites\/3\/5anysdeCOVID-768x768.jpg 768w\" sizes=\"(max-width: 1024px) 100vw, 1024px\" \/><\/figure>\n<p>I saps el m\u00e9s repugnant? Que encara hi ha qui defensa aquests par\u00e0sits. Que encara hi ha qui justifica el saqueig. Que encara hi ha qui creu que aix\u00f2 \u00e9s \u201cel normal\u201d. Perqu\u00e8 ens han domesticat tan b\u00e9, que <strong>ja ni borrem quan ens peguen el pal<\/strong> . Nom\u00e9s movem el cap i diem: \u201cB\u00e9\u2026 almenys no va ser pitjor\u201d.     <\/p>\n\n<p>Aquest pa\u00eds no s&#8217;enfonsa per manca de recursos. S&#8217;enfonsa per exc\u00e9s de lladres, mediocres i endollats. I per una ciutadania que ja no s&#8217;indigna, nom\u00e9s se&#8217;n resigna.  <\/p>\n\n<p>Aqu\u00ed l&#8217;aut\u00f2nom \u00e9s el burro de c\u00e0rrega. Qui paga, qui sost\u00e9, qui no dorm. Per\u00f2 mai el que compta. Mai el que importa. Som el combustible que mant\u00e9 el motor funcionant, mentre els que condueixen es pixen al dip\u00f2sit.    <\/p>\n\n<p>Aix\u00ed que s\u00ed. Que ning\u00fa no vingui amb discursos buits de superaci\u00f3, ni amb frases de coaching empresarial. Perqu\u00e8 <strong>aix\u00f2 no va ser una crisi, va ser un saqueig amb guants de l\u00e0tex i BOE a la m\u00e0<\/strong> . I mentre no ho diguem en veu alta, ens continuaran cobrant fins i tot per respirar\u2026 i donant-nos les gr\u00e0cies per deixar-los seguir robant.   <\/p>\n\n<hr class=\"wp-block-separator has-alpha-channel-opacity\" \/>\n\n<blockquote class=\"wp-block-quote is-layout-flow wp-block-quote-is-layout-flow\">\n<p>Des de MasTorrencito et desitgem un bon dia i que els teus gossos t&#8217;acompanyin!!<\/p>\n<\/blockquote>\n\n<p>\u2014\u2013<br \/> Si vols, pot veure els nostres <strong>bons per caps de setmana, bons jubilats<\/strong> , a un preu incre\u00efble.. entra a <a href=\"https:\/\/www.mastorrencito.com\/\">www.mastorrencito.com<\/a> o si vols podeu llegir m\u00e9s hist\u00f2ria i an\u00e8cdotes que ens <a href=\"https:\/\/mastorrencito.com\/\">han<\/a> passat a MasTorrencito\u2026<\/p>\n","protected":false},"excerpt":{"rendered":"<p>Aquest pa\u00eds no castiga el que roba. C\u00e0stig a qui penja. Aqu\u00ed no triomfa el que matina, sin\u00f3 el que sap moure sobres, manipular licitacions i signar contractes amb la m\u00e0 esquerra mentre cobra comissions amb la dreta. I el que \u00e9s fotut \u00e9s que ja ni sorpr\u00e8n. Ens hem acostumat a l&#8217;estafa institucional. Al [&hellip;]<\/p>\n","protected":false},"author":2,"featured_media":3842,"comment_status":"open","ping_status":"closed","sticky":false,"template":"","format":"standard","meta":{"_acf_changed":false,"footnotes":""},"categories":[35],"tags":[],"class_list":["post-3846","post","type-post","status-publish","format-standard","has-post-thumbnail","hentry","category-histories-mastorrencito"],"yoast_head":"<!-- This site is optimized with the Yoast SEO Premium plugin v27.3 (Yoast SEO v27.5) - https:\/\/yoast.com\/product\/yoast-seo-premium-wordpress\/ -->\n<title>REFLEXI\u00d3 CRUELMENT REAL \ud83d\udc47 - Mas Torrencito CAT<\/title>\n<meta name=\"description\" content=\"Que malament ens han tractat, gaireb\u00e9 ens arru\u00efnen i els seguim votant... que poc ens recordem. reflexi\u00f3 `postCOVID by MasTorrencito\" \/>\n<meta name=\"robots\" content=\"index, follow, max-snippet:-1, max-image-preview:large, max-video-preview:-1\" \/>\n<link rel=\"canonical\" href=\"https:\/\/mastorrencito.com\/cat\/reflexio-cruelment-real-\ud83d\udc47\/\" \/>\n<meta property=\"og:locale\" content=\"es_ES\" \/>\n<meta property=\"og:type\" content=\"article\" \/>\n<meta property=\"og:title\" content=\"REFLEXI\u00d3 CRUELMENT REAL \ud83d\udc47\" \/>\n<meta property=\"og:description\" content=\"Que malament ens han tractat, gaireb\u00e9 ens arru\u00efnen i els seguim votant... que poc ens recordem. reflexi\u00f3 `postCOVID by MasTorrencito\" \/>\n<meta property=\"og:url\" content=\"https:\/\/mastorrencito.com\/cat\/reflexio-cruelment-real-\ud83d\udc47\/\" \/>\n<meta property=\"og:site_name\" content=\"Mas Torrencito CAT\" \/>\n<meta property=\"article:published_time\" content=\"2025-03-13T06:11:41+00:00\" \/>\n<meta property=\"og:image\" content=\"https:\/\/mastorrencito.com\/cat\/wp-content\/uploads\/sites\/3\/5anysdeCOVID.jpg\" \/>\n\t<meta property=\"og:image:width\" content=\"1024\" \/>\n\t<meta property=\"og:image:height\" content=\"1024\" \/>\n\t<meta property=\"og:image:type\" content=\"image\/jpeg\" \/>\n<meta name=\"author\" content=\"Mastorrencito\" \/>\n<meta name=\"twitter:card\" content=\"summary_large_image\" \/>\n<meta name=\"twitter:label1\" content=\"Escrito por\" \/>\n\t<meta name=\"twitter:data1\" content=\"Mastorrencito\" \/>\n\t<meta name=\"twitter:label2\" content=\"Tiempo de lectura\" \/>\n\t<meta name=\"twitter:data2\" content=\"2 minutos\" \/>\n<script type=\"application\/ld+json\" class=\"yoast-schema-graph\">{\"@context\":\"https:\\\/\\\/schema.org\",\"@graph\":[{\"@type\":\"Article\",\"@id\":\"https:\\\/\\\/mastorrencito.com\\\/cat\\\/reflexio-cruelment-real-%f0%9f%91%87\\\/#article\",\"isPartOf\":{\"@id\":\"https:\\\/\\\/mastorrencito.com\\\/cat\\\/reflexio-cruelment-real-%f0%9f%91%87\\\/\"},\"author\":{\"name\":\"Mastorrencito\",\"@id\":\"https:\\\/\\\/mastorrencito.com\\\/#\\\/schema\\\/person\\\/18c619be80d4ae2667c702911625f790\"},\"headline\":\"REFLEXI\u00d3 CRUELMENT REAL \ud83d\udc47\",\"datePublished\":\"2025-03-13T06:11:41+00:00\",\"mainEntityOfPage\":{\"@id\":\"https:\\\/\\\/mastorrencito.com\\\/cat\\\/reflexio-cruelment-real-%f0%9f%91%87\\\/\"},\"wordCount\":452,\"commentCount\":0,\"publisher\":{\"@id\":\"https:\\\/\\\/mastorrencito.com\\\/#organization\"},\"image\":{\"@id\":\"https:\\\/\\\/mastorrencito.com\\\/cat\\\/reflexio-cruelment-real-%f0%9f%91%87\\\/#primaryimage\"},\"thumbnailUrl\":\"https:\\\/\\\/mastorrencito.com\\\/cat\\\/wp-content\\\/uploads\\\/sites\\\/3\\\/5anysdeCOVID.jpg\",\"articleSection\":[\"Hist\u00f2ries Mastorrencito\"],\"inLanguage\":\"es\",\"potentialAction\":[{\"@type\":\"CommentAction\",\"name\":\"Comment\",\"target\":[\"https:\\\/\\\/mastorrencito.com\\\/cat\\\/reflexio-cruelment-real-%f0%9f%91%87\\\/#respond\"]}]},{\"@type\":\"WebPage\",\"@id\":\"https:\\\/\\\/mastorrencito.com\\\/cat\\\/reflexio-cruelment-real-%f0%9f%91%87\\\/\",\"url\":\"https:\\\/\\\/mastorrencito.com\\\/cat\\\/reflexio-cruelment-real-%f0%9f%91%87\\\/\",\"name\":\"REFLEXI\u00d3 CRUELMENT REAL \ud83d\udc47 - Mas Torrencito CAT\",\"isPartOf\":{\"@id\":\"https:\\\/\\\/mastorrencito.com\\\/#website\"},\"primaryImageOfPage\":{\"@id\":\"https:\\\/\\\/mastorrencito.com\\\/cat\\\/reflexio-cruelment-real-%f0%9f%91%87\\\/#primaryimage\"},\"image\":{\"@id\":\"https:\\\/\\\/mastorrencito.com\\\/cat\\\/reflexio-cruelment-real-%f0%9f%91%87\\\/#primaryimage\"},\"thumbnailUrl\":\"https:\\\/\\\/mastorrencito.com\\\/cat\\\/wp-content\\\/uploads\\\/sites\\\/3\\\/5anysdeCOVID.jpg\",\"datePublished\":\"2025-03-13T06:11:41+00:00\",\"description\":\"Que malament ens han tractat, gaireb\u00e9 ens arru\u00efnen i els seguim votant... que poc ens recordem. reflexi\u00f3 `postCOVID by MasTorrencito\",\"breadcrumb\":{\"@id\":\"https:\\\/\\\/mastorrencito.com\\\/cat\\\/reflexio-cruelment-real-%f0%9f%91%87\\\/#breadcrumb\"},\"inLanguage\":\"es\",\"potentialAction\":[{\"@type\":\"ReadAction\",\"target\":[\"https:\\\/\\\/mastorrencito.com\\\/cat\\\/reflexio-cruelment-real-%f0%9f%91%87\\\/\"]}]},{\"@type\":\"ImageObject\",\"inLanguage\":\"es\",\"@id\":\"https:\\\/\\\/mastorrencito.com\\\/cat\\\/reflexio-cruelment-real-%f0%9f%91%87\\\/#primaryimage\",\"url\":\"https:\\\/\\\/mastorrencito.com\\\/cat\\\/wp-content\\\/uploads\\\/sites\\\/3\\\/5anysdeCOVID.jpg\",\"contentUrl\":\"https:\\\/\\\/mastorrencito.com\\\/cat\\\/wp-content\\\/uploads\\\/sites\\\/3\\\/5anysdeCOVID.jpg\",\"width\":1024,\"height\":1024,\"caption\":\"reflexi\u00f3n `postCOVID by MasTorrencito\"},{\"@type\":\"BreadcrumbList\",\"@id\":\"https:\\\/\\\/mastorrencito.com\\\/cat\\\/reflexio-cruelment-real-%f0%9f%91%87\\\/#breadcrumb\",\"itemListElement\":[{\"@type\":\"ListItem\",\"position\":1,\"name\":\"Portada\",\"item\":\"https:\\\/\\\/mastorrencito.com\\\/\"},{\"@type\":\"ListItem\",\"position\":2,\"name\":\"REFLEXI\u00d3 CRUELMENT REAL \ud83d\udc47\"}]},{\"@type\":\"WebSite\",\"@id\":\"https:\\\/\\\/mastorrencito.com\\\/#website\",\"url\":\"https:\\\/\\\/mastorrencito.com\\\/\",\"name\":\"Mas Torrencito CAT\",\"description\":\"Casa rural pet friendly en Girona\",\"publisher\":{\"@id\":\"https:\\\/\\\/mastorrencito.com\\\/#organization\"},\"potentialAction\":[{\"@type\":\"SearchAction\",\"target\":{\"@type\":\"EntryPoint\",\"urlTemplate\":\"https:\\\/\\\/mastorrencito.com\\\/?s={search_term_string}\"},\"query-input\":{\"@type\":\"PropertyValueSpecification\",\"valueRequired\":true,\"valueName\":\"search_term_string\"}}],\"inLanguage\":\"es\"},{\"@type\":\"Organization\",\"@id\":\"https:\\\/\\\/mastorrencito.com\\\/#organization\",\"name\":\"Mas Torrencito CAT\",\"url\":\"https:\\\/\\\/mastorrencito.com\\\/\",\"logo\":{\"@type\":\"ImageObject\",\"inLanguage\":\"es\",\"@id\":\"https:\\\/\\\/mastorrencito.com\\\/#\\\/schema\\\/logo\\\/image\\\/\",\"url\":\"https:\\\/\\\/mastorrencito.com\\\/cat\\\/wp-content\\\/uploads\\\/sites\\\/3\\\/Logo-Mastorrencito-horizontal.webp\",\"contentUrl\":\"https:\\\/\\\/mastorrencito.com\\\/cat\\\/wp-content\\\/uploads\\\/sites\\\/3\\\/Logo-Mastorrencito-horizontal.webp\",\"width\":161,\"height\":54,\"caption\":\"Mas Torrencito CAT\"},\"image\":{\"@id\":\"https:\\\/\\\/mastorrencito.com\\\/#\\\/schema\\\/logo\\\/image\\\/\"}},{\"@type\":\"Person\",\"@id\":\"https:\\\/\\\/mastorrencito.com\\\/#\\\/schema\\\/person\\\/18c619be80d4ae2667c702911625f790\",\"name\":\"Mastorrencito\",\"image\":{\"@type\":\"ImageObject\",\"inLanguage\":\"es\",\"@id\":\"https:\\\/\\\/secure.gravatar.com\\\/avatar\\\/3ef55e0519f987a734c21caee1423b51df7b760b7d81a38ecd31cab0a5115f6d?s=96&d=mm&r=g\",\"url\":\"https:\\\/\\\/secure.gravatar.com\\\/avatar\\\/3ef55e0519f987a734c21caee1423b51df7b760b7d81a38ecd31cab0a5115f6d?s=96&d=mm&r=g\",\"contentUrl\":\"https:\\\/\\\/secure.gravatar.com\\\/avatar\\\/3ef55e0519f987a734c21caee1423b51df7b760b7d81a38ecd31cab0a5115f6d?s=96&d=mm&r=g\",\"caption\":\"Mastorrencito\"},\"url\":\"https:\\\/\\\/mastorrencito.com\\\/cat\\\/author\\\/mastorrencito\\\/\"}]}<\/script>\n<!-- \/ Yoast SEO Premium plugin. -->","yoast_head_json":{"title":"REFLEXI\u00d3 CRUELMENT REAL \ud83d\udc47 - Mas Torrencito CAT","description":"Que malament ens han tractat, gaireb\u00e9 ens arru\u00efnen i els seguim votant... que poc ens recordem. reflexi\u00f3 `postCOVID by MasTorrencito","robots":{"index":"index","follow":"follow","max-snippet":"max-snippet:-1","max-image-preview":"max-image-preview:large","max-video-preview":"max-video-preview:-1"},"canonical":"https:\/\/mastorrencito.com\/cat\/reflexio-cruelment-real-\ud83d\udc47\/","og_locale":"es_ES","og_type":"article","og_title":"REFLEXI\u00d3 CRUELMENT REAL \ud83d\udc47","og_description":"Que malament ens han tractat, gaireb\u00e9 ens arru\u00efnen i els seguim votant... que poc ens recordem. reflexi\u00f3 `postCOVID by MasTorrencito","og_url":"https:\/\/mastorrencito.com\/cat\/reflexio-cruelment-real-\ud83d\udc47\/","og_site_name":"Mas Torrencito CAT","article_published_time":"2025-03-13T06:11:41+00:00","og_image":[{"width":1024,"height":1024,"url":"https:\/\/mastorrencito.com\/cat\/wp-content\/uploads\/sites\/3\/5anysdeCOVID.jpg","type":"image\/jpeg"}],"author":"Mastorrencito","twitter_card":"summary_large_image","twitter_misc":{"Escrito por":"Mastorrencito","Tiempo de lectura":"2 minutos"},"schema":{"@context":"https:\/\/schema.org","@graph":[{"@type":"Article","@id":"https:\/\/mastorrencito.com\/cat\/reflexio-cruelment-real-%f0%9f%91%87\/#article","isPartOf":{"@id":"https:\/\/mastorrencito.com\/cat\/reflexio-cruelment-real-%f0%9f%91%87\/"},"author":{"name":"Mastorrencito","@id":"https:\/\/mastorrencito.com\/#\/schema\/person\/18c619be80d4ae2667c702911625f790"},"headline":"REFLEXI\u00d3 CRUELMENT REAL \ud83d\udc47","datePublished":"2025-03-13T06:11:41+00:00","mainEntityOfPage":{"@id":"https:\/\/mastorrencito.com\/cat\/reflexio-cruelment-real-%f0%9f%91%87\/"},"wordCount":452,"commentCount":0,"publisher":{"@id":"https:\/\/mastorrencito.com\/#organization"},"image":{"@id":"https:\/\/mastorrencito.com\/cat\/reflexio-cruelment-real-%f0%9f%91%87\/#primaryimage"},"thumbnailUrl":"https:\/\/mastorrencito.com\/cat\/wp-content\/uploads\/sites\/3\/5anysdeCOVID.jpg","articleSection":["Hist\u00f2ries Mastorrencito"],"inLanguage":"es","potentialAction":[{"@type":"CommentAction","name":"Comment","target":["https:\/\/mastorrencito.com\/cat\/reflexio-cruelment-real-%f0%9f%91%87\/#respond"]}]},{"@type":"WebPage","@id":"https:\/\/mastorrencito.com\/cat\/reflexio-cruelment-real-%f0%9f%91%87\/","url":"https:\/\/mastorrencito.com\/cat\/reflexio-cruelment-real-%f0%9f%91%87\/","name":"REFLEXI\u00d3 CRUELMENT REAL \ud83d\udc47 - Mas Torrencito CAT","isPartOf":{"@id":"https:\/\/mastorrencito.com\/#website"},"primaryImageOfPage":{"@id":"https:\/\/mastorrencito.com\/cat\/reflexio-cruelment-real-%f0%9f%91%87\/#primaryimage"},"image":{"@id":"https:\/\/mastorrencito.com\/cat\/reflexio-cruelment-real-%f0%9f%91%87\/#primaryimage"},"thumbnailUrl":"https:\/\/mastorrencito.com\/cat\/wp-content\/uploads\/sites\/3\/5anysdeCOVID.jpg","datePublished":"2025-03-13T06:11:41+00:00","description":"Que malament ens han tractat, gaireb\u00e9 ens arru\u00efnen i els seguim votant... que poc ens recordem. reflexi\u00f3 `postCOVID by MasTorrencito","breadcrumb":{"@id":"https:\/\/mastorrencito.com\/cat\/reflexio-cruelment-real-%f0%9f%91%87\/#breadcrumb"},"inLanguage":"es","potentialAction":[{"@type":"ReadAction","target":["https:\/\/mastorrencito.com\/cat\/reflexio-cruelment-real-%f0%9f%91%87\/"]}]},{"@type":"ImageObject","inLanguage":"es","@id":"https:\/\/mastorrencito.com\/cat\/reflexio-cruelment-real-%f0%9f%91%87\/#primaryimage","url":"https:\/\/mastorrencito.com\/cat\/wp-content\/uploads\/sites\/3\/5anysdeCOVID.jpg","contentUrl":"https:\/\/mastorrencito.com\/cat\/wp-content\/uploads\/sites\/3\/5anysdeCOVID.jpg","width":1024,"height":1024,"caption":"reflexi\u00f3n `postCOVID by MasTorrencito"},{"@type":"BreadcrumbList","@id":"https:\/\/mastorrencito.com\/cat\/reflexio-cruelment-real-%f0%9f%91%87\/#breadcrumb","itemListElement":[{"@type":"ListItem","position":1,"name":"Portada","item":"https:\/\/mastorrencito.com\/"},{"@type":"ListItem","position":2,"name":"REFLEXI\u00d3 CRUELMENT REAL \ud83d\udc47"}]},{"@type":"WebSite","@id":"https:\/\/mastorrencito.com\/#website","url":"https:\/\/mastorrencito.com\/","name":"Mas Torrencito CAT","description":"Casa rural pet friendly en Girona","publisher":{"@id":"https:\/\/mastorrencito.com\/#organization"},"potentialAction":[{"@type":"SearchAction","target":{"@type":"EntryPoint","urlTemplate":"https:\/\/mastorrencito.com\/?s={search_term_string}"},"query-input":{"@type":"PropertyValueSpecification","valueRequired":true,"valueName":"search_term_string"}}],"inLanguage":"es"},{"@type":"Organization","@id":"https:\/\/mastorrencito.com\/#organization","name":"Mas Torrencito CAT","url":"https:\/\/mastorrencito.com\/","logo":{"@type":"ImageObject","inLanguage":"es","@id":"https:\/\/mastorrencito.com\/#\/schema\/logo\/image\/","url":"https:\/\/mastorrencito.com\/cat\/wp-content\/uploads\/sites\/3\/Logo-Mastorrencito-horizontal.webp","contentUrl":"https:\/\/mastorrencito.com\/cat\/wp-content\/uploads\/sites\/3\/Logo-Mastorrencito-horizontal.webp","width":161,"height":54,"caption":"Mas Torrencito CAT"},"image":{"@id":"https:\/\/mastorrencito.com\/#\/schema\/logo\/image\/"}},{"@type":"Person","@id":"https:\/\/mastorrencito.com\/#\/schema\/person\/18c619be80d4ae2667c702911625f790","name":"Mastorrencito","image":{"@type":"ImageObject","inLanguage":"es","@id":"https:\/\/secure.gravatar.com\/avatar\/3ef55e0519f987a734c21caee1423b51df7b760b7d81a38ecd31cab0a5115f6d?s=96&d=mm&r=g","url":"https:\/\/secure.gravatar.com\/avatar\/3ef55e0519f987a734c21caee1423b51df7b760b7d81a38ecd31cab0a5115f6d?s=96&d=mm&r=g","contentUrl":"https:\/\/secure.gravatar.com\/avatar\/3ef55e0519f987a734c21caee1423b51df7b760b7d81a38ecd31cab0a5115f6d?s=96&d=mm&r=g","caption":"Mastorrencito"},"url":"https:\/\/mastorrencito.com\/cat\/author\/mastorrencito\/"}]}},"acf":[],"_links":{"self":[{"href":"https:\/\/mastorrencito.com\/cat\/wp-json\/wp\/v2\/posts\/3846","targetHints":{"allow":["GET"]}}],"collection":[{"href":"https:\/\/mastorrencito.com\/cat\/wp-json\/wp\/v2\/posts"}],"about":[{"href":"https:\/\/mastorrencito.com\/cat\/wp-json\/wp\/v2\/types\/post"}],"author":[{"embeddable":true,"href":"https:\/\/mastorrencito.com\/cat\/wp-json\/wp\/v2\/users\/2"}],"replies":[{"embeddable":true,"href":"https:\/\/mastorrencito.com\/cat\/wp-json\/wp\/v2\/comments?post=3846"}],"version-history":[{"count":0,"href":"https:\/\/mastorrencito.com\/cat\/wp-json\/wp\/v2\/posts\/3846\/revisions"}],"wp:featuredmedia":[{"embeddable":true,"href":"https:\/\/mastorrencito.com\/cat\/wp-json\/wp\/v2\/media\/3842"}],"wp:attachment":[{"href":"https:\/\/mastorrencito.com\/cat\/wp-json\/wp\/v2\/media?parent=3846"}],"wp:term":[{"taxonomy":"category","embeddable":true,"href":"https:\/\/mastorrencito.com\/cat\/wp-json\/wp\/v2\/categories?post=3846"},{"taxonomy":"post_tag","embeddable":true,"href":"https:\/\/mastorrencito.com\/cat\/wp-json\/wp\/v2\/tags?post=3846"}],"curies":[{"name":"wp","href":"https:\/\/api.w.org\/{rel}","templated":true}]}}