{"id":3831,"date":"2025-03-12T06:38:58","date_gmt":"2025-03-12T06:38:58","guid":{"rendered":"https:\/\/casaruralconperrosgirona.com\/cal-llegir-i-mes-si-tho-demanen-si-us-plau-by-mastorrencito\/"},"modified":"2025-03-12T06:38:58","modified_gmt":"2025-03-12T06:38:58","slug":"cal-llegir-i-mes-si-tho-demanen-si-us-plau-by-mastorrencito","status":"publish","type":"post","link":"https:\/\/mastorrencito.com\/cat\/cal-llegir-i-mes-si-tho-demanen-si-us-plau-by-mastorrencito\/","title":{"rendered":"Cal llegir&#8230; i m\u00e9s si t&#8217;ho demanen si us plau by MasTorrencito"},"content":{"rendered":"\n<hr class=\"wp-block-separator has-alpha-channel-opacity\" \/>\n\n<h3 class=\"wp-block-heading\"><strong>Cr\u00f2nica d&#8217;una Reserva Fallida (o de com els gossos tenen m\u00e9s sentit com\u00fa que alguns humans) \ud83d\udc15 \ud83e\udd37\u200d\u2642\ufe0f<\/strong><\/h3>\n\n<p>De vegades em pregunto seriosament si l&#8217;\u00e9sser hum\u00e0 ha perdut la capacitat b\u00e0sica de llegir\u2026 o simplement li fa mandra entendre el m\u00f3n que l&#8217;envolta. Perqu\u00e8 si no, no m&#8217;explico qu\u00e8 vaig viure ahir. I ho explico perqu\u00e8, si no ho deixo anar, rebento.  <\/p>\n\n<p>Tot comen\u00e7a b\u00e9. Una reserva directa des de la nostra web. Perfecte. Els envio la seva <strong>confirmaci\u00f3 de reserva per correu<\/strong> , els arriba la <strong>petici\u00f3 de check-in online<\/strong> , el <strong>WhatsApp amb els codis d&#8217;entrada<\/strong> , ia m\u00e9s <strong>les normes ben claretes<\/strong> , tant per a clients com per a gossos. Tot com sempre. Tot masteguet. Tot facilit. \ud83d\udce9 \ud83d\udcf1 \ud83d\udc36    <\/p>\n\n<p>Les <strong>4 de la tarda<\/strong> . El moment sagrat de cada dia: <strong>la planxa.<\/strong> S\u00ed, aquest instant glori\u00f3s on la calor del vapor i les camises es converteixen en la meva ter\u00e0pia zen. I just aqu\u00ed\u2026 sona el tel\u00e8fon. \ud83d\udcde <\/p>\n\n<p>\u2014S\u00ed, bona tarda, Mastorret, digui&#8217;m?<br \/>\u2014Hola\u2026 tenim una reserva i som a la porta.<br \/>\u2014Perfecte. Us he enviat un WhatsApp amb els codis dentrada.<br \/> \u2014<strong>Ufff! Ni els he vist. <\/strong><br \/>(Com que no els has vist? Si t&#8217;ho vaig enviar fa tres hores!)<\/p>\n\n<p>\u2014Ok, no passa res. El codi \u00e9s <strong>XXYY<\/strong> .<br \/> \u2014COOOOOMOOOO??? \ud83d\ude31<br \/> (Mira, aquest crit el va escoltar fins al gat del ve\u00ed. Jo des de la cuina vaig fer un respingo.) <\/p>\n\n<p>\u2014Et repeteixo: <strong>XXYY, lletra A d&#8217;Antonio.<\/strong><br \/> \u2014Ahhh val\u2026 ara ens veiem.<\/p>\n\n<p>Respiro profund. Torno a la meva muntanya de roba per planxar. Per\u00f2 no passen ni cinc minuts i escolto <strong>crits fora<\/strong> . Crits en maj\u00fascules. Alarmes humanes.   <\/p>\n\n<p>\u2014 <strong>EEEEEAAAAAAA\u2026 QU\u00cdTAAAAAAA!!<\/strong> \ud83d\ude31<\/p>\n\n<p>Baix en sec, gaireb\u00e9 a c\u00e0mera lenta com a les pel\u00b7lis. Qu\u00e8 ha passat? Un incendi? Un \u00f3s salvatge? Una invasi\u00f3 zombie? No\u2026 pitjor: <strong>dos humans espantats per tres gossos curiosos!<\/strong> \ud83d\udc15 \ud83d\udc15 \ud83d\udc15     <\/p>\n\n<p>Hi s\u00f3n. Ell i ella, movent els bra\u00e7os com si espantessin vespes. I els meus gossos, tan feli\u00e7os, nom\u00e9s s&#8217;havien acostat a olorar, a saludar\u2026 a rebre els nous! Per\u00f2 \u00e9s clar, els senyors estaven <strong>en mode drama total<\/strong> .   <\/p>\n\n<p>\u2014Treu llepa! Foraaaaa!! <\/p>\n\n<p>(Va pegar un xiulet. Els gossos van venir tranquils, cadasc\u00fa amb el seu pas, un es va asseure, un altre feia una flor\u2026 i el tercer ni se n&#8217;havia assabentat.)<\/p>\n\n<p>\u2014Bona tarda, tot b\u00e9?<br \/> \u2014B\u00e9\u2026 ja ho veus\u2026 <strong>aqu\u00ed sent atacats pels teus gossos.<\/strong><br \/> (ATACATS? De deb\u00f2?)<\/p>\n\n<p>\u2014Perdona? Atacats\u2026?<br \/> \u2014B\u00e9\u2026 que se&#8217;ns han vingut a sobre.<br \/> \u2014Qu\u00e8 passa, que no us agraden els gossos?<br \/> \u2014S\u00ed, per\u00f2 no que ens facin olor\u2026<br \/> (Perd\u00f3? Qu\u00e8 voleu llavors, gossos telep\u00e0tics?) <\/p>\n\n<p>\u2014Ahhh val, \u00e9s a dir\u2026 els gossos s\u00ed, per\u00f2 <strong>a dist\u00e0ncia emocional<\/strong> . Molt b\u00e9.<\/p>\n<figure class=\"wp-block-post-featured-image\"><img fetchpriority=\"high\" decoding=\"async\" width=\"1792\" height=\"1024\" src=\"https:\/\/mastorrencito.com\/cat\/wp-content\/uploads\/sites\/3\/noleeer.jpg\" class=\"attachment-post-thumbnail size-post-thumbnail wp-post-image\" alt=\"por que no leemos... ?? by MasTorrencito\" style=\"object-fit:cover;\" srcset=\"https:\/\/mastorrencito.com\/cat\/wp-content\/uploads\/sites\/3\/noleeer.jpg 1792w, https:\/\/mastorrencito.com\/cat\/wp-content\/uploads\/sites\/3\/noleeer-300x171.jpg 300w, https:\/\/mastorrencito.com\/cat\/wp-content\/uploads\/sites\/3\/noleeer-1024x585.jpg 1024w, https:\/\/mastorrencito.com\/cat\/wp-content\/uploads\/sites\/3\/noleeer-768x439.jpg 768w, https:\/\/mastorrencito.com\/cat\/wp-content\/uploads\/sites\/3\/noleeer-1536x878.jpg 1536w\" sizes=\"(max-width: 1792px) 100vw, 1792px\" \/><\/figure>\n<p>Els miro. Estic entre el riure i el sarcasme. <\/p>\n\n<p>\u2014Mira\u2026 amb tots els hotels que hi ha per aqu\u00ed que NO accepten mascotes\u2026 aneu i reserveu <strong>l&#8217;\u00fanic<\/strong> on els gossos estan solts, lliures i feli\u00e7os pel jard\u00ed.<br \/> \u2014Per\u00f2 \u00e9s que no sab\u00edem que estaven solts\u2026<br \/> \u2014Com que no? Si us vaig enviar un email, un missatge, un WhatsApp\u2026<br \/> \u2014\u00c9s que la reserva la va fer el nostre fill.<br \/> \u2014Ahhhh\u2026 \u00e9s clar. Doncs parleu amb ell.<br \/> \u2014\u00c9s que aquest fill nostre\u2026 no s\u00e9 en qu\u00e8 pensa\u2026<br \/> (Ah, s\u00ed. Culpa del fill. L&#8217;excusa estrella.)  <\/p>\n\n<p>\u2014B\u00e9, qu\u00e8 voleu fer? Perqu\u00e8 sincerament\u2026 si aix\u00f2 ja us sembla un atac can\u00ed, aqu\u00ed no estareu a gust. Tenim m\u00e9s clients amb gossos, i tots caminen pel jard\u00ed sense problema.  <\/p>\n\n<p>(Ell mira a ella. Ella posa cara de novel\u00b7la turca.)<\/p>\n\n<p>\u2014Jo aqu\u00ed no em quedo.<br \/>\u2014Perfecte. Sense cap problema. Per\u00f2 comenteu-li al vostre fill, d&#8217;acord? <br \/>\u2014S\u00ed, ara mateix ho anomeno\u2026 disculpa les mol\u00e8sties.<br \/>\u2014Res, bon dia.<\/p>\n\n<p>Vaig de cam\u00ed a recepci\u00f3 pensant: \u00abVinga, fos el mal rotllo. Un altre dia m\u00e9s\u00bb. Per\u00f2 <strong>de sobte em xiulen!<\/strong> <strong>EM SILBAN??<\/strong> \ud83d\ude24 <\/p>\n\n<p>Jo no s\u00f3c un gos, ni cambrer de quiosquet. Que em xiulin o em facin petar els dits em rebenta l&#8217;\u00e0nima.   <strong>SHIIIISSSSSS!<\/strong><br \/>Em giro. El senyor s&#8217;acosta amb cara d&#8217;\u201cara te&#8217;n deixar\u00e9 anar una altra\u201d. <\/p>\n\n<p>\u2014Digues-me.<br \/> \u2014El meu fill diu que ja ha pagat\u2026<br \/> \u2014S\u00ed, va pagar una nit amb esmorzar a l&#8217;habitaci\u00f3 doble, segona planta, 69 euros. I? <br \/>\u2014Doncs\u2026 que ens tornis els diners.<br \/>\u2014Perd\u00f3? L&#8217;habitaci\u00f3 est\u00e0 a punt. El servei preparat. Si decidiu no quedar-vos, \u00e9s decisi\u00f3 vostra, no meva.  <\/p>\n\n<p>(Es queda amb cara de nen renyat.)<\/p>\n\n<p>\u2014Mira, fem aix\u00f2: aneu a l&#8217;hotel <strong>Ana Mar\u00eda<\/strong> , que \u00e9s aqu\u00ed al costat. S\u00f3n col\u00b7legues meus. Digues-li al recepcionista que aneu de part meva i que em truqui. Us descompten el que heu pagat i jo m&#8217;hi apanyo.   <\/p>\n\n<p>\u2014Ahh\u2026 qu\u00e8 amable\u2026<\/p>\n\n<p>(Al meu cap ja em veia guanyant la partida: quan vegin el preu d&#8217;Ana Mar\u00eda, faran mitja volta. Escac mat, pensava jo\u2026)<\/p>\n\n<p>Per\u00f2 <strong>em vaig equivocar!<\/strong> \ud83d\ude31 No nom\u00e9s van ser\u2026 <strong>es van quedar dues nits<\/strong> ! I jo, que ja m&#8217;havia comprom\u00e8s amb el recepcionista\u2026 vaig haver d&#8217;empassar-me el tracte i complir.<\/p>\n\n<p>Al final, em vaig quedar tranquil. Sense drama. Per\u00f2 amb una reflexi\u00f3 clara:  <\/p>\n\n<p>\ud83d\udc49 <strong>Tan dif\u00edcil \u00e9s LLEGIR?<\/strong> Tan complicat \u00e9s entendre el que un reserva abans de fer clic? On va quedar el sentit com\u00fa? <\/p>\n\n<p>En fi&#8230; un altre dia m\u00e9s a l&#8217;aventura rural. Els gossos, mentrestant, segueixen saludant els nous hostes amb el mateix entusiasme. I jo\u2026 <strong>amb el WhatsApp en mode c\u00f2pia-pega permanent.<\/strong> \ud83d\udcf2 \ud83d\ude43  <\/p>\n\n<hr class=\"wp-block-separator has-alpha-channel-opacity\" \/>\n\n<h3 class=\"wp-block-heading\"><strong>Reflexi\u00f3: No \u00e9s manca d&#8217;informaci\u00f3, \u00e9s manca d&#8217;atenci\u00f3<\/strong><\/h3>\n\n<p>El que ha passat no \u00e9s un simple malent\u00e8s amb un client. \u00c9s un s\u00edmptoma d&#8217;una cosa m\u00e9s profunda i quotidiana: la desconnexi\u00f3 entre all\u00f2 que les persones fan i all\u00f2 que realment entenen. No \u00e9s que no se&#8217;ls informi. \u00c9s que <strong>no paren atenci\u00f3<\/strong> . Tot est\u00e0 escrit, explicat, enviat per correu, per WhatsApp, fins i tot simplificat al m\u00e0xim\u2026 i tot i aix\u00ed, molts arriben sense saber el m\u00e9s b\u00e0sic.    <\/p>\n\n<p>El problema no \u00e9s la tecnologia ni la comunicaci\u00f3. El problema \u00e9s <strong>la manca de responsabilitat en actuar<\/strong> . Reservar un allotjament sense llegir les condicions, sense revisar els missatges, sense preguntar a qui va fer la reserva\u2026 i despr\u00e9s exigir canvis, devolucions o tracte especial com si la decisi\u00f3 fos externa, no t\u00e9 l\u00f2gica.  <\/p>\n\n<p>I quan aix\u00f2 passa, el pitjor no \u00e9s la incomoditat del moment, sin\u00f3 la sensaci\u00f3 que <strong>el sentit com\u00fa va en reculada<\/strong> . Que cada cop m\u00e9s gent es mou per impuls i despr\u00e9s culpa els altres de les seves pr\u00f2pies omissions. <\/p>\n\n<p>A m\u00e9s a m\u00e9s, hi ha una contradicci\u00f3 molt clara: volen entorns rurals, naturals, aut\u00e8ntics\u2026 per\u00f2 sense el component natural. Volen cases rurals sense animals, camps sense insectes, muntanya sense fang, natura sense soroll.   <strong>Tot filtrat, controlat i c\u00f2mode, com una postal sense realitat.<\/strong><\/p>\n\n<p>I quan alguna cosa trenca aquesta imatge idealitzada, en comptes d&#8217;adaptar-se o recon\u00e8ixer-ne la part de responsabilitat, es victimitzen.<\/p>\n\n<p>Per aix\u00f2, el que va passar no \u00e9s pas anecd\u00f2tic. \u00c9s una mostra del que passa quan es perd la capacitat de llegir, escoltar, raonar. I no parlo de comprensi\u00f3 lectora. Parlo de <strong>consci\u00e8ncia i coher\u00e8ncia<\/strong> . Perqu\u00e8 no \u00e9s tan dif\u00edcil llegir un missatge. El que \u00e9s dif\u00edcil, pel que sembla, \u00e9s fer-se c\u00e0rrec de les pr\u00f2pies decisions.     <\/p>\n\n<hr class=\"wp-block-separator has-alpha-channel-opacity\" \/>\n\n<blockquote class=\"wp-block-quote is-layout-flow wp-block-quote-is-layout-flow\">\n<p>Des de MasTorrencito et desitgem un bon dia i que els teus gossos t&#8217;acompanyin!!<\/p>\n<\/blockquote>\n\n<p>\u2014\u2013<br \/> Si vols, pot veure els nostres <strong>bons per caps de setmana, bons jubilats<\/strong> , a un preu incre\u00efble.. entra a <a href=\"https:\/\/www.mastorrencito.com\/\">www.mastorrencito.com<\/a> o si vols podeu llegir m\u00e9s hist\u00f2ria i an\u00e8cdotes que ens <a href=\"https:\/\/mastorrencito.com\/\">han<\/a> passat a MasTorrencito\u2026<\/p>\n","protected":false},"excerpt":{"rendered":"<p>Cr\u00f2nica d&#8217;una Reserva Fallida (o de com els gossos tenen m\u00e9s sentit com\u00fa que alguns humans) \ud83d\udc15 \ud83e\udd37\u200d\u2642\ufe0f De vegades em pregunto seriosament si l&#8217;\u00e9sser hum\u00e0 ha perdut la capacitat b\u00e0sica de llegir\u2026 o simplement li fa mandra entendre el m\u00f3n que l&#8217;envolta. Perqu\u00e8 si no, no m&#8217;explico qu\u00e8 vaig viure ahir. I ho explico [&hellip;]<\/p>\n","protected":false},"author":2,"featured_media":3825,"comment_status":"open","ping_status":"closed","sticky":false,"template":"","format":"standard","meta":{"_acf_changed":false,"footnotes":""},"categories":[35],"tags":[],"class_list":["post-3831","post","type-post","status-publish","format-standard","has-post-thumbnail","hentry","category-histories-mastorrencito"],"yoast_head":"<!-- This site is optimized with the Yoast SEO Premium plugin v27.3 (Yoast SEO v27.5) - https:\/\/yoast.com\/product\/yoast-seo-premium-wordpress\/ -->\n<title>Cal llegir... i m\u00e9s si t&#039;ho demanen si us plau by MasTorrencito - Mas Torrencito CAT<\/title>\n<meta name=\"description\" content=\"I \u00e9s que hi ha vegades que no llegim el que ens diuen... no parlo de les instruccions d&#039;un medicament, parlo d&#039;indicacions per arribar,,,\" \/>\n<meta name=\"robots\" content=\"index, follow, max-snippet:-1, max-image-preview:large, max-video-preview:-1\" \/>\n<link rel=\"canonical\" href=\"https:\/\/mastorrencito.com\/cat\/cal-llegir-i-mes-si-tho-demanen-si-us-plau-by-mastorrencito\/\" \/>\n<meta property=\"og:locale\" content=\"es_ES\" \/>\n<meta property=\"og:type\" content=\"article\" \/>\n<meta property=\"og:title\" content=\"Cal llegir... i m\u00e9s si t&#039;ho demanen si us plau by MasTorrencito\" \/>\n<meta property=\"og:description\" content=\"I \u00e9s que hi ha vegades que no llegim el que ens diuen... no parlo de les instruccions d&#039;un medicament, parlo d&#039;indicacions per arribar,,,\" \/>\n<meta property=\"og:url\" content=\"https:\/\/mastorrencito.com\/cat\/cal-llegir-i-mes-si-tho-demanen-si-us-plau-by-mastorrencito\/\" \/>\n<meta property=\"og:site_name\" content=\"Mas Torrencito CAT\" \/>\n<meta property=\"article:published_time\" content=\"2025-03-12T06:38:58+00:00\" \/>\n<meta property=\"og:image\" content=\"https:\/\/mastorrencito.com\/cat\/wp-content\/uploads\/sites\/3\/noleeer.jpg\" \/>\n\t<meta property=\"og:image:width\" content=\"1792\" \/>\n\t<meta property=\"og:image:height\" content=\"1024\" \/>\n\t<meta property=\"og:image:type\" content=\"image\/jpeg\" \/>\n<meta name=\"author\" content=\"Mastorrencito\" \/>\n<meta name=\"twitter:card\" content=\"summary_large_image\" \/>\n<meta name=\"twitter:label1\" content=\"Escrito por\" \/>\n\t<meta name=\"twitter:data1\" content=\"Mastorrencito\" \/>\n\t<meta name=\"twitter:label2\" content=\"Tiempo de lectura\" \/>\n\t<meta name=\"twitter:data2\" content=\"6 minutos\" \/>\n<script type=\"application\/ld+json\" class=\"yoast-schema-graph\">{\"@context\":\"https:\\\/\\\/schema.org\",\"@graph\":[{\"@type\":\"Article\",\"@id\":\"https:\\\/\\\/mastorrencito.com\\\/cat\\\/cal-llegir-i-mes-si-tho-demanen-si-us-plau-by-mastorrencito\\\/#article\",\"isPartOf\":{\"@id\":\"https:\\\/\\\/mastorrencito.com\\\/cat\\\/cal-llegir-i-mes-si-tho-demanen-si-us-plau-by-mastorrencito\\\/\"},\"author\":{\"name\":\"Mastorrencito\",\"@id\":\"https:\\\/\\\/mastorrencito.com\\\/#\\\/schema\\\/person\\\/18c619be80d4ae2667c702911625f790\"},\"headline\":\"Cal llegir&#8230; i m\u00e9s si t&#8217;ho demanen si us plau by MasTorrencito\",\"datePublished\":\"2025-03-12T06:38:58+00:00\",\"mainEntityOfPage\":{\"@id\":\"https:\\\/\\\/mastorrencito.com\\\/cat\\\/cal-llegir-i-mes-si-tho-demanen-si-us-plau-by-mastorrencito\\\/\"},\"wordCount\":1306,\"commentCount\":0,\"publisher\":{\"@id\":\"https:\\\/\\\/mastorrencito.com\\\/#organization\"},\"image\":{\"@id\":\"https:\\\/\\\/mastorrencito.com\\\/cat\\\/cal-llegir-i-mes-si-tho-demanen-si-us-plau-by-mastorrencito\\\/#primaryimage\"},\"thumbnailUrl\":\"https:\\\/\\\/mastorrencito.com\\\/cat\\\/wp-content\\\/uploads\\\/sites\\\/3\\\/noleeer.jpg\",\"articleSection\":[\"Hist\u00f2ries Mastorrencito\"],\"inLanguage\":\"es\",\"potentialAction\":[{\"@type\":\"CommentAction\",\"name\":\"Comment\",\"target\":[\"https:\\\/\\\/mastorrencito.com\\\/cat\\\/cal-llegir-i-mes-si-tho-demanen-si-us-plau-by-mastorrencito\\\/#respond\"]}]},{\"@type\":\"WebPage\",\"@id\":\"https:\\\/\\\/mastorrencito.com\\\/cat\\\/cal-llegir-i-mes-si-tho-demanen-si-us-plau-by-mastorrencito\\\/\",\"url\":\"https:\\\/\\\/mastorrencito.com\\\/cat\\\/cal-llegir-i-mes-si-tho-demanen-si-us-plau-by-mastorrencito\\\/\",\"name\":\"Cal llegir... i m\u00e9s si t'ho demanen si us plau by MasTorrencito - Mas Torrencito CAT\",\"isPartOf\":{\"@id\":\"https:\\\/\\\/mastorrencito.com\\\/#website\"},\"primaryImageOfPage\":{\"@id\":\"https:\\\/\\\/mastorrencito.com\\\/cat\\\/cal-llegir-i-mes-si-tho-demanen-si-us-plau-by-mastorrencito\\\/#primaryimage\"},\"image\":{\"@id\":\"https:\\\/\\\/mastorrencito.com\\\/cat\\\/cal-llegir-i-mes-si-tho-demanen-si-us-plau-by-mastorrencito\\\/#primaryimage\"},\"thumbnailUrl\":\"https:\\\/\\\/mastorrencito.com\\\/cat\\\/wp-content\\\/uploads\\\/sites\\\/3\\\/noleeer.jpg\",\"datePublished\":\"2025-03-12T06:38:58+00:00\",\"description\":\"I \u00e9s que hi ha vegades que no llegim el que ens diuen... no parlo de les instruccions d'un medicament, parlo d'indicacions per arribar,,,\",\"breadcrumb\":{\"@id\":\"https:\\\/\\\/mastorrencito.com\\\/cat\\\/cal-llegir-i-mes-si-tho-demanen-si-us-plau-by-mastorrencito\\\/#breadcrumb\"},\"inLanguage\":\"es\",\"potentialAction\":[{\"@type\":\"ReadAction\",\"target\":[\"https:\\\/\\\/mastorrencito.com\\\/cat\\\/cal-llegir-i-mes-si-tho-demanen-si-us-plau-by-mastorrencito\\\/\"]}]},{\"@type\":\"ImageObject\",\"inLanguage\":\"es\",\"@id\":\"https:\\\/\\\/mastorrencito.com\\\/cat\\\/cal-llegir-i-mes-si-tho-demanen-si-us-plau-by-mastorrencito\\\/#primaryimage\",\"url\":\"https:\\\/\\\/mastorrencito.com\\\/cat\\\/wp-content\\\/uploads\\\/sites\\\/3\\\/noleeer.jpg\",\"contentUrl\":\"https:\\\/\\\/mastorrencito.com\\\/cat\\\/wp-content\\\/uploads\\\/sites\\\/3\\\/noleeer.jpg\",\"width\":1792,\"height\":1024,\"caption\":\"por que no leemos... ?? by MasTorrencito\"},{\"@type\":\"BreadcrumbList\",\"@id\":\"https:\\\/\\\/mastorrencito.com\\\/cat\\\/cal-llegir-i-mes-si-tho-demanen-si-us-plau-by-mastorrencito\\\/#breadcrumb\",\"itemListElement\":[{\"@type\":\"ListItem\",\"position\":1,\"name\":\"Portada\",\"item\":\"https:\\\/\\\/mastorrencito.com\\\/\"},{\"@type\":\"ListItem\",\"position\":2,\"name\":\"Cal llegir&#8230; i m\u00e9s si t&#8217;ho demanen si us plau by MasTorrencito\"}]},{\"@type\":\"WebSite\",\"@id\":\"https:\\\/\\\/mastorrencito.com\\\/#website\",\"url\":\"https:\\\/\\\/mastorrencito.com\\\/\",\"name\":\"Mas Torrencito CAT\",\"description\":\"Casa rural pet friendly en Girona\",\"publisher\":{\"@id\":\"https:\\\/\\\/mastorrencito.com\\\/#organization\"},\"potentialAction\":[{\"@type\":\"SearchAction\",\"target\":{\"@type\":\"EntryPoint\",\"urlTemplate\":\"https:\\\/\\\/mastorrencito.com\\\/?s={search_term_string}\"},\"query-input\":{\"@type\":\"PropertyValueSpecification\",\"valueRequired\":true,\"valueName\":\"search_term_string\"}}],\"inLanguage\":\"es\"},{\"@type\":\"Organization\",\"@id\":\"https:\\\/\\\/mastorrencito.com\\\/#organization\",\"name\":\"Mas Torrencito CAT\",\"url\":\"https:\\\/\\\/mastorrencito.com\\\/\",\"logo\":{\"@type\":\"ImageObject\",\"inLanguage\":\"es\",\"@id\":\"https:\\\/\\\/mastorrencito.com\\\/#\\\/schema\\\/logo\\\/image\\\/\",\"url\":\"https:\\\/\\\/mastorrencito.com\\\/cat\\\/wp-content\\\/uploads\\\/sites\\\/3\\\/Logo-Mastorrencito-horizontal.webp\",\"contentUrl\":\"https:\\\/\\\/mastorrencito.com\\\/cat\\\/wp-content\\\/uploads\\\/sites\\\/3\\\/Logo-Mastorrencito-horizontal.webp\",\"width\":161,\"height\":54,\"caption\":\"Mas Torrencito CAT\"},\"image\":{\"@id\":\"https:\\\/\\\/mastorrencito.com\\\/#\\\/schema\\\/logo\\\/image\\\/\"}},{\"@type\":\"Person\",\"@id\":\"https:\\\/\\\/mastorrencito.com\\\/#\\\/schema\\\/person\\\/18c619be80d4ae2667c702911625f790\",\"name\":\"Mastorrencito\",\"image\":{\"@type\":\"ImageObject\",\"inLanguage\":\"es\",\"@id\":\"https:\\\/\\\/secure.gravatar.com\\\/avatar\\\/3ef55e0519f987a734c21caee1423b51df7b760b7d81a38ecd31cab0a5115f6d?s=96&d=mm&r=g\",\"url\":\"https:\\\/\\\/secure.gravatar.com\\\/avatar\\\/3ef55e0519f987a734c21caee1423b51df7b760b7d81a38ecd31cab0a5115f6d?s=96&d=mm&r=g\",\"contentUrl\":\"https:\\\/\\\/secure.gravatar.com\\\/avatar\\\/3ef55e0519f987a734c21caee1423b51df7b760b7d81a38ecd31cab0a5115f6d?s=96&d=mm&r=g\",\"caption\":\"Mastorrencito\"},\"url\":\"https:\\\/\\\/mastorrencito.com\\\/cat\\\/author\\\/mastorrencito\\\/\"}]}<\/script>\n<!-- \/ Yoast SEO Premium plugin. -->","yoast_head_json":{"title":"Cal llegir... i m\u00e9s si t'ho demanen si us plau by MasTorrencito - Mas Torrencito CAT","description":"I \u00e9s que hi ha vegades que no llegim el que ens diuen... no parlo de les instruccions d'un medicament, parlo d'indicacions per arribar,,,","robots":{"index":"index","follow":"follow","max-snippet":"max-snippet:-1","max-image-preview":"max-image-preview:large","max-video-preview":"max-video-preview:-1"},"canonical":"https:\/\/mastorrencito.com\/cat\/cal-llegir-i-mes-si-tho-demanen-si-us-plau-by-mastorrencito\/","og_locale":"es_ES","og_type":"article","og_title":"Cal llegir... i m\u00e9s si t'ho demanen si us plau by MasTorrencito","og_description":"I \u00e9s que hi ha vegades que no llegim el que ens diuen... no parlo de les instruccions d'un medicament, parlo d'indicacions per arribar,,,","og_url":"https:\/\/mastorrencito.com\/cat\/cal-llegir-i-mes-si-tho-demanen-si-us-plau-by-mastorrencito\/","og_site_name":"Mas Torrencito CAT","article_published_time":"2025-03-12T06:38:58+00:00","og_image":[{"width":1792,"height":1024,"url":"https:\/\/mastorrencito.com\/cat\/wp-content\/uploads\/sites\/3\/noleeer.jpg","type":"image\/jpeg"}],"author":"Mastorrencito","twitter_card":"summary_large_image","twitter_misc":{"Escrito por":"Mastorrencito","Tiempo de lectura":"6 minutos"},"schema":{"@context":"https:\/\/schema.org","@graph":[{"@type":"Article","@id":"https:\/\/mastorrencito.com\/cat\/cal-llegir-i-mes-si-tho-demanen-si-us-plau-by-mastorrencito\/#article","isPartOf":{"@id":"https:\/\/mastorrencito.com\/cat\/cal-llegir-i-mes-si-tho-demanen-si-us-plau-by-mastorrencito\/"},"author":{"name":"Mastorrencito","@id":"https:\/\/mastorrencito.com\/#\/schema\/person\/18c619be80d4ae2667c702911625f790"},"headline":"Cal llegir&#8230; i m\u00e9s si t&#8217;ho demanen si us plau by MasTorrencito","datePublished":"2025-03-12T06:38:58+00:00","mainEntityOfPage":{"@id":"https:\/\/mastorrencito.com\/cat\/cal-llegir-i-mes-si-tho-demanen-si-us-plau-by-mastorrencito\/"},"wordCount":1306,"commentCount":0,"publisher":{"@id":"https:\/\/mastorrencito.com\/#organization"},"image":{"@id":"https:\/\/mastorrencito.com\/cat\/cal-llegir-i-mes-si-tho-demanen-si-us-plau-by-mastorrencito\/#primaryimage"},"thumbnailUrl":"https:\/\/mastorrencito.com\/cat\/wp-content\/uploads\/sites\/3\/noleeer.jpg","articleSection":["Hist\u00f2ries Mastorrencito"],"inLanguage":"es","potentialAction":[{"@type":"CommentAction","name":"Comment","target":["https:\/\/mastorrencito.com\/cat\/cal-llegir-i-mes-si-tho-demanen-si-us-plau-by-mastorrencito\/#respond"]}]},{"@type":"WebPage","@id":"https:\/\/mastorrencito.com\/cat\/cal-llegir-i-mes-si-tho-demanen-si-us-plau-by-mastorrencito\/","url":"https:\/\/mastorrencito.com\/cat\/cal-llegir-i-mes-si-tho-demanen-si-us-plau-by-mastorrencito\/","name":"Cal llegir... i m\u00e9s si t'ho demanen si us plau by MasTorrencito - Mas Torrencito CAT","isPartOf":{"@id":"https:\/\/mastorrencito.com\/#website"},"primaryImageOfPage":{"@id":"https:\/\/mastorrencito.com\/cat\/cal-llegir-i-mes-si-tho-demanen-si-us-plau-by-mastorrencito\/#primaryimage"},"image":{"@id":"https:\/\/mastorrencito.com\/cat\/cal-llegir-i-mes-si-tho-demanen-si-us-plau-by-mastorrencito\/#primaryimage"},"thumbnailUrl":"https:\/\/mastorrencito.com\/cat\/wp-content\/uploads\/sites\/3\/noleeer.jpg","datePublished":"2025-03-12T06:38:58+00:00","description":"I \u00e9s que hi ha vegades que no llegim el que ens diuen... no parlo de les instruccions d'un medicament, parlo d'indicacions per arribar,,,","breadcrumb":{"@id":"https:\/\/mastorrencito.com\/cat\/cal-llegir-i-mes-si-tho-demanen-si-us-plau-by-mastorrencito\/#breadcrumb"},"inLanguage":"es","potentialAction":[{"@type":"ReadAction","target":["https:\/\/mastorrencito.com\/cat\/cal-llegir-i-mes-si-tho-demanen-si-us-plau-by-mastorrencito\/"]}]},{"@type":"ImageObject","inLanguage":"es","@id":"https:\/\/mastorrencito.com\/cat\/cal-llegir-i-mes-si-tho-demanen-si-us-plau-by-mastorrencito\/#primaryimage","url":"https:\/\/mastorrencito.com\/cat\/wp-content\/uploads\/sites\/3\/noleeer.jpg","contentUrl":"https:\/\/mastorrencito.com\/cat\/wp-content\/uploads\/sites\/3\/noleeer.jpg","width":1792,"height":1024,"caption":"por que no leemos... ?? by MasTorrencito"},{"@type":"BreadcrumbList","@id":"https:\/\/mastorrencito.com\/cat\/cal-llegir-i-mes-si-tho-demanen-si-us-plau-by-mastorrencito\/#breadcrumb","itemListElement":[{"@type":"ListItem","position":1,"name":"Portada","item":"https:\/\/mastorrencito.com\/"},{"@type":"ListItem","position":2,"name":"Cal llegir&#8230; i m\u00e9s si t&#8217;ho demanen si us plau by MasTorrencito"}]},{"@type":"WebSite","@id":"https:\/\/mastorrencito.com\/#website","url":"https:\/\/mastorrencito.com\/","name":"Mas Torrencito CAT","description":"Casa rural pet friendly en Girona","publisher":{"@id":"https:\/\/mastorrencito.com\/#organization"},"potentialAction":[{"@type":"SearchAction","target":{"@type":"EntryPoint","urlTemplate":"https:\/\/mastorrencito.com\/?s={search_term_string}"},"query-input":{"@type":"PropertyValueSpecification","valueRequired":true,"valueName":"search_term_string"}}],"inLanguage":"es"},{"@type":"Organization","@id":"https:\/\/mastorrencito.com\/#organization","name":"Mas Torrencito CAT","url":"https:\/\/mastorrencito.com\/","logo":{"@type":"ImageObject","inLanguage":"es","@id":"https:\/\/mastorrencito.com\/#\/schema\/logo\/image\/","url":"https:\/\/mastorrencito.com\/cat\/wp-content\/uploads\/sites\/3\/Logo-Mastorrencito-horizontal.webp","contentUrl":"https:\/\/mastorrencito.com\/cat\/wp-content\/uploads\/sites\/3\/Logo-Mastorrencito-horizontal.webp","width":161,"height":54,"caption":"Mas Torrencito CAT"},"image":{"@id":"https:\/\/mastorrencito.com\/#\/schema\/logo\/image\/"}},{"@type":"Person","@id":"https:\/\/mastorrencito.com\/#\/schema\/person\/18c619be80d4ae2667c702911625f790","name":"Mastorrencito","image":{"@type":"ImageObject","inLanguage":"es","@id":"https:\/\/secure.gravatar.com\/avatar\/3ef55e0519f987a734c21caee1423b51df7b760b7d81a38ecd31cab0a5115f6d?s=96&d=mm&r=g","url":"https:\/\/secure.gravatar.com\/avatar\/3ef55e0519f987a734c21caee1423b51df7b760b7d81a38ecd31cab0a5115f6d?s=96&d=mm&r=g","contentUrl":"https:\/\/secure.gravatar.com\/avatar\/3ef55e0519f987a734c21caee1423b51df7b760b7d81a38ecd31cab0a5115f6d?s=96&d=mm&r=g","caption":"Mastorrencito"},"url":"https:\/\/mastorrencito.com\/cat\/author\/mastorrencito\/"}]}},"acf":[],"_links":{"self":[{"href":"https:\/\/mastorrencito.com\/cat\/wp-json\/wp\/v2\/posts\/3831","targetHints":{"allow":["GET"]}}],"collection":[{"href":"https:\/\/mastorrencito.com\/cat\/wp-json\/wp\/v2\/posts"}],"about":[{"href":"https:\/\/mastorrencito.com\/cat\/wp-json\/wp\/v2\/types\/post"}],"author":[{"embeddable":true,"href":"https:\/\/mastorrencito.com\/cat\/wp-json\/wp\/v2\/users\/2"}],"replies":[{"embeddable":true,"href":"https:\/\/mastorrencito.com\/cat\/wp-json\/wp\/v2\/comments?post=3831"}],"version-history":[{"count":0,"href":"https:\/\/mastorrencito.com\/cat\/wp-json\/wp\/v2\/posts\/3831\/revisions"}],"wp:featuredmedia":[{"embeddable":true,"href":"https:\/\/mastorrencito.com\/cat\/wp-json\/wp\/v2\/media\/3825"}],"wp:attachment":[{"href":"https:\/\/mastorrencito.com\/cat\/wp-json\/wp\/v2\/media?parent=3831"}],"wp:term":[{"taxonomy":"category","embeddable":true,"href":"https:\/\/mastorrencito.com\/cat\/wp-json\/wp\/v2\/categories?post=3831"},{"taxonomy":"post_tag","embeddable":true,"href":"https:\/\/mastorrencito.com\/cat\/wp-json\/wp\/v2\/tags?post=3831"}],"curies":[{"name":"wp","href":"https:\/\/api.w.org\/{rel}","templated":true}]}}