{"id":3807,"date":"2025-03-10T05:33:48","date_gmt":"2025-03-10T05:33:48","guid":{"rendered":"https:\/\/casaruralconperrosgirona.com\/un-finde-de-kk-i-tambe-dels-que-et-recarreguen-lanima\/"},"modified":"2025-03-10T05:33:48","modified_gmt":"2025-03-10T05:33:48","slug":"un-finde-de-kk-i-tambe-dels-que-et-recarreguen-lanima","status":"publish","type":"post","link":"https:\/\/mastorrencito.com\/cat\/un-finde-de-kk-i-tambe-dels-que-et-recarreguen-lanima\/","title":{"rendered":"Un finde de KK\u2026 i tamb\u00e9 dels que et recarreguen l\u00b4\u00e0nima"},"content":{"rendered":"\n<h3 class=\"wp-block-heading\">B\u00e9\u2026 per on comen\u00e7o? Perqu\u00e8 vagi <strong>finde de KK<\/strong> , aix\u00ed amb totes les lletres. D&#8217;aquells que et deixen amb una barreja rara de frustraci\u00f3 i somriure ximple en recordar-ho.    <\/h3>\n\n<p>Perqu\u00e8 ha estat un finde estrany\u2026 molt estrany. Per una banda, un desastre total. De l&#8217;altra, un regal inesperat.  <\/p>\n\n<h2 class=\"wp-block-heading\">Anem per parts.<\/h2>\n\n<p><strong>Ni un client. Zero.  Res. Ni un.<\/strong>  I no exagero. Semblava que estigu\u00e9ssim una altra vegada en plena pand\u00e8mia, amb les portes obertes per\u00f2 el silenci omplint-ho tot. I \u00e9s clar, una es queda amb cara de\u2026 per\u00f2 aix\u00f2 qu\u00e8 \u00e9s? On \u00e9s la gent? On s&#8217;hi han ficat tots? Perqu\u00e8 el m\u00e9s curi\u00f3s \u00e9s que       <strong>el finde anterior podr\u00edem haver tingut cinc habitacions m\u00e9s i tot i aix\u00ed les haur\u00edem omplert. I el proper\u2026 nom\u00e9s ens queden dos lliures. Per\u00f2 aquest&#8230; aquest ha estat com una broma del dest\u00ed.  <\/strong><\/p>\n\n<p>I \u00e9s clar, no t&#8217;ho pots prendre d&#8217;una altra manera que no sigui amb humor, perqu\u00e8 si no, t&#8217;estires els cabells. \ud83d\ude02<\/p>\n\n<p>Per\u00f2 mira, malgrat aix\u00f2 \u2014o potser precisament per aix\u00f2\u2014 ha estat un d&#8217;aquells caps de setmana que, sense planejar-ho, esdev\u00e9 una cosa especial. Perqu\u00e8 com que no hi havia res a fer, <strong>vam tenir tota la casa per a nosaltres i per als petits<\/strong> . I aix\u00f2, creu-me, no passa mai.  <\/p>\n\n<p><strong>Els petits estaven descol\u00b7locats perduts.<\/strong>  No entenien res. Ens miraven com dient: <em>\u201cI els hostes? I el tr\u00e0fec de sempre? I les salutacions, les motxilles, les maletes rodant per terra?\u201d<\/em> Res d&#8217;aix\u00f2. Nom\u00e9s nosaltres, el so de la pluja caient sense pietat, i un munt de temps lliure que ni sab\u00edem com manejar.  <\/p>\n\n<p>I a sobre\u2026 la que va caure! Mare meva, <strong>la pluja va ser de pel\u00b7l\u00edcula de cat\u00e0strofes<\/strong> . Aigua, aigua i m\u00e9s aigua. De deb\u00f2, feia temps que no v\u00e8iem un cel tan carregat. Per\u00f2 b\u00e9, com que no hav\u00edem de c\u00f3rrer a preparar esmorzars ni esperar check-ins, ens ho prenem amb calma. Sense presses, sense estr\u00e8s\u2026 fins i tot amb gust, et diria. Perqu\u00e8 ja saps qu\u00e8 passa: n&#8217;hi ha prou que surtis un moment perqu\u00e8 alguna cosa s&#8217;espatlli, i n&#8217;hi ha prou que no estiguis perqu\u00e8 passi qualsevol cosa rara. Per\u00f2 aquest finde no hi havia res que es pogu\u00e9s tor\u00e7ar, perqu\u00e8 directament no hi havia res.       <\/p>\n\n<p>Aix\u00ed que vam aprofitar i <strong>vam anar a l&#8217;Ametlla del Vall\u00e8s<\/strong> , que com diu La Mire (i amb ra\u00f3): <em>\u201cCom el Vall\u00e8s\u2026 res\u201d<\/em> . Vam anar a dinar amb els pares, els cunyats, les nebodes\u2026 un pla de dissabte que feia segles que no repetiem. Perqu\u00e8 te&#8217;n facis una idea: <strong>la meva sogra va canviar la cuina fa dos anys\u2026 i encara no l&#8217;havia vista!<\/strong> \ud83d\ude02 S\u00ed, aix\u00ed d&#8217;intens han estat els darrers temps.  <\/p>\n\n<blockquote class=\"wp-block-quote is-layout-flow wp-block-quote-is-layout-flow\">\n<p>relax\u2026 cap de setmana per gaudir del nostre mastellet<\/p>\n<\/blockquote>\n\n<p>I \u00e9s clar, hi vam arribar i els petits es van tornar absolutament bojos.  <strong>El Mastitwo (\u00e0lies \u201cel terratr\u00e8mol amb potes\u201d) va decidir que era el moment perfecte per buidar la galleda de la roba i escampar-la per tota la casa. Per les escales, per les habitacions\u2026 una passarel\u00b7la t\u00e8xtil en tota regla. <\/strong>  Un altre es va dedicar a desorganitzar totes les botes del rebedor, com si les estigu\u00e9s classificant per a una exposici\u00f3. I qu\u00e8 fas? Doncs riure&#8217;t. Perqu\u00e8 aix\u00f2 \u00e9s la seva manera de dir-nos que no els ha agradat quedar-se sols.   <\/p>\n\n<figure class=\"wp-block-video\"><video height=\"480\" style=\"aspect-ratio: 848 \/ 480;\" width=\"848\" controls=\"\" src=\"https:\/\/mastorrencito.com\/wp-content\/uploads\/ladron_ropa.mp4\"><\/video><\/figure>\n<p>Perqu\u00e8 s\u00ed, <strong>ells tamb\u00e9 es comuniquen<\/strong> , a la seva manera. Nom\u00e9s cal aprendre a llegir entre l\u00ednies (o entre munts de mitjons tirats). I et dic una cosa: s&#8217;expressen meravellosament. Un no diu res \u2014Maky, el pobret\u00f3, \u00e9s un sant\u2014, per\u00f2 els altres dos\u2026 mare meva! Si no \u00e9s una cosa, \u00e9s una altra. Se les saben totes. I el m\u00e9s curi\u00f3s \u00e9s que, dins de la seva bogeria,        <strong>s\u00f3n super bons. No han trencat mai res, no destrossen res, nom\u00e9s es dediquen al transport de roba d&#8217;un lloc a l&#8217;altre. Com si fos la feina oficial.  <\/strong><\/p>\n\n<p>I vam estar, entre el caos dom\u00e8stic, la nost\u00e0lgia familiar, la pluja torrencial i aquesta tranquil\u00b7litat rara que et d\u00f3na un finde sense hostes, que no saps si \u00e9s descans o desconcert.<\/p>\n\n<p>Per\u00f2, al final del dia, <strong>aquests caps de setmana tamb\u00e9 valen or<\/strong> . Perqu\u00e8 sense voler-ho, et donen el que no sols tenir: temps. Temps per respirar, per estar, per mirar per la finestra sense rellotge, per riure&#8217;t del caos i no c\u00f3rrer per tot. Temps per adonar-te que de vegades, encara que el pla sigui de \u201cKK\u201d, el regal est\u00e0 inesperat.   <\/p>\n\n<h3 class=\"wp-block-heading\"><strong>Reflexi\u00f3: Quan el que no passa\u2026 tamb\u00e9 passa per alguna cosa<\/strong><\/h3>\n\n<p>De vegades la vida ens d\u00f3na justament el contrari del que esper\u00e0vem. Un finde sense clients, sense el tr\u00e0fec habitual, sense anar i venir que tant caracteritza la nostra rutina\u2026 pot semblar una decepci\u00f3. I en certa manera, ho \u00e9s. Perqu\u00e8 s\u00ed, hom espera que tot flueixi, que la feina no s&#8217;aturi, que els esfor\u00e7os donin fruits immediats. I quan aix\u00f2 no passa, es fa inevitable sentir aquesta petita punxada de frustraci\u00f3.    <\/p>\n\n<p>Per\u00f2 despr\u00e9s, quan t&#8217;atures un moment i mires m\u00e9s enll\u00e0 del buit aparent, t&#8217;adones que <strong>la vida tamb\u00e9 et parla en aquests silencis<\/strong> . Que el descans inesperat \u00e9s una pausa que no sabies que necessitaves. Que el soroll absent deixa espai per escoltar altres coses: el so de la pluja, les rialles dels petits, una conversa sense presses amb la teva parella, el retrobament amb la fam\u00edlia que sempre espera encara que passin anys.  <\/p>\n\n<p>De vegades no tenir res a fer&#8230; <strong>\u00e9s justament el que cal fer<\/strong> . I enmig del caos dom\u00e8stic, els mitjons escampats i les botes desordenades, s&#8217;hi amaga una lli\u00e7\u00f3 senzilla per\u00f2 poderosa: <strong>la vida tamb\u00e9 es viu quan no passa res extraordinari<\/strong> . I just aqu\u00ed, en all\u00f2 quotidi\u00e0, en all\u00f2 no planejat, en all\u00f2 que sembla una \u201cfinde de KK\u201d\u2026 tamb\u00e9 hi ha bellesa, tamb\u00e9 hi ha descans, i tamb\u00e9 hi ha gratitud.  <\/p>\n\n<p>Perqu\u00e8 el que semblava un mal cap de setmana, potser ha estat l&#8217;\u00fanic espai real que la vida et va regalar per simplement ser-hi. I aix\u00f2, de vegades, val m\u00e9s que omplir totes les habitacions del m\u00f3n. <\/p>\n\n<hr class=\"wp-block-separator has-alpha-channel-opacity\" \/>\n\n<blockquote class=\"wp-block-quote is-layout-flow wp-block-quote-is-layout-flow\">\n<p>Des de MasTorrencito et desitgem un bon dia i que els teus gossos t&#8217;acompanyin!!<\/p>\n<\/blockquote>\n\n<p>\u2014\u2013<br \/> Si vols, pot veure els nostres <strong>bons per caps de setmana, bons jubilats<\/strong> , a un preu incre\u00efble.. entra a <a href=\"https:\/\/www.mastorrencito.com\/\">www.mastorrencito.com<\/a> o si vols podeu llegir m\u00e9s hist\u00f2ria i an\u00e8cdotes que ens han passat a MasTorrencito\u2026 Fes click <a href=\"https:\/\/mastorrencito.com\/\">aqu\u00ed<\/a><\/p>\n","protected":false},"excerpt":{"rendered":"<p>B\u00e9\u2026 per on comen\u00e7o? Perqu\u00e8 vagi finde de KK , aix\u00ed amb totes les lletres. D&#8217;aquells que et deixen amb una barreja rara de frustraci\u00f3 i somriure ximple en recordar-ho. Perqu\u00e8 ha estat un finde estrany\u2026 molt estrany. Per una banda, un desastre total. De l&#8217;altra, un regal inesperat. Anem per parts. Ni un client. [&hellip;]<\/p>\n","protected":false},"author":2,"featured_media":3798,"comment_status":"open","ping_status":"closed","sticky":false,"template":"","format":"standard","meta":{"_acf_changed":false,"footnotes":""},"categories":[35],"tags":[],"class_list":["post-3807","post","type-post","status-publish","format-standard","has-post-thumbnail","hentry","category-histories-mastorrencito"],"yoast_head":"<!-- This site is optimized with the Yoast SEO Premium plugin v27.3 (Yoast SEO v27.5) - https:\/\/yoast.com\/product\/yoast-seo-premium-wordpress\/ -->\n<title>Un finde de KK\u2026 i tamb\u00e9 dels que et recarreguen l\u00b4\u00e0nima - Mas Torrencito CAT<\/title>\n<meta name=\"description\" content=\"Cal saber treure partit a all\u00f2 negatiu... si no hi ha ning\u00fa... gaudeix-lo Un finde de KK\u2026 i tamb\u00e9 dels que et recarreguen l&#039;\u00e0nima\" \/>\n<meta name=\"robots\" content=\"index, follow, max-snippet:-1, max-image-preview:large, max-video-preview:-1\" \/>\n<link rel=\"canonical\" href=\"https:\/\/mastorrencito.com\/cat\/un-finde-de-kk-i-tambe-dels-que-et-recarreguen-lanima\/\" \/>\n<meta property=\"og:locale\" content=\"es_ES\" \/>\n<meta property=\"og:type\" content=\"article\" \/>\n<meta property=\"og:title\" content=\"Un finde de KK\u2026 i tamb\u00e9 dels que et recarreguen l\u00b4\u00e0nima\" \/>\n<meta property=\"og:description\" content=\"Cal saber treure partit a all\u00f2 negatiu... si no hi ha ning\u00fa... gaudeix-lo Un finde de KK\u2026 i tamb\u00e9 dels que et recarreguen l&#039;\u00e0nima\" \/>\n<meta property=\"og:url\" content=\"https:\/\/mastorrencito.com\/cat\/un-finde-de-kk-i-tambe-dels-que-et-recarreguen-lanima\/\" \/>\n<meta property=\"og:site_name\" content=\"Mas Torrencito CAT\" \/>\n<meta property=\"article:published_time\" content=\"2025-03-10T05:33:48+00:00\" \/>\n<meta property=\"og:image\" content=\"https:\/\/mastorrencito.com\/cat\/wp-content\/uploads\/sites\/3\/Imatge-de-WhatsApp-2024-10-27-a-les-19.53.53_346db725.jpg\" \/>\n\t<meta property=\"og:image:width\" content=\"1200\" \/>\n\t<meta property=\"og:image:height\" content=\"1600\" \/>\n\t<meta property=\"og:image:type\" content=\"image\/jpeg\" \/>\n<meta name=\"author\" content=\"Mastorrencito\" \/>\n<meta name=\"twitter:card\" content=\"summary_large_image\" \/>\n<meta name=\"twitter:label1\" content=\"Escrito por\" \/>\n\t<meta name=\"twitter:data1\" content=\"Mastorrencito\" \/>\n\t<meta name=\"twitter:label2\" content=\"Tiempo de lectura\" \/>\n\t<meta name=\"twitter:data2\" content=\"6 minutos\" \/>\n<script type=\"application\/ld+json\" class=\"yoast-schema-graph\">{\"@context\":\"https:\\\/\\\/schema.org\",\"@graph\":[{\"@type\":\"Article\",\"@id\":\"https:\\\/\\\/mastorrencito.com\\\/cat\\\/un-finde-de-kk-i-tambe-dels-que-et-recarreguen-lanima\\\/#article\",\"isPartOf\":{\"@id\":\"https:\\\/\\\/mastorrencito.com\\\/cat\\\/un-finde-de-kk-i-tambe-dels-que-et-recarreguen-lanima\\\/\"},\"author\":{\"name\":\"Mastorrencito\",\"@id\":\"https:\\\/\\\/mastorrencito.com\\\/#\\\/schema\\\/person\\\/18c619be80d4ae2667c702911625f790\"},\"headline\":\"Un finde de KK\u2026 i tamb\u00e9 dels que et recarreguen l\u00b4\u00e0nima\",\"datePublished\":\"2025-03-10T05:33:48+00:00\",\"mainEntityOfPage\":{\"@id\":\"https:\\\/\\\/mastorrencito.com\\\/cat\\\/un-finde-de-kk-i-tambe-dels-que-et-recarreguen-lanima\\\/\"},\"wordCount\":1151,\"commentCount\":0,\"publisher\":{\"@id\":\"https:\\\/\\\/mastorrencito.com\\\/#organization\"},\"image\":{\"@id\":\"https:\\\/\\\/mastorrencito.com\\\/cat\\\/un-finde-de-kk-i-tambe-dels-que-et-recarreguen-lanima\\\/#primaryimage\"},\"thumbnailUrl\":\"https:\\\/\\\/mastorrencito.com\\\/cat\\\/wp-content\\\/uploads\\\/sites\\\/3\\\/Imatge-de-WhatsApp-2024-10-27-a-les-19.53.53_346db725.jpg\",\"articleSection\":[\"Hist\u00f2ries Mastorrencito\"],\"inLanguage\":\"es\",\"potentialAction\":[{\"@type\":\"CommentAction\",\"name\":\"Comment\",\"target\":[\"https:\\\/\\\/mastorrencito.com\\\/cat\\\/un-finde-de-kk-i-tambe-dels-que-et-recarreguen-lanima\\\/#respond\"]}]},{\"@type\":\"WebPage\",\"@id\":\"https:\\\/\\\/mastorrencito.com\\\/cat\\\/un-finde-de-kk-i-tambe-dels-que-et-recarreguen-lanima\\\/\",\"url\":\"https:\\\/\\\/mastorrencito.com\\\/cat\\\/un-finde-de-kk-i-tambe-dels-que-et-recarreguen-lanima\\\/\",\"name\":\"Un finde de KK\u2026 i tamb\u00e9 dels que et recarreguen l\u00b4\u00e0nima - Mas Torrencito CAT\",\"isPartOf\":{\"@id\":\"https:\\\/\\\/mastorrencito.com\\\/#website\"},\"primaryImageOfPage\":{\"@id\":\"https:\\\/\\\/mastorrencito.com\\\/cat\\\/un-finde-de-kk-i-tambe-dels-que-et-recarreguen-lanima\\\/#primaryimage\"},\"image\":{\"@id\":\"https:\\\/\\\/mastorrencito.com\\\/cat\\\/un-finde-de-kk-i-tambe-dels-que-et-recarreguen-lanima\\\/#primaryimage\"},\"thumbnailUrl\":\"https:\\\/\\\/mastorrencito.com\\\/cat\\\/wp-content\\\/uploads\\\/sites\\\/3\\\/Imatge-de-WhatsApp-2024-10-27-a-les-19.53.53_346db725.jpg\",\"datePublished\":\"2025-03-10T05:33:48+00:00\",\"description\":\"Cal saber treure partit a all\u00f2 negatiu... si no hi ha ning\u00fa... gaudeix-lo Un finde de KK\u2026 i tamb\u00e9 dels que et recarreguen l'\u00e0nima\",\"breadcrumb\":{\"@id\":\"https:\\\/\\\/mastorrencito.com\\\/cat\\\/un-finde-de-kk-i-tambe-dels-que-et-recarreguen-lanima\\\/#breadcrumb\"},\"inLanguage\":\"es\",\"potentialAction\":[{\"@type\":\"ReadAction\",\"target\":[\"https:\\\/\\\/mastorrencito.com\\\/cat\\\/un-finde-de-kk-i-tambe-dels-que-et-recarreguen-lanima\\\/\"]}]},{\"@type\":\"ImageObject\",\"inLanguage\":\"es\",\"@id\":\"https:\\\/\\\/mastorrencito.com\\\/cat\\\/un-finde-de-kk-i-tambe-dels-que-et-recarreguen-lanima\\\/#primaryimage\",\"url\":\"https:\\\/\\\/mastorrencito.com\\\/cat\\\/wp-content\\\/uploads\\\/sites\\\/3\\\/Imatge-de-WhatsApp-2024-10-27-a-les-19.53.53_346db725.jpg\",\"contentUrl\":\"https:\\\/\\\/mastorrencito.com\\\/cat\\\/wp-content\\\/uploads\\\/sites\\\/3\\\/Imatge-de-WhatsApp-2024-10-27-a-les-19.53.53_346db725.jpg\",\"width\":1200,\"height\":1600,\"caption\":\"relax... fin de semana para disfrutar de nuestro mastorrencito\"},{\"@type\":\"BreadcrumbList\",\"@id\":\"https:\\\/\\\/mastorrencito.com\\\/cat\\\/un-finde-de-kk-i-tambe-dels-que-et-recarreguen-lanima\\\/#breadcrumb\",\"itemListElement\":[{\"@type\":\"ListItem\",\"position\":1,\"name\":\"Portada\",\"item\":\"https:\\\/\\\/mastorrencito.com\\\/\"},{\"@type\":\"ListItem\",\"position\":2,\"name\":\"Un finde de KK\u2026 i tamb\u00e9 dels que et recarreguen l\u00b4\u00e0nima\"}]},{\"@type\":\"WebSite\",\"@id\":\"https:\\\/\\\/mastorrencito.com\\\/#website\",\"url\":\"https:\\\/\\\/mastorrencito.com\\\/\",\"name\":\"Mas Torrencito CAT\",\"description\":\"Casa rural pet friendly en Girona\",\"publisher\":{\"@id\":\"https:\\\/\\\/mastorrencito.com\\\/#organization\"},\"potentialAction\":[{\"@type\":\"SearchAction\",\"target\":{\"@type\":\"EntryPoint\",\"urlTemplate\":\"https:\\\/\\\/mastorrencito.com\\\/?s={search_term_string}\"},\"query-input\":{\"@type\":\"PropertyValueSpecification\",\"valueRequired\":true,\"valueName\":\"search_term_string\"}}],\"inLanguage\":\"es\"},{\"@type\":\"Organization\",\"@id\":\"https:\\\/\\\/mastorrencito.com\\\/#organization\",\"name\":\"Mas Torrencito CAT\",\"url\":\"https:\\\/\\\/mastorrencito.com\\\/\",\"logo\":{\"@type\":\"ImageObject\",\"inLanguage\":\"es\",\"@id\":\"https:\\\/\\\/mastorrencito.com\\\/#\\\/schema\\\/logo\\\/image\\\/\",\"url\":\"https:\\\/\\\/mastorrencito.com\\\/cat\\\/wp-content\\\/uploads\\\/sites\\\/3\\\/Logo-Mastorrencito-horizontal.webp\",\"contentUrl\":\"https:\\\/\\\/mastorrencito.com\\\/cat\\\/wp-content\\\/uploads\\\/sites\\\/3\\\/Logo-Mastorrencito-horizontal.webp\",\"width\":161,\"height\":54,\"caption\":\"Mas Torrencito CAT\"},\"image\":{\"@id\":\"https:\\\/\\\/mastorrencito.com\\\/#\\\/schema\\\/logo\\\/image\\\/\"}},{\"@type\":\"Person\",\"@id\":\"https:\\\/\\\/mastorrencito.com\\\/#\\\/schema\\\/person\\\/18c619be80d4ae2667c702911625f790\",\"name\":\"Mastorrencito\",\"image\":{\"@type\":\"ImageObject\",\"inLanguage\":\"es\",\"@id\":\"https:\\\/\\\/secure.gravatar.com\\\/avatar\\\/3ef55e0519f987a734c21caee1423b51df7b760b7d81a38ecd31cab0a5115f6d?s=96&d=mm&r=g\",\"url\":\"https:\\\/\\\/secure.gravatar.com\\\/avatar\\\/3ef55e0519f987a734c21caee1423b51df7b760b7d81a38ecd31cab0a5115f6d?s=96&d=mm&r=g\",\"contentUrl\":\"https:\\\/\\\/secure.gravatar.com\\\/avatar\\\/3ef55e0519f987a734c21caee1423b51df7b760b7d81a38ecd31cab0a5115f6d?s=96&d=mm&r=g\",\"caption\":\"Mastorrencito\"},\"url\":\"https:\\\/\\\/mastorrencito.com\\\/cat\\\/author\\\/mastorrencito\\\/\"}]}<\/script>\n<!-- \/ Yoast SEO Premium plugin. -->","yoast_head_json":{"title":"Un finde de KK\u2026 i tamb\u00e9 dels que et recarreguen l\u00b4\u00e0nima - Mas Torrencito CAT","description":"Cal saber treure partit a all\u00f2 negatiu... si no hi ha ning\u00fa... gaudeix-lo Un finde de KK\u2026 i tamb\u00e9 dels que et recarreguen l'\u00e0nima","robots":{"index":"index","follow":"follow","max-snippet":"max-snippet:-1","max-image-preview":"max-image-preview:large","max-video-preview":"max-video-preview:-1"},"canonical":"https:\/\/mastorrencito.com\/cat\/un-finde-de-kk-i-tambe-dels-que-et-recarreguen-lanima\/","og_locale":"es_ES","og_type":"article","og_title":"Un finde de KK\u2026 i tamb\u00e9 dels que et recarreguen l\u00b4\u00e0nima","og_description":"Cal saber treure partit a all\u00f2 negatiu... si no hi ha ning\u00fa... gaudeix-lo Un finde de KK\u2026 i tamb\u00e9 dels que et recarreguen l'\u00e0nima","og_url":"https:\/\/mastorrencito.com\/cat\/un-finde-de-kk-i-tambe-dels-que-et-recarreguen-lanima\/","og_site_name":"Mas Torrencito CAT","article_published_time":"2025-03-10T05:33:48+00:00","og_image":[{"width":1200,"height":1600,"url":"https:\/\/mastorrencito.com\/cat\/wp-content\/uploads\/sites\/3\/Imatge-de-WhatsApp-2024-10-27-a-les-19.53.53_346db725.jpg","type":"image\/jpeg"}],"author":"Mastorrencito","twitter_card":"summary_large_image","twitter_misc":{"Escrito por":"Mastorrencito","Tiempo de lectura":"6 minutos"},"schema":{"@context":"https:\/\/schema.org","@graph":[{"@type":"Article","@id":"https:\/\/mastorrencito.com\/cat\/un-finde-de-kk-i-tambe-dels-que-et-recarreguen-lanima\/#article","isPartOf":{"@id":"https:\/\/mastorrencito.com\/cat\/un-finde-de-kk-i-tambe-dels-que-et-recarreguen-lanima\/"},"author":{"name":"Mastorrencito","@id":"https:\/\/mastorrencito.com\/#\/schema\/person\/18c619be80d4ae2667c702911625f790"},"headline":"Un finde de KK\u2026 i tamb\u00e9 dels que et recarreguen l\u00b4\u00e0nima","datePublished":"2025-03-10T05:33:48+00:00","mainEntityOfPage":{"@id":"https:\/\/mastorrencito.com\/cat\/un-finde-de-kk-i-tambe-dels-que-et-recarreguen-lanima\/"},"wordCount":1151,"commentCount":0,"publisher":{"@id":"https:\/\/mastorrencito.com\/#organization"},"image":{"@id":"https:\/\/mastorrencito.com\/cat\/un-finde-de-kk-i-tambe-dels-que-et-recarreguen-lanima\/#primaryimage"},"thumbnailUrl":"https:\/\/mastorrencito.com\/cat\/wp-content\/uploads\/sites\/3\/Imatge-de-WhatsApp-2024-10-27-a-les-19.53.53_346db725.jpg","articleSection":["Hist\u00f2ries Mastorrencito"],"inLanguage":"es","potentialAction":[{"@type":"CommentAction","name":"Comment","target":["https:\/\/mastorrencito.com\/cat\/un-finde-de-kk-i-tambe-dels-que-et-recarreguen-lanima\/#respond"]}]},{"@type":"WebPage","@id":"https:\/\/mastorrencito.com\/cat\/un-finde-de-kk-i-tambe-dels-que-et-recarreguen-lanima\/","url":"https:\/\/mastorrencito.com\/cat\/un-finde-de-kk-i-tambe-dels-que-et-recarreguen-lanima\/","name":"Un finde de KK\u2026 i tamb\u00e9 dels que et recarreguen l\u00b4\u00e0nima - Mas Torrencito CAT","isPartOf":{"@id":"https:\/\/mastorrencito.com\/#website"},"primaryImageOfPage":{"@id":"https:\/\/mastorrencito.com\/cat\/un-finde-de-kk-i-tambe-dels-que-et-recarreguen-lanima\/#primaryimage"},"image":{"@id":"https:\/\/mastorrencito.com\/cat\/un-finde-de-kk-i-tambe-dels-que-et-recarreguen-lanima\/#primaryimage"},"thumbnailUrl":"https:\/\/mastorrencito.com\/cat\/wp-content\/uploads\/sites\/3\/Imatge-de-WhatsApp-2024-10-27-a-les-19.53.53_346db725.jpg","datePublished":"2025-03-10T05:33:48+00:00","description":"Cal saber treure partit a all\u00f2 negatiu... si no hi ha ning\u00fa... gaudeix-lo Un finde de KK\u2026 i tamb\u00e9 dels que et recarreguen l'\u00e0nima","breadcrumb":{"@id":"https:\/\/mastorrencito.com\/cat\/un-finde-de-kk-i-tambe-dels-que-et-recarreguen-lanima\/#breadcrumb"},"inLanguage":"es","potentialAction":[{"@type":"ReadAction","target":["https:\/\/mastorrencito.com\/cat\/un-finde-de-kk-i-tambe-dels-que-et-recarreguen-lanima\/"]}]},{"@type":"ImageObject","inLanguage":"es","@id":"https:\/\/mastorrencito.com\/cat\/un-finde-de-kk-i-tambe-dels-que-et-recarreguen-lanima\/#primaryimage","url":"https:\/\/mastorrencito.com\/cat\/wp-content\/uploads\/sites\/3\/Imatge-de-WhatsApp-2024-10-27-a-les-19.53.53_346db725.jpg","contentUrl":"https:\/\/mastorrencito.com\/cat\/wp-content\/uploads\/sites\/3\/Imatge-de-WhatsApp-2024-10-27-a-les-19.53.53_346db725.jpg","width":1200,"height":1600,"caption":"relax... fin de semana para disfrutar de nuestro mastorrencito"},{"@type":"BreadcrumbList","@id":"https:\/\/mastorrencito.com\/cat\/un-finde-de-kk-i-tambe-dels-que-et-recarreguen-lanima\/#breadcrumb","itemListElement":[{"@type":"ListItem","position":1,"name":"Portada","item":"https:\/\/mastorrencito.com\/"},{"@type":"ListItem","position":2,"name":"Un finde de KK\u2026 i tamb\u00e9 dels que et recarreguen l\u00b4\u00e0nima"}]},{"@type":"WebSite","@id":"https:\/\/mastorrencito.com\/#website","url":"https:\/\/mastorrencito.com\/","name":"Mas Torrencito CAT","description":"Casa rural pet friendly en Girona","publisher":{"@id":"https:\/\/mastorrencito.com\/#organization"},"potentialAction":[{"@type":"SearchAction","target":{"@type":"EntryPoint","urlTemplate":"https:\/\/mastorrencito.com\/?s={search_term_string}"},"query-input":{"@type":"PropertyValueSpecification","valueRequired":true,"valueName":"search_term_string"}}],"inLanguage":"es"},{"@type":"Organization","@id":"https:\/\/mastorrencito.com\/#organization","name":"Mas Torrencito CAT","url":"https:\/\/mastorrencito.com\/","logo":{"@type":"ImageObject","inLanguage":"es","@id":"https:\/\/mastorrencito.com\/#\/schema\/logo\/image\/","url":"https:\/\/mastorrencito.com\/cat\/wp-content\/uploads\/sites\/3\/Logo-Mastorrencito-horizontal.webp","contentUrl":"https:\/\/mastorrencito.com\/cat\/wp-content\/uploads\/sites\/3\/Logo-Mastorrencito-horizontal.webp","width":161,"height":54,"caption":"Mas Torrencito CAT"},"image":{"@id":"https:\/\/mastorrencito.com\/#\/schema\/logo\/image\/"}},{"@type":"Person","@id":"https:\/\/mastorrencito.com\/#\/schema\/person\/18c619be80d4ae2667c702911625f790","name":"Mastorrencito","image":{"@type":"ImageObject","inLanguage":"es","@id":"https:\/\/secure.gravatar.com\/avatar\/3ef55e0519f987a734c21caee1423b51df7b760b7d81a38ecd31cab0a5115f6d?s=96&d=mm&r=g","url":"https:\/\/secure.gravatar.com\/avatar\/3ef55e0519f987a734c21caee1423b51df7b760b7d81a38ecd31cab0a5115f6d?s=96&d=mm&r=g","contentUrl":"https:\/\/secure.gravatar.com\/avatar\/3ef55e0519f987a734c21caee1423b51df7b760b7d81a38ecd31cab0a5115f6d?s=96&d=mm&r=g","caption":"Mastorrencito"},"url":"https:\/\/mastorrencito.com\/cat\/author\/mastorrencito\/"}]}},"acf":[],"_links":{"self":[{"href":"https:\/\/mastorrencito.com\/cat\/wp-json\/wp\/v2\/posts\/3807","targetHints":{"allow":["GET"]}}],"collection":[{"href":"https:\/\/mastorrencito.com\/cat\/wp-json\/wp\/v2\/posts"}],"about":[{"href":"https:\/\/mastorrencito.com\/cat\/wp-json\/wp\/v2\/types\/post"}],"author":[{"embeddable":true,"href":"https:\/\/mastorrencito.com\/cat\/wp-json\/wp\/v2\/users\/2"}],"replies":[{"embeddable":true,"href":"https:\/\/mastorrencito.com\/cat\/wp-json\/wp\/v2\/comments?post=3807"}],"version-history":[{"count":0,"href":"https:\/\/mastorrencito.com\/cat\/wp-json\/wp\/v2\/posts\/3807\/revisions"}],"wp:featuredmedia":[{"embeddable":true,"href":"https:\/\/mastorrencito.com\/cat\/wp-json\/wp\/v2\/media\/3798"}],"wp:attachment":[{"href":"https:\/\/mastorrencito.com\/cat\/wp-json\/wp\/v2\/media?parent=3807"}],"wp:term":[{"taxonomy":"category","embeddable":true,"href":"https:\/\/mastorrencito.com\/cat\/wp-json\/wp\/v2\/categories?post=3807"},{"taxonomy":"post_tag","embeddable":true,"href":"https:\/\/mastorrencito.com\/cat\/wp-json\/wp\/v2\/tags?post=3807"}],"curies":[{"name":"wp","href":"https:\/\/api.w.org\/{rel}","templated":true}]}}