{"id":3793,"date":"2025-03-09T05:21:29","date_gmt":"2025-03-09T05:21:29","guid":{"rendered":"https:\/\/casaruralconperrosgirona.com\/el-client-sense-rostre-i-el-gos-amb-personalitat-by-mastorrencito\/"},"modified":"2025-03-09T05:21:29","modified_gmt":"2025-03-09T05:21:29","slug":"el-client-sense-rostre-i-el-gos-amb-personalitat-by-mastorrencito","status":"publish","type":"post","link":"https:\/\/mastorrencito.com\/cat\/el-client-sense-rostre-i-el-gos-amb-personalitat-by-mastorrencito\/","title":{"rendered":"El client sense rostre i el gos amb personalitat by MasTorrencito"},"content":{"rendered":"\n<p>Hi ha una mena de fenomen estrany, un misteri quotidi\u00e0 que es repeteix amb m\u00e9s freq\u00fc\u00e8ncia de la que un creuria: <strong>recordem els gossos millor que els seus amos<\/strong> . No \u00e9s una cosa intencional, no \u00e9s que vulguem oblidar cares humanes mentre les nostres mem\u00f2ries guarden amb afecte cada detall d&#8217;un musell pelut o un remenat de cua. \u00c9s simplement una cosa que passa. I m&#8217;ha passat tantes vegades que ja he deixat de lluitar-hi.   <\/p>\n\n<p>Treballar en un allotjament implica veure passar desenes, fins i tot centenars de persones cada mes. Homes, dones, parelles, fam\u00edlies. Tots arriben, es registren, demanen recomanacions sobre on menjar o qu\u00e8 veure als voltants, deixen les maletes, s&#8217;instal\u00b7len i despr\u00e9s desapareixen, difuminant-se en un vague record col\u00b7lectiu de \u00abgent que va passar per aqu\u00ed\u00bb. Per\u00f2 si porten un gos\u2026 ah, aix\u00f2 \u00e9s una altra hist\u00f2ria.   <\/p>\n\n<h3 class=\"wp-block-heading\"><strong>El check-in que no deixa empremta (per\u00f2 s\u00ed que la deixa el gos)<\/strong><\/h3>\n\n<p>Fa uns dies, vaig rebre una parella. Res fora del normal. L&#8217;escena va ser com qualsevol altra: van arribar amb les maletes, van somriure, van fer algunes preguntes sobre l&#8217;habitaci\u00f3 i van rebre les claus. Els noms? No ho recordo. Ni tan sols podria descriure els rostres amb certesa. No obstant, el que s\u00ed que recordo \u00e9s que portaven un gos anomenat Rocky. Un gos de mida mitjana, p\u00e8l brillant i una energia contagiosa. Quan va entrar a la recepci\u00f3, va explorar amb curiositat, va enfosquir la meva sabata i em va mirar amb aquests ulls plens d&#8217;expectativa i alegria. Vaig riure i li vaig acariciar el cap. No s\u00e9 quant va durar el check-in, potser cinc minuts, potser deu, per\u00f2 quan se&#8217;n van anar, nom\u00e9s em va quedar una certesa: <strong>Rocky era un gran gos<\/strong> .          <\/p>\n\n<h3 class=\"wp-block-heading\"><strong>La trobada al poble<\/strong><\/h3>\n\n<p>Hores despr\u00e9s, vaig sortir al poble a fer uns enc\u00e0rrecs. Caminava r\u00e0pid, abstret en els meus propis pensaments, quan de sobte vaig veure un gos movent la cua. Autom\u00e0ticament, el meu cervell va encendre totes les alarmes: <strong>Rocky!<\/strong> . Em vaig aturar i vaig somriure. S\u00ed, era ell. El seu cam\u00ed era inconfusible, la seva expressi\u00f3 de felicitat, inalterable. Sense dubtar-ho, em vaig acostar per saludar-lo. Rocky va correspondre amb un entusiasme desbordant, saltant lleument i movent la cua amb energia. Aleshores, vaig sentir una veu humana:        <\/p>\n\n<p>\u2014Hola!<\/p>\n\n<p>Em vaig girar i vaig veure dues persones somrient.  <strong>Error. No tenia idea de qui eren. <\/strong><\/p>\n<figure class=\"wp-block-post-featured-image\"><img fetchpriority=\"high\" decoding=\"async\" width=\"1024\" height=\"1024\" src=\"https:\/\/mastorrencito.com\/cat\/wp-content\/uploads\/sites\/3\/olvidodehumanos.jpg\" class=\"attachment-post-thumbnail size-post-thumbnail wp-post-image\" alt=\"\" style=\"object-fit:cover;\" srcset=\"https:\/\/mastorrencito.com\/cat\/wp-content\/uploads\/sites\/3\/olvidodehumanos.jpg 1024w, https:\/\/mastorrencito.com\/cat\/wp-content\/uploads\/sites\/3\/olvidodehumanos-300x300.jpg 300w, https:\/\/mastorrencito.com\/cat\/wp-content\/uploads\/sites\/3\/olvidodehumanos-150x150.jpg 150w, https:\/\/mastorrencito.com\/cat\/wp-content\/uploads\/sites\/3\/olvidodehumanos-768x768.jpg 768w\" sizes=\"(max-width: 1024px) 100vw, 1024px\" \/><\/figure>\n<p>La meva ment va fer un esfor\u00e7 desesperat per ubicar-los en algun lloc de la meva mem\u00f2ria. Res. Nom\u00e9s la sensaci\u00f3 inc\u00f2moda d&#8217;haver-los vist abans per\u00f2 sense context ni detalls. Com quan trobes una pe\u00e7a de trencaclosques, per\u00f2 no recordes a quina caixa pertany. Em vaig quedar mirant, mirant de guanyar temps. Finalment, l&#8217;home va parlar:   <\/p>\n\n<p>\u2014Ens vas fer el check-in fa unes hores.<\/p>\n\n<p>Aqu\u00ed tot va encaixar.  <strong>Els propietaris de Rocky.<\/strong>  \u00c9s clar, ara tenia sentit. Vaig riure una mica, amb la lleugera vergonya d&#8217;haver recordat el gos abans que a ells. <\/p>\n\n<p>\u2014Per descomptat!\u2014vaig dir amb entusiasme, intentant que la meva reacci\u00f3 sembl\u00e9s natural. Tot seguit, em vaig tornar cap a Rocky i li vaig preguntar\u2014: I qu\u00e8 tal l&#8217;habitaci\u00f3? Est\u00e0 a gust?<\/p>\n\n<p>Els amos van riure, i la tensi\u00f3 es va dissipar. Sabien perfectament qu\u00e8 havia passat. No era la primera vegada que alg\u00fa recordava el gos abans que d&#8217;ells. No seria la darrera.   <\/p>\n\n<h3 class=\"wp-block-heading\"><strong>No \u00e9s la primera vegada (ni la darrera)<\/strong><\/h3>\n\n<p>I \u00e9s que aix\u00f2 no \u00e9s una cosa a\u00efllada. M&#8217;ha passat innombrables vegades. Com aquella vegada que un client es va allotjar amb el seu pag\u00e8s anomenat Duna. Duna era una gossa preciosa, de mirada dol\u00e7a i pelatge daurat. Es va quedar uns quants dies, i cada vegada que la veia a la recepci\u00f3, la saludava amb l&#8217;emoci\u00f3 de qui troba un vell amic. Quan els amos se&#8217;n van anar, els vaig oblidar en q\u00fcesti\u00f3 de minuts.       <strong>Per\u00f2 la Duna va quedar gravada a la meva mem\u00f2ria.<\/strong><\/p>\n\n<p>Unes setmanes despr\u00e9s, caminant per un supermercat, vaig veure un gos id\u00e8ntic. Sense pensar-ho dues vegades, vaig exclamar: <\/p>\n\n<p>\u2014Duna!<\/p>\n\n<p>El gos va voltejar i em va mirar amb una barreja de curiositat i reconeixement. Jo vaig somriure, encantat de trobar-me amb la meva vella amiga. Despr\u00e9s vaig notar dues persones que m&#8217;observaven amb una expressi\u00f3 de sorpresa.  <\/p>\n\n<p>\u2014Hola\u2026 \u2014van dir amb un to d&#8217;incertesa.<\/p>\n\n<p>Els vaig mirar, desconcertat. Qui eren? Em vaig esfor\u00e7ar per recordar, per\u00f2 res.    <strong>Absolutament res.<\/strong>  Com si mai els hagu\u00e9s vist a la meva vida.<\/p>\n\n<p>\u2014Perd\u00f3, per\u00f2\u2026 ens coneixem? \u2014vaig preguntar amb honestedat. <\/p>\n\n<p>La dona va riure i l&#8217;home va negar amb el cap, divertit.<\/p>\n\n<p>\u2014Nosaltres no ho sabem, per\u00f2 sembla que recordes b\u00e9 la nostra gossa. Ens allotgem amb tu fa dues setmanes. <\/p>\n\n<p>Un altre cop la hist\u00f2ria es repetia.  <strong>Duna: s\u00ed. Humans: no. <\/strong><\/p>\n\n<p>Em vaig disculpar amb un riure nervi\u00f3s i vam continuar conversant, per\u00f2 el patr\u00f3 estava clar: no era que els humans fossin irrellevants, \u00e9s que els gossos <strong>tenien una pres\u00e8ncia molt m\u00e9s marcada<\/strong> .<\/p>\n\n<h3 class=\"wp-block-heading\"><strong>El gos com a protagonista de la mem\u00f2ria<\/strong><\/h3>\n\n<p>Qu\u00e8 tenen els gossos que els fa m\u00e9s memorables que els amos? Potser \u00e9s la seva energia, la seva autenticitat, el fet que no dissimulen ni intenten aparentar res. Un hum\u00e0 pot arribar al check-in cansat, seri\u00f3s o amb la ment en mil preocupacions. Els gossos, en canvi, entren amb la curiositat de qui explora un m\u00f3n nou, amb l&#8217;emoci\u00f3 de qui no necessita raons per ser feli\u00e7os.   <\/p>\n\n<p>\u00c9s un fenomen tan com\u00fa que he arribat a normalitzar-lo. He conegut Max, un bulldog franc\u00e8s que roncava fins i tot despert. A Luna, una husky amb ulls enlluernadors que semblava tenir el seu propi llenguatge. A Thor, un carl\u00ed amb exc\u00e9s de pes que exigia car\u00edcies amb una autoritat absoluta. Tots ells han quedat a la meva mem\u00f2ria, mentre que els seus amos\u2026 b\u00e9, diguem que si me&#8217;ls creuo sense el gos, dif\u00edcilment els reconegui.    <\/p>\n\n<h3 class=\"wp-block-heading\"><strong>Reflexi\u00f3 final<\/strong><\/h3>\n\n<p>Aquest curi\u00f3s fenomen ens diu una cosa interessant sobre la manera com recordem.  <strong>Els gossos no s\u00f3n nom\u00e9s m\u00e9s f\u00e0cils d&#8217;identificar perqu\u00e8 s\u00f3n menys en quantitat que les persones; tamb\u00e9 perqu\u00e8 la seva ess\u00e8ncia deixa una marca.<\/strong>  No tenen la fredor de les interaccions superficials, ni els filtres socials que moltes vegades ens distancien dels altres. S\u00f3n \u00e9ssers que viuen el present, que transmeten energia sincera, que generen emocions sense esfor\u00e7. <\/p>\n\n<p>Els humans, en canvi, solem ser m\u00e9s grisos a la rutina. Diem \u00abbon dia\u00bb de manera autom\u00e0tica, fem check-ins sense connexi\u00f3 real, ens movem per la vida pensant en el seg\u00fcent, en lloc d&#8217;estar completament a l&#8217;ara. Potser per aix\u00f2 els gossos es queden a la nostra mem\u00f2ria amb m\u00e9s facilitat: <strong>perqu\u00e8 ells sempre s\u00f3n presents en el moment, mentre que nosaltres estem massa ocupats en el passat o en el futur.<\/strong>  <\/p>\n\n<p>Aix\u00ed que la propera vegada que m&#8217;encreui amb un gos, el saludar\u00e9 amb la mateixa emoci\u00f3 de sempre. I si els seus amos em miren amb cara de \u201cia nosaltres qu\u00e8?\u201d, almenys podr\u00e9 respondre amb honestedat: <\/p>\n\n<p>\u2014\u00c9s que el vostre gos t\u00e9 alguna cosa especial.<\/p>\n\n<p>I no ser\u00e0 una mentida. Perqu\u00e8 tots els gossos ho tenen. <\/p>\n\n<blockquote class=\"wp-block-quote is-layout-flow wp-block-quote-is-layout-flow\">\n<p>Des de MasTorrencito et desitgem un bon dia i que els teus gossos t&#8217;acompanyin!!<\/p>\n<\/blockquote>\n\n<p>\u2014\u2013<br \/> Si vols, pot veure els nostres <strong>bons per caps de setmana, bons jubilats<\/strong> , a un preu incre\u00efble.. entra a <a href=\"https:\/\/www.mastorrencito.com\/\">www.mastorrencito.com<\/a> o si vols podeu llegir m\u00e9s hist\u00f2ria i an\u00e8cdotes que ens han passat a MasTorrencito\u2026 Fes click <a href=\"https:\/\/mastorrencito.com\/\">aqu\u00ed<\/a><\/p>\n\n<p><\/p>\n","protected":false},"excerpt":{"rendered":"<p>Hi ha una mena de fenomen estrany, un misteri quotidi\u00e0 que es repeteix amb m\u00e9s freq\u00fc\u00e8ncia de la que un creuria: recordem els gossos millor que els seus amos . No \u00e9s una cosa intencional, no \u00e9s que vulguem oblidar cares humanes mentre les nostres mem\u00f2ries guarden amb afecte cada detall d&#8217;un musell pelut o [&hellip;]<\/p>\n","protected":false},"author":2,"featured_media":3787,"comment_status":"open","ping_status":"closed","sticky":false,"template":"","format":"standard","meta":{"_acf_changed":false,"footnotes":""},"categories":[35],"tags":[],"class_list":["post-3793","post","type-post","status-publish","format-standard","has-post-thumbnail","hentry","category-histories-mastorrencito"],"yoast_head":"<!-- This site is optimized with the Yoast SEO Premium plugin v27.3 (Yoast SEO v27.5) - https:\/\/yoast.com\/product\/yoast-seo-premium-wordpress\/ -->\n<title>El client sense rostre i el gos amb personalitat by MasTorrencito - Mas Torrencito CAT<\/title>\n<meta name=\"description\" content=\"A quants de vosaltres us passa que sabeu el nom del gos per\u00f2 no el dels seus amos? El client sense rostre i el gos amb personalitat\" \/>\n<meta name=\"robots\" content=\"index, follow, max-snippet:-1, max-image-preview:large, max-video-preview:-1\" \/>\n<link rel=\"canonical\" href=\"https:\/\/mastorrencito.com\/cat\/el-client-sense-rostre-i-el-gos-amb-personalitat-by-mastorrencito\/\" \/>\n<meta property=\"og:locale\" content=\"es_ES\" \/>\n<meta property=\"og:type\" content=\"article\" \/>\n<meta property=\"og:title\" content=\"El client sense rostre i el gos amb personalitat by MasTorrencito\" \/>\n<meta property=\"og:description\" content=\"A quants de vosaltres us passa que sabeu el nom del gos per\u00f2 no el dels seus amos? El client sense rostre i el gos amb personalitat\" \/>\n<meta property=\"og:url\" content=\"https:\/\/mastorrencito.com\/cat\/el-client-sense-rostre-i-el-gos-amb-personalitat-by-mastorrencito\/\" \/>\n<meta property=\"og:site_name\" content=\"Mas Torrencito CAT\" \/>\n<meta property=\"article:published_time\" content=\"2025-03-09T05:21:29+00:00\" \/>\n<meta property=\"og:image\" content=\"https:\/\/mastorrencito.com\/cat\/wp-content\/uploads\/sites\/3\/olvidodehumanos.jpg\" \/>\n\t<meta property=\"og:image:width\" content=\"1024\" \/>\n\t<meta property=\"og:image:height\" content=\"1024\" \/>\n\t<meta property=\"og:image:type\" content=\"image\/jpeg\" \/>\n<meta name=\"author\" content=\"Mastorrencito\" \/>\n<meta name=\"twitter:card\" content=\"summary_large_image\" \/>\n<meta name=\"twitter:label1\" content=\"Escrito por\" \/>\n\t<meta name=\"twitter:data1\" content=\"Mastorrencito\" \/>\n\t<meta name=\"twitter:label2\" content=\"Tiempo de lectura\" \/>\n\t<meta name=\"twitter:data2\" content=\"6 minutos\" \/>\n<script type=\"application\/ld+json\" class=\"yoast-schema-graph\">{\"@context\":\"https:\\\/\\\/schema.org\",\"@graph\":[{\"@type\":\"Article\",\"@id\":\"https:\\\/\\\/mastorrencito.com\\\/cat\\\/el-client-sense-rostre-i-el-gos-amb-personalitat-by-mastorrencito\\\/#article\",\"isPartOf\":{\"@id\":\"https:\\\/\\\/mastorrencito.com\\\/cat\\\/el-client-sense-rostre-i-el-gos-amb-personalitat-by-mastorrencito\\\/\"},\"author\":{\"name\":\"Mastorrencito\",\"@id\":\"https:\\\/\\\/mastorrencito.com\\\/#\\\/schema\\\/person\\\/18c619be80d4ae2667c702911625f790\"},\"headline\":\"El client sense rostre i el gos amb personalitat by MasTorrencito\",\"datePublished\":\"2025-03-09T05:21:29+00:00\",\"mainEntityOfPage\":{\"@id\":\"https:\\\/\\\/mastorrencito.com\\\/cat\\\/el-client-sense-rostre-i-el-gos-amb-personalitat-by-mastorrencito\\\/\"},\"wordCount\":1324,\"commentCount\":0,\"publisher\":{\"@id\":\"https:\\\/\\\/mastorrencito.com\\\/#organization\"},\"image\":{\"@id\":\"https:\\\/\\\/mastorrencito.com\\\/cat\\\/el-client-sense-rostre-i-el-gos-amb-personalitat-by-mastorrencito\\\/#primaryimage\"},\"thumbnailUrl\":\"https:\\\/\\\/mastorrencito.com\\\/cat\\\/wp-content\\\/uploads\\\/sites\\\/3\\\/olvidodehumanos.jpg\",\"articleSection\":[\"Hist\u00f2ries Mastorrencito\"],\"inLanguage\":\"es\",\"potentialAction\":[{\"@type\":\"CommentAction\",\"name\":\"Comment\",\"target\":[\"https:\\\/\\\/mastorrencito.com\\\/cat\\\/el-client-sense-rostre-i-el-gos-amb-personalitat-by-mastorrencito\\\/#respond\"]}]},{\"@type\":\"WebPage\",\"@id\":\"https:\\\/\\\/mastorrencito.com\\\/cat\\\/el-client-sense-rostre-i-el-gos-amb-personalitat-by-mastorrencito\\\/\",\"url\":\"https:\\\/\\\/mastorrencito.com\\\/cat\\\/el-client-sense-rostre-i-el-gos-amb-personalitat-by-mastorrencito\\\/\",\"name\":\"El client sense rostre i el gos amb personalitat by MasTorrencito - Mas Torrencito CAT\",\"isPartOf\":{\"@id\":\"https:\\\/\\\/mastorrencito.com\\\/#website\"},\"primaryImageOfPage\":{\"@id\":\"https:\\\/\\\/mastorrencito.com\\\/cat\\\/el-client-sense-rostre-i-el-gos-amb-personalitat-by-mastorrencito\\\/#primaryimage\"},\"image\":{\"@id\":\"https:\\\/\\\/mastorrencito.com\\\/cat\\\/el-client-sense-rostre-i-el-gos-amb-personalitat-by-mastorrencito\\\/#primaryimage\"},\"thumbnailUrl\":\"https:\\\/\\\/mastorrencito.com\\\/cat\\\/wp-content\\\/uploads\\\/sites\\\/3\\\/olvidodehumanos.jpg\",\"datePublished\":\"2025-03-09T05:21:29+00:00\",\"description\":\"A quants de vosaltres us passa que sabeu el nom del gos per\u00f2 no el dels seus amos? El client sense rostre i el gos amb personalitat\",\"breadcrumb\":{\"@id\":\"https:\\\/\\\/mastorrencito.com\\\/cat\\\/el-client-sense-rostre-i-el-gos-amb-personalitat-by-mastorrencito\\\/#breadcrumb\"},\"inLanguage\":\"es\",\"potentialAction\":[{\"@type\":\"ReadAction\",\"target\":[\"https:\\\/\\\/mastorrencito.com\\\/cat\\\/el-client-sense-rostre-i-el-gos-amb-personalitat-by-mastorrencito\\\/\"]}]},{\"@type\":\"ImageObject\",\"inLanguage\":\"es\",\"@id\":\"https:\\\/\\\/mastorrencito.com\\\/cat\\\/el-client-sense-rostre-i-el-gos-amb-personalitat-by-mastorrencito\\\/#primaryimage\",\"url\":\"https:\\\/\\\/mastorrencito.com\\\/cat\\\/wp-content\\\/uploads\\\/sites\\\/3\\\/olvidodehumanos.jpg\",\"contentUrl\":\"https:\\\/\\\/mastorrencito.com\\\/cat\\\/wp-content\\\/uploads\\\/sites\\\/3\\\/olvidodehumanos.jpg\",\"width\":1024,\"height\":1024},{\"@type\":\"BreadcrumbList\",\"@id\":\"https:\\\/\\\/mastorrencito.com\\\/cat\\\/el-client-sense-rostre-i-el-gos-amb-personalitat-by-mastorrencito\\\/#breadcrumb\",\"itemListElement\":[{\"@type\":\"ListItem\",\"position\":1,\"name\":\"Portada\",\"item\":\"https:\\\/\\\/mastorrencito.com\\\/\"},{\"@type\":\"ListItem\",\"position\":2,\"name\":\"El client sense rostre i el gos amb personalitat by MasTorrencito\"}]},{\"@type\":\"WebSite\",\"@id\":\"https:\\\/\\\/mastorrencito.com\\\/#website\",\"url\":\"https:\\\/\\\/mastorrencito.com\\\/\",\"name\":\"Mas Torrencito CAT\",\"description\":\"Casa rural pet friendly en Girona\",\"publisher\":{\"@id\":\"https:\\\/\\\/mastorrencito.com\\\/#organization\"},\"potentialAction\":[{\"@type\":\"SearchAction\",\"target\":{\"@type\":\"EntryPoint\",\"urlTemplate\":\"https:\\\/\\\/mastorrencito.com\\\/?s={search_term_string}\"},\"query-input\":{\"@type\":\"PropertyValueSpecification\",\"valueRequired\":true,\"valueName\":\"search_term_string\"}}],\"inLanguage\":\"es\"},{\"@type\":\"Organization\",\"@id\":\"https:\\\/\\\/mastorrencito.com\\\/#organization\",\"name\":\"Mas Torrencito CAT\",\"url\":\"https:\\\/\\\/mastorrencito.com\\\/\",\"logo\":{\"@type\":\"ImageObject\",\"inLanguage\":\"es\",\"@id\":\"https:\\\/\\\/mastorrencito.com\\\/#\\\/schema\\\/logo\\\/image\\\/\",\"url\":\"https:\\\/\\\/mastorrencito.com\\\/cat\\\/wp-content\\\/uploads\\\/sites\\\/3\\\/Logo-Mastorrencito-horizontal.webp\",\"contentUrl\":\"https:\\\/\\\/mastorrencito.com\\\/cat\\\/wp-content\\\/uploads\\\/sites\\\/3\\\/Logo-Mastorrencito-horizontal.webp\",\"width\":161,\"height\":54,\"caption\":\"Mas Torrencito CAT\"},\"image\":{\"@id\":\"https:\\\/\\\/mastorrencito.com\\\/#\\\/schema\\\/logo\\\/image\\\/\"}},{\"@type\":\"Person\",\"@id\":\"https:\\\/\\\/mastorrencito.com\\\/#\\\/schema\\\/person\\\/18c619be80d4ae2667c702911625f790\",\"name\":\"Mastorrencito\",\"image\":{\"@type\":\"ImageObject\",\"inLanguage\":\"es\",\"@id\":\"https:\\\/\\\/secure.gravatar.com\\\/avatar\\\/3ef55e0519f987a734c21caee1423b51df7b760b7d81a38ecd31cab0a5115f6d?s=96&d=mm&r=g\",\"url\":\"https:\\\/\\\/secure.gravatar.com\\\/avatar\\\/3ef55e0519f987a734c21caee1423b51df7b760b7d81a38ecd31cab0a5115f6d?s=96&d=mm&r=g\",\"contentUrl\":\"https:\\\/\\\/secure.gravatar.com\\\/avatar\\\/3ef55e0519f987a734c21caee1423b51df7b760b7d81a38ecd31cab0a5115f6d?s=96&d=mm&r=g\",\"caption\":\"Mastorrencito\"},\"url\":\"https:\\\/\\\/mastorrencito.com\\\/cat\\\/author\\\/mastorrencito\\\/\"}]}<\/script>\n<!-- \/ Yoast SEO Premium plugin. -->","yoast_head_json":{"title":"El client sense rostre i el gos amb personalitat by MasTorrencito - Mas Torrencito CAT","description":"A quants de vosaltres us passa que sabeu el nom del gos per\u00f2 no el dels seus amos? El client sense rostre i el gos amb personalitat","robots":{"index":"index","follow":"follow","max-snippet":"max-snippet:-1","max-image-preview":"max-image-preview:large","max-video-preview":"max-video-preview:-1"},"canonical":"https:\/\/mastorrencito.com\/cat\/el-client-sense-rostre-i-el-gos-amb-personalitat-by-mastorrencito\/","og_locale":"es_ES","og_type":"article","og_title":"El client sense rostre i el gos amb personalitat by MasTorrencito","og_description":"A quants de vosaltres us passa que sabeu el nom del gos per\u00f2 no el dels seus amos? El client sense rostre i el gos amb personalitat","og_url":"https:\/\/mastorrencito.com\/cat\/el-client-sense-rostre-i-el-gos-amb-personalitat-by-mastorrencito\/","og_site_name":"Mas Torrencito CAT","article_published_time":"2025-03-09T05:21:29+00:00","og_image":[{"width":1024,"height":1024,"url":"https:\/\/mastorrencito.com\/cat\/wp-content\/uploads\/sites\/3\/olvidodehumanos.jpg","type":"image\/jpeg"}],"author":"Mastorrencito","twitter_card":"summary_large_image","twitter_misc":{"Escrito por":"Mastorrencito","Tiempo de lectura":"6 minutos"},"schema":{"@context":"https:\/\/schema.org","@graph":[{"@type":"Article","@id":"https:\/\/mastorrencito.com\/cat\/el-client-sense-rostre-i-el-gos-amb-personalitat-by-mastorrencito\/#article","isPartOf":{"@id":"https:\/\/mastorrencito.com\/cat\/el-client-sense-rostre-i-el-gos-amb-personalitat-by-mastorrencito\/"},"author":{"name":"Mastorrencito","@id":"https:\/\/mastorrencito.com\/#\/schema\/person\/18c619be80d4ae2667c702911625f790"},"headline":"El client sense rostre i el gos amb personalitat by MasTorrencito","datePublished":"2025-03-09T05:21:29+00:00","mainEntityOfPage":{"@id":"https:\/\/mastorrencito.com\/cat\/el-client-sense-rostre-i-el-gos-amb-personalitat-by-mastorrencito\/"},"wordCount":1324,"commentCount":0,"publisher":{"@id":"https:\/\/mastorrencito.com\/#organization"},"image":{"@id":"https:\/\/mastorrencito.com\/cat\/el-client-sense-rostre-i-el-gos-amb-personalitat-by-mastorrencito\/#primaryimage"},"thumbnailUrl":"https:\/\/mastorrencito.com\/cat\/wp-content\/uploads\/sites\/3\/olvidodehumanos.jpg","articleSection":["Hist\u00f2ries Mastorrencito"],"inLanguage":"es","potentialAction":[{"@type":"CommentAction","name":"Comment","target":["https:\/\/mastorrencito.com\/cat\/el-client-sense-rostre-i-el-gos-amb-personalitat-by-mastorrencito\/#respond"]}]},{"@type":"WebPage","@id":"https:\/\/mastorrencito.com\/cat\/el-client-sense-rostre-i-el-gos-amb-personalitat-by-mastorrencito\/","url":"https:\/\/mastorrencito.com\/cat\/el-client-sense-rostre-i-el-gos-amb-personalitat-by-mastorrencito\/","name":"El client sense rostre i el gos amb personalitat by MasTorrencito - Mas Torrencito CAT","isPartOf":{"@id":"https:\/\/mastorrencito.com\/#website"},"primaryImageOfPage":{"@id":"https:\/\/mastorrencito.com\/cat\/el-client-sense-rostre-i-el-gos-amb-personalitat-by-mastorrencito\/#primaryimage"},"image":{"@id":"https:\/\/mastorrencito.com\/cat\/el-client-sense-rostre-i-el-gos-amb-personalitat-by-mastorrencito\/#primaryimage"},"thumbnailUrl":"https:\/\/mastorrencito.com\/cat\/wp-content\/uploads\/sites\/3\/olvidodehumanos.jpg","datePublished":"2025-03-09T05:21:29+00:00","description":"A quants de vosaltres us passa que sabeu el nom del gos per\u00f2 no el dels seus amos? El client sense rostre i el gos amb personalitat","breadcrumb":{"@id":"https:\/\/mastorrencito.com\/cat\/el-client-sense-rostre-i-el-gos-amb-personalitat-by-mastorrencito\/#breadcrumb"},"inLanguage":"es","potentialAction":[{"@type":"ReadAction","target":["https:\/\/mastorrencito.com\/cat\/el-client-sense-rostre-i-el-gos-amb-personalitat-by-mastorrencito\/"]}]},{"@type":"ImageObject","inLanguage":"es","@id":"https:\/\/mastorrencito.com\/cat\/el-client-sense-rostre-i-el-gos-amb-personalitat-by-mastorrencito\/#primaryimage","url":"https:\/\/mastorrencito.com\/cat\/wp-content\/uploads\/sites\/3\/olvidodehumanos.jpg","contentUrl":"https:\/\/mastorrencito.com\/cat\/wp-content\/uploads\/sites\/3\/olvidodehumanos.jpg","width":1024,"height":1024},{"@type":"BreadcrumbList","@id":"https:\/\/mastorrencito.com\/cat\/el-client-sense-rostre-i-el-gos-amb-personalitat-by-mastorrencito\/#breadcrumb","itemListElement":[{"@type":"ListItem","position":1,"name":"Portada","item":"https:\/\/mastorrencito.com\/"},{"@type":"ListItem","position":2,"name":"El client sense rostre i el gos amb personalitat by MasTorrencito"}]},{"@type":"WebSite","@id":"https:\/\/mastorrencito.com\/#website","url":"https:\/\/mastorrencito.com\/","name":"Mas Torrencito CAT","description":"Casa rural pet friendly en Girona","publisher":{"@id":"https:\/\/mastorrencito.com\/#organization"},"potentialAction":[{"@type":"SearchAction","target":{"@type":"EntryPoint","urlTemplate":"https:\/\/mastorrencito.com\/?s={search_term_string}"},"query-input":{"@type":"PropertyValueSpecification","valueRequired":true,"valueName":"search_term_string"}}],"inLanguage":"es"},{"@type":"Organization","@id":"https:\/\/mastorrencito.com\/#organization","name":"Mas Torrencito CAT","url":"https:\/\/mastorrencito.com\/","logo":{"@type":"ImageObject","inLanguage":"es","@id":"https:\/\/mastorrencito.com\/#\/schema\/logo\/image\/","url":"https:\/\/mastorrencito.com\/cat\/wp-content\/uploads\/sites\/3\/Logo-Mastorrencito-horizontal.webp","contentUrl":"https:\/\/mastorrencito.com\/cat\/wp-content\/uploads\/sites\/3\/Logo-Mastorrencito-horizontal.webp","width":161,"height":54,"caption":"Mas Torrencito CAT"},"image":{"@id":"https:\/\/mastorrencito.com\/#\/schema\/logo\/image\/"}},{"@type":"Person","@id":"https:\/\/mastorrencito.com\/#\/schema\/person\/18c619be80d4ae2667c702911625f790","name":"Mastorrencito","image":{"@type":"ImageObject","inLanguage":"es","@id":"https:\/\/secure.gravatar.com\/avatar\/3ef55e0519f987a734c21caee1423b51df7b760b7d81a38ecd31cab0a5115f6d?s=96&d=mm&r=g","url":"https:\/\/secure.gravatar.com\/avatar\/3ef55e0519f987a734c21caee1423b51df7b760b7d81a38ecd31cab0a5115f6d?s=96&d=mm&r=g","contentUrl":"https:\/\/secure.gravatar.com\/avatar\/3ef55e0519f987a734c21caee1423b51df7b760b7d81a38ecd31cab0a5115f6d?s=96&d=mm&r=g","caption":"Mastorrencito"},"url":"https:\/\/mastorrencito.com\/cat\/author\/mastorrencito\/"}]}},"acf":[],"_links":{"self":[{"href":"https:\/\/mastorrencito.com\/cat\/wp-json\/wp\/v2\/posts\/3793","targetHints":{"allow":["GET"]}}],"collection":[{"href":"https:\/\/mastorrencito.com\/cat\/wp-json\/wp\/v2\/posts"}],"about":[{"href":"https:\/\/mastorrencito.com\/cat\/wp-json\/wp\/v2\/types\/post"}],"author":[{"embeddable":true,"href":"https:\/\/mastorrencito.com\/cat\/wp-json\/wp\/v2\/users\/2"}],"replies":[{"embeddable":true,"href":"https:\/\/mastorrencito.com\/cat\/wp-json\/wp\/v2\/comments?post=3793"}],"version-history":[{"count":0,"href":"https:\/\/mastorrencito.com\/cat\/wp-json\/wp\/v2\/posts\/3793\/revisions"}],"wp:featuredmedia":[{"embeddable":true,"href":"https:\/\/mastorrencito.com\/cat\/wp-json\/wp\/v2\/media\/3787"}],"wp:attachment":[{"href":"https:\/\/mastorrencito.com\/cat\/wp-json\/wp\/v2\/media?parent=3793"}],"wp:term":[{"taxonomy":"category","embeddable":true,"href":"https:\/\/mastorrencito.com\/cat\/wp-json\/wp\/v2\/categories?post=3793"},{"taxonomy":"post_tag","embeddable":true,"href":"https:\/\/mastorrencito.com\/cat\/wp-json\/wp\/v2\/tags?post=3793"}],"curies":[{"name":"wp","href":"https:\/\/api.w.org\/{rel}","templated":true}]}}