{"id":3779,"date":"2025-03-07T05:32:14","date_gmt":"2025-03-07T05:32:14","guid":{"rendered":"https:\/\/casaruralconperrosgirona.com\/homenatge-a-miquel-quera\/"},"modified":"2025-03-07T05:32:14","modified_gmt":"2025-03-07T05:32:14","slug":"homenatge-a-miquel-quera","status":"publish","type":"post","link":"https:\/\/mastorrencito.com\/cat\/homenatge-a-miquel-quera\/","title":{"rendered":"Homenatge a Miquel Quera"},"content":{"rendered":"\n<p>La nit a Olot estava impregnada d&#8217;aquella m\u00e0gia especial que envolta els moments que es queden gravats a la mem\u00f2ria. Era la gala dels premis G! de Girona, una celebraci\u00f3 que cada any ret homenatge als que han dedicat la vida a la promoci\u00f3 del turisme i els valors de la prov\u00edncia. Per\u00f2 aquest any hi havia alguna cosa diferent, cosa que feia que l&#8217;aire vibr\u00e9s amb una emoci\u00f3 especial: el reconeixement a en Miquel, un home que tenia un amor per la seva terra gaireb\u00e9 tangible.  <\/p>\n\n<figure class=\"wp-block-video\"><video height=\"850\" style=\"aspect-ratio: 474 \/ 850;\" width=\"474\" controls=\"\" src=\"https:\/\/mastorrencito.com\/wp-content\/uploads\/Video-de-WhatsApp-2025-03-06-a-les-19.38.40_05909e4d.mp4\"><\/video><\/figure>\n<p>Quan van anunciar el seu nom, un murmuri emocionat va rec\u00f3rrer la sala. Miquel, amb la seva eterna humilitat, es va aixecar entre aplaudiments i somriures sincers. No nom\u00e9s era un premi, era un reconeixement a tota una vida dedicada a potenciar el turisme rural, a posar en valor els petits productors locals, a explicar la hist\u00f2ria de cada rac\u00f3 de l&#8217;Empord\u00e0 amb una passi\u00f3 que se li escapava a la mirada.  <\/p>\n\n<p>Des de Mas del Joncar, aquell refugi de pau que va convertir a casa seva i missi\u00f3, Miquel havia teixit una xarxa invisible d&#8217;hist\u00f2ries, de persones i de projectes. No hi havia celler que no conegu\u00e9s, ni corriol que no hagu\u00e9s recorregut, ni formatge, mel o vi que no hagu\u00e9s tastat i recomanat amb entusiasme. Ell no nom\u00e9s promovia el turisme, sin\u00f3 que ho vivia, ho sentia, ho transmetia amb cada paraula, amb cada an\u00e8cdota que compartia a les seves interminables xerrades sobre Girona i les seves meravelles.  <\/p>\n\n<p>El reconeixement a Miquel va ser encara m\u00e9s especial perqu\u00e8 era la primera vegada que es concedia un premi aix\u00ed a una casa rural i no pas a una gran associaci\u00f3 o empresa tur\u00edstica. Per\u00f2 \u00e9s que Miquel era molt Miquel\u2026 un veritable ambaixador de la terra, un enamorat de l&#8217;Empord\u00e0 que, encara que nascut a Girona, havia trobat el seu dest\u00ed a Sant Pere Pescador, en aquell Mas que va restaurar amb esfor\u00e7 i amor, i des d&#8217;on va emprendre la missi\u00f3 de divulgar els valors del territori. <\/p>\n\n<p>La gala va seguir amb m\u00e9s homenatges: periodistes alemanys i francesos que havien promogut la prov\u00edncia, un hotel familiar que portava quatre generacions oferint la seva hospitalitat, i la incre\u00efble hist\u00f2ria del restaurant Divinium, que va decidir reobrir les portes el 9 de mar\u00e7 del 2020, nom\u00e9s per enfrontar-se cinc dies despr\u00e9s a la pand\u00e8mia. I, malgrat tot, van resistir, reinventant-se, lluitant contra cada obstacle amb determinaci\u00f3. <\/p>\n<figure class=\"wp-block-post-featured-image\"><img fetchpriority=\"high\" decoding=\"async\" width=\"1200\" height=\"802\" src=\"https:\/\/mastorrencito.com\/cat\/wp-content\/uploads\/sites\/3\/miquel.jpg\" class=\"attachment-post-thumbnail size-post-thumbnail wp-post-image\" alt=\"miquel quera de Mas El Joncar\" style=\"object-fit:cover;\" srcset=\"https:\/\/mastorrencito.com\/cat\/wp-content\/uploads\/sites\/3\/miquel.jpg 1200w, https:\/\/mastorrencito.com\/cat\/wp-content\/uploads\/sites\/3\/miquel-300x201.jpg 300w, https:\/\/mastorrencito.com\/cat\/wp-content\/uploads\/sites\/3\/miquel-1024x684.jpg 1024w, https:\/\/mastorrencito.com\/cat\/wp-content\/uploads\/sites\/3\/miquel-768x513.jpg 768w\" sizes=\"(max-width: 1200px) 100vw, 1200px\" \/><\/figure>\n<p>Per\u00f2 la nit pertanyia al Miquel. Quan va agafar el micr\u00f2fon, l&#8217;emoci\u00f3 va embargar la sala. Va parlar del seu amor per la terra, dels camins de ronda, de les rutes amb bicicleta que tant havia promogut, de la bellesa del Cap de Creus a l&#8217;alba, de la import\u00e0ncia de valorar els petits productors i del seu comprom\u00eds etern amb el turisme rural de qualitat. Amb cada paraula, els ulls brillaven, reflectint aquella passi\u00f3 que sempre l&#8217;havia caracteritzat.   <\/p>\n\n<p>Era impossible no emocionar-se. Perqu\u00e8 aquell premi no nom\u00e9s reconeixia el seu esfor\u00e7, sin\u00f3 que celebrava la seva ess\u00e8ncia, la manera de veure i viure el m\u00f3n. I encara que ara estigu\u00e9s \u201cjubilat\u201d, tots sabien que el Miquel no pararia. Perqu\u00e8 per a ell, la vida era un viatge constant, una ruta sense final on sempre hi hauria alguna cosa nova per descobrir, un rac\u00f3 per recomanar, una hist\u00f2ria per explicar.   <\/p>\n\n<p>Per\u00f2 si Miquel va poder dedicar la seva vida a aquesta passi\u00f3, va ser gr\u00e0cies a alg\u00fa que sempre hi va ser, recolzant-lo en cada pas del cam\u00ed: Anna, la seva companya, la seva amiga, la seva dona. Anna va ser qui va sostenir el Mas del Joncar quan el Miquel es reunia amb els uns i els altres, quan assistia a trobades de l&#8217;ATRG o explorava noves rutes per millorar el turisme de la regi\u00f3. Va ser ella qui va mantenir la llar funcionant, qui va suplir la seva abs\u00e8ncia tantes vegades, qui amb la seva paci\u00e8ncia i dedicaci\u00f3 va fer possible que Miquel pogu\u00e9s complir la seva missi\u00f3.  <\/p>\n\n<p>Aquest premi, sens dubte, tamb\u00e9 n&#8217;era. Perqu\u00e8 darrere de cada gran persona que impulsa un somni, hi ha alg\u00fa que el sost\u00e9 amb amor i comprom\u00eds. I aquella nit d&#8217;emocions, Anna va brillar amb la mateixa llum que en Miquel, perqu\u00e8 la seva tasca, encara que silenciosa, havia estat igual de fonamental en la construcci\u00f3 d&#8217;aquest llegat inesborrable.  <\/p>\n\n<p>Aquell aplaudiment que va ressonar a la sala no va ser nom\u00e9s un reconeixement, va ser un tribut a un home que havia fet del seu amor per Girona un llegat inesborrable.<\/p>\n\n<blockquote class=\"wp-block-quote is-layout-flow wp-block-quote-is-layout-flow\">\n<p>Des de MasTorrencito et desitgem un bon dia i que els teus gossos t&#8217;acompanyin!!<\/p>\n<\/blockquote>\n\n<p>\u2014\u2013<br \/> Si vols, pot veure els nostres <strong>bons per caps de setmana, bons jubilats<\/strong> , a un preu incre\u00efble.. entra a <a href=\"https:\/\/www.mastorrencito.com\/\">www.mastorrencito.com<\/a> o si vols podeu llegir m\u00e9s hist\u00f2ria i an\u00e8cdotes que ens han passat a MasTorrencito\u2026 Fes click <a href=\"https:\/\/mastorrencito.com\/\">aqu\u00ed<\/a><\/p>\n","protected":false},"excerpt":{"rendered":"<p>La nit a Olot estava impregnada d&#8217;aquella m\u00e0gia especial que envolta els moments que es queden gravats a la mem\u00f2ria. Era la gala dels premis G! de Girona, una celebraci\u00f3 que cada any ret homenatge als que han dedicat la vida a la promoci\u00f3 del turisme i els valors de la prov\u00edncia. Per\u00f2 aquest any [&hellip;]<\/p>\n","protected":false},"author":2,"featured_media":3771,"comment_status":"open","ping_status":"closed","sticky":false,"template":"","format":"standard","meta":{"_acf_changed":false,"footnotes":""},"categories":[35],"tags":[],"class_list":["post-3779","post","type-post","status-publish","format-standard","has-post-thumbnail","hentry","category-histories-mastorrencito"],"yoast_head":"<!-- This site is optimized with the Yoast SEO Premium plugin v27.3 (Yoast SEO v27.5) - https:\/\/yoast.com\/product\/yoast-seo-premium-wordpress\/ -->\n<title>Homenatge a Miquel Quera - Mas Torrencito CAT<\/title>\n<meta name=\"description\" content=\"Si alg\u00fa es mereixia aquest premi per la seva dedicaci\u00f3 a divulgar els valors i la hist\u00f2ria de l&#039;Empord\u00e0 era ell... Homenatge a Miquel Quera\" \/>\n<meta name=\"robots\" content=\"index, follow, max-snippet:-1, max-image-preview:large, max-video-preview:-1\" \/>\n<link rel=\"canonical\" href=\"https:\/\/mastorrencito.com\/cat\/homenatge-a-miquel-quera\/\" \/>\n<meta property=\"og:locale\" content=\"es_ES\" \/>\n<meta property=\"og:type\" content=\"article\" \/>\n<meta property=\"og:title\" content=\"Homenatge a Miquel Quera\" \/>\n<meta property=\"og:description\" content=\"Si alg\u00fa es mereixia aquest premi per la seva dedicaci\u00f3 a divulgar els valors i la hist\u00f2ria de l&#039;Empord\u00e0 era ell... Homenatge a Miquel Quera\" \/>\n<meta property=\"og:url\" content=\"https:\/\/mastorrencito.com\/cat\/homenatge-a-miquel-quera\/\" \/>\n<meta property=\"og:site_name\" content=\"Mas Torrencito CAT\" \/>\n<meta property=\"article:published_time\" content=\"2025-03-07T05:32:14+00:00\" \/>\n<meta property=\"og:image\" content=\"https:\/\/mastorrencito.com\/cat\/wp-content\/uploads\/sites\/3\/miquel.jpg\" \/>\n\t<meta property=\"og:image:width\" content=\"1200\" \/>\n\t<meta property=\"og:image:height\" content=\"802\" \/>\n\t<meta property=\"og:image:type\" content=\"image\/jpeg\" \/>\n<meta name=\"author\" content=\"Mastorrencito\" \/>\n<meta name=\"twitter:card\" content=\"summary_large_image\" \/>\n<meta name=\"twitter:label1\" content=\"Escrito por\" \/>\n\t<meta name=\"twitter:data1\" content=\"Mastorrencito\" \/>\n\t<meta name=\"twitter:label2\" content=\"Tiempo de lectura\" \/>\n\t<meta name=\"twitter:data2\" content=\"4 minutos\" \/>\n<script type=\"application\/ld+json\" class=\"yoast-schema-graph\">{\"@context\":\"https:\\\/\\\/schema.org\",\"@graph\":[{\"@type\":\"Article\",\"@id\":\"https:\\\/\\\/mastorrencito.com\\\/cat\\\/homenatge-a-miquel-quera\\\/#article\",\"isPartOf\":{\"@id\":\"https:\\\/\\\/mastorrencito.com\\\/cat\\\/homenatge-a-miquel-quera\\\/\"},\"author\":{\"name\":\"Mastorrencito\",\"@id\":\"https:\\\/\\\/mastorrencito.com\\\/#\\\/schema\\\/person\\\/18c619be80d4ae2667c702911625f790\"},\"headline\":\"Homenatge a Miquel Quera\",\"datePublished\":\"2025-03-07T05:32:14+00:00\",\"mainEntityOfPage\":{\"@id\":\"https:\\\/\\\/mastorrencito.com\\\/cat\\\/homenatge-a-miquel-quera\\\/\"},\"wordCount\":862,\"commentCount\":0,\"publisher\":{\"@id\":\"https:\\\/\\\/mastorrencito.com\\\/#organization\"},\"image\":{\"@id\":\"https:\\\/\\\/mastorrencito.com\\\/cat\\\/homenatge-a-miquel-quera\\\/#primaryimage\"},\"thumbnailUrl\":\"https:\\\/\\\/mastorrencito.com\\\/cat\\\/wp-content\\\/uploads\\\/sites\\\/3\\\/miquel.jpg\",\"articleSection\":[\"Hist\u00f2ries Mastorrencito\"],\"inLanguage\":\"es\",\"potentialAction\":[{\"@type\":\"CommentAction\",\"name\":\"Comment\",\"target\":[\"https:\\\/\\\/mastorrencito.com\\\/cat\\\/homenatge-a-miquel-quera\\\/#respond\"]}]},{\"@type\":\"WebPage\",\"@id\":\"https:\\\/\\\/mastorrencito.com\\\/cat\\\/homenatge-a-miquel-quera\\\/\",\"url\":\"https:\\\/\\\/mastorrencito.com\\\/cat\\\/homenatge-a-miquel-quera\\\/\",\"name\":\"Homenatge a Miquel Quera - Mas Torrencito CAT\",\"isPartOf\":{\"@id\":\"https:\\\/\\\/mastorrencito.com\\\/#website\"},\"primaryImageOfPage\":{\"@id\":\"https:\\\/\\\/mastorrencito.com\\\/cat\\\/homenatge-a-miquel-quera\\\/#primaryimage\"},\"image\":{\"@id\":\"https:\\\/\\\/mastorrencito.com\\\/cat\\\/homenatge-a-miquel-quera\\\/#primaryimage\"},\"thumbnailUrl\":\"https:\\\/\\\/mastorrencito.com\\\/cat\\\/wp-content\\\/uploads\\\/sites\\\/3\\\/miquel.jpg\",\"datePublished\":\"2025-03-07T05:32:14+00:00\",\"description\":\"Si alg\u00fa es mereixia aquest premi per la seva dedicaci\u00f3 a divulgar els valors i la hist\u00f2ria de l'Empord\u00e0 era ell... Homenatge a Miquel Quera\",\"breadcrumb\":{\"@id\":\"https:\\\/\\\/mastorrencito.com\\\/cat\\\/homenatge-a-miquel-quera\\\/#breadcrumb\"},\"inLanguage\":\"es\",\"potentialAction\":[{\"@type\":\"ReadAction\",\"target\":[\"https:\\\/\\\/mastorrencito.com\\\/cat\\\/homenatge-a-miquel-quera\\\/\"]}]},{\"@type\":\"ImageObject\",\"inLanguage\":\"es\",\"@id\":\"https:\\\/\\\/mastorrencito.com\\\/cat\\\/homenatge-a-miquel-quera\\\/#primaryimage\",\"url\":\"https:\\\/\\\/mastorrencito.com\\\/cat\\\/wp-content\\\/uploads\\\/sites\\\/3\\\/miquel.jpg\",\"contentUrl\":\"https:\\\/\\\/mastorrencito.com\\\/cat\\\/wp-content\\\/uploads\\\/sites\\\/3\\\/miquel.jpg\",\"width\":1200,\"height\":802,\"caption\":\"miquel quera de Mas El Joncar\"},{\"@type\":\"BreadcrumbList\",\"@id\":\"https:\\\/\\\/mastorrencito.com\\\/cat\\\/homenatge-a-miquel-quera\\\/#breadcrumb\",\"itemListElement\":[{\"@type\":\"ListItem\",\"position\":1,\"name\":\"Portada\",\"item\":\"https:\\\/\\\/mastorrencito.com\\\/\"},{\"@type\":\"ListItem\",\"position\":2,\"name\":\"Homenatge a Miquel Quera\"}]},{\"@type\":\"WebSite\",\"@id\":\"https:\\\/\\\/mastorrencito.com\\\/#website\",\"url\":\"https:\\\/\\\/mastorrencito.com\\\/\",\"name\":\"Mas Torrencito CAT\",\"description\":\"Casa rural pet friendly en Girona\",\"publisher\":{\"@id\":\"https:\\\/\\\/mastorrencito.com\\\/#organization\"},\"potentialAction\":[{\"@type\":\"SearchAction\",\"target\":{\"@type\":\"EntryPoint\",\"urlTemplate\":\"https:\\\/\\\/mastorrencito.com\\\/?s={search_term_string}\"},\"query-input\":{\"@type\":\"PropertyValueSpecification\",\"valueRequired\":true,\"valueName\":\"search_term_string\"}}],\"inLanguage\":\"es\"},{\"@type\":\"Organization\",\"@id\":\"https:\\\/\\\/mastorrencito.com\\\/#organization\",\"name\":\"Mas Torrencito CAT\",\"url\":\"https:\\\/\\\/mastorrencito.com\\\/\",\"logo\":{\"@type\":\"ImageObject\",\"inLanguage\":\"es\",\"@id\":\"https:\\\/\\\/mastorrencito.com\\\/#\\\/schema\\\/logo\\\/image\\\/\",\"url\":\"https:\\\/\\\/mastorrencito.com\\\/cat\\\/wp-content\\\/uploads\\\/sites\\\/3\\\/Logo-Mastorrencito-horizontal.webp\",\"contentUrl\":\"https:\\\/\\\/mastorrencito.com\\\/cat\\\/wp-content\\\/uploads\\\/sites\\\/3\\\/Logo-Mastorrencito-horizontal.webp\",\"width\":161,\"height\":54,\"caption\":\"Mas Torrencito CAT\"},\"image\":{\"@id\":\"https:\\\/\\\/mastorrencito.com\\\/#\\\/schema\\\/logo\\\/image\\\/\"}},{\"@type\":\"Person\",\"@id\":\"https:\\\/\\\/mastorrencito.com\\\/#\\\/schema\\\/person\\\/18c619be80d4ae2667c702911625f790\",\"name\":\"Mastorrencito\",\"image\":{\"@type\":\"ImageObject\",\"inLanguage\":\"es\",\"@id\":\"https:\\\/\\\/secure.gravatar.com\\\/avatar\\\/3ef55e0519f987a734c21caee1423b51df7b760b7d81a38ecd31cab0a5115f6d?s=96&d=mm&r=g\",\"url\":\"https:\\\/\\\/secure.gravatar.com\\\/avatar\\\/3ef55e0519f987a734c21caee1423b51df7b760b7d81a38ecd31cab0a5115f6d?s=96&d=mm&r=g\",\"contentUrl\":\"https:\\\/\\\/secure.gravatar.com\\\/avatar\\\/3ef55e0519f987a734c21caee1423b51df7b760b7d81a38ecd31cab0a5115f6d?s=96&d=mm&r=g\",\"caption\":\"Mastorrencito\"},\"url\":\"https:\\\/\\\/mastorrencito.com\\\/cat\\\/author\\\/mastorrencito\\\/\"}]}<\/script>\n<!-- \/ Yoast SEO Premium plugin. -->","yoast_head_json":{"title":"Homenatge a Miquel Quera - Mas Torrencito CAT","description":"Si alg\u00fa es mereixia aquest premi per la seva dedicaci\u00f3 a divulgar els valors i la hist\u00f2ria de l'Empord\u00e0 era ell... Homenatge a Miquel Quera","robots":{"index":"index","follow":"follow","max-snippet":"max-snippet:-1","max-image-preview":"max-image-preview:large","max-video-preview":"max-video-preview:-1"},"canonical":"https:\/\/mastorrencito.com\/cat\/homenatge-a-miquel-quera\/","og_locale":"es_ES","og_type":"article","og_title":"Homenatge a Miquel Quera","og_description":"Si alg\u00fa es mereixia aquest premi per la seva dedicaci\u00f3 a divulgar els valors i la hist\u00f2ria de l'Empord\u00e0 era ell... Homenatge a Miquel Quera","og_url":"https:\/\/mastorrencito.com\/cat\/homenatge-a-miquel-quera\/","og_site_name":"Mas Torrencito CAT","article_published_time":"2025-03-07T05:32:14+00:00","og_image":[{"width":1200,"height":802,"url":"https:\/\/mastorrencito.com\/cat\/wp-content\/uploads\/sites\/3\/miquel.jpg","type":"image\/jpeg"}],"author":"Mastorrencito","twitter_card":"summary_large_image","twitter_misc":{"Escrito por":"Mastorrencito","Tiempo de lectura":"4 minutos"},"schema":{"@context":"https:\/\/schema.org","@graph":[{"@type":"Article","@id":"https:\/\/mastorrencito.com\/cat\/homenatge-a-miquel-quera\/#article","isPartOf":{"@id":"https:\/\/mastorrencito.com\/cat\/homenatge-a-miquel-quera\/"},"author":{"name":"Mastorrencito","@id":"https:\/\/mastorrencito.com\/#\/schema\/person\/18c619be80d4ae2667c702911625f790"},"headline":"Homenatge a Miquel Quera","datePublished":"2025-03-07T05:32:14+00:00","mainEntityOfPage":{"@id":"https:\/\/mastorrencito.com\/cat\/homenatge-a-miquel-quera\/"},"wordCount":862,"commentCount":0,"publisher":{"@id":"https:\/\/mastorrencito.com\/#organization"},"image":{"@id":"https:\/\/mastorrencito.com\/cat\/homenatge-a-miquel-quera\/#primaryimage"},"thumbnailUrl":"https:\/\/mastorrencito.com\/cat\/wp-content\/uploads\/sites\/3\/miquel.jpg","articleSection":["Hist\u00f2ries Mastorrencito"],"inLanguage":"es","potentialAction":[{"@type":"CommentAction","name":"Comment","target":["https:\/\/mastorrencito.com\/cat\/homenatge-a-miquel-quera\/#respond"]}]},{"@type":"WebPage","@id":"https:\/\/mastorrencito.com\/cat\/homenatge-a-miquel-quera\/","url":"https:\/\/mastorrencito.com\/cat\/homenatge-a-miquel-quera\/","name":"Homenatge a Miquel Quera - Mas Torrencito CAT","isPartOf":{"@id":"https:\/\/mastorrencito.com\/#website"},"primaryImageOfPage":{"@id":"https:\/\/mastorrencito.com\/cat\/homenatge-a-miquel-quera\/#primaryimage"},"image":{"@id":"https:\/\/mastorrencito.com\/cat\/homenatge-a-miquel-quera\/#primaryimage"},"thumbnailUrl":"https:\/\/mastorrencito.com\/cat\/wp-content\/uploads\/sites\/3\/miquel.jpg","datePublished":"2025-03-07T05:32:14+00:00","description":"Si alg\u00fa es mereixia aquest premi per la seva dedicaci\u00f3 a divulgar els valors i la hist\u00f2ria de l'Empord\u00e0 era ell... Homenatge a Miquel Quera","breadcrumb":{"@id":"https:\/\/mastorrencito.com\/cat\/homenatge-a-miquel-quera\/#breadcrumb"},"inLanguage":"es","potentialAction":[{"@type":"ReadAction","target":["https:\/\/mastorrencito.com\/cat\/homenatge-a-miquel-quera\/"]}]},{"@type":"ImageObject","inLanguage":"es","@id":"https:\/\/mastorrencito.com\/cat\/homenatge-a-miquel-quera\/#primaryimage","url":"https:\/\/mastorrencito.com\/cat\/wp-content\/uploads\/sites\/3\/miquel.jpg","contentUrl":"https:\/\/mastorrencito.com\/cat\/wp-content\/uploads\/sites\/3\/miquel.jpg","width":1200,"height":802,"caption":"miquel quera de Mas El Joncar"},{"@type":"BreadcrumbList","@id":"https:\/\/mastorrencito.com\/cat\/homenatge-a-miquel-quera\/#breadcrumb","itemListElement":[{"@type":"ListItem","position":1,"name":"Portada","item":"https:\/\/mastorrencito.com\/"},{"@type":"ListItem","position":2,"name":"Homenatge a Miquel Quera"}]},{"@type":"WebSite","@id":"https:\/\/mastorrencito.com\/#website","url":"https:\/\/mastorrencito.com\/","name":"Mas Torrencito CAT","description":"Casa rural pet friendly en Girona","publisher":{"@id":"https:\/\/mastorrencito.com\/#organization"},"potentialAction":[{"@type":"SearchAction","target":{"@type":"EntryPoint","urlTemplate":"https:\/\/mastorrencito.com\/?s={search_term_string}"},"query-input":{"@type":"PropertyValueSpecification","valueRequired":true,"valueName":"search_term_string"}}],"inLanguage":"es"},{"@type":"Organization","@id":"https:\/\/mastorrencito.com\/#organization","name":"Mas Torrencito CAT","url":"https:\/\/mastorrencito.com\/","logo":{"@type":"ImageObject","inLanguage":"es","@id":"https:\/\/mastorrencito.com\/#\/schema\/logo\/image\/","url":"https:\/\/mastorrencito.com\/cat\/wp-content\/uploads\/sites\/3\/Logo-Mastorrencito-horizontal.webp","contentUrl":"https:\/\/mastorrencito.com\/cat\/wp-content\/uploads\/sites\/3\/Logo-Mastorrencito-horizontal.webp","width":161,"height":54,"caption":"Mas Torrencito CAT"},"image":{"@id":"https:\/\/mastorrencito.com\/#\/schema\/logo\/image\/"}},{"@type":"Person","@id":"https:\/\/mastorrencito.com\/#\/schema\/person\/18c619be80d4ae2667c702911625f790","name":"Mastorrencito","image":{"@type":"ImageObject","inLanguage":"es","@id":"https:\/\/secure.gravatar.com\/avatar\/3ef55e0519f987a734c21caee1423b51df7b760b7d81a38ecd31cab0a5115f6d?s=96&d=mm&r=g","url":"https:\/\/secure.gravatar.com\/avatar\/3ef55e0519f987a734c21caee1423b51df7b760b7d81a38ecd31cab0a5115f6d?s=96&d=mm&r=g","contentUrl":"https:\/\/secure.gravatar.com\/avatar\/3ef55e0519f987a734c21caee1423b51df7b760b7d81a38ecd31cab0a5115f6d?s=96&d=mm&r=g","caption":"Mastorrencito"},"url":"https:\/\/mastorrencito.com\/cat\/author\/mastorrencito\/"}]}},"acf":[],"_links":{"self":[{"href":"https:\/\/mastorrencito.com\/cat\/wp-json\/wp\/v2\/posts\/3779","targetHints":{"allow":["GET"]}}],"collection":[{"href":"https:\/\/mastorrencito.com\/cat\/wp-json\/wp\/v2\/posts"}],"about":[{"href":"https:\/\/mastorrencito.com\/cat\/wp-json\/wp\/v2\/types\/post"}],"author":[{"embeddable":true,"href":"https:\/\/mastorrencito.com\/cat\/wp-json\/wp\/v2\/users\/2"}],"replies":[{"embeddable":true,"href":"https:\/\/mastorrencito.com\/cat\/wp-json\/wp\/v2\/comments?post=3779"}],"version-history":[{"count":0,"href":"https:\/\/mastorrencito.com\/cat\/wp-json\/wp\/v2\/posts\/3779\/revisions"}],"wp:featuredmedia":[{"embeddable":true,"href":"https:\/\/mastorrencito.com\/cat\/wp-json\/wp\/v2\/media\/3771"}],"wp:attachment":[{"href":"https:\/\/mastorrencito.com\/cat\/wp-json\/wp\/v2\/media?parent=3779"}],"wp:term":[{"taxonomy":"category","embeddable":true,"href":"https:\/\/mastorrencito.com\/cat\/wp-json\/wp\/v2\/categories?post=3779"},{"taxonomy":"post_tag","embeddable":true,"href":"https:\/\/mastorrencito.com\/cat\/wp-json\/wp\/v2\/tags?post=3779"}],"curies":[{"name":"wp","href":"https:\/\/api.w.org\/{rel}","templated":true}]}}