{"id":3762,"date":"2025-03-06T05:47:30","date_gmt":"2025-03-06T05:47:30","guid":{"rendered":"https:\/\/casaruralconperrosgirona.com\/el-dia-que-vaig-convencer-deu-de-crear-els-gossos\/"},"modified":"2025-03-06T05:47:30","modified_gmt":"2025-03-06T05:47:30","slug":"el-dia-que-vaig-convencer-deu-de-crear-els-gossos","status":"publish","type":"post","link":"https:\/\/mastorrencito.com\/cat\/el-dia-que-vaig-convencer-deu-de-crear-els-gossos\/","title":{"rendered":"El dia que vaig conv\u00e8ncer D\u00e9u de crear els gossos"},"content":{"rendered":"\n<h3 class=\"wp-block-heading\"><strong>Imaginar un cel immens, amb n\u00favols esponjosos com a cot\u00f3 de sucre. Jo, Miguel, amo de MasTorrencito, cam\u00ed d&#8217;una banda a l&#8217;altra amb els bra\u00e7os plegats. D\u00e9u, majestu\u00f3s per\u00f2 amb una t\u00fanica plena de taques de caf\u00e8, m&#8217;observa amb curiositat.)  <\/strong><\/h3>\n\n<hr class=\"wp-block-separator has-alpha-channel-opacity\" \/>\n\n<h4 class=\"wp-block-heading\"><strong>Miguel:<\/strong><\/h4>\n\n<p>D\u00e9u, tenim un problema seri\u00f3s.<\/p>\n\n<h4 class=\"wp-block-heading\"><strong>D\u00e9u:<\/strong><\/h4>\n\n<p>Un altre cop? Qu\u00e8 va passar ara? S&#8217;han extingit les abra\u00e7ades? El caf\u00e8 va deixar d&#8217;existir-hi?   <\/p>\n\n<h4 class=\"wp-block-heading\"><strong>Miguel:<\/strong><\/h4>\n\n<p>No, pitjor\u2026 No hi ha gossos!<\/p>\n\n<h4 class=\"wp-block-heading\"><strong>D\u00e9u:<\/strong><\/h4>\n\n<p>Ah, s\u00ed, aix\u00f2. No els vaig posar mai en el disseny final. Vaig pensar-hi, per\u00f2 despr\u00e9s em vaig distreure amb els ping\u00fcins i les girafes\u2026 Per qu\u00e8 els necessites?  <\/p>\n\n<h4 class=\"wp-block-heading\"><strong>Miguel:<\/strong><\/h4>\n\n<p>D\u00e9u, la humanitat est\u00e0 trista. Manca una cosa que ens faci sentir acompanyats, que ens vulgui sense condicions, que ens rebi amb una festa fins i tot quan nom\u00e9s sortim cinc minuts a la botiga. <\/p>\n\n<h4 class=\"wp-block-heading\"><strong>D\u00e9u:<\/strong><\/h4>\n\n<p>All\u00e0, all\u00e0\u2026 I per aix\u00f2 no hi ha els gats?<\/p>\n\n<h4 class=\"wp-block-heading\"><strong>Miguel:<\/strong><\/h4>\n\n<p>Gats? D\u00e9u, amb tot respecte, els gats ens toleren, no ens estimen. Ens veuen com a servents de menjar. S\u00f3n divins, per\u00f2 no et donen la pota, no t&#8217;esperen a la porta amb la llengua de fora, no es llencen panxa enlaire demanant amor incondicionalment.   <\/p>\n<figure class=\"wp-block-post-featured-image\"><img fetchpriority=\"high\" decoding=\"async\" width=\"1024\" height=\"1024\" src=\"https:\/\/mastorrencito.com\/cat\/wp-content\/uploads\/sites\/3\/dios.jpg\" class=\"attachment-post-thumbnail size-post-thumbnail wp-post-image\" alt=\"Pidiendo a dios que cree perros\" style=\"object-fit:cover;\" srcset=\"https:\/\/mastorrencito.com\/cat\/wp-content\/uploads\/sites\/3\/dios.jpg 1024w, https:\/\/mastorrencito.com\/cat\/wp-content\/uploads\/sites\/3\/dios-300x300.jpg 300w, https:\/\/mastorrencito.com\/cat\/wp-content\/uploads\/sites\/3\/dios-150x150.jpg 150w, https:\/\/mastorrencito.com\/cat\/wp-content\/uploads\/sites\/3\/dios-768x768.jpg 768w\" sizes=\"(max-width: 1024px) 100vw, 1024px\" \/><\/figure>\n<h4 class=\"wp-block-heading\"><strong>D\u00e9u:<\/strong><\/h4>\n\n<p>Mmm\u2026 I els peixos?<\/p>\n\n<h4 class=\"wp-block-heading\"><strong>Miguel:<\/strong><\/h4>\n\n<p>D\u00e9u! Quan va ser la darrera vegada que vas veure un peix emocionat perqu\u00e8 vas arribar a casa? <\/p>\n\n<h4 class=\"wp-block-heading\"><strong>D\u00e9u:<\/strong><\/h4>\n\n<p>B\u00e9, b\u00e9, tens un punt. Per\u00f2 crear una nova criatura no \u00e9s res. Ha de tenir un prop\u00f2sit\u2026  <\/p>\n\n<h4 class=\"wp-block-heading\"><strong>Miguel:<\/strong><\/h4>\n\n<p>D\u00e9u, escolteu-me! Un gos faria m\u00e9s per un cor trencat que cent discursos motivacionals. Seria el guardi\u00e0 dels infants, la companyia del solitari, el protector de la casa. Faria que fins i tot l&#8217;\u00e9sser m\u00e9s fred es fongu\u00e9s amb un parell d&#8217;ullets tendres.   <\/p>\n\n<h4 class=\"wp-block-heading\"><strong>D\u00e9u:<\/strong><\/h4>\n\n<p>Hmm\u2026 interessant. I qu\u00e8 em dius de les responsabilitats? La gent ja s&#8217;oblida de regar les plantes\u2026  <\/p>\n\n<h4 class=\"wp-block-heading\"><strong>Miguel:<\/strong><\/h4>\n\n<p>Ah, s\u00ed, alguns s\u00ed. Per\u00f2 els qui estimin els gossos, els cuidaran com la seva pr\u00f2pia vida. Els trauran a passejar, els alimentaran, es despertaran a la matinada si cal.  <\/p>\n\n<h4 class=\"wp-block-heading\"><strong>D\u00e9u:<\/strong><\/h4>\n\n<p>I qu\u00e8 faran els gossos per ells?<\/p>\n\n<h4 class=\"wp-block-heading\"><strong>Miguel:<\/strong><\/h4>\n\n<p>Els donaran amor fins a l&#8217;\u00faltim dels seus dies. Sense ranc\u00fanies, sense demanar res a canvi, nom\u00e9s amor. Esperaran amb \u00e0nsies els seus humans, fins i tot si l&#8217;hum\u00e0 de vegades no els mereix.  <\/p>\n\n<h4 class=\"wp-block-heading\"><strong>D\u00e9u:<\/strong><\/h4>\n\n<p>Aix\u00f2 sona\u2026 bonic, per\u00f2 tamb\u00e9 trist.<\/p>\n\n<h4 class=\"wp-block-heading\"><strong>Miguel:<\/strong><\/h4>\n\n<p>S\u00ed, ho \u00e9s. Perqu\u00e8 la vida d&#8217;un gos ser\u00e0 m\u00e9s curta que la d&#8217;un hum\u00e0, i quan se&#8217;n vagin ens deixaran amb el cor fet miques. Per\u00f2 ens hauran ensenyat tant pel cam\u00ed\u2026 Ens hauran ensenyat el que \u00e9s estimar de deb\u00f2.  <\/p>\n\n<h4 class=\"wp-block-heading\"><strong>D\u00e9u:<\/strong><\/h4>\n\n<p>(Es queda pensatiu.) Est\u00e0 b\u00e9. Els far\u00e9. Per\u00f2 digues-me, com vols que siguin?  <\/p>\n\n<h4 class=\"wp-block-heading\"><strong>Miguel:<\/strong><\/h4>\n\n<p>Que vinguin en totes les mides i colors. Que hi hagi uns petitets que c\u00e0piguen a les bosses i altres enormes que facin abra\u00e7ades d&#8217;\u00f3s. Que alguns siguin dormilegues i altres hiperactius. Que siguin tan intel\u00b7ligents que puguin ajudar els humans a salvar vides, per\u00f2 tamb\u00e9 tan ximples que persegueixin la seva cua.   <\/p>\n\n<h4 class=\"wp-block-heading\"><strong>D\u00e9u:<\/strong><\/h4>\n\n<p>Aix\u00f2 sona com a molta feina\u2026<\/p>\n\n<h4 class=\"wp-block-heading\"><strong>Miguel:<\/strong><\/h4>\n\n<p>D\u00e9u, tu vas crear l&#8217;univers en set dies. Qu\u00e8 et costa fer un parell de llomets? <\/p>\n\n<h4 class=\"wp-block-heading\"><strong>D\u00e9u:<\/strong><\/h4>\n\n<p>(Suspira i somriu.) Est\u00e0 b\u00e9, Miguel. Hi haur\u00e0 gossos.  <\/p>\n\n<h4 class=\"wp-block-heading\"><strong>Miguel:<\/strong><\/h4>\n\n<p>S\u00ed! Gr\u00e0cies, D\u00e9u! No te&#8217;n penedir\u00e0s!  <\/p>\n\n<h4 class=\"wp-block-heading\"><strong>D\u00e9u:<\/strong><\/h4>\n\n<p>Espero que no. Encara que pressento que en uns segles alg\u00fa crear\u00e0 una ra\u00e7a anomenada \u00abchihuahua\u00bb i aqu\u00ed em demanaran explicacions\u2026 <\/p>\n\n<h4 class=\"wp-block-heading\"><strong>Miguel:<\/strong><\/h4>\n\n<p>Ehh\u2026 s\u00ed, d&#8217;aix\u00f2 en parlarem despr\u00e9s.<\/p>\n\n<p><strong>(D\u00e9u espeteja els dits i, de sobte, a la Terra comencen a apar\u00e8ixer gossos per tot arreu. Lladrucs omplen l&#8217;aire. En un refugi, un hum\u00e0 i un gosset es troben per primera vegada\u2026 i en aquell instant, tots dos saben que seran amics per sempre.)<\/strong><\/p>\n\n<hr class=\"wp-block-separator has-alpha-channel-opacity\" \/>\n\n<h3 class=\"wp-block-heading\">En un m\u00f3n que sovint se sent ca\u00f2tic, incert i ple de desafiaments, els gossos ens recorden que l\u00b4amor m\u00e9s pur i incondicional encara existeix.  <\/h3>\n\n<p>No demanen res m\u00e9s que la nostra companyia, ia canvi, ens ofereixen la seva lleialtat, la seva alegria i la seva pres\u00e8ncia indestructible.<\/p>\n\n<figure class=\"wp-block-image size-full\"><img decoding=\"async\" width=\"1024\" height=\"1024\" src=\"https:\/\/mastorrencito.com\/wp-content\/uploads\/laimportanciadelosperros-1.jpg\" alt=\"\" class=\"wp-image-3758\" srcset=\"https:\/\/mastorrencito.com\/cat\/wp-content\/uploads\/sites\/3\/laimportanciadelosperros-1.jpg 1024w, https:\/\/mastorrencito.com\/cat\/wp-content\/uploads\/sites\/3\/laimportanciadelosperros-1-300x300.jpg 300w, https:\/\/mastorrencito.com\/cat\/wp-content\/uploads\/sites\/3\/laimportanciadelosperros-1-150x150.jpg 150w, https:\/\/mastorrencito.com\/cat\/wp-content\/uploads\/sites\/3\/laimportanciadelosperros-1-768x768.jpg 768w\" sizes=\"(max-width: 1024px) 100vw, 1024px\" \/><\/figure>\n<p>L&#8217;exist\u00e8ncia dels gossos \u00e9s un regal que moltes vegades donem per fet. S\u00f3n testimonis silenciosos de les nostres alegries i les nostres penes, guardians dels nostres secrets i companys de les nostres batalles. Un gos mai no ens jutja pels nostres errors, mai no ens abandona en els nostres pitjors moments i sempre ens rep amb la mateixa felicitat desbordant, sense importar quantes vegades ens hagi vist partir i tornar.  <\/p>\n\n<p>S\u00f3n sanadors de cors trencats, terapeutes sense t\u00edtol i amics sense condicions. No distingeixen entre rics i pobres, entre joves i ancians, entre forts i fr\u00e0gils. Per a un gos, el seu hum\u00e0 \u00e9s el m\u00f3n sencer, i cada dia amb ell \u00e9s una festa.  <\/p>\n\n<p>Els gossos han estat aliats de l&#8217;home des de temps immemorials. Ens han acompanyat a la ca\u00e7a, a la guerra, als camps de cultiu, als hospitals, als carrers ia les nostres llars. Han guiat els que no poden veure, han salvat vides en desastres, han trobat persones perdudes i han estat l&#8217;\u00faltim consol dels que se senten sols a la vida.  <\/p>\n\n<p>Per\u00f2 el m\u00e9s sorprenent \u00e9s la seva capacitat per estimar. Tot i que han estat maltractats, abandonats o ferits, molts continuen confiant en l&#8217;\u00e9sser hum\u00e0. Ens ensenyen sobre el perd\u00f3, sobre la lleialtat i sobre la felicitat en les petites coses: un passeig, una car\u00edcia, una tarda de sol.  <\/p>\n\n<p>Quan un gos se&#8217;n va, deixa un buit que mai no es pot omplir del tot. Per\u00f2 tamb\u00e9 deixa un llegat: el record del seu amor incondicional, de la seva companyia i de tots els moments feli\u00e7os que va compartir amb nosaltres. <\/p>\n\n<p>Potser els gossos s\u00f3n la prova m\u00e9s gran que l&#8217;amor veritable no necessita paraules. S\u00f3n la millor versi\u00f3 del que podria ser l&#8217;\u00e9sser hum\u00e0: lleials, compassius, desinteressats. Potser per aix\u00f2 la seva vida \u00e9s m\u00e9s curta que la nostra\u2026 perqu\u00e8 en uns quants anys ens ensenyen all\u00f2 que a nosaltres ens costa tota una vida aprendre.  <\/p>\n\n<p>Si alguna vegada dubtem que encara queda bondat al m\u00f3n, nom\u00e9s n&#8217;hi ha prou de mirar un gos. Vet aqu\u00ed la resposta. Vet aqu\u00ed l&#8217;amor en la seva forma m\u00e9s pura. \ud83d\udc36 \u2764\ufe0f   <\/p>\n\n<blockquote class=\"wp-block-quote is-layout-flow wp-block-quote-is-layout-flow\">\n<p>Des de MasTorrencito et desitgem un bon dia i que els teus gossos t&#8217;acompanyin!!<\/p>\n<\/blockquote>\n\n<p>\u2014\u2013<br \/> Si vols, pot veure els nostres <strong>bons per caps de setmana, bons jubilats<\/strong> , a un preu incre\u00efble..entra a <a href=\"https:\/\/www.mastorrencito.com\/\">www.mastorrencito.com<\/a> o si vols podeu llegir m\u00e9s hist\u00f2ria i an\u00e8cdotes que ens han passat a Mas Torrencito\u2026 Fes click <a href=\"https:\/\/mastorrencito.com\/\">aqu\u00ed<\/a><\/p>\n","protected":false},"excerpt":{"rendered":"<p>Imaginar un cel immens, amb n\u00favols esponjosos com a cot\u00f3 de sucre. Jo, Miguel, amo de MasTorrencito, cam\u00ed d&#8217;una banda a l&#8217;altra amb els bra\u00e7os plegats. D\u00e9u, majestu\u00f3s per\u00f2 amb una t\u00fanica plena de taques de caf\u00e8, m&#8217;observa amb curiositat.) Miguel: D\u00e9u, tenim un problema seri\u00f3s. D\u00e9u: Un altre cop? Qu\u00e8 va passar ara? S&#8217;han [&hellip;]<\/p>\n","protected":false},"author":2,"featured_media":3752,"comment_status":"open","ping_status":"closed","sticky":false,"template":"","format":"standard","meta":{"_acf_changed":false,"footnotes":""},"categories":[35],"tags":[75,55,42,43,76],"class_list":["post-3762","post","type-post","status-publish","format-standard","has-post-thumbnail","hentry","category-histories-mastorrencito","tag-mastronet","tag-turismecostabrava","tag-turismoconmascotas","tag-tursmeambgossos","tag-vacances-amb-gossos"],"yoast_head":"<!-- This site is optimized with the Yoast SEO Premium plugin v27.3 (Yoast SEO v27.5) - https:\/\/yoast.com\/product\/yoast-seo-premium-wordpress\/ -->\n<title>El dia que vaig conv\u00e8ncer D\u00e9u de crear els gossos - Mas Torrencito CAT<\/title>\n<meta name=\"description\" content=\"I \u00e9s que un m\u00f3n sense gossos seria un caos.. o almenys per a molts... El dia que vaig conv\u00e8ncer D\u00e9u de crear els gossos\" \/>\n<meta name=\"robots\" content=\"index, follow, max-snippet:-1, max-image-preview:large, max-video-preview:-1\" \/>\n<link rel=\"canonical\" href=\"https:\/\/mastorrencito.com\/cat\/el-dia-que-vaig-convencer-deu-de-crear-els-gossos\/\" \/>\n<meta property=\"og:locale\" content=\"es_ES\" \/>\n<meta property=\"og:type\" content=\"article\" \/>\n<meta property=\"og:title\" content=\"El dia que vaig conv\u00e8ncer D\u00e9u de crear els gossos\" \/>\n<meta property=\"og:description\" content=\"I \u00e9s que un m\u00f3n sense gossos seria un caos.. o almenys per a molts... El dia que vaig conv\u00e8ncer D\u00e9u de crear els gossos\" \/>\n<meta property=\"og:url\" content=\"https:\/\/mastorrencito.com\/cat\/el-dia-que-vaig-convencer-deu-de-crear-els-gossos\/\" \/>\n<meta property=\"og:site_name\" content=\"Mas Torrencito CAT\" \/>\n<meta property=\"article:published_time\" content=\"2025-03-06T05:47:30+00:00\" \/>\n<meta property=\"og:image\" content=\"https:\/\/mastorrencito.com\/cat\/wp-content\/uploads\/sites\/3\/dios.jpg\" \/>\n\t<meta property=\"og:image:width\" content=\"1024\" \/>\n\t<meta property=\"og:image:height\" content=\"1024\" \/>\n\t<meta property=\"og:image:type\" content=\"image\/jpeg\" \/>\n<meta name=\"author\" content=\"Mastorrencito\" \/>\n<meta name=\"twitter:card\" content=\"summary_large_image\" \/>\n<meta name=\"twitter:label1\" content=\"Escrito por\" \/>\n\t<meta name=\"twitter:data1\" content=\"Mastorrencito\" \/>\n\t<meta name=\"twitter:label2\" content=\"Tiempo de lectura\" \/>\n\t<meta name=\"twitter:data2\" content=\"6 minutos\" \/>\n<script type=\"application\/ld+json\" class=\"yoast-schema-graph\">{\"@context\":\"https:\\\/\\\/schema.org\",\"@graph\":[{\"@type\":\"Article\",\"@id\":\"https:\\\/\\\/mastorrencito.com\\\/cat\\\/el-dia-que-vaig-convencer-deu-de-crear-els-gossos\\\/#article\",\"isPartOf\":{\"@id\":\"https:\\\/\\\/mastorrencito.com\\\/cat\\\/el-dia-que-vaig-convencer-deu-de-crear-els-gossos\\\/\"},\"author\":{\"name\":\"Mastorrencito\",\"@id\":\"https:\\\/\\\/mastorrencito.com\\\/#\\\/schema\\\/person\\\/18c619be80d4ae2667c702911625f790\"},\"headline\":\"El dia que vaig conv\u00e8ncer D\u00e9u de crear els gossos\",\"datePublished\":\"2025-03-06T05:47:30+00:00\",\"mainEntityOfPage\":{\"@id\":\"https:\\\/\\\/mastorrencito.com\\\/cat\\\/el-dia-que-vaig-convencer-deu-de-crear-els-gossos\\\/\"},\"wordCount\":1177,\"commentCount\":0,\"publisher\":{\"@id\":\"https:\\\/\\\/mastorrencito.com\\\/#organization\"},\"image\":{\"@id\":\"https:\\\/\\\/mastorrencito.com\\\/cat\\\/el-dia-que-vaig-convencer-deu-de-crear-els-gossos\\\/#primaryimage\"},\"thumbnailUrl\":\"https:\\\/\\\/mastorrencito.com\\\/cat\\\/wp-content\\\/uploads\\\/sites\\\/3\\\/dios.jpg\",\"keywords\":[\"mastronet\",\"turismecostabrava\",\"turismoconmascotas\",\"Tursmeambgossos\",\"vacances amb gossos\"],\"articleSection\":[\"Hist\u00f2ries Mastorrencito\"],\"inLanguage\":\"es\",\"potentialAction\":[{\"@type\":\"CommentAction\",\"name\":\"Comment\",\"target\":[\"https:\\\/\\\/mastorrencito.com\\\/cat\\\/el-dia-que-vaig-convencer-deu-de-crear-els-gossos\\\/#respond\"]}]},{\"@type\":\"WebPage\",\"@id\":\"https:\\\/\\\/mastorrencito.com\\\/cat\\\/el-dia-que-vaig-convencer-deu-de-crear-els-gossos\\\/\",\"url\":\"https:\\\/\\\/mastorrencito.com\\\/cat\\\/el-dia-que-vaig-convencer-deu-de-crear-els-gossos\\\/\",\"name\":\"El dia que vaig conv\u00e8ncer D\u00e9u de crear els gossos - Mas Torrencito CAT\",\"isPartOf\":{\"@id\":\"https:\\\/\\\/mastorrencito.com\\\/#website\"},\"primaryImageOfPage\":{\"@id\":\"https:\\\/\\\/mastorrencito.com\\\/cat\\\/el-dia-que-vaig-convencer-deu-de-crear-els-gossos\\\/#primaryimage\"},\"image\":{\"@id\":\"https:\\\/\\\/mastorrencito.com\\\/cat\\\/el-dia-que-vaig-convencer-deu-de-crear-els-gossos\\\/#primaryimage\"},\"thumbnailUrl\":\"https:\\\/\\\/mastorrencito.com\\\/cat\\\/wp-content\\\/uploads\\\/sites\\\/3\\\/dios.jpg\",\"datePublished\":\"2025-03-06T05:47:30+00:00\",\"description\":\"I \u00e9s que un m\u00f3n sense gossos seria un caos.. o almenys per a molts... El dia que vaig conv\u00e8ncer D\u00e9u de crear els gossos\",\"breadcrumb\":{\"@id\":\"https:\\\/\\\/mastorrencito.com\\\/cat\\\/el-dia-que-vaig-convencer-deu-de-crear-els-gossos\\\/#breadcrumb\"},\"inLanguage\":\"es\",\"potentialAction\":[{\"@type\":\"ReadAction\",\"target\":[\"https:\\\/\\\/mastorrencito.com\\\/cat\\\/el-dia-que-vaig-convencer-deu-de-crear-els-gossos\\\/\"]}]},{\"@type\":\"ImageObject\",\"inLanguage\":\"es\",\"@id\":\"https:\\\/\\\/mastorrencito.com\\\/cat\\\/el-dia-que-vaig-convencer-deu-de-crear-els-gossos\\\/#primaryimage\",\"url\":\"https:\\\/\\\/mastorrencito.com\\\/cat\\\/wp-content\\\/uploads\\\/sites\\\/3\\\/dios.jpg\",\"contentUrl\":\"https:\\\/\\\/mastorrencito.com\\\/cat\\\/wp-content\\\/uploads\\\/sites\\\/3\\\/dios.jpg\",\"width\":1024,\"height\":1024,\"caption\":\"Pidiendo a dios que cree perros\"},{\"@type\":\"BreadcrumbList\",\"@id\":\"https:\\\/\\\/mastorrencito.com\\\/cat\\\/el-dia-que-vaig-convencer-deu-de-crear-els-gossos\\\/#breadcrumb\",\"itemListElement\":[{\"@type\":\"ListItem\",\"position\":1,\"name\":\"Portada\",\"item\":\"https:\\\/\\\/mastorrencito.com\\\/\"},{\"@type\":\"ListItem\",\"position\":2,\"name\":\"El dia que vaig conv\u00e8ncer D\u00e9u de crear els gossos\"}]},{\"@type\":\"WebSite\",\"@id\":\"https:\\\/\\\/mastorrencito.com\\\/#website\",\"url\":\"https:\\\/\\\/mastorrencito.com\\\/\",\"name\":\"Mas Torrencito CAT\",\"description\":\"Casa rural pet friendly en Girona\",\"publisher\":{\"@id\":\"https:\\\/\\\/mastorrencito.com\\\/#organization\"},\"potentialAction\":[{\"@type\":\"SearchAction\",\"target\":{\"@type\":\"EntryPoint\",\"urlTemplate\":\"https:\\\/\\\/mastorrencito.com\\\/?s={search_term_string}\"},\"query-input\":{\"@type\":\"PropertyValueSpecification\",\"valueRequired\":true,\"valueName\":\"search_term_string\"}}],\"inLanguage\":\"es\"},{\"@type\":\"Organization\",\"@id\":\"https:\\\/\\\/mastorrencito.com\\\/#organization\",\"name\":\"Mas Torrencito CAT\",\"url\":\"https:\\\/\\\/mastorrencito.com\\\/\",\"logo\":{\"@type\":\"ImageObject\",\"inLanguage\":\"es\",\"@id\":\"https:\\\/\\\/mastorrencito.com\\\/#\\\/schema\\\/logo\\\/image\\\/\",\"url\":\"https:\\\/\\\/mastorrencito.com\\\/cat\\\/wp-content\\\/uploads\\\/sites\\\/3\\\/Logo-Mastorrencito-horizontal.webp\",\"contentUrl\":\"https:\\\/\\\/mastorrencito.com\\\/cat\\\/wp-content\\\/uploads\\\/sites\\\/3\\\/Logo-Mastorrencito-horizontal.webp\",\"width\":161,\"height\":54,\"caption\":\"Mas Torrencito CAT\"},\"image\":{\"@id\":\"https:\\\/\\\/mastorrencito.com\\\/#\\\/schema\\\/logo\\\/image\\\/\"}},{\"@type\":\"Person\",\"@id\":\"https:\\\/\\\/mastorrencito.com\\\/#\\\/schema\\\/person\\\/18c619be80d4ae2667c702911625f790\",\"name\":\"Mastorrencito\",\"image\":{\"@type\":\"ImageObject\",\"inLanguage\":\"es\",\"@id\":\"https:\\\/\\\/secure.gravatar.com\\\/avatar\\\/3ef55e0519f987a734c21caee1423b51df7b760b7d81a38ecd31cab0a5115f6d?s=96&d=mm&r=g\",\"url\":\"https:\\\/\\\/secure.gravatar.com\\\/avatar\\\/3ef55e0519f987a734c21caee1423b51df7b760b7d81a38ecd31cab0a5115f6d?s=96&d=mm&r=g\",\"contentUrl\":\"https:\\\/\\\/secure.gravatar.com\\\/avatar\\\/3ef55e0519f987a734c21caee1423b51df7b760b7d81a38ecd31cab0a5115f6d?s=96&d=mm&r=g\",\"caption\":\"Mastorrencito\"},\"url\":\"https:\\\/\\\/mastorrencito.com\\\/cat\\\/author\\\/mastorrencito\\\/\"}]}<\/script>\n<!-- \/ Yoast SEO Premium plugin. -->","yoast_head_json":{"title":"El dia que vaig conv\u00e8ncer D\u00e9u de crear els gossos - Mas Torrencito CAT","description":"I \u00e9s que un m\u00f3n sense gossos seria un caos.. o almenys per a molts... El dia que vaig conv\u00e8ncer D\u00e9u de crear els gossos","robots":{"index":"index","follow":"follow","max-snippet":"max-snippet:-1","max-image-preview":"max-image-preview:large","max-video-preview":"max-video-preview:-1"},"canonical":"https:\/\/mastorrencito.com\/cat\/el-dia-que-vaig-convencer-deu-de-crear-els-gossos\/","og_locale":"es_ES","og_type":"article","og_title":"El dia que vaig conv\u00e8ncer D\u00e9u de crear els gossos","og_description":"I \u00e9s que un m\u00f3n sense gossos seria un caos.. o almenys per a molts... El dia que vaig conv\u00e8ncer D\u00e9u de crear els gossos","og_url":"https:\/\/mastorrencito.com\/cat\/el-dia-que-vaig-convencer-deu-de-crear-els-gossos\/","og_site_name":"Mas Torrencito CAT","article_published_time":"2025-03-06T05:47:30+00:00","og_image":[{"width":1024,"height":1024,"url":"https:\/\/mastorrencito.com\/cat\/wp-content\/uploads\/sites\/3\/dios.jpg","type":"image\/jpeg"}],"author":"Mastorrencito","twitter_card":"summary_large_image","twitter_misc":{"Escrito por":"Mastorrencito","Tiempo de lectura":"6 minutos"},"schema":{"@context":"https:\/\/schema.org","@graph":[{"@type":"Article","@id":"https:\/\/mastorrencito.com\/cat\/el-dia-que-vaig-convencer-deu-de-crear-els-gossos\/#article","isPartOf":{"@id":"https:\/\/mastorrencito.com\/cat\/el-dia-que-vaig-convencer-deu-de-crear-els-gossos\/"},"author":{"name":"Mastorrencito","@id":"https:\/\/mastorrencito.com\/#\/schema\/person\/18c619be80d4ae2667c702911625f790"},"headline":"El dia que vaig conv\u00e8ncer D\u00e9u de crear els gossos","datePublished":"2025-03-06T05:47:30+00:00","mainEntityOfPage":{"@id":"https:\/\/mastorrencito.com\/cat\/el-dia-que-vaig-convencer-deu-de-crear-els-gossos\/"},"wordCount":1177,"commentCount":0,"publisher":{"@id":"https:\/\/mastorrencito.com\/#organization"},"image":{"@id":"https:\/\/mastorrencito.com\/cat\/el-dia-que-vaig-convencer-deu-de-crear-els-gossos\/#primaryimage"},"thumbnailUrl":"https:\/\/mastorrencito.com\/cat\/wp-content\/uploads\/sites\/3\/dios.jpg","keywords":["mastronet","turismecostabrava","turismoconmascotas","Tursmeambgossos","vacances amb gossos"],"articleSection":["Hist\u00f2ries Mastorrencito"],"inLanguage":"es","potentialAction":[{"@type":"CommentAction","name":"Comment","target":["https:\/\/mastorrencito.com\/cat\/el-dia-que-vaig-convencer-deu-de-crear-els-gossos\/#respond"]}]},{"@type":"WebPage","@id":"https:\/\/mastorrencito.com\/cat\/el-dia-que-vaig-convencer-deu-de-crear-els-gossos\/","url":"https:\/\/mastorrencito.com\/cat\/el-dia-que-vaig-convencer-deu-de-crear-els-gossos\/","name":"El dia que vaig conv\u00e8ncer D\u00e9u de crear els gossos - Mas Torrencito CAT","isPartOf":{"@id":"https:\/\/mastorrencito.com\/#website"},"primaryImageOfPage":{"@id":"https:\/\/mastorrencito.com\/cat\/el-dia-que-vaig-convencer-deu-de-crear-els-gossos\/#primaryimage"},"image":{"@id":"https:\/\/mastorrencito.com\/cat\/el-dia-que-vaig-convencer-deu-de-crear-els-gossos\/#primaryimage"},"thumbnailUrl":"https:\/\/mastorrencito.com\/cat\/wp-content\/uploads\/sites\/3\/dios.jpg","datePublished":"2025-03-06T05:47:30+00:00","description":"I \u00e9s que un m\u00f3n sense gossos seria un caos.. o almenys per a molts... El dia que vaig conv\u00e8ncer D\u00e9u de crear els gossos","breadcrumb":{"@id":"https:\/\/mastorrencito.com\/cat\/el-dia-que-vaig-convencer-deu-de-crear-els-gossos\/#breadcrumb"},"inLanguage":"es","potentialAction":[{"@type":"ReadAction","target":["https:\/\/mastorrencito.com\/cat\/el-dia-que-vaig-convencer-deu-de-crear-els-gossos\/"]}]},{"@type":"ImageObject","inLanguage":"es","@id":"https:\/\/mastorrencito.com\/cat\/el-dia-que-vaig-convencer-deu-de-crear-els-gossos\/#primaryimage","url":"https:\/\/mastorrencito.com\/cat\/wp-content\/uploads\/sites\/3\/dios.jpg","contentUrl":"https:\/\/mastorrencito.com\/cat\/wp-content\/uploads\/sites\/3\/dios.jpg","width":1024,"height":1024,"caption":"Pidiendo a dios que cree perros"},{"@type":"BreadcrumbList","@id":"https:\/\/mastorrencito.com\/cat\/el-dia-que-vaig-convencer-deu-de-crear-els-gossos\/#breadcrumb","itemListElement":[{"@type":"ListItem","position":1,"name":"Portada","item":"https:\/\/mastorrencito.com\/"},{"@type":"ListItem","position":2,"name":"El dia que vaig conv\u00e8ncer D\u00e9u de crear els gossos"}]},{"@type":"WebSite","@id":"https:\/\/mastorrencito.com\/#website","url":"https:\/\/mastorrencito.com\/","name":"Mas Torrencito CAT","description":"Casa rural pet friendly en Girona","publisher":{"@id":"https:\/\/mastorrencito.com\/#organization"},"potentialAction":[{"@type":"SearchAction","target":{"@type":"EntryPoint","urlTemplate":"https:\/\/mastorrencito.com\/?s={search_term_string}"},"query-input":{"@type":"PropertyValueSpecification","valueRequired":true,"valueName":"search_term_string"}}],"inLanguage":"es"},{"@type":"Organization","@id":"https:\/\/mastorrencito.com\/#organization","name":"Mas Torrencito CAT","url":"https:\/\/mastorrencito.com\/","logo":{"@type":"ImageObject","inLanguage":"es","@id":"https:\/\/mastorrencito.com\/#\/schema\/logo\/image\/","url":"https:\/\/mastorrencito.com\/cat\/wp-content\/uploads\/sites\/3\/Logo-Mastorrencito-horizontal.webp","contentUrl":"https:\/\/mastorrencito.com\/cat\/wp-content\/uploads\/sites\/3\/Logo-Mastorrencito-horizontal.webp","width":161,"height":54,"caption":"Mas Torrencito CAT"},"image":{"@id":"https:\/\/mastorrencito.com\/#\/schema\/logo\/image\/"}},{"@type":"Person","@id":"https:\/\/mastorrencito.com\/#\/schema\/person\/18c619be80d4ae2667c702911625f790","name":"Mastorrencito","image":{"@type":"ImageObject","inLanguage":"es","@id":"https:\/\/secure.gravatar.com\/avatar\/3ef55e0519f987a734c21caee1423b51df7b760b7d81a38ecd31cab0a5115f6d?s=96&d=mm&r=g","url":"https:\/\/secure.gravatar.com\/avatar\/3ef55e0519f987a734c21caee1423b51df7b760b7d81a38ecd31cab0a5115f6d?s=96&d=mm&r=g","contentUrl":"https:\/\/secure.gravatar.com\/avatar\/3ef55e0519f987a734c21caee1423b51df7b760b7d81a38ecd31cab0a5115f6d?s=96&d=mm&r=g","caption":"Mastorrencito"},"url":"https:\/\/mastorrencito.com\/cat\/author\/mastorrencito\/"}]}},"acf":[],"_links":{"self":[{"href":"https:\/\/mastorrencito.com\/cat\/wp-json\/wp\/v2\/posts\/3762","targetHints":{"allow":["GET"]}}],"collection":[{"href":"https:\/\/mastorrencito.com\/cat\/wp-json\/wp\/v2\/posts"}],"about":[{"href":"https:\/\/mastorrencito.com\/cat\/wp-json\/wp\/v2\/types\/post"}],"author":[{"embeddable":true,"href":"https:\/\/mastorrencito.com\/cat\/wp-json\/wp\/v2\/users\/2"}],"replies":[{"embeddable":true,"href":"https:\/\/mastorrencito.com\/cat\/wp-json\/wp\/v2\/comments?post=3762"}],"version-history":[{"count":0,"href":"https:\/\/mastorrencito.com\/cat\/wp-json\/wp\/v2\/posts\/3762\/revisions"}],"wp:featuredmedia":[{"embeddable":true,"href":"https:\/\/mastorrencito.com\/cat\/wp-json\/wp\/v2\/media\/3752"}],"wp:attachment":[{"href":"https:\/\/mastorrencito.com\/cat\/wp-json\/wp\/v2\/media?parent=3762"}],"wp:term":[{"taxonomy":"category","embeddable":true,"href":"https:\/\/mastorrencito.com\/cat\/wp-json\/wp\/v2\/categories?post=3762"},{"taxonomy":"post_tag","embeddable":true,"href":"https:\/\/mastorrencito.com\/cat\/wp-json\/wp\/v2\/tags?post=3762"}],"curies":[{"name":"wp","href":"https:\/\/api.w.org\/{rel}","templated":true}]}}