{"id":3734,"date":"2025-03-04T05:19:19","date_gmt":"2025-03-04T05:19:19","guid":{"rendered":"https:\/\/casaruralconperrosgirona.com\/cercle-de-vida-by-mastorrencito\/"},"modified":"2025-03-04T05:19:19","modified_gmt":"2025-03-04T05:19:19","slug":"cercle-de-vida-by-mastorrencito","status":"publish","type":"post","link":"https:\/\/mastorrencito.com\/cat\/cercle-de-vida-by-mastorrencito\/","title":{"rendered":"Cercle de Vida by MasTorrencito"},"content":{"rendered":"\n<hr class=\"wp-block-separator has-alpha-channel-opacity\" \/>\n\n<h3 class=\"wp-block-heading\">El vent bufava amb suavitat, remenant les fulles seques sobre la vorera. La tarda queia a poc a poc, tenyint el cel de tons ataronjats i liles. Cercle de Vida by MasTorrencito  <\/h3>\n\n<p>En un banc del parc, dues figures estaven assegudes. Una d&#8217;elles, amb les espatlles encorbades i la mirada perduda a terra. L&#8217;altra, amb un gest de calma, observava el moviment pausat del m\u00f3n al seu voltant.  <\/p>\n\n<p>\u2014No s\u00e9 qu\u00e8 fer, Mario \u2014va murmurar la J\u00falia amb veu apagada\u2014. No s\u00e9 com es viu sense. <\/p>\n\n<p>Mario la va mirar de re\u00fcll. Coneixia massa b\u00e9 aquesta sensaci\u00f3. La J\u00falia estrenyia amb for\u00e7a la corretja buida entre les mans, com si encara hi hagu\u00e9s una estirada de l&#8217;altra banda, com si encara sent\u00eds el batec del seu gos a cada pas.  <\/p>\n\n<p>\u2014\u00c9s dif\u00edcil al principi \u2014va respondre ell, prenent-se el temps\u2014. Un espera escoltar els seus passos, girar el cap i veure&#8217;l all\u00e0, movent la cua, esperant qualsevol excusa per sortir corrents. <\/p>\n<figure class=\"wp-block-post-featured-image\"><img fetchpriority=\"high\" decoding=\"async\" width=\"1024\" height=\"1024\" src=\"https:\/\/mastorrencito.com\/cat\/wp-content\/uploads\/sites\/3\/reflexion_perruna.jpg\" class=\"attachment-post-thumbnail size-post-thumbnail wp-post-image\" alt=\"C\u00edrculo de Vida by MasTorrencito\" style=\"object-fit:cover;\" srcset=\"https:\/\/mastorrencito.com\/cat\/wp-content\/uploads\/sites\/3\/reflexion_perruna.jpg 1024w, https:\/\/mastorrencito.com\/cat\/wp-content\/uploads\/sites\/3\/reflexion_perruna-300x300.jpg 300w, https:\/\/mastorrencito.com\/cat\/wp-content\/uploads\/sites\/3\/reflexion_perruna-150x150.jpg 150w, https:\/\/mastorrencito.com\/cat\/wp-content\/uploads\/sites\/3\/reflexion_perruna-768x768.jpg 768w\" sizes=\"(max-width: 1024px) 100vw, 1024px\" \/><\/figure>\n<p>Julia va assentir lentament.<\/p>\n\n<p>\u2014Aquest mat\u00ed em vaig despertar i, per costum, vaig mirar cap al llit \u2014la seva veu es va trencar un instant\u2014. I era buida. <\/p>\n\n<p>Mario va sospirar. Sabia que les paraules no podien omplir aquell buit. No hi havia un consol real, nom\u00e9s temps, nom\u00e9s adaptaci\u00f3.  <\/p>\n\n<p>\u2014I qu\u00e8 far\u00e0s ara? -va preguntar ell, sabent que no hi havia resposta f\u00e0cil. <\/p>\n\n<p>La J\u00falia va arronsar les espatlles.<\/p>\n\n<p>\u2014No vull cap altre gos\u2026 No puc. Seria com trair-ho. <\/p>\n\n<p>Mario va somriure amb tristesa.<\/p>\n\n<p>\u2014Aix\u00f2 \u00e9s el que creiem al principi. Per\u00f2, saps? No es tracta de substituir-ho. Ning\u00fa no ho pot fer. Es tracta d&#8217;entendre que la nostra vida \u00e9s buida sense ells.    <\/p>\n\n<p>Julia va arrufar les celles, gaireb\u00e9 a la defensiva.<\/p>\n\n<p>\u2014No \u00e9s tan f\u00e0cil, Mario. Tu\u2026 tu vas trigar mesos a adoptar-ne un altre. <\/p>\n\n<p>Ell va riure suaument.<\/p>\n\n<p>\u2014Dos mesos. I cada dia sense un gos em semblava m\u00e9s gris que l&#8217;anterior. <\/p>\n\n<p>\u2014Tan poc et va durar el dol?<\/p>\n\n<p>Mario va negar amb el cap.<\/p>\n\n<p>\u2014No \u00e9s q\u00fcesti\u00f3 de durada, Julia. N&#8217;hi ha que esperen un any, altres un mes. No hi ha regles escrites per aix\u00f2. Per\u00f2 al final, els que estimem els gossos\u2026 sempre hi tornem.   <\/p>\n\n<p>Julia va abaixar la mirada, pensativa.<\/p>\n\n<p>\u2014Sento que si port\u00e9s un altre gos ara, seria com si l&#8217;oblid\u00e9s massa r\u00e0pid.<\/p>\n\n<p>Mario es va inclinar una mica cap a ella.<\/p>\n\n<p>\u2014Realment ho oblidaries?<\/p>\n\n<p>Julia va titubejar. No, \u00e9s clar que no. No oblidaria la seva lleialtat, el seu afecte incondicional, la manera com s&#8217;arraulitzava al seu costat les nits fredes o com la mirava quan sabia que alguna cosa no anava b\u00e9. El seu gos mai no deixaria d&#8217;estar a la seva mem\u00f2ria, al seu cor.  <\/p>\n\n<p>\u2014No es tracta de reempla\u00e7ar \u2014va continuar en Mario\u2014. Es tracta de continuar estimant. Perqu\u00e8 estimar un gos no \u00e9s una \u00fanica experi\u00e8ncia, \u00e9s una manera de viure.  <\/p>\n\n<p>Julia va empassar saliva.<\/p>\n\n<p>\u2014Quant de temps creus que trigar\u00e9 a sentir que estic llesta?<\/p>\n\n<p>Mario va somriure amb suavitat.<\/p>\n\n<p>\u2014No es tracta d&#8217;estar a punt. Es tracta d&#8217;acceptar que, quan arribi el moment, ho sabr\u00e0s. I aquest nou gos que vingui a la teva vida no ocupar\u00e0 el seu lloc\u2026 per\u00f2 s\u00ed que omplir\u00e0 aquest buit que va deixar.  <\/p>\n\n<p>Julia va tancar els ulls un moment. El vent seguia bufant, per\u00f2 ja no li semblava tan fred. <\/p>\n\n<p>El sol es va amagar a l&#8217;horitz\u00f3, i la J\u00falia, per primera vegada en dies, va sentir que potser\u2026 potser el futur no estava tan buit com creia.<\/p>\n\n<hr class=\"wp-block-separator has-alpha-channel-opacity\" \/>\n\n<h3 class=\"wp-block-heading\"><strong>Reflexi\u00f3 sobre la P\u00e8rdua i l&#8217;Amor pels Gossos<\/strong><\/h3>\n\n<p>Perdre un gos \u00e9s perdre una part de la nostra \u00e0nima. No \u00e9s nom\u00e9s una mascota; \u00e9s un company silenci\u00f3s que ha estat testimoni de les nostres alegries i tristeses, dels nostres dies bons i dels nostres moments m\u00e9s foscos. Ens ha mirat amb amor incondicional, sense jutjar-nos, sense demanar res m\u00e9s que la nostra companyia a canvi.  <\/p>\n\n<p>I quan se&#8217;n van\u2026 deixen un buit que sembla impossible d&#8217;omplir. Ens sentim culpables per seguir endavant, per riure de nou, per pensar ni tan sols a obrir el nostre cor a un altre gos. Per\u00f2, \u00bfno \u00e9s aix\u00f2 el que ells haurien volgut? No ens han ensenyat, amb la lleialtat infinita, que l&#8217;amor no s&#8217;esgota, sin\u00f3 que es multiplica?   <\/p>\n\n<p>Adoptar un altre gos no \u00e9s oblidar. \u00c9s honrar. \u00c9s comprendre que la nostra vida sense ells perd color i que, aix\u00ed com ens van donar felicitat, nosaltres podem donar una llar i amor a un altre \u00e9sser que ho necessita.  <\/p>\n\n<p>Perqu\u00e8 l&#8217;amor pels gossos no es mesura en el temps que triguem a tornar a obrir el nostre cor, sin\u00f3 en la capacitat de continuar estimant malgrat el dolor. I quan un nou company arribi a la nostra vida, no estar\u00e0 reempla\u00e7ant, sin\u00f3 continuant el llegat d&#8217;amor que van deixar els que se&#8217;n van anar. <\/p>\n\n<p><strong>\u00c9s tra\u00efci\u00f3 seguir endavant o \u00e9s la prova d&#8217;amor m\u00e9s gran?<\/strong><br \/><strong>Qu\u00e8 ens ensenyen els gossos sobre la vida i la mort?<\/strong><br \/><strong>Si l&#8217;amor \u00e9s infinit, per qu\u00e8 ens resistim a tornar-lo a donar?<\/strong> &#8211;<\/p>\n\n<blockquote class=\"wp-block-quote is-layout-flow wp-block-quote-is-layout-flow\">\n<p>Des de MasTorrencito et desitgem un bon dia i que els teus gossos t&#8217;acompanyin!!<\/p>\n<\/blockquote>\n\n<p>\u2014\u2013<br \/> Si vols, pot veure els nostres <strong>bons per caps de setmana, bons jubilats<\/strong> , a un preu incre\u00efble..entra a <a href=\"https:\/\/www.mastorrencito.com\/\">www.mastorrencito.com<\/a> o si vols podeu llegir m\u00e9s hist\u00f2ria i an\u00e8cdotes que ens han passat a Mas Torrencito\u2026 Fes click <a href=\"https:\/\/mastorrencito.com\/\">aqu\u00ed<\/a><\/p>\n\n<p><\/p>\n","protected":false},"excerpt":{"rendered":"<p>El vent bufava amb suavitat, remenant les fulles seques sobre la vorera. La tarda queia a poc a poc, tenyint el cel de tons ataronjats i liles. Cercle de Vida by MasTorrencito En un banc del parc, dues figures estaven assegudes. Una d&#8217;elles, amb les espatlles encorbades i la mirada perduda a terra. L&#8217;altra, amb [&hellip;]<\/p>\n","protected":false},"author":2,"featured_media":3728,"comment_status":"open","ping_status":"closed","sticky":false,"template":"","format":"standard","meta":{"_acf_changed":false,"footnotes":""},"categories":[35],"tags":[],"class_list":["post-3734","post","type-post","status-publish","format-standard","has-post-thumbnail","hentry","category-histories-mastorrencito"],"yoast_head":"<!-- This site is optimized with the Yoast SEO Premium plugin v27.3 (Yoast SEO v27.5) - https:\/\/yoast.com\/product\/yoast-seo-premium-wordpress\/ -->\n<title>Cercle de Vida by MasTorrencito - Mas Torrencito CAT<\/title>\n<meta name=\"description\" content=\"I \u00e9s que de veritat... quantes vegades us ha passat aix\u00f2?? M\u00e9s d&#039;una asseguran\u00e7a. Cercle de Vida by MasTorret\" \/>\n<meta name=\"robots\" content=\"index, follow, max-snippet:-1, max-image-preview:large, max-video-preview:-1\" \/>\n<link rel=\"canonical\" href=\"https:\/\/mastorrencito.com\/cat\/cercle-de-vida-by-mastorrencito\/\" \/>\n<meta property=\"og:locale\" content=\"es_ES\" \/>\n<meta property=\"og:type\" content=\"article\" \/>\n<meta property=\"og:title\" content=\"Cercle de Vida by MasTorrencito\" \/>\n<meta property=\"og:description\" content=\"I \u00e9s que de veritat... quantes vegades us ha passat aix\u00f2?? M\u00e9s d&#039;una asseguran\u00e7a. Cercle de Vida by MasTorret\" \/>\n<meta property=\"og:url\" content=\"https:\/\/mastorrencito.com\/cat\/cercle-de-vida-by-mastorrencito\/\" \/>\n<meta property=\"og:site_name\" content=\"Mas Torrencito CAT\" \/>\n<meta property=\"article:published_time\" content=\"2025-03-04T05:19:19+00:00\" \/>\n<meta property=\"og:image\" content=\"https:\/\/mastorrencito.com\/cat\/wp-content\/uploads\/sites\/3\/reflexion_perruna.jpg\" \/>\n\t<meta property=\"og:image:width\" content=\"1024\" \/>\n\t<meta property=\"og:image:height\" content=\"1024\" \/>\n\t<meta property=\"og:image:type\" content=\"image\/jpeg\" \/>\n<meta name=\"author\" content=\"Mastorrencito\" \/>\n<meta name=\"twitter:card\" content=\"summary_large_image\" \/>\n<meta name=\"twitter:label1\" content=\"Escrito por\" \/>\n\t<meta name=\"twitter:data1\" content=\"Mastorrencito\" \/>\n\t<meta name=\"twitter:label2\" content=\"Tiempo de lectura\" \/>\n\t<meta name=\"twitter:data2\" content=\"5 minutos\" \/>\n<script type=\"application\/ld+json\" class=\"yoast-schema-graph\">{\"@context\":\"https:\\\/\\\/schema.org\",\"@graph\":[{\"@type\":\"Article\",\"@id\":\"https:\\\/\\\/mastorrencito.com\\\/cat\\\/cercle-de-vida-by-mastorrencito\\\/#article\",\"isPartOf\":{\"@id\":\"https:\\\/\\\/mastorrencito.com\\\/cat\\\/cercle-de-vida-by-mastorrencito\\\/\"},\"author\":{\"name\":\"Mastorrencito\",\"@id\":\"https:\\\/\\\/mastorrencito.com\\\/#\\\/schema\\\/person\\\/18c619be80d4ae2667c702911625f790\"},\"headline\":\"Cercle de Vida by MasTorrencito\",\"datePublished\":\"2025-03-04T05:19:19+00:00\",\"mainEntityOfPage\":{\"@id\":\"https:\\\/\\\/mastorrencito.com\\\/cat\\\/cercle-de-vida-by-mastorrencito\\\/\"},\"wordCount\":959,\"commentCount\":0,\"publisher\":{\"@id\":\"https:\\\/\\\/mastorrencito.com\\\/#organization\"},\"image\":{\"@id\":\"https:\\\/\\\/mastorrencito.com\\\/cat\\\/cercle-de-vida-by-mastorrencito\\\/#primaryimage\"},\"thumbnailUrl\":\"https:\\\/\\\/mastorrencito.com\\\/cat\\\/wp-content\\\/uploads\\\/sites\\\/3\\\/reflexion_perruna.jpg\",\"articleSection\":[\"Hist\u00f2ries Mastorrencito\"],\"inLanguage\":\"es\",\"potentialAction\":[{\"@type\":\"CommentAction\",\"name\":\"Comment\",\"target\":[\"https:\\\/\\\/mastorrencito.com\\\/cat\\\/cercle-de-vida-by-mastorrencito\\\/#respond\"]}]},{\"@type\":\"WebPage\",\"@id\":\"https:\\\/\\\/mastorrencito.com\\\/cat\\\/cercle-de-vida-by-mastorrencito\\\/\",\"url\":\"https:\\\/\\\/mastorrencito.com\\\/cat\\\/cercle-de-vida-by-mastorrencito\\\/\",\"name\":\"Cercle de Vida by MasTorrencito - Mas Torrencito CAT\",\"isPartOf\":{\"@id\":\"https:\\\/\\\/mastorrencito.com\\\/#website\"},\"primaryImageOfPage\":{\"@id\":\"https:\\\/\\\/mastorrencito.com\\\/cat\\\/cercle-de-vida-by-mastorrencito\\\/#primaryimage\"},\"image\":{\"@id\":\"https:\\\/\\\/mastorrencito.com\\\/cat\\\/cercle-de-vida-by-mastorrencito\\\/#primaryimage\"},\"thumbnailUrl\":\"https:\\\/\\\/mastorrencito.com\\\/cat\\\/wp-content\\\/uploads\\\/sites\\\/3\\\/reflexion_perruna.jpg\",\"datePublished\":\"2025-03-04T05:19:19+00:00\",\"description\":\"I \u00e9s que de veritat... quantes vegades us ha passat aix\u00f2?? M\u00e9s d'una asseguran\u00e7a. Cercle de Vida by MasTorret\",\"breadcrumb\":{\"@id\":\"https:\\\/\\\/mastorrencito.com\\\/cat\\\/cercle-de-vida-by-mastorrencito\\\/#breadcrumb\"},\"inLanguage\":\"es\",\"potentialAction\":[{\"@type\":\"ReadAction\",\"target\":[\"https:\\\/\\\/mastorrencito.com\\\/cat\\\/cercle-de-vida-by-mastorrencito\\\/\"]}]},{\"@type\":\"ImageObject\",\"inLanguage\":\"es\",\"@id\":\"https:\\\/\\\/mastorrencito.com\\\/cat\\\/cercle-de-vida-by-mastorrencito\\\/#primaryimage\",\"url\":\"https:\\\/\\\/mastorrencito.com\\\/cat\\\/wp-content\\\/uploads\\\/sites\\\/3\\\/reflexion_perruna.jpg\",\"contentUrl\":\"https:\\\/\\\/mastorrencito.com\\\/cat\\\/wp-content\\\/uploads\\\/sites\\\/3\\\/reflexion_perruna.jpg\",\"width\":1024,\"height\":1024,\"caption\":\"C\u00edrculo de Vida by MasTorrencito\"},{\"@type\":\"BreadcrumbList\",\"@id\":\"https:\\\/\\\/mastorrencito.com\\\/cat\\\/cercle-de-vida-by-mastorrencito\\\/#breadcrumb\",\"itemListElement\":[{\"@type\":\"ListItem\",\"position\":1,\"name\":\"Portada\",\"item\":\"https:\\\/\\\/mastorrencito.com\\\/\"},{\"@type\":\"ListItem\",\"position\":2,\"name\":\"Cercle de Vida by MasTorrencito\"}]},{\"@type\":\"WebSite\",\"@id\":\"https:\\\/\\\/mastorrencito.com\\\/#website\",\"url\":\"https:\\\/\\\/mastorrencito.com\\\/\",\"name\":\"Mas Torrencito CAT\",\"description\":\"Casa rural pet friendly en Girona\",\"publisher\":{\"@id\":\"https:\\\/\\\/mastorrencito.com\\\/#organization\"},\"potentialAction\":[{\"@type\":\"SearchAction\",\"target\":{\"@type\":\"EntryPoint\",\"urlTemplate\":\"https:\\\/\\\/mastorrencito.com\\\/?s={search_term_string}\"},\"query-input\":{\"@type\":\"PropertyValueSpecification\",\"valueRequired\":true,\"valueName\":\"search_term_string\"}}],\"inLanguage\":\"es\"},{\"@type\":\"Organization\",\"@id\":\"https:\\\/\\\/mastorrencito.com\\\/#organization\",\"name\":\"Mas Torrencito CAT\",\"url\":\"https:\\\/\\\/mastorrencito.com\\\/\",\"logo\":{\"@type\":\"ImageObject\",\"inLanguage\":\"es\",\"@id\":\"https:\\\/\\\/mastorrencito.com\\\/#\\\/schema\\\/logo\\\/image\\\/\",\"url\":\"https:\\\/\\\/mastorrencito.com\\\/cat\\\/wp-content\\\/uploads\\\/sites\\\/3\\\/Logo-Mastorrencito-horizontal.webp\",\"contentUrl\":\"https:\\\/\\\/mastorrencito.com\\\/cat\\\/wp-content\\\/uploads\\\/sites\\\/3\\\/Logo-Mastorrencito-horizontal.webp\",\"width\":161,\"height\":54,\"caption\":\"Mas Torrencito CAT\"},\"image\":{\"@id\":\"https:\\\/\\\/mastorrencito.com\\\/#\\\/schema\\\/logo\\\/image\\\/\"}},{\"@type\":\"Person\",\"@id\":\"https:\\\/\\\/mastorrencito.com\\\/#\\\/schema\\\/person\\\/18c619be80d4ae2667c702911625f790\",\"name\":\"Mastorrencito\",\"image\":{\"@type\":\"ImageObject\",\"inLanguage\":\"es\",\"@id\":\"https:\\\/\\\/secure.gravatar.com\\\/avatar\\\/3ef55e0519f987a734c21caee1423b51df7b760b7d81a38ecd31cab0a5115f6d?s=96&d=mm&r=g\",\"url\":\"https:\\\/\\\/secure.gravatar.com\\\/avatar\\\/3ef55e0519f987a734c21caee1423b51df7b760b7d81a38ecd31cab0a5115f6d?s=96&d=mm&r=g\",\"contentUrl\":\"https:\\\/\\\/secure.gravatar.com\\\/avatar\\\/3ef55e0519f987a734c21caee1423b51df7b760b7d81a38ecd31cab0a5115f6d?s=96&d=mm&r=g\",\"caption\":\"Mastorrencito\"},\"url\":\"https:\\\/\\\/mastorrencito.com\\\/cat\\\/author\\\/mastorrencito\\\/\"}]}<\/script>\n<!-- \/ Yoast SEO Premium plugin. -->","yoast_head_json":{"title":"Cercle de Vida by MasTorrencito - Mas Torrencito CAT","description":"I \u00e9s que de veritat... quantes vegades us ha passat aix\u00f2?? M\u00e9s d'una asseguran\u00e7a. Cercle de Vida by MasTorret","robots":{"index":"index","follow":"follow","max-snippet":"max-snippet:-1","max-image-preview":"max-image-preview:large","max-video-preview":"max-video-preview:-1"},"canonical":"https:\/\/mastorrencito.com\/cat\/cercle-de-vida-by-mastorrencito\/","og_locale":"es_ES","og_type":"article","og_title":"Cercle de Vida by MasTorrencito","og_description":"I \u00e9s que de veritat... quantes vegades us ha passat aix\u00f2?? M\u00e9s d'una asseguran\u00e7a. Cercle de Vida by MasTorret","og_url":"https:\/\/mastorrencito.com\/cat\/cercle-de-vida-by-mastorrencito\/","og_site_name":"Mas Torrencito CAT","article_published_time":"2025-03-04T05:19:19+00:00","og_image":[{"width":1024,"height":1024,"url":"https:\/\/mastorrencito.com\/cat\/wp-content\/uploads\/sites\/3\/reflexion_perruna.jpg","type":"image\/jpeg"}],"author":"Mastorrencito","twitter_card":"summary_large_image","twitter_misc":{"Escrito por":"Mastorrencito","Tiempo de lectura":"5 minutos"},"schema":{"@context":"https:\/\/schema.org","@graph":[{"@type":"Article","@id":"https:\/\/mastorrencito.com\/cat\/cercle-de-vida-by-mastorrencito\/#article","isPartOf":{"@id":"https:\/\/mastorrencito.com\/cat\/cercle-de-vida-by-mastorrencito\/"},"author":{"name":"Mastorrencito","@id":"https:\/\/mastorrencito.com\/#\/schema\/person\/18c619be80d4ae2667c702911625f790"},"headline":"Cercle de Vida by MasTorrencito","datePublished":"2025-03-04T05:19:19+00:00","mainEntityOfPage":{"@id":"https:\/\/mastorrencito.com\/cat\/cercle-de-vida-by-mastorrencito\/"},"wordCount":959,"commentCount":0,"publisher":{"@id":"https:\/\/mastorrencito.com\/#organization"},"image":{"@id":"https:\/\/mastorrencito.com\/cat\/cercle-de-vida-by-mastorrencito\/#primaryimage"},"thumbnailUrl":"https:\/\/mastorrencito.com\/cat\/wp-content\/uploads\/sites\/3\/reflexion_perruna.jpg","articleSection":["Hist\u00f2ries Mastorrencito"],"inLanguage":"es","potentialAction":[{"@type":"CommentAction","name":"Comment","target":["https:\/\/mastorrencito.com\/cat\/cercle-de-vida-by-mastorrencito\/#respond"]}]},{"@type":"WebPage","@id":"https:\/\/mastorrencito.com\/cat\/cercle-de-vida-by-mastorrencito\/","url":"https:\/\/mastorrencito.com\/cat\/cercle-de-vida-by-mastorrencito\/","name":"Cercle de Vida by MasTorrencito - Mas Torrencito CAT","isPartOf":{"@id":"https:\/\/mastorrencito.com\/#website"},"primaryImageOfPage":{"@id":"https:\/\/mastorrencito.com\/cat\/cercle-de-vida-by-mastorrencito\/#primaryimage"},"image":{"@id":"https:\/\/mastorrencito.com\/cat\/cercle-de-vida-by-mastorrencito\/#primaryimage"},"thumbnailUrl":"https:\/\/mastorrencito.com\/cat\/wp-content\/uploads\/sites\/3\/reflexion_perruna.jpg","datePublished":"2025-03-04T05:19:19+00:00","description":"I \u00e9s que de veritat... quantes vegades us ha passat aix\u00f2?? M\u00e9s d'una asseguran\u00e7a. Cercle de Vida by MasTorret","breadcrumb":{"@id":"https:\/\/mastorrencito.com\/cat\/cercle-de-vida-by-mastorrencito\/#breadcrumb"},"inLanguage":"es","potentialAction":[{"@type":"ReadAction","target":["https:\/\/mastorrencito.com\/cat\/cercle-de-vida-by-mastorrencito\/"]}]},{"@type":"ImageObject","inLanguage":"es","@id":"https:\/\/mastorrencito.com\/cat\/cercle-de-vida-by-mastorrencito\/#primaryimage","url":"https:\/\/mastorrencito.com\/cat\/wp-content\/uploads\/sites\/3\/reflexion_perruna.jpg","contentUrl":"https:\/\/mastorrencito.com\/cat\/wp-content\/uploads\/sites\/3\/reflexion_perruna.jpg","width":1024,"height":1024,"caption":"C\u00edrculo de Vida by MasTorrencito"},{"@type":"BreadcrumbList","@id":"https:\/\/mastorrencito.com\/cat\/cercle-de-vida-by-mastorrencito\/#breadcrumb","itemListElement":[{"@type":"ListItem","position":1,"name":"Portada","item":"https:\/\/mastorrencito.com\/"},{"@type":"ListItem","position":2,"name":"Cercle de Vida by MasTorrencito"}]},{"@type":"WebSite","@id":"https:\/\/mastorrencito.com\/#website","url":"https:\/\/mastorrencito.com\/","name":"Mas Torrencito CAT","description":"Casa rural pet friendly en Girona","publisher":{"@id":"https:\/\/mastorrencito.com\/#organization"},"potentialAction":[{"@type":"SearchAction","target":{"@type":"EntryPoint","urlTemplate":"https:\/\/mastorrencito.com\/?s={search_term_string}"},"query-input":{"@type":"PropertyValueSpecification","valueRequired":true,"valueName":"search_term_string"}}],"inLanguage":"es"},{"@type":"Organization","@id":"https:\/\/mastorrencito.com\/#organization","name":"Mas Torrencito CAT","url":"https:\/\/mastorrencito.com\/","logo":{"@type":"ImageObject","inLanguage":"es","@id":"https:\/\/mastorrencito.com\/#\/schema\/logo\/image\/","url":"https:\/\/mastorrencito.com\/cat\/wp-content\/uploads\/sites\/3\/Logo-Mastorrencito-horizontal.webp","contentUrl":"https:\/\/mastorrencito.com\/cat\/wp-content\/uploads\/sites\/3\/Logo-Mastorrencito-horizontal.webp","width":161,"height":54,"caption":"Mas Torrencito CAT"},"image":{"@id":"https:\/\/mastorrencito.com\/#\/schema\/logo\/image\/"}},{"@type":"Person","@id":"https:\/\/mastorrencito.com\/#\/schema\/person\/18c619be80d4ae2667c702911625f790","name":"Mastorrencito","image":{"@type":"ImageObject","inLanguage":"es","@id":"https:\/\/secure.gravatar.com\/avatar\/3ef55e0519f987a734c21caee1423b51df7b760b7d81a38ecd31cab0a5115f6d?s=96&d=mm&r=g","url":"https:\/\/secure.gravatar.com\/avatar\/3ef55e0519f987a734c21caee1423b51df7b760b7d81a38ecd31cab0a5115f6d?s=96&d=mm&r=g","contentUrl":"https:\/\/secure.gravatar.com\/avatar\/3ef55e0519f987a734c21caee1423b51df7b760b7d81a38ecd31cab0a5115f6d?s=96&d=mm&r=g","caption":"Mastorrencito"},"url":"https:\/\/mastorrencito.com\/cat\/author\/mastorrencito\/"}]}},"acf":[],"_links":{"self":[{"href":"https:\/\/mastorrencito.com\/cat\/wp-json\/wp\/v2\/posts\/3734","targetHints":{"allow":["GET"]}}],"collection":[{"href":"https:\/\/mastorrencito.com\/cat\/wp-json\/wp\/v2\/posts"}],"about":[{"href":"https:\/\/mastorrencito.com\/cat\/wp-json\/wp\/v2\/types\/post"}],"author":[{"embeddable":true,"href":"https:\/\/mastorrencito.com\/cat\/wp-json\/wp\/v2\/users\/2"}],"replies":[{"embeddable":true,"href":"https:\/\/mastorrencito.com\/cat\/wp-json\/wp\/v2\/comments?post=3734"}],"version-history":[{"count":0,"href":"https:\/\/mastorrencito.com\/cat\/wp-json\/wp\/v2\/posts\/3734\/revisions"}],"wp:featuredmedia":[{"embeddable":true,"href":"https:\/\/mastorrencito.com\/cat\/wp-json\/wp\/v2\/media\/3728"}],"wp:attachment":[{"href":"https:\/\/mastorrencito.com\/cat\/wp-json\/wp\/v2\/media?parent=3734"}],"wp:term":[{"taxonomy":"category","embeddable":true,"href":"https:\/\/mastorrencito.com\/cat\/wp-json\/wp\/v2\/categories?post=3734"},{"taxonomy":"post_tag","embeddable":true,"href":"https:\/\/mastorrencito.com\/cat\/wp-json\/wp\/v2\/tags?post=3734"}],"curies":[{"name":"wp","href":"https:\/\/api.w.org\/{rel}","templated":true}]}}