{"id":3714,"date":"2025-03-01T05:41:59","date_gmt":"2025-03-01T05:41:59","guid":{"rendered":"https:\/\/casaruralconperrosgirona.com\/tito-el-company-del-meu-pare\/"},"modified":"2025-03-01T05:41:59","modified_gmt":"2025-03-01T05:41:59","slug":"tito-el-company-del-meu-pare","status":"publish","type":"post","link":"https:\/\/mastorrencito.com\/cat\/tito-el-company-del-meu-pare\/","title":{"rendered":"Tito, el company del meu pare"},"content":{"rendered":"\n<p>La guerra no ent\u00e9n innoc\u00e8ncia. No distingeix entre culpables i v\u00edctimes. S&#8217;abat sobre les vides com una tempesta sense compassi\u00f3, arrasant-ho tot al seu pas.    <strong>Tito, el company del meu pare<\/strong><\/p>\n\n<p>En aquells anys foscos, entre el 1937 i el 1939, a terres de Lleida, el meu pare va aprendre massa aviat el que significava perdre. Per\u00f2 entre tanta desesperan\u00e7a, va tenir un amic fidel, un company de quatre potes que va convertir aquells dies d&#8217;horror en una mica m\u00e9s suportable: Tito. <\/p>\n\n<p>No se sap b\u00e9 d&#8217;on va apar\u00e8ixer Tito, si se&#8217;l va trobar en algun rac\u00f3 del poble, si alg\u00fa li va donar o si simplement va decidir seguir el meu pare com si sempre haguessin estat destinats a trobar-se. La veritat \u00e9s que, enmig del caos, dels bombardejos, de la por i de la fam, Tito es va convertir en el seu refugi. Era un gos simp\u00e0tic, d&#8217;aquells que, nom\u00e9s movent la cua, aconsegueixen treure un somriure fins i tot en les pitjors circumst\u00e0ncies.  <\/p>\n\n<p>El meu pare era tot just un nen, i en una \u00e8poca on jugar es tornava un luxe perill\u00f3s, Tito es va convertir en el seu millor amic. Anaven junts a tot arreu, compartien el poc aliment que trobaven i fins i tot dormien abra\u00e7ats, com si la calor de l&#8217;un pogu\u00e9s protegir l&#8217;altre del malson que els envoltava. Mentre els adults discutien en xiuxiueigs sobre la guerra, sobre el que vindria, sobre com sobreviure un dia m\u00e9s, el meu pare es refugiava a l&#8217;abra\u00e7ada silenciosa del seu gos.  <\/p>\n<figure class=\"wp-block-post-featured-image\"><img fetchpriority=\"high\" decoding=\"async\" width=\"1024\" height=\"1024\" src=\"https:\/\/mastorrencito.com\/cat\/wp-content\/uploads\/sites\/3\/tito.jpg\" class=\"attachment-post-thumbnail size-post-thumbnail wp-post-image\" alt=\"Tito, el perro de mi padre. By MasTorrencito\" style=\"object-fit:cover;\" srcset=\"https:\/\/mastorrencito.com\/cat\/wp-content\/uploads\/sites\/3\/tito.jpg 1024w, https:\/\/mastorrencito.com\/cat\/wp-content\/uploads\/sites\/3\/tito-300x300.jpg 300w, https:\/\/mastorrencito.com\/cat\/wp-content\/uploads\/sites\/3\/tito-150x150.jpg 150w, https:\/\/mastorrencito.com\/cat\/wp-content\/uploads\/sites\/3\/tito-768x768.jpg 768w\" sizes=\"(max-width: 1024px) 100vw, 1024px\" \/><\/figure>\n<h4 class=\"wp-block-heading\">Per\u00f2 la guerra mai no d\u00f3na treva.<\/h4>\n\n<p>El dia que el poble havia de ser bombardejat, la fam\u00edlia del meu pare no va tenir m\u00e9s opci\u00f3 que fugir. Van deixar tot enrere, casa seva, els seus records, la poca seguretat que encara creien tenir. Van pujar a una barca i van comen\u00e7ar a creuar el riu Segre, una travessia incerta en qu\u00e8 l&#8217;\u00fanica cosa que importava era allunyar-se, sobreviure.  <\/p>\n\n<p>La nit va caure sobre ells com un mantell de desesperan\u00e7a. Nom\u00e9s se sentia la remor de l&#8217;aigua i, de lluny, el so de les explosions, de les flames devorant el que fins aquell mat\u00ed havia estat casa seva. El meu pare, amb el cor encongit, pressionava contra el pit Tito, protegint-lo de la brisa gelada que els mossegava la pell.  <\/p>\n\n<p>Quan per fi van assolir l&#8217;altra riba, es van trobar en un bosc dens, fosc. No sabien on eren, nom\u00e9s que havien de seguir endavant. La pluja va comen\u00e7ar a caure, lenta al principi, despr\u00e9s amb f\u00faria, amarant-los fins als ossos. Es movien sense rumb, fent voltes en cercles, perduts en un laberint d&#8217;arbres i ombres.   <\/p>\n\n<h4 class=\"wp-block-heading\">Va ser llavors quan un xiulet va trencar la nit.<\/h4>\n\n<p>Una figura va emergir entre els arbres i els va fer senyals perqu\u00e8 el seguissin. No tenien cap opci\u00f3. Seguir un desconegut era millor que romandre-hi, sense refugi, esperant que el fred i la por els consumissin.  <\/p>\n\n<p>El meu pare, al mig del grup, seguia prement Tito contra el seu pit. El gos, normalment inquiet, estava imm\u00f2bil, sentint potser la gravetat de la situaci\u00f3. <\/p>\n\n<p>El cam\u00ed va acabar en una clariana on cremava una gran foguera. Al seu voltant, una trentena de persones s&#8217;escalfaven sota mantes improvisades, arrecerats entre arbres i pl\u00e0stics esquin\u00e7ats. No hi havia alegria a les cares, nom\u00e9s esgotament.  <\/p>\n\n<p>Els adults van comen\u00e7ar a parlar en veu baixa. Els van permetre quedar-se aquella nit, per\u00f2 al clarejar havien de marxar. No hi havia prou menjar, ni espai. Nom\u00e9s quedaven per a ells un tros de pa dur com una pedra i una mica de carn seca. Pel meu pare i els seus, despr\u00e9s de dos dies sense menjar, all\u00f2 era un fest\u00ed.    <\/p>\n\n<p>Mentre les flames ballaven a la foscor, el meu pare va sentir que el seu petit m\u00f3n es redu\u00efa a aquell instant. A la sensaci\u00f3 de calor a les mans entumides, al so de la pluja colpejant les fulles, a la respiraci\u00f3 tranquil\u00b7la de Tito, arraulit al seu costat, amb el musell recolzat a la cama. <\/p>\n\n<p>Sabia que l&#8217;endem\u00e0 haurien de marxar de nou. Que la por, la gana i la incertesa continuarien perseguint-los. Per\u00f2, aquella nit, no estava sol.  <\/p>\n\n<h4 class=\"wp-block-heading\">Aquella nit, tenia el Tito.<\/h4>\n\n<p>I mentre el seu gos estigu\u00e9s amb ell, la guerra no podria arrabassar-li del tot l&#8217;esperan\u00e7a.<br \/><\/p>\n\n<h2 class=\"wp-block-heading\"><strong>L&#8217;\u00faltima clarejar de Tito<\/strong><\/h2>\n\n<p>L&#8217;alba va arribar amb el murmuri del vent entre els arbres i el cruixir de les brases agonitzants de la foguera. No hi va haver temps per a comiats ni per paraules d&#8217;al\u00e8. Sabien que havien de seguir endavant. Els havien dit que al nord era segur, encara que en temps de guerra la seguretat nom\u00e9s era una il\u00b7lusi\u00f3.   <\/p>\n\n<p>Aix\u00ed que es van posar en marxa, sense rumb fix, amb l&#8217;esperan\u00e7a com a \u00fanica br\u00faixola. Caminaven sense descans, amb el fred mossegant-los els ossos i la gana aferrant-se als seus est\u00f3macs com una ombra persistent. Durant dos dies van avan\u00e7ar sense saber exactament cap on, seguint senders que semblaven interminables, creuant camps deserts i llogarets fantasma, on nom\u00e9s quedaven les empremtes de la por.  <\/p>\n\n<p>Finalment, van arribar als afores d\u00b4un poble gran. Des de la dist\u00e0ncia, es podia veure la silueta d&#8217;edificacions que encara romanien dempeus, i el fum que s&#8217;al\u00e7ava al cel indicava que hi havia vida. Per\u00f2 la vida en temps de guerra \u00e9s fr\u00e0gil, incerta. No sabien qui dominava el poble si els d&#8217;un b\u00e0ndol o els de l&#8217;altre. Per\u00f2 tant era. Aqu\u00ed no hi havia vencedors ni ven\u00e7uts. No hi havia colors. Nom\u00e9s hi havia persones buscant un refugi, un lloc on sentir-se protegits, encara que fos per un instant.       <\/p>\n\n<p>Als afores del poble, van trobar un campament improvisat. Botigues de roba arrelada, fogueres disperses, nens abra\u00e7ats a les seves mares, homes de rostres endurits per la desesperaci\u00f3. Es van acomodar al costat d&#8217;un grup de refugiats al voltant d&#8217;una de les fogueres, en silenci, com si el foc fos un testimoni mut de la fatiga.  <\/p>\n\n<p>Va ser llavors quan el meu pare va notar una cosa estranya.<\/p>\n\n<p>Un home, embolicat amb parracs i amb el rostre adobat per la intemp\u00e8rie, va mirar Tito amb uns ulls buits, calculadors. No era una mirada de tendresa ni d&#8217;admiraci\u00f3. Era una mirada de gana.  <\/p>\n\n<p>El meu pare va sentir un calfred rec\u00f3rrer-li l&#8217;esquena. Instintivament, va envoltar Tito amb els bra\u00e7os, protegint-ho. El gos, ali\u00e8 al perill, simplement va moure la cua i va recolzar el seu musell a la cama del meu pare. Per\u00f2 ell sabia que en temps d&#8217;escassetat, en temps on la moral es recargola davant la necessitat, qualsevol cosa podia succeir.   <\/p>\n\n<p>Aquella nit, el meu pare va dormir amb un ull obert, abra\u00e7ant Tito amb for\u00e7a, com si amb la seva calor pogu\u00e9s espantar el dest\u00ed que temia. Per\u00f2 el cansament va ser m\u00e9s fort, i el somni el va v\u00e8ncer. <\/p>\n\n<p>Quan es va despertar al clarejar, va sentir el buit abans d&#8217;obrir els ulls.<\/p>\n\n<p>Tito no hi era.<\/p>\n\n<p>S&#8217;hi va incorporar de cop, el seu cor bategant amb desesperaci\u00f3. Va mirar al seu voltant, esperant veure el gos corrent entre les botigues, per\u00f2 no n&#8217;hi havia rastre. <\/p>\n\n<p>Va buscar entre la gent, va preguntar als que estaven desperts. Ning\u00fa no sabia res. Ning\u00fa ho havia vist.  <\/p>\n\n<p>Fins que la seva mirada es va posar a la foguera.<\/p>\n\n<p>Sobre les flames, un tros de carn espurnejava lentament.<\/p>\n\n<p>L&#8217;aire es va tornar dens, irrespirable.<\/p>\n\n<p>El meu pare va sentir que el m\u00f3n es trencava en mil trossos.<\/p>\n\n<p>No va preguntar. No va cridar. No va plorar. Nom\u00e9s es va quedar aqu\u00ed, mirant el foc, sentint com alguna cosa dins seu s&#8217;ensorrava per sempre.   <\/p>\n\n<p>Aquell mat\u00ed, va aprendre una lli\u00e7\u00f3 que cap nen no hauria d&#8217;aprendre. A la guerra, la bondat es converteix en debilitat. A la guerra, fins i tot el m\u00e9s pur pot ser arrabassat sense pietat.  <\/p>\n\n<p>Aquell mat\u00ed, la guerra va treure el seu millor amic.<\/p>\n\n<p>I ell mai va tornar a ser el mateix.<\/p>\n\n<blockquote class=\"wp-block-quote is-layout-flow wp-block-quote-is-layout-flow\">\n<p>Des de MasTorrencito et desitgem un bon dia i que els teus gossos t&#8217;acompanyin!!<\/p>\n<\/blockquote>\n\n<p>\u2014\u2013<br \/> Si vols, pot veure els nostres <strong>bons per caps de setmana, bons jubilats<\/strong> , a un preu incre\u00efble..entra a <a href=\"https:\/\/www.mastorrencito.com\/\">www.mastorrencito.com<\/a> o si vols podeu llegir m\u00e9s hist\u00f2ria i an\u00e8cdotes que ens han passat a Mas Torrencito\u2026 Fes click <a href=\"https:\/\/mastorrencito.com\/\">aqu\u00ed<\/a><\/p>\n","protected":false},"excerpt":{"rendered":"<p>La guerra no ent\u00e9n innoc\u00e8ncia. No distingeix entre culpables i v\u00edctimes. S&#8217;abat sobre les vides com una tempesta sense compassi\u00f3, arrasant-ho tot al seu pas. Tito, el company del meu pare En aquells anys foscos, entre el 1937 i el 1939, a terres de Lleida, el meu pare va aprendre massa aviat el que significava [&hellip;]<\/p>\n","protected":false},"author":2,"featured_media":3708,"comment_status":"open","ping_status":"closed","sticky":false,"template":"","format":"standard","meta":{"_acf_changed":false,"footnotes":""},"categories":[35],"tags":[],"class_list":["post-3714","post","type-post","status-publish","format-standard","has-post-thumbnail","hentry","category-histories-mastorrencito"],"yoast_head":"<!-- This site is optimized with the Yoast SEO Premium plugin v27.3 (Yoast SEO v27.5) - https:\/\/yoast.com\/product\/yoast-seo-premium-wordpress\/ -->\n<title>Tito, el company del meu pare - Mas Torrencito CAT<\/title>\n<meta name=\"description\" content=\"i \u00e9s que la vida de vegades et posa en situacions que no t&#039;agradarien viure... Tito, el gos del meu pare. By MasTorret\" \/>\n<meta name=\"robots\" content=\"index, follow, max-snippet:-1, max-image-preview:large, max-video-preview:-1\" \/>\n<link rel=\"canonical\" href=\"https:\/\/mastorrencito.com\/cat\/tito-el-company-del-meu-pare\/\" \/>\n<meta property=\"og:locale\" content=\"es_ES\" \/>\n<meta property=\"og:type\" content=\"article\" \/>\n<meta property=\"og:title\" content=\"Tito, el company del meu pare\" \/>\n<meta property=\"og:description\" content=\"i \u00e9s que la vida de vegades et posa en situacions que no t&#039;agradarien viure... Tito, el gos del meu pare. By MasTorret\" \/>\n<meta property=\"og:url\" content=\"https:\/\/mastorrencito.com\/cat\/tito-el-company-del-meu-pare\/\" \/>\n<meta property=\"og:site_name\" content=\"Mas Torrencito CAT\" \/>\n<meta property=\"article:published_time\" content=\"2025-03-01T05:41:59+00:00\" \/>\n<meta property=\"og:image\" content=\"https:\/\/mastorrencito.com\/cat\/wp-content\/uploads\/sites\/3\/tito.jpg\" \/>\n\t<meta property=\"og:image:width\" content=\"1024\" \/>\n\t<meta property=\"og:image:height\" content=\"1024\" \/>\n\t<meta property=\"og:image:type\" content=\"image\/jpeg\" \/>\n<meta name=\"author\" content=\"Mastorrencito\" \/>\n<meta name=\"twitter:card\" content=\"summary_large_image\" \/>\n<meta name=\"twitter:label1\" content=\"Escrito por\" \/>\n\t<meta name=\"twitter:data1\" content=\"Mastorrencito\" \/>\n\t<meta name=\"twitter:label2\" content=\"Tiempo de lectura\" \/>\n\t<meta name=\"twitter:data2\" content=\"8 minutos\" \/>\n<script type=\"application\/ld+json\" class=\"yoast-schema-graph\">{\"@context\":\"https:\\\/\\\/schema.org\",\"@graph\":[{\"@type\":\"Article\",\"@id\":\"https:\\\/\\\/mastorrencito.com\\\/cat\\\/tito-el-company-del-meu-pare\\\/#article\",\"isPartOf\":{\"@id\":\"https:\\\/\\\/mastorrencito.com\\\/cat\\\/tito-el-company-del-meu-pare\\\/\"},\"author\":{\"name\":\"Mastorrencito\",\"@id\":\"https:\\\/\\\/mastorrencito.com\\\/#\\\/schema\\\/person\\\/18c619be80d4ae2667c702911625f790\"},\"headline\":\"Tito, el company del meu pare\",\"datePublished\":\"2025-03-01T05:41:59+00:00\",\"mainEntityOfPage\":{\"@id\":\"https:\\\/\\\/mastorrencito.com\\\/cat\\\/tito-el-company-del-meu-pare\\\/\"},\"wordCount\":1482,\"commentCount\":0,\"publisher\":{\"@id\":\"https:\\\/\\\/mastorrencito.com\\\/#organization\"},\"image\":{\"@id\":\"https:\\\/\\\/mastorrencito.com\\\/cat\\\/tito-el-company-del-meu-pare\\\/#primaryimage\"},\"thumbnailUrl\":\"https:\\\/\\\/mastorrencito.com\\\/cat\\\/wp-content\\\/uploads\\\/sites\\\/3\\\/tito.jpg\",\"articleSection\":[\"Hist\u00f2ries Mastorrencito\"],\"inLanguage\":\"es\",\"potentialAction\":[{\"@type\":\"CommentAction\",\"name\":\"Comment\",\"target\":[\"https:\\\/\\\/mastorrencito.com\\\/cat\\\/tito-el-company-del-meu-pare\\\/#respond\"]}]},{\"@type\":\"WebPage\",\"@id\":\"https:\\\/\\\/mastorrencito.com\\\/cat\\\/tito-el-company-del-meu-pare\\\/\",\"url\":\"https:\\\/\\\/mastorrencito.com\\\/cat\\\/tito-el-company-del-meu-pare\\\/\",\"name\":\"Tito, el company del meu pare - Mas Torrencito CAT\",\"isPartOf\":{\"@id\":\"https:\\\/\\\/mastorrencito.com\\\/#website\"},\"primaryImageOfPage\":{\"@id\":\"https:\\\/\\\/mastorrencito.com\\\/cat\\\/tito-el-company-del-meu-pare\\\/#primaryimage\"},\"image\":{\"@id\":\"https:\\\/\\\/mastorrencito.com\\\/cat\\\/tito-el-company-del-meu-pare\\\/#primaryimage\"},\"thumbnailUrl\":\"https:\\\/\\\/mastorrencito.com\\\/cat\\\/wp-content\\\/uploads\\\/sites\\\/3\\\/tito.jpg\",\"datePublished\":\"2025-03-01T05:41:59+00:00\",\"description\":\"i \u00e9s que la vida de vegades et posa en situacions que no t'agradarien viure... Tito, el gos del meu pare. By MasTorret\",\"breadcrumb\":{\"@id\":\"https:\\\/\\\/mastorrencito.com\\\/cat\\\/tito-el-company-del-meu-pare\\\/#breadcrumb\"},\"inLanguage\":\"es\",\"potentialAction\":[{\"@type\":\"ReadAction\",\"target\":[\"https:\\\/\\\/mastorrencito.com\\\/cat\\\/tito-el-company-del-meu-pare\\\/\"]}]},{\"@type\":\"ImageObject\",\"inLanguage\":\"es\",\"@id\":\"https:\\\/\\\/mastorrencito.com\\\/cat\\\/tito-el-company-del-meu-pare\\\/#primaryimage\",\"url\":\"https:\\\/\\\/mastorrencito.com\\\/cat\\\/wp-content\\\/uploads\\\/sites\\\/3\\\/tito.jpg\",\"contentUrl\":\"https:\\\/\\\/mastorrencito.com\\\/cat\\\/wp-content\\\/uploads\\\/sites\\\/3\\\/tito.jpg\",\"width\":1024,\"height\":1024,\"caption\":\"Tito, el perro de mi padre. By MasTorrencito\"},{\"@type\":\"BreadcrumbList\",\"@id\":\"https:\\\/\\\/mastorrencito.com\\\/cat\\\/tito-el-company-del-meu-pare\\\/#breadcrumb\",\"itemListElement\":[{\"@type\":\"ListItem\",\"position\":1,\"name\":\"Portada\",\"item\":\"https:\\\/\\\/mastorrencito.com\\\/\"},{\"@type\":\"ListItem\",\"position\":2,\"name\":\"Tito, el company del meu pare\"}]},{\"@type\":\"WebSite\",\"@id\":\"https:\\\/\\\/mastorrencito.com\\\/#website\",\"url\":\"https:\\\/\\\/mastorrencito.com\\\/\",\"name\":\"Mas Torrencito CAT\",\"description\":\"Casa rural pet friendly en Girona\",\"publisher\":{\"@id\":\"https:\\\/\\\/mastorrencito.com\\\/#organization\"},\"potentialAction\":[{\"@type\":\"SearchAction\",\"target\":{\"@type\":\"EntryPoint\",\"urlTemplate\":\"https:\\\/\\\/mastorrencito.com\\\/?s={search_term_string}\"},\"query-input\":{\"@type\":\"PropertyValueSpecification\",\"valueRequired\":true,\"valueName\":\"search_term_string\"}}],\"inLanguage\":\"es\"},{\"@type\":\"Organization\",\"@id\":\"https:\\\/\\\/mastorrencito.com\\\/#organization\",\"name\":\"Mas Torrencito CAT\",\"url\":\"https:\\\/\\\/mastorrencito.com\\\/\",\"logo\":{\"@type\":\"ImageObject\",\"inLanguage\":\"es\",\"@id\":\"https:\\\/\\\/mastorrencito.com\\\/#\\\/schema\\\/logo\\\/image\\\/\",\"url\":\"https:\\\/\\\/mastorrencito.com\\\/cat\\\/wp-content\\\/uploads\\\/sites\\\/3\\\/Logo-Mastorrencito-horizontal.webp\",\"contentUrl\":\"https:\\\/\\\/mastorrencito.com\\\/cat\\\/wp-content\\\/uploads\\\/sites\\\/3\\\/Logo-Mastorrencito-horizontal.webp\",\"width\":161,\"height\":54,\"caption\":\"Mas Torrencito CAT\"},\"image\":{\"@id\":\"https:\\\/\\\/mastorrencito.com\\\/#\\\/schema\\\/logo\\\/image\\\/\"}},{\"@type\":\"Person\",\"@id\":\"https:\\\/\\\/mastorrencito.com\\\/#\\\/schema\\\/person\\\/18c619be80d4ae2667c702911625f790\",\"name\":\"Mastorrencito\",\"image\":{\"@type\":\"ImageObject\",\"inLanguage\":\"es\",\"@id\":\"https:\\\/\\\/secure.gravatar.com\\\/avatar\\\/3ef55e0519f987a734c21caee1423b51df7b760b7d81a38ecd31cab0a5115f6d?s=96&d=mm&r=g\",\"url\":\"https:\\\/\\\/secure.gravatar.com\\\/avatar\\\/3ef55e0519f987a734c21caee1423b51df7b760b7d81a38ecd31cab0a5115f6d?s=96&d=mm&r=g\",\"contentUrl\":\"https:\\\/\\\/secure.gravatar.com\\\/avatar\\\/3ef55e0519f987a734c21caee1423b51df7b760b7d81a38ecd31cab0a5115f6d?s=96&d=mm&r=g\",\"caption\":\"Mastorrencito\"},\"url\":\"https:\\\/\\\/mastorrencito.com\\\/cat\\\/author\\\/mastorrencito\\\/\"}]}<\/script>\n<!-- \/ Yoast SEO Premium plugin. -->","yoast_head_json":{"title":"Tito, el company del meu pare - Mas Torrencito CAT","description":"i \u00e9s que la vida de vegades et posa en situacions que no t'agradarien viure... Tito, el gos del meu pare. By MasTorret","robots":{"index":"index","follow":"follow","max-snippet":"max-snippet:-1","max-image-preview":"max-image-preview:large","max-video-preview":"max-video-preview:-1"},"canonical":"https:\/\/mastorrencito.com\/cat\/tito-el-company-del-meu-pare\/","og_locale":"es_ES","og_type":"article","og_title":"Tito, el company del meu pare","og_description":"i \u00e9s que la vida de vegades et posa en situacions que no t'agradarien viure... Tito, el gos del meu pare. By MasTorret","og_url":"https:\/\/mastorrencito.com\/cat\/tito-el-company-del-meu-pare\/","og_site_name":"Mas Torrencito CAT","article_published_time":"2025-03-01T05:41:59+00:00","og_image":[{"width":1024,"height":1024,"url":"https:\/\/mastorrencito.com\/cat\/wp-content\/uploads\/sites\/3\/tito.jpg","type":"image\/jpeg"}],"author":"Mastorrencito","twitter_card":"summary_large_image","twitter_misc":{"Escrito por":"Mastorrencito","Tiempo de lectura":"8 minutos"},"schema":{"@context":"https:\/\/schema.org","@graph":[{"@type":"Article","@id":"https:\/\/mastorrencito.com\/cat\/tito-el-company-del-meu-pare\/#article","isPartOf":{"@id":"https:\/\/mastorrencito.com\/cat\/tito-el-company-del-meu-pare\/"},"author":{"name":"Mastorrencito","@id":"https:\/\/mastorrencito.com\/#\/schema\/person\/18c619be80d4ae2667c702911625f790"},"headline":"Tito, el company del meu pare","datePublished":"2025-03-01T05:41:59+00:00","mainEntityOfPage":{"@id":"https:\/\/mastorrencito.com\/cat\/tito-el-company-del-meu-pare\/"},"wordCount":1482,"commentCount":0,"publisher":{"@id":"https:\/\/mastorrencito.com\/#organization"},"image":{"@id":"https:\/\/mastorrencito.com\/cat\/tito-el-company-del-meu-pare\/#primaryimage"},"thumbnailUrl":"https:\/\/mastorrencito.com\/cat\/wp-content\/uploads\/sites\/3\/tito.jpg","articleSection":["Hist\u00f2ries Mastorrencito"],"inLanguage":"es","potentialAction":[{"@type":"CommentAction","name":"Comment","target":["https:\/\/mastorrencito.com\/cat\/tito-el-company-del-meu-pare\/#respond"]}]},{"@type":"WebPage","@id":"https:\/\/mastorrencito.com\/cat\/tito-el-company-del-meu-pare\/","url":"https:\/\/mastorrencito.com\/cat\/tito-el-company-del-meu-pare\/","name":"Tito, el company del meu pare - Mas Torrencito CAT","isPartOf":{"@id":"https:\/\/mastorrencito.com\/#website"},"primaryImageOfPage":{"@id":"https:\/\/mastorrencito.com\/cat\/tito-el-company-del-meu-pare\/#primaryimage"},"image":{"@id":"https:\/\/mastorrencito.com\/cat\/tito-el-company-del-meu-pare\/#primaryimage"},"thumbnailUrl":"https:\/\/mastorrencito.com\/cat\/wp-content\/uploads\/sites\/3\/tito.jpg","datePublished":"2025-03-01T05:41:59+00:00","description":"i \u00e9s que la vida de vegades et posa en situacions que no t'agradarien viure... Tito, el gos del meu pare. By MasTorret","breadcrumb":{"@id":"https:\/\/mastorrencito.com\/cat\/tito-el-company-del-meu-pare\/#breadcrumb"},"inLanguage":"es","potentialAction":[{"@type":"ReadAction","target":["https:\/\/mastorrencito.com\/cat\/tito-el-company-del-meu-pare\/"]}]},{"@type":"ImageObject","inLanguage":"es","@id":"https:\/\/mastorrencito.com\/cat\/tito-el-company-del-meu-pare\/#primaryimage","url":"https:\/\/mastorrencito.com\/cat\/wp-content\/uploads\/sites\/3\/tito.jpg","contentUrl":"https:\/\/mastorrencito.com\/cat\/wp-content\/uploads\/sites\/3\/tito.jpg","width":1024,"height":1024,"caption":"Tito, el perro de mi padre. By MasTorrencito"},{"@type":"BreadcrumbList","@id":"https:\/\/mastorrencito.com\/cat\/tito-el-company-del-meu-pare\/#breadcrumb","itemListElement":[{"@type":"ListItem","position":1,"name":"Portada","item":"https:\/\/mastorrencito.com\/"},{"@type":"ListItem","position":2,"name":"Tito, el company del meu pare"}]},{"@type":"WebSite","@id":"https:\/\/mastorrencito.com\/#website","url":"https:\/\/mastorrencito.com\/","name":"Mas Torrencito CAT","description":"Casa rural pet friendly en Girona","publisher":{"@id":"https:\/\/mastorrencito.com\/#organization"},"potentialAction":[{"@type":"SearchAction","target":{"@type":"EntryPoint","urlTemplate":"https:\/\/mastorrencito.com\/?s={search_term_string}"},"query-input":{"@type":"PropertyValueSpecification","valueRequired":true,"valueName":"search_term_string"}}],"inLanguage":"es"},{"@type":"Organization","@id":"https:\/\/mastorrencito.com\/#organization","name":"Mas Torrencito CAT","url":"https:\/\/mastorrencito.com\/","logo":{"@type":"ImageObject","inLanguage":"es","@id":"https:\/\/mastorrencito.com\/#\/schema\/logo\/image\/","url":"https:\/\/mastorrencito.com\/cat\/wp-content\/uploads\/sites\/3\/Logo-Mastorrencito-horizontal.webp","contentUrl":"https:\/\/mastorrencito.com\/cat\/wp-content\/uploads\/sites\/3\/Logo-Mastorrencito-horizontal.webp","width":161,"height":54,"caption":"Mas Torrencito CAT"},"image":{"@id":"https:\/\/mastorrencito.com\/#\/schema\/logo\/image\/"}},{"@type":"Person","@id":"https:\/\/mastorrencito.com\/#\/schema\/person\/18c619be80d4ae2667c702911625f790","name":"Mastorrencito","image":{"@type":"ImageObject","inLanguage":"es","@id":"https:\/\/secure.gravatar.com\/avatar\/3ef55e0519f987a734c21caee1423b51df7b760b7d81a38ecd31cab0a5115f6d?s=96&d=mm&r=g","url":"https:\/\/secure.gravatar.com\/avatar\/3ef55e0519f987a734c21caee1423b51df7b760b7d81a38ecd31cab0a5115f6d?s=96&d=mm&r=g","contentUrl":"https:\/\/secure.gravatar.com\/avatar\/3ef55e0519f987a734c21caee1423b51df7b760b7d81a38ecd31cab0a5115f6d?s=96&d=mm&r=g","caption":"Mastorrencito"},"url":"https:\/\/mastorrencito.com\/cat\/author\/mastorrencito\/"}]}},"acf":[],"_links":{"self":[{"href":"https:\/\/mastorrencito.com\/cat\/wp-json\/wp\/v2\/posts\/3714","targetHints":{"allow":["GET"]}}],"collection":[{"href":"https:\/\/mastorrencito.com\/cat\/wp-json\/wp\/v2\/posts"}],"about":[{"href":"https:\/\/mastorrencito.com\/cat\/wp-json\/wp\/v2\/types\/post"}],"author":[{"embeddable":true,"href":"https:\/\/mastorrencito.com\/cat\/wp-json\/wp\/v2\/users\/2"}],"replies":[{"embeddable":true,"href":"https:\/\/mastorrencito.com\/cat\/wp-json\/wp\/v2\/comments?post=3714"}],"version-history":[{"count":0,"href":"https:\/\/mastorrencito.com\/cat\/wp-json\/wp\/v2\/posts\/3714\/revisions"}],"wp:featuredmedia":[{"embeddable":true,"href":"https:\/\/mastorrencito.com\/cat\/wp-json\/wp\/v2\/media\/3708"}],"wp:attachment":[{"href":"https:\/\/mastorrencito.com\/cat\/wp-json\/wp\/v2\/media?parent=3714"}],"wp:term":[{"taxonomy":"category","embeddable":true,"href":"https:\/\/mastorrencito.com\/cat\/wp-json\/wp\/v2\/categories?post=3714"},{"taxonomy":"post_tag","embeddable":true,"href":"https:\/\/mastorrencito.com\/cat\/wp-json\/wp\/v2\/tags?post=3714"}],"curies":[{"name":"wp","href":"https:\/\/api.w.org\/{rel}","templated":true}]}}