{"id":3657,"date":"2025-02-26T05:59:18","date_gmt":"2025-02-26T05:59:18","guid":{"rendered":"https:\/\/casaruralconperrosgirona.com\/visc-sense-viure-en-mi-by-mastorrencito\/"},"modified":"2025-02-26T05:59:18","modified_gmt":"2025-02-26T05:59:18","slug":"visc-sense-viure-en-mi-by-mastorrencito","status":"publish","type":"post","link":"https:\/\/mastorrencito.com\/cat\/visc-sense-viure-en-mi-by-mastorrencito\/","title":{"rendered":"Visc sense viure en mi by MasTorrencito"},"content":{"rendered":"\n<p>Viure a Mas Torrencito \u00e9s un privilegi, aix\u00f2 ning\u00fa no ho dubta. Despertar cada mat\u00ed envoltat de natura, amb els ocells cantant (o bramant, segons l&#8217;\u00e0nim del dia) i la companyia fidel dels gossos, \u00e9s una meravella. Visc sense viure en mi by MasTorrencito  <\/p>\n\n<p>Aqu\u00ed, l&#8217;aire \u00e9s m\u00e9s pur, la vida m\u00e9s tranquil\u00b7la i l&#8217;estr\u00e8s modern sembla una cosa d&#8217;un altre planeta. Per\u00f2, ah, amic, que no t&#8217;enganyi aquest quadre id\u00edl\u00b7lic, perqu\u00e8 darrere de cada clarejar buc\u00f2lic hi ha una llosa econ\u00f2mica que pesa m\u00e9s que un cami\u00f3 de ciment. <\/p>\n\n<p>Perqu\u00e8 s\u00ed, tinc la sort de tenir una feina que m&#8217;agrada, d&#8217;invertir el meu temps en una cosa que m&#8217;apassiona, per\u00f2 els impostos ens estan xuclant la sang com si f\u00f3ssim protagonistes d&#8217;una pel\u00b7l\u00edcula de vampirs fiscals. Cada mes, quan toca fer comptes, el drama \u00e9s el mateix: amb prou feines queda liquiditat per reinvertir, per millorar, per canviar aquest matal\u00e0s amb forma de dinosaure fossilitzat. Tot se&#8217;n va a pagar, pagar i pagar. I \u00e9s clar, un va tirant, amb l&#8217;esperan\u00e7a de no convertir-se en expert en contorsionisme per arribar a final de mes.   <\/p>\n\n<p>Aqu\u00ed l&#8217;any no es mesura en mesos, sin\u00f3 en temporades. Durant nou mesos, vivim en un constant estat de \u201cai D\u00e9u meu, que no arribo\u201d, i despr\u00e9s, com per art de m\u00e0gia (i per l&#8217;arribada de turistes amb ganes de desconnectar), aquests tres mesos de Setmana Santa, Sant Joan i estiu ens donen una treva. S\u00f3n com aquest oasi al desert, un petit respir abans de tornar a la guerra. Per\u00f2 compte, que no \u00e9s que ens tornem rics, sin\u00f3 que simplement deixem de sentir que ens persegueix Hisenda amb una dalla.   <\/p>\n\n<p>\u00c9s un estira-i-arronsa constant. D&#8217;una banda, la sort de viure en un lloc de postal, de compartir la vida amb gossos que sempre estan de bon humor (a difer\u00e8ncia del meu compte bancari), de gaudir de la calma del camp. Per\u00f2 de l&#8217;altra, el punyeter sistema, que no ent\u00e9n de temporades baixes i ens esprem sense pietat. Perqu\u00e8 aqu\u00ed no hi ha estabilitat econ\u00f2mica, nom\u00e9s una muntanya russa amb m\u00e9s baixades que pujades.   <\/p>\n\n<p>Cada dia, el cap est\u00e0 en n\u00fameros, en previsions, en estrat\u00e8gies per sobreviure fins a la temporada alta sense haver de vendre un rony\u00f3 a Wallapop. Cada despesa es mesura amb m\u00e9s precisi\u00f3 que un rellotge su\u00eds, cada inversi\u00f3 es posposa amb l&#8217;esperan\u00e7a que \u00abl&#8217;any que ve anir\u00e0 millor\u00bb (spoiler: mai no va millor). I mentrestant, nom\u00e9s pensem en aquest far en la foscor: Setmana Santa. Perqu\u00e8 si arribem all\u00e0 sense que ens caiguin les pestanyes de l&#8217;estr\u00e8s, llavors ja podem anar en pilot autom\u00e0tic fins a l&#8217;estiu.   <\/p>\n<figure class=\"wp-block-post-featured-image\"><img fetchpriority=\"high\" decoding=\"async\" width=\"1024\" height=\"1024\" src=\"https:\/\/mastorrencito.com\/cat\/wp-content\/uploads\/sites\/3\/pagarypagar.jpg\" class=\"attachment-post-thumbnail size-post-thumbnail wp-post-image\" alt=\"\" style=\"object-fit:cover;\" srcset=\"https:\/\/mastorrencito.com\/cat\/wp-content\/uploads\/sites\/3\/pagarypagar.jpg 1024w, https:\/\/mastorrencito.com\/cat\/wp-content\/uploads\/sites\/3\/pagarypagar-300x300.jpg 300w, https:\/\/mastorrencito.com\/cat\/wp-content\/uploads\/sites\/3\/pagarypagar-150x150.jpg 150w, https:\/\/mastorrencito.com\/cat\/wp-content\/uploads\/sites\/3\/pagarypagar-768x768.jpg 768w\" sizes=\"(max-width: 1024px) 100vw, 1024px\" \/><\/figure>\n<p>\u00c9s una forma de vida que frega el que \u00e9s absurd. No perqu\u00e8 no vulguem pagar all\u00f2 que ens toca, sin\u00f3 perqu\u00e8 l&#8217;esfor\u00e7 i el sacrifici mai no semblen suficients. No es tracta de vaguejar ni de manca de ganes; es tracta d&#8217;un sistema que sembla dissenyat per alg\u00fa que mai no ha hagut de fer malabars per pagar factures. I aix\u00ed, any rere any, repetim el cicle: nou mesos d&#8217;esglai, tres de treva. I torna a comen\u00e7ar.    <\/p>\n\n<p>Per\u00f2 malgrat tot, seguim aqu\u00ed. Perqu\u00e8 hi ha coses que els diners no poden comprar: el plaer de veure el sol amagar-se darrere els arbres, la felicitat d&#8217;un gos corrent com si li haguessin donat corda, el so del riu a les nits d&#8217;estiu. Aquestes petites coses ens recorden per qu\u00e8 seguim en aquest vaixell, encara que tingui m\u00e9s forats que un formatge su\u00eds. Mentre hi hagi esperan\u00e7a (i turistes disposats a gastar), continuarem resistint, buscant la manera de fer que aquest caos financer sigui una mica m\u00e9s suportable.   <\/p>\n\n<p>Perqu\u00e8 si alguna cosa tenim clara \u00e9s que, malgrat tot, Mas Torrencito segueix sent el nostre petit parad\u00eds. I encara que els impostos ens asfixin, encara que la incertesa ens faci suar m\u00e9s que un pol\u00edtic en un detector de mentides, seguim escollint aquest lloc. Perqu\u00e8 Mas Torrencito no \u00e9s nom\u00e9s un negoci, \u00e9s casa nostra, el nostre refugi, i l&#8217;escenari de la nostra tragicom\u00e8dia econ\u00f2mica.  <\/p>\n\n<p>I per sobre de tot, si seguim a la superf\u00edcie \u00e9s gr\u00e0cies als nostres estimats clients. Aquests que tamb\u00e9 fan esfor\u00e7os, que estalvien, que prioritzen venir aqu\u00ed i ens trien entre tantes opcions. A ells els devem tot. Perqu\u00e8 sense el seu suport, sense el seu afecte i sense la decisi\u00f3 de fer aquest esfor\u00e7 extra per venir, ni tres mesos de respir tindr\u00edem. S\u00f3n l\u00b4\u00e0nima d\u00b4aquest lloc, els veritables protagonistes d\u00b4aquesta hist\u00f2ria. Aix\u00ed que gr\u00e0cies, gr\u00e0cies i mil vegades gr\u00e0cies per fer que tot aix\u00f2 sigui possible!     <\/p>\n\n<blockquote class=\"wp-block-quote is-layout-flow wp-block-quote-is-layout-flow\">\n<p>Des de MasTorrencito et desitgem un bon dia i que els teus gossos t&#8217;acompanyin!!<\/p>\n<\/blockquote>\n\n<p>\u2014\u2013<br \/> Si vols, pot veure els nostres <strong>bons per caps de setmana, bons jubilats<\/strong> , a un preu incre\u00efble..entra a <a href=\"https:\/\/www.mastorrencito.com\/\">www.mastorrencito.com<\/a> o si vols podeu llegir m\u00e9s hist\u00f2ria i an\u00e8cdotes que ens han passat a Mas Torrencito\u2026 Fes click <a href=\"https:\/\/mastorrencito.com\/\">aqu\u00ed<\/a><\/p>\n","protected":false},"excerpt":{"rendered":"<p>Viure a Mas Torrencito \u00e9s un privilegi, aix\u00f2 ning\u00fa no ho dubta. Despertar cada mat\u00ed envoltat de natura, amb els ocells cantant (o bramant, segons l&#8217;\u00e0nim del dia) i la companyia fidel dels gossos, \u00e9s una meravella. Visc sense viure en mi by MasTorrencito Aqu\u00ed, l&#8217;aire \u00e9s m\u00e9s pur, la vida m\u00e9s tranquil\u00b7la i l&#8217;estr\u00e8s [&hellip;]<\/p>\n","protected":false},"author":2,"featured_media":3651,"comment_status":"open","ping_status":"closed","sticky":false,"template":"","format":"standard","meta":{"_acf_changed":false,"footnotes":""},"categories":[35],"tags":[],"class_list":["post-3657","post","type-post","status-publish","format-standard","has-post-thumbnail","hentry","category-histories-mastorrencito"],"yoast_head":"<!-- This site is optimized with the Yoast SEO Premium plugin v27.3 (Yoast SEO v27.5) - https:\/\/yoast.com\/product\/yoast-seo-premium-wordpress\/ -->\n<title>Visc sense viure en mi by MasTorrencito - Mas Torrencito CAT<\/title>\n<meta name=\"description\" content=\"I \u00e9s que ja ho deia santa Teresa de Jesus... Visc sense viure en mi by MasTorrencito el dia a dia d&#039;un negoci de turisme rural\" \/>\n<meta name=\"robots\" content=\"index, follow, max-snippet:-1, max-image-preview:large, max-video-preview:-1\" \/>\n<link rel=\"canonical\" href=\"https:\/\/mastorrencito.com\/cat\/visc-sense-viure-en-mi-by-mastorrencito\/\" \/>\n<meta property=\"og:locale\" content=\"es_ES\" \/>\n<meta property=\"og:type\" content=\"article\" \/>\n<meta property=\"og:title\" content=\"Visc sense viure en mi by MasTorrencito\" \/>\n<meta property=\"og:description\" content=\"I \u00e9s que ja ho deia santa Teresa de Jesus... Visc sense viure en mi by MasTorrencito el dia a dia d&#039;un negoci de turisme rural\" \/>\n<meta property=\"og:url\" content=\"https:\/\/mastorrencito.com\/cat\/visc-sense-viure-en-mi-by-mastorrencito\/\" \/>\n<meta property=\"og:site_name\" content=\"Mas Torrencito CAT\" \/>\n<meta property=\"article:published_time\" content=\"2025-02-26T05:59:18+00:00\" \/>\n<meta property=\"og:image\" content=\"https:\/\/mastorrencito.com\/cat\/wp-content\/uploads\/sites\/3\/pagarypagar.jpg\" \/>\n\t<meta property=\"og:image:width\" content=\"1024\" \/>\n\t<meta property=\"og:image:height\" content=\"1024\" \/>\n\t<meta property=\"og:image:type\" content=\"image\/jpeg\" \/>\n<meta name=\"author\" content=\"Mastorrencito\" \/>\n<meta name=\"twitter:card\" content=\"summary_large_image\" \/>\n<meta name=\"twitter:label1\" content=\"Escrito por\" \/>\n\t<meta name=\"twitter:data1\" content=\"Mastorrencito\" \/>\n\t<meta name=\"twitter:label2\" content=\"Tiempo de lectura\" \/>\n\t<meta name=\"twitter:data2\" content=\"5 minutos\" \/>\n<script type=\"application\/ld+json\" class=\"yoast-schema-graph\">{\"@context\":\"https:\\\/\\\/schema.org\",\"@graph\":[{\"@type\":\"Article\",\"@id\":\"https:\\\/\\\/mastorrencito.com\\\/cat\\\/visc-sense-viure-en-mi-by-mastorrencito\\\/#article\",\"isPartOf\":{\"@id\":\"https:\\\/\\\/mastorrencito.com\\\/cat\\\/visc-sense-viure-en-mi-by-mastorrencito\\\/\"},\"author\":{\"name\":\"Mastorrencito\",\"@id\":\"https:\\\/\\\/mastorrencito.com\\\/#\\\/schema\\\/person\\\/18c619be80d4ae2667c702911625f790\"},\"headline\":\"Visc sense viure en mi by MasTorrencito\",\"datePublished\":\"2025-02-26T05:59:18+00:00\",\"mainEntityOfPage\":{\"@id\":\"https:\\\/\\\/mastorrencito.com\\\/cat\\\/visc-sense-viure-en-mi-by-mastorrencito\\\/\"},\"wordCount\":905,\"commentCount\":1,\"publisher\":{\"@id\":\"https:\\\/\\\/mastorrencito.com\\\/#organization\"},\"image\":{\"@id\":\"https:\\\/\\\/mastorrencito.com\\\/cat\\\/visc-sense-viure-en-mi-by-mastorrencito\\\/#primaryimage\"},\"thumbnailUrl\":\"https:\\\/\\\/mastorrencito.com\\\/cat\\\/wp-content\\\/uploads\\\/sites\\\/3\\\/pagarypagar.jpg\",\"articleSection\":[\"Hist\u00f2ries Mastorrencito\"],\"inLanguage\":\"es\",\"potentialAction\":[{\"@type\":\"CommentAction\",\"name\":\"Comment\",\"target\":[\"https:\\\/\\\/mastorrencito.com\\\/cat\\\/visc-sense-viure-en-mi-by-mastorrencito\\\/#respond\"]}]},{\"@type\":\"WebPage\",\"@id\":\"https:\\\/\\\/mastorrencito.com\\\/cat\\\/visc-sense-viure-en-mi-by-mastorrencito\\\/\",\"url\":\"https:\\\/\\\/mastorrencito.com\\\/cat\\\/visc-sense-viure-en-mi-by-mastorrencito\\\/\",\"name\":\"Visc sense viure en mi by MasTorrencito - Mas Torrencito CAT\",\"isPartOf\":{\"@id\":\"https:\\\/\\\/mastorrencito.com\\\/#website\"},\"primaryImageOfPage\":{\"@id\":\"https:\\\/\\\/mastorrencito.com\\\/cat\\\/visc-sense-viure-en-mi-by-mastorrencito\\\/#primaryimage\"},\"image\":{\"@id\":\"https:\\\/\\\/mastorrencito.com\\\/cat\\\/visc-sense-viure-en-mi-by-mastorrencito\\\/#primaryimage\"},\"thumbnailUrl\":\"https:\\\/\\\/mastorrencito.com\\\/cat\\\/wp-content\\\/uploads\\\/sites\\\/3\\\/pagarypagar.jpg\",\"datePublished\":\"2025-02-26T05:59:18+00:00\",\"description\":\"I \u00e9s que ja ho deia santa Teresa de Jesus... Visc sense viure en mi by MasTorrencito el dia a dia d'un negoci de turisme rural\",\"breadcrumb\":{\"@id\":\"https:\\\/\\\/mastorrencito.com\\\/cat\\\/visc-sense-viure-en-mi-by-mastorrencito\\\/#breadcrumb\"},\"inLanguage\":\"es\",\"potentialAction\":[{\"@type\":\"ReadAction\",\"target\":[\"https:\\\/\\\/mastorrencito.com\\\/cat\\\/visc-sense-viure-en-mi-by-mastorrencito\\\/\"]}]},{\"@type\":\"ImageObject\",\"inLanguage\":\"es\",\"@id\":\"https:\\\/\\\/mastorrencito.com\\\/cat\\\/visc-sense-viure-en-mi-by-mastorrencito\\\/#primaryimage\",\"url\":\"https:\\\/\\\/mastorrencito.com\\\/cat\\\/wp-content\\\/uploads\\\/sites\\\/3\\\/pagarypagar.jpg\",\"contentUrl\":\"https:\\\/\\\/mastorrencito.com\\\/cat\\\/wp-content\\\/uploads\\\/sites\\\/3\\\/pagarypagar.jpg\",\"width\":1024,\"height\":1024},{\"@type\":\"BreadcrumbList\",\"@id\":\"https:\\\/\\\/mastorrencito.com\\\/cat\\\/visc-sense-viure-en-mi-by-mastorrencito\\\/#breadcrumb\",\"itemListElement\":[{\"@type\":\"ListItem\",\"position\":1,\"name\":\"Portada\",\"item\":\"https:\\\/\\\/mastorrencito.com\\\/\"},{\"@type\":\"ListItem\",\"position\":2,\"name\":\"Visc sense viure en mi by MasTorrencito\"}]},{\"@type\":\"WebSite\",\"@id\":\"https:\\\/\\\/mastorrencito.com\\\/#website\",\"url\":\"https:\\\/\\\/mastorrencito.com\\\/\",\"name\":\"Mas Torrencito CAT\",\"description\":\"Casa rural pet friendly en Girona\",\"publisher\":{\"@id\":\"https:\\\/\\\/mastorrencito.com\\\/#organization\"},\"potentialAction\":[{\"@type\":\"SearchAction\",\"target\":{\"@type\":\"EntryPoint\",\"urlTemplate\":\"https:\\\/\\\/mastorrencito.com\\\/?s={search_term_string}\"},\"query-input\":{\"@type\":\"PropertyValueSpecification\",\"valueRequired\":true,\"valueName\":\"search_term_string\"}}],\"inLanguage\":\"es\"},{\"@type\":\"Organization\",\"@id\":\"https:\\\/\\\/mastorrencito.com\\\/#organization\",\"name\":\"Mas Torrencito CAT\",\"url\":\"https:\\\/\\\/mastorrencito.com\\\/\",\"logo\":{\"@type\":\"ImageObject\",\"inLanguage\":\"es\",\"@id\":\"https:\\\/\\\/mastorrencito.com\\\/#\\\/schema\\\/logo\\\/image\\\/\",\"url\":\"https:\\\/\\\/mastorrencito.com\\\/cat\\\/wp-content\\\/uploads\\\/sites\\\/3\\\/Logo-Mastorrencito-horizontal.webp\",\"contentUrl\":\"https:\\\/\\\/mastorrencito.com\\\/cat\\\/wp-content\\\/uploads\\\/sites\\\/3\\\/Logo-Mastorrencito-horizontal.webp\",\"width\":161,\"height\":54,\"caption\":\"Mas Torrencito CAT\"},\"image\":{\"@id\":\"https:\\\/\\\/mastorrencito.com\\\/#\\\/schema\\\/logo\\\/image\\\/\"}},{\"@type\":\"Person\",\"@id\":\"https:\\\/\\\/mastorrencito.com\\\/#\\\/schema\\\/person\\\/18c619be80d4ae2667c702911625f790\",\"name\":\"Mastorrencito\",\"image\":{\"@type\":\"ImageObject\",\"inLanguage\":\"es\",\"@id\":\"https:\\\/\\\/secure.gravatar.com\\\/avatar\\\/3ef55e0519f987a734c21caee1423b51df7b760b7d81a38ecd31cab0a5115f6d?s=96&d=mm&r=g\",\"url\":\"https:\\\/\\\/secure.gravatar.com\\\/avatar\\\/3ef55e0519f987a734c21caee1423b51df7b760b7d81a38ecd31cab0a5115f6d?s=96&d=mm&r=g\",\"contentUrl\":\"https:\\\/\\\/secure.gravatar.com\\\/avatar\\\/3ef55e0519f987a734c21caee1423b51df7b760b7d81a38ecd31cab0a5115f6d?s=96&d=mm&r=g\",\"caption\":\"Mastorrencito\"},\"url\":\"https:\\\/\\\/mastorrencito.com\\\/cat\\\/author\\\/mastorrencito\\\/\"}]}<\/script>\n<!-- \/ Yoast SEO Premium plugin. -->","yoast_head_json":{"title":"Visc sense viure en mi by MasTorrencito - Mas Torrencito CAT","description":"I \u00e9s que ja ho deia santa Teresa de Jesus... Visc sense viure en mi by MasTorrencito el dia a dia d'un negoci de turisme rural","robots":{"index":"index","follow":"follow","max-snippet":"max-snippet:-1","max-image-preview":"max-image-preview:large","max-video-preview":"max-video-preview:-1"},"canonical":"https:\/\/mastorrencito.com\/cat\/visc-sense-viure-en-mi-by-mastorrencito\/","og_locale":"es_ES","og_type":"article","og_title":"Visc sense viure en mi by MasTorrencito","og_description":"I \u00e9s que ja ho deia santa Teresa de Jesus... Visc sense viure en mi by MasTorrencito el dia a dia d'un negoci de turisme rural","og_url":"https:\/\/mastorrencito.com\/cat\/visc-sense-viure-en-mi-by-mastorrencito\/","og_site_name":"Mas Torrencito CAT","article_published_time":"2025-02-26T05:59:18+00:00","og_image":[{"width":1024,"height":1024,"url":"https:\/\/mastorrencito.com\/cat\/wp-content\/uploads\/sites\/3\/pagarypagar.jpg","type":"image\/jpeg"}],"author":"Mastorrencito","twitter_card":"summary_large_image","twitter_misc":{"Escrito por":"Mastorrencito","Tiempo de lectura":"5 minutos"},"schema":{"@context":"https:\/\/schema.org","@graph":[{"@type":"Article","@id":"https:\/\/mastorrencito.com\/cat\/visc-sense-viure-en-mi-by-mastorrencito\/#article","isPartOf":{"@id":"https:\/\/mastorrencito.com\/cat\/visc-sense-viure-en-mi-by-mastorrencito\/"},"author":{"name":"Mastorrencito","@id":"https:\/\/mastorrencito.com\/#\/schema\/person\/18c619be80d4ae2667c702911625f790"},"headline":"Visc sense viure en mi by MasTorrencito","datePublished":"2025-02-26T05:59:18+00:00","mainEntityOfPage":{"@id":"https:\/\/mastorrencito.com\/cat\/visc-sense-viure-en-mi-by-mastorrencito\/"},"wordCount":905,"commentCount":1,"publisher":{"@id":"https:\/\/mastorrencito.com\/#organization"},"image":{"@id":"https:\/\/mastorrencito.com\/cat\/visc-sense-viure-en-mi-by-mastorrencito\/#primaryimage"},"thumbnailUrl":"https:\/\/mastorrencito.com\/cat\/wp-content\/uploads\/sites\/3\/pagarypagar.jpg","articleSection":["Hist\u00f2ries Mastorrencito"],"inLanguage":"es","potentialAction":[{"@type":"CommentAction","name":"Comment","target":["https:\/\/mastorrencito.com\/cat\/visc-sense-viure-en-mi-by-mastorrencito\/#respond"]}]},{"@type":"WebPage","@id":"https:\/\/mastorrencito.com\/cat\/visc-sense-viure-en-mi-by-mastorrencito\/","url":"https:\/\/mastorrencito.com\/cat\/visc-sense-viure-en-mi-by-mastorrencito\/","name":"Visc sense viure en mi by MasTorrencito - Mas Torrencito CAT","isPartOf":{"@id":"https:\/\/mastorrencito.com\/#website"},"primaryImageOfPage":{"@id":"https:\/\/mastorrencito.com\/cat\/visc-sense-viure-en-mi-by-mastorrencito\/#primaryimage"},"image":{"@id":"https:\/\/mastorrencito.com\/cat\/visc-sense-viure-en-mi-by-mastorrencito\/#primaryimage"},"thumbnailUrl":"https:\/\/mastorrencito.com\/cat\/wp-content\/uploads\/sites\/3\/pagarypagar.jpg","datePublished":"2025-02-26T05:59:18+00:00","description":"I \u00e9s que ja ho deia santa Teresa de Jesus... Visc sense viure en mi by MasTorrencito el dia a dia d'un negoci de turisme rural","breadcrumb":{"@id":"https:\/\/mastorrencito.com\/cat\/visc-sense-viure-en-mi-by-mastorrencito\/#breadcrumb"},"inLanguage":"es","potentialAction":[{"@type":"ReadAction","target":["https:\/\/mastorrencito.com\/cat\/visc-sense-viure-en-mi-by-mastorrencito\/"]}]},{"@type":"ImageObject","inLanguage":"es","@id":"https:\/\/mastorrencito.com\/cat\/visc-sense-viure-en-mi-by-mastorrencito\/#primaryimage","url":"https:\/\/mastorrencito.com\/cat\/wp-content\/uploads\/sites\/3\/pagarypagar.jpg","contentUrl":"https:\/\/mastorrencito.com\/cat\/wp-content\/uploads\/sites\/3\/pagarypagar.jpg","width":1024,"height":1024},{"@type":"BreadcrumbList","@id":"https:\/\/mastorrencito.com\/cat\/visc-sense-viure-en-mi-by-mastorrencito\/#breadcrumb","itemListElement":[{"@type":"ListItem","position":1,"name":"Portada","item":"https:\/\/mastorrencito.com\/"},{"@type":"ListItem","position":2,"name":"Visc sense viure en mi by MasTorrencito"}]},{"@type":"WebSite","@id":"https:\/\/mastorrencito.com\/#website","url":"https:\/\/mastorrencito.com\/","name":"Mas Torrencito CAT","description":"Casa rural pet friendly en Girona","publisher":{"@id":"https:\/\/mastorrencito.com\/#organization"},"potentialAction":[{"@type":"SearchAction","target":{"@type":"EntryPoint","urlTemplate":"https:\/\/mastorrencito.com\/?s={search_term_string}"},"query-input":{"@type":"PropertyValueSpecification","valueRequired":true,"valueName":"search_term_string"}}],"inLanguage":"es"},{"@type":"Organization","@id":"https:\/\/mastorrencito.com\/#organization","name":"Mas Torrencito CAT","url":"https:\/\/mastorrencito.com\/","logo":{"@type":"ImageObject","inLanguage":"es","@id":"https:\/\/mastorrencito.com\/#\/schema\/logo\/image\/","url":"https:\/\/mastorrencito.com\/cat\/wp-content\/uploads\/sites\/3\/Logo-Mastorrencito-horizontal.webp","contentUrl":"https:\/\/mastorrencito.com\/cat\/wp-content\/uploads\/sites\/3\/Logo-Mastorrencito-horizontal.webp","width":161,"height":54,"caption":"Mas Torrencito CAT"},"image":{"@id":"https:\/\/mastorrencito.com\/#\/schema\/logo\/image\/"}},{"@type":"Person","@id":"https:\/\/mastorrencito.com\/#\/schema\/person\/18c619be80d4ae2667c702911625f790","name":"Mastorrencito","image":{"@type":"ImageObject","inLanguage":"es","@id":"https:\/\/secure.gravatar.com\/avatar\/3ef55e0519f987a734c21caee1423b51df7b760b7d81a38ecd31cab0a5115f6d?s=96&d=mm&r=g","url":"https:\/\/secure.gravatar.com\/avatar\/3ef55e0519f987a734c21caee1423b51df7b760b7d81a38ecd31cab0a5115f6d?s=96&d=mm&r=g","contentUrl":"https:\/\/secure.gravatar.com\/avatar\/3ef55e0519f987a734c21caee1423b51df7b760b7d81a38ecd31cab0a5115f6d?s=96&d=mm&r=g","caption":"Mastorrencito"},"url":"https:\/\/mastorrencito.com\/cat\/author\/mastorrencito\/"}]}},"acf":[],"_links":{"self":[{"href":"https:\/\/mastorrencito.com\/cat\/wp-json\/wp\/v2\/posts\/3657","targetHints":{"allow":["GET"]}}],"collection":[{"href":"https:\/\/mastorrencito.com\/cat\/wp-json\/wp\/v2\/posts"}],"about":[{"href":"https:\/\/mastorrencito.com\/cat\/wp-json\/wp\/v2\/types\/post"}],"author":[{"embeddable":true,"href":"https:\/\/mastorrencito.com\/cat\/wp-json\/wp\/v2\/users\/2"}],"replies":[{"embeddable":true,"href":"https:\/\/mastorrencito.com\/cat\/wp-json\/wp\/v2\/comments?post=3657"}],"version-history":[{"count":0,"href":"https:\/\/mastorrencito.com\/cat\/wp-json\/wp\/v2\/posts\/3657\/revisions"}],"wp:featuredmedia":[{"embeddable":true,"href":"https:\/\/mastorrencito.com\/cat\/wp-json\/wp\/v2\/media\/3651"}],"wp:attachment":[{"href":"https:\/\/mastorrencito.com\/cat\/wp-json\/wp\/v2\/media?parent=3657"}],"wp:term":[{"taxonomy":"category","embeddable":true,"href":"https:\/\/mastorrencito.com\/cat\/wp-json\/wp\/v2\/categories?post=3657"},{"taxonomy":"post_tag","embeddable":true,"href":"https:\/\/mastorrencito.com\/cat\/wp-json\/wp\/v2\/tags?post=3657"}],"curies":[{"name":"wp","href":"https:\/\/api.w.org\/{rel}","templated":true}]}}