{"id":3466,"date":"2025-02-04T06:06:19","date_gmt":"2025-02-04T06:06:19","guid":{"rendered":"https:\/\/casaruralconperrosgirona.com\/la-paciencia-un-do-en-capa-baixa-by-mastorrencito\/"},"modified":"2025-02-04T06:06:19","modified_gmt":"2025-02-04T06:06:19","slug":"la-paciencia-un-do-en-capa-baixa-by-mastorrencito","status":"publish","type":"post","link":"https:\/\/mastorrencito.com\/cat\/la-paciencia-un-do-en-capa-baixa-by-mastorrencito\/","title":{"rendered":"La Paci\u00e8ncia un do en capa baixa by MasTorrencito"},"content":{"rendered":"\n<hr class=\"wp-block-separator has-alpha-channel-opacity\" \/>\n\n<h3 class=\"wp-block-heading\">De tots els hotels rurals, cases d&#8217;hostes i hostalatges de tota la zona\u2026 <strong>calia acabar aqu\u00ed!<\/strong> <\/h3>\n\n<p>No en qualsevol dels altres 200 que hi ha des de Fran\u00e7a fins aqu\u00ed, <strong>NO, \u00e9s clar que no<\/strong> . Havia de ser a casa <em>meva<\/em> , la m\u00e9s amagada, la que requereix un petit trencall, la que no est\u00e0 a peu de carretera amb llums de ne\u00f3 parpellejant \u00abAQU\u00cd, ENTRE SENSE PREGUNTAR\u00bb. No. Van venir aqu\u00ed.   <\/p>\n\n<p>I \u00e9s que, amics, si hi ha alguna cosa que tinc clara en aquesta vida \u00e9s que he de posseir <strong>un imant per als clients rarets.<\/strong> Un radar. Un encanteri. Alguna cosa. Perqu\u00e8 aix\u00f2 no \u00e9s normal.   <\/p>\n\n<h3 class=\"wp-block-heading\"><strong>Primer acte: els belgues espontanis<\/strong><\/h3>\n\n<p>Ahir em diuen uns belgues. Sense reserva. Ni per Booking, ni per Airbnb, ni per un colom missatger.    <strong>Res. Al boig. <\/strong><br \/>\u2014Hola, tens habitaci\u00f3 per a aquesta nit?<br \/>\u2014S\u00ed, \u00e9s clar.<br \/>\u2014On esteu?<\/p>\n\n<p>I jo, amb la meva amabilitat natural (que cada dia poso m\u00e9s a prova), els ho explico <strong>tot<\/strong> amb p\u00e8ls i senyals. Fins i tot els envio un WhatsApp amb la ubicaci\u00f3 i detalls, perqu\u00e8 cal ser previsors. Tot b\u00e9. Tot en ordre.  <\/p>\n\n<p>\u2014Arribarem entre les 7 i les 8, gr\u00e0cies.<br \/>\u2014Perfecte.<\/p>\n\n<p>Amb aix\u00f2 al cap, decideixo que tinc una estona lliure i <strong>em menjar\u00e9 amb el meu amic Andr\u00e9s<\/strong> al Club Esportiu de Banyoles. Un menjar tranquil. Una xerrada amena. Relaxaci\u00f3. Un luxe a la meva vida d&#8217;hostaleria. Per\u00f2       <strong>ni dos mos havia donat al primer plat quan\u2026 PIM. WhatsApp. <\/strong><\/p>\n\n<p>\u2014Som a la porta.<\/p>\n\n<p>Jo miro el missatge. Miro el meu plat. Miro Andreu.  <br \/>\u2014Per\u00f2 si em van dir que venien a les 7 o 8\u2026<\/p>\n\n<p>Responc amb tota la paci\u00e8ncia d&#8217;un monjo budista el millor dia:<br \/> \u2014Jo estic menjant fora. Em van dir que arribaven m\u00e9s tard. Trigar\u00e9 m\u00ednim una hora.  <\/p>\n\n<p>I aqu\u00ed, <strong>el moment del segle:<\/strong><br \/> \u2014Aquest no \u00e9s el meu problema. Vull ara l&#8217;habitaci\u00f3. <\/p>\n\n<p>M\u00fasica de <em>Psicosi<\/em> sonant al meu cap.<\/p>\n\n<p>\u2014Doncs no ser\u00e0, senyora. Hi ha horaris. <br \/>\u2014Vost\u00e8 \u00e9s molt desconsiderat.<br \/>\u2014No, senyora.  <strong>S\u00f3c conseq\u00fcent, que no \u00e9s el mateix.<\/strong><br \/>\u2014Doncs marxem.<br \/>\u2014Genial. Que passin un bon dia. <\/p>\n\n<p>Bloquejo el m\u00f2bil, li dono un glop al vi (perqu\u00e8 aix\u00f2 ho merita) i segueixo menjant. Per\u00f2 \u00e9s clar, <strong>el meu cap no para de donar-hi voltes.<\/strong> Andreu ho nota i em diu:<br \/> \u2014Vinga, acaba i marxem. <\/p>\n\n<p>Aix\u00ed que <strong>ni caf\u00e8, ni postres, ni sobretaula.<\/strong> Tot en orris.<\/p>\n<figure class=\"wp-block-post-featured-image\"><img fetchpriority=\"high\" decoding=\"async\" width=\"1024\" height=\"1024\" src=\"https:\/\/mastorrencito.com\/cat\/wp-content\/uploads\/sites\/3\/losbelgas.jpg\" class=\"attachment-post-thumbnail size-post-thumbnail wp-post-image\" alt=\"los belgas y la paciencia by MasTorrencito\" style=\"object-fit:cover;\" srcset=\"https:\/\/mastorrencito.com\/cat\/wp-content\/uploads\/sites\/3\/losbelgas.jpg 1024w, https:\/\/mastorrencito.com\/cat\/wp-content\/uploads\/sites\/3\/losbelgas-300x300.jpg 300w, https:\/\/mastorrencito.com\/cat\/wp-content\/uploads\/sites\/3\/losbelgas-150x150.jpg 150w, https:\/\/mastorrencito.com\/cat\/wp-content\/uploads\/sites\/3\/losbelgas-768x768.jpg 768w\" sizes=\"(max-width: 1024px) 100vw, 1024px\" \/><\/figure>\n<h3 class=\"wp-block-heading\"><strong>Segon acte: el retorn dels belgues (plot twist!)<\/strong><\/h3>\n\n<p>Torno a casa amb una barreja de resignaci\u00f3 i cansament. A veure si els altres hostes que arriben a les 21.00 s\u00f3n m\u00e9s normals. <\/p>\n\n<p>Per\u00f2 <strong>sorpresa!<\/strong> Un cotxe plantat <strong>a la porta.<\/strong><\/p>\n\n<p>Fre, baix, pregunto:<br \/> \u2014Bona tarda, qu\u00e8 volien?<br \/> \u2014Hola, som nosaltres, els del tel\u00e8fon.<br \/> \u2014Els que se n&#8217;havien anat?<br \/> \u2014S\u00ed, per\u00f2 no vam trobar res m\u00e9s barat.<\/p>\n\n<p>AHHHHHH.<\/p>\n\n<p>Inspiro. Expiro. Mentalment recito un mantra de paci\u00e8ncia.  <\/p>\n\n<p>\u2014Ok. Sense cap problema. Passeu, aparqueu al p\u00e0rquing i baixeu a recepci\u00f3.  <\/p>\n\n<h3 class=\"wp-block-heading\"><strong>Tercer acte: El dilema de l&#8217;habitaci\u00f3 perfecta<\/strong><\/h3>\n\n<p>Els mostro la primera habitaci\u00f3. <strong>Calentita, acollidora, de somni.<\/strong><br \/> Per\u00f2 no. Aix\u00f2 seria massa f\u00e0cil. <\/p>\n\n<p>\u2014No en t\u00e9 una altra? \u00c9s que al meu marit no li agrada aquesta. <\/p>\n\n<p>\u00c9s clar. Perqu\u00e8 despr\u00e9s d&#8217;anar-se&#8217;n, tornar i marejar la perdiu, <strong>era obvi que es posarien exquisits.<\/strong> <\/p>\n\n<p>Pugem, els ensenyo una altra.<br \/> \u2014B\u00e9\u2026 sembla que s\u00ed\u2026<br \/> Jo ja respiro alleujat, pensant que hem arribat al final del calvari.<\/p>\n\n<p>Els explico els horaris. Que si necessiten alguna cosa, ser\u00e9 a la cuina planxant. Tot en ordre.  <\/p>\n\n<p>PER\u00d2\u2026 mitja hora despr\u00e9s <strong>els veig al pati<\/strong> , debatent com si estiguessin en un congr\u00e9s internacional de filosofia. Miro l&#8217;habitaci\u00f3&#8230; <strong>ni les maletes han pujat.<\/strong> <\/p>\n\n<p>Apagament llums, tanco porta, sota una altra vegada.<br \/>\u2014\u00bf Tot b\u00e9?<br \/>\u2014\u00c9s que estem indecisos.<br \/>\u2014B\u00e9, quan es decideixin, m&#8217;avisen.<\/p>\n\n<p>Pujo. Continuo planxant. La meva xocolata, la meva s\u00e8rie repetida d&#8217;Energy. Tot correcte. Per\u00f2, <strong>vint minuts despr\u00e9s, una altra vegada a la porta.<\/strong>    <\/p>\n\n<p>\u2014No tindr\u00e0 cap altra habitaci\u00f3? \u00c9s que aquesta, al meu marit\u2026 <\/p>\n\n<p>Ah, que seguim amb aix\u00f2!<\/p>\n\n<p>\u2014S\u00ed, \u00e9s clar. Segueix-me. <\/p>\n\n<p>Els ensenyo una altra i <strong>ja no aguanto m\u00e9s.<\/strong><br \/> \u2014A veure, aquesta s\u00ed, aquesta no, aquesta m&#8217;agrada i me la menjo jo?<\/p>\n\n<p>Silenci sepulcral.<\/p>\n\n<p>\u2014Qu\u00e8?<br \/>\u2014Res, una can\u00e7\u00f3 antiga.<\/p>\n\n<p>Continuen dubtant. Em diuen que <strong>ho pensaran.<\/strong><br \/> \u2014D&#8217;acord, per\u00f2 si no la volen, apaguin la llum i tanquin la porta. <\/p>\n\n<p>Segueixo al meu, ja amb la manera zen activada.  <strong>Per\u00f2 no.<\/strong><\/p>\n\n<p>Toquen una altra vegada.<br \/>\u2014Ens vam quedar amb la primera que vam veure.<br \/>\u2014Ah, genial.<br \/>\u2014Per\u00f2\u2026 no sabem on \u00e9s.<\/p>\n\n<p>SAPS QU\u00c8? \u00c9s igual. <strong>No tinc res m\u00e9s a fer.<\/strong><br \/> Sota amb ells, se les mostro de nou, i ja sembla que ara s\u00ed. <\/p>\n\n<p>Per\u00f2 no. Perqu\u00e8 <strong>faltava la ronda de preguntes.<\/strong> <\/p>\n\n<p>\u2014Ens pots portar una cervesa?<br \/>\u2014Com s&#8217;escalfa la pizza?<br \/>\u2014L&#8217;esmorzar \u00e9s molt aviat?<br \/>\u2014Qu\u00e8 ens recomanes per visitar?<\/p>\n\n<p>Aqu\u00ed ja la meva \u00e0nima es va surant cap al m\u00e9s enll\u00e0.<\/p>\n\n<p>Per sort, <strong>hi havia altres francesos a la casa<\/strong> i s&#8217;hi van enganxar. Des de la finestra els veig xerrant animadament i fins i tot amb cara d&#8217;estar gaudint. O aix\u00f2 crec.    <strong>Dem\u00e0 ho veurem per esmorzar.<\/strong><\/p>\n\n<p>El que s\u00ed que s\u00e9 \u00e9s que la meva <strong>santa paci\u00e8ncia avui ha pujat de nivell.<\/strong><\/p>\n\n<p>Mare meva, quina creu.<\/p>\n\n<hr class=\"wp-block-separator has-alpha-channel-opacity\" \/>\n\n<blockquote class=\"wp-block-quote is-layout-flow wp-block-quote-is-layout-flow\">\n<p>Des de MasTorrencito et desitgem un bon dia i que els teus gossos t&#8217;acompanyin!!<\/p>\n<\/blockquote>\n\n<p>\u2014\u2013<br \/> Si vols, pot veure els nostres <strong>bons per caps de setmana, bons jubilats<\/strong> , a un preu incre\u00efble..entra a <a href=\"https:\/\/www.mastorrencito.com\/\">www.mastorrencito.com<\/a> o si vols podeu llegir m\u00e9s hist\u00f2ria i an\u00e8cdotes que ens han passat a Mas Torrencito\u2026 Fes click <a href=\"https:\/\/mastorrencito.com\/es\/\">aqu\u00ed<\/a><\/p>\n\n<p><\/p>\n","protected":false},"excerpt":{"rendered":"<p>De tots els hotels rurals, cases d&#8217;hostes i hostalatges de tota la zona\u2026 calia acabar aqu\u00ed! No en qualsevol dels altres 200 que hi ha des de Fran\u00e7a fins aqu\u00ed, NO, \u00e9s clar que no . Havia de ser a casa meva , la m\u00e9s amagada, la que requereix un petit trencall, la que no [&hellip;]<\/p>\n","protected":false},"author":2,"featured_media":3462,"comment_status":"open","ping_status":"closed","sticky":false,"template":"","format":"standard","meta":{"_acf_changed":false,"footnotes":""},"categories":[35],"tags":[],"class_list":["post-3466","post","type-post","status-publish","format-standard","has-post-thumbnail","hentry","category-histories-mastorrencito"],"yoast_head":"<!-- This site is optimized with the Yoast SEO Premium plugin v27.3 (Yoast SEO v27.5) - https:\/\/yoast.com\/product\/yoast-seo-premium-wordpress\/ -->\n<title>La Paci\u00e8ncia un do en capa baixa by MasTorrencito - Mas Torrencito CAT<\/title>\n<meta name=\"description\" content=\"I \u00e9s que de vegades en aquest ofici cal tenir-la i mooooolt... La Paci\u00e8ncia un do en capa baixa by MasTorrencito\" \/>\n<meta name=\"robots\" content=\"index, follow, max-snippet:-1, max-image-preview:large, max-video-preview:-1\" \/>\n<link rel=\"canonical\" href=\"https:\/\/mastorrencito.com\/cat\/la-paciencia-un-do-en-capa-baixa-by-mastorrencito\/\" \/>\n<meta property=\"og:locale\" content=\"es_ES\" \/>\n<meta property=\"og:type\" content=\"article\" \/>\n<meta property=\"og:title\" content=\"La Paci\u00e8ncia un do en capa baixa by MasTorrencito\" \/>\n<meta property=\"og:description\" content=\"I \u00e9s que de vegades en aquest ofici cal tenir-la i mooooolt... La Paci\u00e8ncia un do en capa baixa by MasTorrencito\" \/>\n<meta property=\"og:url\" content=\"https:\/\/mastorrencito.com\/cat\/la-paciencia-un-do-en-capa-baixa-by-mastorrencito\/\" \/>\n<meta property=\"og:site_name\" content=\"Mas Torrencito CAT\" \/>\n<meta property=\"article:published_time\" content=\"2025-02-04T06:06:19+00:00\" \/>\n<meta property=\"og:image\" content=\"https:\/\/mastorrencito.com\/cat\/wp-content\/uploads\/sites\/3\/losbelgas.jpg\" \/>\n\t<meta property=\"og:image:width\" content=\"1024\" \/>\n\t<meta property=\"og:image:height\" content=\"1024\" \/>\n\t<meta property=\"og:image:type\" content=\"image\/jpeg\" \/>\n<meta name=\"author\" content=\"Mastorrencito\" \/>\n<meta name=\"twitter:card\" content=\"summary_large_image\" \/>\n<meta name=\"twitter:label1\" content=\"Escrito por\" \/>\n\t<meta name=\"twitter:data1\" content=\"Mastorrencito\" \/>\n\t<meta name=\"twitter:label2\" content=\"Tiempo de lectura\" \/>\n\t<meta name=\"twitter:data2\" content=\"5 minutos\" \/>\n<script type=\"application\/ld+json\" class=\"yoast-schema-graph\">{\"@context\":\"https:\\\/\\\/schema.org\",\"@graph\":[{\"@type\":\"Article\",\"@id\":\"https:\\\/\\\/mastorrencito.com\\\/cat\\\/la-paciencia-un-do-en-capa-baixa-by-mastorrencito\\\/#article\",\"isPartOf\":{\"@id\":\"https:\\\/\\\/mastorrencito.com\\\/cat\\\/la-paciencia-un-do-en-capa-baixa-by-mastorrencito\\\/\"},\"author\":{\"name\":\"Mastorrencito\",\"@id\":\"https:\\\/\\\/mastorrencito.com\\\/#\\\/schema\\\/person\\\/18c619be80d4ae2667c702911625f790\"},\"headline\":\"La Paci\u00e8ncia un do en capa baixa by MasTorrencito\",\"datePublished\":\"2025-02-04T06:06:19+00:00\",\"mainEntityOfPage\":{\"@id\":\"https:\\\/\\\/mastorrencito.com\\\/cat\\\/la-paciencia-un-do-en-capa-baixa-by-mastorrencito\\\/\"},\"wordCount\":970,\"commentCount\":0,\"publisher\":{\"@id\":\"https:\\\/\\\/mastorrencito.com\\\/#organization\"},\"image\":{\"@id\":\"https:\\\/\\\/mastorrencito.com\\\/cat\\\/la-paciencia-un-do-en-capa-baixa-by-mastorrencito\\\/#primaryimage\"},\"thumbnailUrl\":\"https:\\\/\\\/mastorrencito.com\\\/cat\\\/wp-content\\\/uploads\\\/sites\\\/3\\\/losbelgas.jpg\",\"articleSection\":[\"Hist\u00f2ries Mastorrencito\"],\"inLanguage\":\"es\",\"potentialAction\":[{\"@type\":\"CommentAction\",\"name\":\"Comment\",\"target\":[\"https:\\\/\\\/mastorrencito.com\\\/cat\\\/la-paciencia-un-do-en-capa-baixa-by-mastorrencito\\\/#respond\"]}]},{\"@type\":\"WebPage\",\"@id\":\"https:\\\/\\\/mastorrencito.com\\\/cat\\\/la-paciencia-un-do-en-capa-baixa-by-mastorrencito\\\/\",\"url\":\"https:\\\/\\\/mastorrencito.com\\\/cat\\\/la-paciencia-un-do-en-capa-baixa-by-mastorrencito\\\/\",\"name\":\"La Paci\u00e8ncia un do en capa baixa by MasTorrencito - Mas Torrencito CAT\",\"isPartOf\":{\"@id\":\"https:\\\/\\\/mastorrencito.com\\\/#website\"},\"primaryImageOfPage\":{\"@id\":\"https:\\\/\\\/mastorrencito.com\\\/cat\\\/la-paciencia-un-do-en-capa-baixa-by-mastorrencito\\\/#primaryimage\"},\"image\":{\"@id\":\"https:\\\/\\\/mastorrencito.com\\\/cat\\\/la-paciencia-un-do-en-capa-baixa-by-mastorrencito\\\/#primaryimage\"},\"thumbnailUrl\":\"https:\\\/\\\/mastorrencito.com\\\/cat\\\/wp-content\\\/uploads\\\/sites\\\/3\\\/losbelgas.jpg\",\"datePublished\":\"2025-02-04T06:06:19+00:00\",\"description\":\"I \u00e9s que de vegades en aquest ofici cal tenir-la i mooooolt... La Paci\u00e8ncia un do en capa baixa by MasTorrencito\",\"breadcrumb\":{\"@id\":\"https:\\\/\\\/mastorrencito.com\\\/cat\\\/la-paciencia-un-do-en-capa-baixa-by-mastorrencito\\\/#breadcrumb\"},\"inLanguage\":\"es\",\"potentialAction\":[{\"@type\":\"ReadAction\",\"target\":[\"https:\\\/\\\/mastorrencito.com\\\/cat\\\/la-paciencia-un-do-en-capa-baixa-by-mastorrencito\\\/\"]}]},{\"@type\":\"ImageObject\",\"inLanguage\":\"es\",\"@id\":\"https:\\\/\\\/mastorrencito.com\\\/cat\\\/la-paciencia-un-do-en-capa-baixa-by-mastorrencito\\\/#primaryimage\",\"url\":\"https:\\\/\\\/mastorrencito.com\\\/cat\\\/wp-content\\\/uploads\\\/sites\\\/3\\\/losbelgas.jpg\",\"contentUrl\":\"https:\\\/\\\/mastorrencito.com\\\/cat\\\/wp-content\\\/uploads\\\/sites\\\/3\\\/losbelgas.jpg\",\"width\":1024,\"height\":1024,\"caption\":\"los belgas y la paciencia by MasTorrencito\"},{\"@type\":\"BreadcrumbList\",\"@id\":\"https:\\\/\\\/mastorrencito.com\\\/cat\\\/la-paciencia-un-do-en-capa-baixa-by-mastorrencito\\\/#breadcrumb\",\"itemListElement\":[{\"@type\":\"ListItem\",\"position\":1,\"name\":\"Portada\",\"item\":\"https:\\\/\\\/mastorrencito.com\\\/\"},{\"@type\":\"ListItem\",\"position\":2,\"name\":\"La Paci\u00e8ncia un do en capa baixa by MasTorrencito\"}]},{\"@type\":\"WebSite\",\"@id\":\"https:\\\/\\\/mastorrencito.com\\\/#website\",\"url\":\"https:\\\/\\\/mastorrencito.com\\\/\",\"name\":\"Mas Torrencito CAT\",\"description\":\"Casa rural pet friendly en Girona\",\"publisher\":{\"@id\":\"https:\\\/\\\/mastorrencito.com\\\/#organization\"},\"potentialAction\":[{\"@type\":\"SearchAction\",\"target\":{\"@type\":\"EntryPoint\",\"urlTemplate\":\"https:\\\/\\\/mastorrencito.com\\\/?s={search_term_string}\"},\"query-input\":{\"@type\":\"PropertyValueSpecification\",\"valueRequired\":true,\"valueName\":\"search_term_string\"}}],\"inLanguage\":\"es\"},{\"@type\":\"Organization\",\"@id\":\"https:\\\/\\\/mastorrencito.com\\\/#organization\",\"name\":\"Mas Torrencito CAT\",\"url\":\"https:\\\/\\\/mastorrencito.com\\\/\",\"logo\":{\"@type\":\"ImageObject\",\"inLanguage\":\"es\",\"@id\":\"https:\\\/\\\/mastorrencito.com\\\/#\\\/schema\\\/logo\\\/image\\\/\",\"url\":\"https:\\\/\\\/mastorrencito.com\\\/cat\\\/wp-content\\\/uploads\\\/sites\\\/3\\\/Logo-Mastorrencito-horizontal.webp\",\"contentUrl\":\"https:\\\/\\\/mastorrencito.com\\\/cat\\\/wp-content\\\/uploads\\\/sites\\\/3\\\/Logo-Mastorrencito-horizontal.webp\",\"width\":161,\"height\":54,\"caption\":\"Mas Torrencito CAT\"},\"image\":{\"@id\":\"https:\\\/\\\/mastorrencito.com\\\/#\\\/schema\\\/logo\\\/image\\\/\"}},{\"@type\":\"Person\",\"@id\":\"https:\\\/\\\/mastorrencito.com\\\/#\\\/schema\\\/person\\\/18c619be80d4ae2667c702911625f790\",\"name\":\"Mastorrencito\",\"image\":{\"@type\":\"ImageObject\",\"inLanguage\":\"es\",\"@id\":\"https:\\\/\\\/secure.gravatar.com\\\/avatar\\\/3ef55e0519f987a734c21caee1423b51df7b760b7d81a38ecd31cab0a5115f6d?s=96&d=mm&r=g\",\"url\":\"https:\\\/\\\/secure.gravatar.com\\\/avatar\\\/3ef55e0519f987a734c21caee1423b51df7b760b7d81a38ecd31cab0a5115f6d?s=96&d=mm&r=g\",\"contentUrl\":\"https:\\\/\\\/secure.gravatar.com\\\/avatar\\\/3ef55e0519f987a734c21caee1423b51df7b760b7d81a38ecd31cab0a5115f6d?s=96&d=mm&r=g\",\"caption\":\"Mastorrencito\"},\"url\":\"https:\\\/\\\/mastorrencito.com\\\/cat\\\/author\\\/mastorrencito\\\/\"}]}<\/script>\n<!-- \/ Yoast SEO Premium plugin. -->","yoast_head_json":{"title":"La Paci\u00e8ncia un do en capa baixa by MasTorrencito - Mas Torrencito CAT","description":"I \u00e9s que de vegades en aquest ofici cal tenir-la i mooooolt... La Paci\u00e8ncia un do en capa baixa by MasTorrencito","robots":{"index":"index","follow":"follow","max-snippet":"max-snippet:-1","max-image-preview":"max-image-preview:large","max-video-preview":"max-video-preview:-1"},"canonical":"https:\/\/mastorrencito.com\/cat\/la-paciencia-un-do-en-capa-baixa-by-mastorrencito\/","og_locale":"es_ES","og_type":"article","og_title":"La Paci\u00e8ncia un do en capa baixa by MasTorrencito","og_description":"I \u00e9s que de vegades en aquest ofici cal tenir-la i mooooolt... La Paci\u00e8ncia un do en capa baixa by MasTorrencito","og_url":"https:\/\/mastorrencito.com\/cat\/la-paciencia-un-do-en-capa-baixa-by-mastorrencito\/","og_site_name":"Mas Torrencito CAT","article_published_time":"2025-02-04T06:06:19+00:00","og_image":[{"width":1024,"height":1024,"url":"https:\/\/mastorrencito.com\/cat\/wp-content\/uploads\/sites\/3\/losbelgas.jpg","type":"image\/jpeg"}],"author":"Mastorrencito","twitter_card":"summary_large_image","twitter_misc":{"Escrito por":"Mastorrencito","Tiempo de lectura":"5 minutos"},"schema":{"@context":"https:\/\/schema.org","@graph":[{"@type":"Article","@id":"https:\/\/mastorrencito.com\/cat\/la-paciencia-un-do-en-capa-baixa-by-mastorrencito\/#article","isPartOf":{"@id":"https:\/\/mastorrencito.com\/cat\/la-paciencia-un-do-en-capa-baixa-by-mastorrencito\/"},"author":{"name":"Mastorrencito","@id":"https:\/\/mastorrencito.com\/#\/schema\/person\/18c619be80d4ae2667c702911625f790"},"headline":"La Paci\u00e8ncia un do en capa baixa by MasTorrencito","datePublished":"2025-02-04T06:06:19+00:00","mainEntityOfPage":{"@id":"https:\/\/mastorrencito.com\/cat\/la-paciencia-un-do-en-capa-baixa-by-mastorrencito\/"},"wordCount":970,"commentCount":0,"publisher":{"@id":"https:\/\/mastorrencito.com\/#organization"},"image":{"@id":"https:\/\/mastorrencito.com\/cat\/la-paciencia-un-do-en-capa-baixa-by-mastorrencito\/#primaryimage"},"thumbnailUrl":"https:\/\/mastorrencito.com\/cat\/wp-content\/uploads\/sites\/3\/losbelgas.jpg","articleSection":["Hist\u00f2ries Mastorrencito"],"inLanguage":"es","potentialAction":[{"@type":"CommentAction","name":"Comment","target":["https:\/\/mastorrencito.com\/cat\/la-paciencia-un-do-en-capa-baixa-by-mastorrencito\/#respond"]}]},{"@type":"WebPage","@id":"https:\/\/mastorrencito.com\/cat\/la-paciencia-un-do-en-capa-baixa-by-mastorrencito\/","url":"https:\/\/mastorrencito.com\/cat\/la-paciencia-un-do-en-capa-baixa-by-mastorrencito\/","name":"La Paci\u00e8ncia un do en capa baixa by MasTorrencito - Mas Torrencito CAT","isPartOf":{"@id":"https:\/\/mastorrencito.com\/#website"},"primaryImageOfPage":{"@id":"https:\/\/mastorrencito.com\/cat\/la-paciencia-un-do-en-capa-baixa-by-mastorrencito\/#primaryimage"},"image":{"@id":"https:\/\/mastorrencito.com\/cat\/la-paciencia-un-do-en-capa-baixa-by-mastorrencito\/#primaryimage"},"thumbnailUrl":"https:\/\/mastorrencito.com\/cat\/wp-content\/uploads\/sites\/3\/losbelgas.jpg","datePublished":"2025-02-04T06:06:19+00:00","description":"I \u00e9s que de vegades en aquest ofici cal tenir-la i mooooolt... La Paci\u00e8ncia un do en capa baixa by MasTorrencito","breadcrumb":{"@id":"https:\/\/mastorrencito.com\/cat\/la-paciencia-un-do-en-capa-baixa-by-mastorrencito\/#breadcrumb"},"inLanguage":"es","potentialAction":[{"@type":"ReadAction","target":["https:\/\/mastorrencito.com\/cat\/la-paciencia-un-do-en-capa-baixa-by-mastorrencito\/"]}]},{"@type":"ImageObject","inLanguage":"es","@id":"https:\/\/mastorrencito.com\/cat\/la-paciencia-un-do-en-capa-baixa-by-mastorrencito\/#primaryimage","url":"https:\/\/mastorrencito.com\/cat\/wp-content\/uploads\/sites\/3\/losbelgas.jpg","contentUrl":"https:\/\/mastorrencito.com\/cat\/wp-content\/uploads\/sites\/3\/losbelgas.jpg","width":1024,"height":1024,"caption":"los belgas y la paciencia by MasTorrencito"},{"@type":"BreadcrumbList","@id":"https:\/\/mastorrencito.com\/cat\/la-paciencia-un-do-en-capa-baixa-by-mastorrencito\/#breadcrumb","itemListElement":[{"@type":"ListItem","position":1,"name":"Portada","item":"https:\/\/mastorrencito.com\/"},{"@type":"ListItem","position":2,"name":"La Paci\u00e8ncia un do en capa baixa by MasTorrencito"}]},{"@type":"WebSite","@id":"https:\/\/mastorrencito.com\/#website","url":"https:\/\/mastorrencito.com\/","name":"Mas Torrencito CAT","description":"Casa rural pet friendly en Girona","publisher":{"@id":"https:\/\/mastorrencito.com\/#organization"},"potentialAction":[{"@type":"SearchAction","target":{"@type":"EntryPoint","urlTemplate":"https:\/\/mastorrencito.com\/?s={search_term_string}"},"query-input":{"@type":"PropertyValueSpecification","valueRequired":true,"valueName":"search_term_string"}}],"inLanguage":"es"},{"@type":"Organization","@id":"https:\/\/mastorrencito.com\/#organization","name":"Mas Torrencito CAT","url":"https:\/\/mastorrencito.com\/","logo":{"@type":"ImageObject","inLanguage":"es","@id":"https:\/\/mastorrencito.com\/#\/schema\/logo\/image\/","url":"https:\/\/mastorrencito.com\/cat\/wp-content\/uploads\/sites\/3\/Logo-Mastorrencito-horizontal.webp","contentUrl":"https:\/\/mastorrencito.com\/cat\/wp-content\/uploads\/sites\/3\/Logo-Mastorrencito-horizontal.webp","width":161,"height":54,"caption":"Mas Torrencito CAT"},"image":{"@id":"https:\/\/mastorrencito.com\/#\/schema\/logo\/image\/"}},{"@type":"Person","@id":"https:\/\/mastorrencito.com\/#\/schema\/person\/18c619be80d4ae2667c702911625f790","name":"Mastorrencito","image":{"@type":"ImageObject","inLanguage":"es","@id":"https:\/\/secure.gravatar.com\/avatar\/3ef55e0519f987a734c21caee1423b51df7b760b7d81a38ecd31cab0a5115f6d?s=96&d=mm&r=g","url":"https:\/\/secure.gravatar.com\/avatar\/3ef55e0519f987a734c21caee1423b51df7b760b7d81a38ecd31cab0a5115f6d?s=96&d=mm&r=g","contentUrl":"https:\/\/secure.gravatar.com\/avatar\/3ef55e0519f987a734c21caee1423b51df7b760b7d81a38ecd31cab0a5115f6d?s=96&d=mm&r=g","caption":"Mastorrencito"},"url":"https:\/\/mastorrencito.com\/cat\/author\/mastorrencito\/"}]}},"acf":[],"_links":{"self":[{"href":"https:\/\/mastorrencito.com\/cat\/wp-json\/wp\/v2\/posts\/3466","targetHints":{"allow":["GET"]}}],"collection":[{"href":"https:\/\/mastorrencito.com\/cat\/wp-json\/wp\/v2\/posts"}],"about":[{"href":"https:\/\/mastorrencito.com\/cat\/wp-json\/wp\/v2\/types\/post"}],"author":[{"embeddable":true,"href":"https:\/\/mastorrencito.com\/cat\/wp-json\/wp\/v2\/users\/2"}],"replies":[{"embeddable":true,"href":"https:\/\/mastorrencito.com\/cat\/wp-json\/wp\/v2\/comments?post=3466"}],"version-history":[{"count":0,"href":"https:\/\/mastorrencito.com\/cat\/wp-json\/wp\/v2\/posts\/3466\/revisions"}],"wp:featuredmedia":[{"embeddable":true,"href":"https:\/\/mastorrencito.com\/cat\/wp-json\/wp\/v2\/media\/3462"}],"wp:attachment":[{"href":"https:\/\/mastorrencito.com\/cat\/wp-json\/wp\/v2\/media?parent=3466"}],"wp:term":[{"taxonomy":"category","embeddable":true,"href":"https:\/\/mastorrencito.com\/cat\/wp-json\/wp\/v2\/categories?post=3466"},{"taxonomy":"post_tag","embeddable":true,"href":"https:\/\/mastorrencito.com\/cat\/wp-json\/wp\/v2\/tags?post=3466"}],"curies":[{"name":"wp","href":"https:\/\/api.w.org\/{rel}","templated":true}]}}