{"id":3451,"date":"2025-02-03T05:13:18","date_gmt":"2025-02-03T05:13:18","guid":{"rendered":"https:\/\/casaruralconperrosgirona.com\/el-xines-que-viu-a-la-xinesa-pero-que-no-es-xines-sino-el-meu-germa-carlos\/"},"modified":"2025-02-03T05:13:18","modified_gmt":"2025-02-03T05:13:18","slug":"el-xines-que-viu-a-la-xinesa-pero-que-no-es-xines-sino-el-meu-germa-carlos","status":"publish","type":"post","link":"https:\/\/mastorrencito.com\/cat\/el-xines-que-viu-a-la-xinesa-pero-que-no-es-xines-sino-el-meu-germa-carlos\/","title":{"rendered":"El xin\u00e8s que viu a la xinesa per\u00f2 que no \u00e9s xin\u00e8s sin\u00f3 el meu germ\u00e0 Carlos"},"content":{"rendered":"\n<hr class=\"wp-block-separator has-alpha-channel-opacity\" \/>\n\n<h3 class=\"wp-block-heading\">Ahir va arribar <strong>el Xin\u00e8s<\/strong> . I no, no em refereixo a un ve\u00ed ni a un amic, sin\u00f3 al <strong>meu germ\u00e0 Carlos<\/strong> , a qui anomeno aix\u00ed perqu\u00e8 fa tants anys que viu a la Xina que ja en forma part. <strong>La seva hist\u00f2ria \u00e9s d&#8217;aquelles que mereixen ser explicades<\/strong> perqu\u00e8 si alg\u00fa ha sabut arriscar, atrevir-se i llan\u00e7ar-se al buit sense por, ha estat ell. <\/h3>\n\n<p><\/p>\n\n<hr class=\"wp-block-separator has-alpha-channel-opacity\" \/>\n\n<h3 class=\"wp-block-heading\"><strong>El Xin\u00e8s que va venir de la Xina<\/strong><\/h3>\n\n<p>Carlos va ser un <strong>pioner<\/strong> al seu m\u00f3n. Mentre altres somiaven quedar-se a la seva zona de confort, ell <strong>va creuar mig planeta<\/strong> i va muntar el primer <strong>restaurant espanyol a Pequ\u00edn<\/strong> . Per\u00f2 no s&#8217;hi va aturar. <strong>Va muntar un centre comercial sencer<\/strong> , <strong>El Patio Nali<\/strong> , que avui dia \u00e9s <strong>un dels llocs m\u00e9s de moda a la capital xinesa<\/strong> . Un lloc exclusiu, ple de restaurants, bars i botigues de luxe, <strong>on tot Pequ\u00edn vol anar a veure i ser vist<\/strong> .   <\/p>\n<figure class=\"wp-block-post-featured-image\"><img fetchpriority=\"high\" decoding=\"async\" width=\"1200\" height=\"1600\" src=\"https:\/\/mastorrencito.com\/cat\/wp-content\/uploads\/sites\/3\/carlitos.jpg\" class=\"attachment-post-thumbnail size-post-thumbnail wp-post-image\" alt=\"Carlso Chirdi en Chino de MasTorrencito\" style=\"object-fit:cover;\" srcset=\"https:\/\/mastorrencito.com\/cat\/wp-content\/uploads\/sites\/3\/carlitos.jpg 1200w, https:\/\/mastorrencito.com\/cat\/wp-content\/uploads\/sites\/3\/carlitos-225x300.jpg 225w, https:\/\/mastorrencito.com\/cat\/wp-content\/uploads\/sites\/3\/carlitos-768x1024.jpg 768w, https:\/\/mastorrencito.com\/cat\/wp-content\/uploads\/sites\/3\/carlitos-1152x1536.jpg 1152w\" sizes=\"(max-width: 1200px) 100vw, 1200px\" \/><\/figure>\n<p>\ud83d\udccd Per\u00f2 el cam\u00ed fins aqu\u00ed no va ser f\u00e0cil. Quan Carles va arribar a la Xina, va muntar <strong>un restaurant amb un soci su\u00eds<\/strong> , un home que tenia <strong>cellers de vi<\/strong> i amb qui compartia el somni de portar el millor d&#8217;Europa al cor d&#8217;\u00c0sia. La hist\u00f2ria del su\u00eds, no obstant, <strong>va acabar d&#8217;una forma que sembla treta d&#8217;una pel\u00b7l\u00edcula de misteri<\/strong> . Si la mem\u00f2ria no em falla\u2026 <strong>va ser assassinat<\/strong> . O aix\u00f2 \u00e9s el que jo recordo. Un episodi fosc i conf\u00fas que va quedar a les ombres de la seva vida a la Xina.     <\/p>\n\n<p>Malgrat tot, <strong>Carlos va seguir endavant<\/strong> . I no nom\u00e9s va construir el seu propi imperi, sin\u00f3 que <strong>va ajudar molts altres a obrir-se cam\u00ed a Pequ\u00edn<\/strong> . Empresaris, xefs, comerciants, somiadors que volien instal\u00b7lar-se a la capital xinesa hi van trobar <strong>una m\u00e0 amiga<\/strong> . Si alguna vegada un espanyol ha volgut muntar alguna cosa a Pequ\u00edn, <strong>segurament el meu germ\u00e0 hi ha tingut alguna cosa a veure<\/strong> .   <\/p>\n\n<hr class=\"wp-block-separator has-alpha-channel-opacity\" \/>\n\n<h3 class=\"wp-block-heading\"><strong>L&#8217;Akita, la joia prohibida de Pequ\u00edn<\/strong><\/h3>\n\n<p>Ah, per\u00f2 se m&#8217;oblidava un <strong>detall important<\/strong> : <strong>el gos<\/strong> . Perqu\u00e8 s\u00ed, Carlos no nom\u00e9s t\u00e9 negocis a mig m\u00f3n, sin\u00f3 que a m\u00e9s t\u00e9 <strong>un s\u00faper gos<\/strong> . <\/p>\n\n<p>Es tracta d&#8217; <strong>un Akita Inu<\/strong> , un gos majestu\u00f3s, fort i noble, d&#8217;aquells que nom\u00e9s es veuen a les pel\u00b7l\u00edcules. \u00c9s <strong>el seu company fidel<\/strong> , per\u00f2 tenir-lo a Pequ\u00edn no \u00e9s precisament f\u00e0cil. <strong>Les lleis han canviat i ara els Akitas estan prohibits a menys de 20 quil\u00f2metres de la ciutat<\/strong> . Aix\u00ed que\u2026 <strong>imagina l&#8217;odissea que suposa passejar-ho<\/strong> .  <\/p>\n\n<p>Carlos i la seva fam\u00edlia han hagut d&#8217; <strong>enginyar-les perqu\u00e8 el gos no cridi l&#8217;atenci\u00f3<\/strong> . El treuen <strong>de nit, d&#8217;amagat<\/strong> , eviten certs llocs i el porten amb <strong>precauci\u00f3 extrema<\/strong> . <strong>Nosaltres ens queixem de treure a passejar els nostres gossos\u2026 per\u00f2 aix\u00f2 s\u00ed que \u00e9s un repte<\/strong> . I tot i aix\u00ed, no se&#8217;n desf\u00e0! Perqu\u00e8 si alguna cosa t\u00e9 el meu germ\u00e0, \u00e9s <strong>lleialtat<\/strong> . I aquest Akita forma part de la seva vida, encara que li toqui viure <strong>mig a la clandestinitat<\/strong> .    <\/p>\n\n<hr class=\"wp-block-separator has-alpha-channel-opacity\" \/>\n\n<h3 class=\"wp-block-heading\"><strong>El dia que el Xin\u00e8s va venir al meu casament<\/strong><\/h3>\n\n<p>Si hi ha un moment en qu\u00e8 el meu germ\u00e0 va demostrar el que est\u00e0 disposat a fer per la fam\u00edlia, va ser el dia del <strong>meu casament<\/strong> . Imagineu-vos l&#8217;embolic: <strong>avisar-lo amb tot just 20 dies d&#8217;antelaci\u00f3<\/strong> i demanar-li que travess\u00e9s mig planeta amb tota la fam\u00edlia. Per\u00f2 ho va fer. <strong>A la seva manera, \u00e9s clar<\/strong> . Perqu\u00e8 amb ell, <strong>mai res no \u00e9s senzill<\/strong> .   <\/p>\n\n<p>\ud83d\udccc <strong>Primer va dir que venia sol.<\/strong><br \/> \ud83d\udccc Despr\u00e9s que venia ell i YaKon.<br \/> \ud83d\udccc Despr\u00e9s que venia ell, YaKon i el meu nebot.<br \/> \ud83d\udccc I al final\u2026 va apar\u00e8ixer <strong>un m\u00e9s<\/strong> ! \ud83d\ude06<\/p>\n\n<p>Per\u00f2 hi eren tots junts. Aix\u00f2 s\u00ed, el dia del casament va quedar gravat a la mem\u00f2ria dels convidats per <strong>dues raons<\/strong> :<br \/> 1\ufe0f\u20e3 <strong>La pluja m\u00e9s \u00e8pica mai vista<\/strong> \u2614 . En tota la primavera <strong>no va ploure m\u00e9s que aquell dia<\/strong> , per\u00f2 <strong>va ploure com si el cel caigu\u00e9s a trossos<\/strong> .<br \/> 2\ufe0f\u20e3 <strong>La desfilada de YaKon<\/strong> . No \u00e9s broma. <strong>Diuen que es va canviar de vestit tres o quatre vegades<\/strong> durant les noces. I si no van ser quatre, <strong>no van ser cap<\/strong> .    <\/p>\n\n<p>Jo, enmig del caos i l&#8217;emoci\u00f3, <strong>ni me&#8217;n vaig assabentar<\/strong> . Per\u00f2 <strong>les \u00abelles\u00bb s\u00ed<\/strong> , i es van encarregar de recordar-m&#8217;ho despr\u00e9s \ud83d\ude02 . <\/p>\n\n<hr class=\"wp-block-separator has-alpha-channel-opacity\" \/>\n\n<h3 class=\"wp-block-heading\"><strong>Carlos, una \u00e0nima lliure<\/strong><\/h3>\n\n<p>El que m\u00e9s admiro de Carlos no \u00e9s el seu \u00e8xit, ni la seva vida de pel\u00b7l\u00edcula. \u00c9s <strong>la seva tranquil\u00b7litat<\/strong> . Sembla com si <strong>els problemes no l&#8217;afectessin<\/strong> , com si tingu\u00e9s una armadura invisible que li permet caminar sense que el m\u00f3n ho faci mal. Mai ho he vist <strong>emprenyat, ni alterat, ni perdre el somriure<\/strong> .   <\/p>\n\n<p>En aix\u00f2, <strong>s&#8217;assembla molt al nostre pare, Don Andr\u00e9s<\/strong> . Mateixa manera d&#8217;estar, mateix car\u00e0cter ser\u00e8. I el m\u00e9s curi\u00f3s \u00e9s que tots dos comparteixen una mica m\u00e9s: <strong>el mateix somriure i la mateixa dentadura Profid\u00e9n<\/strong> \ud83d\ude06 .  <\/p>\n\n<p>Carlos \u00e9s d&#8217;aquells que, encara que estigui a <strong>milers de quil\u00f2metres<\/strong> , segueix estant a prop. I encara que la seva vida sembli un remol\u00ed de viatges, negocis i projectes impossibles, <strong>quan apareix, sempre deixa un trosset de la seva m\u00e0gia a l&#8217;aire<\/strong> . <\/p>\n\n<p>Ahir ho vaig veure, <strong>avui ja se&#8217;n va<\/strong> , i qui sap quan tornarem a coincidir. Per\u00f2 una cosa \u00e9s segura:<br \/> \ud83d\udcab <strong>Sempre \u00e9s un plaer quan el Xin\u00e8s torna a casa.<\/strong> \ud83d\udcab <\/p>\n\n<hr class=\"wp-block-separator has-alpha-channel-opacity\" \/>\n\n<blockquote class=\"wp-block-quote is-layout-flow wp-block-quote-is-layout-flow\">\n<p>Des de MasTorrencito et desitgem un bon dia i que els teus gossos t&#8217;acompanyin!!<\/p>\n<\/blockquote>\n\n<p>\u2014\u2013<br \/> Si vols, pot veure els nostres <strong>bons per caps de setmana, bons jubilats<\/strong> , a un preu incre\u00efble..entra a <a href=\"https:\/\/www.mastorrencito.com\/\">www.mastorrencito.com<\/a> o si vols podeu llegir m\u00e9s hist\u00f2ria i an\u00e8cdotes que ens han passat a Mas Torrencito\u2026 Fes click <a href=\"https:\/\/mastorrencito.com\/es\/\">aqu\u00ed<\/a><\/p>\n","protected":false},"excerpt":{"rendered":"<p>Ahir va arribar el Xin\u00e8s . I no, no em refereixo a un ve\u00ed ni a un amic, sin\u00f3 al meu germ\u00e0 Carlos , a qui anomeno aix\u00ed perqu\u00e8 fa tants anys que viu a la Xina que ja en forma part. La seva hist\u00f2ria \u00e9s d&#8217;aquelles que mereixen ser explicades perqu\u00e8 si alg\u00fa ha [&hellip;]<\/p>\n","protected":false},"author":2,"featured_media":3447,"comment_status":"open","ping_status":"closed","sticky":false,"template":"","format":"standard","meta":{"_acf_changed":false,"footnotes":""},"categories":[35],"tags":[],"class_list":["post-3451","post","type-post","status-publish","format-standard","has-post-thumbnail","hentry","category-histories-mastorrencito"],"yoast_head":"<!-- This site is optimized with the Yoast SEO Premium plugin v27.3 (Yoast SEO v27.5) - https:\/\/yoast.com\/product\/yoast-seo-premium-wordpress\/ -->\n<title>El xin\u00e8s que viu a la xinesa per\u00f2 que no \u00e9s xin\u00e8s sin\u00f3 el meu germ\u00e0 Carlos - Mas Torrencito CAT<\/title>\n<meta name=\"description\" content=\"Que guai s\u00f3n les visites de la fam\u00edlia... quins records... El xin\u00e8s que viu a la xinesa per\u00f2 que no \u00e9s xin\u00e8s sin\u00f3 el meu germ\u00e0 Carlos\" \/>\n<meta name=\"robots\" content=\"index, follow, max-snippet:-1, max-image-preview:large, max-video-preview:-1\" \/>\n<link rel=\"canonical\" href=\"https:\/\/mastorrencito.com\/cat\/el-xines-que-viu-a-la-xinesa-pero-que-no-es-xines-sino-el-meu-germa-carlos\/\" \/>\n<meta property=\"og:locale\" content=\"es_ES\" \/>\n<meta property=\"og:type\" content=\"article\" \/>\n<meta property=\"og:title\" content=\"El xin\u00e8s que viu a la xinesa per\u00f2 que no \u00e9s xin\u00e8s sin\u00f3 el meu germ\u00e0 Carlos\" \/>\n<meta property=\"og:description\" content=\"Que guai s\u00f3n les visites de la fam\u00edlia... quins records... El xin\u00e8s que viu a la xinesa per\u00f2 que no \u00e9s xin\u00e8s sin\u00f3 el meu germ\u00e0 Carlos\" \/>\n<meta property=\"og:url\" content=\"https:\/\/mastorrencito.com\/cat\/el-xines-que-viu-a-la-xinesa-pero-que-no-es-xines-sino-el-meu-germa-carlos\/\" \/>\n<meta property=\"og:site_name\" content=\"Mas Torrencito CAT\" \/>\n<meta property=\"article:published_time\" content=\"2025-02-03T05:13:18+00:00\" \/>\n<meta property=\"og:image\" content=\"https:\/\/mastorrencito.com\/cat\/wp-content\/uploads\/sites\/3\/carlitos.jpg\" \/>\n\t<meta property=\"og:image:width\" content=\"1200\" \/>\n\t<meta property=\"og:image:height\" content=\"1600\" \/>\n\t<meta property=\"og:image:type\" content=\"image\/jpeg\" \/>\n<meta name=\"author\" content=\"Mastorrencito\" \/>\n<meta name=\"twitter:card\" content=\"summary_large_image\" \/>\n<meta name=\"twitter:label1\" content=\"Escrito por\" \/>\n\t<meta name=\"twitter:data1\" content=\"Mastorrencito\" \/>\n\t<meta name=\"twitter:label2\" content=\"Tiempo de lectura\" \/>\n\t<meta name=\"twitter:data2\" content=\"5 minutos\" \/>\n<script type=\"application\/ld+json\" class=\"yoast-schema-graph\">{\"@context\":\"https:\\\/\\\/schema.org\",\"@graph\":[{\"@type\":\"Article\",\"@id\":\"https:\\\/\\\/mastorrencito.com\\\/cat\\\/el-xines-que-viu-a-la-xinesa-pero-que-no-es-xines-sino-el-meu-germa-carlos\\\/#article\",\"isPartOf\":{\"@id\":\"https:\\\/\\\/mastorrencito.com\\\/cat\\\/el-xines-que-viu-a-la-xinesa-pero-que-no-es-xines-sino-el-meu-germa-carlos\\\/\"},\"author\":{\"name\":\"Mastorrencito\",\"@id\":\"https:\\\/\\\/mastorrencito.com\\\/#\\\/schema\\\/person\\\/18c619be80d4ae2667c702911625f790\"},\"headline\":\"El xin\u00e8s que viu a la xinesa per\u00f2 que no \u00e9s xin\u00e8s sin\u00f3 el meu germ\u00e0 Carlos\",\"datePublished\":\"2025-02-03T05:13:18+00:00\",\"mainEntityOfPage\":{\"@id\":\"https:\\\/\\\/mastorrencito.com\\\/cat\\\/el-xines-que-viu-a-la-xinesa-pero-que-no-es-xines-sino-el-meu-germa-carlos\\\/\"},\"wordCount\":1021,\"commentCount\":0,\"publisher\":{\"@id\":\"https:\\\/\\\/mastorrencito.com\\\/#organization\"},\"image\":{\"@id\":\"https:\\\/\\\/mastorrencito.com\\\/cat\\\/el-xines-que-viu-a-la-xinesa-pero-que-no-es-xines-sino-el-meu-germa-carlos\\\/#primaryimage\"},\"thumbnailUrl\":\"https:\\\/\\\/mastorrencito.com\\\/cat\\\/wp-content\\\/uploads\\\/sites\\\/3\\\/carlitos.jpg\",\"articleSection\":[\"Hist\u00f2ries Mastorrencito\"],\"inLanguage\":\"es\",\"potentialAction\":[{\"@type\":\"CommentAction\",\"name\":\"Comment\",\"target\":[\"https:\\\/\\\/mastorrencito.com\\\/cat\\\/el-xines-que-viu-a-la-xinesa-pero-que-no-es-xines-sino-el-meu-germa-carlos\\\/#respond\"]}]},{\"@type\":\"WebPage\",\"@id\":\"https:\\\/\\\/mastorrencito.com\\\/cat\\\/el-xines-que-viu-a-la-xinesa-pero-que-no-es-xines-sino-el-meu-germa-carlos\\\/\",\"url\":\"https:\\\/\\\/mastorrencito.com\\\/cat\\\/el-xines-que-viu-a-la-xinesa-pero-que-no-es-xines-sino-el-meu-germa-carlos\\\/\",\"name\":\"El xin\u00e8s que viu a la xinesa per\u00f2 que no \u00e9s xin\u00e8s sin\u00f3 el meu germ\u00e0 Carlos - Mas Torrencito CAT\",\"isPartOf\":{\"@id\":\"https:\\\/\\\/mastorrencito.com\\\/#website\"},\"primaryImageOfPage\":{\"@id\":\"https:\\\/\\\/mastorrencito.com\\\/cat\\\/el-xines-que-viu-a-la-xinesa-pero-que-no-es-xines-sino-el-meu-germa-carlos\\\/#primaryimage\"},\"image\":{\"@id\":\"https:\\\/\\\/mastorrencito.com\\\/cat\\\/el-xines-que-viu-a-la-xinesa-pero-que-no-es-xines-sino-el-meu-germa-carlos\\\/#primaryimage\"},\"thumbnailUrl\":\"https:\\\/\\\/mastorrencito.com\\\/cat\\\/wp-content\\\/uploads\\\/sites\\\/3\\\/carlitos.jpg\",\"datePublished\":\"2025-02-03T05:13:18+00:00\",\"description\":\"Que guai s\u00f3n les visites de la fam\u00edlia... quins records... El xin\u00e8s que viu a la xinesa per\u00f2 que no \u00e9s xin\u00e8s sin\u00f3 el meu germ\u00e0 Carlos\",\"breadcrumb\":{\"@id\":\"https:\\\/\\\/mastorrencito.com\\\/cat\\\/el-xines-que-viu-a-la-xinesa-pero-que-no-es-xines-sino-el-meu-germa-carlos\\\/#breadcrumb\"},\"inLanguage\":\"es\",\"potentialAction\":[{\"@type\":\"ReadAction\",\"target\":[\"https:\\\/\\\/mastorrencito.com\\\/cat\\\/el-xines-que-viu-a-la-xinesa-pero-que-no-es-xines-sino-el-meu-germa-carlos\\\/\"]}]},{\"@type\":\"ImageObject\",\"inLanguage\":\"es\",\"@id\":\"https:\\\/\\\/mastorrencito.com\\\/cat\\\/el-xines-que-viu-a-la-xinesa-pero-que-no-es-xines-sino-el-meu-germa-carlos\\\/#primaryimage\",\"url\":\"https:\\\/\\\/mastorrencito.com\\\/cat\\\/wp-content\\\/uploads\\\/sites\\\/3\\\/carlitos.jpg\",\"contentUrl\":\"https:\\\/\\\/mastorrencito.com\\\/cat\\\/wp-content\\\/uploads\\\/sites\\\/3\\\/carlitos.jpg\",\"width\":1200,\"height\":1600,\"caption\":\"Carlso Chirdi en Chino de MasTorrencito\"},{\"@type\":\"BreadcrumbList\",\"@id\":\"https:\\\/\\\/mastorrencito.com\\\/cat\\\/el-xines-que-viu-a-la-xinesa-pero-que-no-es-xines-sino-el-meu-germa-carlos\\\/#breadcrumb\",\"itemListElement\":[{\"@type\":\"ListItem\",\"position\":1,\"name\":\"Portada\",\"item\":\"https:\\\/\\\/mastorrencito.com\\\/\"},{\"@type\":\"ListItem\",\"position\":2,\"name\":\"El xin\u00e8s que viu a la xinesa per\u00f2 que no \u00e9s xin\u00e8s sin\u00f3 el meu germ\u00e0 Carlos\"}]},{\"@type\":\"WebSite\",\"@id\":\"https:\\\/\\\/mastorrencito.com\\\/#website\",\"url\":\"https:\\\/\\\/mastorrencito.com\\\/\",\"name\":\"Mas Torrencito CAT\",\"description\":\"Casa rural pet friendly en Girona\",\"publisher\":{\"@id\":\"https:\\\/\\\/mastorrencito.com\\\/#organization\"},\"potentialAction\":[{\"@type\":\"SearchAction\",\"target\":{\"@type\":\"EntryPoint\",\"urlTemplate\":\"https:\\\/\\\/mastorrencito.com\\\/?s={search_term_string}\"},\"query-input\":{\"@type\":\"PropertyValueSpecification\",\"valueRequired\":true,\"valueName\":\"search_term_string\"}}],\"inLanguage\":\"es\"},{\"@type\":\"Organization\",\"@id\":\"https:\\\/\\\/mastorrencito.com\\\/#organization\",\"name\":\"Mas Torrencito CAT\",\"url\":\"https:\\\/\\\/mastorrencito.com\\\/\",\"logo\":{\"@type\":\"ImageObject\",\"inLanguage\":\"es\",\"@id\":\"https:\\\/\\\/mastorrencito.com\\\/#\\\/schema\\\/logo\\\/image\\\/\",\"url\":\"https:\\\/\\\/mastorrencito.com\\\/cat\\\/wp-content\\\/uploads\\\/sites\\\/3\\\/Logo-Mastorrencito-horizontal.webp\",\"contentUrl\":\"https:\\\/\\\/mastorrencito.com\\\/cat\\\/wp-content\\\/uploads\\\/sites\\\/3\\\/Logo-Mastorrencito-horizontal.webp\",\"width\":161,\"height\":54,\"caption\":\"Mas Torrencito CAT\"},\"image\":{\"@id\":\"https:\\\/\\\/mastorrencito.com\\\/#\\\/schema\\\/logo\\\/image\\\/\"}},{\"@type\":\"Person\",\"@id\":\"https:\\\/\\\/mastorrencito.com\\\/#\\\/schema\\\/person\\\/18c619be80d4ae2667c702911625f790\",\"name\":\"Mastorrencito\",\"image\":{\"@type\":\"ImageObject\",\"inLanguage\":\"es\",\"@id\":\"https:\\\/\\\/secure.gravatar.com\\\/avatar\\\/3ef55e0519f987a734c21caee1423b51df7b760b7d81a38ecd31cab0a5115f6d?s=96&d=mm&r=g\",\"url\":\"https:\\\/\\\/secure.gravatar.com\\\/avatar\\\/3ef55e0519f987a734c21caee1423b51df7b760b7d81a38ecd31cab0a5115f6d?s=96&d=mm&r=g\",\"contentUrl\":\"https:\\\/\\\/secure.gravatar.com\\\/avatar\\\/3ef55e0519f987a734c21caee1423b51df7b760b7d81a38ecd31cab0a5115f6d?s=96&d=mm&r=g\",\"caption\":\"Mastorrencito\"},\"url\":\"https:\\\/\\\/mastorrencito.com\\\/cat\\\/author\\\/mastorrencito\\\/\"}]}<\/script>\n<!-- \/ Yoast SEO Premium plugin. -->","yoast_head_json":{"title":"El xin\u00e8s que viu a la xinesa per\u00f2 que no \u00e9s xin\u00e8s sin\u00f3 el meu germ\u00e0 Carlos - Mas Torrencito CAT","description":"Que guai s\u00f3n les visites de la fam\u00edlia... quins records... El xin\u00e8s que viu a la xinesa per\u00f2 que no \u00e9s xin\u00e8s sin\u00f3 el meu germ\u00e0 Carlos","robots":{"index":"index","follow":"follow","max-snippet":"max-snippet:-1","max-image-preview":"max-image-preview:large","max-video-preview":"max-video-preview:-1"},"canonical":"https:\/\/mastorrencito.com\/cat\/el-xines-que-viu-a-la-xinesa-pero-que-no-es-xines-sino-el-meu-germa-carlos\/","og_locale":"es_ES","og_type":"article","og_title":"El xin\u00e8s que viu a la xinesa per\u00f2 que no \u00e9s xin\u00e8s sin\u00f3 el meu germ\u00e0 Carlos","og_description":"Que guai s\u00f3n les visites de la fam\u00edlia... quins records... El xin\u00e8s que viu a la xinesa per\u00f2 que no \u00e9s xin\u00e8s sin\u00f3 el meu germ\u00e0 Carlos","og_url":"https:\/\/mastorrencito.com\/cat\/el-xines-que-viu-a-la-xinesa-pero-que-no-es-xines-sino-el-meu-germa-carlos\/","og_site_name":"Mas Torrencito CAT","article_published_time":"2025-02-03T05:13:18+00:00","og_image":[{"width":1200,"height":1600,"url":"https:\/\/mastorrencito.com\/cat\/wp-content\/uploads\/sites\/3\/carlitos.jpg","type":"image\/jpeg"}],"author":"Mastorrencito","twitter_card":"summary_large_image","twitter_misc":{"Escrito por":"Mastorrencito","Tiempo de lectura":"5 minutos"},"schema":{"@context":"https:\/\/schema.org","@graph":[{"@type":"Article","@id":"https:\/\/mastorrencito.com\/cat\/el-xines-que-viu-a-la-xinesa-pero-que-no-es-xines-sino-el-meu-germa-carlos\/#article","isPartOf":{"@id":"https:\/\/mastorrencito.com\/cat\/el-xines-que-viu-a-la-xinesa-pero-que-no-es-xines-sino-el-meu-germa-carlos\/"},"author":{"name":"Mastorrencito","@id":"https:\/\/mastorrencito.com\/#\/schema\/person\/18c619be80d4ae2667c702911625f790"},"headline":"El xin\u00e8s que viu a la xinesa per\u00f2 que no \u00e9s xin\u00e8s sin\u00f3 el meu germ\u00e0 Carlos","datePublished":"2025-02-03T05:13:18+00:00","mainEntityOfPage":{"@id":"https:\/\/mastorrencito.com\/cat\/el-xines-que-viu-a-la-xinesa-pero-que-no-es-xines-sino-el-meu-germa-carlos\/"},"wordCount":1021,"commentCount":0,"publisher":{"@id":"https:\/\/mastorrencito.com\/#organization"},"image":{"@id":"https:\/\/mastorrencito.com\/cat\/el-xines-que-viu-a-la-xinesa-pero-que-no-es-xines-sino-el-meu-germa-carlos\/#primaryimage"},"thumbnailUrl":"https:\/\/mastorrencito.com\/cat\/wp-content\/uploads\/sites\/3\/carlitos.jpg","articleSection":["Hist\u00f2ries Mastorrencito"],"inLanguage":"es","potentialAction":[{"@type":"CommentAction","name":"Comment","target":["https:\/\/mastorrencito.com\/cat\/el-xines-que-viu-a-la-xinesa-pero-que-no-es-xines-sino-el-meu-germa-carlos\/#respond"]}]},{"@type":"WebPage","@id":"https:\/\/mastorrencito.com\/cat\/el-xines-que-viu-a-la-xinesa-pero-que-no-es-xines-sino-el-meu-germa-carlos\/","url":"https:\/\/mastorrencito.com\/cat\/el-xines-que-viu-a-la-xinesa-pero-que-no-es-xines-sino-el-meu-germa-carlos\/","name":"El xin\u00e8s que viu a la xinesa per\u00f2 que no \u00e9s xin\u00e8s sin\u00f3 el meu germ\u00e0 Carlos - Mas Torrencito CAT","isPartOf":{"@id":"https:\/\/mastorrencito.com\/#website"},"primaryImageOfPage":{"@id":"https:\/\/mastorrencito.com\/cat\/el-xines-que-viu-a-la-xinesa-pero-que-no-es-xines-sino-el-meu-germa-carlos\/#primaryimage"},"image":{"@id":"https:\/\/mastorrencito.com\/cat\/el-xines-que-viu-a-la-xinesa-pero-que-no-es-xines-sino-el-meu-germa-carlos\/#primaryimage"},"thumbnailUrl":"https:\/\/mastorrencito.com\/cat\/wp-content\/uploads\/sites\/3\/carlitos.jpg","datePublished":"2025-02-03T05:13:18+00:00","description":"Que guai s\u00f3n les visites de la fam\u00edlia... quins records... El xin\u00e8s que viu a la xinesa per\u00f2 que no \u00e9s xin\u00e8s sin\u00f3 el meu germ\u00e0 Carlos","breadcrumb":{"@id":"https:\/\/mastorrencito.com\/cat\/el-xines-que-viu-a-la-xinesa-pero-que-no-es-xines-sino-el-meu-germa-carlos\/#breadcrumb"},"inLanguage":"es","potentialAction":[{"@type":"ReadAction","target":["https:\/\/mastorrencito.com\/cat\/el-xines-que-viu-a-la-xinesa-pero-que-no-es-xines-sino-el-meu-germa-carlos\/"]}]},{"@type":"ImageObject","inLanguage":"es","@id":"https:\/\/mastorrencito.com\/cat\/el-xines-que-viu-a-la-xinesa-pero-que-no-es-xines-sino-el-meu-germa-carlos\/#primaryimage","url":"https:\/\/mastorrencito.com\/cat\/wp-content\/uploads\/sites\/3\/carlitos.jpg","contentUrl":"https:\/\/mastorrencito.com\/cat\/wp-content\/uploads\/sites\/3\/carlitos.jpg","width":1200,"height":1600,"caption":"Carlso Chirdi en Chino de MasTorrencito"},{"@type":"BreadcrumbList","@id":"https:\/\/mastorrencito.com\/cat\/el-xines-que-viu-a-la-xinesa-pero-que-no-es-xines-sino-el-meu-germa-carlos\/#breadcrumb","itemListElement":[{"@type":"ListItem","position":1,"name":"Portada","item":"https:\/\/mastorrencito.com\/"},{"@type":"ListItem","position":2,"name":"El xin\u00e8s que viu a la xinesa per\u00f2 que no \u00e9s xin\u00e8s sin\u00f3 el meu germ\u00e0 Carlos"}]},{"@type":"WebSite","@id":"https:\/\/mastorrencito.com\/#website","url":"https:\/\/mastorrencito.com\/","name":"Mas Torrencito CAT","description":"Casa rural pet friendly en Girona","publisher":{"@id":"https:\/\/mastorrencito.com\/#organization"},"potentialAction":[{"@type":"SearchAction","target":{"@type":"EntryPoint","urlTemplate":"https:\/\/mastorrencito.com\/?s={search_term_string}"},"query-input":{"@type":"PropertyValueSpecification","valueRequired":true,"valueName":"search_term_string"}}],"inLanguage":"es"},{"@type":"Organization","@id":"https:\/\/mastorrencito.com\/#organization","name":"Mas Torrencito CAT","url":"https:\/\/mastorrencito.com\/","logo":{"@type":"ImageObject","inLanguage":"es","@id":"https:\/\/mastorrencito.com\/#\/schema\/logo\/image\/","url":"https:\/\/mastorrencito.com\/cat\/wp-content\/uploads\/sites\/3\/Logo-Mastorrencito-horizontal.webp","contentUrl":"https:\/\/mastorrencito.com\/cat\/wp-content\/uploads\/sites\/3\/Logo-Mastorrencito-horizontal.webp","width":161,"height":54,"caption":"Mas Torrencito CAT"},"image":{"@id":"https:\/\/mastorrencito.com\/#\/schema\/logo\/image\/"}},{"@type":"Person","@id":"https:\/\/mastorrencito.com\/#\/schema\/person\/18c619be80d4ae2667c702911625f790","name":"Mastorrencito","image":{"@type":"ImageObject","inLanguage":"es","@id":"https:\/\/secure.gravatar.com\/avatar\/3ef55e0519f987a734c21caee1423b51df7b760b7d81a38ecd31cab0a5115f6d?s=96&d=mm&r=g","url":"https:\/\/secure.gravatar.com\/avatar\/3ef55e0519f987a734c21caee1423b51df7b760b7d81a38ecd31cab0a5115f6d?s=96&d=mm&r=g","contentUrl":"https:\/\/secure.gravatar.com\/avatar\/3ef55e0519f987a734c21caee1423b51df7b760b7d81a38ecd31cab0a5115f6d?s=96&d=mm&r=g","caption":"Mastorrencito"},"url":"https:\/\/mastorrencito.com\/cat\/author\/mastorrencito\/"}]}},"acf":[],"_links":{"self":[{"href":"https:\/\/mastorrencito.com\/cat\/wp-json\/wp\/v2\/posts\/3451","targetHints":{"allow":["GET"]}}],"collection":[{"href":"https:\/\/mastorrencito.com\/cat\/wp-json\/wp\/v2\/posts"}],"about":[{"href":"https:\/\/mastorrencito.com\/cat\/wp-json\/wp\/v2\/types\/post"}],"author":[{"embeddable":true,"href":"https:\/\/mastorrencito.com\/cat\/wp-json\/wp\/v2\/users\/2"}],"replies":[{"embeddable":true,"href":"https:\/\/mastorrencito.com\/cat\/wp-json\/wp\/v2\/comments?post=3451"}],"version-history":[{"count":0,"href":"https:\/\/mastorrencito.com\/cat\/wp-json\/wp\/v2\/posts\/3451\/revisions"}],"wp:featuredmedia":[{"embeddable":true,"href":"https:\/\/mastorrencito.com\/cat\/wp-json\/wp\/v2\/media\/3447"}],"wp:attachment":[{"href":"https:\/\/mastorrencito.com\/cat\/wp-json\/wp\/v2\/media?parent=3451"}],"wp:term":[{"taxonomy":"category","embeddable":true,"href":"https:\/\/mastorrencito.com\/cat\/wp-json\/wp\/v2\/categories?post=3451"},{"taxonomy":"post_tag","embeddable":true,"href":"https:\/\/mastorrencito.com\/cat\/wp-json\/wp\/v2\/tags?post=3451"}],"curies":[{"name":"wp","href":"https:\/\/api.w.org\/{rel}","templated":true}]}}