{"id":3441,"date":"2025-02-03T05:13:18","date_gmt":"2025-02-03T05:13:18","guid":{"rendered":"https:\/\/casaruralconperrosgirona.com\/?p=3441"},"modified":"2025-02-03T05:13:18","modified_gmt":"2025-02-03T05:13:18","slug":"el-chino-que-vive-en-china-pero-que-no-es-chino-sino-mi-hermano-carlos","status":"publish","type":"post","link":"https:\/\/mastorrencito.com\/cat\/el-chino-que-vive-en-china-pero-que-no-es-chino-sino-mi-hermano-carlos\/","title":{"rendered":"El chino que vive en china pero que no es chino sino mi hermano Carlos"},"content":{"rendered":"\n<hr class=\"wp-block-separator has-alpha-channel-opacity\" \/>\n\n\n\n<h3 class=\"wp-block-heading\">Ayer lleg\u00f3 <strong>el Chino<\/strong>. Y no, no me refiero a un vecino ni a un amigo, sino a <strong>mi hermano Carlos<\/strong>, al que llamo as\u00ed porque lleva tantos a\u00f1os viviendo en China que ya forma parte de \u00e9l. <strong>Su historia es de esas que merecen ser contadas<\/strong>, porque si alguien ha sabido arriesgar, atreverse y lanzarse al vac\u00edo sin miedo, ha sido \u00e9l.<\/h3>\n\n\n\n<p><\/p>\n\n\n\n<hr class=\"wp-block-separator has-alpha-channel-opacity\" \/>\n\n\n\n<h3 class=\"wp-block-heading\"><strong>El Chino que vino de China<\/strong><\/h3>\n\n\n\n<p>Carlos fue un <strong>pionero<\/strong> en su mundo. Mientras otros so\u00f1aban con quedarse en su zona de confort, \u00e9l <strong>cruz\u00f3 medio planeta<\/strong> y mont\u00f3 el primer <strong>restaurante espa\u00f1ol en Pek\u00edn<\/strong>. Pero no se detuvo ah\u00ed. <strong>Mont\u00f3 un centro comercial entero<\/strong>, <strong>El Patio Nali<\/strong>, que hoy en d\u00eda es <strong>uno de los sitios m\u00e1s de moda en la capital china<\/strong>. Un lugar exclusivo, lleno de restaurantes, bares y tiendas de lujo, <strong>donde todo Pek\u00edn quiere ir a ver y ser visto<\/strong>.<\/p>\n\n\n<figure class=\"wp-block-post-featured-image\"><img fetchpriority=\"high\" decoding=\"async\" width=\"1200\" height=\"1600\" src=\"https:\/\/mastorrencito.com\/cat\/wp-content\/uploads\/sites\/3\/carlitos.jpg\" class=\"attachment-post-thumbnail size-post-thumbnail wp-post-image\" alt=\"Carlso Chirdi en Chino de MasTorrencito\" style=\"object-fit:cover;\" srcset=\"https:\/\/mastorrencito.com\/cat\/wp-content\/uploads\/sites\/3\/carlitos.jpg 1200w, https:\/\/mastorrencito.com\/cat\/wp-content\/uploads\/sites\/3\/carlitos-225x300.jpg 225w, https:\/\/mastorrencito.com\/cat\/wp-content\/uploads\/sites\/3\/carlitos-768x1024.jpg 768w, https:\/\/mastorrencito.com\/cat\/wp-content\/uploads\/sites\/3\/carlitos-1152x1536.jpg 1152w\" sizes=\"(max-width: 1200px) 100vw, 1200px\" \/><\/figure>\n\n\n<p>\ud83d\udccd Pero el camino hasta ah\u00ed no fue f\u00e1cil. Cuando Carlos lleg\u00f3 a China, mont\u00f3 <strong>un restaurante con un socio suizo<\/strong>, un hombre que ten\u00eda <strong>bodegas de vino<\/strong> y con el que compart\u00eda el sue\u00f1o de traer lo mejor de Europa al coraz\u00f3n de Asia. La historia del suizo, sin embargo, <strong>acab\u00f3 de una forma que parece sacada de una pel\u00edcula de misterio<\/strong>. Si la memoria no me falla\u2026 <strong>fue asesinado<\/strong>. O eso es lo que yo recuerdo. Un episodio oscuro y confuso que qued\u00f3 en las sombras de su vida en China.<\/p>\n\n\n\n<p>A pesar de todo, <strong>Carlos sigui\u00f3 adelante<\/strong>. Y no solo construy\u00f3 su propio imperio, sino que <strong>ayud\u00f3 a muchos otros a abrirse camino en Pek\u00edn<\/strong>. Empresarios, chefs, comerciantes, so\u00f1adores que quer\u00edan instalarse en la capital china encontraron en \u00e9l <strong>una mano amiga<\/strong>. Si alguna vez un espa\u00f1ol ha querido montar algo en Pek\u00edn, <strong>seguramente mi hermano ha tenido algo que ver<\/strong>.<\/p>\n\n\n\n<hr class=\"wp-block-separator has-alpha-channel-opacity\" \/>\n\n\n\n<h3 class=\"wp-block-heading\"><strong>El Akita, la joya prohibida de Pek\u00edn<\/strong><\/h3>\n\n\n\n<p>Ah, pero se me olvidaba un <strong>detalle importante<\/strong>: <strong>el perro<\/strong>. Porque s\u00ed, Carlos no solo tiene negocios en medio mundo, sino que adem\u00e1s tiene <strong>un s\u00faper perro<\/strong>.<\/p>\n\n\n\n<p>Se trata de <strong>un Akita Inu<\/strong>, un perro majestuoso, fuerte y noble, de esos que solo se ven en las pel\u00edculas. Es <strong>su compa\u00f1ero fiel<\/strong>, pero tenerlo en Pek\u00edn no es precisamente f\u00e1cil. <strong>Las leyes han cambiado y ahora los Akitas est\u00e1n prohibidos a menos de 20 kil\u00f3metros de la ciudad<\/strong>. As\u00ed que\u2026 <strong>imagina la odisea que supone pasearlo<\/strong>.<\/p>\n\n\n\n<p>Carlos y su familia han tenido que <strong>ingeni\u00e1rselas para que el perro no llame la atenci\u00f3n<\/strong>. Lo sacan <strong>de noche, a escondidas<\/strong>, evitan ciertos lugares y lo llevan con <strong>precauci\u00f3n extrema<\/strong>. <strong>Nosotros nos quejamos de sacar a pasear a nuestros perros\u2026 pero esto s\u00ed que es un reto<\/strong>. \u00a1Y aun as\u00ed, no se deshace de \u00e9l! Porque si algo tiene mi hermano, es <strong>lealtad<\/strong>. Y este Akita forma parte de su vida, aunque le toque vivir <strong>medio en la clandestinidad<\/strong>.<\/p>\n\n\n\n<hr class=\"wp-block-separator has-alpha-channel-opacity\" \/>\n\n\n\n<h3 class=\"wp-block-heading\"><strong>El d\u00eda que el Chino vino a mi boda<\/strong><\/h3>\n\n\n\n<p>Si hay un momento en el que mi hermano demostr\u00f3 lo que est\u00e1 dispuesto a hacer por la familia, fue el d\u00eda de <strong>mi boda<\/strong>. Imaginen el l\u00edo: <strong>avisarlo con apenas 20 d\u00edas de antelaci\u00f3n<\/strong> y pedirle que cruzara medio planeta con toda su familia. Pero lo hizo. <strong>A su manera, claro<\/strong>. Porque con \u00e9l, <strong>nunca nada es sencillo<\/strong>.<\/p>\n\n\n\n<p>\ud83d\udccc <strong>Primero dijo que ven\u00eda solo.<\/strong><br>\ud83d\udccc Luego que ven\u00eda \u00e9l y YaKon.<br>\ud83d\udccc Luego que ven\u00eda \u00e9l, YaKon y mi sobrino.<br>\ud83d\udccc Y al final\u2026 \u00a1apareci\u00f3 <strong>uno m\u00e1s<\/strong>! \ud83d\ude06<\/p>\n\n\n\n<p>Pero ah\u00ed estaban, todos juntos. Eso s\u00ed, el d\u00eda de la boda qued\u00f3 grabado en la memoria de los invitados por <strong>dos razones<\/strong>:<br>1\ufe0f\u20e3 <strong>La lluvia m\u00e1s \u00e9pica jam\u00e1s vista<\/strong> \u2614. En toda la primavera <strong>no llovi\u00f3 m\u00e1s que aquel d\u00eda<\/strong>, pero <strong>llovi\u00f3 como si el cielo se cayera a pedazos<\/strong>.<br>2\ufe0f\u20e3 <strong>El desfile de YaKon<\/strong>. No es broma. <strong>Dicen que se cambi\u00f3 de vestido tres o cuatro veces<\/strong> durante la boda. Y si no fueron cuatro, <strong>no fueron ninguna<\/strong>.<\/p>\n\n\n\n<p>Yo, en medio del caos y la emoci\u00f3n, <strong>ni me enter\u00e9<\/strong>. Pero <strong>las \u00abellas\u00bb s\u00ed<\/strong>, y se encargaron de record\u00e1rmelo despu\u00e9s \ud83d\ude02.<\/p>\n\n\n\n<hr class=\"wp-block-separator has-alpha-channel-opacity\" \/>\n\n\n\n<h3 class=\"wp-block-heading\"><strong>Carlos, un alma libre<\/strong><\/h3>\n\n\n\n<p>Lo que m\u00e1s admiro de Carlos no es su \u00e9xito, ni su vida de pel\u00edcula. Es <strong>su tranquilidad<\/strong>. Parece como si <strong>los problemas no le afectaran<\/strong>, como si tuviera una armadura invisible que le permite caminar sin que el mundo lo lastime. Nunca lo he visto <strong>cabreado, ni alterado, ni perder la sonrisa<\/strong>.<\/p>\n\n\n\n<p>En eso, <strong>se parece mucho a nuestro padre, Don Andr\u00e9s<\/strong>. Misma forma de estar, mismo car\u00e1cter sereno. Y lo m\u00e1s curioso es que los dos comparten algo m\u00e1s: <strong>la misma sonrisa y la misma dentadura Profid\u00e9n<\/strong> \ud83d\ude06.<\/p>\n\n\n\n<p>Carlos es de esos que, aunque est\u00e9 a <strong>miles de kil\u00f3metros<\/strong>, sigue estando cerca. Y aunque su vida parezca un torbellino de viajes, negocios y proyectos imposibles, <strong>cuando aparece, siempre deja un trocito de su magia en el aire<\/strong>.<\/p>\n\n\n\n<p>Ayer lo vi, <strong>hoy ya se va<\/strong>, y qui\u00e9n sabe cu\u00e1ndo volveremos a coincidir. Pero una cosa es segura:<br>\ud83d\udcab <strong>Siempre es un placer cuando el Chino vuelve a casa.<\/strong> \ud83d\udcab<\/p>\n\n\n\n<hr class=\"wp-block-separator has-alpha-channel-opacity\" \/>\n\n\n\n<blockquote class=\"wp-block-quote is-layout-flow wp-block-quote-is-layout-flow\">\n<p>Desde MasTorrencito te deseamos un buen d\u00eda y que tus perros te acompa\u00f1en!!!!<\/p>\n<\/blockquote>\n\n\n\n<p>\u2014\u2013<br>Si quieres, puede ver nuestros&nbsp;<strong>bonos para fines de semana, bonos jubilados<\/strong>&nbsp;, a un precio incre\u00edble..entra en&nbsp;<a href=\"https:\/\/www.mastorrencito.com\/\">www.mastorrencito.com<\/a>&nbsp;o si quieres podeis leer m\u00e1s historia y an\u00e9cdotas que nos han pasado en Mas Torrencito\u2026 Haz click&nbsp;<a href=\"https:\/\/mastorrencito.com\/es\/\">aqu\u00ed<\/a><\/p>\n","protected":false},"excerpt":{"rendered":"<p>Ayer lleg\u00f3 el Chino. Y no, no me refiero a un vecino ni a un amigo, sino a mi hermano Carlos, al que llamo as\u00ed porque lleva tantos a\u00f1os viviendo en China que ya forma parte de \u00e9l. Su historia es de esas que merecen ser contadas, porque si alguien ha sabido arriesgar, atreverse y [&hellip;]<\/p>\n","protected":false},"author":2,"featured_media":3447,"comment_status":"open","ping_status":"closed","sticky":false,"template":"","format":"standard","meta":{"_acf_changed":false,"footnotes":""},"categories":[36],"tags":[],"class_list":["post-3441","post","type-post","status-publish","format-standard","has-post-thumbnail","hentry","category-historias-de-mastorrencito"],"yoast_head":"<!-- This site is optimized with the Yoast SEO Premium plugin v27.3 (Yoast SEO v27.5) - https:\/\/yoast.com\/product\/yoast-seo-premium-wordpress\/ -->\n<title>El chino que vive en china pero que no es chino sino mi hermano Carlos - Mas Torrencito CAT<\/title>\n<meta name=\"description\" content=\"Que guay son las visitas de la familia... que recuerdos... El chino que vive en china pero que no es chino sino mi hermano Carlos\" \/>\n<meta name=\"robots\" content=\"index, follow, max-snippet:-1, max-image-preview:large, max-video-preview:-1\" \/>\n<link rel=\"canonical\" href=\"https:\/\/mastorrencito.com\/cat\/el-chino-que-vive-en-china-pero-que-no-es-chino-sino-mi-hermano-carlos\/\" \/>\n<meta property=\"og:locale\" content=\"es_ES\" \/>\n<meta property=\"og:type\" content=\"article\" \/>\n<meta property=\"og:title\" content=\"El chino que vive en china pero que no es chino sino mi hermano Carlos\" \/>\n<meta property=\"og:description\" content=\"Que guay son las visitas de la familia... que recuerdos... El chino que vive en china pero que no es chino sino mi hermano Carlos\" \/>\n<meta property=\"og:url\" content=\"https:\/\/mastorrencito.com\/cat\/el-chino-que-vive-en-china-pero-que-no-es-chino-sino-mi-hermano-carlos\/\" \/>\n<meta property=\"og:site_name\" content=\"Mas Torrencito CAT\" \/>\n<meta property=\"article:published_time\" content=\"2025-02-03T05:13:18+00:00\" \/>\n<meta property=\"og:image\" content=\"https:\/\/mastorrencito.com\/cat\/wp-content\/uploads\/sites\/3\/carlitos.jpg\" \/>\n\t<meta property=\"og:image:width\" content=\"1200\" \/>\n\t<meta property=\"og:image:height\" content=\"1600\" \/>\n\t<meta property=\"og:image:type\" content=\"image\/jpeg\" \/>\n<meta name=\"author\" content=\"Mastorrencito\" \/>\n<meta name=\"twitter:card\" content=\"summary_large_image\" \/>\n<meta name=\"twitter:label1\" content=\"Escrito por\" \/>\n\t<meta name=\"twitter:data1\" content=\"Mastorrencito\" \/>\n\t<meta name=\"twitter:label2\" content=\"Tiempo de lectura\" \/>\n\t<meta name=\"twitter:data2\" content=\"5 minutos\" \/>\n<script type=\"application\/ld+json\" class=\"yoast-schema-graph\">{\"@context\":\"https:\\\/\\\/schema.org\",\"@graph\":[{\"@type\":\"Article\",\"@id\":\"https:\\\/\\\/mastorrencito.com\\\/cat\\\/el-chino-que-vive-en-china-pero-que-no-es-chino-sino-mi-hermano-carlos\\\/#article\",\"isPartOf\":{\"@id\":\"https:\\\/\\\/mastorrencito.com\\\/cat\\\/el-chino-que-vive-en-china-pero-que-no-es-chino-sino-mi-hermano-carlos\\\/\"},\"author\":{\"name\":\"Mastorrencito\",\"@id\":\"https:\\\/\\\/mastorrencito.com\\\/#\\\/schema\\\/person\\\/18c619be80d4ae2667c702911625f790\"},\"headline\":\"El chino que vive en china pero que no es chino sino mi hermano Carlos\",\"datePublished\":\"2025-02-03T05:13:18+00:00\",\"mainEntityOfPage\":{\"@id\":\"https:\\\/\\\/mastorrencito.com\\\/cat\\\/el-chino-que-vive-en-china-pero-que-no-es-chino-sino-mi-hermano-carlos\\\/\"},\"wordCount\":960,\"commentCount\":1,\"publisher\":{\"@id\":\"https:\\\/\\\/mastorrencito.com\\\/#organization\"},\"image\":{\"@id\":\"https:\\\/\\\/mastorrencito.com\\\/cat\\\/el-chino-que-vive-en-china-pero-que-no-es-chino-sino-mi-hermano-carlos\\\/#primaryimage\"},\"thumbnailUrl\":\"https:\\\/\\\/mastorrencito.com\\\/cat\\\/wp-content\\\/uploads\\\/sites\\\/3\\\/carlitos.jpg\",\"articleSection\":[\"Historias de Mastorrencito\"],\"inLanguage\":\"es\",\"potentialAction\":[{\"@type\":\"CommentAction\",\"name\":\"Comment\",\"target\":[\"https:\\\/\\\/mastorrencito.com\\\/cat\\\/el-chino-que-vive-en-china-pero-que-no-es-chino-sino-mi-hermano-carlos\\\/#respond\"]}]},{\"@type\":\"WebPage\",\"@id\":\"https:\\\/\\\/mastorrencito.com\\\/cat\\\/el-chino-que-vive-en-china-pero-que-no-es-chino-sino-mi-hermano-carlos\\\/\",\"url\":\"https:\\\/\\\/mastorrencito.com\\\/cat\\\/el-chino-que-vive-en-china-pero-que-no-es-chino-sino-mi-hermano-carlos\\\/\",\"name\":\"El chino que vive en china pero que no es chino sino mi hermano Carlos - Mas Torrencito CAT\",\"isPartOf\":{\"@id\":\"https:\\\/\\\/mastorrencito.com\\\/#website\"},\"primaryImageOfPage\":{\"@id\":\"https:\\\/\\\/mastorrencito.com\\\/cat\\\/el-chino-que-vive-en-china-pero-que-no-es-chino-sino-mi-hermano-carlos\\\/#primaryimage\"},\"image\":{\"@id\":\"https:\\\/\\\/mastorrencito.com\\\/cat\\\/el-chino-que-vive-en-china-pero-que-no-es-chino-sino-mi-hermano-carlos\\\/#primaryimage\"},\"thumbnailUrl\":\"https:\\\/\\\/mastorrencito.com\\\/cat\\\/wp-content\\\/uploads\\\/sites\\\/3\\\/carlitos.jpg\",\"datePublished\":\"2025-02-03T05:13:18+00:00\",\"description\":\"Que guay son las visitas de la familia... que recuerdos... El chino que vive en china pero que no es chino sino mi hermano Carlos\",\"breadcrumb\":{\"@id\":\"https:\\\/\\\/mastorrencito.com\\\/cat\\\/el-chino-que-vive-en-china-pero-que-no-es-chino-sino-mi-hermano-carlos\\\/#breadcrumb\"},\"inLanguage\":\"es\",\"potentialAction\":[{\"@type\":\"ReadAction\",\"target\":[\"https:\\\/\\\/mastorrencito.com\\\/cat\\\/el-chino-que-vive-en-china-pero-que-no-es-chino-sino-mi-hermano-carlos\\\/\"]}]},{\"@type\":\"ImageObject\",\"inLanguage\":\"es\",\"@id\":\"https:\\\/\\\/mastorrencito.com\\\/cat\\\/el-chino-que-vive-en-china-pero-que-no-es-chino-sino-mi-hermano-carlos\\\/#primaryimage\",\"url\":\"https:\\\/\\\/mastorrencito.com\\\/cat\\\/wp-content\\\/uploads\\\/sites\\\/3\\\/carlitos.jpg\",\"contentUrl\":\"https:\\\/\\\/mastorrencito.com\\\/cat\\\/wp-content\\\/uploads\\\/sites\\\/3\\\/carlitos.jpg\",\"width\":1200,\"height\":1600,\"caption\":\"Carlso Chirdi en Chino de MasTorrencito\"},{\"@type\":\"BreadcrumbList\",\"@id\":\"https:\\\/\\\/mastorrencito.com\\\/cat\\\/el-chino-que-vive-en-china-pero-que-no-es-chino-sino-mi-hermano-carlos\\\/#breadcrumb\",\"itemListElement\":[{\"@type\":\"ListItem\",\"position\":1,\"name\":\"Portada\",\"item\":\"https:\\\/\\\/mastorrencito.com\\\/\"},{\"@type\":\"ListItem\",\"position\":2,\"name\":\"El chino que vive en china pero que no es chino sino mi hermano Carlos\"}]},{\"@type\":\"WebSite\",\"@id\":\"https:\\\/\\\/mastorrencito.com\\\/#website\",\"url\":\"https:\\\/\\\/mastorrencito.com\\\/\",\"name\":\"Mas Torrencito CAT\",\"description\":\"Casa rural pet friendly en Girona\",\"publisher\":{\"@id\":\"https:\\\/\\\/mastorrencito.com\\\/#organization\"},\"potentialAction\":[{\"@type\":\"SearchAction\",\"target\":{\"@type\":\"EntryPoint\",\"urlTemplate\":\"https:\\\/\\\/mastorrencito.com\\\/?s={search_term_string}\"},\"query-input\":{\"@type\":\"PropertyValueSpecification\",\"valueRequired\":true,\"valueName\":\"search_term_string\"}}],\"inLanguage\":\"es\"},{\"@type\":\"Organization\",\"@id\":\"https:\\\/\\\/mastorrencito.com\\\/#organization\",\"name\":\"Mas Torrencito CAT\",\"url\":\"https:\\\/\\\/mastorrencito.com\\\/\",\"logo\":{\"@type\":\"ImageObject\",\"inLanguage\":\"es\",\"@id\":\"https:\\\/\\\/mastorrencito.com\\\/#\\\/schema\\\/logo\\\/image\\\/\",\"url\":\"https:\\\/\\\/mastorrencito.com\\\/cat\\\/wp-content\\\/uploads\\\/sites\\\/3\\\/Logo-Mastorrencito-horizontal.webp\",\"contentUrl\":\"https:\\\/\\\/mastorrencito.com\\\/cat\\\/wp-content\\\/uploads\\\/sites\\\/3\\\/Logo-Mastorrencito-horizontal.webp\",\"width\":161,\"height\":54,\"caption\":\"Mas Torrencito CAT\"},\"image\":{\"@id\":\"https:\\\/\\\/mastorrencito.com\\\/#\\\/schema\\\/logo\\\/image\\\/\"}},{\"@type\":\"Person\",\"@id\":\"https:\\\/\\\/mastorrencito.com\\\/#\\\/schema\\\/person\\\/18c619be80d4ae2667c702911625f790\",\"name\":\"Mastorrencito\",\"image\":{\"@type\":\"ImageObject\",\"inLanguage\":\"es\",\"@id\":\"https:\\\/\\\/secure.gravatar.com\\\/avatar\\\/3ef55e0519f987a734c21caee1423b51df7b760b7d81a38ecd31cab0a5115f6d?s=96&d=mm&r=g\",\"url\":\"https:\\\/\\\/secure.gravatar.com\\\/avatar\\\/3ef55e0519f987a734c21caee1423b51df7b760b7d81a38ecd31cab0a5115f6d?s=96&d=mm&r=g\",\"contentUrl\":\"https:\\\/\\\/secure.gravatar.com\\\/avatar\\\/3ef55e0519f987a734c21caee1423b51df7b760b7d81a38ecd31cab0a5115f6d?s=96&d=mm&r=g\",\"caption\":\"Mastorrencito\"},\"url\":\"https:\\\/\\\/mastorrencito.com\\\/cat\\\/author\\\/mastorrencito\\\/\"}]}<\/script>\n<!-- \/ Yoast SEO Premium plugin. -->","yoast_head_json":{"title":"El chino que vive en china pero que no es chino sino mi hermano Carlos - Mas Torrencito CAT","description":"Que guay son las visitas de la familia... que recuerdos... El chino que vive en china pero que no es chino sino mi hermano Carlos","robots":{"index":"index","follow":"follow","max-snippet":"max-snippet:-1","max-image-preview":"max-image-preview:large","max-video-preview":"max-video-preview:-1"},"canonical":"https:\/\/mastorrencito.com\/cat\/el-chino-que-vive-en-china-pero-que-no-es-chino-sino-mi-hermano-carlos\/","og_locale":"es_ES","og_type":"article","og_title":"El chino que vive en china pero que no es chino sino mi hermano Carlos","og_description":"Que guay son las visitas de la familia... que recuerdos... El chino que vive en china pero que no es chino sino mi hermano Carlos","og_url":"https:\/\/mastorrencito.com\/cat\/el-chino-que-vive-en-china-pero-que-no-es-chino-sino-mi-hermano-carlos\/","og_site_name":"Mas Torrencito CAT","article_published_time":"2025-02-03T05:13:18+00:00","og_image":[{"width":1200,"height":1600,"url":"https:\/\/mastorrencito.com\/cat\/wp-content\/uploads\/sites\/3\/carlitos.jpg","type":"image\/jpeg"}],"author":"Mastorrencito","twitter_card":"summary_large_image","twitter_misc":{"Escrito por":"Mastorrencito","Tiempo de lectura":"5 minutos"},"schema":{"@context":"https:\/\/schema.org","@graph":[{"@type":"Article","@id":"https:\/\/mastorrencito.com\/cat\/el-chino-que-vive-en-china-pero-que-no-es-chino-sino-mi-hermano-carlos\/#article","isPartOf":{"@id":"https:\/\/mastorrencito.com\/cat\/el-chino-que-vive-en-china-pero-que-no-es-chino-sino-mi-hermano-carlos\/"},"author":{"name":"Mastorrencito","@id":"https:\/\/mastorrencito.com\/#\/schema\/person\/18c619be80d4ae2667c702911625f790"},"headline":"El chino que vive en china pero que no es chino sino mi hermano Carlos","datePublished":"2025-02-03T05:13:18+00:00","mainEntityOfPage":{"@id":"https:\/\/mastorrencito.com\/cat\/el-chino-que-vive-en-china-pero-que-no-es-chino-sino-mi-hermano-carlos\/"},"wordCount":960,"commentCount":1,"publisher":{"@id":"https:\/\/mastorrencito.com\/#organization"},"image":{"@id":"https:\/\/mastorrencito.com\/cat\/el-chino-que-vive-en-china-pero-que-no-es-chino-sino-mi-hermano-carlos\/#primaryimage"},"thumbnailUrl":"https:\/\/mastorrencito.com\/cat\/wp-content\/uploads\/sites\/3\/carlitos.jpg","articleSection":["Historias de Mastorrencito"],"inLanguage":"es","potentialAction":[{"@type":"CommentAction","name":"Comment","target":["https:\/\/mastorrencito.com\/cat\/el-chino-que-vive-en-china-pero-que-no-es-chino-sino-mi-hermano-carlos\/#respond"]}]},{"@type":"WebPage","@id":"https:\/\/mastorrencito.com\/cat\/el-chino-que-vive-en-china-pero-que-no-es-chino-sino-mi-hermano-carlos\/","url":"https:\/\/mastorrencito.com\/cat\/el-chino-que-vive-en-china-pero-que-no-es-chino-sino-mi-hermano-carlos\/","name":"El chino que vive en china pero que no es chino sino mi hermano Carlos - Mas Torrencito CAT","isPartOf":{"@id":"https:\/\/mastorrencito.com\/#website"},"primaryImageOfPage":{"@id":"https:\/\/mastorrencito.com\/cat\/el-chino-que-vive-en-china-pero-que-no-es-chino-sino-mi-hermano-carlos\/#primaryimage"},"image":{"@id":"https:\/\/mastorrencito.com\/cat\/el-chino-que-vive-en-china-pero-que-no-es-chino-sino-mi-hermano-carlos\/#primaryimage"},"thumbnailUrl":"https:\/\/mastorrencito.com\/cat\/wp-content\/uploads\/sites\/3\/carlitos.jpg","datePublished":"2025-02-03T05:13:18+00:00","description":"Que guay son las visitas de la familia... que recuerdos... El chino que vive en china pero que no es chino sino mi hermano Carlos","breadcrumb":{"@id":"https:\/\/mastorrencito.com\/cat\/el-chino-que-vive-en-china-pero-que-no-es-chino-sino-mi-hermano-carlos\/#breadcrumb"},"inLanguage":"es","potentialAction":[{"@type":"ReadAction","target":["https:\/\/mastorrencito.com\/cat\/el-chino-que-vive-en-china-pero-que-no-es-chino-sino-mi-hermano-carlos\/"]}]},{"@type":"ImageObject","inLanguage":"es","@id":"https:\/\/mastorrencito.com\/cat\/el-chino-que-vive-en-china-pero-que-no-es-chino-sino-mi-hermano-carlos\/#primaryimage","url":"https:\/\/mastorrencito.com\/cat\/wp-content\/uploads\/sites\/3\/carlitos.jpg","contentUrl":"https:\/\/mastorrencito.com\/cat\/wp-content\/uploads\/sites\/3\/carlitos.jpg","width":1200,"height":1600,"caption":"Carlso Chirdi en Chino de MasTorrencito"},{"@type":"BreadcrumbList","@id":"https:\/\/mastorrencito.com\/cat\/el-chino-que-vive-en-china-pero-que-no-es-chino-sino-mi-hermano-carlos\/#breadcrumb","itemListElement":[{"@type":"ListItem","position":1,"name":"Portada","item":"https:\/\/mastorrencito.com\/"},{"@type":"ListItem","position":2,"name":"El chino que vive en china pero que no es chino sino mi hermano Carlos"}]},{"@type":"WebSite","@id":"https:\/\/mastorrencito.com\/#website","url":"https:\/\/mastorrencito.com\/","name":"Mas Torrencito CAT","description":"Casa rural pet friendly en Girona","publisher":{"@id":"https:\/\/mastorrencito.com\/#organization"},"potentialAction":[{"@type":"SearchAction","target":{"@type":"EntryPoint","urlTemplate":"https:\/\/mastorrencito.com\/?s={search_term_string}"},"query-input":{"@type":"PropertyValueSpecification","valueRequired":true,"valueName":"search_term_string"}}],"inLanguage":"es"},{"@type":"Organization","@id":"https:\/\/mastorrencito.com\/#organization","name":"Mas Torrencito CAT","url":"https:\/\/mastorrencito.com\/","logo":{"@type":"ImageObject","inLanguage":"es","@id":"https:\/\/mastorrencito.com\/#\/schema\/logo\/image\/","url":"https:\/\/mastorrencito.com\/cat\/wp-content\/uploads\/sites\/3\/Logo-Mastorrencito-horizontal.webp","contentUrl":"https:\/\/mastorrencito.com\/cat\/wp-content\/uploads\/sites\/3\/Logo-Mastorrencito-horizontal.webp","width":161,"height":54,"caption":"Mas Torrencito CAT"},"image":{"@id":"https:\/\/mastorrencito.com\/#\/schema\/logo\/image\/"}},{"@type":"Person","@id":"https:\/\/mastorrencito.com\/#\/schema\/person\/18c619be80d4ae2667c702911625f790","name":"Mastorrencito","image":{"@type":"ImageObject","inLanguage":"es","@id":"https:\/\/secure.gravatar.com\/avatar\/3ef55e0519f987a734c21caee1423b51df7b760b7d81a38ecd31cab0a5115f6d?s=96&d=mm&r=g","url":"https:\/\/secure.gravatar.com\/avatar\/3ef55e0519f987a734c21caee1423b51df7b760b7d81a38ecd31cab0a5115f6d?s=96&d=mm&r=g","contentUrl":"https:\/\/secure.gravatar.com\/avatar\/3ef55e0519f987a734c21caee1423b51df7b760b7d81a38ecd31cab0a5115f6d?s=96&d=mm&r=g","caption":"Mastorrencito"},"url":"https:\/\/mastorrencito.com\/cat\/author\/mastorrencito\/"}]}},"acf":[],"_links":{"self":[{"href":"https:\/\/mastorrencito.com\/cat\/wp-json\/wp\/v2\/posts\/3441","targetHints":{"allow":["GET"]}}],"collection":[{"href":"https:\/\/mastorrencito.com\/cat\/wp-json\/wp\/v2\/posts"}],"about":[{"href":"https:\/\/mastorrencito.com\/cat\/wp-json\/wp\/v2\/types\/post"}],"author":[{"embeddable":true,"href":"https:\/\/mastorrencito.com\/cat\/wp-json\/wp\/v2\/users\/2"}],"replies":[{"embeddable":true,"href":"https:\/\/mastorrencito.com\/cat\/wp-json\/wp\/v2\/comments?post=3441"}],"version-history":[{"count":0,"href":"https:\/\/mastorrencito.com\/cat\/wp-json\/wp\/v2\/posts\/3441\/revisions"}],"wp:featuredmedia":[{"embeddable":true,"href":"https:\/\/mastorrencito.com\/cat\/wp-json\/wp\/v2\/media\/3447"}],"wp:attachment":[{"href":"https:\/\/mastorrencito.com\/cat\/wp-json\/wp\/v2\/media?parent=3441"}],"wp:term":[{"taxonomy":"category","embeddable":true,"href":"https:\/\/mastorrencito.com\/cat\/wp-json\/wp\/v2\/categories?post=3441"},{"taxonomy":"post_tag","embeddable":true,"href":"https:\/\/mastorrencito.com\/cat\/wp-json\/wp\/v2\/tags?post=3441"}],"curies":[{"name":"wp","href":"https:\/\/api.w.org\/{rel}","templated":true}]}}