{"id":3435,"date":"2025-02-02T06:33:52","date_gmt":"2025-02-02T06:33:52","guid":{"rendered":"https:\/\/casaruralconperrosgirona.com\/quan-escriure-pesa-mes-que-el-silenci-%e2%9c%8d%ef%b8%8f-%f0%9f%92%ad\/"},"modified":"2025-02-02T06:33:52","modified_gmt":"2025-02-02T06:33:52","slug":"quan-escriure-pesa-mes-que-el-silenci-%e2%9c%8d%ef%b8%8f-%f0%9f%92%ad","status":"publish","type":"post","link":"https:\/\/mastorrencito.com\/cat\/quan-escriure-pesa-mes-que-el-silenci-%e2%9c%8d%ef%b8%8f-%f0%9f%92%ad\/","title":{"rendered":"Quan escriure pesa m\u00e9s que el silenci \u270d\ufe0f \ud83d\udcad"},"content":{"rendered":"\n<p>I avui no s\u00e9 de qu\u00e8 escriure\u2026 porto m\u00e9s de 30 minuts davant de la pantalla, amb els dits sobre el teclat, esperant que alguna cosa a la meva ment faci \u00abclic\u00bb, que una idea es coli entre el soroll dels meus pensaments i em rescati d&#8217;aquest bloqueig. Per\u00f2 no hi arriba. Res. Nom\u00e9s un gran buit. Tinc uns alemanys que van arribar ahir a la nit que volen esmorzar a les 6:30&#8230;  <\/p>\n\n<p>La veritat \u00e9s que \u00e9s la primera vegada que em passa. Sempre he estat capa\u00e7 de treure alguna cosa, encara que fora del no-res. Una hist\u00f2ria, una an\u00e8cdota, un pensament al?atzar convertit en paraules. Per\u00f2 avui no. Avui \u00e9s diferent.    <\/p>\n\n<p>Ser\u00e0 que s&#8217;ha acabat? \ud83e\udd14 Que ja nom\u00e9s cal dir? Que les idees han decidit abandonar-me, fartes que les espremi sense pietat? O ser\u00e0 m\u00e9s aviat que he perdut les ganes d&#8217;escriure?   <\/p>\n\n<p>Possiblement sigui una mica de tot\u2026<\/p>\n\n<p>Tinc el cap saturat, ple de n\u00fameros, factures, preocupacions. No hi ha espai per a les hist\u00f2ries quan la realitat pesa tant. No puc escriure sobre mons de fantasia quan el meu s&#8217;ensorra a poc a poc. No puc construir personatges quan estic massa ocupat intentant no perdre&#8217;m a mi mateix.   <\/p>\n\n<p>El negoci. El meu negoci. Aquest que tant esfor\u00e7 em va costar aixecar, que ha estat el meu refugi i la meva condemna a parts iguals. Sobreviure fins a Setmana Santa se sent com una marat\u00f3 costa amunt, amb els peus plens de ferides i l&#8217;al\u00e8 cada cop m\u00e9s curt. Cada dia es converteix en una lluita per trobar solucions que semblen no existir.    <\/p>\n<figure class=\"wp-block-post-featured-image\"><img fetchpriority=\"high\" decoding=\"async\" width=\"1024\" height=\"1024\" src=\"https:\/\/mastorrencito.com\/cat\/wp-content\/uploads\/sites\/3\/bloqueo.jpg\" class=\"attachment-post-thumbnail size-post-thumbnail wp-post-image\" alt=\"el bloqueo by MasTorrencito\" style=\"object-fit:cover;\" srcset=\"https:\/\/mastorrencito.com\/cat\/wp-content\/uploads\/sites\/3\/bloqueo.jpg 1024w, https:\/\/mastorrencito.com\/cat\/wp-content\/uploads\/sites\/3\/bloqueo-300x300.jpg 300w, https:\/\/mastorrencito.com\/cat\/wp-content\/uploads\/sites\/3\/bloqueo-150x150.jpg 150w, https:\/\/mastorrencito.com\/cat\/wp-content\/uploads\/sites\/3\/bloqueo-768x768.jpg 768w\" sizes=\"(max-width: 1024px) 100vw, 1024px\" \/><\/figure>\n<p>Faig comptes una vegada i una altra, per\u00f2 els n\u00fameros no menteixen. I fa mal. \ud83d\udc94<\/p>\n\n<p>Perqu\u00e8 sempre hi ha alguna cosa per pagar, una cosa per reposar, una cosa per arreglar. La setmana passada, sense anar m\u00e9s lluny\u2026 els cobrellits: 900 euros. \ud83d\ude13 Jocs de llen\u00e7ols: 1.800 euros. Fundes per protegir els matalassos: 350 euros. Cobreix somiers: 300 euros. I aix\u00f2 que no vaig demanar res de l&#8217;altre m\u00f3n, nom\u00e9s all\u00f2 necessari perqu\u00e8 tot continu\u00ef funcionant.     <\/p>\n\n<p>I ara toca pintar\u2026 i el preu de la pintura fa por.  <strong>Espanta.<\/strong>  Perqu\u00e8 s\u00e9 que se m&#8217;aniran com a m\u00ednim 2.000 euros, m\u00e9s el que costi que alg\u00fa m&#8217;ajudi. Cada petita despesa \u00e9s una estaca m\u00e9s en aquest ta\u00fct de preocupacions que em t\u00e9 presoner. <\/p>\n\n<p>I llavors, m&#8217;aturo.<\/p>\n\n<p>Perqu\u00e8, quina altra opci\u00f3 tinc?<\/p>\n\n<p>Respiro fondo, intentant ofegar l&#8217;angoixa que m&#8217;oprimeix el pit. Miro al meu voltant. Tot segueix dret. El negoci segueix dret. Tot i aix\u00f2. Tot i els n\u00fameros en vermell. Tot i l&#8217;esgotament. Tot i que hi ha dies en qu\u00e8 em pregunto si val la pena tant esfor\u00e7.       <\/p>\n\n<p>Perqu\u00e8 encara que avui em senti derrotat, s\u00e9 que no \u00e9s la primera vegada. I s\u00e9 que no ser\u00e0 la darrera.   <strong>Sempre hi ha dies aix\u00ed. Dies grisos. Dies en qu\u00e8 el pes del m\u00f3n \u00e9s massa.  <\/strong>  Per\u00f2 tamb\u00e9 s\u00e9 que despr\u00e9s de la tempesta arriba la calma.<\/p>\n\n<p>Potser avui no t\u00e9 idees per escriure, per\u00f2 tinc una cosa m\u00e9s important: <strong>el coratge de seguir endavant.<\/strong> \ud83d\udcaa Perqu\u00e8 escriure no \u00e9s nom\u00e9s omplir fulles en blanc, tamb\u00e9 \u00e9s aprendre a escoltar els silencis. I si avui la meva ment est\u00e0 en blanc, potser \u00e9s perqu\u00e8 est\u00e0 ocupada sobrevivint. <\/p>\n\n<p>Dem\u00e0, potser, les paraules tornin soles. O potser no. Per\u00f2 el que s\u00ed que s\u00e9 \u00e9s que, mentre segueixi aqu\u00ed, mentre segueixi lluitant, encara hi ha hist\u00f2ria per explicar.  <\/p>\n\n<p>Perqu\u00e8 fins i tot els dies m\u00e9s foscos, sempre queda espai per a un raig de llum. \ud83c\udf05 \u2728 <\/p>\n\n<hr class=\"wp-block-separator has-alpha-channel-opacity\" \/>\n\n<blockquote class=\"wp-block-quote is-layout-flow wp-block-quote-is-layout-flow\">\n<p>Des de MasTorrencito et desitgem un bon dia i que els teus gossos t&#8217;acompanyin!!<\/p>\n<\/blockquote>\n\n<p>\u2014\u2013<br \/> Si vols, pot veure els nostres <strong>bons per caps de setmana, bons jubilats<\/strong> , a un preu incre\u00efble..entra a <a href=\"https:\/\/www.mastorrencito.com\/\">www.mastorrencito.com<\/a> o si vols podeu llegir m\u00e9s hist\u00f2ria i an\u00e8cdotes que ens han passat a Mas Torrencito\u2026 Fes click <a href=\"https:\/\/mastorrencito.com\/es\/\">aqu\u00ed<\/a><\/p>\n","protected":false},"excerpt":{"rendered":"<p>I avui no s\u00e9 de qu\u00e8 escriure\u2026 porto m\u00e9s de 30 minuts davant de la pantalla, amb els dits sobre el teclat, esperant que alguna cosa a la meva ment faci \u00abclic\u00bb, que una idea es coli entre el soroll dels meus pensaments i em rescati d&#8217;aquest bloqueig. Per\u00f2 no hi arriba. Res. Nom\u00e9s un [&hellip;]<\/p>\n","protected":false},"author":2,"featured_media":3431,"comment_status":"open","ping_status":"closed","sticky":false,"template":"","format":"standard","meta":{"_acf_changed":false,"footnotes":""},"categories":[35],"tags":[],"class_list":["post-3435","post","type-post","status-publish","format-standard","has-post-thumbnail","hentry","category-histories-mastorrencito"],"yoast_head":"<!-- This site is optimized with the Yoast SEO Premium plugin v27.3 (Yoast SEO v27.5) - https:\/\/yoast.com\/product\/yoast-seo-premium-wordpress\/ -->\n<title>Quan escriure pesa m\u00e9s que el silenci \u270d\ufe0f \ud83d\udcad - Mas Torrencito CAT<\/title>\n<meta name=\"description\" content=\"I \u00e9s que de deb\u00f2 que hi ha dies que costa.... Quan escriure pesa m\u00e9s que el silenci \u270d\ufe0f \ud83d\udcad by MasTorrencito.\" \/>\n<meta name=\"robots\" content=\"index, follow, max-snippet:-1, max-image-preview:large, max-video-preview:-1\" \/>\n<link rel=\"canonical\" href=\"https:\/\/mastorrencito.com\/cat\/quan-escriure-pesa-mes-que-el-silenci-\u270d\ufe0f-\ud83d\udcad\/\" \/>\n<meta property=\"og:locale\" content=\"es_ES\" \/>\n<meta property=\"og:type\" content=\"article\" \/>\n<meta property=\"og:title\" content=\"Quan escriure pesa m\u00e9s que el silenci \u270d\ufe0f \ud83d\udcad\" \/>\n<meta property=\"og:description\" content=\"I \u00e9s que de deb\u00f2 que hi ha dies que costa.... Quan escriure pesa m\u00e9s que el silenci \u270d\ufe0f \ud83d\udcad by MasTorrencito.\" \/>\n<meta property=\"og:url\" content=\"https:\/\/mastorrencito.com\/cat\/quan-escriure-pesa-mes-que-el-silenci-\u270d\ufe0f-\ud83d\udcad\/\" \/>\n<meta property=\"og:site_name\" content=\"Mas Torrencito CAT\" \/>\n<meta property=\"article:published_time\" content=\"2025-02-02T06:33:52+00:00\" \/>\n<meta property=\"og:image\" content=\"https:\/\/mastorrencito.com\/cat\/wp-content\/uploads\/sites\/3\/bloqueo.jpg\" \/>\n\t<meta property=\"og:image:width\" content=\"1024\" \/>\n\t<meta property=\"og:image:height\" content=\"1024\" \/>\n\t<meta property=\"og:image:type\" content=\"image\/jpeg\" \/>\n<meta name=\"author\" content=\"Mastorrencito\" \/>\n<meta name=\"twitter:card\" content=\"summary_large_image\" \/>\n<meta name=\"twitter:label1\" content=\"Escrito por\" \/>\n\t<meta name=\"twitter:data1\" content=\"Mastorrencito\" \/>\n\t<meta name=\"twitter:label2\" content=\"Tiempo de lectura\" \/>\n\t<meta name=\"twitter:data2\" content=\"3 minutos\" \/>\n<script type=\"application\/ld+json\" class=\"yoast-schema-graph\">{\"@context\":\"https:\\\/\\\/schema.org\",\"@graph\":[{\"@type\":\"Article\",\"@id\":\"https:\\\/\\\/mastorrencito.com\\\/cat\\\/quan-escriure-pesa-mes-que-el-silenci-%e2%9c%8d%ef%b8%8f-%f0%9f%92%ad\\\/#article\",\"isPartOf\":{\"@id\":\"https:\\\/\\\/mastorrencito.com\\\/cat\\\/quan-escriure-pesa-mes-que-el-silenci-%e2%9c%8d%ef%b8%8f-%f0%9f%92%ad\\\/\"},\"author\":{\"name\":\"Mastorrencito\",\"@id\":\"https:\\\/\\\/mastorrencito.com\\\/#\\\/schema\\\/person\\\/18c619be80d4ae2667c702911625f790\"},\"headline\":\"Quan escriure pesa m\u00e9s que el silenci \u270d\ufe0f \ud83d\udcad\",\"datePublished\":\"2025-02-02T06:33:52+00:00\",\"mainEntityOfPage\":{\"@id\":\"https:\\\/\\\/mastorrencito.com\\\/cat\\\/quan-escriure-pesa-mes-que-el-silenci-%e2%9c%8d%ef%b8%8f-%f0%9f%92%ad\\\/\"},\"wordCount\":685,\"commentCount\":0,\"publisher\":{\"@id\":\"https:\\\/\\\/mastorrencito.com\\\/#organization\"},\"image\":{\"@id\":\"https:\\\/\\\/mastorrencito.com\\\/cat\\\/quan-escriure-pesa-mes-que-el-silenci-%e2%9c%8d%ef%b8%8f-%f0%9f%92%ad\\\/#primaryimage\"},\"thumbnailUrl\":\"https:\\\/\\\/mastorrencito.com\\\/cat\\\/wp-content\\\/uploads\\\/sites\\\/3\\\/bloqueo.jpg\",\"articleSection\":[\"Hist\u00f2ries Mastorrencito\"],\"inLanguage\":\"es\",\"potentialAction\":[{\"@type\":\"CommentAction\",\"name\":\"Comment\",\"target\":[\"https:\\\/\\\/mastorrencito.com\\\/cat\\\/quan-escriure-pesa-mes-que-el-silenci-%e2%9c%8d%ef%b8%8f-%f0%9f%92%ad\\\/#respond\"]}]},{\"@type\":\"WebPage\",\"@id\":\"https:\\\/\\\/mastorrencito.com\\\/cat\\\/quan-escriure-pesa-mes-que-el-silenci-%e2%9c%8d%ef%b8%8f-%f0%9f%92%ad\\\/\",\"url\":\"https:\\\/\\\/mastorrencito.com\\\/cat\\\/quan-escriure-pesa-mes-que-el-silenci-%e2%9c%8d%ef%b8%8f-%f0%9f%92%ad\\\/\",\"name\":\"Quan escriure pesa m\u00e9s que el silenci \u270d\ufe0f \ud83d\udcad - Mas Torrencito CAT\",\"isPartOf\":{\"@id\":\"https:\\\/\\\/mastorrencito.com\\\/#website\"},\"primaryImageOfPage\":{\"@id\":\"https:\\\/\\\/mastorrencito.com\\\/cat\\\/quan-escriure-pesa-mes-que-el-silenci-%e2%9c%8d%ef%b8%8f-%f0%9f%92%ad\\\/#primaryimage\"},\"image\":{\"@id\":\"https:\\\/\\\/mastorrencito.com\\\/cat\\\/quan-escriure-pesa-mes-que-el-silenci-%e2%9c%8d%ef%b8%8f-%f0%9f%92%ad\\\/#primaryimage\"},\"thumbnailUrl\":\"https:\\\/\\\/mastorrencito.com\\\/cat\\\/wp-content\\\/uploads\\\/sites\\\/3\\\/bloqueo.jpg\",\"datePublished\":\"2025-02-02T06:33:52+00:00\",\"description\":\"I \u00e9s que de deb\u00f2 que hi ha dies que costa.... Quan escriure pesa m\u00e9s que el silenci \u270d\ufe0f \ud83d\udcad by MasTorrencito.\",\"breadcrumb\":{\"@id\":\"https:\\\/\\\/mastorrencito.com\\\/cat\\\/quan-escriure-pesa-mes-que-el-silenci-%e2%9c%8d%ef%b8%8f-%f0%9f%92%ad\\\/#breadcrumb\"},\"inLanguage\":\"es\",\"potentialAction\":[{\"@type\":\"ReadAction\",\"target\":[\"https:\\\/\\\/mastorrencito.com\\\/cat\\\/quan-escriure-pesa-mes-que-el-silenci-%e2%9c%8d%ef%b8%8f-%f0%9f%92%ad\\\/\"]}]},{\"@type\":\"ImageObject\",\"inLanguage\":\"es\",\"@id\":\"https:\\\/\\\/mastorrencito.com\\\/cat\\\/quan-escriure-pesa-mes-que-el-silenci-%e2%9c%8d%ef%b8%8f-%f0%9f%92%ad\\\/#primaryimage\",\"url\":\"https:\\\/\\\/mastorrencito.com\\\/cat\\\/wp-content\\\/uploads\\\/sites\\\/3\\\/bloqueo.jpg\",\"contentUrl\":\"https:\\\/\\\/mastorrencito.com\\\/cat\\\/wp-content\\\/uploads\\\/sites\\\/3\\\/bloqueo.jpg\",\"width\":1024,\"height\":1024,\"caption\":\"el bloqueo by MasTorrencito\"},{\"@type\":\"BreadcrumbList\",\"@id\":\"https:\\\/\\\/mastorrencito.com\\\/cat\\\/quan-escriure-pesa-mes-que-el-silenci-%e2%9c%8d%ef%b8%8f-%f0%9f%92%ad\\\/#breadcrumb\",\"itemListElement\":[{\"@type\":\"ListItem\",\"position\":1,\"name\":\"Portada\",\"item\":\"https:\\\/\\\/mastorrencito.com\\\/\"},{\"@type\":\"ListItem\",\"position\":2,\"name\":\"Quan escriure pesa m\u00e9s que el silenci \u270d\ufe0f \ud83d\udcad\"}]},{\"@type\":\"WebSite\",\"@id\":\"https:\\\/\\\/mastorrencito.com\\\/#website\",\"url\":\"https:\\\/\\\/mastorrencito.com\\\/\",\"name\":\"Mas Torrencito CAT\",\"description\":\"Casa rural pet friendly en Girona\",\"publisher\":{\"@id\":\"https:\\\/\\\/mastorrencito.com\\\/#organization\"},\"potentialAction\":[{\"@type\":\"SearchAction\",\"target\":{\"@type\":\"EntryPoint\",\"urlTemplate\":\"https:\\\/\\\/mastorrencito.com\\\/?s={search_term_string}\"},\"query-input\":{\"@type\":\"PropertyValueSpecification\",\"valueRequired\":true,\"valueName\":\"search_term_string\"}}],\"inLanguage\":\"es\"},{\"@type\":\"Organization\",\"@id\":\"https:\\\/\\\/mastorrencito.com\\\/#organization\",\"name\":\"Mas Torrencito CAT\",\"url\":\"https:\\\/\\\/mastorrencito.com\\\/\",\"logo\":{\"@type\":\"ImageObject\",\"inLanguage\":\"es\",\"@id\":\"https:\\\/\\\/mastorrencito.com\\\/#\\\/schema\\\/logo\\\/image\\\/\",\"url\":\"https:\\\/\\\/mastorrencito.com\\\/cat\\\/wp-content\\\/uploads\\\/sites\\\/3\\\/Logo-Mastorrencito-horizontal.webp\",\"contentUrl\":\"https:\\\/\\\/mastorrencito.com\\\/cat\\\/wp-content\\\/uploads\\\/sites\\\/3\\\/Logo-Mastorrencito-horizontal.webp\",\"width\":161,\"height\":54,\"caption\":\"Mas Torrencito CAT\"},\"image\":{\"@id\":\"https:\\\/\\\/mastorrencito.com\\\/#\\\/schema\\\/logo\\\/image\\\/\"}},{\"@type\":\"Person\",\"@id\":\"https:\\\/\\\/mastorrencito.com\\\/#\\\/schema\\\/person\\\/18c619be80d4ae2667c702911625f790\",\"name\":\"Mastorrencito\",\"image\":{\"@type\":\"ImageObject\",\"inLanguage\":\"es\",\"@id\":\"https:\\\/\\\/secure.gravatar.com\\\/avatar\\\/3ef55e0519f987a734c21caee1423b51df7b760b7d81a38ecd31cab0a5115f6d?s=96&d=mm&r=g\",\"url\":\"https:\\\/\\\/secure.gravatar.com\\\/avatar\\\/3ef55e0519f987a734c21caee1423b51df7b760b7d81a38ecd31cab0a5115f6d?s=96&d=mm&r=g\",\"contentUrl\":\"https:\\\/\\\/secure.gravatar.com\\\/avatar\\\/3ef55e0519f987a734c21caee1423b51df7b760b7d81a38ecd31cab0a5115f6d?s=96&d=mm&r=g\",\"caption\":\"Mastorrencito\"},\"url\":\"https:\\\/\\\/mastorrencito.com\\\/cat\\\/author\\\/mastorrencito\\\/\"}]}<\/script>\n<!-- \/ Yoast SEO Premium plugin. -->","yoast_head_json":{"title":"Quan escriure pesa m\u00e9s que el silenci \u270d\ufe0f \ud83d\udcad - Mas Torrencito CAT","description":"I \u00e9s que de deb\u00f2 que hi ha dies que costa.... Quan escriure pesa m\u00e9s que el silenci \u270d\ufe0f \ud83d\udcad by MasTorrencito.","robots":{"index":"index","follow":"follow","max-snippet":"max-snippet:-1","max-image-preview":"max-image-preview:large","max-video-preview":"max-video-preview:-1"},"canonical":"https:\/\/mastorrencito.com\/cat\/quan-escriure-pesa-mes-que-el-silenci-\u270d\ufe0f-\ud83d\udcad\/","og_locale":"es_ES","og_type":"article","og_title":"Quan escriure pesa m\u00e9s que el silenci \u270d\ufe0f \ud83d\udcad","og_description":"I \u00e9s que de deb\u00f2 que hi ha dies que costa.... Quan escriure pesa m\u00e9s que el silenci \u270d\ufe0f \ud83d\udcad by MasTorrencito.","og_url":"https:\/\/mastorrencito.com\/cat\/quan-escriure-pesa-mes-que-el-silenci-\u270d\ufe0f-\ud83d\udcad\/","og_site_name":"Mas Torrencito CAT","article_published_time":"2025-02-02T06:33:52+00:00","og_image":[{"width":1024,"height":1024,"url":"https:\/\/mastorrencito.com\/cat\/wp-content\/uploads\/sites\/3\/bloqueo.jpg","type":"image\/jpeg"}],"author":"Mastorrencito","twitter_card":"summary_large_image","twitter_misc":{"Escrito por":"Mastorrencito","Tiempo de lectura":"3 minutos"},"schema":{"@context":"https:\/\/schema.org","@graph":[{"@type":"Article","@id":"https:\/\/mastorrencito.com\/cat\/quan-escriure-pesa-mes-que-el-silenci-%e2%9c%8d%ef%b8%8f-%f0%9f%92%ad\/#article","isPartOf":{"@id":"https:\/\/mastorrencito.com\/cat\/quan-escriure-pesa-mes-que-el-silenci-%e2%9c%8d%ef%b8%8f-%f0%9f%92%ad\/"},"author":{"name":"Mastorrencito","@id":"https:\/\/mastorrencito.com\/#\/schema\/person\/18c619be80d4ae2667c702911625f790"},"headline":"Quan escriure pesa m\u00e9s que el silenci \u270d\ufe0f \ud83d\udcad","datePublished":"2025-02-02T06:33:52+00:00","mainEntityOfPage":{"@id":"https:\/\/mastorrencito.com\/cat\/quan-escriure-pesa-mes-que-el-silenci-%e2%9c%8d%ef%b8%8f-%f0%9f%92%ad\/"},"wordCount":685,"commentCount":0,"publisher":{"@id":"https:\/\/mastorrencito.com\/#organization"},"image":{"@id":"https:\/\/mastorrencito.com\/cat\/quan-escriure-pesa-mes-que-el-silenci-%e2%9c%8d%ef%b8%8f-%f0%9f%92%ad\/#primaryimage"},"thumbnailUrl":"https:\/\/mastorrencito.com\/cat\/wp-content\/uploads\/sites\/3\/bloqueo.jpg","articleSection":["Hist\u00f2ries Mastorrencito"],"inLanguage":"es","potentialAction":[{"@type":"CommentAction","name":"Comment","target":["https:\/\/mastorrencito.com\/cat\/quan-escriure-pesa-mes-que-el-silenci-%e2%9c%8d%ef%b8%8f-%f0%9f%92%ad\/#respond"]}]},{"@type":"WebPage","@id":"https:\/\/mastorrencito.com\/cat\/quan-escriure-pesa-mes-que-el-silenci-%e2%9c%8d%ef%b8%8f-%f0%9f%92%ad\/","url":"https:\/\/mastorrencito.com\/cat\/quan-escriure-pesa-mes-que-el-silenci-%e2%9c%8d%ef%b8%8f-%f0%9f%92%ad\/","name":"Quan escriure pesa m\u00e9s que el silenci \u270d\ufe0f \ud83d\udcad - Mas Torrencito CAT","isPartOf":{"@id":"https:\/\/mastorrencito.com\/#website"},"primaryImageOfPage":{"@id":"https:\/\/mastorrencito.com\/cat\/quan-escriure-pesa-mes-que-el-silenci-%e2%9c%8d%ef%b8%8f-%f0%9f%92%ad\/#primaryimage"},"image":{"@id":"https:\/\/mastorrencito.com\/cat\/quan-escriure-pesa-mes-que-el-silenci-%e2%9c%8d%ef%b8%8f-%f0%9f%92%ad\/#primaryimage"},"thumbnailUrl":"https:\/\/mastorrencito.com\/cat\/wp-content\/uploads\/sites\/3\/bloqueo.jpg","datePublished":"2025-02-02T06:33:52+00:00","description":"I \u00e9s que de deb\u00f2 que hi ha dies que costa.... Quan escriure pesa m\u00e9s que el silenci \u270d\ufe0f \ud83d\udcad by MasTorrencito.","breadcrumb":{"@id":"https:\/\/mastorrencito.com\/cat\/quan-escriure-pesa-mes-que-el-silenci-%e2%9c%8d%ef%b8%8f-%f0%9f%92%ad\/#breadcrumb"},"inLanguage":"es","potentialAction":[{"@type":"ReadAction","target":["https:\/\/mastorrencito.com\/cat\/quan-escriure-pesa-mes-que-el-silenci-%e2%9c%8d%ef%b8%8f-%f0%9f%92%ad\/"]}]},{"@type":"ImageObject","inLanguage":"es","@id":"https:\/\/mastorrencito.com\/cat\/quan-escriure-pesa-mes-que-el-silenci-%e2%9c%8d%ef%b8%8f-%f0%9f%92%ad\/#primaryimage","url":"https:\/\/mastorrencito.com\/cat\/wp-content\/uploads\/sites\/3\/bloqueo.jpg","contentUrl":"https:\/\/mastorrencito.com\/cat\/wp-content\/uploads\/sites\/3\/bloqueo.jpg","width":1024,"height":1024,"caption":"el bloqueo by MasTorrencito"},{"@type":"BreadcrumbList","@id":"https:\/\/mastorrencito.com\/cat\/quan-escriure-pesa-mes-que-el-silenci-%e2%9c%8d%ef%b8%8f-%f0%9f%92%ad\/#breadcrumb","itemListElement":[{"@type":"ListItem","position":1,"name":"Portada","item":"https:\/\/mastorrencito.com\/"},{"@type":"ListItem","position":2,"name":"Quan escriure pesa m\u00e9s que el silenci \u270d\ufe0f \ud83d\udcad"}]},{"@type":"WebSite","@id":"https:\/\/mastorrencito.com\/#website","url":"https:\/\/mastorrencito.com\/","name":"Mas Torrencito CAT","description":"Casa rural pet friendly en Girona","publisher":{"@id":"https:\/\/mastorrencito.com\/#organization"},"potentialAction":[{"@type":"SearchAction","target":{"@type":"EntryPoint","urlTemplate":"https:\/\/mastorrencito.com\/?s={search_term_string}"},"query-input":{"@type":"PropertyValueSpecification","valueRequired":true,"valueName":"search_term_string"}}],"inLanguage":"es"},{"@type":"Organization","@id":"https:\/\/mastorrencito.com\/#organization","name":"Mas Torrencito CAT","url":"https:\/\/mastorrencito.com\/","logo":{"@type":"ImageObject","inLanguage":"es","@id":"https:\/\/mastorrencito.com\/#\/schema\/logo\/image\/","url":"https:\/\/mastorrencito.com\/cat\/wp-content\/uploads\/sites\/3\/Logo-Mastorrencito-horizontal.webp","contentUrl":"https:\/\/mastorrencito.com\/cat\/wp-content\/uploads\/sites\/3\/Logo-Mastorrencito-horizontal.webp","width":161,"height":54,"caption":"Mas Torrencito CAT"},"image":{"@id":"https:\/\/mastorrencito.com\/#\/schema\/logo\/image\/"}},{"@type":"Person","@id":"https:\/\/mastorrencito.com\/#\/schema\/person\/18c619be80d4ae2667c702911625f790","name":"Mastorrencito","image":{"@type":"ImageObject","inLanguage":"es","@id":"https:\/\/secure.gravatar.com\/avatar\/3ef55e0519f987a734c21caee1423b51df7b760b7d81a38ecd31cab0a5115f6d?s=96&d=mm&r=g","url":"https:\/\/secure.gravatar.com\/avatar\/3ef55e0519f987a734c21caee1423b51df7b760b7d81a38ecd31cab0a5115f6d?s=96&d=mm&r=g","contentUrl":"https:\/\/secure.gravatar.com\/avatar\/3ef55e0519f987a734c21caee1423b51df7b760b7d81a38ecd31cab0a5115f6d?s=96&d=mm&r=g","caption":"Mastorrencito"},"url":"https:\/\/mastorrencito.com\/cat\/author\/mastorrencito\/"}]}},"acf":[],"_links":{"self":[{"href":"https:\/\/mastorrencito.com\/cat\/wp-json\/wp\/v2\/posts\/3435","targetHints":{"allow":["GET"]}}],"collection":[{"href":"https:\/\/mastorrencito.com\/cat\/wp-json\/wp\/v2\/posts"}],"about":[{"href":"https:\/\/mastorrencito.com\/cat\/wp-json\/wp\/v2\/types\/post"}],"author":[{"embeddable":true,"href":"https:\/\/mastorrencito.com\/cat\/wp-json\/wp\/v2\/users\/2"}],"replies":[{"embeddable":true,"href":"https:\/\/mastorrencito.com\/cat\/wp-json\/wp\/v2\/comments?post=3435"}],"version-history":[{"count":0,"href":"https:\/\/mastorrencito.com\/cat\/wp-json\/wp\/v2\/posts\/3435\/revisions"}],"wp:featuredmedia":[{"embeddable":true,"href":"https:\/\/mastorrencito.com\/cat\/wp-json\/wp\/v2\/media\/3431"}],"wp:attachment":[{"href":"https:\/\/mastorrencito.com\/cat\/wp-json\/wp\/v2\/media?parent=3435"}],"wp:term":[{"taxonomy":"category","embeddable":true,"href":"https:\/\/mastorrencito.com\/cat\/wp-json\/wp\/v2\/categories?post=3435"},{"taxonomy":"post_tag","embeddable":true,"href":"https:\/\/mastorrencito.com\/cat\/wp-json\/wp\/v2\/tags?post=3435"}],"curies":[{"name":"wp","href":"https:\/\/api.w.org\/{rel}","templated":true}]}}