{"id":3425,"date":"2025-02-01T06:16:03","date_gmt":"2025-02-01T06:16:03","guid":{"rendered":"https:\/\/casaruralconperrosgirona.com\/el-darrer-relat-by-mastorrencito\/"},"modified":"2025-02-01T06:16:03","modified_gmt":"2025-02-01T06:16:03","slug":"el-darrer-relat-by-mastorrencito","status":"publish","type":"post","link":"https:\/\/mastorrencito.com\/cat\/el-darrer-relat-by-mastorrencito\/","title":{"rendered":"El darrer relat by MasTorrencito"},"content":{"rendered":"\n<h3 class=\"wp-block-heading\">Sempre deia el mateix&#8230;<\/h3>\n\n<p>\u2014Per qu\u00e8&#8230;? \u2014sospirava el meu millor amic Agapito mentre mirava per la finestra, amb els ulls extraviats entre els tons ocres de les fulles caigudes\u2014. Si ning\u00fa els llegeix&#8230;  <\/p>\n\n<p>Ho deia amb resignaci\u00f3, per\u00f2 mai no deixava d&#8217;escriure.<\/p>\n\n<p>Cada mat\u00ed, el mateix ritual: despertava abans que el sol, quan la ciutat encara dormia envoltada d&#8217;un silenci tebi. La seva casa, una petita i modesta construcci\u00f3 de parets desgastades i prestatgeries plenes de llibres foradats, era el seu m\u00f3n. Encenia la cafetera, deixant que l&#8217;aroma del caf\u00e8 ompl\u00eds l&#8217;aire amb la seva calor reconfortant. Despr\u00e9s s&#8217;asseia al seu escriptori, sempre al mateix lloc, on la fusta fosca estava marcada pel temps, amb solcs profunds d&#8217;incomptables anys d&#8217;escriptura.   <\/p>\n\n<p>Prenia la ploma, una vella estilogr\u00e0fica de tinta negra que va pert\u00e0nyer al seu avi, i amb la delicadesa d&#8217;un alquimista tra\u00e7ava les primeres paraules d&#8217;un conte nou.<\/p>\n\n<p>Escrivia sense parar. No tenia lectors, no tenia un p\u00fablic que esper\u00e9s les seves hist\u00f2ries. I no obstant, les seves mans no van deixar de moure&#8217;s mai sobre el paper.  <\/p>\n\n<p>Els seus contes eren petits mons de fantasia, plens de criatures m\u00e0giques i personatges entranyables. Hist\u00f2ries de follets que robaven estrelles per fer llums a les coves, de nenes valentes que constru\u00efen ponts amb les seves pr\u00f2pies mans per creuar rius de dubtes, de gats que parlaven amb la lluna i pirates que buscaven tresors invisibles. Els seus relats eren com ell: senzills, humils per\u00f2 plens d&#8217;amor.  <\/p>\n<figure class=\"wp-block-post-featured-image\"><img fetchpriority=\"high\" decoding=\"async\" width=\"1024\" height=\"1024\" src=\"https:\/\/mastorrencito.com\/cat\/wp-content\/uploads\/sites\/3\/ultimo_relato.jpg\" class=\"attachment-post-thumbnail size-post-thumbnail wp-post-image\" alt=\"El ultimo relato by MasTorrencito\" style=\"object-fit:cover;\" srcset=\"https:\/\/mastorrencito.com\/cat\/wp-content\/uploads\/sites\/3\/ultimo_relato.jpg 1024w, https:\/\/mastorrencito.com\/cat\/wp-content\/uploads\/sites\/3\/ultimo_relato-300x300.jpg 300w, https:\/\/mastorrencito.com\/cat\/wp-content\/uploads\/sites\/3\/ultimo_relato-150x150.jpg 150w, https:\/\/mastorrencito.com\/cat\/wp-content\/uploads\/sites\/3\/ultimo_relato-768x768.jpg 768w\" sizes=\"(max-width: 1024px) 100vw, 1024px\" \/><\/figure>\n<p>Mai no va demanar res a canvi. Mai no va intentar publicar-los. Per ell, n&#8217;hi havia prou amb l&#8217;acte d&#8217;escriure.  <\/p>\n\n<p>Algunes vegades, quan li insist\u00edem que els havia de compartir amb el m\u00f3n, ell nom\u00e9s somreia i encongia les espatlles.<\/p>\n\n<p>\u2014No escric per vendre. Escric perqu\u00e8 m&#8217;agrada pensar que, encara que mai arribin als nens, hi s\u00f3n, esperant ser comptats. <\/p>\n\n<p>Aquesta resposta sempre em va inquietar. Era una acceptaci\u00f3 resignada del seu dest\u00ed o una fe indestructible en la m\u00e0gia de les paraules? <\/p>\n\n<p>Els anys van passar, i la pila de quaderns va cr\u00e9ixer. Estaven per tot arreu: en prestatges polsegosos, apilats en racons oblidats, dins calaixos plens de papers solts. Cada fulla era un reflex de la seva \u00e0nima, un tros de la seva esperan\u00e7a.  <\/p>\n\n<p>Aleshores va arribar aquell mat\u00ed.<\/p>\n\n<p>Vaig anar a visitar-lo, com sempre feia, i el vaig trobar a la seva habitaci\u00f3. Per\u00f2 aquesta vegada, no vaig sentir l&#8217;esquin\u00e7ament de la ploma sobre el paper. <\/p>\n\n<p>El seu llit estava ordenat, el seu rostre ser\u00e8, com si simplement estigu\u00e9s adormit. Les seves mans reposaven al pit, entrella\u00e7ades, amb la pau de qui ha complert la seva feina al m\u00f3n. <\/p>\n\n<p>Sobre el seu escriptori, la darrera hist\u00f2ria inacabada. I amb ella, una nota escrita amb la seva inconfusible cal\u00b7ligrafia: <\/p>\n\n<p><em>\u00abSi mai els meus contes troben un lector, espero que els regalin un somriure. Si no, almenys el vent els portar\u00e0 on havien d&#8217;arribar.\u00bb<\/em><\/p>\n\n<p>Em vaig quedar aqu\u00ed, amb la nota tremolant entre els meus dits. Vaig sentir un nus a la gola, una barreja de tristesa i admiraci\u00f3. Vaig mirar els quaderns, les muntanyes de relats que mai no van arribar als nens als quals ell havia volgut regalar-los un instant de m\u00e0gia.  <\/p>\n\n<p>No ho vaig pensar gaire. Vaig prendre el primer i vaig comen\u00e7ar a llegir. <\/p>\n\n<p>I llavors va passar una cosa meravellosa.<\/p>\n\n<p>A mesura que avan\u00e7ava en els seus relats, Agapito va tornar a la vida. Ho vaig sentir a cada paraula, a cada hist\u00f2ria que havia deixat enrere. El seu riure cansat, els seus gestos pausats, el seu amor pels contes\u2026 tot era all\u00e0, esperant-me a les p\u00e0gines.  <\/p>\n\n<p>No podia permetre que el seu llegat es perd\u00e9s.<\/p>\n\n<p>Vaig reunir els seus quaderns i vaig comen\u00e7ar a compartir els seus contes. Primer amb amics, despr\u00e9s amb coneguts. Alg\u00fa els va portar a una escola, ia poc a poc, les hist\u00f2ries d&#8217;Agapito van comen\u00e7ar a viatjar.  <\/p>\n\n<p>I una nit, vaig sentir el que ell sempre havia somiat: una mare explicant-li un dels seus contes al seu fill.<\/p>\n\n<p>I el nen va somriure.<\/p>\n\n<p>I en aquell instant, la seva eternitat va quedar assegurada.<\/p>\n\n<hr class=\"wp-block-separator has-alpha-channel-opacity\" \/>\n\n<blockquote class=\"wp-block-quote is-layout-flow wp-block-quote-is-layout-flow\">\n<p>Des de MasTorrencito et desitgem un bon dia i que els teus gossos t&#8217;acompanyin!!<\/p>\n<\/blockquote>\n\n<p>\u2014\u2013<br \/> Si vols, pot veure els nostres <strong>bons per caps de setmana, bons jubilats<\/strong> , a un preu incre\u00efble..entra a <a href=\"https:\/\/www.mastorrencito.com\/\">www.mastorrencito.com<\/a> o si vols podeu llegir m\u00e9s hist\u00f2ria i an\u00e8cdotes que ens han passat a Mas Torrencito\u2026 Fes click <a href=\"https:\/\/mastorrencito.com\/es\/\">aqu\u00ed<\/a><\/p>\n","protected":false},"excerpt":{"rendered":"<p>Sempre deia el mateix&#8230; \u2014Per qu\u00e8&#8230;? \u2014sospirava el meu millor amic Agapito mentre mirava per la finestra, amb els ulls extraviats entre els tons ocres de les fulles caigudes\u2014. Si ning\u00fa els llegeix&#8230; Ho deia amb resignaci\u00f3, per\u00f2 mai no deixava d&#8217;escriure. Cada mat\u00ed, el mateix ritual: despertava abans que el sol, quan la ciutat [&hellip;]<\/p>\n","protected":false},"author":2,"featured_media":3420,"comment_status":"open","ping_status":"closed","sticky":false,"template":"","format":"standard","meta":{"_acf_changed":false,"footnotes":""},"categories":[35],"tags":[],"class_list":["post-3425","post","type-post","status-publish","format-standard","has-post-thumbnail","hentry","category-histories-mastorrencito"],"yoast_head":"<!-- This site is optimized with the Yoast SEO Premium plugin v27.3 (Yoast SEO v27.5) - https:\/\/yoast.com\/product\/yoast-seo-premium-wordpress\/ -->\n<title>El darrer relat by MasTorrencito - Mas Torrencito CAT<\/title>\n<meta name=\"description\" content=\"I \u00e9s que hi ha vegades que cal dir &quot;es va acabar...&quot; ia ell li va arribar e moment... L&#039;\u00faltim relat by MasTorrencito\" \/>\n<meta name=\"robots\" content=\"index, follow, max-snippet:-1, max-image-preview:large, max-video-preview:-1\" \/>\n<link rel=\"canonical\" href=\"https:\/\/mastorrencito.com\/cat\/el-darrer-relat-by-mastorrencito\/\" \/>\n<meta property=\"og:locale\" content=\"es_ES\" \/>\n<meta property=\"og:type\" content=\"article\" \/>\n<meta property=\"og:title\" content=\"El darrer relat by MasTorrencito\" \/>\n<meta property=\"og:description\" content=\"I \u00e9s que hi ha vegades que cal dir &quot;es va acabar...&quot; ia ell li va arribar e moment... L&#039;\u00faltim relat by MasTorrencito\" \/>\n<meta property=\"og:url\" content=\"https:\/\/mastorrencito.com\/cat\/el-darrer-relat-by-mastorrencito\/\" \/>\n<meta property=\"og:site_name\" content=\"Mas Torrencito CAT\" \/>\n<meta property=\"article:published_time\" content=\"2025-02-01T06:16:03+00:00\" \/>\n<meta property=\"og:image\" content=\"https:\/\/mastorrencito.com\/cat\/wp-content\/uploads\/sites\/3\/ultimo_relato.jpg\" \/>\n\t<meta property=\"og:image:width\" content=\"1024\" \/>\n\t<meta property=\"og:image:height\" content=\"1024\" \/>\n\t<meta property=\"og:image:type\" content=\"image\/jpeg\" \/>\n<meta name=\"author\" content=\"Mastorrencito\" \/>\n<meta name=\"twitter:card\" content=\"summary_large_image\" \/>\n<meta name=\"twitter:label1\" content=\"Escrito por\" \/>\n\t<meta name=\"twitter:data1\" content=\"Mastorrencito\" \/>\n\t<meta name=\"twitter:label2\" content=\"Tiempo de lectura\" \/>\n\t<meta name=\"twitter:data2\" content=\"4 minutos\" \/>\n<script type=\"application\/ld+json\" class=\"yoast-schema-graph\">{\"@context\":\"https:\\\/\\\/schema.org\",\"@graph\":[{\"@type\":\"Article\",\"@id\":\"https:\\\/\\\/mastorrencito.com\\\/cat\\\/el-darrer-relat-by-mastorrencito\\\/#article\",\"isPartOf\":{\"@id\":\"https:\\\/\\\/mastorrencito.com\\\/cat\\\/el-darrer-relat-by-mastorrencito\\\/\"},\"author\":{\"name\":\"Mastorrencito\",\"@id\":\"https:\\\/\\\/mastorrencito.com\\\/#\\\/schema\\\/person\\\/18c619be80d4ae2667c702911625f790\"},\"headline\":\"El darrer relat by MasTorrencito\",\"datePublished\":\"2025-02-01T06:16:03+00:00\",\"mainEntityOfPage\":{\"@id\":\"https:\\\/\\\/mastorrencito.com\\\/cat\\\/el-darrer-relat-by-mastorrencito\\\/\"},\"wordCount\":799,\"commentCount\":0,\"publisher\":{\"@id\":\"https:\\\/\\\/mastorrencito.com\\\/#organization\"},\"image\":{\"@id\":\"https:\\\/\\\/mastorrencito.com\\\/cat\\\/el-darrer-relat-by-mastorrencito\\\/#primaryimage\"},\"thumbnailUrl\":\"https:\\\/\\\/mastorrencito.com\\\/cat\\\/wp-content\\\/uploads\\\/sites\\\/3\\\/ultimo_relato.jpg\",\"articleSection\":[\"Hist\u00f2ries Mastorrencito\"],\"inLanguage\":\"es\",\"potentialAction\":[{\"@type\":\"CommentAction\",\"name\":\"Comment\",\"target\":[\"https:\\\/\\\/mastorrencito.com\\\/cat\\\/el-darrer-relat-by-mastorrencito\\\/#respond\"]}]},{\"@type\":\"WebPage\",\"@id\":\"https:\\\/\\\/mastorrencito.com\\\/cat\\\/el-darrer-relat-by-mastorrencito\\\/\",\"url\":\"https:\\\/\\\/mastorrencito.com\\\/cat\\\/el-darrer-relat-by-mastorrencito\\\/\",\"name\":\"El darrer relat by MasTorrencito - Mas Torrencito CAT\",\"isPartOf\":{\"@id\":\"https:\\\/\\\/mastorrencito.com\\\/#website\"},\"primaryImageOfPage\":{\"@id\":\"https:\\\/\\\/mastorrencito.com\\\/cat\\\/el-darrer-relat-by-mastorrencito\\\/#primaryimage\"},\"image\":{\"@id\":\"https:\\\/\\\/mastorrencito.com\\\/cat\\\/el-darrer-relat-by-mastorrencito\\\/#primaryimage\"},\"thumbnailUrl\":\"https:\\\/\\\/mastorrencito.com\\\/cat\\\/wp-content\\\/uploads\\\/sites\\\/3\\\/ultimo_relato.jpg\",\"datePublished\":\"2025-02-01T06:16:03+00:00\",\"description\":\"I \u00e9s que hi ha vegades que cal dir \\\"es va acabar...\\\" ia ell li va arribar e moment... L'\u00faltim relat by MasTorrencito\",\"breadcrumb\":{\"@id\":\"https:\\\/\\\/mastorrencito.com\\\/cat\\\/el-darrer-relat-by-mastorrencito\\\/#breadcrumb\"},\"inLanguage\":\"es\",\"potentialAction\":[{\"@type\":\"ReadAction\",\"target\":[\"https:\\\/\\\/mastorrencito.com\\\/cat\\\/el-darrer-relat-by-mastorrencito\\\/\"]}]},{\"@type\":\"ImageObject\",\"inLanguage\":\"es\",\"@id\":\"https:\\\/\\\/mastorrencito.com\\\/cat\\\/el-darrer-relat-by-mastorrencito\\\/#primaryimage\",\"url\":\"https:\\\/\\\/mastorrencito.com\\\/cat\\\/wp-content\\\/uploads\\\/sites\\\/3\\\/ultimo_relato.jpg\",\"contentUrl\":\"https:\\\/\\\/mastorrencito.com\\\/cat\\\/wp-content\\\/uploads\\\/sites\\\/3\\\/ultimo_relato.jpg\",\"width\":1024,\"height\":1024,\"caption\":\"El ultimo relato by MasTorrencito\"},{\"@type\":\"BreadcrumbList\",\"@id\":\"https:\\\/\\\/mastorrencito.com\\\/cat\\\/el-darrer-relat-by-mastorrencito\\\/#breadcrumb\",\"itemListElement\":[{\"@type\":\"ListItem\",\"position\":1,\"name\":\"Portada\",\"item\":\"https:\\\/\\\/mastorrencito.com\\\/\"},{\"@type\":\"ListItem\",\"position\":2,\"name\":\"El darrer relat by MasTorrencito\"}]},{\"@type\":\"WebSite\",\"@id\":\"https:\\\/\\\/mastorrencito.com\\\/#website\",\"url\":\"https:\\\/\\\/mastorrencito.com\\\/\",\"name\":\"Mas Torrencito CAT\",\"description\":\"Casa rural pet friendly en Girona\",\"publisher\":{\"@id\":\"https:\\\/\\\/mastorrencito.com\\\/#organization\"},\"potentialAction\":[{\"@type\":\"SearchAction\",\"target\":{\"@type\":\"EntryPoint\",\"urlTemplate\":\"https:\\\/\\\/mastorrencito.com\\\/?s={search_term_string}\"},\"query-input\":{\"@type\":\"PropertyValueSpecification\",\"valueRequired\":true,\"valueName\":\"search_term_string\"}}],\"inLanguage\":\"es\"},{\"@type\":\"Organization\",\"@id\":\"https:\\\/\\\/mastorrencito.com\\\/#organization\",\"name\":\"Mas Torrencito CAT\",\"url\":\"https:\\\/\\\/mastorrencito.com\\\/\",\"logo\":{\"@type\":\"ImageObject\",\"inLanguage\":\"es\",\"@id\":\"https:\\\/\\\/mastorrencito.com\\\/#\\\/schema\\\/logo\\\/image\\\/\",\"url\":\"https:\\\/\\\/mastorrencito.com\\\/cat\\\/wp-content\\\/uploads\\\/sites\\\/3\\\/Logo-Mastorrencito-horizontal.webp\",\"contentUrl\":\"https:\\\/\\\/mastorrencito.com\\\/cat\\\/wp-content\\\/uploads\\\/sites\\\/3\\\/Logo-Mastorrencito-horizontal.webp\",\"width\":161,\"height\":54,\"caption\":\"Mas Torrencito CAT\"},\"image\":{\"@id\":\"https:\\\/\\\/mastorrencito.com\\\/#\\\/schema\\\/logo\\\/image\\\/\"}},{\"@type\":\"Person\",\"@id\":\"https:\\\/\\\/mastorrencito.com\\\/#\\\/schema\\\/person\\\/18c619be80d4ae2667c702911625f790\",\"name\":\"Mastorrencito\",\"image\":{\"@type\":\"ImageObject\",\"inLanguage\":\"es\",\"@id\":\"https:\\\/\\\/secure.gravatar.com\\\/avatar\\\/3ef55e0519f987a734c21caee1423b51df7b760b7d81a38ecd31cab0a5115f6d?s=96&d=mm&r=g\",\"url\":\"https:\\\/\\\/secure.gravatar.com\\\/avatar\\\/3ef55e0519f987a734c21caee1423b51df7b760b7d81a38ecd31cab0a5115f6d?s=96&d=mm&r=g\",\"contentUrl\":\"https:\\\/\\\/secure.gravatar.com\\\/avatar\\\/3ef55e0519f987a734c21caee1423b51df7b760b7d81a38ecd31cab0a5115f6d?s=96&d=mm&r=g\",\"caption\":\"Mastorrencito\"},\"url\":\"https:\\\/\\\/mastorrencito.com\\\/cat\\\/author\\\/mastorrencito\\\/\"}]}<\/script>\n<!-- \/ Yoast SEO Premium plugin. -->","yoast_head_json":{"title":"El darrer relat by MasTorrencito - Mas Torrencito CAT","description":"I \u00e9s que hi ha vegades que cal dir \"es va acabar...\" ia ell li va arribar e moment... L'\u00faltim relat by MasTorrencito","robots":{"index":"index","follow":"follow","max-snippet":"max-snippet:-1","max-image-preview":"max-image-preview:large","max-video-preview":"max-video-preview:-1"},"canonical":"https:\/\/mastorrencito.com\/cat\/el-darrer-relat-by-mastorrencito\/","og_locale":"es_ES","og_type":"article","og_title":"El darrer relat by MasTorrencito","og_description":"I \u00e9s que hi ha vegades que cal dir \"es va acabar...\" ia ell li va arribar e moment... L'\u00faltim relat by MasTorrencito","og_url":"https:\/\/mastorrencito.com\/cat\/el-darrer-relat-by-mastorrencito\/","og_site_name":"Mas Torrencito CAT","article_published_time":"2025-02-01T06:16:03+00:00","og_image":[{"width":1024,"height":1024,"url":"https:\/\/mastorrencito.com\/cat\/wp-content\/uploads\/sites\/3\/ultimo_relato.jpg","type":"image\/jpeg"}],"author":"Mastorrencito","twitter_card":"summary_large_image","twitter_misc":{"Escrito por":"Mastorrencito","Tiempo de lectura":"4 minutos"},"schema":{"@context":"https:\/\/schema.org","@graph":[{"@type":"Article","@id":"https:\/\/mastorrencito.com\/cat\/el-darrer-relat-by-mastorrencito\/#article","isPartOf":{"@id":"https:\/\/mastorrencito.com\/cat\/el-darrer-relat-by-mastorrencito\/"},"author":{"name":"Mastorrencito","@id":"https:\/\/mastorrencito.com\/#\/schema\/person\/18c619be80d4ae2667c702911625f790"},"headline":"El darrer relat by MasTorrencito","datePublished":"2025-02-01T06:16:03+00:00","mainEntityOfPage":{"@id":"https:\/\/mastorrencito.com\/cat\/el-darrer-relat-by-mastorrencito\/"},"wordCount":799,"commentCount":0,"publisher":{"@id":"https:\/\/mastorrencito.com\/#organization"},"image":{"@id":"https:\/\/mastorrencito.com\/cat\/el-darrer-relat-by-mastorrencito\/#primaryimage"},"thumbnailUrl":"https:\/\/mastorrencito.com\/cat\/wp-content\/uploads\/sites\/3\/ultimo_relato.jpg","articleSection":["Hist\u00f2ries Mastorrencito"],"inLanguage":"es","potentialAction":[{"@type":"CommentAction","name":"Comment","target":["https:\/\/mastorrencito.com\/cat\/el-darrer-relat-by-mastorrencito\/#respond"]}]},{"@type":"WebPage","@id":"https:\/\/mastorrencito.com\/cat\/el-darrer-relat-by-mastorrencito\/","url":"https:\/\/mastorrencito.com\/cat\/el-darrer-relat-by-mastorrencito\/","name":"El darrer relat by MasTorrencito - Mas Torrencito CAT","isPartOf":{"@id":"https:\/\/mastorrencito.com\/#website"},"primaryImageOfPage":{"@id":"https:\/\/mastorrencito.com\/cat\/el-darrer-relat-by-mastorrencito\/#primaryimage"},"image":{"@id":"https:\/\/mastorrencito.com\/cat\/el-darrer-relat-by-mastorrencito\/#primaryimage"},"thumbnailUrl":"https:\/\/mastorrencito.com\/cat\/wp-content\/uploads\/sites\/3\/ultimo_relato.jpg","datePublished":"2025-02-01T06:16:03+00:00","description":"I \u00e9s que hi ha vegades que cal dir \"es va acabar...\" ia ell li va arribar e moment... L'\u00faltim relat by MasTorrencito","breadcrumb":{"@id":"https:\/\/mastorrencito.com\/cat\/el-darrer-relat-by-mastorrencito\/#breadcrumb"},"inLanguage":"es","potentialAction":[{"@type":"ReadAction","target":["https:\/\/mastorrencito.com\/cat\/el-darrer-relat-by-mastorrencito\/"]}]},{"@type":"ImageObject","inLanguage":"es","@id":"https:\/\/mastorrencito.com\/cat\/el-darrer-relat-by-mastorrencito\/#primaryimage","url":"https:\/\/mastorrencito.com\/cat\/wp-content\/uploads\/sites\/3\/ultimo_relato.jpg","contentUrl":"https:\/\/mastorrencito.com\/cat\/wp-content\/uploads\/sites\/3\/ultimo_relato.jpg","width":1024,"height":1024,"caption":"El ultimo relato by MasTorrencito"},{"@type":"BreadcrumbList","@id":"https:\/\/mastorrencito.com\/cat\/el-darrer-relat-by-mastorrencito\/#breadcrumb","itemListElement":[{"@type":"ListItem","position":1,"name":"Portada","item":"https:\/\/mastorrencito.com\/"},{"@type":"ListItem","position":2,"name":"El darrer relat by MasTorrencito"}]},{"@type":"WebSite","@id":"https:\/\/mastorrencito.com\/#website","url":"https:\/\/mastorrencito.com\/","name":"Mas Torrencito CAT","description":"Casa rural pet friendly en Girona","publisher":{"@id":"https:\/\/mastorrencito.com\/#organization"},"potentialAction":[{"@type":"SearchAction","target":{"@type":"EntryPoint","urlTemplate":"https:\/\/mastorrencito.com\/?s={search_term_string}"},"query-input":{"@type":"PropertyValueSpecification","valueRequired":true,"valueName":"search_term_string"}}],"inLanguage":"es"},{"@type":"Organization","@id":"https:\/\/mastorrencito.com\/#organization","name":"Mas Torrencito CAT","url":"https:\/\/mastorrencito.com\/","logo":{"@type":"ImageObject","inLanguage":"es","@id":"https:\/\/mastorrencito.com\/#\/schema\/logo\/image\/","url":"https:\/\/mastorrencito.com\/cat\/wp-content\/uploads\/sites\/3\/Logo-Mastorrencito-horizontal.webp","contentUrl":"https:\/\/mastorrencito.com\/cat\/wp-content\/uploads\/sites\/3\/Logo-Mastorrencito-horizontal.webp","width":161,"height":54,"caption":"Mas Torrencito CAT"},"image":{"@id":"https:\/\/mastorrencito.com\/#\/schema\/logo\/image\/"}},{"@type":"Person","@id":"https:\/\/mastorrencito.com\/#\/schema\/person\/18c619be80d4ae2667c702911625f790","name":"Mastorrencito","image":{"@type":"ImageObject","inLanguage":"es","@id":"https:\/\/secure.gravatar.com\/avatar\/3ef55e0519f987a734c21caee1423b51df7b760b7d81a38ecd31cab0a5115f6d?s=96&d=mm&r=g","url":"https:\/\/secure.gravatar.com\/avatar\/3ef55e0519f987a734c21caee1423b51df7b760b7d81a38ecd31cab0a5115f6d?s=96&d=mm&r=g","contentUrl":"https:\/\/secure.gravatar.com\/avatar\/3ef55e0519f987a734c21caee1423b51df7b760b7d81a38ecd31cab0a5115f6d?s=96&d=mm&r=g","caption":"Mastorrencito"},"url":"https:\/\/mastorrencito.com\/cat\/author\/mastorrencito\/"}]}},"acf":[],"_links":{"self":[{"href":"https:\/\/mastorrencito.com\/cat\/wp-json\/wp\/v2\/posts\/3425","targetHints":{"allow":["GET"]}}],"collection":[{"href":"https:\/\/mastorrencito.com\/cat\/wp-json\/wp\/v2\/posts"}],"about":[{"href":"https:\/\/mastorrencito.com\/cat\/wp-json\/wp\/v2\/types\/post"}],"author":[{"embeddable":true,"href":"https:\/\/mastorrencito.com\/cat\/wp-json\/wp\/v2\/users\/2"}],"replies":[{"embeddable":true,"href":"https:\/\/mastorrencito.com\/cat\/wp-json\/wp\/v2\/comments?post=3425"}],"version-history":[{"count":0,"href":"https:\/\/mastorrencito.com\/cat\/wp-json\/wp\/v2\/posts\/3425\/revisions"}],"wp:featuredmedia":[{"embeddable":true,"href":"https:\/\/mastorrencito.com\/cat\/wp-json\/wp\/v2\/media\/3420"}],"wp:attachment":[{"href":"https:\/\/mastorrencito.com\/cat\/wp-json\/wp\/v2\/media?parent=3425"}],"wp:term":[{"taxonomy":"category","embeddable":true,"href":"https:\/\/mastorrencito.com\/cat\/wp-json\/wp\/v2\/categories?post=3425"},{"taxonomy":"post_tag","embeddable":true,"href":"https:\/\/mastorrencito.com\/cat\/wp-json\/wp\/v2\/tags?post=3425"}],"curies":[{"name":"wp","href":"https:\/\/api.w.org\/{rel}","templated":true}]}}