{"id":3415,"date":"2025-02-01T05:53:47","date_gmt":"2025-02-01T05:53:47","guid":{"rendered":"https:\/\/casaruralconperrosgirona.com\/la-reduccio-de-jornada-lampliacio-de-les-nostres-preocupacions\/"},"modified":"2025-02-01T05:53:47","modified_gmt":"2025-02-01T05:53:47","slug":"la-reduccio-de-jornada-lampliacio-de-les-nostres-preocupacions","status":"publish","type":"post","link":"https:\/\/mastorrencito.com\/cat\/la-reduccio-de-jornada-lampliacio-de-les-nostres-preocupacions\/","title":{"rendered":"La reducci\u00f3 de jornada l&#8217;ampliaci\u00f3 de les nostres preocupacions"},"content":{"rendered":"\n<p>Al cor de l\u00b4Empord\u00e0, un petit empresari d\u00b4hostaleria enc\u00e9n els llums del seu establiment amb la mateixa rutina de sempre. El seu negoci, un restaurant familiar modest, sobreviu amb esfor\u00e7 i dedicaci\u00f3. No \u00e9s una gran firma d?advocats ni una multinacional amb pressupostos milionaris, sin\u00f3 un projecte constru\u00eft amb suor, sacrificis i amor per la gastronomia. I, tot i aix\u00f2, cada dia que passa, sent que est\u00e0 m\u00e9s ofegat, m\u00e9s atrapat en un sistema que no li permet tirar endavant.   <\/p>\n\n<p>Recentment s&#8217;ha parlat molt sobre la reducci\u00f3 de jornada i la conciliaci\u00f3 laboral. En teoria, una idea excel\u00b7lent: menys hores de treball i una millor qualitat de vida per als empleats. Tot i aix\u00f2, quan es trasllada a la realitat d&#8217;un petit empresari que amb prou feines arriba a final de mes, els comptes comencen a trontollar.  <\/p>\n\n<p>Aquest empresari t\u00e9 dues treballadores essencials per al seu negoci: una empleada a cuina i una cambrera, totes dues amb jornada completa. El seu salari no \u00e9s desorbitat, per\u00f2 \u00e9s just i digne. Tot i aix\u00f2, a m\u00e9s d&#8217;aquest sou, ell ha d&#8217;afrontar un cost addicional de 700 euros en cotitzacions per cadascuna. \u00c9s a dir, per cada salari net de 1.200 o 1.300 euros, el cost real per a l&#8217;empresa \u00e9s de gaireb\u00e9 2.000 euros. I a aix\u00f2 cal sumar-hi els pr\u00e9stecs, els ICOs que va sol\u00b7licitar per sobreviure a la pand\u00e8mia, les inversions en millores per al local, els impostos que mai deixen de pujar.    <\/p>\n<figure class=\"wp-block-post-featured-image\"><img fetchpriority=\"high\" decoding=\"async\" width=\"1024\" height=\"1024\" src=\"https:\/\/mastorrencito.com\/cat\/wp-content\/uploads\/sites\/3\/reduccionjornada.jpg\" class=\"attachment-post-thumbnail size-post-thumbnail wp-post-image\" alt=\"la reduccion de jornada...\" style=\"object-fit:cover;\" srcset=\"https:\/\/mastorrencito.com\/cat\/wp-content\/uploads\/sites\/3\/reduccionjornada.jpg 1024w, https:\/\/mastorrencito.com\/cat\/wp-content\/uploads\/sites\/3\/reduccionjornada-300x300.jpg 300w, https:\/\/mastorrencito.com\/cat\/wp-content\/uploads\/sites\/3\/reduccionjornada-150x150.jpg 150w, https:\/\/mastorrencito.com\/cat\/wp-content\/uploads\/sites\/3\/reduccionjornada-768x768.jpg 768w\" sizes=\"(max-width: 1024px) 100vw, 1024px\" \/><\/figure>\n<p>I si tot aix\u00f2 ja \u00e9s complicat, qu\u00e8 passa quan una de les seves treballadores agafa una baixa? En una gran empresa, una baixa nom\u00e9s \u00e9s un contratemps. En un petit negoci d\u00b4un poble on la m\u00e0 d\u00b4obra eficient escasseja, una baixa \u00e9s un microinfart assegurat. No hi ha marge per substituir ning\u00fa sense generar una despesa inassumible, ni treballadors a la porta esperant per entrar. De vegades, l&#8217;empresari ha de cobrir ell mateix el lloc, treballant hores interminables sense descans, sacrificant la seva vida personal i la seva salut per no perdre la poca cosa que t\u00e9.    <\/p>\n\n<p>\u00ab\u00c9s aix\u00f2 l\u00f2gic?\u00bb es pregunta mentre revisa els comptes a final de mes, amb l&#8217;angoixa de saber que si un mes les coses no van b\u00e9, no hi haur\u00e0 manera de cobrir despeses. No \u00e9s que no valori el treball de les empleades, al contrari. Sap que s&#8217;ho mereixen, i probablement m\u00e9s. Per\u00f2 la c\u00e0rrega fiscal i social \u00e9s tan alta que contractar m\u00e9s personal \u00e9s pr\u00e0cticament impensable. I si aquesta proporci\u00f3 fos diferent? I si en lloc de pagar 700 euros a la Seguretat Social, en pogu\u00e9s pagar 300 i la resta es destin\u00e9s al sou de les seves empleades? Amb un cost menor per a l&#8217;empresari i un salari m\u00e9s gran per a elles, no hi hauria m\u00e9s contractacions? No es reduiria la feina submergida?       <\/p>\n\n<p>El petit empresari sent que est\u00e0 atrapat en un sistema que ho asfixia. Mentrestant, grans corporacions troben maneres d&#8217;optimitzar-ne la c\u00e0rrega fiscal, diversifiquen els seus recursos i operen amb marges que per a ell s\u00f3n inabastables. A final de mes, quan arriba el moment de pagar n\u00f2mines, impostos i Seguretat Social, la preocupaci\u00f3 el consumeix. \u00abSi jo amb dues empleades estic aix\u00ed, com ho fa qui en t\u00e9 cinc o m\u00e9s?\u00bb   <\/p>\n\n<p>La reducci\u00f3 de jornada \u00e9s un dret i un aven\u00e7 social, s\u00ed, per\u00f2 la pregunta continua a l&#8217;aire: qui sost\u00e9 el pes d&#8217;aquestes mesures? Un petit empresari no t\u00e9 l?estructura d?una gran firma ni el marge d?una multinacional. La pressi\u00f3 fiscal i laboral no es mesura amb la mateixa vara, encara que les obligacions siguin semblants.  <\/p>\n\n<p>Aix\u00ed, el propietari del petit restaurant segueix endavant, amb la incertesa com a companya de viatge. Vol oferir bones condicions, vol cr\u00e9ixer, per\u00f2 el sistema li posa traves. Mentrestant, es pregunta si alg\u00fa, als alts despatxos on es prenen decisions, alguna vegada s&#8217;ha posat al seu lloc. Perqu\u00e8 ell no \u00e9s un gran empresari, ni un especulador. \u00c9s un treballador m\u00e9s, lluitant per no perdre-ho tot.    <\/p>\n\n<p><strong>De deb\u00f2 val la pena&#8230;?<\/strong><\/p>\n\n<p>Quants companys han passat de tenir el propi negoci a formar part d&#8217;una plantilla?<br \/>Quants emprenedors de restaurants, cases rurals, petits negocis, lampistes\u2026 han deixat enrere la seva empresa, on no nom\u00e9s es guanyaven la vida, sin\u00f3 que tamb\u00e9 contractaven aprenents, per convertir-se en empleats i deslliurar-se de l&#8217;angoixa mensual d&#8217;arribar a final de mes ?<\/p>\n\n<p>Quants&#8230;?<\/p>\n\n<p>Jo en conec diversos.<\/p>\n\n<p>Jo en el meu cas, si aquest sistema no fos inviable, possiblement en comptes d&#8217;una persona en tindria tres. Si el sistema per poder tenir empleats no fos tan asfixiant, de deb\u00f2 que tot podria canviar. Si al possible treballador no el piqu\u00e9s per tenir diversos contractes, \u00e9s m\u00e9s, si se l&#8217;apress\u00e9s i gratifiqu\u00e9s per treballar en comptes que cada any en la seva declaraci\u00f3 de la renda, per tenir dos pagadors, literalment el castiguessin, llavors es preguntaria el mateix que tots: \u00abPer aix\u00f2, realment val la pena?\u00bb.  <\/p>\n\n<blockquote class=\"wp-block-quote is-layout-flow wp-block-quote-is-layout-flow\">\n<p><br \/>Des de MasTorrencito et desitgem un bon dia i que els teus gossos t&#8217;acompanyin!!<\/p>\n<\/blockquote>\n\n<p>\u2014\u2013<br \/> Si vols, pot veure els nostres <strong>bons per caps de setmana, bons jubilats<\/strong> , a un preu incre\u00efble..entra a <a href=\"https:\/\/www.mastorrencito.com\/\">www.mastorrencito.com<\/a> o si vols podeu llegir m\u00e9s hist\u00f2ria i an\u00e8cdotes que ens han passat a Mas Torrencito\u2026 Fes click <a href=\"https:\/\/mastorrencito.com\/es\/\">aqu\u00ed<\/a><\/p>\n","protected":false},"excerpt":{"rendered":"<p>Al cor de l\u00b4Empord\u00e0, un petit empresari d\u00b4hostaleria enc\u00e9n els llums del seu establiment amb la mateixa rutina de sempre. El seu negoci, un restaurant familiar modest, sobreviu amb esfor\u00e7 i dedicaci\u00f3. No \u00e9s una gran firma d?advocats ni una multinacional amb pressupostos milionaris, sin\u00f3 un projecte constru\u00eft amb suor, sacrificis i amor per la [&hellip;]<\/p>\n","protected":false},"author":2,"featured_media":3410,"comment_status":"open","ping_status":"closed","sticky":false,"template":"","format":"standard","meta":{"_acf_changed":false,"footnotes":""},"categories":[35],"tags":[],"class_list":["post-3415","post","type-post","status-publish","format-standard","has-post-thumbnail","hentry","category-histories-mastorrencito"],"yoast_head":"<!-- This site is optimized with the Yoast SEO Premium plugin v27.3 (Yoast SEO v27.5) - https:\/\/yoast.com\/product\/yoast-seo-premium-wordpress\/ -->\n<title>La reducci\u00f3 de jornada l&#039;ampliaci\u00f3 de les nostres preocupacions - Mas Torrencito CAT<\/title>\n<meta name=\"description\" content=\"I \u00e9s que \u00e9s un dilema... sempre ho \u00e9s... La reducci\u00f3 de jornada l&#039;ampliaci\u00f3 de les nostres preocupacions\" \/>\n<meta name=\"robots\" content=\"index, follow, max-snippet:-1, max-image-preview:large, max-video-preview:-1\" \/>\n<link rel=\"canonical\" href=\"https:\/\/mastorrencito.com\/cat\/la-reduccio-de-jornada-lampliacio-de-les-nostres-preocupacions\/\" \/>\n<meta property=\"og:locale\" content=\"es_ES\" \/>\n<meta property=\"og:type\" content=\"article\" \/>\n<meta property=\"og:title\" content=\"La reducci\u00f3 de jornada l&#039;ampliaci\u00f3 de les nostres preocupacions\" \/>\n<meta property=\"og:description\" content=\"I \u00e9s que \u00e9s un dilema... sempre ho \u00e9s... La reducci\u00f3 de jornada l&#039;ampliaci\u00f3 de les nostres preocupacions\" \/>\n<meta property=\"og:url\" content=\"https:\/\/mastorrencito.com\/cat\/la-reduccio-de-jornada-lampliacio-de-les-nostres-preocupacions\/\" \/>\n<meta property=\"og:site_name\" content=\"Mas Torrencito CAT\" \/>\n<meta property=\"article:published_time\" content=\"2025-02-01T05:53:47+00:00\" \/>\n<meta property=\"og:image\" content=\"https:\/\/mastorrencito.com\/cat\/wp-content\/uploads\/sites\/3\/reduccionjornada.jpg\" \/>\n\t<meta property=\"og:image:width\" content=\"1024\" \/>\n\t<meta property=\"og:image:height\" content=\"1024\" \/>\n\t<meta property=\"og:image:type\" content=\"image\/jpeg\" \/>\n<meta name=\"author\" content=\"Mastorrencito\" \/>\n<meta name=\"twitter:card\" content=\"summary_large_image\" \/>\n<meta name=\"twitter:label1\" content=\"Escrito por\" \/>\n\t<meta name=\"twitter:data1\" content=\"Mastorrencito\" \/>\n\t<meta name=\"twitter:label2\" content=\"Tiempo de lectura\" \/>\n\t<meta name=\"twitter:data2\" content=\"5 minutos\" \/>\n<script type=\"application\/ld+json\" class=\"yoast-schema-graph\">{\"@context\":\"https:\\\/\\\/schema.org\",\"@graph\":[{\"@type\":\"Article\",\"@id\":\"https:\\\/\\\/mastorrencito.com\\\/cat\\\/la-reduccio-de-jornada-lampliacio-de-les-nostres-preocupacions\\\/#article\",\"isPartOf\":{\"@id\":\"https:\\\/\\\/mastorrencito.com\\\/cat\\\/la-reduccio-de-jornada-lampliacio-de-les-nostres-preocupacions\\\/\"},\"author\":{\"name\":\"Mastorrencito\",\"@id\":\"https:\\\/\\\/mastorrencito.com\\\/#\\\/schema\\\/person\\\/18c619be80d4ae2667c702911625f790\"},\"headline\":\"La reducci\u00f3 de jornada l&#8217;ampliaci\u00f3 de les nostres preocupacions\",\"datePublished\":\"2025-02-01T05:53:47+00:00\",\"mainEntityOfPage\":{\"@id\":\"https:\\\/\\\/mastorrencito.com\\\/cat\\\/la-reduccio-de-jornada-lampliacio-de-les-nostres-preocupacions\\\/\"},\"wordCount\":935,\"commentCount\":0,\"publisher\":{\"@id\":\"https:\\\/\\\/mastorrencito.com\\\/#organization\"},\"image\":{\"@id\":\"https:\\\/\\\/mastorrencito.com\\\/cat\\\/la-reduccio-de-jornada-lampliacio-de-les-nostres-preocupacions\\\/#primaryimage\"},\"thumbnailUrl\":\"https:\\\/\\\/mastorrencito.com\\\/cat\\\/wp-content\\\/uploads\\\/sites\\\/3\\\/reduccionjornada.jpg\",\"articleSection\":[\"Hist\u00f2ries Mastorrencito\"],\"inLanguage\":\"es\",\"potentialAction\":[{\"@type\":\"CommentAction\",\"name\":\"Comment\",\"target\":[\"https:\\\/\\\/mastorrencito.com\\\/cat\\\/la-reduccio-de-jornada-lampliacio-de-les-nostres-preocupacions\\\/#respond\"]}]},{\"@type\":\"WebPage\",\"@id\":\"https:\\\/\\\/mastorrencito.com\\\/cat\\\/la-reduccio-de-jornada-lampliacio-de-les-nostres-preocupacions\\\/\",\"url\":\"https:\\\/\\\/mastorrencito.com\\\/cat\\\/la-reduccio-de-jornada-lampliacio-de-les-nostres-preocupacions\\\/\",\"name\":\"La reducci\u00f3 de jornada l'ampliaci\u00f3 de les nostres preocupacions - Mas Torrencito CAT\",\"isPartOf\":{\"@id\":\"https:\\\/\\\/mastorrencito.com\\\/#website\"},\"primaryImageOfPage\":{\"@id\":\"https:\\\/\\\/mastorrencito.com\\\/cat\\\/la-reduccio-de-jornada-lampliacio-de-les-nostres-preocupacions\\\/#primaryimage\"},\"image\":{\"@id\":\"https:\\\/\\\/mastorrencito.com\\\/cat\\\/la-reduccio-de-jornada-lampliacio-de-les-nostres-preocupacions\\\/#primaryimage\"},\"thumbnailUrl\":\"https:\\\/\\\/mastorrencito.com\\\/cat\\\/wp-content\\\/uploads\\\/sites\\\/3\\\/reduccionjornada.jpg\",\"datePublished\":\"2025-02-01T05:53:47+00:00\",\"description\":\"I \u00e9s que \u00e9s un dilema... sempre ho \u00e9s... La reducci\u00f3 de jornada l'ampliaci\u00f3 de les nostres preocupacions\",\"breadcrumb\":{\"@id\":\"https:\\\/\\\/mastorrencito.com\\\/cat\\\/la-reduccio-de-jornada-lampliacio-de-les-nostres-preocupacions\\\/#breadcrumb\"},\"inLanguage\":\"es\",\"potentialAction\":[{\"@type\":\"ReadAction\",\"target\":[\"https:\\\/\\\/mastorrencito.com\\\/cat\\\/la-reduccio-de-jornada-lampliacio-de-les-nostres-preocupacions\\\/\"]}]},{\"@type\":\"ImageObject\",\"inLanguage\":\"es\",\"@id\":\"https:\\\/\\\/mastorrencito.com\\\/cat\\\/la-reduccio-de-jornada-lampliacio-de-les-nostres-preocupacions\\\/#primaryimage\",\"url\":\"https:\\\/\\\/mastorrencito.com\\\/cat\\\/wp-content\\\/uploads\\\/sites\\\/3\\\/reduccionjornada.jpg\",\"contentUrl\":\"https:\\\/\\\/mastorrencito.com\\\/cat\\\/wp-content\\\/uploads\\\/sites\\\/3\\\/reduccionjornada.jpg\",\"width\":1024,\"height\":1024,\"caption\":\"la reduccion de jornada...\"},{\"@type\":\"BreadcrumbList\",\"@id\":\"https:\\\/\\\/mastorrencito.com\\\/cat\\\/la-reduccio-de-jornada-lampliacio-de-les-nostres-preocupacions\\\/#breadcrumb\",\"itemListElement\":[{\"@type\":\"ListItem\",\"position\":1,\"name\":\"Portada\",\"item\":\"https:\\\/\\\/mastorrencito.com\\\/\"},{\"@type\":\"ListItem\",\"position\":2,\"name\":\"La reducci\u00f3 de jornada l&#8217;ampliaci\u00f3 de les nostres preocupacions\"}]},{\"@type\":\"WebSite\",\"@id\":\"https:\\\/\\\/mastorrencito.com\\\/#website\",\"url\":\"https:\\\/\\\/mastorrencito.com\\\/\",\"name\":\"Mas Torrencito CAT\",\"description\":\"Casa rural pet friendly en Girona\",\"publisher\":{\"@id\":\"https:\\\/\\\/mastorrencito.com\\\/#organization\"},\"potentialAction\":[{\"@type\":\"SearchAction\",\"target\":{\"@type\":\"EntryPoint\",\"urlTemplate\":\"https:\\\/\\\/mastorrencito.com\\\/?s={search_term_string}\"},\"query-input\":{\"@type\":\"PropertyValueSpecification\",\"valueRequired\":true,\"valueName\":\"search_term_string\"}}],\"inLanguage\":\"es\"},{\"@type\":\"Organization\",\"@id\":\"https:\\\/\\\/mastorrencito.com\\\/#organization\",\"name\":\"Mas Torrencito CAT\",\"url\":\"https:\\\/\\\/mastorrencito.com\\\/\",\"logo\":{\"@type\":\"ImageObject\",\"inLanguage\":\"es\",\"@id\":\"https:\\\/\\\/mastorrencito.com\\\/#\\\/schema\\\/logo\\\/image\\\/\",\"url\":\"https:\\\/\\\/mastorrencito.com\\\/cat\\\/wp-content\\\/uploads\\\/sites\\\/3\\\/Logo-Mastorrencito-horizontal.webp\",\"contentUrl\":\"https:\\\/\\\/mastorrencito.com\\\/cat\\\/wp-content\\\/uploads\\\/sites\\\/3\\\/Logo-Mastorrencito-horizontal.webp\",\"width\":161,\"height\":54,\"caption\":\"Mas Torrencito CAT\"},\"image\":{\"@id\":\"https:\\\/\\\/mastorrencito.com\\\/#\\\/schema\\\/logo\\\/image\\\/\"}},{\"@type\":\"Person\",\"@id\":\"https:\\\/\\\/mastorrencito.com\\\/#\\\/schema\\\/person\\\/18c619be80d4ae2667c702911625f790\",\"name\":\"Mastorrencito\",\"image\":{\"@type\":\"ImageObject\",\"inLanguage\":\"es\",\"@id\":\"https:\\\/\\\/secure.gravatar.com\\\/avatar\\\/3ef55e0519f987a734c21caee1423b51df7b760b7d81a38ecd31cab0a5115f6d?s=96&d=mm&r=g\",\"url\":\"https:\\\/\\\/secure.gravatar.com\\\/avatar\\\/3ef55e0519f987a734c21caee1423b51df7b760b7d81a38ecd31cab0a5115f6d?s=96&d=mm&r=g\",\"contentUrl\":\"https:\\\/\\\/secure.gravatar.com\\\/avatar\\\/3ef55e0519f987a734c21caee1423b51df7b760b7d81a38ecd31cab0a5115f6d?s=96&d=mm&r=g\",\"caption\":\"Mastorrencito\"},\"url\":\"https:\\\/\\\/mastorrencito.com\\\/cat\\\/author\\\/mastorrencito\\\/\"}]}<\/script>\n<!-- \/ Yoast SEO Premium plugin. -->","yoast_head_json":{"title":"La reducci\u00f3 de jornada l'ampliaci\u00f3 de les nostres preocupacions - Mas Torrencito CAT","description":"I \u00e9s que \u00e9s un dilema... sempre ho \u00e9s... La reducci\u00f3 de jornada l'ampliaci\u00f3 de les nostres preocupacions","robots":{"index":"index","follow":"follow","max-snippet":"max-snippet:-1","max-image-preview":"max-image-preview:large","max-video-preview":"max-video-preview:-1"},"canonical":"https:\/\/mastorrencito.com\/cat\/la-reduccio-de-jornada-lampliacio-de-les-nostres-preocupacions\/","og_locale":"es_ES","og_type":"article","og_title":"La reducci\u00f3 de jornada l'ampliaci\u00f3 de les nostres preocupacions","og_description":"I \u00e9s que \u00e9s un dilema... sempre ho \u00e9s... La reducci\u00f3 de jornada l'ampliaci\u00f3 de les nostres preocupacions","og_url":"https:\/\/mastorrencito.com\/cat\/la-reduccio-de-jornada-lampliacio-de-les-nostres-preocupacions\/","og_site_name":"Mas Torrencito CAT","article_published_time":"2025-02-01T05:53:47+00:00","og_image":[{"width":1024,"height":1024,"url":"https:\/\/mastorrencito.com\/cat\/wp-content\/uploads\/sites\/3\/reduccionjornada.jpg","type":"image\/jpeg"}],"author":"Mastorrencito","twitter_card":"summary_large_image","twitter_misc":{"Escrito por":"Mastorrencito","Tiempo de lectura":"5 minutos"},"schema":{"@context":"https:\/\/schema.org","@graph":[{"@type":"Article","@id":"https:\/\/mastorrencito.com\/cat\/la-reduccio-de-jornada-lampliacio-de-les-nostres-preocupacions\/#article","isPartOf":{"@id":"https:\/\/mastorrencito.com\/cat\/la-reduccio-de-jornada-lampliacio-de-les-nostres-preocupacions\/"},"author":{"name":"Mastorrencito","@id":"https:\/\/mastorrencito.com\/#\/schema\/person\/18c619be80d4ae2667c702911625f790"},"headline":"La reducci\u00f3 de jornada l&#8217;ampliaci\u00f3 de les nostres preocupacions","datePublished":"2025-02-01T05:53:47+00:00","mainEntityOfPage":{"@id":"https:\/\/mastorrencito.com\/cat\/la-reduccio-de-jornada-lampliacio-de-les-nostres-preocupacions\/"},"wordCount":935,"commentCount":0,"publisher":{"@id":"https:\/\/mastorrencito.com\/#organization"},"image":{"@id":"https:\/\/mastorrencito.com\/cat\/la-reduccio-de-jornada-lampliacio-de-les-nostres-preocupacions\/#primaryimage"},"thumbnailUrl":"https:\/\/mastorrencito.com\/cat\/wp-content\/uploads\/sites\/3\/reduccionjornada.jpg","articleSection":["Hist\u00f2ries Mastorrencito"],"inLanguage":"es","potentialAction":[{"@type":"CommentAction","name":"Comment","target":["https:\/\/mastorrencito.com\/cat\/la-reduccio-de-jornada-lampliacio-de-les-nostres-preocupacions\/#respond"]}]},{"@type":"WebPage","@id":"https:\/\/mastorrencito.com\/cat\/la-reduccio-de-jornada-lampliacio-de-les-nostres-preocupacions\/","url":"https:\/\/mastorrencito.com\/cat\/la-reduccio-de-jornada-lampliacio-de-les-nostres-preocupacions\/","name":"La reducci\u00f3 de jornada l'ampliaci\u00f3 de les nostres preocupacions - Mas Torrencito CAT","isPartOf":{"@id":"https:\/\/mastorrencito.com\/#website"},"primaryImageOfPage":{"@id":"https:\/\/mastorrencito.com\/cat\/la-reduccio-de-jornada-lampliacio-de-les-nostres-preocupacions\/#primaryimage"},"image":{"@id":"https:\/\/mastorrencito.com\/cat\/la-reduccio-de-jornada-lampliacio-de-les-nostres-preocupacions\/#primaryimage"},"thumbnailUrl":"https:\/\/mastorrencito.com\/cat\/wp-content\/uploads\/sites\/3\/reduccionjornada.jpg","datePublished":"2025-02-01T05:53:47+00:00","description":"I \u00e9s que \u00e9s un dilema... sempre ho \u00e9s... La reducci\u00f3 de jornada l'ampliaci\u00f3 de les nostres preocupacions","breadcrumb":{"@id":"https:\/\/mastorrencito.com\/cat\/la-reduccio-de-jornada-lampliacio-de-les-nostres-preocupacions\/#breadcrumb"},"inLanguage":"es","potentialAction":[{"@type":"ReadAction","target":["https:\/\/mastorrencito.com\/cat\/la-reduccio-de-jornada-lampliacio-de-les-nostres-preocupacions\/"]}]},{"@type":"ImageObject","inLanguage":"es","@id":"https:\/\/mastorrencito.com\/cat\/la-reduccio-de-jornada-lampliacio-de-les-nostres-preocupacions\/#primaryimage","url":"https:\/\/mastorrencito.com\/cat\/wp-content\/uploads\/sites\/3\/reduccionjornada.jpg","contentUrl":"https:\/\/mastorrencito.com\/cat\/wp-content\/uploads\/sites\/3\/reduccionjornada.jpg","width":1024,"height":1024,"caption":"la reduccion de jornada..."},{"@type":"BreadcrumbList","@id":"https:\/\/mastorrencito.com\/cat\/la-reduccio-de-jornada-lampliacio-de-les-nostres-preocupacions\/#breadcrumb","itemListElement":[{"@type":"ListItem","position":1,"name":"Portada","item":"https:\/\/mastorrencito.com\/"},{"@type":"ListItem","position":2,"name":"La reducci\u00f3 de jornada l&#8217;ampliaci\u00f3 de les nostres preocupacions"}]},{"@type":"WebSite","@id":"https:\/\/mastorrencito.com\/#website","url":"https:\/\/mastorrencito.com\/","name":"Mas Torrencito CAT","description":"Casa rural pet friendly en Girona","publisher":{"@id":"https:\/\/mastorrencito.com\/#organization"},"potentialAction":[{"@type":"SearchAction","target":{"@type":"EntryPoint","urlTemplate":"https:\/\/mastorrencito.com\/?s={search_term_string}"},"query-input":{"@type":"PropertyValueSpecification","valueRequired":true,"valueName":"search_term_string"}}],"inLanguage":"es"},{"@type":"Organization","@id":"https:\/\/mastorrencito.com\/#organization","name":"Mas Torrencito CAT","url":"https:\/\/mastorrencito.com\/","logo":{"@type":"ImageObject","inLanguage":"es","@id":"https:\/\/mastorrencito.com\/#\/schema\/logo\/image\/","url":"https:\/\/mastorrencito.com\/cat\/wp-content\/uploads\/sites\/3\/Logo-Mastorrencito-horizontal.webp","contentUrl":"https:\/\/mastorrencito.com\/cat\/wp-content\/uploads\/sites\/3\/Logo-Mastorrencito-horizontal.webp","width":161,"height":54,"caption":"Mas Torrencito CAT"},"image":{"@id":"https:\/\/mastorrencito.com\/#\/schema\/logo\/image\/"}},{"@type":"Person","@id":"https:\/\/mastorrencito.com\/#\/schema\/person\/18c619be80d4ae2667c702911625f790","name":"Mastorrencito","image":{"@type":"ImageObject","inLanguage":"es","@id":"https:\/\/secure.gravatar.com\/avatar\/3ef55e0519f987a734c21caee1423b51df7b760b7d81a38ecd31cab0a5115f6d?s=96&d=mm&r=g","url":"https:\/\/secure.gravatar.com\/avatar\/3ef55e0519f987a734c21caee1423b51df7b760b7d81a38ecd31cab0a5115f6d?s=96&d=mm&r=g","contentUrl":"https:\/\/secure.gravatar.com\/avatar\/3ef55e0519f987a734c21caee1423b51df7b760b7d81a38ecd31cab0a5115f6d?s=96&d=mm&r=g","caption":"Mastorrencito"},"url":"https:\/\/mastorrencito.com\/cat\/author\/mastorrencito\/"}]}},"acf":[],"_links":{"self":[{"href":"https:\/\/mastorrencito.com\/cat\/wp-json\/wp\/v2\/posts\/3415","targetHints":{"allow":["GET"]}}],"collection":[{"href":"https:\/\/mastorrencito.com\/cat\/wp-json\/wp\/v2\/posts"}],"about":[{"href":"https:\/\/mastorrencito.com\/cat\/wp-json\/wp\/v2\/types\/post"}],"author":[{"embeddable":true,"href":"https:\/\/mastorrencito.com\/cat\/wp-json\/wp\/v2\/users\/2"}],"replies":[{"embeddable":true,"href":"https:\/\/mastorrencito.com\/cat\/wp-json\/wp\/v2\/comments?post=3415"}],"version-history":[{"count":0,"href":"https:\/\/mastorrencito.com\/cat\/wp-json\/wp\/v2\/posts\/3415\/revisions"}],"wp:featuredmedia":[{"embeddable":true,"href":"https:\/\/mastorrencito.com\/cat\/wp-json\/wp\/v2\/media\/3410"}],"wp:attachment":[{"href":"https:\/\/mastorrencito.com\/cat\/wp-json\/wp\/v2\/media?parent=3415"}],"wp:term":[{"taxonomy":"category","embeddable":true,"href":"https:\/\/mastorrencito.com\/cat\/wp-json\/wp\/v2\/categories?post=3415"},{"taxonomy":"post_tag","embeddable":true,"href":"https:\/\/mastorrencito.com\/cat\/wp-json\/wp\/v2\/tags?post=3415"}],"curies":[{"name":"wp","href":"https:\/\/api.w.org\/{rel}","templated":true}]}}