{"id":3409,"date":"2025-02-01T05:53:47","date_gmt":"2025-02-01T05:53:47","guid":{"rendered":"https:\/\/casaruralconperrosgirona.com\/?p=3409"},"modified":"2025-02-01T05:53:47","modified_gmt":"2025-02-01T05:53:47","slug":"la-reduccion-de-jornada-la-ampliacion-de-nuestras-preocupaciones","status":"publish","type":"post","link":"https:\/\/mastorrencito.com\/cat\/la-reduccion-de-jornada-la-ampliacion-de-nuestras-preocupaciones\/","title":{"rendered":"La reduccion de jornada la ampliacion de nuestras preocupaciones"},"content":{"rendered":"\n<p>En el coraz\u00f3n del Empord\u00e0, un peque\u00f1o empresario de hosteler\u00eda enciende las luces de su establecimiento con la misma rutina de siempre. Su negocio, un modesto restaurante familiar, sobrevive con esfuerzo y dedicaci\u00f3n. No es una gran firma de abogados ni una multinacional con presupuestos millonarios, sino un proyecto construido con sudor, sacrificios y amor por la gastronom\u00eda. Y, sin embargo, cada d\u00eda que pasa, siente que est\u00e1 m\u00e1s ahogado, m\u00e1s atrapado en un sistema que no le permite salir adelante.<\/p>\n\n\n\n<p>Recientemente, se ha hablado mucho sobre la reducci\u00f3n de jornada y la conciliaci\u00f3n laboral. En teor\u00eda, una idea excelente: menos horas de trabajo y una mejor calidad de vida para los empleados. Sin embargo, cuando se traslada a la realidad de un peque\u00f1o empresario que apenas llega a fin de mes, las cuentas empiezan a tambalearse.<\/p>\n\n\n\n<p>Este empresario tiene dos trabajadoras esenciales para su negocio: una empleada en cocina y una camarera, ambas con jornada completa. Su salario no es desorbitado, pero es justo y digno. Sin embargo, adem\u00e1s de ese sueldo, \u00e9l debe afrontar un coste adicional de 700 euros en cotizaciones por cada una de ellas. Es decir, por cada salario neto de 1.200 o 1.300 euros, el coste real para la empresa asciende a casi 2.000 euros. Y a esto hay que sumarle los pr\u00e9stamos, los ICOs que solicit\u00f3 para sobrevivir a la pandemia, las inversiones en mejoras para el local, los impuestos que nunca dejan de subir.<\/p>\n\n\n<figure class=\"wp-block-post-featured-image\"><img fetchpriority=\"high\" decoding=\"async\" width=\"1024\" height=\"1024\" src=\"https:\/\/mastorrencito.com\/cat\/wp-content\/uploads\/sites\/3\/reduccionjornada.jpg\" class=\"attachment-post-thumbnail size-post-thumbnail wp-post-image\" alt=\"la reduccion de jornada...\" style=\"object-fit:cover;\" srcset=\"https:\/\/mastorrencito.com\/cat\/wp-content\/uploads\/sites\/3\/reduccionjornada.jpg 1024w, https:\/\/mastorrencito.com\/cat\/wp-content\/uploads\/sites\/3\/reduccionjornada-300x300.jpg 300w, https:\/\/mastorrencito.com\/cat\/wp-content\/uploads\/sites\/3\/reduccionjornada-150x150.jpg 150w, https:\/\/mastorrencito.com\/cat\/wp-content\/uploads\/sites\/3\/reduccionjornada-768x768.jpg 768w\" sizes=\"(max-width: 1024px) 100vw, 1024px\" \/><\/figure>\n\n\n<p>Y si todo esto ya es complicado, \u00bfqu\u00e9 ocurre cuando una de sus trabajadoras coge una baja? En una gran empresa, una baja es solo un contratiempo. En un peque\u00f1o negocio de un pueblo donde la mano de obra eficiente escasea, una baja es un microinfarto asegurado. No hay margen para sustituir a nadie sin generar un gasto inasumible, ni trabajadores en la puerta esperando para entrar. A veces, el empresario debe cubrir \u00e9l mismo el puesto, trabajando horas interminables sin descanso, sacrificando su vida personal y su salud para no perder lo poco que tiene.<\/p>\n\n\n\n<p>\u00ab\u00bfEs esto l\u00f3gico?\u00bb se pregunta mientras revisa las cuentas a final de mes, con la angustia de saber que, si un mes las cosas no van bien, no habr\u00e1 manera de cubrir gastos. No es que no valore el trabajo de sus empleadas, al contrario. Sabe que lo merecen, y probablemente m\u00e1s. Pero la carga fiscal y social es tan alta que contratar a m\u00e1s personal es pr\u00e1cticamente impensable. \u00bfY si esa proporci\u00f3n fuera diferente? \u00bfY si en lugar de pagar 700 euros a la Seguridad Social, pudiera pagar 300 y el resto se destinara al sueldo de sus empleadas? Con un coste menor para el empresario y un salario mayor para ellas, \u00bfno habr\u00eda m\u00e1s contrataciones? \u00bfNo se reducir\u00eda el empleo sumergido?<\/p>\n\n\n\n<p>El peque\u00f1o empresario siente que est\u00e1 atrapado en un sistema que lo asfixia. Mientras tanto, grandes corporaciones encuentran maneras de optimizar su carga fiscal, diversifican sus recursos y operan con m\u00e1rgenes que para \u00e9l son inalcanzables. A fin de mes, cuando llega el momento de pagar n\u00f3minas, impuestos y Seguridad Social, la preocupaci\u00f3n lo consume. \u00abSi yo con dos empleadas estoy as\u00ed, \u00bfc\u00f3mo lo hace quien tiene cinco o m\u00e1s?\u00bb<\/p>\n\n\n\n<p>La reducci\u00f3n de jornada es un derecho y un avance social, s\u00ed, pero la pregunta sigue en el aire: \u00bfqui\u00e9n sostiene el peso de estas medidas? Un peque\u00f1o empresario no tiene la estructura de una gran firma ni el margen de una multinacional. La presi\u00f3n fiscal y laboral no se mide con la misma vara, aunque las obligaciones sean similares.<\/p>\n\n\n\n<p>As\u00ed, el due\u00f1o del peque\u00f1o restaurante sigue adelante, con la incertidumbre como compa\u00f1era de viaje. Quiere ofrecer buenas condiciones, desea crecer, pero el sistema le pone trabas. Mientras tanto, se pregunta si alguien, en los altos despachos donde se toman decisiones, alguna vez se ha puesto en su lugar. Porque \u00e9l no es un gran empresario, ni un especulador. Es un trabajador m\u00e1s, luchando por no perderlo todo.<\/p>\n\n\n\n<p><strong>\u00bfDe verdad merece la pena&#8230;?<\/strong><\/p>\n\n\n\n<p>\u00bfCu\u00e1ntos compa\u00f1eros han pasado de tener su propio negocio a formar parte de una plantilla?<br>\u00bfCu\u00e1ntos emprendedores de restaurantes, casas rurales, peque\u00f1os negocios, lampistas\u2026 han dejado atr\u00e1s su empresa, donde no solo se ganaban la vida, sino que tambi\u00e9n contrataban aprendices, para convertirse en empleados y librarse de la angustia mensual de llegar a fin de mes?<\/p>\n\n\n\n<p>\u00bfCu\u00e1ntos&#8230;?<\/p>\n\n\n\n<p>Yo conozco varios.<\/p>\n\n\n\n<p>Yo en mi caso, si este sistema no fuera inviable, posiblemente en vez de una persona tendr\u00eda tres. Si el sistema para poder tener empleados no fuera tan asfixiante, de verdad que todo podr\u00eda cambiar. Si al posible trabajador no le machacaran por tener varios contratos, es m\u00e1s, si se le apremiara y gratificara por trabajar en vez de que cada a\u00f1o en su declaraci\u00f3n de la renta, por tener dos pagadores, literalmente lo castigaran, entonces se preguntar\u00eda lo mismo que todos: \u00abPara esto, \u00bfrealmente merece la pena?\u00bb.<\/p>\n\n\n\n<blockquote class=\"wp-block-quote is-layout-flow wp-block-quote-is-layout-flow\">\n<p><br>Desde MasTorrencito te deseamos un buen d\u00eda y que tus perros te acompa\u00f1en!!!!<\/p>\n<\/blockquote>\n\n\n\n<p>\u2014\u2013<br>Si quieres, puede ver nuestros&nbsp;<strong>bonos para fines de semana, bonos jubilados<\/strong>&nbsp;, a un precio incre\u00edble..entra en&nbsp;<a href=\"https:\/\/www.mastorrencito.com\/\">www.mastorrencito.com<\/a>&nbsp;o si quieres podeis leer m\u00e1s historia y an\u00e9cdotas que nos han pasado en Mas Torrencito\u2026 Haz click&nbsp;<a href=\"https:\/\/mastorrencito.com\/es\/\">aqu\u00ed<\/a><\/p>\n","protected":false},"excerpt":{"rendered":"<p>En el coraz\u00f3n del Empord\u00e0, un peque\u00f1o empresario de hosteler\u00eda enciende las luces de su establecimiento con la misma rutina de siempre. Su negocio, un modesto restaurante familiar, sobrevive con esfuerzo y dedicaci\u00f3n. No es una gran firma de abogados ni una multinacional con presupuestos millonarios, sino un proyecto construido con sudor, sacrificios y amor [&hellip;]<\/p>\n","protected":false},"author":2,"featured_media":3410,"comment_status":"open","ping_status":"closed","sticky":false,"template":"","format":"standard","meta":{"_acf_changed":false,"footnotes":""},"categories":[36],"tags":[],"class_list":["post-3409","post","type-post","status-publish","format-standard","has-post-thumbnail","hentry","category-historias-de-mastorrencito"],"yoast_head":"<!-- This site is optimized with the Yoast SEO Premium plugin v27.3 (Yoast SEO v27.5) - https:\/\/yoast.com\/product\/yoast-seo-premium-wordpress\/ -->\n<title>La reduccion de jornada la ampliacion de nuestras preocupaciones - Mas Torrencito CAT<\/title>\n<meta name=\"description\" content=\"Y es que es un dilema... siempre lo es... La reduccion de jornada la ampliacion de nuestras preocupaciones\" \/>\n<meta name=\"robots\" content=\"index, follow, max-snippet:-1, max-image-preview:large, max-video-preview:-1\" \/>\n<link rel=\"canonical\" href=\"https:\/\/mastorrencito.com\/cat\/la-reduccion-de-jornada-la-ampliacion-de-nuestras-preocupaciones\/\" \/>\n<meta property=\"og:locale\" content=\"es_ES\" \/>\n<meta property=\"og:type\" content=\"article\" \/>\n<meta property=\"og:title\" content=\"La reduccion de jornada la ampliacion de nuestras preocupaciones\" \/>\n<meta property=\"og:description\" content=\"Y es que es un dilema... siempre lo es... La reduccion de jornada la ampliacion de nuestras preocupaciones\" \/>\n<meta property=\"og:url\" content=\"https:\/\/mastorrencito.com\/cat\/la-reduccion-de-jornada-la-ampliacion-de-nuestras-preocupaciones\/\" \/>\n<meta property=\"og:site_name\" content=\"Mas Torrencito CAT\" \/>\n<meta property=\"article:published_time\" content=\"2025-02-01T05:53:47+00:00\" \/>\n<meta property=\"og:image\" content=\"https:\/\/mastorrencito.com\/cat\/wp-content\/uploads\/sites\/3\/reduccionjornada.jpg\" \/>\n\t<meta property=\"og:image:width\" content=\"1024\" \/>\n\t<meta property=\"og:image:height\" content=\"1024\" \/>\n\t<meta property=\"og:image:type\" content=\"image\/jpeg\" \/>\n<meta name=\"author\" content=\"Mastorrencito\" \/>\n<meta name=\"twitter:card\" content=\"summary_large_image\" \/>\n<meta name=\"twitter:label1\" content=\"Escrito por\" \/>\n\t<meta name=\"twitter:data1\" content=\"Mastorrencito\" \/>\n\t<meta name=\"twitter:label2\" content=\"Tiempo de lectura\" \/>\n\t<meta name=\"twitter:data2\" content=\"5 minutos\" \/>\n<script type=\"application\/ld+json\" class=\"yoast-schema-graph\">{\"@context\":\"https:\\\/\\\/schema.org\",\"@graph\":[{\"@type\":\"Article\",\"@id\":\"https:\\\/\\\/mastorrencito.com\\\/cat\\\/la-reduccion-de-jornada-la-ampliacion-de-nuestras-preocupaciones\\\/#article\",\"isPartOf\":{\"@id\":\"https:\\\/\\\/mastorrencito.com\\\/cat\\\/la-reduccion-de-jornada-la-ampliacion-de-nuestras-preocupaciones\\\/\"},\"author\":{\"name\":\"Mastorrencito\",\"@id\":\"https:\\\/\\\/mastorrencito.com\\\/#\\\/schema\\\/person\\\/18c619be80d4ae2667c702911625f790\"},\"headline\":\"La reduccion de jornada la ampliacion de nuestras preocupaciones\",\"datePublished\":\"2025-02-01T05:53:47+00:00\",\"mainEntityOfPage\":{\"@id\":\"https:\\\/\\\/mastorrencito.com\\\/cat\\\/la-reduccion-de-jornada-la-ampliacion-de-nuestras-preocupaciones\\\/\"},\"wordCount\":929,\"commentCount\":1,\"publisher\":{\"@id\":\"https:\\\/\\\/mastorrencito.com\\\/#organization\"},\"image\":{\"@id\":\"https:\\\/\\\/mastorrencito.com\\\/cat\\\/la-reduccion-de-jornada-la-ampliacion-de-nuestras-preocupaciones\\\/#primaryimage\"},\"thumbnailUrl\":\"https:\\\/\\\/mastorrencito.com\\\/cat\\\/wp-content\\\/uploads\\\/sites\\\/3\\\/reduccionjornada.jpg\",\"articleSection\":[\"Historias de Mastorrencito\"],\"inLanguage\":\"es\",\"potentialAction\":[{\"@type\":\"CommentAction\",\"name\":\"Comment\",\"target\":[\"https:\\\/\\\/mastorrencito.com\\\/cat\\\/la-reduccion-de-jornada-la-ampliacion-de-nuestras-preocupaciones\\\/#respond\"]}]},{\"@type\":\"WebPage\",\"@id\":\"https:\\\/\\\/mastorrencito.com\\\/cat\\\/la-reduccion-de-jornada-la-ampliacion-de-nuestras-preocupaciones\\\/\",\"url\":\"https:\\\/\\\/mastorrencito.com\\\/cat\\\/la-reduccion-de-jornada-la-ampliacion-de-nuestras-preocupaciones\\\/\",\"name\":\"La reduccion de jornada la ampliacion de nuestras preocupaciones - Mas Torrencito CAT\",\"isPartOf\":{\"@id\":\"https:\\\/\\\/mastorrencito.com\\\/#website\"},\"primaryImageOfPage\":{\"@id\":\"https:\\\/\\\/mastorrencito.com\\\/cat\\\/la-reduccion-de-jornada-la-ampliacion-de-nuestras-preocupaciones\\\/#primaryimage\"},\"image\":{\"@id\":\"https:\\\/\\\/mastorrencito.com\\\/cat\\\/la-reduccion-de-jornada-la-ampliacion-de-nuestras-preocupaciones\\\/#primaryimage\"},\"thumbnailUrl\":\"https:\\\/\\\/mastorrencito.com\\\/cat\\\/wp-content\\\/uploads\\\/sites\\\/3\\\/reduccionjornada.jpg\",\"datePublished\":\"2025-02-01T05:53:47+00:00\",\"description\":\"Y es que es un dilema... siempre lo es... La reduccion de jornada la ampliacion de nuestras preocupaciones\",\"breadcrumb\":{\"@id\":\"https:\\\/\\\/mastorrencito.com\\\/cat\\\/la-reduccion-de-jornada-la-ampliacion-de-nuestras-preocupaciones\\\/#breadcrumb\"},\"inLanguage\":\"es\",\"potentialAction\":[{\"@type\":\"ReadAction\",\"target\":[\"https:\\\/\\\/mastorrencito.com\\\/cat\\\/la-reduccion-de-jornada-la-ampliacion-de-nuestras-preocupaciones\\\/\"]}]},{\"@type\":\"ImageObject\",\"inLanguage\":\"es\",\"@id\":\"https:\\\/\\\/mastorrencito.com\\\/cat\\\/la-reduccion-de-jornada-la-ampliacion-de-nuestras-preocupaciones\\\/#primaryimage\",\"url\":\"https:\\\/\\\/mastorrencito.com\\\/cat\\\/wp-content\\\/uploads\\\/sites\\\/3\\\/reduccionjornada.jpg\",\"contentUrl\":\"https:\\\/\\\/mastorrencito.com\\\/cat\\\/wp-content\\\/uploads\\\/sites\\\/3\\\/reduccionjornada.jpg\",\"width\":1024,\"height\":1024,\"caption\":\"la reduccion de jornada...\"},{\"@type\":\"BreadcrumbList\",\"@id\":\"https:\\\/\\\/mastorrencito.com\\\/cat\\\/la-reduccion-de-jornada-la-ampliacion-de-nuestras-preocupaciones\\\/#breadcrumb\",\"itemListElement\":[{\"@type\":\"ListItem\",\"position\":1,\"name\":\"Portada\",\"item\":\"https:\\\/\\\/mastorrencito.com\\\/\"},{\"@type\":\"ListItem\",\"position\":2,\"name\":\"La reduccion de jornada la ampliacion de nuestras preocupaciones\"}]},{\"@type\":\"WebSite\",\"@id\":\"https:\\\/\\\/mastorrencito.com\\\/#website\",\"url\":\"https:\\\/\\\/mastorrencito.com\\\/\",\"name\":\"Mas Torrencito CAT\",\"description\":\"Casa rural pet friendly en Girona\",\"publisher\":{\"@id\":\"https:\\\/\\\/mastorrencito.com\\\/#organization\"},\"potentialAction\":[{\"@type\":\"SearchAction\",\"target\":{\"@type\":\"EntryPoint\",\"urlTemplate\":\"https:\\\/\\\/mastorrencito.com\\\/?s={search_term_string}\"},\"query-input\":{\"@type\":\"PropertyValueSpecification\",\"valueRequired\":true,\"valueName\":\"search_term_string\"}}],\"inLanguage\":\"es\"},{\"@type\":\"Organization\",\"@id\":\"https:\\\/\\\/mastorrencito.com\\\/#organization\",\"name\":\"Mas Torrencito CAT\",\"url\":\"https:\\\/\\\/mastorrencito.com\\\/\",\"logo\":{\"@type\":\"ImageObject\",\"inLanguage\":\"es\",\"@id\":\"https:\\\/\\\/mastorrencito.com\\\/#\\\/schema\\\/logo\\\/image\\\/\",\"url\":\"https:\\\/\\\/mastorrencito.com\\\/cat\\\/wp-content\\\/uploads\\\/sites\\\/3\\\/Logo-Mastorrencito-horizontal.webp\",\"contentUrl\":\"https:\\\/\\\/mastorrencito.com\\\/cat\\\/wp-content\\\/uploads\\\/sites\\\/3\\\/Logo-Mastorrencito-horizontal.webp\",\"width\":161,\"height\":54,\"caption\":\"Mas Torrencito CAT\"},\"image\":{\"@id\":\"https:\\\/\\\/mastorrencito.com\\\/#\\\/schema\\\/logo\\\/image\\\/\"}},{\"@type\":\"Person\",\"@id\":\"https:\\\/\\\/mastorrencito.com\\\/#\\\/schema\\\/person\\\/18c619be80d4ae2667c702911625f790\",\"name\":\"Mastorrencito\",\"image\":{\"@type\":\"ImageObject\",\"inLanguage\":\"es\",\"@id\":\"https:\\\/\\\/secure.gravatar.com\\\/avatar\\\/3ef55e0519f987a734c21caee1423b51df7b760b7d81a38ecd31cab0a5115f6d?s=96&d=mm&r=g\",\"url\":\"https:\\\/\\\/secure.gravatar.com\\\/avatar\\\/3ef55e0519f987a734c21caee1423b51df7b760b7d81a38ecd31cab0a5115f6d?s=96&d=mm&r=g\",\"contentUrl\":\"https:\\\/\\\/secure.gravatar.com\\\/avatar\\\/3ef55e0519f987a734c21caee1423b51df7b760b7d81a38ecd31cab0a5115f6d?s=96&d=mm&r=g\",\"caption\":\"Mastorrencito\"},\"url\":\"https:\\\/\\\/mastorrencito.com\\\/cat\\\/author\\\/mastorrencito\\\/\"}]}<\/script>\n<!-- \/ Yoast SEO Premium plugin. -->","yoast_head_json":{"title":"La reduccion de jornada la ampliacion de nuestras preocupaciones - Mas Torrencito CAT","description":"Y es que es un dilema... siempre lo es... La reduccion de jornada la ampliacion de nuestras preocupaciones","robots":{"index":"index","follow":"follow","max-snippet":"max-snippet:-1","max-image-preview":"max-image-preview:large","max-video-preview":"max-video-preview:-1"},"canonical":"https:\/\/mastorrencito.com\/cat\/la-reduccion-de-jornada-la-ampliacion-de-nuestras-preocupaciones\/","og_locale":"es_ES","og_type":"article","og_title":"La reduccion de jornada la ampliacion de nuestras preocupaciones","og_description":"Y es que es un dilema... siempre lo es... La reduccion de jornada la ampliacion de nuestras preocupaciones","og_url":"https:\/\/mastorrencito.com\/cat\/la-reduccion-de-jornada-la-ampliacion-de-nuestras-preocupaciones\/","og_site_name":"Mas Torrencito CAT","article_published_time":"2025-02-01T05:53:47+00:00","og_image":[{"width":1024,"height":1024,"url":"https:\/\/mastorrencito.com\/cat\/wp-content\/uploads\/sites\/3\/reduccionjornada.jpg","type":"image\/jpeg"}],"author":"Mastorrencito","twitter_card":"summary_large_image","twitter_misc":{"Escrito por":"Mastorrencito","Tiempo de lectura":"5 minutos"},"schema":{"@context":"https:\/\/schema.org","@graph":[{"@type":"Article","@id":"https:\/\/mastorrencito.com\/cat\/la-reduccion-de-jornada-la-ampliacion-de-nuestras-preocupaciones\/#article","isPartOf":{"@id":"https:\/\/mastorrencito.com\/cat\/la-reduccion-de-jornada-la-ampliacion-de-nuestras-preocupaciones\/"},"author":{"name":"Mastorrencito","@id":"https:\/\/mastorrencito.com\/#\/schema\/person\/18c619be80d4ae2667c702911625f790"},"headline":"La reduccion de jornada la ampliacion de nuestras preocupaciones","datePublished":"2025-02-01T05:53:47+00:00","mainEntityOfPage":{"@id":"https:\/\/mastorrencito.com\/cat\/la-reduccion-de-jornada-la-ampliacion-de-nuestras-preocupaciones\/"},"wordCount":929,"commentCount":1,"publisher":{"@id":"https:\/\/mastorrencito.com\/#organization"},"image":{"@id":"https:\/\/mastorrencito.com\/cat\/la-reduccion-de-jornada-la-ampliacion-de-nuestras-preocupaciones\/#primaryimage"},"thumbnailUrl":"https:\/\/mastorrencito.com\/cat\/wp-content\/uploads\/sites\/3\/reduccionjornada.jpg","articleSection":["Historias de Mastorrencito"],"inLanguage":"es","potentialAction":[{"@type":"CommentAction","name":"Comment","target":["https:\/\/mastorrencito.com\/cat\/la-reduccion-de-jornada-la-ampliacion-de-nuestras-preocupaciones\/#respond"]}]},{"@type":"WebPage","@id":"https:\/\/mastorrencito.com\/cat\/la-reduccion-de-jornada-la-ampliacion-de-nuestras-preocupaciones\/","url":"https:\/\/mastorrencito.com\/cat\/la-reduccion-de-jornada-la-ampliacion-de-nuestras-preocupaciones\/","name":"La reduccion de jornada la ampliacion de nuestras preocupaciones - Mas Torrencito CAT","isPartOf":{"@id":"https:\/\/mastorrencito.com\/#website"},"primaryImageOfPage":{"@id":"https:\/\/mastorrencito.com\/cat\/la-reduccion-de-jornada-la-ampliacion-de-nuestras-preocupaciones\/#primaryimage"},"image":{"@id":"https:\/\/mastorrencito.com\/cat\/la-reduccion-de-jornada-la-ampliacion-de-nuestras-preocupaciones\/#primaryimage"},"thumbnailUrl":"https:\/\/mastorrencito.com\/cat\/wp-content\/uploads\/sites\/3\/reduccionjornada.jpg","datePublished":"2025-02-01T05:53:47+00:00","description":"Y es que es un dilema... siempre lo es... La reduccion de jornada la ampliacion de nuestras preocupaciones","breadcrumb":{"@id":"https:\/\/mastorrencito.com\/cat\/la-reduccion-de-jornada-la-ampliacion-de-nuestras-preocupaciones\/#breadcrumb"},"inLanguage":"es","potentialAction":[{"@type":"ReadAction","target":["https:\/\/mastorrencito.com\/cat\/la-reduccion-de-jornada-la-ampliacion-de-nuestras-preocupaciones\/"]}]},{"@type":"ImageObject","inLanguage":"es","@id":"https:\/\/mastorrencito.com\/cat\/la-reduccion-de-jornada-la-ampliacion-de-nuestras-preocupaciones\/#primaryimage","url":"https:\/\/mastorrencito.com\/cat\/wp-content\/uploads\/sites\/3\/reduccionjornada.jpg","contentUrl":"https:\/\/mastorrencito.com\/cat\/wp-content\/uploads\/sites\/3\/reduccionjornada.jpg","width":1024,"height":1024,"caption":"la reduccion de jornada..."},{"@type":"BreadcrumbList","@id":"https:\/\/mastorrencito.com\/cat\/la-reduccion-de-jornada-la-ampliacion-de-nuestras-preocupaciones\/#breadcrumb","itemListElement":[{"@type":"ListItem","position":1,"name":"Portada","item":"https:\/\/mastorrencito.com\/"},{"@type":"ListItem","position":2,"name":"La reduccion de jornada la ampliacion de nuestras preocupaciones"}]},{"@type":"WebSite","@id":"https:\/\/mastorrencito.com\/#website","url":"https:\/\/mastorrencito.com\/","name":"Mas Torrencito CAT","description":"Casa rural pet friendly en Girona","publisher":{"@id":"https:\/\/mastorrencito.com\/#organization"},"potentialAction":[{"@type":"SearchAction","target":{"@type":"EntryPoint","urlTemplate":"https:\/\/mastorrencito.com\/?s={search_term_string}"},"query-input":{"@type":"PropertyValueSpecification","valueRequired":true,"valueName":"search_term_string"}}],"inLanguage":"es"},{"@type":"Organization","@id":"https:\/\/mastorrencito.com\/#organization","name":"Mas Torrencito CAT","url":"https:\/\/mastorrencito.com\/","logo":{"@type":"ImageObject","inLanguage":"es","@id":"https:\/\/mastorrencito.com\/#\/schema\/logo\/image\/","url":"https:\/\/mastorrencito.com\/cat\/wp-content\/uploads\/sites\/3\/Logo-Mastorrencito-horizontal.webp","contentUrl":"https:\/\/mastorrencito.com\/cat\/wp-content\/uploads\/sites\/3\/Logo-Mastorrencito-horizontal.webp","width":161,"height":54,"caption":"Mas Torrencito CAT"},"image":{"@id":"https:\/\/mastorrencito.com\/#\/schema\/logo\/image\/"}},{"@type":"Person","@id":"https:\/\/mastorrencito.com\/#\/schema\/person\/18c619be80d4ae2667c702911625f790","name":"Mastorrencito","image":{"@type":"ImageObject","inLanguage":"es","@id":"https:\/\/secure.gravatar.com\/avatar\/3ef55e0519f987a734c21caee1423b51df7b760b7d81a38ecd31cab0a5115f6d?s=96&d=mm&r=g","url":"https:\/\/secure.gravatar.com\/avatar\/3ef55e0519f987a734c21caee1423b51df7b760b7d81a38ecd31cab0a5115f6d?s=96&d=mm&r=g","contentUrl":"https:\/\/secure.gravatar.com\/avatar\/3ef55e0519f987a734c21caee1423b51df7b760b7d81a38ecd31cab0a5115f6d?s=96&d=mm&r=g","caption":"Mastorrencito"},"url":"https:\/\/mastorrencito.com\/cat\/author\/mastorrencito\/"}]}},"acf":[],"_links":{"self":[{"href":"https:\/\/mastorrencito.com\/cat\/wp-json\/wp\/v2\/posts\/3409","targetHints":{"allow":["GET"]}}],"collection":[{"href":"https:\/\/mastorrencito.com\/cat\/wp-json\/wp\/v2\/posts"}],"about":[{"href":"https:\/\/mastorrencito.com\/cat\/wp-json\/wp\/v2\/types\/post"}],"author":[{"embeddable":true,"href":"https:\/\/mastorrencito.com\/cat\/wp-json\/wp\/v2\/users\/2"}],"replies":[{"embeddable":true,"href":"https:\/\/mastorrencito.com\/cat\/wp-json\/wp\/v2\/comments?post=3409"}],"version-history":[{"count":0,"href":"https:\/\/mastorrencito.com\/cat\/wp-json\/wp\/v2\/posts\/3409\/revisions"}],"wp:featuredmedia":[{"embeddable":true,"href":"https:\/\/mastorrencito.com\/cat\/wp-json\/wp\/v2\/media\/3410"}],"wp:attachment":[{"href":"https:\/\/mastorrencito.com\/cat\/wp-json\/wp\/v2\/media?parent=3409"}],"wp:term":[{"taxonomy":"category","embeddable":true,"href":"https:\/\/mastorrencito.com\/cat\/wp-json\/wp\/v2\/categories?post=3409"},{"taxonomy":"post_tag","embeddable":true,"href":"https:\/\/mastorrencito.com\/cat\/wp-json\/wp\/v2\/tags?post=3409"}],"curies":[{"name":"wp","href":"https:\/\/api.w.org\/{rel}","templated":true}]}}