{"id":3405,"date":"2025-01-31T04:51:35","date_gmt":"2025-01-31T04:51:35","guid":{"rendered":"https:\/\/casaruralconperrosgirona.com\/%f0%9f%9a%80-dia-0-lapocalipsi-del-part-de-viatgers-%f0%9f%93%9d\/"},"modified":"2025-01-31T04:51:35","modified_gmt":"2025-01-31T04:51:35","slug":"%f0%9f%9a%80-dia-0-lapocalipsi-del-part-de-viatgers-%f0%9f%93%9d","status":"publish","type":"post","link":"https:\/\/mastorrencito.com\/cat\/%f0%9f%9a%80-dia-0-lapocalipsi-del-part-de-viatgers-%f0%9f%93%9d\/","title":{"rendered":"\ud83d\ude80 Dia 0: L&#8217;Apocalipsi del Part de Viatgers \ud83d\udcdd"},"content":{"rendered":"\n<hr class=\"wp-block-separator has-alpha-channel-opacity\" \/>\n\n<h3 class=\"wp-block-heading\">Avui, amics, comen\u00e7a oficialment <strong>la nova part de viatgers<\/strong> \u2026 i nom\u00e9s us dic una cosa: <strong>aix\u00f2 ser\u00e0 un periple digne d&#8217;Odissea<\/strong> , per\u00f2 sense vaixells, amb una tablet i amb molts, MOLTS turistes que em miraran amb cara de \u201c Qu\u00e8 m&#8217;est\u00e0s explicant, col\u00b7lega?\u00bb \ud83d\ude35\u200d\ud83d\udcab . Dia 0: L&#8217;Apocalipsi del Part de Viatgers <\/h3>\n\n<p>Us ho dic ja: <strong>ens enviaran a la merda en el primer intent<\/strong> . Literal. Perqu\u00e8 aix\u00f2 no \u00e9s un parell de preguntes de cortesia tipus:    <em>El vostre nom? Passaport? <\/em>  NO, SENYORS! Aix\u00f2 \u00e9s un interrogatori en tota regla. <strong>Gaireb\u00e9 40 preguntes<\/strong> \ud83d\ude31 . S\u00ed, 40 entre les dades de la reserva i les del client. I aix\u00f2 que n&#8217;han tret alguna&#8230; Que si <strong>el parentiu amb el seu company de viatge<\/strong> , que si <strong>la seva direcci\u00f3 actualitzada<\/strong> , que si <strong>el n\u00famero de passaport, el suport, el tipus de sang, la marca de xamp\u00fa que fa servir&#8230;<\/strong> B\u00e9 , potser l&#8217;\u00faltima cosa no, per\u00f2 no em sorprendria.    <\/p>\n\n<h3 class=\"wp-block-heading\">\ud83c\udfe8 Benvinguts a l&#8217;Hotel de Pas\u2026 o de l&#8217;Infern<\/h3>\n\n<p>Jo treballo en una caseta rural, MasTorrencito, i ara a l&#8217;hivern tenim molt\u00edssims estrangers de pas, com la majoria dels que acullen estrangers per aqu\u00ed. Qu\u00e8 vol dir aix\u00f2? Doncs que la gent arriba a la nit, es pren alguna cosa, dorm i l&#8217;endem\u00e0 al mat\u00ed est\u00e0 <strong>sortint per la porta a les 7, a les 5 oa les 9<\/strong> . Tu et creus que alg\u00fa tindr\u00e0 paci\u00e8ncia per emplenar aquest formulari abans de pirar-se? \ud83d\ude02 I que tinguis sorts i que no se t&#8217;ajuntin 2 o 3 per fer el check-out&#8230;    <\/p>\n\n<p>Per evitar la cat\u00e0strofe, <strong>m&#8217;he comprat una tauleta<\/strong> \ud83d\udcbb . En teoria, la idea era que l&#8217;anessin emplenant solets, sense que jo els hagi de perseguir per l&#8217;hotel amb un paper i un boli. Per\u00f2 vaja, <strong>ja veig venir que la tauleta acabar\u00e0 volant per la finestra<\/strong> quan al tercer intent alg\u00fa no entengui aix\u00f2 de la \u00abdirecci\u00f3 de resid\u00e8ncia actualitzada\u00bb.  <\/p>\n<figure class=\"wp-block-post-featured-image\"><img fetchpriority=\"high\" decoding=\"async\" width=\"569\" height=\"552\" src=\"https:\/\/mastorrencito.com\/cat\/wp-content\/uploads\/sites\/3\/Captura-de-pantalla-2025-01-31-053105.png\" class=\"attachment-post-thumbnail size-post-thumbnail wp-post-image\" alt=\"\" style=\"object-fit:cover;\" srcset=\"https:\/\/mastorrencito.com\/cat\/wp-content\/uploads\/sites\/3\/Captura-de-pantalla-2025-01-31-053105.png 569w, https:\/\/mastorrencito.com\/cat\/wp-content\/uploads\/sites\/3\/Captura-de-pantalla-2025-01-31-053105-300x291.png 300w\" sizes=\"(max-width: 569px) 100vw, 569px\" \/><\/figure>\n<h3 class=\"wp-block-heading\">\ud83e\udd2f I Ara Explica Aix\u00f2 en Rus, Alemany, Holand\u00e8s\u2026<\/h3>\n\n<p>A veure, <strong>com li expliques a un rus, a un holand\u00e8s oa un itali\u00e0<\/strong> que, a partir d&#8217;avui, a Espanya necessitem totes aquestes dades?  <strong>EH? COM? <\/strong>  Perqu\u00e8 quan els demanava el passaport fins ahir, <strong>em miraven estrany, com si els deman\u00e9s la contrasenya de Netflix<\/strong> . I jo pensant:   <em>\u00abPer\u00f2 qu\u00e8 passa? Que en altres llocs no us ho demanen o qu\u00e8? <\/em>  \ud83e\udd28<\/p>\n\n<p>Algun fins i tot m&#8217;ha enfadat, per\u00f2 \u00e9s que jo no entenc la l\u00f2gica. Si viatgen per altres pa\u00efsos i tamb\u00e9 els ho demanen, quins nassos els sorpr\u00e8n aqu\u00ed? Per\u00f2 compte, quan creuen <strong>la porta groga de Mastorrencito<\/strong> , sembla que <strong>les lleis de l&#8217;univers canvien<\/strong> i que aqu\u00ed no cal cap document. <strong>Spoiler: doncs a partir d&#8217;avui, s\u00ed que cal i 40 vegades m\u00e9s.<\/strong>  <\/p>\n\n<h3 class=\"wp-block-heading\">\ud83c\uddeb\ud83c\uddf7 Els Francesos i el seu DNI de Pizzeria<\/h3>\n\n<p>No puc deixar d&#8217;esmentar <strong>els francesos<\/strong> . Mare meva, aquests porten un <strong>DNI de la mida d&#8217;un cartell d&#8217;oferta de pizzeria<\/strong> . <strong>Gran, descomunal, un mamotreto impossible d&#8217;encaixar en cap esc\u00e0ner.<\/strong> Per\u00f2 el millor no \u00e9s aix\u00f2\u2026 <strong>\u00c9s que no caducava mai!<\/strong> \ud83d\ude02 <\/p>\n\n<p>Fins a l&#8217;any passat, <strong>hi havia gent amb fotos de fa 40 anys<\/strong> al DNI. Tinc un amic que ja s&#8217;ha jubilat i al document segueix apareixent amb 20 anys. Per\u00f2 aix\u00f2 qu\u00e8 \u00e9s?    <strong>Un document didentitat o una c\u00e0psula del temps?<\/strong><\/p>\n\n<h3 class=\"wp-block-heading\">\ud83d\udea8 Conclusi\u00f3: Aix\u00f2 ser\u00e0 un Circ<\/h3>\n\n<p>Aix\u00ed que res, amics. <strong>Avui promet i molt<\/strong> . Em veig prenent <strong>dreceres i m\u00e9s dreceres<\/strong> perqu\u00e8 si no, aix\u00f2 se&#8217;ns en va de les mans. I no vull ni imaginar-me <strong>els pagesos de turisme rural<\/strong> amb 70 anys intentant entendre aquest formulari.  <\/p>\n\n<p><strong>Dem\u00e0 us explico com ha anat el desastre.<\/strong> Si segueixo viu. \ud83d\ude05<\/p>\n\n<blockquote class=\"wp-block-quote is-layout-flow wp-block-quote-is-layout-flow\">\n<p>Des de MasTorrencito et desitgem un bon dia i que els teus gossos t&#8217;acompanyin!!<\/p>\n<\/blockquote>\n\n<p>\u2014\u2013<br \/> Si vols, pot veure els nostres <strong>bons per caps de setmana, bons jubilats<\/strong> , a un preu incre\u00efble..entra a <a href=\"https:\/\/www.mastorrencito.com\/\">www.mastorrencito.com<\/a> o si vols podeu llegir m\u00e9s hist\u00f2ria i an\u00e8cdotes que ens han passat a Mas Torrencito\u2026 Fes click <a href=\"https:\/\/mastorrencito.com\/es\/\">aqu\u00ed<\/a><\/p>\n","protected":false},"excerpt":{"rendered":"<p>Avui, amics, comen\u00e7a oficialment la nova part de viatgers \u2026 i nom\u00e9s us dic una cosa: aix\u00f2 ser\u00e0 un periple digne d&#8217;Odissea , per\u00f2 sense vaixells, amb una tablet i amb molts, MOLTS turistes que em miraran amb cara de \u201c Qu\u00e8 m&#8217;est\u00e0s explicant, col\u00b7lega?\u00bb \ud83d\ude35\u200d\ud83d\udcab . Dia 0: L&#8217;Apocalipsi del Part de Viatgers Us [&hellip;]<\/p>\n","protected":false},"author":2,"featured_media":3400,"comment_status":"open","ping_status":"closed","sticky":false,"template":"","format":"standard","meta":{"_acf_changed":false,"footnotes":""},"categories":[35],"tags":[],"class_list":["post-3405","post","type-post","status-publish","format-standard","has-post-thumbnail","hentry","category-histories-mastorrencito"],"yoast_head":"<!-- This site is optimized with the Yoast SEO Premium plugin v27.3 (Yoast SEO v27.5) - https:\/\/yoast.com\/product\/yoast-seo-premium-wordpress\/ -->\n<title>\ud83d\ude80 Dia 0: L&#039;Apocalipsi del Part de Viatgers \ud83d\udcdd - Mas Torrencito CAT<\/title>\n<meta name=\"description\" content=\"Avui a Catalunya entra en vigor la nova part de viatgers... prepareu-vos a tenir paci\u00e8ncia. Dia 0: L&#039;Apocalipsi del Part de Viatgers\" \/>\n<meta name=\"robots\" content=\"index, follow, max-snippet:-1, max-image-preview:large, max-video-preview:-1\" \/>\n<link rel=\"canonical\" href=\"https:\/\/mastorrencito.com\/cat\/\ud83d\ude80-dia-0-lapocalipsi-del-part-de-viatgers-\ud83d\udcdd\/\" \/>\n<meta property=\"og:locale\" content=\"es_ES\" \/>\n<meta property=\"og:type\" content=\"article\" \/>\n<meta property=\"og:title\" content=\"\ud83d\ude80 Dia 0: L&#039;Apocalipsi del Part de Viatgers \ud83d\udcdd\" \/>\n<meta property=\"og:description\" content=\"Avui a Catalunya entra en vigor la nova part de viatgers... prepareu-vos a tenir paci\u00e8ncia. Dia 0: L&#039;Apocalipsi del Part de Viatgers\" \/>\n<meta property=\"og:url\" content=\"https:\/\/mastorrencito.com\/cat\/\ud83d\ude80-dia-0-lapocalipsi-del-part-de-viatgers-\ud83d\udcdd\/\" \/>\n<meta property=\"og:site_name\" content=\"Mas Torrencito CAT\" \/>\n<meta property=\"article:published_time\" content=\"2025-01-31T04:51:35+00:00\" \/>\n<meta property=\"og:image\" content=\"https:\/\/mastorrencito.com\/cat\/wp-content\/uploads\/sites\/3\/Captura-de-pantalla-2025-01-31-053105.png\" \/>\n\t<meta property=\"og:image:width\" content=\"569\" \/>\n\t<meta property=\"og:image:height\" content=\"552\" \/>\n\t<meta property=\"og:image:type\" content=\"image\/png\" \/>\n<meta name=\"author\" content=\"Mastorrencito\" \/>\n<meta name=\"twitter:card\" content=\"summary_large_image\" \/>\n<meta name=\"twitter:label1\" content=\"Escrito por\" \/>\n\t<meta name=\"twitter:data1\" content=\"Mastorrencito\" \/>\n\t<meta name=\"twitter:label2\" content=\"Tiempo de lectura\" \/>\n\t<meta name=\"twitter:data2\" content=\"3 minutos\" \/>\n<script type=\"application\/ld+json\" class=\"yoast-schema-graph\">{\"@context\":\"https:\\\/\\\/schema.org\",\"@graph\":[{\"@type\":\"Article\",\"@id\":\"https:\\\/\\\/mastorrencito.com\\\/cat\\\/%f0%9f%9a%80-dia-0-lapocalipsi-del-part-de-viatgers-%f0%9f%93%9d\\\/#article\",\"isPartOf\":{\"@id\":\"https:\\\/\\\/mastorrencito.com\\\/cat\\\/%f0%9f%9a%80-dia-0-lapocalipsi-del-part-de-viatgers-%f0%9f%93%9d\\\/\"},\"author\":{\"name\":\"Mastorrencito\",\"@id\":\"https:\\\/\\\/mastorrencito.com\\\/#\\\/schema\\\/person\\\/18c619be80d4ae2667c702911625f790\"},\"headline\":\"\ud83d\ude80 Dia 0: L&#8217;Apocalipsi del Part de Viatgers \ud83d\udcdd\",\"datePublished\":\"2025-01-31T04:51:35+00:00\",\"mainEntityOfPage\":{\"@id\":\"https:\\\/\\\/mastorrencito.com\\\/cat\\\/%f0%9f%9a%80-dia-0-lapocalipsi-del-part-de-viatgers-%f0%9f%93%9d\\\/\"},\"wordCount\":688,\"commentCount\":0,\"publisher\":{\"@id\":\"https:\\\/\\\/mastorrencito.com\\\/#organization\"},\"image\":{\"@id\":\"https:\\\/\\\/mastorrencito.com\\\/cat\\\/%f0%9f%9a%80-dia-0-lapocalipsi-del-part-de-viatgers-%f0%9f%93%9d\\\/#primaryimage\"},\"thumbnailUrl\":\"https:\\\/\\\/mastorrencito.com\\\/cat\\\/wp-content\\\/uploads\\\/sites\\\/3\\\/Captura-de-pantalla-2025-01-31-053105.png\",\"articleSection\":[\"Hist\u00f2ries Mastorrencito\"],\"inLanguage\":\"es\",\"potentialAction\":[{\"@type\":\"CommentAction\",\"name\":\"Comment\",\"target\":[\"https:\\\/\\\/mastorrencito.com\\\/cat\\\/%f0%9f%9a%80-dia-0-lapocalipsi-del-part-de-viatgers-%f0%9f%93%9d\\\/#respond\"]}]},{\"@type\":\"WebPage\",\"@id\":\"https:\\\/\\\/mastorrencito.com\\\/cat\\\/%f0%9f%9a%80-dia-0-lapocalipsi-del-part-de-viatgers-%f0%9f%93%9d\\\/\",\"url\":\"https:\\\/\\\/mastorrencito.com\\\/cat\\\/%f0%9f%9a%80-dia-0-lapocalipsi-del-part-de-viatgers-%f0%9f%93%9d\\\/\",\"name\":\"\ud83d\ude80 Dia 0: L'Apocalipsi del Part de Viatgers \ud83d\udcdd - Mas Torrencito CAT\",\"isPartOf\":{\"@id\":\"https:\\\/\\\/mastorrencito.com\\\/#website\"},\"primaryImageOfPage\":{\"@id\":\"https:\\\/\\\/mastorrencito.com\\\/cat\\\/%f0%9f%9a%80-dia-0-lapocalipsi-del-part-de-viatgers-%f0%9f%93%9d\\\/#primaryimage\"},\"image\":{\"@id\":\"https:\\\/\\\/mastorrencito.com\\\/cat\\\/%f0%9f%9a%80-dia-0-lapocalipsi-del-part-de-viatgers-%f0%9f%93%9d\\\/#primaryimage\"},\"thumbnailUrl\":\"https:\\\/\\\/mastorrencito.com\\\/cat\\\/wp-content\\\/uploads\\\/sites\\\/3\\\/Captura-de-pantalla-2025-01-31-053105.png\",\"datePublished\":\"2025-01-31T04:51:35+00:00\",\"description\":\"Avui a Catalunya entra en vigor la nova part de viatgers... prepareu-vos a tenir paci\u00e8ncia. Dia 0: L'Apocalipsi del Part de Viatgers\",\"breadcrumb\":{\"@id\":\"https:\\\/\\\/mastorrencito.com\\\/cat\\\/%f0%9f%9a%80-dia-0-lapocalipsi-del-part-de-viatgers-%f0%9f%93%9d\\\/#breadcrumb\"},\"inLanguage\":\"es\",\"potentialAction\":[{\"@type\":\"ReadAction\",\"target\":[\"https:\\\/\\\/mastorrencito.com\\\/cat\\\/%f0%9f%9a%80-dia-0-lapocalipsi-del-part-de-viatgers-%f0%9f%93%9d\\\/\"]}]},{\"@type\":\"ImageObject\",\"inLanguage\":\"es\",\"@id\":\"https:\\\/\\\/mastorrencito.com\\\/cat\\\/%f0%9f%9a%80-dia-0-lapocalipsi-del-part-de-viatgers-%f0%9f%93%9d\\\/#primaryimage\",\"url\":\"https:\\\/\\\/mastorrencito.com\\\/cat\\\/wp-content\\\/uploads\\\/sites\\\/3\\\/Captura-de-pantalla-2025-01-31-053105.png\",\"contentUrl\":\"https:\\\/\\\/mastorrencito.com\\\/cat\\\/wp-content\\\/uploads\\\/sites\\\/3\\\/Captura-de-pantalla-2025-01-31-053105.png\",\"width\":569,\"height\":552},{\"@type\":\"BreadcrumbList\",\"@id\":\"https:\\\/\\\/mastorrencito.com\\\/cat\\\/%f0%9f%9a%80-dia-0-lapocalipsi-del-part-de-viatgers-%f0%9f%93%9d\\\/#breadcrumb\",\"itemListElement\":[{\"@type\":\"ListItem\",\"position\":1,\"name\":\"Portada\",\"item\":\"https:\\\/\\\/mastorrencito.com\\\/\"},{\"@type\":\"ListItem\",\"position\":2,\"name\":\"\ud83d\ude80 Dia 0: L&#8217;Apocalipsi del Part de Viatgers \ud83d\udcdd\"}]},{\"@type\":\"WebSite\",\"@id\":\"https:\\\/\\\/mastorrencito.com\\\/#website\",\"url\":\"https:\\\/\\\/mastorrencito.com\\\/\",\"name\":\"Mas Torrencito CAT\",\"description\":\"Casa rural pet friendly en Girona\",\"publisher\":{\"@id\":\"https:\\\/\\\/mastorrencito.com\\\/#organization\"},\"potentialAction\":[{\"@type\":\"SearchAction\",\"target\":{\"@type\":\"EntryPoint\",\"urlTemplate\":\"https:\\\/\\\/mastorrencito.com\\\/?s={search_term_string}\"},\"query-input\":{\"@type\":\"PropertyValueSpecification\",\"valueRequired\":true,\"valueName\":\"search_term_string\"}}],\"inLanguage\":\"es\"},{\"@type\":\"Organization\",\"@id\":\"https:\\\/\\\/mastorrencito.com\\\/#organization\",\"name\":\"Mas Torrencito CAT\",\"url\":\"https:\\\/\\\/mastorrencito.com\\\/\",\"logo\":{\"@type\":\"ImageObject\",\"inLanguage\":\"es\",\"@id\":\"https:\\\/\\\/mastorrencito.com\\\/#\\\/schema\\\/logo\\\/image\\\/\",\"url\":\"https:\\\/\\\/mastorrencito.com\\\/cat\\\/wp-content\\\/uploads\\\/sites\\\/3\\\/Logo-Mastorrencito-horizontal.webp\",\"contentUrl\":\"https:\\\/\\\/mastorrencito.com\\\/cat\\\/wp-content\\\/uploads\\\/sites\\\/3\\\/Logo-Mastorrencito-horizontal.webp\",\"width\":161,\"height\":54,\"caption\":\"Mas Torrencito CAT\"},\"image\":{\"@id\":\"https:\\\/\\\/mastorrencito.com\\\/#\\\/schema\\\/logo\\\/image\\\/\"}},{\"@type\":\"Person\",\"@id\":\"https:\\\/\\\/mastorrencito.com\\\/#\\\/schema\\\/person\\\/18c619be80d4ae2667c702911625f790\",\"name\":\"Mastorrencito\",\"image\":{\"@type\":\"ImageObject\",\"inLanguage\":\"es\",\"@id\":\"https:\\\/\\\/secure.gravatar.com\\\/avatar\\\/3ef55e0519f987a734c21caee1423b51df7b760b7d81a38ecd31cab0a5115f6d?s=96&d=mm&r=g\",\"url\":\"https:\\\/\\\/secure.gravatar.com\\\/avatar\\\/3ef55e0519f987a734c21caee1423b51df7b760b7d81a38ecd31cab0a5115f6d?s=96&d=mm&r=g\",\"contentUrl\":\"https:\\\/\\\/secure.gravatar.com\\\/avatar\\\/3ef55e0519f987a734c21caee1423b51df7b760b7d81a38ecd31cab0a5115f6d?s=96&d=mm&r=g\",\"caption\":\"Mastorrencito\"},\"url\":\"https:\\\/\\\/mastorrencito.com\\\/cat\\\/author\\\/mastorrencito\\\/\"}]}<\/script>\n<!-- \/ Yoast SEO Premium plugin. -->","yoast_head_json":{"title":"\ud83d\ude80 Dia 0: L'Apocalipsi del Part de Viatgers \ud83d\udcdd - Mas Torrencito CAT","description":"Avui a Catalunya entra en vigor la nova part de viatgers... prepareu-vos a tenir paci\u00e8ncia. Dia 0: L'Apocalipsi del Part de Viatgers","robots":{"index":"index","follow":"follow","max-snippet":"max-snippet:-1","max-image-preview":"max-image-preview:large","max-video-preview":"max-video-preview:-1"},"canonical":"https:\/\/mastorrencito.com\/cat\/\ud83d\ude80-dia-0-lapocalipsi-del-part-de-viatgers-\ud83d\udcdd\/","og_locale":"es_ES","og_type":"article","og_title":"\ud83d\ude80 Dia 0: L'Apocalipsi del Part de Viatgers \ud83d\udcdd","og_description":"Avui a Catalunya entra en vigor la nova part de viatgers... prepareu-vos a tenir paci\u00e8ncia. Dia 0: L'Apocalipsi del Part de Viatgers","og_url":"https:\/\/mastorrencito.com\/cat\/\ud83d\ude80-dia-0-lapocalipsi-del-part-de-viatgers-\ud83d\udcdd\/","og_site_name":"Mas Torrencito CAT","article_published_time":"2025-01-31T04:51:35+00:00","og_image":[{"width":569,"height":552,"url":"https:\/\/mastorrencito.com\/cat\/wp-content\/uploads\/sites\/3\/Captura-de-pantalla-2025-01-31-053105.png","type":"image\/png"}],"author":"Mastorrencito","twitter_card":"summary_large_image","twitter_misc":{"Escrito por":"Mastorrencito","Tiempo de lectura":"3 minutos"},"schema":{"@context":"https:\/\/schema.org","@graph":[{"@type":"Article","@id":"https:\/\/mastorrencito.com\/cat\/%f0%9f%9a%80-dia-0-lapocalipsi-del-part-de-viatgers-%f0%9f%93%9d\/#article","isPartOf":{"@id":"https:\/\/mastorrencito.com\/cat\/%f0%9f%9a%80-dia-0-lapocalipsi-del-part-de-viatgers-%f0%9f%93%9d\/"},"author":{"name":"Mastorrencito","@id":"https:\/\/mastorrencito.com\/#\/schema\/person\/18c619be80d4ae2667c702911625f790"},"headline":"\ud83d\ude80 Dia 0: L&#8217;Apocalipsi del Part de Viatgers \ud83d\udcdd","datePublished":"2025-01-31T04:51:35+00:00","mainEntityOfPage":{"@id":"https:\/\/mastorrencito.com\/cat\/%f0%9f%9a%80-dia-0-lapocalipsi-del-part-de-viatgers-%f0%9f%93%9d\/"},"wordCount":688,"commentCount":0,"publisher":{"@id":"https:\/\/mastorrencito.com\/#organization"},"image":{"@id":"https:\/\/mastorrencito.com\/cat\/%f0%9f%9a%80-dia-0-lapocalipsi-del-part-de-viatgers-%f0%9f%93%9d\/#primaryimage"},"thumbnailUrl":"https:\/\/mastorrencito.com\/cat\/wp-content\/uploads\/sites\/3\/Captura-de-pantalla-2025-01-31-053105.png","articleSection":["Hist\u00f2ries Mastorrencito"],"inLanguage":"es","potentialAction":[{"@type":"CommentAction","name":"Comment","target":["https:\/\/mastorrencito.com\/cat\/%f0%9f%9a%80-dia-0-lapocalipsi-del-part-de-viatgers-%f0%9f%93%9d\/#respond"]}]},{"@type":"WebPage","@id":"https:\/\/mastorrencito.com\/cat\/%f0%9f%9a%80-dia-0-lapocalipsi-del-part-de-viatgers-%f0%9f%93%9d\/","url":"https:\/\/mastorrencito.com\/cat\/%f0%9f%9a%80-dia-0-lapocalipsi-del-part-de-viatgers-%f0%9f%93%9d\/","name":"\ud83d\ude80 Dia 0: L'Apocalipsi del Part de Viatgers \ud83d\udcdd - Mas Torrencito CAT","isPartOf":{"@id":"https:\/\/mastorrencito.com\/#website"},"primaryImageOfPage":{"@id":"https:\/\/mastorrencito.com\/cat\/%f0%9f%9a%80-dia-0-lapocalipsi-del-part-de-viatgers-%f0%9f%93%9d\/#primaryimage"},"image":{"@id":"https:\/\/mastorrencito.com\/cat\/%f0%9f%9a%80-dia-0-lapocalipsi-del-part-de-viatgers-%f0%9f%93%9d\/#primaryimage"},"thumbnailUrl":"https:\/\/mastorrencito.com\/cat\/wp-content\/uploads\/sites\/3\/Captura-de-pantalla-2025-01-31-053105.png","datePublished":"2025-01-31T04:51:35+00:00","description":"Avui a Catalunya entra en vigor la nova part de viatgers... prepareu-vos a tenir paci\u00e8ncia. Dia 0: L'Apocalipsi del Part de Viatgers","breadcrumb":{"@id":"https:\/\/mastorrencito.com\/cat\/%f0%9f%9a%80-dia-0-lapocalipsi-del-part-de-viatgers-%f0%9f%93%9d\/#breadcrumb"},"inLanguage":"es","potentialAction":[{"@type":"ReadAction","target":["https:\/\/mastorrencito.com\/cat\/%f0%9f%9a%80-dia-0-lapocalipsi-del-part-de-viatgers-%f0%9f%93%9d\/"]}]},{"@type":"ImageObject","inLanguage":"es","@id":"https:\/\/mastorrencito.com\/cat\/%f0%9f%9a%80-dia-0-lapocalipsi-del-part-de-viatgers-%f0%9f%93%9d\/#primaryimage","url":"https:\/\/mastorrencito.com\/cat\/wp-content\/uploads\/sites\/3\/Captura-de-pantalla-2025-01-31-053105.png","contentUrl":"https:\/\/mastorrencito.com\/cat\/wp-content\/uploads\/sites\/3\/Captura-de-pantalla-2025-01-31-053105.png","width":569,"height":552},{"@type":"BreadcrumbList","@id":"https:\/\/mastorrencito.com\/cat\/%f0%9f%9a%80-dia-0-lapocalipsi-del-part-de-viatgers-%f0%9f%93%9d\/#breadcrumb","itemListElement":[{"@type":"ListItem","position":1,"name":"Portada","item":"https:\/\/mastorrencito.com\/"},{"@type":"ListItem","position":2,"name":"\ud83d\ude80 Dia 0: L&#8217;Apocalipsi del Part de Viatgers \ud83d\udcdd"}]},{"@type":"WebSite","@id":"https:\/\/mastorrencito.com\/#website","url":"https:\/\/mastorrencito.com\/","name":"Mas Torrencito CAT","description":"Casa rural pet friendly en Girona","publisher":{"@id":"https:\/\/mastorrencito.com\/#organization"},"potentialAction":[{"@type":"SearchAction","target":{"@type":"EntryPoint","urlTemplate":"https:\/\/mastorrencito.com\/?s={search_term_string}"},"query-input":{"@type":"PropertyValueSpecification","valueRequired":true,"valueName":"search_term_string"}}],"inLanguage":"es"},{"@type":"Organization","@id":"https:\/\/mastorrencito.com\/#organization","name":"Mas Torrencito CAT","url":"https:\/\/mastorrencito.com\/","logo":{"@type":"ImageObject","inLanguage":"es","@id":"https:\/\/mastorrencito.com\/#\/schema\/logo\/image\/","url":"https:\/\/mastorrencito.com\/cat\/wp-content\/uploads\/sites\/3\/Logo-Mastorrencito-horizontal.webp","contentUrl":"https:\/\/mastorrencito.com\/cat\/wp-content\/uploads\/sites\/3\/Logo-Mastorrencito-horizontal.webp","width":161,"height":54,"caption":"Mas Torrencito CAT"},"image":{"@id":"https:\/\/mastorrencito.com\/#\/schema\/logo\/image\/"}},{"@type":"Person","@id":"https:\/\/mastorrencito.com\/#\/schema\/person\/18c619be80d4ae2667c702911625f790","name":"Mastorrencito","image":{"@type":"ImageObject","inLanguage":"es","@id":"https:\/\/secure.gravatar.com\/avatar\/3ef55e0519f987a734c21caee1423b51df7b760b7d81a38ecd31cab0a5115f6d?s=96&d=mm&r=g","url":"https:\/\/secure.gravatar.com\/avatar\/3ef55e0519f987a734c21caee1423b51df7b760b7d81a38ecd31cab0a5115f6d?s=96&d=mm&r=g","contentUrl":"https:\/\/secure.gravatar.com\/avatar\/3ef55e0519f987a734c21caee1423b51df7b760b7d81a38ecd31cab0a5115f6d?s=96&d=mm&r=g","caption":"Mastorrencito"},"url":"https:\/\/mastorrencito.com\/cat\/author\/mastorrencito\/"}]}},"acf":[],"_links":{"self":[{"href":"https:\/\/mastorrencito.com\/cat\/wp-json\/wp\/v2\/posts\/3405","targetHints":{"allow":["GET"]}}],"collection":[{"href":"https:\/\/mastorrencito.com\/cat\/wp-json\/wp\/v2\/posts"}],"about":[{"href":"https:\/\/mastorrencito.com\/cat\/wp-json\/wp\/v2\/types\/post"}],"author":[{"embeddable":true,"href":"https:\/\/mastorrencito.com\/cat\/wp-json\/wp\/v2\/users\/2"}],"replies":[{"embeddable":true,"href":"https:\/\/mastorrencito.com\/cat\/wp-json\/wp\/v2\/comments?post=3405"}],"version-history":[{"count":0,"href":"https:\/\/mastorrencito.com\/cat\/wp-json\/wp\/v2\/posts\/3405\/revisions"}],"wp:featuredmedia":[{"embeddable":true,"href":"https:\/\/mastorrencito.com\/cat\/wp-json\/wp\/v2\/media\/3400"}],"wp:attachment":[{"href":"https:\/\/mastorrencito.com\/cat\/wp-json\/wp\/v2\/media?parent=3405"}],"wp:term":[{"taxonomy":"category","embeddable":true,"href":"https:\/\/mastorrencito.com\/cat\/wp-json\/wp\/v2\/categories?post=3405"},{"taxonomy":"post_tag","embeddable":true,"href":"https:\/\/mastorrencito.com\/cat\/wp-json\/wp\/v2\/tags?post=3405"}],"curies":[{"name":"wp","href":"https:\/\/api.w.org\/{rel}","templated":true}]}}