{"id":3394,"date":"2025-01-30T06:00:00","date_gmt":"2025-01-30T06:00:00","guid":{"rendered":"https:\/\/casaruralconperrosgirona.com\/linsomni-dun-i-el-cabreig-daltres-by-mastorrencito\/"},"modified":"2025-01-30T06:00:00","modified_gmt":"2025-01-30T06:00:00","slug":"linsomni-dun-i-el-cabreig-daltres-by-mastorrencito","status":"publish","type":"post","link":"https:\/\/mastorrencito.com\/cat\/linsomni-dun-i-el-cabreig-daltres-by-mastorrencito\/","title":{"rendered":"L&#8217;insomni d&#8217;un i el cabreig d&#8217;altres by MasTorrencito"},"content":{"rendered":"\n<hr class=\"wp-block-separator has-alpha-channel-opacity\" \/>\n\n<h5 class=\"wp-block-heading\"><strong>Quan l&#8217;insomni dels altres es converteix en el teu problema (o per qu\u00e8 no hauries de trucar a les 2:30)<\/strong><\/h5>\n\n<p>La nit estava al seu apogeu. El silenci envoltava la casa com una manta c\u00e0lida. A fora, nom\u00e9s se sentia l&#8217;ulular del vent entre els arbres i algun grill desafinat que semblava haver pres m\u00e9s caf\u00e8 del necessari. \ud83c\udf19<\/p>\n\n<p>Jo dormia pl\u00e0cidament, abra\u00e7at el meu coix\u00ed amb la serenitat de qui ha treballat tot el dia i nom\u00e9s espera una cosa de la vida en aquell moment: <strong>descansar<\/strong> . Fins que, de sobte&#8230; <\/p>\n\n<p>\ud83d\udcde <strong>RIIING.<\/strong><\/p>\n\n<p>Un timbrazo.<\/p>\n\n<p>\ud83d\udcde <strong>RIIING.<\/strong><\/p>\n\n<p>Dues timbrades.<\/p>\n\n<p>\ud83d\udcde <strong>RIIING.<\/strong><\/p>\n\n<p>Tres timbrades.<\/p>\n\n<p>Obro un ull amb la velocitat i l&#8217;entusiasme d&#8217;un mandr\u00f3s despr\u00e9s de dinar.  <strong>Qui dimoni truca a aquestes hores?<\/strong>  La meva ment encara estava en mode avi\u00f3. L&#8217;ensurt m&#8217;enganxa al pit com si m&#8217;acabessin de donar una desc\u00e0rrega el\u00e8ctrica. Perqu\u00e8 \u00e9s clar, si alg\u00fa et truca a les 2:30 del mat\u00ed ia m\u00e9s insisteix, \u00e9s perqu\u00e8 <strong>ha passat una cosa greu<\/strong> .  <\/p>\n\n<p><em>Hi haur\u00e0 un incendi? Un accident? Un familiar a urg\u00e8ncies? S&#8217;ha declarat la Tercera Guerra Mundial i jo sense assabentar-me&#8217;n?   <\/em><\/p>\n\n<p>Amb el cor a la boca, temptejo a cegues el tel\u00e8fon a la tauleta de nit. La brillantor de la pantalla m&#8217;enlluerna com si fos el mateix sol i, parpellejant com un talp acabat de sortir del cau, veig un nombre desconegut. <\/p>\n\n<p>Respiro profund.  <strong>Si truquen a aquestes hores, \u00e9s important.<\/strong><\/p>\n\n<p>Per\u00f2 alguna cosa em diu que no.<\/p>\n\n<p>Decideixo no contestar. Col\u00b7loco el m\u00f2bil de cap per avall i intento tornar a submergir-me en el meu dol\u00e7 i merescut somni. Per\u00f2 no. Perqu\u00e8 <strong>tornen a trucar<\/strong> .   <\/p>\n\n<p>\ud83d\udcde <strong>RIIING.<\/strong><\/p>\n\n<p>\ud83d\udcde <strong>RIIING.<\/strong><\/p>\n\n<p>\ud83d\udcde <strong>RIIING.<\/strong><\/p>\n\n<p>Ah, no, aix\u00f2 ja \u00e9s un atac. El meu m\u00f2bil, que t\u00e9 activat el sistema de \u201cSi et diuen tres vegades seguides, \u00e9s una emerg\u00e8ncia\u201d decideix que aix\u00f2 \u00e9s assumpte de vida o mort i <em>pum!<\/em> trenca la meva manera \u00abNo molestar\u00bb. <\/p>\n<figure class=\"wp-block-post-featured-image\"><img fetchpriority=\"high\" decoding=\"async\" width=\"1024\" height=\"1024\" src=\"https:\/\/mastorrencito.com\/cat\/wp-content\/uploads\/sites\/3\/insomnio.jpg\" class=\"attachment-post-thumbnail size-post-thumbnail wp-post-image\" alt=\"\" style=\"object-fit:cover;\" srcset=\"https:\/\/mastorrencito.com\/cat\/wp-content\/uploads\/sites\/3\/insomnio.jpg 1024w, https:\/\/mastorrencito.com\/cat\/wp-content\/uploads\/sites\/3\/insomnio-300x300.jpg 300w, https:\/\/mastorrencito.com\/cat\/wp-content\/uploads\/sites\/3\/insomnio-150x150.jpg 150w, https:\/\/mastorrencito.com\/cat\/wp-content\/uploads\/sites\/3\/insomnio-768x768.jpg 768w\" sizes=\"(max-width: 1024px) 100vw, 1024px\" \/><\/figure>\n<p>Ja amb el cervell funcionant a mig gas, m&#8217;incorporo al llit, li dono una ullada a la pantalla i penso: <em>\u00abTant de bo aix\u00f2 sigui important, perqu\u00e8 si no, alg\u00fa coneixer\u00e0 el costat fosc de la meva paci\u00e8ncia&#8230;\u00bb<\/em><\/p>\n\n<p>Responc.<\/p>\n\n<p>\u2013 <strong>S\u00ed\u2026?<\/strong> (Veu d&#8217;ultratomba, digna d&#8217;una sessi\u00f3 d&#8217;espiritisme).<\/p>\n\n<p>A l&#8217;altra banda, un silenci. Un gargamelleig. I despr\u00e9s\u2026  <\/p>\n\n<p>\u2013 <strong>Hola\u2026 bona nit\u2026 eh\u2026 volia saber si de deb\u00f2 no queden places per a Sant Joan, perqu\u00e8 al planning posa que no, per\u00f2 volia confirmar\u2026<\/strong><\/p>\n\n<p>Em quedo en xoc. No puc processar all\u00f2 que acabo d&#8217;escoltar. <\/p>\n\n<p>La meva ment triga un segon a connectar les neurones.  <strong>De deb\u00f2? M&#8217;han despertat per aix\u00f2?<\/strong><\/p>\n\n<p>Miro el rellotge. 2:34 am <\/p>\n\n<p><strong>Aix\u00f2 no \u00e9s real. Aix\u00f2 \u00e9s un experiment social. Ho ha de ser.  <\/strong><\/p>\n\n<p>Perqu\u00e8, a veure\u2026 entenc que la gent tingui dubtes sobre una reserva. Ho entenc. <strong>Per\u00f2, cal trucar a les 2:30 de la matinada per preguntar-ho?<\/strong> \ud83e\udd28 <\/p>\n\n<p>Un silenci tens s&#8217;apodera del tel\u00e8fon. Em frego la cara amb una m\u00e0, respiro fondo i, en un acte de maduresa suprema, <strong>penjo sense dir una paraula<\/strong> . <\/p>\n\n<p>Amb la satisfacci\u00f3 d&#8217;haver pres la millor decisi\u00f3 per a la meva pau mental, apago la pantalla i m&#8217;acomodo al coix\u00ed.  <strong>Intento tornar a dormir.<\/strong><\/p>\n\n<p>Per\u00f2 \u00e9s clar, ja no hi ha manera. El meu cervell est\u00e0 enc\u00e8s com un ne\u00f3 a Las Vegas. <\/p>\n\n<p>\ud83c\udf2a\ufe0f  <em>Qui en el seu judici fa aix\u00f2? \u00c9s que la gent pensa que aix\u00f2 \u00e9s un hotel amb recepci\u00f3 24 hores? \u00c9s que hem perdut el sentit com\u00fa? Per qu\u00e8 tothom vol les coses al moment i no poden esperar?   <\/em>  \ud83c\udf2a\ufe0f<\/p>\n\n<p>Al final, veig que ja s\u00f3n les 4.30 del mat\u00ed i que la batalla est\u00e0 perduda. M&#8217;aixeco, em preparo un caf\u00e8 i <strong>se m&#8217;enc\u00e9n la bombeta.<\/strong> <\/p>\n\n<p><em>\u00abI si li torno la trucada?\u00bb<\/em><\/p>\n\n<p>S\u00ed, ho s\u00e9. No \u00e9s el m\u00e9s madur. Per\u00f2 tampoc s\u00f3c Gandhi i, a hores d&#8217;ara, el meu sentit de l&#8217;humor est\u00e0 funcionant de manera \u00abvenjan\u00e7a passiva-agressiva\u00bb.  <\/p>\n\n<p>Agafo el m\u00f2bil, busco el n\u00famero i, amb un somriure entremaliat, marc.<\/p>\n\n<p>\ud83d\udcde <em>RIIING\u2026<\/em><\/p>\n\n<p>\ud83d\udcde <em>RIIING\u2026<\/em><\/p>\n\n<p>\ud83d\udcde <em>RIIING\u2026<\/em><\/p>\n\n<p>Al tercer to, respon una veu confusa, arrossegada pel somni:<\/p>\n\n<p>\u2013 <strong>Hola\u2026?<\/strong><\/p>\n\n<p>I jo, amb tota la calma i dol\u00e7or del m\u00f3n, li deixo anar:<\/p>\n\n<p>\u2013 <strong>Hola, bon dia.<\/strong> \u2600\ufe0f<\/p>\n\n<p>\u2013 <strong>Com\u2026?<\/strong> (Clarament no sap qu\u00e8 est\u00e0 passant).<\/p>\n\n<p>\u2013  <strong>S\u00ed, aix\u00f2, bon dia. S\u00f3c Miguel, de Mastorret. \u00c9s que tinc tres trucades teves de les 2.30 del mat\u00ed i volia saber si se m&#8217;havia mort un familiar o alguna cosa per l&#8217;estil\u2026  <\/strong><\/p>\n\n<p>Silenci.<\/p>\n\n<p>Titubeig a l&#8217;altra banda de la l\u00ednia.<\/p>\n\n<p>\u2013 <strong>\u00c9s que\u2026 \u00e9s que\u2026 no em vaig adonar de l&#8217;hora\u2026 despr\u00e9s li truco.<\/strong><\/p>\n\n<p>I <em>pum<\/em> , <strong>em penja.<\/strong><\/p>\n\n<p>I jo, tan <em>happy<\/em> . \ud83d\ude0c <\/p>\n\n<p><strong>Conclusi\u00f3:<\/strong><br \/> Si no vols que et tornin la jugada, <strong>pensa dues vegades abans de trucar a alg\u00fa a les 2.30 del mat\u00ed.<\/strong><br \/> I sobretot, si et diuen que no hi ha places al planning\u2026 <strong>confia en el planning.<\/strong> \ud83d\ude02<\/p>\n\n<blockquote class=\"wp-block-quote is-layout-flow wp-block-quote-is-layout-flow\">\n<p>Des de MasTorrencito et desitgem un bon dia i que els teus gossos t&#8217;acompanyin!!<\/p>\n<\/blockquote>\n\n<p>\u2014\u2013<br \/> Si vols, pot veure els nostres <strong>bons per caps de setmana, bons jubilats<\/strong> , a un preu incre\u00efble..entra a <a href=\"https:\/\/www.mastorrencito.com\/\">www.mastorrencito.com<\/a> o si vols podeu llegir m\u00e9s hist\u00f2ria i an\u00e8cdotes que ens han passat a Mas Torrencito\u2026 Fes click <a href=\"https:\/\/mastorrencito.com\/es\/\">aqu\u00ed<\/a><\/p>\n","protected":false},"excerpt":{"rendered":"<p>Quan l&#8217;insomni dels altres es converteix en el teu problema (o per qu\u00e8 no hauries de trucar a les 2:30) La nit estava al seu apogeu. El silenci envoltava la casa com una manta c\u00e0lida. A fora, nom\u00e9s se sentia l&#8217;ulular del vent entre els arbres i algun grill desafinat que semblava haver pres m\u00e9s [&hellip;]<\/p>\n","protected":false},"author":2,"featured_media":3390,"comment_status":"open","ping_status":"closed","sticky":false,"template":"","format":"standard","meta":{"_acf_changed":false,"footnotes":""},"categories":[35],"tags":[],"class_list":["post-3394","post","type-post","status-publish","format-standard","has-post-thumbnail","hentry","category-histories-mastorrencito"],"yoast_head":"<!-- This site is optimized with the Yoast SEO Premium plugin v27.3 (Yoast SEO v27.5) - https:\/\/yoast.com\/product\/yoast-seo-premium-wordpress\/ -->\n<title>L&#039;insomni d&#039;un i el cabreig d&#039;altres by MasTorrencito - Mas Torrencito CAT<\/title>\n<meta name=\"description\" content=\"I \u00e9s que crec que ens estem vivint bojos... L&#039;insomni d&#039;uns i el cabreig d&#039;altres by MasTorrencito\" \/>\n<meta name=\"robots\" content=\"index, follow, max-snippet:-1, max-image-preview:large, max-video-preview:-1\" \/>\n<link rel=\"canonical\" href=\"https:\/\/mastorrencito.com\/cat\/linsomni-dun-i-el-cabreig-daltres-by-mastorrencito\/\" \/>\n<meta property=\"og:locale\" content=\"es_ES\" \/>\n<meta property=\"og:type\" content=\"article\" \/>\n<meta property=\"og:title\" content=\"L&#039;insomni d&#039;un i el cabreig d&#039;altres by MasTorrencito\" \/>\n<meta property=\"og:description\" content=\"I \u00e9s que crec que ens estem vivint bojos... L&#039;insomni d&#039;uns i el cabreig d&#039;altres by MasTorrencito\" \/>\n<meta property=\"og:url\" content=\"https:\/\/mastorrencito.com\/cat\/linsomni-dun-i-el-cabreig-daltres-by-mastorrencito\/\" \/>\n<meta property=\"og:site_name\" content=\"Mas Torrencito CAT\" \/>\n<meta property=\"article:published_time\" content=\"2025-01-30T06:00:00+00:00\" \/>\n<meta property=\"og:image\" content=\"https:\/\/mastorrencito.com\/cat\/wp-content\/uploads\/sites\/3\/insomnio.jpg\" \/>\n\t<meta property=\"og:image:width\" content=\"1024\" \/>\n\t<meta property=\"og:image:height\" content=\"1024\" \/>\n\t<meta property=\"og:image:type\" content=\"image\/jpeg\" \/>\n<meta name=\"author\" content=\"Mastorrencito\" \/>\n<meta name=\"twitter:card\" content=\"summary_large_image\" \/>\n<meta name=\"twitter:label1\" content=\"Escrito por\" \/>\n\t<meta name=\"twitter:data1\" content=\"Mastorrencito\" \/>\n\t<meta name=\"twitter:label2\" content=\"Tiempo de lectura\" \/>\n\t<meta name=\"twitter:data2\" content=\"4 minutos\" \/>\n<script type=\"application\/ld+json\" class=\"yoast-schema-graph\">{\"@context\":\"https:\\\/\\\/schema.org\",\"@graph\":[{\"@type\":\"Article\",\"@id\":\"https:\\\/\\\/mastorrencito.com\\\/cat\\\/linsomni-dun-i-el-cabreig-daltres-by-mastorrencito\\\/#article\",\"isPartOf\":{\"@id\":\"https:\\\/\\\/mastorrencito.com\\\/cat\\\/linsomni-dun-i-el-cabreig-daltres-by-mastorrencito\\\/\"},\"author\":{\"name\":\"Mastorrencito\",\"@id\":\"https:\\\/\\\/mastorrencito.com\\\/#\\\/schema\\\/person\\\/18c619be80d4ae2667c702911625f790\"},\"headline\":\"L&#8217;insomni d&#8217;un i el cabreig d&#8217;altres by MasTorrencito\",\"datePublished\":\"2025-01-30T06:00:00+00:00\",\"mainEntityOfPage\":{\"@id\":\"https:\\\/\\\/mastorrencito.com\\\/cat\\\/linsomni-dun-i-el-cabreig-daltres-by-mastorrencito\\\/\"},\"wordCount\":905,\"commentCount\":0,\"publisher\":{\"@id\":\"https:\\\/\\\/mastorrencito.com\\\/#organization\"},\"image\":{\"@id\":\"https:\\\/\\\/mastorrencito.com\\\/cat\\\/linsomni-dun-i-el-cabreig-daltres-by-mastorrencito\\\/#primaryimage\"},\"thumbnailUrl\":\"https:\\\/\\\/mastorrencito.com\\\/cat\\\/wp-content\\\/uploads\\\/sites\\\/3\\\/insomnio.jpg\",\"articleSection\":[\"Hist\u00f2ries Mastorrencito\"],\"inLanguage\":\"es\",\"potentialAction\":[{\"@type\":\"CommentAction\",\"name\":\"Comment\",\"target\":[\"https:\\\/\\\/mastorrencito.com\\\/cat\\\/linsomni-dun-i-el-cabreig-daltres-by-mastorrencito\\\/#respond\"]}]},{\"@type\":\"WebPage\",\"@id\":\"https:\\\/\\\/mastorrencito.com\\\/cat\\\/linsomni-dun-i-el-cabreig-daltres-by-mastorrencito\\\/\",\"url\":\"https:\\\/\\\/mastorrencito.com\\\/cat\\\/linsomni-dun-i-el-cabreig-daltres-by-mastorrencito\\\/\",\"name\":\"L'insomni d'un i el cabreig d'altres by MasTorrencito - Mas Torrencito CAT\",\"isPartOf\":{\"@id\":\"https:\\\/\\\/mastorrencito.com\\\/#website\"},\"primaryImageOfPage\":{\"@id\":\"https:\\\/\\\/mastorrencito.com\\\/cat\\\/linsomni-dun-i-el-cabreig-daltres-by-mastorrencito\\\/#primaryimage\"},\"image\":{\"@id\":\"https:\\\/\\\/mastorrencito.com\\\/cat\\\/linsomni-dun-i-el-cabreig-daltres-by-mastorrencito\\\/#primaryimage\"},\"thumbnailUrl\":\"https:\\\/\\\/mastorrencito.com\\\/cat\\\/wp-content\\\/uploads\\\/sites\\\/3\\\/insomnio.jpg\",\"datePublished\":\"2025-01-30T06:00:00+00:00\",\"description\":\"I \u00e9s que crec que ens estem vivint bojos... L'insomni d'uns i el cabreig d'altres by MasTorrencito\",\"breadcrumb\":{\"@id\":\"https:\\\/\\\/mastorrencito.com\\\/cat\\\/linsomni-dun-i-el-cabreig-daltres-by-mastorrencito\\\/#breadcrumb\"},\"inLanguage\":\"es\",\"potentialAction\":[{\"@type\":\"ReadAction\",\"target\":[\"https:\\\/\\\/mastorrencito.com\\\/cat\\\/linsomni-dun-i-el-cabreig-daltres-by-mastorrencito\\\/\"]}]},{\"@type\":\"ImageObject\",\"inLanguage\":\"es\",\"@id\":\"https:\\\/\\\/mastorrencito.com\\\/cat\\\/linsomni-dun-i-el-cabreig-daltres-by-mastorrencito\\\/#primaryimage\",\"url\":\"https:\\\/\\\/mastorrencito.com\\\/cat\\\/wp-content\\\/uploads\\\/sites\\\/3\\\/insomnio.jpg\",\"contentUrl\":\"https:\\\/\\\/mastorrencito.com\\\/cat\\\/wp-content\\\/uploads\\\/sites\\\/3\\\/insomnio.jpg\",\"width\":1024,\"height\":1024},{\"@type\":\"BreadcrumbList\",\"@id\":\"https:\\\/\\\/mastorrencito.com\\\/cat\\\/linsomni-dun-i-el-cabreig-daltres-by-mastorrencito\\\/#breadcrumb\",\"itemListElement\":[{\"@type\":\"ListItem\",\"position\":1,\"name\":\"Portada\",\"item\":\"https:\\\/\\\/mastorrencito.com\\\/\"},{\"@type\":\"ListItem\",\"position\":2,\"name\":\"L&#8217;insomni d&#8217;un i el cabreig d&#8217;altres by MasTorrencito\"}]},{\"@type\":\"WebSite\",\"@id\":\"https:\\\/\\\/mastorrencito.com\\\/#website\",\"url\":\"https:\\\/\\\/mastorrencito.com\\\/\",\"name\":\"Mas Torrencito CAT\",\"description\":\"Casa rural pet friendly en Girona\",\"publisher\":{\"@id\":\"https:\\\/\\\/mastorrencito.com\\\/#organization\"},\"potentialAction\":[{\"@type\":\"SearchAction\",\"target\":{\"@type\":\"EntryPoint\",\"urlTemplate\":\"https:\\\/\\\/mastorrencito.com\\\/?s={search_term_string}\"},\"query-input\":{\"@type\":\"PropertyValueSpecification\",\"valueRequired\":true,\"valueName\":\"search_term_string\"}}],\"inLanguage\":\"es\"},{\"@type\":\"Organization\",\"@id\":\"https:\\\/\\\/mastorrencito.com\\\/#organization\",\"name\":\"Mas Torrencito CAT\",\"url\":\"https:\\\/\\\/mastorrencito.com\\\/\",\"logo\":{\"@type\":\"ImageObject\",\"inLanguage\":\"es\",\"@id\":\"https:\\\/\\\/mastorrencito.com\\\/#\\\/schema\\\/logo\\\/image\\\/\",\"url\":\"https:\\\/\\\/mastorrencito.com\\\/cat\\\/wp-content\\\/uploads\\\/sites\\\/3\\\/Logo-Mastorrencito-horizontal.webp\",\"contentUrl\":\"https:\\\/\\\/mastorrencito.com\\\/cat\\\/wp-content\\\/uploads\\\/sites\\\/3\\\/Logo-Mastorrencito-horizontal.webp\",\"width\":161,\"height\":54,\"caption\":\"Mas Torrencito CAT\"},\"image\":{\"@id\":\"https:\\\/\\\/mastorrencito.com\\\/#\\\/schema\\\/logo\\\/image\\\/\"}},{\"@type\":\"Person\",\"@id\":\"https:\\\/\\\/mastorrencito.com\\\/#\\\/schema\\\/person\\\/18c619be80d4ae2667c702911625f790\",\"name\":\"Mastorrencito\",\"image\":{\"@type\":\"ImageObject\",\"inLanguage\":\"es\",\"@id\":\"https:\\\/\\\/secure.gravatar.com\\\/avatar\\\/3ef55e0519f987a734c21caee1423b51df7b760b7d81a38ecd31cab0a5115f6d?s=96&d=mm&r=g\",\"url\":\"https:\\\/\\\/secure.gravatar.com\\\/avatar\\\/3ef55e0519f987a734c21caee1423b51df7b760b7d81a38ecd31cab0a5115f6d?s=96&d=mm&r=g\",\"contentUrl\":\"https:\\\/\\\/secure.gravatar.com\\\/avatar\\\/3ef55e0519f987a734c21caee1423b51df7b760b7d81a38ecd31cab0a5115f6d?s=96&d=mm&r=g\",\"caption\":\"Mastorrencito\"},\"url\":\"https:\\\/\\\/mastorrencito.com\\\/cat\\\/author\\\/mastorrencito\\\/\"}]}<\/script>\n<!-- \/ Yoast SEO Premium plugin. -->","yoast_head_json":{"title":"L'insomni d'un i el cabreig d'altres by MasTorrencito - Mas Torrencito CAT","description":"I \u00e9s que crec que ens estem vivint bojos... L'insomni d'uns i el cabreig d'altres by MasTorrencito","robots":{"index":"index","follow":"follow","max-snippet":"max-snippet:-1","max-image-preview":"max-image-preview:large","max-video-preview":"max-video-preview:-1"},"canonical":"https:\/\/mastorrencito.com\/cat\/linsomni-dun-i-el-cabreig-daltres-by-mastorrencito\/","og_locale":"es_ES","og_type":"article","og_title":"L'insomni d'un i el cabreig d'altres by MasTorrencito","og_description":"I \u00e9s que crec que ens estem vivint bojos... L'insomni d'uns i el cabreig d'altres by MasTorrencito","og_url":"https:\/\/mastorrencito.com\/cat\/linsomni-dun-i-el-cabreig-daltres-by-mastorrencito\/","og_site_name":"Mas Torrencito CAT","article_published_time":"2025-01-30T06:00:00+00:00","og_image":[{"width":1024,"height":1024,"url":"https:\/\/mastorrencito.com\/cat\/wp-content\/uploads\/sites\/3\/insomnio.jpg","type":"image\/jpeg"}],"author":"Mastorrencito","twitter_card":"summary_large_image","twitter_misc":{"Escrito por":"Mastorrencito","Tiempo de lectura":"4 minutos"},"schema":{"@context":"https:\/\/schema.org","@graph":[{"@type":"Article","@id":"https:\/\/mastorrencito.com\/cat\/linsomni-dun-i-el-cabreig-daltres-by-mastorrencito\/#article","isPartOf":{"@id":"https:\/\/mastorrencito.com\/cat\/linsomni-dun-i-el-cabreig-daltres-by-mastorrencito\/"},"author":{"name":"Mastorrencito","@id":"https:\/\/mastorrencito.com\/#\/schema\/person\/18c619be80d4ae2667c702911625f790"},"headline":"L&#8217;insomni d&#8217;un i el cabreig d&#8217;altres by MasTorrencito","datePublished":"2025-01-30T06:00:00+00:00","mainEntityOfPage":{"@id":"https:\/\/mastorrencito.com\/cat\/linsomni-dun-i-el-cabreig-daltres-by-mastorrencito\/"},"wordCount":905,"commentCount":0,"publisher":{"@id":"https:\/\/mastorrencito.com\/#organization"},"image":{"@id":"https:\/\/mastorrencito.com\/cat\/linsomni-dun-i-el-cabreig-daltres-by-mastorrencito\/#primaryimage"},"thumbnailUrl":"https:\/\/mastorrencito.com\/cat\/wp-content\/uploads\/sites\/3\/insomnio.jpg","articleSection":["Hist\u00f2ries Mastorrencito"],"inLanguage":"es","potentialAction":[{"@type":"CommentAction","name":"Comment","target":["https:\/\/mastorrencito.com\/cat\/linsomni-dun-i-el-cabreig-daltres-by-mastorrencito\/#respond"]}]},{"@type":"WebPage","@id":"https:\/\/mastorrencito.com\/cat\/linsomni-dun-i-el-cabreig-daltres-by-mastorrencito\/","url":"https:\/\/mastorrencito.com\/cat\/linsomni-dun-i-el-cabreig-daltres-by-mastorrencito\/","name":"L'insomni d'un i el cabreig d'altres by MasTorrencito - Mas Torrencito CAT","isPartOf":{"@id":"https:\/\/mastorrencito.com\/#website"},"primaryImageOfPage":{"@id":"https:\/\/mastorrencito.com\/cat\/linsomni-dun-i-el-cabreig-daltres-by-mastorrencito\/#primaryimage"},"image":{"@id":"https:\/\/mastorrencito.com\/cat\/linsomni-dun-i-el-cabreig-daltres-by-mastorrencito\/#primaryimage"},"thumbnailUrl":"https:\/\/mastorrencito.com\/cat\/wp-content\/uploads\/sites\/3\/insomnio.jpg","datePublished":"2025-01-30T06:00:00+00:00","description":"I \u00e9s que crec que ens estem vivint bojos... L'insomni d'uns i el cabreig d'altres by MasTorrencito","breadcrumb":{"@id":"https:\/\/mastorrencito.com\/cat\/linsomni-dun-i-el-cabreig-daltres-by-mastorrencito\/#breadcrumb"},"inLanguage":"es","potentialAction":[{"@type":"ReadAction","target":["https:\/\/mastorrencito.com\/cat\/linsomni-dun-i-el-cabreig-daltres-by-mastorrencito\/"]}]},{"@type":"ImageObject","inLanguage":"es","@id":"https:\/\/mastorrencito.com\/cat\/linsomni-dun-i-el-cabreig-daltres-by-mastorrencito\/#primaryimage","url":"https:\/\/mastorrencito.com\/cat\/wp-content\/uploads\/sites\/3\/insomnio.jpg","contentUrl":"https:\/\/mastorrencito.com\/cat\/wp-content\/uploads\/sites\/3\/insomnio.jpg","width":1024,"height":1024},{"@type":"BreadcrumbList","@id":"https:\/\/mastorrencito.com\/cat\/linsomni-dun-i-el-cabreig-daltres-by-mastorrencito\/#breadcrumb","itemListElement":[{"@type":"ListItem","position":1,"name":"Portada","item":"https:\/\/mastorrencito.com\/"},{"@type":"ListItem","position":2,"name":"L&#8217;insomni d&#8217;un i el cabreig d&#8217;altres by MasTorrencito"}]},{"@type":"WebSite","@id":"https:\/\/mastorrencito.com\/#website","url":"https:\/\/mastorrencito.com\/","name":"Mas Torrencito CAT","description":"Casa rural pet friendly en Girona","publisher":{"@id":"https:\/\/mastorrencito.com\/#organization"},"potentialAction":[{"@type":"SearchAction","target":{"@type":"EntryPoint","urlTemplate":"https:\/\/mastorrencito.com\/?s={search_term_string}"},"query-input":{"@type":"PropertyValueSpecification","valueRequired":true,"valueName":"search_term_string"}}],"inLanguage":"es"},{"@type":"Organization","@id":"https:\/\/mastorrencito.com\/#organization","name":"Mas Torrencito CAT","url":"https:\/\/mastorrencito.com\/","logo":{"@type":"ImageObject","inLanguage":"es","@id":"https:\/\/mastorrencito.com\/#\/schema\/logo\/image\/","url":"https:\/\/mastorrencito.com\/cat\/wp-content\/uploads\/sites\/3\/Logo-Mastorrencito-horizontal.webp","contentUrl":"https:\/\/mastorrencito.com\/cat\/wp-content\/uploads\/sites\/3\/Logo-Mastorrencito-horizontal.webp","width":161,"height":54,"caption":"Mas Torrencito CAT"},"image":{"@id":"https:\/\/mastorrencito.com\/#\/schema\/logo\/image\/"}},{"@type":"Person","@id":"https:\/\/mastorrencito.com\/#\/schema\/person\/18c619be80d4ae2667c702911625f790","name":"Mastorrencito","image":{"@type":"ImageObject","inLanguage":"es","@id":"https:\/\/secure.gravatar.com\/avatar\/3ef55e0519f987a734c21caee1423b51df7b760b7d81a38ecd31cab0a5115f6d?s=96&d=mm&r=g","url":"https:\/\/secure.gravatar.com\/avatar\/3ef55e0519f987a734c21caee1423b51df7b760b7d81a38ecd31cab0a5115f6d?s=96&d=mm&r=g","contentUrl":"https:\/\/secure.gravatar.com\/avatar\/3ef55e0519f987a734c21caee1423b51df7b760b7d81a38ecd31cab0a5115f6d?s=96&d=mm&r=g","caption":"Mastorrencito"},"url":"https:\/\/mastorrencito.com\/cat\/author\/mastorrencito\/"}]}},"acf":[],"_links":{"self":[{"href":"https:\/\/mastorrencito.com\/cat\/wp-json\/wp\/v2\/posts\/3394","targetHints":{"allow":["GET"]}}],"collection":[{"href":"https:\/\/mastorrencito.com\/cat\/wp-json\/wp\/v2\/posts"}],"about":[{"href":"https:\/\/mastorrencito.com\/cat\/wp-json\/wp\/v2\/types\/post"}],"author":[{"embeddable":true,"href":"https:\/\/mastorrencito.com\/cat\/wp-json\/wp\/v2\/users\/2"}],"replies":[{"embeddable":true,"href":"https:\/\/mastorrencito.com\/cat\/wp-json\/wp\/v2\/comments?post=3394"}],"version-history":[{"count":0,"href":"https:\/\/mastorrencito.com\/cat\/wp-json\/wp\/v2\/posts\/3394\/revisions"}],"wp:featuredmedia":[{"embeddable":true,"href":"https:\/\/mastorrencito.com\/cat\/wp-json\/wp\/v2\/media\/3390"}],"wp:attachment":[{"href":"https:\/\/mastorrencito.com\/cat\/wp-json\/wp\/v2\/media?parent=3394"}],"wp:term":[{"taxonomy":"category","embeddable":true,"href":"https:\/\/mastorrencito.com\/cat\/wp-json\/wp\/v2\/categories?post=3394"},{"taxonomy":"post_tag","embeddable":true,"href":"https:\/\/mastorrencito.com\/cat\/wp-json\/wp\/v2\/tags?post=3394"}],"curies":[{"name":"wp","href":"https:\/\/api.w.org\/{rel}","templated":true}]}}