{"id":3371,"date":"2025-01-28T04:37:23","date_gmt":"2025-01-28T04:37:23","guid":{"rendered":"https:\/\/casaruralconperrosgirona.com\/quan-les-preocupacions-no-et-deixen-dormir-i-tampoc-la-mamas\/"},"modified":"2025-01-28T04:37:23","modified_gmt":"2025-01-28T04:37:23","slug":"quan-les-preocupacions-no-et-deixen-dormir-i-tampoc-la-mamas","status":"publish","type":"post","link":"https:\/\/mastorrencito.com\/cat\/quan-les-preocupacions-no-et-deixen-dormir-i-tampoc-la-mamas\/","title":{"rendered":"Quan les preocupacions no et deixen dormir\u2026 i tampoc La Mamas"},"content":{"rendered":"\n<hr class=\"wp-block-separator has-alpha-channel-opacity\" \/>\n\n<h4 class=\"wp-block-heading\">No hi ha res m\u00e9s frustrant que voler dormir i no poder. \u00c9s desesperant, sobretot quan tens tot el temps del m\u00f3n per descansar, sense la pressi\u00f3 d&#8217;haver de matinar. Quan les preocupacions no et deixen dormir\u2026 i tampoc La Mamas  <\/h4>\n\n<p>Per\u00f2 aqu\u00ed s\u00f3c jo, a les tres de la matinada, amb els ulls com a plats, la ment funcionant a mil per hora, i una sensaci\u00f3 de cansament que no serveix de res perqu\u00e8 el somni simplement no apareix. I, per si aix\u00f2 fos poc, hi ha una protagonista especial que mai falla per empitjorar les nits de tempesta o tramuntana: <strong>La Mamas<\/strong> . <\/p>\n\n<p>La Mamas, la meva gosseta, t\u00e9 una por visceral de les tempestes. Nom\u00e9s cal que comenci a bufar el vent o soni un tro perqu\u00e8 el seu p\u00e0nic s&#8217;apoderi de tota la casa. Primer v\u00e9nen els udols, com si ens volgu\u00e9s advertir a tots del perill imminent. Despr\u00e9s puja corrent al nostre llit, encara que \u201cpujar\u201d no descriu del tot la seva entrada triomfal. \u00c9s m\u00e9s aviat un salt maldestre i desesperat, seguit d&#8217;un \u201ccaminet de guerra\u201d en qu\u00e8 trepitja tot all\u00f2 que troba al seu pas: el meu cap, els meus ronyons i qualsevol part del meu cos que pugui suportar el seu pes.    <\/p>\n\n<p>Quan finalment aconsegueix acomodar-se, la situaci\u00f3 no millora. Plora, s&#8217;enfila fins al coix\u00ed, em trepitja la cara, i quan decideix deixar-se caure, ho fa amb la delicadesa d&#8217;un sac de patates, directe sobre la costella. Per\u00f2, per descomptat, <strong>la que plora continua sent ella<\/strong> . Perqu\u00e8 tot gira al voltant de La Mamas. I aqu\u00ed s\u00f3c jo, enmig de la nit, fent-li car\u00edcies i parlant-li baixet perqu\u00e8 es calmi. I ho aconsegueixo, \u00e9s clar. Al cap d&#8217;una estona, ella dorm profundament. <strong>Ella dorm pl\u00e0cidament<\/strong> . Jo, mentrestant, segueixo despert, lluitant per no caure&#8217;m d&#8217;un llit de <strong>2,50 metres<\/strong> , relegat a una cantonada amb el cul a l&#8217;aire.       <\/p>\n<figure class=\"wp-block-post-featured-image\"><img fetchpriority=\"high\" decoding=\"async\" width=\"1080\" height=\"1920\" src=\"https:\/\/mastorrencito.com\/cat\/wp-content\/uploads\/sites\/3\/mamas2.jpg\" class=\"attachment-post-thumbnail size-post-thumbnail wp-post-image\" alt=\"Mamas, la reina de las camas de MasTorrencito\" style=\"object-fit:cover;\" srcset=\"https:\/\/mastorrencito.com\/cat\/wp-content\/uploads\/sites\/3\/mamas2.jpg 1080w, https:\/\/mastorrencito.com\/cat\/wp-content\/uploads\/sites\/3\/mamas2-169x300.jpg 169w, https:\/\/mastorrencito.com\/cat\/wp-content\/uploads\/sites\/3\/mamas2-576x1024.jpg 576w, https:\/\/mastorrencito.com\/cat\/wp-content\/uploads\/sites\/3\/mamas2-768x1365.jpg 768w, https:\/\/mastorrencito.com\/cat\/wp-content\/uploads\/sites\/3\/mamas2-864x1536.jpg 864w\" sizes=\"(max-width: 1080px) 100vw, 1080px\" \/><\/figure>\n<p>A aquestes al\u00e7ades, el cansament ja hauria de guanyar la partida al meu cervell, per\u00f2 no. \u00c9s llavors quan comencen els n\u00fameros a rondar al meu cap, com si la tempesta fos interna.   <strong>Factures per pagar, pr\u00e9stecs, prove\u00efdors.<\/strong>  Em turmenta pensar com fer perqu\u00e8 vingui m\u00e9s gent, quines campanyes de publicitat podr\u00edem provar, qu\u00e8 estem fent b\u00e9 i qu\u00e8 estem fent malament. La meva ment passa d&#8217;un pensament a un altre, fent c\u00e0lculs impossibles i tractant de planificar estrat\u00e8gies que ja no tenen sentit a aquestes hores. Tot el necessari per no tornar a dormir en all\u00f2 que queda de nit.  <\/p>\n\n<p>I mentre jo estic immers en aquest mar de preocupacions, La Mamas segueix adormida com si no hagu\u00e9s passat res. En aquell moment, la ironia em colpeja: <strong>ella va venir al llit perqu\u00e8 la tranquil\u00b7litz\u00e9ssim i ara el que no pot dormir s\u00f3c jo.<\/strong> <\/p>\n\n<p>Miri, la meva parella, tampoc no se salva del caos, per\u00f2 almenys ella aconsegueix, d&#8217;alguna manera, recuperar una mica d&#8217;espai i dormir una mica. Jo, en canvi, no tinc tanta sort. Observo La Mamas, que dorm entre tots dos com si fos la reina del llit. Em pregunto com \u00e9s possible que un llit tan gran es converteixi en un lloc tan petit quan ella hi \u00e9s. Sembla un misteri digne d&#8217;un documental: <strong>el fenomen del llit que encongeix.<\/strong>    <\/p>\n\n<p>I aix\u00ed, entre preocupacions, n\u00fameros i el cos adolorit per les trepitjades de La Mamas, arribo al mat\u00ed. L&#8217;alba comporta una barreja d&#8217;alleujament i resignaci\u00f3, perqu\u00e8 s\u00e9 que aix\u00f2 tornar\u00e0 a passar. Cada tempesta, cada nit de tramuntana, es repetir\u00e0 el ritual. I jo continuar\u00e9 despertant esgotat, per\u00f2 sense poder-me enfadar, perqu\u00e8 en el fons entenc que la seva por \u00e9s real. I perqu\u00e8, malgrat tot, com no estimar\u00e9 aquesta petita dictadora que confia en mi per protegir-la?    <\/p>\n\n<blockquote class=\"wp-block-quote is-layout-flow wp-block-quote-is-layout-flow\">\n<p>Des de MasTorrencito et desitgem un bon dia i que els teus gossos t&#8217;acompanyin!!<\/p>\n<\/blockquote>\n\n<p>\u2014\u2013<br \/> Si vols, pot veure els nostres <strong>bons per caps de setmana, bons jubilats<\/strong> , a un preu incre\u00efble..entra a <a href=\"https:\/\/www.mastorrencito.com\/\">www.mastorrencito.com<\/a> o si vols podeu llegir m\u00e9s hist\u00f2ria i an\u00e8cdotes que ens han passat a Mas Torrencito\u2026 Fes click <a href=\"https:\/\/mastorrencito.com\/es\/\">aqu\u00ed<\/a><\/p>\n","protected":false},"excerpt":{"rendered":"<p>No hi ha res m\u00e9s frustrant que voler dormir i no poder. \u00c9s desesperant, sobretot quan tens tot el temps del m\u00f3n per descansar, sense la pressi\u00f3 d&#8217;haver de matinar. Quan les preocupacions no et deixen dormir\u2026 i tampoc La Mamas Per\u00f2 aqu\u00ed s\u00f3c jo, a les tres de la matinada, amb els ulls com [&hellip;]<\/p>\n","protected":false},"author":2,"featured_media":3366,"comment_status":"open","ping_status":"closed","sticky":false,"template":"","format":"standard","meta":{"_acf_changed":false,"footnotes":""},"categories":[35],"tags":[],"class_list":["post-3371","post","type-post","status-publish","format-standard","has-post-thumbnail","hentry","category-histories-mastorrencito"],"yoast_head":"<!-- This site is optimized with the Yoast SEO Premium plugin v27.3 (Yoast SEO v27.5) - https:\/\/yoast.com\/product\/yoast-seo-premium-wordpress\/ -->\n<title>Quan les preocupacions no et deixen dormir\u2026 i tampoc La Mamas - Mas Torrencito CAT<\/title>\n<meta name=\"description\" content=\"i \u00e9s que hi ha nits que m&#039;agradaria... per\u00f2 no... Quan les preocupacions no et deixen dormir\u2026 i tampoc La Mamas\" \/>\n<meta name=\"robots\" content=\"index, follow, max-snippet:-1, max-image-preview:large, max-video-preview:-1\" \/>\n<link rel=\"canonical\" href=\"https:\/\/mastorrencito.com\/cat\/quan-les-preocupacions-no-et-deixen-dormir-i-tampoc-la-mamas\/\" \/>\n<meta property=\"og:locale\" content=\"es_ES\" \/>\n<meta property=\"og:type\" content=\"article\" \/>\n<meta property=\"og:title\" content=\"Quan les preocupacions no et deixen dormir\u2026 i tampoc La Mamas\" \/>\n<meta property=\"og:description\" content=\"i \u00e9s que hi ha nits que m&#039;agradaria... per\u00f2 no... Quan les preocupacions no et deixen dormir\u2026 i tampoc La Mamas\" \/>\n<meta property=\"og:url\" content=\"https:\/\/mastorrencito.com\/cat\/quan-les-preocupacions-no-et-deixen-dormir-i-tampoc-la-mamas\/\" \/>\n<meta property=\"og:site_name\" content=\"Mas Torrencito CAT\" \/>\n<meta property=\"article:published_time\" content=\"2025-01-28T04:37:23+00:00\" \/>\n<meta property=\"og:image\" content=\"https:\/\/mastorrencito.com\/cat\/wp-content\/uploads\/sites\/3\/mamas2.jpg\" \/>\n\t<meta property=\"og:image:width\" content=\"1080\" \/>\n\t<meta property=\"og:image:height\" content=\"1920\" \/>\n\t<meta property=\"og:image:type\" content=\"image\/jpeg\" \/>\n<meta name=\"author\" content=\"Mastorrencito\" \/>\n<meta name=\"twitter:card\" content=\"summary_large_image\" \/>\n<meta name=\"twitter:label1\" content=\"Escrito por\" \/>\n\t<meta name=\"twitter:data1\" content=\"Mastorrencito\" \/>\n\t<meta name=\"twitter:label2\" content=\"Tiempo de lectura\" \/>\n\t<meta name=\"twitter:data2\" content=\"3 minutos\" \/>\n<script type=\"application\/ld+json\" class=\"yoast-schema-graph\">{\"@context\":\"https:\\\/\\\/schema.org\",\"@graph\":[{\"@type\":\"Article\",\"@id\":\"https:\\\/\\\/mastorrencito.com\\\/cat\\\/quan-les-preocupacions-no-et-deixen-dormir-i-tampoc-la-mamas\\\/#article\",\"isPartOf\":{\"@id\":\"https:\\\/\\\/mastorrencito.com\\\/cat\\\/quan-les-preocupacions-no-et-deixen-dormir-i-tampoc-la-mamas\\\/\"},\"author\":{\"name\":\"Mastorrencito\",\"@id\":\"https:\\\/\\\/mastorrencito.com\\\/#\\\/schema\\\/person\\\/18c619be80d4ae2667c702911625f790\"},\"headline\":\"Quan les preocupacions no et deixen dormir\u2026 i tampoc La Mamas\",\"datePublished\":\"2025-01-28T04:37:23+00:00\",\"mainEntityOfPage\":{\"@id\":\"https:\\\/\\\/mastorrencito.com\\\/cat\\\/quan-les-preocupacions-no-et-deixen-dormir-i-tampoc-la-mamas\\\/\"},\"wordCount\":726,\"commentCount\":0,\"publisher\":{\"@id\":\"https:\\\/\\\/mastorrencito.com\\\/#organization\"},\"image\":{\"@id\":\"https:\\\/\\\/mastorrencito.com\\\/cat\\\/quan-les-preocupacions-no-et-deixen-dormir-i-tampoc-la-mamas\\\/#primaryimage\"},\"thumbnailUrl\":\"https:\\\/\\\/mastorrencito.com\\\/cat\\\/wp-content\\\/uploads\\\/sites\\\/3\\\/mamas2.jpg\",\"articleSection\":[\"Hist\u00f2ries Mastorrencito\"],\"inLanguage\":\"es\",\"potentialAction\":[{\"@type\":\"CommentAction\",\"name\":\"Comment\",\"target\":[\"https:\\\/\\\/mastorrencito.com\\\/cat\\\/quan-les-preocupacions-no-et-deixen-dormir-i-tampoc-la-mamas\\\/#respond\"]}]},{\"@type\":\"WebPage\",\"@id\":\"https:\\\/\\\/mastorrencito.com\\\/cat\\\/quan-les-preocupacions-no-et-deixen-dormir-i-tampoc-la-mamas\\\/\",\"url\":\"https:\\\/\\\/mastorrencito.com\\\/cat\\\/quan-les-preocupacions-no-et-deixen-dormir-i-tampoc-la-mamas\\\/\",\"name\":\"Quan les preocupacions no et deixen dormir\u2026 i tampoc La Mamas - Mas Torrencito CAT\",\"isPartOf\":{\"@id\":\"https:\\\/\\\/mastorrencito.com\\\/#website\"},\"primaryImageOfPage\":{\"@id\":\"https:\\\/\\\/mastorrencito.com\\\/cat\\\/quan-les-preocupacions-no-et-deixen-dormir-i-tampoc-la-mamas\\\/#primaryimage\"},\"image\":{\"@id\":\"https:\\\/\\\/mastorrencito.com\\\/cat\\\/quan-les-preocupacions-no-et-deixen-dormir-i-tampoc-la-mamas\\\/#primaryimage\"},\"thumbnailUrl\":\"https:\\\/\\\/mastorrencito.com\\\/cat\\\/wp-content\\\/uploads\\\/sites\\\/3\\\/mamas2.jpg\",\"datePublished\":\"2025-01-28T04:37:23+00:00\",\"description\":\"i \u00e9s que hi ha nits que m'agradaria... per\u00f2 no... Quan les preocupacions no et deixen dormir\u2026 i tampoc La Mamas\",\"breadcrumb\":{\"@id\":\"https:\\\/\\\/mastorrencito.com\\\/cat\\\/quan-les-preocupacions-no-et-deixen-dormir-i-tampoc-la-mamas\\\/#breadcrumb\"},\"inLanguage\":\"es\",\"potentialAction\":[{\"@type\":\"ReadAction\",\"target\":[\"https:\\\/\\\/mastorrencito.com\\\/cat\\\/quan-les-preocupacions-no-et-deixen-dormir-i-tampoc-la-mamas\\\/\"]}]},{\"@type\":\"ImageObject\",\"inLanguage\":\"es\",\"@id\":\"https:\\\/\\\/mastorrencito.com\\\/cat\\\/quan-les-preocupacions-no-et-deixen-dormir-i-tampoc-la-mamas\\\/#primaryimage\",\"url\":\"https:\\\/\\\/mastorrencito.com\\\/cat\\\/wp-content\\\/uploads\\\/sites\\\/3\\\/mamas2.jpg\",\"contentUrl\":\"https:\\\/\\\/mastorrencito.com\\\/cat\\\/wp-content\\\/uploads\\\/sites\\\/3\\\/mamas2.jpg\",\"width\":1080,\"height\":1920,\"caption\":\"Mamas, la reina de las camas de MasTorrencito\"},{\"@type\":\"BreadcrumbList\",\"@id\":\"https:\\\/\\\/mastorrencito.com\\\/cat\\\/quan-les-preocupacions-no-et-deixen-dormir-i-tampoc-la-mamas\\\/#breadcrumb\",\"itemListElement\":[{\"@type\":\"ListItem\",\"position\":1,\"name\":\"Portada\",\"item\":\"https:\\\/\\\/mastorrencito.com\\\/\"},{\"@type\":\"ListItem\",\"position\":2,\"name\":\"Quan les preocupacions no et deixen dormir\u2026 i tampoc La Mamas\"}]},{\"@type\":\"WebSite\",\"@id\":\"https:\\\/\\\/mastorrencito.com\\\/#website\",\"url\":\"https:\\\/\\\/mastorrencito.com\\\/\",\"name\":\"Mas Torrencito CAT\",\"description\":\"Casa rural pet friendly en Girona\",\"publisher\":{\"@id\":\"https:\\\/\\\/mastorrencito.com\\\/#organization\"},\"potentialAction\":[{\"@type\":\"SearchAction\",\"target\":{\"@type\":\"EntryPoint\",\"urlTemplate\":\"https:\\\/\\\/mastorrencito.com\\\/?s={search_term_string}\"},\"query-input\":{\"@type\":\"PropertyValueSpecification\",\"valueRequired\":true,\"valueName\":\"search_term_string\"}}],\"inLanguage\":\"es\"},{\"@type\":\"Organization\",\"@id\":\"https:\\\/\\\/mastorrencito.com\\\/#organization\",\"name\":\"Mas Torrencito CAT\",\"url\":\"https:\\\/\\\/mastorrencito.com\\\/\",\"logo\":{\"@type\":\"ImageObject\",\"inLanguage\":\"es\",\"@id\":\"https:\\\/\\\/mastorrencito.com\\\/#\\\/schema\\\/logo\\\/image\\\/\",\"url\":\"https:\\\/\\\/mastorrencito.com\\\/cat\\\/wp-content\\\/uploads\\\/sites\\\/3\\\/Logo-Mastorrencito-horizontal.webp\",\"contentUrl\":\"https:\\\/\\\/mastorrencito.com\\\/cat\\\/wp-content\\\/uploads\\\/sites\\\/3\\\/Logo-Mastorrencito-horizontal.webp\",\"width\":161,\"height\":54,\"caption\":\"Mas Torrencito CAT\"},\"image\":{\"@id\":\"https:\\\/\\\/mastorrencito.com\\\/#\\\/schema\\\/logo\\\/image\\\/\"}},{\"@type\":\"Person\",\"@id\":\"https:\\\/\\\/mastorrencito.com\\\/#\\\/schema\\\/person\\\/18c619be80d4ae2667c702911625f790\",\"name\":\"Mastorrencito\",\"image\":{\"@type\":\"ImageObject\",\"inLanguage\":\"es\",\"@id\":\"https:\\\/\\\/secure.gravatar.com\\\/avatar\\\/3ef55e0519f987a734c21caee1423b51df7b760b7d81a38ecd31cab0a5115f6d?s=96&d=mm&r=g\",\"url\":\"https:\\\/\\\/secure.gravatar.com\\\/avatar\\\/3ef55e0519f987a734c21caee1423b51df7b760b7d81a38ecd31cab0a5115f6d?s=96&d=mm&r=g\",\"contentUrl\":\"https:\\\/\\\/secure.gravatar.com\\\/avatar\\\/3ef55e0519f987a734c21caee1423b51df7b760b7d81a38ecd31cab0a5115f6d?s=96&d=mm&r=g\",\"caption\":\"Mastorrencito\"},\"url\":\"https:\\\/\\\/mastorrencito.com\\\/cat\\\/author\\\/mastorrencito\\\/\"}]}<\/script>\n<!-- \/ Yoast SEO Premium plugin. -->","yoast_head_json":{"title":"Quan les preocupacions no et deixen dormir\u2026 i tampoc La Mamas - Mas Torrencito CAT","description":"i \u00e9s que hi ha nits que m'agradaria... per\u00f2 no... Quan les preocupacions no et deixen dormir\u2026 i tampoc La Mamas","robots":{"index":"index","follow":"follow","max-snippet":"max-snippet:-1","max-image-preview":"max-image-preview:large","max-video-preview":"max-video-preview:-1"},"canonical":"https:\/\/mastorrencito.com\/cat\/quan-les-preocupacions-no-et-deixen-dormir-i-tampoc-la-mamas\/","og_locale":"es_ES","og_type":"article","og_title":"Quan les preocupacions no et deixen dormir\u2026 i tampoc La Mamas","og_description":"i \u00e9s que hi ha nits que m'agradaria... per\u00f2 no... Quan les preocupacions no et deixen dormir\u2026 i tampoc La Mamas","og_url":"https:\/\/mastorrencito.com\/cat\/quan-les-preocupacions-no-et-deixen-dormir-i-tampoc-la-mamas\/","og_site_name":"Mas Torrencito CAT","article_published_time":"2025-01-28T04:37:23+00:00","og_image":[{"width":1080,"height":1920,"url":"https:\/\/mastorrencito.com\/cat\/wp-content\/uploads\/sites\/3\/mamas2.jpg","type":"image\/jpeg"}],"author":"Mastorrencito","twitter_card":"summary_large_image","twitter_misc":{"Escrito por":"Mastorrencito","Tiempo de lectura":"3 minutos"},"schema":{"@context":"https:\/\/schema.org","@graph":[{"@type":"Article","@id":"https:\/\/mastorrencito.com\/cat\/quan-les-preocupacions-no-et-deixen-dormir-i-tampoc-la-mamas\/#article","isPartOf":{"@id":"https:\/\/mastorrencito.com\/cat\/quan-les-preocupacions-no-et-deixen-dormir-i-tampoc-la-mamas\/"},"author":{"name":"Mastorrencito","@id":"https:\/\/mastorrencito.com\/#\/schema\/person\/18c619be80d4ae2667c702911625f790"},"headline":"Quan les preocupacions no et deixen dormir\u2026 i tampoc La Mamas","datePublished":"2025-01-28T04:37:23+00:00","mainEntityOfPage":{"@id":"https:\/\/mastorrencito.com\/cat\/quan-les-preocupacions-no-et-deixen-dormir-i-tampoc-la-mamas\/"},"wordCount":726,"commentCount":0,"publisher":{"@id":"https:\/\/mastorrencito.com\/#organization"},"image":{"@id":"https:\/\/mastorrencito.com\/cat\/quan-les-preocupacions-no-et-deixen-dormir-i-tampoc-la-mamas\/#primaryimage"},"thumbnailUrl":"https:\/\/mastorrencito.com\/cat\/wp-content\/uploads\/sites\/3\/mamas2.jpg","articleSection":["Hist\u00f2ries Mastorrencito"],"inLanguage":"es","potentialAction":[{"@type":"CommentAction","name":"Comment","target":["https:\/\/mastorrencito.com\/cat\/quan-les-preocupacions-no-et-deixen-dormir-i-tampoc-la-mamas\/#respond"]}]},{"@type":"WebPage","@id":"https:\/\/mastorrencito.com\/cat\/quan-les-preocupacions-no-et-deixen-dormir-i-tampoc-la-mamas\/","url":"https:\/\/mastorrencito.com\/cat\/quan-les-preocupacions-no-et-deixen-dormir-i-tampoc-la-mamas\/","name":"Quan les preocupacions no et deixen dormir\u2026 i tampoc La Mamas - Mas Torrencito CAT","isPartOf":{"@id":"https:\/\/mastorrencito.com\/#website"},"primaryImageOfPage":{"@id":"https:\/\/mastorrencito.com\/cat\/quan-les-preocupacions-no-et-deixen-dormir-i-tampoc-la-mamas\/#primaryimage"},"image":{"@id":"https:\/\/mastorrencito.com\/cat\/quan-les-preocupacions-no-et-deixen-dormir-i-tampoc-la-mamas\/#primaryimage"},"thumbnailUrl":"https:\/\/mastorrencito.com\/cat\/wp-content\/uploads\/sites\/3\/mamas2.jpg","datePublished":"2025-01-28T04:37:23+00:00","description":"i \u00e9s que hi ha nits que m'agradaria... per\u00f2 no... Quan les preocupacions no et deixen dormir\u2026 i tampoc La Mamas","breadcrumb":{"@id":"https:\/\/mastorrencito.com\/cat\/quan-les-preocupacions-no-et-deixen-dormir-i-tampoc-la-mamas\/#breadcrumb"},"inLanguage":"es","potentialAction":[{"@type":"ReadAction","target":["https:\/\/mastorrencito.com\/cat\/quan-les-preocupacions-no-et-deixen-dormir-i-tampoc-la-mamas\/"]}]},{"@type":"ImageObject","inLanguage":"es","@id":"https:\/\/mastorrencito.com\/cat\/quan-les-preocupacions-no-et-deixen-dormir-i-tampoc-la-mamas\/#primaryimage","url":"https:\/\/mastorrencito.com\/cat\/wp-content\/uploads\/sites\/3\/mamas2.jpg","contentUrl":"https:\/\/mastorrencito.com\/cat\/wp-content\/uploads\/sites\/3\/mamas2.jpg","width":1080,"height":1920,"caption":"Mamas, la reina de las camas de MasTorrencito"},{"@type":"BreadcrumbList","@id":"https:\/\/mastorrencito.com\/cat\/quan-les-preocupacions-no-et-deixen-dormir-i-tampoc-la-mamas\/#breadcrumb","itemListElement":[{"@type":"ListItem","position":1,"name":"Portada","item":"https:\/\/mastorrencito.com\/"},{"@type":"ListItem","position":2,"name":"Quan les preocupacions no et deixen dormir\u2026 i tampoc La Mamas"}]},{"@type":"WebSite","@id":"https:\/\/mastorrencito.com\/#website","url":"https:\/\/mastorrencito.com\/","name":"Mas Torrencito CAT","description":"Casa rural pet friendly en Girona","publisher":{"@id":"https:\/\/mastorrencito.com\/#organization"},"potentialAction":[{"@type":"SearchAction","target":{"@type":"EntryPoint","urlTemplate":"https:\/\/mastorrencito.com\/?s={search_term_string}"},"query-input":{"@type":"PropertyValueSpecification","valueRequired":true,"valueName":"search_term_string"}}],"inLanguage":"es"},{"@type":"Organization","@id":"https:\/\/mastorrencito.com\/#organization","name":"Mas Torrencito CAT","url":"https:\/\/mastorrencito.com\/","logo":{"@type":"ImageObject","inLanguage":"es","@id":"https:\/\/mastorrencito.com\/#\/schema\/logo\/image\/","url":"https:\/\/mastorrencito.com\/cat\/wp-content\/uploads\/sites\/3\/Logo-Mastorrencito-horizontal.webp","contentUrl":"https:\/\/mastorrencito.com\/cat\/wp-content\/uploads\/sites\/3\/Logo-Mastorrencito-horizontal.webp","width":161,"height":54,"caption":"Mas Torrencito CAT"},"image":{"@id":"https:\/\/mastorrencito.com\/#\/schema\/logo\/image\/"}},{"@type":"Person","@id":"https:\/\/mastorrencito.com\/#\/schema\/person\/18c619be80d4ae2667c702911625f790","name":"Mastorrencito","image":{"@type":"ImageObject","inLanguage":"es","@id":"https:\/\/secure.gravatar.com\/avatar\/3ef55e0519f987a734c21caee1423b51df7b760b7d81a38ecd31cab0a5115f6d?s=96&d=mm&r=g","url":"https:\/\/secure.gravatar.com\/avatar\/3ef55e0519f987a734c21caee1423b51df7b760b7d81a38ecd31cab0a5115f6d?s=96&d=mm&r=g","contentUrl":"https:\/\/secure.gravatar.com\/avatar\/3ef55e0519f987a734c21caee1423b51df7b760b7d81a38ecd31cab0a5115f6d?s=96&d=mm&r=g","caption":"Mastorrencito"},"url":"https:\/\/mastorrencito.com\/cat\/author\/mastorrencito\/"}]}},"acf":[],"_links":{"self":[{"href":"https:\/\/mastorrencito.com\/cat\/wp-json\/wp\/v2\/posts\/3371","targetHints":{"allow":["GET"]}}],"collection":[{"href":"https:\/\/mastorrencito.com\/cat\/wp-json\/wp\/v2\/posts"}],"about":[{"href":"https:\/\/mastorrencito.com\/cat\/wp-json\/wp\/v2\/types\/post"}],"author":[{"embeddable":true,"href":"https:\/\/mastorrencito.com\/cat\/wp-json\/wp\/v2\/users\/2"}],"replies":[{"embeddable":true,"href":"https:\/\/mastorrencito.com\/cat\/wp-json\/wp\/v2\/comments?post=3371"}],"version-history":[{"count":0,"href":"https:\/\/mastorrencito.com\/cat\/wp-json\/wp\/v2\/posts\/3371\/revisions"}],"wp:featuredmedia":[{"embeddable":true,"href":"https:\/\/mastorrencito.com\/cat\/wp-json\/wp\/v2\/media\/3366"}],"wp:attachment":[{"href":"https:\/\/mastorrencito.com\/cat\/wp-json\/wp\/v2\/media?parent=3371"}],"wp:term":[{"taxonomy":"category","embeddable":true,"href":"https:\/\/mastorrencito.com\/cat\/wp-json\/wp\/v2\/categories?post=3371"},{"taxonomy":"post_tag","embeddable":true,"href":"https:\/\/mastorrencito.com\/cat\/wp-json\/wp\/v2\/tags?post=3371"}],"curies":[{"name":"wp","href":"https:\/\/api.w.org\/{rel}","templated":true}]}}