{"id":3340,"date":"2025-01-26T06:24:24","date_gmt":"2025-01-26T06:24:24","guid":{"rendered":"https:\/\/casaruralconperrosgirona.com\/la-meva-detencio-by-mastorrencito\/"},"modified":"2025-01-26T06:24:24","modified_gmt":"2025-01-26T06:24:24","slug":"la-meva-detencio-by-mastorrencito","status":"publish","type":"post","link":"https:\/\/mastorrencito.com\/cat\/la-meva-detencio-by-mastorrencito\/","title":{"rendered":"La meva detenci\u00f3 by MasTorrencito"},"content":{"rendered":"\n<hr class=\"wp-block-separator has-alpha-channel-opacity\" \/>\n\n<p>Era un dia aparentment normal. Res feia sospitar que aquesta jornada seria recordada com \u201cel dia que els Mossos d&#8217;Esquadra van envair casa meva\u201d \ud83c\udf1e \ud83d\udc3e La meva detenci\u00f3 by MasTorrencito  <\/p>\n\n<p><strong>\ud83d\udce2 BOOM!<\/strong>  Tres cotxes dels Mossos van arribar de sobte, envoltant casa meva com si estiguessin rodant una pel\u00b7l\u00edcula d&#8217;acci\u00f3. Jo, dins de casa, envoltat dels meus adorats gossos \u20146 o 7 llavors, ja ni ho recordo amb precisi\u00f3 perqu\u00e8 eren com una orquestra de lladrucs sincronitzats\u2014, no tenia ni idea del que estava per succeir. <\/p>\n\n<h3 class=\"wp-block-heading\"><strong>\ud83d\udea8 Quan tot va comen\u00e7ar&#8230;<\/strong><\/h3>\n\n<p>Un dels agents va baixar del cotxe, va mirar amb ulls com plats els gossos i se li va anar tot el valor. <strong>\u00abMare meva! Quants gossos!\u00bb<\/strong> va cridar. Per si no n&#8217;hi hagu\u00e9s prou, va treure la pistola, com si els meus gossos fossin llops salvatges en ple atac. \ud83d\ude02 El pobre home, absolutament <strong>acollonit<\/strong> , va saltar sobre la taula com un gat espantat.  <\/p>\n\n<p>Mentrestant, dins de la casa, el caos regnava:<br \/><strong>\ud83d\udc15 \u00abGuau! Guau!\u00bb \ud83d\udc15<\/strong><br \/><strong>\ud83d\udc6e\u200d\u2642\ufe0f \u00abQue se senten, cony! QUE SE SENTEN!\u00bb<\/strong><br \/> Semblava una escena treta d&#8217;una pel\u00b7l\u00edcula c\u00f2mica. \ud83e\udd26\u200d\u2642\ufe0f Jo, des de dalt, escoltava l&#8217;enrenou, i quan vaig baixar, no podia creure el que veia: un agent amb la cara blanca com el paper, tremolant m\u00e9s que un canitxe en ple hivern, amb els bra\u00e7os al\u00e7ats com si els gossos anessin a arrestar-lo a ell. <\/p>\n\n<h4 class=\"wp-block-heading\"><strong>\ud83c\udfb5 El moment heroic:<\/strong><\/h4>\n\n<p>Digues un xiulet, d&#8217;aquells que ressonen fins i tot a l&#8217;\u00e0nima, i de sobte&#8230; miracle! Els gossos, tots en silenci absolut. \ud83d\udc3e L&#8217;agent em va mirar des de la taula amb ulls agra\u00efts, per\u00f2 seguia tremolant. El vaig ajudar a baixar, mentre ell balbucejava disculpes:<br \/> \u2014 \u00abOstis&#8230; Ho sento&#8230; per\u00f2, mare meva, com han entrat aix\u00ed sense avisar? \u00c9s casa seva, home!\u00bb<br \/> L&#8217;agent va assentir amb el cap, respirant profund, i va murmurar:<br \/> \u2014 \u00abJa&#8230; ostis&#8230; Per\u00f2 quants gossos t\u00e9?\u00bb<br \/> \u2014 \u00ab\u00c9s una casa d&#8217;acollida&#8230; I normalment no n&#8217;hi ha tants aqu\u00ed, per\u00f2 avui&#8230;\u00bb   <\/p>\n\n<p>Finalment, amb l&#8217;ambient m\u00e9s calmat, va arribar el moment que no m&#8217;esperava:<br \/> \u2014 \u00abVost\u00e8 \u00e9s Miguel Chordi Miranda, oi?\u00bb<br \/> \u2014 \u00abS\u00ed, s\u00f3c jo. Qu\u00e8 passa?\u00bb<\/p>\n\n<p>Aqu\u00ed va ser quan ho van deixar anar:<br \/> \u2014 \u00abVenim a arrestar-ho.\u00bb<br \/><strong>\ud83d\ude32 Arrestar-me?<\/strong> No podia creure el que escoltava!<\/p>\n\n<p>De sobte, els altres agents em van envoltar a una dist\u00e0ncia prudent, com si estiguessin esperant que jo tragu\u00e9s una carta sota la m\u00e0niga.<\/p>\n\n<p>\u2014 \u00abPer\u00f2&#8230; qu\u00e8 diuen? A mi! Per qu\u00e8?\u00bb<br \/> El l\u00edder del grup em va mirar, amb aquesta cara de \u00abjo nom\u00e9s obeeixo ordres\u00bb:<br \/> \u2014 \u00abNo ho s\u00e9, senyor. Nom\u00e9s compleixo ordres.\u00bb<\/p>\n\n<p>Aqu\u00ed ja em vaig escalfar una mica:<br \/> \u2014 \u00abOrdres? Quines ordres? On \u00e9s l&#8217;ordre d&#8217;un jutge per entrar aix\u00ed a casa privada?\u00bb<br \/> Per sort, l&#8217;home portava els papers en regla, i me&#8217;ls va mostrar. Efectivament, hi era: una ordre de detenci\u00f3 i trasllat a la caserna de Banyoles. <\/p>\n\n<p>&#8211; \u00abMolt b\u00e9, doncs anem al cotxe&#8230;\u00bb -vaig respondre resignat.<br \/> Per\u00f2 abans de sortir, els vaig demanar que em permetessin tancar les coses de la casa:<br \/> \u2014 \u00abUn moment, he de tancar els gossos, trucar a alg\u00fa que vingui, apagar el foc i les rentadores&#8230; Puc?\u00bb<br \/> El l\u00edder, una mica m\u00e9s relaxat despr\u00e9s de tot l&#8217;espectacle, va accedir:<br \/> \u2014 \u00abD&#8217;acord, per\u00f2 que sigui r\u00e0pid. I sempre amb un agent al seu costat.\u00bb<\/p>\n\n<p>Aix\u00ed que, mentre jo anava apagant forns i rentadores, els gossos em miraven amb curiositat, com dient: <strong>\u00abQu\u00e8 est\u00e0 passant avui? Aquest hum\u00e0 est\u00e0 molt rar.\u00bb<\/strong> \ud83d\udc15 \ud83d\udcad<\/p>\n\n<figure class=\"wp-block-image size-full\"><img fetchpriority=\"high\" decoding=\"async\" width=\"1024\" height=\"1024\" src=\"https:\/\/mastorrencito.com\/wp-content\/uploads\/midetencion.jpg\" alt=\"La meva detenci&#xF3; by MasTorrencito\" class=\"wp-image-3336\" srcset=\"https:\/\/mastorrencito.com\/cat\/wp-content\/uploads\/sites\/3\/midetencion.jpg 1024w, https:\/\/mastorrencito.com\/cat\/wp-content\/uploads\/sites\/3\/midetencion-300x300.jpg 300w, https:\/\/mastorrencito.com\/cat\/wp-content\/uploads\/sites\/3\/midetencion-150x150.jpg 150w, https:\/\/mastorrencito.com\/cat\/wp-content\/uploads\/sites\/3\/midetencion-768x768.jpg 768w\" sizes=\"(max-width: 1024px) 100vw, 1024px\" \/><figcaption class=\"wp-element-caption\">La meva detenci\u00f3 by MasTorrencito<\/figcaption><\/figure>\n<p>Quan tot va estar a punt, vaig sortir amb els agents, envoltat de mirades curioses de ve\u00efns i d&#8217;un parell de gossos que no deixaven de bordar com si em volguessin defensar.   <\/p>\n\n<p>Despr\u00e9s del caos inicial a casa, amb els cotxes dels Mossos envoltant la meva masia i l&#8217;agent que gaireb\u00e9 va acabar adoptat pels meus gossos de l&#8217;ensurt, ens vam dirigir al p\u00e0rquing. Encara no entenia per qu\u00e8 em volien aturar, per\u00f2 vaig pensar que millor col\u00b7laborar abans que all\u00f2 se&#8217;n sort\u00eds m\u00e9s de control. <\/p>\n\n<p>Quan arribem al cotxe patrulla, vaig preguntar amb el meu millor to de persona raonable:<br \/> \u2014 \u00abEscolta, puc anar amb el meu cotxe? Aix\u00ed despr\u00e9s torno m\u00e9s r\u00e0pid des de Banyoles.\u00bb<br \/> L&#8217;agent, que semblava una mica m\u00e9s relaxat despr\u00e9s de sobreviure a l&#8217;atac dels meus gossos, va respondre:<br \/> \u2014 \u00abB\u00e9, d&#8217;acord, per\u00f2 ens has de seguir. Ni se t&#8217;acudeixi perdre&#8217;t.\u00bb<\/p>\n\n<p><strong>\ud83d\ude97 El viatge m\u00e9s avorrit del m\u00f3n<\/strong><br \/> I aix\u00ed va comen\u00e7ar all\u00f2 que podria descriure com una process\u00f3 f\u00fanebre en format caravana. Tres cotxes dels Mossos anaven al davant a una velocitat tan lenta que fins i tot un ciclista ens podria haver avan\u00e7at. Mentrestant, al meu cotxe, anava pensant en tot el que estava passant.    <strong>\u00abUna banda criminal? ETA? Jo? Aix\u00f2 ha de ser un error monumental.\u00bb<\/strong><\/p>\n\n<p>Per fi vam arribar a Banyoles, i almenys hi havia un avantatge en tot aquest embolic: no vaig haver de buscar aparcament! Vaig aparcar al costat dels cotxes patrulla i vaig seguir els agents cap a la comissaria. <\/p>\n\n<p><strong>\ud83d\udeaa Entrant en territori desconegut<\/strong><br \/> L?entrada a les depend\u00e8ncies dels Mossos tenia aquell aire intimidant que tenen els edificis oficials. Una barreja de ress\u00f2 fred, fluorescents parpellejant, i la t\u00edpica olor de caf\u00e8 dolent i lleixiu. Em van portar a una sala petita, amb cadires de pl\u00e0stic inc\u00f2modes i una taula met\u00e0l\u00b7lica que reflectia la llum com un mirall barat.  <\/p>\n\n<p>\u2014 \u00abSeieu aqu\u00ed.\u00bb<\/p>\n\n<p>Vaig obeir, i llavors va comen\u00e7ar l&#8217;espera. Al principi vaig intentar no donar-li import\u00e0ncia, pensant que seria una mica r\u00e0pid, per\u00f2 aviat em vaig adonar que no tenien pressa. <strong>10 minuts&#8230; 20 minuts&#8230;<\/strong> All\u00f2 semblava una prova de paci\u00e8ncia! <\/p>\n\n<p><strong>\ud83c\udf88 Trencant la monotonia<\/strong><br \/> En un moment donat, ja fart d&#8217;estar assegut com un taulell, vaig sortir de la sala i em vaig creuar amb un agent que semblava estar a punt de servir-se un caf\u00e8. Em vaig acostar amb tota la calma del m\u00f3n:<br \/> \u2014 \u00abDisculpa, puc sortir a fumar una cigarreta mentre espero?\u00bb<br \/> El paio em va mirar amb una barreja d&#8217;incredulitat i exasperaci\u00f3:<br \/> \u2014 \u00abEst\u00e0s boig o qu\u00e8? Est\u00e0s detingut!\u00bb<br \/> \u2014 \u00abJa, per\u00f2 porto esperant mitja vida i ning\u00fa em diu res&#8230;\u00bb<br \/> \u2014 \u00abSeu i espera!\u00bb <\/p>\n\n<p>Vaig tornar a la cadira com un nen renyat i vaig intentar distreure&#8217;m mirant el sostre, per\u00f2 all\u00f2 era insofrible. Finalment, va apar\u00e8ixer un home amb galons, que va entrar amb pas ferm i expressi\u00f3 seriosa. <\/p>\n\n<p><strong>\ud83d\udc6e L&#8217;interrogatori inicial<\/strong><br \/> \u2014 \u00abVost\u00e8 \u00e9s Miguel Chordi Miranda?\u00bb<br \/> \u2014 \u00abS\u00ed, s\u00f3c jo. Qu\u00e8 passa ara?\u00bb<br \/> L&#8217;oficial, que semblava voler impressionar amb la seva autoritat, va comen\u00e7ar:<br \/> \u2014 \u00abTenim una ordre de detenci\u00f3 contra vost\u00e8 per pertinen\u00e7a a banda criminal.\u00bb<br \/><strong>BOOM!<\/strong> Qu\u00e8 acabava de sentir?<br \/> \u2014 \u00abBanda criminal? Jo? De qu\u00e8 estan parlant?\u00bb<br \/> \u2014 \u00abSegons aquesta ordre, vost\u00e8 est\u00e0 vinculat a una branca d&#8217;ETA a Guip\u00fascoa.\u00bb<br \/> \u2014 \u00abQu\u00e8? Per\u00f2 si vaig viure a Sant Sebasti\u00e0 fa m\u00e9s de 25 anys&#8230;\u00bb<\/p>\n\n<p>L&#8217;oficial no es va immutar i va continuar:<br \/> \u2014 \u00abAqu\u00ed diu que es va reunir fa 40 dies amb CATXOPO, MUGUTERRTXA i un tal Mikel Txordi.\u00bb<br \/> Em vaig quedar mirant-lo amb els ulls com a plats:<br \/> \u2014 \u00abUn moment&#8230; Si aquest Mikel Txordi s\u00f3c jo, com em reunir\u00e9 amb mi mateix? Encara que m&#8217;estimi molt, no t\u00e9 sentit.\u00bb<\/p>\n\n<p><strong>\u26d3\ufe0f Seguint el rastre del Tesla<\/strong><br \/> L&#8217;home seguia amb el discurs:<br \/> \u2014 \u00abTamb\u00e9 diu que va viatjar en un Tesla llogat i va passar per Donosti.\u00bb<br \/> \u2014 \u00abAix\u00f2 \u00e9s impossible! Vaig anar a Salamanca, Pal\u00e8ncia, Logronyo, Madrid&#8230; per\u00f2 per Donosti ni vaig passar.\u00bb<\/p>\n\n<p>En aquell moment, vaig decidir oferir proves. Vaig treure el m\u00f2bil i vaig comen\u00e7ar a buscar les factures dels hotels on em vaig allotjar durant aquest viatge.<br \/> \u2014 \u00abAqu\u00ed t\u00e9: Salamanca, dia 1; Pal\u00e8ncia, dia 2; Madrid, dia 3&#8230;\u00bb<br \/> L&#8217;oficial prenia notes a una llibreteta mentre jo li mostrava cada document. Finalment, em va demanar:<br \/> \u2014 \u00abEnvieu-me aix\u00f2 al correu <a>mossosbanyoles@gentcat.cat<\/a> .\u00bb  <\/p>\n\n<p><strong>\ud83d\udcde Una pausa per a la vida real<\/strong><br \/> Mentre esperava, vaig aprofitar per trucar a la Ioana, la noia que cuidava la masia i els gossos en la meva abs\u00e8ncia.<br \/> \u2014 \u00abIoana, tot b\u00e9 per aqu\u00ed?\u00bb<br \/> \u2014 \u00abTot en ordre, no et preocupis. Queda&#8217;t tranquil.\u00bb<\/p>\n\n<p>Just en aquell moment, l&#8217;oficial va tornar:<br \/> \u2014 \u00abAmb qui parlaves?\u00bb<br \/> \u2014 \u00abAmb Ioana, la noia que cuida els gossos.\u00bb<br \/> \u2014 \u00abD&#8217;acord. Estan comprovant la informaci\u00f3. Mentrestant, pots sortir a fumar una cigarreta.\u00bb<\/p>\n<figure class=\"wp-block-post-featured-image\"><img decoding=\"async\" width=\"1024\" height=\"1024\" src=\"https:\/\/mastorrencito.com\/cat\/wp-content\/uploads\/sites\/3\/midetencion2.jpg\" class=\"attachment-post-thumbnail size-post-thumbnail wp-post-image\" alt=\"Mi detenci\u00f3n by MasTorrencito\" style=\"object-fit:cover;\" srcset=\"https:\/\/mastorrencito.com\/cat\/wp-content\/uploads\/sites\/3\/midetencion2.jpg 1024w, https:\/\/mastorrencito.com\/cat\/wp-content\/uploads\/sites\/3\/midetencion2-300x300.jpg 300w, https:\/\/mastorrencito.com\/cat\/wp-content\/uploads\/sites\/3\/midetencion2-150x150.jpg 150w, https:\/\/mastorrencito.com\/cat\/wp-content\/uploads\/sites\/3\/midetencion2-768x768.jpg 768w\" sizes=\"(max-width: 1024px) 100vw, 1024px\" \/><\/figure>\n<p><strong>\ud83c\udf33 L&#8217;arribada de l&#8217;alcalde: un gir inesperat<\/strong><\/p>\n\n<p>Mentre era fora, aprofitant que m&#8217;havien donat perm\u00eds per fumar, vaig intentar ordenar els meus pensaments. L&#8217;espera a dins havia estat esgotadora, i ara nom\u00e9s volia que tot es resolgu\u00e9s una vegada. En aquestes estava, gaudint de la cigarreta sota el cel de Banyoles, quan de sobte vaig sentir una veu familiar:  <\/p>\n\n<p>\u2014 \u00abOstis, Miguel! Qu\u00e8 fas tu aqu\u00ed?\u00bb<\/p>\n\n<p>Vaig girar el cap i vaig veure l&#8217;Alex, el meu alcalde. Era dif\u00edcil confondre&#8217;l: alt, amb la jaqueta grisa sempre una mica descordada i aquella cara amable que et feia sentir que tot estava sota control, encara que s&#8217;estigu\u00e9s cremant el m\u00f3n. <\/p>\n\n<p>\u2014 \u00abDoncs ja ho veus, Alex&#8230; que m&#8217;han aturat.\u00bb<\/p>\n\n<p><strong>\ud83d\ude32 \u00abDetingut? Per qu\u00e8?\u00bb<\/strong><br \/> L?alcalde em va mirar amb una barreja de sorpresa i incredulitat.<br \/> \u2014 \u00abCom que detingut? Qu\u00e8 has fet ara?\u00bb \u2014va preguntar amb mig somriure, pensant que era alguna de les meves t\u00edpiques hist\u00f2ries boges.<\/p>\n\n<p>\u2014 \u00abSegons ells, pertanyo a una banda terrorista d&#8217;ETA.\u00bb<\/p>\n\n<p>El que era un somriure es va transformar en una riallada sonora, d&#8217;aquelles que podrien aixecar sospites en un funeral.<br \/>\u2014 \u00abPer\u00f2 qu\u00e8 dius, home! Tu, terrorista? No em facis riure! Vinga, va, qu\u00e8 ha passat realment?\u00bb<\/p>\n\n<p>\u2014 \u00abAix\u00f2 mateix els estic dient jo, per\u00f2 segons el seu ordre de detenci\u00f3, resulta que fa 40 dies era a Donosti reunit amb uns etarres.\u00bb<br \/> \u2014 \u00abDonosti? Tu? Si tot just surts de la teva masia&#8230; B\u00e9, excepte per anar-te&#8217;n de viatge amb els gossos o algun sarau.\u00bb<\/p>\n\n<p><strong>\ud83e\udd1d L&#8217;alcalde pren cartes a l&#8217;assumpte<\/strong><br \/> Alex va deixar de riure&#8217;s de cop i em va mirar amb serietat:<br \/> \u2014 \u00abEspera aqu\u00ed, Miguel. Aix\u00f2 no pot ser. Deixa&#8217;m parlar amb el cap.\u00bb<\/p>\n\n<p>Ho vaig veure entrar a la comissaria amb aquesta confian\u00e7a que tenen les persones que saben que tenen poder. Alex no era nom\u00e9s el meu alcalde <strong>,<\/strong> era alg\u00fa conegut i respectat a la zona. <strong>ell.\u00bb<\/strong>  <\/p>\n\n<p>Van passar uns minuts, i mentrestant vaig acabar la meva cigarreta. En vaig tornar a encendre un altre perqu\u00e8, la veritat, necessitava calmar els nervis. Mentre ho feia, em vaig preguntar si els gossos estarien b\u00e9, si la Ioana tindria tot sota control i si aix\u00f2 no acabaria sent not\u00edcia al poble: <strong>\u00abAturen Miguel per ser etarra. Quin esc\u00e0ndol!\u00bb<\/strong>  <\/p>\n\n<p><strong>\ud83d\udd74\ufe0f El retorn d&#8217;Alex, com un heroi local<\/strong><br \/> Al cap de cinc minuts, l&#8217;Alex va sortir de la comissaria acompanyat per l&#8217;oficial amb galons que abans m&#8217;havia interrogat. Aquest darrer ara semblava molt m\u00e9s relaxat, gaireb\u00e9 inc\u00f2mode. Era evident que la conversa amb l&#8217;Alex havia canviat el to de la situaci\u00f3.  <\/p>\n\n<p>\u2014 \u00abMiguel, veuen aqu\u00ed un moment.\u00bb<\/p>\n\n<p>Em vaig acostar i abans que pogu\u00e9s dir res, l&#8217;Alex va deixar anar:<br \/> \u2014 \u00abNo sabia que coneixies l&#8217;Alex.\u00bb<\/p>\n\n<p>\u2014 \u00abDoncs s\u00ed, \u00e9s el meu alcalde i&#8230; amic. I a m\u00e9s d&#8217;aix\u00f2, de tant en tant prenem cerveses i sopem junts. Per qu\u00e8? Aix\u00f2 canvia alguna cosa?\u00bb<\/p>\n\n<p>L&#8217;oficial va titubejar un moment:<br \/> \u2014 \u00abB\u00e9, s\u00ed. Molt.\u00bb<\/p>\n\n<p>\u2014 \u00abAh, \u00e9s clar! Aleshores, si no ho hagu\u00e9s conegut, em portaven directe a la pres\u00f3 o com?\u00bb \u2014vaig dir amb to sarc\u00e0stic. Alex, que estava al corrent del meu humor, va riure una altra vegada. <\/p>\n\n<p><strong>\ud83d\udd0d El desenlla\u00e7 diplom\u00e0tic<\/strong><br \/> Finalment, l&#8217;oficial va aclarir la situaci\u00f3:<br \/> \u2014 \u00abEstem verificant la informaci\u00f3 del viatge. Segons el que ens ha mostrat i el que Alex ha confirmat, sembla que tot aix\u00f2 podria ser un error.\u00bb<\/p>\n\n<p>\u2014 \u00abPodria ser no, amic. \u00c9s un error. Perqu\u00e8 jo no he estat a Donosti.\u00bb<\/p>\n\n<p>L&#8217;oficial va assentir, mirant Alex com si busqu\u00e9s la seva aprovaci\u00f3. Alex va creuar els bra\u00e7os, adoptant aquest aire de \u00abm&#8217;ho deus\u00bb. <\/p>\n\n<p>\u2014 \u00abB\u00e9, Miguel. Fes una cosa. V\u00e9s-te&#8217;n a casa i queda&#8217;t tranquil. Si necessitem alguna cosa, et notificarem.\u00bb<\/p>\n\n<p>Jo, mig alleujat per\u00f2 encara incr\u00e8dul, vaig respondre:<br \/> \u2014 \u00abAix\u00f2 \u00e9s tot? No hi ha disculpes ni res?\u00bb<\/p>\n\n<p>Alex va intervenir abans que l&#8217;oficial pogu\u00e9s respondre:<br \/> \u2014 \u00abMiguel, deixa-ho. Bastant embolic has tingut per avui. V\u00e9s a casa i relaxa&#8217;t. Ens prenem una cervesa aquesta setmana, d&#8217;acord?\u00bb<\/p>\n\n<p><strong>\ud83c\udf1f El comiat, com en una com\u00e8dia<\/strong><br \/> Mentre me n&#8217;anava, l&#8217;Alex em va seguir un moment i em va dir en veu baixa:<br \/> \u2014 \u00abSaps? El que em costa d&#8217;entendre \u00e9s com t&#8217;han pogut confondre amb un etarra&#8230; Tu, que si veus una pel\u00b7li d&#8217;acci\u00f3 ja t&#8217;est\u00e0s cobrint els ulls.\u00bb<\/p>\n\n<p>\u2014 \u00abJa veus, Alex&#8230; Amb amics com aquests, qui necessita enemics?\u00bb<\/p>\n\n<p>Tots dos riem. Vaig pujar al meu cotxe i me&#8217;n vaig anar cap a la masia, pensant com un dia que va comen\u00e7ar tan normal va poder convertir-se en una hist\u00f2ria digna d&#8217;explicar a les festes del poble.<\/p>\n\n<p><strong>I aix\u00ed va acabar tot&#8230; o almenys ara com ara.<\/strong>  \ud83d\udc3e \ud83c\udf7a<\/p>\n\n<p><\/p>\n\n<blockquote class=\"wp-block-quote is-layout-flow wp-block-quote-is-layout-flow\">\n<p>Des de MasTorrencito et desitgem un bon dia i que els teus gossos t&#8217;acompanyin!!<\/p>\n<\/blockquote>\n\n<p>\u2014\u2013<br \/> Si vols, pot veure els nostres <strong>bons per caps de setmana, bons jubilats<\/strong> , a un preu incre\u00efble..entra a <a href=\"https:\/\/www.mastorrencito.com\/\">www.mastorrencito.com<\/a> o si vols podeu llegir m\u00e9s hist\u00f2ria i an\u00e8cdotes que ens han passat a Mas Torrencito\u2026 Fes click <a href=\"https:\/\/mastorrencito.com\/es\/\">aqu\u00ed<\/a><\/p>\n","protected":false},"excerpt":{"rendered":"<p>Era un dia aparentment normal. Res feia sospitar que aquesta jornada seria recordada com \u201cel dia que els Mossos d&#8217;Esquadra van envair casa meva\u201d \ud83c\udf1e \ud83d\udc3e La meva detenci\u00f3 by MasTorrencito \ud83d\udce2 BOOM! Tres cotxes dels Mossos van arribar de sobte, envoltant casa meva com si estiguessin rodant una pel\u00b7l\u00edcula d&#8217;acci\u00f3. Jo, dins de casa, [&hellip;]<\/p>\n","protected":false},"author":2,"featured_media":3346,"comment_status":"open","ping_status":"closed","sticky":false,"template":"","format":"standard","meta":{"_acf_changed":false,"footnotes":""},"categories":[35],"tags":[],"class_list":["post-3340","post","type-post","status-publish","format-standard","has-post-thumbnail","hentry","category-histories-mastorrencito"],"yoast_head":"<!-- This site is optimized with the Yoast SEO Premium plugin v27.3 (Yoast SEO v27.5) - https:\/\/yoast.com\/product\/yoast-seo-premium-wordpress\/ -->\n<title>La meva detenci\u00f3 by MasTorrencito - Mas Torrencito CAT<\/title>\n<meta name=\"description\" content=\"I \u00e9s que hi ha dies que potser un no s&#039;hauria d&#039;aixecar del llit.. perqu\u00e8 quin dia aquell... La meva detenci\u00f3 by MasTorrencito\" \/>\n<meta name=\"robots\" content=\"index, follow, max-snippet:-1, max-image-preview:large, max-video-preview:-1\" \/>\n<link rel=\"canonical\" href=\"https:\/\/mastorrencito.com\/cat\/la-meva-detencio-by-mastorrencito\/\" \/>\n<meta property=\"og:locale\" content=\"es_ES\" \/>\n<meta property=\"og:type\" content=\"article\" \/>\n<meta property=\"og:title\" content=\"La meva detenci\u00f3 by MasTorrencito\" \/>\n<meta property=\"og:description\" content=\"I \u00e9s que hi ha dies que potser un no s&#039;hauria d&#039;aixecar del llit.. perqu\u00e8 quin dia aquell... La meva detenci\u00f3 by MasTorrencito\" \/>\n<meta property=\"og:url\" content=\"https:\/\/mastorrencito.com\/cat\/la-meva-detencio-by-mastorrencito\/\" \/>\n<meta property=\"og:site_name\" content=\"Mas Torrencito CAT\" \/>\n<meta property=\"article:published_time\" content=\"2025-01-26T06:24:24+00:00\" \/>\n<meta property=\"og:image\" content=\"https:\/\/mastorrencito.com\/cat\/wp-content\/uploads\/sites\/3\/midetencion2.jpg\" \/>\n\t<meta property=\"og:image:width\" content=\"1024\" \/>\n\t<meta property=\"og:image:height\" content=\"1024\" \/>\n\t<meta property=\"og:image:type\" content=\"image\/jpeg\" \/>\n<meta name=\"author\" content=\"Mastorrencito\" \/>\n<meta name=\"twitter:card\" content=\"summary_large_image\" \/>\n<meta name=\"twitter:label1\" content=\"Escrito por\" \/>\n\t<meta name=\"twitter:data1\" content=\"Mastorrencito\" \/>\n\t<meta name=\"twitter:label2\" content=\"Tiempo de lectura\" \/>\n\t<meta name=\"twitter:data2\" content=\"11 minutos\" \/>\n<script type=\"application\/ld+json\" class=\"yoast-schema-graph\">{\"@context\":\"https:\\\/\\\/schema.org\",\"@graph\":[{\"@type\":\"Article\",\"@id\":\"https:\\\/\\\/mastorrencito.com\\\/cat\\\/la-meva-detencio-by-mastorrencito\\\/#article\",\"isPartOf\":{\"@id\":\"https:\\\/\\\/mastorrencito.com\\\/cat\\\/la-meva-detencio-by-mastorrencito\\\/\"},\"author\":{\"name\":\"Mastorrencito\",\"@id\":\"https:\\\/\\\/mastorrencito.com\\\/#\\\/schema\\\/person\\\/18c619be80d4ae2667c702911625f790\"},\"headline\":\"La meva detenci\u00f3 by MasTorrencito\",\"datePublished\":\"2025-01-26T06:24:24+00:00\",\"mainEntityOfPage\":{\"@id\":\"https:\\\/\\\/mastorrencito.com\\\/cat\\\/la-meva-detencio-by-mastorrencito\\\/\"},\"wordCount\":2308,\"commentCount\":1,\"publisher\":{\"@id\":\"https:\\\/\\\/mastorrencito.com\\\/#organization\"},\"image\":{\"@id\":\"https:\\\/\\\/mastorrencito.com\\\/cat\\\/la-meva-detencio-by-mastorrencito\\\/#primaryimage\"},\"thumbnailUrl\":\"https:\\\/\\\/mastorrencito.com\\\/cat\\\/wp-content\\\/uploads\\\/sites\\\/3\\\/midetencion2.jpg\",\"articleSection\":[\"Hist\u00f2ries Mastorrencito\"],\"inLanguage\":\"es\",\"potentialAction\":[{\"@type\":\"CommentAction\",\"name\":\"Comment\",\"target\":[\"https:\\\/\\\/mastorrencito.com\\\/cat\\\/la-meva-detencio-by-mastorrencito\\\/#respond\"]}]},{\"@type\":\"WebPage\",\"@id\":\"https:\\\/\\\/mastorrencito.com\\\/cat\\\/la-meva-detencio-by-mastorrencito\\\/\",\"url\":\"https:\\\/\\\/mastorrencito.com\\\/cat\\\/la-meva-detencio-by-mastorrencito\\\/\",\"name\":\"La meva detenci\u00f3 by MasTorrencito - Mas Torrencito CAT\",\"isPartOf\":{\"@id\":\"https:\\\/\\\/mastorrencito.com\\\/#website\"},\"primaryImageOfPage\":{\"@id\":\"https:\\\/\\\/mastorrencito.com\\\/cat\\\/la-meva-detencio-by-mastorrencito\\\/#primaryimage\"},\"image\":{\"@id\":\"https:\\\/\\\/mastorrencito.com\\\/cat\\\/la-meva-detencio-by-mastorrencito\\\/#primaryimage\"},\"thumbnailUrl\":\"https:\\\/\\\/mastorrencito.com\\\/cat\\\/wp-content\\\/uploads\\\/sites\\\/3\\\/midetencion2.jpg\",\"datePublished\":\"2025-01-26T06:24:24+00:00\",\"description\":\"I \u00e9s que hi ha dies que potser un no s'hauria d'aixecar del llit.. perqu\u00e8 quin dia aquell... La meva detenci\u00f3 by MasTorrencito\",\"breadcrumb\":{\"@id\":\"https:\\\/\\\/mastorrencito.com\\\/cat\\\/la-meva-detencio-by-mastorrencito\\\/#breadcrumb\"},\"inLanguage\":\"es\",\"potentialAction\":[{\"@type\":\"ReadAction\",\"target\":[\"https:\\\/\\\/mastorrencito.com\\\/cat\\\/la-meva-detencio-by-mastorrencito\\\/\"]}]},{\"@type\":\"ImageObject\",\"inLanguage\":\"es\",\"@id\":\"https:\\\/\\\/mastorrencito.com\\\/cat\\\/la-meva-detencio-by-mastorrencito\\\/#primaryimage\",\"url\":\"https:\\\/\\\/mastorrencito.com\\\/cat\\\/wp-content\\\/uploads\\\/sites\\\/3\\\/midetencion2.jpg\",\"contentUrl\":\"https:\\\/\\\/mastorrencito.com\\\/cat\\\/wp-content\\\/uploads\\\/sites\\\/3\\\/midetencion2.jpg\",\"width\":1024,\"height\":1024,\"caption\":\"Mi detenci\u00f3n by MasTorrencito\"},{\"@type\":\"BreadcrumbList\",\"@id\":\"https:\\\/\\\/mastorrencito.com\\\/cat\\\/la-meva-detencio-by-mastorrencito\\\/#breadcrumb\",\"itemListElement\":[{\"@type\":\"ListItem\",\"position\":1,\"name\":\"Portada\",\"item\":\"https:\\\/\\\/mastorrencito.com\\\/\"},{\"@type\":\"ListItem\",\"position\":2,\"name\":\"La meva detenci\u00f3 by MasTorrencito\"}]},{\"@type\":\"WebSite\",\"@id\":\"https:\\\/\\\/mastorrencito.com\\\/#website\",\"url\":\"https:\\\/\\\/mastorrencito.com\\\/\",\"name\":\"Mas Torrencito CAT\",\"description\":\"Casa rural pet friendly en Girona\",\"publisher\":{\"@id\":\"https:\\\/\\\/mastorrencito.com\\\/#organization\"},\"potentialAction\":[{\"@type\":\"SearchAction\",\"target\":{\"@type\":\"EntryPoint\",\"urlTemplate\":\"https:\\\/\\\/mastorrencito.com\\\/?s={search_term_string}\"},\"query-input\":{\"@type\":\"PropertyValueSpecification\",\"valueRequired\":true,\"valueName\":\"search_term_string\"}}],\"inLanguage\":\"es\"},{\"@type\":\"Organization\",\"@id\":\"https:\\\/\\\/mastorrencito.com\\\/#organization\",\"name\":\"Mas Torrencito CAT\",\"url\":\"https:\\\/\\\/mastorrencito.com\\\/\",\"logo\":{\"@type\":\"ImageObject\",\"inLanguage\":\"es\",\"@id\":\"https:\\\/\\\/mastorrencito.com\\\/#\\\/schema\\\/logo\\\/image\\\/\",\"url\":\"https:\\\/\\\/mastorrencito.com\\\/cat\\\/wp-content\\\/uploads\\\/sites\\\/3\\\/Logo-Mastorrencito-horizontal.webp\",\"contentUrl\":\"https:\\\/\\\/mastorrencito.com\\\/cat\\\/wp-content\\\/uploads\\\/sites\\\/3\\\/Logo-Mastorrencito-horizontal.webp\",\"width\":161,\"height\":54,\"caption\":\"Mas Torrencito CAT\"},\"image\":{\"@id\":\"https:\\\/\\\/mastorrencito.com\\\/#\\\/schema\\\/logo\\\/image\\\/\"}},{\"@type\":\"Person\",\"@id\":\"https:\\\/\\\/mastorrencito.com\\\/#\\\/schema\\\/person\\\/18c619be80d4ae2667c702911625f790\",\"name\":\"Mastorrencito\",\"image\":{\"@type\":\"ImageObject\",\"inLanguage\":\"es\",\"@id\":\"https:\\\/\\\/secure.gravatar.com\\\/avatar\\\/3ef55e0519f987a734c21caee1423b51df7b760b7d81a38ecd31cab0a5115f6d?s=96&d=mm&r=g\",\"url\":\"https:\\\/\\\/secure.gravatar.com\\\/avatar\\\/3ef55e0519f987a734c21caee1423b51df7b760b7d81a38ecd31cab0a5115f6d?s=96&d=mm&r=g\",\"contentUrl\":\"https:\\\/\\\/secure.gravatar.com\\\/avatar\\\/3ef55e0519f987a734c21caee1423b51df7b760b7d81a38ecd31cab0a5115f6d?s=96&d=mm&r=g\",\"caption\":\"Mastorrencito\"},\"url\":\"https:\\\/\\\/mastorrencito.com\\\/cat\\\/author\\\/mastorrencito\\\/\"}]}<\/script>\n<!-- \/ Yoast SEO Premium plugin. -->","yoast_head_json":{"title":"La meva detenci\u00f3 by MasTorrencito - Mas Torrencito CAT","description":"I \u00e9s que hi ha dies que potser un no s'hauria d'aixecar del llit.. perqu\u00e8 quin dia aquell... La meva detenci\u00f3 by MasTorrencito","robots":{"index":"index","follow":"follow","max-snippet":"max-snippet:-1","max-image-preview":"max-image-preview:large","max-video-preview":"max-video-preview:-1"},"canonical":"https:\/\/mastorrencito.com\/cat\/la-meva-detencio-by-mastorrencito\/","og_locale":"es_ES","og_type":"article","og_title":"La meva detenci\u00f3 by MasTorrencito","og_description":"I \u00e9s que hi ha dies que potser un no s'hauria d'aixecar del llit.. perqu\u00e8 quin dia aquell... La meva detenci\u00f3 by MasTorrencito","og_url":"https:\/\/mastorrencito.com\/cat\/la-meva-detencio-by-mastorrencito\/","og_site_name":"Mas Torrencito CAT","article_published_time":"2025-01-26T06:24:24+00:00","og_image":[{"width":1024,"height":1024,"url":"https:\/\/mastorrencito.com\/cat\/wp-content\/uploads\/sites\/3\/midetencion2.jpg","type":"image\/jpeg"}],"author":"Mastorrencito","twitter_card":"summary_large_image","twitter_misc":{"Escrito por":"Mastorrencito","Tiempo de lectura":"11 minutos"},"schema":{"@context":"https:\/\/schema.org","@graph":[{"@type":"Article","@id":"https:\/\/mastorrencito.com\/cat\/la-meva-detencio-by-mastorrencito\/#article","isPartOf":{"@id":"https:\/\/mastorrencito.com\/cat\/la-meva-detencio-by-mastorrencito\/"},"author":{"name":"Mastorrencito","@id":"https:\/\/mastorrencito.com\/#\/schema\/person\/18c619be80d4ae2667c702911625f790"},"headline":"La meva detenci\u00f3 by MasTorrencito","datePublished":"2025-01-26T06:24:24+00:00","mainEntityOfPage":{"@id":"https:\/\/mastorrencito.com\/cat\/la-meva-detencio-by-mastorrencito\/"},"wordCount":2308,"commentCount":1,"publisher":{"@id":"https:\/\/mastorrencito.com\/#organization"},"image":{"@id":"https:\/\/mastorrencito.com\/cat\/la-meva-detencio-by-mastorrencito\/#primaryimage"},"thumbnailUrl":"https:\/\/mastorrencito.com\/cat\/wp-content\/uploads\/sites\/3\/midetencion2.jpg","articleSection":["Hist\u00f2ries Mastorrencito"],"inLanguage":"es","potentialAction":[{"@type":"CommentAction","name":"Comment","target":["https:\/\/mastorrencito.com\/cat\/la-meva-detencio-by-mastorrencito\/#respond"]}]},{"@type":"WebPage","@id":"https:\/\/mastorrencito.com\/cat\/la-meva-detencio-by-mastorrencito\/","url":"https:\/\/mastorrencito.com\/cat\/la-meva-detencio-by-mastorrencito\/","name":"La meva detenci\u00f3 by MasTorrencito - Mas Torrencito CAT","isPartOf":{"@id":"https:\/\/mastorrencito.com\/#website"},"primaryImageOfPage":{"@id":"https:\/\/mastorrencito.com\/cat\/la-meva-detencio-by-mastorrencito\/#primaryimage"},"image":{"@id":"https:\/\/mastorrencito.com\/cat\/la-meva-detencio-by-mastorrencito\/#primaryimage"},"thumbnailUrl":"https:\/\/mastorrencito.com\/cat\/wp-content\/uploads\/sites\/3\/midetencion2.jpg","datePublished":"2025-01-26T06:24:24+00:00","description":"I \u00e9s que hi ha dies que potser un no s'hauria d'aixecar del llit.. perqu\u00e8 quin dia aquell... La meva detenci\u00f3 by MasTorrencito","breadcrumb":{"@id":"https:\/\/mastorrencito.com\/cat\/la-meva-detencio-by-mastorrencito\/#breadcrumb"},"inLanguage":"es","potentialAction":[{"@type":"ReadAction","target":["https:\/\/mastorrencito.com\/cat\/la-meva-detencio-by-mastorrencito\/"]}]},{"@type":"ImageObject","inLanguage":"es","@id":"https:\/\/mastorrencito.com\/cat\/la-meva-detencio-by-mastorrencito\/#primaryimage","url":"https:\/\/mastorrencito.com\/cat\/wp-content\/uploads\/sites\/3\/midetencion2.jpg","contentUrl":"https:\/\/mastorrencito.com\/cat\/wp-content\/uploads\/sites\/3\/midetencion2.jpg","width":1024,"height":1024,"caption":"Mi detenci\u00f3n by MasTorrencito"},{"@type":"BreadcrumbList","@id":"https:\/\/mastorrencito.com\/cat\/la-meva-detencio-by-mastorrencito\/#breadcrumb","itemListElement":[{"@type":"ListItem","position":1,"name":"Portada","item":"https:\/\/mastorrencito.com\/"},{"@type":"ListItem","position":2,"name":"La meva detenci\u00f3 by MasTorrencito"}]},{"@type":"WebSite","@id":"https:\/\/mastorrencito.com\/#website","url":"https:\/\/mastorrencito.com\/","name":"Mas Torrencito CAT","description":"Casa rural pet friendly en Girona","publisher":{"@id":"https:\/\/mastorrencito.com\/#organization"},"potentialAction":[{"@type":"SearchAction","target":{"@type":"EntryPoint","urlTemplate":"https:\/\/mastorrencito.com\/?s={search_term_string}"},"query-input":{"@type":"PropertyValueSpecification","valueRequired":true,"valueName":"search_term_string"}}],"inLanguage":"es"},{"@type":"Organization","@id":"https:\/\/mastorrencito.com\/#organization","name":"Mas Torrencito CAT","url":"https:\/\/mastorrencito.com\/","logo":{"@type":"ImageObject","inLanguage":"es","@id":"https:\/\/mastorrencito.com\/#\/schema\/logo\/image\/","url":"https:\/\/mastorrencito.com\/cat\/wp-content\/uploads\/sites\/3\/Logo-Mastorrencito-horizontal.webp","contentUrl":"https:\/\/mastorrencito.com\/cat\/wp-content\/uploads\/sites\/3\/Logo-Mastorrencito-horizontal.webp","width":161,"height":54,"caption":"Mas Torrencito CAT"},"image":{"@id":"https:\/\/mastorrencito.com\/#\/schema\/logo\/image\/"}},{"@type":"Person","@id":"https:\/\/mastorrencito.com\/#\/schema\/person\/18c619be80d4ae2667c702911625f790","name":"Mastorrencito","image":{"@type":"ImageObject","inLanguage":"es","@id":"https:\/\/secure.gravatar.com\/avatar\/3ef55e0519f987a734c21caee1423b51df7b760b7d81a38ecd31cab0a5115f6d?s=96&d=mm&r=g","url":"https:\/\/secure.gravatar.com\/avatar\/3ef55e0519f987a734c21caee1423b51df7b760b7d81a38ecd31cab0a5115f6d?s=96&d=mm&r=g","contentUrl":"https:\/\/secure.gravatar.com\/avatar\/3ef55e0519f987a734c21caee1423b51df7b760b7d81a38ecd31cab0a5115f6d?s=96&d=mm&r=g","caption":"Mastorrencito"},"url":"https:\/\/mastorrencito.com\/cat\/author\/mastorrencito\/"}]}},"acf":[],"_links":{"self":[{"href":"https:\/\/mastorrencito.com\/cat\/wp-json\/wp\/v2\/posts\/3340","targetHints":{"allow":["GET"]}}],"collection":[{"href":"https:\/\/mastorrencito.com\/cat\/wp-json\/wp\/v2\/posts"}],"about":[{"href":"https:\/\/mastorrencito.com\/cat\/wp-json\/wp\/v2\/types\/post"}],"author":[{"embeddable":true,"href":"https:\/\/mastorrencito.com\/cat\/wp-json\/wp\/v2\/users\/2"}],"replies":[{"embeddable":true,"href":"https:\/\/mastorrencito.com\/cat\/wp-json\/wp\/v2\/comments?post=3340"}],"version-history":[{"count":0,"href":"https:\/\/mastorrencito.com\/cat\/wp-json\/wp\/v2\/posts\/3340\/revisions"}],"wp:featuredmedia":[{"embeddable":true,"href":"https:\/\/mastorrencito.com\/cat\/wp-json\/wp\/v2\/media\/3346"}],"wp:attachment":[{"href":"https:\/\/mastorrencito.com\/cat\/wp-json\/wp\/v2\/media?parent=3340"}],"wp:term":[{"taxonomy":"category","embeddable":true,"href":"https:\/\/mastorrencito.com\/cat\/wp-json\/wp\/v2\/categories?post=3340"},{"taxonomy":"post_tag","embeddable":true,"href":"https:\/\/mastorrencito.com\/cat\/wp-json\/wp\/v2\/tags?post=3340"}],"curies":[{"name":"wp","href":"https:\/\/api.w.org\/{rel}","templated":true}]}}