{"id":3330,"date":"2025-01-25T06:19:45","date_gmt":"2025-01-25T06:19:45","guid":{"rendered":"https:\/\/casaruralconperrosgirona.com\/dep-de-la-tranquillitat-als-pobles-bonics-i-petits-by-mastorrencito\/"},"modified":"2025-01-25T06:19:45","modified_gmt":"2025-01-25T06:19:45","slug":"dep-de-la-tranquillitat-als-pobles-bonics-i-petits-by-mastorrencito","status":"publish","type":"post","link":"https:\/\/mastorrencito.com\/cat\/dep-de-la-tranquillitat-als-pobles-bonics-i-petits-by-mastorrencito\/","title":{"rendered":"DEP de la tranquil\u00b7litat als pobles bonics i petits by MasTorrencito"},"content":{"rendered":"\n<p>Hi ha alguna cosa profundament trista per als qui viuen en petits pobles: veure com la tranquil\u00b7litat que defineix les seves vides s&#8217;evapora quan la llar \u201ces posa de moda\u201d. Tot comen\u00e7a amb una foto viral a les xarxes socials, un reportatge a la televisi\u00f3 o, pitjor encara, la visita d&#8217;un influencer que el converteix en el nou \u201clloc que no et pots perdre\u201d. El resultat? Una invasi\u00f3 que canvia per sempre la vida dels que buscaven en aquest rac\u00f3 pau i connexi\u00f3 amb la natura.   <\/p>\n\n<p>Pregunteu als ve\u00efns de Sant Lloren\u00e7 de la Muga o de Tor, llocs que han passat de ser amagatalls tranquils a estar a l&#8217;ull de l&#8217;hurac\u00e0 gr\u00e0cies a la sobreexposici\u00f3 a s\u00e8ries i mitjans. Ells saben qu\u00e8 vol dir perdre l&#8217;ess\u00e8ncia d&#8217;un poble. I no \u00e9s una q\u00fcesti\u00f3 de ser \u201canti turisme\u201d ni de tancar-se al progr\u00e9s. Al contrari: <strong>visc del turisme rural<\/strong> i entenc el seu valor, per\u00f2 tamb\u00e9 s\u00e9 qu\u00e8 suposa quan es converteix en una moda descontrolada.   <\/p>\n<figure class=\"wp-block-post-featured-image\"><img fetchpriority=\"high\" decoding=\"async\" width=\"474\" height=\"354\" src=\"https:\/\/mastorrencito.com\/cat\/wp-content\/uploads\/sites\/3\/santllorens3.jpg\" class=\"attachment-post-thumbnail size-post-thumbnail wp-post-image\" alt=\"Sant Lloren\u00e7 de la Muga, paraiso de l&#039;Empord\u00e0\" style=\"object-fit:cover;\" srcset=\"https:\/\/mastorrencito.com\/cat\/wp-content\/uploads\/sites\/3\/santllorens3.jpg 474w, https:\/\/mastorrencito.com\/cat\/wp-content\/uploads\/sites\/3\/santllorens3-300x224.jpg 300w\" sizes=\"(max-width: 474px) 100vw, 474px\" \/><\/figure>\n<hr class=\"wp-block-separator has-alpha-channel-opacity\" \/>\n\n<h3 class=\"wp-block-heading\"><strong>El costat fosc del turisme desmesurat<\/strong><\/h3>\n\n<p>Els pobles petits tenen un encant \u00fanic: la calma, la proximitat, el ritme pausat. Per\u00f2 quan arriben els turistes en massa, aquesta ess\u00e8ncia desapareix. Deixa&#8217;m explicar-te com es veu des de dins:  <\/p>\n\n<h4 class=\"wp-block-heading\"><strong>1. El caos dels caps de setmana<\/strong><\/h4>\n\n<p>Imagina&#8217;t que \u00e9s diumenge. Els habitants del poble, que fa tota la setmana que treballen, volen gaudir d&#8217;un dia de descans. Per\u00f2 en lloc de calma, el que troben \u00e9s soroll, cotxes bloquejant les portes, i escombraries acumulant-se a cada rac\u00f3.  <\/p>\n\n<p>Molts turistes tracten els pobles com si fossin una extensi\u00f3 de la ciutat. Aparquen on volen, sense pensar que estan envaint un espai petit i limitat on no hi ha policia ni regulacions estrictes de tr\u00e0nsit. Al final, el poble acaba ple de llaunes, papers i embolcalls, trencant completament l&#8217;harmonia del lloc.  <\/p>\n\n<p>Aix\u00f2 no \u00e9s un cas a\u00efllat. Un amic meu viu a un poble preci\u00f3s, envoltat de muntanyes i rius. Entre setmana gaudeix d&#8217;una pau absoluta. Per\u00f2 quan arriba el cap de setmana, la vida al poble es converteix en un malson. El tr\u00e0nsit inunda els carrers estrets, els bars estan atape\u00efts, i els ve\u00efns compten les hores fins que torni dilluns. T&#8217;imagines viure aix\u00ed cada setmana?     <\/p>\n\n<figure class=\"wp-block-image size-full\"><img decoding=\"async\" width=\"838\" height=\"777\" src=\"https:\/\/mastorrencito.com\/wp-content\/uploads\/santllorenc_1.png\" alt=\"\" class=\"wp-image-3326\" srcset=\"https:\/\/mastorrencito.com\/cat\/wp-content\/uploads\/sites\/3\/santllorenc_1.png 838w, https:\/\/mastorrencito.com\/cat\/wp-content\/uploads\/sites\/3\/santllorenc_1-300x278.png 300w, https:\/\/mastorrencito.com\/cat\/wp-content\/uploads\/sites\/3\/santllorenc_1-768x712.png 768w\" sizes=\"(max-width: 838px) 100vw, 838px\" \/><\/figure>\n<hr class=\"wp-block-separator has-alpha-channel-opacity\" \/>\n\n<h4 class=\"wp-block-heading\"><strong>2. L&#8217;especulaci\u00f3 immobili\u00e0ria: cases buides i preus impossibles<\/strong><\/h4>\n\n<p>Un altre problema greu \u00e9s l&#8217;impacte a l&#8217;habitatge. Abans, a molts d&#8217;aquests pobles petits, era f\u00e0cil trobar casetes per llogar o reformar. Avui aix\u00f2 \u00e9s gaireb\u00e9 impossible. Les cases han estat adquirides per a lloguer tur\u00edstic o com a segones resid\u00e8ncies, i ja no estan disponibles per a les fam\u00edlies locals.   <\/p>\n\n<p>Aix\u00f2 t\u00e9 conseq\u00fc\u00e8ncies devastadores:<\/p>\n\n<ul class=\"wp-block-list\">\n<li><strong>Les fam\u00edlies joves no es poden quedar.<\/strong>  Els fills dels que fa d\u00e8cades que s\u00f3n al poble volen quedar-se, per\u00f2 no tenen opci\u00f3. No hi ha habitatges disponibles, i els pocs que hi ha tenen preus desorbitats. El que fa pocs anys costava 50.000 euros, ara supera els 400.000.  <\/li>\n\n\n\n<li><strong>La comunitat es buida.<\/strong>  Molts dels nous propietaris ni tan sols viuen al poble. Nom\u00e9s lloguen casa seva els caps de setmana oa l&#8217;estiu, deixant carrers buits i tancats durant gran part de l&#8217;any. El resultat \u00e9s una comunitat fantasma, sense vida local.  <\/li>\n<\/ul>\n\n<p>Els pobles s&#8217;estan convertint en postals boniques, perfectes per a Instagram, per\u00f2 buides de l&#8217;autenticitat i de les persones que els donaven el seu veritable valor.<\/p>\n\n<hr class=\"wp-block-separator has-alpha-channel-opacity\" \/>\n\n<h4 class=\"wp-block-heading\"><strong>3. L&#8217;atracci\u00f3 per all\u00f2 morb\u00f3s o extraordinari<\/strong><\/h4>\n\n<p>Aqu\u00ed arriba el que \u00e9s paradoxal: moltes vegades, el que atrau els turistes no t\u00e9 res a veure amb l&#8217;ess\u00e8ncia del poble, sin\u00f3 amb hist\u00f2ries que poc aporten a la comunitat. I aqu\u00ed ho dic clar: <strong>a mi no m&#8217;importaria que al meu poble. haurien com\u00e8s un triple assassinat fa anys i que la casa s&#8217;ompl\u00eds de visitants atrets per aix\u00f2.<\/strong> Que quedi clar, no parlo de justificar un fet tan terrible, per\u00f2 s\u00ed de com, a la pr\u00e0ctica, aquest tipus de coses no s\u00f3n el veritable problema. <\/p>\n\n<p>El problema no \u00e9s ni la curiositat ni l&#8217;inter\u00e8s. Al capdavall, qualsevol poble t\u00e9 la seva pr\u00f2pia hist\u00f2ria, els seus misteris, o fins i tot llegendes que li donen identitat. El que realment fa mal \u00e9s que tota aquesta atenci\u00f3 acabi explotant el lloc, omplint-lo de turistes que no respecten ni l&#8217;espai ni les persones que hi viuen. De qu\u00e8 serveix tenir els carrers plens si al final els ve\u00efns no poden sortir de casa perqu\u00e8 un cotxe bloqueja la porta?   <\/p>\n\n<figure class=\"wp-block-image size-full\"><img decoding=\"async\" width=\"474\" height=\"316\" src=\"https:\/\/mastorrencito.com\/wp-content\/uploads\/santlloren2.jpg\" alt=\"\" class=\"wp-image-3323\" srcset=\"https:\/\/mastorrencito.com\/cat\/wp-content\/uploads\/sites\/3\/santlloren2.jpg 474w, https:\/\/mastorrencito.com\/cat\/wp-content\/uploads\/sites\/3\/santlloren2-300x200.jpg 300w\" sizes=\"(max-width: 474px) 100vw, 474px\" \/><\/figure>\n<hr class=\"wp-block-separator has-alpha-channel-opacity\" \/>\n\n<h3 class=\"wp-block-heading\"><strong>Un equilibri necessari: turisme s\u00ed, per\u00f2 amb regulaci\u00f3<\/strong><\/h3>\n\n<p>Quan he parlat abans d&#8217;aquests temes, alguns m&#8217;han acusat de ser \u201cantiturisme\u201d o de no entendre que moltes persones depenen d&#8217;aquesta ind\u00fastria per sobreviure. Per\u00f2 no \u00e9s aix\u00f2 el que critico. El turisme rural ben gestionat pot ser una font incre\u00efble dingressos i revitalitzaci\u00f3 per als pobles petits. El que q\u00fcestiono \u00e9s la manca de regulaci\u00f3, la massificaci\u00f3 i l&#8217;especulaci\u00f3 que acaben destruint all\u00f2 que precisament fa especials a aquests llocs.   <\/p>\n\n<p>Els pobles no es poden convertir ni en extensions de la ciutat, ni en un parc tem\u00e0tic per a turistes. Necessitem regulaci\u00f3 que protegeixi la identitat de les comunitats locals. Aix\u00f2 inclou:  <\/p>\n\n<ul class=\"wp-block-list\">\n<li><strong>Controlar el nombre de visitants.<\/strong>  Hi ha pobles que simplement no estan preparats per rebre centenars de persones alhora. Limitar l&#8217;acc\u00e9s no vol dir excloure, sin\u00f3 garantir una experi\u00e8ncia sostenible tant per als visitants com per als locals. <\/li>\n\n\n\n<li><strong>Regular els lloguers tur\u00edstics.<\/strong>  \u00c9s fonamental que els lloguers tur\u00edstics no desplacin els residents locals. Podrien establir-se percentatges m\u00e0xims d&#8217;habitatges destinats a aquest tipus de negoci o impostos que benefici\u00efn directament el poble. <\/li>\n\n\n\n<li><strong>Fomentar leducaci\u00f3 tur\u00edstica.<\/strong>  Els visitants han de ser conscients de com respectar els espais que visiten: aparcar correctament, no deixar escombraries i respectar la tranquil\u00b7litat del lloc.<\/li>\n<\/ul>\n\n<hr class=\"wp-block-separator has-alpha-channel-opacity\" \/>\n\n<h3 class=\"wp-block-heading\"><strong>\u00bf Quin futur volem per als pobles?<\/strong><\/h3>\n\n<p>La pregunta \u00e9s senzilla: volem que els pobles petits segueixin sent espais de vida i tranquil\u00b7litat, o estem disposats a convertir-los en atraccions massificades, buides d&#8217;autenticitat?<\/p>\n\n<p>El turisme rural pot ser una eina meravellosa per revitalitzar aquests llocs. Per\u00f2 sense un equilibri, l&#8217;\u00fanic que aconseguirem ser\u00e0 destruir-los. qu\u00e8 passar\u00e0 d&#8217;aqu\u00ed a 10 anys quan les comunitats locals hagin desaparegut i els preus hagin expulsat els seus habitants? Qu\u00e8 els quedar\u00e0 als fills dels que fa d\u00e8cades que lluiten per mantenir vius aquests pobles?   <\/p>\n\n<p>La tranquil\u00b7litat, l&#8217;encant i la vida dels petits pobles no tenen preu. \u00c9s la nostra responsabilitat protegir-los. DESCANSEM EN PAU!!!  <\/p>\n\n<hr class=\"wp-block-separator has-alpha-channel-opacity\" \/>\n\n<blockquote class=\"wp-block-quote is-layout-flow wp-block-quote-is-layout-flow\">\n<p>Des de MasTorrencito et desitgem un bon dia i que els teus gossos t&#8217;acompanyin!!<\/p>\n<\/blockquote>\n\n<p>\u2014\u2013<br \/> Si vols, pot veure els nostres <strong>bons per caps de setmana, bons jubilats<\/strong> , a un preu incre\u00efble..entra a <a href=\"https:\/\/www.mastorrencito.com\/\">www.mastorrencito.com<\/a> o si vols podeu llegir m\u00e9s h<\/p>\n","protected":false},"excerpt":{"rendered":"<p>Hi ha alguna cosa profundament trista per als qui viuen en petits pobles: veure com la tranquil\u00b7litat que defineix les seves vides s&#8217;evapora quan la llar \u201ces posa de moda\u201d. Tot comen\u00e7a amb una foto viral a les xarxes socials, un reportatge a la televisi\u00f3 o, pitjor encara, la visita d&#8217;un influencer que el converteix [&hellip;]<\/p>\n","protected":false},"author":2,"featured_media":3320,"comment_status":"open","ping_status":"closed","sticky":false,"template":"","format":"standard","meta":{"_acf_changed":false,"footnotes":""},"categories":[35],"tags":[],"class_list":["post-3330","post","type-post","status-publish","format-standard","has-post-thumbnail","hentry","category-histories-mastorrencito"],"yoast_head":"<!-- This site is optimized with the Yoast SEO Premium plugin v27.3 (Yoast SEO v27.5) - https:\/\/yoast.com\/product\/yoast-seo-premium-wordpress\/ -->\n<title>DEP de la tranquil\u00b7litat als pobles bonics i petits by MasTorrencito - Mas Torrencito CAT<\/title>\n<meta name=\"description\" content=\"I \u00e9s que som aquesta esp\u00e8cie invasora... ho volem tot... DEP de la tranquil\u00b7litat als pobles bonics i petits by MasTorrencito\" \/>\n<meta name=\"robots\" content=\"index, follow, max-snippet:-1, max-image-preview:large, max-video-preview:-1\" \/>\n<link rel=\"canonical\" href=\"https:\/\/mastorrencito.com\/cat\/dep-de-la-tranquillitat-als-pobles-bonics-i-petits-by-mastorrencito\/\" \/>\n<meta property=\"og:locale\" content=\"es_ES\" \/>\n<meta property=\"og:type\" content=\"article\" \/>\n<meta property=\"og:title\" content=\"DEP de la tranquil\u00b7litat als pobles bonics i petits by MasTorrencito\" \/>\n<meta property=\"og:description\" content=\"I \u00e9s que som aquesta esp\u00e8cie invasora... ho volem tot... DEP de la tranquil\u00b7litat als pobles bonics i petits by MasTorrencito\" \/>\n<meta property=\"og:url\" content=\"https:\/\/mastorrencito.com\/cat\/dep-de-la-tranquillitat-als-pobles-bonics-i-petits-by-mastorrencito\/\" \/>\n<meta property=\"og:site_name\" content=\"Mas Torrencito CAT\" \/>\n<meta property=\"article:published_time\" content=\"2025-01-25T06:19:45+00:00\" \/>\n<meta property=\"og:image\" content=\"https:\/\/mastorrencito.com\/cat\/wp-content\/uploads\/sites\/3\/santllorens3.jpg\" \/>\n\t<meta property=\"og:image:width\" content=\"474\" \/>\n\t<meta property=\"og:image:height\" content=\"354\" \/>\n\t<meta property=\"og:image:type\" content=\"image\/jpeg\" \/>\n<meta name=\"author\" content=\"Mastorrencito\" \/>\n<meta name=\"twitter:card\" content=\"summary_large_image\" \/>\n<meta name=\"twitter:label1\" content=\"Escrito por\" \/>\n\t<meta name=\"twitter:data1\" content=\"Mastorrencito\" \/>\n\t<meta name=\"twitter:label2\" content=\"Tiempo de lectura\" \/>\n\t<meta name=\"twitter:data2\" content=\"6 minutos\" \/>\n<script type=\"application\/ld+json\" class=\"yoast-schema-graph\">{\"@context\":\"https:\\\/\\\/schema.org\",\"@graph\":[{\"@type\":\"Article\",\"@id\":\"https:\\\/\\\/mastorrencito.com\\\/cat\\\/dep-de-la-tranquillitat-als-pobles-bonics-i-petits-by-mastorrencito\\\/#article\",\"isPartOf\":{\"@id\":\"https:\\\/\\\/mastorrencito.com\\\/cat\\\/dep-de-la-tranquillitat-als-pobles-bonics-i-petits-by-mastorrencito\\\/\"},\"author\":{\"name\":\"Mastorrencito\",\"@id\":\"https:\\\/\\\/mastorrencito.com\\\/#\\\/schema\\\/person\\\/18c619be80d4ae2667c702911625f790\"},\"headline\":\"DEP de la tranquil\u00b7litat als pobles bonics i petits by MasTorrencito\",\"datePublished\":\"2025-01-25T06:19:45+00:00\",\"mainEntityOfPage\":{\"@id\":\"https:\\\/\\\/mastorrencito.com\\\/cat\\\/dep-de-la-tranquillitat-als-pobles-bonics-i-petits-by-mastorrencito\\\/\"},\"wordCount\":1184,\"commentCount\":1,\"publisher\":{\"@id\":\"https:\\\/\\\/mastorrencito.com\\\/#organization\"},\"image\":{\"@id\":\"https:\\\/\\\/mastorrencito.com\\\/cat\\\/dep-de-la-tranquillitat-als-pobles-bonics-i-petits-by-mastorrencito\\\/#primaryimage\"},\"thumbnailUrl\":\"https:\\\/\\\/mastorrencito.com\\\/cat\\\/wp-content\\\/uploads\\\/sites\\\/3\\\/santllorens3.jpg\",\"articleSection\":[\"Hist\u00f2ries Mastorrencito\"],\"inLanguage\":\"es\",\"potentialAction\":[{\"@type\":\"CommentAction\",\"name\":\"Comment\",\"target\":[\"https:\\\/\\\/mastorrencito.com\\\/cat\\\/dep-de-la-tranquillitat-als-pobles-bonics-i-petits-by-mastorrencito\\\/#respond\"]}]},{\"@type\":\"WebPage\",\"@id\":\"https:\\\/\\\/mastorrencito.com\\\/cat\\\/dep-de-la-tranquillitat-als-pobles-bonics-i-petits-by-mastorrencito\\\/\",\"url\":\"https:\\\/\\\/mastorrencito.com\\\/cat\\\/dep-de-la-tranquillitat-als-pobles-bonics-i-petits-by-mastorrencito\\\/\",\"name\":\"DEP de la tranquil\u00b7litat als pobles bonics i petits by MasTorrencito - Mas Torrencito CAT\",\"isPartOf\":{\"@id\":\"https:\\\/\\\/mastorrencito.com\\\/#website\"},\"primaryImageOfPage\":{\"@id\":\"https:\\\/\\\/mastorrencito.com\\\/cat\\\/dep-de-la-tranquillitat-als-pobles-bonics-i-petits-by-mastorrencito\\\/#primaryimage\"},\"image\":{\"@id\":\"https:\\\/\\\/mastorrencito.com\\\/cat\\\/dep-de-la-tranquillitat-als-pobles-bonics-i-petits-by-mastorrencito\\\/#primaryimage\"},\"thumbnailUrl\":\"https:\\\/\\\/mastorrencito.com\\\/cat\\\/wp-content\\\/uploads\\\/sites\\\/3\\\/santllorens3.jpg\",\"datePublished\":\"2025-01-25T06:19:45+00:00\",\"description\":\"I \u00e9s que som aquesta esp\u00e8cie invasora... ho volem tot... DEP de la tranquil\u00b7litat als pobles bonics i petits by MasTorrencito\",\"breadcrumb\":{\"@id\":\"https:\\\/\\\/mastorrencito.com\\\/cat\\\/dep-de-la-tranquillitat-als-pobles-bonics-i-petits-by-mastorrencito\\\/#breadcrumb\"},\"inLanguage\":\"es\",\"potentialAction\":[{\"@type\":\"ReadAction\",\"target\":[\"https:\\\/\\\/mastorrencito.com\\\/cat\\\/dep-de-la-tranquillitat-als-pobles-bonics-i-petits-by-mastorrencito\\\/\"]}]},{\"@type\":\"ImageObject\",\"inLanguage\":\"es\",\"@id\":\"https:\\\/\\\/mastorrencito.com\\\/cat\\\/dep-de-la-tranquillitat-als-pobles-bonics-i-petits-by-mastorrencito\\\/#primaryimage\",\"url\":\"https:\\\/\\\/mastorrencito.com\\\/cat\\\/wp-content\\\/uploads\\\/sites\\\/3\\\/santllorens3.jpg\",\"contentUrl\":\"https:\\\/\\\/mastorrencito.com\\\/cat\\\/wp-content\\\/uploads\\\/sites\\\/3\\\/santllorens3.jpg\",\"width\":474,\"height\":354,\"caption\":\"Sant Lloren\u00e7 de la Muga, paraiso de l'Empord\u00e0\"},{\"@type\":\"BreadcrumbList\",\"@id\":\"https:\\\/\\\/mastorrencito.com\\\/cat\\\/dep-de-la-tranquillitat-als-pobles-bonics-i-petits-by-mastorrencito\\\/#breadcrumb\",\"itemListElement\":[{\"@type\":\"ListItem\",\"position\":1,\"name\":\"Portada\",\"item\":\"https:\\\/\\\/mastorrencito.com\\\/\"},{\"@type\":\"ListItem\",\"position\":2,\"name\":\"DEP de la tranquil\u00b7litat als pobles bonics i petits by MasTorrencito\"}]},{\"@type\":\"WebSite\",\"@id\":\"https:\\\/\\\/mastorrencito.com\\\/#website\",\"url\":\"https:\\\/\\\/mastorrencito.com\\\/\",\"name\":\"Mas Torrencito CAT\",\"description\":\"Casa rural pet friendly en Girona\",\"publisher\":{\"@id\":\"https:\\\/\\\/mastorrencito.com\\\/#organization\"},\"potentialAction\":[{\"@type\":\"SearchAction\",\"target\":{\"@type\":\"EntryPoint\",\"urlTemplate\":\"https:\\\/\\\/mastorrencito.com\\\/?s={search_term_string}\"},\"query-input\":{\"@type\":\"PropertyValueSpecification\",\"valueRequired\":true,\"valueName\":\"search_term_string\"}}],\"inLanguage\":\"es\"},{\"@type\":\"Organization\",\"@id\":\"https:\\\/\\\/mastorrencito.com\\\/#organization\",\"name\":\"Mas Torrencito CAT\",\"url\":\"https:\\\/\\\/mastorrencito.com\\\/\",\"logo\":{\"@type\":\"ImageObject\",\"inLanguage\":\"es\",\"@id\":\"https:\\\/\\\/mastorrencito.com\\\/#\\\/schema\\\/logo\\\/image\\\/\",\"url\":\"https:\\\/\\\/mastorrencito.com\\\/cat\\\/wp-content\\\/uploads\\\/sites\\\/3\\\/Logo-Mastorrencito-horizontal.webp\",\"contentUrl\":\"https:\\\/\\\/mastorrencito.com\\\/cat\\\/wp-content\\\/uploads\\\/sites\\\/3\\\/Logo-Mastorrencito-horizontal.webp\",\"width\":161,\"height\":54,\"caption\":\"Mas Torrencito CAT\"},\"image\":{\"@id\":\"https:\\\/\\\/mastorrencito.com\\\/#\\\/schema\\\/logo\\\/image\\\/\"}},{\"@type\":\"Person\",\"@id\":\"https:\\\/\\\/mastorrencito.com\\\/#\\\/schema\\\/person\\\/18c619be80d4ae2667c702911625f790\",\"name\":\"Mastorrencito\",\"image\":{\"@type\":\"ImageObject\",\"inLanguage\":\"es\",\"@id\":\"https:\\\/\\\/secure.gravatar.com\\\/avatar\\\/3ef55e0519f987a734c21caee1423b51df7b760b7d81a38ecd31cab0a5115f6d?s=96&d=mm&r=g\",\"url\":\"https:\\\/\\\/secure.gravatar.com\\\/avatar\\\/3ef55e0519f987a734c21caee1423b51df7b760b7d81a38ecd31cab0a5115f6d?s=96&d=mm&r=g\",\"contentUrl\":\"https:\\\/\\\/secure.gravatar.com\\\/avatar\\\/3ef55e0519f987a734c21caee1423b51df7b760b7d81a38ecd31cab0a5115f6d?s=96&d=mm&r=g\",\"caption\":\"Mastorrencito\"},\"url\":\"https:\\\/\\\/mastorrencito.com\\\/cat\\\/author\\\/mastorrencito\\\/\"}]}<\/script>\n<!-- \/ Yoast SEO Premium plugin. -->","yoast_head_json":{"title":"DEP de la tranquil\u00b7litat als pobles bonics i petits by MasTorrencito - Mas Torrencito CAT","description":"I \u00e9s que som aquesta esp\u00e8cie invasora... ho volem tot... DEP de la tranquil\u00b7litat als pobles bonics i petits by MasTorrencito","robots":{"index":"index","follow":"follow","max-snippet":"max-snippet:-1","max-image-preview":"max-image-preview:large","max-video-preview":"max-video-preview:-1"},"canonical":"https:\/\/mastorrencito.com\/cat\/dep-de-la-tranquillitat-als-pobles-bonics-i-petits-by-mastorrencito\/","og_locale":"es_ES","og_type":"article","og_title":"DEP de la tranquil\u00b7litat als pobles bonics i petits by MasTorrencito","og_description":"I \u00e9s que som aquesta esp\u00e8cie invasora... ho volem tot... DEP de la tranquil\u00b7litat als pobles bonics i petits by MasTorrencito","og_url":"https:\/\/mastorrencito.com\/cat\/dep-de-la-tranquillitat-als-pobles-bonics-i-petits-by-mastorrencito\/","og_site_name":"Mas Torrencito CAT","article_published_time":"2025-01-25T06:19:45+00:00","og_image":[{"width":474,"height":354,"url":"https:\/\/mastorrencito.com\/cat\/wp-content\/uploads\/sites\/3\/santllorens3.jpg","type":"image\/jpeg"}],"author":"Mastorrencito","twitter_card":"summary_large_image","twitter_misc":{"Escrito por":"Mastorrencito","Tiempo de lectura":"6 minutos"},"schema":{"@context":"https:\/\/schema.org","@graph":[{"@type":"Article","@id":"https:\/\/mastorrencito.com\/cat\/dep-de-la-tranquillitat-als-pobles-bonics-i-petits-by-mastorrencito\/#article","isPartOf":{"@id":"https:\/\/mastorrencito.com\/cat\/dep-de-la-tranquillitat-als-pobles-bonics-i-petits-by-mastorrencito\/"},"author":{"name":"Mastorrencito","@id":"https:\/\/mastorrencito.com\/#\/schema\/person\/18c619be80d4ae2667c702911625f790"},"headline":"DEP de la tranquil\u00b7litat als pobles bonics i petits by MasTorrencito","datePublished":"2025-01-25T06:19:45+00:00","mainEntityOfPage":{"@id":"https:\/\/mastorrencito.com\/cat\/dep-de-la-tranquillitat-als-pobles-bonics-i-petits-by-mastorrencito\/"},"wordCount":1184,"commentCount":1,"publisher":{"@id":"https:\/\/mastorrencito.com\/#organization"},"image":{"@id":"https:\/\/mastorrencito.com\/cat\/dep-de-la-tranquillitat-als-pobles-bonics-i-petits-by-mastorrencito\/#primaryimage"},"thumbnailUrl":"https:\/\/mastorrencito.com\/cat\/wp-content\/uploads\/sites\/3\/santllorens3.jpg","articleSection":["Hist\u00f2ries Mastorrencito"],"inLanguage":"es","potentialAction":[{"@type":"CommentAction","name":"Comment","target":["https:\/\/mastorrencito.com\/cat\/dep-de-la-tranquillitat-als-pobles-bonics-i-petits-by-mastorrencito\/#respond"]}]},{"@type":"WebPage","@id":"https:\/\/mastorrencito.com\/cat\/dep-de-la-tranquillitat-als-pobles-bonics-i-petits-by-mastorrencito\/","url":"https:\/\/mastorrencito.com\/cat\/dep-de-la-tranquillitat-als-pobles-bonics-i-petits-by-mastorrencito\/","name":"DEP de la tranquil\u00b7litat als pobles bonics i petits by MasTorrencito - Mas Torrencito CAT","isPartOf":{"@id":"https:\/\/mastorrencito.com\/#website"},"primaryImageOfPage":{"@id":"https:\/\/mastorrencito.com\/cat\/dep-de-la-tranquillitat-als-pobles-bonics-i-petits-by-mastorrencito\/#primaryimage"},"image":{"@id":"https:\/\/mastorrencito.com\/cat\/dep-de-la-tranquillitat-als-pobles-bonics-i-petits-by-mastorrencito\/#primaryimage"},"thumbnailUrl":"https:\/\/mastorrencito.com\/cat\/wp-content\/uploads\/sites\/3\/santllorens3.jpg","datePublished":"2025-01-25T06:19:45+00:00","description":"I \u00e9s que som aquesta esp\u00e8cie invasora... ho volem tot... DEP de la tranquil\u00b7litat als pobles bonics i petits by MasTorrencito","breadcrumb":{"@id":"https:\/\/mastorrencito.com\/cat\/dep-de-la-tranquillitat-als-pobles-bonics-i-petits-by-mastorrencito\/#breadcrumb"},"inLanguage":"es","potentialAction":[{"@type":"ReadAction","target":["https:\/\/mastorrencito.com\/cat\/dep-de-la-tranquillitat-als-pobles-bonics-i-petits-by-mastorrencito\/"]}]},{"@type":"ImageObject","inLanguage":"es","@id":"https:\/\/mastorrencito.com\/cat\/dep-de-la-tranquillitat-als-pobles-bonics-i-petits-by-mastorrencito\/#primaryimage","url":"https:\/\/mastorrencito.com\/cat\/wp-content\/uploads\/sites\/3\/santllorens3.jpg","contentUrl":"https:\/\/mastorrencito.com\/cat\/wp-content\/uploads\/sites\/3\/santllorens3.jpg","width":474,"height":354,"caption":"Sant Lloren\u00e7 de la Muga, paraiso de l'Empord\u00e0"},{"@type":"BreadcrumbList","@id":"https:\/\/mastorrencito.com\/cat\/dep-de-la-tranquillitat-als-pobles-bonics-i-petits-by-mastorrencito\/#breadcrumb","itemListElement":[{"@type":"ListItem","position":1,"name":"Portada","item":"https:\/\/mastorrencito.com\/"},{"@type":"ListItem","position":2,"name":"DEP de la tranquil\u00b7litat als pobles bonics i petits by MasTorrencito"}]},{"@type":"WebSite","@id":"https:\/\/mastorrencito.com\/#website","url":"https:\/\/mastorrencito.com\/","name":"Mas Torrencito CAT","description":"Casa rural pet friendly en Girona","publisher":{"@id":"https:\/\/mastorrencito.com\/#organization"},"potentialAction":[{"@type":"SearchAction","target":{"@type":"EntryPoint","urlTemplate":"https:\/\/mastorrencito.com\/?s={search_term_string}"},"query-input":{"@type":"PropertyValueSpecification","valueRequired":true,"valueName":"search_term_string"}}],"inLanguage":"es"},{"@type":"Organization","@id":"https:\/\/mastorrencito.com\/#organization","name":"Mas Torrencito CAT","url":"https:\/\/mastorrencito.com\/","logo":{"@type":"ImageObject","inLanguage":"es","@id":"https:\/\/mastorrencito.com\/#\/schema\/logo\/image\/","url":"https:\/\/mastorrencito.com\/cat\/wp-content\/uploads\/sites\/3\/Logo-Mastorrencito-horizontal.webp","contentUrl":"https:\/\/mastorrencito.com\/cat\/wp-content\/uploads\/sites\/3\/Logo-Mastorrencito-horizontal.webp","width":161,"height":54,"caption":"Mas Torrencito CAT"},"image":{"@id":"https:\/\/mastorrencito.com\/#\/schema\/logo\/image\/"}},{"@type":"Person","@id":"https:\/\/mastorrencito.com\/#\/schema\/person\/18c619be80d4ae2667c702911625f790","name":"Mastorrencito","image":{"@type":"ImageObject","inLanguage":"es","@id":"https:\/\/secure.gravatar.com\/avatar\/3ef55e0519f987a734c21caee1423b51df7b760b7d81a38ecd31cab0a5115f6d?s=96&d=mm&r=g","url":"https:\/\/secure.gravatar.com\/avatar\/3ef55e0519f987a734c21caee1423b51df7b760b7d81a38ecd31cab0a5115f6d?s=96&d=mm&r=g","contentUrl":"https:\/\/secure.gravatar.com\/avatar\/3ef55e0519f987a734c21caee1423b51df7b760b7d81a38ecd31cab0a5115f6d?s=96&d=mm&r=g","caption":"Mastorrencito"},"url":"https:\/\/mastorrencito.com\/cat\/author\/mastorrencito\/"}]}},"acf":[],"_links":{"self":[{"href":"https:\/\/mastorrencito.com\/cat\/wp-json\/wp\/v2\/posts\/3330","targetHints":{"allow":["GET"]}}],"collection":[{"href":"https:\/\/mastorrencito.com\/cat\/wp-json\/wp\/v2\/posts"}],"about":[{"href":"https:\/\/mastorrencito.com\/cat\/wp-json\/wp\/v2\/types\/post"}],"author":[{"embeddable":true,"href":"https:\/\/mastorrencito.com\/cat\/wp-json\/wp\/v2\/users\/2"}],"replies":[{"embeddable":true,"href":"https:\/\/mastorrencito.com\/cat\/wp-json\/wp\/v2\/comments?post=3330"}],"version-history":[{"count":0,"href":"https:\/\/mastorrencito.com\/cat\/wp-json\/wp\/v2\/posts\/3330\/revisions"}],"wp:featuredmedia":[{"embeddable":true,"href":"https:\/\/mastorrencito.com\/cat\/wp-json\/wp\/v2\/media\/3320"}],"wp:attachment":[{"href":"https:\/\/mastorrencito.com\/cat\/wp-json\/wp\/v2\/media?parent=3330"}],"wp:term":[{"taxonomy":"category","embeddable":true,"href":"https:\/\/mastorrencito.com\/cat\/wp-json\/wp\/v2\/categories?post=3330"},{"taxonomy":"post_tag","embeddable":true,"href":"https:\/\/mastorrencito.com\/cat\/wp-json\/wp\/v2\/tags?post=3330"}],"curies":[{"name":"wp","href":"https:\/\/api.w.org\/{rel}","templated":true}]}}