{"id":3314,"date":"2025-01-24T05:52:02","date_gmt":"2025-01-24T05:52:02","guid":{"rendered":"https:\/\/casaruralconperrosgirona.com\/el-mon-sense-manuela-by-mastorrencito\/"},"modified":"2025-01-24T05:52:02","modified_gmt":"2025-01-24T05:52:02","slug":"el-mon-sense-manuela-by-mastorrencito","status":"publish","type":"post","link":"https:\/\/mastorrencito.com\/cat\/el-mon-sense-manuela-by-mastorrencito\/","title":{"rendered":"El m\u00f3n sense Manuela by MasTorrencito"},"content":{"rendered":"\n<hr class=\"wp-block-separator has-alpha-channel-opacity\" \/>\n\n<p>El meu nom \u00e9s Miguel, i Mas Torrencito, casa meva, \u00e9s molt m\u00e9s que una masia al cor de l&#8217;Empord\u00e0. \u00c9s un rac\u00f3 m\u00e0gic on les \u00e0nimes troben calma, on el temps sembla aturar-se i on, durant 16 anys, una pres\u00e8ncia especial va omplir de llum cada rac\u00f3. Aquesta pres\u00e8ncia era la Manuela, la meva companya fidel, la meva amiga, la meva mestra. Avui, sense, sento que el m\u00f3n ha canviat per sempre.   <\/p>\n\n<p>Manuela va arribar a la meva vida sent a penes una cadella, un remol\u00ed d&#8217;energia amb orelles desproporcionadament grans i un entusiasme desbordant. Recordo el primer dia que va trepitjar Mas Torrencito. humana. Des d&#8217;aquell instant, vaig entendre que ella no seria nom\u00e9s una companya, sin\u00f3 una pe\u00e7a essencial. de la meva vida i daquest lloc.   <\/p>\n\n<p>Amb el temps, la Manuela es va convertir en molt m\u00e9s que una mascota. Es va tornar el cor latent de Mas Torrencito. La seva pres\u00e8ncia impregnava cada rac\u00f3, des del zagu\u00e0 fins als jardins, des de la xemeneia fins als senders que envoltaven la masia. Cada mat\u00ed, era la primera a aixecar-se. En obrir els ulls, sempre hi era, asseguda al peu del llit, amb aquella mirada que deia: \u00abVinga, el dia ens espera\u00bb. Era ella qui em recordava que hi havia un m\u00f3n per explorar, per gaudir-ne.     <\/p>\n\n<p>Quan camin\u00e0vem pels camps de l&#8217;Empord\u00e0, la Manuela era la meva guia. Tenia un do especial per assenyalar el que jo, en el meu tr\u00e0fec quotidi\u00e0, passava per alt: el murmuri del vent entre les oliveres, un n\u00favol amb una forma curiosa, el so d&#8217;un rierol proper. Era com si ella entengu\u00e9s que all\u00f2 important no era arribar a cap dest\u00ed, sin\u00f3 gaudir del trajecte.  <\/p>\n<figure class=\"wp-block-post-featured-image\"><img fetchpriority=\"high\" decoding=\"async\" width=\"2048\" height=\"1535\" src=\"https:\/\/mastorrencito.com\/cat\/wp-content\/uploads\/sites\/3\/Imatge-de-WhatsApp-2024-12-08-a-les-06.11.40_08bb25d4.jpg\" class=\"attachment-post-thumbnail size-post-thumbnail wp-post-image\" alt=\"\" style=\"object-fit:cover;\" srcset=\"https:\/\/mastorrencito.com\/cat\/wp-content\/uploads\/sites\/3\/Imatge-de-WhatsApp-2024-12-08-a-les-06.11.40_08bb25d4.jpg 2048w, https:\/\/mastorrencito.com\/cat\/wp-content\/uploads\/sites\/3\/Imatge-de-WhatsApp-2024-12-08-a-les-06.11.40_08bb25d4-300x225.jpg 300w, https:\/\/mastorrencito.com\/cat\/wp-content\/uploads\/sites\/3\/Imatge-de-WhatsApp-2024-12-08-a-les-06.11.40_08bb25d4-1024x768.jpg 1024w, https:\/\/mastorrencito.com\/cat\/wp-content\/uploads\/sites\/3\/Imatge-de-WhatsApp-2024-12-08-a-les-06.11.40_08bb25d4-768x576.jpg 768w, https:\/\/mastorrencito.com\/cat\/wp-content\/uploads\/sites\/3\/Imatge-de-WhatsApp-2024-12-08-a-les-06.11.40_08bb25d4-1536x1151.jpg 1536w\" sizes=\"(max-width: 2048px) 100vw, 2048px\" \/><\/figure>\n<p>La Manuela tamb\u00e9 era una amfitriona nata. Els hostes de Mas Torrencito l&#8217;adoraven. Alguns arribaven aqu\u00ed buscant pau, altres s&#8217;escapaven de la rutina, per\u00f2 tots, sense excepci\u00f3, s&#8217;enamoraven del seu car\u00e0cter. Hi havia alguna cosa que connectava amb cada persona d&#8217;una manera \u00fanica. Els nens reien sense parar amb els seus jocs, els adults trobaven a la seva calma una mena de b\u00e0lsam per a l&#8217;\u00e0nima. Ella sabia quan acostar-se, quan oferir consol i quan simplement ser-hi.     <\/p>\n\n<p>El temps, per\u00f2, no s&#8217;atura. Ho vaig saber quan Manuela va comen\u00e7ar a caminar m\u00e9s lent, quan preferia els racons assolellats per descansar en lloc de perseguir papallones pel jard\u00ed. Els seus ulls seguien sent els mateixos, plens d&#8217;amor i saviesa, per\u00f2 el cos va comen\u00e7ar a trair-la. Tot i aix\u00ed, mai no va deixar de ser-hi, fidel, fins al seu \u00faltim dia.   <\/p>\n\n<p>El dia que se&#8217;n va anar, alguna cosa a Mas Torrencito va canviar. El silenci era diferent. hauria perdut part de la seva ess\u00e8ncia. Durant setmanes, tot em recordava: el so del vent entre els arbres, el cruixir de les fulles sota els meus passos, fins i tot. les rialles dels hostes. Manuela estava en tot, per\u00f2 al mateix temps, ja no hi era.      <\/p>\n\n<p>En els seus 16 anys de vida, Manuela no nom\u00e9s va omplir els meus dies de companyia i d&#8217;amor. Em va ensenyar a ser millor persona. Em va ensenyar la paci\u00e8ncia quan jo estava frustrat, l&#8217;empatia quan jo estava abstret, i l&#8217;alegria en les coses petites quan estava atrapat en preocupacions in\u00fatils. Si no hi hagu\u00e9s existit Manuela, crec que seria un home diferent. Potser m\u00e9s tancat, m\u00e9s impacient, menys connectat amb la vida.    <\/p>\n\n<p>Ara, mentre camino pels senders que compartim tantes vegades, sento la seva pres\u00e8ncia a cada rac\u00f3. Ella \u00e9s a l&#8217;esperit de Mas Torrencito, en la manera com aquest lloc segueix acollint persones que busquen alguna cosa m\u00e9s que unes vacances. La Manuela els va ensenyar a viure el moment, a gaudir de la calma, a trobar l&#8217;amor en les coses petites. Encara que no estigui f\u00edsicament, el llegat segueix viu.   <\/p>\n\n<p>I ara vull preguntar-te a tu, que llegeixes aix\u00f2:<br \/><strong>Qu\u00e8 signifiquen els teus peluts per a tu? Com han canviat la teva vida i qui ets? <\/strong><br \/>En aquests moments pensa quotidians que ells transformen amb el seu amor incondicional. Com seria el teu m\u00f3n sense ells? Qu\u00e8 t&#8217;han ensenyat que mai no hauries apr\u00e8s sense la seva companyia?  <\/p>\n\n<p>Comparteix-ho, perqu\u00e8 les seves vides, com la de Manuela, mereixen ser recordades i celebrades. Perqu\u00e8 encara que se&#8217;n vagin, el seu amor mai no desapareix. Sempre hi s\u00f3n, en el ress\u00f2 dels nostres records, en la calor dels moments compartits. I aix\u00f2, al final, \u00e9s el que fa que continu\u00efn vius. \ud83d\udc3e \ud83d\udc9b    <\/p>\n\n<hr class=\"wp-block-separator has-alpha-channel-opacity\" \/>\n\n<blockquote class=\"wp-block-quote is-layout-flow wp-block-quote-is-layout-flow\">\n<p>Des de MasTorrencito et desitgem un bon dia i que els teus gossos t&#8217;acompanyin!!<\/p>\n<\/blockquote>\n\n<p>\u2014\u2013<br \/> Si vols, pot veure els nostres <strong>bons per caps de setmana, bons jubilats<\/strong> , a un preu incre\u00efble..entra a <a href=\"https:\/\/www.mastorrencito.com\/\">www.mastorrencito.com<\/a> o si vols podeu llegir m\u00e9s hist\u00f2ria i an\u00e8cdotes que ens han passat a Mas Torrencito\u2026 Fes click <a href=\"https:\/\/mastorrencito.com\/es\/\">aqu\u00ed<\/a><\/p>\n","protected":false},"excerpt":{"rendered":"<p>El meu nom \u00e9s Miguel, i Mas Torrencito, casa meva, \u00e9s molt m\u00e9s que una masia al cor de l&#8217;Empord\u00e0. \u00c9s un rac\u00f3 m\u00e0gic on les \u00e0nimes troben calma, on el temps sembla aturar-se i on, durant 16 anys, una pres\u00e8ncia especial va omplir de llum cada rac\u00f3. Aquesta pres\u00e8ncia era la Manuela, la meva [&hellip;]<\/p>\n","protected":false},"author":2,"featured_media":2640,"comment_status":"open","ping_status":"closed","sticky":false,"template":"","format":"standard","meta":{"_acf_changed":false,"footnotes":""},"categories":[35],"tags":[],"class_list":["post-3314","post","type-post","status-publish","format-standard","has-post-thumbnail","hentry","category-histories-mastorrencito"],"yoast_head":"<!-- This site is optimized with the Yoast SEO Premium plugin v27.3 (Yoast SEO v27.5) - https:\/\/yoast.com\/product\/yoast-seo-premium-wordpress\/ -->\n<title>El m\u00f3n sense Manuela by MasTorrencito - Mas Torrencito CAT<\/title>\n<meta name=\"description\" content=\"I \u00e9s que omplen la teva vida molt m\u00e9s del que pots arribar a imaginar... o no? tu que opines??? El m\u00f3n sense Manuela by MasTorrencito\" \/>\n<meta name=\"robots\" content=\"index, follow, max-snippet:-1, max-image-preview:large, max-video-preview:-1\" \/>\n<link rel=\"canonical\" href=\"https:\/\/mastorrencito.com\/cat\/el-mon-sense-manuela-by-mastorrencito\/\" \/>\n<meta property=\"og:locale\" content=\"es_ES\" \/>\n<meta property=\"og:type\" content=\"article\" \/>\n<meta property=\"og:title\" content=\"El m\u00f3n sense Manuela by MasTorrencito\" \/>\n<meta property=\"og:description\" content=\"I \u00e9s que omplen la teva vida molt m\u00e9s del que pots arribar a imaginar... o no? tu que opines??? El m\u00f3n sense Manuela by MasTorrencito\" \/>\n<meta property=\"og:url\" content=\"https:\/\/mastorrencito.com\/cat\/el-mon-sense-manuela-by-mastorrencito\/\" \/>\n<meta property=\"og:site_name\" content=\"Mas Torrencito CAT\" \/>\n<meta property=\"article:published_time\" content=\"2025-01-24T05:52:02+00:00\" \/>\n<meta property=\"og:image\" content=\"https:\/\/mastorrencito.com\/cat\/wp-content\/uploads\/sites\/3\/Imatge-de-WhatsApp-2024-12-08-a-les-06.11.40_08bb25d4.jpg\" \/>\n\t<meta property=\"og:image:width\" content=\"2048\" \/>\n\t<meta property=\"og:image:height\" content=\"1535\" \/>\n\t<meta property=\"og:image:type\" content=\"image\/jpeg\" \/>\n<meta name=\"author\" content=\"Mastorrencito\" \/>\n<meta name=\"twitter:card\" content=\"summary_large_image\" \/>\n<meta name=\"twitter:label1\" content=\"Escrito por\" \/>\n\t<meta name=\"twitter:data1\" content=\"Mastorrencito\" \/>\n\t<meta name=\"twitter:label2\" content=\"Tiempo de lectura\" \/>\n\t<meta name=\"twitter:data2\" content=\"4 minutos\" \/>\n<script type=\"application\/ld+json\" class=\"yoast-schema-graph\">{\"@context\":\"https:\\\/\\\/schema.org\",\"@graph\":[{\"@type\":\"Article\",\"@id\":\"https:\\\/\\\/mastorrencito.com\\\/cat\\\/el-mon-sense-manuela-by-mastorrencito\\\/#article\",\"isPartOf\":{\"@id\":\"https:\\\/\\\/mastorrencito.com\\\/cat\\\/el-mon-sense-manuela-by-mastorrencito\\\/\"},\"author\":{\"name\":\"Mastorrencito\",\"@id\":\"https:\\\/\\\/mastorrencito.com\\\/#\\\/schema\\\/person\\\/18c619be80d4ae2667c702911625f790\"},\"headline\":\"El m\u00f3n sense Manuela by MasTorrencito\",\"datePublished\":\"2025-01-24T05:52:02+00:00\",\"mainEntityOfPage\":{\"@id\":\"https:\\\/\\\/mastorrencito.com\\\/cat\\\/el-mon-sense-manuela-by-mastorrencito\\\/\"},\"wordCount\":858,\"commentCount\":1,\"publisher\":{\"@id\":\"https:\\\/\\\/mastorrencito.com\\\/#organization\"},\"image\":{\"@id\":\"https:\\\/\\\/mastorrencito.com\\\/cat\\\/el-mon-sense-manuela-by-mastorrencito\\\/#primaryimage\"},\"thumbnailUrl\":\"https:\\\/\\\/mastorrencito.com\\\/cat\\\/wp-content\\\/uploads\\\/sites\\\/3\\\/Imatge-de-WhatsApp-2024-12-08-a-les-06.11.40_08bb25d4.jpg\",\"articleSection\":[\"Hist\u00f2ries Mastorrencito\"],\"inLanguage\":\"es\",\"potentialAction\":[{\"@type\":\"CommentAction\",\"name\":\"Comment\",\"target\":[\"https:\\\/\\\/mastorrencito.com\\\/cat\\\/el-mon-sense-manuela-by-mastorrencito\\\/#respond\"]}]},{\"@type\":\"WebPage\",\"@id\":\"https:\\\/\\\/mastorrencito.com\\\/cat\\\/el-mon-sense-manuela-by-mastorrencito\\\/\",\"url\":\"https:\\\/\\\/mastorrencito.com\\\/cat\\\/el-mon-sense-manuela-by-mastorrencito\\\/\",\"name\":\"El m\u00f3n sense Manuela by MasTorrencito - Mas Torrencito CAT\",\"isPartOf\":{\"@id\":\"https:\\\/\\\/mastorrencito.com\\\/#website\"},\"primaryImageOfPage\":{\"@id\":\"https:\\\/\\\/mastorrencito.com\\\/cat\\\/el-mon-sense-manuela-by-mastorrencito\\\/#primaryimage\"},\"image\":{\"@id\":\"https:\\\/\\\/mastorrencito.com\\\/cat\\\/el-mon-sense-manuela-by-mastorrencito\\\/#primaryimage\"},\"thumbnailUrl\":\"https:\\\/\\\/mastorrencito.com\\\/cat\\\/wp-content\\\/uploads\\\/sites\\\/3\\\/Imatge-de-WhatsApp-2024-12-08-a-les-06.11.40_08bb25d4.jpg\",\"datePublished\":\"2025-01-24T05:52:02+00:00\",\"description\":\"I \u00e9s que omplen la teva vida molt m\u00e9s del que pots arribar a imaginar... o no? tu que opines??? El m\u00f3n sense Manuela by MasTorrencito\",\"breadcrumb\":{\"@id\":\"https:\\\/\\\/mastorrencito.com\\\/cat\\\/el-mon-sense-manuela-by-mastorrencito\\\/#breadcrumb\"},\"inLanguage\":\"es\",\"potentialAction\":[{\"@type\":\"ReadAction\",\"target\":[\"https:\\\/\\\/mastorrencito.com\\\/cat\\\/el-mon-sense-manuela-by-mastorrencito\\\/\"]}]},{\"@type\":\"ImageObject\",\"inLanguage\":\"es\",\"@id\":\"https:\\\/\\\/mastorrencito.com\\\/cat\\\/el-mon-sense-manuela-by-mastorrencito\\\/#primaryimage\",\"url\":\"https:\\\/\\\/mastorrencito.com\\\/cat\\\/wp-content\\\/uploads\\\/sites\\\/3\\\/Imatge-de-WhatsApp-2024-12-08-a-les-06.11.40_08bb25d4.jpg\",\"contentUrl\":\"https:\\\/\\\/mastorrencito.com\\\/cat\\\/wp-content\\\/uploads\\\/sites\\\/3\\\/Imatge-de-WhatsApp-2024-12-08-a-les-06.11.40_08bb25d4.jpg\",\"width\":2048,\"height\":1535},{\"@type\":\"BreadcrumbList\",\"@id\":\"https:\\\/\\\/mastorrencito.com\\\/cat\\\/el-mon-sense-manuela-by-mastorrencito\\\/#breadcrumb\",\"itemListElement\":[{\"@type\":\"ListItem\",\"position\":1,\"name\":\"Portada\",\"item\":\"https:\\\/\\\/mastorrencito.com\\\/\"},{\"@type\":\"ListItem\",\"position\":2,\"name\":\"El m\u00f3n sense Manuela by MasTorrencito\"}]},{\"@type\":\"WebSite\",\"@id\":\"https:\\\/\\\/mastorrencito.com\\\/#website\",\"url\":\"https:\\\/\\\/mastorrencito.com\\\/\",\"name\":\"Mas Torrencito CAT\",\"description\":\"Casa rural pet friendly en Girona\",\"publisher\":{\"@id\":\"https:\\\/\\\/mastorrencito.com\\\/#organization\"},\"potentialAction\":[{\"@type\":\"SearchAction\",\"target\":{\"@type\":\"EntryPoint\",\"urlTemplate\":\"https:\\\/\\\/mastorrencito.com\\\/?s={search_term_string}\"},\"query-input\":{\"@type\":\"PropertyValueSpecification\",\"valueRequired\":true,\"valueName\":\"search_term_string\"}}],\"inLanguage\":\"es\"},{\"@type\":\"Organization\",\"@id\":\"https:\\\/\\\/mastorrencito.com\\\/#organization\",\"name\":\"Mas Torrencito CAT\",\"url\":\"https:\\\/\\\/mastorrencito.com\\\/\",\"logo\":{\"@type\":\"ImageObject\",\"inLanguage\":\"es\",\"@id\":\"https:\\\/\\\/mastorrencito.com\\\/#\\\/schema\\\/logo\\\/image\\\/\",\"url\":\"https:\\\/\\\/mastorrencito.com\\\/cat\\\/wp-content\\\/uploads\\\/sites\\\/3\\\/Logo-Mastorrencito-horizontal.webp\",\"contentUrl\":\"https:\\\/\\\/mastorrencito.com\\\/cat\\\/wp-content\\\/uploads\\\/sites\\\/3\\\/Logo-Mastorrencito-horizontal.webp\",\"width\":161,\"height\":54,\"caption\":\"Mas Torrencito CAT\"},\"image\":{\"@id\":\"https:\\\/\\\/mastorrencito.com\\\/#\\\/schema\\\/logo\\\/image\\\/\"}},{\"@type\":\"Person\",\"@id\":\"https:\\\/\\\/mastorrencito.com\\\/#\\\/schema\\\/person\\\/18c619be80d4ae2667c702911625f790\",\"name\":\"Mastorrencito\",\"image\":{\"@type\":\"ImageObject\",\"inLanguage\":\"es\",\"@id\":\"https:\\\/\\\/secure.gravatar.com\\\/avatar\\\/3ef55e0519f987a734c21caee1423b51df7b760b7d81a38ecd31cab0a5115f6d?s=96&d=mm&r=g\",\"url\":\"https:\\\/\\\/secure.gravatar.com\\\/avatar\\\/3ef55e0519f987a734c21caee1423b51df7b760b7d81a38ecd31cab0a5115f6d?s=96&d=mm&r=g\",\"contentUrl\":\"https:\\\/\\\/secure.gravatar.com\\\/avatar\\\/3ef55e0519f987a734c21caee1423b51df7b760b7d81a38ecd31cab0a5115f6d?s=96&d=mm&r=g\",\"caption\":\"Mastorrencito\"},\"url\":\"https:\\\/\\\/mastorrencito.com\\\/cat\\\/author\\\/mastorrencito\\\/\"}]}<\/script>\n<!-- \/ Yoast SEO Premium plugin. -->","yoast_head_json":{"title":"El m\u00f3n sense Manuela by MasTorrencito - Mas Torrencito CAT","description":"I \u00e9s que omplen la teva vida molt m\u00e9s del que pots arribar a imaginar... o no? tu que opines??? El m\u00f3n sense Manuela by MasTorrencito","robots":{"index":"index","follow":"follow","max-snippet":"max-snippet:-1","max-image-preview":"max-image-preview:large","max-video-preview":"max-video-preview:-1"},"canonical":"https:\/\/mastorrencito.com\/cat\/el-mon-sense-manuela-by-mastorrencito\/","og_locale":"es_ES","og_type":"article","og_title":"El m\u00f3n sense Manuela by MasTorrencito","og_description":"I \u00e9s que omplen la teva vida molt m\u00e9s del que pots arribar a imaginar... o no? tu que opines??? El m\u00f3n sense Manuela by MasTorrencito","og_url":"https:\/\/mastorrencito.com\/cat\/el-mon-sense-manuela-by-mastorrencito\/","og_site_name":"Mas Torrencito CAT","article_published_time":"2025-01-24T05:52:02+00:00","og_image":[{"width":2048,"height":1535,"url":"https:\/\/mastorrencito.com\/cat\/wp-content\/uploads\/sites\/3\/Imatge-de-WhatsApp-2024-12-08-a-les-06.11.40_08bb25d4.jpg","type":"image\/jpeg"}],"author":"Mastorrencito","twitter_card":"summary_large_image","twitter_misc":{"Escrito por":"Mastorrencito","Tiempo de lectura":"4 minutos"},"schema":{"@context":"https:\/\/schema.org","@graph":[{"@type":"Article","@id":"https:\/\/mastorrencito.com\/cat\/el-mon-sense-manuela-by-mastorrencito\/#article","isPartOf":{"@id":"https:\/\/mastorrencito.com\/cat\/el-mon-sense-manuela-by-mastorrencito\/"},"author":{"name":"Mastorrencito","@id":"https:\/\/mastorrencito.com\/#\/schema\/person\/18c619be80d4ae2667c702911625f790"},"headline":"El m\u00f3n sense Manuela by MasTorrencito","datePublished":"2025-01-24T05:52:02+00:00","mainEntityOfPage":{"@id":"https:\/\/mastorrencito.com\/cat\/el-mon-sense-manuela-by-mastorrencito\/"},"wordCount":858,"commentCount":1,"publisher":{"@id":"https:\/\/mastorrencito.com\/#organization"},"image":{"@id":"https:\/\/mastorrencito.com\/cat\/el-mon-sense-manuela-by-mastorrencito\/#primaryimage"},"thumbnailUrl":"https:\/\/mastorrencito.com\/cat\/wp-content\/uploads\/sites\/3\/Imatge-de-WhatsApp-2024-12-08-a-les-06.11.40_08bb25d4.jpg","articleSection":["Hist\u00f2ries Mastorrencito"],"inLanguage":"es","potentialAction":[{"@type":"CommentAction","name":"Comment","target":["https:\/\/mastorrencito.com\/cat\/el-mon-sense-manuela-by-mastorrencito\/#respond"]}]},{"@type":"WebPage","@id":"https:\/\/mastorrencito.com\/cat\/el-mon-sense-manuela-by-mastorrencito\/","url":"https:\/\/mastorrencito.com\/cat\/el-mon-sense-manuela-by-mastorrencito\/","name":"El m\u00f3n sense Manuela by MasTorrencito - Mas Torrencito CAT","isPartOf":{"@id":"https:\/\/mastorrencito.com\/#website"},"primaryImageOfPage":{"@id":"https:\/\/mastorrencito.com\/cat\/el-mon-sense-manuela-by-mastorrencito\/#primaryimage"},"image":{"@id":"https:\/\/mastorrencito.com\/cat\/el-mon-sense-manuela-by-mastorrencito\/#primaryimage"},"thumbnailUrl":"https:\/\/mastorrencito.com\/cat\/wp-content\/uploads\/sites\/3\/Imatge-de-WhatsApp-2024-12-08-a-les-06.11.40_08bb25d4.jpg","datePublished":"2025-01-24T05:52:02+00:00","description":"I \u00e9s que omplen la teva vida molt m\u00e9s del que pots arribar a imaginar... o no? tu que opines??? El m\u00f3n sense Manuela by MasTorrencito","breadcrumb":{"@id":"https:\/\/mastorrencito.com\/cat\/el-mon-sense-manuela-by-mastorrencito\/#breadcrumb"},"inLanguage":"es","potentialAction":[{"@type":"ReadAction","target":["https:\/\/mastorrencito.com\/cat\/el-mon-sense-manuela-by-mastorrencito\/"]}]},{"@type":"ImageObject","inLanguage":"es","@id":"https:\/\/mastorrencito.com\/cat\/el-mon-sense-manuela-by-mastorrencito\/#primaryimage","url":"https:\/\/mastorrencito.com\/cat\/wp-content\/uploads\/sites\/3\/Imatge-de-WhatsApp-2024-12-08-a-les-06.11.40_08bb25d4.jpg","contentUrl":"https:\/\/mastorrencito.com\/cat\/wp-content\/uploads\/sites\/3\/Imatge-de-WhatsApp-2024-12-08-a-les-06.11.40_08bb25d4.jpg","width":2048,"height":1535},{"@type":"BreadcrumbList","@id":"https:\/\/mastorrencito.com\/cat\/el-mon-sense-manuela-by-mastorrencito\/#breadcrumb","itemListElement":[{"@type":"ListItem","position":1,"name":"Portada","item":"https:\/\/mastorrencito.com\/"},{"@type":"ListItem","position":2,"name":"El m\u00f3n sense Manuela by MasTorrencito"}]},{"@type":"WebSite","@id":"https:\/\/mastorrencito.com\/#website","url":"https:\/\/mastorrencito.com\/","name":"Mas Torrencito CAT","description":"Casa rural pet friendly en Girona","publisher":{"@id":"https:\/\/mastorrencito.com\/#organization"},"potentialAction":[{"@type":"SearchAction","target":{"@type":"EntryPoint","urlTemplate":"https:\/\/mastorrencito.com\/?s={search_term_string}"},"query-input":{"@type":"PropertyValueSpecification","valueRequired":true,"valueName":"search_term_string"}}],"inLanguage":"es"},{"@type":"Organization","@id":"https:\/\/mastorrencito.com\/#organization","name":"Mas Torrencito CAT","url":"https:\/\/mastorrencito.com\/","logo":{"@type":"ImageObject","inLanguage":"es","@id":"https:\/\/mastorrencito.com\/#\/schema\/logo\/image\/","url":"https:\/\/mastorrencito.com\/cat\/wp-content\/uploads\/sites\/3\/Logo-Mastorrencito-horizontal.webp","contentUrl":"https:\/\/mastorrencito.com\/cat\/wp-content\/uploads\/sites\/3\/Logo-Mastorrencito-horizontal.webp","width":161,"height":54,"caption":"Mas Torrencito CAT"},"image":{"@id":"https:\/\/mastorrencito.com\/#\/schema\/logo\/image\/"}},{"@type":"Person","@id":"https:\/\/mastorrencito.com\/#\/schema\/person\/18c619be80d4ae2667c702911625f790","name":"Mastorrencito","image":{"@type":"ImageObject","inLanguage":"es","@id":"https:\/\/secure.gravatar.com\/avatar\/3ef55e0519f987a734c21caee1423b51df7b760b7d81a38ecd31cab0a5115f6d?s=96&d=mm&r=g","url":"https:\/\/secure.gravatar.com\/avatar\/3ef55e0519f987a734c21caee1423b51df7b760b7d81a38ecd31cab0a5115f6d?s=96&d=mm&r=g","contentUrl":"https:\/\/secure.gravatar.com\/avatar\/3ef55e0519f987a734c21caee1423b51df7b760b7d81a38ecd31cab0a5115f6d?s=96&d=mm&r=g","caption":"Mastorrencito"},"url":"https:\/\/mastorrencito.com\/cat\/author\/mastorrencito\/"}]}},"acf":[],"_links":{"self":[{"href":"https:\/\/mastorrencito.com\/cat\/wp-json\/wp\/v2\/posts\/3314","targetHints":{"allow":["GET"]}}],"collection":[{"href":"https:\/\/mastorrencito.com\/cat\/wp-json\/wp\/v2\/posts"}],"about":[{"href":"https:\/\/mastorrencito.com\/cat\/wp-json\/wp\/v2\/types\/post"}],"author":[{"embeddable":true,"href":"https:\/\/mastorrencito.com\/cat\/wp-json\/wp\/v2\/users\/2"}],"replies":[{"embeddable":true,"href":"https:\/\/mastorrencito.com\/cat\/wp-json\/wp\/v2\/comments?post=3314"}],"version-history":[{"count":0,"href":"https:\/\/mastorrencito.com\/cat\/wp-json\/wp\/v2\/posts\/3314\/revisions"}],"wp:featuredmedia":[{"embeddable":true,"href":"https:\/\/mastorrencito.com\/cat\/wp-json\/wp\/v2\/media\/2640"}],"wp:attachment":[{"href":"https:\/\/mastorrencito.com\/cat\/wp-json\/wp\/v2\/media?parent=3314"}],"wp:term":[{"taxonomy":"category","embeddable":true,"href":"https:\/\/mastorrencito.com\/cat\/wp-json\/wp\/v2\/categories?post=3314"},{"taxonomy":"post_tag","embeddable":true,"href":"https:\/\/mastorrencito.com\/cat\/wp-json\/wp\/v2\/tags?post=3314"}],"curies":[{"name":"wp","href":"https:\/\/api.w.org\/{rel}","templated":true}]}}