{"id":3307,"date":"2025-01-23T05:17:50","date_gmt":"2025-01-23T05:17:50","guid":{"rendered":"https:\/\/casaruralconperrosgirona.com\/una-separacio-amb-lladrucs-i-llagrimes-by-mastorrencito\/"},"modified":"2025-01-23T05:17:50","modified_gmt":"2025-01-23T05:17:50","slug":"una-separacio-amb-lladrucs-i-llagrimes-by-mastorrencito","status":"publish","type":"post","link":"https:\/\/mastorrencito.com\/cat\/una-separacio-amb-lladrucs-i-llagrimes-by-mastorrencito\/","title":{"rendered":"Una separaci\u00f3 amb lladrucs i ll\u00e0grimes by MasTorrencito"},"content":{"rendered":"\n<p>La llum del capvespre es filtrava per les finestres del sal\u00f3, banyant-ho tot amb un to daurat. separaci\u00f3 amb lladrucs i ll\u00e0grimes by MasTorrencito  <\/p>\n\n<p>Asseguts cara a cara, ells intercanviaven mirades que oscil\u00b7laven entre la tristesa, la culpa i la incertesa. No eren crits ni retrets all\u00f2 que omplien l&#8217;ambient, sin\u00f3 un pesat silenci que deia molt m\u00e9s. <\/p>\n\n<p>\u2014No podem seguir aix\u00ed, Diego. <\/p>\n\n<p>Diego, que mirava fixament el terra, va aixecar la vista cap a ella.<\/p>\n\n<p>\u2014Ho s\u00e9, Carla. No vull continuar discutint\u2026 per\u00f2, qu\u00e8 farem amb Rocky? \u2014va preguntar, assenyalant amb el cap el gos que ara vorejava la seva, com si intent\u00e9s entendre de qu\u00e8 parlaven.  <\/p>\n\n<p>Rocky havia estat l&#8217;\u00fanic testimoni de tot: les rialles al principi, els petits desacords que es van convertir en esquerdes, i finalment, la decisi\u00f3 de separar-se. Hi havia estat a cada moment, oferint consol amb la seva pres\u00e8ncia i els seus petits gestos: llepant una m\u00e0 tremolosa, recolzant el cap en una cama quan sentia l&#8217;ambient tens. <\/p>\n\n<p>La Carla va sospirar, acariciant la tassa de te que tenia entre les mans.<\/p>\n\n<p>\u2014Jo crec que m&#8217;hauria de quedar amb ell. \u2014El seu to era ferm, per\u00f2 va evitar mirar Diego directament\u2014.   <\/p>\n\n<p>Diego, que fins aquell moment havia mantingut la calma, va deixar escapar un riure sarc\u00e0stic.<\/p>\n\n<p>\u2014De deb\u00f2? Aix\u00f2 \u00e9s tot? \u201cSents que et necessita\u201d? I jo? No diu que jo vaig ser qui el va voler adoptar quan el vam veure per primera vegada? Qui va insistir a anar al refugi perqu\u00e8 me&#8217;n vaig enamorar a primera vista?     <\/p>\n<figure class=\"wp-block-post-featured-image\"><img fetchpriority=\"high\" decoding=\"async\" width=\"1024\" height=\"1024\" src=\"https:\/\/mastorrencito.com\/cat\/wp-content\/uploads\/sites\/3\/separacion.jpg\" class=\"attachment-post-thumbnail size-post-thumbnail wp-post-image\" alt=\"Una separaci\u00f3n con ladridos y l\u00e1grimas by MasTorrencito\" style=\"object-fit:cover;\" srcset=\"https:\/\/mastorrencito.com\/cat\/wp-content\/uploads\/sites\/3\/separacion.jpg 1024w, https:\/\/mastorrencito.com\/cat\/wp-content\/uploads\/sites\/3\/separacion-300x300.jpg 300w, https:\/\/mastorrencito.com\/cat\/wp-content\/uploads\/sites\/3\/separacion-150x150.jpg 150w, https:\/\/mastorrencito.com\/cat\/wp-content\/uploads\/sites\/3\/separacion-768x768.jpg 768w\" sizes=\"(max-width: 1024px) 100vw, 1024px\" \/><\/figure>\n<p>Carla va estr\u00e8nyer els llavis, recordant aquell dia. Era cert, Diego havia estat el que, amb una emoci\u00f3 infantil, havia assenyalat el petit cadell adormit en una cantonada del refugi. \u201cAquest \u00e9s el nostre\u201d, havia dit aleshores. Per\u00f2 tamb\u00e9 recordava les nits en qu\u00e8 ella es quedava desperta cuidant-lo quan estava malalt, o les vegades que Rocky corria cap a ella a la recerca de consol.   <\/p>\n\n<p>\u2014Diego, no estic dient que no ho vulguis. S\u00e9 com n&#8217;\u00e9s d&#8217;important per a tu. Per\u00f2\u2026 com ho farem? Estirar-lo com si fos una corda en un joc d&#8217;estira-i-arronsa?   <\/p>\n\n<p>Diego es va passar les mans pels cabells i es va aixecar, caminant de banda a banda de la sala.<\/p>\n\n<p>\u2014No estic dient que aix\u00f2 sigui el que vull. Nom\u00e9s\u2026 \u2014es va aturar i va mirar el gos, que ara s&#8217;havia assegut, observant-los amb una barreja de curiositat i preocupaci\u00f3\u2014. Nom\u00e9s no ho vull perdre.  <\/p>\n\n<p>La conversa es va allargar durant hores. Van parlar de totes les possibilitats: que un s&#8217;ho qued\u00e9s i l&#8217;altre visit\u00e9s, que compartissin cust\u00f2dia, fins i tot van suggerir breument deixar que alg\u00fa m\u00e9s ho adopt\u00e9s, per\u00f2 aquesta idea va ser descartada immediatament. Tots dos sabien que no podien imaginar les seves vides sense Rocky, encara que tamb\u00e9 sabien que la vida del gos no hauria d&#8217;estar marcada pel dolor de la separaci\u00f3.  <\/p>\n\n<p>Finalment, van acordar provar amb una cust\u00f2dia compartida. Una setmana amb la Carla, una altra amb el Diego. <\/p>\n\n<p>\u2014Ser\u00e0 complicat \u2014va dir la Carla, mentre Diego assentia amb una barreja de resignaci\u00f3 i esperan\u00e7a\u2014. Per\u00f2 si fem aix\u00f2 b\u00e9, Rocky no haur\u00e0 de patir. <\/p>\n\n<p>Diego es va inclinar per acariciar el gos i va xiuxiuejar:<\/p>\n\n<p>\u2014Espero que entenguis que no \u00e9s culpa teva, amic.<\/p>\n\n<hr class=\"wp-block-separator has-alpha-channel-opacity\" \/>\n\n<p>La primera setmana va ser dif\u00edcil per a tots dos. La Carla es va emportar Rocky a l&#8217;apartament on ara vivia sola.  <\/p>\n\n<p>\u2014T&#8217;entenc, petit. Tamb\u00e9 el trobo a faltar \u2014li va dir la Carla una nit, mentre l&#8217;abra\u00e7ava al sof\u00e0. <\/p>\n\n<p>Quan va arribar el torn de Diego, l?escenari va ser similar. Tot i que Rocky jugava i sortia al parc com sempre, a les nits es quedava mirant per la finestra, com si esper\u00e9s veure Carla apar\u00e8ixer de sobte. Diego tamb\u00e9 va sentir el pes de l&#8217;abs\u00e8ncia, no nom\u00e9s de Carla, sin\u00f3 de la fam\u00edlia que mai havien format.  <\/p>\n\n<hr class=\"wp-block-separator has-alpha-channel-opacity\" \/>\n\n<p>Un mes despr\u00e9s, van coincidir al parc. Carla estava asseguda en un banc, i Diego va apar\u00e8ixer de sobte amb Rocky trotant al seu costat. En veure la Carla, el gos va c\u00f3rrer cap a ella, saltant d&#8217;alegria.  <\/p>\n\n<p>\u2014Hola, Carla. No m&#8217;esperava veure&#8217;t aqu\u00ed. \u2014Diego va somriure t\u00edmidament.  <\/p>\n\n<p>\u2014Jo tampoc, per\u00f2 sembla que Rocky est\u00e0 feli\u00e7 de veure&#8217;ns junts \u2014va respondre la Carla, mentre acariciava el gos.<\/p>\n\n<p>Es van quedar en silenci un moment, observant com Rocky corria de banda a banda, la seva felicitat tan pura que semblava il\u00b7luminar el parc.<\/p>\n\n<p>\u2014\u00c9s curi\u00f3s, no? \u2014va dir Diego finalment\u2014. Com ell no ent\u00e9n res del que passa, per\u00f2 continua estimant-nos tots dos igual.  <\/p>\n\n<p>La Carla el va mirar i va assentir.<\/p>\n\n<p>\u2014S\u00ed. Potser\u2026 haur\u00edem d&#8217;aprendre&#8217;n alguna cosa. <\/p>\n\n<p>\u2014Aprendre qu\u00e8?<\/p>\n\n<p>\u2014Que l&#8217;amor no \u00e9s una cosa que es reparteix o es divideix. \u00c9s una cosa que simplement\u2026 existeix. \u2014La Carla va fer una pausa, pensant en tot el que havia passat\u2014. Crec que Rocky ens ensenya que, encara que ja no puguem estar junts, aix\u00f2 no vol dir que no puguem seguir cuidant una cosa que tots dos estimem.   <\/p>\n\n<p>Diego va assentir, amb un somriure malenconi\u00f3s.<\/p>\n\n<p>\u2014Suposo que tens ra\u00f3. Potser, en el fons, som m\u00e9s afortunats del que creiem. <\/p>\n\n<hr class=\"wp-block-separator has-alpha-channel-opacity\" \/>\n\n<h4 class=\"wp-block-heading\"><strong>Reflexi\u00f3 final<\/strong><\/h4>\n\n<p>Les separacions s\u00f3n, en ess\u00e8ncia, un dol. Un ad\u00e9u no nom\u00e9s a una relaci\u00f3, sin\u00f3 a un estil de vida, a somnis compartits, i, en aquest cas, a la idea d?una fam\u00edlia que inclo\u00efa Rocky. Per\u00f2 aquesta mena d&#8217;hist\u00f2ries tamb\u00e9 ens mostren la capacitat de l&#8217;\u00e9sser hum\u00e0 per adaptar-se, per deixar enrere els retrets i trobar solucions que prioritzin el benestar dels qui m\u00e9s depenen de nosaltres.  <\/p>\n\n<p>El fet que Rocky segu\u00eds feli\u00e7, sense importar els canvis, era una lli\u00e7\u00f3 en si mateixa. Els animals no jutgen, no guarden ranc\u00fanies, i no entenen divisions. Per a ells, l&#8217;amor \u00e9s constant, cosa que no es mesura ni es restringeix per les complicacions humanes.  <\/p>\n\n<p>Sovint, enmig de les nostres lluites i conflictes, oblidem all\u00f2 essencial: l&#8217;amor no es tracta de possessi\u00f3, sin\u00f3 de cura i comprom\u00eds. Potser, si pogu\u00e9ssim veure les coses des de la perspectiva d&#8217;un gos com Rocky, aprendrem a ser menys egoistes. i m\u00e9s generosos, no sols amb els altres, sin\u00f3 tamb\u00e9 amb nosaltres mateixos. <\/p>\n\n<p>A cada lladruc feli\u00e7 ia cada cua que belluga, hi ha un recordatori: de vegades, estimar significa deixar anar. Altres vegades significa aprendre a compartir. I, en totes les ocasions, vol dir sempre voler el millor per a qui m\u00e9s importa. \u2764\ufe0f \ud83d\udc3e   <\/p>\n\n<blockquote class=\"wp-block-quote is-layout-flow wp-block-quote-is-layout-flow\">\n<p>Des de MasTorrencito et desitgem un bon dia i que els teus gossos t&#8217;acompanyin!!<\/p>\n<\/blockquote>\n\n<p>\u2014\u2013<br \/> Si vols, pot veure els nostres <strong>bons per caps de setmana, bons jubilats<\/strong> , a un preu incre\u00efble..entra a <a href=\"https:\/\/www.mastorrencito.com\/\">www.mastorrencito.com<\/a> o si vols podeu llegir m\u00e9s hist\u00f2ria i an\u00e8cdotes que ens han passat a Mas Torrencito\u2026 Fes click <a href=\"https:\/\/mastorrencito.com\/es\/\">aqu\u00ed<\/a><\/p>\n","protected":false},"excerpt":{"rendered":"<p>La llum del capvespre es filtrava per les finestres del sal\u00f3, banyant-ho tot amb un to daurat. separaci\u00f3 amb lladrucs i ll\u00e0grimes by MasTorrencito Asseguts cara a cara, ells intercanviaven mirades que oscil\u00b7laven entre la tristesa, la culpa i la incertesa. No eren crits ni retrets all\u00f2 que omplien l&#8217;ambient, sin\u00f3 un pesat silenci que [&hellip;]<\/p>\n","protected":false},"author":2,"featured_media":3303,"comment_status":"open","ping_status":"closed","sticky":false,"template":"","format":"standard","meta":{"_acf_changed":false,"footnotes":""},"categories":[35],"tags":[],"class_list":["post-3307","post","type-post","status-publish","format-standard","has-post-thumbnail","hentry","category-histories-mastorrencito"],"yoast_head":"<!-- This site is optimized with the Yoast SEO Premium plugin v27.3 (Yoast SEO v27.5) - https:\/\/yoast.com\/product\/yoast-seo-premium-wordpress\/ -->\n<title>Una separaci\u00f3 amb lladrucs i ll\u00e0grimes by MasTorrencito - Mas Torrencito CAT<\/title>\n<meta name=\"description\" content=\"I \u00e9s que la vida \u00e9s aix\u00ed de dura... o ens la compliquen o ens la compliquem... Una separaci\u00f3 amb lladrucs i ll\u00e0grimes by MasTorrencito\" \/>\n<meta name=\"robots\" content=\"index, follow, max-snippet:-1, max-image-preview:large, max-video-preview:-1\" \/>\n<link rel=\"canonical\" href=\"https:\/\/mastorrencito.com\/cat\/una-separacio-amb-lladrucs-i-llagrimes-by-mastorrencito\/\" \/>\n<meta property=\"og:locale\" content=\"es_ES\" \/>\n<meta property=\"og:type\" content=\"article\" \/>\n<meta property=\"og:title\" content=\"Una separaci\u00f3 amb lladrucs i ll\u00e0grimes by MasTorrencito\" \/>\n<meta property=\"og:description\" content=\"I \u00e9s que la vida \u00e9s aix\u00ed de dura... o ens la compliquen o ens la compliquem... Una separaci\u00f3 amb lladrucs i ll\u00e0grimes by MasTorrencito\" \/>\n<meta property=\"og:url\" content=\"https:\/\/mastorrencito.com\/cat\/una-separacio-amb-lladrucs-i-llagrimes-by-mastorrencito\/\" \/>\n<meta property=\"og:site_name\" content=\"Mas Torrencito CAT\" \/>\n<meta property=\"article:published_time\" content=\"2025-01-23T05:17:50+00:00\" \/>\n<meta property=\"og:image\" content=\"https:\/\/mastorrencito.com\/cat\/wp-content\/uploads\/sites\/3\/separacion.jpg\" \/>\n\t<meta property=\"og:image:width\" content=\"1024\" \/>\n\t<meta property=\"og:image:height\" content=\"1024\" \/>\n\t<meta property=\"og:image:type\" content=\"image\/jpeg\" \/>\n<meta name=\"author\" content=\"Mastorrencito\" \/>\n<meta name=\"twitter:card\" content=\"summary_large_image\" \/>\n<meta name=\"twitter:label1\" content=\"Escrito por\" \/>\n\t<meta name=\"twitter:data1\" content=\"Mastorrencito\" \/>\n\t<meta name=\"twitter:label2\" content=\"Tiempo de lectura\" \/>\n\t<meta name=\"twitter:data2\" content=\"6 minutos\" \/>\n<script type=\"application\/ld+json\" class=\"yoast-schema-graph\">{\"@context\":\"https:\\\/\\\/schema.org\",\"@graph\":[{\"@type\":\"Article\",\"@id\":\"https:\\\/\\\/mastorrencito.com\\\/cat\\\/una-separacio-amb-lladrucs-i-llagrimes-by-mastorrencito\\\/#article\",\"isPartOf\":{\"@id\":\"https:\\\/\\\/mastorrencito.com\\\/cat\\\/una-separacio-amb-lladrucs-i-llagrimes-by-mastorrencito\\\/\"},\"author\":{\"name\":\"Mastorrencito\",\"@id\":\"https:\\\/\\\/mastorrencito.com\\\/#\\\/schema\\\/person\\\/18c619be80d4ae2667c702911625f790\"},\"headline\":\"Una separaci\u00f3 amb lladrucs i ll\u00e0grimes by MasTorrencito\",\"datePublished\":\"2025-01-23T05:17:50+00:00\",\"mainEntityOfPage\":{\"@id\":\"https:\\\/\\\/mastorrencito.com\\\/cat\\\/una-separacio-amb-lladrucs-i-llagrimes-by-mastorrencito\\\/\"},\"wordCount\":1205,\"commentCount\":0,\"publisher\":{\"@id\":\"https:\\\/\\\/mastorrencito.com\\\/#organization\"},\"image\":{\"@id\":\"https:\\\/\\\/mastorrencito.com\\\/cat\\\/una-separacio-amb-lladrucs-i-llagrimes-by-mastorrencito\\\/#primaryimage\"},\"thumbnailUrl\":\"https:\\\/\\\/mastorrencito.com\\\/cat\\\/wp-content\\\/uploads\\\/sites\\\/3\\\/separacion.jpg\",\"articleSection\":[\"Hist\u00f2ries Mastorrencito\"],\"inLanguage\":\"es\",\"potentialAction\":[{\"@type\":\"CommentAction\",\"name\":\"Comment\",\"target\":[\"https:\\\/\\\/mastorrencito.com\\\/cat\\\/una-separacio-amb-lladrucs-i-llagrimes-by-mastorrencito\\\/#respond\"]}]},{\"@type\":\"WebPage\",\"@id\":\"https:\\\/\\\/mastorrencito.com\\\/cat\\\/una-separacio-amb-lladrucs-i-llagrimes-by-mastorrencito\\\/\",\"url\":\"https:\\\/\\\/mastorrencito.com\\\/cat\\\/una-separacio-amb-lladrucs-i-llagrimes-by-mastorrencito\\\/\",\"name\":\"Una separaci\u00f3 amb lladrucs i ll\u00e0grimes by MasTorrencito - Mas Torrencito CAT\",\"isPartOf\":{\"@id\":\"https:\\\/\\\/mastorrencito.com\\\/#website\"},\"primaryImageOfPage\":{\"@id\":\"https:\\\/\\\/mastorrencito.com\\\/cat\\\/una-separacio-amb-lladrucs-i-llagrimes-by-mastorrencito\\\/#primaryimage\"},\"image\":{\"@id\":\"https:\\\/\\\/mastorrencito.com\\\/cat\\\/una-separacio-amb-lladrucs-i-llagrimes-by-mastorrencito\\\/#primaryimage\"},\"thumbnailUrl\":\"https:\\\/\\\/mastorrencito.com\\\/cat\\\/wp-content\\\/uploads\\\/sites\\\/3\\\/separacion.jpg\",\"datePublished\":\"2025-01-23T05:17:50+00:00\",\"description\":\"I \u00e9s que la vida \u00e9s aix\u00ed de dura... o ens la compliquen o ens la compliquem... Una separaci\u00f3 amb lladrucs i ll\u00e0grimes by MasTorrencito\",\"breadcrumb\":{\"@id\":\"https:\\\/\\\/mastorrencito.com\\\/cat\\\/una-separacio-amb-lladrucs-i-llagrimes-by-mastorrencito\\\/#breadcrumb\"},\"inLanguage\":\"es\",\"potentialAction\":[{\"@type\":\"ReadAction\",\"target\":[\"https:\\\/\\\/mastorrencito.com\\\/cat\\\/una-separacio-amb-lladrucs-i-llagrimes-by-mastorrencito\\\/\"]}]},{\"@type\":\"ImageObject\",\"inLanguage\":\"es\",\"@id\":\"https:\\\/\\\/mastorrencito.com\\\/cat\\\/una-separacio-amb-lladrucs-i-llagrimes-by-mastorrencito\\\/#primaryimage\",\"url\":\"https:\\\/\\\/mastorrencito.com\\\/cat\\\/wp-content\\\/uploads\\\/sites\\\/3\\\/separacion.jpg\",\"contentUrl\":\"https:\\\/\\\/mastorrencito.com\\\/cat\\\/wp-content\\\/uploads\\\/sites\\\/3\\\/separacion.jpg\",\"width\":1024,\"height\":1024,\"caption\":\"Una separaci\u00f3n con ladridos y l\u00e1grimas by MasTorrencito\"},{\"@type\":\"BreadcrumbList\",\"@id\":\"https:\\\/\\\/mastorrencito.com\\\/cat\\\/una-separacio-amb-lladrucs-i-llagrimes-by-mastorrencito\\\/#breadcrumb\",\"itemListElement\":[{\"@type\":\"ListItem\",\"position\":1,\"name\":\"Portada\",\"item\":\"https:\\\/\\\/mastorrencito.com\\\/\"},{\"@type\":\"ListItem\",\"position\":2,\"name\":\"Una separaci\u00f3 amb lladrucs i ll\u00e0grimes by MasTorrencito\"}]},{\"@type\":\"WebSite\",\"@id\":\"https:\\\/\\\/mastorrencito.com\\\/#website\",\"url\":\"https:\\\/\\\/mastorrencito.com\\\/\",\"name\":\"Mas Torrencito CAT\",\"description\":\"Casa rural pet friendly en Girona\",\"publisher\":{\"@id\":\"https:\\\/\\\/mastorrencito.com\\\/#organization\"},\"potentialAction\":[{\"@type\":\"SearchAction\",\"target\":{\"@type\":\"EntryPoint\",\"urlTemplate\":\"https:\\\/\\\/mastorrencito.com\\\/?s={search_term_string}\"},\"query-input\":{\"@type\":\"PropertyValueSpecification\",\"valueRequired\":true,\"valueName\":\"search_term_string\"}}],\"inLanguage\":\"es\"},{\"@type\":\"Organization\",\"@id\":\"https:\\\/\\\/mastorrencito.com\\\/#organization\",\"name\":\"Mas Torrencito CAT\",\"url\":\"https:\\\/\\\/mastorrencito.com\\\/\",\"logo\":{\"@type\":\"ImageObject\",\"inLanguage\":\"es\",\"@id\":\"https:\\\/\\\/mastorrencito.com\\\/#\\\/schema\\\/logo\\\/image\\\/\",\"url\":\"https:\\\/\\\/mastorrencito.com\\\/cat\\\/wp-content\\\/uploads\\\/sites\\\/3\\\/Logo-Mastorrencito-horizontal.webp\",\"contentUrl\":\"https:\\\/\\\/mastorrencito.com\\\/cat\\\/wp-content\\\/uploads\\\/sites\\\/3\\\/Logo-Mastorrencito-horizontal.webp\",\"width\":161,\"height\":54,\"caption\":\"Mas Torrencito CAT\"},\"image\":{\"@id\":\"https:\\\/\\\/mastorrencito.com\\\/#\\\/schema\\\/logo\\\/image\\\/\"}},{\"@type\":\"Person\",\"@id\":\"https:\\\/\\\/mastorrencito.com\\\/#\\\/schema\\\/person\\\/18c619be80d4ae2667c702911625f790\",\"name\":\"Mastorrencito\",\"image\":{\"@type\":\"ImageObject\",\"inLanguage\":\"es\",\"@id\":\"https:\\\/\\\/secure.gravatar.com\\\/avatar\\\/3ef55e0519f987a734c21caee1423b51df7b760b7d81a38ecd31cab0a5115f6d?s=96&d=mm&r=g\",\"url\":\"https:\\\/\\\/secure.gravatar.com\\\/avatar\\\/3ef55e0519f987a734c21caee1423b51df7b760b7d81a38ecd31cab0a5115f6d?s=96&d=mm&r=g\",\"contentUrl\":\"https:\\\/\\\/secure.gravatar.com\\\/avatar\\\/3ef55e0519f987a734c21caee1423b51df7b760b7d81a38ecd31cab0a5115f6d?s=96&d=mm&r=g\",\"caption\":\"Mastorrencito\"},\"url\":\"https:\\\/\\\/mastorrencito.com\\\/cat\\\/author\\\/mastorrencito\\\/\"}]}<\/script>\n<!-- \/ Yoast SEO Premium plugin. -->","yoast_head_json":{"title":"Una separaci\u00f3 amb lladrucs i ll\u00e0grimes by MasTorrencito - Mas Torrencito CAT","description":"I \u00e9s que la vida \u00e9s aix\u00ed de dura... o ens la compliquen o ens la compliquem... Una separaci\u00f3 amb lladrucs i ll\u00e0grimes by MasTorrencito","robots":{"index":"index","follow":"follow","max-snippet":"max-snippet:-1","max-image-preview":"max-image-preview:large","max-video-preview":"max-video-preview:-1"},"canonical":"https:\/\/mastorrencito.com\/cat\/una-separacio-amb-lladrucs-i-llagrimes-by-mastorrencito\/","og_locale":"es_ES","og_type":"article","og_title":"Una separaci\u00f3 amb lladrucs i ll\u00e0grimes by MasTorrencito","og_description":"I \u00e9s que la vida \u00e9s aix\u00ed de dura... o ens la compliquen o ens la compliquem... Una separaci\u00f3 amb lladrucs i ll\u00e0grimes by MasTorrencito","og_url":"https:\/\/mastorrencito.com\/cat\/una-separacio-amb-lladrucs-i-llagrimes-by-mastorrencito\/","og_site_name":"Mas Torrencito CAT","article_published_time":"2025-01-23T05:17:50+00:00","og_image":[{"width":1024,"height":1024,"url":"https:\/\/mastorrencito.com\/cat\/wp-content\/uploads\/sites\/3\/separacion.jpg","type":"image\/jpeg"}],"author":"Mastorrencito","twitter_card":"summary_large_image","twitter_misc":{"Escrito por":"Mastorrencito","Tiempo de lectura":"6 minutos"},"schema":{"@context":"https:\/\/schema.org","@graph":[{"@type":"Article","@id":"https:\/\/mastorrencito.com\/cat\/una-separacio-amb-lladrucs-i-llagrimes-by-mastorrencito\/#article","isPartOf":{"@id":"https:\/\/mastorrencito.com\/cat\/una-separacio-amb-lladrucs-i-llagrimes-by-mastorrencito\/"},"author":{"name":"Mastorrencito","@id":"https:\/\/mastorrencito.com\/#\/schema\/person\/18c619be80d4ae2667c702911625f790"},"headline":"Una separaci\u00f3 amb lladrucs i ll\u00e0grimes by MasTorrencito","datePublished":"2025-01-23T05:17:50+00:00","mainEntityOfPage":{"@id":"https:\/\/mastorrencito.com\/cat\/una-separacio-amb-lladrucs-i-llagrimes-by-mastorrencito\/"},"wordCount":1205,"commentCount":0,"publisher":{"@id":"https:\/\/mastorrencito.com\/#organization"},"image":{"@id":"https:\/\/mastorrencito.com\/cat\/una-separacio-amb-lladrucs-i-llagrimes-by-mastorrencito\/#primaryimage"},"thumbnailUrl":"https:\/\/mastorrencito.com\/cat\/wp-content\/uploads\/sites\/3\/separacion.jpg","articleSection":["Hist\u00f2ries Mastorrencito"],"inLanguage":"es","potentialAction":[{"@type":"CommentAction","name":"Comment","target":["https:\/\/mastorrencito.com\/cat\/una-separacio-amb-lladrucs-i-llagrimes-by-mastorrencito\/#respond"]}]},{"@type":"WebPage","@id":"https:\/\/mastorrencito.com\/cat\/una-separacio-amb-lladrucs-i-llagrimes-by-mastorrencito\/","url":"https:\/\/mastorrencito.com\/cat\/una-separacio-amb-lladrucs-i-llagrimes-by-mastorrencito\/","name":"Una separaci\u00f3 amb lladrucs i ll\u00e0grimes by MasTorrencito - Mas Torrencito CAT","isPartOf":{"@id":"https:\/\/mastorrencito.com\/#website"},"primaryImageOfPage":{"@id":"https:\/\/mastorrencito.com\/cat\/una-separacio-amb-lladrucs-i-llagrimes-by-mastorrencito\/#primaryimage"},"image":{"@id":"https:\/\/mastorrencito.com\/cat\/una-separacio-amb-lladrucs-i-llagrimes-by-mastorrencito\/#primaryimage"},"thumbnailUrl":"https:\/\/mastorrencito.com\/cat\/wp-content\/uploads\/sites\/3\/separacion.jpg","datePublished":"2025-01-23T05:17:50+00:00","description":"I \u00e9s que la vida \u00e9s aix\u00ed de dura... o ens la compliquen o ens la compliquem... Una separaci\u00f3 amb lladrucs i ll\u00e0grimes by MasTorrencito","breadcrumb":{"@id":"https:\/\/mastorrencito.com\/cat\/una-separacio-amb-lladrucs-i-llagrimes-by-mastorrencito\/#breadcrumb"},"inLanguage":"es","potentialAction":[{"@type":"ReadAction","target":["https:\/\/mastorrencito.com\/cat\/una-separacio-amb-lladrucs-i-llagrimes-by-mastorrencito\/"]}]},{"@type":"ImageObject","inLanguage":"es","@id":"https:\/\/mastorrencito.com\/cat\/una-separacio-amb-lladrucs-i-llagrimes-by-mastorrencito\/#primaryimage","url":"https:\/\/mastorrencito.com\/cat\/wp-content\/uploads\/sites\/3\/separacion.jpg","contentUrl":"https:\/\/mastorrencito.com\/cat\/wp-content\/uploads\/sites\/3\/separacion.jpg","width":1024,"height":1024,"caption":"Una separaci\u00f3n con ladridos y l\u00e1grimas by MasTorrencito"},{"@type":"BreadcrumbList","@id":"https:\/\/mastorrencito.com\/cat\/una-separacio-amb-lladrucs-i-llagrimes-by-mastorrencito\/#breadcrumb","itemListElement":[{"@type":"ListItem","position":1,"name":"Portada","item":"https:\/\/mastorrencito.com\/"},{"@type":"ListItem","position":2,"name":"Una separaci\u00f3 amb lladrucs i ll\u00e0grimes by MasTorrencito"}]},{"@type":"WebSite","@id":"https:\/\/mastorrencito.com\/#website","url":"https:\/\/mastorrencito.com\/","name":"Mas Torrencito CAT","description":"Casa rural pet friendly en Girona","publisher":{"@id":"https:\/\/mastorrencito.com\/#organization"},"potentialAction":[{"@type":"SearchAction","target":{"@type":"EntryPoint","urlTemplate":"https:\/\/mastorrencito.com\/?s={search_term_string}"},"query-input":{"@type":"PropertyValueSpecification","valueRequired":true,"valueName":"search_term_string"}}],"inLanguage":"es"},{"@type":"Organization","@id":"https:\/\/mastorrencito.com\/#organization","name":"Mas Torrencito CAT","url":"https:\/\/mastorrencito.com\/","logo":{"@type":"ImageObject","inLanguage":"es","@id":"https:\/\/mastorrencito.com\/#\/schema\/logo\/image\/","url":"https:\/\/mastorrencito.com\/cat\/wp-content\/uploads\/sites\/3\/Logo-Mastorrencito-horizontal.webp","contentUrl":"https:\/\/mastorrencito.com\/cat\/wp-content\/uploads\/sites\/3\/Logo-Mastorrencito-horizontal.webp","width":161,"height":54,"caption":"Mas Torrencito CAT"},"image":{"@id":"https:\/\/mastorrencito.com\/#\/schema\/logo\/image\/"}},{"@type":"Person","@id":"https:\/\/mastorrencito.com\/#\/schema\/person\/18c619be80d4ae2667c702911625f790","name":"Mastorrencito","image":{"@type":"ImageObject","inLanguage":"es","@id":"https:\/\/secure.gravatar.com\/avatar\/3ef55e0519f987a734c21caee1423b51df7b760b7d81a38ecd31cab0a5115f6d?s=96&d=mm&r=g","url":"https:\/\/secure.gravatar.com\/avatar\/3ef55e0519f987a734c21caee1423b51df7b760b7d81a38ecd31cab0a5115f6d?s=96&d=mm&r=g","contentUrl":"https:\/\/secure.gravatar.com\/avatar\/3ef55e0519f987a734c21caee1423b51df7b760b7d81a38ecd31cab0a5115f6d?s=96&d=mm&r=g","caption":"Mastorrencito"},"url":"https:\/\/mastorrencito.com\/cat\/author\/mastorrencito\/"}]}},"acf":[],"_links":{"self":[{"href":"https:\/\/mastorrencito.com\/cat\/wp-json\/wp\/v2\/posts\/3307","targetHints":{"allow":["GET"]}}],"collection":[{"href":"https:\/\/mastorrencito.com\/cat\/wp-json\/wp\/v2\/posts"}],"about":[{"href":"https:\/\/mastorrencito.com\/cat\/wp-json\/wp\/v2\/types\/post"}],"author":[{"embeddable":true,"href":"https:\/\/mastorrencito.com\/cat\/wp-json\/wp\/v2\/users\/2"}],"replies":[{"embeddable":true,"href":"https:\/\/mastorrencito.com\/cat\/wp-json\/wp\/v2\/comments?post=3307"}],"version-history":[{"count":0,"href":"https:\/\/mastorrencito.com\/cat\/wp-json\/wp\/v2\/posts\/3307\/revisions"}],"wp:featuredmedia":[{"embeddable":true,"href":"https:\/\/mastorrencito.com\/cat\/wp-json\/wp\/v2\/media\/3303"}],"wp:attachment":[{"href":"https:\/\/mastorrencito.com\/cat\/wp-json\/wp\/v2\/media?parent=3307"}],"wp:term":[{"taxonomy":"category","embeddable":true,"href":"https:\/\/mastorrencito.com\/cat\/wp-json\/wp\/v2\/categories?post=3307"},{"taxonomy":"post_tag","embeddable":true,"href":"https:\/\/mastorrencito.com\/cat\/wp-json\/wp\/v2\/tags?post=3307"}],"curies":[{"name":"wp","href":"https:\/\/api.w.org\/{rel}","templated":true}]}}