{"id":3292,"date":"2025-01-22T04:42:04","date_gmt":"2025-01-22T04:42:04","guid":{"rendered":"https:\/\/casaruralconperrosgirona.com\/el-dia-que-vaig-morir-by-mastorrencito\/"},"modified":"2025-01-22T04:42:04","modified_gmt":"2025-01-22T04:42:04","slug":"el-dia-que-vaig-morir-by-mastorrencito","status":"publish","type":"post","link":"https:\/\/mastorrencito.com\/cat\/el-dia-que-vaig-morir-by-mastorrencito\/","title":{"rendered":"El dia que vaig morir by MasTorrencito"},"content":{"rendered":"\n<p>No fa tant d&#8217;aix\u00f2, encara que encara m&#8217;estremeixo en recordar-ho. Tot va comen\u00e7ar com un dia qualsevol, un dels que prometen tranquil\u00b7litat. Manuela i jo sortim de MasTorrencito rumb al llacut, el nostre rac\u00f3 favorit. El dia que vaig morir by MasTorrencito   <\/p>\n\n<p>Ella, amb els seus 16 anys, seguia tenint aquesta vitalitat que nom\u00e9s els Golden Retriever semblen mantenir, mentre jo\u2026 b\u00e9, diguem que el meu motor ja estava una mica rovellat.<\/p>\n\n<p>\u2014Un altre passeig, eh? \u2014li vaig dir mentre intentava lligar-me les botes, ja amb la primera suor de la jornada.<br \/> Manuela em mirava des de la porta, amb la corretja a la boca i aquesta expressi\u00f3 de paci\u00e8ncia barrejada amb \u201cPer qu\u00e8 trigues tant?\u201d. Si pogu\u00e9s parlar, estic segur que hauria dit:<br \/> \u2014Anem ja o planeges fer-te vell assegut?  <\/p>\n<figure class=\"wp-block-post-featured-image\"><img fetchpriority=\"high\" decoding=\"async\" width=\"1200\" height=\"1200\" src=\"https:\/\/mastorrencito.com\/cat\/wp-content\/uploads\/sites\/3\/manuela_mastorrencito.jpg\" class=\"attachment-post-thumbnail size-post-thumbnail wp-post-image\" alt=\"El d\u00eda que mor\u00ed by MasTorrencito\" style=\"object-fit:cover;\" srcset=\"https:\/\/mastorrencito.com\/cat\/wp-content\/uploads\/sites\/3\/manuela_mastorrencito.jpg 1200w, https:\/\/mastorrencito.com\/cat\/wp-content\/uploads\/sites\/3\/manuela_mastorrencito-300x300.jpg 300w, https:\/\/mastorrencito.com\/cat\/wp-content\/uploads\/sites\/3\/manuela_mastorrencito-1024x1024.jpg 1024w, https:\/\/mastorrencito.com\/cat\/wp-content\/uploads\/sites\/3\/manuela_mastorrencito-150x150.jpg 150w, https:\/\/mastorrencito.com\/cat\/wp-content\/uploads\/sites\/3\/manuela_mastorrencito-768x768.jpg 768w\" sizes=\"(max-width: 1200px) 100vw, 1200px\" \/><\/figure>\n<p>Arranquem el passeig pel corriol que sortia del poble. L&#8217;aire feia olor de terra humida i roman\u00ed; un perfum que sempre em feia sentir a casa. El sol comen\u00e7ava a pujar, escalfant suaument el cam\u00ed. Manuela, com sempre, anava un pas endavant, olorant cada pedra, cada branca, com si tothom depengu\u00e9s de la seva meticulosa inspecci\u00f3.   <\/p>\n\n<p>\u2014Manuela! \u00c9s necessari analitzar cada matoll? <br \/>Ella es va girar un moment, em va mirar, i va seguir a la seva.<\/p>\n\n<p>El trajecte era el de sempre, per\u00f2 aquell dia hi havia alguna cosa estranya. Tot estava massa silenci\u00f3s. Els ocells, que solien acompanyar-nos amb el seu alegre enrenou, semblaven haver-se pres el dia lliure. Fins i tot el vent, que solia jugar entre els arbres, era absent. Jo sentia un lleu pes al pit, per\u00f2 ho vaig atribuir a la calor o al caf\u00e8 que havia pres amb massa pressa.    <\/p>\n\n<p>\u2014Uf\u2026 crec que estic fora de forma \u2014vaig murmurar, aturant-me un moment per recuperar l&#8217;al\u00e8.<br \/> Manuela, com si entengu\u00e9s, es va asseure al meu costat, per\u00f2 no sense llan\u00e7ar aquesta mirada que deia:<br \/> \u2014En forma? Si mai la vas tenir! <\/p>\n\n<p>Seguim caminant, tot i que el meu pas era cada cop m\u00e9s lent. El llacut ja no havia d&#8217;estar gaire lluny, per\u00f2 aquest pes al pit va comen\u00e7ar a intensificar-se. Vaig intentar ignorar-ho, concentrant-me en el so de les meves botes sobre el terra, per\u00f2 de sobte, una estrebada m\u00e9s forta em va obligar a aturar-me.  <\/p>\n\n<p>\u2014Manuela\u2026 espera\u2026 crec que alguna cosa no est\u00e0 b\u00e9.<br \/> Ella es va girar, decantant el cap, les seves orelles caient cap a un costat com si intent\u00e9s resoldre una endevinalla complicada. Es va acostar a mi i em va ensumar els pantalons. <br \/>\u2014Home, no m&#8217;espantis. Si et desplomes aqu\u00ed, qu\u00e8 faig jo? <\/p>\n\n<p>Vaig intentar riure&#8217;m del seu \u201ccomentari\u201d, per\u00f2 no va sortir m\u00e9s que un feble panteix. Vaig decidir asseure&#8217;m sota un arbre proper, amb l&#8217;esperan\u00e7a que el malestar pass\u00e9s. La Manuela es va estirar al meu costat, encara que no deixava d&#8217;observar-me. La seva respiraci\u00f3 pausada i tranquil\u00b7la era un contrast amb la meva, que semblava la d&#8217;una manxa mal calibrada.   <\/p>\n\n<p>I llavors va passar. Vaig sentir una estrebada, no nom\u00e9s al pit, sin\u00f3 a tot el cos. Com si alg\u00fa hagu\u00e9s apagat un interruptor. Com si quan est\u00e0s posant un cable de llum se t&#8217;ajunten tots dos i CHOOOFFFF&#8230; salten els ploms&#8230; En un obrir i tancar d&#8217;ulls, hi era jo, flotant fora de mi mateix, veient el meu propi cos tirat sota l&#8217;arbre.<\/p>\n\n<figure class=\"wp-block-image size-full\"><img decoding=\"async\" src=\"https:\/\/mastorrencito.com\/wp-content\/uploads\/2025\/01\/manuela_mastorrencito2.jpg\" alt=\"El dia que vaig morir by MasTorrencito\" class=\"wp-image-3272\" \/><figcaption class=\"wp-element-caption\">El dia que vaig morir by MasTorrencito<\/figcaption><\/figure>\n<p>\u2014Va! Per\u00f2 si m&#8217;he mort! \u2014vaig exclamar, encara que no s\u00e9 si va ser en veu alta o nom\u00e9s a la meva ment.  <\/p>\n\n<p>La Manuela va aixecar el cap i se&#8217;m va quedar mirant. I no, no mirava el meu cos, sin\u00f3 directament a mi, el \u201cjo\u201d flotant. <\/p>\n\n<p>\u2014Veus qu\u00e8 passa per no escoltar-me? Sempre et dic que no t&#8217;esforcis tant, per\u00f2 no, tu sempre amb els teus passejos \u00e8pics. <br \/>\u2014Manuela! Em pots escoltar? <br \/>\u2014\u00c9s clar que t&#8217;escolto, sempre t&#8217;escolto. Una altra cosa \u00e9s que em facis cas. <\/p>\n\n<p>No ho podia creure. La meva gossa no nom\u00e9s entenia cada paraula. sin\u00f3 que ara parl\u00e0vem! <br \/>\u2014\u00bf I ara qu\u00e8 faig? Estic mort! <br \/>\u2014Doncs home, et diria que et relaxis, per\u00f2 tampoc ens podem quedar aqu\u00ed. Qu\u00e8 pensar\u00e0 la gent si troben un home mort al mig del sender? <\/p>\n\n<p>\u2014Qu\u00e8 suggereixes? \u2014li vaig preguntar, desesperat.<br \/> Manuela es va aixecar, sacsejant-se una mica, i va assenyalar amb el cap cap al cam\u00ed.<br \/> \u2014Al llacut. Cal arribar-hi. Estic segura que una bona capbussada ho arregla tot. Sempre ho fa.    <br \/>\u2014Capuz\u00f3? Est\u00e0s boja? Estic flotant!  <br \/>\u2014I tens una idea millor? Vaja, mou-te. O flota, el que sigui que facis ara.  <\/p>\n\n<p>Resignat, la vaig seguir fins al llacut. El paisatge semblava diferent des de la meva perspectiva nova. Els colors eren m\u00e9s vius, els sons m\u00e9s n\u00edtids. Per\u00f2 la meva ment estava massa ocupada pensant com tornar al meu cos per gaudir-lo.   <\/p>\n\n<p>Quan vam arribar, la Manuela va c\u00f3rrer fins a la riba i va bordar, mirant l&#8217;aigua cristal\u00b7lina.<br \/>\u2014Vinga, fica&#8217;t. Aix\u00f2 no \u00e9s un spa, per\u00f2 per a tu n&#8217;hi haur\u00e0 prou. <br \/>\u2014I si no funciona?<br \/>\u2014Llavors almenys haur\u00e0s fet alguna cosa divertida per una vegada a la teva vida. Vaja, salta! <\/p>\n\n<p>Sense m\u00e9s opcions, vaig tancar els ulls (o el que fos que tenia ara) i em vaig llan\u00e7ar a l&#8217;aigua. Vaig sentir una sacsejada, com si l&#8217;univers sencer em don\u00e9s una bufetada, i de sobte, estava de tornada al meu cos, tirat a la riba i xopat fins als ossos. La Manuela em mirava, espolsant-se l&#8217;aigua com si no hagu\u00e9s passat res.  <\/p>\n\n<p>\u2014Ostres\u2026 s\u00f3c aqu\u00ed!<br \/>\u2014I on estar\u00e0s? All\u00e0? Ni morint-te ets normal.  <br \/>\u2014No et passis, Manuelita\u2026<\/p>\n\n<p>De sobte, de lluny, vaig veure que s&#8217;acostava un tractor. Seria algun dels meus ve\u00efns. Manuela va sortir disparada, corrent com si fos una cadella. No s\u00e9 com ho va fer, per\u00f2 va arribar fins al conductor, el va bordar i, no s\u00e9 si va ser sort o miracle, va aconseguir que m&#8217;ajud\u00e9s!   <\/p>\n\n<p>El seg\u00fcent que recordo \u00e9s despertar al CAP de B\u00e0scara, envoltat de cables i m\u00e0quines. I all\u00e0 estava ella, la meva Manuela, donant-me lleng\u00fcetes a la m\u00e0. <\/p>\n\n<p>\u2014Benvingut al m\u00f3n dels vius, Miquel \u2014em va dir la doctora.<br \/>\u2014Ostis! Que malament ho he passat! Qu\u00e8 ha passat?  <br \/>\u2014T&#8217;ha fet un infart. Aquesta rossa de quatre potes t&#8217;ha salvat la vida. No nom\u00e9s et va portar Fonsu, sin\u00f3 que no es va separar de tu ni un segon. L&#8217;hem deixat entrar perqu\u00e8, si no, mossegava.   <\/p>\n\n<p>Vaig mirar Manuela, amb ll\u00e0grimes als ulls, i li vaig acariciar el cap.<br \/>\u2014\u00c9s que la Manuela \u00e9s molta Manu\u2026 oi, la meva nena?<\/p>\n\n<p>I aix\u00ed va ser com la meva fidel companya em va salvar la vida. Si alguna cosa vaig aprendre aquell dia, \u00e9s que no hi ha res millor en aquesta vida que tenir alg\u00fa que t&#8217;estimi\u2026 ja sigui amb paraules, o amb lladrucs. <\/p>\n\n<hr class=\"wp-block-separator has-alpha-channel-opacity\" \/>\n\n<blockquote class=\"wp-block-quote is-layout-flow wp-block-quote-is-layout-flow\">\n<p>Des de MasTorrencito et desitgem un bon dia i que els teus gossos t&#8217;acompanyin!!<\/p>\n<\/blockquote>\n\n<p>\u2014\u2013<br \/> Si vols, pot veure els nostres <strong>bons per caps de setmana, bons jubilats<\/strong> , a un preu incre\u00efble..entra a <a href=\"https:\/\/www.mastorrencito.com\/\">www.mastorrencito.com<\/a> o si vols podeu llegir m\u00e9s hist\u00f2ria i an\u00e8cdotes que ens han passat a Mas Torrencito\u2026 Fes click <a href=\"https:\/\/mastorrencito.com\/\">aqu\u00ed<\/a><\/p>\n","protected":false},"excerpt":{"rendered":"<p>No fa tant d&#8217;aix\u00f2, encara que encara m&#8217;estremeixo en recordar-ho. Tot va comen\u00e7ar com un dia qualsevol, un dels que prometen tranquil\u00b7litat. Manuela i jo sortim de MasTorrencito rumb al llacut, el nostre rac\u00f3 favorit. El dia que vaig morir by MasTorrencito Ella, amb els seus 16 anys, seguia tenint aquesta vitalitat que nom\u00e9s els [&hellip;]<\/p>\n","protected":false},"author":2,"featured_media":3273,"comment_status":"open","ping_status":"closed","sticky":false,"template":"","format":"standard","meta":{"_acf_changed":false,"footnotes":""},"categories":[35],"tags":[],"class_list":["post-3292","post","type-post","status-publish","format-standard","has-post-thumbnail","hentry","category-histories-mastorrencito"],"yoast_head":"<!-- This site is optimized with the Yoast SEO Premium plugin v27.3 (Yoast SEO v27.5) - https:\/\/yoast.com\/product\/yoast-seo-premium-wordpress\/ -->\n<title>El dia que vaig morir by MasTorrencito - Mas Torrencito CAT<\/title>\n<meta name=\"description\" content=\"I \u00e9s que hi ha vegades que cal resetejar-se per entendre millor la vida. El dia que vaig morir by MasTorrencito Turisme Rural amb gossos\" \/>\n<meta name=\"robots\" content=\"index, follow, max-snippet:-1, max-image-preview:large, max-video-preview:-1\" \/>\n<link rel=\"canonical\" href=\"https:\/\/mastorrencito.com\/cat\/el-dia-que-vaig-morir-by-mastorrencito\/\" \/>\n<meta property=\"og:locale\" content=\"es_ES\" \/>\n<meta property=\"og:type\" content=\"article\" \/>\n<meta property=\"og:title\" content=\"El dia que vaig morir by MasTorrencito\" \/>\n<meta property=\"og:description\" content=\"I \u00e9s que hi ha vegades que cal resetejar-se per entendre millor la vida. El dia que vaig morir by MasTorrencito Turisme Rural amb gossos\" \/>\n<meta property=\"og:url\" content=\"https:\/\/mastorrencito.com\/cat\/el-dia-que-vaig-morir-by-mastorrencito\/\" \/>\n<meta property=\"og:site_name\" content=\"Mas Torrencito CAT\" \/>\n<meta property=\"article:published_time\" content=\"2025-01-22T04:42:04+00:00\" \/>\n<meta property=\"og:image\" content=\"https:\/\/mastorrencito.com\/cat\/wp-content\/uploads\/sites\/3\/manuela_mastorrencito.jpg\" \/>\n\t<meta property=\"og:image:width\" content=\"1200\" \/>\n\t<meta property=\"og:image:height\" content=\"1200\" \/>\n\t<meta property=\"og:image:type\" content=\"image\/jpeg\" \/>\n<meta name=\"author\" content=\"Mastorrencito\" \/>\n<meta name=\"twitter:card\" content=\"summary_large_image\" \/>\n<meta name=\"twitter:label1\" content=\"Escrito por\" \/>\n\t<meta name=\"twitter:data1\" content=\"Mastorrencito\" \/>\n\t<meta name=\"twitter:label2\" content=\"Tiempo de lectura\" \/>\n\t<meta name=\"twitter:data2\" content=\"6 minutos\" \/>\n<script type=\"application\/ld+json\" class=\"yoast-schema-graph\">{\"@context\":\"https:\\\/\\\/schema.org\",\"@graph\":[{\"@type\":\"Article\",\"@id\":\"https:\\\/\\\/mastorrencito.com\\\/cat\\\/el-dia-que-vaig-morir-by-mastorrencito\\\/#article\",\"isPartOf\":{\"@id\":\"https:\\\/\\\/mastorrencito.com\\\/cat\\\/el-dia-que-vaig-morir-by-mastorrencito\\\/\"},\"author\":{\"name\":\"Mastorrencito\",\"@id\":\"https:\\\/\\\/mastorrencito.com\\\/#\\\/schema\\\/person\\\/18c619be80d4ae2667c702911625f790\"},\"headline\":\"El dia que vaig morir by MasTorrencito\",\"datePublished\":\"2025-01-22T04:42:04+00:00\",\"mainEntityOfPage\":{\"@id\":\"https:\\\/\\\/mastorrencito.com\\\/cat\\\/el-dia-que-vaig-morir-by-mastorrencito\\\/\"},\"wordCount\":1267,\"commentCount\":0,\"publisher\":{\"@id\":\"https:\\\/\\\/mastorrencito.com\\\/#organization\"},\"image\":{\"@id\":\"https:\\\/\\\/mastorrencito.com\\\/cat\\\/el-dia-que-vaig-morir-by-mastorrencito\\\/#primaryimage\"},\"thumbnailUrl\":\"https:\\\/\\\/mastorrencito.com\\\/cat\\\/wp-content\\\/uploads\\\/sites\\\/3\\\/manuela_mastorrencito.jpg\",\"articleSection\":[\"Hist\u00f2ries Mastorrencito\"],\"inLanguage\":\"es\",\"potentialAction\":[{\"@type\":\"CommentAction\",\"name\":\"Comment\",\"target\":[\"https:\\\/\\\/mastorrencito.com\\\/cat\\\/el-dia-que-vaig-morir-by-mastorrencito\\\/#respond\"]}]},{\"@type\":\"WebPage\",\"@id\":\"https:\\\/\\\/mastorrencito.com\\\/cat\\\/el-dia-que-vaig-morir-by-mastorrencito\\\/\",\"url\":\"https:\\\/\\\/mastorrencito.com\\\/cat\\\/el-dia-que-vaig-morir-by-mastorrencito\\\/\",\"name\":\"El dia que vaig morir by MasTorrencito - Mas Torrencito CAT\",\"isPartOf\":{\"@id\":\"https:\\\/\\\/mastorrencito.com\\\/#website\"},\"primaryImageOfPage\":{\"@id\":\"https:\\\/\\\/mastorrencito.com\\\/cat\\\/el-dia-que-vaig-morir-by-mastorrencito\\\/#primaryimage\"},\"image\":{\"@id\":\"https:\\\/\\\/mastorrencito.com\\\/cat\\\/el-dia-que-vaig-morir-by-mastorrencito\\\/#primaryimage\"},\"thumbnailUrl\":\"https:\\\/\\\/mastorrencito.com\\\/cat\\\/wp-content\\\/uploads\\\/sites\\\/3\\\/manuela_mastorrencito.jpg\",\"datePublished\":\"2025-01-22T04:42:04+00:00\",\"description\":\"I \u00e9s que hi ha vegades que cal resetejar-se per entendre millor la vida. El dia que vaig morir by MasTorrencito Turisme Rural amb gossos\",\"breadcrumb\":{\"@id\":\"https:\\\/\\\/mastorrencito.com\\\/cat\\\/el-dia-que-vaig-morir-by-mastorrencito\\\/#breadcrumb\"},\"inLanguage\":\"es\",\"potentialAction\":[{\"@type\":\"ReadAction\",\"target\":[\"https:\\\/\\\/mastorrencito.com\\\/cat\\\/el-dia-que-vaig-morir-by-mastorrencito\\\/\"]}]},{\"@type\":\"ImageObject\",\"inLanguage\":\"es\",\"@id\":\"https:\\\/\\\/mastorrencito.com\\\/cat\\\/el-dia-que-vaig-morir-by-mastorrencito\\\/#primaryimage\",\"url\":\"https:\\\/\\\/mastorrencito.com\\\/cat\\\/wp-content\\\/uploads\\\/sites\\\/3\\\/manuela_mastorrencito.jpg\",\"contentUrl\":\"https:\\\/\\\/mastorrencito.com\\\/cat\\\/wp-content\\\/uploads\\\/sites\\\/3\\\/manuela_mastorrencito.jpg\",\"width\":1200,\"height\":1200,\"caption\":\"El d\u00eda que mor\u00ed by MasTorrencito\"},{\"@type\":\"BreadcrumbList\",\"@id\":\"https:\\\/\\\/mastorrencito.com\\\/cat\\\/el-dia-que-vaig-morir-by-mastorrencito\\\/#breadcrumb\",\"itemListElement\":[{\"@type\":\"ListItem\",\"position\":1,\"name\":\"Portada\",\"item\":\"https:\\\/\\\/mastorrencito.com\\\/\"},{\"@type\":\"ListItem\",\"position\":2,\"name\":\"El dia que vaig morir by MasTorrencito\"}]},{\"@type\":\"WebSite\",\"@id\":\"https:\\\/\\\/mastorrencito.com\\\/#website\",\"url\":\"https:\\\/\\\/mastorrencito.com\\\/\",\"name\":\"Mas Torrencito CAT\",\"description\":\"Casa rural pet friendly en Girona\",\"publisher\":{\"@id\":\"https:\\\/\\\/mastorrencito.com\\\/#organization\"},\"potentialAction\":[{\"@type\":\"SearchAction\",\"target\":{\"@type\":\"EntryPoint\",\"urlTemplate\":\"https:\\\/\\\/mastorrencito.com\\\/?s={search_term_string}\"},\"query-input\":{\"@type\":\"PropertyValueSpecification\",\"valueRequired\":true,\"valueName\":\"search_term_string\"}}],\"inLanguage\":\"es\"},{\"@type\":\"Organization\",\"@id\":\"https:\\\/\\\/mastorrencito.com\\\/#organization\",\"name\":\"Mas Torrencito CAT\",\"url\":\"https:\\\/\\\/mastorrencito.com\\\/\",\"logo\":{\"@type\":\"ImageObject\",\"inLanguage\":\"es\",\"@id\":\"https:\\\/\\\/mastorrencito.com\\\/#\\\/schema\\\/logo\\\/image\\\/\",\"url\":\"https:\\\/\\\/mastorrencito.com\\\/cat\\\/wp-content\\\/uploads\\\/sites\\\/3\\\/Logo-Mastorrencito-horizontal.webp\",\"contentUrl\":\"https:\\\/\\\/mastorrencito.com\\\/cat\\\/wp-content\\\/uploads\\\/sites\\\/3\\\/Logo-Mastorrencito-horizontal.webp\",\"width\":161,\"height\":54,\"caption\":\"Mas Torrencito CAT\"},\"image\":{\"@id\":\"https:\\\/\\\/mastorrencito.com\\\/#\\\/schema\\\/logo\\\/image\\\/\"}},{\"@type\":\"Person\",\"@id\":\"https:\\\/\\\/mastorrencito.com\\\/#\\\/schema\\\/person\\\/18c619be80d4ae2667c702911625f790\",\"name\":\"Mastorrencito\",\"image\":{\"@type\":\"ImageObject\",\"inLanguage\":\"es\",\"@id\":\"https:\\\/\\\/secure.gravatar.com\\\/avatar\\\/3ef55e0519f987a734c21caee1423b51df7b760b7d81a38ecd31cab0a5115f6d?s=96&d=mm&r=g\",\"url\":\"https:\\\/\\\/secure.gravatar.com\\\/avatar\\\/3ef55e0519f987a734c21caee1423b51df7b760b7d81a38ecd31cab0a5115f6d?s=96&d=mm&r=g\",\"contentUrl\":\"https:\\\/\\\/secure.gravatar.com\\\/avatar\\\/3ef55e0519f987a734c21caee1423b51df7b760b7d81a38ecd31cab0a5115f6d?s=96&d=mm&r=g\",\"caption\":\"Mastorrencito\"},\"url\":\"https:\\\/\\\/mastorrencito.com\\\/cat\\\/author\\\/mastorrencito\\\/\"}]}<\/script>\n<!-- \/ Yoast SEO Premium plugin. -->","yoast_head_json":{"title":"El dia que vaig morir by MasTorrencito - Mas Torrencito CAT","description":"I \u00e9s que hi ha vegades que cal resetejar-se per entendre millor la vida. El dia que vaig morir by MasTorrencito Turisme Rural amb gossos","robots":{"index":"index","follow":"follow","max-snippet":"max-snippet:-1","max-image-preview":"max-image-preview:large","max-video-preview":"max-video-preview:-1"},"canonical":"https:\/\/mastorrencito.com\/cat\/el-dia-que-vaig-morir-by-mastorrencito\/","og_locale":"es_ES","og_type":"article","og_title":"El dia que vaig morir by MasTorrencito","og_description":"I \u00e9s que hi ha vegades que cal resetejar-se per entendre millor la vida. El dia que vaig morir by MasTorrencito Turisme Rural amb gossos","og_url":"https:\/\/mastorrencito.com\/cat\/el-dia-que-vaig-morir-by-mastorrencito\/","og_site_name":"Mas Torrencito CAT","article_published_time":"2025-01-22T04:42:04+00:00","og_image":[{"width":1200,"height":1200,"url":"https:\/\/mastorrencito.com\/cat\/wp-content\/uploads\/sites\/3\/manuela_mastorrencito.jpg","type":"image\/jpeg"}],"author":"Mastorrencito","twitter_card":"summary_large_image","twitter_misc":{"Escrito por":"Mastorrencito","Tiempo de lectura":"6 minutos"},"schema":{"@context":"https:\/\/schema.org","@graph":[{"@type":"Article","@id":"https:\/\/mastorrencito.com\/cat\/el-dia-que-vaig-morir-by-mastorrencito\/#article","isPartOf":{"@id":"https:\/\/mastorrencito.com\/cat\/el-dia-que-vaig-morir-by-mastorrencito\/"},"author":{"name":"Mastorrencito","@id":"https:\/\/mastorrencito.com\/#\/schema\/person\/18c619be80d4ae2667c702911625f790"},"headline":"El dia que vaig morir by MasTorrencito","datePublished":"2025-01-22T04:42:04+00:00","mainEntityOfPage":{"@id":"https:\/\/mastorrencito.com\/cat\/el-dia-que-vaig-morir-by-mastorrencito\/"},"wordCount":1267,"commentCount":0,"publisher":{"@id":"https:\/\/mastorrencito.com\/#organization"},"image":{"@id":"https:\/\/mastorrencito.com\/cat\/el-dia-que-vaig-morir-by-mastorrencito\/#primaryimage"},"thumbnailUrl":"https:\/\/mastorrencito.com\/cat\/wp-content\/uploads\/sites\/3\/manuela_mastorrencito.jpg","articleSection":["Hist\u00f2ries Mastorrencito"],"inLanguage":"es","potentialAction":[{"@type":"CommentAction","name":"Comment","target":["https:\/\/mastorrencito.com\/cat\/el-dia-que-vaig-morir-by-mastorrencito\/#respond"]}]},{"@type":"WebPage","@id":"https:\/\/mastorrencito.com\/cat\/el-dia-que-vaig-morir-by-mastorrencito\/","url":"https:\/\/mastorrencito.com\/cat\/el-dia-que-vaig-morir-by-mastorrencito\/","name":"El dia que vaig morir by MasTorrencito - Mas Torrencito CAT","isPartOf":{"@id":"https:\/\/mastorrencito.com\/#website"},"primaryImageOfPage":{"@id":"https:\/\/mastorrencito.com\/cat\/el-dia-que-vaig-morir-by-mastorrencito\/#primaryimage"},"image":{"@id":"https:\/\/mastorrencito.com\/cat\/el-dia-que-vaig-morir-by-mastorrencito\/#primaryimage"},"thumbnailUrl":"https:\/\/mastorrencito.com\/cat\/wp-content\/uploads\/sites\/3\/manuela_mastorrencito.jpg","datePublished":"2025-01-22T04:42:04+00:00","description":"I \u00e9s que hi ha vegades que cal resetejar-se per entendre millor la vida. El dia que vaig morir by MasTorrencito Turisme Rural amb gossos","breadcrumb":{"@id":"https:\/\/mastorrencito.com\/cat\/el-dia-que-vaig-morir-by-mastorrencito\/#breadcrumb"},"inLanguage":"es","potentialAction":[{"@type":"ReadAction","target":["https:\/\/mastorrencito.com\/cat\/el-dia-que-vaig-morir-by-mastorrencito\/"]}]},{"@type":"ImageObject","inLanguage":"es","@id":"https:\/\/mastorrencito.com\/cat\/el-dia-que-vaig-morir-by-mastorrencito\/#primaryimage","url":"https:\/\/mastorrencito.com\/cat\/wp-content\/uploads\/sites\/3\/manuela_mastorrencito.jpg","contentUrl":"https:\/\/mastorrencito.com\/cat\/wp-content\/uploads\/sites\/3\/manuela_mastorrencito.jpg","width":1200,"height":1200,"caption":"El d\u00eda que mor\u00ed by MasTorrencito"},{"@type":"BreadcrumbList","@id":"https:\/\/mastorrencito.com\/cat\/el-dia-que-vaig-morir-by-mastorrencito\/#breadcrumb","itemListElement":[{"@type":"ListItem","position":1,"name":"Portada","item":"https:\/\/mastorrencito.com\/"},{"@type":"ListItem","position":2,"name":"El dia que vaig morir by MasTorrencito"}]},{"@type":"WebSite","@id":"https:\/\/mastorrencito.com\/#website","url":"https:\/\/mastorrencito.com\/","name":"Mas Torrencito CAT","description":"Casa rural pet friendly en Girona","publisher":{"@id":"https:\/\/mastorrencito.com\/#organization"},"potentialAction":[{"@type":"SearchAction","target":{"@type":"EntryPoint","urlTemplate":"https:\/\/mastorrencito.com\/?s={search_term_string}"},"query-input":{"@type":"PropertyValueSpecification","valueRequired":true,"valueName":"search_term_string"}}],"inLanguage":"es"},{"@type":"Organization","@id":"https:\/\/mastorrencito.com\/#organization","name":"Mas Torrencito CAT","url":"https:\/\/mastorrencito.com\/","logo":{"@type":"ImageObject","inLanguage":"es","@id":"https:\/\/mastorrencito.com\/#\/schema\/logo\/image\/","url":"https:\/\/mastorrencito.com\/cat\/wp-content\/uploads\/sites\/3\/Logo-Mastorrencito-horizontal.webp","contentUrl":"https:\/\/mastorrencito.com\/cat\/wp-content\/uploads\/sites\/3\/Logo-Mastorrencito-horizontal.webp","width":161,"height":54,"caption":"Mas Torrencito CAT"},"image":{"@id":"https:\/\/mastorrencito.com\/#\/schema\/logo\/image\/"}},{"@type":"Person","@id":"https:\/\/mastorrencito.com\/#\/schema\/person\/18c619be80d4ae2667c702911625f790","name":"Mastorrencito","image":{"@type":"ImageObject","inLanguage":"es","@id":"https:\/\/secure.gravatar.com\/avatar\/3ef55e0519f987a734c21caee1423b51df7b760b7d81a38ecd31cab0a5115f6d?s=96&d=mm&r=g","url":"https:\/\/secure.gravatar.com\/avatar\/3ef55e0519f987a734c21caee1423b51df7b760b7d81a38ecd31cab0a5115f6d?s=96&d=mm&r=g","contentUrl":"https:\/\/secure.gravatar.com\/avatar\/3ef55e0519f987a734c21caee1423b51df7b760b7d81a38ecd31cab0a5115f6d?s=96&d=mm&r=g","caption":"Mastorrencito"},"url":"https:\/\/mastorrencito.com\/cat\/author\/mastorrencito\/"}]}},"acf":[],"_links":{"self":[{"href":"https:\/\/mastorrencito.com\/cat\/wp-json\/wp\/v2\/posts\/3292","targetHints":{"allow":["GET"]}}],"collection":[{"href":"https:\/\/mastorrencito.com\/cat\/wp-json\/wp\/v2\/posts"}],"about":[{"href":"https:\/\/mastorrencito.com\/cat\/wp-json\/wp\/v2\/types\/post"}],"author":[{"embeddable":true,"href":"https:\/\/mastorrencito.com\/cat\/wp-json\/wp\/v2\/users\/2"}],"replies":[{"embeddable":true,"href":"https:\/\/mastorrencito.com\/cat\/wp-json\/wp\/v2\/comments?post=3292"}],"version-history":[{"count":0,"href":"https:\/\/mastorrencito.com\/cat\/wp-json\/wp\/v2\/posts\/3292\/revisions"}],"wp:featuredmedia":[{"embeddable":true,"href":"https:\/\/mastorrencito.com\/cat\/wp-json\/wp\/v2\/media\/3273"}],"wp:attachment":[{"href":"https:\/\/mastorrencito.com\/cat\/wp-json\/wp\/v2\/media?parent=3292"}],"wp:term":[{"taxonomy":"category","embeddable":true,"href":"https:\/\/mastorrencito.com\/cat\/wp-json\/wp\/v2\/categories?post=3292"},{"taxonomy":"post_tag","embeddable":true,"href":"https:\/\/mastorrencito.com\/cat\/wp-json\/wp\/v2\/tags?post=3292"}],"curies":[{"name":"wp","href":"https:\/\/api.w.org\/{rel}","templated":true}]}}