{"id":3266,"date":"2025-01-21T05:20:48","date_gmt":"2025-01-21T05:20:48","guid":{"rendered":"https:\/\/casaruralconperrosgirona.com\/%f0%9f%8e%ac-rodatge-epic-a-mastorrencito-kidman-banderes-i-els-gossets-mes-famosos-del-set-%f0%9f%90%be\/"},"modified":"2025-01-21T05:20:48","modified_gmt":"2025-01-21T05:20:48","slug":"%f0%9f%8e%ac-rodatge-epic-a-mastorrencito-kidman-banderes-i-els-gossets-mes-famosos-del-set-%f0%9f%90%be","status":"publish","type":"post","link":"https:\/\/mastorrencito.com\/cat\/%f0%9f%8e%ac-rodatge-epic-a-mastorrencito-kidman-banderes-i-els-gossets-mes-famosos-del-set-%f0%9f%90%be\/","title":{"rendered":"\ud83c\udfac Rodatge \u00c8pic a MasTorrencito! Kidman, Banderes i els Gossets m\u00e9s Famosos del Set \ud83d\udc3e"},"content":{"rendered":"\n<p>Ara que ha passat el remol\u00ed de llums, c\u00e0meres i acci\u00f3, per fi ho puc explicar\u2026 b\u00e9, gaireb\u00e9 tot. \ud83d\ude0f \ud83c\udfac Rodatge \u00c8pic a MasTorrencito! Kidman, Banderes i els Gossets m\u00e9s Famosos del Set \ud83d\udc3e  <\/p>\n\n<p>S\u00ed, aqu\u00ed van estar ni m\u00e9s ni menys que <strong>Nicole Kidman<\/strong> i <strong>Antonio Banderas<\/strong> , rodant un anunci que promet ser espectacular. I compte a la dada: <strong>van aprofitar el pas per la gala dels Premis Gaud\u00ed<\/strong> per reunir-los aqu\u00ed i gravar aquest projecte tan especial. Per\u00f2 aqu\u00ed ve el truc: <strong>no puc revelar per a quina marca \u00e9s l&#8217;anunci<\/strong> . \ud83d\ude4a Aix\u00f2 s\u00ed, m&#8217;han donat perm\u00eds per explicar-vos com va ser tot i, sobretot, parlar-vos dels veritables protagonistes del rodatge: <strong>Mastitwo, Masto, Maky i Mamas<\/strong> . \u00a1El que va passar amb ells \u00e9s digne d&#8217;una pel\u00b7l\u00edcula! \ud83c\udfa5 \ud83d\ude02     <\/p>\n\n<hr class=\"wp-block-separator has-alpha-channel-opacity\" \/>\n\n<h3 class=\"wp-block-heading\"><strong>Estrelles internacionals&#8230; i perrunes<\/strong> \ud83d\udc15 \u2728<\/h3>\n\n<p>La gala dels Premis Gaud\u00ed ja havia estat tot un esdeveniment de glamur i cinema, per\u00f2 el veritable espectacle va comen\u00e7ar despr\u00e9s, quan Nicole i Antonio, encara amb l&#8217;energia de la nit anterior, van arribar al set per al rodatge. Entre productors corrent, ajudants carregant focus, c\u00e0meres per tot arreu i mil detalls log\u00edstics, <strong>els nostres quatre gossos<\/strong> van decidir que era el seu moment per brillar. Imagina&#8217;t: mentre Nicole i Antonio repassaven guions, Mastitwo, Masto, Maky i Mamas es passejaven com si fossin els amos del set. I no n&#8217;hi ha per menys, perqu\u00e8 <strong>es van guanyar el cor de tot l&#8217;equip<\/strong> .   <\/p>\n\n<hr class=\"wp-block-separator has-alpha-channel-opacity\" \/>\n\n<h3 class=\"wp-block-heading\"><strong>Un inc\u00eds literari amb Antonio Banderas<\/strong> \u270d\ufe0f \ud83d\udcda<\/h3>\n\n<p>Enmig d&#8217;un dels descansos, mentre l&#8217;Antonio estava acariciant Masto (el seu nou millor amic, per si no havia quedat clar \ud83d\ude02 ), ens vam posar a xerrar una estona. No s\u00e9 gaire b\u00e9 com va sortir el tema, per\u00f2 vaig acabar explicant-li que als matins tinc una petita rutina: <strong>escriure hist\u00f2ries.<\/strong> De vegades s\u00f3n an\u00e8cdotes del dia a dia, altres coses m\u00e9s divertides o surrealistes. Antonio, amb aquesta simpatia natural que el caracteritza, es va mostrar curi\u00f3s i em va preguntar m\u00e9s.  <\/p>\n<figure class=\"wp-block-post-featured-image\"><img fetchpriority=\"high\" decoding=\"async\" width=\"2560\" height=\"1708\" src=\"https:\/\/mastorrencito.com\/cat\/wp-content\/uploads\/sites\/3\/51_TF_9674_W-scaled-1.jpg\" class=\"attachment-post-thumbnail size-post-thumbnail wp-post-image\" alt=\"MasTorrencito turismo rural petfriendly Girona\" style=\"object-fit:cover;\" srcset=\"https:\/\/mastorrencito.com\/cat\/wp-content\/uploads\/sites\/3\/51_TF_9674_W-scaled-1.jpg 2560w, https:\/\/mastorrencito.com\/cat\/wp-content\/uploads\/sites\/3\/51_TF_9674_W-scaled-1-300x200.jpg 300w, https:\/\/mastorrencito.com\/cat\/wp-content\/uploads\/sites\/3\/51_TF_9674_W-scaled-1-1024x683.jpg 1024w, https:\/\/mastorrencito.com\/cat\/wp-content\/uploads\/sites\/3\/51_TF_9674_W-scaled-1-768x512.jpg 768w, https:\/\/mastorrencito.com\/cat\/wp-content\/uploads\/sites\/3\/51_TF_9674_W-scaled-1-1536x1025.jpg 1536w, https:\/\/mastorrencito.com\/cat\/wp-content\/uploads\/sites\/3\/51_TF_9674_W-scaled-1-2048x1366.jpg 2048w\" sizes=\"(max-width: 2560px) 100vw, 2560px\" \/><\/figure>\n<p>Hores m\u00e9s tard, quan menys m&#8217;ho esperava, se&#8217;m va acostar entre presa i presa. \u00abDe veritat escrius totes aquestes hist\u00f2ries de qu\u00e8 parlaves? Perqu\u00e8 algunes que m&#8217;has explicat sonen molt bones i molt divertides\u00bb, em va dir amb un somriure. Em vaig quedar una mica amb xoc, per\u00f2 aqu\u00ed no va quedar la cosa. Despr\u00e9s va afegir: \u00abIgual et truco algun dia perqu\u00e8 treballem junts a desenvolupar una d&#8217;aquestes hist\u00f2ries. Tenen potencial!\u00bb \ud83d\ude31 .   <\/p>\n\n<p>Imagina la meva cara. Antonio Banderas, interessant-se en els meus escrits. No seria incre\u00efble?    <\/p>\n\n<hr class=\"wp-block-separator has-alpha-channel-opacity\" \/>\n\n<h3 class=\"wp-block-heading\"><strong>Nicole Kidman i Mastitwo: Un fletxat de pel\u00b7l\u00edcula<\/strong> \ud83c\udfac \ud83d\udc3e<\/h3>\n\n<p>Nicole, impecable com sempre, va quedar absolutament encantada amb Mastitwo. Tant, que fins i tot va fer broma d&#8217;emportar-se&#8217;l a casa. \u00abAquest gos t\u00e9 m\u00e9s pres\u00e8ncia que molts actors amb qui he treballat\u00bb, va dir entre rialles. Nicole no parava de mimar-ho entre presa i presa. Mastitwo, \u00e9s clar, gaudia de tota l&#8217;atenci\u00f3 com una aut\u00e8ntica diva. \ud83d\udc3e \ud83d\udc51     <\/p>\n\n<h4 class=\"wp-block-heading\"><strong>Maky, l&#8217;expert a marcar territori<\/strong> \ud83d\udc15 \ud83d\ude02<\/h4>\n\n<p>D&#8217;altra banda, Maky no va deixar passar l&#8217;oportunitat de mostrar el seu \u201ccar\u00e0cter\u201d. Va decidir que era el seu deure de marcar cada tr\u00edpode, cadira i caixa del set. \ud83e\udd26\u200d\u2640\ufe0f Malgrat les rialles i alguna sabata humit, els t\u00e8cnics no van poder resistir-se al seu encant.  <\/p>\n\n<h4 class=\"wp-block-heading\"><strong>Masto i Antonio: Amor a primera vista<\/strong> \ud83d\ude0d \ud83d\udc36<\/h4>\n\n<p>La relaci\u00f3 entre Masto i Antonio Banderas va ser digna d?un gui\u00f3 rom\u00e0ntic. Des del primer matx, Masto no va parar de llepar-li la cara, i Antonio no va parar de riure. \u00abAquest gos m&#8217;ent\u00e9n millor que molta gent\u00bb, va comentar amb el seu humor caracter\u00edstic. Al final, Antonio i Masto van compartir fins a habitaci\u00f3. Un bromance en tota regla! \ud83c\udfa5 \ud83d\ude02     <\/p>\n\n<h4 class=\"wp-block-heading\"><strong>Mamas, la intr\u00e8pida bugada a la suite de Nicole<\/strong> \ud83d\udc3e \ud83d\udc40<\/h4>\n\n<p>I despr\u00e9s hi ha Mamas, que va protagonitzar una de les an\u00e8cdotes m\u00e9s surrealistes del rodatge. Va aconseguir colar-se a la suite de Nicole Kidman juntament amb Mastitwo. Quan els van trobar, estaven tan c\u00f2modes que semblaven els amos del lloc. Nicole, lluny de molestar-se, els va rebre encantada: \u00abS\u00f3n els millors companys d&#8217;habitaci\u00f3 que he tingut en molt de temps\u00bb.   <\/p>\n\n<figure class=\"wp-block-image size-large\"><img decoding=\"async\" src=\"https:\/\/mastorrencito.com\/wp-content\/uploads\/2024\/12\/29_TF_9538_W-1024x683.jpg\" alt=\"MasTorretet turisme rural petfriendly Girona\" class=\"wp-image-2971\" \/><figcaption class=\"wp-element-caption\">MasTorretet turisme rural petfriendly Girona<\/figcaption><\/figure>\n<hr class=\"wp-block-separator has-alpha-channel-opacity\" \/>\n\n<h3 class=\"wp-block-heading\"><strong>El set, un parc de diversions per als peluts<\/strong> \ud83d\udc3e \ud83c\udf89<\/h3>\n\n<p>El rodatge va ser intens, per\u00f2 tamb\u00e9 hi va haver espai per a les rialles i el relax. A les nits, despr\u00e9s de gravar, ens reun\u00edem al chillout del set. All\u00e0, sota les estrelles, compartim cerveses, m\u00fasica i moltes an\u00e8cdotes. Els gossos jugaven sense parar, mentre Antonio i Nicole es relaxaven despr\u00e9s de les llargues jornades. Va ser un moment m\u00e0gic que mai no oblidarem. \ud83c\udf0c \ud83c\udf7a     <\/p>\n\n<hr class=\"wp-block-separator has-alpha-channel-opacity\" \/>\n\n<h3 class=\"wp-block-heading\"><strong>Un comiat inoblidable<\/strong> \ud83e\udd79 \ud83d\udc96<\/h3>\n\n<p>Quan va arribar el moment d&#8217;acomiadar-nos, m\u00e9s que dir ad\u00e9u a nosaltres, l&#8217;equip es va bolcar amb els gossos. Productors, t\u00e8cnics, ajudants\u2026 tots els van dedicar car\u00edcies, abra\u00e7ades i selfies. Es van convertir en les veritables estrelles del rodatge!  <\/p>\n\n<hr class=\"wp-block-separator has-alpha-channel-opacity\" \/>\n\n<h3 class=\"wp-block-heading\"><strong>Gr\u00e0cies, Produccions ZXY<\/strong> \ud83d\ude4c<\/h3>\n\n<p>No puc dir per a quina marca va ser l&#8217;anunci (misteri, <strong>misteri<\/strong> ! \ud83e\udd10 ), per\u00f2 el que s\u00ed que puc afirmar \u00e9s que va ser una experi\u00e8ncia \u00fanica, plena de moments inoblidables i amb uns protagonistes molt especials, tant humans com peluts. <strong>ZXY<\/strong> per haver aprofitat la gala dels Gaud\u00ed per fer-ne una realitat i per permetre&#8217;ns viure una cosa tan m\u00e0gica. <\/p>\n\n<p>Qui necessita Hollywood quan ho pots tenir tot aix\u00f2 a casa? \ud83d\ude09 I qui sap\u2026 igual en el futur, l&#8217;Antonio i jo acabem desenvolupant alguna hist\u00f2ria junts. \ud83d\udcdd \u2728  <\/p>\n\n<h3 class=\"wp-block-heading\"><strong>El final&#8230; i el despertar<\/strong><\/h3>\n\n<p>Despr\u00e9s de dies incre\u00efbles, rialles, cerveses al chillout i moments m\u00e0gics, tot semblava un somni.  <strong>I ho era.<\/strong><\/p>\n\n<p>De sobte, em vaig despertar. Estava al meu escriptori, amb la tassa de caf\u00e8 mig buida i l&#8217;agenda plena de recordatoris. All\u00e0 hi havia la realitat: <strong>trimestre d&#8217;Hisenda<\/strong> , pagaments pendents, i l&#8217;eterna llista de coses a fer. Els gossos seguien amb mi, per\u00f2 aquesta vegada no hi havia focus ni estrelles de Hollywood. Nom\u00e9s una muntanya de papers i factures esperant-me. \ud83d\ude29  <\/p>\n\n<p>El millor \u00e9s que, fins i tot els dies m\u00e9s rutinaris, somiar no costa res. I si un dia l&#8217;Antonio de deb\u00f2 em truca? \ud83e\udd14<\/p>\n\n<p>Mentrestant\u2026 a pels impostos. \ud83d\ude05<\/p>\n\n<blockquote class=\"wp-block-quote is-layout-flow wp-block-quote-is-layout-flow\">\n<p><br \/>Des de MasTorrencito et desitgem un bon dia i que els teus gossos t&#8217;acompanyin!!<\/p>\n<\/blockquote>\n\n<p>\u2014\u2013<br \/> Si vols, pot veure els nostres <strong>bons per caps de setmana, bons jubilats<\/strong> , a un preu incre\u00efble..entra a <a href=\"https:\/\/www.mastorrencito.com\/\">www.mastorrencito.com<\/a> o si vols podeu llegir m\u00e9s hist\u00f2ria i an\u00e8cdotes que ens han passat a Mas Torrencito\u2026 Fes click <a href=\"https:\/\/mastorrencito.com\/es\/\">aqu\u00ed<\/a><\/p>\n\n<p><\/p>\n","protected":false},"excerpt":{"rendered":"<p>Ara que ha passat el remol\u00ed de llums, c\u00e0meres i acci\u00f3, per fi ho puc explicar\u2026 b\u00e9, gaireb\u00e9 tot. \ud83d\ude0f \ud83c\udfac Rodatge \u00c8pic a MasTorrencito! Kidman, Banderes i els Gossets m\u00e9s Famosos del Set \ud83d\udc3e S\u00ed, aqu\u00ed van estar ni m\u00e9s ni menys que Nicole Kidman i Antonio Banderas , rodant un anunci que promet [&hellip;]<\/p>\n","protected":false},"author":2,"featured_media":2983,"comment_status":"open","ping_status":"closed","sticky":false,"template":"","format":"standard","meta":{"_acf_changed":false,"footnotes":""},"categories":[35],"tags":[],"class_list":["post-3266","post","type-post","status-publish","format-standard","has-post-thumbnail","hentry","category-histories-mastorrencito"],"yoast_head":"<!-- This site is optimized with the Yoast SEO Premium plugin v27.3 (Yoast SEO v27.5) - https:\/\/yoast.com\/product\/yoast-seo-premium-wordpress\/ -->\n<title>\ud83c\udfac Rodatge \u00c8pic a MasTorrencito! Kidman, Banderes i els Gossets m\u00e9s Famosos del Set \ud83d\udc3e - Mas Torrencito CAT<\/title>\n<meta name=\"robots\" content=\"index, follow, max-snippet:-1, max-image-preview:large, max-video-preview:-1\" \/>\n<link rel=\"canonical\" href=\"https:\/\/mastorrencito.com\/cat\/\ud83c\udfac-rodatge-epic-a-mastorrencito-kidman-banderes-i-els-gossets-mes-famosos-del-set-\ud83d\udc3e\/\" \/>\n<meta property=\"og:locale\" content=\"es_ES\" \/>\n<meta property=\"og:type\" content=\"article\" \/>\n<meta property=\"og:title\" content=\"\ud83c\udfac Rodatge \u00c8pic a MasTorrencito! Kidman, Banderes i els Gossets m\u00e9s Famosos del Set \ud83d\udc3e\" \/>\n<meta property=\"og:description\" content=\"Ara que ha passat el remol\u00ed de llums, c\u00e0meres i acci\u00f3, per fi ho puc explicar\u2026 b\u00e9, gaireb\u00e9 tot. \ud83d\ude0f \ud83c\udfac Rodatge \u00c8pic a MasTorrencito! Kidman, Banderes i els Gossets m\u00e9s Famosos del Set \ud83d\udc3e S\u00ed, aqu\u00ed van estar ni m\u00e9s ni menys que Nicole Kidman i Antonio Banderas , rodant un anunci que promet [&hellip;]\" \/>\n<meta property=\"og:url\" content=\"https:\/\/mastorrencito.com\/cat\/\ud83c\udfac-rodatge-epic-a-mastorrencito-kidman-banderes-i-els-gossets-mes-famosos-del-set-\ud83d\udc3e\/\" \/>\n<meta property=\"og:site_name\" content=\"Mas Torrencito CAT\" \/>\n<meta property=\"article:published_time\" content=\"2025-01-21T05:20:48+00:00\" \/>\n<meta property=\"og:image\" content=\"https:\/\/mastorrencito.com\/cat\/wp-content\/uploads\/sites\/3\/51_TF_9674_W-scaled-1.jpg\" \/>\n\t<meta property=\"og:image:width\" content=\"2560\" \/>\n\t<meta property=\"og:image:height\" content=\"1708\" \/>\n\t<meta property=\"og:image:type\" content=\"image\/jpeg\" \/>\n<meta name=\"author\" content=\"Mastorrencito\" \/>\n<meta name=\"twitter:card\" content=\"summary_large_image\" \/>\n<meta name=\"twitter:label1\" content=\"Escrito por\" \/>\n\t<meta name=\"twitter:data1\" content=\"Mastorrencito\" \/>\n\t<meta name=\"twitter:label2\" content=\"Tiempo de lectura\" \/>\n\t<meta name=\"twitter:data2\" content=\"5 minutos\" \/>\n<script type=\"application\/ld+json\" class=\"yoast-schema-graph\">{\"@context\":\"https:\\\/\\\/schema.org\",\"@graph\":[{\"@type\":\"Article\",\"@id\":\"https:\\\/\\\/mastorrencito.com\\\/cat\\\/%f0%9f%8e%ac-rodatge-epic-a-mastorrencito-kidman-banderes-i-els-gossets-mes-famosos-del-set-%f0%9f%90%be\\\/#article\",\"isPartOf\":{\"@id\":\"https:\\\/\\\/mastorrencito.com\\\/cat\\\/%f0%9f%8e%ac-rodatge-epic-a-mastorrencito-kidman-banderes-i-els-gossets-mes-famosos-del-set-%f0%9f%90%be\\\/\"},\"author\":{\"name\":\"Mastorrencito\",\"@id\":\"https:\\\/\\\/mastorrencito.com\\\/#\\\/schema\\\/person\\\/18c619be80d4ae2667c702911625f790\"},\"headline\":\"\ud83c\udfac Rodatge \u00c8pic a MasTorrencito! Kidman, Banderes i els Gossets m\u00e9s Famosos del Set \ud83d\udc3e\",\"datePublished\":\"2025-01-21T05:20:48+00:00\",\"mainEntityOfPage\":{\"@id\":\"https:\\\/\\\/mastorrencito.com\\\/cat\\\/%f0%9f%8e%ac-rodatge-epic-a-mastorrencito-kidman-banderes-i-els-gossets-mes-famosos-del-set-%f0%9f%90%be\\\/\"},\"wordCount\":1143,\"commentCount\":0,\"publisher\":{\"@id\":\"https:\\\/\\\/mastorrencito.com\\\/#organization\"},\"image\":{\"@id\":\"https:\\\/\\\/mastorrencito.com\\\/cat\\\/%f0%9f%8e%ac-rodatge-epic-a-mastorrencito-kidman-banderes-i-els-gossets-mes-famosos-del-set-%f0%9f%90%be\\\/#primaryimage\"},\"thumbnailUrl\":\"https:\\\/\\\/mastorrencito.com\\\/cat\\\/wp-content\\\/uploads\\\/sites\\\/3\\\/51_TF_9674_W-scaled-1.jpg\",\"articleSection\":[\"Hist\u00f2ries Mastorrencito\"],\"inLanguage\":\"es\",\"potentialAction\":[{\"@type\":\"CommentAction\",\"name\":\"Comment\",\"target\":[\"https:\\\/\\\/mastorrencito.com\\\/cat\\\/%f0%9f%8e%ac-rodatge-epic-a-mastorrencito-kidman-banderes-i-els-gossets-mes-famosos-del-set-%f0%9f%90%be\\\/#respond\"]}]},{\"@type\":\"WebPage\",\"@id\":\"https:\\\/\\\/mastorrencito.com\\\/cat\\\/%f0%9f%8e%ac-rodatge-epic-a-mastorrencito-kidman-banderes-i-els-gossets-mes-famosos-del-set-%f0%9f%90%be\\\/\",\"url\":\"https:\\\/\\\/mastorrencito.com\\\/cat\\\/%f0%9f%8e%ac-rodatge-epic-a-mastorrencito-kidman-banderes-i-els-gossets-mes-famosos-del-set-%f0%9f%90%be\\\/\",\"name\":\"\ud83c\udfac Rodatge \u00c8pic a MasTorrencito! Kidman, Banderes i els Gossets m\u00e9s Famosos del Set \ud83d\udc3e - Mas Torrencito CAT\",\"isPartOf\":{\"@id\":\"https:\\\/\\\/mastorrencito.com\\\/#website\"},\"primaryImageOfPage\":{\"@id\":\"https:\\\/\\\/mastorrencito.com\\\/cat\\\/%f0%9f%8e%ac-rodatge-epic-a-mastorrencito-kidman-banderes-i-els-gossets-mes-famosos-del-set-%f0%9f%90%be\\\/#primaryimage\"},\"image\":{\"@id\":\"https:\\\/\\\/mastorrencito.com\\\/cat\\\/%f0%9f%8e%ac-rodatge-epic-a-mastorrencito-kidman-banderes-i-els-gossets-mes-famosos-del-set-%f0%9f%90%be\\\/#primaryimage\"},\"thumbnailUrl\":\"https:\\\/\\\/mastorrencito.com\\\/cat\\\/wp-content\\\/uploads\\\/sites\\\/3\\\/51_TF_9674_W-scaled-1.jpg\",\"datePublished\":\"2025-01-21T05:20:48+00:00\",\"breadcrumb\":{\"@id\":\"https:\\\/\\\/mastorrencito.com\\\/cat\\\/%f0%9f%8e%ac-rodatge-epic-a-mastorrencito-kidman-banderes-i-els-gossets-mes-famosos-del-set-%f0%9f%90%be\\\/#breadcrumb\"},\"inLanguage\":\"es\",\"potentialAction\":[{\"@type\":\"ReadAction\",\"target\":[\"https:\\\/\\\/mastorrencito.com\\\/cat\\\/%f0%9f%8e%ac-rodatge-epic-a-mastorrencito-kidman-banderes-i-els-gossets-mes-famosos-del-set-%f0%9f%90%be\\\/\"]}]},{\"@type\":\"ImageObject\",\"inLanguage\":\"es\",\"@id\":\"https:\\\/\\\/mastorrencito.com\\\/cat\\\/%f0%9f%8e%ac-rodatge-epic-a-mastorrencito-kidman-banderes-i-els-gossets-mes-famosos-del-set-%f0%9f%90%be\\\/#primaryimage\",\"url\":\"https:\\\/\\\/mastorrencito.com\\\/cat\\\/wp-content\\\/uploads\\\/sites\\\/3\\\/51_TF_9674_W-scaled-1.jpg\",\"contentUrl\":\"https:\\\/\\\/mastorrencito.com\\\/cat\\\/wp-content\\\/uploads\\\/sites\\\/3\\\/51_TF_9674_W-scaled-1.jpg\",\"width\":2560,\"height\":1708,\"caption\":\"MasTorrencito turismo rural petfriendly Girona\"},{\"@type\":\"BreadcrumbList\",\"@id\":\"https:\\\/\\\/mastorrencito.com\\\/cat\\\/%f0%9f%8e%ac-rodatge-epic-a-mastorrencito-kidman-banderes-i-els-gossets-mes-famosos-del-set-%f0%9f%90%be\\\/#breadcrumb\",\"itemListElement\":[{\"@type\":\"ListItem\",\"position\":1,\"name\":\"Portada\",\"item\":\"https:\\\/\\\/mastorrencito.com\\\/\"},{\"@type\":\"ListItem\",\"position\":2,\"name\":\"\ud83c\udfac Rodatge \u00c8pic a MasTorrencito! Kidman, Banderes i els Gossets m\u00e9s Famosos del Set \ud83d\udc3e\"}]},{\"@type\":\"WebSite\",\"@id\":\"https:\\\/\\\/mastorrencito.com\\\/#website\",\"url\":\"https:\\\/\\\/mastorrencito.com\\\/\",\"name\":\"Mas Torrencito CAT\",\"description\":\"Casa rural pet friendly en Girona\",\"publisher\":{\"@id\":\"https:\\\/\\\/mastorrencito.com\\\/#organization\"},\"potentialAction\":[{\"@type\":\"SearchAction\",\"target\":{\"@type\":\"EntryPoint\",\"urlTemplate\":\"https:\\\/\\\/mastorrencito.com\\\/?s={search_term_string}\"},\"query-input\":{\"@type\":\"PropertyValueSpecification\",\"valueRequired\":true,\"valueName\":\"search_term_string\"}}],\"inLanguage\":\"es\"},{\"@type\":\"Organization\",\"@id\":\"https:\\\/\\\/mastorrencito.com\\\/#organization\",\"name\":\"Mas Torrencito CAT\",\"url\":\"https:\\\/\\\/mastorrencito.com\\\/\",\"logo\":{\"@type\":\"ImageObject\",\"inLanguage\":\"es\",\"@id\":\"https:\\\/\\\/mastorrencito.com\\\/#\\\/schema\\\/logo\\\/image\\\/\",\"url\":\"https:\\\/\\\/mastorrencito.com\\\/cat\\\/wp-content\\\/uploads\\\/sites\\\/3\\\/Logo-Mastorrencito-horizontal.webp\",\"contentUrl\":\"https:\\\/\\\/mastorrencito.com\\\/cat\\\/wp-content\\\/uploads\\\/sites\\\/3\\\/Logo-Mastorrencito-horizontal.webp\",\"width\":161,\"height\":54,\"caption\":\"Mas Torrencito CAT\"},\"image\":{\"@id\":\"https:\\\/\\\/mastorrencito.com\\\/#\\\/schema\\\/logo\\\/image\\\/\"}},{\"@type\":\"Person\",\"@id\":\"https:\\\/\\\/mastorrencito.com\\\/#\\\/schema\\\/person\\\/18c619be80d4ae2667c702911625f790\",\"name\":\"Mastorrencito\",\"image\":{\"@type\":\"ImageObject\",\"inLanguage\":\"es\",\"@id\":\"https:\\\/\\\/secure.gravatar.com\\\/avatar\\\/3ef55e0519f987a734c21caee1423b51df7b760b7d81a38ecd31cab0a5115f6d?s=96&d=mm&r=g\",\"url\":\"https:\\\/\\\/secure.gravatar.com\\\/avatar\\\/3ef55e0519f987a734c21caee1423b51df7b760b7d81a38ecd31cab0a5115f6d?s=96&d=mm&r=g\",\"contentUrl\":\"https:\\\/\\\/secure.gravatar.com\\\/avatar\\\/3ef55e0519f987a734c21caee1423b51df7b760b7d81a38ecd31cab0a5115f6d?s=96&d=mm&r=g\",\"caption\":\"Mastorrencito\"},\"url\":\"https:\\\/\\\/mastorrencito.com\\\/cat\\\/author\\\/mastorrencito\\\/\"}]}<\/script>\n<!-- \/ Yoast SEO Premium plugin. -->","yoast_head_json":{"title":"\ud83c\udfac Rodatge \u00c8pic a MasTorrencito! Kidman, Banderes i els Gossets m\u00e9s Famosos del Set \ud83d\udc3e - Mas Torrencito CAT","robots":{"index":"index","follow":"follow","max-snippet":"max-snippet:-1","max-image-preview":"max-image-preview:large","max-video-preview":"max-video-preview:-1"},"canonical":"https:\/\/mastorrencito.com\/cat\/\ud83c\udfac-rodatge-epic-a-mastorrencito-kidman-banderes-i-els-gossets-mes-famosos-del-set-\ud83d\udc3e\/","og_locale":"es_ES","og_type":"article","og_title":"\ud83c\udfac Rodatge \u00c8pic a MasTorrencito! Kidman, Banderes i els Gossets m\u00e9s Famosos del Set \ud83d\udc3e","og_description":"Ara que ha passat el remol\u00ed de llums, c\u00e0meres i acci\u00f3, per fi ho puc explicar\u2026 b\u00e9, gaireb\u00e9 tot. \ud83d\ude0f \ud83c\udfac Rodatge \u00c8pic a MasTorrencito! Kidman, Banderes i els Gossets m\u00e9s Famosos del Set \ud83d\udc3e S\u00ed, aqu\u00ed van estar ni m\u00e9s ni menys que Nicole Kidman i Antonio Banderas , rodant un anunci que promet [&hellip;]","og_url":"https:\/\/mastorrencito.com\/cat\/\ud83c\udfac-rodatge-epic-a-mastorrencito-kidman-banderes-i-els-gossets-mes-famosos-del-set-\ud83d\udc3e\/","og_site_name":"Mas Torrencito CAT","article_published_time":"2025-01-21T05:20:48+00:00","og_image":[{"width":2560,"height":1708,"url":"https:\/\/mastorrencito.com\/cat\/wp-content\/uploads\/sites\/3\/51_TF_9674_W-scaled-1.jpg","type":"image\/jpeg"}],"author":"Mastorrencito","twitter_card":"summary_large_image","twitter_misc":{"Escrito por":"Mastorrencito","Tiempo de lectura":"5 minutos"},"schema":{"@context":"https:\/\/schema.org","@graph":[{"@type":"Article","@id":"https:\/\/mastorrencito.com\/cat\/%f0%9f%8e%ac-rodatge-epic-a-mastorrencito-kidman-banderes-i-els-gossets-mes-famosos-del-set-%f0%9f%90%be\/#article","isPartOf":{"@id":"https:\/\/mastorrencito.com\/cat\/%f0%9f%8e%ac-rodatge-epic-a-mastorrencito-kidman-banderes-i-els-gossets-mes-famosos-del-set-%f0%9f%90%be\/"},"author":{"name":"Mastorrencito","@id":"https:\/\/mastorrencito.com\/#\/schema\/person\/18c619be80d4ae2667c702911625f790"},"headline":"\ud83c\udfac Rodatge \u00c8pic a MasTorrencito! Kidman, Banderes i els Gossets m\u00e9s Famosos del Set \ud83d\udc3e","datePublished":"2025-01-21T05:20:48+00:00","mainEntityOfPage":{"@id":"https:\/\/mastorrencito.com\/cat\/%f0%9f%8e%ac-rodatge-epic-a-mastorrencito-kidman-banderes-i-els-gossets-mes-famosos-del-set-%f0%9f%90%be\/"},"wordCount":1143,"commentCount":0,"publisher":{"@id":"https:\/\/mastorrencito.com\/#organization"},"image":{"@id":"https:\/\/mastorrencito.com\/cat\/%f0%9f%8e%ac-rodatge-epic-a-mastorrencito-kidman-banderes-i-els-gossets-mes-famosos-del-set-%f0%9f%90%be\/#primaryimage"},"thumbnailUrl":"https:\/\/mastorrencito.com\/cat\/wp-content\/uploads\/sites\/3\/51_TF_9674_W-scaled-1.jpg","articleSection":["Hist\u00f2ries Mastorrencito"],"inLanguage":"es","potentialAction":[{"@type":"CommentAction","name":"Comment","target":["https:\/\/mastorrencito.com\/cat\/%f0%9f%8e%ac-rodatge-epic-a-mastorrencito-kidman-banderes-i-els-gossets-mes-famosos-del-set-%f0%9f%90%be\/#respond"]}]},{"@type":"WebPage","@id":"https:\/\/mastorrencito.com\/cat\/%f0%9f%8e%ac-rodatge-epic-a-mastorrencito-kidman-banderes-i-els-gossets-mes-famosos-del-set-%f0%9f%90%be\/","url":"https:\/\/mastorrencito.com\/cat\/%f0%9f%8e%ac-rodatge-epic-a-mastorrencito-kidman-banderes-i-els-gossets-mes-famosos-del-set-%f0%9f%90%be\/","name":"\ud83c\udfac Rodatge \u00c8pic a MasTorrencito! Kidman, Banderes i els Gossets m\u00e9s Famosos del Set \ud83d\udc3e - Mas Torrencito CAT","isPartOf":{"@id":"https:\/\/mastorrencito.com\/#website"},"primaryImageOfPage":{"@id":"https:\/\/mastorrencito.com\/cat\/%f0%9f%8e%ac-rodatge-epic-a-mastorrencito-kidman-banderes-i-els-gossets-mes-famosos-del-set-%f0%9f%90%be\/#primaryimage"},"image":{"@id":"https:\/\/mastorrencito.com\/cat\/%f0%9f%8e%ac-rodatge-epic-a-mastorrencito-kidman-banderes-i-els-gossets-mes-famosos-del-set-%f0%9f%90%be\/#primaryimage"},"thumbnailUrl":"https:\/\/mastorrencito.com\/cat\/wp-content\/uploads\/sites\/3\/51_TF_9674_W-scaled-1.jpg","datePublished":"2025-01-21T05:20:48+00:00","breadcrumb":{"@id":"https:\/\/mastorrencito.com\/cat\/%f0%9f%8e%ac-rodatge-epic-a-mastorrencito-kidman-banderes-i-els-gossets-mes-famosos-del-set-%f0%9f%90%be\/#breadcrumb"},"inLanguage":"es","potentialAction":[{"@type":"ReadAction","target":["https:\/\/mastorrencito.com\/cat\/%f0%9f%8e%ac-rodatge-epic-a-mastorrencito-kidman-banderes-i-els-gossets-mes-famosos-del-set-%f0%9f%90%be\/"]}]},{"@type":"ImageObject","inLanguage":"es","@id":"https:\/\/mastorrencito.com\/cat\/%f0%9f%8e%ac-rodatge-epic-a-mastorrencito-kidman-banderes-i-els-gossets-mes-famosos-del-set-%f0%9f%90%be\/#primaryimage","url":"https:\/\/mastorrencito.com\/cat\/wp-content\/uploads\/sites\/3\/51_TF_9674_W-scaled-1.jpg","contentUrl":"https:\/\/mastorrencito.com\/cat\/wp-content\/uploads\/sites\/3\/51_TF_9674_W-scaled-1.jpg","width":2560,"height":1708,"caption":"MasTorrencito turismo rural petfriendly Girona"},{"@type":"BreadcrumbList","@id":"https:\/\/mastorrencito.com\/cat\/%f0%9f%8e%ac-rodatge-epic-a-mastorrencito-kidman-banderes-i-els-gossets-mes-famosos-del-set-%f0%9f%90%be\/#breadcrumb","itemListElement":[{"@type":"ListItem","position":1,"name":"Portada","item":"https:\/\/mastorrencito.com\/"},{"@type":"ListItem","position":2,"name":"\ud83c\udfac Rodatge \u00c8pic a MasTorrencito! Kidman, Banderes i els Gossets m\u00e9s Famosos del Set \ud83d\udc3e"}]},{"@type":"WebSite","@id":"https:\/\/mastorrencito.com\/#website","url":"https:\/\/mastorrencito.com\/","name":"Mas Torrencito CAT","description":"Casa rural pet friendly en Girona","publisher":{"@id":"https:\/\/mastorrencito.com\/#organization"},"potentialAction":[{"@type":"SearchAction","target":{"@type":"EntryPoint","urlTemplate":"https:\/\/mastorrencito.com\/?s={search_term_string}"},"query-input":{"@type":"PropertyValueSpecification","valueRequired":true,"valueName":"search_term_string"}}],"inLanguage":"es"},{"@type":"Organization","@id":"https:\/\/mastorrencito.com\/#organization","name":"Mas Torrencito CAT","url":"https:\/\/mastorrencito.com\/","logo":{"@type":"ImageObject","inLanguage":"es","@id":"https:\/\/mastorrencito.com\/#\/schema\/logo\/image\/","url":"https:\/\/mastorrencito.com\/cat\/wp-content\/uploads\/sites\/3\/Logo-Mastorrencito-horizontal.webp","contentUrl":"https:\/\/mastorrencito.com\/cat\/wp-content\/uploads\/sites\/3\/Logo-Mastorrencito-horizontal.webp","width":161,"height":54,"caption":"Mas Torrencito CAT"},"image":{"@id":"https:\/\/mastorrencito.com\/#\/schema\/logo\/image\/"}},{"@type":"Person","@id":"https:\/\/mastorrencito.com\/#\/schema\/person\/18c619be80d4ae2667c702911625f790","name":"Mastorrencito","image":{"@type":"ImageObject","inLanguage":"es","@id":"https:\/\/secure.gravatar.com\/avatar\/3ef55e0519f987a734c21caee1423b51df7b760b7d81a38ecd31cab0a5115f6d?s=96&d=mm&r=g","url":"https:\/\/secure.gravatar.com\/avatar\/3ef55e0519f987a734c21caee1423b51df7b760b7d81a38ecd31cab0a5115f6d?s=96&d=mm&r=g","contentUrl":"https:\/\/secure.gravatar.com\/avatar\/3ef55e0519f987a734c21caee1423b51df7b760b7d81a38ecd31cab0a5115f6d?s=96&d=mm&r=g","caption":"Mastorrencito"},"url":"https:\/\/mastorrencito.com\/cat\/author\/mastorrencito\/"}]}},"acf":[],"_links":{"self":[{"href":"https:\/\/mastorrencito.com\/cat\/wp-json\/wp\/v2\/posts\/3266","targetHints":{"allow":["GET"]}}],"collection":[{"href":"https:\/\/mastorrencito.com\/cat\/wp-json\/wp\/v2\/posts"}],"about":[{"href":"https:\/\/mastorrencito.com\/cat\/wp-json\/wp\/v2\/types\/post"}],"author":[{"embeddable":true,"href":"https:\/\/mastorrencito.com\/cat\/wp-json\/wp\/v2\/users\/2"}],"replies":[{"embeddable":true,"href":"https:\/\/mastorrencito.com\/cat\/wp-json\/wp\/v2\/comments?post=3266"}],"version-history":[{"count":0,"href":"https:\/\/mastorrencito.com\/cat\/wp-json\/wp\/v2\/posts\/3266\/revisions"}],"wp:featuredmedia":[{"embeddable":true,"href":"https:\/\/mastorrencito.com\/cat\/wp-json\/wp\/v2\/media\/2983"}],"wp:attachment":[{"href":"https:\/\/mastorrencito.com\/cat\/wp-json\/wp\/v2\/media?parent=3266"}],"wp:term":[{"taxonomy":"category","embeddable":true,"href":"https:\/\/mastorrencito.com\/cat\/wp-json\/wp\/v2\/categories?post=3266"},{"taxonomy":"post_tag","embeddable":true,"href":"https:\/\/mastorrencito.com\/cat\/wp-json\/wp\/v2\/tags?post=3266"}],"curies":[{"name":"wp","href":"https:\/\/api.w.org\/{rel}","templated":true}]}}