{"id":3256,"date":"2025-01-20T07:05:26","date_gmt":"2025-01-20T07:05:26","guid":{"rendered":"https:\/\/casaruralconperrosgirona.com\/de-quan-maky-es-va-menjar-un-ramat-by-mastorrencito\/"},"modified":"2025-01-20T07:05:26","modified_gmt":"2025-01-20T07:05:26","slug":"de-quan-maky-es-va-menjar-un-ramat-by-mastorrencito","status":"publish","type":"post","link":"https:\/\/mastorrencito.com\/cat\/de-quan-maky-es-va-menjar-un-ramat-by-mastorrencito\/","title":{"rendered":"De quan Maky es va menjar un ramat by MasTorrencito"},"content":{"rendered":"\n<p>No s\u00e9 si mai han sentit aix\u00f2 d'\u00bbun llop amb pell de xai\u00bb, per\u00f2 el que no s&#8217;imaginaria mai \u00e9s que alg\u00fa acus\u00e9s Maky de semblant cosa. De quan Maky es va menjar un ramat by MasTorrencito <\/p>\n\n<p>Maky, el gos m\u00e9s tranquil del m\u00f3n, gaireb\u00e9 un fil\u00f2sof pelut&#8230; Maky, el m\u00e9s mans de tots els mastins de la zona!<\/p>\n\n<p>Per\u00f2 era jo, davant d&#8217;un pastor amb cara de trag\u00e8dia grega, jurant i perjurant que Maky havia acabat amb tot el ramat. \u00abSenyor, <em>els ho juro per la meva vida<\/em> , el seu gos em va matar dues ovelles\u00bb, em va deixar anar amb to greu. I quin ensurt que em vaig endur! Perqu\u00e8, \u00e9s clar, la primera vegada que passa una cosa aix\u00ed, un no sap si creure o no. Aix\u00ed que, per evitar problemes, vaig decidir pagar. Total, 40 o 50 euros no s\u00f3n per arru\u00efnar ning\u00fa, i l&#8217;\u00faltima cosa que volia era embolics amb els pastors del poble.     <\/p>\n\n<p>Encara que, sent sincer, alguna cosa no quadrava&#8230; Vull dir, si m&#8217;haguessin dit que el culpable era Mastitwo, Mamas o fins i tot Mast\u00edn, doncs val, potser ho hauria cregut. Per\u00f2 Maky! Per D\u00e9u, si Maky no mata ni una mosca! B\u00e9, <em>tret que vagi amb els seus cosins de Zumosol<\/em> , aqu\u00ed s\u00ed que es posa valent&#8230; per\u00f2 sol, mai. Ho dubtava molt\u00edssim.     <\/p>\n\n<p>Doncs b\u00e9, l&#8217;altre dia, una altra trucada del pastor. Aquesta vegada amb m\u00e9s drama:<br \/> \u2014El teu gos ha matat dues de les meves ovelles aquesta tarda! <\/p>\n\n<p>Em vaig quedar gla\u00e7at. Maky? La meva Maky? El mateix gos que s&#8217;espantava amb el seu propi reflex a l&#8217;aigua i corria a amagar-se si un gat el tremolava. No podia ser. Vaig pensar que Casimiro s&#8217;equivocava, per\u00f2 el to no admetia dubtes.     <\/p>\n\n<p>\u2014Est\u00e0 segur que va ser ell? \u2014vaig preguntar, sentint com la meva incredulitat comen\u00e7ava a trontollar. <br \/>\u2014\u00c9s clar que n&#8217;estic segur! \u2014va respondre, amb una determinaci\u00f3 que gaireb\u00e9 em va conv\u00e8ncer que el meu pobre Maky era un llop disfressat de xai. <\/p>\n\n<p>Vaig sospirar, intentant calmar l&#8217;aigua abans que es desbord\u00e9s.<br \/>\u2014Miri, vingui a casa. Si realment \u00e9s Maky, li pago en el moment. Per\u00f2 n&#8217;ha d&#8217;estar segur, d&#8217;acord?  <\/p>\n\n<p>Don Casimiro va acceptar, i en menys de mitja hora, va arribar a la porta de casa meva. La seva silueta es retallava contra el capvespre com la d&#8217;un x\u00e8rif en un duel. Vestia el seu barret habitual d&#8217;ala ampla i duia un bast\u00f3 de fusta que semblava un ceptre d&#8217;autoritat. Li vaig obrir la porta, el vaig saludar amb un somriure nervi\u00f3s, i li vaig dir que esper\u00e9s mentre treia els gossos al pati.   <\/p>\n\n<p>\u2014Aclarirem aix\u00f2 d&#8217;una vegada per totes \u2014vaig dir, amb m\u00e9s confian\u00e7a de la que sentia.<\/p>\n\n<p>Quan vaig obrir la porta del darrere, els meus quatre gossos van sortir disparats. Eren un esquadr\u00f3 de lladrucs i energia desbocada. Maky anava al capdavant, movent la cua com si no hi hagu\u00e9s dem\u00e0. Quan van veure el pastor, va passar una cosa que mai havia presenciat: tots quatre es van llan\u00e7ar cap a ell, bordant com si volguessin menjar-s&#8217;ho. La meva dona i jo vam comen\u00e7ar a cridar com a bojos.    <\/p>\n\n<p>\u2014Maky! Mastitwo! Quiets! \u2014vaig fer broma, per\u00f2 va ser in\u00fatil.   <\/p>\n\n<p>Els gossos semblaven posse\u00efts, i per un instant, vaig t\u00e9mer el pitjor. Casimiro, per\u00f2, no es va immutar. Enmig del caos, va aixecar una m\u00e0, va fer un gest simple i rotund, i com si fos m\u00e0gia, els gossos es van aturar. Es van aturar! No nom\u00e9s aix\u00f2: es van asseure, callats, com a alumnes obedients esperant instruccions.    <\/p>\n\n<p>\u2014\u00bf Qu\u00e8&#8230; com&#8230;? \u2014va balbucejar, incapa\u00e7 de comprendre el que acabava de passar. <\/p>\n\n<p>El pastor va somriure amb un aire de misteri, com si acab\u00e9s de fer un truc que no tenia intenci\u00f3 d&#8217;explicar. <\/p>\n\n<figure class=\"wp-block-image size-large\"><img fetchpriority=\"high\" decoding=\"async\" width=\"747\" height=\"1024\" src=\"https:\/\/mastorrencito.com\/wp-content\/uploads\/2025\/01\/maky-747x1024.jpg\" alt=\"Maky, l'assass&#xED; d'ovelles de Mastronet\" class=\"wp-image-3252\" srcset=\"https:\/\/mastorrencito.com\/cat\/wp-content\/uploads\/sites\/3\/maky-747x1024.jpg 747w, https:\/\/mastorrencito.com\/cat\/wp-content\/uploads\/sites\/3\/maky-219x300.jpg 219w, https:\/\/mastorrencito.com\/cat\/wp-content\/uploads\/sites\/3\/maky-768x1053.jpg 768w, https:\/\/mastorrencito.com\/cat\/wp-content\/uploads\/sites\/3\/maky-1121x1536.jpg 1121w, https:\/\/mastorrencito.com\/cat\/wp-content\/uploads\/sites\/3\/maky.jpg 1494w\" sizes=\"(max-width: 747px) 100vw, 747px\" \/><figcaption class=\"wp-element-caption\">Maky, l&#8217;assass\u00ed d&#8217;ovelles de Mastronet<\/figcaption><\/figure>\n<p>\u2014A veure quin \u00e9s el culpable \u2014va dir, apropant-s&#8217;hi.<\/p>\n\n<p>Va inspeccionar cadascun amb ulls de falc\u00f3, i finalment es va aturar davant de Maky.<br \/>\u2014S&#8217;assembla a qui vaig veure, per\u00f2 aquest \u00e9s m\u00e9s petit. I, b\u00e9&#8230; m\u00e9s gros. <\/p>\n\n<p>Vaig riure nervi\u00f3s.<br \/>\u2014Doncs \u00e9s l&#8217;\u00fanic que tinc. No n&#8217;hi ha m\u00e9s. <\/p>\n\n<p>El pastor va arrufar les celles i es va gratar la barbeta.<br \/>\u2014L&#8217;any passat ja em va passar una cosa semblant. Un gos com aquest em va matar una ovella. Per\u00f2 ara que ho veig b\u00e9 no pot ser el mateix.  <\/p>\n\n<p>De sobte, va treure un bitllet de 50 euros de la butxaca i me&#8217;l va estendre.<br \/>\u2014Aix\u00f2 \u00e9s el que em vas pagar l&#8217;any passat per una ovella. I veient que no va ser el teu gos, no \u00e9s just que t&#8217;ho cobri. <\/p>\n\n<p>Vaig intentar tornar-li els diners.<br \/>\u2014No, no, quedeu-vos amb aix\u00f2. Compri&#8217;s una altra ovella. Jo esbrinar\u00e9 qui pot ser el culpable.  <\/p>\n\n<p>El pastor va assentir, per\u00f2 abans de marxar, no vaig poder contenir la meva curiositat.<br \/>\u2014Don Casimiro, una cosa m\u00e9s. Com va fer per calmar-los aix\u00ed? <\/p>\n\n<p>Es va girar, somrient amb aquesta expressi\u00f3 de saviesa ancestral que nom\u00e9s tenen els vells pastors.<br \/>\u2014Respecte, autoritat, i sobretot, que s\u00e0piguen qui mana. Si els tens por, ho noten. <\/p>\n\n<p>Aquestes paraules es van quedar gravades en la meva ment. Des d&#8217;aquell dia, Maky va recuperar la seva reputaci\u00f3, per\u00f2 la pregunta de si mai es va poder menjar un ramat va quedar flotant a l&#8217;aire. llop&#8230; o almenys aix\u00f2 \u00e9s el que diem quan volem que una hist\u00f2ria sigui divertida.  <\/p>\n\n<p>I aix\u00ed va quedar el misteri: Qui va ser realment el culpable? Ning\u00fa ho sap, per\u00f2 cada vegada que la Maky es creua amb un ve\u00ed, no falta qui el miri amb una cella aixecada, com si esper\u00e9s veure&#8217;l udolar a la lluna. Injust? Potser. Divertit? Sens dubte.     <\/p>\n\n<blockquote class=\"wp-block-quote is-layout-flow wp-block-quote-is-layout-flow\">\n<p><br \/>Des de MasTorrencito et desitgem un bon dia i que els teus gossos t&#8217;acompanyin!!<\/p>\n<\/blockquote>\n\n<p>\u2014\u2013<br \/> Si vols, pot veure els nostres <strong>bons per caps de setmana, bons jubilats<\/strong> , a un preu incre\u00efble..entra a <a href=\"https:\/\/www.mastorrencito.com\/\">www.mastorrencito.com<\/a> o si vols podeu llegir m\u00e9s hist\u00f2ria i an\u00e8cdotes que ens han passat a Mas Torrencito\u2026 Fes click <a href=\"https:\/\/mastorrencito.com\/es\/\">aqu\u00ed<\/a><\/p>\n","protected":false},"excerpt":{"rendered":"<p>No s\u00e9 si mai han sentit aix\u00f2 d&#8217;\u00bbun llop amb pell de xai\u00bb, per\u00f2 el que no s&#8217;imaginaria mai \u00e9s que alg\u00fa acus\u00e9s Maky de semblant cosa. De quan Maky es va menjar un ramat by MasTorrencito Maky, el gos m\u00e9s tranquil del m\u00f3n, gaireb\u00e9 un fil\u00f2sof pelut&#8230; Maky, el m\u00e9s mans de tots els [&hellip;]<\/p>\n","protected":false},"author":2,"featured_media":3249,"comment_status":"open","ping_status":"closed","sticky":false,"template":"","format":"standard","meta":{"_acf_changed":false,"footnotes":""},"categories":[35],"tags":[],"class_list":["post-3256","post","type-post","status-publish","format-standard","has-post-thumbnail","hentry","category-histories-mastorrencito"],"yoast_head":"<!-- This site is optimized with the Yoast SEO Premium plugin v27.3 (Yoast SEO v27.5) - https:\/\/yoast.com\/product\/yoast-seo-premium-wordpress\/ -->\n<title>De quan Maky es va menjar un ramat by MasTorrencito - Mas Torrencito CAT<\/title>\n<meta name=\"description\" content=\"Ahhhh de tant dir que ve el llop... que ve fins que... De quan Maky es va menjar un ramat by MasTorrencito\" \/>\n<meta name=\"robots\" content=\"index, follow, max-snippet:-1, max-image-preview:large, max-video-preview:-1\" \/>\n<link rel=\"canonical\" href=\"https:\/\/mastorrencito.com\/cat\/de-quan-maky-es-va-menjar-un-ramat-by-mastorrencito\/\" \/>\n<meta property=\"og:locale\" content=\"es_ES\" \/>\n<meta property=\"og:type\" content=\"article\" \/>\n<meta property=\"og:title\" content=\"De quan Maky es va menjar un ramat by MasTorrencito\" \/>\n<meta property=\"og:description\" content=\"Ahhhh de tant dir que ve el llop... que ve fins que... De quan Maky es va menjar un ramat by MasTorrencito\" \/>\n<meta property=\"og:url\" content=\"https:\/\/mastorrencito.com\/cat\/de-quan-maky-es-va-menjar-un-ramat-by-mastorrencito\/\" \/>\n<meta property=\"og:site_name\" content=\"Mas Torrencito CAT\" \/>\n<meta property=\"article:published_time\" content=\"2025-01-20T07:05:26+00:00\" \/>\n<meta property=\"og:image\" content=\"https:\/\/mastorrencito.com\/cat\/wp-content\/uploads\/sites\/3\/maky2.jpg\" \/>\n\t<meta property=\"og:image:width\" content=\"1536\" \/>\n\t<meta property=\"og:image:height\" content=\"2048\" \/>\n\t<meta property=\"og:image:type\" content=\"image\/jpeg\" \/>\n<meta name=\"author\" content=\"Mastorrencito\" \/>\n<meta name=\"twitter:card\" content=\"summary_large_image\" \/>\n<meta name=\"twitter:label1\" content=\"Escrito por\" \/>\n\t<meta name=\"twitter:data1\" content=\"Mastorrencito\" \/>\n\t<meta name=\"twitter:label2\" content=\"Tiempo de lectura\" \/>\n\t<meta name=\"twitter:data2\" content=\"5 minutos\" \/>\n<script type=\"application\/ld+json\" class=\"yoast-schema-graph\">{\"@context\":\"https:\\\/\\\/schema.org\",\"@graph\":[{\"@type\":\"Article\",\"@id\":\"https:\\\/\\\/mastorrencito.com\\\/cat\\\/de-quan-maky-es-va-menjar-un-ramat-by-mastorrencito\\\/#article\",\"isPartOf\":{\"@id\":\"https:\\\/\\\/mastorrencito.com\\\/cat\\\/de-quan-maky-es-va-menjar-un-ramat-by-mastorrencito\\\/\"},\"author\":{\"name\":\"Mastorrencito\",\"@id\":\"https:\\\/\\\/mastorrencito.com\\\/#\\\/schema\\\/person\\\/18c619be80d4ae2667c702911625f790\"},\"headline\":\"De quan Maky es va menjar un ramat by MasTorrencito\",\"datePublished\":\"2025-01-20T07:05:26+00:00\",\"mainEntityOfPage\":{\"@id\":\"https:\\\/\\\/mastorrencito.com\\\/cat\\\/de-quan-maky-es-va-menjar-un-ramat-by-mastorrencito\\\/\"},\"wordCount\":1079,\"commentCount\":0,\"publisher\":{\"@id\":\"https:\\\/\\\/mastorrencito.com\\\/#organization\"},\"image\":{\"@id\":\"https:\\\/\\\/mastorrencito.com\\\/cat\\\/de-quan-maky-es-va-menjar-un-ramat-by-mastorrencito\\\/#primaryimage\"},\"thumbnailUrl\":\"https:\\\/\\\/mastorrencito.com\\\/cat\\\/wp-content\\\/uploads\\\/sites\\\/3\\\/maky2.jpg\",\"articleSection\":[\"Hist\u00f2ries Mastorrencito\"],\"inLanguage\":\"es\",\"potentialAction\":[{\"@type\":\"CommentAction\",\"name\":\"Comment\",\"target\":[\"https:\\\/\\\/mastorrencito.com\\\/cat\\\/de-quan-maky-es-va-menjar-un-ramat-by-mastorrencito\\\/#respond\"]}]},{\"@type\":\"WebPage\",\"@id\":\"https:\\\/\\\/mastorrencito.com\\\/cat\\\/de-quan-maky-es-va-menjar-un-ramat-by-mastorrencito\\\/\",\"url\":\"https:\\\/\\\/mastorrencito.com\\\/cat\\\/de-quan-maky-es-va-menjar-un-ramat-by-mastorrencito\\\/\",\"name\":\"De quan Maky es va menjar un ramat by MasTorrencito - Mas Torrencito CAT\",\"isPartOf\":{\"@id\":\"https:\\\/\\\/mastorrencito.com\\\/#website\"},\"primaryImageOfPage\":{\"@id\":\"https:\\\/\\\/mastorrencito.com\\\/cat\\\/de-quan-maky-es-va-menjar-un-ramat-by-mastorrencito\\\/#primaryimage\"},\"image\":{\"@id\":\"https:\\\/\\\/mastorrencito.com\\\/cat\\\/de-quan-maky-es-va-menjar-un-ramat-by-mastorrencito\\\/#primaryimage\"},\"thumbnailUrl\":\"https:\\\/\\\/mastorrencito.com\\\/cat\\\/wp-content\\\/uploads\\\/sites\\\/3\\\/maky2.jpg\",\"datePublished\":\"2025-01-20T07:05:26+00:00\",\"description\":\"Ahhhh de tant dir que ve el llop... que ve fins que... De quan Maky es va menjar un ramat by MasTorrencito\",\"breadcrumb\":{\"@id\":\"https:\\\/\\\/mastorrencito.com\\\/cat\\\/de-quan-maky-es-va-menjar-un-ramat-by-mastorrencito\\\/#breadcrumb\"},\"inLanguage\":\"es\",\"potentialAction\":[{\"@type\":\"ReadAction\",\"target\":[\"https:\\\/\\\/mastorrencito.com\\\/cat\\\/de-quan-maky-es-va-menjar-un-ramat-by-mastorrencito\\\/\"]}]},{\"@type\":\"ImageObject\",\"inLanguage\":\"es\",\"@id\":\"https:\\\/\\\/mastorrencito.com\\\/cat\\\/de-quan-maky-es-va-menjar-un-ramat-by-mastorrencito\\\/#primaryimage\",\"url\":\"https:\\\/\\\/mastorrencito.com\\\/cat\\\/wp-content\\\/uploads\\\/sites\\\/3\\\/maky2.jpg\",\"contentUrl\":\"https:\\\/\\\/mastorrencito.com\\\/cat\\\/wp-content\\\/uploads\\\/sites\\\/3\\\/maky2.jpg\",\"width\":1536,\"height\":2048,\"caption\":\"Maky, el asesino de ovejas de Mastorrencito\"},{\"@type\":\"BreadcrumbList\",\"@id\":\"https:\\\/\\\/mastorrencito.com\\\/cat\\\/de-quan-maky-es-va-menjar-un-ramat-by-mastorrencito\\\/#breadcrumb\",\"itemListElement\":[{\"@type\":\"ListItem\",\"position\":1,\"name\":\"Portada\",\"item\":\"https:\\\/\\\/mastorrencito.com\\\/\"},{\"@type\":\"ListItem\",\"position\":2,\"name\":\"De quan Maky es va menjar un ramat by MasTorrencito\"}]},{\"@type\":\"WebSite\",\"@id\":\"https:\\\/\\\/mastorrencito.com\\\/#website\",\"url\":\"https:\\\/\\\/mastorrencito.com\\\/\",\"name\":\"Mas Torrencito CAT\",\"description\":\"Casa rural pet friendly en Girona\",\"publisher\":{\"@id\":\"https:\\\/\\\/mastorrencito.com\\\/#organization\"},\"potentialAction\":[{\"@type\":\"SearchAction\",\"target\":{\"@type\":\"EntryPoint\",\"urlTemplate\":\"https:\\\/\\\/mastorrencito.com\\\/?s={search_term_string}\"},\"query-input\":{\"@type\":\"PropertyValueSpecification\",\"valueRequired\":true,\"valueName\":\"search_term_string\"}}],\"inLanguage\":\"es\"},{\"@type\":\"Organization\",\"@id\":\"https:\\\/\\\/mastorrencito.com\\\/#organization\",\"name\":\"Mas Torrencito CAT\",\"url\":\"https:\\\/\\\/mastorrencito.com\\\/\",\"logo\":{\"@type\":\"ImageObject\",\"inLanguage\":\"es\",\"@id\":\"https:\\\/\\\/mastorrencito.com\\\/#\\\/schema\\\/logo\\\/image\\\/\",\"url\":\"https:\\\/\\\/mastorrencito.com\\\/cat\\\/wp-content\\\/uploads\\\/sites\\\/3\\\/Logo-Mastorrencito-horizontal.webp\",\"contentUrl\":\"https:\\\/\\\/mastorrencito.com\\\/cat\\\/wp-content\\\/uploads\\\/sites\\\/3\\\/Logo-Mastorrencito-horizontal.webp\",\"width\":161,\"height\":54,\"caption\":\"Mas Torrencito CAT\"},\"image\":{\"@id\":\"https:\\\/\\\/mastorrencito.com\\\/#\\\/schema\\\/logo\\\/image\\\/\"}},{\"@type\":\"Person\",\"@id\":\"https:\\\/\\\/mastorrencito.com\\\/#\\\/schema\\\/person\\\/18c619be80d4ae2667c702911625f790\",\"name\":\"Mastorrencito\",\"image\":{\"@type\":\"ImageObject\",\"inLanguage\":\"es\",\"@id\":\"https:\\\/\\\/secure.gravatar.com\\\/avatar\\\/3ef55e0519f987a734c21caee1423b51df7b760b7d81a38ecd31cab0a5115f6d?s=96&d=mm&r=g\",\"url\":\"https:\\\/\\\/secure.gravatar.com\\\/avatar\\\/3ef55e0519f987a734c21caee1423b51df7b760b7d81a38ecd31cab0a5115f6d?s=96&d=mm&r=g\",\"contentUrl\":\"https:\\\/\\\/secure.gravatar.com\\\/avatar\\\/3ef55e0519f987a734c21caee1423b51df7b760b7d81a38ecd31cab0a5115f6d?s=96&d=mm&r=g\",\"caption\":\"Mastorrencito\"},\"url\":\"https:\\\/\\\/mastorrencito.com\\\/cat\\\/author\\\/mastorrencito\\\/\"}]}<\/script>\n<!-- \/ Yoast SEO Premium plugin. -->","yoast_head_json":{"title":"De quan Maky es va menjar un ramat by MasTorrencito - Mas Torrencito CAT","description":"Ahhhh de tant dir que ve el llop... que ve fins que... De quan Maky es va menjar un ramat by MasTorrencito","robots":{"index":"index","follow":"follow","max-snippet":"max-snippet:-1","max-image-preview":"max-image-preview:large","max-video-preview":"max-video-preview:-1"},"canonical":"https:\/\/mastorrencito.com\/cat\/de-quan-maky-es-va-menjar-un-ramat-by-mastorrencito\/","og_locale":"es_ES","og_type":"article","og_title":"De quan Maky es va menjar un ramat by MasTorrencito","og_description":"Ahhhh de tant dir que ve el llop... que ve fins que... De quan Maky es va menjar un ramat by MasTorrencito","og_url":"https:\/\/mastorrencito.com\/cat\/de-quan-maky-es-va-menjar-un-ramat-by-mastorrencito\/","og_site_name":"Mas Torrencito CAT","article_published_time":"2025-01-20T07:05:26+00:00","og_image":[{"width":1536,"height":2048,"url":"https:\/\/mastorrencito.com\/cat\/wp-content\/uploads\/sites\/3\/maky2.jpg","type":"image\/jpeg"}],"author":"Mastorrencito","twitter_card":"summary_large_image","twitter_misc":{"Escrito por":"Mastorrencito","Tiempo de lectura":"5 minutos"},"schema":{"@context":"https:\/\/schema.org","@graph":[{"@type":"Article","@id":"https:\/\/mastorrencito.com\/cat\/de-quan-maky-es-va-menjar-un-ramat-by-mastorrencito\/#article","isPartOf":{"@id":"https:\/\/mastorrencito.com\/cat\/de-quan-maky-es-va-menjar-un-ramat-by-mastorrencito\/"},"author":{"name":"Mastorrencito","@id":"https:\/\/mastorrencito.com\/#\/schema\/person\/18c619be80d4ae2667c702911625f790"},"headline":"De quan Maky es va menjar un ramat by MasTorrencito","datePublished":"2025-01-20T07:05:26+00:00","mainEntityOfPage":{"@id":"https:\/\/mastorrencito.com\/cat\/de-quan-maky-es-va-menjar-un-ramat-by-mastorrencito\/"},"wordCount":1079,"commentCount":0,"publisher":{"@id":"https:\/\/mastorrencito.com\/#organization"},"image":{"@id":"https:\/\/mastorrencito.com\/cat\/de-quan-maky-es-va-menjar-un-ramat-by-mastorrencito\/#primaryimage"},"thumbnailUrl":"https:\/\/mastorrencito.com\/cat\/wp-content\/uploads\/sites\/3\/maky2.jpg","articleSection":["Hist\u00f2ries Mastorrencito"],"inLanguage":"es","potentialAction":[{"@type":"CommentAction","name":"Comment","target":["https:\/\/mastorrencito.com\/cat\/de-quan-maky-es-va-menjar-un-ramat-by-mastorrencito\/#respond"]}]},{"@type":"WebPage","@id":"https:\/\/mastorrencito.com\/cat\/de-quan-maky-es-va-menjar-un-ramat-by-mastorrencito\/","url":"https:\/\/mastorrencito.com\/cat\/de-quan-maky-es-va-menjar-un-ramat-by-mastorrencito\/","name":"De quan Maky es va menjar un ramat by MasTorrencito - Mas Torrencito CAT","isPartOf":{"@id":"https:\/\/mastorrencito.com\/#website"},"primaryImageOfPage":{"@id":"https:\/\/mastorrencito.com\/cat\/de-quan-maky-es-va-menjar-un-ramat-by-mastorrencito\/#primaryimage"},"image":{"@id":"https:\/\/mastorrencito.com\/cat\/de-quan-maky-es-va-menjar-un-ramat-by-mastorrencito\/#primaryimage"},"thumbnailUrl":"https:\/\/mastorrencito.com\/cat\/wp-content\/uploads\/sites\/3\/maky2.jpg","datePublished":"2025-01-20T07:05:26+00:00","description":"Ahhhh de tant dir que ve el llop... que ve fins que... De quan Maky es va menjar un ramat by MasTorrencito","breadcrumb":{"@id":"https:\/\/mastorrencito.com\/cat\/de-quan-maky-es-va-menjar-un-ramat-by-mastorrencito\/#breadcrumb"},"inLanguage":"es","potentialAction":[{"@type":"ReadAction","target":["https:\/\/mastorrencito.com\/cat\/de-quan-maky-es-va-menjar-un-ramat-by-mastorrencito\/"]}]},{"@type":"ImageObject","inLanguage":"es","@id":"https:\/\/mastorrencito.com\/cat\/de-quan-maky-es-va-menjar-un-ramat-by-mastorrencito\/#primaryimage","url":"https:\/\/mastorrencito.com\/cat\/wp-content\/uploads\/sites\/3\/maky2.jpg","contentUrl":"https:\/\/mastorrencito.com\/cat\/wp-content\/uploads\/sites\/3\/maky2.jpg","width":1536,"height":2048,"caption":"Maky, el asesino de ovejas de Mastorrencito"},{"@type":"BreadcrumbList","@id":"https:\/\/mastorrencito.com\/cat\/de-quan-maky-es-va-menjar-un-ramat-by-mastorrencito\/#breadcrumb","itemListElement":[{"@type":"ListItem","position":1,"name":"Portada","item":"https:\/\/mastorrencito.com\/"},{"@type":"ListItem","position":2,"name":"De quan Maky es va menjar un ramat by MasTorrencito"}]},{"@type":"WebSite","@id":"https:\/\/mastorrencito.com\/#website","url":"https:\/\/mastorrencito.com\/","name":"Mas Torrencito CAT","description":"Casa rural pet friendly en Girona","publisher":{"@id":"https:\/\/mastorrencito.com\/#organization"},"potentialAction":[{"@type":"SearchAction","target":{"@type":"EntryPoint","urlTemplate":"https:\/\/mastorrencito.com\/?s={search_term_string}"},"query-input":{"@type":"PropertyValueSpecification","valueRequired":true,"valueName":"search_term_string"}}],"inLanguage":"es"},{"@type":"Organization","@id":"https:\/\/mastorrencito.com\/#organization","name":"Mas Torrencito CAT","url":"https:\/\/mastorrencito.com\/","logo":{"@type":"ImageObject","inLanguage":"es","@id":"https:\/\/mastorrencito.com\/#\/schema\/logo\/image\/","url":"https:\/\/mastorrencito.com\/cat\/wp-content\/uploads\/sites\/3\/Logo-Mastorrencito-horizontal.webp","contentUrl":"https:\/\/mastorrencito.com\/cat\/wp-content\/uploads\/sites\/3\/Logo-Mastorrencito-horizontal.webp","width":161,"height":54,"caption":"Mas Torrencito CAT"},"image":{"@id":"https:\/\/mastorrencito.com\/#\/schema\/logo\/image\/"}},{"@type":"Person","@id":"https:\/\/mastorrencito.com\/#\/schema\/person\/18c619be80d4ae2667c702911625f790","name":"Mastorrencito","image":{"@type":"ImageObject","inLanguage":"es","@id":"https:\/\/secure.gravatar.com\/avatar\/3ef55e0519f987a734c21caee1423b51df7b760b7d81a38ecd31cab0a5115f6d?s=96&d=mm&r=g","url":"https:\/\/secure.gravatar.com\/avatar\/3ef55e0519f987a734c21caee1423b51df7b760b7d81a38ecd31cab0a5115f6d?s=96&d=mm&r=g","contentUrl":"https:\/\/secure.gravatar.com\/avatar\/3ef55e0519f987a734c21caee1423b51df7b760b7d81a38ecd31cab0a5115f6d?s=96&d=mm&r=g","caption":"Mastorrencito"},"url":"https:\/\/mastorrencito.com\/cat\/author\/mastorrencito\/"}]}},"acf":[],"_links":{"self":[{"href":"https:\/\/mastorrencito.com\/cat\/wp-json\/wp\/v2\/posts\/3256","targetHints":{"allow":["GET"]}}],"collection":[{"href":"https:\/\/mastorrencito.com\/cat\/wp-json\/wp\/v2\/posts"}],"about":[{"href":"https:\/\/mastorrencito.com\/cat\/wp-json\/wp\/v2\/types\/post"}],"author":[{"embeddable":true,"href":"https:\/\/mastorrencito.com\/cat\/wp-json\/wp\/v2\/users\/2"}],"replies":[{"embeddable":true,"href":"https:\/\/mastorrencito.com\/cat\/wp-json\/wp\/v2\/comments?post=3256"}],"version-history":[{"count":0,"href":"https:\/\/mastorrencito.com\/cat\/wp-json\/wp\/v2\/posts\/3256\/revisions"}],"wp:featuredmedia":[{"embeddable":true,"href":"https:\/\/mastorrencito.com\/cat\/wp-json\/wp\/v2\/media\/3249"}],"wp:attachment":[{"href":"https:\/\/mastorrencito.com\/cat\/wp-json\/wp\/v2\/media?parent=3256"}],"wp:term":[{"taxonomy":"category","embeddable":true,"href":"https:\/\/mastorrencito.com\/cat\/wp-json\/wp\/v2\/categories?post=3256"},{"taxonomy":"post_tag","embeddable":true,"href":"https:\/\/mastorrencito.com\/cat\/wp-json\/wp\/v2\/tags?post=3256"}],"curies":[{"name":"wp","href":"https:\/\/api.w.org\/{rel}","templated":true}]}}