{"id":3238,"date":"2025-01-18T06:42:35","date_gmt":"2025-01-18T06:42:35","guid":{"rendered":"https:\/\/casaruralconperrosgirona.com\/un-mal-dia-per-deixar-de-fumar-by-mastorrencito\/"},"modified":"2025-01-18T06:42:35","modified_gmt":"2025-01-18T06:42:35","slug":"un-mal-dia-per-deixar-de-fumar-by-mastorrencito","status":"publish","type":"post","link":"https:\/\/mastorrencito.com\/cat\/un-mal-dia-per-deixar-de-fumar-by-mastorrencito\/","title":{"rendered":"Un mal dia per deixar de fumar by MasTorrencito"},"content":{"rendered":"\n<p>Diuen que sempre hi ha un mat\u00ed per all\u00f2 que vam decidir postergar. El futur \u00e9s aquest espai c\u00f2mode on amunteguem promeses i prop\u00f2sits, un magatzem de \u00abmatins\u00bb que poques vegades es converteixen en avui. Un mal dia per deixar de fumar by MasTorrencito  <\/p>\n\n<p>Entre aquests prop\u00f2sits universals deixar de fumar ocupa un lloc d&#8217;honor. I jo hi era, una vegada m\u00e9s, considerant aquesta idea: per qu\u00e8 no deixar el tabac? No avui, \u00e9s clar\u2026 avui no \u00e9s un bon dia.  <\/p>\n\n<p>Ahir, entre comptes mentals i la sensaci\u00f3 que els diners s&#8217;escapen entre el fum dels meus cigarrets, vaig fer un c\u00e0lcul que em va colpejar com una veritat irrefutable. Dos paquets al dia, a 6.30 euros cadascuna. , cremo bitllets. S\u00f3n 4.599 euros a l&#8217;any. aix\u00f2, ho deixo tot en cendres i burilles.     <\/p>\n\n<p>Aix\u00ed que ahir, mentre mirava l&#8217;horitz\u00f3 i sentia aquesta espurna de voluntat, vaig pensar: <em>Dem\u00e0 ho deixo<\/em> . Per\u00f2 el problema amb els matins \u00e9s que mai no arriben amb la facilitat amb qu\u00e8 els imaginem. Avui no \u00e9s un bon dia, \u00e9s clar.  <\/p>\n<figure class=\"wp-block-post-featured-image\"><img fetchpriority=\"high\" decoding=\"async\" width=\"1024\" height=\"1024\" src=\"https:\/\/mastorrencito.com\/cat\/wp-content\/uploads\/sites\/3\/fumar.jpg\" class=\"attachment-post-thumbnail size-post-thumbnail wp-post-image\" alt=\"Un mal d\u00eda para dejar de fumar by MasTorrencito\" style=\"object-fit:cover;\" srcset=\"https:\/\/mastorrencito.com\/cat\/wp-content\/uploads\/sites\/3\/fumar.jpg 1024w, https:\/\/mastorrencito.com\/cat\/wp-content\/uploads\/sites\/3\/fumar-300x300.jpg 300w, https:\/\/mastorrencito.com\/cat\/wp-content\/uploads\/sites\/3\/fumar-150x150.jpg 150w, https:\/\/mastorrencito.com\/cat\/wp-content\/uploads\/sites\/3\/fumar-768x768.jpg 768w\" sizes=\"(max-width: 1024px) 100vw, 1024px\" \/><\/figure>\n<p>No ho \u00e9s perqu\u00e8 les reserves estan baixes, tant les f\u00edsiques com les emocionals. No ho \u00e9s perqu\u00e8 el meu cervell s&#8217;espremu buscant maneres d&#8217;atreure m\u00e9s clients al meu negoci, i l&#8217;\u00fanic cam\u00ed sembla ser lliurar-me a la tirania de plataformes com Booking, que fan el que ni tan sols Google Ads pot aconseguir. L&#8217;estr\u00e8s d&#8217;aquesta decisi\u00f3 es tradueix en una cigarreta m\u00e9s, i despr\u00e9s una altra. El fum \u00e9s, en certa manera, la meva manera de mesurar el temps i calmar l&#8217;ansietat. Tot i que \u00e9s clar, calmar-la no \u00e9s exactament la paraula&#8230; \u00e9s m\u00e9s com emp\u00e8nyer-la al fons d&#8217;un calaix, on s\u00e9 que tornar\u00e0 a sortir.    <\/p>\n\n<p>I, tot i aix\u00f2, recordo que un dia vaig deixar l&#8217;alcohol. No va ser planificat ni dram\u00e0tic; simplement va succeir. Un dia vaig decidir que no necessitava m\u00e9s aquest refugi l\u00edquid, ni tan sols tenint un bar a casa meva, ni encara que estim\u00e9s els vins del Priorat i de l&#8217;Empord\u00e0. Feia gaireb\u00e9 dos anys que no tastava una gota, i la veritat \u00e9s que no em va costar tant com m&#8217;imaginava. Per qu\u00e8 no podria fer el mateix amb el tabac?    <\/p>\n\n<p>\u00c9s curi\u00f3s com el cervell s&#8217;enreda en els seus propis paranys. Em pregunto si la soluci\u00f3 ser\u00e0 transitar pel cam\u00ed del vapeig, com qui pren un trencall m\u00e9s suau per evitar l&#8217;abisme, o si simplement he de llan\u00e7ar-me i tallar d&#8217;arrel. De vegades em conven\u00e7o que ser\u00e0 f\u00e0cil, d&#8217;altres ric de la meva pr\u00f2pia ingenu\u00eftat.  <\/p>\n\n<p>En tot aix\u00f2, m&#8217;adono d&#8217;una cosa m\u00e9s profunda: no \u00e9s nom\u00e9s el tabac el que posposo, sin\u00f3 la voluntat de canviar, de ser amo de la meva vida. Al final, deixar de fumar no \u00e9s simplement apagar una cigarreta; \u00e9s un acte d&#8217;afirmaci\u00f3, una petita rebel\u00b7li\u00f3 contra les cadenes invisibles que ens lliguen a h\u00e0bits, excuses i comoditats. I potser avui no \u00e9s el millor dia per deixar de fumar, per\u00f2 tampoc no ho \u00e9s per continuar enganyant-me.  <\/p>\n\n<p>Aix\u00ed que aqu\u00ed estic, amb els meus dubtes i els meus comptes, escrivint aix\u00f2 com un recordatori que algun dia \u2014no s\u00e9 si dem\u00e0 o dilluns que ve, que sempre sona tan prometedor\u2014 far\u00e9 aquest salt. Potser la clau no \u00e9s buscar un bon dia, sin\u00f3 recon\u00e8ixer que qualsevol dia, fins i tot un de dolent, pot ser l&#8217;inici d&#8217;una cosa millor. <\/p>\n\n<p>T&#8217;apostes alguna cosa? Que tinguis un valent i assolellat dissabte. Tant de bo ho aprofitis per fer alguna cosa que portes temps postergant. Jo, per part meva, encendre un altre cigar mentre ho penso. Per darrera vegada\u2026 potser.    <\/p>\n\n<blockquote class=\"wp-block-quote is-layout-flow wp-block-quote-is-layout-flow\">\n<p>Des de MasTorrencito et desitgem un bon dia i que els teus gossos t&#8217;acompanyin!!<\/p>\n<\/blockquote>\n\n<p>\u2014\u2013<br \/> Si vols, pot veure els nostres <strong>bons per caps de setmana, bons jubilats<\/strong> , a un preu incre\u00efble..entra a <a href=\"https:\/\/www.mastorrencito.com\/\">www.mastorrencito.com<\/a> o si vols podeu llegir m\u00e9s hist\u00f2ria i an\u00e8cdotes que ens han passat a Mas Torrencito\u2026 Fes click <a href=\"https:\/\/mastorrencito.com\/es\/\">aqu\u00ed<\/a><\/p>\n","protected":false},"excerpt":{"rendered":"<p>Diuen que sempre hi ha un mat\u00ed per all\u00f2 que vam decidir postergar. El futur \u00e9s aquest espai c\u00f2mode on amunteguem promeses i prop\u00f2sits, un magatzem de \u00abmatins\u00bb que poques vegades es converteixen en avui. Un mal dia per deixar de fumar by MasTorrencito Entre aquests prop\u00f2sits universals deixar de fumar ocupa un lloc d&#8217;honor. [&hellip;]<\/p>\n","protected":false},"author":2,"featured_media":3231,"comment_status":"open","ping_status":"closed","sticky":false,"template":"","format":"standard","meta":{"_acf_changed":false,"footnotes":""},"categories":[35],"tags":[75,57,49,76],"class_list":["post-3238","post","type-post","status-publish","format-standard","has-post-thumbnail","hentry","category-histories-mastorrencito","tag-mastronet","tag-turismeruralambgossos-3","tag-turismoruralconperros","tag-vacances-amb-gossos"],"yoast_head":"<!-- This site is optimized with the Yoast SEO Premium plugin v27.3 (Yoast SEO v27.5) - https:\/\/yoast.com\/product\/yoast-seo-premium-wordpress\/ -->\n<title>Un mal dia per deixar de fumar by MasTorrencito - Mas Torrencito CAT<\/title>\n<meta name=\"description\" content=\"Sempre \u00e9s un mal dia `per deixar alguna cosa... per\u00f2 en algun moment haur\u00e0 de ser... o no???? Un mal dia per deixar de fumar by MasTorrencito\" \/>\n<meta name=\"robots\" content=\"index, follow, max-snippet:-1, max-image-preview:large, max-video-preview:-1\" \/>\n<link rel=\"canonical\" href=\"https:\/\/mastorrencito.com\/cat\/un-mal-dia-per-deixar-de-fumar-by-mastorrencito\/\" \/>\n<meta property=\"og:locale\" content=\"es_ES\" \/>\n<meta property=\"og:type\" content=\"article\" \/>\n<meta property=\"og:title\" content=\"Un mal dia per deixar de fumar by MasTorrencito\" \/>\n<meta property=\"og:description\" content=\"Sempre \u00e9s un mal dia `per deixar alguna cosa... per\u00f2 en algun moment haur\u00e0 de ser... o no???? Un mal dia per deixar de fumar by MasTorrencito\" \/>\n<meta property=\"og:url\" content=\"https:\/\/mastorrencito.com\/cat\/un-mal-dia-per-deixar-de-fumar-by-mastorrencito\/\" \/>\n<meta property=\"og:site_name\" content=\"Mas Torrencito CAT\" \/>\n<meta property=\"article:published_time\" content=\"2025-01-18T06:42:35+00:00\" \/>\n<meta property=\"og:image\" content=\"https:\/\/mastorrencito.com\/cat\/wp-content\/uploads\/sites\/3\/fumar.jpg\" \/>\n\t<meta property=\"og:image:width\" content=\"1024\" \/>\n\t<meta property=\"og:image:height\" content=\"1024\" \/>\n\t<meta property=\"og:image:type\" content=\"image\/jpeg\" \/>\n<meta name=\"author\" content=\"Mastorrencito\" \/>\n<meta name=\"twitter:card\" content=\"summary_large_image\" \/>\n<meta name=\"twitter:label1\" content=\"Escrito por\" \/>\n\t<meta name=\"twitter:data1\" content=\"Mastorrencito\" \/>\n\t<meta name=\"twitter:label2\" content=\"Tiempo de lectura\" \/>\n\t<meta name=\"twitter:data2\" content=\"3 minutos\" \/>\n<script type=\"application\/ld+json\" class=\"yoast-schema-graph\">{\"@context\":\"https:\\\/\\\/schema.org\",\"@graph\":[{\"@type\":\"Article\",\"@id\":\"https:\\\/\\\/mastorrencito.com\\\/cat\\\/un-mal-dia-per-deixar-de-fumar-by-mastorrencito\\\/#article\",\"isPartOf\":{\"@id\":\"https:\\\/\\\/mastorrencito.com\\\/cat\\\/un-mal-dia-per-deixar-de-fumar-by-mastorrencito\\\/\"},\"author\":{\"name\":\"Mastorrencito\",\"@id\":\"https:\\\/\\\/mastorrencito.com\\\/#\\\/schema\\\/person\\\/18c619be80d4ae2667c702911625f790\"},\"headline\":\"Un mal dia per deixar de fumar by MasTorrencito\",\"datePublished\":\"2025-01-18T06:42:35+00:00\",\"mainEntityOfPage\":{\"@id\":\"https:\\\/\\\/mastorrencito.com\\\/cat\\\/un-mal-dia-per-deixar-de-fumar-by-mastorrencito\\\/\"},\"wordCount\":719,\"commentCount\":0,\"publisher\":{\"@id\":\"https:\\\/\\\/mastorrencito.com\\\/#organization\"},\"image\":{\"@id\":\"https:\\\/\\\/mastorrencito.com\\\/cat\\\/un-mal-dia-per-deixar-de-fumar-by-mastorrencito\\\/#primaryimage\"},\"thumbnailUrl\":\"https:\\\/\\\/mastorrencito.com\\\/cat\\\/wp-content\\\/uploads\\\/sites\\\/3\\\/fumar.jpg\",\"keywords\":[\"mastronet\",\"turismeruralambgossos\",\"Turismoruralconperros\",\"vacances amb gossos\"],\"articleSection\":[\"Hist\u00f2ries Mastorrencito\"],\"inLanguage\":\"es\",\"potentialAction\":[{\"@type\":\"CommentAction\",\"name\":\"Comment\",\"target\":[\"https:\\\/\\\/mastorrencito.com\\\/cat\\\/un-mal-dia-per-deixar-de-fumar-by-mastorrencito\\\/#respond\"]}]},{\"@type\":\"WebPage\",\"@id\":\"https:\\\/\\\/mastorrencito.com\\\/cat\\\/un-mal-dia-per-deixar-de-fumar-by-mastorrencito\\\/\",\"url\":\"https:\\\/\\\/mastorrencito.com\\\/cat\\\/un-mal-dia-per-deixar-de-fumar-by-mastorrencito\\\/\",\"name\":\"Un mal dia per deixar de fumar by MasTorrencito - Mas Torrencito CAT\",\"isPartOf\":{\"@id\":\"https:\\\/\\\/mastorrencito.com\\\/#website\"},\"primaryImageOfPage\":{\"@id\":\"https:\\\/\\\/mastorrencito.com\\\/cat\\\/un-mal-dia-per-deixar-de-fumar-by-mastorrencito\\\/#primaryimage\"},\"image\":{\"@id\":\"https:\\\/\\\/mastorrencito.com\\\/cat\\\/un-mal-dia-per-deixar-de-fumar-by-mastorrencito\\\/#primaryimage\"},\"thumbnailUrl\":\"https:\\\/\\\/mastorrencito.com\\\/cat\\\/wp-content\\\/uploads\\\/sites\\\/3\\\/fumar.jpg\",\"datePublished\":\"2025-01-18T06:42:35+00:00\",\"description\":\"Sempre \u00e9s un mal dia `per deixar alguna cosa... per\u00f2 en algun moment haur\u00e0 de ser... o no???? Un mal dia per deixar de fumar by MasTorrencito\",\"breadcrumb\":{\"@id\":\"https:\\\/\\\/mastorrencito.com\\\/cat\\\/un-mal-dia-per-deixar-de-fumar-by-mastorrencito\\\/#breadcrumb\"},\"inLanguage\":\"es\",\"potentialAction\":[{\"@type\":\"ReadAction\",\"target\":[\"https:\\\/\\\/mastorrencito.com\\\/cat\\\/un-mal-dia-per-deixar-de-fumar-by-mastorrencito\\\/\"]}]},{\"@type\":\"ImageObject\",\"inLanguage\":\"es\",\"@id\":\"https:\\\/\\\/mastorrencito.com\\\/cat\\\/un-mal-dia-per-deixar-de-fumar-by-mastorrencito\\\/#primaryimage\",\"url\":\"https:\\\/\\\/mastorrencito.com\\\/cat\\\/wp-content\\\/uploads\\\/sites\\\/3\\\/fumar.jpg\",\"contentUrl\":\"https:\\\/\\\/mastorrencito.com\\\/cat\\\/wp-content\\\/uploads\\\/sites\\\/3\\\/fumar.jpg\",\"width\":1024,\"height\":1024,\"caption\":\"Un mal d\u00eda para dejar de fumar by MasTorrencito\"},{\"@type\":\"BreadcrumbList\",\"@id\":\"https:\\\/\\\/mastorrencito.com\\\/cat\\\/un-mal-dia-per-deixar-de-fumar-by-mastorrencito\\\/#breadcrumb\",\"itemListElement\":[{\"@type\":\"ListItem\",\"position\":1,\"name\":\"Portada\",\"item\":\"https:\\\/\\\/mastorrencito.com\\\/\"},{\"@type\":\"ListItem\",\"position\":2,\"name\":\"Un mal dia per deixar de fumar by MasTorrencito\"}]},{\"@type\":\"WebSite\",\"@id\":\"https:\\\/\\\/mastorrencito.com\\\/#website\",\"url\":\"https:\\\/\\\/mastorrencito.com\\\/\",\"name\":\"Mas Torrencito CAT\",\"description\":\"Casa rural pet friendly en Girona\",\"publisher\":{\"@id\":\"https:\\\/\\\/mastorrencito.com\\\/#organization\"},\"potentialAction\":[{\"@type\":\"SearchAction\",\"target\":{\"@type\":\"EntryPoint\",\"urlTemplate\":\"https:\\\/\\\/mastorrencito.com\\\/?s={search_term_string}\"},\"query-input\":{\"@type\":\"PropertyValueSpecification\",\"valueRequired\":true,\"valueName\":\"search_term_string\"}}],\"inLanguage\":\"es\"},{\"@type\":\"Organization\",\"@id\":\"https:\\\/\\\/mastorrencito.com\\\/#organization\",\"name\":\"Mas Torrencito CAT\",\"url\":\"https:\\\/\\\/mastorrencito.com\\\/\",\"logo\":{\"@type\":\"ImageObject\",\"inLanguage\":\"es\",\"@id\":\"https:\\\/\\\/mastorrencito.com\\\/#\\\/schema\\\/logo\\\/image\\\/\",\"url\":\"https:\\\/\\\/mastorrencito.com\\\/cat\\\/wp-content\\\/uploads\\\/sites\\\/3\\\/Logo-Mastorrencito-horizontal.webp\",\"contentUrl\":\"https:\\\/\\\/mastorrencito.com\\\/cat\\\/wp-content\\\/uploads\\\/sites\\\/3\\\/Logo-Mastorrencito-horizontal.webp\",\"width\":161,\"height\":54,\"caption\":\"Mas Torrencito CAT\"},\"image\":{\"@id\":\"https:\\\/\\\/mastorrencito.com\\\/#\\\/schema\\\/logo\\\/image\\\/\"}},{\"@type\":\"Person\",\"@id\":\"https:\\\/\\\/mastorrencito.com\\\/#\\\/schema\\\/person\\\/18c619be80d4ae2667c702911625f790\",\"name\":\"Mastorrencito\",\"image\":{\"@type\":\"ImageObject\",\"inLanguage\":\"es\",\"@id\":\"https:\\\/\\\/secure.gravatar.com\\\/avatar\\\/3ef55e0519f987a734c21caee1423b51df7b760b7d81a38ecd31cab0a5115f6d?s=96&d=mm&r=g\",\"url\":\"https:\\\/\\\/secure.gravatar.com\\\/avatar\\\/3ef55e0519f987a734c21caee1423b51df7b760b7d81a38ecd31cab0a5115f6d?s=96&d=mm&r=g\",\"contentUrl\":\"https:\\\/\\\/secure.gravatar.com\\\/avatar\\\/3ef55e0519f987a734c21caee1423b51df7b760b7d81a38ecd31cab0a5115f6d?s=96&d=mm&r=g\",\"caption\":\"Mastorrencito\"},\"url\":\"https:\\\/\\\/mastorrencito.com\\\/cat\\\/author\\\/mastorrencito\\\/\"}]}<\/script>\n<!-- \/ Yoast SEO Premium plugin. -->","yoast_head_json":{"title":"Un mal dia per deixar de fumar by MasTorrencito - Mas Torrencito CAT","description":"Sempre \u00e9s un mal dia `per deixar alguna cosa... per\u00f2 en algun moment haur\u00e0 de ser... o no???? Un mal dia per deixar de fumar by MasTorrencito","robots":{"index":"index","follow":"follow","max-snippet":"max-snippet:-1","max-image-preview":"max-image-preview:large","max-video-preview":"max-video-preview:-1"},"canonical":"https:\/\/mastorrencito.com\/cat\/un-mal-dia-per-deixar-de-fumar-by-mastorrencito\/","og_locale":"es_ES","og_type":"article","og_title":"Un mal dia per deixar de fumar by MasTorrencito","og_description":"Sempre \u00e9s un mal dia `per deixar alguna cosa... per\u00f2 en algun moment haur\u00e0 de ser... o no???? Un mal dia per deixar de fumar by MasTorrencito","og_url":"https:\/\/mastorrencito.com\/cat\/un-mal-dia-per-deixar-de-fumar-by-mastorrencito\/","og_site_name":"Mas Torrencito CAT","article_published_time":"2025-01-18T06:42:35+00:00","og_image":[{"width":1024,"height":1024,"url":"https:\/\/mastorrencito.com\/cat\/wp-content\/uploads\/sites\/3\/fumar.jpg","type":"image\/jpeg"}],"author":"Mastorrencito","twitter_card":"summary_large_image","twitter_misc":{"Escrito por":"Mastorrencito","Tiempo de lectura":"3 minutos"},"schema":{"@context":"https:\/\/schema.org","@graph":[{"@type":"Article","@id":"https:\/\/mastorrencito.com\/cat\/un-mal-dia-per-deixar-de-fumar-by-mastorrencito\/#article","isPartOf":{"@id":"https:\/\/mastorrencito.com\/cat\/un-mal-dia-per-deixar-de-fumar-by-mastorrencito\/"},"author":{"name":"Mastorrencito","@id":"https:\/\/mastorrencito.com\/#\/schema\/person\/18c619be80d4ae2667c702911625f790"},"headline":"Un mal dia per deixar de fumar by MasTorrencito","datePublished":"2025-01-18T06:42:35+00:00","mainEntityOfPage":{"@id":"https:\/\/mastorrencito.com\/cat\/un-mal-dia-per-deixar-de-fumar-by-mastorrencito\/"},"wordCount":719,"commentCount":0,"publisher":{"@id":"https:\/\/mastorrencito.com\/#organization"},"image":{"@id":"https:\/\/mastorrencito.com\/cat\/un-mal-dia-per-deixar-de-fumar-by-mastorrencito\/#primaryimage"},"thumbnailUrl":"https:\/\/mastorrencito.com\/cat\/wp-content\/uploads\/sites\/3\/fumar.jpg","keywords":["mastronet","turismeruralambgossos","Turismoruralconperros","vacances amb gossos"],"articleSection":["Hist\u00f2ries Mastorrencito"],"inLanguage":"es","potentialAction":[{"@type":"CommentAction","name":"Comment","target":["https:\/\/mastorrencito.com\/cat\/un-mal-dia-per-deixar-de-fumar-by-mastorrencito\/#respond"]}]},{"@type":"WebPage","@id":"https:\/\/mastorrencito.com\/cat\/un-mal-dia-per-deixar-de-fumar-by-mastorrencito\/","url":"https:\/\/mastorrencito.com\/cat\/un-mal-dia-per-deixar-de-fumar-by-mastorrencito\/","name":"Un mal dia per deixar de fumar by MasTorrencito - Mas Torrencito CAT","isPartOf":{"@id":"https:\/\/mastorrencito.com\/#website"},"primaryImageOfPage":{"@id":"https:\/\/mastorrencito.com\/cat\/un-mal-dia-per-deixar-de-fumar-by-mastorrencito\/#primaryimage"},"image":{"@id":"https:\/\/mastorrencito.com\/cat\/un-mal-dia-per-deixar-de-fumar-by-mastorrencito\/#primaryimage"},"thumbnailUrl":"https:\/\/mastorrencito.com\/cat\/wp-content\/uploads\/sites\/3\/fumar.jpg","datePublished":"2025-01-18T06:42:35+00:00","description":"Sempre \u00e9s un mal dia `per deixar alguna cosa... per\u00f2 en algun moment haur\u00e0 de ser... o no???? Un mal dia per deixar de fumar by MasTorrencito","breadcrumb":{"@id":"https:\/\/mastorrencito.com\/cat\/un-mal-dia-per-deixar-de-fumar-by-mastorrencito\/#breadcrumb"},"inLanguage":"es","potentialAction":[{"@type":"ReadAction","target":["https:\/\/mastorrencito.com\/cat\/un-mal-dia-per-deixar-de-fumar-by-mastorrencito\/"]}]},{"@type":"ImageObject","inLanguage":"es","@id":"https:\/\/mastorrencito.com\/cat\/un-mal-dia-per-deixar-de-fumar-by-mastorrencito\/#primaryimage","url":"https:\/\/mastorrencito.com\/cat\/wp-content\/uploads\/sites\/3\/fumar.jpg","contentUrl":"https:\/\/mastorrencito.com\/cat\/wp-content\/uploads\/sites\/3\/fumar.jpg","width":1024,"height":1024,"caption":"Un mal d\u00eda para dejar de fumar by MasTorrencito"},{"@type":"BreadcrumbList","@id":"https:\/\/mastorrencito.com\/cat\/un-mal-dia-per-deixar-de-fumar-by-mastorrencito\/#breadcrumb","itemListElement":[{"@type":"ListItem","position":1,"name":"Portada","item":"https:\/\/mastorrencito.com\/"},{"@type":"ListItem","position":2,"name":"Un mal dia per deixar de fumar by MasTorrencito"}]},{"@type":"WebSite","@id":"https:\/\/mastorrencito.com\/#website","url":"https:\/\/mastorrencito.com\/","name":"Mas Torrencito CAT","description":"Casa rural pet friendly en Girona","publisher":{"@id":"https:\/\/mastorrencito.com\/#organization"},"potentialAction":[{"@type":"SearchAction","target":{"@type":"EntryPoint","urlTemplate":"https:\/\/mastorrencito.com\/?s={search_term_string}"},"query-input":{"@type":"PropertyValueSpecification","valueRequired":true,"valueName":"search_term_string"}}],"inLanguage":"es"},{"@type":"Organization","@id":"https:\/\/mastorrencito.com\/#organization","name":"Mas Torrencito CAT","url":"https:\/\/mastorrencito.com\/","logo":{"@type":"ImageObject","inLanguage":"es","@id":"https:\/\/mastorrencito.com\/#\/schema\/logo\/image\/","url":"https:\/\/mastorrencito.com\/cat\/wp-content\/uploads\/sites\/3\/Logo-Mastorrencito-horizontal.webp","contentUrl":"https:\/\/mastorrencito.com\/cat\/wp-content\/uploads\/sites\/3\/Logo-Mastorrencito-horizontal.webp","width":161,"height":54,"caption":"Mas Torrencito CAT"},"image":{"@id":"https:\/\/mastorrencito.com\/#\/schema\/logo\/image\/"}},{"@type":"Person","@id":"https:\/\/mastorrencito.com\/#\/schema\/person\/18c619be80d4ae2667c702911625f790","name":"Mastorrencito","image":{"@type":"ImageObject","inLanguage":"es","@id":"https:\/\/secure.gravatar.com\/avatar\/3ef55e0519f987a734c21caee1423b51df7b760b7d81a38ecd31cab0a5115f6d?s=96&d=mm&r=g","url":"https:\/\/secure.gravatar.com\/avatar\/3ef55e0519f987a734c21caee1423b51df7b760b7d81a38ecd31cab0a5115f6d?s=96&d=mm&r=g","contentUrl":"https:\/\/secure.gravatar.com\/avatar\/3ef55e0519f987a734c21caee1423b51df7b760b7d81a38ecd31cab0a5115f6d?s=96&d=mm&r=g","caption":"Mastorrencito"},"url":"https:\/\/mastorrencito.com\/cat\/author\/mastorrencito\/"}]}},"acf":[],"_links":{"self":[{"href":"https:\/\/mastorrencito.com\/cat\/wp-json\/wp\/v2\/posts\/3238","targetHints":{"allow":["GET"]}}],"collection":[{"href":"https:\/\/mastorrencito.com\/cat\/wp-json\/wp\/v2\/posts"}],"about":[{"href":"https:\/\/mastorrencito.com\/cat\/wp-json\/wp\/v2\/types\/post"}],"author":[{"embeddable":true,"href":"https:\/\/mastorrencito.com\/cat\/wp-json\/wp\/v2\/users\/2"}],"replies":[{"embeddable":true,"href":"https:\/\/mastorrencito.com\/cat\/wp-json\/wp\/v2\/comments?post=3238"}],"version-history":[{"count":0,"href":"https:\/\/mastorrencito.com\/cat\/wp-json\/wp\/v2\/posts\/3238\/revisions"}],"wp:featuredmedia":[{"embeddable":true,"href":"https:\/\/mastorrencito.com\/cat\/wp-json\/wp\/v2\/media\/3231"}],"wp:attachment":[{"href":"https:\/\/mastorrencito.com\/cat\/wp-json\/wp\/v2\/media?parent=3238"}],"wp:term":[{"taxonomy":"category","embeddable":true,"href":"https:\/\/mastorrencito.com\/cat\/wp-json\/wp\/v2\/categories?post=3238"},{"taxonomy":"post_tag","embeddable":true,"href":"https:\/\/mastorrencito.com\/cat\/wp-json\/wp\/v2\/tags?post=3238"}],"curies":[{"name":"wp","href":"https:\/\/api.w.org\/{rel}","templated":true}]}}