{"id":3225,"date":"2025-01-17T05:57:26","date_gmt":"2025-01-17T05:57:26","guid":{"rendered":"https:\/\/casaruralconperrosgirona.com\/la-realitat-dels-autonoms-una-narracio-de-vida-by-mastorrencito\/"},"modified":"2025-01-17T05:57:26","modified_gmt":"2025-01-17T05:57:26","slug":"la-realitat-dels-autonoms-una-narracio-de-vida-by-mastorrencito","status":"publish","type":"post","link":"https:\/\/mastorrencito.com\/cat\/la-realitat-dels-autonoms-una-narracio-de-vida-by-mastorrencito\/","title":{"rendered":"La Realitat dels Aut\u00f2noms: Una Narraci\u00f3 de Vida by MasTorrencito"},"content":{"rendered":"\n<p>Hi ha dies que t&#8217;aixeques i et preguntes: <em>I si ho deixo tot i comen\u00e7o de zero?<\/em> \u00c9s un pensament que martelleja la ment dels qui, com nosaltres, viuen en aquesta muntanya russa anomenada vida d&#8217;aut\u00f2nom. La Realitat dels Aut\u00f2noms: Una Narraci\u00f3 de Vida by MasTorrencito <\/p>\n\n<p>I no \u00e9s estrany, saps? Cada setmana conec alg\u00fa que em diu el mateix: \u00abHo enviar\u00e9 tot a la merda\u00bb. I jo sempre els responc:    <em>No el manis a la merda. Tanca aquesta etapa, pren-te un mes o dos, reflexiona i decideix el que realment vols. Perqu\u00e8 dir-ho \u00e9s f\u00e0cil, fer-ho no tant.  <\/em><\/p>\n\n<p>La vida d&#8217;aut\u00f2nom no \u00e9s id\u00edl\u00b7lica, encara que des de fora ho sembli. Alguns pensen que ser el teu propi cap \u00e9s alliberador, i \u00e9s clar, t\u00e9 la seva m\u00e0gia, per\u00f2 tamb\u00e9 la c\u00e0rrega. <em>\u00abJo t&#8217;envejo\u00bb, em<\/em> diuen alguns. I jo sempre els contesto amb un somriure amarg: <em>\u201cCompra&#8217;l! Per a tu, tot teu\u201d.<\/em> Perqu\u00e8 deixar de dependre d&#8217;un sou fix per dependre exclusivament de tu mateix o de l&#8217;economia dels altres, no \u00e9s una decisi\u00f3 que es pren a la lleugera.  <\/p>\n<figure class=\"wp-block-post-featured-image\"><img fetchpriority=\"high\" decoding=\"async\" width=\"1200\" height=\"1600\" src=\"https:\/\/mastorrencito.com\/cat\/wp-content\/uploads\/sites\/3\/Imatge-de-WhatsApp-2024-11-28-a-les-06.11.43_a54b5b84.jpg\" class=\"attachment-post-thumbnail size-post-thumbnail wp-post-image\" alt=\"\" style=\"object-fit:cover;\" srcset=\"https:\/\/mastorrencito.com\/cat\/wp-content\/uploads\/sites\/3\/Imatge-de-WhatsApp-2024-11-28-a-les-06.11.43_a54b5b84.jpg 1200w, https:\/\/mastorrencito.com\/cat\/wp-content\/uploads\/sites\/3\/Imatge-de-WhatsApp-2024-11-28-a-les-06.11.43_a54b5b84-225x300.jpg 225w, https:\/\/mastorrencito.com\/cat\/wp-content\/uploads\/sites\/3\/Imatge-de-WhatsApp-2024-11-28-a-les-06.11.43_a54b5b84-768x1024.jpg 768w, https:\/\/mastorrencito.com\/cat\/wp-content\/uploads\/sites\/3\/Imatge-de-WhatsApp-2024-11-28-a-les-06.11.43_a54b5b84-1152x1536.jpg 1152w\" sizes=\"(max-width: 1200px) 100vw, 1200px\" \/><\/figure>\n<hr class=\"wp-block-separator has-alpha-channel-opacity\" \/>\n\n<h3 class=\"wp-block-heading\">El Cam\u00ed Dif\u00edcil de Fer-ho Solo<\/h3>\n\n<p>Ser aut\u00f2nom \u00e9s fer malabars amb foc: ofertes que saps que no et faran guanyar un euro, per\u00f2 que almenys \u201cmouen diners\u201d. Escrivint textos, publicant en xarxes, invertint a Google Ads, pagant SEO, contractant un community manager\u2026 i de vegades, sense resultats visibles. I mentrestant, les despeses no esperen: el pr\u00e9stec, els prove\u00efdors, les factures d&#8217;electricitat, les inversions\u2026 Tot arriba puntualment, encara que l?ingr\u00e9s no.  <\/p>\n\n<p>Baixar preus per ser competitiu fa mal, sobretot quan aix\u00f2 significa pagar comissions per plataformes que et porten clients. Fa mal, per\u00f2 almenys saps que el negoci continua viu. \u00c9s el cercle etern: <em>pagues perqu\u00e8 hi ha clients, i tens clients perqu\u00e8 pagues.<\/em> Per\u00f2, fins quan?  <\/p>\n\n<hr class=\"wp-block-separator has-alpha-channel-opacity\" \/>\n\n<h3 class=\"wp-block-heading\">El Fred Silenci dels Dies Buits<\/h3>\n\n<p>Saps qu\u00e8 \u00e9s el m\u00e9s dur? Els dies buits. Aquests dies en qu\u00e8 no hi entra ning\u00fa. Dies en qu\u00e8 has gastat un dineral en calefacci\u00f3 per mantenir la casa calenta i acollidora, has netejat cada rac\u00f3 per estar llest per si de cas, i no passa res. Nom\u00e9s silenci. Fas comptes i t&#8217;adones que aquest dimarts qualsevol, amb -3 graus fora, nom\u00e9s ha significat m\u00e9s despesa, m\u00e9s inversi\u00f3, sense ni un ingr\u00e9s que ho justifiqui.     <\/p>\n\n<p>I quan alguna cosa surt malament, mai no ho far\u00e0 en el moment oport\u00fa. No es trencar\u00e0 la caldera un dilluns amb la casa buida, ni el cotxe no fallar\u00e0 un diumenge tranquil. No. Ho far\u00e0 un divendres a la tarda, quan tens clients a la porta i no hi ha manera de reaccionar. \u00c9s la llei de Murphy. \u00c9s la vida mateixa, rient a riallades.     <\/p>\n\n<hr class=\"wp-block-separator has-alpha-channel-opacity\" \/>\n\n<h3 class=\"wp-block-heading\">Reflexi\u00f3 i Realitat<\/h3>\n\n<p>Des d&#8217;aqu\u00ed, des d&#8217;aquesta experi\u00e8ncia que molts compartim, us dic una cosa: no \u00e9s tan bonic, ni tan f\u00e0cil, ni tan id\u00edl\u00b7lic com sembla. I aix\u00f2 est\u00e0 b\u00e9. Perqu\u00e8 la vida, la vida veritable, no \u00e9s un conte de fades. \u00c9s esfor\u00e7, lluita, caigudes i, si tens sort, moments de satisfacci\u00f3 que justifiquen tot el sacrifici.  <\/p>\n\n<p>Aix\u00ed que, si algun dia decideixes comen\u00e7ar de zero, fes-ho. Per\u00f2 fes-ho amb els ulls ben oberts. Medita-ho, planifica-ho i, sobretot, fes-ho perqu\u00e8 \u00e9s el que realment vols, no perqu\u00e8 est\u00e0s fugint del que ja tens. Perqu\u00e8 si alguna cosa he apr\u00e8s en aquesta carrera interminable, \u00e9s que la clau no \u00e9s evitar els problemes, sin\u00f3 aprendre a viure amb ells.   <\/p>\n\n<p>Al final, la vida \u00e9s aix\u00f2: un joc d&#8217;equilibri on l&#8217;\u00fanica constant \u00e9s el canvi.<\/p>\n\n<p><\/p>\n\n<hr class=\"wp-block-separator has-alpha-channel-opacity\" \/>\n\n<blockquote class=\"wp-block-quote is-layout-flow wp-block-quote-is-layout-flow\">\n<p>Des de MasTorrencito et desitgem un bon dia i que els teus gossos t&#8217;acompanyin!!<\/p>\n<\/blockquote>\n\n<p>\u2014\u2013<br \/> Si vols, pot veure els nostres <strong>bons per caps de setmana, bons jubilats<\/strong> , a un preu incre\u00efble..entra a <a href=\"https:\/\/www.mastorrencito.com\/\">www.mastorrencito.com<\/a> o si vols podeu llegir m\u00e9s hist\u00f2ria i an\u00e8cd<\/p>\n","protected":false},"excerpt":{"rendered":"<p>Hi ha dies que t&#8217;aixeques i et preguntes: I si ho deixo tot i comen\u00e7o de zero? \u00c9s un pensament que martelleja la ment dels qui, com nosaltres, viuen en aquesta muntanya russa anomenada vida d&#8217;aut\u00f2nom. La Realitat dels Aut\u00f2noms: Una Narraci\u00f3 de Vida by MasTorrencito I no \u00e9s estrany, saps? Cada setmana conec alg\u00fa [&hellip;]<\/p>\n","protected":false},"author":2,"featured_media":2395,"comment_status":"open","ping_status":"closed","sticky":false,"template":"","format":"standard","meta":{"_acf_changed":false,"footnotes":""},"categories":[35],"tags":[],"class_list":["post-3225","post","type-post","status-publish","format-standard","has-post-thumbnail","hentry","category-histories-mastorrencito"],"yoast_head":"<!-- This site is optimized with the Yoast SEO Premium plugin v27.3 (Yoast SEO v27.5) - https:\/\/yoast.com\/product\/yoast-seo-premium-wordpress\/ -->\n<title>La Realitat dels Aut\u00f2noms: Una Narraci\u00f3 de Vida<\/title>\n<meta name=\"description\" content=\"I \u00e9s que no \u00e9s or tot el que llueix... La Realitat dels Aut\u00f2noms: Una Narraci\u00f3 de Vida by MasTorrencito\" \/>\n<meta name=\"robots\" content=\"index, follow, max-snippet:-1, max-image-preview:large, max-video-preview:-1\" \/>\n<link rel=\"canonical\" href=\"https:\/\/mastorrencito.com\/cat\/la-realitat-dels-autonoms-una-narracio-de-vida-by-mastorrencito\/\" \/>\n<meta property=\"og:locale\" content=\"es_ES\" \/>\n<meta property=\"og:type\" content=\"article\" \/>\n<meta property=\"og:title\" content=\"La Realitat dels Aut\u00f2noms: Una Narraci\u00f3 de Vida by MasTorrencito\" \/>\n<meta property=\"og:description\" content=\"I \u00e9s que no \u00e9s or tot el que llueix... La Realitat dels Aut\u00f2noms: Una Narraci\u00f3 de Vida by MasTorrencito\" \/>\n<meta property=\"og:url\" content=\"https:\/\/mastorrencito.com\/cat\/la-realitat-dels-autonoms-una-narracio-de-vida-by-mastorrencito\/\" \/>\n<meta property=\"og:site_name\" content=\"Mas Torrencito CAT\" \/>\n<meta property=\"article:published_time\" content=\"2025-01-17T05:57:26+00:00\" \/>\n<meta property=\"og:image\" content=\"https:\/\/mastorrencito.com\/cat\/wp-content\/uploads\/sites\/3\/Imatge-de-WhatsApp-2024-11-28-a-les-06.11.43_a54b5b84.jpg\" \/>\n\t<meta property=\"og:image:width\" content=\"1200\" \/>\n\t<meta property=\"og:image:height\" content=\"1600\" \/>\n\t<meta property=\"og:image:type\" content=\"image\/jpeg\" \/>\n<meta name=\"author\" content=\"Mastorrencito\" \/>\n<meta name=\"twitter:card\" content=\"summary_large_image\" \/>\n<meta name=\"twitter:label1\" content=\"Escrito por\" \/>\n\t<meta name=\"twitter:data1\" content=\"Mastorrencito\" \/>\n\t<meta name=\"twitter:label2\" content=\"Tiempo de lectura\" \/>\n\t<meta name=\"twitter:data2\" content=\"3 minutos\" \/>\n<script type=\"application\/ld+json\" class=\"yoast-schema-graph\">{\"@context\":\"https:\\\/\\\/schema.org\",\"@graph\":[{\"@type\":\"Article\",\"@id\":\"https:\\\/\\\/mastorrencito.com\\\/cat\\\/la-realitat-dels-autonoms-una-narracio-de-vida-by-mastorrencito\\\/#article\",\"isPartOf\":{\"@id\":\"https:\\\/\\\/mastorrencito.com\\\/cat\\\/la-realitat-dels-autonoms-una-narracio-de-vida-by-mastorrencito\\\/\"},\"author\":{\"name\":\"Mastorrencito\",\"@id\":\"https:\\\/\\\/mastorrencito.com\\\/#\\\/schema\\\/person\\\/18c619be80d4ae2667c702911625f790\"},\"headline\":\"La Realitat dels Aut\u00f2noms: Una Narraci\u00f3 de Vida by MasTorrencito\",\"datePublished\":\"2025-01-17T05:57:26+00:00\",\"mainEntityOfPage\":{\"@id\":\"https:\\\/\\\/mastorrencito.com\\\/cat\\\/la-realitat-dels-autonoms-una-narracio-de-vida-by-mastorrencito\\\/\"},\"wordCount\":683,\"commentCount\":0,\"publisher\":{\"@id\":\"https:\\\/\\\/mastorrencito.com\\\/#organization\"},\"image\":{\"@id\":\"https:\\\/\\\/mastorrencito.com\\\/cat\\\/la-realitat-dels-autonoms-una-narracio-de-vida-by-mastorrencito\\\/#primaryimage\"},\"thumbnailUrl\":\"https:\\\/\\\/mastorrencito.com\\\/cat\\\/wp-content\\\/uploads\\\/sites\\\/3\\\/Imatge-de-WhatsApp-2024-11-28-a-les-06.11.43_a54b5b84.jpg\",\"articleSection\":[\"Hist\u00f2ries Mastorrencito\"],\"inLanguage\":\"es\",\"potentialAction\":[{\"@type\":\"CommentAction\",\"name\":\"Comment\",\"target\":[\"https:\\\/\\\/mastorrencito.com\\\/cat\\\/la-realitat-dels-autonoms-una-narracio-de-vida-by-mastorrencito\\\/#respond\"]}]},{\"@type\":\"WebPage\",\"@id\":\"https:\\\/\\\/mastorrencito.com\\\/cat\\\/la-realitat-dels-autonoms-una-narracio-de-vida-by-mastorrencito\\\/\",\"url\":\"https:\\\/\\\/mastorrencito.com\\\/cat\\\/la-realitat-dels-autonoms-una-narracio-de-vida-by-mastorrencito\\\/\",\"name\":\"La Realitat dels Aut\u00f2noms: Una Narraci\u00f3 de Vida\",\"isPartOf\":{\"@id\":\"https:\\\/\\\/mastorrencito.com\\\/#website\"},\"primaryImageOfPage\":{\"@id\":\"https:\\\/\\\/mastorrencito.com\\\/cat\\\/la-realitat-dels-autonoms-una-narracio-de-vida-by-mastorrencito\\\/#primaryimage\"},\"image\":{\"@id\":\"https:\\\/\\\/mastorrencito.com\\\/cat\\\/la-realitat-dels-autonoms-una-narracio-de-vida-by-mastorrencito\\\/#primaryimage\"},\"thumbnailUrl\":\"https:\\\/\\\/mastorrencito.com\\\/cat\\\/wp-content\\\/uploads\\\/sites\\\/3\\\/Imatge-de-WhatsApp-2024-11-28-a-les-06.11.43_a54b5b84.jpg\",\"datePublished\":\"2025-01-17T05:57:26+00:00\",\"description\":\"I \u00e9s que no \u00e9s or tot el que llueix... La Realitat dels Aut\u00f2noms: Una Narraci\u00f3 de Vida by MasTorrencito\",\"breadcrumb\":{\"@id\":\"https:\\\/\\\/mastorrencito.com\\\/cat\\\/la-realitat-dels-autonoms-una-narracio-de-vida-by-mastorrencito\\\/#breadcrumb\"},\"inLanguage\":\"es\",\"potentialAction\":[{\"@type\":\"ReadAction\",\"target\":[\"https:\\\/\\\/mastorrencito.com\\\/cat\\\/la-realitat-dels-autonoms-una-narracio-de-vida-by-mastorrencito\\\/\"]}]},{\"@type\":\"ImageObject\",\"inLanguage\":\"es\",\"@id\":\"https:\\\/\\\/mastorrencito.com\\\/cat\\\/la-realitat-dels-autonoms-una-narracio-de-vida-by-mastorrencito\\\/#primaryimage\",\"url\":\"https:\\\/\\\/mastorrencito.com\\\/cat\\\/wp-content\\\/uploads\\\/sites\\\/3\\\/Imatge-de-WhatsApp-2024-11-28-a-les-06.11.43_a54b5b84.jpg\",\"contentUrl\":\"https:\\\/\\\/mastorrencito.com\\\/cat\\\/wp-content\\\/uploads\\\/sites\\\/3\\\/Imatge-de-WhatsApp-2024-11-28-a-les-06.11.43_a54b5b84.jpg\",\"width\":1200,\"height\":1600},{\"@type\":\"BreadcrumbList\",\"@id\":\"https:\\\/\\\/mastorrencito.com\\\/cat\\\/la-realitat-dels-autonoms-una-narracio-de-vida-by-mastorrencito\\\/#breadcrumb\",\"itemListElement\":[{\"@type\":\"ListItem\",\"position\":1,\"name\":\"Portada\",\"item\":\"https:\\\/\\\/mastorrencito.com\\\/\"},{\"@type\":\"ListItem\",\"position\":2,\"name\":\"La Realitat dels Aut\u00f2noms: Una Narraci\u00f3 de Vida by MasTorrencito\"}]},{\"@type\":\"WebSite\",\"@id\":\"https:\\\/\\\/mastorrencito.com\\\/#website\",\"url\":\"https:\\\/\\\/mastorrencito.com\\\/\",\"name\":\"Mas Torrencito CAT\",\"description\":\"Casa rural pet friendly en Girona\",\"publisher\":{\"@id\":\"https:\\\/\\\/mastorrencito.com\\\/#organization\"},\"potentialAction\":[{\"@type\":\"SearchAction\",\"target\":{\"@type\":\"EntryPoint\",\"urlTemplate\":\"https:\\\/\\\/mastorrencito.com\\\/?s={search_term_string}\"},\"query-input\":{\"@type\":\"PropertyValueSpecification\",\"valueRequired\":true,\"valueName\":\"search_term_string\"}}],\"inLanguage\":\"es\"},{\"@type\":\"Organization\",\"@id\":\"https:\\\/\\\/mastorrencito.com\\\/#organization\",\"name\":\"Mas Torrencito CAT\",\"url\":\"https:\\\/\\\/mastorrencito.com\\\/\",\"logo\":{\"@type\":\"ImageObject\",\"inLanguage\":\"es\",\"@id\":\"https:\\\/\\\/mastorrencito.com\\\/#\\\/schema\\\/logo\\\/image\\\/\",\"url\":\"https:\\\/\\\/mastorrencito.com\\\/cat\\\/wp-content\\\/uploads\\\/sites\\\/3\\\/Logo-Mastorrencito-horizontal.webp\",\"contentUrl\":\"https:\\\/\\\/mastorrencito.com\\\/cat\\\/wp-content\\\/uploads\\\/sites\\\/3\\\/Logo-Mastorrencito-horizontal.webp\",\"width\":161,\"height\":54,\"caption\":\"Mas Torrencito CAT\"},\"image\":{\"@id\":\"https:\\\/\\\/mastorrencito.com\\\/#\\\/schema\\\/logo\\\/image\\\/\"}},{\"@type\":\"Person\",\"@id\":\"https:\\\/\\\/mastorrencito.com\\\/#\\\/schema\\\/person\\\/18c619be80d4ae2667c702911625f790\",\"name\":\"Mastorrencito\",\"image\":{\"@type\":\"ImageObject\",\"inLanguage\":\"es\",\"@id\":\"https:\\\/\\\/secure.gravatar.com\\\/avatar\\\/3ef55e0519f987a734c21caee1423b51df7b760b7d81a38ecd31cab0a5115f6d?s=96&d=mm&r=g\",\"url\":\"https:\\\/\\\/secure.gravatar.com\\\/avatar\\\/3ef55e0519f987a734c21caee1423b51df7b760b7d81a38ecd31cab0a5115f6d?s=96&d=mm&r=g\",\"contentUrl\":\"https:\\\/\\\/secure.gravatar.com\\\/avatar\\\/3ef55e0519f987a734c21caee1423b51df7b760b7d81a38ecd31cab0a5115f6d?s=96&d=mm&r=g\",\"caption\":\"Mastorrencito\"},\"url\":\"https:\\\/\\\/mastorrencito.com\\\/cat\\\/author\\\/mastorrencito\\\/\"}]}<\/script>\n<!-- \/ Yoast SEO Premium plugin. -->","yoast_head_json":{"title":"La Realitat dels Aut\u00f2noms: Una Narraci\u00f3 de Vida","description":"I \u00e9s que no \u00e9s or tot el que llueix... La Realitat dels Aut\u00f2noms: Una Narraci\u00f3 de Vida by MasTorrencito","robots":{"index":"index","follow":"follow","max-snippet":"max-snippet:-1","max-image-preview":"max-image-preview:large","max-video-preview":"max-video-preview:-1"},"canonical":"https:\/\/mastorrencito.com\/cat\/la-realitat-dels-autonoms-una-narracio-de-vida-by-mastorrencito\/","og_locale":"es_ES","og_type":"article","og_title":"La Realitat dels Aut\u00f2noms: Una Narraci\u00f3 de Vida by MasTorrencito","og_description":"I \u00e9s que no \u00e9s or tot el que llueix... La Realitat dels Aut\u00f2noms: Una Narraci\u00f3 de Vida by MasTorrencito","og_url":"https:\/\/mastorrencito.com\/cat\/la-realitat-dels-autonoms-una-narracio-de-vida-by-mastorrencito\/","og_site_name":"Mas Torrencito CAT","article_published_time":"2025-01-17T05:57:26+00:00","og_image":[{"width":1200,"height":1600,"url":"https:\/\/mastorrencito.com\/cat\/wp-content\/uploads\/sites\/3\/Imatge-de-WhatsApp-2024-11-28-a-les-06.11.43_a54b5b84.jpg","type":"image\/jpeg"}],"author":"Mastorrencito","twitter_card":"summary_large_image","twitter_misc":{"Escrito por":"Mastorrencito","Tiempo de lectura":"3 minutos"},"schema":{"@context":"https:\/\/schema.org","@graph":[{"@type":"Article","@id":"https:\/\/mastorrencito.com\/cat\/la-realitat-dels-autonoms-una-narracio-de-vida-by-mastorrencito\/#article","isPartOf":{"@id":"https:\/\/mastorrencito.com\/cat\/la-realitat-dels-autonoms-una-narracio-de-vida-by-mastorrencito\/"},"author":{"name":"Mastorrencito","@id":"https:\/\/mastorrencito.com\/#\/schema\/person\/18c619be80d4ae2667c702911625f790"},"headline":"La Realitat dels Aut\u00f2noms: Una Narraci\u00f3 de Vida by MasTorrencito","datePublished":"2025-01-17T05:57:26+00:00","mainEntityOfPage":{"@id":"https:\/\/mastorrencito.com\/cat\/la-realitat-dels-autonoms-una-narracio-de-vida-by-mastorrencito\/"},"wordCount":683,"commentCount":0,"publisher":{"@id":"https:\/\/mastorrencito.com\/#organization"},"image":{"@id":"https:\/\/mastorrencito.com\/cat\/la-realitat-dels-autonoms-una-narracio-de-vida-by-mastorrencito\/#primaryimage"},"thumbnailUrl":"https:\/\/mastorrencito.com\/cat\/wp-content\/uploads\/sites\/3\/Imatge-de-WhatsApp-2024-11-28-a-les-06.11.43_a54b5b84.jpg","articleSection":["Hist\u00f2ries Mastorrencito"],"inLanguage":"es","potentialAction":[{"@type":"CommentAction","name":"Comment","target":["https:\/\/mastorrencito.com\/cat\/la-realitat-dels-autonoms-una-narracio-de-vida-by-mastorrencito\/#respond"]}]},{"@type":"WebPage","@id":"https:\/\/mastorrencito.com\/cat\/la-realitat-dels-autonoms-una-narracio-de-vida-by-mastorrencito\/","url":"https:\/\/mastorrencito.com\/cat\/la-realitat-dels-autonoms-una-narracio-de-vida-by-mastorrencito\/","name":"La Realitat dels Aut\u00f2noms: Una Narraci\u00f3 de Vida","isPartOf":{"@id":"https:\/\/mastorrencito.com\/#website"},"primaryImageOfPage":{"@id":"https:\/\/mastorrencito.com\/cat\/la-realitat-dels-autonoms-una-narracio-de-vida-by-mastorrencito\/#primaryimage"},"image":{"@id":"https:\/\/mastorrencito.com\/cat\/la-realitat-dels-autonoms-una-narracio-de-vida-by-mastorrencito\/#primaryimage"},"thumbnailUrl":"https:\/\/mastorrencito.com\/cat\/wp-content\/uploads\/sites\/3\/Imatge-de-WhatsApp-2024-11-28-a-les-06.11.43_a54b5b84.jpg","datePublished":"2025-01-17T05:57:26+00:00","description":"I \u00e9s que no \u00e9s or tot el que llueix... La Realitat dels Aut\u00f2noms: Una Narraci\u00f3 de Vida by MasTorrencito","breadcrumb":{"@id":"https:\/\/mastorrencito.com\/cat\/la-realitat-dels-autonoms-una-narracio-de-vida-by-mastorrencito\/#breadcrumb"},"inLanguage":"es","potentialAction":[{"@type":"ReadAction","target":["https:\/\/mastorrencito.com\/cat\/la-realitat-dels-autonoms-una-narracio-de-vida-by-mastorrencito\/"]}]},{"@type":"ImageObject","inLanguage":"es","@id":"https:\/\/mastorrencito.com\/cat\/la-realitat-dels-autonoms-una-narracio-de-vida-by-mastorrencito\/#primaryimage","url":"https:\/\/mastorrencito.com\/cat\/wp-content\/uploads\/sites\/3\/Imatge-de-WhatsApp-2024-11-28-a-les-06.11.43_a54b5b84.jpg","contentUrl":"https:\/\/mastorrencito.com\/cat\/wp-content\/uploads\/sites\/3\/Imatge-de-WhatsApp-2024-11-28-a-les-06.11.43_a54b5b84.jpg","width":1200,"height":1600},{"@type":"BreadcrumbList","@id":"https:\/\/mastorrencito.com\/cat\/la-realitat-dels-autonoms-una-narracio-de-vida-by-mastorrencito\/#breadcrumb","itemListElement":[{"@type":"ListItem","position":1,"name":"Portada","item":"https:\/\/mastorrencito.com\/"},{"@type":"ListItem","position":2,"name":"La Realitat dels Aut\u00f2noms: Una Narraci\u00f3 de Vida by MasTorrencito"}]},{"@type":"WebSite","@id":"https:\/\/mastorrencito.com\/#website","url":"https:\/\/mastorrencito.com\/","name":"Mas Torrencito CAT","description":"Casa rural pet friendly en Girona","publisher":{"@id":"https:\/\/mastorrencito.com\/#organization"},"potentialAction":[{"@type":"SearchAction","target":{"@type":"EntryPoint","urlTemplate":"https:\/\/mastorrencito.com\/?s={search_term_string}"},"query-input":{"@type":"PropertyValueSpecification","valueRequired":true,"valueName":"search_term_string"}}],"inLanguage":"es"},{"@type":"Organization","@id":"https:\/\/mastorrencito.com\/#organization","name":"Mas Torrencito CAT","url":"https:\/\/mastorrencito.com\/","logo":{"@type":"ImageObject","inLanguage":"es","@id":"https:\/\/mastorrencito.com\/#\/schema\/logo\/image\/","url":"https:\/\/mastorrencito.com\/cat\/wp-content\/uploads\/sites\/3\/Logo-Mastorrencito-horizontal.webp","contentUrl":"https:\/\/mastorrencito.com\/cat\/wp-content\/uploads\/sites\/3\/Logo-Mastorrencito-horizontal.webp","width":161,"height":54,"caption":"Mas Torrencito CAT"},"image":{"@id":"https:\/\/mastorrencito.com\/#\/schema\/logo\/image\/"}},{"@type":"Person","@id":"https:\/\/mastorrencito.com\/#\/schema\/person\/18c619be80d4ae2667c702911625f790","name":"Mastorrencito","image":{"@type":"ImageObject","inLanguage":"es","@id":"https:\/\/secure.gravatar.com\/avatar\/3ef55e0519f987a734c21caee1423b51df7b760b7d81a38ecd31cab0a5115f6d?s=96&d=mm&r=g","url":"https:\/\/secure.gravatar.com\/avatar\/3ef55e0519f987a734c21caee1423b51df7b760b7d81a38ecd31cab0a5115f6d?s=96&d=mm&r=g","contentUrl":"https:\/\/secure.gravatar.com\/avatar\/3ef55e0519f987a734c21caee1423b51df7b760b7d81a38ecd31cab0a5115f6d?s=96&d=mm&r=g","caption":"Mastorrencito"},"url":"https:\/\/mastorrencito.com\/cat\/author\/mastorrencito\/"}]}},"acf":[],"_links":{"self":[{"href":"https:\/\/mastorrencito.com\/cat\/wp-json\/wp\/v2\/posts\/3225","targetHints":{"allow":["GET"]}}],"collection":[{"href":"https:\/\/mastorrencito.com\/cat\/wp-json\/wp\/v2\/posts"}],"about":[{"href":"https:\/\/mastorrencito.com\/cat\/wp-json\/wp\/v2\/types\/post"}],"author":[{"embeddable":true,"href":"https:\/\/mastorrencito.com\/cat\/wp-json\/wp\/v2\/users\/2"}],"replies":[{"embeddable":true,"href":"https:\/\/mastorrencito.com\/cat\/wp-json\/wp\/v2\/comments?post=3225"}],"version-history":[{"count":0,"href":"https:\/\/mastorrencito.com\/cat\/wp-json\/wp\/v2\/posts\/3225\/revisions"}],"wp:featuredmedia":[{"embeddable":true,"href":"https:\/\/mastorrencito.com\/cat\/wp-json\/wp\/v2\/media\/2395"}],"wp:attachment":[{"href":"https:\/\/mastorrencito.com\/cat\/wp-json\/wp\/v2\/media?parent=3225"}],"wp:term":[{"taxonomy":"category","embeddable":true,"href":"https:\/\/mastorrencito.com\/cat\/wp-json\/wp\/v2\/categories?post=3225"},{"taxonomy":"post_tag","embeddable":true,"href":"https:\/\/mastorrencito.com\/cat\/wp-json\/wp\/v2\/tags?post=3225"}],"curies":[{"name":"wp","href":"https:\/\/api.w.org\/{rel}","templated":true}]}}