{"id":3216,"date":"2025-01-16T05:17:19","date_gmt":"2025-01-16T05:17:19","guid":{"rendered":"https:\/\/casaruralconperrosgirona.com\/legoisme-del-viatger-errant-by-mastorrencito\/"},"modified":"2025-01-16T05:17:19","modified_gmt":"2025-01-16T05:17:19","slug":"legoisme-del-viatger-errant-by-mastorrencito","status":"publish","type":"post","link":"https:\/\/mastorrencito.com\/cat\/legoisme-del-viatger-errant-by-mastorrencito\/","title":{"rendered":"L&#8217;Egoisme del Viatger Errant by MasTorrencito"},"content":{"rendered":"\n<p>Era una tarda tranquil\u00b7la quan va arribar. Un home alemany, alt, seri\u00f3s, amb un gos gran, negre, sense castrar. No era una cosa que pass\u00e9s desapercebuda, sobretot perqu\u00e8 tinc gossos i ja havia deixat clar en les condicions de la casa que aix\u00f2 era un problema. L&#8217;Egoisme del Viatger Errant by MasTorrencito   <\/p>\n\n<p>Per\u00f2 b\u00e9, amb la situaci\u00f3 econ\u00f2mica com est\u00e0, vaig preferir no complicar-me. Vaig guardar els meus i vaig acceptar l&#8217;hoste amb un somriure for\u00e7at. <\/p>\n\n<p>Des del principi, la seva actitud va ser inc\u00f2moda. No era groller, per\u00f2 s\u00ed pretensi\u00f3s, com si estigu\u00e9s acostumat que tot es fes a la seva manera. Vaig decidir allotjar-lo en una habitaci\u00f3 superior que tenia buida. Vaig pensar que seria millor tant per a ell com per a mi, ja que estaria m\u00e9s c\u00f2mode i lluny de l&#8217;enrenou. En explicar-li les normes i el funcionament de la casa, va respondre amb gestos impacients, com si no tingu\u00e9s temps per escoltar el que ja \u201csabia\u201d.    <\/p>\n\n<p>Al cap de poca estona, em va enviar un missatge de WhatsApp demanant-me que encengu\u00e9s l&#8217;estufa de p\u00e8l\u00b7lets. Ho vaig fer sense cap problema. Per\u00f2, curiosament, tot just cinc minuts despr\u00e9s, ja estava de tornada a la seva habitaci\u00f3. Em va quedar clar que l&#8217;estufa havia enc\u00e8s m\u00e9s per caprici que per necessitat.   <\/p>\n\n<p>A la nit, em va fer una altra petici\u00f3:<br \/> \u2014Vull esmorzar a les 6:30, perqu\u00e8 he d&#8217;arribar d&#8217;hora a M\u00e0laga. Sortir\u00e9 cap a les 7. <\/p>\n\n<p>No era l&#8217;ideal, per\u00f2 tampoc un problema per a mi, que acostumo a matinar. Em vaig aixecar a les cinc per preparar-ho tot: caf\u00e8 acabat de fer, torrades, fruita, truita de patates, plats calents, bac\u00f3, salsitxes, truites franceses, iogurt, embotits\u2026 un esmorzar complet, nom\u00e9s per a ell. Tot estava llest a les 6.30.  <\/p>\n\n<p>Per\u00f2 a les 7:15 va apar\u00e8ixer vestit, amb les maletes a la m\u00e0, llest per marxar.<br \/>\u2014No esmorzareu? \u2014vaig preguntar, assenyalant la taula. <br \/>\u2014No, no tinc gana. Digui&#8217;m quant li dec, que ja me&#8217;n vaig. <\/p>\n<figure class=\"wp-block-post-featured-image\"><img fetchpriority=\"high\" decoding=\"async\" width=\"1792\" height=\"1024\" src=\"https:\/\/mastorrencito.com\/cat\/wp-content\/uploads\/sites\/3\/aleman1.jpg\" class=\"attachment-post-thumbnail size-post-thumbnail wp-post-image\" alt=\"El viajero egoista que solo pensaba en el by mastorrencito\" style=\"object-fit:cover;\" srcset=\"https:\/\/mastorrencito.com\/cat\/wp-content\/uploads\/sites\/3\/aleman1.jpg 1792w, https:\/\/mastorrencito.com\/cat\/wp-content\/uploads\/sites\/3\/aleman1-300x171.jpg 300w, https:\/\/mastorrencito.com\/cat\/wp-content\/uploads\/sites\/3\/aleman1-1024x585.jpg 1024w, https:\/\/mastorrencito.com\/cat\/wp-content\/uploads\/sites\/3\/aleman1-768x439.jpg 768w, https:\/\/mastorrencito.com\/cat\/wp-content\/uploads\/sites\/3\/aleman1-1536x878.jpg 1536w\" sizes=\"(max-width: 1792px) 100vw, 1792px\" \/><\/figure>\n<p>Li vaig cobrar el que havia anotat: tres cerveses i unes mandonguilles que havia pres la nit anterior. Va pagar sense discutir i se&#8217;n va anar. <\/p>\n\n<p>Quan vaig anar a recollir l&#8217;habitaci\u00f3, vaig descobrir la factura de la seva estada. Havia consumit dues tasses de caf\u00e8, dues llaunes de Coca-Cola, dues bosses de xips i una copa de vi, tot pres sense avisar ni apuntar al compte. No s\u00e9 si ho va fer per distracci\u00f3 o amb plena intenci\u00f3, per\u00f2 em vaig quedar mirant all\u00f2 sense saber com reaccionar.  <\/p>\n\n<p>Aquesta escena resumia perfectament la seva estada: alg\u00fa que pren all\u00f2 que vol sense importar l&#8217;esfor\u00e7 o la cortesia de qui el rep. Em vaig limitar a recollir i netejar. Al cap ia la fi, no hi ha gaire m\u00e9s a fer amb persones aix\u00ed.  <\/p>\n\n<hr class=\"wp-block-separator has-alpha-channel-opacity\" \/>\n\n<blockquote class=\"wp-block-quote is-layout-flow wp-block-quote-is-layout-flow\">\n<p>Des de MasTorrencito et desitgem un bon dia i que els teus gossos t&#8217;acompanyin!!<\/p>\n<\/blockquote>\n\n<p>\u2014\u2013<br \/> Si vols, pot veure els nostres <strong>bons per caps de setmana, bons jubilats<\/strong> , a un preu incre\u00efble..entra a <a href=\"https:\/\/www.mastorrencito.com\/\">www.mastorrencito.com<\/a> o si vols podeu llegir m\u00e9s hist\u00f2ria i an\u00e8cdotes que ens han passat a Mas Torrencito\u2026 Fes click <a href=\"https:\/\/mastorrencito.com\/es\/\">aqu\u00ed<\/a><\/p>\n\n<p><\/p>\n","protected":false},"excerpt":{"rendered":"<p>Era una tarda tranquil\u00b7la quan va arribar. Un home alemany, alt, seri\u00f3s, amb un gos gran, negre, sense castrar. No era una cosa que pass\u00e9s desapercebuda, sobretot perqu\u00e8 tinc gossos i ja havia deixat clar en les condicions de la casa que aix\u00f2 era un problema. L&#8217;Egoisme del Viatger Errant by MasTorrencito Per\u00f2 b\u00e9, amb [&hellip;]<\/p>\n","protected":false},"author":2,"featured_media":3212,"comment_status":"open","ping_status":"closed","sticky":false,"template":"","format":"standard","meta":{"_acf_changed":false,"footnotes":""},"categories":[35],"tags":[],"class_list":["post-3216","post","type-post","status-publish","format-standard","has-post-thumbnail","hentry","category-histories-mastorrencito"],"yoast_head":"<!-- This site is optimized with the Yoast SEO Premium plugin v27.3 (Yoast SEO v27.5) - https:\/\/yoast.com\/product\/yoast-seo-premium-wordpress\/ -->\n<title>L&#039;Egoisme del Viatger Errant by MasTorrencito - Mas Torrencito CAT<\/title>\n<meta name=\"description\" content=\"I \u00e9s que crec que encara la gent o no sap viatjar o nom\u00e9s miren per ells... L&#039;Egoisme del Viatger Errant by MasTorrencito\" \/>\n<meta name=\"robots\" content=\"index, follow, max-snippet:-1, max-image-preview:large, max-video-preview:-1\" \/>\n<link rel=\"canonical\" href=\"https:\/\/mastorrencito.com\/cat\/legoisme-del-viatger-errant-by-mastorrencito\/\" \/>\n<meta property=\"og:locale\" content=\"es_ES\" \/>\n<meta property=\"og:type\" content=\"article\" \/>\n<meta property=\"og:title\" content=\"L&#039;Egoisme del Viatger Errant by MasTorrencito\" \/>\n<meta property=\"og:description\" content=\"I \u00e9s que crec que encara la gent o no sap viatjar o nom\u00e9s miren per ells... L&#039;Egoisme del Viatger Errant by MasTorrencito\" \/>\n<meta property=\"og:url\" content=\"https:\/\/mastorrencito.com\/cat\/legoisme-del-viatger-errant-by-mastorrencito\/\" \/>\n<meta property=\"og:site_name\" content=\"Mas Torrencito CAT\" \/>\n<meta property=\"article:published_time\" content=\"2025-01-16T05:17:19+00:00\" \/>\n<meta property=\"og:image\" content=\"https:\/\/mastorrencito.com\/cat\/wp-content\/uploads\/sites\/3\/aleman1.jpg\" \/>\n\t<meta property=\"og:image:width\" content=\"1792\" \/>\n\t<meta property=\"og:image:height\" content=\"1024\" \/>\n\t<meta property=\"og:image:type\" content=\"image\/jpeg\" \/>\n<meta name=\"author\" content=\"Mastorrencito\" \/>\n<meta name=\"twitter:card\" content=\"summary_large_image\" \/>\n<meta name=\"twitter:label1\" content=\"Escrito por\" \/>\n\t<meta name=\"twitter:data1\" content=\"Mastorrencito\" \/>\n\t<meta name=\"twitter:label2\" content=\"Tiempo de lectura\" \/>\n\t<meta name=\"twitter:data2\" content=\"3 minutos\" \/>\n<script type=\"application\/ld+json\" class=\"yoast-schema-graph\">{\"@context\":\"https:\\\/\\\/schema.org\",\"@graph\":[{\"@type\":\"Article\",\"@id\":\"https:\\\/\\\/mastorrencito.com\\\/cat\\\/legoisme-del-viatger-errant-by-mastorrencito\\\/#article\",\"isPartOf\":{\"@id\":\"https:\\\/\\\/mastorrencito.com\\\/cat\\\/legoisme-del-viatger-errant-by-mastorrencito\\\/\"},\"author\":{\"name\":\"Mastorrencito\",\"@id\":\"https:\\\/\\\/mastorrencito.com\\\/#\\\/schema\\\/person\\\/18c619be80d4ae2667c702911625f790\"},\"headline\":\"L&#8217;Egoisme del Viatger Errant by MasTorrencito\",\"datePublished\":\"2025-01-16T05:17:19+00:00\",\"mainEntityOfPage\":{\"@id\":\"https:\\\/\\\/mastorrencito.com\\\/cat\\\/legoisme-del-viatger-errant-by-mastorrencito\\\/\"},\"wordCount\":558,\"commentCount\":0,\"publisher\":{\"@id\":\"https:\\\/\\\/mastorrencito.com\\\/#organization\"},\"image\":{\"@id\":\"https:\\\/\\\/mastorrencito.com\\\/cat\\\/legoisme-del-viatger-errant-by-mastorrencito\\\/#primaryimage\"},\"thumbnailUrl\":\"https:\\\/\\\/mastorrencito.com\\\/cat\\\/wp-content\\\/uploads\\\/sites\\\/3\\\/aleman1.jpg\",\"articleSection\":[\"Hist\u00f2ries Mastorrencito\"],\"inLanguage\":\"es\",\"potentialAction\":[{\"@type\":\"CommentAction\",\"name\":\"Comment\",\"target\":[\"https:\\\/\\\/mastorrencito.com\\\/cat\\\/legoisme-del-viatger-errant-by-mastorrencito\\\/#respond\"]}]},{\"@type\":\"WebPage\",\"@id\":\"https:\\\/\\\/mastorrencito.com\\\/cat\\\/legoisme-del-viatger-errant-by-mastorrencito\\\/\",\"url\":\"https:\\\/\\\/mastorrencito.com\\\/cat\\\/legoisme-del-viatger-errant-by-mastorrencito\\\/\",\"name\":\"L'Egoisme del Viatger Errant by MasTorrencito - Mas Torrencito CAT\",\"isPartOf\":{\"@id\":\"https:\\\/\\\/mastorrencito.com\\\/#website\"},\"primaryImageOfPage\":{\"@id\":\"https:\\\/\\\/mastorrencito.com\\\/cat\\\/legoisme-del-viatger-errant-by-mastorrencito\\\/#primaryimage\"},\"image\":{\"@id\":\"https:\\\/\\\/mastorrencito.com\\\/cat\\\/legoisme-del-viatger-errant-by-mastorrencito\\\/#primaryimage\"},\"thumbnailUrl\":\"https:\\\/\\\/mastorrencito.com\\\/cat\\\/wp-content\\\/uploads\\\/sites\\\/3\\\/aleman1.jpg\",\"datePublished\":\"2025-01-16T05:17:19+00:00\",\"description\":\"I \u00e9s que crec que encara la gent o no sap viatjar o nom\u00e9s miren per ells... L'Egoisme del Viatger Errant by MasTorrencito\",\"breadcrumb\":{\"@id\":\"https:\\\/\\\/mastorrencito.com\\\/cat\\\/legoisme-del-viatger-errant-by-mastorrencito\\\/#breadcrumb\"},\"inLanguage\":\"es\",\"potentialAction\":[{\"@type\":\"ReadAction\",\"target\":[\"https:\\\/\\\/mastorrencito.com\\\/cat\\\/legoisme-del-viatger-errant-by-mastorrencito\\\/\"]}]},{\"@type\":\"ImageObject\",\"inLanguage\":\"es\",\"@id\":\"https:\\\/\\\/mastorrencito.com\\\/cat\\\/legoisme-del-viatger-errant-by-mastorrencito\\\/#primaryimage\",\"url\":\"https:\\\/\\\/mastorrencito.com\\\/cat\\\/wp-content\\\/uploads\\\/sites\\\/3\\\/aleman1.jpg\",\"contentUrl\":\"https:\\\/\\\/mastorrencito.com\\\/cat\\\/wp-content\\\/uploads\\\/sites\\\/3\\\/aleman1.jpg\",\"width\":1792,\"height\":1024,\"caption\":\"El viajero egoista que solo pensaba en el by mastorrencito\"},{\"@type\":\"BreadcrumbList\",\"@id\":\"https:\\\/\\\/mastorrencito.com\\\/cat\\\/legoisme-del-viatger-errant-by-mastorrencito\\\/#breadcrumb\",\"itemListElement\":[{\"@type\":\"ListItem\",\"position\":1,\"name\":\"Portada\",\"item\":\"https:\\\/\\\/mastorrencito.com\\\/\"},{\"@type\":\"ListItem\",\"position\":2,\"name\":\"L&#8217;Egoisme del Viatger Errant by MasTorrencito\"}]},{\"@type\":\"WebSite\",\"@id\":\"https:\\\/\\\/mastorrencito.com\\\/#website\",\"url\":\"https:\\\/\\\/mastorrencito.com\\\/\",\"name\":\"Mas Torrencito CAT\",\"description\":\"Casa rural pet friendly en Girona\",\"publisher\":{\"@id\":\"https:\\\/\\\/mastorrencito.com\\\/#organization\"},\"potentialAction\":[{\"@type\":\"SearchAction\",\"target\":{\"@type\":\"EntryPoint\",\"urlTemplate\":\"https:\\\/\\\/mastorrencito.com\\\/?s={search_term_string}\"},\"query-input\":{\"@type\":\"PropertyValueSpecification\",\"valueRequired\":true,\"valueName\":\"search_term_string\"}}],\"inLanguage\":\"es\"},{\"@type\":\"Organization\",\"@id\":\"https:\\\/\\\/mastorrencito.com\\\/#organization\",\"name\":\"Mas Torrencito CAT\",\"url\":\"https:\\\/\\\/mastorrencito.com\\\/\",\"logo\":{\"@type\":\"ImageObject\",\"inLanguage\":\"es\",\"@id\":\"https:\\\/\\\/mastorrencito.com\\\/#\\\/schema\\\/logo\\\/image\\\/\",\"url\":\"https:\\\/\\\/mastorrencito.com\\\/cat\\\/wp-content\\\/uploads\\\/sites\\\/3\\\/Logo-Mastorrencito-horizontal.webp\",\"contentUrl\":\"https:\\\/\\\/mastorrencito.com\\\/cat\\\/wp-content\\\/uploads\\\/sites\\\/3\\\/Logo-Mastorrencito-horizontal.webp\",\"width\":161,\"height\":54,\"caption\":\"Mas Torrencito CAT\"},\"image\":{\"@id\":\"https:\\\/\\\/mastorrencito.com\\\/#\\\/schema\\\/logo\\\/image\\\/\"}},{\"@type\":\"Person\",\"@id\":\"https:\\\/\\\/mastorrencito.com\\\/#\\\/schema\\\/person\\\/18c619be80d4ae2667c702911625f790\",\"name\":\"Mastorrencito\",\"image\":{\"@type\":\"ImageObject\",\"inLanguage\":\"es\",\"@id\":\"https:\\\/\\\/secure.gravatar.com\\\/avatar\\\/3ef55e0519f987a734c21caee1423b51df7b760b7d81a38ecd31cab0a5115f6d?s=96&d=mm&r=g\",\"url\":\"https:\\\/\\\/secure.gravatar.com\\\/avatar\\\/3ef55e0519f987a734c21caee1423b51df7b760b7d81a38ecd31cab0a5115f6d?s=96&d=mm&r=g\",\"contentUrl\":\"https:\\\/\\\/secure.gravatar.com\\\/avatar\\\/3ef55e0519f987a734c21caee1423b51df7b760b7d81a38ecd31cab0a5115f6d?s=96&d=mm&r=g\",\"caption\":\"Mastorrencito\"},\"url\":\"https:\\\/\\\/mastorrencito.com\\\/cat\\\/author\\\/mastorrencito\\\/\"}]}<\/script>\n<!-- \/ Yoast SEO Premium plugin. -->","yoast_head_json":{"title":"L'Egoisme del Viatger Errant by MasTorrencito - Mas Torrencito CAT","description":"I \u00e9s que crec que encara la gent o no sap viatjar o nom\u00e9s miren per ells... L'Egoisme del Viatger Errant by MasTorrencito","robots":{"index":"index","follow":"follow","max-snippet":"max-snippet:-1","max-image-preview":"max-image-preview:large","max-video-preview":"max-video-preview:-1"},"canonical":"https:\/\/mastorrencito.com\/cat\/legoisme-del-viatger-errant-by-mastorrencito\/","og_locale":"es_ES","og_type":"article","og_title":"L'Egoisme del Viatger Errant by MasTorrencito","og_description":"I \u00e9s que crec que encara la gent o no sap viatjar o nom\u00e9s miren per ells... L'Egoisme del Viatger Errant by MasTorrencito","og_url":"https:\/\/mastorrencito.com\/cat\/legoisme-del-viatger-errant-by-mastorrencito\/","og_site_name":"Mas Torrencito CAT","article_published_time":"2025-01-16T05:17:19+00:00","og_image":[{"width":1792,"height":1024,"url":"https:\/\/mastorrencito.com\/cat\/wp-content\/uploads\/sites\/3\/aleman1.jpg","type":"image\/jpeg"}],"author":"Mastorrencito","twitter_card":"summary_large_image","twitter_misc":{"Escrito por":"Mastorrencito","Tiempo de lectura":"3 minutos"},"schema":{"@context":"https:\/\/schema.org","@graph":[{"@type":"Article","@id":"https:\/\/mastorrencito.com\/cat\/legoisme-del-viatger-errant-by-mastorrencito\/#article","isPartOf":{"@id":"https:\/\/mastorrencito.com\/cat\/legoisme-del-viatger-errant-by-mastorrencito\/"},"author":{"name":"Mastorrencito","@id":"https:\/\/mastorrencito.com\/#\/schema\/person\/18c619be80d4ae2667c702911625f790"},"headline":"L&#8217;Egoisme del Viatger Errant by MasTorrencito","datePublished":"2025-01-16T05:17:19+00:00","mainEntityOfPage":{"@id":"https:\/\/mastorrencito.com\/cat\/legoisme-del-viatger-errant-by-mastorrencito\/"},"wordCount":558,"commentCount":0,"publisher":{"@id":"https:\/\/mastorrencito.com\/#organization"},"image":{"@id":"https:\/\/mastorrencito.com\/cat\/legoisme-del-viatger-errant-by-mastorrencito\/#primaryimage"},"thumbnailUrl":"https:\/\/mastorrencito.com\/cat\/wp-content\/uploads\/sites\/3\/aleman1.jpg","articleSection":["Hist\u00f2ries Mastorrencito"],"inLanguage":"es","potentialAction":[{"@type":"CommentAction","name":"Comment","target":["https:\/\/mastorrencito.com\/cat\/legoisme-del-viatger-errant-by-mastorrencito\/#respond"]}]},{"@type":"WebPage","@id":"https:\/\/mastorrencito.com\/cat\/legoisme-del-viatger-errant-by-mastorrencito\/","url":"https:\/\/mastorrencito.com\/cat\/legoisme-del-viatger-errant-by-mastorrencito\/","name":"L'Egoisme del Viatger Errant by MasTorrencito - Mas Torrencito CAT","isPartOf":{"@id":"https:\/\/mastorrencito.com\/#website"},"primaryImageOfPage":{"@id":"https:\/\/mastorrencito.com\/cat\/legoisme-del-viatger-errant-by-mastorrencito\/#primaryimage"},"image":{"@id":"https:\/\/mastorrencito.com\/cat\/legoisme-del-viatger-errant-by-mastorrencito\/#primaryimage"},"thumbnailUrl":"https:\/\/mastorrencito.com\/cat\/wp-content\/uploads\/sites\/3\/aleman1.jpg","datePublished":"2025-01-16T05:17:19+00:00","description":"I \u00e9s que crec que encara la gent o no sap viatjar o nom\u00e9s miren per ells... L'Egoisme del Viatger Errant by MasTorrencito","breadcrumb":{"@id":"https:\/\/mastorrencito.com\/cat\/legoisme-del-viatger-errant-by-mastorrencito\/#breadcrumb"},"inLanguage":"es","potentialAction":[{"@type":"ReadAction","target":["https:\/\/mastorrencito.com\/cat\/legoisme-del-viatger-errant-by-mastorrencito\/"]}]},{"@type":"ImageObject","inLanguage":"es","@id":"https:\/\/mastorrencito.com\/cat\/legoisme-del-viatger-errant-by-mastorrencito\/#primaryimage","url":"https:\/\/mastorrencito.com\/cat\/wp-content\/uploads\/sites\/3\/aleman1.jpg","contentUrl":"https:\/\/mastorrencito.com\/cat\/wp-content\/uploads\/sites\/3\/aleman1.jpg","width":1792,"height":1024,"caption":"El viajero egoista que solo pensaba en el by mastorrencito"},{"@type":"BreadcrumbList","@id":"https:\/\/mastorrencito.com\/cat\/legoisme-del-viatger-errant-by-mastorrencito\/#breadcrumb","itemListElement":[{"@type":"ListItem","position":1,"name":"Portada","item":"https:\/\/mastorrencito.com\/"},{"@type":"ListItem","position":2,"name":"L&#8217;Egoisme del Viatger Errant by MasTorrencito"}]},{"@type":"WebSite","@id":"https:\/\/mastorrencito.com\/#website","url":"https:\/\/mastorrencito.com\/","name":"Mas Torrencito CAT","description":"Casa rural pet friendly en Girona","publisher":{"@id":"https:\/\/mastorrencito.com\/#organization"},"potentialAction":[{"@type":"SearchAction","target":{"@type":"EntryPoint","urlTemplate":"https:\/\/mastorrencito.com\/?s={search_term_string}"},"query-input":{"@type":"PropertyValueSpecification","valueRequired":true,"valueName":"search_term_string"}}],"inLanguage":"es"},{"@type":"Organization","@id":"https:\/\/mastorrencito.com\/#organization","name":"Mas Torrencito CAT","url":"https:\/\/mastorrencito.com\/","logo":{"@type":"ImageObject","inLanguage":"es","@id":"https:\/\/mastorrencito.com\/#\/schema\/logo\/image\/","url":"https:\/\/mastorrencito.com\/cat\/wp-content\/uploads\/sites\/3\/Logo-Mastorrencito-horizontal.webp","contentUrl":"https:\/\/mastorrencito.com\/cat\/wp-content\/uploads\/sites\/3\/Logo-Mastorrencito-horizontal.webp","width":161,"height":54,"caption":"Mas Torrencito CAT"},"image":{"@id":"https:\/\/mastorrencito.com\/#\/schema\/logo\/image\/"}},{"@type":"Person","@id":"https:\/\/mastorrencito.com\/#\/schema\/person\/18c619be80d4ae2667c702911625f790","name":"Mastorrencito","image":{"@type":"ImageObject","inLanguage":"es","@id":"https:\/\/secure.gravatar.com\/avatar\/3ef55e0519f987a734c21caee1423b51df7b760b7d81a38ecd31cab0a5115f6d?s=96&d=mm&r=g","url":"https:\/\/secure.gravatar.com\/avatar\/3ef55e0519f987a734c21caee1423b51df7b760b7d81a38ecd31cab0a5115f6d?s=96&d=mm&r=g","contentUrl":"https:\/\/secure.gravatar.com\/avatar\/3ef55e0519f987a734c21caee1423b51df7b760b7d81a38ecd31cab0a5115f6d?s=96&d=mm&r=g","caption":"Mastorrencito"},"url":"https:\/\/mastorrencito.com\/cat\/author\/mastorrencito\/"}]}},"acf":[],"_links":{"self":[{"href":"https:\/\/mastorrencito.com\/cat\/wp-json\/wp\/v2\/posts\/3216","targetHints":{"allow":["GET"]}}],"collection":[{"href":"https:\/\/mastorrencito.com\/cat\/wp-json\/wp\/v2\/posts"}],"about":[{"href":"https:\/\/mastorrencito.com\/cat\/wp-json\/wp\/v2\/types\/post"}],"author":[{"embeddable":true,"href":"https:\/\/mastorrencito.com\/cat\/wp-json\/wp\/v2\/users\/2"}],"replies":[{"embeddable":true,"href":"https:\/\/mastorrencito.com\/cat\/wp-json\/wp\/v2\/comments?post=3216"}],"version-history":[{"count":0,"href":"https:\/\/mastorrencito.com\/cat\/wp-json\/wp\/v2\/posts\/3216\/revisions"}],"wp:featuredmedia":[{"embeddable":true,"href":"https:\/\/mastorrencito.com\/cat\/wp-json\/wp\/v2\/media\/3212"}],"wp:attachment":[{"href":"https:\/\/mastorrencito.com\/cat\/wp-json\/wp\/v2\/media?parent=3216"}],"wp:term":[{"taxonomy":"category","embeddable":true,"href":"https:\/\/mastorrencito.com\/cat\/wp-json\/wp\/v2\/categories?post=3216"},{"taxonomy":"post_tag","embeddable":true,"href":"https:\/\/mastorrencito.com\/cat\/wp-json\/wp\/v2\/tags?post=3216"}],"curies":[{"name":"wp","href":"https:\/\/api.w.org\/{rel}","templated":true}]}}