{"id":3184,"date":"2025-01-12T06:26:40","date_gmt":"2025-01-12T06:26:40","guid":{"rendered":"https:\/\/casaruralconperrosgirona.com\/la-meva-carta-de-comiat-by-mastorrencito\/"},"modified":"2025-01-12T06:26:40","modified_gmt":"2025-01-12T06:26:40","slug":"la-meva-carta-de-comiat-by-mastorrencito","status":"publish","type":"post","link":"https:\/\/mastorrencito.com\/cat\/la-meva-carta-de-comiat-by-mastorrencito\/","title":{"rendered":"La meva carta de comiat\u2026 by MasTorrencito"},"content":{"rendered":"\n<p>Ai\u2026 Mai vaig imaginar que escriure aquesta carta seria tan complicat, potser el m\u00e9s dif\u00edcil que he hagut de fer a la meva vida. Com s&#8217;acomiada un de tot all\u00f2 que ha conegut i estimat? Com es clou en paraules tot un recorregut ple de viv\u00e8ncies, mem\u00f2ries i afectes? I tanmateix, aqu\u00ed estic, amb el cor atape\u00eft, escrivint aquesta petita paraula que tant costa de dir: <strong>AD\u00c9U.<\/strong>   <\/p>\n\n<p>Han estat anys meravellosos. La meva vida, encara que senzilla, ha estat plena de moments de joia, de rialles, de coses \u00faniques. He estat testimoni de tantes hist\u00f2ries, de tants instants que m&#8217;han tocat l&#8217;\u00e0nima. Mai no em va faltar res, sempre vaig tenir un lloc, un prop\u00f2sit. I encara que la vida mai no \u00e9s perfecta, no em puc queixar, perqu\u00e8 he estat m\u00e9s que afortunat.    <\/p>\n\n<p>No vaig estar mai malalt. No vaig patir mai grans pen\u00faries. Mai fins avui em vaig haver d&#8217;acomiadar d&#8217;alg\u00fa proper. Que estrany sona aix\u00f2! Per\u00f2 \u00e9s veritat. He tingut la sort de formar part d&#8217;una vida plena d&#8217;afecte i de significat. I aix\u00f2, per a alg\u00fa com jo, \u00e9s tot un privilegi.      <\/p>\n\n<p>Ah\u2026 com oblidar aquests lametons plens d&#8217;amor de Manuela, Markos, Mam\u00e1s, Masto, Mast\u00edn, Mastitwo, Max, Macarena, Mat\u00f3, Maky\u2026 Ah, els Maky! No fallaven mai. Sempre tan atents, tan propers. Ells sabien el que jo duia a dins, sabien que hi havia alguna cosa per a ells, una cosa que els pertanyia tant com a mi. Aquesta connexi\u00f3, aquesta entesa silenciosa per\u00f2 profunda\u2026 els estranyar\u00e9 tant, m\u00e9s del que puc expressar.    <\/p>\n<figure class=\"wp-block-post-featured-image\"><img fetchpriority=\"high\" decoding=\"async\" width=\"217\" height=\"232\" src=\"https:\/\/mastorrencito.com\/cat\/wp-content\/uploads\/sites\/3\/cielo.jpg\" class=\"attachment-post-thumbnail size-post-thumbnail wp-post-image\" alt=\"El adios.... by MasTorrencito\" style=\"object-fit:cover;\" \/><\/figure>\n<p>He viscut de tot. He estat testimoni de dies assolellats i de pluges interminables, de festes sorolloses i de silencis profunds. Hi he estat en moments d&#8217;euf\u00f2ria i tamb\u00e9 en els de solitud. He estat \u00fatil, necessari, fins i tot imprescindible de vegades. D&#8217;altres potser em vaig sentir oblidat, relegat, per\u00f2 sempre sabia que tard o d&#8217;hora em buscarien, em necessitarien. I aix\u00f2\u2026 aix\u00f2 era suficient per a mi.     <\/p>\n\n<p>Recordo el que deia la meva \u00e0via: <em>\u00abSi no haguessis existit, haur\u00edem d&#8217;inventar-te.\u00bb<\/em> Quanta veritat en aquestes paraules! Perqu\u00e8, encara que senzill, he estat part d&#8217;una cosa m\u00e9s gran, d&#8217;una cosa important. He estat testimoni de vides que es construeixen, que canvien, que creixen. He estat aqu\u00ed per rebre, per sostenir, per ser un refugi al mig del caos.   <\/p>\n\n<p>Per\u00f2 tot en aquesta vida t\u00e9 un final, oi? I ara, el meu ha arribat. No hi ha m\u00e9s hist\u00f2ries per a mi, no m\u00e9s dies per endavant. Per\u00f2, saben res? No tinc por. No tinc tristesa. Nom\u00e9s gratitud, una gratitud immensa per tot el que vaig viure, per tot el que vaig ser, per tot all\u00f2 que van significar per a mi.      <\/p>\n\n<p>Han estat molts anys junts. Anys plens de rialles, de complicitat, de moments inoblidables. I encara que el meu temps aqu\u00ed s&#8217;ha acabat, vull que s\u00e0piguen que sempre els portar\u00e9 al meu cor. Vost\u00e8s van ser la meva ra\u00f3 de ser, i aix\u00f2 mai canviar\u00e0, on sigui.   <\/p>\n\n<p>Aix\u00ed que aqu\u00ed estic, amb aquestes paraules que m&#8217;acomiaden, deixant un trosset de mi a cadascun de vosaltres. Gr\u00e0cies gr\u00e0cies per tot. Pels riures, per les ll\u00e0grimes, per les vegades que em van mirar amb afecte o amb necessitat. Gr\u00e0cies per ser la meva llar, la meva companyia, el meu m\u00f3n.   <\/p>\n\n<p><strong>Amb amor infinit i etern agra\u00efment,<\/strong><br \/><em>La galleda d&#8217;escombraries.<\/em><\/p>\n\n<hr class=\"wp-block-separator has-alpha-channel-opacity\" \/>\n\n<blockquote class=\"wp-block-quote is-layout-flow wp-block-quote-is-layout-flow\">\n<p>Des de MasTorrencito et desitgem un bon dia i que els teus gossos t&#8217;acompanyin!!<\/p>\n<\/blockquote>\n\n<p>\u2014\u2013<br \/> Si vols, pot veure els nostres <strong>bons per caps de setmana, bons jubilats<\/strong> , a un preu incre\u00efble..entra a <a href=\"https:\/\/www.mastorrencito.com\/\">www.mastorrencito.com<\/a> o si vols podeu llegir m\u00e9s hist\u00f2ria i an\u00e8cdotes que ens han passat a Mas Torrencito\u2026 Fes click <a href=\"https:\/\/mastorrencito.com\/es\/\">aqu\u00ed<\/a><\/p>\n","protected":false},"excerpt":{"rendered":"<p>Ai\u2026 Mai vaig imaginar que escriure aquesta carta seria tan complicat, potser el m\u00e9s dif\u00edcil que he hagut de fer a la meva vida. Com s&#8217;acomiada un de tot all\u00f2 que ha conegut i estimat? Com es clou en paraules tot un recorregut ple de viv\u00e8ncies, mem\u00f2ries i afectes? I tanmateix, aqu\u00ed estic, amb el [&hellip;]<\/p>\n","protected":false},"author":2,"featured_media":3178,"comment_status":"open","ping_status":"closed","sticky":false,"template":"","format":"standard","meta":{"_acf_changed":false,"footnotes":""},"categories":[35],"tags":[47,55,57,42,43],"class_list":["post-3184","post","type-post","status-publish","format-standard","has-post-thumbnail","hentry","category-histories-mastorrencito","tag-gironaconmascotas","tag-turismecostabrava","tag-turismeruralambgossos-3","tag-turismoconmascotas","tag-tursmeambgossos"],"yoast_head":"<!-- This site is optimized with the Yoast SEO Premium plugin v27.3 (Yoast SEO v27.5) - https:\/\/yoast.com\/product\/yoast-seo-premium-wordpress\/ -->\n<title>La meva carta de comiat\u2026 by MasTorrencito - Mas Torrencito CAT<\/title>\n<meta name=\"description\" content=\"I \u00e9s que dir ad\u00e9u... sempre costa... per\u00f2 quan arriba el moment... La meva carta de comiat\u2026 by MasTorrencito\" \/>\n<meta name=\"robots\" content=\"index, follow, max-snippet:-1, max-image-preview:large, max-video-preview:-1\" \/>\n<link rel=\"canonical\" href=\"https:\/\/mastorrencito.com\/cat\/la-meva-carta-de-comiat-by-mastorrencito\/\" \/>\n<meta property=\"og:locale\" content=\"es_ES\" \/>\n<meta property=\"og:type\" content=\"article\" \/>\n<meta property=\"og:title\" content=\"La meva carta de comiat\u2026 by MasTorrencito\" \/>\n<meta property=\"og:description\" content=\"I \u00e9s que dir ad\u00e9u... sempre costa... per\u00f2 quan arriba el moment... La meva carta de comiat\u2026 by MasTorrencito\" \/>\n<meta property=\"og:url\" content=\"https:\/\/mastorrencito.com\/cat\/la-meva-carta-de-comiat-by-mastorrencito\/\" \/>\n<meta property=\"og:site_name\" content=\"Mas Torrencito CAT\" \/>\n<meta property=\"article:published_time\" content=\"2025-01-12T06:26:40+00:00\" \/>\n<meta property=\"og:image\" content=\"https:\/\/mastorrencito.com\/cat\/wp-content\/uploads\/sites\/3\/cielo.jpg\" \/>\n\t<meta property=\"og:image:width\" content=\"217\" \/>\n\t<meta property=\"og:image:height\" content=\"232\" \/>\n\t<meta property=\"og:image:type\" content=\"image\/jpeg\" \/>\n<meta name=\"author\" content=\"Mastorrencito\" \/>\n<meta name=\"twitter:card\" content=\"summary_large_image\" \/>\n<meta name=\"twitter:label1\" content=\"Escrito por\" \/>\n\t<meta name=\"twitter:data1\" content=\"Mastorrencito\" \/>\n\t<meta name=\"twitter:label2\" content=\"Tiempo de lectura\" \/>\n\t<meta name=\"twitter:data2\" content=\"3 minutos\" \/>\n<script type=\"application\/ld+json\" class=\"yoast-schema-graph\">{\"@context\":\"https:\\\/\\\/schema.org\",\"@graph\":[{\"@type\":\"Article\",\"@id\":\"https:\\\/\\\/mastorrencito.com\\\/cat\\\/la-meva-carta-de-comiat-by-mastorrencito\\\/#article\",\"isPartOf\":{\"@id\":\"https:\\\/\\\/mastorrencito.com\\\/cat\\\/la-meva-carta-de-comiat-by-mastorrencito\\\/\"},\"author\":{\"name\":\"Mastorrencito\",\"@id\":\"https:\\\/\\\/mastorrencito.com\\\/#\\\/schema\\\/person\\\/18c619be80d4ae2667c702911625f790\"},\"headline\":\"La meva carta de comiat\u2026 by MasTorrencito\",\"datePublished\":\"2025-01-12T06:26:40+00:00\",\"mainEntityOfPage\":{\"@id\":\"https:\\\/\\\/mastorrencito.com\\\/cat\\\/la-meva-carta-de-comiat-by-mastorrencito\\\/\"},\"wordCount\":666,\"commentCount\":0,\"publisher\":{\"@id\":\"https:\\\/\\\/mastorrencito.com\\\/#organization\"},\"image\":{\"@id\":\"https:\\\/\\\/mastorrencito.com\\\/cat\\\/la-meva-carta-de-comiat-by-mastorrencito\\\/#primaryimage\"},\"thumbnailUrl\":\"https:\\\/\\\/mastorrencito.com\\\/cat\\\/wp-content\\\/uploads\\\/sites\\\/3\\\/cielo.jpg\",\"keywords\":[\"Gironaconmascotas\",\"turismecostabrava\",\"turismeruralambgossos\",\"turismoconmascotas\",\"Tursmeambgossos\"],\"articleSection\":[\"Hist\u00f2ries Mastorrencito\"],\"inLanguage\":\"es\",\"potentialAction\":[{\"@type\":\"CommentAction\",\"name\":\"Comment\",\"target\":[\"https:\\\/\\\/mastorrencito.com\\\/cat\\\/la-meva-carta-de-comiat-by-mastorrencito\\\/#respond\"]}]},{\"@type\":\"WebPage\",\"@id\":\"https:\\\/\\\/mastorrencito.com\\\/cat\\\/la-meva-carta-de-comiat-by-mastorrencito\\\/\",\"url\":\"https:\\\/\\\/mastorrencito.com\\\/cat\\\/la-meva-carta-de-comiat-by-mastorrencito\\\/\",\"name\":\"La meva carta de comiat\u2026 by MasTorrencito - Mas Torrencito CAT\",\"isPartOf\":{\"@id\":\"https:\\\/\\\/mastorrencito.com\\\/#website\"},\"primaryImageOfPage\":{\"@id\":\"https:\\\/\\\/mastorrencito.com\\\/cat\\\/la-meva-carta-de-comiat-by-mastorrencito\\\/#primaryimage\"},\"image\":{\"@id\":\"https:\\\/\\\/mastorrencito.com\\\/cat\\\/la-meva-carta-de-comiat-by-mastorrencito\\\/#primaryimage\"},\"thumbnailUrl\":\"https:\\\/\\\/mastorrencito.com\\\/cat\\\/wp-content\\\/uploads\\\/sites\\\/3\\\/cielo.jpg\",\"datePublished\":\"2025-01-12T06:26:40+00:00\",\"description\":\"I \u00e9s que dir ad\u00e9u... sempre costa... per\u00f2 quan arriba el moment... La meva carta de comiat\u2026 by MasTorrencito\",\"breadcrumb\":{\"@id\":\"https:\\\/\\\/mastorrencito.com\\\/cat\\\/la-meva-carta-de-comiat-by-mastorrencito\\\/#breadcrumb\"},\"inLanguage\":\"es\",\"potentialAction\":[{\"@type\":\"ReadAction\",\"target\":[\"https:\\\/\\\/mastorrencito.com\\\/cat\\\/la-meva-carta-de-comiat-by-mastorrencito\\\/\"]}]},{\"@type\":\"ImageObject\",\"inLanguage\":\"es\",\"@id\":\"https:\\\/\\\/mastorrencito.com\\\/cat\\\/la-meva-carta-de-comiat-by-mastorrencito\\\/#primaryimage\",\"url\":\"https:\\\/\\\/mastorrencito.com\\\/cat\\\/wp-content\\\/uploads\\\/sites\\\/3\\\/cielo.jpg\",\"contentUrl\":\"https:\\\/\\\/mastorrencito.com\\\/cat\\\/wp-content\\\/uploads\\\/sites\\\/3\\\/cielo.jpg\",\"width\":217,\"height\":232,\"caption\":\"El adios.... by MasTorrencito\"},{\"@type\":\"BreadcrumbList\",\"@id\":\"https:\\\/\\\/mastorrencito.com\\\/cat\\\/la-meva-carta-de-comiat-by-mastorrencito\\\/#breadcrumb\",\"itemListElement\":[{\"@type\":\"ListItem\",\"position\":1,\"name\":\"Portada\",\"item\":\"https:\\\/\\\/mastorrencito.com\\\/\"},{\"@type\":\"ListItem\",\"position\":2,\"name\":\"La meva carta de comiat\u2026 by MasTorrencito\"}]},{\"@type\":\"WebSite\",\"@id\":\"https:\\\/\\\/mastorrencito.com\\\/#website\",\"url\":\"https:\\\/\\\/mastorrencito.com\\\/\",\"name\":\"Mas Torrencito CAT\",\"description\":\"Casa rural pet friendly en Girona\",\"publisher\":{\"@id\":\"https:\\\/\\\/mastorrencito.com\\\/#organization\"},\"potentialAction\":[{\"@type\":\"SearchAction\",\"target\":{\"@type\":\"EntryPoint\",\"urlTemplate\":\"https:\\\/\\\/mastorrencito.com\\\/?s={search_term_string}\"},\"query-input\":{\"@type\":\"PropertyValueSpecification\",\"valueRequired\":true,\"valueName\":\"search_term_string\"}}],\"inLanguage\":\"es\"},{\"@type\":\"Organization\",\"@id\":\"https:\\\/\\\/mastorrencito.com\\\/#organization\",\"name\":\"Mas Torrencito CAT\",\"url\":\"https:\\\/\\\/mastorrencito.com\\\/\",\"logo\":{\"@type\":\"ImageObject\",\"inLanguage\":\"es\",\"@id\":\"https:\\\/\\\/mastorrencito.com\\\/#\\\/schema\\\/logo\\\/image\\\/\",\"url\":\"https:\\\/\\\/mastorrencito.com\\\/cat\\\/wp-content\\\/uploads\\\/sites\\\/3\\\/Logo-Mastorrencito-horizontal.webp\",\"contentUrl\":\"https:\\\/\\\/mastorrencito.com\\\/cat\\\/wp-content\\\/uploads\\\/sites\\\/3\\\/Logo-Mastorrencito-horizontal.webp\",\"width\":161,\"height\":54,\"caption\":\"Mas Torrencito CAT\"},\"image\":{\"@id\":\"https:\\\/\\\/mastorrencito.com\\\/#\\\/schema\\\/logo\\\/image\\\/\"}},{\"@type\":\"Person\",\"@id\":\"https:\\\/\\\/mastorrencito.com\\\/#\\\/schema\\\/person\\\/18c619be80d4ae2667c702911625f790\",\"name\":\"Mastorrencito\",\"image\":{\"@type\":\"ImageObject\",\"inLanguage\":\"es\",\"@id\":\"https:\\\/\\\/secure.gravatar.com\\\/avatar\\\/3ef55e0519f987a734c21caee1423b51df7b760b7d81a38ecd31cab0a5115f6d?s=96&d=mm&r=g\",\"url\":\"https:\\\/\\\/secure.gravatar.com\\\/avatar\\\/3ef55e0519f987a734c21caee1423b51df7b760b7d81a38ecd31cab0a5115f6d?s=96&d=mm&r=g\",\"contentUrl\":\"https:\\\/\\\/secure.gravatar.com\\\/avatar\\\/3ef55e0519f987a734c21caee1423b51df7b760b7d81a38ecd31cab0a5115f6d?s=96&d=mm&r=g\",\"caption\":\"Mastorrencito\"},\"url\":\"https:\\\/\\\/mastorrencito.com\\\/cat\\\/author\\\/mastorrencito\\\/\"}]}<\/script>\n<!-- \/ Yoast SEO Premium plugin. -->","yoast_head_json":{"title":"La meva carta de comiat\u2026 by MasTorrencito - Mas Torrencito CAT","description":"I \u00e9s que dir ad\u00e9u... sempre costa... per\u00f2 quan arriba el moment... La meva carta de comiat\u2026 by MasTorrencito","robots":{"index":"index","follow":"follow","max-snippet":"max-snippet:-1","max-image-preview":"max-image-preview:large","max-video-preview":"max-video-preview:-1"},"canonical":"https:\/\/mastorrencito.com\/cat\/la-meva-carta-de-comiat-by-mastorrencito\/","og_locale":"es_ES","og_type":"article","og_title":"La meva carta de comiat\u2026 by MasTorrencito","og_description":"I \u00e9s que dir ad\u00e9u... sempre costa... per\u00f2 quan arriba el moment... La meva carta de comiat\u2026 by MasTorrencito","og_url":"https:\/\/mastorrencito.com\/cat\/la-meva-carta-de-comiat-by-mastorrencito\/","og_site_name":"Mas Torrencito CAT","article_published_time":"2025-01-12T06:26:40+00:00","og_image":[{"width":217,"height":232,"url":"https:\/\/mastorrencito.com\/cat\/wp-content\/uploads\/sites\/3\/cielo.jpg","type":"image\/jpeg"}],"author":"Mastorrencito","twitter_card":"summary_large_image","twitter_misc":{"Escrito por":"Mastorrencito","Tiempo de lectura":"3 minutos"},"schema":{"@context":"https:\/\/schema.org","@graph":[{"@type":"Article","@id":"https:\/\/mastorrencito.com\/cat\/la-meva-carta-de-comiat-by-mastorrencito\/#article","isPartOf":{"@id":"https:\/\/mastorrencito.com\/cat\/la-meva-carta-de-comiat-by-mastorrencito\/"},"author":{"name":"Mastorrencito","@id":"https:\/\/mastorrencito.com\/#\/schema\/person\/18c619be80d4ae2667c702911625f790"},"headline":"La meva carta de comiat\u2026 by MasTorrencito","datePublished":"2025-01-12T06:26:40+00:00","mainEntityOfPage":{"@id":"https:\/\/mastorrencito.com\/cat\/la-meva-carta-de-comiat-by-mastorrencito\/"},"wordCount":666,"commentCount":0,"publisher":{"@id":"https:\/\/mastorrencito.com\/#organization"},"image":{"@id":"https:\/\/mastorrencito.com\/cat\/la-meva-carta-de-comiat-by-mastorrencito\/#primaryimage"},"thumbnailUrl":"https:\/\/mastorrencito.com\/cat\/wp-content\/uploads\/sites\/3\/cielo.jpg","keywords":["Gironaconmascotas","turismecostabrava","turismeruralambgossos","turismoconmascotas","Tursmeambgossos"],"articleSection":["Hist\u00f2ries Mastorrencito"],"inLanguage":"es","potentialAction":[{"@type":"CommentAction","name":"Comment","target":["https:\/\/mastorrencito.com\/cat\/la-meva-carta-de-comiat-by-mastorrencito\/#respond"]}]},{"@type":"WebPage","@id":"https:\/\/mastorrencito.com\/cat\/la-meva-carta-de-comiat-by-mastorrencito\/","url":"https:\/\/mastorrencito.com\/cat\/la-meva-carta-de-comiat-by-mastorrencito\/","name":"La meva carta de comiat\u2026 by MasTorrencito - Mas Torrencito CAT","isPartOf":{"@id":"https:\/\/mastorrencito.com\/#website"},"primaryImageOfPage":{"@id":"https:\/\/mastorrencito.com\/cat\/la-meva-carta-de-comiat-by-mastorrencito\/#primaryimage"},"image":{"@id":"https:\/\/mastorrencito.com\/cat\/la-meva-carta-de-comiat-by-mastorrencito\/#primaryimage"},"thumbnailUrl":"https:\/\/mastorrencito.com\/cat\/wp-content\/uploads\/sites\/3\/cielo.jpg","datePublished":"2025-01-12T06:26:40+00:00","description":"I \u00e9s que dir ad\u00e9u... sempre costa... per\u00f2 quan arriba el moment... La meva carta de comiat\u2026 by MasTorrencito","breadcrumb":{"@id":"https:\/\/mastorrencito.com\/cat\/la-meva-carta-de-comiat-by-mastorrencito\/#breadcrumb"},"inLanguage":"es","potentialAction":[{"@type":"ReadAction","target":["https:\/\/mastorrencito.com\/cat\/la-meva-carta-de-comiat-by-mastorrencito\/"]}]},{"@type":"ImageObject","inLanguage":"es","@id":"https:\/\/mastorrencito.com\/cat\/la-meva-carta-de-comiat-by-mastorrencito\/#primaryimage","url":"https:\/\/mastorrencito.com\/cat\/wp-content\/uploads\/sites\/3\/cielo.jpg","contentUrl":"https:\/\/mastorrencito.com\/cat\/wp-content\/uploads\/sites\/3\/cielo.jpg","width":217,"height":232,"caption":"El adios.... by MasTorrencito"},{"@type":"BreadcrumbList","@id":"https:\/\/mastorrencito.com\/cat\/la-meva-carta-de-comiat-by-mastorrencito\/#breadcrumb","itemListElement":[{"@type":"ListItem","position":1,"name":"Portada","item":"https:\/\/mastorrencito.com\/"},{"@type":"ListItem","position":2,"name":"La meva carta de comiat\u2026 by MasTorrencito"}]},{"@type":"WebSite","@id":"https:\/\/mastorrencito.com\/#website","url":"https:\/\/mastorrencito.com\/","name":"Mas Torrencito CAT","description":"Casa rural pet friendly en Girona","publisher":{"@id":"https:\/\/mastorrencito.com\/#organization"},"potentialAction":[{"@type":"SearchAction","target":{"@type":"EntryPoint","urlTemplate":"https:\/\/mastorrencito.com\/?s={search_term_string}"},"query-input":{"@type":"PropertyValueSpecification","valueRequired":true,"valueName":"search_term_string"}}],"inLanguage":"es"},{"@type":"Organization","@id":"https:\/\/mastorrencito.com\/#organization","name":"Mas Torrencito CAT","url":"https:\/\/mastorrencito.com\/","logo":{"@type":"ImageObject","inLanguage":"es","@id":"https:\/\/mastorrencito.com\/#\/schema\/logo\/image\/","url":"https:\/\/mastorrencito.com\/cat\/wp-content\/uploads\/sites\/3\/Logo-Mastorrencito-horizontal.webp","contentUrl":"https:\/\/mastorrencito.com\/cat\/wp-content\/uploads\/sites\/3\/Logo-Mastorrencito-horizontal.webp","width":161,"height":54,"caption":"Mas Torrencito CAT"},"image":{"@id":"https:\/\/mastorrencito.com\/#\/schema\/logo\/image\/"}},{"@type":"Person","@id":"https:\/\/mastorrencito.com\/#\/schema\/person\/18c619be80d4ae2667c702911625f790","name":"Mastorrencito","image":{"@type":"ImageObject","inLanguage":"es","@id":"https:\/\/secure.gravatar.com\/avatar\/3ef55e0519f987a734c21caee1423b51df7b760b7d81a38ecd31cab0a5115f6d?s=96&d=mm&r=g","url":"https:\/\/secure.gravatar.com\/avatar\/3ef55e0519f987a734c21caee1423b51df7b760b7d81a38ecd31cab0a5115f6d?s=96&d=mm&r=g","contentUrl":"https:\/\/secure.gravatar.com\/avatar\/3ef55e0519f987a734c21caee1423b51df7b760b7d81a38ecd31cab0a5115f6d?s=96&d=mm&r=g","caption":"Mastorrencito"},"url":"https:\/\/mastorrencito.com\/cat\/author\/mastorrencito\/"}]}},"acf":[],"_links":{"self":[{"href":"https:\/\/mastorrencito.com\/cat\/wp-json\/wp\/v2\/posts\/3184","targetHints":{"allow":["GET"]}}],"collection":[{"href":"https:\/\/mastorrencito.com\/cat\/wp-json\/wp\/v2\/posts"}],"about":[{"href":"https:\/\/mastorrencito.com\/cat\/wp-json\/wp\/v2\/types\/post"}],"author":[{"embeddable":true,"href":"https:\/\/mastorrencito.com\/cat\/wp-json\/wp\/v2\/users\/2"}],"replies":[{"embeddable":true,"href":"https:\/\/mastorrencito.com\/cat\/wp-json\/wp\/v2\/comments?post=3184"}],"version-history":[{"count":0,"href":"https:\/\/mastorrencito.com\/cat\/wp-json\/wp\/v2\/posts\/3184\/revisions"}],"wp:featuredmedia":[{"embeddable":true,"href":"https:\/\/mastorrencito.com\/cat\/wp-json\/wp\/v2\/media\/3178"}],"wp:attachment":[{"href":"https:\/\/mastorrencito.com\/cat\/wp-json\/wp\/v2\/media?parent=3184"}],"wp:term":[{"taxonomy":"category","embeddable":true,"href":"https:\/\/mastorrencito.com\/cat\/wp-json\/wp\/v2\/categories?post=3184"},{"taxonomy":"post_tag","embeddable":true,"href":"https:\/\/mastorrencito.com\/cat\/wp-json\/wp\/v2\/tags?post=3184"}],"curies":[{"name":"wp","href":"https:\/\/api.w.org\/{rel}","templated":true}]}}