{"id":3177,"date":"2025-01-12T06:26:40","date_gmt":"2025-01-12T06:26:40","guid":{"rendered":"https:\/\/casaruralconperrosgirona.com\/?p=3177"},"modified":"2026-02-07T04:59:59","modified_gmt":"2026-02-07T04:59:59","slug":"ma-lettre-d-adieu-poubelle-mas-torrencito","status":"publish","type":"post","link":"https:\/\/mastorrencito.com\/cat\/ma-lettre-d-adieu-poubelle-mas-torrencito\/","title":{"rendered":"Ma lettre d\u2019adieu : l\u2019au revoir \u00e9mouvant et inattendu d\u2019une poubelle \u00e0 Mas Torrencito"},"content":{"rendered":"\n<p><\/p>\n\n\n\n<hr class=\"wp-block-separator has-alpha-channel-opacity\" \/>\n\n\n\n<h2 class=\"wp-block-heading\"><strong>Ah\u2026 Je n\u2019aurais jamais imagin\u00e9 que l\u2019\u00e9criture de cette lettre serait si compliqu\u00e9e, peut-\u00eatre la chose la plus difficile que j\u2019aie eu \u00e0 faire de toute ma vie.<\/strong><\/h2>\n\n\n\n<p>Comment dit-on adieu \u00e0 tout ce que l\u2019on a connu et aim\u00e9 ? Comment enfermer en quelques mots tout un parcours rempli d\u2019exp\u00e9riences, de souvenirs et d\u2019affection ? Et pourtant, me voil\u00e0, le c\u0153ur serr\u00e9, en train d\u2019\u00e9crire ce petit mot si difficile \u00e0 prononcer :\u00a0<strong>ADIEU<\/strong>.<\/p>\n\n\n\n<p>Ce furent des ann\u00e9es merveilleuses. Ma vie, bien que simple, a \u00e9t\u00e9 remplie de moments de joie, de rires et d\u2019instants uniques. J\u2019ai \u00e9t\u00e9 le t\u00e9moin de tant d\u2019histoires, de tant de moments qui m\u2019ont touch\u00e9 l\u2019\u00e2me. Il ne m\u2019a jamais rien manqu\u00e9 ; j\u2019ai toujours eu une place, une raison d\u2019\u00eatre. Et m\u00eame si la vie n\u2019est jamais parfaite, je ne peux pas me plaindre, car j\u2019ai \u00e9t\u00e9 plus que chanceux.<\/p>\n\n\n\n<p>Je n\u2019ai jamais \u00e9t\u00e9 malade. Je n\u2019ai jamais connu de grandes \u00e9preuves. Jusqu\u2019\u00e0 aujourd\u2019hui, je n\u2019avais jamais eu \u00e0 dire adieu \u00e0 quelqu\u2019un de proche. Comme cela sonne \u00e9trange ! Et pourtant, c\u2019est vrai. J\u2019ai eu la chance de faire partie d\u2019une vie remplie de tendresse et de sens. Et cela, pour quelqu\u2019un comme moi, est un immense privil\u00e8ge.<\/p>\n\n\n\n<p>Ah\u2026 comment oublier ces l\u00e9chouilles pleines d\u2019amour de Manuela, Markos, Mam\u00e1s, Masto, Mast\u00edn, Mastitwo, Max, Macarena, Mat\u00f3, Maky\u2026 Ah, les Maky ! Ils ne manquaient jamais \u00e0 l\u2019appel. Toujours attentifs, toujours proches. Ils savaient ce que je portais en moi, ils savaient qu\u2019il y avait quelque chose pour eux, quelque chose qui leur appartenait autant qu\u2019\u00e0 moi. Cette connexion, cette compr\u00e9hension silencieuse mais profonde\u2026 ils vont tellement me manquer, bien plus que je ne peux l\u2019exprimer.<\/p>\n\n\n\n<figure class=\"wp-block-image size-full\"><img decoding=\"async\" src=\"https:\/\/mastorrencito.com\/fr\/wp-content\/uploads\/sites\/4\/ChatGPT-Image-7-feb-2026-06_06_03.png\" alt=\"Ma lettre d\u2019adieu\u2026 Tourisme rural Petfriendly Gerone\" class=\"wp-image-2070\" \/><figcaption class=\"wp-element-caption\">Ma lettre d\u2019adieu\u2026 Tourisme rural Petfriendly Gerone<\/figcaption><\/figure>\n\n\n\n<p>J\u2019ai tout v\u00e9cu. J\u2019ai \u00e9t\u00e9 t\u00e9moin de journ\u00e9es ensoleill\u00e9es et de pluies interminables, de f\u00eates bruyantes et de silences profonds. J\u2019ai \u00e9t\u00e9 l\u00e0 dans les moments d\u2019euphorie comme dans ceux de solitude. J\u2019ai \u00e9t\u00e9 utile, n\u00e9cessaire, parfois m\u00eame indispensable. D\u2019autres fois, peut-\u00eatre me suis-je senti oubli\u00e9, mis de c\u00f4t\u00e9, mais je savais toujours que t\u00f4t ou tard on viendrait me chercher, qu\u2019on aurait besoin de moi. Et cela\u2026 cela me suffisait.<\/p>\n\n\n\n<p>Je me souviens de ce que disait ma grand-m\u00e8re :&nbsp;<em>\u00ab Si tu n\u2019avais pas exist\u00e9, il aurait fallu t\u2019inventer. \u00bb<\/em>&nbsp;Quelle v\u00e9rit\u00e9 dans ces mots ! Car, m\u00eame simple, j\u2019ai fait partie de quelque chose de plus grand, de quelque chose d\u2019important. J\u2019ai \u00e9t\u00e9 t\u00e9moin de vies qui se construisent, qui changent, qui grandissent. J\u2019\u00e9tais l\u00e0 pour accueillir, pour soutenir, pour \u00eatre un refuge au milieu du chaos.<\/p>\n\n\n\n<p>Mais tout a une fin dans cette vie, n\u2019est-ce pas ? Et maintenant, la mienne est arriv\u00e9e. Il n\u2019y a plus d\u2019histoires pour moi, plus de jours \u00e0 venir. Mais savez-vous quoi ? Je n\u2019ai pas peur. Je ne suis pas triste. Je ressens seulement de la gratitude \u2014 une immense gratitude pour tout ce que j\u2019ai v\u00e9cu, pour tout ce que j\u2019ai \u00e9t\u00e9, pour tout ce que vous avez repr\u00e9sent\u00e9 pour moi.<\/p>\n\n\n\n<p>Nous avons partag\u00e9 de nombreuses ann\u00e9es ensemble. Des ann\u00e9es remplies de rires, de complicit\u00e9 et de moments inoubliables. Et m\u00eame si mon temps ici est termin\u00e9, je veux que vous sachiez que je vous porterai toujours dans mon c\u0153ur. Vous avez \u00e9t\u00e9 ma raison d\u2019\u00eatre, et cela ne changera jamais, o\u00f9 que je sois.<\/p>\n\n\n\n<p>Me voil\u00e0 donc, avec ces mots d\u2019adieu, laissant un petit morceau de moi en chacun de vous. Merci, merci pour tout. Pour les rires, pour les larmes, pour les moments o\u00f9 vous m\u2019avez regard\u00e9 avec tendresse ou avec besoin. Merci d\u2019avoir \u00e9t\u00e9 mon foyer, ma compagnie, mon monde.<\/p>\n\n\n\n<p>Avec un amour infini et une gratitude \u00e9ternelle,<br><strong>La poubelle.<\/strong><\/p>\n\n\n\n<hr class=\"wp-block-separator has-alpha-channel-opacity\" \/>\n\n\n\n<p><strong>Depuis Mas Torrencito, nous vous souhaitons une excellente journ\u00e9e \u2014 et que vos chiens vous accompagnent toujours !!!!<\/strong>&nbsp;\ud83d\udc3e\u2600\ufe0f<\/p>\n\n\n\n<p>\u2014\u2013<br>Si vous le souhaitez, vous pouvez d\u00e9couvrir nos&nbsp;<strong>bons week-end<\/strong>&nbsp;et&nbsp;<strong>bons seniors<\/strong>, \u00e0 des prix incroyables, sur&nbsp;<strong><a href=\"http:\/\/www.mastorrencito.com\/\">www.mastorrencito.com<\/a><\/strong>.<br>Ou bien lire davantage d\u2019histoires et d\u2019anecdotes v\u00e9cues \u00e0&nbsp;<strong>Mas Torrencito<\/strong>.<\/p>\n","protected":false},"excerpt":{"rendered":"<p>Une lettre d\u2019adieu \u00e9mouvante et inattendue racont\u00e9e par une poubelle. Une histoire touchante de Mas Torrencito, tourisme rural dog friendly \u00e0 G\u00e9rone.<\/p>\n","protected":false},"author":2,"featured_media":4857,"comment_status":"open","ping_status":"closed","sticky":false,"template":"","format":"standard","meta":{"_acf_changed":false,"footnotes":""},"categories":[1],"tags":[],"class_list":["post-3177","post","type-post","status-publish","format-standard","has-post-thumbnail","hentry","category-sin-categoria"],"yoast_head":"<!-- This site is optimized with the Yoast SEO Premium plugin v27.3 (Yoast SEO v27.5) - https:\/\/yoast.com\/product\/yoast-seo-premium-wordpress\/ -->\n<title>Ma lettre d\u2019adieu : l\u2019au revoir \u00e9mouvant et inattendu d\u2019une poubelle \u00e0 Mas Torrencito - Mas Torrencito CAT<\/title>\n<meta name=\"description\" content=\"Y es que decir adios... siempre cuesta... pero cuando llega el momento... Mi carta de despedida\u2026 by MasTorrencito\" \/>\n<meta name=\"robots\" content=\"index, follow, max-snippet:-1, max-image-preview:large, max-video-preview:-1\" \/>\n<link rel=\"canonical\" href=\"https:\/\/mastorrencito.com\/cat\/ma-lettre-d-adieu-poubelle-mas-torrencito\/\" \/>\n<meta property=\"og:locale\" content=\"es_ES\" \/>\n<meta property=\"og:type\" content=\"article\" \/>\n<meta property=\"og:title\" content=\"Ma lettre d\u2019adieu : l\u2019au revoir \u00e9mouvant et inattendu d\u2019une poubelle \u00e0 Mas Torrencito\" \/>\n<meta property=\"og:description\" content=\"Y es que decir adios... siempre cuesta... pero cuando llega el momento... Mi carta de despedida\u2026 by MasTorrencito\" \/>\n<meta property=\"og:url\" content=\"https:\/\/mastorrencito.com\/cat\/ma-lettre-d-adieu-poubelle-mas-torrencito\/\" \/>\n<meta property=\"og:site_name\" content=\"Mas Torrencito CAT\" \/>\n<meta property=\"article:published_time\" content=\"2025-01-12T06:26:40+00:00\" \/>\n<meta property=\"article:modified_time\" content=\"2026-02-07T04:59:59+00:00\" \/>\n<meta property=\"og:image\" content=\"https:\/\/mastorrencito.com\/cat\/wp-content\/uploads\/sites\/3\/ChatGPT-Image-7-feb-2026-06_06_03.png\" \/>\n\t<meta property=\"og:image:width\" content=\"567\" \/>\n\t<meta property=\"og:image:height\" content=\"850\" \/>\n\t<meta property=\"og:image:type\" content=\"image\/png\" \/>\n<meta name=\"author\" content=\"Mastorrencito\" \/>\n<meta name=\"twitter:card\" content=\"summary_large_image\" \/>\n<meta name=\"twitter:label1\" content=\"Escrito por\" \/>\n\t<meta name=\"twitter:data1\" content=\"Mastorrencito\" \/>\n\t<meta name=\"twitter:label2\" content=\"Tiempo de lectura\" \/>\n\t<meta name=\"twitter:data2\" content=\"4 minutos\" \/>\n<script type=\"application\/ld+json\" class=\"yoast-schema-graph\">{\"@context\":\"https:\\\/\\\/schema.org\",\"@graph\":[{\"@type\":\"Article\",\"@id\":\"https:\\\/\\\/mastorrencito.com\\\/cat\\\/ma-lettre-d-adieu-poubelle-mas-torrencito\\\/#article\",\"isPartOf\":{\"@id\":\"https:\\\/\\\/mastorrencito.com\\\/cat\\\/ma-lettre-d-adieu-poubelle-mas-torrencito\\\/\"},\"author\":{\"name\":\"Mastorrencito\",\"@id\":\"https:\\\/\\\/mastorrencito.com\\\/#\\\/schema\\\/person\\\/18c619be80d4ae2667c702911625f790\"},\"headline\":\"Ma lettre d\u2019adieu : l\u2019au revoir \u00e9mouvant et inattendu d\u2019une poubelle \u00e0 Mas Torrencito\",\"datePublished\":\"2025-01-12T06:26:40+00:00\",\"dateModified\":\"2026-02-07T04:59:59+00:00\",\"mainEntityOfPage\":{\"@id\":\"https:\\\/\\\/mastorrencito.com\\\/cat\\\/ma-lettre-d-adieu-poubelle-mas-torrencito\\\/\"},\"wordCount\":755,\"commentCount\":2,\"publisher\":{\"@id\":\"https:\\\/\\\/mastorrencito.com\\\/#organization\"},\"image\":{\"@id\":\"https:\\\/\\\/mastorrencito.com\\\/cat\\\/ma-lettre-d-adieu-poubelle-mas-torrencito\\\/#primaryimage\"},\"thumbnailUrl\":\"https:\\\/\\\/mastorrencito.com\\\/cat\\\/wp-content\\\/uploads\\\/sites\\\/3\\\/ChatGPT-Image-7-feb-2026-06_06_03.png\",\"inLanguage\":\"es\",\"potentialAction\":[{\"@type\":\"CommentAction\",\"name\":\"Comment\",\"target\":[\"https:\\\/\\\/mastorrencito.com\\\/cat\\\/ma-lettre-d-adieu-poubelle-mas-torrencito\\\/#respond\"]}]},{\"@type\":\"WebPage\",\"@id\":\"https:\\\/\\\/mastorrencito.com\\\/cat\\\/ma-lettre-d-adieu-poubelle-mas-torrencito\\\/\",\"url\":\"https:\\\/\\\/mastorrencito.com\\\/cat\\\/ma-lettre-d-adieu-poubelle-mas-torrencito\\\/\",\"name\":\"Ma lettre d\u2019adieu : l\u2019au revoir \u00e9mouvant et inattendu d\u2019une poubelle \u00e0 Mas Torrencito - Mas Torrencito CAT\",\"isPartOf\":{\"@id\":\"https:\\\/\\\/mastorrencito.com\\\/#website\"},\"primaryImageOfPage\":{\"@id\":\"https:\\\/\\\/mastorrencito.com\\\/cat\\\/ma-lettre-d-adieu-poubelle-mas-torrencito\\\/#primaryimage\"},\"image\":{\"@id\":\"https:\\\/\\\/mastorrencito.com\\\/cat\\\/ma-lettre-d-adieu-poubelle-mas-torrencito\\\/#primaryimage\"},\"thumbnailUrl\":\"https:\\\/\\\/mastorrencito.com\\\/cat\\\/wp-content\\\/uploads\\\/sites\\\/3\\\/ChatGPT-Image-7-feb-2026-06_06_03.png\",\"datePublished\":\"2025-01-12T06:26:40+00:00\",\"dateModified\":\"2026-02-07T04:59:59+00:00\",\"description\":\"Y es que decir adios... siempre cuesta... pero cuando llega el momento... Mi carta de despedida\u2026 by MasTorrencito\",\"breadcrumb\":{\"@id\":\"https:\\\/\\\/mastorrencito.com\\\/cat\\\/ma-lettre-d-adieu-poubelle-mas-torrencito\\\/#breadcrumb\"},\"inLanguage\":\"es\",\"potentialAction\":[{\"@type\":\"ReadAction\",\"target\":[\"https:\\\/\\\/mastorrencito.com\\\/cat\\\/ma-lettre-d-adieu-poubelle-mas-torrencito\\\/\"]}]},{\"@type\":\"ImageObject\",\"inLanguage\":\"es\",\"@id\":\"https:\\\/\\\/mastorrencito.com\\\/cat\\\/ma-lettre-d-adieu-poubelle-mas-torrencito\\\/#primaryimage\",\"url\":\"https:\\\/\\\/mastorrencito.com\\\/cat\\\/wp-content\\\/uploads\\\/sites\\\/3\\\/ChatGPT-Image-7-feb-2026-06_06_03.png\",\"contentUrl\":\"https:\\\/\\\/mastorrencito.com\\\/cat\\\/wp-content\\\/uploads\\\/sites\\\/3\\\/ChatGPT-Image-7-feb-2026-06_06_03.png\",\"width\":567,\"height\":850,\"caption\":\"Ma lettre d\u2019adieu\u2026 Tourisme rural Petfriendly Gerone\"},{\"@type\":\"BreadcrumbList\",\"@id\":\"https:\\\/\\\/mastorrencito.com\\\/cat\\\/ma-lettre-d-adieu-poubelle-mas-torrencito\\\/#breadcrumb\",\"itemListElement\":[{\"@type\":\"ListItem\",\"position\":1,\"name\":\"Portada\",\"item\":\"https:\\\/\\\/mastorrencito.com\\\/\"},{\"@type\":\"ListItem\",\"position\":2,\"name\":\"Ma lettre d\u2019adieu : l\u2019au revoir \u00e9mouvant et inattendu d\u2019une poubelle \u00e0 Mas Torrencito\"}]},{\"@type\":\"WebSite\",\"@id\":\"https:\\\/\\\/mastorrencito.com\\\/#website\",\"url\":\"https:\\\/\\\/mastorrencito.com\\\/\",\"name\":\"Mas Torrencito CAT\",\"description\":\"Casa rural pet friendly en Girona\",\"publisher\":{\"@id\":\"https:\\\/\\\/mastorrencito.com\\\/#organization\"},\"potentialAction\":[{\"@type\":\"SearchAction\",\"target\":{\"@type\":\"EntryPoint\",\"urlTemplate\":\"https:\\\/\\\/mastorrencito.com\\\/?s={search_term_string}\"},\"query-input\":{\"@type\":\"PropertyValueSpecification\",\"valueRequired\":true,\"valueName\":\"search_term_string\"}}],\"inLanguage\":\"es\"},{\"@type\":\"Organization\",\"@id\":\"https:\\\/\\\/mastorrencito.com\\\/#organization\",\"name\":\"Mas Torrencito CAT\",\"url\":\"https:\\\/\\\/mastorrencito.com\\\/\",\"logo\":{\"@type\":\"ImageObject\",\"inLanguage\":\"es\",\"@id\":\"https:\\\/\\\/mastorrencito.com\\\/#\\\/schema\\\/logo\\\/image\\\/\",\"url\":\"https:\\\/\\\/mastorrencito.com\\\/cat\\\/wp-content\\\/uploads\\\/sites\\\/3\\\/Logo-Mastorrencito-horizontal.webp\",\"contentUrl\":\"https:\\\/\\\/mastorrencito.com\\\/cat\\\/wp-content\\\/uploads\\\/sites\\\/3\\\/Logo-Mastorrencito-horizontal.webp\",\"width\":161,\"height\":54,\"caption\":\"Mas Torrencito CAT\"},\"image\":{\"@id\":\"https:\\\/\\\/mastorrencito.com\\\/#\\\/schema\\\/logo\\\/image\\\/\"}},{\"@type\":\"Person\",\"@id\":\"https:\\\/\\\/mastorrencito.com\\\/#\\\/schema\\\/person\\\/18c619be80d4ae2667c702911625f790\",\"name\":\"Mastorrencito\",\"image\":{\"@type\":\"ImageObject\",\"inLanguage\":\"es\",\"@id\":\"https:\\\/\\\/secure.gravatar.com\\\/avatar\\\/3ef55e0519f987a734c21caee1423b51df7b760b7d81a38ecd31cab0a5115f6d?s=96&d=mm&r=g\",\"url\":\"https:\\\/\\\/secure.gravatar.com\\\/avatar\\\/3ef55e0519f987a734c21caee1423b51df7b760b7d81a38ecd31cab0a5115f6d?s=96&d=mm&r=g\",\"contentUrl\":\"https:\\\/\\\/secure.gravatar.com\\\/avatar\\\/3ef55e0519f987a734c21caee1423b51df7b760b7d81a38ecd31cab0a5115f6d?s=96&d=mm&r=g\",\"caption\":\"Mastorrencito\"},\"url\":\"https:\\\/\\\/mastorrencito.com\\\/cat\\\/author\\\/mastorrencito\\\/\"}]}<\/script>\n<!-- \/ Yoast SEO Premium plugin. -->","yoast_head_json":{"title":"Ma lettre d\u2019adieu : l\u2019au revoir \u00e9mouvant et inattendu d\u2019une poubelle \u00e0 Mas Torrencito - Mas Torrencito CAT","description":"Y es que decir adios... siempre cuesta... pero cuando llega el momento... Mi carta de despedida\u2026 by MasTorrencito","robots":{"index":"index","follow":"follow","max-snippet":"max-snippet:-1","max-image-preview":"max-image-preview:large","max-video-preview":"max-video-preview:-1"},"canonical":"https:\/\/mastorrencito.com\/cat\/ma-lettre-d-adieu-poubelle-mas-torrencito\/","og_locale":"es_ES","og_type":"article","og_title":"Ma lettre d\u2019adieu : l\u2019au revoir \u00e9mouvant et inattendu d\u2019une poubelle \u00e0 Mas Torrencito","og_description":"Y es que decir adios... siempre cuesta... pero cuando llega el momento... Mi carta de despedida\u2026 by MasTorrencito","og_url":"https:\/\/mastorrencito.com\/cat\/ma-lettre-d-adieu-poubelle-mas-torrencito\/","og_site_name":"Mas Torrencito CAT","article_published_time":"2025-01-12T06:26:40+00:00","article_modified_time":"2026-02-07T04:59:59+00:00","og_image":[{"width":567,"height":850,"url":"https:\/\/mastorrencito.com\/cat\/wp-content\/uploads\/sites\/3\/ChatGPT-Image-7-feb-2026-06_06_03.png","type":"image\/png"}],"author":"Mastorrencito","twitter_card":"summary_large_image","twitter_misc":{"Escrito por":"Mastorrencito","Tiempo de lectura":"4 minutos"},"schema":{"@context":"https:\/\/schema.org","@graph":[{"@type":"Article","@id":"https:\/\/mastorrencito.com\/cat\/ma-lettre-d-adieu-poubelle-mas-torrencito\/#article","isPartOf":{"@id":"https:\/\/mastorrencito.com\/cat\/ma-lettre-d-adieu-poubelle-mas-torrencito\/"},"author":{"name":"Mastorrencito","@id":"https:\/\/mastorrencito.com\/#\/schema\/person\/18c619be80d4ae2667c702911625f790"},"headline":"Ma lettre d\u2019adieu : l\u2019au revoir \u00e9mouvant et inattendu d\u2019une poubelle \u00e0 Mas Torrencito","datePublished":"2025-01-12T06:26:40+00:00","dateModified":"2026-02-07T04:59:59+00:00","mainEntityOfPage":{"@id":"https:\/\/mastorrencito.com\/cat\/ma-lettre-d-adieu-poubelle-mas-torrencito\/"},"wordCount":755,"commentCount":2,"publisher":{"@id":"https:\/\/mastorrencito.com\/#organization"},"image":{"@id":"https:\/\/mastorrencito.com\/cat\/ma-lettre-d-adieu-poubelle-mas-torrencito\/#primaryimage"},"thumbnailUrl":"https:\/\/mastorrencito.com\/cat\/wp-content\/uploads\/sites\/3\/ChatGPT-Image-7-feb-2026-06_06_03.png","inLanguage":"es","potentialAction":[{"@type":"CommentAction","name":"Comment","target":["https:\/\/mastorrencito.com\/cat\/ma-lettre-d-adieu-poubelle-mas-torrencito\/#respond"]}]},{"@type":"WebPage","@id":"https:\/\/mastorrencito.com\/cat\/ma-lettre-d-adieu-poubelle-mas-torrencito\/","url":"https:\/\/mastorrencito.com\/cat\/ma-lettre-d-adieu-poubelle-mas-torrencito\/","name":"Ma lettre d\u2019adieu : l\u2019au revoir \u00e9mouvant et inattendu d\u2019une poubelle \u00e0 Mas Torrencito - Mas Torrencito CAT","isPartOf":{"@id":"https:\/\/mastorrencito.com\/#website"},"primaryImageOfPage":{"@id":"https:\/\/mastorrencito.com\/cat\/ma-lettre-d-adieu-poubelle-mas-torrencito\/#primaryimage"},"image":{"@id":"https:\/\/mastorrencito.com\/cat\/ma-lettre-d-adieu-poubelle-mas-torrencito\/#primaryimage"},"thumbnailUrl":"https:\/\/mastorrencito.com\/cat\/wp-content\/uploads\/sites\/3\/ChatGPT-Image-7-feb-2026-06_06_03.png","datePublished":"2025-01-12T06:26:40+00:00","dateModified":"2026-02-07T04:59:59+00:00","description":"Y es que decir adios... siempre cuesta... pero cuando llega el momento... Mi carta de despedida\u2026 by MasTorrencito","breadcrumb":{"@id":"https:\/\/mastorrencito.com\/cat\/ma-lettre-d-adieu-poubelle-mas-torrencito\/#breadcrumb"},"inLanguage":"es","potentialAction":[{"@type":"ReadAction","target":["https:\/\/mastorrencito.com\/cat\/ma-lettre-d-adieu-poubelle-mas-torrencito\/"]}]},{"@type":"ImageObject","inLanguage":"es","@id":"https:\/\/mastorrencito.com\/cat\/ma-lettre-d-adieu-poubelle-mas-torrencito\/#primaryimage","url":"https:\/\/mastorrencito.com\/cat\/wp-content\/uploads\/sites\/3\/ChatGPT-Image-7-feb-2026-06_06_03.png","contentUrl":"https:\/\/mastorrencito.com\/cat\/wp-content\/uploads\/sites\/3\/ChatGPT-Image-7-feb-2026-06_06_03.png","width":567,"height":850,"caption":"Ma lettre d\u2019adieu\u2026 Tourisme rural Petfriendly Gerone"},{"@type":"BreadcrumbList","@id":"https:\/\/mastorrencito.com\/cat\/ma-lettre-d-adieu-poubelle-mas-torrencito\/#breadcrumb","itemListElement":[{"@type":"ListItem","position":1,"name":"Portada","item":"https:\/\/mastorrencito.com\/"},{"@type":"ListItem","position":2,"name":"Ma lettre d\u2019adieu : l\u2019au revoir \u00e9mouvant et inattendu d\u2019une poubelle \u00e0 Mas Torrencito"}]},{"@type":"WebSite","@id":"https:\/\/mastorrencito.com\/#website","url":"https:\/\/mastorrencito.com\/","name":"Mas Torrencito CAT","description":"Casa rural pet friendly en Girona","publisher":{"@id":"https:\/\/mastorrencito.com\/#organization"},"potentialAction":[{"@type":"SearchAction","target":{"@type":"EntryPoint","urlTemplate":"https:\/\/mastorrencito.com\/?s={search_term_string}"},"query-input":{"@type":"PropertyValueSpecification","valueRequired":true,"valueName":"search_term_string"}}],"inLanguage":"es"},{"@type":"Organization","@id":"https:\/\/mastorrencito.com\/#organization","name":"Mas Torrencito CAT","url":"https:\/\/mastorrencito.com\/","logo":{"@type":"ImageObject","inLanguage":"es","@id":"https:\/\/mastorrencito.com\/#\/schema\/logo\/image\/","url":"https:\/\/mastorrencito.com\/cat\/wp-content\/uploads\/sites\/3\/Logo-Mastorrencito-horizontal.webp","contentUrl":"https:\/\/mastorrencito.com\/cat\/wp-content\/uploads\/sites\/3\/Logo-Mastorrencito-horizontal.webp","width":161,"height":54,"caption":"Mas Torrencito CAT"},"image":{"@id":"https:\/\/mastorrencito.com\/#\/schema\/logo\/image\/"}},{"@type":"Person","@id":"https:\/\/mastorrencito.com\/#\/schema\/person\/18c619be80d4ae2667c702911625f790","name":"Mastorrencito","image":{"@type":"ImageObject","inLanguage":"es","@id":"https:\/\/secure.gravatar.com\/avatar\/3ef55e0519f987a734c21caee1423b51df7b760b7d81a38ecd31cab0a5115f6d?s=96&d=mm&r=g","url":"https:\/\/secure.gravatar.com\/avatar\/3ef55e0519f987a734c21caee1423b51df7b760b7d81a38ecd31cab0a5115f6d?s=96&d=mm&r=g","contentUrl":"https:\/\/secure.gravatar.com\/avatar\/3ef55e0519f987a734c21caee1423b51df7b760b7d81a38ecd31cab0a5115f6d?s=96&d=mm&r=g","caption":"Mastorrencito"},"url":"https:\/\/mastorrencito.com\/cat\/author\/mastorrencito\/"}]}},"acf":[],"_links":{"self":[{"href":"https:\/\/mastorrencito.com\/cat\/wp-json\/wp\/v2\/posts\/3177","targetHints":{"allow":["GET"]}}],"collection":[{"href":"https:\/\/mastorrencito.com\/cat\/wp-json\/wp\/v2\/posts"}],"about":[{"href":"https:\/\/mastorrencito.com\/cat\/wp-json\/wp\/v2\/types\/post"}],"author":[{"embeddable":true,"href":"https:\/\/mastorrencito.com\/cat\/wp-json\/wp\/v2\/users\/2"}],"replies":[{"embeddable":true,"href":"https:\/\/mastorrencito.com\/cat\/wp-json\/wp\/v2\/comments?post=3177"}],"version-history":[{"count":3,"href":"https:\/\/mastorrencito.com\/cat\/wp-json\/wp\/v2\/posts\/3177\/revisions"}],"predecessor-version":[{"id":4858,"href":"https:\/\/mastorrencito.com\/cat\/wp-json\/wp\/v2\/posts\/3177\/revisions\/4858"}],"wp:featuredmedia":[{"embeddable":true,"href":"https:\/\/mastorrencito.com\/cat\/wp-json\/wp\/v2\/media\/4857"}],"wp:attachment":[{"href":"https:\/\/mastorrencito.com\/cat\/wp-json\/wp\/v2\/media?parent=3177"}],"wp:term":[{"taxonomy":"category","embeddable":true,"href":"https:\/\/mastorrencito.com\/cat\/wp-json\/wp\/v2\/categories?post=3177"},{"taxonomy":"post_tag","embeddable":true,"href":"https:\/\/mastorrencito.com\/cat\/wp-json\/wp\/v2\/tags?post=3177"}],"curies":[{"name":"wp","href":"https:\/\/api.w.org\/{rel}","templated":true}]}}