{"id":3175,"date":"2025-01-11T05:19:47","date_gmt":"2025-01-11T05:19:47","guid":{"rendered":"https:\/\/casaruralconperrosgirona.com\/el-silenci-dels-borregos-by-mastorrencito\/"},"modified":"2025-01-11T05:19:47","modified_gmt":"2025-01-11T05:19:47","slug":"el-silenci-dels-borregos-by-mastorrencito","status":"publish","type":"post","link":"https:\/\/mastorrencito.com\/cat\/el-silenci-dels-borregos-by-mastorrencito\/","title":{"rendered":"El Silenci dels Borregos by MasTorrencito"},"content":{"rendered":"\n<h3 class=\"wp-block-heading\">Aix\u00f2 va per a tots vosaltres, els qui han fet de les ajudes p\u00fabliques una farsa, els qui han jugat amb les nostres esperances en nom de la transici\u00f3 energ\u00e8tica, del progr\u00e9s i del \u201cb\u00e9 com\u00fa\u201d. El Silenci dels Borregos by MasTorrencito <\/h3>\n\n<p>Aix\u00f2 va per als venedors de fum que ens van prometre un futur sostenible: plaques solars, cotxes el\u00e8ctrics, aerot\u00e8rmia, projectes verds que suposadament canviarien les nostres vides per millor. Ens deien: <strong>\u201cInverteix, perqu\u00e8 \u00e9s el moment. Arribaran ajuts. Fons europeus assegurats. No et preocupis, confia\u201d.<\/strong> Per\u00f2, com deia el meu amic Andr\u00e9s: <strong>\u201cPrometre fins a ficar, i un cop ficat, oblidar el que s&#8217;ha prom\u00e8s.\u201d<\/strong> <\/p>\n\n<p>Avui ho escric amb la r\u00e0bia acumulada d&#8217;anys d&#8217;espera. Quatre anys des que vaig instal\u00b7lar les meves plaques solars. Tres des que vaig afegir bateries per emmagatzemar energia. Dos des que vaig apostar per l&#8217;aerot\u00e8rmia. I les ajudes promeses? On s\u00f3n? Jo no n&#8217;he vist, i tu tampoc. Ens van vendre un futur brillant, per\u00f2 aqu\u00ed estic, pagant cada c\u00e8ntim de la meva butxaca, lluitant contra un sistema que sembla dissenyat per frustrar-nos. Per no dir tamb\u00e9 els ICOS del COVID.        <\/p>\n\n<p>I no s\u00f3c l?\u00fanic. Darrere de cada fam\u00edlia, cada petit empresari que va creure en aquestes promeses, hi ha hist\u00f2ries de sacrifici i decepci\u00f3. Quants n&#8217;han perdut els negocis, els estalvis, els somnis? Quantes empreses han tancat les portes despr\u00e9s d&#8217;invertir en aquesta transici\u00f3 energ\u00e8tica que prometia salvar el m\u00f3n? I quants pol\u00edtics han donat la cara per aix\u00f2? Cap. Som una societat que abandona els seus, que avan\u00e7a deixant cad\u00e0vers econ\u00f2mics i humans al seu cam\u00ed.      <\/p>\n\n<p>El mateix va passar amb la pand\u00e8mia de COVID-19.  <strong>\u201cArribaran ajudes\u201d, deien. \u201cFarem el necessari per protegir les nostres empreses i fam\u00edlies\u201d. <\/strong>  I on s\u00f3n aquests ajuts? Alg\u00fa les va veure? Perqu\u00e8 les petites empreses van tancar. Els aut\u00f2noms van quedar endeutats fins al coll. Les fam\u00edlies van perdre casa seva. Per\u00f2 els bancs mai no van deixar de cobrar. Hipoteques, ICOS, pr\u00e9stecs\u2026 el sistema financer va continuar esprement els que ja no tenien res. I per als que van aconseguir sobreviure a aquesta crisi, la soluci\u00f3 va ser endeutar-se m\u00e9s. Pagar els ICOS del COVID amb nous ICOS. Una roda sense fi, dissenyada per aixafar el nen mentre els grans celebren els seus beneficis.         <\/p>\n\n<blockquote class=\"wp-block-quote is-layout-flow wp-block-quote-is-layout-flow\">\n<p>Som la <em>Societat del Mement<\/em> , incapa\u00e7 de recordar. Oblidem r\u00e0pid perqu\u00e8 \u00e9s m\u00e9s f\u00e0cil mirar cap a una altra banda que enfrontar-nos a la realitat. <\/p>\n<\/blockquote>\n\n<p><strong>I el volc\u00e0 de La Palma?<\/strong>  Una altra trag\u00e8dia convertida en espectacle medi\u00e0tic. Promeses de milers de milions per reconstruir l&#8217;illa. Grans titulars, discursos emocionants, compromisos signats amb tinta invisible. I avui, qu\u00e8 en queda? Res. Els afectats continuen esperant. Vivint en condicions prec\u00e0ries. Lluitant per reconstruir el que van perdre mentre el sistema els ignora.         <strong>I ara Val\u00e8ncia.<\/strong>  Una altra hist\u00f2ria d&#8217;aband\u00f3, una altra trag\u00e8dia que es perdr\u00e0 en el temps, sepultada per la indifer\u00e8ncia de tothom.<\/p>\n<figure class=\"wp-block-post-featured-image\"><img fetchpriority=\"high\" decoding=\"async\" width=\"1024\" height=\"1024\" src=\"https:\/\/mastorrencito.com\/cat\/wp-content\/uploads\/sites\/3\/borregos.jpg\" class=\"attachment-post-thumbnail size-post-thumbnail wp-post-image\" alt=\"El Silencio de los Borregos by MasTorrencito\" style=\"object-fit:cover;\" srcset=\"https:\/\/mastorrencito.com\/cat\/wp-content\/uploads\/sites\/3\/borregos.jpg 1024w, https:\/\/mastorrencito.com\/cat\/wp-content\/uploads\/sites\/3\/borregos-300x300.jpg 300w, https:\/\/mastorrencito.com\/cat\/wp-content\/uploads\/sites\/3\/borregos-150x150.jpg 150w, https:\/\/mastorrencito.com\/cat\/wp-content\/uploads\/sites\/3\/borregos-768x768.jpg 768w\" sizes=\"(max-width: 1024px) 100vw, 1024px\" \/><\/figure>\n<p>Encenem el televisor buscant respostes i l&#8217;\u00fanica cosa que trobem \u00e9s un silenci sorprenent. Res. Zero.       <strong>Per\u00f2 els bancs continuen cobrant.<\/strong>  Els mateixos bancs als quals se&#8217;ls va injectar 100.000 milions&#8230; que es diu aviat i que mai no han tornat&#8230; els mateixos bancs que, en plena crisi, baten r\u00e8cords de beneficis. Mentre nosaltres ens endeutem per sobreviure, ells celebren els seus dividends. Els rics es fan m\u00e9s rics. Els poderosos, m\u00e9s poderosos. Nom\u00e9s cal mirar la llista Forbes per entendre com funciona aquest joc. Ells guanyen. Sempre guanyen.      <\/p>\n\n<p><strong>I les ajudes?<\/strong>  Ah, les ajudes\u2026 Aquelles que ens van vendre com el salvavides de la nostra societat. , aconsegueix tocar-les. Per\u00f2 per a la majoria de nosaltres, aquestes ajudes s\u00f3n una il\u00b7lusi\u00f3, un miratge que s&#8217;esvaeix quan t&#8217;acostes.    <\/p>\n\n<p>Els bancs segueixen guanyant m\u00e9s. Els seus executius, que ja guanyaven sous desorbitats, ara s&#8217;embutxaquen de 12.000 a 17.000 euros al mes. Els rics, aquells que mai no han conegut la por de no arribar a final de mes, es fan encara m\u00e9s rics. I nosaltres, els <strong>borregos<\/strong> , seguim caminant en fila. Acceptem tot sense dir ni piu. Perqu\u00e8 estem cansats. Perqu\u00e8 ens han conven\u00e7ut que no podem canviar res.      <\/p>\n\n<p><strong>I mentrestant, aqu\u00ed estem. SOLS. <\/strong>  Lluitant per mantenir-nos a la superf\u00edcie. Perqu\u00e8 en aquesta societat no hi ha xarxa de seguretat. Aqu\u00ed no hi ha just\u00edcia. Aqu\u00ed cadasc\u00fa ha de salvar-se com pugui. Com deia aquell refrany tan cruel: <strong>\u201cMaric\u00f3n el \u00faltimo.\u201d<\/strong> Perqu\u00e8 si caus, ning\u00fa no t&#8217;ajudar\u00e0. Aquest sistema no est\u00e0 dissenyat per salvar-nos. Est\u00e0 dissenyat per espr\u00e9mer-nos.      <\/p>\n\n<p><strong>Com deia la meva \u00e0via, m\u00e9s cat\u00f2lica que el Papa:<\/strong> \u201c\u00c9s m\u00e9s f\u00e0cil que un camell passi per l&#8217;ull d&#8217;una agulla que veure un pol\u00edtic corrupte o un banquer assegut a la banqueta dels acusats.\u201d I quina ra\u00f3 tenia. Els grans esc\u00e0ndols de corrupci\u00f3 s&#8217;obliden. Els bancs, que van arru\u00efnar milers, continuen operant com si res. Els pol\u00edtics, amb proves en contra, no trepitgen mai una pres\u00f3. Aqu\u00ed no hi ha just\u00edcia per als poderosos.     <\/p>\n\n<p><strong>I nosaltres?<\/strong>  Continuem en silenci. Perqu\u00e8 \u00e9s m\u00e9s f\u00e0cil callar que cridar. M\u00e9s f\u00e0cil resignar-se que lluitar. Per\u00f2 no vull continuar callant. No vull ser part d&#8217;aquest ramat que avan\u00e7a cap a l&#8217;abisme sense aixecar la veu. Ja n&#8217;hi ha prou.     <\/p>\n\n<p>Aix\u00f2 no pot continuar aix\u00ed.  <strong>Quant de temps m\u00e9s acceptarem el silenci?<\/strong>  Quant de temps m\u00e9s continuarem sent borregos? La resposta \u00e9s a les nostres mans, per\u00f2 nom\u00e9s si decidim actuar. Nom\u00e9s si deixem de callar. Nom\u00e9s si entenem que el silenci \u00e9s l&#8217;arma que fan servir contra nosaltres. \u00c9s hora de cridar. \u00c9s hora de despertar.     <\/p>\n\n<hr class=\"wp-block-separator has-alpha-channel-opacity\" \/>\n\n<blockquote class=\"wp-block-quote is-layout-flow wp-block-quote-is-layout-flow\">\n<p>Des de MasTorrencito et desitgem un bon dia i que els teus gossos t&#8217;acompanyin!!<\/p>\n<\/blockquote>\n\n<p>\u2014\u2013<br \/> Si vols, pot veure els nostres <strong>bons per caps de setmana, bons jubilats<\/strong> , a un preu incre\u00efble..entra a <a href=\"https:\/\/www.mastorrencito.com\/\">www.mastorrencito.com<\/a> o si vols podeu llegir m\u00e9s hist\u00f2ria i an\u00e8cdotes que ens han passat a Mas Torrencito\u2026 Fes click <a href=\"https:\/\/mastorrencito.com\/es\/\">aqu\u00ed<\/a><\/p>\n\n<p><\/p>\n","protected":false},"excerpt":{"rendered":"<p>Aix\u00f2 va per a tots vosaltres, els qui han fet de les ajudes p\u00fabliques una farsa, els qui han jugat amb les nostres esperances en nom de la transici\u00f3 energ\u00e8tica, del progr\u00e9s i del \u201cb\u00e9 com\u00fa\u201d. El Silenci dels Borregos by MasTorrencito Aix\u00f2 va per als venedors de fum que ens van prometre un futur [&hellip;]<\/p>\n","protected":false},"author":2,"featured_media":3170,"comment_status":"open","ping_status":"closed","sticky":false,"template":"","format":"standard","meta":{"_acf_changed":false,"footnotes":""},"categories":[35],"tags":[47,55,57,42,49,43],"class_list":["post-3175","post","type-post","status-publish","format-standard","has-post-thumbnail","hentry","category-histories-mastorrencito","tag-gironaconmascotas","tag-turismecostabrava","tag-turismeruralambgossos-3","tag-turismoconmascotas","tag-turismoruralconperros","tag-tursmeambgossos"],"yoast_head":"<!-- This site is optimized with the Yoast SEO Premium plugin v27.3 (Yoast SEO v27.5) - https:\/\/yoast.com\/product\/yoast-seo-premium-wordpress\/ -->\n<title>El Silenci dels Borregos by MasTorrencito - Mas Torrencito CAT<\/title>\n<meta name=\"description\" content=\"I \u00e9s que la impot\u00e8ncia cada cop va guanyant m\u00e9s terreny.... El Silenci dels Borregos by MasTorrencito Turisme rural petfriendly Girona\" \/>\n<meta name=\"robots\" content=\"index, follow, max-snippet:-1, max-image-preview:large, max-video-preview:-1\" \/>\n<link rel=\"canonical\" href=\"https:\/\/mastorrencito.com\/cat\/el-silenci-dels-borregos-by-mastorrencito\/\" \/>\n<meta property=\"og:locale\" content=\"es_ES\" \/>\n<meta property=\"og:type\" content=\"article\" \/>\n<meta property=\"og:title\" content=\"El Silenci dels Borregos by MasTorrencito\" \/>\n<meta property=\"og:description\" content=\"I \u00e9s que la impot\u00e8ncia cada cop va guanyant m\u00e9s terreny.... El Silenci dels Borregos by MasTorrencito Turisme rural petfriendly Girona\" \/>\n<meta property=\"og:url\" content=\"https:\/\/mastorrencito.com\/cat\/el-silenci-dels-borregos-by-mastorrencito\/\" \/>\n<meta property=\"og:site_name\" content=\"Mas Torrencito CAT\" \/>\n<meta property=\"article:published_time\" content=\"2025-01-11T05:19:47+00:00\" \/>\n<meta property=\"og:image\" content=\"https:\/\/mastorrencito.com\/cat\/wp-content\/uploads\/sites\/3\/borregos.jpg\" \/>\n\t<meta property=\"og:image:width\" content=\"1024\" \/>\n\t<meta property=\"og:image:height\" content=\"1024\" \/>\n\t<meta property=\"og:image:type\" content=\"image\/jpeg\" \/>\n<meta name=\"author\" content=\"Mastorrencito\" \/>\n<meta name=\"twitter:card\" content=\"summary_large_image\" \/>\n<meta name=\"twitter:label1\" content=\"Escrito por\" \/>\n\t<meta name=\"twitter:data1\" content=\"Mastorrencito\" \/>\n\t<meta name=\"twitter:label2\" content=\"Tiempo de lectura\" \/>\n\t<meta name=\"twitter:data2\" content=\"5 minutos\" \/>\n<script type=\"application\/ld+json\" class=\"yoast-schema-graph\">{\"@context\":\"https:\\\/\\\/schema.org\",\"@graph\":[{\"@type\":\"Article\",\"@id\":\"https:\\\/\\\/mastorrencito.com\\\/cat\\\/el-silenci-dels-borregos-by-mastorrencito\\\/#article\",\"isPartOf\":{\"@id\":\"https:\\\/\\\/mastorrencito.com\\\/cat\\\/el-silenci-dels-borregos-by-mastorrencito\\\/\"},\"author\":{\"name\":\"Mastorrencito\",\"@id\":\"https:\\\/\\\/mastorrencito.com\\\/#\\\/schema\\\/person\\\/18c619be80d4ae2667c702911625f790\"},\"headline\":\"El Silenci dels Borregos by MasTorrencito\",\"datePublished\":\"2025-01-11T05:19:47+00:00\",\"mainEntityOfPage\":{\"@id\":\"https:\\\/\\\/mastorrencito.com\\\/cat\\\/el-silenci-dels-borregos-by-mastorrencito\\\/\"},\"wordCount\":1069,\"commentCount\":0,\"publisher\":{\"@id\":\"https:\\\/\\\/mastorrencito.com\\\/#organization\"},\"image\":{\"@id\":\"https:\\\/\\\/mastorrencito.com\\\/cat\\\/el-silenci-dels-borregos-by-mastorrencito\\\/#primaryimage\"},\"thumbnailUrl\":\"https:\\\/\\\/mastorrencito.com\\\/cat\\\/wp-content\\\/uploads\\\/sites\\\/3\\\/borregos.jpg\",\"keywords\":[\"Gironaconmascotas\",\"turismecostabrava\",\"turismeruralambgossos\",\"turismoconmascotas\",\"Turismoruralconperros\",\"Tursmeambgossos\"],\"articleSection\":[\"Hist\u00f2ries Mastorrencito\"],\"inLanguage\":\"es\",\"potentialAction\":[{\"@type\":\"CommentAction\",\"name\":\"Comment\",\"target\":[\"https:\\\/\\\/mastorrencito.com\\\/cat\\\/el-silenci-dels-borregos-by-mastorrencito\\\/#respond\"]}]},{\"@type\":\"WebPage\",\"@id\":\"https:\\\/\\\/mastorrencito.com\\\/cat\\\/el-silenci-dels-borregos-by-mastorrencito\\\/\",\"url\":\"https:\\\/\\\/mastorrencito.com\\\/cat\\\/el-silenci-dels-borregos-by-mastorrencito\\\/\",\"name\":\"El Silenci dels Borregos by MasTorrencito - Mas Torrencito CAT\",\"isPartOf\":{\"@id\":\"https:\\\/\\\/mastorrencito.com\\\/#website\"},\"primaryImageOfPage\":{\"@id\":\"https:\\\/\\\/mastorrencito.com\\\/cat\\\/el-silenci-dels-borregos-by-mastorrencito\\\/#primaryimage\"},\"image\":{\"@id\":\"https:\\\/\\\/mastorrencito.com\\\/cat\\\/el-silenci-dels-borregos-by-mastorrencito\\\/#primaryimage\"},\"thumbnailUrl\":\"https:\\\/\\\/mastorrencito.com\\\/cat\\\/wp-content\\\/uploads\\\/sites\\\/3\\\/borregos.jpg\",\"datePublished\":\"2025-01-11T05:19:47+00:00\",\"description\":\"I \u00e9s que la impot\u00e8ncia cada cop va guanyant m\u00e9s terreny.... El Silenci dels Borregos by MasTorrencito Turisme rural petfriendly Girona\",\"breadcrumb\":{\"@id\":\"https:\\\/\\\/mastorrencito.com\\\/cat\\\/el-silenci-dels-borregos-by-mastorrencito\\\/#breadcrumb\"},\"inLanguage\":\"es\",\"potentialAction\":[{\"@type\":\"ReadAction\",\"target\":[\"https:\\\/\\\/mastorrencito.com\\\/cat\\\/el-silenci-dels-borregos-by-mastorrencito\\\/\"]}]},{\"@type\":\"ImageObject\",\"inLanguage\":\"es\",\"@id\":\"https:\\\/\\\/mastorrencito.com\\\/cat\\\/el-silenci-dels-borregos-by-mastorrencito\\\/#primaryimage\",\"url\":\"https:\\\/\\\/mastorrencito.com\\\/cat\\\/wp-content\\\/uploads\\\/sites\\\/3\\\/borregos.jpg\",\"contentUrl\":\"https:\\\/\\\/mastorrencito.com\\\/cat\\\/wp-content\\\/uploads\\\/sites\\\/3\\\/borregos.jpg\",\"width\":1024,\"height\":1024,\"caption\":\"El Silencio de los Borregos by MasTorrencito\"},{\"@type\":\"BreadcrumbList\",\"@id\":\"https:\\\/\\\/mastorrencito.com\\\/cat\\\/el-silenci-dels-borregos-by-mastorrencito\\\/#breadcrumb\",\"itemListElement\":[{\"@type\":\"ListItem\",\"position\":1,\"name\":\"Portada\",\"item\":\"https:\\\/\\\/mastorrencito.com\\\/\"},{\"@type\":\"ListItem\",\"position\":2,\"name\":\"El Silenci dels Borregos by MasTorrencito\"}]},{\"@type\":\"WebSite\",\"@id\":\"https:\\\/\\\/mastorrencito.com\\\/#website\",\"url\":\"https:\\\/\\\/mastorrencito.com\\\/\",\"name\":\"Mas Torrencito CAT\",\"description\":\"Casa rural pet friendly en Girona\",\"publisher\":{\"@id\":\"https:\\\/\\\/mastorrencito.com\\\/#organization\"},\"potentialAction\":[{\"@type\":\"SearchAction\",\"target\":{\"@type\":\"EntryPoint\",\"urlTemplate\":\"https:\\\/\\\/mastorrencito.com\\\/?s={search_term_string}\"},\"query-input\":{\"@type\":\"PropertyValueSpecification\",\"valueRequired\":true,\"valueName\":\"search_term_string\"}}],\"inLanguage\":\"es\"},{\"@type\":\"Organization\",\"@id\":\"https:\\\/\\\/mastorrencito.com\\\/#organization\",\"name\":\"Mas Torrencito CAT\",\"url\":\"https:\\\/\\\/mastorrencito.com\\\/\",\"logo\":{\"@type\":\"ImageObject\",\"inLanguage\":\"es\",\"@id\":\"https:\\\/\\\/mastorrencito.com\\\/#\\\/schema\\\/logo\\\/image\\\/\",\"url\":\"https:\\\/\\\/mastorrencito.com\\\/cat\\\/wp-content\\\/uploads\\\/sites\\\/3\\\/Logo-Mastorrencito-horizontal.webp\",\"contentUrl\":\"https:\\\/\\\/mastorrencito.com\\\/cat\\\/wp-content\\\/uploads\\\/sites\\\/3\\\/Logo-Mastorrencito-horizontal.webp\",\"width\":161,\"height\":54,\"caption\":\"Mas Torrencito CAT\"},\"image\":{\"@id\":\"https:\\\/\\\/mastorrencito.com\\\/#\\\/schema\\\/logo\\\/image\\\/\"}},{\"@type\":\"Person\",\"@id\":\"https:\\\/\\\/mastorrencito.com\\\/#\\\/schema\\\/person\\\/18c619be80d4ae2667c702911625f790\",\"name\":\"Mastorrencito\",\"image\":{\"@type\":\"ImageObject\",\"inLanguage\":\"es\",\"@id\":\"https:\\\/\\\/secure.gravatar.com\\\/avatar\\\/3ef55e0519f987a734c21caee1423b51df7b760b7d81a38ecd31cab0a5115f6d?s=96&d=mm&r=g\",\"url\":\"https:\\\/\\\/secure.gravatar.com\\\/avatar\\\/3ef55e0519f987a734c21caee1423b51df7b760b7d81a38ecd31cab0a5115f6d?s=96&d=mm&r=g\",\"contentUrl\":\"https:\\\/\\\/secure.gravatar.com\\\/avatar\\\/3ef55e0519f987a734c21caee1423b51df7b760b7d81a38ecd31cab0a5115f6d?s=96&d=mm&r=g\",\"caption\":\"Mastorrencito\"},\"url\":\"https:\\\/\\\/mastorrencito.com\\\/cat\\\/author\\\/mastorrencito\\\/\"}]}<\/script>\n<!-- \/ Yoast SEO Premium plugin. -->","yoast_head_json":{"title":"El Silenci dels Borregos by MasTorrencito - Mas Torrencito CAT","description":"I \u00e9s que la impot\u00e8ncia cada cop va guanyant m\u00e9s terreny.... El Silenci dels Borregos by MasTorrencito Turisme rural petfriendly Girona","robots":{"index":"index","follow":"follow","max-snippet":"max-snippet:-1","max-image-preview":"max-image-preview:large","max-video-preview":"max-video-preview:-1"},"canonical":"https:\/\/mastorrencito.com\/cat\/el-silenci-dels-borregos-by-mastorrencito\/","og_locale":"es_ES","og_type":"article","og_title":"El Silenci dels Borregos by MasTorrencito","og_description":"I \u00e9s que la impot\u00e8ncia cada cop va guanyant m\u00e9s terreny.... El Silenci dels Borregos by MasTorrencito Turisme rural petfriendly Girona","og_url":"https:\/\/mastorrencito.com\/cat\/el-silenci-dels-borregos-by-mastorrencito\/","og_site_name":"Mas Torrencito CAT","article_published_time":"2025-01-11T05:19:47+00:00","og_image":[{"width":1024,"height":1024,"url":"https:\/\/mastorrencito.com\/cat\/wp-content\/uploads\/sites\/3\/borregos.jpg","type":"image\/jpeg"}],"author":"Mastorrencito","twitter_card":"summary_large_image","twitter_misc":{"Escrito por":"Mastorrencito","Tiempo de lectura":"5 minutos"},"schema":{"@context":"https:\/\/schema.org","@graph":[{"@type":"Article","@id":"https:\/\/mastorrencito.com\/cat\/el-silenci-dels-borregos-by-mastorrencito\/#article","isPartOf":{"@id":"https:\/\/mastorrencito.com\/cat\/el-silenci-dels-borregos-by-mastorrencito\/"},"author":{"name":"Mastorrencito","@id":"https:\/\/mastorrencito.com\/#\/schema\/person\/18c619be80d4ae2667c702911625f790"},"headline":"El Silenci dels Borregos by MasTorrencito","datePublished":"2025-01-11T05:19:47+00:00","mainEntityOfPage":{"@id":"https:\/\/mastorrencito.com\/cat\/el-silenci-dels-borregos-by-mastorrencito\/"},"wordCount":1069,"commentCount":0,"publisher":{"@id":"https:\/\/mastorrencito.com\/#organization"},"image":{"@id":"https:\/\/mastorrencito.com\/cat\/el-silenci-dels-borregos-by-mastorrencito\/#primaryimage"},"thumbnailUrl":"https:\/\/mastorrencito.com\/cat\/wp-content\/uploads\/sites\/3\/borregos.jpg","keywords":["Gironaconmascotas","turismecostabrava","turismeruralambgossos","turismoconmascotas","Turismoruralconperros","Tursmeambgossos"],"articleSection":["Hist\u00f2ries Mastorrencito"],"inLanguage":"es","potentialAction":[{"@type":"CommentAction","name":"Comment","target":["https:\/\/mastorrencito.com\/cat\/el-silenci-dels-borregos-by-mastorrencito\/#respond"]}]},{"@type":"WebPage","@id":"https:\/\/mastorrencito.com\/cat\/el-silenci-dels-borregos-by-mastorrencito\/","url":"https:\/\/mastorrencito.com\/cat\/el-silenci-dels-borregos-by-mastorrencito\/","name":"El Silenci dels Borregos by MasTorrencito - Mas Torrencito CAT","isPartOf":{"@id":"https:\/\/mastorrencito.com\/#website"},"primaryImageOfPage":{"@id":"https:\/\/mastorrencito.com\/cat\/el-silenci-dels-borregos-by-mastorrencito\/#primaryimage"},"image":{"@id":"https:\/\/mastorrencito.com\/cat\/el-silenci-dels-borregos-by-mastorrencito\/#primaryimage"},"thumbnailUrl":"https:\/\/mastorrencito.com\/cat\/wp-content\/uploads\/sites\/3\/borregos.jpg","datePublished":"2025-01-11T05:19:47+00:00","description":"I \u00e9s que la impot\u00e8ncia cada cop va guanyant m\u00e9s terreny.... El Silenci dels Borregos by MasTorrencito Turisme rural petfriendly Girona","breadcrumb":{"@id":"https:\/\/mastorrencito.com\/cat\/el-silenci-dels-borregos-by-mastorrencito\/#breadcrumb"},"inLanguage":"es","potentialAction":[{"@type":"ReadAction","target":["https:\/\/mastorrencito.com\/cat\/el-silenci-dels-borregos-by-mastorrencito\/"]}]},{"@type":"ImageObject","inLanguage":"es","@id":"https:\/\/mastorrencito.com\/cat\/el-silenci-dels-borregos-by-mastorrencito\/#primaryimage","url":"https:\/\/mastorrencito.com\/cat\/wp-content\/uploads\/sites\/3\/borregos.jpg","contentUrl":"https:\/\/mastorrencito.com\/cat\/wp-content\/uploads\/sites\/3\/borregos.jpg","width":1024,"height":1024,"caption":"El Silencio de los Borregos by MasTorrencito"},{"@type":"BreadcrumbList","@id":"https:\/\/mastorrencito.com\/cat\/el-silenci-dels-borregos-by-mastorrencito\/#breadcrumb","itemListElement":[{"@type":"ListItem","position":1,"name":"Portada","item":"https:\/\/mastorrencito.com\/"},{"@type":"ListItem","position":2,"name":"El Silenci dels Borregos by MasTorrencito"}]},{"@type":"WebSite","@id":"https:\/\/mastorrencito.com\/#website","url":"https:\/\/mastorrencito.com\/","name":"Mas Torrencito CAT","description":"Casa rural pet friendly en Girona","publisher":{"@id":"https:\/\/mastorrencito.com\/#organization"},"potentialAction":[{"@type":"SearchAction","target":{"@type":"EntryPoint","urlTemplate":"https:\/\/mastorrencito.com\/?s={search_term_string}"},"query-input":{"@type":"PropertyValueSpecification","valueRequired":true,"valueName":"search_term_string"}}],"inLanguage":"es"},{"@type":"Organization","@id":"https:\/\/mastorrencito.com\/#organization","name":"Mas Torrencito CAT","url":"https:\/\/mastorrencito.com\/","logo":{"@type":"ImageObject","inLanguage":"es","@id":"https:\/\/mastorrencito.com\/#\/schema\/logo\/image\/","url":"https:\/\/mastorrencito.com\/cat\/wp-content\/uploads\/sites\/3\/Logo-Mastorrencito-horizontal.webp","contentUrl":"https:\/\/mastorrencito.com\/cat\/wp-content\/uploads\/sites\/3\/Logo-Mastorrencito-horizontal.webp","width":161,"height":54,"caption":"Mas Torrencito CAT"},"image":{"@id":"https:\/\/mastorrencito.com\/#\/schema\/logo\/image\/"}},{"@type":"Person","@id":"https:\/\/mastorrencito.com\/#\/schema\/person\/18c619be80d4ae2667c702911625f790","name":"Mastorrencito","image":{"@type":"ImageObject","inLanguage":"es","@id":"https:\/\/secure.gravatar.com\/avatar\/3ef55e0519f987a734c21caee1423b51df7b760b7d81a38ecd31cab0a5115f6d?s=96&d=mm&r=g","url":"https:\/\/secure.gravatar.com\/avatar\/3ef55e0519f987a734c21caee1423b51df7b760b7d81a38ecd31cab0a5115f6d?s=96&d=mm&r=g","contentUrl":"https:\/\/secure.gravatar.com\/avatar\/3ef55e0519f987a734c21caee1423b51df7b760b7d81a38ecd31cab0a5115f6d?s=96&d=mm&r=g","caption":"Mastorrencito"},"url":"https:\/\/mastorrencito.com\/cat\/author\/mastorrencito\/"}]}},"acf":[],"_links":{"self":[{"href":"https:\/\/mastorrencito.com\/cat\/wp-json\/wp\/v2\/posts\/3175","targetHints":{"allow":["GET"]}}],"collection":[{"href":"https:\/\/mastorrencito.com\/cat\/wp-json\/wp\/v2\/posts"}],"about":[{"href":"https:\/\/mastorrencito.com\/cat\/wp-json\/wp\/v2\/types\/post"}],"author":[{"embeddable":true,"href":"https:\/\/mastorrencito.com\/cat\/wp-json\/wp\/v2\/users\/2"}],"replies":[{"embeddable":true,"href":"https:\/\/mastorrencito.com\/cat\/wp-json\/wp\/v2\/comments?post=3175"}],"version-history":[{"count":0,"href":"https:\/\/mastorrencito.com\/cat\/wp-json\/wp\/v2\/posts\/3175\/revisions"}],"wp:featuredmedia":[{"embeddable":true,"href":"https:\/\/mastorrencito.com\/cat\/wp-json\/wp\/v2\/media\/3170"}],"wp:attachment":[{"href":"https:\/\/mastorrencito.com\/cat\/wp-json\/wp\/v2\/media?parent=3175"}],"wp:term":[{"taxonomy":"category","embeddable":true,"href":"https:\/\/mastorrencito.com\/cat\/wp-json\/wp\/v2\/categories?post=3175"},{"taxonomy":"post_tag","embeddable":true,"href":"https:\/\/mastorrencito.com\/cat\/wp-json\/wp\/v2\/tags?post=3175"}],"curies":[{"name":"wp","href":"https:\/\/api.w.org\/{rel}","templated":true}]}}