{"id":3165,"date":"2025-01-09T05:03:18","date_gmt":"2025-01-09T05:03:18","guid":{"rendered":"https:\/\/casaruralconperrosgirona.com\/la-mala-vida-quina-enveja-by-mastorret\/"},"modified":"2025-01-09T05:03:18","modified_gmt":"2025-01-09T05:03:18","slug":"la-mala-vida-quina-enveja-by-mastorret","status":"publish","type":"post","link":"https:\/\/mastorrencito.com\/cat\/la-mala-vida-quina-enveja-by-mastorret\/","title":{"rendered":"La mala vida&#8230; Quina enveja! by MasTorret"},"content":{"rendered":"\n<hr class=\"wp-block-separator has-alpha-channel-opacity\" \/>\n\n<h3 class=\"wp-block-heading has-text-align-center\">Dormen en pau, somien amb res,<br \/> una car\u00edcia \u00e9s la seva jornada.<br \/> Sense preocupacions, nom\u00e9s el moment,<br \/> la seva lleialtat, un sentiment pur.<br \/><br \/> Ens segueixen al bany, vigilen a poc a poc,<br \/> al seu m\u00f3n simple, tot \u00e9s una abra\u00e7ada.<br \/> Ens ensenyen la vida, sense m\u00e9s ambici\u00f3:<br \/> amor, companyia i un cor.<\/h3>\n\n<p>Aquesta \u00e9s la que porten els meus estimats gossos\u2026 Ai, quina enveja! I no precisament una enveja sana. Ells viuen una vida que molts voldr\u00edem per a nosaltres mateixos: plena de tranquil\u00b7litat, amor i simple felicitat. La mala vida&#8230; Quina enveja! by MasTorret   <\/p>\n\n<p>Una exist\u00e8ncia lliure de preocupacions, d&#8217;estr\u00e8s, d&#8217;alarmes a l&#8217;alba. Viuen al seu m\u00f3n perfecte, on el m\u00e9s important \u00e9s gaudir cada moment, com si cada dia fos una festa. <\/p>\n\n<p><strong>Passen el dia\u2026<\/strong> b\u00e9, ja saps, dormint pl\u00e0cidament sobre el sof\u00e0, amb aquestes postures impossibles que nom\u00e9s ells aconsegueixen i que semblen tretes d&#8217;una com\u00e8dia. I si no estan dormint, estan menjant, sempre amb aquest entusiasme que sembla dir: \u201cAquest \u00e9s el millor plat del m\u00f3n!\u201d (encara que sigui la mateixa croqueta que els d\u00f3nes di\u00e0riament). I si no estan menjant, juguen. Corrent com bojos pel jard\u00ed, perseguint pilotes, mossegant les seves joguines favorites o reptant-te amb la mirada perqu\u00e8 els persegueixis.   <\/p>\n\n<h4 class=\"wp-block-heading\"><strong>I quan no en fan res, busquen car\u00edcies.<\/strong><\/h4>\n\n<p>Amb aquestes mirades que et travessen l&#8217;\u00e0nima, les potes que et toquen suaument per demanar atenci\u00f3. \u00c9s com si et recordessin: \u201cEscolta, aqu\u00ed estic. No t&#8217;oblidis de mi.\u201d Posen el cap a la cama, et llepen la m\u00e0 o s&#8217;estiren panxa enlaire, amb l&#8217;esperan\u00e7a que no resisteixis la temptaci\u00f3 de gratar-los la panxa. Com es podria resistir alg\u00fa? No hi ha res com sentir la connexi\u00f3 pura i desinteressada que tenen amb tu.    <\/p>\n\n<p>Per descomptat, hi ha moments en qu\u00e8 semblen estar simplement gaudint de la seva pr\u00f2pia exist\u00e8ncia. Els veus gratant-se una orella amb total concentraci\u00f3 o mirant per la finestra, fascinats amb una cosa que tu mai no aconseguiries notar: un full que cau, un ocell que vola, o fins i tot el no-res. I mentre tu corres d&#8217;una banda a l&#8217;altra, amb mil coses al cap, ells hi s\u00f3n, a la bombolla de calma, gaudint del que per a nosaltres passa desapercebut.  <\/p>\n\n<h4 class=\"wp-block-heading\"><strong>La vida de gossos\u2026 qui la pogu\u00e9s tenir?<\/strong> <\/h4>\n\n<p>Perqu\u00e8 aquests gossos, almenys els nostres i els dels nostres clients, viuen com a aut\u00e8ntics d\u00e9us. Estimats, mimats, envoltats d&#8217;amor i cures. No coneixen l&#8217;estr\u00e8s de pagar factures, preocupacions laborals o drames emocionals. Per\u00f2, malgrat aix\u00f2, sempre s\u00f3n al teu costat. Fins i tot quan no entenen els teus problemes, els senten. Ells no necessiten comprendre qu\u00e8 est\u00e0s passant; en tenen prou de saber que necessites companyia, i hi seran. Sempre.      <\/p>\n<figure class=\"wp-block-post-featured-image\"><img fetchpriority=\"high\" decoding=\"async\" width=\"1500\" height=\"2000\" src=\"https:\/\/mastorrencito.com\/cat\/wp-content\/uploads\/sites\/3\/laspreocupacionesbymastorrencito.jpg\" class=\"attachment-post-thumbnail size-post-thumbnail wp-post-image\" alt=\"lamalavidadelos perrosby MasTorrencito\" style=\"object-fit:cover;\" srcset=\"https:\/\/mastorrencito.com\/cat\/wp-content\/uploads\/sites\/3\/laspreocupacionesbymastorrencito.jpg 1500w, https:\/\/mastorrencito.com\/cat\/wp-content\/uploads\/sites\/3\/laspreocupacionesbymastorrencito-225x300.jpg 225w, https:\/\/mastorrencito.com\/cat\/wp-content\/uploads\/sites\/3\/laspreocupacionesbymastorrencito-768x1024.jpg 768w, https:\/\/mastorrencito.com\/cat\/wp-content\/uploads\/sites\/3\/laspreocupacionesbymastorrencito-1152x1536.jpg 1152w\" sizes=\"(max-width: 1500px) 100vw, 1500px\" \/><\/figure>\n<h4 class=\"wp-block-heading\"><strong>Sempre s\u00f3n feli\u00e7os.<\/strong> <\/h4>\n\n<p>Aquesta \u00e9s la seva m\u00e0gia. No importa el que passi al seu voltant, sempre troben la manera de somriure&#8217;t (s\u00ed, els gossos somriuen). Les cues es mouen com si fossin banderes onejant el vent, demostrant que no necessiten grans coses per ser feli\u00e7os. Perqu\u00e8 la teva felicitat ets tu. Ets el seu m\u00f3n sencer.    <\/p>\n\n<p>Si t&#8217;aixeques a la nit a beure aigua, ells ho noten. Potser et segueixin al bany, com si estiguessis fent una mica de vital import\u00e0ncia que no es volen perdre. O potser es quedin on s\u00f3n, per\u00f2 amb un ull entreobert, atents que tot estigui en ordre. S\u00f3n els teus guardians silenciosos, sempre presents, sempre alertes, per\u00f2 sense fer soroll. Tant se val si est\u00e0s ocupat, si tens un mal dia o si amb prou feines els pares atenci\u00f3. Per ells, el m\u00e9s important \u00e9s que estiguis a prop.     <\/p>\n\n<h4 class=\"wp-block-heading\"><strong>Aquesta lleialtat \u00e9s una cosa que no es pot explicar amb paraules.<\/strong> <\/h4>\n\n<p>\u00c9s un agra\u00efment profund cap a nosaltres, els seus amos, pel simple fet de ser-hi. Ells nom\u00e9s demanen aix\u00f2: la teva pres\u00e8ncia. No necessiten regals cars, ni grans aventures. En tenen prou amb una tarda al sof\u00e0, sentint la teva calor, mentre el m\u00f3n segueix girant a fora. La seva vida \u00e9s senzilla, s\u00ed, per\u00f2 omple de sentit.    <\/p>\n\n<p>Ells no jutgen els teus errors. No critiquen les teves decisions. No es molesten per ximpleries. Nom\u00e9s hi s\u00f3n, amb tu, passi el que passi. I aix\u00f2 ens d\u00f3na una lli\u00e7\u00f3 de vida que molts haur\u00edem d&#8217;aprendre.    <\/p>\n\n<p>Potser la vida de gossos no sigui tan \u201cdolenta\u201d despr\u00e9s de tot. Potser s\u00f3n ells els que tenen tot el que realment importa: amor, tranquil\u00b7litat, i alg\u00fa a qui estimar incondicionalment. I potser, la propera vegada que els vegis adormits en aquest sof\u00e0, amb la panxa a l&#8217;aire i les potes tortes, hauries de pensar: <strong>\u201cTant de bo algun dia jo pugui viure amb aquesta pau.\u201d<\/strong>  <\/p>\n\n<p>Perqu\u00e8, al final del dia, ens ensenyen que la felicitat est\u00e0 en les coses m\u00e9s simples. I aix\u00f2, estimat amic, \u00e9s una cosa que tots haur\u00edem d&#8217;envejar. <\/p>\n\n<hr class=\"wp-block-separator has-alpha-channel-opacity\" \/>\n\n<p>Qu\u00e8 opines? Creus que \u00e9s veritat? Pel teu comentari&#8230; \ud83d\ude0a  <\/p>\n\n<hr class=\"wp-block-separator has-alpha-channel-opacity\" \/>\n\n<blockquote class=\"wp-block-quote is-layout-flow wp-block-quote-is-layout-flow\">\n<p>Des de MasTorrencito et desitgem un bon dia i que els teus gossos t&#8217;acompanyin!!<\/p>\n<\/blockquote>\n\n<p>\u2014\u2013<br \/> Si vols, pot veure els nostres <strong>bons per caps de setmana, bons jubilats<\/strong> , a un preu incre\u00efble..entra a <a href=\"https:\/\/www.mastorrencito.com\/\">www.mastorrencito.com<\/a> o si vols podeu llegir m\u00e9s hist\u00f2ria i an\u00e8cdotes que ens han passat a Mas Torrencito\u2026 Fes click <a href=\"https:\/\/mastorrencito.com\/es\/\">aqu\u00ed<\/a><\/p>\n\n<p><\/p>\n","protected":false},"excerpt":{"rendered":"<p>Dormen en pau, somien amb res, una car\u00edcia \u00e9s la seva jornada. Sense preocupacions, nom\u00e9s el moment, la seva lleialtat, un sentiment pur. Ens segueixen al bany, vigilen a poc a poc, al seu m\u00f3n simple, tot \u00e9s una abra\u00e7ada. Ens ensenyen la vida, sense m\u00e9s ambici\u00f3: amor, companyia i un cor. Aquesta \u00e9s la [&hellip;]<\/p>\n","protected":false},"author":2,"featured_media":3103,"comment_status":"open","ping_status":"closed","sticky":false,"template":"","format":"standard","meta":{"_acf_changed":false,"footnotes":""},"categories":[35],"tags":[],"class_list":["post-3165","post","type-post","status-publish","format-standard","has-post-thumbnail","hentry","category-histories-mastorrencito"],"yoast_head":"<!-- This site is optimized with the Yoast SEO Premium plugin v27.3 (Yoast SEO v27.5) - https:\/\/yoast.com\/product\/yoast-seo-premium-wordpress\/ -->\n<title>La mala vida... Quina enveja! by MasTorret - Mas Torrencito CAT<\/title>\n<meta name=\"description\" content=\"I \u00e9s que els NOSTRES tenen molta sort igual que els dels meus amics... uns altres no tanta. La mala vida... Quina enveja! by MasTorret\" \/>\n<meta name=\"robots\" content=\"index, follow, max-snippet:-1, max-image-preview:large, max-video-preview:-1\" \/>\n<link rel=\"canonical\" href=\"https:\/\/mastorrencito.com\/cat\/la-mala-vida-quina-enveja-by-mastorret\/\" \/>\n<meta property=\"og:locale\" content=\"es_ES\" \/>\n<meta property=\"og:type\" content=\"article\" \/>\n<meta property=\"og:title\" content=\"La mala vida... Quina enveja! by MasTorret\" \/>\n<meta property=\"og:description\" content=\"I \u00e9s que els NOSTRES tenen molta sort igual que els dels meus amics... uns altres no tanta. La mala vida... Quina enveja! by MasTorret\" \/>\n<meta property=\"og:url\" content=\"https:\/\/mastorrencito.com\/cat\/la-mala-vida-quina-enveja-by-mastorret\/\" \/>\n<meta property=\"og:site_name\" content=\"Mas Torrencito CAT\" \/>\n<meta property=\"article:published_time\" content=\"2025-01-09T05:03:18+00:00\" \/>\n<meta property=\"og:image\" content=\"https:\/\/mastorrencito.com\/cat\/wp-content\/uploads\/sites\/3\/laspreocupacionesbymastorrencito.jpg\" \/>\n\t<meta property=\"og:image:width\" content=\"1500\" \/>\n\t<meta property=\"og:image:height\" content=\"2000\" \/>\n\t<meta property=\"og:image:type\" content=\"image\/jpeg\" \/>\n<meta name=\"author\" content=\"Mastorrencito\" \/>\n<meta name=\"twitter:card\" content=\"summary_large_image\" \/>\n<meta name=\"twitter:label1\" content=\"Escrito por\" \/>\n\t<meta name=\"twitter:data1\" content=\"Mastorrencito\" \/>\n\t<meta name=\"twitter:label2\" content=\"Tiempo de lectura\" \/>\n\t<meta name=\"twitter:data2\" content=\"5 minutos\" \/>\n<script type=\"application\/ld+json\" class=\"yoast-schema-graph\">{\"@context\":\"https:\\\/\\\/schema.org\",\"@graph\":[{\"@type\":\"Article\",\"@id\":\"https:\\\/\\\/mastorrencito.com\\\/cat\\\/la-mala-vida-quina-enveja-by-mastorret\\\/#article\",\"isPartOf\":{\"@id\":\"https:\\\/\\\/mastorrencito.com\\\/cat\\\/la-mala-vida-quina-enveja-by-mastorret\\\/\"},\"author\":{\"name\":\"Mastorrencito\",\"@id\":\"https:\\\/\\\/mastorrencito.com\\\/#\\\/schema\\\/person\\\/18c619be80d4ae2667c702911625f790\"},\"headline\":\"La mala vida&#8230; Quina enveja! by MasTorret\",\"datePublished\":\"2025-01-09T05:03:18+00:00\",\"mainEntityOfPage\":{\"@id\":\"https:\\\/\\\/mastorrencito.com\\\/cat\\\/la-mala-vida-quina-enveja-by-mastorret\\\/\"},\"wordCount\":938,\"commentCount\":0,\"publisher\":{\"@id\":\"https:\\\/\\\/mastorrencito.com\\\/#organization\"},\"image\":{\"@id\":\"https:\\\/\\\/mastorrencito.com\\\/cat\\\/la-mala-vida-quina-enveja-by-mastorret\\\/#primaryimage\"},\"thumbnailUrl\":\"https:\\\/\\\/mastorrencito.com\\\/cat\\\/wp-content\\\/uploads\\\/sites\\\/3\\\/laspreocupacionesbymastorrencito.jpg\",\"articleSection\":[\"Hist\u00f2ries Mastorrencito\"],\"inLanguage\":\"es\",\"potentialAction\":[{\"@type\":\"CommentAction\",\"name\":\"Comment\",\"target\":[\"https:\\\/\\\/mastorrencito.com\\\/cat\\\/la-mala-vida-quina-enveja-by-mastorret\\\/#respond\"]}]},{\"@type\":\"WebPage\",\"@id\":\"https:\\\/\\\/mastorrencito.com\\\/cat\\\/la-mala-vida-quina-enveja-by-mastorret\\\/\",\"url\":\"https:\\\/\\\/mastorrencito.com\\\/cat\\\/la-mala-vida-quina-enveja-by-mastorret\\\/\",\"name\":\"La mala vida... Quina enveja! by MasTorret - Mas Torrencito CAT\",\"isPartOf\":{\"@id\":\"https:\\\/\\\/mastorrencito.com\\\/#website\"},\"primaryImageOfPage\":{\"@id\":\"https:\\\/\\\/mastorrencito.com\\\/cat\\\/la-mala-vida-quina-enveja-by-mastorret\\\/#primaryimage\"},\"image\":{\"@id\":\"https:\\\/\\\/mastorrencito.com\\\/cat\\\/la-mala-vida-quina-enveja-by-mastorret\\\/#primaryimage\"},\"thumbnailUrl\":\"https:\\\/\\\/mastorrencito.com\\\/cat\\\/wp-content\\\/uploads\\\/sites\\\/3\\\/laspreocupacionesbymastorrencito.jpg\",\"datePublished\":\"2025-01-09T05:03:18+00:00\",\"description\":\"I \u00e9s que els NOSTRES tenen molta sort igual que els dels meus amics... uns altres no tanta. La mala vida... Quina enveja! by MasTorret\",\"breadcrumb\":{\"@id\":\"https:\\\/\\\/mastorrencito.com\\\/cat\\\/la-mala-vida-quina-enveja-by-mastorret\\\/#breadcrumb\"},\"inLanguage\":\"es\",\"potentialAction\":[{\"@type\":\"ReadAction\",\"target\":[\"https:\\\/\\\/mastorrencito.com\\\/cat\\\/la-mala-vida-quina-enveja-by-mastorret\\\/\"]}]},{\"@type\":\"ImageObject\",\"inLanguage\":\"es\",\"@id\":\"https:\\\/\\\/mastorrencito.com\\\/cat\\\/la-mala-vida-quina-enveja-by-mastorret\\\/#primaryimage\",\"url\":\"https:\\\/\\\/mastorrencito.com\\\/cat\\\/wp-content\\\/uploads\\\/sites\\\/3\\\/laspreocupacionesbymastorrencito.jpg\",\"contentUrl\":\"https:\\\/\\\/mastorrencito.com\\\/cat\\\/wp-content\\\/uploads\\\/sites\\\/3\\\/laspreocupacionesbymastorrencito.jpg\",\"width\":1500,\"height\":2000,\"caption\":\"lamalavidadelos perrosby MasTorrencito\"},{\"@type\":\"BreadcrumbList\",\"@id\":\"https:\\\/\\\/mastorrencito.com\\\/cat\\\/la-mala-vida-quina-enveja-by-mastorret\\\/#breadcrumb\",\"itemListElement\":[{\"@type\":\"ListItem\",\"position\":1,\"name\":\"Portada\",\"item\":\"https:\\\/\\\/mastorrencito.com\\\/\"},{\"@type\":\"ListItem\",\"position\":2,\"name\":\"La mala vida&#8230; Quina enveja! by MasTorret\"}]},{\"@type\":\"WebSite\",\"@id\":\"https:\\\/\\\/mastorrencito.com\\\/#website\",\"url\":\"https:\\\/\\\/mastorrencito.com\\\/\",\"name\":\"Mas Torrencito CAT\",\"description\":\"Casa rural pet friendly en Girona\",\"publisher\":{\"@id\":\"https:\\\/\\\/mastorrencito.com\\\/#organization\"},\"potentialAction\":[{\"@type\":\"SearchAction\",\"target\":{\"@type\":\"EntryPoint\",\"urlTemplate\":\"https:\\\/\\\/mastorrencito.com\\\/?s={search_term_string}\"},\"query-input\":{\"@type\":\"PropertyValueSpecification\",\"valueRequired\":true,\"valueName\":\"search_term_string\"}}],\"inLanguage\":\"es\"},{\"@type\":\"Organization\",\"@id\":\"https:\\\/\\\/mastorrencito.com\\\/#organization\",\"name\":\"Mas Torrencito CAT\",\"url\":\"https:\\\/\\\/mastorrencito.com\\\/\",\"logo\":{\"@type\":\"ImageObject\",\"inLanguage\":\"es\",\"@id\":\"https:\\\/\\\/mastorrencito.com\\\/#\\\/schema\\\/logo\\\/image\\\/\",\"url\":\"https:\\\/\\\/mastorrencito.com\\\/cat\\\/wp-content\\\/uploads\\\/sites\\\/3\\\/Logo-Mastorrencito-horizontal.webp\",\"contentUrl\":\"https:\\\/\\\/mastorrencito.com\\\/cat\\\/wp-content\\\/uploads\\\/sites\\\/3\\\/Logo-Mastorrencito-horizontal.webp\",\"width\":161,\"height\":54,\"caption\":\"Mas Torrencito CAT\"},\"image\":{\"@id\":\"https:\\\/\\\/mastorrencito.com\\\/#\\\/schema\\\/logo\\\/image\\\/\"}},{\"@type\":\"Person\",\"@id\":\"https:\\\/\\\/mastorrencito.com\\\/#\\\/schema\\\/person\\\/18c619be80d4ae2667c702911625f790\",\"name\":\"Mastorrencito\",\"image\":{\"@type\":\"ImageObject\",\"inLanguage\":\"es\",\"@id\":\"https:\\\/\\\/secure.gravatar.com\\\/avatar\\\/3ef55e0519f987a734c21caee1423b51df7b760b7d81a38ecd31cab0a5115f6d?s=96&d=mm&r=g\",\"url\":\"https:\\\/\\\/secure.gravatar.com\\\/avatar\\\/3ef55e0519f987a734c21caee1423b51df7b760b7d81a38ecd31cab0a5115f6d?s=96&d=mm&r=g\",\"contentUrl\":\"https:\\\/\\\/secure.gravatar.com\\\/avatar\\\/3ef55e0519f987a734c21caee1423b51df7b760b7d81a38ecd31cab0a5115f6d?s=96&d=mm&r=g\",\"caption\":\"Mastorrencito\"},\"url\":\"https:\\\/\\\/mastorrencito.com\\\/cat\\\/author\\\/mastorrencito\\\/\"}]}<\/script>\n<!-- \/ Yoast SEO Premium plugin. -->","yoast_head_json":{"title":"La mala vida... Quina enveja! by MasTorret - Mas Torrencito CAT","description":"I \u00e9s que els NOSTRES tenen molta sort igual que els dels meus amics... uns altres no tanta. La mala vida... Quina enveja! by MasTorret","robots":{"index":"index","follow":"follow","max-snippet":"max-snippet:-1","max-image-preview":"max-image-preview:large","max-video-preview":"max-video-preview:-1"},"canonical":"https:\/\/mastorrencito.com\/cat\/la-mala-vida-quina-enveja-by-mastorret\/","og_locale":"es_ES","og_type":"article","og_title":"La mala vida... Quina enveja! by MasTorret","og_description":"I \u00e9s que els NOSTRES tenen molta sort igual que els dels meus amics... uns altres no tanta. La mala vida... Quina enveja! by MasTorret","og_url":"https:\/\/mastorrencito.com\/cat\/la-mala-vida-quina-enveja-by-mastorret\/","og_site_name":"Mas Torrencito CAT","article_published_time":"2025-01-09T05:03:18+00:00","og_image":[{"width":1500,"height":2000,"url":"https:\/\/mastorrencito.com\/cat\/wp-content\/uploads\/sites\/3\/laspreocupacionesbymastorrencito.jpg","type":"image\/jpeg"}],"author":"Mastorrencito","twitter_card":"summary_large_image","twitter_misc":{"Escrito por":"Mastorrencito","Tiempo de lectura":"5 minutos"},"schema":{"@context":"https:\/\/schema.org","@graph":[{"@type":"Article","@id":"https:\/\/mastorrencito.com\/cat\/la-mala-vida-quina-enveja-by-mastorret\/#article","isPartOf":{"@id":"https:\/\/mastorrencito.com\/cat\/la-mala-vida-quina-enveja-by-mastorret\/"},"author":{"name":"Mastorrencito","@id":"https:\/\/mastorrencito.com\/#\/schema\/person\/18c619be80d4ae2667c702911625f790"},"headline":"La mala vida&#8230; Quina enveja! by MasTorret","datePublished":"2025-01-09T05:03:18+00:00","mainEntityOfPage":{"@id":"https:\/\/mastorrencito.com\/cat\/la-mala-vida-quina-enveja-by-mastorret\/"},"wordCount":938,"commentCount":0,"publisher":{"@id":"https:\/\/mastorrencito.com\/#organization"},"image":{"@id":"https:\/\/mastorrencito.com\/cat\/la-mala-vida-quina-enveja-by-mastorret\/#primaryimage"},"thumbnailUrl":"https:\/\/mastorrencito.com\/cat\/wp-content\/uploads\/sites\/3\/laspreocupacionesbymastorrencito.jpg","articleSection":["Hist\u00f2ries Mastorrencito"],"inLanguage":"es","potentialAction":[{"@type":"CommentAction","name":"Comment","target":["https:\/\/mastorrencito.com\/cat\/la-mala-vida-quina-enveja-by-mastorret\/#respond"]}]},{"@type":"WebPage","@id":"https:\/\/mastorrencito.com\/cat\/la-mala-vida-quina-enveja-by-mastorret\/","url":"https:\/\/mastorrencito.com\/cat\/la-mala-vida-quina-enveja-by-mastorret\/","name":"La mala vida... Quina enveja! by MasTorret - Mas Torrencito CAT","isPartOf":{"@id":"https:\/\/mastorrencito.com\/#website"},"primaryImageOfPage":{"@id":"https:\/\/mastorrencito.com\/cat\/la-mala-vida-quina-enveja-by-mastorret\/#primaryimage"},"image":{"@id":"https:\/\/mastorrencito.com\/cat\/la-mala-vida-quina-enveja-by-mastorret\/#primaryimage"},"thumbnailUrl":"https:\/\/mastorrencito.com\/cat\/wp-content\/uploads\/sites\/3\/laspreocupacionesbymastorrencito.jpg","datePublished":"2025-01-09T05:03:18+00:00","description":"I \u00e9s que els NOSTRES tenen molta sort igual que els dels meus amics... uns altres no tanta. La mala vida... Quina enveja! by MasTorret","breadcrumb":{"@id":"https:\/\/mastorrencito.com\/cat\/la-mala-vida-quina-enveja-by-mastorret\/#breadcrumb"},"inLanguage":"es","potentialAction":[{"@type":"ReadAction","target":["https:\/\/mastorrencito.com\/cat\/la-mala-vida-quina-enveja-by-mastorret\/"]}]},{"@type":"ImageObject","inLanguage":"es","@id":"https:\/\/mastorrencito.com\/cat\/la-mala-vida-quina-enveja-by-mastorret\/#primaryimage","url":"https:\/\/mastorrencito.com\/cat\/wp-content\/uploads\/sites\/3\/laspreocupacionesbymastorrencito.jpg","contentUrl":"https:\/\/mastorrencito.com\/cat\/wp-content\/uploads\/sites\/3\/laspreocupacionesbymastorrencito.jpg","width":1500,"height":2000,"caption":"lamalavidadelos perrosby MasTorrencito"},{"@type":"BreadcrumbList","@id":"https:\/\/mastorrencito.com\/cat\/la-mala-vida-quina-enveja-by-mastorret\/#breadcrumb","itemListElement":[{"@type":"ListItem","position":1,"name":"Portada","item":"https:\/\/mastorrencito.com\/"},{"@type":"ListItem","position":2,"name":"La mala vida&#8230; Quina enveja! by MasTorret"}]},{"@type":"WebSite","@id":"https:\/\/mastorrencito.com\/#website","url":"https:\/\/mastorrencito.com\/","name":"Mas Torrencito CAT","description":"Casa rural pet friendly en Girona","publisher":{"@id":"https:\/\/mastorrencito.com\/#organization"},"potentialAction":[{"@type":"SearchAction","target":{"@type":"EntryPoint","urlTemplate":"https:\/\/mastorrencito.com\/?s={search_term_string}"},"query-input":{"@type":"PropertyValueSpecification","valueRequired":true,"valueName":"search_term_string"}}],"inLanguage":"es"},{"@type":"Organization","@id":"https:\/\/mastorrencito.com\/#organization","name":"Mas Torrencito CAT","url":"https:\/\/mastorrencito.com\/","logo":{"@type":"ImageObject","inLanguage":"es","@id":"https:\/\/mastorrencito.com\/#\/schema\/logo\/image\/","url":"https:\/\/mastorrencito.com\/cat\/wp-content\/uploads\/sites\/3\/Logo-Mastorrencito-horizontal.webp","contentUrl":"https:\/\/mastorrencito.com\/cat\/wp-content\/uploads\/sites\/3\/Logo-Mastorrencito-horizontal.webp","width":161,"height":54,"caption":"Mas Torrencito CAT"},"image":{"@id":"https:\/\/mastorrencito.com\/#\/schema\/logo\/image\/"}},{"@type":"Person","@id":"https:\/\/mastorrencito.com\/#\/schema\/person\/18c619be80d4ae2667c702911625f790","name":"Mastorrencito","image":{"@type":"ImageObject","inLanguage":"es","@id":"https:\/\/secure.gravatar.com\/avatar\/3ef55e0519f987a734c21caee1423b51df7b760b7d81a38ecd31cab0a5115f6d?s=96&d=mm&r=g","url":"https:\/\/secure.gravatar.com\/avatar\/3ef55e0519f987a734c21caee1423b51df7b760b7d81a38ecd31cab0a5115f6d?s=96&d=mm&r=g","contentUrl":"https:\/\/secure.gravatar.com\/avatar\/3ef55e0519f987a734c21caee1423b51df7b760b7d81a38ecd31cab0a5115f6d?s=96&d=mm&r=g","caption":"Mastorrencito"},"url":"https:\/\/mastorrencito.com\/cat\/author\/mastorrencito\/"}]}},"acf":[],"_links":{"self":[{"href":"https:\/\/mastorrencito.com\/cat\/wp-json\/wp\/v2\/posts\/3165","targetHints":{"allow":["GET"]}}],"collection":[{"href":"https:\/\/mastorrencito.com\/cat\/wp-json\/wp\/v2\/posts"}],"about":[{"href":"https:\/\/mastorrencito.com\/cat\/wp-json\/wp\/v2\/types\/post"}],"author":[{"embeddable":true,"href":"https:\/\/mastorrencito.com\/cat\/wp-json\/wp\/v2\/users\/2"}],"replies":[{"embeddable":true,"href":"https:\/\/mastorrencito.com\/cat\/wp-json\/wp\/v2\/comments?post=3165"}],"version-history":[{"count":0,"href":"https:\/\/mastorrencito.com\/cat\/wp-json\/wp\/v2\/posts\/3165\/revisions"}],"wp:featuredmedia":[{"embeddable":true,"href":"https:\/\/mastorrencito.com\/cat\/wp-json\/wp\/v2\/media\/3103"}],"wp:attachment":[{"href":"https:\/\/mastorrencito.com\/cat\/wp-json\/wp\/v2\/media?parent=3165"}],"wp:term":[{"taxonomy":"category","embeddable":true,"href":"https:\/\/mastorrencito.com\/cat\/wp-json\/wp\/v2\/categories?post=3165"},{"taxonomy":"post_tag","embeddable":true,"href":"https:\/\/mastorrencito.com\/cat\/wp-json\/wp\/v2\/tags?post=3165"}],"curies":[{"name":"wp","href":"https:\/\/api.w.org\/{rel}","templated":true}]}}