{"id":3098,"date":"2025-01-08T05:20:43","date_gmt":"2025-01-08T05:20:43","guid":{"rendered":"https:\/\/casaruralconperrosgirona.com\/lhabitacio-dels-guarros-by-mastorrencito\/"},"modified":"2025-01-08T05:20:43","modified_gmt":"2025-01-08T05:20:43","slug":"lhabitacio-dels-guarros-by-mastorrencito","status":"publish","type":"post","link":"https:\/\/mastorrencito.com\/cat\/lhabitacio-dels-guarros-by-mastorrencito\/","title":{"rendered":"L&#8217;habitaci\u00f3 dels guarros by MasTorrencito"},"content":{"rendered":"\n<p>No, no eren guarros\u2026 Eren <em>MOLT<\/em> guarros! I mira que jo acostumo a tenir paci\u00e8ncia, que en aquesta feina ja estic curat d&#8217;espant. Per\u00f2 el que ens trobem aquesta vegada\u2026 L&#8217;habitaci\u00f3 dels guarros by MasTorrencito  <\/p>\n\n<p>No t\u00e9 nom. No ho t\u00e9! Sincerament, jo no entenc si ens estem tornant idiotes o si simplement hi ha gent que ha perdut la dec\u00e8ncia. a mi em faria vergonya! Per\u00f2 no una vergonya normal, no\u2026 vergonya d&#8217;aquelles que et fan voler canviar-te el nom i mudar-te a un altre planeta!    <\/p>\n\n<p>Perqu\u00e8 ells, tan campants, ens van deixar una habitaci\u00f3 que\u2026 No s\u00e9 com explicar-ho sense que em torni a pujar la jugular. Una nit.   <strong>Una sola nit.<\/strong>  I l&#8217;habitaci\u00f3&#8230; No, no estava bruta. Anomenar aix\u00f2 \u00abbrut\u00bb seria insultar la brut\u00edcia. Ens van deixar un camp de batalla! T&#8217;ho juro, gaireb\u00e9 ens va faltar treure pintura i brotxes per restaurar all\u00f2. Les noies de l?equip van estar m\u00e9s d?una hora netejant.      <strong>M\u00e9s d\u00b4una hora.<\/strong>  I aix\u00f2 que som un equip r\u00e0pid, per\u00f2 all\u00f2 no tenia soluci\u00f3 f\u00e0cil.<\/p>\n\n<p>Vam haver de canviar-ho tot: llen\u00e7ols, fundes, cobrematal\u00e0s, el n\u00f2rdic, la funda del n\u00f2rdic, el cobrellit, tot! I no m&#8217;oblido del llit supletori, que a sobre era un sof\u00e0 tancat. Tancat, eh? Ni l&#8217;havien fet servir, per\u00f2 igualment estava cobert de brut\u00edcia. Fins i tot el cobrell\u00e0 d&#8217;aquell sof\u00e0 estava fet un f\u00e0stic. Les tovalloles\u2026 Ai, les tovalloles! No \u00e9s que estiguessin brutes, no\u2026 Aix\u00f2 seria poc dir! Semblava que les havien fet servir per netejar un estable. Terra, taques, tot impregnat. Com si les haguessin arrossegat per terra. I parlant de terra\u2026 L&#8217;habitaci\u00f3 estava coberta de terra. Semblava que havia passat una tortura per all\u00e0 dins. No s\u00e9 com ho van aconseguir, per\u00f2 era com si haguessin vingut a destruir, no a dormir.            <\/p>\n<figure class=\"wp-block-post-featured-image\"><img fetchpriority=\"high\" decoding=\"async\" width=\"1792\" height=\"1024\" src=\"https:\/\/mastorrencito.com\/cat\/wp-content\/uploads\/sites\/3\/losguarros.jpg\" class=\"attachment-post-thumbnail size-post-thumbnail wp-post-image\" alt=\"La habitaci\u00f3n de los guarros by MasTorrencito\" style=\"object-fit:cover;\" srcset=\"https:\/\/mastorrencito.com\/cat\/wp-content\/uploads\/sites\/3\/losguarros.jpg 1792w, https:\/\/mastorrencito.com\/cat\/wp-content\/uploads\/sites\/3\/losguarros-300x171.jpg 300w, https:\/\/mastorrencito.com\/cat\/wp-content\/uploads\/sites\/3\/losguarros-1024x585.jpg 1024w, https:\/\/mastorrencito.com\/cat\/wp-content\/uploads\/sites\/3\/losguarros-768x439.jpg 768w, https:\/\/mastorrencito.com\/cat\/wp-content\/uploads\/sites\/3\/losguarros-1536x878.jpg 1536w\" sizes=\"(max-width: 1792px) 100vw, 1792px\" \/><\/figure>\n<p>I quan creia que no podia ser pitjor, me&#8217;n vaig anar al bany.  <strong>I \u00e9s clar, tres quarts del mateix.<\/strong>  Mira, el bany era&#8230; No s\u00e9 ni per on comen\u00e7ar. De deb\u00f2. La dutxa era directament un esc\u00e0ndol. La de p\u00e8ls i brut\u00edcia que hi havia a dins era per fer-li fotos de com era de surrealista! Semblava que havien rentat els seus gossos all\u00e0 mateix i, per descomptat, deixat tot: p\u00e8ls, terra, mugre\u2026 com si all\u00f2 fos un parc per a mascotes en comptes d&#8217;una dutxa. I mira que jo tinc gos, d&#8217;acord? I que els gossets en general no em molesten, per\u00f2 aix\u00f2\u2026 Aix\u00f2 era un <em>desastre absolut<\/em> ! I no nom\u00e9s la dutxa, eh. <strong>El bany sencer estava fet un crist.<\/strong> Papers tirats, restes de terra, una olor que millor no descric\u2026 No s\u00e9 si ho van fer a prop\u00f2sit o si \u00e9s que, de deb\u00f2, viuen en una cort i no saben comportar-se fora del seu h\u00e0bitat natural.      <\/p>\n\n<p>I el pitjor: es van anar sense dir absolutament res. <strong>\u201cRessssssss\u201d,<\/strong> com si fossin ninjes de la porqueria, deixant el caos enrere perqu\u00e8 ens ho trob\u00e9ssim de cop. De veritat, quina cara m\u00e9s dura! Perqu\u00e8 aix\u00f2 no t\u00e9 cap excusa. Si en una tarda-nit van deixar aix\u00ed una habitaci\u00f3 i un bany, no vull ni imaginar com ser\u00e0 casa seva. O b\u00e9 viuen en un lloc igual de fastig\u00f3s, o casa seva est\u00e0 impecable perqu\u00e8 all\u00e0 s\u00ed que es preocupen, i aleshores el que s\u00f3n \u00e9s uns <strong>SINVERG\u00dcENZAS, MALEDUCADOS I GUARROS<\/strong> que no tenen ni el m\u00e9s m\u00ednim respecte pels altres.    <\/p>\n\n<p>Perqu\u00e8 no parlem d&#8217;una distracci\u00f3, no\u2026 Aix\u00f2 va ser una aut\u00e8ntica declaraci\u00f3 de guerra al bon gust i la higiene! T&#8217;ho dic de cor, cada cop que ho penso em pugen les pulsacions. Miro el meu rellotge i el cor se&#8217;m posa a 120, com a m\u00ednim. La jugular em batega tan forta que crec que explotar\u00e0. I no hi ha til\u00b7la que em calmi aix\u00f2.    <\/p>\n\n<p>Sincerament, si aquesta gent alguna vegada torna a allotjar-se en algun lloc, els haurien de fer signar un contracte especial: \u201cNo guarros, no destrosses, o es queden dormint al carrer\u201d. Perqu\u00e8 jo, despr\u00e9s d&#8217;aix\u00f2, no s\u00e9 si els podria tornar a veure a la cara sense perdre els nervis. <\/p>\n\n<p><strong>Aix\u00f2 s\u00ed\u2026 ells impol\u00b7luts, divins de la mort.<\/strong>  Bonics, prims, ell muscul\u00f3s i amb molt bona pinta, ella s\u00faper moderna amb els seus tatuatges i p\u00edrcings, com si vinguessin d&#8217;una portada de revista. De revista, per\u00f2 deixant darrere seu el caos d&#8217;una pel\u00b7l\u00edcula de terror!  <\/p>\n\n<p>I com a reflexi\u00f3 final\u2026 <strong>Hi hauria d&#8217;haver un portal o p\u00e0gina web on els propietaris d&#8217;hotels o cases rurals pogu\u00e9ssim puntuar els clients.<\/strong> De deb\u00f2, igual i de la mateixa manera que ells ens poden puntuar a nosaltres. Sigui cert o incert all\u00f2 que ells diguin, tenen el poder d&#8217;opinar i ens afecta. Per\u00f2 nosaltres, que suportem desastres com aquest, no podem dir ni una paraula. Ni advertir-ne d&#8217;altres sobre qui s\u00f3n guarros, maleducats i pocavergonyes. \u00c9s injust, i cada cop que passen coses aix\u00ed, ho tinc m\u00e9s clar: aquest portal hauria d&#8217;existir ja!    <\/p>\n\n<hr class=\"wp-block-separator has-alpha-channel-opacity\" \/>\n\n<blockquote class=\"wp-block-quote is-layout-flow wp-block-quote-is-layout-flow\">\n<p>Des de MasTorrencito et desitgem un bon dia i que els teus gossos t&#8217;acompanyin!!<\/p>\n<\/blockquote>\n\n<p>\u2014\u2013<br \/> Si vols, pot veure els nostres <strong>bons per caps de setmana, bons jubilats<\/strong> , a un preu incre\u00efble..entra a <a href=\"https:\/\/www.mastorrencito.com\/\">www.mastorrencito.com<\/a> o si vols podeu llegir m\u00e9s hist\u00f2ria i an\u00e8cdotes que ens han passat a Mas Torrencito\u2026 Fes click <a href=\"https:\/\/mastorrencito.com\/\">aqu\u00ed<\/a><\/p>\n\n<p><\/p>\n","protected":false},"excerpt":{"rendered":"<p>No, no eren guarros\u2026 Eren MOLT guarros! I mira que jo acostumo a tenir paci\u00e8ncia, que en aquesta feina ja estic curat d&#8217;espant. Per\u00f2 el que ens trobem aquesta vegada\u2026 L&#8217;habitaci\u00f3 dels guarros by MasTorrencito No t\u00e9 nom. No ho t\u00e9! Sincerament, jo no entenc si ens estem tornant idiotes o si simplement hi ha [&hellip;]<\/p>\n","protected":false},"author":2,"featured_media":3094,"comment_status":"open","ping_status":"closed","sticky":false,"template":"","format":"standard","meta":{"_acf_changed":false,"footnotes":""},"categories":[35],"tags":[],"class_list":["post-3098","post","type-post","status-publish","format-standard","has-post-thumbnail","hentry","category-histories-mastorrencito"],"yoast_head":"<!-- This site is optimized with the Yoast SEO Premium plugin v27.3 (Yoast SEO v27.5) - https:\/\/yoast.com\/product\/yoast-seo-premium-wordpress\/ -->\n<title>L&#039;habitaci\u00f3 dels guarros by MasTorrencito - Mas Torrencito CAT<\/title>\n<meta name=\"description\" content=\"I \u00e9s que hi ha vegades que et sents impotent i es perds la confian\u00e7a en la ra\u00e7a humana... L&#039;habitaci\u00f3 dels guarros by MasTorrencito\" \/>\n<meta name=\"robots\" content=\"index, follow, max-snippet:-1, max-image-preview:large, max-video-preview:-1\" \/>\n<link rel=\"canonical\" href=\"https:\/\/mastorrencito.com\/cat\/lhabitacio-dels-guarros-by-mastorrencito\/\" \/>\n<meta property=\"og:locale\" content=\"es_ES\" \/>\n<meta property=\"og:type\" content=\"article\" \/>\n<meta property=\"og:title\" content=\"L&#039;habitaci\u00f3 dels guarros by MasTorrencito\" \/>\n<meta property=\"og:description\" content=\"I \u00e9s que hi ha vegades que et sents impotent i es perds la confian\u00e7a en la ra\u00e7a humana... L&#039;habitaci\u00f3 dels guarros by MasTorrencito\" \/>\n<meta property=\"og:url\" content=\"https:\/\/mastorrencito.com\/cat\/lhabitacio-dels-guarros-by-mastorrencito\/\" \/>\n<meta property=\"og:site_name\" content=\"Mas Torrencito CAT\" \/>\n<meta property=\"article:published_time\" content=\"2025-01-08T05:20:43+00:00\" \/>\n<meta property=\"og:image\" content=\"https:\/\/mastorrencito.com\/cat\/wp-content\/uploads\/sites\/3\/losguarros.jpg\" \/>\n\t<meta property=\"og:image:width\" content=\"1792\" \/>\n\t<meta property=\"og:image:height\" content=\"1024\" \/>\n\t<meta property=\"og:image:type\" content=\"image\/jpeg\" \/>\n<meta name=\"author\" content=\"Mastorrencito\" \/>\n<meta name=\"twitter:card\" content=\"summary_large_image\" \/>\n<meta name=\"twitter:label1\" content=\"Escrito por\" \/>\n\t<meta name=\"twitter:data1\" content=\"Mastorrencito\" \/>\n\t<meta name=\"twitter:label2\" content=\"Tiempo de lectura\" \/>\n\t<meta name=\"twitter:data2\" content=\"5 minutos\" \/>\n<script type=\"application\/ld+json\" class=\"yoast-schema-graph\">{\"@context\":\"https:\\\/\\\/schema.org\",\"@graph\":[{\"@type\":\"Article\",\"@id\":\"https:\\\/\\\/mastorrencito.com\\\/cat\\\/lhabitacio-dels-guarros-by-mastorrencito\\\/#article\",\"isPartOf\":{\"@id\":\"https:\\\/\\\/mastorrencito.com\\\/cat\\\/lhabitacio-dels-guarros-by-mastorrencito\\\/\"},\"author\":{\"name\":\"Mastorrencito\",\"@id\":\"https:\\\/\\\/mastorrencito.com\\\/#\\\/schema\\\/person\\\/18c619be80d4ae2667c702911625f790\"},\"headline\":\"L&#8217;habitaci\u00f3 dels guarros by MasTorrencito\",\"datePublished\":\"2025-01-08T05:20:43+00:00\",\"mainEntityOfPage\":{\"@id\":\"https:\\\/\\\/mastorrencito.com\\\/cat\\\/lhabitacio-dels-guarros-by-mastorrencito\\\/\"},\"wordCount\":947,\"commentCount\":0,\"publisher\":{\"@id\":\"https:\\\/\\\/mastorrencito.com\\\/#organization\"},\"image\":{\"@id\":\"https:\\\/\\\/mastorrencito.com\\\/cat\\\/lhabitacio-dels-guarros-by-mastorrencito\\\/#primaryimage\"},\"thumbnailUrl\":\"https:\\\/\\\/mastorrencito.com\\\/cat\\\/wp-content\\\/uploads\\\/sites\\\/3\\\/losguarros.jpg\",\"articleSection\":[\"Hist\u00f2ries Mastorrencito\"],\"inLanguage\":\"es\",\"potentialAction\":[{\"@type\":\"CommentAction\",\"name\":\"Comment\",\"target\":[\"https:\\\/\\\/mastorrencito.com\\\/cat\\\/lhabitacio-dels-guarros-by-mastorrencito\\\/#respond\"]}]},{\"@type\":\"WebPage\",\"@id\":\"https:\\\/\\\/mastorrencito.com\\\/cat\\\/lhabitacio-dels-guarros-by-mastorrencito\\\/\",\"url\":\"https:\\\/\\\/mastorrencito.com\\\/cat\\\/lhabitacio-dels-guarros-by-mastorrencito\\\/\",\"name\":\"L'habitaci\u00f3 dels guarros by MasTorrencito - Mas Torrencito CAT\",\"isPartOf\":{\"@id\":\"https:\\\/\\\/mastorrencito.com\\\/#website\"},\"primaryImageOfPage\":{\"@id\":\"https:\\\/\\\/mastorrencito.com\\\/cat\\\/lhabitacio-dels-guarros-by-mastorrencito\\\/#primaryimage\"},\"image\":{\"@id\":\"https:\\\/\\\/mastorrencito.com\\\/cat\\\/lhabitacio-dels-guarros-by-mastorrencito\\\/#primaryimage\"},\"thumbnailUrl\":\"https:\\\/\\\/mastorrencito.com\\\/cat\\\/wp-content\\\/uploads\\\/sites\\\/3\\\/losguarros.jpg\",\"datePublished\":\"2025-01-08T05:20:43+00:00\",\"description\":\"I \u00e9s que hi ha vegades que et sents impotent i es perds la confian\u00e7a en la ra\u00e7a humana... L'habitaci\u00f3 dels guarros by MasTorrencito\",\"breadcrumb\":{\"@id\":\"https:\\\/\\\/mastorrencito.com\\\/cat\\\/lhabitacio-dels-guarros-by-mastorrencito\\\/#breadcrumb\"},\"inLanguage\":\"es\",\"potentialAction\":[{\"@type\":\"ReadAction\",\"target\":[\"https:\\\/\\\/mastorrencito.com\\\/cat\\\/lhabitacio-dels-guarros-by-mastorrencito\\\/\"]}]},{\"@type\":\"ImageObject\",\"inLanguage\":\"es\",\"@id\":\"https:\\\/\\\/mastorrencito.com\\\/cat\\\/lhabitacio-dels-guarros-by-mastorrencito\\\/#primaryimage\",\"url\":\"https:\\\/\\\/mastorrencito.com\\\/cat\\\/wp-content\\\/uploads\\\/sites\\\/3\\\/losguarros.jpg\",\"contentUrl\":\"https:\\\/\\\/mastorrencito.com\\\/cat\\\/wp-content\\\/uploads\\\/sites\\\/3\\\/losguarros.jpg\",\"width\":1792,\"height\":1024,\"caption\":\"La habitaci\u00f3n de los guarros by MasTorrencito\"},{\"@type\":\"BreadcrumbList\",\"@id\":\"https:\\\/\\\/mastorrencito.com\\\/cat\\\/lhabitacio-dels-guarros-by-mastorrencito\\\/#breadcrumb\",\"itemListElement\":[{\"@type\":\"ListItem\",\"position\":1,\"name\":\"Portada\",\"item\":\"https:\\\/\\\/mastorrencito.com\\\/\"},{\"@type\":\"ListItem\",\"position\":2,\"name\":\"L&#8217;habitaci\u00f3 dels guarros by MasTorrencito\"}]},{\"@type\":\"WebSite\",\"@id\":\"https:\\\/\\\/mastorrencito.com\\\/#website\",\"url\":\"https:\\\/\\\/mastorrencito.com\\\/\",\"name\":\"Mas Torrencito CAT\",\"description\":\"Casa rural pet friendly en Girona\",\"publisher\":{\"@id\":\"https:\\\/\\\/mastorrencito.com\\\/#organization\"},\"potentialAction\":[{\"@type\":\"SearchAction\",\"target\":{\"@type\":\"EntryPoint\",\"urlTemplate\":\"https:\\\/\\\/mastorrencito.com\\\/?s={search_term_string}\"},\"query-input\":{\"@type\":\"PropertyValueSpecification\",\"valueRequired\":true,\"valueName\":\"search_term_string\"}}],\"inLanguage\":\"es\"},{\"@type\":\"Organization\",\"@id\":\"https:\\\/\\\/mastorrencito.com\\\/#organization\",\"name\":\"Mas Torrencito CAT\",\"url\":\"https:\\\/\\\/mastorrencito.com\\\/\",\"logo\":{\"@type\":\"ImageObject\",\"inLanguage\":\"es\",\"@id\":\"https:\\\/\\\/mastorrencito.com\\\/#\\\/schema\\\/logo\\\/image\\\/\",\"url\":\"https:\\\/\\\/mastorrencito.com\\\/cat\\\/wp-content\\\/uploads\\\/sites\\\/3\\\/Logo-Mastorrencito-horizontal.webp\",\"contentUrl\":\"https:\\\/\\\/mastorrencito.com\\\/cat\\\/wp-content\\\/uploads\\\/sites\\\/3\\\/Logo-Mastorrencito-horizontal.webp\",\"width\":161,\"height\":54,\"caption\":\"Mas Torrencito CAT\"},\"image\":{\"@id\":\"https:\\\/\\\/mastorrencito.com\\\/#\\\/schema\\\/logo\\\/image\\\/\"}},{\"@type\":\"Person\",\"@id\":\"https:\\\/\\\/mastorrencito.com\\\/#\\\/schema\\\/person\\\/18c619be80d4ae2667c702911625f790\",\"name\":\"Mastorrencito\",\"image\":{\"@type\":\"ImageObject\",\"inLanguage\":\"es\",\"@id\":\"https:\\\/\\\/secure.gravatar.com\\\/avatar\\\/3ef55e0519f987a734c21caee1423b51df7b760b7d81a38ecd31cab0a5115f6d?s=96&d=mm&r=g\",\"url\":\"https:\\\/\\\/secure.gravatar.com\\\/avatar\\\/3ef55e0519f987a734c21caee1423b51df7b760b7d81a38ecd31cab0a5115f6d?s=96&d=mm&r=g\",\"contentUrl\":\"https:\\\/\\\/secure.gravatar.com\\\/avatar\\\/3ef55e0519f987a734c21caee1423b51df7b760b7d81a38ecd31cab0a5115f6d?s=96&d=mm&r=g\",\"caption\":\"Mastorrencito\"},\"url\":\"https:\\\/\\\/mastorrencito.com\\\/cat\\\/author\\\/mastorrencito\\\/\"}]}<\/script>\n<!-- \/ Yoast SEO Premium plugin. -->","yoast_head_json":{"title":"L'habitaci\u00f3 dels guarros by MasTorrencito - Mas Torrencito CAT","description":"I \u00e9s que hi ha vegades que et sents impotent i es perds la confian\u00e7a en la ra\u00e7a humana... L'habitaci\u00f3 dels guarros by MasTorrencito","robots":{"index":"index","follow":"follow","max-snippet":"max-snippet:-1","max-image-preview":"max-image-preview:large","max-video-preview":"max-video-preview:-1"},"canonical":"https:\/\/mastorrencito.com\/cat\/lhabitacio-dels-guarros-by-mastorrencito\/","og_locale":"es_ES","og_type":"article","og_title":"L'habitaci\u00f3 dels guarros by MasTorrencito","og_description":"I \u00e9s que hi ha vegades que et sents impotent i es perds la confian\u00e7a en la ra\u00e7a humana... L'habitaci\u00f3 dels guarros by MasTorrencito","og_url":"https:\/\/mastorrencito.com\/cat\/lhabitacio-dels-guarros-by-mastorrencito\/","og_site_name":"Mas Torrencito CAT","article_published_time":"2025-01-08T05:20:43+00:00","og_image":[{"width":1792,"height":1024,"url":"https:\/\/mastorrencito.com\/cat\/wp-content\/uploads\/sites\/3\/losguarros.jpg","type":"image\/jpeg"}],"author":"Mastorrencito","twitter_card":"summary_large_image","twitter_misc":{"Escrito por":"Mastorrencito","Tiempo de lectura":"5 minutos"},"schema":{"@context":"https:\/\/schema.org","@graph":[{"@type":"Article","@id":"https:\/\/mastorrencito.com\/cat\/lhabitacio-dels-guarros-by-mastorrencito\/#article","isPartOf":{"@id":"https:\/\/mastorrencito.com\/cat\/lhabitacio-dels-guarros-by-mastorrencito\/"},"author":{"name":"Mastorrencito","@id":"https:\/\/mastorrencito.com\/#\/schema\/person\/18c619be80d4ae2667c702911625f790"},"headline":"L&#8217;habitaci\u00f3 dels guarros by MasTorrencito","datePublished":"2025-01-08T05:20:43+00:00","mainEntityOfPage":{"@id":"https:\/\/mastorrencito.com\/cat\/lhabitacio-dels-guarros-by-mastorrencito\/"},"wordCount":947,"commentCount":0,"publisher":{"@id":"https:\/\/mastorrencito.com\/#organization"},"image":{"@id":"https:\/\/mastorrencito.com\/cat\/lhabitacio-dels-guarros-by-mastorrencito\/#primaryimage"},"thumbnailUrl":"https:\/\/mastorrencito.com\/cat\/wp-content\/uploads\/sites\/3\/losguarros.jpg","articleSection":["Hist\u00f2ries Mastorrencito"],"inLanguage":"es","potentialAction":[{"@type":"CommentAction","name":"Comment","target":["https:\/\/mastorrencito.com\/cat\/lhabitacio-dels-guarros-by-mastorrencito\/#respond"]}]},{"@type":"WebPage","@id":"https:\/\/mastorrencito.com\/cat\/lhabitacio-dels-guarros-by-mastorrencito\/","url":"https:\/\/mastorrencito.com\/cat\/lhabitacio-dels-guarros-by-mastorrencito\/","name":"L'habitaci\u00f3 dels guarros by MasTorrencito - Mas Torrencito CAT","isPartOf":{"@id":"https:\/\/mastorrencito.com\/#website"},"primaryImageOfPage":{"@id":"https:\/\/mastorrencito.com\/cat\/lhabitacio-dels-guarros-by-mastorrencito\/#primaryimage"},"image":{"@id":"https:\/\/mastorrencito.com\/cat\/lhabitacio-dels-guarros-by-mastorrencito\/#primaryimage"},"thumbnailUrl":"https:\/\/mastorrencito.com\/cat\/wp-content\/uploads\/sites\/3\/losguarros.jpg","datePublished":"2025-01-08T05:20:43+00:00","description":"I \u00e9s que hi ha vegades que et sents impotent i es perds la confian\u00e7a en la ra\u00e7a humana... L'habitaci\u00f3 dels guarros by MasTorrencito","breadcrumb":{"@id":"https:\/\/mastorrencito.com\/cat\/lhabitacio-dels-guarros-by-mastorrencito\/#breadcrumb"},"inLanguage":"es","potentialAction":[{"@type":"ReadAction","target":["https:\/\/mastorrencito.com\/cat\/lhabitacio-dels-guarros-by-mastorrencito\/"]}]},{"@type":"ImageObject","inLanguage":"es","@id":"https:\/\/mastorrencito.com\/cat\/lhabitacio-dels-guarros-by-mastorrencito\/#primaryimage","url":"https:\/\/mastorrencito.com\/cat\/wp-content\/uploads\/sites\/3\/losguarros.jpg","contentUrl":"https:\/\/mastorrencito.com\/cat\/wp-content\/uploads\/sites\/3\/losguarros.jpg","width":1792,"height":1024,"caption":"La habitaci\u00f3n de los guarros by MasTorrencito"},{"@type":"BreadcrumbList","@id":"https:\/\/mastorrencito.com\/cat\/lhabitacio-dels-guarros-by-mastorrencito\/#breadcrumb","itemListElement":[{"@type":"ListItem","position":1,"name":"Portada","item":"https:\/\/mastorrencito.com\/"},{"@type":"ListItem","position":2,"name":"L&#8217;habitaci\u00f3 dels guarros by MasTorrencito"}]},{"@type":"WebSite","@id":"https:\/\/mastorrencito.com\/#website","url":"https:\/\/mastorrencito.com\/","name":"Mas Torrencito CAT","description":"Casa rural pet friendly en Girona","publisher":{"@id":"https:\/\/mastorrencito.com\/#organization"},"potentialAction":[{"@type":"SearchAction","target":{"@type":"EntryPoint","urlTemplate":"https:\/\/mastorrencito.com\/?s={search_term_string}"},"query-input":{"@type":"PropertyValueSpecification","valueRequired":true,"valueName":"search_term_string"}}],"inLanguage":"es"},{"@type":"Organization","@id":"https:\/\/mastorrencito.com\/#organization","name":"Mas Torrencito CAT","url":"https:\/\/mastorrencito.com\/","logo":{"@type":"ImageObject","inLanguage":"es","@id":"https:\/\/mastorrencito.com\/#\/schema\/logo\/image\/","url":"https:\/\/mastorrencito.com\/cat\/wp-content\/uploads\/sites\/3\/Logo-Mastorrencito-horizontal.webp","contentUrl":"https:\/\/mastorrencito.com\/cat\/wp-content\/uploads\/sites\/3\/Logo-Mastorrencito-horizontal.webp","width":161,"height":54,"caption":"Mas Torrencito CAT"},"image":{"@id":"https:\/\/mastorrencito.com\/#\/schema\/logo\/image\/"}},{"@type":"Person","@id":"https:\/\/mastorrencito.com\/#\/schema\/person\/18c619be80d4ae2667c702911625f790","name":"Mastorrencito","image":{"@type":"ImageObject","inLanguage":"es","@id":"https:\/\/secure.gravatar.com\/avatar\/3ef55e0519f987a734c21caee1423b51df7b760b7d81a38ecd31cab0a5115f6d?s=96&d=mm&r=g","url":"https:\/\/secure.gravatar.com\/avatar\/3ef55e0519f987a734c21caee1423b51df7b760b7d81a38ecd31cab0a5115f6d?s=96&d=mm&r=g","contentUrl":"https:\/\/secure.gravatar.com\/avatar\/3ef55e0519f987a734c21caee1423b51df7b760b7d81a38ecd31cab0a5115f6d?s=96&d=mm&r=g","caption":"Mastorrencito"},"url":"https:\/\/mastorrencito.com\/cat\/author\/mastorrencito\/"}]}},"acf":[],"_links":{"self":[{"href":"https:\/\/mastorrencito.com\/cat\/wp-json\/wp\/v2\/posts\/3098","targetHints":{"allow":["GET"]}}],"collection":[{"href":"https:\/\/mastorrencito.com\/cat\/wp-json\/wp\/v2\/posts"}],"about":[{"href":"https:\/\/mastorrencito.com\/cat\/wp-json\/wp\/v2\/types\/post"}],"author":[{"embeddable":true,"href":"https:\/\/mastorrencito.com\/cat\/wp-json\/wp\/v2\/users\/2"}],"replies":[{"embeddable":true,"href":"https:\/\/mastorrencito.com\/cat\/wp-json\/wp\/v2\/comments?post=3098"}],"version-history":[{"count":0,"href":"https:\/\/mastorrencito.com\/cat\/wp-json\/wp\/v2\/posts\/3098\/revisions"}],"wp:featuredmedia":[{"embeddable":true,"href":"https:\/\/mastorrencito.com\/cat\/wp-json\/wp\/v2\/media\/3094"}],"wp:attachment":[{"href":"https:\/\/mastorrencito.com\/cat\/wp-json\/wp\/v2\/media?parent=3098"}],"wp:term":[{"taxonomy":"category","embeddable":true,"href":"https:\/\/mastorrencito.com\/cat\/wp-json\/wp\/v2\/categories?post=3098"},{"taxonomy":"post_tag","embeddable":true,"href":"https:\/\/mastorrencito.com\/cat\/wp-json\/wp\/v2\/tags?post=3098"}],"curies":[{"name":"wp","href":"https:\/\/api.w.org\/{rel}","templated":true}]}}