{"id":3089,"date":"2025-01-07T06:15:10","date_gmt":"2025-01-07T06:15:10","guid":{"rendered":"https:\/\/casaruralconperrosgirona.com\/i-17-anys-despres-by-mastorrencito\/"},"modified":"2025-01-07T06:15:10","modified_gmt":"2025-01-07T06:15:10","slug":"i-17-anys-despres-by-mastorrencito","status":"publish","type":"post","link":"https:\/\/mastorrencito.com\/cat\/i-17-anys-despres-by-mastorrencito\/","title":{"rendered":"i 17 anys despr\u00e9s&#8230; by MasTorrencito"},"content":{"rendered":"\n<p><strong>\u00a1L&#8217;Odissea Telef\u00f2nica de Teresa i els seus Tres Gos- ses!<\/strong>  \ud83d\udc15 \ud83d\udc15 \ud83d\udc15<\/p>\n\n<p>Era la tarda de Reis, una d&#8217;aquelles tardes en qu\u00e8 ja no pots amb la teva vida despr\u00e9s de setmanes de festes, comilones, i sobretaules eternes. amb un nivell de motivaci\u00f3 subterrani, vaig decidir prendre&#8217;m un respir. \ud83c\udf6b i degustant un trosset de torr\u00f3 Vicent (aquest de t\u00f2fona <strong>amb<\/strong> taronja que \u2728 ressuscitar qualsevol!). <strong>el m\u00f2bil<\/strong> \ud83d\udcf1     <\/p>\n\n<p>Miro el n\u00famero, no el reconec, i despenjo:<\/p>\n\n<p>\u2014 <strong>MasTorencito, bona tarda, digui&#8217;m.<\/strong><br \/> \u2014 <strong>Hola, bona tarda, s\u00f3c Teresa, una antiga clienta seva&#8230; \u00c9s vost\u00e8 Miguel?<\/strong><br \/> \u2014  <strong>S\u00ed, s\u00f3c jo, Teresa, \u00bf en qu\u00e8 puc ajudar-la? <\/strong>  \ud83c\udf89<\/p>\n\n<p>El to de la senyora era amable, d&#8217;aquelles persones que et parlen com si et coneguessin de tota la vida. I aix\u00ed va comen\u00e7ar all\u00f2 que semblava ser una conversa rutin\u00e0ria\u2026 per\u00f2 no, amics. Aix\u00f2 es convertiria en <em>la trucada de l&#8217;any<\/em> .  <\/p>\n\n<p>\u2014 <strong>Miri, m&#8217;agradaria reservar per a Setmana Santa uns dies, amb les gossetes.<\/strong><br \/> \u2014  <strong>Perfecte, Teresa. Quantes en serien? <\/strong><br \/><strong>\u2014Doncs jo sola\u2026 i les meves tres gossetes.<\/strong> \ud83d\udc15 \ud83d\udc15 \ud83d\udc15<\/p>\n\n<p>En aquell moment el meu cervell va activar el radar:  <em>Tres gossetes? Aix\u00f2 ja sona interessant! <\/em>  Per\u00f2 calia anar amb compte, que la log\u00edstica no era senzilla:<\/p>\n\n<p>\u2014  <strong>Qu\u00e8 tal puja escales? Ho pregunto pel tipus d&#8217;habitaci\u00f3\u2026 <\/strong><br \/>\u2014 <strong>B\u00e9\u2026 em defenso.<\/strong><\/p>\n<figure class=\"wp-block-post-featured-image\"><img fetchpriority=\"high\" decoding=\"async\" width=\"1024\" height=\"1024\" src=\"https:\/\/mastorrencito.com\/cat\/wp-content\/uploads\/sites\/3\/17anysdespues.jpg\" class=\"attachment-post-thumbnail size-post-thumbnail wp-post-image\" alt=\"\" style=\"object-fit:cover;\" srcset=\"https:\/\/mastorrencito.com\/cat\/wp-content\/uploads\/sites\/3\/17anysdespues.jpg 1024w, https:\/\/mastorrencito.com\/cat\/wp-content\/uploads\/sites\/3\/17anysdespues-300x300.jpg 300w, https:\/\/mastorrencito.com\/cat\/wp-content\/uploads\/sites\/3\/17anysdespues-150x150.jpg 150w, https:\/\/mastorrencito.com\/cat\/wp-content\/uploads\/sites\/3\/17anysdespues-768x768.jpg 768w\" sizes=\"(max-width: 1024px) 100vw, 1024px\" \/><\/figure>\n<p><em>Error fatal!<\/em>  \ud83d\ude05 Ja sabia el que aix\u00f2 significava: ni de broma pujaria m\u00e9s d&#8217;un esgla\u00f3. Jo ja m&#8217;imaginava el drama el dia de la seva arribada, amb la Teresa i les tres gossetes mirant les escales com si fossin l&#8217;Everest. Aix\u00ed que, descartades les habitacions del pis de dalt, vaig anar al pla B:  <\/p>\n\n<p>\u2014  <strong>Qu\u00e8 us sembla l&#8217;habitaci\u00f3 de l&#8217;entrada? \u00c9s molt \u00e0mplia i nom\u00e9s t\u00e9 un esgla\u00f3. <\/strong><br \/>\u2014Ah <strong>, doncs s\u00ed\u2026 em sembla b\u00e9. Quant seria?<\/strong><br \/> &#8211; <strong>150 per dia amb esmorzar.<\/strong> \ud83e\udd50 \u2615<\/p>\n\n<p>I aqu\u00ed va comen\u00e7ar el cl\u00e0ssic regateig de les reserves:<\/p>\n\n<p>\u2014  <strong>Com que 150? Han pujat molt els preus des de la darrera vegada que vaig estar! Continuen funcionant igual?  <\/strong><br \/>\u2014S\u00ed <strong>, \u00e9s clar.<\/strong><br \/><strong>\u2014I els sopars?<\/strong><br \/> \u2014  <strong>No, els sopars ja no es donen. Li explico com funciona ara\u2026 <\/strong><\/p>\n\n<p>I aqu\u00ed, de cop i volta, em llan\u00e7a la bomba:<\/p>\n\n<p>\u2014 <strong>Seguim a la taula gran tots junts?<\/strong><\/p>\n\n<p><em>Mesa gran? Quina taula gran? <\/em>  El meu cervell va fer un viatge r\u00e0pid al passat, i llavors ho vaig entendre: la senyora havia vingut fa segles, perqu\u00e8 des de la pand\u00e8mia les taules grans s\u00f3n cosa del Jur\u00e0ssic. Intrigat, li pregunto: <\/p>\n\n<p>\u2014 <strong>Fa quant que no ve?<\/strong><br \/> \u2014Una <strong>mica.<\/strong><br \/> \u2014  <strong>Ahhh, b\u00e9, doncs li explico. Aix\u00f2 de la taula va canviar amb la pand\u00e8mia, les vam haver de separar\u2026 bla bla bla. Per a quines dates m\u00e9s o menys?  <\/strong><br \/>\u2014  <strong>Serien 4 o 5 dies a l&#8217;abril, amb la Setmana Santa. <\/strong>  \ud83d\udc15 \ud83d\udc15 \ud83d\udc15<\/p>\n\n<p>Aqu\u00ed ja comen\u00e7ava a fer c\u00e0lculs mentals mentre veia, amb ulls de dibuix animat, com els bitllets volaven cap a la caixa registradora. \ud83d\udcb5 \ud83d\udcb5 <\/p>\n\n<p><strong>\u2014\u00bf Quant seria?<\/strong><br \/> &#8211; <strong>Dep\u00e8n del tipus d&#8217;habitaci\u00f3.<\/strong><br \/> \u2014La <strong>millor.<\/strong><\/p>\n\n<p>Li dono el preu, i la resposta em deixa KO:<\/p>\n\n<p>\u2014  <strong>Ostres! \u00a1S\u00ed que han pujat els preus des de l&#8217;\u00faltima vegada que vaig estar! <\/strong><br \/>\u2014 <strong>Quan va ser la darrera vegada que va estar?<\/strong><\/p>\n\n<p>I aqu\u00ed va arribar el moment cim:<\/p>\n\n<p>\u2014 Fa uns \ud83d\ude31 <strong>anys.<\/strong><br \/><strong>\u2014\u00bf Perd\u00f3?<\/strong><\/p>\n\n<p>S\u00ed, senyors. Disset anys. L&#8217;\u00faltima vegada que va venir aquesta senyora, probablement Espanya seguia en la transici\u00f3 entre la pesseta i l&#8217;euro, els Nokia 3310 eren el m\u00e9s top, i jo tenia una mica de p\u00e8l al cap. Ella, tan tranquil\u00b7la, continua:   <\/p>\n\n<p>\u2014S\u00ed <strong>, el menjador era al costat de la meva habitaci\u00f3.<\/strong><\/p>\n\n<p>Aqu\u00ed \u00e9s quan la meva ment es va posar a processar a tota velocitat.  <em>El menjador a dalt? Mare meva\u2026 Si aix\u00f2 va ser a la prehist\u00f2ria! <\/em>  Em vaig mossegar la llengua per no deixar-li anar alguna cosa com \u00abI com no recorda els dinosaures que passaven per aqu\u00ed llavors?\u00bb, per\u00f2 vaig optar per ser pol\u00edticament correcte:<\/p>\n\n<p>\u2014Senyora <strong>, aix\u00f2 fa molt\u00edssim temps\u2026<\/strong><br \/> \u2014 <strong>B\u00e9, no em sembla tant.<\/strong><br \/> \u2014 <strong>No, no\u2026 Si aix\u00f2 \u00e9s bo, vol dir que es va emportar un bon record de nosaltres.<\/strong><br \/> \u2014  <strong>\u00a1\u00a1 Ai s\u00ed! Me&#8217;n recordo de la gosseta golden marr\u00f3\u2026 \u00bf Segueix per aqu\u00ed? <\/strong><\/p>\n\n<p>En aquest punt, la nost\u00e0lgia es va barrejar amb el surrealisme.  <em>La meva estimada Manuela\u2026 com explicar-li que ja no \u00e9s amb nosaltres sense entrar en territoris inc\u00f2modes.<\/em>  Vaig decidir ser breu:<\/p>\n\n<p>\u2014 <strong>Ai, la meva Manuela\u2026 No, ja no hi \u00e9s.<\/strong><br \/><strong>\u2014\u00bf On?<\/strong><\/p>\n\n<p><em>On?<\/em>  \ud83d\ude2c Aqu\u00ed ja no sabia si riure o plorar. Vaig optar per la diplom\u00e0cia: <\/p>\n\n<p><strong>\u2014No, va morir fa un parell d&#8217;anys.<\/strong><br \/> \u2014Ai <strong>, quina pena, tan maca que era.<\/strong><\/p>\n\n<p>Mentre segu\u00edem parlant, em vaig adonar que els anuncis d&#8217;Energy Drink que estaven a la tele ja havien acabat, cosa que significava que feia almenys 15 minuts que era de conversa. Per\u00f2 la cosa continuava: <\/p>\n\n<p>\u2014 <strong>Quantes persones serien?<\/strong><br \/> \u2014 <strong>Jo i les meves tres gosses.<\/strong><br \/> \u2014Ah <strong>, \u00e9s veritat que ja m&#8217;ho va dir abans.<\/strong> \ud83d\ude05<\/p>\n\n<p>Finalment, va arribar el desenlla\u00e7 de la negociaci\u00f3. Ella, encara indignada pels preus actuals, llan\u00e7a el seu darrer cartutx: <\/p>\n\n<p>\u2014\u00c9s <strong>que em sembla una mica car\u2026 Jo recordo que va ser menys.<\/strong><br \/> \u2014  <strong>Normal, senyora. Han passat m\u00e9s de 15 anys, les coses pugen! <\/strong><br \/>\u2014 <strong>Aleshores quant seria pels cinc dies?<\/strong><br \/> \u2014  <strong>B\u00e9, per ser clienta antiga i per l&#8217;afecte a Manuela\u2026 l&#8217;hi deixo en 500 eurets amb esmorzars. Us sembla b\u00e9? <\/strong><br \/>\u2014  <strong>Moltes gr\u00e0cies. Puc trucar dem\u00e0 per confirmar? <\/strong><br \/>\u2014  <strong>\u00c9s clar que s\u00ed! Truqui&#8217;m les vegades que sigui necessari. <\/strong><\/p>\n\n<p>Vam penjar, i em vaig quedar reflexionant.<\/p>\n\n<h3 class=\"wp-block-heading\"><strong>Conclusi\u00f3:<\/strong><\/h3>\n\n<p>\ud83d\ude02 \u00a1 Quina paci\u00e8ncia s&#8217;ha de tenir en aquesta feina! final, m\u00e9s enll\u00e0 dels preus, l&#8217;important \u00e9s que el record de la nostra estimada Manuela i les velles taules grans segueixen vius al cor dels nostres clients\u2026 encara que hagin passat. <em>segles<\/em> \ud83d\udc3e\u2764\ufe0f   <\/p>\n\n<hr class=\"wp-block-separator has-alpha-channel-opacity\" \/>\n\n<blockquote class=\"wp-block-quote is-layout-flow wp-block-quote-is-layout-flow\">\n<p>Des de MasTorrencito et desitgem un bon dia i que els teus gossos t&#8217;acompanyin!!<\/p>\n<\/blockquote>\n\n<p>\u2014\u2013<br \/> Si vols, pot veure els nostres <strong>bons per caps de setmana, bons jubilats<\/strong> , a un preu incre\u00efble..entra a <a href=\"https:\/\/www.mastorrencito.com\/\">www.mastorrencito.com<\/a> o si vols podeu llegir m\u00e9s hist\u00f2ria i an\u00e8cdotes que ens han passat a Mas Torrencito\u2026 Fes click <a href=\"https:\/\/mastorrencito.com\/\">aqu\u00ed<\/a><\/p>\n","protected":false},"excerpt":{"rendered":"<p>\u00a1L&#8217;Odissea Telef\u00f2nica de Teresa i els seus Tres Gos- ses! \ud83d\udc15 \ud83d\udc15 \ud83d\udc15 Era la tarda de Reis, una d&#8217;aquelles tardes en qu\u00e8 ja no pots amb la teva vida despr\u00e9s de setmanes de festes, comilones, i sobretaules eternes. amb un nivell de motivaci\u00f3 subterrani, vaig decidir prendre&#8217;m un respir. \ud83c\udf6b i degustant un trosset [&hellip;]<\/p>\n","protected":false},"author":2,"featured_media":3085,"comment_status":"open","ping_status":"closed","sticky":false,"template":"","format":"standard","meta":{"_acf_changed":false,"footnotes":""},"categories":[35],"tags":[],"class_list":["post-3089","post","type-post","status-publish","format-standard","has-post-thumbnail","hentry","category-histories-mastorrencito"],"yoast_head":"<!-- This site is optimized with the Yoast SEO Premium plugin v27.3 (Yoast SEO v27.5) - https:\/\/yoast.com\/product\/yoast-seo-premium-wordpress\/ -->\n<title>i 17 anys despr\u00e9s... by MasTorrencito - Mas Torrencito CAT<\/title>\n<meta name=\"description\" content=\"I \u00e9s que hi ha persones per als quals el temps no ha passat... quina sort per a elles... I 17 anys despr\u00e9s.... by MasTorrencito\" \/>\n<meta name=\"robots\" content=\"index, follow, max-snippet:-1, max-image-preview:large, max-video-preview:-1\" \/>\n<link rel=\"canonical\" href=\"https:\/\/mastorrencito.com\/cat\/i-17-anys-despres-by-mastorrencito\/\" \/>\n<meta property=\"og:locale\" content=\"es_ES\" \/>\n<meta property=\"og:type\" content=\"article\" \/>\n<meta property=\"og:title\" content=\"i 17 anys despr\u00e9s... by MasTorrencito\" \/>\n<meta property=\"og:description\" content=\"I \u00e9s que hi ha persones per als quals el temps no ha passat... quina sort per a elles... I 17 anys despr\u00e9s.... by MasTorrencito\" \/>\n<meta property=\"og:url\" content=\"https:\/\/mastorrencito.com\/cat\/i-17-anys-despres-by-mastorrencito\/\" \/>\n<meta property=\"og:site_name\" content=\"Mas Torrencito CAT\" \/>\n<meta property=\"article:published_time\" content=\"2025-01-07T06:15:10+00:00\" \/>\n<meta property=\"og:image\" content=\"https:\/\/mastorrencito.com\/cat\/wp-content\/uploads\/sites\/3\/17anysdespues.jpg\" \/>\n\t<meta property=\"og:image:width\" content=\"1024\" \/>\n\t<meta property=\"og:image:height\" content=\"1024\" \/>\n\t<meta property=\"og:image:type\" content=\"image\/jpeg\" \/>\n<meta name=\"author\" content=\"Mastorrencito\" \/>\n<meta name=\"twitter:card\" content=\"summary_large_image\" \/>\n<meta name=\"twitter:label1\" content=\"Escrito por\" \/>\n\t<meta name=\"twitter:data1\" content=\"Mastorrencito\" \/>\n\t<meta name=\"twitter:label2\" content=\"Tiempo de lectura\" \/>\n\t<meta name=\"twitter:data2\" content=\"5 minutos\" \/>\n<script type=\"application\/ld+json\" class=\"yoast-schema-graph\">{\"@context\":\"https:\\\/\\\/schema.org\",\"@graph\":[{\"@type\":\"Article\",\"@id\":\"https:\\\/\\\/mastorrencito.com\\\/cat\\\/i-17-anys-despres-by-mastorrencito\\\/#article\",\"isPartOf\":{\"@id\":\"https:\\\/\\\/mastorrencito.com\\\/cat\\\/i-17-anys-despres-by-mastorrencito\\\/\"},\"author\":{\"name\":\"Mastorrencito\",\"@id\":\"https:\\\/\\\/mastorrencito.com\\\/#\\\/schema\\\/person\\\/18c619be80d4ae2667c702911625f790\"},\"headline\":\"i 17 anys despr\u00e9s&#8230; by MasTorrencito\",\"datePublished\":\"2025-01-07T06:15:10+00:00\",\"mainEntityOfPage\":{\"@id\":\"https:\\\/\\\/mastorrencito.com\\\/cat\\\/i-17-anys-despres-by-mastorrencito\\\/\"},\"wordCount\":1041,\"commentCount\":1,\"publisher\":{\"@id\":\"https:\\\/\\\/mastorrencito.com\\\/#organization\"},\"image\":{\"@id\":\"https:\\\/\\\/mastorrencito.com\\\/cat\\\/i-17-anys-despres-by-mastorrencito\\\/#primaryimage\"},\"thumbnailUrl\":\"https:\\\/\\\/mastorrencito.com\\\/cat\\\/wp-content\\\/uploads\\\/sites\\\/3\\\/17anysdespues.jpg\",\"articleSection\":[\"Hist\u00f2ries Mastorrencito\"],\"inLanguage\":\"es\",\"potentialAction\":[{\"@type\":\"CommentAction\",\"name\":\"Comment\",\"target\":[\"https:\\\/\\\/mastorrencito.com\\\/cat\\\/i-17-anys-despres-by-mastorrencito\\\/#respond\"]}]},{\"@type\":\"WebPage\",\"@id\":\"https:\\\/\\\/mastorrencito.com\\\/cat\\\/i-17-anys-despres-by-mastorrencito\\\/\",\"url\":\"https:\\\/\\\/mastorrencito.com\\\/cat\\\/i-17-anys-despres-by-mastorrencito\\\/\",\"name\":\"i 17 anys despr\u00e9s... by MasTorrencito - Mas Torrencito CAT\",\"isPartOf\":{\"@id\":\"https:\\\/\\\/mastorrencito.com\\\/#website\"},\"primaryImageOfPage\":{\"@id\":\"https:\\\/\\\/mastorrencito.com\\\/cat\\\/i-17-anys-despres-by-mastorrencito\\\/#primaryimage\"},\"image\":{\"@id\":\"https:\\\/\\\/mastorrencito.com\\\/cat\\\/i-17-anys-despres-by-mastorrencito\\\/#primaryimage\"},\"thumbnailUrl\":\"https:\\\/\\\/mastorrencito.com\\\/cat\\\/wp-content\\\/uploads\\\/sites\\\/3\\\/17anysdespues.jpg\",\"datePublished\":\"2025-01-07T06:15:10+00:00\",\"description\":\"I \u00e9s que hi ha persones per als quals el temps no ha passat... quina sort per a elles... I 17 anys despr\u00e9s.... by MasTorrencito\",\"breadcrumb\":{\"@id\":\"https:\\\/\\\/mastorrencito.com\\\/cat\\\/i-17-anys-despres-by-mastorrencito\\\/#breadcrumb\"},\"inLanguage\":\"es\",\"potentialAction\":[{\"@type\":\"ReadAction\",\"target\":[\"https:\\\/\\\/mastorrencito.com\\\/cat\\\/i-17-anys-despres-by-mastorrencito\\\/\"]}]},{\"@type\":\"ImageObject\",\"inLanguage\":\"es\",\"@id\":\"https:\\\/\\\/mastorrencito.com\\\/cat\\\/i-17-anys-despres-by-mastorrencito\\\/#primaryimage\",\"url\":\"https:\\\/\\\/mastorrencito.com\\\/cat\\\/wp-content\\\/uploads\\\/sites\\\/3\\\/17anysdespues.jpg\",\"contentUrl\":\"https:\\\/\\\/mastorrencito.com\\\/cat\\\/wp-content\\\/uploads\\\/sites\\\/3\\\/17anysdespues.jpg\",\"width\":1024,\"height\":1024},{\"@type\":\"BreadcrumbList\",\"@id\":\"https:\\\/\\\/mastorrencito.com\\\/cat\\\/i-17-anys-despres-by-mastorrencito\\\/#breadcrumb\",\"itemListElement\":[{\"@type\":\"ListItem\",\"position\":1,\"name\":\"Portada\",\"item\":\"https:\\\/\\\/mastorrencito.com\\\/\"},{\"@type\":\"ListItem\",\"position\":2,\"name\":\"i 17 anys despr\u00e9s&#8230; by MasTorrencito\"}]},{\"@type\":\"WebSite\",\"@id\":\"https:\\\/\\\/mastorrencito.com\\\/#website\",\"url\":\"https:\\\/\\\/mastorrencito.com\\\/\",\"name\":\"Mas Torrencito CAT\",\"description\":\"Casa rural pet friendly en Girona\",\"publisher\":{\"@id\":\"https:\\\/\\\/mastorrencito.com\\\/#organization\"},\"potentialAction\":[{\"@type\":\"SearchAction\",\"target\":{\"@type\":\"EntryPoint\",\"urlTemplate\":\"https:\\\/\\\/mastorrencito.com\\\/?s={search_term_string}\"},\"query-input\":{\"@type\":\"PropertyValueSpecification\",\"valueRequired\":true,\"valueName\":\"search_term_string\"}}],\"inLanguage\":\"es\"},{\"@type\":\"Organization\",\"@id\":\"https:\\\/\\\/mastorrencito.com\\\/#organization\",\"name\":\"Mas Torrencito CAT\",\"url\":\"https:\\\/\\\/mastorrencito.com\\\/\",\"logo\":{\"@type\":\"ImageObject\",\"inLanguage\":\"es\",\"@id\":\"https:\\\/\\\/mastorrencito.com\\\/#\\\/schema\\\/logo\\\/image\\\/\",\"url\":\"https:\\\/\\\/mastorrencito.com\\\/cat\\\/wp-content\\\/uploads\\\/sites\\\/3\\\/Logo-Mastorrencito-horizontal.webp\",\"contentUrl\":\"https:\\\/\\\/mastorrencito.com\\\/cat\\\/wp-content\\\/uploads\\\/sites\\\/3\\\/Logo-Mastorrencito-horizontal.webp\",\"width\":161,\"height\":54,\"caption\":\"Mas Torrencito CAT\"},\"image\":{\"@id\":\"https:\\\/\\\/mastorrencito.com\\\/#\\\/schema\\\/logo\\\/image\\\/\"}},{\"@type\":\"Person\",\"@id\":\"https:\\\/\\\/mastorrencito.com\\\/#\\\/schema\\\/person\\\/18c619be80d4ae2667c702911625f790\",\"name\":\"Mastorrencito\",\"image\":{\"@type\":\"ImageObject\",\"inLanguage\":\"es\",\"@id\":\"https:\\\/\\\/secure.gravatar.com\\\/avatar\\\/3ef55e0519f987a734c21caee1423b51df7b760b7d81a38ecd31cab0a5115f6d?s=96&d=mm&r=g\",\"url\":\"https:\\\/\\\/secure.gravatar.com\\\/avatar\\\/3ef55e0519f987a734c21caee1423b51df7b760b7d81a38ecd31cab0a5115f6d?s=96&d=mm&r=g\",\"contentUrl\":\"https:\\\/\\\/secure.gravatar.com\\\/avatar\\\/3ef55e0519f987a734c21caee1423b51df7b760b7d81a38ecd31cab0a5115f6d?s=96&d=mm&r=g\",\"caption\":\"Mastorrencito\"},\"url\":\"https:\\\/\\\/mastorrencito.com\\\/cat\\\/author\\\/mastorrencito\\\/\"}]}<\/script>\n<!-- \/ Yoast SEO Premium plugin. -->","yoast_head_json":{"title":"i 17 anys despr\u00e9s... by MasTorrencito - Mas Torrencito CAT","description":"I \u00e9s que hi ha persones per als quals el temps no ha passat... quina sort per a elles... I 17 anys despr\u00e9s.... by MasTorrencito","robots":{"index":"index","follow":"follow","max-snippet":"max-snippet:-1","max-image-preview":"max-image-preview:large","max-video-preview":"max-video-preview:-1"},"canonical":"https:\/\/mastorrencito.com\/cat\/i-17-anys-despres-by-mastorrencito\/","og_locale":"es_ES","og_type":"article","og_title":"i 17 anys despr\u00e9s... by MasTorrencito","og_description":"I \u00e9s que hi ha persones per als quals el temps no ha passat... quina sort per a elles... I 17 anys despr\u00e9s.... by MasTorrencito","og_url":"https:\/\/mastorrencito.com\/cat\/i-17-anys-despres-by-mastorrencito\/","og_site_name":"Mas Torrencito CAT","article_published_time":"2025-01-07T06:15:10+00:00","og_image":[{"width":1024,"height":1024,"url":"https:\/\/mastorrencito.com\/cat\/wp-content\/uploads\/sites\/3\/17anysdespues.jpg","type":"image\/jpeg"}],"author":"Mastorrencito","twitter_card":"summary_large_image","twitter_misc":{"Escrito por":"Mastorrencito","Tiempo de lectura":"5 minutos"},"schema":{"@context":"https:\/\/schema.org","@graph":[{"@type":"Article","@id":"https:\/\/mastorrencito.com\/cat\/i-17-anys-despres-by-mastorrencito\/#article","isPartOf":{"@id":"https:\/\/mastorrencito.com\/cat\/i-17-anys-despres-by-mastorrencito\/"},"author":{"name":"Mastorrencito","@id":"https:\/\/mastorrencito.com\/#\/schema\/person\/18c619be80d4ae2667c702911625f790"},"headline":"i 17 anys despr\u00e9s&#8230; by MasTorrencito","datePublished":"2025-01-07T06:15:10+00:00","mainEntityOfPage":{"@id":"https:\/\/mastorrencito.com\/cat\/i-17-anys-despres-by-mastorrencito\/"},"wordCount":1041,"commentCount":1,"publisher":{"@id":"https:\/\/mastorrencito.com\/#organization"},"image":{"@id":"https:\/\/mastorrencito.com\/cat\/i-17-anys-despres-by-mastorrencito\/#primaryimage"},"thumbnailUrl":"https:\/\/mastorrencito.com\/cat\/wp-content\/uploads\/sites\/3\/17anysdespues.jpg","articleSection":["Hist\u00f2ries Mastorrencito"],"inLanguage":"es","potentialAction":[{"@type":"CommentAction","name":"Comment","target":["https:\/\/mastorrencito.com\/cat\/i-17-anys-despres-by-mastorrencito\/#respond"]}]},{"@type":"WebPage","@id":"https:\/\/mastorrencito.com\/cat\/i-17-anys-despres-by-mastorrencito\/","url":"https:\/\/mastorrencito.com\/cat\/i-17-anys-despres-by-mastorrencito\/","name":"i 17 anys despr\u00e9s... by MasTorrencito - Mas Torrencito CAT","isPartOf":{"@id":"https:\/\/mastorrencito.com\/#website"},"primaryImageOfPage":{"@id":"https:\/\/mastorrencito.com\/cat\/i-17-anys-despres-by-mastorrencito\/#primaryimage"},"image":{"@id":"https:\/\/mastorrencito.com\/cat\/i-17-anys-despres-by-mastorrencito\/#primaryimage"},"thumbnailUrl":"https:\/\/mastorrencito.com\/cat\/wp-content\/uploads\/sites\/3\/17anysdespues.jpg","datePublished":"2025-01-07T06:15:10+00:00","description":"I \u00e9s que hi ha persones per als quals el temps no ha passat... quina sort per a elles... I 17 anys despr\u00e9s.... by MasTorrencito","breadcrumb":{"@id":"https:\/\/mastorrencito.com\/cat\/i-17-anys-despres-by-mastorrencito\/#breadcrumb"},"inLanguage":"es","potentialAction":[{"@type":"ReadAction","target":["https:\/\/mastorrencito.com\/cat\/i-17-anys-despres-by-mastorrencito\/"]}]},{"@type":"ImageObject","inLanguage":"es","@id":"https:\/\/mastorrencito.com\/cat\/i-17-anys-despres-by-mastorrencito\/#primaryimage","url":"https:\/\/mastorrencito.com\/cat\/wp-content\/uploads\/sites\/3\/17anysdespues.jpg","contentUrl":"https:\/\/mastorrencito.com\/cat\/wp-content\/uploads\/sites\/3\/17anysdespues.jpg","width":1024,"height":1024},{"@type":"BreadcrumbList","@id":"https:\/\/mastorrencito.com\/cat\/i-17-anys-despres-by-mastorrencito\/#breadcrumb","itemListElement":[{"@type":"ListItem","position":1,"name":"Portada","item":"https:\/\/mastorrencito.com\/"},{"@type":"ListItem","position":2,"name":"i 17 anys despr\u00e9s&#8230; by MasTorrencito"}]},{"@type":"WebSite","@id":"https:\/\/mastorrencito.com\/#website","url":"https:\/\/mastorrencito.com\/","name":"Mas Torrencito CAT","description":"Casa rural pet friendly en Girona","publisher":{"@id":"https:\/\/mastorrencito.com\/#organization"},"potentialAction":[{"@type":"SearchAction","target":{"@type":"EntryPoint","urlTemplate":"https:\/\/mastorrencito.com\/?s={search_term_string}"},"query-input":{"@type":"PropertyValueSpecification","valueRequired":true,"valueName":"search_term_string"}}],"inLanguage":"es"},{"@type":"Organization","@id":"https:\/\/mastorrencito.com\/#organization","name":"Mas Torrencito CAT","url":"https:\/\/mastorrencito.com\/","logo":{"@type":"ImageObject","inLanguage":"es","@id":"https:\/\/mastorrencito.com\/#\/schema\/logo\/image\/","url":"https:\/\/mastorrencito.com\/cat\/wp-content\/uploads\/sites\/3\/Logo-Mastorrencito-horizontal.webp","contentUrl":"https:\/\/mastorrencito.com\/cat\/wp-content\/uploads\/sites\/3\/Logo-Mastorrencito-horizontal.webp","width":161,"height":54,"caption":"Mas Torrencito CAT"},"image":{"@id":"https:\/\/mastorrencito.com\/#\/schema\/logo\/image\/"}},{"@type":"Person","@id":"https:\/\/mastorrencito.com\/#\/schema\/person\/18c619be80d4ae2667c702911625f790","name":"Mastorrencito","image":{"@type":"ImageObject","inLanguage":"es","@id":"https:\/\/secure.gravatar.com\/avatar\/3ef55e0519f987a734c21caee1423b51df7b760b7d81a38ecd31cab0a5115f6d?s=96&d=mm&r=g","url":"https:\/\/secure.gravatar.com\/avatar\/3ef55e0519f987a734c21caee1423b51df7b760b7d81a38ecd31cab0a5115f6d?s=96&d=mm&r=g","contentUrl":"https:\/\/secure.gravatar.com\/avatar\/3ef55e0519f987a734c21caee1423b51df7b760b7d81a38ecd31cab0a5115f6d?s=96&d=mm&r=g","caption":"Mastorrencito"},"url":"https:\/\/mastorrencito.com\/cat\/author\/mastorrencito\/"}]}},"acf":[],"_links":{"self":[{"href":"https:\/\/mastorrencito.com\/cat\/wp-json\/wp\/v2\/posts\/3089","targetHints":{"allow":["GET"]}}],"collection":[{"href":"https:\/\/mastorrencito.com\/cat\/wp-json\/wp\/v2\/posts"}],"about":[{"href":"https:\/\/mastorrencito.com\/cat\/wp-json\/wp\/v2\/types\/post"}],"author":[{"embeddable":true,"href":"https:\/\/mastorrencito.com\/cat\/wp-json\/wp\/v2\/users\/2"}],"replies":[{"embeddable":true,"href":"https:\/\/mastorrencito.com\/cat\/wp-json\/wp\/v2\/comments?post=3089"}],"version-history":[{"count":0,"href":"https:\/\/mastorrencito.com\/cat\/wp-json\/wp\/v2\/posts\/3089\/revisions"}],"wp:featuredmedia":[{"embeddable":true,"href":"https:\/\/mastorrencito.com\/cat\/wp-json\/wp\/v2\/media\/3085"}],"wp:attachment":[{"href":"https:\/\/mastorrencito.com\/cat\/wp-json\/wp\/v2\/media?parent=3089"}],"wp:term":[{"taxonomy":"category","embeddable":true,"href":"https:\/\/mastorrencito.com\/cat\/wp-json\/wp\/v2\/categories?post=3089"},{"taxonomy":"post_tag","embeddable":true,"href":"https:\/\/mastorrencito.com\/cat\/wp-json\/wp\/v2\/tags?post=3089"}],"curies":[{"name":"wp","href":"https:\/\/api.w.org\/{rel}","templated":true}]}}