{"id":3071,"date":"2025-01-05T07:57:09","date_gmt":"2025-01-05T07:57:09","guid":{"rendered":"https:\/\/casaruralconperrosgirona.com\/el-sobre-sota-el-matalas-by-mastorrencito\/"},"modified":"2025-01-05T07:57:09","modified_gmt":"2025-01-05T07:57:09","slug":"el-sobre-sota-el-matalas-by-mastorrencito","status":"publish","type":"post","link":"https:\/\/mastorrencito.com\/cat\/el-sobre-sota-el-matalas-by-mastorrencito\/","title":{"rendered":"El sobre sota el matal\u00e0s by MasTorrencito"},"content":{"rendered":"\n<hr class=\"wp-block-separator has-alpha-channel-opacity\" \/>\n\n<h3 class=\"wp-block-heading\">Si he apr\u00e8s alguna cosa a Mas Torrencito \u00e9s que aqu\u00ed no hi ha dies normals. El que \u00e9s extraordinari \u00e9s rutina, i aquell mat\u00ed no va ser l&#8217;excepci\u00f3. El sobre sota el matal\u00e0s by MasTorrencito  <\/h3>\n\n<p>Era un dilluns qualsevol, d&#8217;aquells en qu\u00e8 el sol entra t\u00edmidament per les finestres i els ocells s&#8217;encarreguen del despertador. Jo havia decidit ajudar les noies a fer una de les tasques menys glamuroses, per\u00f2 necess\u00e0ries: <strong>capgirar els matalassos<\/strong> . Aqu\u00ed no es deixa que es \u00abmalcriuen\u00bb; cada tres mesos es giren com a truites en una paella, per evitar aquests feli\u00e7os \u00abvicis\u00bb que els deixen enfonsats.  <\/p>\n\n<p>Tot anava b\u00e9. Ja hav\u00edem passat per diverses habitacions sense m\u00e9s novetat, per\u00f2 llavors vam arribar a la suite. <strong>La joia de la corona de Mas Torrencito.<\/strong> Una habitaci\u00f3 s\u00faper \u00e0mplia, amb saleta amb una tele de 60&#8243;, habtacion separada, amb un llit s\u00faper king-size que sembla un n\u00favol, un altre tros de TV de 55&#8243;, &#8230; per mi la millor&#8230; I just aqu\u00ed , quan vam aixecar aquell tros de matal\u00e0s, <strong>ho vam veure.<\/strong> <\/p>\n\n<p>Era un sobre.  <strong>Un sobre gran, marr\u00f3, desgastat per les vores, per\u00f2 clarament gros.<\/strong>  Em vaig quedar paralitzat, com si el sobre fos una bomba. La meva primera reacci\u00f3 va ser deixar anar el matal\u00e0s, que va caure amb un soroll sord. Les noies es van girar per mirar-me, per\u00f2 no van dir res. I jo aqu\u00ed, amb cara de p\u00f2quer, tractant de processar el que tenia davant meu.   <\/p>\n\n<p>\u2014\u00bf I aix\u00f2? \u2014em va preguntar una. <br \/>\u2014 Ni idea\u2026 per\u00f2 ho descobrirem.<\/p>\n\n<p>El vaig recollir amb molt de compte, com si a dins hi hagu\u00e9s un tresor o una maledicci\u00f3. El vaig sostenir entre les meves mans, intentant endevinar-ne el contingut amb el tacte. \u00abPapers? Fotos? Una carta d&#8217;amor? Diners?\u00bb, vaig pensar. No en tenia ni idea, per\u00f2 hi havia una cosa clara: <strong>aix\u00f2 no era normal.<\/strong>   <\/p>\n\n<p>Vaig decidir no obrir-lo. El vaig portar a la cuina, el meu refugi, on les decisions importants sempre es prenen amb una tassa de caf\u00e8 a la m\u00e0. El vaig deixar sobre la taula i em vaig quedar mirant-lo, com si el sobre an\u00e9s a confessar el seu secret per si mateix. \u00abHo obro o no ho obro?\u00bb em preguntava, mentre la meva ment ja n&#8217;anava mil per hora.   <\/p>\n\n<h3 class=\"wp-block-heading\"><strong>Les primeres trucades<\/strong><\/h3>\n\n<p>Com que aquell mateix mat\u00ed se n&#8217;havien anat uns coneguts que ocupaven la suite, el m\u00e9s l\u00f2gic era comen\u00e7ar per ells. Vaig agafar el m\u00f2bil i vaig marcar el n\u00famero. <br \/>\u2014 Eyyy, amic! Qu\u00e8 tal la tornada? <br \/>\u2014 B\u00e9, b\u00e9\u2026 molt de tr\u00e0nsit.<br \/>\u2014 Normal! \u00c9s diumenge, bon temps\u2026 tots els pisapins pugeu a la Costa Brava! Jajajaja.  <br \/>\u2014 Jajaja, ja ho veus!<br \/>\u2014Una coseta\u2026 us heu deixat una mica sota el matal\u00e0s?<br \/>\u2014 Sota el matal\u00e0s!? Qu\u00e8 dius? <br \/>\u2014 S\u00ed, s\u00ed\u2026 alguna cosa, no ho s\u00e9\u2026 res?<br \/>\u2014No, qu\u00e8 hi va. Per qu\u00e8? <br \/>\u2014 Res, coses meves\u2026 Gr\u00e0cies per venir, adeu!<\/p>\n\n<p>Aqu\u00ed ho tenia: <strong>primer descartat.<\/strong> Vaig sospirar alleujat, per\u00f2 tamb\u00e9 frustrat. Aix\u00f2 no seria tan f\u00e0cil. Llavors vaig decidir anar-hi gran: vaig obrir el programa de reserves per veure quanta gent havia passat per aquella habitaci\u00f3 des de l&#8217;\u00faltima vegada que es va girar el matal\u00e0s. I va ser quan la cosa es va complicar.   <\/p>\n\n<h3 class=\"wp-block-heading\"><strong>El malson de l&#8217;Excel<\/strong><\/h3>\n\n<p>L&#8217;\u00faltima volta de matal\u00e0s no havia estat fa tres mesos, com pensava, sin\u00f3 <strong>en fa cinc.<\/strong> Aix\u00f2 significava que desenes de persones havien dormit a aquella habitaci\u00f3. Vaig obrir l&#8217;Excel i vaig comen\u00e7ar a filtrar: <\/p>\n\n<ul class=\"wp-block-list\">\n<li><strong>Nacionalitats<\/strong> (perqu\u00e8, siguem sincers, el perfil del sobre gros sol ser m\u00e9s espec\u00edfic).<\/li>\n\n\n\n<li><strong>Gent que coneixia<\/strong> (aquests els vaig descartar autom\u00e0ticament, perqu\u00e8, qu\u00e8 deixarien sota el matal\u00e0s?).<\/li>\n\n\n\n<li><strong>Durada de l&#8217;estada<\/strong> (els que es queden molts dies, vaig pensar, solen anar m\u00e9s amb compte amb les seves coses).<\/li>\n<\/ul>\n\n<p>Despr\u00e9s de molt garbellar, em vaig quedar amb una llista de <strong>40 sospitosos.<\/strong> Espanyols, francesos, alemanys, i fins i tot un parell d&#8217;anglesos amb noms que semblaven trets d&#8217;una novel\u00b7la d&#8217;espies. I llavors, just quan estava a punt de fer la primera trucada, <strong>van apar\u00e8ixer Mamas i Mastitwo.<\/strong> <\/p>\n\n<figure class=\"wp-block-image size-full\"><img fetchpriority=\"high\" decoding=\"async\" width=\"1024\" height=\"1024\" src=\"https:\/\/mastorrencito.com\/wp-content\/uploads\/colchon1.jpg\" alt=\"Qu&#xE8; hi haur&#xE0; a sota del matal&#xE0;s de MasTorrencito?\" class=\"wp-image-3067\" srcset=\"https:\/\/mastorrencito.com\/cat\/wp-content\/uploads\/sites\/3\/colchon1.jpg 1024w, https:\/\/mastorrencito.com\/cat\/wp-content\/uploads\/sites\/3\/colchon1-300x300.jpg 300w, https:\/\/mastorrencito.com\/cat\/wp-content\/uploads\/sites\/3\/colchon1-150x150.jpg 150w, https:\/\/mastorrencito.com\/cat\/wp-content\/uploads\/sites\/3\/colchon1-768x768.jpg 768w\" sizes=\"(max-width: 1024px) 100vw, 1024px\" \/><figcaption class=\"wp-element-caption\">Qu\u00e8 hi haur\u00e0 a sota del matal\u00e0s de MasTorrencito?<\/figcaption><\/figure>\n<h3 class=\"wp-block-heading\"><strong>La intervenci\u00f3 canina<\/strong><\/h3>\n\n<p>Els meus dos fidels investigadores olfactives van entrar a la cuina com si fossin part de la CIA. Van comen\u00e7ar a ensumar el sobre amb un inter\u00e8s que no els havia vist mai. Mamas fins i tot va deixar anar un parell de grunyits baixos, com si m&#8217;estigu\u00e9s advertint: \u00abAqu\u00ed hi ha alguna cosa seriosa, humana\u00bb. Aix\u00f2 va ser la gota que va fer vessar el got.   <\/p>\n\n<p>\u2014 D&#8217;acord, val\u2026 ho obro.<\/p>\n\n<p>Amb mans tremoloses, vaig trencar el segell del sobre i vaig mirar a dins.  <strong>MAADRE MIA.<\/strong>  Bitllets. Munts de bitllets. De 500, de 200, de 50\u2026 Era com haver obert una caixa forta. Vaig treure els feixos i els vaig estendre sobre la taula. Les meves mans tremolaven mentre comptava: <strong>280.000 euros.<\/strong>    <\/p>\n\n<p>Em vaig quedar gla\u00e7at. El meu cap anava a dos mil per hora. \u00abQu\u00e8 faig amb aix\u00f2? Qu\u00e8 significa? De qui ser\u00e0? Estic en perill?\u00bb Vaig mirar per la finestra, gaireb\u00e9 esperant veure un cotxe negre aparcat amb alg\u00fa observant-me. De cop i volta, la cuina de Mas Torrencito ja no semblava tan acollidora.    <\/p>\n\n<h3 class=\"wp-block-heading\"><strong>El pla mestre<\/strong><\/h3>\n\n<p>El primer que vaig fer va ser guardar els diners a la caixa forta.  <strong>Per si de cas.<\/strong>  Despr\u00e9s, vaig decidir continuar amb la meva investigaci\u00f3. <\/p>\n\n<p><em>\u00abHola, s\u00f3c Miguel de Mas Torrencito. Espero que estigueu b\u00e9 i que us sent\u00e9ssiu a gust a la nostra caseta. Primer de tot, agrair-vos haver-nos triat per a la vostra estada. Volia comentar-vos que hem trobat un\u2026 sobre sota el matal\u00e0s. Et sona d&#8217;alguna cosa?\u00bb<\/em><\/p>\n\n<p>T&#8217;imagines rebre un missatge aix\u00ed? Per\u00f2 \u00e9s clar, no ho podia enviar encara. Abans necessitava pensar en un pla de conting\u00e8ncia, perqu\u00e8 la situaci\u00f3 s&#8217;estava posant tensa. Mentrestant vaig decidir prendre&#8217;m un moment per respirar.   <\/p>\n\n<p>Hav\u00edem arribat al moment cr\u00edtic: <strong>el sobre.<\/strong> Gran, feixuc, amb un aire de misteri que em feia sentir com el protagonista d&#8217;una pel\u00b7l\u00edcula d&#8217;intriga. Mentre jo mirava de resoldre l&#8217;enigma al cap, els minuts passaven i l&#8217;estr\u00e8s pujava com l&#8217;escuma d&#8217;una copa de cava mal servida. Va ser llavors quan va sonar el tel\u00e8fon.    <strong>Mireia.<\/strong><\/p>\n\n<p>La Mireia \u00e9s el meu cable a terra, la meva consci\u00e8ncia en els moments de bogeria, la veu que sempre em fa respirar fondo i pensar amb claredat. Per\u00f2, \u00e9s clar, no tenia ni idea del caos en qu\u00e8 estava ficat. <\/p>\n\n<p>\u2014  <strong>Hola, cari. Qu\u00e8 tal? <\/strong><br \/>\u2014 B\u00e9\u2026 b\u00e9\u2026 (pausa llarga). Aqu\u00ed, ja saps, amb coses de casa. <br \/>\u2014 Coses de la casa? Quines coses? \u2014 El seu to va canviar lleugerament; em coneix massa b\u00e9.  <br \/>\u2014 Doncs res, ajudant les noies amb els matalassos.<br \/>\u2014 Ai, que b\u00e9! Per fi et poses fil a l&#8217;agulla, eh? \u2014va dir rient. \u2014 Tot en ordre?   <br \/>\u2014 S\u00ed, s\u00ed\u2026 b\u00e9, m\u00e9s o menys\u2026 (una altra pausa).<\/p>\n\n<p><strong>Silenci inc\u00f2mode.<\/strong>  Ella sabia que em passava alguna cosa. La Mireia t\u00e9 un radar especial per detectar els meus \u00abmoments rars\u00bb. I aquest era dels grossos.  <\/p>\n\n<p>\u2014Miguel\u2026 qu\u00e8 has fet? \u2014va preguntar amb aquell to barreja de paci\u00e8ncia i advert\u00e8ncia. <br \/>\u2014 Res, res\u2026 que hem trobat\u2026 alguna cosa.<br \/>\u2014Una cosa? Qu\u00e8 alguna cosa? Qu\u00e8 t&#8217;has trobat aquest cop? \u2014Ara sonava m\u00e9s interessada.<br \/> \u2014Un sobre. Sota el matal\u00e0s.<br \/> \u2014Un sobre? Quin tipus de sobre? \u2014Aqu\u00ed ja la tenia completament intrigada.     <br \/>\u2014Un sobre gran. Amb\u2026 ja saps, \u201ccoses\u201d dins. <\/p>\n\n<p>Mireia es va quedar en silenci. Puc imaginar perfectament la cara a l&#8217;altra banda del tel\u00e8fon, amb les celles aixecades i aquella barreja de curiositat i resignaci\u00f3 que sempre t\u00e9 quan sap que m&#8217;he ficat en algun embolic. <\/p>\n\n<p>\u2014  <strong>Miquel. Si us plau. Qu\u00e8 hi ha dins del sobre?  <\/strong><br \/>\u2014 Diners. Molts diners. <br \/>\u2014 \u00abMolt\u00bb quant?<br \/>\u2014 Doncs\u2026 m\u00e9s o menys\u2026 uns\u2026 280.000 euros.<\/p>\n\n<p><strong>Pausa dram\u00e0tica.<\/strong>  Podria jurar que fins i tot el rellotge de la cuina va deixar de fer tic-tac en aquell moment.<\/p>\n\n<p>\u2014 QU\u00c8!? \u2014va cridar finalment. <br \/>\u2014S\u00ed, aix\u00f2. Bitllets de 500, de 200, de 50\u2026 un feix darrere l&#8217;altre. \u00c9s una bogeria, Miri.  <br \/>\u2014 Per\u00f2\u2026 de qui \u00e9s?<br \/>\u2014No ho s\u00e9. Estic intentant esbrinar-ho. Estic fent una llista de clients i garbellant, per\u00f2 aix\u00f2 \u00e9s un embolic.  <br \/>\u2014\u00bf I qu\u00e8 penses fer?<br \/>\u2014 Doncs no ho s\u00e9. Primer de tot, guardar els diners a la caixa forta.<br \/> \u2014 D&#8217;acord, aix\u00f2 \u00e9s el primer. i si \u00e9s alg\u00fa perill\u00f3s?   <br \/>\u2014Ja ho he pensat. Estic mirant per la finestra cada dos per tres, com si fossin matons amb ulleres de sol i un malet\u00ed. <\/p>\n\n<p>La Mireia va deixar anar una riallada.<br \/>\u2014 Ai, Miquel! Com et passen aquestes coses? De veritat, el nostre a Mas Torrencito \u00e9s com un reality xou.  <\/p>\n\n<p>Vaig riure nerviosament, per\u00f2 seguia donant voltes a l&#8217;assumpte. Aleshores ella va prendre un to m\u00e9s seri\u00f3s:<br \/> \u2014 Cari, escolta. El m\u00e9s important \u00e9s que ho facis tot amb cap. Si cal avisar alg\u00fa, ho fem. Per\u00f2 calma, d&#8217;acord? Respira.     <br \/>\u2014 D&#8217;acord, d&#8217;acord\u2026 s\u00ed, tens ra\u00f3. Continuar\u00e9 filtrant els clients.<br \/> \u2014 B\u00e9. I no facis cap bogeria, eh? Ni tan sols pensis a quedar-te amb aquests diners.  <br \/>\u2014Per\u00f2 Miri! Com m&#8217;ho quedar\u00e9? No s\u00f3c aix\u00ed\u2026 b\u00e9, potser ho vaig pensar per un segon\u2026 per\u00f2 no. No \u00e9s meu.   <br \/>&#8211; Millor. Perqu\u00e8 si no, ja em veig viatjant amb tu a les Bahames fugint&#8230; <\/p>\n\n<p>Vam riure tots dos, i el seu humor em va ajudar a relaxar-me una mica.<\/p>\n\n<p>\u2014On ets ara? \u2014vaig preguntar. <br \/>\u2014Estic a Olot, sortint d&#8217;un client. En una estona vaig cap a casa. Ja he menjat pa i el menjar per avui. Necessites alguna cosa?   <br \/>\u2014 No, no\u2026 b\u00e9, s\u00ed, porta&#8217;m paci\u00e8ncia i una mica de sentit com\u00fa.<br \/>\u2014Aix\u00f2 t&#8217;ho porto sempre, afecte. Ens veiem en una estona. Petons.  <br \/>\u2014 Petons. I v\u00e9s amb compte amb el cotxe. <\/p>\n\n<h3 class=\"wp-block-heading\"><strong>La calma abans de la tempesta<\/strong> . El sobre sota el matal\u00e0s by MasTorrencito<\/h3>\n\n<p>Vaig penjar el tel\u00e8fon i em vaig quedar assegut a la cuina, mirant el sobre tancat a la meva ment encara que ja estava ben guardat a la caixa forta Mireia tenia ra\u00f3: calia mantenir la calma. Qui es deixa 280.000 euros sota un matal\u00e0s? Com no ho han trobat a faltar? I qu\u00e8 faig jo ara amb tot aix\u00f2?     <\/p>\n\n<p>Va ser llavors quan Mamas i Mastitwo van tornar a la cuina, mirant-me amb aquells ulls que semblen llegir l?\u00e0nima. Em vaig asseure a terra amb elles, acariciant-les mentre la meva ment repassava una vegada i una altra la llista de clients. Havia de resoldre aquest misteri, per\u00f2 sense perdre el seny en el proc\u00e9s.  <\/p>\n\n<p>Vaig cribar i cribar i amb els que em van quedar els vaig enviar el seg\u00fcent missatge: \u00abHem trobat un sobre a l&#8217;habitaci\u00f3, no sabem si \u00e9s teu o \u00e9s important, si creus que \u00e9s teu, si us plau, fes-m&#8217;ho saber&#8230;.\u00bb<\/p>\n\n<p>El sobre, amb els seus 280.000 euros, seguia sent una pres\u00e8ncia constant a la meva ment. L&#8217;havia guardat a la caixa forta, per\u00f2 sentia que em mirava des de lluny, com un imant que atreia la meva atenci\u00f3. <\/p>\n\n<p>Vaig decidir relaxar-me una mica i fer alguna cosa que sempre em calma: <strong>vaig sortir al pati amb els gossos.<\/strong> Va ser llavors quan em va venir una idea que em va canviar el xip del tot.  <\/p>\n\n<h3 class=\"wp-block-heading\"><strong>El dilema moral<\/strong><\/h3>\n\n<p>Vaig tornar a la casa i em vaig asseure davant de l&#8217;ordinador. Havia garbellat els clients, revisat les reserves, descartat desenes de possibles propietaris. Havia intentat ser Sherlock Holmes, per\u00f2 la veritat \u00e9s que no tenia ni idea de qui podia haver deixat aquests diners  <\/p>\n\n<p>Vaig pensar en tot el que aquests diners podrien significar. Era molt de diners, prou per resoldre m\u00e9s d&#8217;un problema a la meva vida, per\u00f2 llavors vaig mirar al voltant de Mas Torrencito. Aquesta casa, plena de vida, plena d&#8217;hist\u00f2ries, de lladrucs i de rialles, no era nom\u00e9s un negoci. Era una llar per als meus gossos, per als que havien passat per aqu\u00ed, i per als clients que buscaven un lloc on sentir-se en pau.     <strong>Els diners no podien ser per a mi.<\/strong>  Si el dest\u00ed havia posat aquest sobre a les meves mans, havia de fer alguna cosa bona amb ell.<\/p>\n\n<p>I aqu\u00ed va ser quan ho vaig tenir clar: <strong>els gossos.<\/strong><\/p>\n<figure class=\"wp-block-post-featured-image\"><img decoding=\"async\" width=\"1024\" height=\"1024\" src=\"https:\/\/mastorrencito.com\/cat\/wp-content\/uploads\/sites\/3\/colchon2.jpg\" class=\"attachment-post-thumbnail size-post-thumbnail wp-post-image\" alt=\"Que habr\u00e1 debajo del colch\u00f3n de MasTorrencito?\" style=\"object-fit:cover;\" srcset=\"https:\/\/mastorrencito.com\/cat\/wp-content\/uploads\/sites\/3\/colchon2.jpg 1024w, https:\/\/mastorrencito.com\/cat\/wp-content\/uploads\/sites\/3\/colchon2-300x300.jpg 300w, https:\/\/mastorrencito.com\/cat\/wp-content\/uploads\/sites\/3\/colchon2-150x150.jpg 150w, https:\/\/mastorrencito.com\/cat\/wp-content\/uploads\/sites\/3\/colchon2-768x768.jpg 768w\" sizes=\"(max-width: 1024px) 100vw, 1024px\" \/><\/figure>\n<h3 class=\"wp-block-heading\"><strong>La decisi\u00f3<\/strong><\/h3>\n\n<p>Aquell mateix dia, a la tarda, quan la Mireia va arribar a casa, ho vaig explicar tot amb p\u00e8ls i senyals. Com vam trobar el sobre, all\u00f2 que contenia, les trucades que vaig fer i l&#8217;estranya veu que vaig sentir. La seva reacci\u00f3 va ser una barreja de sorpresa, incredulitat i, per descomptat, preocupaci\u00f3.  <\/p>\n\n<p>\u2014 Aleshores\u2026 qu\u00e8 fem? \u2014em va preguntar finalment, despr\u00e9s de quedar-se pensativa una estona. <br \/>\u2014 Ho fem servir. Per\u00f2 no pas per a nosaltres. Per ells. Si en una setmana no sabem res&#8230; ho gastem.     <\/p>\n\n<p>Li vaig explicar la meva idea: destinar aquests diners a les associacions i els refugis de gossos. A aquests llocs que lluiten cada dia per cuidar els que no tenen veu, els abandonats, els maltractats. La Mireia va somriure.  <\/p>\n\n<p>\u2014Sabia que diries alguna cosa aix\u00ed \u2014va respondre. \u2014Per aix\u00f2 t&#8217;estimo, Miquel. Perqu\u00e8 encara que sempre et fiques en embolics, el teu cor \u00e9s al lloc correcte.  <\/p>\n\n<p>Vam decidir fer-ho b\u00e9. El primer va ser consultar un advocat per assegurar-nos que tot estava en ordre. Ning\u00fa va reclamar els diners despr\u00e9s de setmanes d&#8217;espera, aix\u00ed que va quedar clar que estava a les nostres mans. , i organitzem un esdeveniment a Mas Torrencito.  <\/p>\n\n<h3 class=\"wp-block-heading\"><strong>El gran dia<\/strong><\/h3>\n\n<p>El dia de l&#8217;esdeveniment, el pati de Mas Torrencito era ple de vida. Persones de diferents associacions van arribar amb els seus gossos, alguns rescatats, d&#8217;altres esperant una fam\u00edlia. Hav\u00edem decidit dividir els diners en diverses donacions, assegurant-nos que arrib\u00e9s als llocs on m\u00e9s es necessitava: menjar, tractaments m\u00e8dics, instal\u00b7lacions millors\u2026  <\/p>\n\n<p>Mamas i Mastitwo estaven emocionats, corretejant entre els convidats, com si entenguessin que aquell dia era especial. La Mireia i jo vam donar unes paraules al final de l&#8217;esdeveniment, explicant com tot havia comen\u00e7at amb un matal\u00e0s i un sobre misteri\u00f3s. La gent reia, per\u00f2 tamb\u00e9 s&#8217;emocionava.  <\/p>\n\n<p>\u2014 Aquests diners no s\u00f3n nostres. \u00c9s d&#8217;ells \u2014vaig dir, assenyalant els gossos que jugaven a la gespa. \u2014 I creiem que no hi ha millor lloc on pugui ser-hi.  <\/p>\n\n<h3 class=\"wp-block-heading\"><strong>El final perfecte<\/strong><\/h3>\n\n<p>Aquella nit, despr\u00e9s que tots se n&#8217;haguessin anat i el silenci torn\u00e9s a regnar a Mas Torrencito, em vaig asseure al sof\u00e0 amb la Mireia i els gossos. Vaig mirar al meu voltant, a casa meva, i vaig sentir una pau que feia temps no sentia. <\/p>\n\n<p>Havia comen\u00e7at com un dia d&#8217;intriga, amb un sobre ple de bitllets amagat sota un matal\u00e0s. Per\u00f2 havia acabat com una cosa molt m\u00e9s gran: un recordatori que la vida sempre ens d\u00f3na l&#8217;oportunitat de fer el b\u00e9, fins i tot en situacions m\u00e9s inesperades. <\/p>\n\n<p>I aix\u00ed, a Mas Torrencito, el lloc on sempre passen coses extraordin\u00e0ries, va quedar escrita una nova hist\u00f2ria. Una hist\u00f2ria que no nom\u00e9s ens va canviar a nosaltres, sin\u00f3 tamb\u00e9 a molts gossos que ara tenien una segona oportunitat. <\/p>\n\n<p><strong>Perqu\u00e8 aqu\u00ed, a Mas Torrencito, els gossos sempre seran els protagonistes.<\/strong>  \ud83d\udc3e \u2764\ufe0f<\/p>\n\n<hr class=\"wp-block-separator has-alpha-channel-opacity\" \/>\n\n<blockquote class=\"wp-block-quote is-layout-flow wp-block-quote-is-layout-flow\">\n<p>Des de MasTorrencito et desitgem un bon dia i que els teus gossos t&#8217;acompanyin!!<\/p>\n<\/blockquote>\n\n<p>\u2014\u2013<br \/> Si vols, pot veure els nostres <strong>bons per caps de setmana, bons jubilats<\/strong> , a un preu incre\u00efble..entra a <a href=\"https:\/\/www.mastorrencito.com\/\">www.mastorrencito.com<\/a> o si vols podeu llegir m\u00e9s hist\u00f2ria i an\u00e8cdotes que ens han passat a Mas Torrencito\u2026 Fes click <a href=\"https:\/\/mastorrencito.com\/es\/\">aqu\u00ed<\/a><\/p>\n","protected":false},"excerpt":{"rendered":"<p>Si he apr\u00e8s alguna cosa a Mas Torrencito \u00e9s que aqu\u00ed no hi ha dies normals. El que \u00e9s extraordinari \u00e9s rutina, i aquell mat\u00ed no va ser l&#8217;excepci\u00f3. El sobre sota el matal\u00e0s by MasTorrencito Era un dilluns qualsevol, d&#8217;aquells en qu\u00e8 el sol entra t\u00edmidament per les finestres i els ocells s&#8217;encarreguen del [&hellip;]<\/p>\n","protected":false},"author":2,"featured_media":3077,"comment_status":"open","ping_status":"closed","sticky":false,"template":"","format":"standard","meta":{"_acf_changed":false,"footnotes":""},"categories":[35],"tags":[47,55,57,42,56],"class_list":["post-3071","post","type-post","status-publish","format-standard","has-post-thumbnail","hentry","category-histories-mastorrencito","tag-gironaconmascotas","tag-turismecostabrava","tag-turismeruralambgossos-3","tag-turismoconmascotas","tag-viatjar-amb-gossos"],"yoast_head":"<!-- This site is optimized with the Yoast SEO Premium plugin v27.3 (Yoast SEO v27.5) - https:\/\/yoast.com\/product\/yoast-seo-premium-wordpress\/ -->\n<title>El sobre sota el matal\u00e0s by MasTorrencito - Mas Torrencito CAT<\/title>\n<meta name=\"description\" content=\"I \u00e9s que un mai no sap qu\u00e8 es pot trobar sota un matal\u00e0s d&#039;un hotel... El sobre sota el matal\u00e0s by MasTorrencito\" \/>\n<meta name=\"robots\" content=\"index, follow, max-snippet:-1, max-image-preview:large, max-video-preview:-1\" \/>\n<link rel=\"canonical\" href=\"https:\/\/mastorrencito.com\/cat\/el-sobre-sota-el-matalas-by-mastorrencito\/\" \/>\n<meta property=\"og:locale\" content=\"es_ES\" \/>\n<meta property=\"og:type\" content=\"article\" \/>\n<meta property=\"og:title\" content=\"El sobre sota el matal\u00e0s by MasTorrencito\" \/>\n<meta property=\"og:description\" content=\"I \u00e9s que un mai no sap qu\u00e8 es pot trobar sota un matal\u00e0s d&#039;un hotel... El sobre sota el matal\u00e0s by MasTorrencito\" \/>\n<meta property=\"og:url\" content=\"https:\/\/mastorrencito.com\/cat\/el-sobre-sota-el-matalas-by-mastorrencito\/\" \/>\n<meta property=\"og:site_name\" content=\"Mas Torrencito CAT\" \/>\n<meta property=\"article:published_time\" content=\"2025-01-05T07:57:09+00:00\" \/>\n<meta property=\"og:image\" content=\"https:\/\/mastorrencito.com\/cat\/wp-content\/uploads\/sites\/3\/colchon2.jpg\" \/>\n\t<meta property=\"og:image:width\" content=\"1024\" \/>\n\t<meta property=\"og:image:height\" content=\"1024\" \/>\n\t<meta property=\"og:image:type\" content=\"image\/jpeg\" \/>\n<meta name=\"author\" content=\"Mastorrencito\" \/>\n<meta name=\"twitter:card\" content=\"summary_large_image\" \/>\n<meta name=\"twitter:label1\" content=\"Escrito por\" \/>\n\t<meta name=\"twitter:data1\" content=\"Mastorrencito\" \/>\n\t<meta name=\"twitter:label2\" content=\"Tiempo de lectura\" \/>\n\t<meta name=\"twitter:data2\" content=\"13 minutos\" \/>\n<script type=\"application\/ld+json\" class=\"yoast-schema-graph\">{\"@context\":\"https:\\\/\\\/schema.org\",\"@graph\":[{\"@type\":\"Article\",\"@id\":\"https:\\\/\\\/mastorrencito.com\\\/cat\\\/el-sobre-sota-el-matalas-by-mastorrencito\\\/#article\",\"isPartOf\":{\"@id\":\"https:\\\/\\\/mastorrencito.com\\\/cat\\\/el-sobre-sota-el-matalas-by-mastorrencito\\\/\"},\"author\":{\"name\":\"Mastorrencito\",\"@id\":\"https:\\\/\\\/mastorrencito.com\\\/#\\\/schema\\\/person\\\/18c619be80d4ae2667c702911625f790\"},\"headline\":\"El sobre sota el matal\u00e0s by MasTorrencito\",\"datePublished\":\"2025-01-05T07:57:09+00:00\",\"mainEntityOfPage\":{\"@id\":\"https:\\\/\\\/mastorrencito.com\\\/cat\\\/el-sobre-sota-el-matalas-by-mastorrencito\\\/\"},\"wordCount\":2684,\"commentCount\":1,\"publisher\":{\"@id\":\"https:\\\/\\\/mastorrencito.com\\\/#organization\"},\"image\":{\"@id\":\"https:\\\/\\\/mastorrencito.com\\\/cat\\\/el-sobre-sota-el-matalas-by-mastorrencito\\\/#primaryimage\"},\"thumbnailUrl\":\"https:\\\/\\\/mastorrencito.com\\\/cat\\\/wp-content\\\/uploads\\\/sites\\\/3\\\/colchon2.jpg\",\"keywords\":[\"Gironaconmascotas\",\"turismecostabrava\",\"turismeruralambgossos\",\"turismoconmascotas\",\"viatjar amb gossos\"],\"articleSection\":[\"Hist\u00f2ries Mastorrencito\"],\"inLanguage\":\"es\",\"potentialAction\":[{\"@type\":\"CommentAction\",\"name\":\"Comment\",\"target\":[\"https:\\\/\\\/mastorrencito.com\\\/cat\\\/el-sobre-sota-el-matalas-by-mastorrencito\\\/#respond\"]}]},{\"@type\":\"WebPage\",\"@id\":\"https:\\\/\\\/mastorrencito.com\\\/cat\\\/el-sobre-sota-el-matalas-by-mastorrencito\\\/\",\"url\":\"https:\\\/\\\/mastorrencito.com\\\/cat\\\/el-sobre-sota-el-matalas-by-mastorrencito\\\/\",\"name\":\"El sobre sota el matal\u00e0s by MasTorrencito - Mas Torrencito CAT\",\"isPartOf\":{\"@id\":\"https:\\\/\\\/mastorrencito.com\\\/#website\"},\"primaryImageOfPage\":{\"@id\":\"https:\\\/\\\/mastorrencito.com\\\/cat\\\/el-sobre-sota-el-matalas-by-mastorrencito\\\/#primaryimage\"},\"image\":{\"@id\":\"https:\\\/\\\/mastorrencito.com\\\/cat\\\/el-sobre-sota-el-matalas-by-mastorrencito\\\/#primaryimage\"},\"thumbnailUrl\":\"https:\\\/\\\/mastorrencito.com\\\/cat\\\/wp-content\\\/uploads\\\/sites\\\/3\\\/colchon2.jpg\",\"datePublished\":\"2025-01-05T07:57:09+00:00\",\"description\":\"I \u00e9s que un mai no sap qu\u00e8 es pot trobar sota un matal\u00e0s d'un hotel... El sobre sota el matal\u00e0s by MasTorrencito\",\"breadcrumb\":{\"@id\":\"https:\\\/\\\/mastorrencito.com\\\/cat\\\/el-sobre-sota-el-matalas-by-mastorrencito\\\/#breadcrumb\"},\"inLanguage\":\"es\",\"potentialAction\":[{\"@type\":\"ReadAction\",\"target\":[\"https:\\\/\\\/mastorrencito.com\\\/cat\\\/el-sobre-sota-el-matalas-by-mastorrencito\\\/\"]}]},{\"@type\":\"ImageObject\",\"inLanguage\":\"es\",\"@id\":\"https:\\\/\\\/mastorrencito.com\\\/cat\\\/el-sobre-sota-el-matalas-by-mastorrencito\\\/#primaryimage\",\"url\":\"https:\\\/\\\/mastorrencito.com\\\/cat\\\/wp-content\\\/uploads\\\/sites\\\/3\\\/colchon2.jpg\",\"contentUrl\":\"https:\\\/\\\/mastorrencito.com\\\/cat\\\/wp-content\\\/uploads\\\/sites\\\/3\\\/colchon2.jpg\",\"width\":1024,\"height\":1024,\"caption\":\"Que habr\u00e1 debajo del colch\u00f3n de MasTorrencito?\"},{\"@type\":\"BreadcrumbList\",\"@id\":\"https:\\\/\\\/mastorrencito.com\\\/cat\\\/el-sobre-sota-el-matalas-by-mastorrencito\\\/#breadcrumb\",\"itemListElement\":[{\"@type\":\"ListItem\",\"position\":1,\"name\":\"Portada\",\"item\":\"https:\\\/\\\/mastorrencito.com\\\/\"},{\"@type\":\"ListItem\",\"position\":2,\"name\":\"El sobre sota el matal\u00e0s by MasTorrencito\"}]},{\"@type\":\"WebSite\",\"@id\":\"https:\\\/\\\/mastorrencito.com\\\/#website\",\"url\":\"https:\\\/\\\/mastorrencito.com\\\/\",\"name\":\"Mas Torrencito CAT\",\"description\":\"Casa rural pet friendly en Girona\",\"publisher\":{\"@id\":\"https:\\\/\\\/mastorrencito.com\\\/#organization\"},\"potentialAction\":[{\"@type\":\"SearchAction\",\"target\":{\"@type\":\"EntryPoint\",\"urlTemplate\":\"https:\\\/\\\/mastorrencito.com\\\/?s={search_term_string}\"},\"query-input\":{\"@type\":\"PropertyValueSpecification\",\"valueRequired\":true,\"valueName\":\"search_term_string\"}}],\"inLanguage\":\"es\"},{\"@type\":\"Organization\",\"@id\":\"https:\\\/\\\/mastorrencito.com\\\/#organization\",\"name\":\"Mas Torrencito CAT\",\"url\":\"https:\\\/\\\/mastorrencito.com\\\/\",\"logo\":{\"@type\":\"ImageObject\",\"inLanguage\":\"es\",\"@id\":\"https:\\\/\\\/mastorrencito.com\\\/#\\\/schema\\\/logo\\\/image\\\/\",\"url\":\"https:\\\/\\\/mastorrencito.com\\\/cat\\\/wp-content\\\/uploads\\\/sites\\\/3\\\/Logo-Mastorrencito-horizontal.webp\",\"contentUrl\":\"https:\\\/\\\/mastorrencito.com\\\/cat\\\/wp-content\\\/uploads\\\/sites\\\/3\\\/Logo-Mastorrencito-horizontal.webp\",\"width\":161,\"height\":54,\"caption\":\"Mas Torrencito CAT\"},\"image\":{\"@id\":\"https:\\\/\\\/mastorrencito.com\\\/#\\\/schema\\\/logo\\\/image\\\/\"}},{\"@type\":\"Person\",\"@id\":\"https:\\\/\\\/mastorrencito.com\\\/#\\\/schema\\\/person\\\/18c619be80d4ae2667c702911625f790\",\"name\":\"Mastorrencito\",\"image\":{\"@type\":\"ImageObject\",\"inLanguage\":\"es\",\"@id\":\"https:\\\/\\\/secure.gravatar.com\\\/avatar\\\/3ef55e0519f987a734c21caee1423b51df7b760b7d81a38ecd31cab0a5115f6d?s=96&d=mm&r=g\",\"url\":\"https:\\\/\\\/secure.gravatar.com\\\/avatar\\\/3ef55e0519f987a734c21caee1423b51df7b760b7d81a38ecd31cab0a5115f6d?s=96&d=mm&r=g\",\"contentUrl\":\"https:\\\/\\\/secure.gravatar.com\\\/avatar\\\/3ef55e0519f987a734c21caee1423b51df7b760b7d81a38ecd31cab0a5115f6d?s=96&d=mm&r=g\",\"caption\":\"Mastorrencito\"},\"url\":\"https:\\\/\\\/mastorrencito.com\\\/cat\\\/author\\\/mastorrencito\\\/\"}]}<\/script>\n<!-- \/ Yoast SEO Premium plugin. -->","yoast_head_json":{"title":"El sobre sota el matal\u00e0s by MasTorrencito - Mas Torrencito CAT","description":"I \u00e9s que un mai no sap qu\u00e8 es pot trobar sota un matal\u00e0s d'un hotel... El sobre sota el matal\u00e0s by MasTorrencito","robots":{"index":"index","follow":"follow","max-snippet":"max-snippet:-1","max-image-preview":"max-image-preview:large","max-video-preview":"max-video-preview:-1"},"canonical":"https:\/\/mastorrencito.com\/cat\/el-sobre-sota-el-matalas-by-mastorrencito\/","og_locale":"es_ES","og_type":"article","og_title":"El sobre sota el matal\u00e0s by MasTorrencito","og_description":"I \u00e9s que un mai no sap qu\u00e8 es pot trobar sota un matal\u00e0s d'un hotel... El sobre sota el matal\u00e0s by MasTorrencito","og_url":"https:\/\/mastorrencito.com\/cat\/el-sobre-sota-el-matalas-by-mastorrencito\/","og_site_name":"Mas Torrencito CAT","article_published_time":"2025-01-05T07:57:09+00:00","og_image":[{"width":1024,"height":1024,"url":"https:\/\/mastorrencito.com\/cat\/wp-content\/uploads\/sites\/3\/colchon2.jpg","type":"image\/jpeg"}],"author":"Mastorrencito","twitter_card":"summary_large_image","twitter_misc":{"Escrito por":"Mastorrencito","Tiempo de lectura":"13 minutos"},"schema":{"@context":"https:\/\/schema.org","@graph":[{"@type":"Article","@id":"https:\/\/mastorrencito.com\/cat\/el-sobre-sota-el-matalas-by-mastorrencito\/#article","isPartOf":{"@id":"https:\/\/mastorrencito.com\/cat\/el-sobre-sota-el-matalas-by-mastorrencito\/"},"author":{"name":"Mastorrencito","@id":"https:\/\/mastorrencito.com\/#\/schema\/person\/18c619be80d4ae2667c702911625f790"},"headline":"El sobre sota el matal\u00e0s by MasTorrencito","datePublished":"2025-01-05T07:57:09+00:00","mainEntityOfPage":{"@id":"https:\/\/mastorrencito.com\/cat\/el-sobre-sota-el-matalas-by-mastorrencito\/"},"wordCount":2684,"commentCount":1,"publisher":{"@id":"https:\/\/mastorrencito.com\/#organization"},"image":{"@id":"https:\/\/mastorrencito.com\/cat\/el-sobre-sota-el-matalas-by-mastorrencito\/#primaryimage"},"thumbnailUrl":"https:\/\/mastorrencito.com\/cat\/wp-content\/uploads\/sites\/3\/colchon2.jpg","keywords":["Gironaconmascotas","turismecostabrava","turismeruralambgossos","turismoconmascotas","viatjar amb gossos"],"articleSection":["Hist\u00f2ries Mastorrencito"],"inLanguage":"es","potentialAction":[{"@type":"CommentAction","name":"Comment","target":["https:\/\/mastorrencito.com\/cat\/el-sobre-sota-el-matalas-by-mastorrencito\/#respond"]}]},{"@type":"WebPage","@id":"https:\/\/mastorrencito.com\/cat\/el-sobre-sota-el-matalas-by-mastorrencito\/","url":"https:\/\/mastorrencito.com\/cat\/el-sobre-sota-el-matalas-by-mastorrencito\/","name":"El sobre sota el matal\u00e0s by MasTorrencito - Mas Torrencito CAT","isPartOf":{"@id":"https:\/\/mastorrencito.com\/#website"},"primaryImageOfPage":{"@id":"https:\/\/mastorrencito.com\/cat\/el-sobre-sota-el-matalas-by-mastorrencito\/#primaryimage"},"image":{"@id":"https:\/\/mastorrencito.com\/cat\/el-sobre-sota-el-matalas-by-mastorrencito\/#primaryimage"},"thumbnailUrl":"https:\/\/mastorrencito.com\/cat\/wp-content\/uploads\/sites\/3\/colchon2.jpg","datePublished":"2025-01-05T07:57:09+00:00","description":"I \u00e9s que un mai no sap qu\u00e8 es pot trobar sota un matal\u00e0s d'un hotel... El sobre sota el matal\u00e0s by MasTorrencito","breadcrumb":{"@id":"https:\/\/mastorrencito.com\/cat\/el-sobre-sota-el-matalas-by-mastorrencito\/#breadcrumb"},"inLanguage":"es","potentialAction":[{"@type":"ReadAction","target":["https:\/\/mastorrencito.com\/cat\/el-sobre-sota-el-matalas-by-mastorrencito\/"]}]},{"@type":"ImageObject","inLanguage":"es","@id":"https:\/\/mastorrencito.com\/cat\/el-sobre-sota-el-matalas-by-mastorrencito\/#primaryimage","url":"https:\/\/mastorrencito.com\/cat\/wp-content\/uploads\/sites\/3\/colchon2.jpg","contentUrl":"https:\/\/mastorrencito.com\/cat\/wp-content\/uploads\/sites\/3\/colchon2.jpg","width":1024,"height":1024,"caption":"Que habr\u00e1 debajo del colch\u00f3n de MasTorrencito?"},{"@type":"BreadcrumbList","@id":"https:\/\/mastorrencito.com\/cat\/el-sobre-sota-el-matalas-by-mastorrencito\/#breadcrumb","itemListElement":[{"@type":"ListItem","position":1,"name":"Portada","item":"https:\/\/mastorrencito.com\/"},{"@type":"ListItem","position":2,"name":"El sobre sota el matal\u00e0s by MasTorrencito"}]},{"@type":"WebSite","@id":"https:\/\/mastorrencito.com\/#website","url":"https:\/\/mastorrencito.com\/","name":"Mas Torrencito CAT","description":"Casa rural pet friendly en Girona","publisher":{"@id":"https:\/\/mastorrencito.com\/#organization"},"potentialAction":[{"@type":"SearchAction","target":{"@type":"EntryPoint","urlTemplate":"https:\/\/mastorrencito.com\/?s={search_term_string}"},"query-input":{"@type":"PropertyValueSpecification","valueRequired":true,"valueName":"search_term_string"}}],"inLanguage":"es"},{"@type":"Organization","@id":"https:\/\/mastorrencito.com\/#organization","name":"Mas Torrencito CAT","url":"https:\/\/mastorrencito.com\/","logo":{"@type":"ImageObject","inLanguage":"es","@id":"https:\/\/mastorrencito.com\/#\/schema\/logo\/image\/","url":"https:\/\/mastorrencito.com\/cat\/wp-content\/uploads\/sites\/3\/Logo-Mastorrencito-horizontal.webp","contentUrl":"https:\/\/mastorrencito.com\/cat\/wp-content\/uploads\/sites\/3\/Logo-Mastorrencito-horizontal.webp","width":161,"height":54,"caption":"Mas Torrencito CAT"},"image":{"@id":"https:\/\/mastorrencito.com\/#\/schema\/logo\/image\/"}},{"@type":"Person","@id":"https:\/\/mastorrencito.com\/#\/schema\/person\/18c619be80d4ae2667c702911625f790","name":"Mastorrencito","image":{"@type":"ImageObject","inLanguage":"es","@id":"https:\/\/secure.gravatar.com\/avatar\/3ef55e0519f987a734c21caee1423b51df7b760b7d81a38ecd31cab0a5115f6d?s=96&d=mm&r=g","url":"https:\/\/secure.gravatar.com\/avatar\/3ef55e0519f987a734c21caee1423b51df7b760b7d81a38ecd31cab0a5115f6d?s=96&d=mm&r=g","contentUrl":"https:\/\/secure.gravatar.com\/avatar\/3ef55e0519f987a734c21caee1423b51df7b760b7d81a38ecd31cab0a5115f6d?s=96&d=mm&r=g","caption":"Mastorrencito"},"url":"https:\/\/mastorrencito.com\/cat\/author\/mastorrencito\/"}]}},"acf":[],"_links":{"self":[{"href":"https:\/\/mastorrencito.com\/cat\/wp-json\/wp\/v2\/posts\/3071","targetHints":{"allow":["GET"]}}],"collection":[{"href":"https:\/\/mastorrencito.com\/cat\/wp-json\/wp\/v2\/posts"}],"about":[{"href":"https:\/\/mastorrencito.com\/cat\/wp-json\/wp\/v2\/types\/post"}],"author":[{"embeddable":true,"href":"https:\/\/mastorrencito.com\/cat\/wp-json\/wp\/v2\/users\/2"}],"replies":[{"embeddable":true,"href":"https:\/\/mastorrencito.com\/cat\/wp-json\/wp\/v2\/comments?post=3071"}],"version-history":[{"count":0,"href":"https:\/\/mastorrencito.com\/cat\/wp-json\/wp\/v2\/posts\/3071\/revisions"}],"wp:featuredmedia":[{"embeddable":true,"href":"https:\/\/mastorrencito.com\/cat\/wp-json\/wp\/v2\/media\/3077"}],"wp:attachment":[{"href":"https:\/\/mastorrencito.com\/cat\/wp-json\/wp\/v2\/media?parent=3071"}],"wp:term":[{"taxonomy":"category","embeddable":true,"href":"https:\/\/mastorrencito.com\/cat\/wp-json\/wp\/v2\/categories?post=3071"},{"taxonomy":"post_tag","embeddable":true,"href":"https:\/\/mastorrencito.com\/cat\/wp-json\/wp\/v2\/tags?post=3071"}],"curies":[{"name":"wp","href":"https:\/\/api.w.org\/{rel}","templated":true}]}}