{"id":3049,"date":"2025-01-02T06:09:44","date_gmt":"2025-01-02T06:09:44","guid":{"rendered":"https:\/\/casaruralconperrosgirona.com\/i-avui-es-el-dia-m\/"},"modified":"2025-01-02T06:09:44","modified_gmt":"2025-01-02T06:09:44","slug":"i-avui-es-el-dia-m","status":"publish","type":"post","link":"https:\/\/mastorrencito.com\/cat\/i-avui-es-el-dia-m\/","title":{"rendered":"I avui \u00e9s el dia\u2026 M"},"content":{"rendered":"\n<p>M de MasTorret, M de M<\/p>\n\n<p>Avui pot passar de tot. Avui \u00e9s un dia que marcar\u00e0 un abans i un despr\u00e9s per <strong>a Mas Torrencito<\/strong> . Ser\u00e0 el principi d&#8217;una cosa gran o el final d&#8217;un cap\u00edtol que mai no s&#8217;hauria d&#8217;escriure? No ho s\u00e9, ning\u00fa no ho sap. Per\u00f2 avui, finalment, ho sabrem.    <\/p>\n\n<p>Les preguntes s&#8217;hi acumulen. Quines intencions t\u00e9 laltra part? Ser\u00e0 un gest, una paraula, o un silenci el que determini el desenlla\u00e7? Quin paper jugarem nosaltres en tot aix\u00f2? \u00c9s un misteri, un que ni tan sols jo puc desentranyar. Nom\u00e9s el temps, i potser aquest dia, ens podr\u00e0 mostrar la veritat.     <\/p>\n<figure class=\"wp-block-post-featured-image\"><img fetchpriority=\"high\" decoding=\"async\" width=\"2560\" height=\"1707\" src=\"https:\/\/mastorrencito.com\/cat\/wp-content\/uploads\/sites\/3\/15_TTF7726_W-scaled-2.jpg\" class=\"attachment-post-thumbnail size-post-thumbnail wp-post-image\" alt=\"MasTorrencito turismo rural petfriendly Girona\" style=\"object-fit:cover;\" srcset=\"https:\/\/mastorrencito.com\/cat\/wp-content\/uploads\/sites\/3\/15_TTF7726_W-scaled-2.jpg 2560w, https:\/\/mastorrencito.com\/cat\/wp-content\/uploads\/sites\/3\/15_TTF7726_W-scaled-2-300x200.jpg 300w, https:\/\/mastorrencito.com\/cat\/wp-content\/uploads\/sites\/3\/15_TTF7726_W-scaled-2-1024x683.jpg 1024w, https:\/\/mastorrencito.com\/cat\/wp-content\/uploads\/sites\/3\/15_TTF7726_W-scaled-2-768x512.jpg 768w, https:\/\/mastorrencito.com\/cat\/wp-content\/uploads\/sites\/3\/15_TTF7726_W-scaled-2-1536x1024.jpg 1536w, https:\/\/mastorrencito.com\/cat\/wp-content\/uploads\/sites\/3\/15_TTF7726_W-scaled-2-2048x1366.jpg 2048w\" sizes=\"(max-width: 2560px) 100vw, 2560px\" \/><\/figure>\n<p>No puc dir m\u00e9s, no pas perqu\u00e8 no vulgui, sin\u00f3 perqu\u00e8 ni tan sols jo s\u00e9 qu\u00e8 passar\u00e0. Hi ha tantes possibilitats com camins en un bosc desconegut. Per\u00f2 el que s\u00ed que puc assegurar \u00e9s que alguna cosa es mour\u00e0. Alguna cosa canviar\u00e0.   <\/p>\n\n<p>Ser\u00e0 aix\u00f2 una casualitat o el dest\u00ed trucant a la porta? Serem testimonis d\u00b4un gir inesperat o simplement d\u00b4un dia que passar\u00e0 desapercebut per a la resta, per\u00f2 no per a nosaltres? Les respostes hi s\u00f3n, esperant ser descobertes. I encara que ara tot siguin interrogants, aviat ho sabrem.   <\/p>\n\n<p>Passi el que passi, ja us explicar\u00e9. Per\u00f2 ara com ara, queda la incertesa. En queda el dubte. Queda el misteri del que pot ser\u2026 o no.   <\/p>\n\n<p>Esteu a punt per saber-ho? Jo tampoc. Per\u00f2 el moment \u00e9s a prop. Molt a prop.   <\/p>\n\n<hr class=\"wp-block-separator has-alpha-channel-opacity\" \/>\n\n<blockquote class=\"wp-block-quote is-layout-flow wp-block-quote-is-layout-flow\">\n<p>Des de MasTorrencito et desitgem un bon dia i que els teus gossos t&#8217;acompanyin!!!!<\/p>\n<\/blockquote>\n\n<p>\u2014\u2013<br \/> Si vols, pot veure els nostres <strong>bons per caps de setmana, bons jubilats<\/strong> , a un preu incre\u00efble..entra a <a href=\"https:\/\/www.mastorrencito.com\/\">www.mastorrencito.com<\/a> o si vols podeu llegir m\u00e9s hist\u00f2ria i an\u00e8cdotes que ens han passat a Mas Torrencito\u2026 Fes click <a href=\"https:\/\/mastorrencito.com\/\">aqu\u00ed<\/a><\/p>\n","protected":false},"excerpt":{"rendered":"<p>M de MasTorret, M de M Avui pot passar de tot. Avui \u00e9s un dia que marcar\u00e0 un abans i un despr\u00e9s per a Mas Torrencito . Ser\u00e0 el principi d&#8217;una cosa gran o el final d&#8217;un cap\u00edtol que mai no s&#8217;hauria d&#8217;escriure? No ho s\u00e9, ning\u00fa no ho sap. Per\u00f2 avui, finalment, ho sabrem. [&hellip;]<\/p>\n","protected":false},"author":2,"featured_media":2969,"comment_status":"open","ping_status":"closed","sticky":false,"template":"","format":"standard","meta":{"_acf_changed":false,"footnotes":""},"categories":[35],"tags":[],"class_list":["post-3049","post","type-post","status-publish","format-standard","has-post-thumbnail","hentry","category-histories-mastorrencito"],"yoast_head":"<!-- This site is optimized with the Yoast SEO Premium plugin v27.3 (Yoast SEO v27.5) - https:\/\/yoast.com\/product\/yoast-seo-premium-wordpress\/ -->\n<title>I avui \u00e9s el dia\u2026 M - Mas Torrencito CAT<\/title>\n<meta name=\"description\" content=\"I avui \u00e9s el dia que pot ser el princi o el final o potser la continu\u00eftat de la normalitat. Ja es veur\u00e0.....\" \/>\n<meta name=\"robots\" content=\"index, follow, max-snippet:-1, max-image-preview:large, max-video-preview:-1\" \/>\n<link rel=\"canonical\" href=\"https:\/\/mastorrencito.com\/cat\/i-avui-es-el-dia-m\/\" \/>\n<meta property=\"og:locale\" content=\"es_ES\" \/>\n<meta property=\"og:type\" content=\"article\" \/>\n<meta property=\"og:title\" content=\"I avui \u00e9s el dia\u2026 M\" \/>\n<meta property=\"og:description\" content=\"I avui \u00e9s el dia que pot ser el princi o el final o potser la continu\u00eftat de la normalitat. Ja es veur\u00e0.....\" \/>\n<meta property=\"og:url\" content=\"https:\/\/mastorrencito.com\/cat\/i-avui-es-el-dia-m\/\" \/>\n<meta property=\"og:site_name\" content=\"Mas Torrencito CAT\" \/>\n<meta property=\"article:published_time\" content=\"2025-01-02T06:09:44+00:00\" \/>\n<meta property=\"og:image\" content=\"https:\/\/mastorrencito.com\/cat\/wp-content\/uploads\/sites\/3\/15_TTF7726_W-scaled-2.jpg\" \/>\n\t<meta property=\"og:image:width\" content=\"2560\" \/>\n\t<meta property=\"og:image:height\" content=\"1707\" \/>\n\t<meta property=\"og:image:type\" content=\"image\/jpeg\" \/>\n<meta name=\"author\" content=\"Mastorrencito\" \/>\n<meta name=\"twitter:card\" content=\"summary_large_image\" \/>\n<meta name=\"twitter:label1\" content=\"Escrito por\" \/>\n\t<meta name=\"twitter:data1\" content=\"Mastorrencito\" \/>\n\t<meta name=\"twitter:label2\" content=\"Tiempo de lectura\" \/>\n\t<meta name=\"twitter:data2\" content=\"2 minutos\" \/>\n<script type=\"application\/ld+json\" class=\"yoast-schema-graph\">{\"@context\":\"https:\\\/\\\/schema.org\",\"@graph\":[{\"@type\":\"Article\",\"@id\":\"https:\\\/\\\/mastorrencito.com\\\/cat\\\/i-avui-es-el-dia-m\\\/#article\",\"isPartOf\":{\"@id\":\"https:\\\/\\\/mastorrencito.com\\\/cat\\\/i-avui-es-el-dia-m\\\/\"},\"author\":{\"name\":\"Mastorrencito\",\"@id\":\"https:\\\/\\\/mastorrencito.com\\\/#\\\/schema\\\/person\\\/18c619be80d4ae2667c702911625f790\"},\"headline\":\"I avui \u00e9s el dia\u2026 M\",\"datePublished\":\"2025-01-02T06:09:44+00:00\",\"mainEntityOfPage\":{\"@id\":\"https:\\\/\\\/mastorrencito.com\\\/cat\\\/i-avui-es-el-dia-m\\\/\"},\"wordCount\":320,\"commentCount\":1,\"publisher\":{\"@id\":\"https:\\\/\\\/mastorrencito.com\\\/#organization\"},\"image\":{\"@id\":\"https:\\\/\\\/mastorrencito.com\\\/cat\\\/i-avui-es-el-dia-m\\\/#primaryimage\"},\"thumbnailUrl\":\"https:\\\/\\\/mastorrencito.com\\\/cat\\\/wp-content\\\/uploads\\\/sites\\\/3\\\/15_TTF7726_W-scaled-2.jpg\",\"articleSection\":[\"Hist\u00f2ries Mastorrencito\"],\"inLanguage\":\"es\",\"potentialAction\":[{\"@type\":\"CommentAction\",\"name\":\"Comment\",\"target\":[\"https:\\\/\\\/mastorrencito.com\\\/cat\\\/i-avui-es-el-dia-m\\\/#respond\"]}]},{\"@type\":\"WebPage\",\"@id\":\"https:\\\/\\\/mastorrencito.com\\\/cat\\\/i-avui-es-el-dia-m\\\/\",\"url\":\"https:\\\/\\\/mastorrencito.com\\\/cat\\\/i-avui-es-el-dia-m\\\/\",\"name\":\"I avui \u00e9s el dia\u2026 M - Mas Torrencito CAT\",\"isPartOf\":{\"@id\":\"https:\\\/\\\/mastorrencito.com\\\/#website\"},\"primaryImageOfPage\":{\"@id\":\"https:\\\/\\\/mastorrencito.com\\\/cat\\\/i-avui-es-el-dia-m\\\/#primaryimage\"},\"image\":{\"@id\":\"https:\\\/\\\/mastorrencito.com\\\/cat\\\/i-avui-es-el-dia-m\\\/#primaryimage\"},\"thumbnailUrl\":\"https:\\\/\\\/mastorrencito.com\\\/cat\\\/wp-content\\\/uploads\\\/sites\\\/3\\\/15_TTF7726_W-scaled-2.jpg\",\"datePublished\":\"2025-01-02T06:09:44+00:00\",\"description\":\"I avui \u00e9s el dia que pot ser el princi o el final o potser la continu\u00eftat de la normalitat. Ja es veur\u00e0.....\",\"breadcrumb\":{\"@id\":\"https:\\\/\\\/mastorrencito.com\\\/cat\\\/i-avui-es-el-dia-m\\\/#breadcrumb\"},\"inLanguage\":\"es\",\"potentialAction\":[{\"@type\":\"ReadAction\",\"target\":[\"https:\\\/\\\/mastorrencito.com\\\/cat\\\/i-avui-es-el-dia-m\\\/\"]}]},{\"@type\":\"ImageObject\",\"inLanguage\":\"es\",\"@id\":\"https:\\\/\\\/mastorrencito.com\\\/cat\\\/i-avui-es-el-dia-m\\\/#primaryimage\",\"url\":\"https:\\\/\\\/mastorrencito.com\\\/cat\\\/wp-content\\\/uploads\\\/sites\\\/3\\\/15_TTF7726_W-scaled-2.jpg\",\"contentUrl\":\"https:\\\/\\\/mastorrencito.com\\\/cat\\\/wp-content\\\/uploads\\\/sites\\\/3\\\/15_TTF7726_W-scaled-2.jpg\",\"width\":2560,\"height\":1707,\"caption\":\"MasTorrencito turismo rural petfriendly Girona\"},{\"@type\":\"BreadcrumbList\",\"@id\":\"https:\\\/\\\/mastorrencito.com\\\/cat\\\/i-avui-es-el-dia-m\\\/#breadcrumb\",\"itemListElement\":[{\"@type\":\"ListItem\",\"position\":1,\"name\":\"Portada\",\"item\":\"https:\\\/\\\/mastorrencito.com\\\/\"},{\"@type\":\"ListItem\",\"position\":2,\"name\":\"I avui \u00e9s el dia\u2026 M\"}]},{\"@type\":\"WebSite\",\"@id\":\"https:\\\/\\\/mastorrencito.com\\\/#website\",\"url\":\"https:\\\/\\\/mastorrencito.com\\\/\",\"name\":\"Mas Torrencito CAT\",\"description\":\"Casa rural pet friendly en Girona\",\"publisher\":{\"@id\":\"https:\\\/\\\/mastorrencito.com\\\/#organization\"},\"potentialAction\":[{\"@type\":\"SearchAction\",\"target\":{\"@type\":\"EntryPoint\",\"urlTemplate\":\"https:\\\/\\\/mastorrencito.com\\\/?s={search_term_string}\"},\"query-input\":{\"@type\":\"PropertyValueSpecification\",\"valueRequired\":true,\"valueName\":\"search_term_string\"}}],\"inLanguage\":\"es\"},{\"@type\":\"Organization\",\"@id\":\"https:\\\/\\\/mastorrencito.com\\\/#organization\",\"name\":\"Mas Torrencito CAT\",\"url\":\"https:\\\/\\\/mastorrencito.com\\\/\",\"logo\":{\"@type\":\"ImageObject\",\"inLanguage\":\"es\",\"@id\":\"https:\\\/\\\/mastorrencito.com\\\/#\\\/schema\\\/logo\\\/image\\\/\",\"url\":\"https:\\\/\\\/mastorrencito.com\\\/cat\\\/wp-content\\\/uploads\\\/sites\\\/3\\\/Logo-Mastorrencito-horizontal.webp\",\"contentUrl\":\"https:\\\/\\\/mastorrencito.com\\\/cat\\\/wp-content\\\/uploads\\\/sites\\\/3\\\/Logo-Mastorrencito-horizontal.webp\",\"width\":161,\"height\":54,\"caption\":\"Mas Torrencito CAT\"},\"image\":{\"@id\":\"https:\\\/\\\/mastorrencito.com\\\/#\\\/schema\\\/logo\\\/image\\\/\"}},{\"@type\":\"Person\",\"@id\":\"https:\\\/\\\/mastorrencito.com\\\/#\\\/schema\\\/person\\\/18c619be80d4ae2667c702911625f790\",\"name\":\"Mastorrencito\",\"image\":{\"@type\":\"ImageObject\",\"inLanguage\":\"es\",\"@id\":\"https:\\\/\\\/secure.gravatar.com\\\/avatar\\\/3ef55e0519f987a734c21caee1423b51df7b760b7d81a38ecd31cab0a5115f6d?s=96&d=mm&r=g\",\"url\":\"https:\\\/\\\/secure.gravatar.com\\\/avatar\\\/3ef55e0519f987a734c21caee1423b51df7b760b7d81a38ecd31cab0a5115f6d?s=96&d=mm&r=g\",\"contentUrl\":\"https:\\\/\\\/secure.gravatar.com\\\/avatar\\\/3ef55e0519f987a734c21caee1423b51df7b760b7d81a38ecd31cab0a5115f6d?s=96&d=mm&r=g\",\"caption\":\"Mastorrencito\"},\"url\":\"https:\\\/\\\/mastorrencito.com\\\/cat\\\/author\\\/mastorrencito\\\/\"}]}<\/script>\n<!-- \/ Yoast SEO Premium plugin. -->","yoast_head_json":{"title":"I avui \u00e9s el dia\u2026 M - Mas Torrencito CAT","description":"I avui \u00e9s el dia que pot ser el princi o el final o potser la continu\u00eftat de la normalitat. Ja es veur\u00e0.....","robots":{"index":"index","follow":"follow","max-snippet":"max-snippet:-1","max-image-preview":"max-image-preview:large","max-video-preview":"max-video-preview:-1"},"canonical":"https:\/\/mastorrencito.com\/cat\/i-avui-es-el-dia-m\/","og_locale":"es_ES","og_type":"article","og_title":"I avui \u00e9s el dia\u2026 M","og_description":"I avui \u00e9s el dia que pot ser el princi o el final o potser la continu\u00eftat de la normalitat. Ja es veur\u00e0.....","og_url":"https:\/\/mastorrencito.com\/cat\/i-avui-es-el-dia-m\/","og_site_name":"Mas Torrencito CAT","article_published_time":"2025-01-02T06:09:44+00:00","og_image":[{"width":2560,"height":1707,"url":"https:\/\/mastorrencito.com\/cat\/wp-content\/uploads\/sites\/3\/15_TTF7726_W-scaled-2.jpg","type":"image\/jpeg"}],"author":"Mastorrencito","twitter_card":"summary_large_image","twitter_misc":{"Escrito por":"Mastorrencito","Tiempo de lectura":"2 minutos"},"schema":{"@context":"https:\/\/schema.org","@graph":[{"@type":"Article","@id":"https:\/\/mastorrencito.com\/cat\/i-avui-es-el-dia-m\/#article","isPartOf":{"@id":"https:\/\/mastorrencito.com\/cat\/i-avui-es-el-dia-m\/"},"author":{"name":"Mastorrencito","@id":"https:\/\/mastorrencito.com\/#\/schema\/person\/18c619be80d4ae2667c702911625f790"},"headline":"I avui \u00e9s el dia\u2026 M","datePublished":"2025-01-02T06:09:44+00:00","mainEntityOfPage":{"@id":"https:\/\/mastorrencito.com\/cat\/i-avui-es-el-dia-m\/"},"wordCount":320,"commentCount":1,"publisher":{"@id":"https:\/\/mastorrencito.com\/#organization"},"image":{"@id":"https:\/\/mastorrencito.com\/cat\/i-avui-es-el-dia-m\/#primaryimage"},"thumbnailUrl":"https:\/\/mastorrencito.com\/cat\/wp-content\/uploads\/sites\/3\/15_TTF7726_W-scaled-2.jpg","articleSection":["Hist\u00f2ries Mastorrencito"],"inLanguage":"es","potentialAction":[{"@type":"CommentAction","name":"Comment","target":["https:\/\/mastorrencito.com\/cat\/i-avui-es-el-dia-m\/#respond"]}]},{"@type":"WebPage","@id":"https:\/\/mastorrencito.com\/cat\/i-avui-es-el-dia-m\/","url":"https:\/\/mastorrencito.com\/cat\/i-avui-es-el-dia-m\/","name":"I avui \u00e9s el dia\u2026 M - Mas Torrencito CAT","isPartOf":{"@id":"https:\/\/mastorrencito.com\/#website"},"primaryImageOfPage":{"@id":"https:\/\/mastorrencito.com\/cat\/i-avui-es-el-dia-m\/#primaryimage"},"image":{"@id":"https:\/\/mastorrencito.com\/cat\/i-avui-es-el-dia-m\/#primaryimage"},"thumbnailUrl":"https:\/\/mastorrencito.com\/cat\/wp-content\/uploads\/sites\/3\/15_TTF7726_W-scaled-2.jpg","datePublished":"2025-01-02T06:09:44+00:00","description":"I avui \u00e9s el dia que pot ser el princi o el final o potser la continu\u00eftat de la normalitat. Ja es veur\u00e0.....","breadcrumb":{"@id":"https:\/\/mastorrencito.com\/cat\/i-avui-es-el-dia-m\/#breadcrumb"},"inLanguage":"es","potentialAction":[{"@type":"ReadAction","target":["https:\/\/mastorrencito.com\/cat\/i-avui-es-el-dia-m\/"]}]},{"@type":"ImageObject","inLanguage":"es","@id":"https:\/\/mastorrencito.com\/cat\/i-avui-es-el-dia-m\/#primaryimage","url":"https:\/\/mastorrencito.com\/cat\/wp-content\/uploads\/sites\/3\/15_TTF7726_W-scaled-2.jpg","contentUrl":"https:\/\/mastorrencito.com\/cat\/wp-content\/uploads\/sites\/3\/15_TTF7726_W-scaled-2.jpg","width":2560,"height":1707,"caption":"MasTorrencito turismo rural petfriendly Girona"},{"@type":"BreadcrumbList","@id":"https:\/\/mastorrencito.com\/cat\/i-avui-es-el-dia-m\/#breadcrumb","itemListElement":[{"@type":"ListItem","position":1,"name":"Portada","item":"https:\/\/mastorrencito.com\/"},{"@type":"ListItem","position":2,"name":"I avui \u00e9s el dia\u2026 M"}]},{"@type":"WebSite","@id":"https:\/\/mastorrencito.com\/#website","url":"https:\/\/mastorrencito.com\/","name":"Mas Torrencito CAT","description":"Casa rural pet friendly en Girona","publisher":{"@id":"https:\/\/mastorrencito.com\/#organization"},"potentialAction":[{"@type":"SearchAction","target":{"@type":"EntryPoint","urlTemplate":"https:\/\/mastorrencito.com\/?s={search_term_string}"},"query-input":{"@type":"PropertyValueSpecification","valueRequired":true,"valueName":"search_term_string"}}],"inLanguage":"es"},{"@type":"Organization","@id":"https:\/\/mastorrencito.com\/#organization","name":"Mas Torrencito CAT","url":"https:\/\/mastorrencito.com\/","logo":{"@type":"ImageObject","inLanguage":"es","@id":"https:\/\/mastorrencito.com\/#\/schema\/logo\/image\/","url":"https:\/\/mastorrencito.com\/cat\/wp-content\/uploads\/sites\/3\/Logo-Mastorrencito-horizontal.webp","contentUrl":"https:\/\/mastorrencito.com\/cat\/wp-content\/uploads\/sites\/3\/Logo-Mastorrencito-horizontal.webp","width":161,"height":54,"caption":"Mas Torrencito CAT"},"image":{"@id":"https:\/\/mastorrencito.com\/#\/schema\/logo\/image\/"}},{"@type":"Person","@id":"https:\/\/mastorrencito.com\/#\/schema\/person\/18c619be80d4ae2667c702911625f790","name":"Mastorrencito","image":{"@type":"ImageObject","inLanguage":"es","@id":"https:\/\/secure.gravatar.com\/avatar\/3ef55e0519f987a734c21caee1423b51df7b760b7d81a38ecd31cab0a5115f6d?s=96&d=mm&r=g","url":"https:\/\/secure.gravatar.com\/avatar\/3ef55e0519f987a734c21caee1423b51df7b760b7d81a38ecd31cab0a5115f6d?s=96&d=mm&r=g","contentUrl":"https:\/\/secure.gravatar.com\/avatar\/3ef55e0519f987a734c21caee1423b51df7b760b7d81a38ecd31cab0a5115f6d?s=96&d=mm&r=g","caption":"Mastorrencito"},"url":"https:\/\/mastorrencito.com\/cat\/author\/mastorrencito\/"}]}},"acf":[],"_links":{"self":[{"href":"https:\/\/mastorrencito.com\/cat\/wp-json\/wp\/v2\/posts\/3049","targetHints":{"allow":["GET"]}}],"collection":[{"href":"https:\/\/mastorrencito.com\/cat\/wp-json\/wp\/v2\/posts"}],"about":[{"href":"https:\/\/mastorrencito.com\/cat\/wp-json\/wp\/v2\/types\/post"}],"author":[{"embeddable":true,"href":"https:\/\/mastorrencito.com\/cat\/wp-json\/wp\/v2\/users\/2"}],"replies":[{"embeddable":true,"href":"https:\/\/mastorrencito.com\/cat\/wp-json\/wp\/v2\/comments?post=3049"}],"version-history":[{"count":0,"href":"https:\/\/mastorrencito.com\/cat\/wp-json\/wp\/v2\/posts\/3049\/revisions"}],"wp:featuredmedia":[{"embeddable":true,"href":"https:\/\/mastorrencito.com\/cat\/wp-json\/wp\/v2\/media\/2969"}],"wp:attachment":[{"href":"https:\/\/mastorrencito.com\/cat\/wp-json\/wp\/v2\/media?parent=3049"}],"wp:term":[{"taxonomy":"category","embeddable":true,"href":"https:\/\/mastorrencito.com\/cat\/wp-json\/wp\/v2\/categories?post=3049"},{"taxonomy":"post_tag","embeddable":true,"href":"https:\/\/mastorrencito.com\/cat\/wp-json\/wp\/v2\/tags?post=3049"}],"curies":[{"name":"wp","href":"https:\/\/api.w.org\/{rel}","templated":true}]}}