{"id":3032,"date":"2024-12-31T11:56:45","date_gmt":"2024-12-31T11:56:45","guid":{"rendered":"https:\/\/casaruralconperrosgirona.com\/lapagada-del-cap-dany-by-mastorrencito\/"},"modified":"2024-12-31T11:56:45","modified_gmt":"2024-12-31T11:56:45","slug":"lapagada-del-cap-dany-by-mastorrencito","status":"publish","type":"post","link":"https:\/\/mastorrencito.com\/cat\/lapagada-del-cap-dany-by-mastorrencito\/","title":{"rendered":"L&#8217;Apagada del Cap d&#8217;Any by MasTorrencito"},"content":{"rendered":"\n<p><strong>L&#8217;Apagada del Cap d&#8217;Any: Una Narraci\u00f3 Surrealista amb Gossos, Generadors, Clients Peculiars i Grans Interrogants<\/strong><\/p>\n\n<p>El 31 de desembre havia comen\u00e7at amb tota la il\u00b7lusi\u00f3 d&#8217;un dia tranquil per\u00f2 quan el rellotge va marcar les 12 del migdia&#8230; BOOM! \ud83d\udca5 Una apagada total ens va deixar sumits a la penombra. I no est\u00e0vem sols: la casa rural estava plena, amb vint persones i, per si no n&#8217;hi hagu\u00e9s prou, altres vint gossos dels nostres clients. \ud83c\udfe0 \ud83d\udc3e   <\/p>\n\n<p>Maky va comen\u00e7ar a bordar, alertant que alguna cosa no anava b\u00e9. Mamas va intentar ficar-se sota una taula, mentre Mastitwo perseguia la cua com si no exist\u00eds el dem\u00e0. Masto, el m\u00e9s savi dels nostres gossos, ens va mirar amb resignaci\u00f3, com si estigu\u00e9s acostumat a aquest nivell de caos. \ud83d\udc15 \ud83d\udecb\ufe0f  <\/p>\n\n<h3 class=\"wp-block-heading\">El caos de la casa rural<\/h3>\n\n<p>La situaci\u00f3 era complicada. A m\u00e9s de la nostra fam\u00edlia i els nostres quatre gossos, ten\u00edem una combinaci\u00f3 explosiva d&#8217;hostes. Entre ells hi havia:  <\/p>\n\n<ul class=\"wp-block-list\">\n<li><strong>Un veg\u00e0 activista,<\/strong> que ja estava preocupat pel men\u00fa perqu\u00e8 no volia veure \u00abres que alguna vegada hagu\u00e9s respirat.\u00bb \ud83e\udd57<\/li>\n\n\n\n<li><strong>Dos cel\u00edacs,<\/strong> que no podien ni olorar el pa \ud83e\udd56 \ud83d\udeab <\/li>\n\n\n\n<li><strong>Un ovovegetari\u00e0,<\/strong> que preguntava cada cinc minuts si els ous estaven en un lloc segur. \ud83c\udf73<\/li>\n\n\n\n<li><strong>I una parella que havia portat tres llebrers que corrien per la casa com si estiguessin entrenant per a les olimp\u00edades.<\/strong>  \ud83d\udc15 \ud83d\udca8<\/li>\n<\/ul>\n\n<p>Els altres clients i els seus gossos no es quedaven enrere. Hi havia de tot: des d&#8217;un d\u00e0lmata que bordava cada cop que alg\u00fa pronunciava la paraula \u00abgenerador,\u00bb fins a un chihuahua que s&#8217;havia amagat sota el sof\u00e0 i es negava a sortir. Un border collie intentava organitzar la resta dels gossos, per\u00f2 no tenia gaire \u00e8xit. \ud83d\udc36 \ud83d\udc15\u200d\ud83e\uddba   <\/p>\n\n<figure class=\"wp-block-image size-large\"><img decoding=\"async\" src=\"https:\/\/mastorrencito.com\/wp-content\/uploads\/2024\/12\/42_TF_9644_W-1024x675.jpg\" alt=\"MasTorretet turisme rural petfriendly Girona\" class=\"wp-image-2977\" \/><figcaption class=\"wp-element-caption\">MasTorretet turisme rural petfriendly Girona<\/figcaption><\/figure>\n<p>\u2013 <em>\u00abAix\u00f2 \u00e9s una bomba de rellotgeria,\u00bb<\/em> vaig xiuxiuejar la Mireia, mentre la Maky corria amb un tros de corda que clarament no era seu.<\/p>\n\n<p>\u2013 <em>\u00abEl forn no funciona!\u00bb<\/em> \u2013 va cridar una de les hostes des de la cuina.<br \/> \u2013 <em>\u00abI com far\u00e0s el gall dindi? Jo no puc menjar res amb gluten, per\u00f2 aix\u00f2 no vol dir que no vulgui sopar una mica decent!\u00bb<\/em> \u2013 es va queixar un dels cel\u00edacs.<\/p>\n\n<p>\u2013 <em>\u00abI qu\u00e8 passa amb la calefacci\u00f3? Fa un fred que pela!\u00bb<\/em> \u2013 va exclamar alg\u00fa des de la sala. Els llebrers ja estaven embolicats en mantes, mirant els seus amos amb cara de retret. <\/p>\n\n<h3 class=\"wp-block-heading\">L&#8217;arribada d&#8217;Andreu i el seu generador miracul\u00f3s<\/h3>\n\n<p>En aquell moment, la Mireia va tenir la brillant idea de trucar a Andr\u00e9s, l&#8217;heroi de Masia la Palma. En menys de mitja hora, va apar\u00e8ixer amb la furgoneta i un generador que semblava un tanc de guerra. \ud83d\ude90 \u26a1<br \/> \u2013 <em>\u00abAix\u00f2 no us d\u00f3na per fer funcionar tot, per\u00f2 amb una mica de sort, podeu encendre el forn, algunes llums i una mica de calefacci\u00f3. Aix\u00f2 s\u00ed, no prometo miracles,\u00bb<\/em> va dir Andr\u00e9s mentre connectava els cables sota la mirada curiosa de Mamas , que ja intentava mossegar-los. \ud83d\udc15 \u26a1   <\/p>\n\n<p>La Mireia i jo ens mirem, conscients que el generador era la nostra darrera esperan\u00e7a per salvar el sopar i evitar un mot\u00ed d&#8217;hostes famolencs.<br \/> \u2013 <em>\u00abAndr\u00e9s, no ens fallis. Aix\u00f2 \u00e9s una q\u00fcesti\u00f3 de vida o mort,\u00bb<\/em> li vaig dir dram\u00e0ticament, mentre un pug pujava a una cadira per intentar robar un tros de pa de taula.<\/p>\n\n<p>\u2013 <em>\u00abTranquil\u00b7les, faig el que puc. Per\u00f2 si alg\u00fa endolla una planxa dels cabells o una cosa semblant, aqu\u00ed explotem tots.\u00bb<\/em><\/p>\n\n<h3 class=\"wp-block-heading\">Els desafiaments de l&#8217;apagada<\/h3>\n\n<p>El generador va comen\u00e7ar a rugir i algunes llums van tornar, tot i que parpellejaven com si estigu\u00e9ssim en un club nocturn dels anys 80. El forn es va encendre, per\u00f2 amb la personalitat capritxosa d?un adolescent en plena crisi existencial. Almenys pod\u00edem comen\u00e7ar a cuinar\u2026 m\u00e9s o menys.  <\/p>\n\n<p>Mentrestant, els gossos van decidir muntar la seva pr\u00f2pia festa. Maky bordava un bulldog franc\u00e8s que no deixava d&#8217;intentar enfilar-se al sof\u00e0. mastegant cables, i Masto mirava tot amb calma, com dient: \u00abJa m&#8217;avisareu quan acabi el apocalipsi.\u00bb \ud83d\udc15\u200d\ud83e\uddba \ud83d\udc3e   <\/p>\n\n<p>A la cuina, les coses no anaven millor:<br \/> \u2013 <em>\u00abAquest gall dindi porta gluten?\u00bb<\/em> \u2013 va preguntar un cel\u00edac, mirant amb desconfian\u00e7a la safata.<br \/> \u2013 <em>\u00abI el tofu que vaig demanar? No vull que el toquin amb els ganivets del gall dindi,\u00bb<\/em> va intervenir el veg\u00e0.<br \/> \u2013 <em>\u00abI els meus ous? On s\u00f3n els meus ous?\u00bb<\/em> \u2013 va cridar l&#8217;ovovegetari\u00e0 des de l&#8217;altra banda de la sala.<\/p>\n\n<p>La Mireia em va mirar, esgotada. \u2013 <em>\u00abSi sobrevivim a aix\u00f2, juro que m&#8217;apunto a meditaci\u00f3 o alguna cosa.\u00bb<\/em> <\/p>\n\n<h3 class=\"wp-block-heading\">Les grans preguntes<\/h3>\n\n<p>La tarda avan\u00e7ava i les grans preguntes seguien sense resposta:<\/p>\n\n<ul class=\"wp-block-list\">\n<li><strong>Aguantaria el generador fins a la nit o ens quedar\u00edem una altra vegada a les fosques?<\/strong><\/li>\n\n\n\n<li><strong>Aconseguir\u00edem cuinar un men\u00fa que satisf\u00e9s vegans, cel\u00edacs, ovovegetarians i amants de la carn?<\/strong><\/li>\n\n\n\n<li><strong>Hi havia prou cava fred per al brindis, o haur\u00edem d&#8217;improvisar amb aigua de l&#8217;aixeta?<\/strong><\/li>\n\n\n\n<li><strong>Sobreviurien els cables a l&#8217;atac constant de Mamas?<\/strong><\/li>\n<\/ul>\n\n<p>Cada cop que el generador feia un soroll estrany, els vint gossos es posaven a bordar a l&#8217;un\u00edson, creant una cacofonia que feia impossible pensar. Andreu, mentrestant, seguia ajustant cables amb la calma d&#8217;un cirurgi\u00e0.<br \/> \u2013 <em>\u00abAix\u00f2 hauria d&#8217;aguantar. Encara que, av\u00eds: si connecteu una altra cosa m\u00e9s, potser se&#8217;n va tot en orris.\u00bb<\/em> <\/p>\n\n<h3 class=\"wp-block-heading\">Qu\u00e8 passar\u00e0?<\/h3>\n\n<p>La tensi\u00f3 a la casa rural \u00e9s palpable. Tots estem fent malabars perqu\u00e8 el cap d&#8217;any no es converteixi en un desastre complet. El sopar continua sent un enigma, i el generador \u00e9s la nostra \u00fanica esperan\u00e7a de sobreviure al caos.  <\/p>\n\n<p>Mentrestant, els hostes intenten mantenir la calma (sense gaire \u00e8xit) i els gossos aprofiten cada segon de caos per c\u00f3rrer, bordar i ficar-se en problemes. Masto segueix mirant tot amb la seva s\u00e0via indifer\u00e8ncia, com si sab\u00e9s que, passi el que passi, sempre hi haur\u00e0 un tros de gall dindi per a ell al final del dia. \ud83d\udc15 \ud83c\udf57  <\/p>\n\n<p>Les hores passen. Hi haur\u00e0 sopar? Hi haur\u00e0 llum? Sobreviur\u00e0 el generador d&#8217;Andreu a l&#8217;atac de Mamas? Aconseguirem complir amb les necessitats aliment\u00e0ries de tots els hostes? I qu\u00e8 passar\u00e0 si els llebrers decideixen comen\u00e7ar una carrera al mig del sal\u00f3?     <\/p>\n\n<p><strong>Continua\u2026<\/strong> \ud83d\ude31 \u2728 \ud83d\udc3e<\/p>\n\n<p><strong>L&#8217;Apagada del Cap d&#8217;Any: Final Feli\u00e7\u2026 B\u00e9, Per Gaireb\u00e9 Tots<\/strong><\/p>\n\n<p>La tarda va ser un exercici de paci\u00e8ncia, creativitat i pura superviv\u00e8ncia. El generador d&#8217;Andreu, aquell tanc rugent, va aguantar contra tot pron\u00f2stic. De mica en mica, les bateries s&#8217;anaven carregant. Els llums parpellejaven com si estiguessin decidint si quedar-se o marxar, per\u00f2 romanien encesos. El forn, capritx\u00f3s al principi, va comen\u00e7ar a comportar-se. Tot comen\u00e7ava a tornar, a poc a poc, a la <strong>normalitat.<\/strong> \ud83d\udd0c \u2728     <\/p>\n\n<p>Mentrestant, els gossos es van anar calmant (o esgotant). Maky finalment es va quedar adormit en una cantonada, abra\u00e7at a la corda que havia estat rosegant tota la tarda. Mastitwo va trobar el seu lloc sota la taula, lluny del caos, i Mamas, exhausta de tant intentar destruir el generador, es va acomodar amb Masto, que, com sempre, supervisava la situaci\u00f3 amb la seva calma habitual. \ud83d\udc15 \ud83d\udca4   <\/p>\n\n<h3 class=\"wp-block-heading\">L&#8217;anunci de la salvaci\u00f3<\/h3>\n\n<p>Cap a les 11 de la nit, quan semblava que passar\u00edem el cap d&#8217;any entre llums titilants i un generador que ja sonava com si estigu\u00e9s fumant un cigar, va arribar l&#8217;av\u00eds:<br \/> \u2013 <em>\u00abEn mitja hora torna la llum!\u00bb<\/em> \u2013 va cridar alg\u00fa des de la porta.<\/p>\n\n<p>Hi va haver un esclat de joia. Els hostes van aplaudir, els gossos van bordar, i jo\u2026 jo simplement em vaig deixar caure en una cadira, esgotada per\u00f2 agra\u00efda. Andreu, el nostre heroi, va aixecar les mans com un campi\u00f3 ol\u00edmpic.<br \/> \u2013 <em>\u00abUs vaig dir que aguantaria? Aquest generador \u00e9s dels bons.\u00bb<\/em>  <\/p>\n\n<p>La Mireia va riure i li va oferir un got de cava tebi com a agra\u00efment. \u2013 <em>\u00abAndr\u00e9s, et posarem una placa a l&#8217;entrada de la casa. &#8216;L&#8217;home que va salvar el cap d&#8217;any.'\u00bb<\/em> <\/p>\n\n<p>\u2013 <em>\u00abAmb aix\u00f2 em conformo, per\u00f2 la propera vegada que tingueu vint gossos i quatre tipus de dietes al men\u00fa, aviseu-me amb temps,\u00bb<\/em> va respondre ell, rient.<\/p>\n\n<h3 class=\"wp-block-heading\">La tornada a la normalitat<\/h3>\n\n<p>A les 11:30 de la nit, la llum va tornar com un miracle nadalenc. La casa es va omplir d&#8217;una resplendor c\u00e0lida i reconfortant, els radiadors van comen\u00e7ar a funcionar, i el forn va reprendre la tasca amb efici\u00e8ncia alemanya. La cuina es va omplir d&#8217;olors delicioses: gall dindi, verdures rostides, opcions veganes, pa sense gluten&#8230; un aut\u00e8ntic banquet que aconseguia satisfer fins i tot els comensals m\u00e9s exigents. \ud83e\udd83 \ud83e\udd57 \ud83c\udf77   <\/p>\n\n<p>Els gossos, emocionats per la sobtada activitat, van tornar a la c\u00e0rrega: Maky va intentar robar un tros de pa, Mastitwo es va ficar sota la taula a la recerca de molles, i Mamas, b\u00e9, Mamas va decidir que el millor era pujar al sof\u00e0 per observar el caos des de les altures. Masto, com sempre, va romandre al seu rac\u00f3, observant tot amb aire de fil\u00f2sof satisfet. \ud83d\udc3e \ud83c\udf56  <\/p>\n\n<figure class=\"wp-block-image size-large\"><img fetchpriority=\"high\" decoding=\"async\" width=\"1024\" height=\"585\" src=\"https:\/\/mastorrencito.com\/wp-content\/uploads\/2024\/12\/nochevieja1-1024x585.jpg\" alt=\"Cap d'any a MasTorrencito\" class=\"wp-image-3028\" srcset=\"https:\/\/mastorrencito.com\/cat\/wp-content\/uploads\/sites\/3\/nochevieja1-1024x585.jpg 1024w, https:\/\/mastorrencito.com\/cat\/wp-content\/uploads\/sites\/3\/nochevieja1-300x171.jpg 300w, https:\/\/mastorrencito.com\/cat\/wp-content\/uploads\/sites\/3\/nochevieja1-768x439.jpg 768w, https:\/\/mastorrencito.com\/cat\/wp-content\/uploads\/sites\/3\/nochevieja1-1536x878.jpg 1536w, https:\/\/mastorrencito.com\/cat\/wp-content\/uploads\/sites\/3\/nochevieja1.jpg 1792w\" sizes=\"(max-width: 1024px) 100vw, 1024px\" \/><figcaption class=\"wp-element-caption\">Cap d&#8217;any a MasTorrencito<\/figcaption><\/figure>\n<p>\u2013 <em>\u00abEl sopar est\u00e0 a punt!\u00bb<\/em> \u2013 va anunciar la Mireia amb un somriure d&#8217;orella a orella.<br \/> Els hostes, feli\u00e7os i agra\u00efts, es van asseure a taula mentre els llebrers de la parella s&#8217;embolicaven en mantes com si fossin els reis de la nit. Fins i tot el veg\u00e0 semblava satisfet amb el plat de tofu rostit i amanida. <\/p>\n\n<h3 class=\"wp-block-heading\">La caiguda de l&#8217;heroi<\/h3>\n\n<p>Jo, no obstant, no vaig poder m\u00e9s. La tensi\u00f3, el cansament i l&#8217;estr\u00e8s de tot el dia em van passar factura. A les 11:30 de la nit, a nom\u00e9s mitja hora de la mitjanit, vaig caure rendit al sof\u00e0, envoltada de gossos. \ud83d\udecb\ufe0f \ud83d\udca4<br \/> \u2013 <em>\u00abDe deb\u00f2? No aguantar\u00e0s fins al ra\u00efm?\u00bb<\/em> \u2013 em va preguntar la Mireia, rient mentre intentava treure&#8217;m una manta que la Mamas havia decidit que era seva.<br \/> \u2013 <em>\u00abHo sento&#8230; per\u00f2 jo ja s\u00f3c el 2025&#8230; o al m\u00e9s enll\u00e0, no ho s\u00e9. Obriu-me un ull per al brindis si voleu,\u00bb<\/em> vaig murmurar, mig adormida.   <\/p>\n\n<h3 class=\"wp-block-heading\">El gran final<\/h3>\n\n<p>A les 12 en punt, la casa rural estava en perfecta harmonia. Els hostes van brindar amb les seves copes de cava, tots calentets, dutxats i ben menjats. Els gossos es van unir al brindis amb lladrucs festius, com si tamb\u00e9 estiguessin celebrant el retorn de la llum. Els llums de l&#8217;arbre de Nadal brillaven com mai, i la Mireia, des de la taula, em va mirar i va somriure.   <\/p>\n\n<p>\u2013 <em>\u00abHo aconseguim,\u00bb<\/em> va xiuxiuejar mentre al\u00e7ava la copa. \u2013 <em>\u00abB\u00e9, tu no, per\u00f2 ja t&#8217;ho explicarem dem\u00e0.\u00bb<\/em> <\/p>\n\n<p>El cap d&#8217;any va ser un \u00e8xit inesperat. Gr\u00e0cies a l&#8217;Andreu, al seu generador, ia un miracle d&#8217;\u00faltima hora, aconseguim salvar la nit. Jo no vaig veure el ra\u00efm, per\u00f2, sincerament, despr\u00e9s de tot el dia, crec que l&#8217;\u00fanica cosa que necessitava era una mica de pau.  <\/p>\n\n<p>Aix\u00ed va comen\u00e7ar l&#8217;any nou: amb llums, calor, menjar delici\u00f3s, lladrucs de gossos i un profund agra\u00efment per haver sobreviscut a l&#8217;apagada del cap d&#8217;any. \ud83c\udf89 \ud83d\udc3e \u2728 <\/p>\n\n<hr class=\"wp-block-separator has-alpha-channel-opacity\" \/>\n\n<blockquote class=\"wp-block-quote is-layout-flow wp-block-quote-is-layout-flow\">\n<p>Des de MasTorrencito et desitgem un bon dia i que els teus gossos t&#8217;acompanyin!!!!<\/p>\n<\/blockquote>\n\n<p>\u2014\u2013<br \/> Si vols, pot veure els nostres <strong>bons per caps de setmana, bons jubilats<\/strong> , a un preu incre\u00efble..entra a <a href=\"https:\/\/www.mastorrencito.com\/\">www.mastorrencito.com<\/a> o si vols podeu llegir m\u00e9s hist\u00f2ria i an\u00e8cdotes que ens han passat a Mas Torrencito\u2026 Fes click <a href=\"https:\/\/mastorrencito.com\/es\/\">aqu\u00ed<\/a><\/p>\n","protected":false},"excerpt":{"rendered":"<p>L&#8217;Apagada del Cap d&#8217;Any: Una Narraci\u00f3 Surrealista amb Gossos, Generadors, Clients Peculiars i Grans Interrogants El 31 de desembre havia comen\u00e7at amb tota la il\u00b7lusi\u00f3 d&#8217;un dia tranquil per\u00f2 quan el rellotge va marcar les 12 del migdia&#8230; BOOM! \ud83d\udca5 Una apagada total ens va deixar sumits a la penombra. I no est\u00e0vem sols: la [&hellip;]<\/p>\n","protected":false},"author":2,"featured_media":3025,"comment_status":"open","ping_status":"closed","sticky":false,"template":"","format":"standard","meta":{"_acf_changed":false,"footnotes":""},"categories":[35],"tags":[],"class_list":["post-3032","post","type-post","status-publish","format-standard","has-post-thumbnail","hentry","category-histories-mastorrencito"],"yoast_head":"<!-- This site is optimized with the Yoast SEO Premium plugin v27.3 (Yoast SEO v27.5) - https:\/\/yoast.com\/product\/yoast-seo-premium-wordpress\/ -->\n<title>L&#039;Apagada del Cap d&#039;Any by MasTorrencito - Mas Torrencito CAT<\/title>\n<meta name=\"description\" content=\"I si alguna cosa ha de passar... que passi amb la casa plena i en cap d&#039;any... L&#039;Apagada del Cap d&#039;Any by Mas\" \/>\n<meta name=\"robots\" content=\"index, follow, max-snippet:-1, max-image-preview:large, max-video-preview:-1\" \/>\n<link rel=\"canonical\" href=\"https:\/\/mastorrencito.com\/cat\/lapagada-del-cap-dany-by-mastorrencito\/\" \/>\n<meta property=\"og:locale\" content=\"es_ES\" \/>\n<meta property=\"og:type\" content=\"article\" \/>\n<meta property=\"og:title\" content=\"L&#039;Apagada del Cap d&#039;Any by MasTorrencito\" \/>\n<meta property=\"og:description\" content=\"I si alguna cosa ha de passar... que passi amb la casa plena i en cap d&#039;any... L&#039;Apagada del Cap d&#039;Any by Mas\" \/>\n<meta property=\"og:url\" content=\"https:\/\/mastorrencito.com\/cat\/lapagada-del-cap-dany-by-mastorrencito\/\" \/>\n<meta property=\"og:site_name\" content=\"Mas Torrencito CAT\" \/>\n<meta property=\"article:published_time\" content=\"2024-12-31T11:56:45+00:00\" \/>\n<meta property=\"og:image\" content=\"https:\/\/mastorrencito.com\/cat\/wp-content\/uploads\/sites\/3\/nocheviejaa2.jpg\" \/>\n\t<meta property=\"og:image:width\" content=\"1792\" \/>\n\t<meta property=\"og:image:height\" content=\"1024\" \/>\n\t<meta property=\"og:image:type\" content=\"image\/jpeg\" \/>\n<meta name=\"author\" content=\"Mastorrencito\" \/>\n<meta name=\"twitter:card\" content=\"summary_large_image\" \/>\n<meta name=\"twitter:label1\" content=\"Escrito por\" \/>\n\t<meta name=\"twitter:data1\" content=\"Mastorrencito\" \/>\n\t<meta name=\"twitter:label2\" content=\"Tiempo de lectura\" \/>\n\t<meta name=\"twitter:data2\" content=\"9 minutos\" \/>\n<script type=\"application\/ld+json\" class=\"yoast-schema-graph\">{\"@context\":\"https:\\\/\\\/schema.org\",\"@graph\":[{\"@type\":\"Article\",\"@id\":\"https:\\\/\\\/mastorrencito.com\\\/cat\\\/lapagada-del-cap-dany-by-mastorrencito\\\/#article\",\"isPartOf\":{\"@id\":\"https:\\\/\\\/mastorrencito.com\\\/cat\\\/lapagada-del-cap-dany-by-mastorrencito\\\/\"},\"author\":{\"name\":\"Mastorrencito\",\"@id\":\"https:\\\/\\\/mastorrencito.com\\\/#\\\/schema\\\/person\\\/18c619be80d4ae2667c702911625f790\"},\"headline\":\"L&#8217;Apagada del Cap d&#8217;Any by MasTorrencito\",\"datePublished\":\"2024-12-31T11:56:45+00:00\",\"mainEntityOfPage\":{\"@id\":\"https:\\\/\\\/mastorrencito.com\\\/cat\\\/lapagada-del-cap-dany-by-mastorrencito\\\/\"},\"wordCount\":1952,\"commentCount\":0,\"publisher\":{\"@id\":\"https:\\\/\\\/mastorrencito.com\\\/#organization\"},\"image\":{\"@id\":\"https:\\\/\\\/mastorrencito.com\\\/cat\\\/lapagada-del-cap-dany-by-mastorrencito\\\/#primaryimage\"},\"thumbnailUrl\":\"https:\\\/\\\/mastorrencito.com\\\/cat\\\/wp-content\\\/uploads\\\/sites\\\/3\\\/nocheviejaa2.jpg\",\"articleSection\":[\"Hist\u00f2ries Mastorrencito\"],\"inLanguage\":\"es\",\"potentialAction\":[{\"@type\":\"CommentAction\",\"name\":\"Comment\",\"target\":[\"https:\\\/\\\/mastorrencito.com\\\/cat\\\/lapagada-del-cap-dany-by-mastorrencito\\\/#respond\"]}]},{\"@type\":\"WebPage\",\"@id\":\"https:\\\/\\\/mastorrencito.com\\\/cat\\\/lapagada-del-cap-dany-by-mastorrencito\\\/\",\"url\":\"https:\\\/\\\/mastorrencito.com\\\/cat\\\/lapagada-del-cap-dany-by-mastorrencito\\\/\",\"name\":\"L'Apagada del Cap d'Any by MasTorrencito - Mas Torrencito CAT\",\"isPartOf\":{\"@id\":\"https:\\\/\\\/mastorrencito.com\\\/#website\"},\"primaryImageOfPage\":{\"@id\":\"https:\\\/\\\/mastorrencito.com\\\/cat\\\/lapagada-del-cap-dany-by-mastorrencito\\\/#primaryimage\"},\"image\":{\"@id\":\"https:\\\/\\\/mastorrencito.com\\\/cat\\\/lapagada-del-cap-dany-by-mastorrencito\\\/#primaryimage\"},\"thumbnailUrl\":\"https:\\\/\\\/mastorrencito.com\\\/cat\\\/wp-content\\\/uploads\\\/sites\\\/3\\\/nocheviejaa2.jpg\",\"datePublished\":\"2024-12-31T11:56:45+00:00\",\"description\":\"I si alguna cosa ha de passar... que passi amb la casa plena i en cap d'any... L'Apagada del Cap d'Any by Mas\",\"breadcrumb\":{\"@id\":\"https:\\\/\\\/mastorrencito.com\\\/cat\\\/lapagada-del-cap-dany-by-mastorrencito\\\/#breadcrumb\"},\"inLanguage\":\"es\",\"potentialAction\":[{\"@type\":\"ReadAction\",\"target\":[\"https:\\\/\\\/mastorrencito.com\\\/cat\\\/lapagada-del-cap-dany-by-mastorrencito\\\/\"]}]},{\"@type\":\"ImageObject\",\"inLanguage\":\"es\",\"@id\":\"https:\\\/\\\/mastorrencito.com\\\/cat\\\/lapagada-del-cap-dany-by-mastorrencito\\\/#primaryimage\",\"url\":\"https:\\\/\\\/mastorrencito.com\\\/cat\\\/wp-content\\\/uploads\\\/sites\\\/3\\\/nocheviejaa2.jpg\",\"contentUrl\":\"https:\\\/\\\/mastorrencito.com\\\/cat\\\/wp-content\\\/uploads\\\/sites\\\/3\\\/nocheviejaa2.jpg\",\"width\":1792,\"height\":1024,\"caption\":\"Nochevieja en MasTorrencito\"},{\"@type\":\"BreadcrumbList\",\"@id\":\"https:\\\/\\\/mastorrencito.com\\\/cat\\\/lapagada-del-cap-dany-by-mastorrencito\\\/#breadcrumb\",\"itemListElement\":[{\"@type\":\"ListItem\",\"position\":1,\"name\":\"Portada\",\"item\":\"https:\\\/\\\/mastorrencito.com\\\/\"},{\"@type\":\"ListItem\",\"position\":2,\"name\":\"L&#8217;Apagada del Cap d&#8217;Any by MasTorrencito\"}]},{\"@type\":\"WebSite\",\"@id\":\"https:\\\/\\\/mastorrencito.com\\\/#website\",\"url\":\"https:\\\/\\\/mastorrencito.com\\\/\",\"name\":\"Mas Torrencito CAT\",\"description\":\"Casa rural pet friendly en Girona\",\"publisher\":{\"@id\":\"https:\\\/\\\/mastorrencito.com\\\/#organization\"},\"potentialAction\":[{\"@type\":\"SearchAction\",\"target\":{\"@type\":\"EntryPoint\",\"urlTemplate\":\"https:\\\/\\\/mastorrencito.com\\\/?s={search_term_string}\"},\"query-input\":{\"@type\":\"PropertyValueSpecification\",\"valueRequired\":true,\"valueName\":\"search_term_string\"}}],\"inLanguage\":\"es\"},{\"@type\":\"Organization\",\"@id\":\"https:\\\/\\\/mastorrencito.com\\\/#organization\",\"name\":\"Mas Torrencito CAT\",\"url\":\"https:\\\/\\\/mastorrencito.com\\\/\",\"logo\":{\"@type\":\"ImageObject\",\"inLanguage\":\"es\",\"@id\":\"https:\\\/\\\/mastorrencito.com\\\/#\\\/schema\\\/logo\\\/image\\\/\",\"url\":\"https:\\\/\\\/mastorrencito.com\\\/cat\\\/wp-content\\\/uploads\\\/sites\\\/3\\\/Logo-Mastorrencito-horizontal.webp\",\"contentUrl\":\"https:\\\/\\\/mastorrencito.com\\\/cat\\\/wp-content\\\/uploads\\\/sites\\\/3\\\/Logo-Mastorrencito-horizontal.webp\",\"width\":161,\"height\":54,\"caption\":\"Mas Torrencito CAT\"},\"image\":{\"@id\":\"https:\\\/\\\/mastorrencito.com\\\/#\\\/schema\\\/logo\\\/image\\\/\"}},{\"@type\":\"Person\",\"@id\":\"https:\\\/\\\/mastorrencito.com\\\/#\\\/schema\\\/person\\\/18c619be80d4ae2667c702911625f790\",\"name\":\"Mastorrencito\",\"image\":{\"@type\":\"ImageObject\",\"inLanguage\":\"es\",\"@id\":\"https:\\\/\\\/secure.gravatar.com\\\/avatar\\\/3ef55e0519f987a734c21caee1423b51df7b760b7d81a38ecd31cab0a5115f6d?s=96&d=mm&r=g\",\"url\":\"https:\\\/\\\/secure.gravatar.com\\\/avatar\\\/3ef55e0519f987a734c21caee1423b51df7b760b7d81a38ecd31cab0a5115f6d?s=96&d=mm&r=g\",\"contentUrl\":\"https:\\\/\\\/secure.gravatar.com\\\/avatar\\\/3ef55e0519f987a734c21caee1423b51df7b760b7d81a38ecd31cab0a5115f6d?s=96&d=mm&r=g\",\"caption\":\"Mastorrencito\"},\"url\":\"https:\\\/\\\/mastorrencito.com\\\/cat\\\/author\\\/mastorrencito\\\/\"}]}<\/script>\n<!-- \/ Yoast SEO Premium plugin. -->","yoast_head_json":{"title":"L'Apagada del Cap d'Any by MasTorrencito - Mas Torrencito CAT","description":"I si alguna cosa ha de passar... que passi amb la casa plena i en cap d'any... L'Apagada del Cap d'Any by Mas","robots":{"index":"index","follow":"follow","max-snippet":"max-snippet:-1","max-image-preview":"max-image-preview:large","max-video-preview":"max-video-preview:-1"},"canonical":"https:\/\/mastorrencito.com\/cat\/lapagada-del-cap-dany-by-mastorrencito\/","og_locale":"es_ES","og_type":"article","og_title":"L'Apagada del Cap d'Any by MasTorrencito","og_description":"I si alguna cosa ha de passar... que passi amb la casa plena i en cap d'any... L'Apagada del Cap d'Any by Mas","og_url":"https:\/\/mastorrencito.com\/cat\/lapagada-del-cap-dany-by-mastorrencito\/","og_site_name":"Mas Torrencito CAT","article_published_time":"2024-12-31T11:56:45+00:00","og_image":[{"width":1792,"height":1024,"url":"https:\/\/mastorrencito.com\/cat\/wp-content\/uploads\/sites\/3\/nocheviejaa2.jpg","type":"image\/jpeg"}],"author":"Mastorrencito","twitter_card":"summary_large_image","twitter_misc":{"Escrito por":"Mastorrencito","Tiempo de lectura":"9 minutos"},"schema":{"@context":"https:\/\/schema.org","@graph":[{"@type":"Article","@id":"https:\/\/mastorrencito.com\/cat\/lapagada-del-cap-dany-by-mastorrencito\/#article","isPartOf":{"@id":"https:\/\/mastorrencito.com\/cat\/lapagada-del-cap-dany-by-mastorrencito\/"},"author":{"name":"Mastorrencito","@id":"https:\/\/mastorrencito.com\/#\/schema\/person\/18c619be80d4ae2667c702911625f790"},"headline":"L&#8217;Apagada del Cap d&#8217;Any by MasTorrencito","datePublished":"2024-12-31T11:56:45+00:00","mainEntityOfPage":{"@id":"https:\/\/mastorrencito.com\/cat\/lapagada-del-cap-dany-by-mastorrencito\/"},"wordCount":1952,"commentCount":0,"publisher":{"@id":"https:\/\/mastorrencito.com\/#organization"},"image":{"@id":"https:\/\/mastorrencito.com\/cat\/lapagada-del-cap-dany-by-mastorrencito\/#primaryimage"},"thumbnailUrl":"https:\/\/mastorrencito.com\/cat\/wp-content\/uploads\/sites\/3\/nocheviejaa2.jpg","articleSection":["Hist\u00f2ries Mastorrencito"],"inLanguage":"es","potentialAction":[{"@type":"CommentAction","name":"Comment","target":["https:\/\/mastorrencito.com\/cat\/lapagada-del-cap-dany-by-mastorrencito\/#respond"]}]},{"@type":"WebPage","@id":"https:\/\/mastorrencito.com\/cat\/lapagada-del-cap-dany-by-mastorrencito\/","url":"https:\/\/mastorrencito.com\/cat\/lapagada-del-cap-dany-by-mastorrencito\/","name":"L'Apagada del Cap d'Any by MasTorrencito - Mas Torrencito CAT","isPartOf":{"@id":"https:\/\/mastorrencito.com\/#website"},"primaryImageOfPage":{"@id":"https:\/\/mastorrencito.com\/cat\/lapagada-del-cap-dany-by-mastorrencito\/#primaryimage"},"image":{"@id":"https:\/\/mastorrencito.com\/cat\/lapagada-del-cap-dany-by-mastorrencito\/#primaryimage"},"thumbnailUrl":"https:\/\/mastorrencito.com\/cat\/wp-content\/uploads\/sites\/3\/nocheviejaa2.jpg","datePublished":"2024-12-31T11:56:45+00:00","description":"I si alguna cosa ha de passar... que passi amb la casa plena i en cap d'any... L'Apagada del Cap d'Any by Mas","breadcrumb":{"@id":"https:\/\/mastorrencito.com\/cat\/lapagada-del-cap-dany-by-mastorrencito\/#breadcrumb"},"inLanguage":"es","potentialAction":[{"@type":"ReadAction","target":["https:\/\/mastorrencito.com\/cat\/lapagada-del-cap-dany-by-mastorrencito\/"]}]},{"@type":"ImageObject","inLanguage":"es","@id":"https:\/\/mastorrencito.com\/cat\/lapagada-del-cap-dany-by-mastorrencito\/#primaryimage","url":"https:\/\/mastorrencito.com\/cat\/wp-content\/uploads\/sites\/3\/nocheviejaa2.jpg","contentUrl":"https:\/\/mastorrencito.com\/cat\/wp-content\/uploads\/sites\/3\/nocheviejaa2.jpg","width":1792,"height":1024,"caption":"Nochevieja en MasTorrencito"},{"@type":"BreadcrumbList","@id":"https:\/\/mastorrencito.com\/cat\/lapagada-del-cap-dany-by-mastorrencito\/#breadcrumb","itemListElement":[{"@type":"ListItem","position":1,"name":"Portada","item":"https:\/\/mastorrencito.com\/"},{"@type":"ListItem","position":2,"name":"L&#8217;Apagada del Cap d&#8217;Any by MasTorrencito"}]},{"@type":"WebSite","@id":"https:\/\/mastorrencito.com\/#website","url":"https:\/\/mastorrencito.com\/","name":"Mas Torrencito CAT","description":"Casa rural pet friendly en Girona","publisher":{"@id":"https:\/\/mastorrencito.com\/#organization"},"potentialAction":[{"@type":"SearchAction","target":{"@type":"EntryPoint","urlTemplate":"https:\/\/mastorrencito.com\/?s={search_term_string}"},"query-input":{"@type":"PropertyValueSpecification","valueRequired":true,"valueName":"search_term_string"}}],"inLanguage":"es"},{"@type":"Organization","@id":"https:\/\/mastorrencito.com\/#organization","name":"Mas Torrencito CAT","url":"https:\/\/mastorrencito.com\/","logo":{"@type":"ImageObject","inLanguage":"es","@id":"https:\/\/mastorrencito.com\/#\/schema\/logo\/image\/","url":"https:\/\/mastorrencito.com\/cat\/wp-content\/uploads\/sites\/3\/Logo-Mastorrencito-horizontal.webp","contentUrl":"https:\/\/mastorrencito.com\/cat\/wp-content\/uploads\/sites\/3\/Logo-Mastorrencito-horizontal.webp","width":161,"height":54,"caption":"Mas Torrencito CAT"},"image":{"@id":"https:\/\/mastorrencito.com\/#\/schema\/logo\/image\/"}},{"@type":"Person","@id":"https:\/\/mastorrencito.com\/#\/schema\/person\/18c619be80d4ae2667c702911625f790","name":"Mastorrencito","image":{"@type":"ImageObject","inLanguage":"es","@id":"https:\/\/secure.gravatar.com\/avatar\/3ef55e0519f987a734c21caee1423b51df7b760b7d81a38ecd31cab0a5115f6d?s=96&d=mm&r=g","url":"https:\/\/secure.gravatar.com\/avatar\/3ef55e0519f987a734c21caee1423b51df7b760b7d81a38ecd31cab0a5115f6d?s=96&d=mm&r=g","contentUrl":"https:\/\/secure.gravatar.com\/avatar\/3ef55e0519f987a734c21caee1423b51df7b760b7d81a38ecd31cab0a5115f6d?s=96&d=mm&r=g","caption":"Mastorrencito"},"url":"https:\/\/mastorrencito.com\/cat\/author\/mastorrencito\/"}]}},"acf":[],"_links":{"self":[{"href":"https:\/\/mastorrencito.com\/cat\/wp-json\/wp\/v2\/posts\/3032","targetHints":{"allow":["GET"]}}],"collection":[{"href":"https:\/\/mastorrencito.com\/cat\/wp-json\/wp\/v2\/posts"}],"about":[{"href":"https:\/\/mastorrencito.com\/cat\/wp-json\/wp\/v2\/types\/post"}],"author":[{"embeddable":true,"href":"https:\/\/mastorrencito.com\/cat\/wp-json\/wp\/v2\/users\/2"}],"replies":[{"embeddable":true,"href":"https:\/\/mastorrencito.com\/cat\/wp-json\/wp\/v2\/comments?post=3032"}],"version-history":[{"count":0,"href":"https:\/\/mastorrencito.com\/cat\/wp-json\/wp\/v2\/posts\/3032\/revisions"}],"wp:featuredmedia":[{"embeddable":true,"href":"https:\/\/mastorrencito.com\/cat\/wp-json\/wp\/v2\/media\/3025"}],"wp:attachment":[{"href":"https:\/\/mastorrencito.com\/cat\/wp-json\/wp\/v2\/media?parent=3032"}],"wp:term":[{"taxonomy":"category","embeddable":true,"href":"https:\/\/mastorrencito.com\/cat\/wp-json\/wp\/v2\/categories?post=3032"},{"taxonomy":"post_tag","embeddable":true,"href":"https:\/\/mastorrencito.com\/cat\/wp-json\/wp\/v2\/tags?post=3032"}],"curies":[{"name":"wp","href":"https:\/\/api.w.org\/{rel}","templated":true}]}}