{"id":3015,"date":"2024-12-31T06:14:43","date_gmt":"2024-12-31T06:14:43","guid":{"rendered":"https:\/\/casaruralconperrosgirona.com\/bye-bye-2024-hellouuuuuu-2025-by-mastorretet-%f0%9f%8c%9f-%e2%9c%a8\/"},"modified":"2024-12-31T06:14:43","modified_gmt":"2024-12-31T06:14:43","slug":"bye-bye-2024-hellouuuuuu-2025-by-mastorretet-%f0%9f%8c%9f-%e2%9c%a8","status":"publish","type":"post","link":"https:\/\/mastorrencito.com\/cat\/bye-bye-2024-hellouuuuuu-2025-by-mastorretet-%f0%9f%8c%9f-%e2%9c%a8\/","title":{"rendered":"Bye Bye 2024\u2026 Hellouuuuuu 2025 by Mastorretet \ud83c\udf1f \u2728"},"content":{"rendered":"\n<p>I aix\u00ed, gaireb\u00e9 sense adonar-nos-en, se&#8217;ns va anar el 2024\u2026 i vaja com se n&#8217;ha anat! \ud83c\udf86 Un any que per a alguns ha passat volant i per a altres s&#8217;ha fet etern, per\u00f2 que al final ens troba a tots mirant enrere amb una barreja d&#8217;emocions. N&#8217;hi ha que ho acomiaden amb alegria desbordant, d&#8217;altres amb tristesa continguda i molts \u2014com jo\u2014 amb una mica d&#8217;indifer\u00e8ncia esquitxada d&#8217;humor. \ud83d\ude05 Mai he estat amant d&#8217;aquestes festes, aix\u00f2 ho admeto sense objeccions. Per\u00f2, tot i aix\u00ed, aquestes dates tenen alguna cosa especial, cosa que, encara que breu, ens arriba directe al cor.    <\/p>\n\n<h4 class=\"wp-block-heading\">\ud83c\udf1f <strong>Un darrer respir abans de la normalitat<\/strong><\/h4>\n\n<p>Queden tot just unes hores abans que el calendari \ud83c\udf81 \ud83c\udf84 a la \u201cnormalitat\u201d. aquestes dates ens aclaparen, tenen la m\u00e0gia de reunir-nos. I aix\u00f2, s\u00ed o s\u00ed \u2764\ufe0f \u00e9s bonic. fam\u00edlies s&#8217;ajunten, com els \ud83d\udc3e comparteixen i, sobretot, com els peluts \u2014aquests fidels companys de vida\u2014 gaudeixen com si el m\u00f3n sencer fos \ud83d\udc96 . grisos amb una llum c\u00e0lida i sincera.    <\/p>\n\n<p>Tot i aix\u00f2, tamb\u00e9 hi ha els pesos que aquest any ens deixa. Perqu\u00e8 no tot ha estat f\u00e0cil. Seguim arrossegant les conseq\u00fc\u00e8ncies d&#8217;aquests cr\u00e8dits del COVID que ens van prometre com a salvaci\u00f3 i que ara paguem a pols, mentre veiem la manca d&#8217;empatia dels que ens haurien d&#8217;haver protegit. \ud83d\udcb8 Aquests dies en qu\u00e8 l&#8217;enuig ens envaeix, quan cada esc\u00e0ndol nou ens recorda que hi ha els que es van enriquir amb les nostres dificultats, no s\u00f3n f\u00e0cils de pair. Per\u00f2, saben qu\u00e8? Avui no \u00e9s el dia per ofegar-nos en aquest enuig. Avui \u00e9s dia per agrair el que \u00e9s bo, per abra\u00e7ar el que aquest 2024 ens va regalar, perqu\u00e8 s\u00ed, tamb\u00e9 hi va haver molt a celebrar. \ud83c\udf08<\/p>\n<figure class=\"wp-block-post-featured-image\"><img fetchpriority=\"high\" decoding=\"async\" width=\"2560\" height=\"1708\" src=\"https:\/\/mastorrencito.com\/cat\/wp-content\/uploads\/sites\/3\/03_TF_9401_W-scaled-1.jpg\" class=\"attachment-post-thumbnail size-post-thumbnail wp-post-image\" alt=\"Fachada MasTorrencito... Vuestra casa y la de vuestros peludos!!!\" style=\"object-fit:cover;\" srcset=\"https:\/\/mastorrencito.com\/cat\/wp-content\/uploads\/sites\/3\/03_TF_9401_W-scaled-1.jpg 2560w, https:\/\/mastorrencito.com\/cat\/wp-content\/uploads\/sites\/3\/03_TF_9401_W-scaled-1-300x200.jpg 300w, https:\/\/mastorrencito.com\/cat\/wp-content\/uploads\/sites\/3\/03_TF_9401_W-scaled-1-1024x683.jpg 1024w, https:\/\/mastorrencito.com\/cat\/wp-content\/uploads\/sites\/3\/03_TF_9401_W-scaled-1-768x512.jpg 768w, https:\/\/mastorrencito.com\/cat\/wp-content\/uploads\/sites\/3\/03_TF_9401_W-scaled-1-1536x1025.jpg 1536w, https:\/\/mastorrencito.com\/cat\/wp-content\/uploads\/sites\/3\/03_TF_9401_W-scaled-1-2048x1366.jpg 2048w\" sizes=\"(max-width: 2560px) 100vw, 2560px\" \/><\/figure>\n<h4 class=\"wp-block-heading\">\ud83c\udf1f <strong>Els moments que van fer brillar el 2024<\/strong><\/h4>\n\n<p>Si alguna cosa puc dir amb total sinceritat, \u00e9s que aquest any ens va portar moltes coses bones. I el millor de tot van ser vost\u00e8s. S\u00ed, <strong>vosaltres<\/strong> , estimats clients, amics i fidels companys de quatre potes. \ud83d\udc15 Gr\u00e0cies a vosaltres, MasTorrencito no \u00e9s nom\u00e9s un lloc; \u00e9s una llar. \ud83c\udfe1 Aquest any van passar per aqu\u00ed m\u00e9s de <strong>2,000 persones<\/strong> i al voltant de <strong>2,500 gossos<\/strong> . Es diu r\u00e0pid, oi? \ud83d\ude04 Cadasc\u00fa de vosaltres va deixar la seva empremta en aquest lloc, ja sigui amb rialles, an\u00e8cdotes, moments \u00fanics o simplement amb l&#8217;afecte que sempre porteu.      <\/p>\n\n<p>Veure els gossos corrent lliures, amb la cua enlaire, olorant cada rac\u00f3 com si fos la primera vegada, \u00e9s una cosa que no t\u00e9 preu. \ud83d\udc15 \ud83c\udf33 Aquests instants em recorden per qu\u00e8 faig el que faig. Veure la seva felicitat, la seva energia i aquesta manera de gaudir de la vida amb una simplicitat que de vegades nosaltres oblidem, m&#8217;inspira. I compartir aquests moments amb vosaltres, escoltar les seves hist\u00f2ries, riure junts, \u00e9s el que fa que aquesta feina sigui m\u00e9s que una feina. \u00c9s un privilegi. \u2764\ufe0f     <\/p>\n\n<p>Aquest 2024, encara que complicat en alguns aspectes, ens va deixar moltes raons per somriure. I el millor de tot \u00e9s que seguim aqu\u00ed, ferms, amb ganes d&#8217;enfrontar un 2025 que tant de bo sigui encara millor. \ud83c\udf89 Per\u00f2 abans de mirar endavant, vull aturar-me un moment per dir-los una cosa que no es diu suficient: <strong>Gr\u00e0cies!<\/strong> \ud83d\ude4c Sense vosaltres, MasTorrencito no seria el que \u00e9s. Sense les teves visites, el teu afecte i el teu suport, aquest lloc no seria aquest refugi c\u00e0lid que tants anomenen llar   <\/p>\n\n<h4 class=\"wp-block-heading\">\ud83c\udf08 <strong>Somiant amb el 2025<\/strong> by MasTorrencito<\/h4>\n\n<p>Qu\u00e8 espero del proper any? B\u00e9, com diu el refrany: \u00abVirgencita, virgencita&#8230; que em quedi com estic.\u00bb \ud83d\ude4f Per\u00f2 si pogu\u00e9s demanar alguna cosa m\u00e9s, seria una mica de tranquil\u00b7litat. \ud83d\udcb8 S\u00ed, m&#8217;encantaria que la sort em somrigu\u00e9s i em don\u00e9s aquesta ajuda extra per treure&#8217;m de sobre els pr\u00e9stecs, per respirar una mica m\u00e9s tranquil. I, per descomptat, tamb\u00e9 somio poder fer algunes millores a MasTorrencito: arreglar les cases del darrere, descobrir aquest misteri\u00f3s celler que sospito est\u00e0 amagat sota aquestes terres\u2026 qui sap quins tresors podr\u00edem trobar! \ud83c\udfda\ufe0f \ud83d\udd0d    <\/p>\n\n<p>Per\u00f2 m\u00e9s enll\u00e0 del material, el que m\u00e9s desitjo \u00e9s una cosa que tots necessitem: <strong>salut<\/strong> . Salut per a mi, per a vosaltres, per a les nostres fam\u00edlies i, per descomptat, per a aquests peluts que ens omplen la vida d&#8217;alegria. \ud83d\udc3e \u2728 Que aquest 2025 els mantingui feli\u00e7os, sans i lluny de malalties. Que puguem continuar veient aquestes cues movent-se amb entusiasme i aquestes cares plenes d&#8217;amor que ens omplen tant l&#8217;\u00e0nima. \u2764\ufe0f    <\/p>\n\n<p>I sobretot, espero una cosa molt senzilla per\u00f2 molt important: <strong>tornar-vos a veure a tots.<\/strong> Perqu\u00e8 el millor de la vida no \u00e9s en els grans gestos, sin\u00f3 en els petits moments que compartim plegats. \ud83c\udf1f Moments de rialles, d&#8217;abra\u00e7ades, de converses a la calor d&#8217;una xemeneia o sota el cel estavellat. \ud83c\udf0c El millor&#8230; ho compartirem junts!!!!!  <\/p>\n\n<h4 class=\"wp-block-heading\">\ud83c\udf86 <strong>Un brindis pel que vindr\u00e0<\/strong> . Bye Bye 2024\u2026 Hellouuuuuu 2025 by Mastorret\u00f3   <\/h4>\n\n<p>Aix\u00ed que aqu\u00ed estem, acomiadant aquest 2024 amb un cor ple de gratitud, nost\u00e0lgia i esperan\u00e7a Perqu\u00e8 encara que ens deixa amb alguns pesos i moltes reflexions, tamb\u00e9 ens regala un cofre ple de records inoblidables \ud83d\udc96 I ara, amb la mirada posada al horitz\u00f3, brindem per un 2025 ple de rialles, d&#8217;aventures, d&#8217;hist\u00f2ries per explicar i, sobre tot, de moments compartits.  <\/p>\n\n<p>Gr\u00e0cies per ser part d&#8217;aquesta hist\u00f2ria, per portar la vostra energia i per fer de MasTorrencito un lloc tan especial. \ud83c\udfe1 \ud83d\udc3e Espero que aquest any nou els ompli de felicitat, que els somnis que guarden en secret es facin realitat i que la vida ens segueixi trobant junts, compartint el m\u00e9s valu\u00f3s que tenim: el nostre temps. <\/p>\n\n<p><strong>Feli\u00e7 Any Nou a tots!<\/strong>  \ud83e\udd42 \u2728 Que el 2025 sigui tan meravell\u00f3s com ho imaginem\u2026 o fins i tot millor! \ud83c\udf1f \ud83c\udf89 <\/p>\n\n<hr class=\"wp-block-separator has-alpha-channel-opacity\" \/>\n\n<blockquote class=\"wp-block-quote is-layout-flow wp-block-quote-is-layout-flow\">\n<p>Des de MasTorrencito et desitgem un bon dia i que els teus gossos t&#8217;acompanyin!!!!<\/p>\n<\/blockquote>\n\n<p>\u2014\u2013<br \/> Si vols, pot veure els nostres <strong>bons per caps de setmana, bons jubilats<\/strong> , a un preu incre\u00efble..entra a <a href=\"https:\/\/www.mastorrencito.com\/\">www.mastorrencito.com<\/a> o si vols podeu llegir m\u00e9s hist\u00f2ria i an\u00e8cdotes que ens han passat a Mas Torrencito\u2026 Fes click <a href=\"https:\/\/mastorrencito.com\/es\/\">aqu\u00ed<\/a><\/p>\n","protected":false},"excerpt":{"rendered":"<p>I aix\u00ed, gaireb\u00e9 sense adonar-nos-en, se&#8217;ns va anar el 2024\u2026 i vaja com se n&#8217;ha anat! \ud83c\udf86 Un any que per a alguns ha passat volant i per a altres s&#8217;ha fet etern, per\u00f2 que al final ens troba a tots mirant enrere amb una barreja d&#8217;emocions. N&#8217;hi ha que ho acomiaden amb alegria desbordant, [&hellip;]<\/p>\n","protected":false},"author":2,"featured_media":3011,"comment_status":"open","ping_status":"closed","sticky":false,"template":"","format":"standard","meta":{"_acf_changed":false,"footnotes":""},"categories":[35],"tags":[],"class_list":["post-3015","post","type-post","status-publish","format-standard","has-post-thumbnail","hentry","category-histories-mastorrencito"],"yoast_head":"<!-- This site is optimized with the Yoast SEO Premium plugin v27.3 (Yoast SEO v27.5) - https:\/\/yoast.com\/product\/yoast-seo-premium-wordpress\/ -->\n<title>Bye Bye 2024\u2026 Hellouuuuuu 2025 by Mastorretet \ud83c\udf1f \u2728 - Mas Torrencito CAT<\/title>\n<meta name=\"description\" content=\"Se&#039;ns en va el 24, per a uns anys d&#039;alegries i per a un altre de tristesa... Que ens oferir\u00e0 el 25? Bye Bye 2024\u2026 Hellouu 2025 by Mastorret\" \/>\n<meta name=\"robots\" content=\"index, follow, max-snippet:-1, max-image-preview:large, max-video-preview:-1\" \/>\n<link rel=\"canonical\" href=\"https:\/\/mastorrencito.com\/cat\/bye-bye-2024-hellouuuuuu-2025-by-mastorretet-\ud83c\udf1f-\u2728\/\" \/>\n<meta property=\"og:locale\" content=\"es_ES\" \/>\n<meta property=\"og:type\" content=\"article\" \/>\n<meta property=\"og:title\" content=\"Bye Bye 2024\u2026 Hellouuuuuu 2025 by Mastorretet \ud83c\udf1f \u2728\" \/>\n<meta property=\"og:description\" content=\"Se&#039;ns en va el 24, per a uns anys d&#039;alegries i per a un altre de tristesa... Que ens oferir\u00e0 el 25? Bye Bye 2024\u2026 Hellouu 2025 by Mastorret\" \/>\n<meta property=\"og:url\" content=\"https:\/\/mastorrencito.com\/cat\/bye-bye-2024-hellouuuuuu-2025-by-mastorretet-\ud83c\udf1f-\u2728\/\" \/>\n<meta property=\"og:site_name\" content=\"Mas Torrencito CAT\" \/>\n<meta property=\"article:published_time\" content=\"2024-12-31T06:14:43+00:00\" \/>\n<meta property=\"og:image\" content=\"https:\/\/mastorrencito.com\/cat\/wp-content\/uploads\/sites\/3\/03_TF_9401_W-scaled-1.jpg\" \/>\n\t<meta property=\"og:image:width\" content=\"2560\" \/>\n\t<meta property=\"og:image:height\" content=\"1708\" \/>\n\t<meta property=\"og:image:type\" content=\"image\/jpeg\" \/>\n<meta name=\"author\" content=\"Mastorrencito\" \/>\n<meta name=\"twitter:card\" content=\"summary_large_image\" \/>\n<meta name=\"twitter:label1\" content=\"Escrito por\" \/>\n\t<meta name=\"twitter:data1\" content=\"Mastorrencito\" \/>\n\t<meta name=\"twitter:label2\" content=\"Tiempo de lectura\" \/>\n\t<meta name=\"twitter:data2\" content=\"5 minutos\" \/>\n<script type=\"application\/ld+json\" class=\"yoast-schema-graph\">{\"@context\":\"https:\\\/\\\/schema.org\",\"@graph\":[{\"@type\":\"Article\",\"@id\":\"https:\\\/\\\/mastorrencito.com\\\/cat\\\/bye-bye-2024-hellouuuuuu-2025-by-mastorretet-%f0%9f%8c%9f-%e2%9c%a8\\\/#article\",\"isPartOf\":{\"@id\":\"https:\\\/\\\/mastorrencito.com\\\/cat\\\/bye-bye-2024-hellouuuuuu-2025-by-mastorretet-%f0%9f%8c%9f-%e2%9c%a8\\\/\"},\"author\":{\"name\":\"Mastorrencito\",\"@id\":\"https:\\\/\\\/mastorrencito.com\\\/#\\\/schema\\\/person\\\/18c619be80d4ae2667c702911625f790\"},\"headline\":\"Bye Bye 2024\u2026 Hellouuuuuu 2025 by Mastorretet \ud83c\udf1f \u2728\",\"datePublished\":\"2024-12-31T06:14:43+00:00\",\"mainEntityOfPage\":{\"@id\":\"https:\\\/\\\/mastorrencito.com\\\/cat\\\/bye-bye-2024-hellouuuuuu-2025-by-mastorretet-%f0%9f%8c%9f-%e2%9c%a8\\\/\"},\"wordCount\":1048,\"commentCount\":0,\"publisher\":{\"@id\":\"https:\\\/\\\/mastorrencito.com\\\/#organization\"},\"image\":{\"@id\":\"https:\\\/\\\/mastorrencito.com\\\/cat\\\/bye-bye-2024-hellouuuuuu-2025-by-mastorretet-%f0%9f%8c%9f-%e2%9c%a8\\\/#primaryimage\"},\"thumbnailUrl\":\"https:\\\/\\\/mastorrencito.com\\\/cat\\\/wp-content\\\/uploads\\\/sites\\\/3\\\/03_TF_9401_W-scaled-1.jpg\",\"articleSection\":[\"Hist\u00f2ries Mastorrencito\"],\"inLanguage\":\"es\",\"potentialAction\":[{\"@type\":\"CommentAction\",\"name\":\"Comment\",\"target\":[\"https:\\\/\\\/mastorrencito.com\\\/cat\\\/bye-bye-2024-hellouuuuuu-2025-by-mastorretet-%f0%9f%8c%9f-%e2%9c%a8\\\/#respond\"]}]},{\"@type\":\"WebPage\",\"@id\":\"https:\\\/\\\/mastorrencito.com\\\/cat\\\/bye-bye-2024-hellouuuuuu-2025-by-mastorretet-%f0%9f%8c%9f-%e2%9c%a8\\\/\",\"url\":\"https:\\\/\\\/mastorrencito.com\\\/cat\\\/bye-bye-2024-hellouuuuuu-2025-by-mastorretet-%f0%9f%8c%9f-%e2%9c%a8\\\/\",\"name\":\"Bye Bye 2024\u2026 Hellouuuuuu 2025 by Mastorretet \ud83c\udf1f \u2728 - Mas Torrencito CAT\",\"isPartOf\":{\"@id\":\"https:\\\/\\\/mastorrencito.com\\\/#website\"},\"primaryImageOfPage\":{\"@id\":\"https:\\\/\\\/mastorrencito.com\\\/cat\\\/bye-bye-2024-hellouuuuuu-2025-by-mastorretet-%f0%9f%8c%9f-%e2%9c%a8\\\/#primaryimage\"},\"image\":{\"@id\":\"https:\\\/\\\/mastorrencito.com\\\/cat\\\/bye-bye-2024-hellouuuuuu-2025-by-mastorretet-%f0%9f%8c%9f-%e2%9c%a8\\\/#primaryimage\"},\"thumbnailUrl\":\"https:\\\/\\\/mastorrencito.com\\\/cat\\\/wp-content\\\/uploads\\\/sites\\\/3\\\/03_TF_9401_W-scaled-1.jpg\",\"datePublished\":\"2024-12-31T06:14:43+00:00\",\"description\":\"Se'ns en va el 24, per a uns anys d'alegries i per a un altre de tristesa... Que ens oferir\u00e0 el 25? Bye Bye 2024\u2026 Hellouu 2025 by Mastorret\",\"breadcrumb\":{\"@id\":\"https:\\\/\\\/mastorrencito.com\\\/cat\\\/bye-bye-2024-hellouuuuuu-2025-by-mastorretet-%f0%9f%8c%9f-%e2%9c%a8\\\/#breadcrumb\"},\"inLanguage\":\"es\",\"potentialAction\":[{\"@type\":\"ReadAction\",\"target\":[\"https:\\\/\\\/mastorrencito.com\\\/cat\\\/bye-bye-2024-hellouuuuuu-2025-by-mastorretet-%f0%9f%8c%9f-%e2%9c%a8\\\/\"]}]},{\"@type\":\"ImageObject\",\"inLanguage\":\"es\",\"@id\":\"https:\\\/\\\/mastorrencito.com\\\/cat\\\/bye-bye-2024-hellouuuuuu-2025-by-mastorretet-%f0%9f%8c%9f-%e2%9c%a8\\\/#primaryimage\",\"url\":\"https:\\\/\\\/mastorrencito.com\\\/cat\\\/wp-content\\\/uploads\\\/sites\\\/3\\\/03_TF_9401_W-scaled-1.jpg\",\"contentUrl\":\"https:\\\/\\\/mastorrencito.com\\\/cat\\\/wp-content\\\/uploads\\\/sites\\\/3\\\/03_TF_9401_W-scaled-1.jpg\",\"width\":2560,\"height\":1708,\"caption\":\"Fachada MasTorrencito... Vuestra casa y la de vuestros peludos!!!\"},{\"@type\":\"BreadcrumbList\",\"@id\":\"https:\\\/\\\/mastorrencito.com\\\/cat\\\/bye-bye-2024-hellouuuuuu-2025-by-mastorretet-%f0%9f%8c%9f-%e2%9c%a8\\\/#breadcrumb\",\"itemListElement\":[{\"@type\":\"ListItem\",\"position\":1,\"name\":\"Portada\",\"item\":\"https:\\\/\\\/mastorrencito.com\\\/\"},{\"@type\":\"ListItem\",\"position\":2,\"name\":\"Bye Bye 2024\u2026 Hellouuuuuu 2025 by Mastorretet \ud83c\udf1f \u2728\"}]},{\"@type\":\"WebSite\",\"@id\":\"https:\\\/\\\/mastorrencito.com\\\/#website\",\"url\":\"https:\\\/\\\/mastorrencito.com\\\/\",\"name\":\"Mas Torrencito CAT\",\"description\":\"Casa rural pet friendly en Girona\",\"publisher\":{\"@id\":\"https:\\\/\\\/mastorrencito.com\\\/#organization\"},\"potentialAction\":[{\"@type\":\"SearchAction\",\"target\":{\"@type\":\"EntryPoint\",\"urlTemplate\":\"https:\\\/\\\/mastorrencito.com\\\/?s={search_term_string}\"},\"query-input\":{\"@type\":\"PropertyValueSpecification\",\"valueRequired\":true,\"valueName\":\"search_term_string\"}}],\"inLanguage\":\"es\"},{\"@type\":\"Organization\",\"@id\":\"https:\\\/\\\/mastorrencito.com\\\/#organization\",\"name\":\"Mas Torrencito CAT\",\"url\":\"https:\\\/\\\/mastorrencito.com\\\/\",\"logo\":{\"@type\":\"ImageObject\",\"inLanguage\":\"es\",\"@id\":\"https:\\\/\\\/mastorrencito.com\\\/#\\\/schema\\\/logo\\\/image\\\/\",\"url\":\"https:\\\/\\\/mastorrencito.com\\\/cat\\\/wp-content\\\/uploads\\\/sites\\\/3\\\/Logo-Mastorrencito-horizontal.webp\",\"contentUrl\":\"https:\\\/\\\/mastorrencito.com\\\/cat\\\/wp-content\\\/uploads\\\/sites\\\/3\\\/Logo-Mastorrencito-horizontal.webp\",\"width\":161,\"height\":54,\"caption\":\"Mas Torrencito CAT\"},\"image\":{\"@id\":\"https:\\\/\\\/mastorrencito.com\\\/#\\\/schema\\\/logo\\\/image\\\/\"}},{\"@type\":\"Person\",\"@id\":\"https:\\\/\\\/mastorrencito.com\\\/#\\\/schema\\\/person\\\/18c619be80d4ae2667c702911625f790\",\"name\":\"Mastorrencito\",\"image\":{\"@type\":\"ImageObject\",\"inLanguage\":\"es\",\"@id\":\"https:\\\/\\\/secure.gravatar.com\\\/avatar\\\/3ef55e0519f987a734c21caee1423b51df7b760b7d81a38ecd31cab0a5115f6d?s=96&d=mm&r=g\",\"url\":\"https:\\\/\\\/secure.gravatar.com\\\/avatar\\\/3ef55e0519f987a734c21caee1423b51df7b760b7d81a38ecd31cab0a5115f6d?s=96&d=mm&r=g\",\"contentUrl\":\"https:\\\/\\\/secure.gravatar.com\\\/avatar\\\/3ef55e0519f987a734c21caee1423b51df7b760b7d81a38ecd31cab0a5115f6d?s=96&d=mm&r=g\",\"caption\":\"Mastorrencito\"},\"url\":\"https:\\\/\\\/mastorrencito.com\\\/cat\\\/author\\\/mastorrencito\\\/\"}]}<\/script>\n<!-- \/ Yoast SEO Premium plugin. -->","yoast_head_json":{"title":"Bye Bye 2024\u2026 Hellouuuuuu 2025 by Mastorretet \ud83c\udf1f \u2728 - Mas Torrencito CAT","description":"Se'ns en va el 24, per a uns anys d'alegries i per a un altre de tristesa... Que ens oferir\u00e0 el 25? Bye Bye 2024\u2026 Hellouu 2025 by Mastorret","robots":{"index":"index","follow":"follow","max-snippet":"max-snippet:-1","max-image-preview":"max-image-preview:large","max-video-preview":"max-video-preview:-1"},"canonical":"https:\/\/mastorrencito.com\/cat\/bye-bye-2024-hellouuuuuu-2025-by-mastorretet-\ud83c\udf1f-\u2728\/","og_locale":"es_ES","og_type":"article","og_title":"Bye Bye 2024\u2026 Hellouuuuuu 2025 by Mastorretet \ud83c\udf1f \u2728","og_description":"Se'ns en va el 24, per a uns anys d'alegries i per a un altre de tristesa... Que ens oferir\u00e0 el 25? Bye Bye 2024\u2026 Hellouu 2025 by Mastorret","og_url":"https:\/\/mastorrencito.com\/cat\/bye-bye-2024-hellouuuuuu-2025-by-mastorretet-\ud83c\udf1f-\u2728\/","og_site_name":"Mas Torrencito CAT","article_published_time":"2024-12-31T06:14:43+00:00","og_image":[{"width":2560,"height":1708,"url":"https:\/\/mastorrencito.com\/cat\/wp-content\/uploads\/sites\/3\/03_TF_9401_W-scaled-1.jpg","type":"image\/jpeg"}],"author":"Mastorrencito","twitter_card":"summary_large_image","twitter_misc":{"Escrito por":"Mastorrencito","Tiempo de lectura":"5 minutos"},"schema":{"@context":"https:\/\/schema.org","@graph":[{"@type":"Article","@id":"https:\/\/mastorrencito.com\/cat\/bye-bye-2024-hellouuuuuu-2025-by-mastorretet-%f0%9f%8c%9f-%e2%9c%a8\/#article","isPartOf":{"@id":"https:\/\/mastorrencito.com\/cat\/bye-bye-2024-hellouuuuuu-2025-by-mastorretet-%f0%9f%8c%9f-%e2%9c%a8\/"},"author":{"name":"Mastorrencito","@id":"https:\/\/mastorrencito.com\/#\/schema\/person\/18c619be80d4ae2667c702911625f790"},"headline":"Bye Bye 2024\u2026 Hellouuuuuu 2025 by Mastorretet \ud83c\udf1f \u2728","datePublished":"2024-12-31T06:14:43+00:00","mainEntityOfPage":{"@id":"https:\/\/mastorrencito.com\/cat\/bye-bye-2024-hellouuuuuu-2025-by-mastorretet-%f0%9f%8c%9f-%e2%9c%a8\/"},"wordCount":1048,"commentCount":0,"publisher":{"@id":"https:\/\/mastorrencito.com\/#organization"},"image":{"@id":"https:\/\/mastorrencito.com\/cat\/bye-bye-2024-hellouuuuuu-2025-by-mastorretet-%f0%9f%8c%9f-%e2%9c%a8\/#primaryimage"},"thumbnailUrl":"https:\/\/mastorrencito.com\/cat\/wp-content\/uploads\/sites\/3\/03_TF_9401_W-scaled-1.jpg","articleSection":["Hist\u00f2ries Mastorrencito"],"inLanguage":"es","potentialAction":[{"@type":"CommentAction","name":"Comment","target":["https:\/\/mastorrencito.com\/cat\/bye-bye-2024-hellouuuuuu-2025-by-mastorretet-%f0%9f%8c%9f-%e2%9c%a8\/#respond"]}]},{"@type":"WebPage","@id":"https:\/\/mastorrencito.com\/cat\/bye-bye-2024-hellouuuuuu-2025-by-mastorretet-%f0%9f%8c%9f-%e2%9c%a8\/","url":"https:\/\/mastorrencito.com\/cat\/bye-bye-2024-hellouuuuuu-2025-by-mastorretet-%f0%9f%8c%9f-%e2%9c%a8\/","name":"Bye Bye 2024\u2026 Hellouuuuuu 2025 by Mastorretet \ud83c\udf1f \u2728 - Mas Torrencito CAT","isPartOf":{"@id":"https:\/\/mastorrencito.com\/#website"},"primaryImageOfPage":{"@id":"https:\/\/mastorrencito.com\/cat\/bye-bye-2024-hellouuuuuu-2025-by-mastorretet-%f0%9f%8c%9f-%e2%9c%a8\/#primaryimage"},"image":{"@id":"https:\/\/mastorrencito.com\/cat\/bye-bye-2024-hellouuuuuu-2025-by-mastorretet-%f0%9f%8c%9f-%e2%9c%a8\/#primaryimage"},"thumbnailUrl":"https:\/\/mastorrencito.com\/cat\/wp-content\/uploads\/sites\/3\/03_TF_9401_W-scaled-1.jpg","datePublished":"2024-12-31T06:14:43+00:00","description":"Se'ns en va el 24, per a uns anys d'alegries i per a un altre de tristesa... Que ens oferir\u00e0 el 25? Bye Bye 2024\u2026 Hellouu 2025 by Mastorret","breadcrumb":{"@id":"https:\/\/mastorrencito.com\/cat\/bye-bye-2024-hellouuuuuu-2025-by-mastorretet-%f0%9f%8c%9f-%e2%9c%a8\/#breadcrumb"},"inLanguage":"es","potentialAction":[{"@type":"ReadAction","target":["https:\/\/mastorrencito.com\/cat\/bye-bye-2024-hellouuuuuu-2025-by-mastorretet-%f0%9f%8c%9f-%e2%9c%a8\/"]}]},{"@type":"ImageObject","inLanguage":"es","@id":"https:\/\/mastorrencito.com\/cat\/bye-bye-2024-hellouuuuuu-2025-by-mastorretet-%f0%9f%8c%9f-%e2%9c%a8\/#primaryimage","url":"https:\/\/mastorrencito.com\/cat\/wp-content\/uploads\/sites\/3\/03_TF_9401_W-scaled-1.jpg","contentUrl":"https:\/\/mastorrencito.com\/cat\/wp-content\/uploads\/sites\/3\/03_TF_9401_W-scaled-1.jpg","width":2560,"height":1708,"caption":"Fachada MasTorrencito... Vuestra casa y la de vuestros peludos!!!"},{"@type":"BreadcrumbList","@id":"https:\/\/mastorrencito.com\/cat\/bye-bye-2024-hellouuuuuu-2025-by-mastorretet-%f0%9f%8c%9f-%e2%9c%a8\/#breadcrumb","itemListElement":[{"@type":"ListItem","position":1,"name":"Portada","item":"https:\/\/mastorrencito.com\/"},{"@type":"ListItem","position":2,"name":"Bye Bye 2024\u2026 Hellouuuuuu 2025 by Mastorretet \ud83c\udf1f \u2728"}]},{"@type":"WebSite","@id":"https:\/\/mastorrencito.com\/#website","url":"https:\/\/mastorrencito.com\/","name":"Mas Torrencito CAT","description":"Casa rural pet friendly en Girona","publisher":{"@id":"https:\/\/mastorrencito.com\/#organization"},"potentialAction":[{"@type":"SearchAction","target":{"@type":"EntryPoint","urlTemplate":"https:\/\/mastorrencito.com\/?s={search_term_string}"},"query-input":{"@type":"PropertyValueSpecification","valueRequired":true,"valueName":"search_term_string"}}],"inLanguage":"es"},{"@type":"Organization","@id":"https:\/\/mastorrencito.com\/#organization","name":"Mas Torrencito CAT","url":"https:\/\/mastorrencito.com\/","logo":{"@type":"ImageObject","inLanguage":"es","@id":"https:\/\/mastorrencito.com\/#\/schema\/logo\/image\/","url":"https:\/\/mastorrencito.com\/cat\/wp-content\/uploads\/sites\/3\/Logo-Mastorrencito-horizontal.webp","contentUrl":"https:\/\/mastorrencito.com\/cat\/wp-content\/uploads\/sites\/3\/Logo-Mastorrencito-horizontal.webp","width":161,"height":54,"caption":"Mas Torrencito CAT"},"image":{"@id":"https:\/\/mastorrencito.com\/#\/schema\/logo\/image\/"}},{"@type":"Person","@id":"https:\/\/mastorrencito.com\/#\/schema\/person\/18c619be80d4ae2667c702911625f790","name":"Mastorrencito","image":{"@type":"ImageObject","inLanguage":"es","@id":"https:\/\/secure.gravatar.com\/avatar\/3ef55e0519f987a734c21caee1423b51df7b760b7d81a38ecd31cab0a5115f6d?s=96&d=mm&r=g","url":"https:\/\/secure.gravatar.com\/avatar\/3ef55e0519f987a734c21caee1423b51df7b760b7d81a38ecd31cab0a5115f6d?s=96&d=mm&r=g","contentUrl":"https:\/\/secure.gravatar.com\/avatar\/3ef55e0519f987a734c21caee1423b51df7b760b7d81a38ecd31cab0a5115f6d?s=96&d=mm&r=g","caption":"Mastorrencito"},"url":"https:\/\/mastorrencito.com\/cat\/author\/mastorrencito\/"}]}},"acf":[],"_links":{"self":[{"href":"https:\/\/mastorrencito.com\/cat\/wp-json\/wp\/v2\/posts\/3015","targetHints":{"allow":["GET"]}}],"collection":[{"href":"https:\/\/mastorrencito.com\/cat\/wp-json\/wp\/v2\/posts"}],"about":[{"href":"https:\/\/mastorrencito.com\/cat\/wp-json\/wp\/v2\/types\/post"}],"author":[{"embeddable":true,"href":"https:\/\/mastorrencito.com\/cat\/wp-json\/wp\/v2\/users\/2"}],"replies":[{"embeddable":true,"href":"https:\/\/mastorrencito.com\/cat\/wp-json\/wp\/v2\/comments?post=3015"}],"version-history":[{"count":0,"href":"https:\/\/mastorrencito.com\/cat\/wp-json\/wp\/v2\/posts\/3015\/revisions"}],"wp:featuredmedia":[{"embeddable":true,"href":"https:\/\/mastorrencito.com\/cat\/wp-json\/wp\/v2\/media\/3011"}],"wp:attachment":[{"href":"https:\/\/mastorrencito.com\/cat\/wp-json\/wp\/v2\/media?parent=3015"}],"wp:term":[{"taxonomy":"category","embeddable":true,"href":"https:\/\/mastorrencito.com\/cat\/wp-json\/wp\/v2\/categories?post=3015"},{"taxonomy":"post_tag","embeddable":true,"href":"https:\/\/mastorrencito.com\/cat\/wp-json\/wp\/v2\/tags?post=3015"}],"curies":[{"name":"wp","href":"https:\/\/api.w.org\/{rel}","templated":true}]}}