{"id":3006,"date":"2024-12-30T05:46:39","date_gmt":"2024-12-30T05:46:39","guid":{"rendered":"https:\/\/casaruralconperrosgirona.com\/perque-son-millors-les-persones-que-tenen-gossos-que-les-que-no-by-mastorret\/"},"modified":"2024-12-30T05:46:39","modified_gmt":"2024-12-30T05:46:39","slug":"perque-son-millors-les-persones-que-tenen-gossos-que-les-que-no-by-mastorret","status":"publish","type":"post","link":"https:\/\/mastorrencito.com\/cat\/perque-son-millors-les-persones-que-tenen-gossos-que-les-que-no-by-mastorret\/","title":{"rendered":"Perqu\u00e8 s\u00f3n millors les persones que tenen gossos que les que no? by MasTorret"},"content":{"rendered":"\n<hr class=\"wp-block-separator has-alpha-channel-opacity\" \/>\n\n<p>Al cor de <strong>MasTorrencito<\/strong> batega una filosofia tan \u00fanica com entranyable: aquest no \u00e9s simplement un lloc on \u201cs&#8217;admeten mascotes\u201d. Perqu\u00e8 s\u00f3n millors les persones que tenen gossos que les que no? by MasTorret <\/p>\n\n<p>No. Aqu\u00ed les portes s&#8217;obren de bat a bat perqu\u00e8 els veritables protagonistes \u2014els peluts de quatre potes \ud83d\udc3e puguin c\u00f3rrer, jugar i, sobretot, ser feli\u00e7os. Perqu\u00e8 s\u00ed, hi ha moltes cases rurals que s&#8217;autodenominen \u201cpetfriendly\u201d, per\u00f2 com <strong>MasTorrencito<\/strong> , creiem sincerament que cap. \u2764\ufe0f   <\/p>\n<figure class=\"wp-block-post-featured-image\"><img fetchpriority=\"high\" decoding=\"async\" width=\"1200\" height=\"1600\" src=\"https:\/\/mastorrencito.com\/cat\/wp-content\/uploads\/sites\/3\/Imatge-de-WhatsApp-2024-12-30-a-les-06.40.16_6ce3a924.jpg\" class=\"attachment-post-thumbnail size-post-thumbnail wp-post-image\" alt=\"\" style=\"object-fit:cover;\" srcset=\"https:\/\/mastorrencito.com\/cat\/wp-content\/uploads\/sites\/3\/Imatge-de-WhatsApp-2024-12-30-a-les-06.40.16_6ce3a924.jpg 1200w, https:\/\/mastorrencito.com\/cat\/wp-content\/uploads\/sites\/3\/Imatge-de-WhatsApp-2024-12-30-a-les-06.40.16_6ce3a924-225x300.jpg 225w, https:\/\/mastorrencito.com\/cat\/wp-content\/uploads\/sites\/3\/Imatge-de-WhatsApp-2024-12-30-a-les-06.40.16_6ce3a924-768x1024.jpg 768w, https:\/\/mastorrencito.com\/cat\/wp-content\/uploads\/sites\/3\/Imatge-de-WhatsApp-2024-12-30-a-les-06.40.16_6ce3a924-1152x1536.jpg 1152w\" sizes=\"(max-width: 1200px) 100vw, 1200px\" \/><\/figure>\n<p><strong>\u00bf Per qu\u00e8? Perqu\u00e8 els que estimem els gossos som millors persones. <\/strong>  \ud83d\udc36 \u2728<\/p>\n\n<p>Quan aquesta aventura va comen\u00e7ar, ho va fer des d&#8217;un lloc d&#8217;aprenentatges i tamb\u00e9 d&#8217;alguna decepci\u00f3. \ud83d\ude14 Hi va haver moments en qu\u00e8 bregar amb persones va resultar dif\u00edcil, per\u00f2 aviat va arribar un gir inesperat: <strong>decidir que MasTorrencito seria un lloc per a persones que estimen els animals.<\/strong> \ud83d\udc15 \ud83d\udc96 I no, no va ser una cosa casual. Va ser una decisi\u00f3 meditada, nascuda de l&#8217;observaci\u00f3, perqu\u00e8 em vaig adonar d&#8217;una cosa molt simple per\u00f2 poderosa: els qui estimen els animals solen ser persones m\u00e9s tolerants, m\u00e9s emp\u00e0tiques, m\u00e9s amables i molt m\u00e9s agra\u00efdes. \ud83c\udf1f <\/p>\n\n<p><strong>Era un risc, ho s\u00e9.<\/strong>  Decidir aix\u00f2 significava renunciar a m\u00e9s del 60% de possibles clients, perqu\u00e8 no tothom gaudeix de la idea de gossos solts corretejant, bordant d&#8217;alegria o explorant lliurement. Per\u00f2 el risc va valer la pena. I cada dia, quan arriben nous hostes, tinc dues grans curiositats al cap:<br \/> 1\ufe0f\u20e3 Com seran les persones?<br \/> 2\ufe0f\u20e3 Com seran els seus gossos? \ud83d\udc15  <\/p>\n\n<p>Perqu\u00e8 aqu\u00ed cada nova arribada \u00e9s una petita aventura. Mai saps quin company pelut creuar\u00e0 la porta: ser\u00e0 un cadell juganer? \ud83d\udc36 Un s\u00e8nior calmat? \ud83d\udc15\u200d\ud83e\uddba Ser\u00e0 sociable? Es portar\u00e0 b\u00e9 amb Masto, Maky, Mastitwo i Mamas, els amfitrions perruns de la casa?    <\/p>\n\n<p>I s\u00ed, admet que de vegades em preocupo per aquestes coses, per\u00f2 en el fons tinc la certesa que aquesta decisi\u00f3 va ser la correcta. \ud83d\udca1 Perqu\u00e8 <strong>MasTorrencito no \u00e9s nom\u00e9s un allotjament; \u00e9s un refugi, una llar temporal per als que saben que les mascotes s\u00f3n molt m\u00e9s que simples companys.<\/strong> <\/p>\n\n<h4 class=\"wp-block-heading\"><strong>El principi va ser complicat.<\/strong><\/h4>\n\n<p>Reconec que al principi em costava dir que no als que no tenien mascotes. \ud83e\udee4 Hi havia els que no entenien per qu\u00e8, fins i tot amb tot l&#8217;afecte del m\u00f3n, no podia acceptar les reserves. I no era per excloure&#8217;ls, ni de bon tros. Al contrari! Ho feia pensant en les veritables estrelles de MasTorrencito: els animals. \ud83d\udc3e \ud83d\udc9b Aqu\u00ed tot est\u00e0 dissenyat perqu\u00e8 ells siguin feli\u00e7os, perqu\u00e8 corrin lliures, perqu\u00e8 els seus humans puguin relaxar-se sense preocupar-se de males cares o ganivetejos.     <\/p>\n\n<p>Perqu\u00e8, siguem honestos: quantes vegades has sentit aquestes mirades de re\u00fcll quan el teu gos borda o quan, per una distracci\u00f3, fa alguna cosa \u00abfora de lloc\u00bb? Aqu\u00ed aix\u00f2 no passa. \ud83e\udd37\u200d\u2640\ufe0f Si el teu pelut fa les seves coses, ho reculls i llest. Sense drames, sense incomoditats, sense murmuris inc\u00f2modes. <strong>Aix\u00ed \u00e9s com hauria de ser, oi?<\/strong> \ud83d\ude0a   <\/p>\n\n<h5 class=\"wp-block-heading\"><strong>Un lloc especial per a persones especials.<\/strong><\/h5>\n\n<p>MasTorrencito no \u00e9s per a qualsevol, i est\u00e0 b\u00e9 que sigui aix\u00ed. No \u00e9s per a qui veu la seva mascota com un accessori m\u00e9s o per a qui pensa que perqu\u00e8 paga una habitaci\u00f3, el seu gos t\u00e9 m\u00e9s drets que els altres. \u274c Aquest \u00e9s un lloc on tots els animals s\u00f3n iguals, on no hi ha jerarquies entre el pastor alemany que corre feli\u00e7 pel jard\u00ed \ud83d\udc15 i el petit caniche que descansa a l&#8217;habitaci\u00f3 xocolata \ud83d\udc29 .    <strong>Aqu\u00ed tots tenen el seu espai, des dels meus gossos fins al pelut m\u00e9s t\u00edmid que arriba de visita.<\/strong><\/p>\n\n<p>I aix\u00f2 \u00e9s el que fa a MasTorrencito tan especial. Aqu\u00ed entenem qu\u00e8 \u00e9s \ud83d\udcab petfriendly <strong>.<\/strong> <\/p>\n\n<figure class=\"wp-block-image size-large\"><img decoding=\"async\" width=\"1024\" height=\"643\" src=\"https:\/\/mastorrencito.com\/wp-content\/uploads\/2024\/12\/tiruri1-1024x643.jpg\" alt=\"\" class=\"wp-image-3002\" srcset=\"https:\/\/mastorrencito.com\/cat\/wp-content\/uploads\/sites\/3\/tiruri1-1024x643.jpg 1024w, https:\/\/mastorrencito.com\/cat\/wp-content\/uploads\/sites\/3\/tiruri1-300x188.jpg 300w, https:\/\/mastorrencito.com\/cat\/wp-content\/uploads\/sites\/3\/tiruri1-768x482.jpg 768w, https:\/\/mastorrencito.com\/cat\/wp-content\/uploads\/sites\/3\/tiruri1-1536x965.jpg 1536w, https:\/\/mastorrencito.com\/cat\/wp-content\/uploads\/sites\/3\/tiruri1.jpg 1600w\" sizes=\"(max-width: 1024px) 100vw, 1024px\" \/><\/figure>\n<p>Perqu\u00e8, siguem clars, hi ha molts llocs que diuen ser petfriendly, per\u00f2 imposen mil restriccions: \u201cel gos no pot bordar, no pot pujar al sof\u00e0, no pot anar aqu\u00ed, no pot anar-hi\u2026\u201d \ud83d\ude44 A MasTorrencito, l&#8217;experi\u00e8ncia \u00e9s diferent . Aqu\u00ed, el teu gos \u00e9s part de la fam\u00edlia, per\u00f2 sempre dins del respecte pels altres hostes, peluts i humans. <\/p>\n\n<h5 class=\"wp-block-heading\"><strong>I saps qu\u00e8? Em vaig adonar d&#8217;alguna cosa amb el temps: les persones que estimen els animals s\u00f3n, la majoria, millors persones. <\/strong>  \ud83c\udf1f<\/h5>\n\n<p>S\u00ed, sempre hi haur\u00e0 excepcions (capullos n&#8217;hi ha a tot arreu, admetem-ho \ud83d\ude05 ), per\u00f2 quan veig alg\u00fa que dedica el seu temps lliure a passejar el seu gos, a preocupar-se per la seva felicitat, a assegurar-se que no est\u00e0 sol, <strong>s\u00e9 que aquesta \u00e9s una persona especial.<\/strong> Aquesta \u00e9s la classe de persones que vull que creuin les portes de MasTorrencito. \ud83c\udfe1 \ud83d\udc3e <\/p>\n\n<p>Perqu\u00e8, si em d\u00f3nes a triar, sempre em quedar\u00e9 amb qui posa el benestar de la seva mascota per sobre de la comoditat. Amb qui ent\u00e9n que aquest m\u00f3n no \u00e9s nom\u00e9s per als humans, sin\u00f3 tamb\u00e9 per a aquests \u00e9ssers peluts que ens ensenyen, cada dia, el que significa l&#8217;amor incondicional. \ud83d\udc95 \ud83d\udc3e  <\/p>\n\n<hr class=\"wp-block-separator has-alpha-channel-opacity\" \/>\n\n<p><strong>I tu digues-me: no preferiries estar envoltat de persones aix\u00ed?<\/strong><br \/> Jo s\u00ed. Sempre. \ud83d\ude0a<\/p>\n\n<hr class=\"wp-block-separator has-alpha-channel-opacity\" \/>\n\n<blockquote class=\"wp-block-quote is-layout-flow wp-block-quote-is-layout-flow\">\n<p>Des de MasTorrencito et desitgem un bon dia i que els teus gossos t&#8217;acompanyin!!!!<\/p>\n<\/blockquote>\n\n<p>\u2014\u2013<br \/> Si vols, pot veure els nostres <strong>bons per caps de setmana, bons jubilats<\/strong> , a un preu incre\u00efble..entra a <a href=\"https:\/\/www.mastorrencito.com\/\">www.mastorrencito.com<\/a> o si vols podeu llegir m\u00e9s hist\u00f2ria i an\u00e8cdotes que ens han passat a Mas Torrencito\u2026 Fes click <a href=\"https:\/\/mastorrencito.com\/\">aqu\u00ed<\/a><\/p>\n\n<p><\/p>\n","protected":false},"excerpt":{"rendered":"<p>Al cor de MasTorrencito batega una filosofia tan \u00fanica com entranyable: aquest no \u00e9s simplement un lloc on \u201cs&#8217;admeten mascotes\u201d. Perqu\u00e8 s\u00f3n millors les persones que tenen gossos que les que no? by MasTorret No. Aqu\u00ed les portes s&#8217;obren de bat a bat perqu\u00e8 els veritables protagonistes \u2014els peluts de quatre potes \ud83d\udc3e puguin c\u00f3rrer, [&hellip;]<\/p>\n","protected":false},"author":2,"featured_media":2999,"comment_status":"open","ping_status":"closed","sticky":false,"template":"","format":"standard","meta":{"_acf_changed":false,"footnotes":""},"categories":[35],"tags":[],"class_list":["post-3006","post","type-post","status-publish","format-standard","has-post-thumbnail","hentry","category-histories-mastorrencito"],"yoast_head":"<!-- This site is optimized with the Yoast SEO Premium plugin v27.3 (Yoast SEO v27.5) - https:\/\/yoast.com\/product\/yoast-seo-premium-wordpress\/ -->\n<title>Les millors persones les que tenen mascotes by MasTorrencito<\/title>\n<meta name=\"description\" content=\"Aquestes d&#039;acord que les persones que tenen mascotes s\u00f3n millors persones que les que no en tenen.\" \/>\n<meta name=\"robots\" content=\"index, follow, max-snippet:-1, max-image-preview:large, max-video-preview:-1\" \/>\n<link rel=\"canonical\" href=\"https:\/\/mastorrencito.com\/cat\/perque-son-millors-les-persones-que-tenen-gossos-que-les-que-no-by-mastorret\/\" \/>\n<meta property=\"og:locale\" content=\"es_ES\" \/>\n<meta property=\"og:type\" content=\"article\" \/>\n<meta property=\"og:title\" content=\"Perqu\u00e8 s\u00f3n millors les persones que tenen gossos que les que no? by MasTorret\" \/>\n<meta property=\"og:description\" content=\"Aquestes d&#039;acord que les persones que tenen mascotes s\u00f3n millors persones que les que no en tenen.\" \/>\n<meta property=\"og:url\" content=\"https:\/\/mastorrencito.com\/cat\/perque-son-millors-les-persones-que-tenen-gossos-que-les-que-no-by-mastorret\/\" \/>\n<meta property=\"og:site_name\" content=\"Mas Torrencito CAT\" \/>\n<meta property=\"article:published_time\" content=\"2024-12-30T05:46:39+00:00\" \/>\n<meta property=\"og:image\" content=\"https:\/\/mastorrencito.com\/cat\/wp-content\/uploads\/sites\/3\/Imatge-de-WhatsApp-2024-12-30-a-les-06.40.16_6ce3a924.jpg\" \/>\n\t<meta property=\"og:image:width\" content=\"1200\" \/>\n\t<meta property=\"og:image:height\" content=\"1600\" \/>\n\t<meta property=\"og:image:type\" content=\"image\/jpeg\" \/>\n<meta name=\"author\" content=\"Mastorrencito\" \/>\n<meta name=\"twitter:card\" content=\"summary_large_image\" \/>\n<meta name=\"twitter:label1\" content=\"Escrito por\" \/>\n\t<meta name=\"twitter:data1\" content=\"Mastorrencito\" \/>\n\t<meta name=\"twitter:label2\" content=\"Tiempo de lectura\" \/>\n\t<meta name=\"twitter:data2\" content=\"4 minutos\" \/>\n<script type=\"application\/ld+json\" class=\"yoast-schema-graph\">{\"@context\":\"https:\\\/\\\/schema.org\",\"@graph\":[{\"@type\":\"Article\",\"@id\":\"https:\\\/\\\/mastorrencito.com\\\/cat\\\/perque-son-millors-les-persones-que-tenen-gossos-que-les-que-no-by-mastorret\\\/#article\",\"isPartOf\":{\"@id\":\"https:\\\/\\\/mastorrencito.com\\\/cat\\\/perque-son-millors-les-persones-que-tenen-gossos-que-les-que-no-by-mastorret\\\/\"},\"author\":{\"name\":\"Mastorrencito\",\"@id\":\"https:\\\/\\\/mastorrencito.com\\\/#\\\/schema\\\/person\\\/18c619be80d4ae2667c702911625f790\"},\"headline\":\"Perqu\u00e8 s\u00f3n millors les persones que tenen gossos que les que no? by MasTorret\",\"datePublished\":\"2024-12-30T05:46:39+00:00\",\"mainEntityOfPage\":{\"@id\":\"https:\\\/\\\/mastorrencito.com\\\/cat\\\/perque-son-millors-les-persones-que-tenen-gossos-que-les-que-no-by-mastorret\\\/\"},\"wordCount\":919,\"commentCount\":0,\"publisher\":{\"@id\":\"https:\\\/\\\/mastorrencito.com\\\/#organization\"},\"image\":{\"@id\":\"https:\\\/\\\/mastorrencito.com\\\/cat\\\/perque-son-millors-les-persones-que-tenen-gossos-que-les-que-no-by-mastorret\\\/#primaryimage\"},\"thumbnailUrl\":\"https:\\\/\\\/mastorrencito.com\\\/cat\\\/wp-content\\\/uploads\\\/sites\\\/3\\\/Imatge-de-WhatsApp-2024-12-30-a-les-06.40.16_6ce3a924.jpg\",\"articleSection\":[\"Hist\u00f2ries Mastorrencito\"],\"inLanguage\":\"es\",\"potentialAction\":[{\"@type\":\"CommentAction\",\"name\":\"Comment\",\"target\":[\"https:\\\/\\\/mastorrencito.com\\\/cat\\\/perque-son-millors-les-persones-que-tenen-gossos-que-les-que-no-by-mastorret\\\/#respond\"]}]},{\"@type\":\"WebPage\",\"@id\":\"https:\\\/\\\/mastorrencito.com\\\/cat\\\/perque-son-millors-les-persones-que-tenen-gossos-que-les-que-no-by-mastorret\\\/\",\"url\":\"https:\\\/\\\/mastorrencito.com\\\/cat\\\/perque-son-millors-les-persones-que-tenen-gossos-que-les-que-no-by-mastorret\\\/\",\"name\":\"Les millors persones les que tenen mascotes by MasTorrencito\",\"isPartOf\":{\"@id\":\"https:\\\/\\\/mastorrencito.com\\\/#website\"},\"primaryImageOfPage\":{\"@id\":\"https:\\\/\\\/mastorrencito.com\\\/cat\\\/perque-son-millors-les-persones-que-tenen-gossos-que-les-que-no-by-mastorret\\\/#primaryimage\"},\"image\":{\"@id\":\"https:\\\/\\\/mastorrencito.com\\\/cat\\\/perque-son-millors-les-persones-que-tenen-gossos-que-les-que-no-by-mastorret\\\/#primaryimage\"},\"thumbnailUrl\":\"https:\\\/\\\/mastorrencito.com\\\/cat\\\/wp-content\\\/uploads\\\/sites\\\/3\\\/Imatge-de-WhatsApp-2024-12-30-a-les-06.40.16_6ce3a924.jpg\",\"datePublished\":\"2024-12-30T05:46:39+00:00\",\"description\":\"Aquestes d'acord que les persones que tenen mascotes s\u00f3n millors persones que les que no en tenen.\",\"breadcrumb\":{\"@id\":\"https:\\\/\\\/mastorrencito.com\\\/cat\\\/perque-son-millors-les-persones-que-tenen-gossos-que-les-que-no-by-mastorret\\\/#breadcrumb\"},\"inLanguage\":\"es\",\"potentialAction\":[{\"@type\":\"ReadAction\",\"target\":[\"https:\\\/\\\/mastorrencito.com\\\/cat\\\/perque-son-millors-les-persones-que-tenen-gossos-que-les-que-no-by-mastorret\\\/\"]}]},{\"@type\":\"ImageObject\",\"inLanguage\":\"es\",\"@id\":\"https:\\\/\\\/mastorrencito.com\\\/cat\\\/perque-son-millors-les-persones-que-tenen-gossos-que-les-que-no-by-mastorret\\\/#primaryimage\",\"url\":\"https:\\\/\\\/mastorrencito.com\\\/cat\\\/wp-content\\\/uploads\\\/sites\\\/3\\\/Imatge-de-WhatsApp-2024-12-30-a-les-06.40.16_6ce3a924.jpg\",\"contentUrl\":\"https:\\\/\\\/mastorrencito.com\\\/cat\\\/wp-content\\\/uploads\\\/sites\\\/3\\\/Imatge-de-WhatsApp-2024-12-30-a-les-06.40.16_6ce3a924.jpg\",\"width\":1200,\"height\":1600},{\"@type\":\"BreadcrumbList\",\"@id\":\"https:\\\/\\\/mastorrencito.com\\\/cat\\\/perque-son-millors-les-persones-que-tenen-gossos-que-les-que-no-by-mastorret\\\/#breadcrumb\",\"itemListElement\":[{\"@type\":\"ListItem\",\"position\":1,\"name\":\"Portada\",\"item\":\"https:\\\/\\\/mastorrencito.com\\\/\"},{\"@type\":\"ListItem\",\"position\":2,\"name\":\"Perqu\u00e8 s\u00f3n millors les persones que tenen gossos que les que no? by MasTorret\"}]},{\"@type\":\"WebSite\",\"@id\":\"https:\\\/\\\/mastorrencito.com\\\/#website\",\"url\":\"https:\\\/\\\/mastorrencito.com\\\/\",\"name\":\"Mas Torrencito CAT\",\"description\":\"Casa rural pet friendly en Girona\",\"publisher\":{\"@id\":\"https:\\\/\\\/mastorrencito.com\\\/#organization\"},\"potentialAction\":[{\"@type\":\"SearchAction\",\"target\":{\"@type\":\"EntryPoint\",\"urlTemplate\":\"https:\\\/\\\/mastorrencito.com\\\/?s={search_term_string}\"},\"query-input\":{\"@type\":\"PropertyValueSpecification\",\"valueRequired\":true,\"valueName\":\"search_term_string\"}}],\"inLanguage\":\"es\"},{\"@type\":\"Organization\",\"@id\":\"https:\\\/\\\/mastorrencito.com\\\/#organization\",\"name\":\"Mas Torrencito CAT\",\"url\":\"https:\\\/\\\/mastorrencito.com\\\/\",\"logo\":{\"@type\":\"ImageObject\",\"inLanguage\":\"es\",\"@id\":\"https:\\\/\\\/mastorrencito.com\\\/#\\\/schema\\\/logo\\\/image\\\/\",\"url\":\"https:\\\/\\\/mastorrencito.com\\\/cat\\\/wp-content\\\/uploads\\\/sites\\\/3\\\/Logo-Mastorrencito-horizontal.webp\",\"contentUrl\":\"https:\\\/\\\/mastorrencito.com\\\/cat\\\/wp-content\\\/uploads\\\/sites\\\/3\\\/Logo-Mastorrencito-horizontal.webp\",\"width\":161,\"height\":54,\"caption\":\"Mas Torrencito CAT\"},\"image\":{\"@id\":\"https:\\\/\\\/mastorrencito.com\\\/#\\\/schema\\\/logo\\\/image\\\/\"}},{\"@type\":\"Person\",\"@id\":\"https:\\\/\\\/mastorrencito.com\\\/#\\\/schema\\\/person\\\/18c619be80d4ae2667c702911625f790\",\"name\":\"Mastorrencito\",\"image\":{\"@type\":\"ImageObject\",\"inLanguage\":\"es\",\"@id\":\"https:\\\/\\\/secure.gravatar.com\\\/avatar\\\/3ef55e0519f987a734c21caee1423b51df7b760b7d81a38ecd31cab0a5115f6d?s=96&d=mm&r=g\",\"url\":\"https:\\\/\\\/secure.gravatar.com\\\/avatar\\\/3ef55e0519f987a734c21caee1423b51df7b760b7d81a38ecd31cab0a5115f6d?s=96&d=mm&r=g\",\"contentUrl\":\"https:\\\/\\\/secure.gravatar.com\\\/avatar\\\/3ef55e0519f987a734c21caee1423b51df7b760b7d81a38ecd31cab0a5115f6d?s=96&d=mm&r=g\",\"caption\":\"Mastorrencito\"},\"url\":\"https:\\\/\\\/mastorrencito.com\\\/cat\\\/author\\\/mastorrencito\\\/\"}]}<\/script>\n<!-- \/ Yoast SEO Premium plugin. -->","yoast_head_json":{"title":"Les millors persones les que tenen mascotes by MasTorrencito","description":"Aquestes d'acord que les persones que tenen mascotes s\u00f3n millors persones que les que no en tenen.","robots":{"index":"index","follow":"follow","max-snippet":"max-snippet:-1","max-image-preview":"max-image-preview:large","max-video-preview":"max-video-preview:-1"},"canonical":"https:\/\/mastorrencito.com\/cat\/perque-son-millors-les-persones-que-tenen-gossos-que-les-que-no-by-mastorret\/","og_locale":"es_ES","og_type":"article","og_title":"Perqu\u00e8 s\u00f3n millors les persones que tenen gossos que les que no? by MasTorret","og_description":"Aquestes d'acord que les persones que tenen mascotes s\u00f3n millors persones que les que no en tenen.","og_url":"https:\/\/mastorrencito.com\/cat\/perque-son-millors-les-persones-que-tenen-gossos-que-les-que-no-by-mastorret\/","og_site_name":"Mas Torrencito CAT","article_published_time":"2024-12-30T05:46:39+00:00","og_image":[{"width":1200,"height":1600,"url":"https:\/\/mastorrencito.com\/cat\/wp-content\/uploads\/sites\/3\/Imatge-de-WhatsApp-2024-12-30-a-les-06.40.16_6ce3a924.jpg","type":"image\/jpeg"}],"author":"Mastorrencito","twitter_card":"summary_large_image","twitter_misc":{"Escrito por":"Mastorrencito","Tiempo de lectura":"4 minutos"},"schema":{"@context":"https:\/\/schema.org","@graph":[{"@type":"Article","@id":"https:\/\/mastorrencito.com\/cat\/perque-son-millors-les-persones-que-tenen-gossos-que-les-que-no-by-mastorret\/#article","isPartOf":{"@id":"https:\/\/mastorrencito.com\/cat\/perque-son-millors-les-persones-que-tenen-gossos-que-les-que-no-by-mastorret\/"},"author":{"name":"Mastorrencito","@id":"https:\/\/mastorrencito.com\/#\/schema\/person\/18c619be80d4ae2667c702911625f790"},"headline":"Perqu\u00e8 s\u00f3n millors les persones que tenen gossos que les que no? by MasTorret","datePublished":"2024-12-30T05:46:39+00:00","mainEntityOfPage":{"@id":"https:\/\/mastorrencito.com\/cat\/perque-son-millors-les-persones-que-tenen-gossos-que-les-que-no-by-mastorret\/"},"wordCount":919,"commentCount":0,"publisher":{"@id":"https:\/\/mastorrencito.com\/#organization"},"image":{"@id":"https:\/\/mastorrencito.com\/cat\/perque-son-millors-les-persones-que-tenen-gossos-que-les-que-no-by-mastorret\/#primaryimage"},"thumbnailUrl":"https:\/\/mastorrencito.com\/cat\/wp-content\/uploads\/sites\/3\/Imatge-de-WhatsApp-2024-12-30-a-les-06.40.16_6ce3a924.jpg","articleSection":["Hist\u00f2ries Mastorrencito"],"inLanguage":"es","potentialAction":[{"@type":"CommentAction","name":"Comment","target":["https:\/\/mastorrencito.com\/cat\/perque-son-millors-les-persones-que-tenen-gossos-que-les-que-no-by-mastorret\/#respond"]}]},{"@type":"WebPage","@id":"https:\/\/mastorrencito.com\/cat\/perque-son-millors-les-persones-que-tenen-gossos-que-les-que-no-by-mastorret\/","url":"https:\/\/mastorrencito.com\/cat\/perque-son-millors-les-persones-que-tenen-gossos-que-les-que-no-by-mastorret\/","name":"Les millors persones les que tenen mascotes by MasTorrencito","isPartOf":{"@id":"https:\/\/mastorrencito.com\/#website"},"primaryImageOfPage":{"@id":"https:\/\/mastorrencito.com\/cat\/perque-son-millors-les-persones-que-tenen-gossos-que-les-que-no-by-mastorret\/#primaryimage"},"image":{"@id":"https:\/\/mastorrencito.com\/cat\/perque-son-millors-les-persones-que-tenen-gossos-que-les-que-no-by-mastorret\/#primaryimage"},"thumbnailUrl":"https:\/\/mastorrencito.com\/cat\/wp-content\/uploads\/sites\/3\/Imatge-de-WhatsApp-2024-12-30-a-les-06.40.16_6ce3a924.jpg","datePublished":"2024-12-30T05:46:39+00:00","description":"Aquestes d'acord que les persones que tenen mascotes s\u00f3n millors persones que les que no en tenen.","breadcrumb":{"@id":"https:\/\/mastorrencito.com\/cat\/perque-son-millors-les-persones-que-tenen-gossos-que-les-que-no-by-mastorret\/#breadcrumb"},"inLanguage":"es","potentialAction":[{"@type":"ReadAction","target":["https:\/\/mastorrencito.com\/cat\/perque-son-millors-les-persones-que-tenen-gossos-que-les-que-no-by-mastorret\/"]}]},{"@type":"ImageObject","inLanguage":"es","@id":"https:\/\/mastorrencito.com\/cat\/perque-son-millors-les-persones-que-tenen-gossos-que-les-que-no-by-mastorret\/#primaryimage","url":"https:\/\/mastorrencito.com\/cat\/wp-content\/uploads\/sites\/3\/Imatge-de-WhatsApp-2024-12-30-a-les-06.40.16_6ce3a924.jpg","contentUrl":"https:\/\/mastorrencito.com\/cat\/wp-content\/uploads\/sites\/3\/Imatge-de-WhatsApp-2024-12-30-a-les-06.40.16_6ce3a924.jpg","width":1200,"height":1600},{"@type":"BreadcrumbList","@id":"https:\/\/mastorrencito.com\/cat\/perque-son-millors-les-persones-que-tenen-gossos-que-les-que-no-by-mastorret\/#breadcrumb","itemListElement":[{"@type":"ListItem","position":1,"name":"Portada","item":"https:\/\/mastorrencito.com\/"},{"@type":"ListItem","position":2,"name":"Perqu\u00e8 s\u00f3n millors les persones que tenen gossos que les que no? by MasTorret"}]},{"@type":"WebSite","@id":"https:\/\/mastorrencito.com\/#website","url":"https:\/\/mastorrencito.com\/","name":"Mas Torrencito CAT","description":"Casa rural pet friendly en Girona","publisher":{"@id":"https:\/\/mastorrencito.com\/#organization"},"potentialAction":[{"@type":"SearchAction","target":{"@type":"EntryPoint","urlTemplate":"https:\/\/mastorrencito.com\/?s={search_term_string}"},"query-input":{"@type":"PropertyValueSpecification","valueRequired":true,"valueName":"search_term_string"}}],"inLanguage":"es"},{"@type":"Organization","@id":"https:\/\/mastorrencito.com\/#organization","name":"Mas Torrencito CAT","url":"https:\/\/mastorrencito.com\/","logo":{"@type":"ImageObject","inLanguage":"es","@id":"https:\/\/mastorrencito.com\/#\/schema\/logo\/image\/","url":"https:\/\/mastorrencito.com\/cat\/wp-content\/uploads\/sites\/3\/Logo-Mastorrencito-horizontal.webp","contentUrl":"https:\/\/mastorrencito.com\/cat\/wp-content\/uploads\/sites\/3\/Logo-Mastorrencito-horizontal.webp","width":161,"height":54,"caption":"Mas Torrencito CAT"},"image":{"@id":"https:\/\/mastorrencito.com\/#\/schema\/logo\/image\/"}},{"@type":"Person","@id":"https:\/\/mastorrencito.com\/#\/schema\/person\/18c619be80d4ae2667c702911625f790","name":"Mastorrencito","image":{"@type":"ImageObject","inLanguage":"es","@id":"https:\/\/secure.gravatar.com\/avatar\/3ef55e0519f987a734c21caee1423b51df7b760b7d81a38ecd31cab0a5115f6d?s=96&d=mm&r=g","url":"https:\/\/secure.gravatar.com\/avatar\/3ef55e0519f987a734c21caee1423b51df7b760b7d81a38ecd31cab0a5115f6d?s=96&d=mm&r=g","contentUrl":"https:\/\/secure.gravatar.com\/avatar\/3ef55e0519f987a734c21caee1423b51df7b760b7d81a38ecd31cab0a5115f6d?s=96&d=mm&r=g","caption":"Mastorrencito"},"url":"https:\/\/mastorrencito.com\/cat\/author\/mastorrencito\/"}]}},"acf":[],"_links":{"self":[{"href":"https:\/\/mastorrencito.com\/cat\/wp-json\/wp\/v2\/posts\/3006","targetHints":{"allow":["GET"]}}],"collection":[{"href":"https:\/\/mastorrencito.com\/cat\/wp-json\/wp\/v2\/posts"}],"about":[{"href":"https:\/\/mastorrencito.com\/cat\/wp-json\/wp\/v2\/types\/post"}],"author":[{"embeddable":true,"href":"https:\/\/mastorrencito.com\/cat\/wp-json\/wp\/v2\/users\/2"}],"replies":[{"embeddable":true,"href":"https:\/\/mastorrencito.com\/cat\/wp-json\/wp\/v2\/comments?post=3006"}],"version-history":[{"count":0,"href":"https:\/\/mastorrencito.com\/cat\/wp-json\/wp\/v2\/posts\/3006\/revisions"}],"wp:featuredmedia":[{"embeddable":true,"href":"https:\/\/mastorrencito.com\/cat\/wp-json\/wp\/v2\/media\/2999"}],"wp:attachment":[{"href":"https:\/\/mastorrencito.com\/cat\/wp-json\/wp\/v2\/media?parent=3006"}],"wp:term":[{"taxonomy":"category","embeddable":true,"href":"https:\/\/mastorrencito.com\/cat\/wp-json\/wp\/v2\/categories?post=3006"},{"taxonomy":"post_tag","embeddable":true,"href":"https:\/\/mastorrencito.com\/cat\/wp-json\/wp\/v2\/tags?post=3006"}],"curies":[{"name":"wp","href":"https:\/\/api.w.org\/{rel}","templated":true}]}}