{"id":2994,"date":"2024-12-29T05:07:22","date_gmt":"2024-12-29T05:07:22","guid":{"rendered":"https:\/\/casaruralconperrosgirona.com\/mastorret-el-lloc-on-resideix-lanima\/"},"modified":"2024-12-29T05:07:22","modified_gmt":"2024-12-29T05:07:22","slug":"mastorret-el-lloc-on-resideix-lanima","status":"publish","type":"post","link":"https:\/\/mastorrencito.com\/cat\/mastorret-el-lloc-on-resideix-lanima\/","title":{"rendered":"MasTorret: El Lloc On Resideix l&#8217;\u00c0nima"},"content":{"rendered":"\n<p>Hi ha llocs que s\u00f3n molt m\u00e9s que un simple espai f\u00edsic. Llocs que es transformen en extensions de la nostra \u00e0nima, en part de la nostra identitat, en refugis que ens defineixen i que guarden el millor de nosaltres mateixos. MasTorret: El Lloc On Resideix l&#8217;\u00c0nima  <\/p>\n\n<p>MasTorrencito \u00e9s, sens dubte, un daquests llocs. Per a qui no el coneix, pot semblar una casa, un negoci o un projecte. Per\u00f2 per als qui ho hem viscut, per als qui ho hem sentit, \u00e9s molt m\u00e9s. \u00c9s un rac\u00f3 m\u00e0gic on les hist\u00f2ries, els records i l&#8217;amor s&#8217;entrellacen per donar vida a una cosa \u00fanica. Cosa que no es pot descriure amb paraules, encara que aqu\u00ed intentar\u00e9 fer-ho.    <\/p>\n\n<p>Fa gaireb\u00e9 20 anys, MasTorrencito va comen\u00e7ar com un somni, un que semblava dif\u00edcil d&#8217;assolir. Era un repte, una aventura, una idea boja que amb esfor\u00e7 i dedicaci\u00f3 vam aconseguir convertir en realitat. Per\u00f2 construir-lo no va ser una tasca f\u00e0cil. Va caldre posar l&#8217;\u00e0nima a cada detall, a cada decisi\u00f3, a cada moment. No ho vaig fer sol, \u00e9s clar. Mireia ha estat aquests darrers 9 anys i segueix sent una pe\u00e7a fonamental en tot aix\u00f2. Mireia, amb la seva capacitat de veure sempre la llum els dies foscos, amb el riure que il\u00b7lumina qualsevol situaci\u00f3 i amb el seu lliurament incondicional. Ella no \u00e9s nom\u00e9s la meva companya en aquest projecte, \u00e9s la meva aliada, el meu confident i la for\u00e7a silenciosa que m&#8217;ha perm\u00e8s tirar endavant quan les coses es compliquen. Junts, hem donat forma a MasTorrencito, no nom\u00e9s com un lloc f\u00edsic, sin\u00f3 com una llar en el sentit m\u00e9s profund de la paraula.        <\/p>\n<figure class=\"wp-block-post-featured-image\"><img fetchpriority=\"high\" decoding=\"async\" width=\"2560\" height=\"1708\" src=\"https:\/\/mastorrencito.com\/cat\/wp-content\/uploads\/sites\/3\/01_TF_9393_W-scaled-1.jpg\" class=\"attachment-post-thumbnail size-post-thumbnail wp-post-image\" alt=\"propuestas de turismo con perros\" style=\"object-fit:cover;\" srcset=\"https:\/\/mastorrencito.com\/cat\/wp-content\/uploads\/sites\/3\/01_TF_9393_W-scaled-1.jpg 2560w, https:\/\/mastorrencito.com\/cat\/wp-content\/uploads\/sites\/3\/01_TF_9393_W-scaled-1-300x200.jpg 300w, https:\/\/mastorrencito.com\/cat\/wp-content\/uploads\/sites\/3\/01_TF_9393_W-scaled-1-1024x683.jpg 1024w, https:\/\/mastorrencito.com\/cat\/wp-content\/uploads\/sites\/3\/01_TF_9393_W-scaled-1-768x512.jpg 768w, https:\/\/mastorrencito.com\/cat\/wp-content\/uploads\/sites\/3\/01_TF_9393_W-scaled-1-1536x1025.jpg 1536w, https:\/\/mastorrencito.com\/cat\/wp-content\/uploads\/sites\/3\/01_TF_9393_W-scaled-1-2048x1366.jpg 2048w\" sizes=\"(max-width: 2560px) 100vw, 2560px\" \/><\/figure>\n<p>Cada rac\u00f3 d&#8217;aquest lloc t\u00e9 la seva hist\u00f2ria, i cada hist\u00f2ria est\u00e0 impregnada d&#8217;amor. Perqu\u00e8 si alguna cosa defineix MasTorrencito \u00e9s l&#8217;amor: l&#8217;amor envers els gossos, envers les persones, envers la natura i envers la vida mateixa. Recordo perfectament la Srta. La Manuela, amb la seva mirada tranquil\u00b7la i s\u00e0via, com si pogu\u00e9s llegir la meva \u00e0nima sense necessitat de paraules. A Don Markos i el Senyor Mast\u00edn, omplint els dies de carreres esbojarrades, amb aquesta energia desbordant que nom\u00e9s els gossos tenen. Max, sempre lleial, sempre disposat a estar al meu costat, com una ombra silenciosa. I Macarena, amb la seva tendresa infinita, aquella dol\u00e7or que conqueria fins i tot els cors m\u00e9s durs. Ells, els nostres primers companys, van ser els qui ens van ensenyar el significat veritable de l&#8217;amor incondicional. Tot i que ja no estan f\u00edsicament, la seva pres\u00e8ncia se sent a cada rac\u00f3 de MasTorrencito. S\u00f3n a l&#8217;aire que respirem, al vent que acarona els arbres, als capvespres que pinten el cel de colors c\u00e0lids. I sobretot, s\u00f3n al meu cor, on sempre viuran.         <\/p>\n\n<p>Avui, el present l&#8217;omplen Mamas, Mastitwo, Maky i Masto. Cadasc\u00fa amb la seva personalitat \u00fanica, amb les seves entremaliadures, amb els seus gestos que ens fan riure i, de vegades, desesperar una mica. Mames amb el seu car\u00e0cter protector, Mastitwo amb aquesta espurna juganera, Maky amb la seva dol\u00e7or autista i Masto amb la seva energia infinita i amor per les pedres. Ells s\u00f3n els que avui omplen les nostres vides d&#8217;alegria i ens recorden cada dia com som d&#8217;afortunats de compartir les nostres vides amb ells. Perqu\u00e8 els gossos tenen aquesta capacitat \u00fanica d&#8217;ensenyar-nos a viure el present, de recordar-nos all\u00f2 que realment importa.    <\/p>\n\n<figure class=\"wp-block-image size-large\"><img decoding=\"async\" src=\"https:\/\/mastorrencito.com\/wp-content\/uploads\/2024\/12\/46_TF_9629_W-1024x683.jpg\" alt=\"MasTorretet turisme rural petfriendly Girona\" class=\"wp-image-2980\" \/><figcaption class=\"wp-element-caption\">MasTorretet turisme rural petfriendly Girona<\/figcaption><\/figure>\n<p>Per\u00f2 MasTorrencito no seria el que \u00e9s sense totes les persones i els gossos que han passat per aqu\u00ed al llarg dels anys. Han estat milers, literalment milers, els que han creuat aquest llindar. Cadasc\u00fa amb la seva hist\u00f2ria, amb la seva energia, amb el seu amor. Recordo amb especial afecte Roberto i Ines, els nostres estimats italians, que van estar aqu\u00ed des del primer dia. Aquest primer dia va ser com llan\u00e7ar-se al buit, ple de nerviosisme, emoci\u00f3 i una mica de por. Avui, tants anys despr\u00e9s, segueixen sent part d&#8217;aquesta fam\u00edlia. Amb la seva rutina inconfusible: Ines matinant per passejar Guapi, caf\u00e8 a la m\u00e0, i sempre responent amb el seu caracter\u00edstic encongiment d&#8217;espatlles quan li pregunto: \u201cAvui us aneu?\u201d. La seva resposta, \u201cPotser\u201d, sempre em fa riure. S\u00f3n aquestes petites coses, aquestes rutines, les que han donat forma a l&#8217;\u00e0nima de Mas Torrencito.        <\/p>\n\n<p>I despr\u00e9s hi s\u00f3n tots vosaltres, els nostres hostes, la nostra fam\u00edlia estesa. Cada persona que ha passat per aqu\u00ed ha deixat una petjada inesborrable. Alguns van arribar a la recerca de pau, altres per compartir rialles, i altres, simplement, per guarir. Aqu\u00ed hem compartit ll\u00e0grimes, abra\u00e7ades, hist\u00f2ries d&#8217;amor i comiats. Hem viscut moments de joia desbordant i altres de tristesa profunda. Per\u00f2 cadascun d&#8217;aquests moments ha contribu\u00eft a fer de MasTorrencito el que \u00e9s avui: un lloc on la vida, amb tots els llums i les ombres, es viu intensament.     <\/p>\n\n<figure class=\"wp-block-image size-large\"><img decoding=\"async\" src=\"https:\/\/mastorrencito.com\/wp-content\/uploads\/2024\/12\/42_TF_9644_W-1024x675.jpg\" alt=\"MasTorretet turisme rural petfriendly Girona\" class=\"wp-image-2977\" \/><figcaption class=\"wp-element-caption\">MasTorretet turisme rural petfriendly Girona<\/figcaption><\/figure>\n<p>Ahir, 28 de desembre, vam fer aquella broma que em va deixar reflexionant: \u00bf qu\u00e8 seria de mi si algun dia hagu\u00e9s de deixar MasTorrencito? Aquesta idea, encara que sigui nom\u00e9s una possibilitat, pesa al meu cor. els gossos, de vosaltres. \u00c9s part de la nostra hist\u00f2ria, del nostre esfor\u00e7, de les nostres vides. terreny. Cada pedra, cada arbre, cada rac\u00f3 de Mas Torrencito guarda els records de gaireb\u00e9 dues d\u00e8cades de vida. I sempre que parlo amb la Mireia sobre el futur, li dic, mig de broma, mig de deb\u00f2: \u201cQuan arribi la meva hora, m&#8217;incinerin i em facin fora a la fossa s\u00e8ptica\u201d. Perqu\u00e8 fins i tot aquesta fossa, en la seva peculiar manera, \u00e9s part d&#8217;aquesta hist\u00f2ria.        <\/p>\n\n<p>\u00c9s cert que som animals de costum i que la vida ens ensenya a adaptar-nos-hi. Per\u00f2 tamb\u00e9 \u00e9s cert que hi ha llocs que s\u00f3n irreempla\u00e7ables. I MasTorrencito n&#8217;\u00e9s un. No per les parets, ni pel terreny, ni tan sols per la bellesa natural. \u00c9s irreempla\u00e7able perqu\u00e8 aqu\u00ed s&#8217;han teixit hist\u00f2ries que no podrien repetir-se a cap altre lloc. \u00c9s l&#8217;esfor\u00e7 de tants anys, l&#8217;amor dels gossos que ens han acompanyat, i la m\u00e0gia de les persones que han fet d&#8217;aquest lloc una cosa \u00fanica.     <\/p>\n\n<figure class=\"wp-block-image size-large\"><img decoding=\"async\" src=\"https:\/\/mastorrencito.com\/wp-content\/uploads\/2024\/12\/54_TF_9680_W-1024x683.jpg\" alt=\"\" class=\"wp-image-2986\" \/><\/figure>\n<p>Si algun dia hagu\u00e9s de marxar, ho faria amb el cor trencat, per\u00f2 ple de gratitud. Gratitud per tot all\u00f2 que MasTorrencito m&#8217;ha donat. Perqu\u00e8 aquest lloc no \u00e9s simplement un lloc. \u00c9s un cor que batega amb for\u00e7a, amb amor, i amb les milers d&#8217;hist\u00f2ries que s&#8217;han viscut aqu\u00ed. Hist\u00f2ries que romandran per sempre, en mi, a la Mireia, als gossos ia tots vosaltres.    <\/p>\n\n<p>Aix\u00ed que, passi el que passi, MasTorrencito viur\u00e0 per sempre. A les nostres \u00e0nimes, a les nostres mem\u00f2ries, ia cada rac\u00f3 d&#8217;aquest lloc m\u00e0gic que hem tingut la sort de dir llar. <\/p>\n\n<hr class=\"wp-block-separator has-alpha-channel-opacity\" \/>\n\n<blockquote class=\"wp-block-quote is-layout-flow wp-block-quote-is-layout-flow\">\n<p>Des de MasTorrencito et desitgem un bon dia i que els teus gossos t&#8217;acompanyin!!!!<\/p>\n<\/blockquote>\n\n<p>\u2014\u2013<br \/> Si vols, pot veure els nostres <strong>bons per caps de setmana, bons jubilats<\/strong> , a un preu incre\u00efble..entra a <a href=\"https:\/\/www.mastorrencito.com\/\">www.mastorrencito.com<\/a> o si vols podeu llegir m\u00e9s hist\u00f2ria i an\u00e8cdotes que ens han passat a Mas Torrencito\u2026 Fes click <a href=\"https:\/\/mastorrencito.com\/\">aqu\u00ed<\/a><\/p>\n\n<p><\/p>\n","protected":false},"excerpt":{"rendered":"<p>Hi ha llocs que s\u00f3n molt m\u00e9s que un simple espai f\u00edsic. Llocs que es transformen en extensions de la nostra \u00e0nima, en part de la nostra identitat, en refugis que ens defineixen i que guarden el millor de nosaltres mateixos. MasTorret: El Lloc On Resideix l&#8217;\u00c0nima MasTorrencito \u00e9s, sens dubte, un daquests llocs. Per [&hellip;]<\/p>\n","protected":false},"author":2,"featured_media":2959,"comment_status":"open","ping_status":"closed","sticky":false,"template":"","format":"standard","meta":{"_acf_changed":false,"footnotes":""},"categories":[35],"tags":[],"class_list":["post-2994","post","type-post","status-publish","format-standard","has-post-thumbnail","hentry","category-histories-mastorrencito"],"yoast_head":"<!-- This site is optimized with the Yoast SEO Premium plugin v27.3 (Yoast SEO v27.5) - https:\/\/yoast.com\/product\/yoast-seo-premium-wordpress\/ -->\n<title>MasTorret: El Lloc On Resideix l&#039;\u00c0nima - Mas Torrencito CAT<\/title>\n<meta name=\"description\" content=\"Si hi ha un lloc m\u00e0gic per a les mascotes, aquest sens dubte \u00e9s MasTorrencito. MasTorret: El Lloc On Resideix l&#039;\u00c0nima\" \/>\n<meta name=\"robots\" content=\"index, follow, max-snippet:-1, max-image-preview:large, max-video-preview:-1\" \/>\n<link rel=\"canonical\" href=\"https:\/\/mastorrencito.com\/cat\/mastorret-el-lloc-on-resideix-lanima\/\" \/>\n<meta property=\"og:locale\" content=\"es_ES\" \/>\n<meta property=\"og:type\" content=\"article\" \/>\n<meta property=\"og:title\" content=\"MasTorret: El Lloc On Resideix l&#039;\u00c0nima\" \/>\n<meta property=\"og:description\" content=\"Si hi ha un lloc m\u00e0gic per a les mascotes, aquest sens dubte \u00e9s MasTorrencito. MasTorret: El Lloc On Resideix l&#039;\u00c0nima\" \/>\n<meta property=\"og:url\" content=\"https:\/\/mastorrencito.com\/cat\/mastorret-el-lloc-on-resideix-lanima\/\" \/>\n<meta property=\"og:site_name\" content=\"Mas Torrencito CAT\" \/>\n<meta property=\"article:published_time\" content=\"2024-12-29T05:07:22+00:00\" \/>\n<meta property=\"og:image\" content=\"https:\/\/mastorrencito.com\/cat\/wp-content\/uploads\/sites\/3\/01_TF_9393_W-scaled-1.jpg\" \/>\n\t<meta property=\"og:image:width\" content=\"2560\" \/>\n\t<meta property=\"og:image:height\" content=\"1708\" \/>\n\t<meta property=\"og:image:type\" content=\"image\/jpeg\" \/>\n<meta name=\"author\" content=\"Mastorrencito\" \/>\n<meta name=\"twitter:card\" content=\"summary_large_image\" \/>\n<meta name=\"twitter:label1\" content=\"Escrito por\" \/>\n\t<meta name=\"twitter:data1\" content=\"Mastorrencito\" \/>\n\t<meta name=\"twitter:label2\" content=\"Tiempo de lectura\" \/>\n\t<meta name=\"twitter:data2\" content=\"6 minutos\" \/>\n<script type=\"application\/ld+json\" class=\"yoast-schema-graph\">{\"@context\":\"https:\\\/\\\/schema.org\",\"@graph\":[{\"@type\":\"Article\",\"@id\":\"https:\\\/\\\/mastorrencito.com\\\/cat\\\/mastorret-el-lloc-on-resideix-lanima\\\/#article\",\"isPartOf\":{\"@id\":\"https:\\\/\\\/mastorrencito.com\\\/cat\\\/mastorret-el-lloc-on-resideix-lanima\\\/\"},\"author\":{\"name\":\"Mastorrencito\",\"@id\":\"https:\\\/\\\/mastorrencito.com\\\/#\\\/schema\\\/person\\\/18c619be80d4ae2667c702911625f790\"},\"headline\":\"MasTorret: El Lloc On Resideix l&#8217;\u00c0nima\",\"datePublished\":\"2024-12-29T05:07:22+00:00\",\"mainEntityOfPage\":{\"@id\":\"https:\\\/\\\/mastorrencito.com\\\/cat\\\/mastorret-el-lloc-on-resideix-lanima\\\/\"},\"wordCount\":1267,\"commentCount\":0,\"publisher\":{\"@id\":\"https:\\\/\\\/mastorrencito.com\\\/#organization\"},\"image\":{\"@id\":\"https:\\\/\\\/mastorrencito.com\\\/cat\\\/mastorret-el-lloc-on-resideix-lanima\\\/#primaryimage\"},\"thumbnailUrl\":\"https:\\\/\\\/mastorrencito.com\\\/cat\\\/wp-content\\\/uploads\\\/sites\\\/3\\\/01_TF_9393_W-scaled-1.jpg\",\"articleSection\":[\"Hist\u00f2ries Mastorrencito\"],\"inLanguage\":\"es\",\"potentialAction\":[{\"@type\":\"CommentAction\",\"name\":\"Comment\",\"target\":[\"https:\\\/\\\/mastorrencito.com\\\/cat\\\/mastorret-el-lloc-on-resideix-lanima\\\/#respond\"]}]},{\"@type\":\"WebPage\",\"@id\":\"https:\\\/\\\/mastorrencito.com\\\/cat\\\/mastorret-el-lloc-on-resideix-lanima\\\/\",\"url\":\"https:\\\/\\\/mastorrencito.com\\\/cat\\\/mastorret-el-lloc-on-resideix-lanima\\\/\",\"name\":\"MasTorret: El Lloc On Resideix l'\u00c0nima - Mas Torrencito CAT\",\"isPartOf\":{\"@id\":\"https:\\\/\\\/mastorrencito.com\\\/#website\"},\"primaryImageOfPage\":{\"@id\":\"https:\\\/\\\/mastorrencito.com\\\/cat\\\/mastorret-el-lloc-on-resideix-lanima\\\/#primaryimage\"},\"image\":{\"@id\":\"https:\\\/\\\/mastorrencito.com\\\/cat\\\/mastorret-el-lloc-on-resideix-lanima\\\/#primaryimage\"},\"thumbnailUrl\":\"https:\\\/\\\/mastorrencito.com\\\/cat\\\/wp-content\\\/uploads\\\/sites\\\/3\\\/01_TF_9393_W-scaled-1.jpg\",\"datePublished\":\"2024-12-29T05:07:22+00:00\",\"description\":\"Si hi ha un lloc m\u00e0gic per a les mascotes, aquest sens dubte \u00e9s MasTorrencito. MasTorret: El Lloc On Resideix l'\u00c0nima\",\"breadcrumb\":{\"@id\":\"https:\\\/\\\/mastorrencito.com\\\/cat\\\/mastorret-el-lloc-on-resideix-lanima\\\/#breadcrumb\"},\"inLanguage\":\"es\",\"potentialAction\":[{\"@type\":\"ReadAction\",\"target\":[\"https:\\\/\\\/mastorrencito.com\\\/cat\\\/mastorret-el-lloc-on-resideix-lanima\\\/\"]}]},{\"@type\":\"ImageObject\",\"inLanguage\":\"es\",\"@id\":\"https:\\\/\\\/mastorrencito.com\\\/cat\\\/mastorret-el-lloc-on-resideix-lanima\\\/#primaryimage\",\"url\":\"https:\\\/\\\/mastorrencito.com\\\/cat\\\/wp-content\\\/uploads\\\/sites\\\/3\\\/01_TF_9393_W-scaled-1.jpg\",\"contentUrl\":\"https:\\\/\\\/mastorrencito.com\\\/cat\\\/wp-content\\\/uploads\\\/sites\\\/3\\\/01_TF_9393_W-scaled-1.jpg\",\"width\":2560,\"height\":1708,\"caption\":\"MasTorrencito turismo rural petfriendly Girona\"},{\"@type\":\"BreadcrumbList\",\"@id\":\"https:\\\/\\\/mastorrencito.com\\\/cat\\\/mastorret-el-lloc-on-resideix-lanima\\\/#breadcrumb\",\"itemListElement\":[{\"@type\":\"ListItem\",\"position\":1,\"name\":\"Portada\",\"item\":\"https:\\\/\\\/mastorrencito.com\\\/\"},{\"@type\":\"ListItem\",\"position\":2,\"name\":\"MasTorret: El Lloc On Resideix l&#8217;\u00c0nima\"}]},{\"@type\":\"WebSite\",\"@id\":\"https:\\\/\\\/mastorrencito.com\\\/#website\",\"url\":\"https:\\\/\\\/mastorrencito.com\\\/\",\"name\":\"Mas Torrencito CAT\",\"description\":\"Casa rural pet friendly en Girona\",\"publisher\":{\"@id\":\"https:\\\/\\\/mastorrencito.com\\\/#organization\"},\"potentialAction\":[{\"@type\":\"SearchAction\",\"target\":{\"@type\":\"EntryPoint\",\"urlTemplate\":\"https:\\\/\\\/mastorrencito.com\\\/?s={search_term_string}\"},\"query-input\":{\"@type\":\"PropertyValueSpecification\",\"valueRequired\":true,\"valueName\":\"search_term_string\"}}],\"inLanguage\":\"es\"},{\"@type\":\"Organization\",\"@id\":\"https:\\\/\\\/mastorrencito.com\\\/#organization\",\"name\":\"Mas Torrencito CAT\",\"url\":\"https:\\\/\\\/mastorrencito.com\\\/\",\"logo\":{\"@type\":\"ImageObject\",\"inLanguage\":\"es\",\"@id\":\"https:\\\/\\\/mastorrencito.com\\\/#\\\/schema\\\/logo\\\/image\\\/\",\"url\":\"https:\\\/\\\/mastorrencito.com\\\/cat\\\/wp-content\\\/uploads\\\/sites\\\/3\\\/Logo-Mastorrencito-horizontal.webp\",\"contentUrl\":\"https:\\\/\\\/mastorrencito.com\\\/cat\\\/wp-content\\\/uploads\\\/sites\\\/3\\\/Logo-Mastorrencito-horizontal.webp\",\"width\":161,\"height\":54,\"caption\":\"Mas Torrencito CAT\"},\"image\":{\"@id\":\"https:\\\/\\\/mastorrencito.com\\\/#\\\/schema\\\/logo\\\/image\\\/\"}},{\"@type\":\"Person\",\"@id\":\"https:\\\/\\\/mastorrencito.com\\\/#\\\/schema\\\/person\\\/18c619be80d4ae2667c702911625f790\",\"name\":\"Mastorrencito\",\"image\":{\"@type\":\"ImageObject\",\"inLanguage\":\"es\",\"@id\":\"https:\\\/\\\/secure.gravatar.com\\\/avatar\\\/3ef55e0519f987a734c21caee1423b51df7b760b7d81a38ecd31cab0a5115f6d?s=96&d=mm&r=g\",\"url\":\"https:\\\/\\\/secure.gravatar.com\\\/avatar\\\/3ef55e0519f987a734c21caee1423b51df7b760b7d81a38ecd31cab0a5115f6d?s=96&d=mm&r=g\",\"contentUrl\":\"https:\\\/\\\/secure.gravatar.com\\\/avatar\\\/3ef55e0519f987a734c21caee1423b51df7b760b7d81a38ecd31cab0a5115f6d?s=96&d=mm&r=g\",\"caption\":\"Mastorrencito\"},\"url\":\"https:\\\/\\\/mastorrencito.com\\\/cat\\\/author\\\/mastorrencito\\\/\"}]}<\/script>\n<!-- \/ Yoast SEO Premium plugin. -->","yoast_head_json":{"title":"MasTorret: El Lloc On Resideix l'\u00c0nima - Mas Torrencito CAT","description":"Si hi ha un lloc m\u00e0gic per a les mascotes, aquest sens dubte \u00e9s MasTorrencito. MasTorret: El Lloc On Resideix l'\u00c0nima","robots":{"index":"index","follow":"follow","max-snippet":"max-snippet:-1","max-image-preview":"max-image-preview:large","max-video-preview":"max-video-preview:-1"},"canonical":"https:\/\/mastorrencito.com\/cat\/mastorret-el-lloc-on-resideix-lanima\/","og_locale":"es_ES","og_type":"article","og_title":"MasTorret: El Lloc On Resideix l'\u00c0nima","og_description":"Si hi ha un lloc m\u00e0gic per a les mascotes, aquest sens dubte \u00e9s MasTorrencito. MasTorret: El Lloc On Resideix l'\u00c0nima","og_url":"https:\/\/mastorrencito.com\/cat\/mastorret-el-lloc-on-resideix-lanima\/","og_site_name":"Mas Torrencito CAT","article_published_time":"2024-12-29T05:07:22+00:00","og_image":[{"width":2560,"height":1708,"url":"https:\/\/mastorrencito.com\/cat\/wp-content\/uploads\/sites\/3\/01_TF_9393_W-scaled-1.jpg","type":"image\/jpeg"}],"author":"Mastorrencito","twitter_card":"summary_large_image","twitter_misc":{"Escrito por":"Mastorrencito","Tiempo de lectura":"6 minutos"},"schema":{"@context":"https:\/\/schema.org","@graph":[{"@type":"Article","@id":"https:\/\/mastorrencito.com\/cat\/mastorret-el-lloc-on-resideix-lanima\/#article","isPartOf":{"@id":"https:\/\/mastorrencito.com\/cat\/mastorret-el-lloc-on-resideix-lanima\/"},"author":{"name":"Mastorrencito","@id":"https:\/\/mastorrencito.com\/#\/schema\/person\/18c619be80d4ae2667c702911625f790"},"headline":"MasTorret: El Lloc On Resideix l&#8217;\u00c0nima","datePublished":"2024-12-29T05:07:22+00:00","mainEntityOfPage":{"@id":"https:\/\/mastorrencito.com\/cat\/mastorret-el-lloc-on-resideix-lanima\/"},"wordCount":1267,"commentCount":0,"publisher":{"@id":"https:\/\/mastorrencito.com\/#organization"},"image":{"@id":"https:\/\/mastorrencito.com\/cat\/mastorret-el-lloc-on-resideix-lanima\/#primaryimage"},"thumbnailUrl":"https:\/\/mastorrencito.com\/cat\/wp-content\/uploads\/sites\/3\/01_TF_9393_W-scaled-1.jpg","articleSection":["Hist\u00f2ries Mastorrencito"],"inLanguage":"es","potentialAction":[{"@type":"CommentAction","name":"Comment","target":["https:\/\/mastorrencito.com\/cat\/mastorret-el-lloc-on-resideix-lanima\/#respond"]}]},{"@type":"WebPage","@id":"https:\/\/mastorrencito.com\/cat\/mastorret-el-lloc-on-resideix-lanima\/","url":"https:\/\/mastorrencito.com\/cat\/mastorret-el-lloc-on-resideix-lanima\/","name":"MasTorret: El Lloc On Resideix l'\u00c0nima - Mas Torrencito CAT","isPartOf":{"@id":"https:\/\/mastorrencito.com\/#website"},"primaryImageOfPage":{"@id":"https:\/\/mastorrencito.com\/cat\/mastorret-el-lloc-on-resideix-lanima\/#primaryimage"},"image":{"@id":"https:\/\/mastorrencito.com\/cat\/mastorret-el-lloc-on-resideix-lanima\/#primaryimage"},"thumbnailUrl":"https:\/\/mastorrencito.com\/cat\/wp-content\/uploads\/sites\/3\/01_TF_9393_W-scaled-1.jpg","datePublished":"2024-12-29T05:07:22+00:00","description":"Si hi ha un lloc m\u00e0gic per a les mascotes, aquest sens dubte \u00e9s MasTorrencito. MasTorret: El Lloc On Resideix l'\u00c0nima","breadcrumb":{"@id":"https:\/\/mastorrencito.com\/cat\/mastorret-el-lloc-on-resideix-lanima\/#breadcrumb"},"inLanguage":"es","potentialAction":[{"@type":"ReadAction","target":["https:\/\/mastorrencito.com\/cat\/mastorret-el-lloc-on-resideix-lanima\/"]}]},{"@type":"ImageObject","inLanguage":"es","@id":"https:\/\/mastorrencito.com\/cat\/mastorret-el-lloc-on-resideix-lanima\/#primaryimage","url":"https:\/\/mastorrencito.com\/cat\/wp-content\/uploads\/sites\/3\/01_TF_9393_W-scaled-1.jpg","contentUrl":"https:\/\/mastorrencito.com\/cat\/wp-content\/uploads\/sites\/3\/01_TF_9393_W-scaled-1.jpg","width":2560,"height":1708,"caption":"MasTorrencito turismo rural petfriendly Girona"},{"@type":"BreadcrumbList","@id":"https:\/\/mastorrencito.com\/cat\/mastorret-el-lloc-on-resideix-lanima\/#breadcrumb","itemListElement":[{"@type":"ListItem","position":1,"name":"Portada","item":"https:\/\/mastorrencito.com\/"},{"@type":"ListItem","position":2,"name":"MasTorret: El Lloc On Resideix l&#8217;\u00c0nima"}]},{"@type":"WebSite","@id":"https:\/\/mastorrencito.com\/#website","url":"https:\/\/mastorrencito.com\/","name":"Mas Torrencito CAT","description":"Casa rural pet friendly en Girona","publisher":{"@id":"https:\/\/mastorrencito.com\/#organization"},"potentialAction":[{"@type":"SearchAction","target":{"@type":"EntryPoint","urlTemplate":"https:\/\/mastorrencito.com\/?s={search_term_string}"},"query-input":{"@type":"PropertyValueSpecification","valueRequired":true,"valueName":"search_term_string"}}],"inLanguage":"es"},{"@type":"Organization","@id":"https:\/\/mastorrencito.com\/#organization","name":"Mas Torrencito CAT","url":"https:\/\/mastorrencito.com\/","logo":{"@type":"ImageObject","inLanguage":"es","@id":"https:\/\/mastorrencito.com\/#\/schema\/logo\/image\/","url":"https:\/\/mastorrencito.com\/cat\/wp-content\/uploads\/sites\/3\/Logo-Mastorrencito-horizontal.webp","contentUrl":"https:\/\/mastorrencito.com\/cat\/wp-content\/uploads\/sites\/3\/Logo-Mastorrencito-horizontal.webp","width":161,"height":54,"caption":"Mas Torrencito CAT"},"image":{"@id":"https:\/\/mastorrencito.com\/#\/schema\/logo\/image\/"}},{"@type":"Person","@id":"https:\/\/mastorrencito.com\/#\/schema\/person\/18c619be80d4ae2667c702911625f790","name":"Mastorrencito","image":{"@type":"ImageObject","inLanguage":"es","@id":"https:\/\/secure.gravatar.com\/avatar\/3ef55e0519f987a734c21caee1423b51df7b760b7d81a38ecd31cab0a5115f6d?s=96&d=mm&r=g","url":"https:\/\/secure.gravatar.com\/avatar\/3ef55e0519f987a734c21caee1423b51df7b760b7d81a38ecd31cab0a5115f6d?s=96&d=mm&r=g","contentUrl":"https:\/\/secure.gravatar.com\/avatar\/3ef55e0519f987a734c21caee1423b51df7b760b7d81a38ecd31cab0a5115f6d?s=96&d=mm&r=g","caption":"Mastorrencito"},"url":"https:\/\/mastorrencito.com\/cat\/author\/mastorrencito\/"}]}},"acf":[],"_links":{"self":[{"href":"https:\/\/mastorrencito.com\/cat\/wp-json\/wp\/v2\/posts\/2994","targetHints":{"allow":["GET"]}}],"collection":[{"href":"https:\/\/mastorrencito.com\/cat\/wp-json\/wp\/v2\/posts"}],"about":[{"href":"https:\/\/mastorrencito.com\/cat\/wp-json\/wp\/v2\/types\/post"}],"author":[{"embeddable":true,"href":"https:\/\/mastorrencito.com\/cat\/wp-json\/wp\/v2\/users\/2"}],"replies":[{"embeddable":true,"href":"https:\/\/mastorrencito.com\/cat\/wp-json\/wp\/v2\/comments?post=2994"}],"version-history":[{"count":0,"href":"https:\/\/mastorrencito.com\/cat\/wp-json\/wp\/v2\/posts\/2994\/revisions"}],"wp:featuredmedia":[{"embeddable":true,"href":"https:\/\/mastorrencito.com\/cat\/wp-json\/wp\/v2\/media\/2959"}],"wp:attachment":[{"href":"https:\/\/mastorrencito.com\/cat\/wp-json\/wp\/v2\/media?parent=2994"}],"wp:term":[{"taxonomy":"category","embeddable":true,"href":"https:\/\/mastorrencito.com\/cat\/wp-json\/wp\/v2\/categories?post=2994"},{"taxonomy":"post_tag","embeddable":true,"href":"https:\/\/mastorrencito.com\/cat\/wp-json\/wp\/v2\/tags?post=2994"}],"curies":[{"name":"wp","href":"https:\/\/api.w.org\/{rel}","templated":true}]}}