{"id":2954,"date":"2024-12-28T06:06:18","date_gmt":"2024-12-28T06:06:18","guid":{"rendered":"https:\/\/casaruralconperrosgirona.com\/la-irreverent-i-maleducada-maria-by-mastorrencito\/"},"modified":"2024-12-28T06:06:18","modified_gmt":"2024-12-28T06:06:18","slug":"la-irreverent-i-maleducada-maria-by-mastorrencito","status":"publish","type":"post","link":"https:\/\/mastorrencito.com\/cat\/la-irreverent-i-maleducada-maria-by-mastorrencito\/","title":{"rendered":"La irreverent i maleducada Maria by MasTorrencito"},"content":{"rendered":"\n<h3 class=\"wp-block-heading\"><strong>El presagi del caos<\/strong><\/h3>\n\n<p>Tot va comen\u00e7ar com comencen les pitjors trag\u00e8dies: amb un sis\u00e8 sentit que m&#8217;advertia que alguna cosa no sortiria b\u00e9. \u201cLa clienta negativa\u201d, la vaig anomenar mentalment des del primer moment. Com ho sabia? Ah, no s&#8217;expliquen aquestes coses. \u00c9s com quan fas olor la tempesta abans que caigui el primer tro.   <\/p>\n\n<p>Em vaig girar cap a Mire, que estava organitzant unes tovalloles a recepci\u00f3, i vaig deixar anar:<br \/> \u2014Aquesta ens donar\u00e0 problemes.<br \/> Ella, amb aquest optimisme gaireb\u00e9 insultant, va aixecar una cella.<br \/> \u2014Per qu\u00e8 ho dius aix\u00f2? Ni tan sols ha arribat. <br \/>\u2014Al mateix temps. Ja ho veur\u00e0s. I quan ho vegis, recorda&#8217;t de mi.  <\/p>\n\n<p>Tot just unes hores despr\u00e9s, va arribar <em>ella<\/em> , acompanyada del seu seguici. El marit, dos nens cridaners, i dos gossos que semblaven haver esmorzat caf\u00e8 amb Red Bull. Podria haver-los posat un cartell llumin\u00f3s a sobre que digu\u00e9s: \u00abCura! Alt risc de cat\u00e0strofe\u00bb. Per\u00f2 vaig decidir mantenir les maneres.     <em>Ara com ara.<\/em><\/p>\n\n<hr class=\"wp-block-separator has-alpha-channel-opacity\" \/>\n\n<h3 class=\"wp-block-heading\"><strong>El WhatsApp que no va existir (o s\u00ed, per\u00f2 no ho van llegir)<\/strong><\/h3>\n\n<p>Sis del mat\u00ed. Qu\u00e8 feia jo a aquella hora? Enviar-vos un missatge amb tots els detalls de l&#8217;arribada, \u00e9s clar. Indicacions clares, precises, detallades. Codis, claus del wifi, la ruta m\u00e9s senzilla, les normes de l&#8217;allotjament\u2026 Vaja, que nom\u00e9s faltava enviar-los un PowerPoint amb diapositives animades.    <\/p>\n\n<p>Fast forward a les 3 de la tarda. El meu m\u00f2bil sona just quan estic donant la primera mossegada a un entrep\u00e0. <br \/>\u2014M\u00e9s Torrencito, digui&#8217;m.<br \/>\u2014Hola, s\u00f3c Maria. Porto donant voltes com una boja, aix\u00f2 no ho troba ni el GPS.<br \/> Vaig respolsar en silenci, mentre mirava de re\u00fcll Mire, que ja estava aixecant una cella en pla \u201ct&#8217;ho vaig dir\u201d.<br \/> \u2014Vas seguir les indicacions que et vaig enviar per WhatsApp?<br \/> \u2014\u00c9s que\u2026 no les he llegit.<br \/> Hi era. <em>Primer punt per a la clienta negativa.<\/em> \u00c9s clar que no les havia llegit! Per qu\u00e8 molestar-se a llegir instruccions quan pots trucar i donar-li la culpa al GPS?  <\/p>\n\n<p>Finalment, van aconseguir arribar. Per\u00f2, \u00e9s clar, l&#8217;odissea no s&#8217;havia acabat. <br \/>\u2014Estic davant de la porta, per\u00f2 no s&#8217;obre \u2014va dir amb to d&#8217;indignaci\u00f3.<br \/>\u2014\u00bf Li vas posar el codi que et vaig enviar?<br \/>\u2014No s\u00e9 quin \u00e9s el codi.<br \/><em>Per suposat que no.<\/em>  Despr\u00e9s d&#8217;un sospir profund (i un altre entrep\u00e0 abandonat), li ho vaig repetir.<br \/>\u2014\u00c9s 2580B. Entra i ens veiem a recepci\u00f3. <br \/>\u2014I on \u00e9s recepci\u00f3?<br \/><em>De deb\u00f2?<\/em><br \/>-Baixes el caminet i segueixes el senyal que posa \u00abRecepci\u00f3\u00bb.<\/p>\n\n<p>Vaig penjar i em vaig preparar mentalment. <em>Aix\u00f2 no ha fet m\u00e9s que comen\u00e7ar,<\/em> vaig pensar.<\/p>\n\n<hr class=\"wp-block-separator has-alpha-channel-opacity\" \/>\n\n<h3 class=\"wp-block-heading\"><strong>Piscina, gossos i espectacle matut\u00ed<\/strong><\/h3>\n\n<p>Vaig decidir donar-los cinc minuts per arribar a recepci\u00f3. En van passar deu. Quinze. Res. Vaig sortir a buscar-los. No eren ni a la porta ni al cam\u00ed. Finalment, els vaig trobar\u2026 on? Doncs \u00e9s clar, a la piscina. Els nens corrent i cridant, els gossos nedant com si fossin dofins entrenats. I Maria, estirada en una hamaca amb la tranquil\u00b7litat de qui creu que el m\u00f3n gira al seu voltant.         <\/p>\n<figure class=\"wp-block-post-featured-image\"><img fetchpriority=\"high\" decoding=\"async\" width=\"1792\" height=\"1024\" src=\"https:\/\/mastorrencito.com\/cat\/wp-content\/uploads\/sites\/3\/maria1.jpg\" class=\"attachment-post-thumbnail size-post-thumbnail wp-post-image\" alt=\"La irreverente Maria by MasTorrencito\" style=\"object-fit:cover;\" srcset=\"https:\/\/mastorrencito.com\/cat\/wp-content\/uploads\/sites\/3\/maria1.jpg 1792w, https:\/\/mastorrencito.com\/cat\/wp-content\/uploads\/sites\/3\/maria1-300x171.jpg 300w, https:\/\/mastorrencito.com\/cat\/wp-content\/uploads\/sites\/3\/maria1-1024x585.jpg 1024w, https:\/\/mastorrencito.com\/cat\/wp-content\/uploads\/sites\/3\/maria1-768x439.jpg 768w, https:\/\/mastorrencito.com\/cat\/wp-content\/uploads\/sites\/3\/maria1-1536x878.jpg 1536w\" sizes=\"(max-width: 1792px) 100vw, 1792px\" \/><\/figure>\n<p>\u2014Hola, s\u00f3c Miquel \u2014em vaig presentar amb el millor somriure que vaig poder fingir.<br \/>\u2014Hola, Maria. \u00c9s que hem vist la piscina i ens hem quedat. <br \/><em>\u00c9s clar que s\u00ed. Per qu\u00e8 molestar-se a registrar-se primer? <\/em><br \/>\u2014Ah, molt b\u00e9. B\u00e9, jo us esperava a recepci\u00f3\u2026<br \/> \u2014S\u00ed, despr\u00e9s anem.<\/p>\n\n<p>Vaig decidir no insistir-hi. Vaig tornar a recepci\u00f3, em vaig assegurar que no se&#8217;m notava el tic nervi\u00f3s a l&#8217;ull esquerre, i vaig seguir amb les meves tasques. Per\u00f2 no va passar gaire temps abans que son\u00e9s el tel\u00e8fon de nou.<br \/> \u2014Hola, ja estem a recepci\u00f3.<br \/> Vaig sospirar. Vaig baixar de nou. Quan vaig entrar, hi eren: els nens bramejant, els gossos xops deixant tolls per tot arreu, i Maria, com si res.    <\/p>\n\n<p>\u2014B\u00e9, us ho ensenyo tot. Si voleu, podeu deixar les maletes aqu\u00ed.<br \/> Els gossos, mentrestant, van decidir que era el moment perfecte per inspeccionar cada rac\u00f3 de l&#8217;edifici, deixant un rastre d&#8217;aigua i cabells al seu pas. <em>PACI\u00c8NCIA,<\/em> em vaig repetir mentalment com un mantra. <\/p>\n\n<hr class=\"wp-block-separator has-alpha-channel-opacity\" \/>\n\n<h3 class=\"wp-block-heading\"><strong>L&#8217;habitaci\u00f3 i els llen\u00e7ols de la disc\u00f2rdia<\/strong><\/h3>\n\n<p>Finalment arribem a l&#8217;habitaci\u00f3. Els vaig demanar amablement que agafessin els gossos abans d&#8217;entrar-hi, perqu\u00e8 les escales estaven acabades de fregar. <br \/>\u2014B\u00e9, que despr\u00e9s ho netegi alg\u00fa \u2014va respondre la Maria, amb una despreocupaci\u00f3 que podria haver estat envejable si no fos tan irritant.<\/p>\n\n<p>Quan vaig obrir la porta, els gossos van saltar directament als llits. Van mullar els cobrellits, els llen\u00e7ols i probablement tamb\u00e9 el matal\u00e0s. <br \/>\u2014\u00bf Tot b\u00e9? \u2014vaig preguntar intentant mantenir un to neutral.<br \/>\u2014S\u00ed, tot perfecte \u2014va respondre la Maria, com si no hagu\u00e9s vist el desastre.<\/p>\n\n<p>Vaig tornar a la cuina, disposat a desconnectar, quan va sonar la porta. I era una altra vegada. <br \/>\u2014Pots canviar els llen\u00e7ols? \u00c9s que els gossos les han embrutat.<br \/> Vaig respirar profund.<br \/> \u2014Senyora, acabo de lliurar-vos l&#8217;habitaci\u00f3. Els vaig demanar que no pugessin als gossos, i no han fet res per evitar-ho.  <br \/>\u2014B\u00e9, per\u00f2 no pensar\u00e0s que dormim en aquests llen\u00e7ols bruts, oi?<br \/>\u2014No \u00e9s la meva responsabilitat, per\u00f2\u2026 quan sortiu, les canviar\u00e9.<\/p>\n\n<p>Em pensava que amb aix\u00f2 havia acabat el tema. Per\u00f2, per descomptat, estava equivocat. <\/p>\n\n<h3 class=\"wp-block-heading\"><strong>La baralla dels gossos i la batalla d\u00b4excuses<\/strong><\/h3>\n\n<p>Tot estava tranquil, o almenys tan tranquil com podia estar despr\u00e9s d&#8217;un dia bregant amb \u00abla clienta negativa\u00bb. \u00e9s clar, la pau \u00e9s una cosa que dura poc quan tens dos gossos hiperactius, dos nens incansables i una dona que semblava pensar que les normes eren per als altres, no per ella.  <\/p>\n\n<p>Tot va comen\u00e7ar amb <em>la pilota<\/em> . <em>Aquesta male\u00efda pilota.<\/em> Maria, en la seva infinita saviesa, va decidir que seria divertit llan\u00e7ar-los una pilota als seus gossos just al pati com\u00fa. Una, dues, tres vegades. Al principi, els seus gossos corrien feli\u00e7os. Per\u00f2 despr\u00e9s, altres gossos daltres clients es van interessar en el joc. Un petit gosset d&#8217;una parella alemanya, tranquil\u00b7lament estirat sota la taula, es va animar. Despr\u00e9s, un altre gos m\u00e9s gran es va acostar. I llavors, el que va passar inevitable.      <\/p>\n\n<p>Primer, un grunyit. Despr\u00e9s, un lladruc m\u00e9s fort. En un obrir i tancar els ulls, la pilota va passar de ser una joguina innocent a convertir-se en el detonant d&#8217;una baralla gossa que semblava sortida d&#8217;una pel\u00b7l\u00edcula d&#8217;acci\u00f3. Tots els gossos estaven ficats al caos: lladrucs, grunyits, i potes per tot arreu. Els amos intentaven separar-los mentre Maria, atenci\u00f3!, seguia llan\u00e7ant la pilota com si no estigu\u00e9s passant absolutament res.    <\/p>\n\n<figure class=\"wp-block-image size-large\"><img decoding=\"async\" width=\"1024\" height=\"585\" src=\"https:\/\/mastorrencito.com\/wp-content\/uploads\/2024\/12\/maria2-1024x585.jpg\" alt=\"La irreverent Maria by MasTorrencito\" class=\"wp-image-2946\" srcset=\"https:\/\/mastorrencito.com\/cat\/wp-content\/uploads\/sites\/3\/maria2-1024x585.jpg 1024w, https:\/\/mastorrencito.com\/cat\/wp-content\/uploads\/sites\/3\/maria2-300x171.jpg 300w, https:\/\/mastorrencito.com\/cat\/wp-content\/uploads\/sites\/3\/maria2-768x439.jpg 768w, https:\/\/mastorrencito.com\/cat\/wp-content\/uploads\/sites\/3\/maria2-1536x878.jpg 1536w, https:\/\/mastorrencito.com\/cat\/wp-content\/uploads\/sites\/3\/maria2.jpg 1792w\" sizes=\"(max-width: 1024px) 100vw, 1024px\" \/><figcaption class=\"wp-element-caption\">La irreverent Maria by MasTorrencito<\/figcaption><\/figure>\n<p>Vaig acostar-me corrent, gaireb\u00e9 relliscant-me en un test que un dels gossos havia tirat pr\u00e8viament, i vaig cridar:<br \/> \u2014PAREU! Ja n&#8217;hi ha prou! <br \/>Vaig agafar la pilota i la vaig amagar darrere l&#8217;esquena. A l&#8217;instant, els gossos es van calmar. Els clients es van relaxar, i vaig pensar:    <em>D&#8217;acord, s&#8217;ha acabat. Crisi resolta. <\/em>  Per\u00f2 \u00e9s clar, aix\u00f2 era subestimar Maria.<\/p>\n\n<p>Tot just un minut despr\u00e9s, el marit de Maria, amb una cara de circumst\u00e0ncies, se&#8217;m va acostar.<br \/>\u2014Perdona, no vol\u00edem que es lligu\u00e9s tot aix\u00f2.<br \/>\u2014No passa res, per\u00f2 si us plau, no jugueu amb pilotes aqu\u00ed. Aix\u00f2 \u00e9s un espai com\u00fa, hi ha m\u00e9s gossos i aquestes coses passen. Aneu a la piscina oa la platja.  <\/p>\n\n<p>Ell va assentir i em va donar la ra\u00f3. Per\u00f2 qu\u00e8 va fer a continuaci\u00f3? Res. Absolutament res. Perqu\u00e8 en aquell moment, Maria va fer la seva gran entrada.    <\/p>\n\n<p>Va arribar com un hurac\u00e0, amb les celles arrufades i una actitud que podria haver encongit de por qualsevol altre. A mi, en canvi, em va fer riure. <br \/>\u2014Els teus gossos han atacat els meus! \u2014va deixar anar, assenyalant-me amb el dit com si jo fos el capitost d&#8217;una m\u00e0fia gossa. <br \/>\u2014Senyora, no \u00e9s aix\u00ed. Aqu\u00ed hi ha diverses persones que han vist el que va passar. El seu gos va comen\u00e7ar a jugar amb la pilota, altres es van sumar, i ja sabem com s\u00f3n els gossos quan hi ha joguines pel mig.  <br \/>\u2014\u00a1 Aix\u00f2 no \u00e9s cert! Els teus gossos van atacar primer! <br \/>\u2014Senyora, jo era aqu\u00ed. I, a m\u00e9s, tenim c\u00e0meres de seguretat. Si voleu, podem revisar-les junts.  <\/p>\n\n<p>Maria va parpellejar. Aquesta no se l&#8217;esperava. Per un moment, vaig pensar que el tema s&#8217;acabaria aqu\u00ed, per\u00f2 no.    <em>Mai no subestimis el poder de la negaci\u00f3.<\/em><\/p>\n\n<p>\u2014Aix\u00f2 \u00e9s mentida! M&#8217;ho van dir els meus nens. <br \/>\u2014Els teus nens? \u2014vaig preguntar, amb una cella aixecada. <br \/>\u2014S\u00ed, els meus nens ho van veure tot des del saltimbanqui.<\/p>\n\n<p>Ara, pausa per aclarir alguna cosa: el <em>saltimbanqui<\/em> (tamb\u00e9 conegut com a gronxadors) estava a uns 50 metres del pati, separat per una tanca, des d&#8217;aqu\u00ed, era literalment impossible que els nens veiessin alguna cosa.  <br \/>\u2014Senyora, amb tot el respecte, els seus nens estaven jugant als gronxadors i no podien veure qu\u00e8 va passar aqu\u00ed. Per\u00f2 si vol, podem revisar les c\u00e0meres. <br \/>\u2014Els meus nens no menteixen! \u2014va cridar, com si aix\u00f2 acab\u00e9s la discussi\u00f3. <\/p>\n\n<p>Mentrestant, altres clients, que havien estat testimonis de tot, comen\u00e7aven a murmurar. Una senyora gran, que estava asseguda amb el seu marit, va decidir intervenir-hi:<br \/> \u2014Disculpi, senyora, per\u00f2 jo vaig veure qu\u00e8 va passar. El seu gos va ser el que va comen\u00e7ar. No va passar res greu, per\u00f2 no pot culpar els altres.<br \/> Maria la va mirar com si acab\u00e9s d&#8217;insultar tota la fam\u00edlia.<br \/> \u2014Ah, \u00e9s clar, ara tots contra mi! Aix\u00f2 \u00e9s una vergonya! Aix\u00f2 no \u00e9s normal!     <\/p>\n\n<p>Aqu\u00ed va ser quan ja no vaig poder contenir-me. Em vaig creuar de bra\u00e7os, la vaig mirar als ulls i, amb un somriure ir\u00f2nic, vaig respondre:<br \/> \u2014T\u00e9 ra\u00f3, senyora. Aix\u00f2 no \u00e9s normal.   <\/p>\n\n<p>Aquesta frase semblava desconcertar-la. Per un segon, es va quedar callada, processant all\u00f2 que acabava de dir. Per\u00f2, com sempre, va decidir redoblar l?aposta.  <br \/>\u2014\u00a1 Exigeixo que es faci alguna cosa!<br \/>\u2014\u00c9s clar, senyora. Ara mateix amagar\u00e9 la pilota i assegurar-me que aix\u00f2 no torni a passar. Per\u00f2, si us plau, col\u00b7labori. Aix\u00f2 \u00e9s un espai compartit. No tot gira al voltant teu.    <\/p>\n\n<p>Em vaig girar i em vaig allunyar abans que pogu\u00e9s respondre. Sabia que la conversa no anava enlloc, i no pensava perdre m\u00e9s temps. Vaig dirigir-me a la barra, em vaig servir una cervesa i em vaig asseure amb altres clients que estaven clarament gaudint de l&#8217;espectacle.  <\/p>\n\n<p>\u2014\u00bf Sempre \u00e9s aix\u00ed? <br \/>\u2014No. Aix\u00f2 \u00e9s un cas especial. Un \u00abhurac\u00e0 Maria\u00bb.  <\/p>\n\n<p>Els clients van riure, i per un moment, la tensi\u00f3 va desapar\u00e8ixer. Per\u00f2 \u00e9s clar, amb Maria res desapareix del tot.   <\/p>\n\n<h3 class=\"wp-block-heading\"><strong>Cliffhanger: El tel\u00e8fon inoport\u00fa<\/strong><\/h3>\n\n<p>A les 22:00, quan ja estava pujant a la meva cuina per sopar alguna cosa i donar per finalitzat el dia, va sonar el tel\u00e8fon. Vaig mirar l&#8217;aparell com si fos un enemic jurat. El vaig agafar, amb una barreja de resignaci\u00f3 i curiositat. Qu\u00e8 ser\u00e0 aquesta vegada? Per\u00f2 aix\u00f2, amics, ho deixem per a un altre cap\u00edtol&#8230;    <\/p>\n\n<hr class=\"wp-block-separator has-alpha-channel-opacity\" \/>\n\n<p>CONTINUAR\u00c0&#8230;..<\/p>\n\n<blockquote class=\"wp-block-quote is-layout-flow wp-block-quote-is-layout-flow\">\n<p>Des de MasTorrencito et desitgem un bon dia i que els teus gossos t&#8217;acompanyin!!!!<\/p>\n<\/blockquote>\n\n<p>\u2014\u2013<br \/> Si vols, pot veure els nostres <strong>bons per caps de setmana, bons jubilats<\/strong> , a un preu incre\u00efble..entra a <a href=\"https:\/\/www.mastorrencito.com\/\">www.mastorrencito.com<\/a> o si vols podeu llegir m\u00e9s hist\u00f2ria i an\u00e8cdotes que ens han passat a Mas Torrencito\u2026 Fes click <a href=\"https:\/\/mastorrencito.com\/es\/\">aqu\u00ed<\/a><\/p>\n","protected":false},"excerpt":{"rendered":"<p>El presagi del caos Tot va comen\u00e7ar com comencen les pitjors trag\u00e8dies: amb un sis\u00e8 sentit que m&#8217;advertia que alguna cosa no sortiria b\u00e9. \u201cLa clienta negativa\u201d, la vaig anomenar mentalment des del primer moment. Com ho sabia? Ah, no s&#8217;expliquen aquestes coses. \u00c9s com quan fas olor la tempesta abans que caigui el primer [&hellip;]<\/p>\n","protected":false},"author":2,"featured_media":2949,"comment_status":"open","ping_status":"closed","sticky":false,"template":"","format":"standard","meta":{"_acf_changed":false,"footnotes":""},"categories":[35],"tags":[],"class_list":["post-2954","post","type-post","status-publish","format-standard","has-post-thumbnail","hentry","category-histories-mastorrencito"],"yoast_head":"<!-- This site is optimized with the Yoast SEO Premium plugin v27.3 (Yoast SEO v27.5) - https:\/\/yoast.com\/product\/yoast-seo-premium-wordpress\/ -->\n<title>La irreverent i maleducada Maria by MasTorrencito - Mas Torrencito CAT<\/title>\n<meta name=\"description\" content=\"I \u00e9s que hi ha vegades que la pau d&#039;aquest meravell\u00f3s ric de l&#039;Emporda es veu trencada... La irreverent i maleducada Maria by MasTorrencito\" \/>\n<meta name=\"robots\" content=\"index, follow, max-snippet:-1, max-image-preview:large, max-video-preview:-1\" \/>\n<link rel=\"canonical\" href=\"https:\/\/mastorrencito.com\/cat\/la-irreverent-i-maleducada-maria-by-mastorrencito\/\" \/>\n<meta property=\"og:locale\" content=\"es_ES\" \/>\n<meta property=\"og:type\" content=\"article\" \/>\n<meta property=\"og:title\" content=\"La irreverent i maleducada Maria by MasTorrencito\" \/>\n<meta property=\"og:description\" content=\"I \u00e9s que hi ha vegades que la pau d&#039;aquest meravell\u00f3s ric de l&#039;Emporda es veu trencada... La irreverent i maleducada Maria by MasTorrencito\" \/>\n<meta property=\"og:url\" content=\"https:\/\/mastorrencito.com\/cat\/la-irreverent-i-maleducada-maria-by-mastorrencito\/\" \/>\n<meta property=\"og:site_name\" content=\"Mas Torrencito CAT\" \/>\n<meta property=\"article:published_time\" content=\"2024-12-28T06:06:18+00:00\" \/>\n<meta property=\"og:image\" content=\"https:\/\/mastorrencito.com\/cat\/wp-content\/uploads\/sites\/3\/maria1.jpg\" \/>\n\t<meta property=\"og:image:width\" content=\"1792\" \/>\n\t<meta property=\"og:image:height\" content=\"1024\" \/>\n\t<meta property=\"og:image:type\" content=\"image\/jpeg\" \/>\n<meta name=\"author\" content=\"Mastorrencito\" \/>\n<meta name=\"twitter:card\" content=\"summary_large_image\" \/>\n<meta name=\"twitter:label1\" content=\"Escrito por\" \/>\n\t<meta name=\"twitter:data1\" content=\"Mastorrencito\" \/>\n\t<meta name=\"twitter:label2\" content=\"Tiempo de lectura\" \/>\n\t<meta name=\"twitter:data2\" content=\"10 minutos\" \/>\n<script type=\"application\/ld+json\" class=\"yoast-schema-graph\">{\"@context\":\"https:\\\/\\\/schema.org\",\"@graph\":[{\"@type\":\"Article\",\"@id\":\"https:\\\/\\\/mastorrencito.com\\\/cat\\\/la-irreverent-i-maleducada-maria-by-mastorrencito\\\/#article\",\"isPartOf\":{\"@id\":\"https:\\\/\\\/mastorrencito.com\\\/cat\\\/la-irreverent-i-maleducada-maria-by-mastorrencito\\\/\"},\"author\":{\"name\":\"Mastorrencito\",\"@id\":\"https:\\\/\\\/mastorrencito.com\\\/#\\\/schema\\\/person\\\/18c619be80d4ae2667c702911625f790\"},\"headline\":\"La irreverent i maleducada Maria by MasTorrencito\",\"datePublished\":\"2024-12-28T06:06:18+00:00\",\"mainEntityOfPage\":{\"@id\":\"https:\\\/\\\/mastorrencito.com\\\/cat\\\/la-irreverent-i-maleducada-maria-by-mastorrencito\\\/\"},\"wordCount\":1963,\"commentCount\":0,\"publisher\":{\"@id\":\"https:\\\/\\\/mastorrencito.com\\\/#organization\"},\"image\":{\"@id\":\"https:\\\/\\\/mastorrencito.com\\\/cat\\\/la-irreverent-i-maleducada-maria-by-mastorrencito\\\/#primaryimage\"},\"thumbnailUrl\":\"https:\\\/\\\/mastorrencito.com\\\/cat\\\/wp-content\\\/uploads\\\/sites\\\/3\\\/maria1.jpg\",\"articleSection\":[\"Hist\u00f2ries Mastorrencito\"],\"inLanguage\":\"es\",\"potentialAction\":[{\"@type\":\"CommentAction\",\"name\":\"Comment\",\"target\":[\"https:\\\/\\\/mastorrencito.com\\\/cat\\\/la-irreverent-i-maleducada-maria-by-mastorrencito\\\/#respond\"]}]},{\"@type\":\"WebPage\",\"@id\":\"https:\\\/\\\/mastorrencito.com\\\/cat\\\/la-irreverent-i-maleducada-maria-by-mastorrencito\\\/\",\"url\":\"https:\\\/\\\/mastorrencito.com\\\/cat\\\/la-irreverent-i-maleducada-maria-by-mastorrencito\\\/\",\"name\":\"La irreverent i maleducada Maria by MasTorrencito - Mas Torrencito CAT\",\"isPartOf\":{\"@id\":\"https:\\\/\\\/mastorrencito.com\\\/#website\"},\"primaryImageOfPage\":{\"@id\":\"https:\\\/\\\/mastorrencito.com\\\/cat\\\/la-irreverent-i-maleducada-maria-by-mastorrencito\\\/#primaryimage\"},\"image\":{\"@id\":\"https:\\\/\\\/mastorrencito.com\\\/cat\\\/la-irreverent-i-maleducada-maria-by-mastorrencito\\\/#primaryimage\"},\"thumbnailUrl\":\"https:\\\/\\\/mastorrencito.com\\\/cat\\\/wp-content\\\/uploads\\\/sites\\\/3\\\/maria1.jpg\",\"datePublished\":\"2024-12-28T06:06:18+00:00\",\"description\":\"I \u00e9s que hi ha vegades que la pau d'aquest meravell\u00f3s ric de l'Emporda es veu trencada... La irreverent i maleducada Maria by MasTorrencito\",\"breadcrumb\":{\"@id\":\"https:\\\/\\\/mastorrencito.com\\\/cat\\\/la-irreverent-i-maleducada-maria-by-mastorrencito\\\/#breadcrumb\"},\"inLanguage\":\"es\",\"potentialAction\":[{\"@type\":\"ReadAction\",\"target\":[\"https:\\\/\\\/mastorrencito.com\\\/cat\\\/la-irreverent-i-maleducada-maria-by-mastorrencito\\\/\"]}]},{\"@type\":\"ImageObject\",\"inLanguage\":\"es\",\"@id\":\"https:\\\/\\\/mastorrencito.com\\\/cat\\\/la-irreverent-i-maleducada-maria-by-mastorrencito\\\/#primaryimage\",\"url\":\"https:\\\/\\\/mastorrencito.com\\\/cat\\\/wp-content\\\/uploads\\\/sites\\\/3\\\/maria1.jpg\",\"contentUrl\":\"https:\\\/\\\/mastorrencito.com\\\/cat\\\/wp-content\\\/uploads\\\/sites\\\/3\\\/maria1.jpg\",\"width\":1792,\"height\":1024,\"caption\":\"La irreverente Maria by MasTorrencito\"},{\"@type\":\"BreadcrumbList\",\"@id\":\"https:\\\/\\\/mastorrencito.com\\\/cat\\\/la-irreverent-i-maleducada-maria-by-mastorrencito\\\/#breadcrumb\",\"itemListElement\":[{\"@type\":\"ListItem\",\"position\":1,\"name\":\"Portada\",\"item\":\"https:\\\/\\\/mastorrencito.com\\\/\"},{\"@type\":\"ListItem\",\"position\":2,\"name\":\"La irreverent i maleducada Maria by MasTorrencito\"}]},{\"@type\":\"WebSite\",\"@id\":\"https:\\\/\\\/mastorrencito.com\\\/#website\",\"url\":\"https:\\\/\\\/mastorrencito.com\\\/\",\"name\":\"Mas Torrencito CAT\",\"description\":\"Casa rural pet friendly en Girona\",\"publisher\":{\"@id\":\"https:\\\/\\\/mastorrencito.com\\\/#organization\"},\"potentialAction\":[{\"@type\":\"SearchAction\",\"target\":{\"@type\":\"EntryPoint\",\"urlTemplate\":\"https:\\\/\\\/mastorrencito.com\\\/?s={search_term_string}\"},\"query-input\":{\"@type\":\"PropertyValueSpecification\",\"valueRequired\":true,\"valueName\":\"search_term_string\"}}],\"inLanguage\":\"es\"},{\"@type\":\"Organization\",\"@id\":\"https:\\\/\\\/mastorrencito.com\\\/#organization\",\"name\":\"Mas Torrencito CAT\",\"url\":\"https:\\\/\\\/mastorrencito.com\\\/\",\"logo\":{\"@type\":\"ImageObject\",\"inLanguage\":\"es\",\"@id\":\"https:\\\/\\\/mastorrencito.com\\\/#\\\/schema\\\/logo\\\/image\\\/\",\"url\":\"https:\\\/\\\/mastorrencito.com\\\/cat\\\/wp-content\\\/uploads\\\/sites\\\/3\\\/Logo-Mastorrencito-horizontal.webp\",\"contentUrl\":\"https:\\\/\\\/mastorrencito.com\\\/cat\\\/wp-content\\\/uploads\\\/sites\\\/3\\\/Logo-Mastorrencito-horizontal.webp\",\"width\":161,\"height\":54,\"caption\":\"Mas Torrencito CAT\"},\"image\":{\"@id\":\"https:\\\/\\\/mastorrencito.com\\\/#\\\/schema\\\/logo\\\/image\\\/\"}},{\"@type\":\"Person\",\"@id\":\"https:\\\/\\\/mastorrencito.com\\\/#\\\/schema\\\/person\\\/18c619be80d4ae2667c702911625f790\",\"name\":\"Mastorrencito\",\"image\":{\"@type\":\"ImageObject\",\"inLanguage\":\"es\",\"@id\":\"https:\\\/\\\/secure.gravatar.com\\\/avatar\\\/3ef55e0519f987a734c21caee1423b51df7b760b7d81a38ecd31cab0a5115f6d?s=96&d=mm&r=g\",\"url\":\"https:\\\/\\\/secure.gravatar.com\\\/avatar\\\/3ef55e0519f987a734c21caee1423b51df7b760b7d81a38ecd31cab0a5115f6d?s=96&d=mm&r=g\",\"contentUrl\":\"https:\\\/\\\/secure.gravatar.com\\\/avatar\\\/3ef55e0519f987a734c21caee1423b51df7b760b7d81a38ecd31cab0a5115f6d?s=96&d=mm&r=g\",\"caption\":\"Mastorrencito\"},\"url\":\"https:\\\/\\\/mastorrencito.com\\\/cat\\\/author\\\/mastorrencito\\\/\"}]}<\/script>\n<!-- \/ Yoast SEO Premium plugin. -->","yoast_head_json":{"title":"La irreverent i maleducada Maria by MasTorrencito - Mas Torrencito CAT","description":"I \u00e9s que hi ha vegades que la pau d'aquest meravell\u00f3s ric de l'Emporda es veu trencada... La irreverent i maleducada Maria by MasTorrencito","robots":{"index":"index","follow":"follow","max-snippet":"max-snippet:-1","max-image-preview":"max-image-preview:large","max-video-preview":"max-video-preview:-1"},"canonical":"https:\/\/mastorrencito.com\/cat\/la-irreverent-i-maleducada-maria-by-mastorrencito\/","og_locale":"es_ES","og_type":"article","og_title":"La irreverent i maleducada Maria by MasTorrencito","og_description":"I \u00e9s que hi ha vegades que la pau d'aquest meravell\u00f3s ric de l'Emporda es veu trencada... La irreverent i maleducada Maria by MasTorrencito","og_url":"https:\/\/mastorrencito.com\/cat\/la-irreverent-i-maleducada-maria-by-mastorrencito\/","og_site_name":"Mas Torrencito CAT","article_published_time":"2024-12-28T06:06:18+00:00","og_image":[{"width":1792,"height":1024,"url":"https:\/\/mastorrencito.com\/cat\/wp-content\/uploads\/sites\/3\/maria1.jpg","type":"image\/jpeg"}],"author":"Mastorrencito","twitter_card":"summary_large_image","twitter_misc":{"Escrito por":"Mastorrencito","Tiempo de lectura":"10 minutos"},"schema":{"@context":"https:\/\/schema.org","@graph":[{"@type":"Article","@id":"https:\/\/mastorrencito.com\/cat\/la-irreverent-i-maleducada-maria-by-mastorrencito\/#article","isPartOf":{"@id":"https:\/\/mastorrencito.com\/cat\/la-irreverent-i-maleducada-maria-by-mastorrencito\/"},"author":{"name":"Mastorrencito","@id":"https:\/\/mastorrencito.com\/#\/schema\/person\/18c619be80d4ae2667c702911625f790"},"headline":"La irreverent i maleducada Maria by MasTorrencito","datePublished":"2024-12-28T06:06:18+00:00","mainEntityOfPage":{"@id":"https:\/\/mastorrencito.com\/cat\/la-irreverent-i-maleducada-maria-by-mastorrencito\/"},"wordCount":1963,"commentCount":0,"publisher":{"@id":"https:\/\/mastorrencito.com\/#organization"},"image":{"@id":"https:\/\/mastorrencito.com\/cat\/la-irreverent-i-maleducada-maria-by-mastorrencito\/#primaryimage"},"thumbnailUrl":"https:\/\/mastorrencito.com\/cat\/wp-content\/uploads\/sites\/3\/maria1.jpg","articleSection":["Hist\u00f2ries Mastorrencito"],"inLanguage":"es","potentialAction":[{"@type":"CommentAction","name":"Comment","target":["https:\/\/mastorrencito.com\/cat\/la-irreverent-i-maleducada-maria-by-mastorrencito\/#respond"]}]},{"@type":"WebPage","@id":"https:\/\/mastorrencito.com\/cat\/la-irreverent-i-maleducada-maria-by-mastorrencito\/","url":"https:\/\/mastorrencito.com\/cat\/la-irreverent-i-maleducada-maria-by-mastorrencito\/","name":"La irreverent i maleducada Maria by MasTorrencito - Mas Torrencito CAT","isPartOf":{"@id":"https:\/\/mastorrencito.com\/#website"},"primaryImageOfPage":{"@id":"https:\/\/mastorrencito.com\/cat\/la-irreverent-i-maleducada-maria-by-mastorrencito\/#primaryimage"},"image":{"@id":"https:\/\/mastorrencito.com\/cat\/la-irreverent-i-maleducada-maria-by-mastorrencito\/#primaryimage"},"thumbnailUrl":"https:\/\/mastorrencito.com\/cat\/wp-content\/uploads\/sites\/3\/maria1.jpg","datePublished":"2024-12-28T06:06:18+00:00","description":"I \u00e9s que hi ha vegades que la pau d'aquest meravell\u00f3s ric de l'Emporda es veu trencada... La irreverent i maleducada Maria by MasTorrencito","breadcrumb":{"@id":"https:\/\/mastorrencito.com\/cat\/la-irreverent-i-maleducada-maria-by-mastorrencito\/#breadcrumb"},"inLanguage":"es","potentialAction":[{"@type":"ReadAction","target":["https:\/\/mastorrencito.com\/cat\/la-irreverent-i-maleducada-maria-by-mastorrencito\/"]}]},{"@type":"ImageObject","inLanguage":"es","@id":"https:\/\/mastorrencito.com\/cat\/la-irreverent-i-maleducada-maria-by-mastorrencito\/#primaryimage","url":"https:\/\/mastorrencito.com\/cat\/wp-content\/uploads\/sites\/3\/maria1.jpg","contentUrl":"https:\/\/mastorrencito.com\/cat\/wp-content\/uploads\/sites\/3\/maria1.jpg","width":1792,"height":1024,"caption":"La irreverente Maria by MasTorrencito"},{"@type":"BreadcrumbList","@id":"https:\/\/mastorrencito.com\/cat\/la-irreverent-i-maleducada-maria-by-mastorrencito\/#breadcrumb","itemListElement":[{"@type":"ListItem","position":1,"name":"Portada","item":"https:\/\/mastorrencito.com\/"},{"@type":"ListItem","position":2,"name":"La irreverent i maleducada Maria by MasTorrencito"}]},{"@type":"WebSite","@id":"https:\/\/mastorrencito.com\/#website","url":"https:\/\/mastorrencito.com\/","name":"Mas Torrencito CAT","description":"Casa rural pet friendly en Girona","publisher":{"@id":"https:\/\/mastorrencito.com\/#organization"},"potentialAction":[{"@type":"SearchAction","target":{"@type":"EntryPoint","urlTemplate":"https:\/\/mastorrencito.com\/?s={search_term_string}"},"query-input":{"@type":"PropertyValueSpecification","valueRequired":true,"valueName":"search_term_string"}}],"inLanguage":"es"},{"@type":"Organization","@id":"https:\/\/mastorrencito.com\/#organization","name":"Mas Torrencito CAT","url":"https:\/\/mastorrencito.com\/","logo":{"@type":"ImageObject","inLanguage":"es","@id":"https:\/\/mastorrencito.com\/#\/schema\/logo\/image\/","url":"https:\/\/mastorrencito.com\/cat\/wp-content\/uploads\/sites\/3\/Logo-Mastorrencito-horizontal.webp","contentUrl":"https:\/\/mastorrencito.com\/cat\/wp-content\/uploads\/sites\/3\/Logo-Mastorrencito-horizontal.webp","width":161,"height":54,"caption":"Mas Torrencito CAT"},"image":{"@id":"https:\/\/mastorrencito.com\/#\/schema\/logo\/image\/"}},{"@type":"Person","@id":"https:\/\/mastorrencito.com\/#\/schema\/person\/18c619be80d4ae2667c702911625f790","name":"Mastorrencito","image":{"@type":"ImageObject","inLanguage":"es","@id":"https:\/\/secure.gravatar.com\/avatar\/3ef55e0519f987a734c21caee1423b51df7b760b7d81a38ecd31cab0a5115f6d?s=96&d=mm&r=g","url":"https:\/\/secure.gravatar.com\/avatar\/3ef55e0519f987a734c21caee1423b51df7b760b7d81a38ecd31cab0a5115f6d?s=96&d=mm&r=g","contentUrl":"https:\/\/secure.gravatar.com\/avatar\/3ef55e0519f987a734c21caee1423b51df7b760b7d81a38ecd31cab0a5115f6d?s=96&d=mm&r=g","caption":"Mastorrencito"},"url":"https:\/\/mastorrencito.com\/cat\/author\/mastorrencito\/"}]}},"acf":[],"_links":{"self":[{"href":"https:\/\/mastorrencito.com\/cat\/wp-json\/wp\/v2\/posts\/2954","targetHints":{"allow":["GET"]}}],"collection":[{"href":"https:\/\/mastorrencito.com\/cat\/wp-json\/wp\/v2\/posts"}],"about":[{"href":"https:\/\/mastorrencito.com\/cat\/wp-json\/wp\/v2\/types\/post"}],"author":[{"embeddable":true,"href":"https:\/\/mastorrencito.com\/cat\/wp-json\/wp\/v2\/users\/2"}],"replies":[{"embeddable":true,"href":"https:\/\/mastorrencito.com\/cat\/wp-json\/wp\/v2\/comments?post=2954"}],"version-history":[{"count":0,"href":"https:\/\/mastorrencito.com\/cat\/wp-json\/wp\/v2\/posts\/2954\/revisions"}],"wp:featuredmedia":[{"embeddable":true,"href":"https:\/\/mastorrencito.com\/cat\/wp-json\/wp\/v2\/media\/2949"}],"wp:attachment":[{"href":"https:\/\/mastorrencito.com\/cat\/wp-json\/wp\/v2\/media?parent=2954"}],"wp:term":[{"taxonomy":"category","embeddable":true,"href":"https:\/\/mastorrencito.com\/cat\/wp-json\/wp\/v2\/categories?post=2954"},{"taxonomy":"post_tag","embeddable":true,"href":"https:\/\/mastorrencito.com\/cat\/wp-json\/wp\/v2\/tags?post=2954"}],"curies":[{"name":"wp","href":"https:\/\/api.w.org\/{rel}","templated":true}]}}