{"id":2939,"date":"2024-12-27T06:12:49","date_gmt":"2024-12-27T06:12:49","guid":{"rendered":"https:\/\/casaruralconperrosgirona.com\/el-carnisser-de-vilademuls-by-mastorrencito\/"},"modified":"2024-12-27T06:12:49","modified_gmt":"2024-12-27T06:12:49","slug":"el-carnisser-de-vilademuls-by-mastorrencito","status":"publish","type":"post","link":"https:\/\/mastorrencito.com\/cat\/el-carnisser-de-vilademuls-by-mastorrencito\/","title":{"rendered":"El Carnisser de Vilademuls by MasTorrencito"},"content":{"rendered":"\n<hr class=\"wp-block-separator has-alpha-channel-opacity\" \/>\n\n<h3 class=\"wp-block-heading\"><strong>Mas Torrent i la Bogeria<\/strong><\/h3>\n\n<p>La boira sempre semblava m\u00e9s densa al voltant de <strong>Mas Torrent<\/strong> , com si aquell lloc estigu\u00e9s destinat a perdre&#8217;s entre les ombres del temps i l&#8217;oblit. L&#8217;any 1714, aquesta antiga masia s&#8217;al\u00e7ava imponent i l\u00fagubre, amb els murs de pedra grisa coberts de molsa i les finestres com a ulls buits que miraven al no-res. El que avui coneixem com a <strong>Mas Torrencito<\/strong> era, per aquell temps, molt m\u00e9s que una masia; era un lloc d&#8217;exclusi\u00f3, un refugi on tancaven els dissortats que la societat no volia veure: bojos, terminals, heretges i fins i tot aquells acusats de pactes amb el dimoni. Tot i aix\u00f2, no sempre va ser un sanatori. Abans que les ombres de la llegenda l&#8217;emboliquessin, <strong>Mas Torrent<\/strong> havia estat la casa d&#8217;un home la hist\u00f2ria del qual encara eri\u00e7a la pell dels que s&#8217;atreveixen a recordar-la.    <\/p>\n\n<p>El seu nom era <strong>Joan \u00abel Carnisser\u00bb<\/strong> , un home nascut al proper poble d&#8217; <strong>Orfes<\/strong> , un lloc solitari envoltat de turons i boscos. All\u00ed, l&#8217;esgl\u00e9sia criava els fills il\u00b7leg\u00edtims de nobles i rics mercaders, nens considerats una vergonya per als seus llinatges. El Joan era un d&#8217;ells. venedor d&#8217;olis que mai va voler recon\u00e8ixer-ho. Sota la m\u00e0 dura de les monges, Joan va cr\u00e9ixer aprenent l&#8217;ofici de carnisser.     <\/p>\n\n<p>No obstant aix\u00f2, Joan no va encaixar mai del tot a Orfes. Hi havia alguna cosa inquietant en ell, una obsessi\u00f3 que ho diferenciava dels altres. els nens del poble xiuxiuejaven que parlava al bestiar, que els xiuxiuejava secrets que ning\u00fa m\u00e9s podia escoltar. la seva vida&#8230; i la de tots al seu voltant.    <\/p>\n\n<p>Va abandonar Orfes i es va instal\u00b7lar en una masia apartada, <strong>Mas Torrent<\/strong> , ubicada als afores de Vilademuls. All\u00ed va trobar el lloc perfecte per establir la seva carnisseria. No nom\u00e9s tenia l&#8217;espai necessari per criar el seu bestiar, sin\u00f3 que la llunyania li oferia una tranquil\u00b7litat que semblava anhelar. Amb el temps, la masia es va convertir a l&#8217;epicentre de la seva vida. Joan criava vaques i porcs a les \u00e0mplies pastures, i la seva carnisseria, ubicada en un edifici annex, va comen\u00e7ar a guanyar fama. Gent de tot Catalunya anava a comprar les seves corts de carn, considerats els millors de la regi\u00f3. Per\u00f2, igual que a Orfes, no van trigar a sorgir rumors.      <\/p>\n\n<p>Els vilatans van notar que Joan evitava qualsevol contacte innecessari. No participava a les festivitats del poble ni freq\u00fcentava la taverna. Treballava fins a altes hores de la nit, i els que vivien m\u00e9s a prop de la masia deien que sovint se sentien sorolls estranys, cops, murmuris i crits apagats provinents de la seva propietat. Per\u00f2 ning\u00fa no gosava preguntar.   <\/p>\n\n<h4 class=\"wp-block-heading\"><strong>La Nit de la Massacre<\/strong><\/h4>\n\n<p>L&#8217;hivern del 1714 va arribar amb una f\u00faria inusual. La neu cobria els camps i el fred semblava calar fins als ossos. Va ser llavors quan va passar el que els vilatans recordarien com <strong>la nit del Carnisser<\/strong> .  <\/p>\n<figure class=\"wp-block-post-featured-image\"><img fetchpriority=\"high\" decoding=\"async\" width=\"1024\" height=\"1024\" src=\"https:\/\/mastorrencito.com\/cat\/wp-content\/uploads\/sites\/3\/carnicero_1.jpg\" class=\"attachment-post-thumbnail size-post-thumbnail wp-post-image\" alt=\"el carnicero asesino by MasTorrencito\" style=\"object-fit:cover;\" srcset=\"https:\/\/mastorrencito.com\/cat\/wp-content\/uploads\/sites\/3\/carnicero_1.jpg 1024w, https:\/\/mastorrencito.com\/cat\/wp-content\/uploads\/sites\/3\/carnicero_1-300x300.jpg 300w, https:\/\/mastorrencito.com\/cat\/wp-content\/uploads\/sites\/3\/carnicero_1-150x150.jpg 150w, https:\/\/mastorrencito.com\/cat\/wp-content\/uploads\/sites\/3\/carnicero_1-768x768.jpg 768w\" sizes=\"(max-width: 1024px) 100vw, 1024px\" \/><\/figure>\n<p>Tot va comen\u00e7ar amb un crit esquin\u00e7ador que va trencar el silenci de la matinada. Provenia de Mas Torrent. Els ve\u00efns, temorosos per\u00f2 curiosos, es van acostar a la masia amb torxes a la m\u00e0. El que van trobar va ser una escena que encara persisteix als malsons dels seus descendents.   <\/p>\n\n<p>Joan estava dret al pati principal, amb un ganivet de carnisser a la m\u00e0. El seu davantal, sempre tacat de sang, ara gotejava un l\u00edquid fosc que el fred havia congelat en fines capes de gel. Al seu voltant, els cossos de la seva fam\u00edlia jeien desmembrats: la seva dona, els seus dos fills petits, fins i tot alguns animals que semblaven haver estat sacrificats al mateix frenes\u00ed. Per\u00f2 aix\u00f2 no ho era tot. Dins la carnisseria van trobar alguna cosa encara m\u00e9s macabre. En un rac\u00f3 del taller, on en Joan penjava la carn per curar-la, hi havia ossos humans. Desenes, nets i ordenats, com si fossin part del seu inventari.      <\/p>\n\n<p>La bogeria de Joan no es va aturar aqu\u00ed. Segons els testimonis, Joan va avan\u00e7ar cap als vilatans, ganivet a la m\u00e0, murmurant una cosa que ning\u00fa va poder comprendre. Alguns van intentar aturar-lo, per\u00f2 la seva for\u00e7a era descomunal, gaireb\u00e9 sobrenatural. Al seu rampell, va assassinar quinze ve\u00efns abans de desapar\u00e8ixer entre els boscos que envoltaven la masia. Ning\u00fa no ho va tornar a veure.    <\/p>\n\n<h4 class=\"wp-block-heading\"><strong>Els Xiuxiueigs del Passat<\/strong><\/h4>\n\n<p>Despr\u00e9s de la massacre, les autoritats van segellar <strong>Mas Torrent<\/strong> i el van convertir en un sanatori, creient que el lloc estava male\u00eft i que serviria millor com a refugi per als trasbalsats de la regi\u00f3. Per\u00f2 els rumors van persistir. Alguns deien que Joan mai no va abandonar realment la masia, que el seu esperit vagava pels passadissos, buscant noves v\u00edctimes. Altres asseguraven que el bestiar de Joan, abandonat despr\u00e9s de la seva fugida, va comen\u00e7ar a desapar\u00e8ixer a poc a poc, com si alguna cosa als boscos se&#8217;ls estigu\u00e9s emportant.   <\/p>\n\n<p>Avui, Mas Torrencito \u00e9s una casa rural que rep turistes i viatgers. No obstant aix\u00f2, n&#8217;hi ha que afirmen que, a les nits de tempesta, es poden sentir els crits d&#8217;aquella nit fat\u00eddica. Alguns han jurat veure un home alt, amb un davantal tacat de sang, dret entre els arbres que envolten la propietat. I a Vilademuls, la llegenda del Carnisser continua viva. Diuen que si t&#8217;atreveixes a acostar-te a la vella carnisseria en ru\u00efnes, pots escoltar el ress\u00f2 dels ganivets de Joan, esmolant-se a la foscor.    <\/p>\n\n<p>Potser nom\u00e9s \u00e9s una hist\u00f2ria per espantar els nens. O potser, el Carnisser de Vilademuls mai no va deixar realment casa seva. <\/p>\n\n<blockquote class=\"wp-block-quote is-layout-flow wp-block-quote-is-layout-flow\">\n<p>Des de MasTorrencito et desitgem un bon dia i que els teus gossos t&#8217;acompanyin!!!!<\/p>\n<\/blockquote>\n\n<p>\u2014\u2013<br \/> Si vols, pot veure els nostres <strong>bons per caps de setmana, bons jubilats<\/strong> , a un preu incre\u00efble..entra a <a href=\"https:\/\/www.mastorrencito.com\/\">www.mastorrencito.com<\/a> o si vols podeu llegir m\u00e9s hist\u00f2ria i an\u00e8cdotes que ens han passat a Mas Torrencito\u2026 Fes click <a href=\"https:\/\/mastorrencito.com\/\">aqu\u00ed<\/a><\/p>\n","protected":false},"excerpt":{"rendered":"<p>Mas Torrent i la Bogeria La boira sempre semblava m\u00e9s densa al voltant de Mas Torrent , com si aquell lloc estigu\u00e9s destinat a perdre&#8217;s entre les ombres del temps i l&#8217;oblit. L&#8217;any 1714, aquesta antiga masia s&#8217;al\u00e7ava imponent i l\u00fagubre, amb els murs de pedra grisa coberts de molsa i les finestres com a [&hellip;]<\/p>\n","protected":false},"author":2,"featured_media":2935,"comment_status":"open","ping_status":"closed","sticky":false,"template":"","format":"standard","meta":{"_acf_changed":false,"footnotes":""},"categories":[35],"tags":[],"class_list":["post-2939","post","type-post","status-publish","format-standard","has-post-thumbnail","hentry","category-histories-mastorrencito"],"yoast_head":"<!-- This site is optimized with the Yoast SEO Premium plugin v27.3 (Yoast SEO v27.5) - https:\/\/yoast.com\/product\/yoast-seo-premium-wordpress\/ -->\n<title>El Carnisser de Vilademuls by MasTorrencito - Mas Torrencito CAT<\/title>\n<meta name=\"description\" content=\"Coberta la hist\u00f2ria o millor dit la llegenda que fa molts anys, hi haur\u00e0 pel 1714 houbo a MasTorrencito... El Carnisser de Vilademuls\" \/>\n<meta name=\"robots\" content=\"index, follow, max-snippet:-1, max-image-preview:large, max-video-preview:-1\" \/>\n<link rel=\"canonical\" href=\"https:\/\/mastorrencito.com\/cat\/el-carnisser-de-vilademuls-by-mastorrencito\/\" \/>\n<meta property=\"og:locale\" content=\"es_ES\" \/>\n<meta property=\"og:type\" content=\"article\" \/>\n<meta property=\"og:title\" content=\"El Carnisser de Vilademuls by MasTorrencito\" \/>\n<meta property=\"og:description\" content=\"Coberta la hist\u00f2ria o millor dit la llegenda que fa molts anys, hi haur\u00e0 pel 1714 houbo a MasTorrencito... El Carnisser de Vilademuls\" \/>\n<meta property=\"og:url\" content=\"https:\/\/mastorrencito.com\/cat\/el-carnisser-de-vilademuls-by-mastorrencito\/\" \/>\n<meta property=\"og:site_name\" content=\"Mas Torrencito CAT\" \/>\n<meta property=\"article:published_time\" content=\"2024-12-27T06:12:49+00:00\" \/>\n<meta property=\"og:image\" content=\"https:\/\/mastorrencito.com\/cat\/wp-content\/uploads\/sites\/3\/carnicero_1.jpg\" \/>\n\t<meta property=\"og:image:width\" content=\"1024\" \/>\n\t<meta property=\"og:image:height\" content=\"1024\" \/>\n\t<meta property=\"og:image:type\" content=\"image\/jpeg\" \/>\n<meta name=\"author\" content=\"Mastorrencito\" \/>\n<meta name=\"twitter:card\" content=\"summary_large_image\" \/>\n<meta name=\"twitter:label1\" content=\"Escrito por\" \/>\n\t<meta name=\"twitter:data1\" content=\"Mastorrencito\" \/>\n\t<meta name=\"twitter:label2\" content=\"Tiempo de lectura\" \/>\n\t<meta name=\"twitter:data2\" content=\"5 minutos\" \/>\n<script type=\"application\/ld+json\" class=\"yoast-schema-graph\">{\"@context\":\"https:\\\/\\\/schema.org\",\"@graph\":[{\"@type\":\"Article\",\"@id\":\"https:\\\/\\\/mastorrencito.com\\\/cat\\\/el-carnisser-de-vilademuls-by-mastorrencito\\\/#article\",\"isPartOf\":{\"@id\":\"https:\\\/\\\/mastorrencito.com\\\/cat\\\/el-carnisser-de-vilademuls-by-mastorrencito\\\/\"},\"author\":{\"name\":\"Mastorrencito\",\"@id\":\"https:\\\/\\\/mastorrencito.com\\\/#\\\/schema\\\/person\\\/18c619be80d4ae2667c702911625f790\"},\"headline\":\"El Carnisser de Vilademuls by MasTorrencito\",\"datePublished\":\"2024-12-27T06:12:49+00:00\",\"mainEntityOfPage\":{\"@id\":\"https:\\\/\\\/mastorrencito.com\\\/cat\\\/el-carnisser-de-vilademuls-by-mastorrencito\\\/\"},\"wordCount\":1045,\"commentCount\":0,\"publisher\":{\"@id\":\"https:\\\/\\\/mastorrencito.com\\\/#organization\"},\"image\":{\"@id\":\"https:\\\/\\\/mastorrencito.com\\\/cat\\\/el-carnisser-de-vilademuls-by-mastorrencito\\\/#primaryimage\"},\"thumbnailUrl\":\"https:\\\/\\\/mastorrencito.com\\\/cat\\\/wp-content\\\/uploads\\\/sites\\\/3\\\/carnicero_1.jpg\",\"articleSection\":[\"Hist\u00f2ries Mastorrencito\"],\"inLanguage\":\"es\",\"potentialAction\":[{\"@type\":\"CommentAction\",\"name\":\"Comment\",\"target\":[\"https:\\\/\\\/mastorrencito.com\\\/cat\\\/el-carnisser-de-vilademuls-by-mastorrencito\\\/#respond\"]}]},{\"@type\":\"WebPage\",\"@id\":\"https:\\\/\\\/mastorrencito.com\\\/cat\\\/el-carnisser-de-vilademuls-by-mastorrencito\\\/\",\"url\":\"https:\\\/\\\/mastorrencito.com\\\/cat\\\/el-carnisser-de-vilademuls-by-mastorrencito\\\/\",\"name\":\"El Carnisser de Vilademuls by MasTorrencito - Mas Torrencito CAT\",\"isPartOf\":{\"@id\":\"https:\\\/\\\/mastorrencito.com\\\/#website\"},\"primaryImageOfPage\":{\"@id\":\"https:\\\/\\\/mastorrencito.com\\\/cat\\\/el-carnisser-de-vilademuls-by-mastorrencito\\\/#primaryimage\"},\"image\":{\"@id\":\"https:\\\/\\\/mastorrencito.com\\\/cat\\\/el-carnisser-de-vilademuls-by-mastorrencito\\\/#primaryimage\"},\"thumbnailUrl\":\"https:\\\/\\\/mastorrencito.com\\\/cat\\\/wp-content\\\/uploads\\\/sites\\\/3\\\/carnicero_1.jpg\",\"datePublished\":\"2024-12-27T06:12:49+00:00\",\"description\":\"Coberta la hist\u00f2ria o millor dit la llegenda que fa molts anys, hi haur\u00e0 pel 1714 houbo a MasTorrencito... El Carnisser de Vilademuls\",\"breadcrumb\":{\"@id\":\"https:\\\/\\\/mastorrencito.com\\\/cat\\\/el-carnisser-de-vilademuls-by-mastorrencito\\\/#breadcrumb\"},\"inLanguage\":\"es\",\"potentialAction\":[{\"@type\":\"ReadAction\",\"target\":[\"https:\\\/\\\/mastorrencito.com\\\/cat\\\/el-carnisser-de-vilademuls-by-mastorrencito\\\/\"]}]},{\"@type\":\"ImageObject\",\"inLanguage\":\"es\",\"@id\":\"https:\\\/\\\/mastorrencito.com\\\/cat\\\/el-carnisser-de-vilademuls-by-mastorrencito\\\/#primaryimage\",\"url\":\"https:\\\/\\\/mastorrencito.com\\\/cat\\\/wp-content\\\/uploads\\\/sites\\\/3\\\/carnicero_1.jpg\",\"contentUrl\":\"https:\\\/\\\/mastorrencito.com\\\/cat\\\/wp-content\\\/uploads\\\/sites\\\/3\\\/carnicero_1.jpg\",\"width\":1024,\"height\":1024,\"caption\":\"el carnicero asesino by MasTorrencito\"},{\"@type\":\"BreadcrumbList\",\"@id\":\"https:\\\/\\\/mastorrencito.com\\\/cat\\\/el-carnisser-de-vilademuls-by-mastorrencito\\\/#breadcrumb\",\"itemListElement\":[{\"@type\":\"ListItem\",\"position\":1,\"name\":\"Portada\",\"item\":\"https:\\\/\\\/mastorrencito.com\\\/\"},{\"@type\":\"ListItem\",\"position\":2,\"name\":\"El Carnisser de Vilademuls by MasTorrencito\"}]},{\"@type\":\"WebSite\",\"@id\":\"https:\\\/\\\/mastorrencito.com\\\/#website\",\"url\":\"https:\\\/\\\/mastorrencito.com\\\/\",\"name\":\"Mas Torrencito CAT\",\"description\":\"Casa rural pet friendly en Girona\",\"publisher\":{\"@id\":\"https:\\\/\\\/mastorrencito.com\\\/#organization\"},\"potentialAction\":[{\"@type\":\"SearchAction\",\"target\":{\"@type\":\"EntryPoint\",\"urlTemplate\":\"https:\\\/\\\/mastorrencito.com\\\/?s={search_term_string}\"},\"query-input\":{\"@type\":\"PropertyValueSpecification\",\"valueRequired\":true,\"valueName\":\"search_term_string\"}}],\"inLanguage\":\"es\"},{\"@type\":\"Organization\",\"@id\":\"https:\\\/\\\/mastorrencito.com\\\/#organization\",\"name\":\"Mas Torrencito CAT\",\"url\":\"https:\\\/\\\/mastorrencito.com\\\/\",\"logo\":{\"@type\":\"ImageObject\",\"inLanguage\":\"es\",\"@id\":\"https:\\\/\\\/mastorrencito.com\\\/#\\\/schema\\\/logo\\\/image\\\/\",\"url\":\"https:\\\/\\\/mastorrencito.com\\\/cat\\\/wp-content\\\/uploads\\\/sites\\\/3\\\/Logo-Mastorrencito-horizontal.webp\",\"contentUrl\":\"https:\\\/\\\/mastorrencito.com\\\/cat\\\/wp-content\\\/uploads\\\/sites\\\/3\\\/Logo-Mastorrencito-horizontal.webp\",\"width\":161,\"height\":54,\"caption\":\"Mas Torrencito CAT\"},\"image\":{\"@id\":\"https:\\\/\\\/mastorrencito.com\\\/#\\\/schema\\\/logo\\\/image\\\/\"}},{\"@type\":\"Person\",\"@id\":\"https:\\\/\\\/mastorrencito.com\\\/#\\\/schema\\\/person\\\/18c619be80d4ae2667c702911625f790\",\"name\":\"Mastorrencito\",\"image\":{\"@type\":\"ImageObject\",\"inLanguage\":\"es\",\"@id\":\"https:\\\/\\\/secure.gravatar.com\\\/avatar\\\/3ef55e0519f987a734c21caee1423b51df7b760b7d81a38ecd31cab0a5115f6d?s=96&d=mm&r=g\",\"url\":\"https:\\\/\\\/secure.gravatar.com\\\/avatar\\\/3ef55e0519f987a734c21caee1423b51df7b760b7d81a38ecd31cab0a5115f6d?s=96&d=mm&r=g\",\"contentUrl\":\"https:\\\/\\\/secure.gravatar.com\\\/avatar\\\/3ef55e0519f987a734c21caee1423b51df7b760b7d81a38ecd31cab0a5115f6d?s=96&d=mm&r=g\",\"caption\":\"Mastorrencito\"},\"url\":\"https:\\\/\\\/mastorrencito.com\\\/cat\\\/author\\\/mastorrencito\\\/\"}]}<\/script>\n<!-- \/ Yoast SEO Premium plugin. -->","yoast_head_json":{"title":"El Carnisser de Vilademuls by MasTorrencito - Mas Torrencito CAT","description":"Coberta la hist\u00f2ria o millor dit la llegenda que fa molts anys, hi haur\u00e0 pel 1714 houbo a MasTorrencito... El Carnisser de Vilademuls","robots":{"index":"index","follow":"follow","max-snippet":"max-snippet:-1","max-image-preview":"max-image-preview:large","max-video-preview":"max-video-preview:-1"},"canonical":"https:\/\/mastorrencito.com\/cat\/el-carnisser-de-vilademuls-by-mastorrencito\/","og_locale":"es_ES","og_type":"article","og_title":"El Carnisser de Vilademuls by MasTorrencito","og_description":"Coberta la hist\u00f2ria o millor dit la llegenda que fa molts anys, hi haur\u00e0 pel 1714 houbo a MasTorrencito... El Carnisser de Vilademuls","og_url":"https:\/\/mastorrencito.com\/cat\/el-carnisser-de-vilademuls-by-mastorrencito\/","og_site_name":"Mas Torrencito CAT","article_published_time":"2024-12-27T06:12:49+00:00","og_image":[{"width":1024,"height":1024,"url":"https:\/\/mastorrencito.com\/cat\/wp-content\/uploads\/sites\/3\/carnicero_1.jpg","type":"image\/jpeg"}],"author":"Mastorrencito","twitter_card":"summary_large_image","twitter_misc":{"Escrito por":"Mastorrencito","Tiempo de lectura":"5 minutos"},"schema":{"@context":"https:\/\/schema.org","@graph":[{"@type":"Article","@id":"https:\/\/mastorrencito.com\/cat\/el-carnisser-de-vilademuls-by-mastorrencito\/#article","isPartOf":{"@id":"https:\/\/mastorrencito.com\/cat\/el-carnisser-de-vilademuls-by-mastorrencito\/"},"author":{"name":"Mastorrencito","@id":"https:\/\/mastorrencito.com\/#\/schema\/person\/18c619be80d4ae2667c702911625f790"},"headline":"El Carnisser de Vilademuls by MasTorrencito","datePublished":"2024-12-27T06:12:49+00:00","mainEntityOfPage":{"@id":"https:\/\/mastorrencito.com\/cat\/el-carnisser-de-vilademuls-by-mastorrencito\/"},"wordCount":1045,"commentCount":0,"publisher":{"@id":"https:\/\/mastorrencito.com\/#organization"},"image":{"@id":"https:\/\/mastorrencito.com\/cat\/el-carnisser-de-vilademuls-by-mastorrencito\/#primaryimage"},"thumbnailUrl":"https:\/\/mastorrencito.com\/cat\/wp-content\/uploads\/sites\/3\/carnicero_1.jpg","articleSection":["Hist\u00f2ries Mastorrencito"],"inLanguage":"es","potentialAction":[{"@type":"CommentAction","name":"Comment","target":["https:\/\/mastorrencito.com\/cat\/el-carnisser-de-vilademuls-by-mastorrencito\/#respond"]}]},{"@type":"WebPage","@id":"https:\/\/mastorrencito.com\/cat\/el-carnisser-de-vilademuls-by-mastorrencito\/","url":"https:\/\/mastorrencito.com\/cat\/el-carnisser-de-vilademuls-by-mastorrencito\/","name":"El Carnisser de Vilademuls by MasTorrencito - Mas Torrencito CAT","isPartOf":{"@id":"https:\/\/mastorrencito.com\/#website"},"primaryImageOfPage":{"@id":"https:\/\/mastorrencito.com\/cat\/el-carnisser-de-vilademuls-by-mastorrencito\/#primaryimage"},"image":{"@id":"https:\/\/mastorrencito.com\/cat\/el-carnisser-de-vilademuls-by-mastorrencito\/#primaryimage"},"thumbnailUrl":"https:\/\/mastorrencito.com\/cat\/wp-content\/uploads\/sites\/3\/carnicero_1.jpg","datePublished":"2024-12-27T06:12:49+00:00","description":"Coberta la hist\u00f2ria o millor dit la llegenda que fa molts anys, hi haur\u00e0 pel 1714 houbo a MasTorrencito... El Carnisser de Vilademuls","breadcrumb":{"@id":"https:\/\/mastorrencito.com\/cat\/el-carnisser-de-vilademuls-by-mastorrencito\/#breadcrumb"},"inLanguage":"es","potentialAction":[{"@type":"ReadAction","target":["https:\/\/mastorrencito.com\/cat\/el-carnisser-de-vilademuls-by-mastorrencito\/"]}]},{"@type":"ImageObject","inLanguage":"es","@id":"https:\/\/mastorrencito.com\/cat\/el-carnisser-de-vilademuls-by-mastorrencito\/#primaryimage","url":"https:\/\/mastorrencito.com\/cat\/wp-content\/uploads\/sites\/3\/carnicero_1.jpg","contentUrl":"https:\/\/mastorrencito.com\/cat\/wp-content\/uploads\/sites\/3\/carnicero_1.jpg","width":1024,"height":1024,"caption":"el carnicero asesino by MasTorrencito"},{"@type":"BreadcrumbList","@id":"https:\/\/mastorrencito.com\/cat\/el-carnisser-de-vilademuls-by-mastorrencito\/#breadcrumb","itemListElement":[{"@type":"ListItem","position":1,"name":"Portada","item":"https:\/\/mastorrencito.com\/"},{"@type":"ListItem","position":2,"name":"El Carnisser de Vilademuls by MasTorrencito"}]},{"@type":"WebSite","@id":"https:\/\/mastorrencito.com\/#website","url":"https:\/\/mastorrencito.com\/","name":"Mas Torrencito CAT","description":"Casa rural pet friendly en Girona","publisher":{"@id":"https:\/\/mastorrencito.com\/#organization"},"potentialAction":[{"@type":"SearchAction","target":{"@type":"EntryPoint","urlTemplate":"https:\/\/mastorrencito.com\/?s={search_term_string}"},"query-input":{"@type":"PropertyValueSpecification","valueRequired":true,"valueName":"search_term_string"}}],"inLanguage":"es"},{"@type":"Organization","@id":"https:\/\/mastorrencito.com\/#organization","name":"Mas Torrencito CAT","url":"https:\/\/mastorrencito.com\/","logo":{"@type":"ImageObject","inLanguage":"es","@id":"https:\/\/mastorrencito.com\/#\/schema\/logo\/image\/","url":"https:\/\/mastorrencito.com\/cat\/wp-content\/uploads\/sites\/3\/Logo-Mastorrencito-horizontal.webp","contentUrl":"https:\/\/mastorrencito.com\/cat\/wp-content\/uploads\/sites\/3\/Logo-Mastorrencito-horizontal.webp","width":161,"height":54,"caption":"Mas Torrencito CAT"},"image":{"@id":"https:\/\/mastorrencito.com\/#\/schema\/logo\/image\/"}},{"@type":"Person","@id":"https:\/\/mastorrencito.com\/#\/schema\/person\/18c619be80d4ae2667c702911625f790","name":"Mastorrencito","image":{"@type":"ImageObject","inLanguage":"es","@id":"https:\/\/secure.gravatar.com\/avatar\/3ef55e0519f987a734c21caee1423b51df7b760b7d81a38ecd31cab0a5115f6d?s=96&d=mm&r=g","url":"https:\/\/secure.gravatar.com\/avatar\/3ef55e0519f987a734c21caee1423b51df7b760b7d81a38ecd31cab0a5115f6d?s=96&d=mm&r=g","contentUrl":"https:\/\/secure.gravatar.com\/avatar\/3ef55e0519f987a734c21caee1423b51df7b760b7d81a38ecd31cab0a5115f6d?s=96&d=mm&r=g","caption":"Mastorrencito"},"url":"https:\/\/mastorrencito.com\/cat\/author\/mastorrencito\/"}]}},"acf":[],"_links":{"self":[{"href":"https:\/\/mastorrencito.com\/cat\/wp-json\/wp\/v2\/posts\/2939","targetHints":{"allow":["GET"]}}],"collection":[{"href":"https:\/\/mastorrencito.com\/cat\/wp-json\/wp\/v2\/posts"}],"about":[{"href":"https:\/\/mastorrencito.com\/cat\/wp-json\/wp\/v2\/types\/post"}],"author":[{"embeddable":true,"href":"https:\/\/mastorrencito.com\/cat\/wp-json\/wp\/v2\/users\/2"}],"replies":[{"embeddable":true,"href":"https:\/\/mastorrencito.com\/cat\/wp-json\/wp\/v2\/comments?post=2939"}],"version-history":[{"count":0,"href":"https:\/\/mastorrencito.com\/cat\/wp-json\/wp\/v2\/posts\/2939\/revisions"}],"wp:featuredmedia":[{"embeddable":true,"href":"https:\/\/mastorrencito.com\/cat\/wp-json\/wp\/v2\/media\/2935"}],"wp:attachment":[{"href":"https:\/\/mastorrencito.com\/cat\/wp-json\/wp\/v2\/media?parent=2939"}],"wp:term":[{"taxonomy":"category","embeddable":true,"href":"https:\/\/mastorrencito.com\/cat\/wp-json\/wp\/v2\/categories?post=2939"},{"taxonomy":"post_tag","embeddable":true,"href":"https:\/\/mastorrencito.com\/cat\/wp-json\/wp\/v2\/tags?post=2939"}],"curies":[{"name":"wp","href":"https:\/\/api.w.org\/{rel}","templated":true}]}}