{"id":2930,"date":"2024-12-27T05:00:06","date_gmt":"2024-12-27T05:00:06","guid":{"rendered":"https:\/\/casaruralconperrosgirona.com\/manuela-i-els-seus-contes-de-nadal-by-mastorrencito\/"},"modified":"2024-12-27T05:00:06","modified_gmt":"2024-12-27T05:00:06","slug":"manuela-i-els-seus-contes-de-nadal-by-mastorrencito","status":"publish","type":"post","link":"https:\/\/mastorrencito.com\/cat\/manuela-i-els-seus-contes-de-nadal-by-mastorrencito\/","title":{"rendered":"Manuela i els seus contes de Nadal by MasTorrencito"},"content":{"rendered":"\n<hr class=\"wp-block-separator has-alpha-channel-opacity\" \/>\n\n<h3 class=\"wp-block-heading\">En un rac\u00f3 m\u00e0gic de l&#8217;Empord\u00e0, envoltat d&#8217;oliveres i vinyes, hi ha Mas Torrencito, una llar \u00fanica on les mascotes s\u00f3n les veritables protagonistes i les persones s\u00f3n les convidades. Manuela i els seus contes de Nadal by MasTorrencito <\/h3>\n\n<p>Entre totes les hist\u00f2ries que van n\u00e9ixer en aquest lloc m\u00e0gic, n&#8217;hi ha una que mai no ha estat oblidada: la de <strong>Manuela<\/strong> , la gossa m\u00e9s estimada de Mas Torrencito, i el seu acte d&#8217;amor en un Nadal fred.<\/p>\n\n<hr class=\"wp-block-separator has-alpha-channel-opacity\" \/>\n\n<h4 class=\"wp-block-heading\"><strong>Un mat\u00ed fred i un dest\u00ed inesperat<\/strong> \u2744\ufe0f \ud83d\udc15<\/h4>\n\n<p>Diuen que tot va passar un g\u00e8lid desembre, dies abans de Nadal. Manuela, la gossa m\u00e9s s\u00e0via i estimada del poble, era una figura emblem\u00e0tica a Mas Torrencito. El seu hum\u00e0, Miguel, sempre en parlava amb orgull i afecte, ja que era molt m\u00e9s que una gossa: era la seva companya, la seva fam\u00edlia.  <\/p>\n\n<p>Aquell mat\u00ed, Manuela va sortir a passejar amb Miguel, com feien cada dia. L&#8217;aire gelat cobria els camps de gebre, i el sol amb prou feines despuntava. Per\u00f2 alguna cosa pel cam\u00ed semblava diferent. La Manuela, que sempre caminava tranquil\u00b7la, es va aturar en sec. Les seves orelles, gaireb\u00e9 sempre caigudes, es van al\u00e7ar de sobte, i els seus ulls van brillar amb una intensitat que Miquel mai no havia vist abans.    <\/p>\n\n<p>\u2014Qu\u00e8 passa, Manuela? \u2014va preguntar Miquel, estranyat. <\/p>\n\n<p>Manuela va tirar de la corretja, insistent, com si el mateix vent li xiuxiu\u00e9s alguna cosa que Miguel no podia sentir. Va tirar una vegada i una altra fins que Miguel, desconcertat, va decidir deixar-la guiar. Els seus passos els van portar als afores del poble, fins a un contenidor d&#8217;escombraries que semblava abandonat entre les oliveres.  <\/p>\n<figure class=\"wp-block-post-featured-image\"><img fetchpriority=\"high\" decoding=\"async\" width=\"1200\" height=\"1600\" src=\"https:\/\/mastorrencito.com\/cat\/wp-content\/uploads\/sites\/3\/Manuela6.jpg\" class=\"attachment-post-thumbnail size-post-thumbnail wp-post-image\" alt=\"Manuela y el respeto a los animales de mastorrencito\" style=\"object-fit:cover;\" srcset=\"https:\/\/mastorrencito.com\/cat\/wp-content\/uploads\/sites\/3\/Manuela6.jpg 1200w, https:\/\/mastorrencito.com\/cat\/wp-content\/uploads\/sites\/3\/Manuela6-225x300.jpg 225w, https:\/\/mastorrencito.com\/cat\/wp-content\/uploads\/sites\/3\/Manuela6-768x1024.jpg 768w, https:\/\/mastorrencito.com\/cat\/wp-content\/uploads\/sites\/3\/Manuela6-1152x1536.jpg 1152w\" sizes=\"(max-width: 1200px) 100vw, 1200px\" \/><\/figure>\n<hr class=\"wp-block-separator has-alpha-channel-opacity\" \/>\n\n<h4 class=\"wp-block-heading\"><strong>El descobriment sota el gebre<\/strong> \ud83d\udc3e \ud83c\udf7c<\/h4>\n\n<p>Manuela va comen\u00e7ar a bordar amb for\u00e7a davant del contenidor, rascant el terra amb les seves potes i gemegant com si el seu cor sab\u00e9s alguna cosa que Miguel encara no entenia. Amb certa por, Miguel va aixecar la tapa del contenidor. El que va veure a dins li va gla\u00e7ar l&#8217;\u00e0nima.  <\/p>\n\n<p>Entre caixes de cartr\u00f3 i restes de menjar, cinc petits cadells tot just nounats tremolaven de fred. Els seus cossos diminuts estaven estrets els uns contra els altres, i els seus gemecs eren tan febles que amb prou feines se sentien. <\/p>\n\n<p>\u2014D\u00e9u meu&#8230; Qui va poder fer una cosa aix\u00ed? \u2014murmur\u00e0 Miquel, amb la veu tremolosa. <\/p>\n\n<p>Manuela va pujar sobre les potes del darrere per mirar dins del contenidor. Va deixar escapar un gemec baix, gaireb\u00e9 maternal, i va llepar un dels petits cadells amb tendresa, com si volgu\u00e9s transmetre-li una mica de la seva calor. <\/p>\n\n<p>\u2014Tranquil\u00b7la, Manuela. Els salvarem \u2014va dir en Miquel, mentre envoltava els cadells en el seu abric i els portava corrent cap a <strong>Mas Torrencito<\/strong> . <\/p>\n\n<hr class=\"wp-block-separator has-alpha-channel-opacity\" \/>\n\n<h4 class=\"wp-block-heading\"><strong>Lluitant per sobreviure<\/strong> \ud83c\udfe1 \ud83d\udd25<\/h4>\n\n<p>Aquella nit, davant de la xemeneia de Mas Torrencito, els cadells van trobar la calor que tant necessitaven. Miguel va preparar mantes suaus i llet t\u00e8bia per alimentar-los, mentre Manuela no se&#8217;n separava ni un moment. Els llepava un a un, amb la cura d&#8217;una mare experimentada, i els empenyia suaument amb el musell perqu\u00e8 no deixessin de lluitar.  <\/p>\n\n<p>Van passar les hores, i encara que quatre dels cadells van comen\u00e7ar a reaccionar, un d&#8217;ells, el m\u00e9s petit, no ho va aconseguir. Era tan fr\u00e0gil que el fred havia estat massa per a ell. <\/p>\n\n<p>Miguel el va sostenir a les mans, amb ll\u00e0grimes als ulls.<\/p>\n\n<p>\u2014Em sap greu, petit\u2026 Arribem massa tard \u2014va xiuxiuejar, mentre la Manuela s&#8217;acostava per acomiadar-se amb un lleu gemec.<\/p>\n\n<p>Van enterrar el cadell sota la gran olivera de Mas Torrencito, un lloc on la llum del sol sempre semblava m\u00e9s c\u00e0lida. El van anomenar <strong>Estrella<\/strong> , perqu\u00e8 la seva petita vida, encara que breu, havia brillat amb intensitat. <\/p>\n\n<hr class=\"wp-block-separator has-alpha-channel-opacity\" \/>\n\n<h4 class=\"wp-block-heading\"><strong>Un final ple damor<\/strong> \u2728 \u2764\ufe0f<\/h4>\n\n<p>Els altres quatre cadells, per\u00f2, van sobreviure. Dia rere dia, Miguel i Manuela els van cuidar amb dedicaci\u00f3. Els seus gemecs es van convertir en lladrucs, i aviat van comen\u00e7ar a c\u00f3rrer i jugar per la casa, omplint cada rac\u00f3 d&#8217;alegria. Cadascun va trobar una llar plena d&#8217;amor, per\u00f2 mai van oblidar Manuela. Cada cop que tornaven a visitar Mas Torrencito, corrien directe cap a ella, com si sabessin que li devien la vida.    <\/p>\n\n<p>Amb els anys, Manuela es va convertir en una llegenda del poble. No era nom\u00e9s una gossa; era un s\u00edmbol d&#8217;amor i de valentia. Quan finalment va tancar els seus ulls per sempre, Miquel i tots els que la van con\u00e8ixer la van recordar amb ll\u00e0grimes i somriures.  <\/p>\n\n<p>Diuen que, a les nits d&#8217;hivern, si mires cap al cel des del pati de Mas Torrencito, pots veure una estrella que brilla una mica m\u00e9s que la resta. \u00c9s <strong>Estrella<\/strong> , cuidant des del cel a Manuela, i junts segueixen vigilant, buscant m\u00e9s vides que salvar. <\/p>\n\n<hr class=\"wp-block-separator has-alpha-channel-opacity\" \/>\n\n<h4 class=\"wp-block-heading\"><strong>La petjada de Manuela<\/strong> \ud83d\udc3e \u2728<\/h4>\n\n<p>A Mas Torrencito, cada rac\u00f3 t\u00e9 un trosset d&#8217;aquesta hist\u00f2ria. Avui, els hostes que arriben amb les seves mascotes escolten la llegenda de Manuela, la gossa que un cop va salvar cinc vides i va ensenyar al m\u00f3n qu\u00e8 significa l&#8217;amor incondicional. <\/p>\n\n<p>I aix\u00ed, el seu esperit continua viu, tot recordant-nos que, fins i tot en els moments m\u00e9s foscos, sempre hi ha llum i esperan\u00e7a.<\/p>\n\n<blockquote class=\"wp-block-quote is-layout-flow wp-block-quote-is-layout-flow\">\n<p>Des de MasTorrencito et desitgem un bon dia i que els teus gossos t&#8217;acompanyin!!!!<\/p>\n<\/blockquote>\n\n<p>\u2014\u2013<br \/> Si vols, pot veure els nostres <strong>bons per caps de setmana, bons jubilats<\/strong> , a un preu incre\u00efble..entra a <a href=\"https:\/\/www.mastorrencito.com\/\">www.mastorrencito.com<\/a> o si vols podeu llegir m\u00e9s hist\u00f2ria i an\u00e8cdotes que ens han passat a Mas Torrencito\u2026 Fes click <a href=\"https:\/\/mastorrencito.com\/es\/\">aqu\u00ed<\/a><\/p>\n","protected":false},"excerpt":{"rendered":"<p>En un rac\u00f3 m\u00e0gic de l&#8217;Empord\u00e0, envoltat d&#8217;oliveres i vinyes, hi ha Mas Torrencito, una llar \u00fanica on les mascotes s\u00f3n les veritables protagonistes i les persones s\u00f3n les convidades. Manuela i els seus contes de Nadal by MasTorrencito Entre totes les hist\u00f2ries que van n\u00e9ixer en aquest lloc m\u00e0gic, n&#8217;hi ha una que mai [&hellip;]<\/p>\n","protected":false},"author":2,"featured_media":2140,"comment_status":"open","ping_status":"closed","sticky":false,"template":"","format":"standard","meta":{"_acf_changed":false,"footnotes":""},"categories":[35],"tags":[],"class_list":["post-2930","post","type-post","status-publish","format-standard","has-post-thumbnail","hentry","category-histories-mastorrencito"],"yoast_head":"<!-- This site is optimized with the Yoast SEO Premium plugin v27.3 (Yoast SEO v27.5) - https:\/\/yoast.com\/product\/yoast-seo-premium-wordpress\/ -->\n<title>Manuela i els seus contes de Nadal by MasTorrencito - Mas Torrencito CAT<\/title>\n<meta name=\"description\" content=\"Els contes de Nadal de la nostra estimada Manuela... indispensables aquesta \u00e8poca de l&#039;any. Manuela i els seus contes de Nadal by MasTorrencito\" \/>\n<meta name=\"robots\" content=\"index, follow, max-snippet:-1, max-image-preview:large, max-video-preview:-1\" \/>\n<link rel=\"canonical\" href=\"https:\/\/mastorrencito.com\/cat\/manuela-i-els-seus-contes-de-nadal-by-mastorrencito\/\" \/>\n<meta property=\"og:locale\" content=\"es_ES\" \/>\n<meta property=\"og:type\" content=\"article\" \/>\n<meta property=\"og:title\" content=\"Manuela i els seus contes de Nadal by MasTorrencito\" \/>\n<meta property=\"og:description\" content=\"Els contes de Nadal de la nostra estimada Manuela... indispensables aquesta \u00e8poca de l&#039;any. Manuela i els seus contes de Nadal by MasTorrencito\" \/>\n<meta property=\"og:url\" content=\"https:\/\/mastorrencito.com\/cat\/manuela-i-els-seus-contes-de-nadal-by-mastorrencito\/\" \/>\n<meta property=\"og:site_name\" content=\"Mas Torrencito CAT\" \/>\n<meta property=\"article:published_time\" content=\"2024-12-27T05:00:06+00:00\" \/>\n<meta property=\"og:image\" content=\"https:\/\/mastorrencito.com\/cat\/wp-content\/uploads\/sites\/3\/Manuela6.jpg\" \/>\n\t<meta property=\"og:image:width\" content=\"1200\" \/>\n\t<meta property=\"og:image:height\" content=\"1600\" \/>\n\t<meta property=\"og:image:type\" content=\"image\/jpeg\" \/>\n<meta name=\"author\" content=\"Mastorrencito\" \/>\n<meta name=\"twitter:card\" content=\"summary_large_image\" \/>\n<meta name=\"twitter:label1\" content=\"Escrito por\" \/>\n\t<meta name=\"twitter:data1\" content=\"Mastorrencito\" \/>\n\t<meta name=\"twitter:label2\" content=\"Tiempo de lectura\" \/>\n\t<meta name=\"twitter:data2\" content=\"5 minutos\" \/>\n<script type=\"application\/ld+json\" class=\"yoast-schema-graph\">{\"@context\":\"https:\\\/\\\/schema.org\",\"@graph\":[{\"@type\":\"Article\",\"@id\":\"https:\\\/\\\/mastorrencito.com\\\/cat\\\/manuela-i-els-seus-contes-de-nadal-by-mastorrencito\\\/#article\",\"isPartOf\":{\"@id\":\"https:\\\/\\\/mastorrencito.com\\\/cat\\\/manuela-i-els-seus-contes-de-nadal-by-mastorrencito\\\/\"},\"author\":{\"name\":\"Mastorrencito\",\"@id\":\"https:\\\/\\\/mastorrencito.com\\\/#\\\/schema\\\/person\\\/18c619be80d4ae2667c702911625f790\"},\"headline\":\"Manuela i els seus contes de Nadal by MasTorrencito\",\"datePublished\":\"2024-12-27T05:00:06+00:00\",\"mainEntityOfPage\":{\"@id\":\"https:\\\/\\\/mastorrencito.com\\\/cat\\\/manuela-i-els-seus-contes-de-nadal-by-mastorrencito\\\/\"},\"wordCount\":987,\"commentCount\":0,\"publisher\":{\"@id\":\"https:\\\/\\\/mastorrencito.com\\\/#organization\"},\"image\":{\"@id\":\"https:\\\/\\\/mastorrencito.com\\\/cat\\\/manuela-i-els-seus-contes-de-nadal-by-mastorrencito\\\/#primaryimage\"},\"thumbnailUrl\":\"https:\\\/\\\/mastorrencito.com\\\/cat\\\/wp-content\\\/uploads\\\/sites\\\/3\\\/Manuela6.jpg\",\"articleSection\":[\"Hist\u00f2ries Mastorrencito\"],\"inLanguage\":\"es\",\"potentialAction\":[{\"@type\":\"CommentAction\",\"name\":\"Comment\",\"target\":[\"https:\\\/\\\/mastorrencito.com\\\/cat\\\/manuela-i-els-seus-contes-de-nadal-by-mastorrencito\\\/#respond\"]}]},{\"@type\":\"WebPage\",\"@id\":\"https:\\\/\\\/mastorrencito.com\\\/cat\\\/manuela-i-els-seus-contes-de-nadal-by-mastorrencito\\\/\",\"url\":\"https:\\\/\\\/mastorrencito.com\\\/cat\\\/manuela-i-els-seus-contes-de-nadal-by-mastorrencito\\\/\",\"name\":\"Manuela i els seus contes de Nadal by MasTorrencito - Mas Torrencito CAT\",\"isPartOf\":{\"@id\":\"https:\\\/\\\/mastorrencito.com\\\/#website\"},\"primaryImageOfPage\":{\"@id\":\"https:\\\/\\\/mastorrencito.com\\\/cat\\\/manuela-i-els-seus-contes-de-nadal-by-mastorrencito\\\/#primaryimage\"},\"image\":{\"@id\":\"https:\\\/\\\/mastorrencito.com\\\/cat\\\/manuela-i-els-seus-contes-de-nadal-by-mastorrencito\\\/#primaryimage\"},\"thumbnailUrl\":\"https:\\\/\\\/mastorrencito.com\\\/cat\\\/wp-content\\\/uploads\\\/sites\\\/3\\\/Manuela6.jpg\",\"datePublished\":\"2024-12-27T05:00:06+00:00\",\"description\":\"Els contes de Nadal de la nostra estimada Manuela... indispensables aquesta \u00e8poca de l'any. Manuela i els seus contes de Nadal by MasTorrencito\",\"breadcrumb\":{\"@id\":\"https:\\\/\\\/mastorrencito.com\\\/cat\\\/manuela-i-els-seus-contes-de-nadal-by-mastorrencito\\\/#breadcrumb\"},\"inLanguage\":\"es\",\"potentialAction\":[{\"@type\":\"ReadAction\",\"target\":[\"https:\\\/\\\/mastorrencito.com\\\/cat\\\/manuela-i-els-seus-contes-de-nadal-by-mastorrencito\\\/\"]}]},{\"@type\":\"ImageObject\",\"inLanguage\":\"es\",\"@id\":\"https:\\\/\\\/mastorrencito.com\\\/cat\\\/manuela-i-els-seus-contes-de-nadal-by-mastorrencito\\\/#primaryimage\",\"url\":\"https:\\\/\\\/mastorrencito.com\\\/cat\\\/wp-content\\\/uploads\\\/sites\\\/3\\\/Manuela6.jpg\",\"contentUrl\":\"https:\\\/\\\/mastorrencito.com\\\/cat\\\/wp-content\\\/uploads\\\/sites\\\/3\\\/Manuela6.jpg\",\"width\":1200,\"height\":1600,\"caption\":\"Manuela y el respeto a los animales de mastorrencito\"},{\"@type\":\"BreadcrumbList\",\"@id\":\"https:\\\/\\\/mastorrencito.com\\\/cat\\\/manuela-i-els-seus-contes-de-nadal-by-mastorrencito\\\/#breadcrumb\",\"itemListElement\":[{\"@type\":\"ListItem\",\"position\":1,\"name\":\"Portada\",\"item\":\"https:\\\/\\\/mastorrencito.com\\\/\"},{\"@type\":\"ListItem\",\"position\":2,\"name\":\"Manuela i els seus contes de Nadal by MasTorrencito\"}]},{\"@type\":\"WebSite\",\"@id\":\"https:\\\/\\\/mastorrencito.com\\\/#website\",\"url\":\"https:\\\/\\\/mastorrencito.com\\\/\",\"name\":\"Mas Torrencito CAT\",\"description\":\"Casa rural pet friendly en Girona\",\"publisher\":{\"@id\":\"https:\\\/\\\/mastorrencito.com\\\/#organization\"},\"potentialAction\":[{\"@type\":\"SearchAction\",\"target\":{\"@type\":\"EntryPoint\",\"urlTemplate\":\"https:\\\/\\\/mastorrencito.com\\\/?s={search_term_string}\"},\"query-input\":{\"@type\":\"PropertyValueSpecification\",\"valueRequired\":true,\"valueName\":\"search_term_string\"}}],\"inLanguage\":\"es\"},{\"@type\":\"Organization\",\"@id\":\"https:\\\/\\\/mastorrencito.com\\\/#organization\",\"name\":\"Mas Torrencito CAT\",\"url\":\"https:\\\/\\\/mastorrencito.com\\\/\",\"logo\":{\"@type\":\"ImageObject\",\"inLanguage\":\"es\",\"@id\":\"https:\\\/\\\/mastorrencito.com\\\/#\\\/schema\\\/logo\\\/image\\\/\",\"url\":\"https:\\\/\\\/mastorrencito.com\\\/cat\\\/wp-content\\\/uploads\\\/sites\\\/3\\\/Logo-Mastorrencito-horizontal.webp\",\"contentUrl\":\"https:\\\/\\\/mastorrencito.com\\\/cat\\\/wp-content\\\/uploads\\\/sites\\\/3\\\/Logo-Mastorrencito-horizontal.webp\",\"width\":161,\"height\":54,\"caption\":\"Mas Torrencito CAT\"},\"image\":{\"@id\":\"https:\\\/\\\/mastorrencito.com\\\/#\\\/schema\\\/logo\\\/image\\\/\"}},{\"@type\":\"Person\",\"@id\":\"https:\\\/\\\/mastorrencito.com\\\/#\\\/schema\\\/person\\\/18c619be80d4ae2667c702911625f790\",\"name\":\"Mastorrencito\",\"image\":{\"@type\":\"ImageObject\",\"inLanguage\":\"es\",\"@id\":\"https:\\\/\\\/secure.gravatar.com\\\/avatar\\\/3ef55e0519f987a734c21caee1423b51df7b760b7d81a38ecd31cab0a5115f6d?s=96&d=mm&r=g\",\"url\":\"https:\\\/\\\/secure.gravatar.com\\\/avatar\\\/3ef55e0519f987a734c21caee1423b51df7b760b7d81a38ecd31cab0a5115f6d?s=96&d=mm&r=g\",\"contentUrl\":\"https:\\\/\\\/secure.gravatar.com\\\/avatar\\\/3ef55e0519f987a734c21caee1423b51df7b760b7d81a38ecd31cab0a5115f6d?s=96&d=mm&r=g\",\"caption\":\"Mastorrencito\"},\"url\":\"https:\\\/\\\/mastorrencito.com\\\/cat\\\/author\\\/mastorrencito\\\/\"}]}<\/script>\n<!-- \/ Yoast SEO Premium plugin. -->","yoast_head_json":{"title":"Manuela i els seus contes de Nadal by MasTorrencito - Mas Torrencito CAT","description":"Els contes de Nadal de la nostra estimada Manuela... indispensables aquesta \u00e8poca de l'any. Manuela i els seus contes de Nadal by MasTorrencito","robots":{"index":"index","follow":"follow","max-snippet":"max-snippet:-1","max-image-preview":"max-image-preview:large","max-video-preview":"max-video-preview:-1"},"canonical":"https:\/\/mastorrencito.com\/cat\/manuela-i-els-seus-contes-de-nadal-by-mastorrencito\/","og_locale":"es_ES","og_type":"article","og_title":"Manuela i els seus contes de Nadal by MasTorrencito","og_description":"Els contes de Nadal de la nostra estimada Manuela... indispensables aquesta \u00e8poca de l'any. Manuela i els seus contes de Nadal by MasTorrencito","og_url":"https:\/\/mastorrencito.com\/cat\/manuela-i-els-seus-contes-de-nadal-by-mastorrencito\/","og_site_name":"Mas Torrencito CAT","article_published_time":"2024-12-27T05:00:06+00:00","og_image":[{"width":1200,"height":1600,"url":"https:\/\/mastorrencito.com\/cat\/wp-content\/uploads\/sites\/3\/Manuela6.jpg","type":"image\/jpeg"}],"author":"Mastorrencito","twitter_card":"summary_large_image","twitter_misc":{"Escrito por":"Mastorrencito","Tiempo de lectura":"5 minutos"},"schema":{"@context":"https:\/\/schema.org","@graph":[{"@type":"Article","@id":"https:\/\/mastorrencito.com\/cat\/manuela-i-els-seus-contes-de-nadal-by-mastorrencito\/#article","isPartOf":{"@id":"https:\/\/mastorrencito.com\/cat\/manuela-i-els-seus-contes-de-nadal-by-mastorrencito\/"},"author":{"name":"Mastorrencito","@id":"https:\/\/mastorrencito.com\/#\/schema\/person\/18c619be80d4ae2667c702911625f790"},"headline":"Manuela i els seus contes de Nadal by MasTorrencito","datePublished":"2024-12-27T05:00:06+00:00","mainEntityOfPage":{"@id":"https:\/\/mastorrencito.com\/cat\/manuela-i-els-seus-contes-de-nadal-by-mastorrencito\/"},"wordCount":987,"commentCount":0,"publisher":{"@id":"https:\/\/mastorrencito.com\/#organization"},"image":{"@id":"https:\/\/mastorrencito.com\/cat\/manuela-i-els-seus-contes-de-nadal-by-mastorrencito\/#primaryimage"},"thumbnailUrl":"https:\/\/mastorrencito.com\/cat\/wp-content\/uploads\/sites\/3\/Manuela6.jpg","articleSection":["Hist\u00f2ries Mastorrencito"],"inLanguage":"es","potentialAction":[{"@type":"CommentAction","name":"Comment","target":["https:\/\/mastorrencito.com\/cat\/manuela-i-els-seus-contes-de-nadal-by-mastorrencito\/#respond"]}]},{"@type":"WebPage","@id":"https:\/\/mastorrencito.com\/cat\/manuela-i-els-seus-contes-de-nadal-by-mastorrencito\/","url":"https:\/\/mastorrencito.com\/cat\/manuela-i-els-seus-contes-de-nadal-by-mastorrencito\/","name":"Manuela i els seus contes de Nadal by MasTorrencito - Mas Torrencito CAT","isPartOf":{"@id":"https:\/\/mastorrencito.com\/#website"},"primaryImageOfPage":{"@id":"https:\/\/mastorrencito.com\/cat\/manuela-i-els-seus-contes-de-nadal-by-mastorrencito\/#primaryimage"},"image":{"@id":"https:\/\/mastorrencito.com\/cat\/manuela-i-els-seus-contes-de-nadal-by-mastorrencito\/#primaryimage"},"thumbnailUrl":"https:\/\/mastorrencito.com\/cat\/wp-content\/uploads\/sites\/3\/Manuela6.jpg","datePublished":"2024-12-27T05:00:06+00:00","description":"Els contes de Nadal de la nostra estimada Manuela... indispensables aquesta \u00e8poca de l'any. Manuela i els seus contes de Nadal by MasTorrencito","breadcrumb":{"@id":"https:\/\/mastorrencito.com\/cat\/manuela-i-els-seus-contes-de-nadal-by-mastorrencito\/#breadcrumb"},"inLanguage":"es","potentialAction":[{"@type":"ReadAction","target":["https:\/\/mastorrencito.com\/cat\/manuela-i-els-seus-contes-de-nadal-by-mastorrencito\/"]}]},{"@type":"ImageObject","inLanguage":"es","@id":"https:\/\/mastorrencito.com\/cat\/manuela-i-els-seus-contes-de-nadal-by-mastorrencito\/#primaryimage","url":"https:\/\/mastorrencito.com\/cat\/wp-content\/uploads\/sites\/3\/Manuela6.jpg","contentUrl":"https:\/\/mastorrencito.com\/cat\/wp-content\/uploads\/sites\/3\/Manuela6.jpg","width":1200,"height":1600,"caption":"Manuela y el respeto a los animales de mastorrencito"},{"@type":"BreadcrumbList","@id":"https:\/\/mastorrencito.com\/cat\/manuela-i-els-seus-contes-de-nadal-by-mastorrencito\/#breadcrumb","itemListElement":[{"@type":"ListItem","position":1,"name":"Portada","item":"https:\/\/mastorrencito.com\/"},{"@type":"ListItem","position":2,"name":"Manuela i els seus contes de Nadal by MasTorrencito"}]},{"@type":"WebSite","@id":"https:\/\/mastorrencito.com\/#website","url":"https:\/\/mastorrencito.com\/","name":"Mas Torrencito CAT","description":"Casa rural pet friendly en Girona","publisher":{"@id":"https:\/\/mastorrencito.com\/#organization"},"potentialAction":[{"@type":"SearchAction","target":{"@type":"EntryPoint","urlTemplate":"https:\/\/mastorrencito.com\/?s={search_term_string}"},"query-input":{"@type":"PropertyValueSpecification","valueRequired":true,"valueName":"search_term_string"}}],"inLanguage":"es"},{"@type":"Organization","@id":"https:\/\/mastorrencito.com\/#organization","name":"Mas Torrencito CAT","url":"https:\/\/mastorrencito.com\/","logo":{"@type":"ImageObject","inLanguage":"es","@id":"https:\/\/mastorrencito.com\/#\/schema\/logo\/image\/","url":"https:\/\/mastorrencito.com\/cat\/wp-content\/uploads\/sites\/3\/Logo-Mastorrencito-horizontal.webp","contentUrl":"https:\/\/mastorrencito.com\/cat\/wp-content\/uploads\/sites\/3\/Logo-Mastorrencito-horizontal.webp","width":161,"height":54,"caption":"Mas Torrencito CAT"},"image":{"@id":"https:\/\/mastorrencito.com\/#\/schema\/logo\/image\/"}},{"@type":"Person","@id":"https:\/\/mastorrencito.com\/#\/schema\/person\/18c619be80d4ae2667c702911625f790","name":"Mastorrencito","image":{"@type":"ImageObject","inLanguage":"es","@id":"https:\/\/secure.gravatar.com\/avatar\/3ef55e0519f987a734c21caee1423b51df7b760b7d81a38ecd31cab0a5115f6d?s=96&d=mm&r=g","url":"https:\/\/secure.gravatar.com\/avatar\/3ef55e0519f987a734c21caee1423b51df7b760b7d81a38ecd31cab0a5115f6d?s=96&d=mm&r=g","contentUrl":"https:\/\/secure.gravatar.com\/avatar\/3ef55e0519f987a734c21caee1423b51df7b760b7d81a38ecd31cab0a5115f6d?s=96&d=mm&r=g","caption":"Mastorrencito"},"url":"https:\/\/mastorrencito.com\/cat\/author\/mastorrencito\/"}]}},"acf":[],"_links":{"self":[{"href":"https:\/\/mastorrencito.com\/cat\/wp-json\/wp\/v2\/posts\/2930","targetHints":{"allow":["GET"]}}],"collection":[{"href":"https:\/\/mastorrencito.com\/cat\/wp-json\/wp\/v2\/posts"}],"about":[{"href":"https:\/\/mastorrencito.com\/cat\/wp-json\/wp\/v2\/types\/post"}],"author":[{"embeddable":true,"href":"https:\/\/mastorrencito.com\/cat\/wp-json\/wp\/v2\/users\/2"}],"replies":[{"embeddable":true,"href":"https:\/\/mastorrencito.com\/cat\/wp-json\/wp\/v2\/comments?post=2930"}],"version-history":[{"count":0,"href":"https:\/\/mastorrencito.com\/cat\/wp-json\/wp\/v2\/posts\/2930\/revisions"}],"wp:featuredmedia":[{"embeddable":true,"href":"https:\/\/mastorrencito.com\/cat\/wp-json\/wp\/v2\/media\/2140"}],"wp:attachment":[{"href":"https:\/\/mastorrencito.com\/cat\/wp-json\/wp\/v2\/media?parent=2930"}],"wp:term":[{"taxonomy":"category","embeddable":true,"href":"https:\/\/mastorrencito.com\/cat\/wp-json\/wp\/v2\/categories?post=2930"},{"taxonomy":"post_tag","embeddable":true,"href":"https:\/\/mastorrencito.com\/cat\/wp-json\/wp\/v2\/tags?post=2930"}],"curies":[{"name":"wp","href":"https:\/\/api.w.org\/{rel}","templated":true}]}}