{"id":2925,"date":"2024-12-26T06:15:26","date_gmt":"2024-12-26T06:15:26","guid":{"rendered":"https:\/\/casaruralconperrosgirona.com\/lhoste-el-gosset-i-els-mals-esperits-de-mastorrencito\/"},"modified":"2024-12-26T06:15:26","modified_gmt":"2024-12-26T06:15:26","slug":"lhoste-el-gosset-i-els-mals-esperits-de-mastorrencito","status":"publish","type":"post","link":"https:\/\/mastorrencito.com\/cat\/lhoste-el-gosset-i-els-mals-esperits-de-mastorrencito\/","title":{"rendered":"L&#8217;hoste, el gosset i els mals esperits de MasTorrencito"},"content":{"rendered":"\n<hr class=\"wp-block-separator has-alpha-channel-opacity\" \/>\n\n<p>Treballar en turisme rural t\u00e9 les seves coses bones: el contacte amb la natura, el silenci\u2026 Per\u00f2 tamb\u00e9 hi ha <strong>la gent rara<\/strong> . L&#8217;hoste, el gosset i els mals esperits de MasTorrencito <\/p>\n\n<p>No, no gent curiosa o exc\u00e8ntrica, sin\u00f3 gent que directament sembla que ha sortit d&#8217;un altre pla astral. Com aquella noia que va venir l&#8217;altre dia amb el cellerer i un carregament de rareses. <\/p>\n\n<p>Ja sabia que la cosa no pintava b\u00e9 des dels whats inicials. Frases com: \u201cAccepteu gossets? Per\u00f2 \u00e9s que el meu t\u00e9 molta sensibilitat energ\u00e8tica\u2026\u201d o \u201cLes habitacions estan purificades? S\u00f3c una mica particular amb aix\u00f2\u201d ja m&#8217;havien donat una idea que aix\u00f2 seria <em>divertit<\/em> . I vaja si ho va ser.  <\/p>\n\n<p>Arriba. Ella, el gosset i una maleta que semblava que portava l&#8217;aixovar d&#8217;una reina. Abans de ni tan sols saludar, em deixa anar:  <\/p>\n<figure class=\"wp-block-post-featured-image\"><img fetchpriority=\"high\" decoding=\"async\" width=\"1792\" height=\"1024\" src=\"https:\/\/mastorrencito.com\/cat\/wp-content\/uploads\/sites\/3\/losespiritus.jpg\" class=\"attachment-post-thumbnail size-post-thumbnail wp-post-image\" alt=\"La hu\u00e9sped, el perrito y los malos esp\u00edritus de MasTorrencito\" style=\"object-fit:cover;\" srcset=\"https:\/\/mastorrencito.com\/cat\/wp-content\/uploads\/sites\/3\/losespiritus.jpg 1792w, https:\/\/mastorrencito.com\/cat\/wp-content\/uploads\/sites\/3\/losespiritus-300x171.jpg 300w, https:\/\/mastorrencito.com\/cat\/wp-content\/uploads\/sites\/3\/losespiritus-1024x585.jpg 1024w, https:\/\/mastorrencito.com\/cat\/wp-content\/uploads\/sites\/3\/losespiritus-768x439.jpg 768w, https:\/\/mastorrencito.com\/cat\/wp-content\/uploads\/sites\/3\/losespiritus-1536x878.jpg 1536w\" sizes=\"(max-width: 1792px) 100vw, 1792px\" \/><\/figure>\n<p>\u2014Ets tu?<br \/>\u2014Ei\u2026 s\u00ed, crec que s\u00ed. \u2014No sabia si respondre com un hum\u00e0 o imitar un gos, perqu\u00e8 el cellerer ja m&#8217;estava mesurant el panxell com si fos el proper dinar. <\/p>\n\n<p>Li ensenyo tres habitacions perqu\u00e8 esculli, pensant que seria r\u00e0pid. Ja! Entra a la primera, i es queda imm\u00f2bil al llindar.     <strong>\u00a1\u00a1 A OLISQUEJAR!<\/strong>  Com si busqu\u00e9s gas rad\u00f3 o la recepta secreta de la Coca-Cola.<\/p>\n\n<p>Entra i surt. Olfateja. Est\u00e9n les mans. Sospira. I jo all\u00e0, amb la cara de p\u00f2quer m\u00e9s intensa de la meva vida.    <\/p>\n\n<p>\u2014Escolta, sense pressa, eh? Tu tria i ja em dius. \u2014li dic amb un somriure que em feia mal mantenir.  <br \/>\u2014S\u00ed, s\u00ed, gr\u00e0cies. Aix\u00f2 \u00e9s important. <\/p>\n\n<p>Al cap de quinze minuts de rituals, em diu amb veu solemne:<br \/> \u2014L&#8217;habitaci\u00f3 5. Crec que s\u00f3n m\u00e9s tranquils.<br \/> \u2014Qui?<br \/> \u2014 <strong>Els mals esperits.<\/strong> <\/p>\n\n<p>Vaig haver de mossegar-me el llavi per no riure&#8217;m. Vaig assentir amb tota la serietat que vaig poder (el meu Oscar els ho dec a aquell moment), i me&#8217;n vaig anar a la cuina a explicar-ho a la Mireia. <\/p>\n\n<p>\u2014Una altra rara, Mireia. Una altra. <br \/>\u2014Una altra? De deb\u00f2? <br \/>\u2014Que diu que hi ha mals esperits. Ha deixat la finestra i la porta obertes perqu\u00e8 se&#8217;n vagin. <br \/>\u2014Doncs res, que els doni la bona nit tamb\u00e9.<\/p>\n\n<p>Seguim amb les nostres coses, fins que rebo un whatsapp. \u201cEm podries pujar una manta extra? \u00c9s que l?energia de l?habitaci\u00f3 m?ha deixat freda\u201d. Fregiu l&#8217;habitaci\u00f3, no s\u00e9 si pels esperits o per la finestra oberta amb dos graus a l&#8217;ambient.  <\/p>\n\n<p>Pujo amb la manta. Toco a la porta. El cellerer intenta menjar-me una altra vegada. Ella obre i veig el panorama: espelmes enceses per tot arreu, la finestra de bat a bat i la calefacci\u00f3 funcionant com si estigu\u00e9ssim a Sib\u00e8ria.   <\/p>\n\n<p>\u2014Tens la calefacci\u00f3 posada? \u2014li pregunto amb delicadesa. <br \/>\u2014\u00c9s clar.<br \/>\u2014I la finestra oberta?<br \/>\u2014Coses meves.<br \/>\u2014Tu, per\u00f2 pago jo? \u2014li espeto amb un somriure tens. <br \/>\u2014Com?<br \/>\u2014Que si deixes la finestra oberta, la calefacci\u00f3 no parar\u00e0 tota la nit.<br \/>\u2014B\u00e9, b\u00e9, quan s&#8217;airegi la tanca.<br \/>\u2014Perfecte. Perfecte. \u2014Dic, prement la manta com si fos un sac de boxa.  <\/p>\n\n<p>Baixo i ho explico a la Mireia.<\/p>\n\n<p>\u2014Mireia, ha enc\u00e8s la calefacci\u00f3 al m\u00e0xim, amb la finestra oberta.<br \/>\u2014Deixa-la. Si vol fer un ritual v\u00edking, \u00e9s el problema. <\/p>\n\n<p>Al cap d&#8217;una estona, la noia surt a passejar amb el gosset. Aprofito i pujo corrent a l&#8217;habitaci\u00f3. Obro la porta, i all\u00f2 semblava una nevera industrial.    <strong>Fred, espelmes, i la finestra oberta com si volgu\u00e9s invocar Jack l&#8217;Esbudellador.<\/strong>  Decideixo agafar el comandament de l&#8217;aire condicionat, no fos cas que a l&#8217;esperit de la calefacci\u00f3 decid\u00eds sumar el de l&#8217;aire polar.<\/p>\n\n<p>Quan torna, em veu i diu:<br \/> \u2014Ei\u2026 Has notat res a l&#8217;habitaci\u00f3?<br \/> \u2014Una cosa?<br \/> \u2014S\u00ed, alguna cosa\u2026 estranya.<br \/> \u2014Doncs s\u00ed. \u2014li dic\u2014 Molt fred. Ser\u00e0 l&#8217;esperit de l&#8217;hivern?  <\/p>\n\n<p>Ella somriu, conven\u00e7uda que la broma era de deb\u00f2. La Mireia i jo vam passar la resta de la nit rient-nos com a adolescents en un campament. I s\u00ed, l&#8217;endem\u00e0 al mat\u00ed, em va demanar encens per a la sala d&#8217;esmorzar. Per\u00f2 aix\u00f2 ja \u00e9s una altra hist\u00f2ria!   <\/p>\n\n<blockquote class=\"wp-block-quote is-layout-flow wp-block-quote-is-layout-flow\">\n<p>Des de MasTorrencito et desitgem un bon dia i que els teus gossos t&#8217;acompanyin!!!!<\/p>\n<\/blockquote>\n\n<p>\u2014\u2013<br \/> Si vols, pot veure els nostres <strong>bons per caps de setmana, bons jubilats<\/strong> , a un preu incre\u00efble..entra a <a href=\"https:\/\/www.mastorrencito.com\/\">www.mastorrencito.com<\/a> o si vols podeu llegir m\u00e9s hist\u00f2ria i an\u00e8cdotes que ens han passat a Mas Torrencito\u2026 Fes click <a href=\"https:\/\/mastorrencito.com\/\">aqu\u00ed<\/a><\/p>\n","protected":false},"excerpt":{"rendered":"<p>Treballar en turisme rural t\u00e9 les seves coses bones: el contacte amb la natura, el silenci\u2026 Per\u00f2 tamb\u00e9 hi ha la gent rara . L&#8217;hoste, el gosset i els mals esperits de MasTorrencito No, no gent curiosa o exc\u00e8ntrica, sin\u00f3 gent que directament sembla que ha sortit d&#8217;un altre pla astral. Com aquella noia que [&hellip;]<\/p>\n","protected":false},"author":2,"featured_media":2919,"comment_status":"open","ping_status":"closed","sticky":false,"template":"","format":"standard","meta":{"_acf_changed":false,"footnotes":""},"categories":[35],"tags":[],"class_list":["post-2925","post","type-post","status-publish","format-standard","has-post-thumbnail","hentry","category-histories-mastorrencito"],"yoast_head":"<!-- This site is optimized with the Yoast SEO Premium plugin v27.3 (Yoast SEO v27.5) - https:\/\/yoast.com\/product\/yoast-seo-premium-wordpress\/ -->\n<title>L&#039;hoste, el gosset i els mals esperits de MasTorrencito - Mas Torrencito CAT<\/title>\n<meta name=\"description\" content=\"I \u00e9s que en aquest m\u00f3n sempre hi ha anecdotes per explicar, L&#039;hoste, el gosset i els mals esperits de MasTorrencito\" \/>\n<meta name=\"robots\" content=\"index, follow, max-snippet:-1, max-image-preview:large, max-video-preview:-1\" \/>\n<link rel=\"canonical\" href=\"https:\/\/mastorrencito.com\/cat\/lhoste-el-gosset-i-els-mals-esperits-de-mastorrencito\/\" \/>\n<meta property=\"og:locale\" content=\"es_ES\" \/>\n<meta property=\"og:type\" content=\"article\" \/>\n<meta property=\"og:title\" content=\"L&#039;hoste, el gosset i els mals esperits de MasTorrencito\" \/>\n<meta property=\"og:description\" content=\"I \u00e9s que en aquest m\u00f3n sempre hi ha anecdotes per explicar, L&#039;hoste, el gosset i els mals esperits de MasTorrencito\" \/>\n<meta property=\"og:url\" content=\"https:\/\/mastorrencito.com\/cat\/lhoste-el-gosset-i-els-mals-esperits-de-mastorrencito\/\" \/>\n<meta property=\"og:site_name\" content=\"Mas Torrencito CAT\" \/>\n<meta property=\"article:published_time\" content=\"2024-12-26T06:15:26+00:00\" \/>\n<meta property=\"og:image\" content=\"https:\/\/mastorrencito.com\/cat\/wp-content\/uploads\/sites\/3\/losespiritus.jpg\" \/>\n\t<meta property=\"og:image:width\" content=\"1792\" \/>\n\t<meta property=\"og:image:height\" content=\"1024\" \/>\n\t<meta property=\"og:image:type\" content=\"image\/jpeg\" \/>\n<meta name=\"author\" content=\"Mastorrencito\" \/>\n<meta name=\"twitter:card\" content=\"summary_large_image\" \/>\n<meta name=\"twitter:label1\" content=\"Escrito por\" \/>\n\t<meta name=\"twitter:data1\" content=\"Mastorrencito\" \/>\n\t<meta name=\"twitter:label2\" content=\"Tiempo de lectura\" \/>\n\t<meta name=\"twitter:data2\" content=\"4 minutos\" \/>\n<script type=\"application\/ld+json\" class=\"yoast-schema-graph\">{\"@context\":\"https:\\\/\\\/schema.org\",\"@graph\":[{\"@type\":\"Article\",\"@id\":\"https:\\\/\\\/mastorrencito.com\\\/cat\\\/lhoste-el-gosset-i-els-mals-esperits-de-mastorrencito\\\/#article\",\"isPartOf\":{\"@id\":\"https:\\\/\\\/mastorrencito.com\\\/cat\\\/lhoste-el-gosset-i-els-mals-esperits-de-mastorrencito\\\/\"},\"author\":{\"name\":\"Mastorrencito\",\"@id\":\"https:\\\/\\\/mastorrencito.com\\\/#\\\/schema\\\/person\\\/18c619be80d4ae2667c702911625f790\"},\"headline\":\"L&#8217;hoste, el gosset i els mals esperits de MasTorrencito\",\"datePublished\":\"2024-12-26T06:15:26+00:00\",\"mainEntityOfPage\":{\"@id\":\"https:\\\/\\\/mastorrencito.com\\\/cat\\\/lhoste-el-gosset-i-els-mals-esperits-de-mastorrencito\\\/\"},\"wordCount\":778,\"commentCount\":0,\"publisher\":{\"@id\":\"https:\\\/\\\/mastorrencito.com\\\/#organization\"},\"image\":{\"@id\":\"https:\\\/\\\/mastorrencito.com\\\/cat\\\/lhoste-el-gosset-i-els-mals-esperits-de-mastorrencito\\\/#primaryimage\"},\"thumbnailUrl\":\"https:\\\/\\\/mastorrencito.com\\\/cat\\\/wp-content\\\/uploads\\\/sites\\\/3\\\/losespiritus.jpg\",\"articleSection\":[\"Hist\u00f2ries Mastorrencito\"],\"inLanguage\":\"es\",\"potentialAction\":[{\"@type\":\"CommentAction\",\"name\":\"Comment\",\"target\":[\"https:\\\/\\\/mastorrencito.com\\\/cat\\\/lhoste-el-gosset-i-els-mals-esperits-de-mastorrencito\\\/#respond\"]}]},{\"@type\":\"WebPage\",\"@id\":\"https:\\\/\\\/mastorrencito.com\\\/cat\\\/lhoste-el-gosset-i-els-mals-esperits-de-mastorrencito\\\/\",\"url\":\"https:\\\/\\\/mastorrencito.com\\\/cat\\\/lhoste-el-gosset-i-els-mals-esperits-de-mastorrencito\\\/\",\"name\":\"L'hoste, el gosset i els mals esperits de MasTorrencito - Mas Torrencito CAT\",\"isPartOf\":{\"@id\":\"https:\\\/\\\/mastorrencito.com\\\/#website\"},\"primaryImageOfPage\":{\"@id\":\"https:\\\/\\\/mastorrencito.com\\\/cat\\\/lhoste-el-gosset-i-els-mals-esperits-de-mastorrencito\\\/#primaryimage\"},\"image\":{\"@id\":\"https:\\\/\\\/mastorrencito.com\\\/cat\\\/lhoste-el-gosset-i-els-mals-esperits-de-mastorrencito\\\/#primaryimage\"},\"thumbnailUrl\":\"https:\\\/\\\/mastorrencito.com\\\/cat\\\/wp-content\\\/uploads\\\/sites\\\/3\\\/losespiritus.jpg\",\"datePublished\":\"2024-12-26T06:15:26+00:00\",\"description\":\"I \u00e9s que en aquest m\u00f3n sempre hi ha anecdotes per explicar, L'hoste, el gosset i els mals esperits de MasTorrencito\",\"breadcrumb\":{\"@id\":\"https:\\\/\\\/mastorrencito.com\\\/cat\\\/lhoste-el-gosset-i-els-mals-esperits-de-mastorrencito\\\/#breadcrumb\"},\"inLanguage\":\"es\",\"potentialAction\":[{\"@type\":\"ReadAction\",\"target\":[\"https:\\\/\\\/mastorrencito.com\\\/cat\\\/lhoste-el-gosset-i-els-mals-esperits-de-mastorrencito\\\/\"]}]},{\"@type\":\"ImageObject\",\"inLanguage\":\"es\",\"@id\":\"https:\\\/\\\/mastorrencito.com\\\/cat\\\/lhoste-el-gosset-i-els-mals-esperits-de-mastorrencito\\\/#primaryimage\",\"url\":\"https:\\\/\\\/mastorrencito.com\\\/cat\\\/wp-content\\\/uploads\\\/sites\\\/3\\\/losespiritus.jpg\",\"contentUrl\":\"https:\\\/\\\/mastorrencito.com\\\/cat\\\/wp-content\\\/uploads\\\/sites\\\/3\\\/losespiritus.jpg\",\"width\":1792,\"height\":1024,\"caption\":\"La hu\u00e9sped, el perrito y los malos esp\u00edritus de MasTorrencito\"},{\"@type\":\"BreadcrumbList\",\"@id\":\"https:\\\/\\\/mastorrencito.com\\\/cat\\\/lhoste-el-gosset-i-els-mals-esperits-de-mastorrencito\\\/#breadcrumb\",\"itemListElement\":[{\"@type\":\"ListItem\",\"position\":1,\"name\":\"Portada\",\"item\":\"https:\\\/\\\/mastorrencito.com\\\/\"},{\"@type\":\"ListItem\",\"position\":2,\"name\":\"L&#8217;hoste, el gosset i els mals esperits de MasTorrencito\"}]},{\"@type\":\"WebSite\",\"@id\":\"https:\\\/\\\/mastorrencito.com\\\/#website\",\"url\":\"https:\\\/\\\/mastorrencito.com\\\/\",\"name\":\"Mas Torrencito CAT\",\"description\":\"Casa rural pet friendly en Girona\",\"publisher\":{\"@id\":\"https:\\\/\\\/mastorrencito.com\\\/#organization\"},\"potentialAction\":[{\"@type\":\"SearchAction\",\"target\":{\"@type\":\"EntryPoint\",\"urlTemplate\":\"https:\\\/\\\/mastorrencito.com\\\/?s={search_term_string}\"},\"query-input\":{\"@type\":\"PropertyValueSpecification\",\"valueRequired\":true,\"valueName\":\"search_term_string\"}}],\"inLanguage\":\"es\"},{\"@type\":\"Organization\",\"@id\":\"https:\\\/\\\/mastorrencito.com\\\/#organization\",\"name\":\"Mas Torrencito CAT\",\"url\":\"https:\\\/\\\/mastorrencito.com\\\/\",\"logo\":{\"@type\":\"ImageObject\",\"inLanguage\":\"es\",\"@id\":\"https:\\\/\\\/mastorrencito.com\\\/#\\\/schema\\\/logo\\\/image\\\/\",\"url\":\"https:\\\/\\\/mastorrencito.com\\\/cat\\\/wp-content\\\/uploads\\\/sites\\\/3\\\/Logo-Mastorrencito-horizontal.webp\",\"contentUrl\":\"https:\\\/\\\/mastorrencito.com\\\/cat\\\/wp-content\\\/uploads\\\/sites\\\/3\\\/Logo-Mastorrencito-horizontal.webp\",\"width\":161,\"height\":54,\"caption\":\"Mas Torrencito CAT\"},\"image\":{\"@id\":\"https:\\\/\\\/mastorrencito.com\\\/#\\\/schema\\\/logo\\\/image\\\/\"}},{\"@type\":\"Person\",\"@id\":\"https:\\\/\\\/mastorrencito.com\\\/#\\\/schema\\\/person\\\/18c619be80d4ae2667c702911625f790\",\"name\":\"Mastorrencito\",\"image\":{\"@type\":\"ImageObject\",\"inLanguage\":\"es\",\"@id\":\"https:\\\/\\\/secure.gravatar.com\\\/avatar\\\/3ef55e0519f987a734c21caee1423b51df7b760b7d81a38ecd31cab0a5115f6d?s=96&d=mm&r=g\",\"url\":\"https:\\\/\\\/secure.gravatar.com\\\/avatar\\\/3ef55e0519f987a734c21caee1423b51df7b760b7d81a38ecd31cab0a5115f6d?s=96&d=mm&r=g\",\"contentUrl\":\"https:\\\/\\\/secure.gravatar.com\\\/avatar\\\/3ef55e0519f987a734c21caee1423b51df7b760b7d81a38ecd31cab0a5115f6d?s=96&d=mm&r=g\",\"caption\":\"Mastorrencito\"},\"url\":\"https:\\\/\\\/mastorrencito.com\\\/cat\\\/author\\\/mastorrencito\\\/\"}]}<\/script>\n<!-- \/ Yoast SEO Premium plugin. -->","yoast_head_json":{"title":"L'hoste, el gosset i els mals esperits de MasTorrencito - Mas Torrencito CAT","description":"I \u00e9s que en aquest m\u00f3n sempre hi ha anecdotes per explicar, L'hoste, el gosset i els mals esperits de MasTorrencito","robots":{"index":"index","follow":"follow","max-snippet":"max-snippet:-1","max-image-preview":"max-image-preview:large","max-video-preview":"max-video-preview:-1"},"canonical":"https:\/\/mastorrencito.com\/cat\/lhoste-el-gosset-i-els-mals-esperits-de-mastorrencito\/","og_locale":"es_ES","og_type":"article","og_title":"L'hoste, el gosset i els mals esperits de MasTorrencito","og_description":"I \u00e9s que en aquest m\u00f3n sempre hi ha anecdotes per explicar, L'hoste, el gosset i els mals esperits de MasTorrencito","og_url":"https:\/\/mastorrencito.com\/cat\/lhoste-el-gosset-i-els-mals-esperits-de-mastorrencito\/","og_site_name":"Mas Torrencito CAT","article_published_time":"2024-12-26T06:15:26+00:00","og_image":[{"width":1792,"height":1024,"url":"https:\/\/mastorrencito.com\/cat\/wp-content\/uploads\/sites\/3\/losespiritus.jpg","type":"image\/jpeg"}],"author":"Mastorrencito","twitter_card":"summary_large_image","twitter_misc":{"Escrito por":"Mastorrencito","Tiempo de lectura":"4 minutos"},"schema":{"@context":"https:\/\/schema.org","@graph":[{"@type":"Article","@id":"https:\/\/mastorrencito.com\/cat\/lhoste-el-gosset-i-els-mals-esperits-de-mastorrencito\/#article","isPartOf":{"@id":"https:\/\/mastorrencito.com\/cat\/lhoste-el-gosset-i-els-mals-esperits-de-mastorrencito\/"},"author":{"name":"Mastorrencito","@id":"https:\/\/mastorrencito.com\/#\/schema\/person\/18c619be80d4ae2667c702911625f790"},"headline":"L&#8217;hoste, el gosset i els mals esperits de MasTorrencito","datePublished":"2024-12-26T06:15:26+00:00","mainEntityOfPage":{"@id":"https:\/\/mastorrencito.com\/cat\/lhoste-el-gosset-i-els-mals-esperits-de-mastorrencito\/"},"wordCount":778,"commentCount":0,"publisher":{"@id":"https:\/\/mastorrencito.com\/#organization"},"image":{"@id":"https:\/\/mastorrencito.com\/cat\/lhoste-el-gosset-i-els-mals-esperits-de-mastorrencito\/#primaryimage"},"thumbnailUrl":"https:\/\/mastorrencito.com\/cat\/wp-content\/uploads\/sites\/3\/losespiritus.jpg","articleSection":["Hist\u00f2ries Mastorrencito"],"inLanguage":"es","potentialAction":[{"@type":"CommentAction","name":"Comment","target":["https:\/\/mastorrencito.com\/cat\/lhoste-el-gosset-i-els-mals-esperits-de-mastorrencito\/#respond"]}]},{"@type":"WebPage","@id":"https:\/\/mastorrencito.com\/cat\/lhoste-el-gosset-i-els-mals-esperits-de-mastorrencito\/","url":"https:\/\/mastorrencito.com\/cat\/lhoste-el-gosset-i-els-mals-esperits-de-mastorrencito\/","name":"L'hoste, el gosset i els mals esperits de MasTorrencito - Mas Torrencito CAT","isPartOf":{"@id":"https:\/\/mastorrencito.com\/#website"},"primaryImageOfPage":{"@id":"https:\/\/mastorrencito.com\/cat\/lhoste-el-gosset-i-els-mals-esperits-de-mastorrencito\/#primaryimage"},"image":{"@id":"https:\/\/mastorrencito.com\/cat\/lhoste-el-gosset-i-els-mals-esperits-de-mastorrencito\/#primaryimage"},"thumbnailUrl":"https:\/\/mastorrencito.com\/cat\/wp-content\/uploads\/sites\/3\/losespiritus.jpg","datePublished":"2024-12-26T06:15:26+00:00","description":"I \u00e9s que en aquest m\u00f3n sempre hi ha anecdotes per explicar, L'hoste, el gosset i els mals esperits de MasTorrencito","breadcrumb":{"@id":"https:\/\/mastorrencito.com\/cat\/lhoste-el-gosset-i-els-mals-esperits-de-mastorrencito\/#breadcrumb"},"inLanguage":"es","potentialAction":[{"@type":"ReadAction","target":["https:\/\/mastorrencito.com\/cat\/lhoste-el-gosset-i-els-mals-esperits-de-mastorrencito\/"]}]},{"@type":"ImageObject","inLanguage":"es","@id":"https:\/\/mastorrencito.com\/cat\/lhoste-el-gosset-i-els-mals-esperits-de-mastorrencito\/#primaryimage","url":"https:\/\/mastorrencito.com\/cat\/wp-content\/uploads\/sites\/3\/losespiritus.jpg","contentUrl":"https:\/\/mastorrencito.com\/cat\/wp-content\/uploads\/sites\/3\/losespiritus.jpg","width":1792,"height":1024,"caption":"La hu\u00e9sped, el perrito y los malos esp\u00edritus de MasTorrencito"},{"@type":"BreadcrumbList","@id":"https:\/\/mastorrencito.com\/cat\/lhoste-el-gosset-i-els-mals-esperits-de-mastorrencito\/#breadcrumb","itemListElement":[{"@type":"ListItem","position":1,"name":"Portada","item":"https:\/\/mastorrencito.com\/"},{"@type":"ListItem","position":2,"name":"L&#8217;hoste, el gosset i els mals esperits de MasTorrencito"}]},{"@type":"WebSite","@id":"https:\/\/mastorrencito.com\/#website","url":"https:\/\/mastorrencito.com\/","name":"Mas Torrencito CAT","description":"Casa rural pet friendly en Girona","publisher":{"@id":"https:\/\/mastorrencito.com\/#organization"},"potentialAction":[{"@type":"SearchAction","target":{"@type":"EntryPoint","urlTemplate":"https:\/\/mastorrencito.com\/?s={search_term_string}"},"query-input":{"@type":"PropertyValueSpecification","valueRequired":true,"valueName":"search_term_string"}}],"inLanguage":"es"},{"@type":"Organization","@id":"https:\/\/mastorrencito.com\/#organization","name":"Mas Torrencito CAT","url":"https:\/\/mastorrencito.com\/","logo":{"@type":"ImageObject","inLanguage":"es","@id":"https:\/\/mastorrencito.com\/#\/schema\/logo\/image\/","url":"https:\/\/mastorrencito.com\/cat\/wp-content\/uploads\/sites\/3\/Logo-Mastorrencito-horizontal.webp","contentUrl":"https:\/\/mastorrencito.com\/cat\/wp-content\/uploads\/sites\/3\/Logo-Mastorrencito-horizontal.webp","width":161,"height":54,"caption":"Mas Torrencito CAT"},"image":{"@id":"https:\/\/mastorrencito.com\/#\/schema\/logo\/image\/"}},{"@type":"Person","@id":"https:\/\/mastorrencito.com\/#\/schema\/person\/18c619be80d4ae2667c702911625f790","name":"Mastorrencito","image":{"@type":"ImageObject","inLanguage":"es","@id":"https:\/\/secure.gravatar.com\/avatar\/3ef55e0519f987a734c21caee1423b51df7b760b7d81a38ecd31cab0a5115f6d?s=96&d=mm&r=g","url":"https:\/\/secure.gravatar.com\/avatar\/3ef55e0519f987a734c21caee1423b51df7b760b7d81a38ecd31cab0a5115f6d?s=96&d=mm&r=g","contentUrl":"https:\/\/secure.gravatar.com\/avatar\/3ef55e0519f987a734c21caee1423b51df7b760b7d81a38ecd31cab0a5115f6d?s=96&d=mm&r=g","caption":"Mastorrencito"},"url":"https:\/\/mastorrencito.com\/cat\/author\/mastorrencito\/"}]}},"acf":[],"_links":{"self":[{"href":"https:\/\/mastorrencito.com\/cat\/wp-json\/wp\/v2\/posts\/2925","targetHints":{"allow":["GET"]}}],"collection":[{"href":"https:\/\/mastorrencito.com\/cat\/wp-json\/wp\/v2\/posts"}],"about":[{"href":"https:\/\/mastorrencito.com\/cat\/wp-json\/wp\/v2\/types\/post"}],"author":[{"embeddable":true,"href":"https:\/\/mastorrencito.com\/cat\/wp-json\/wp\/v2\/users\/2"}],"replies":[{"embeddable":true,"href":"https:\/\/mastorrencito.com\/cat\/wp-json\/wp\/v2\/comments?post=2925"}],"version-history":[{"count":0,"href":"https:\/\/mastorrencito.com\/cat\/wp-json\/wp\/v2\/posts\/2925\/revisions"}],"wp:featuredmedia":[{"embeddable":true,"href":"https:\/\/mastorrencito.com\/cat\/wp-json\/wp\/v2\/media\/2919"}],"wp:attachment":[{"href":"https:\/\/mastorrencito.com\/cat\/wp-json\/wp\/v2\/media?parent=2925"}],"wp:term":[{"taxonomy":"category","embeddable":true,"href":"https:\/\/mastorrencito.com\/cat\/wp-json\/wp\/v2\/categories?post=2925"},{"taxonomy":"post_tag","embeddable":true,"href":"https:\/\/mastorrencito.com\/cat\/wp-json\/wp\/v2\/tags?post=2925"}],"curies":[{"name":"wp","href":"https:\/\/api.w.org\/{rel}","templated":true}]}}